{"id":54311,"date":"2022-03-18T01:44:09","date_gmt":"2022-03-18T01:44:09","guid":{"rendered":"https:\/\/elregionalvm.com.ar\/noticias-villa-maria\/?p=54311"},"modified":"2022-03-21T00:35:54","modified_gmt":"2022-03-21T00:35:54","slug":"la-columna-de-rita-giordano-sanando-nuestra-historia","status":"publish","type":"post","link":"https:\/\/elregionalvm.com.ar\/noticias-villa-maria\/la-columna-de-rita-giordano-sanando-nuestra-historia\/","title":{"rendered":"[La Columna de Rita Giordano] Sanando nuestra historia"},"content":{"rendered":"\n<p><\/p>\n\n\n\n<p><strong>Escribe: Rita Giordano (*)<\/strong><\/p>\n\n\n\n<p>No hay sanaci\u00f3n posible sin hacer las paces con la historia personal, con esa savia que atraviesa silenciosamente cada tejido vital de la personalidad.<\/p>\n\n\n\n<p>En nuestro interior sigue latiendo el coraz\u00f3n de los ancestros elegidos para regalarnos el don de la existencia. Seres fallados, limitados, humanos al fin\u2026<\/p>\n\n\n\n<p>Por momentos, se nos filtra la tentaci\u00f3n de culpar a los padres, a la infancia, a los mandatos aprendidos, a las lealtades invisibles, a las carencias econ\u00f3micas, afectivas, culturales.<\/p>\n\n\n\n<p><\/p>\n\n\n\n<figure class=\"wp-block-image size-full\"><img data-recalc-dims=\"1\" fetchpriority=\"high\" decoding=\"async\" width=\"1000\" height=\"631\" src=\"https:\/\/i0.wp.com\/elregionalvm.com.ar\/noticias-villa-maria\/wp-content\/uploads\/2022\/03\/SANAR-HERIDAS-EN-LA-FAMILIA.jpg?resize=1000%2C631&#038;ssl=1\" alt=\"\" class=\"wp-image-54316\" srcset=\"https:\/\/i0.wp.com\/elregionalvm.com.ar\/noticias-villa-maria\/wp-content\/uploads\/2022\/03\/SANAR-HERIDAS-EN-LA-FAMILIA.jpg?w=1000&amp;ssl=1 1000w, https:\/\/i0.wp.com\/elregionalvm.com.ar\/noticias-villa-maria\/wp-content\/uploads\/2022\/03\/SANAR-HERIDAS-EN-LA-FAMILIA.jpg?resize=300%2C189&amp;ssl=1 300w, https:\/\/i0.wp.com\/elregionalvm.com.ar\/noticias-villa-maria\/wp-content\/uploads\/2022\/03\/SANAR-HERIDAS-EN-LA-FAMILIA.jpg?resize=768%2C485&amp;ssl=1 768w\" sizes=\"(max-width: 1000px) 100vw, 1000px\" \/><\/figure>\n\n\n\n<p><\/p>\n\n\n\n<p>Nos asalta la idea de que esa madeja de nuestra historia gener\u00f3 el amasijo de sinsabores que se nos cruzaron a lo largo del camino.<\/p>\n\n\n\n<p>\u201cMi sufrimiento proviene de la infancia\u201d. \u201cLos mandatos familiares me anularon\u201d. \u201cSoy as\u00ed por culpa de mis padres\u201d.<\/p>\n\n\n\n<p><\/p>\n\n\n\n<figure class=\"wp-block-embed is-type-wp-embed is-provider-el-regional wp-block-embed-el-regional\"><div class=\"wp-block-embed__wrapper\">\n<blockquote class=\"wp-embedded-content\" data-secret=\"V9mBl7VXtF\"><a href=\"https:\/\/elregionalvm.com.ar\/noticias-villa-maria\/la-columna-de-rita-giordano-las-mujeres-autoestimadas\/\">[La Columna de Rita Giordano] Las mujeres autoestimadas<\/a><\/blockquote><iframe class=\"wp-embedded-content\" sandbox=\"allow-scripts\" security=\"restricted\" style=\"position: absolute; clip: rect(1px, 1px, 1px, 1px);\" title=\"\u00ab[La Columna de Rita Giordano] Las mujeres autoestimadas\u00bb \u2014 El Regional\" src=\"https:\/\/elregionalvm.com.ar\/noticias-villa-maria\/la-columna-de-rita-giordano-las-mujeres-autoestimadas\/embed\/#?secret=jqIchcBSBP#?secret=V9mBl7VXtF\" data-secret=\"V9mBl7VXtF\" width=\"500\" height=\"282\" frameborder=\"0\" marginwidth=\"0\" marginheight=\"0\" scrolling=\"no\"><\/iframe>\n<\/div><\/figure>\n\n\n\n<p><\/p>\n\n\n\n<p><strong>Llega un momento en que tenemos la tarea de \u00a1Hacernos cargo!<\/strong><\/p>\n\n\n\n<p>Lo que pas\u00f3, pas\u00f3 y ocurri\u00f3 en el justo tiempo y lugar, con las personas indicadas. Los antepasados vinieron a dejarnos el aprendizaje que necesit\u00e1bamos para ser quienes somos.<\/p>\n\n\n\n<p>La pregunta es: \u00bfqu\u00e9 elegimos hacer con la historia vivida?<\/p>\n\n\n\n<p><\/p>\n\n\n\n<h4 class=\"wp-block-heading\"><strong>Invitaci\u00f3n<\/strong><\/h4>\n\n\n\n<p>Este viernes 18 de marzo desde las 19.30 horas, Rita Giordano ofrecer\u00e1 la conferencia titulada \u201cInspirarnos para emprender cambios\u201d.<\/p>\n\n\n\n<p>La disertaci\u00f3n ser\u00e1 en el Centro Cultural Leonardo Favio, en el marco del mes de la mujer.<\/p>\n\n\n\n<p>La entrada es libre y gratuita.<\/p>\n\n\n\n<p><\/p>\n\n\n\n<p><\/p>\n\n\n\n<figure class=\"wp-block-image size-large\"><img data-recalc-dims=\"1\" decoding=\"async\" width=\"1024\" height=\"1024\" src=\"https:\/\/i0.wp.com\/elregionalvm.com.ar\/noticias-villa-maria\/wp-content\/uploads\/2022\/03\/276069444_972394736730506_1803424182602590218_n.jpg?resize=1024%2C1024&#038;ssl=1\" alt=\"\" class=\"wp-image-54313\" srcset=\"https:\/\/i0.wp.com\/elregionalvm.com.ar\/noticias-villa-maria\/wp-content\/uploads\/2022\/03\/276069444_972394736730506_1803424182602590218_n.jpg?resize=1024%2C1024&amp;ssl=1 1024w, https:\/\/i0.wp.com\/elregionalvm.com.ar\/noticias-villa-maria\/wp-content\/uploads\/2022\/03\/276069444_972394736730506_1803424182602590218_n.jpg?resize=300%2C300&amp;ssl=1 300w, https:\/\/i0.wp.com\/elregionalvm.com.ar\/noticias-villa-maria\/wp-content\/uploads\/2022\/03\/276069444_972394736730506_1803424182602590218_n.jpg?resize=768%2C769&amp;ssl=1 768w, https:\/\/i0.wp.com\/elregionalvm.com.ar\/noticias-villa-maria\/wp-content\/uploads\/2022\/03\/276069444_972394736730506_1803424182602590218_n.jpg?w=1080&amp;ssl=1 1080w\" sizes=\"(max-width: 1000px) 100vw, 1000px\" \/><\/figure>\n\n\n\n<p><strong>(*) Psic\u00f3loga<\/strong><\/p>\n","protected":false},"excerpt":{"rendered":"<p>Escribe: Rita Giordano (*) No hay sanaci\u00f3n posible sin hacer las paces con la historia personal, con esa savia que atraviesa silenciosamente cada tejido vital de la personalidad. En nuestro interior sigue latiendo el coraz\u00f3n de los ancestros elegidos para regalarnos el don de la existencia. Seres fallados, limitados, humanos al fin\u2026 Por momentos, se [&hellip;]<\/p>\n","protected":false},"author":4,"featured_media":54315,"comment_status":"open","ping_status":"open","sticky":false,"template":"","format":"standard","meta":{"site-sidebar-layout":"default","site-content-layout":"","ast-site-content-layout":"default","site-content-style":"default","site-sidebar-style":"default","ast-global-header-display":"","ast-banner-title-visibility":"","ast-main-header-display":"","ast-hfb-above-header-display":"","ast-hfb-below-header-display":"","ast-hfb-mobile-header-display":"","site-post-title":"","ast-breadcrumbs-content":"","ast-featured-img":"","footer-sml-layout":"","ast-disable-related-posts":"","theme-transparent-header-meta":"","adv-header-id-meta":"","stick-header-meta":"","header-above-stick-meta":"","header-main-stick-meta":"","header-below-stick-meta":"","astra-migrate-meta-layouts":"default","ast-page-background-enabled":"default","ast-page-background-meta":{"desktop":{"background-color":"","background-image":"","background-repeat":"repeat","background-position":"center center","background-size":"auto","background-attachment":"scroll","background-type":"","background-media":"","overlay-type":"","overlay-color":"","overlay-opacity":"","overlay-gradient":""},"tablet":{"background-color":"","background-image":"","background-repeat":"repeat","background-position":"center center","background-size":"auto","background-attachment":"scroll","background-type":"","background-media":"","overlay-type":"","overlay-color":"","overlay-opacity":"","overlay-gradient":""},"mobile":{"background-color":"","background-image":"","background-repeat":"repeat","background-position":"center center","background-size":"auto","background-attachment":"scroll","background-type":"","background-media":"","overlay-type":"","overlay-color":"","overlay-opacity":"","overlay-gradient":""}},"ast-content-background-meta":{"desktop":{"background-color":"var(--ast-global-color-5)","background-image":"","background-repeat":"repeat","background-position":"center center","background-size":"auto","background-attachment":"scroll","background-type":"","background-media":"","overlay-type":"","overlay-color":"","overlay-opacity":"","overlay-gradient":""},"tablet":{"background-color":"var(--ast-global-color-5)","background-image":"","background-repeat":"repeat","background-position":"center center","background-size":"auto","background-attachment":"scroll","background-type":"","background-media":"","overlay-type":"","overlay-color":"","overlay-opacity":"","overlay-gradient":""},"mobile":{"background-color":"var(--ast-global-color-5)","background-image":"","background-repeat":"repeat","background-position":"center center","background-size":"auto","background-attachment":"scroll","background-type":"","background-media":"","overlay-type":"","overlay-color":"","overlay-opacity":"","overlay-gradient":""}},"_jetpack_memberships_contains_paid_content":false,"_joinchat":[],"footnotes":""},"categories":[365,3557],"tags":[14340,8281,5347,1346,6306,14177,14339],"class_list":["post-54311","post","type-post","status-publish","format-standard","has-post-thumbnail","hentry","category-opinion","category-tercera","tag-hacernos-cargo","tag-historia-de-vida","tag-infancia","tag-psicologia","tag-reflexiones","tag-rita-giordano","tag-sanacion"],"yoast_head":"<!-- This site is optimized with the Yoast SEO plugin v26.8 - https:\/\/yoast.com\/product\/yoast-seo-wordpress\/ -->\n<title>[La Columna de Rita Giordano] Sanando nuestra historia - El Regional<\/title>\n<meta name=\"description\" content=\"No hay sanaci\u00f3n posible sin hacer las paces con la historia personal, con esa savia que atraviesa cada tejido vital de la personalidad.\" \/>\n<meta name=\"robots\" content=\"index, follow, max-snippet:-1, max-image-preview:large, max-video-preview:-1\" \/>\n<link rel=\"canonical\" href=\"http:\/\/elregionalvm.com.ar\/noticias-villa-maria\/la-columna-de-rita-giordano-sanando-nuestra-historia\/\" \/>\n<meta property=\"og:locale\" content=\"es_ES\" \/>\n<meta property=\"og:type\" content=\"article\" \/>\n<meta property=\"og:title\" content=\"[La Columna de Rita Giordano] Sanando nuestra historia - El Regional\" \/>\n<meta property=\"og:description\" content=\"No hay sanaci\u00f3n posible sin hacer las paces con la historia personal, con esa savia que atraviesa cada tejido vital de la personalidad.\" \/>\n<meta property=\"og:url\" content=\"http:\/\/elregionalvm.com.ar\/noticias-villa-maria\/la-columna-de-rita-giordano-sanando-nuestra-historia\/\" \/>\n<meta property=\"og:site_name\" content=\"El Regional\" \/>\n<meta property=\"article:publisher\" content=\"https:\/\/www.facebook.com\/elregionalvm\" \/>\n<meta property=\"article:published_time\" content=\"2022-03-18T01:44:09+00:00\" \/>\n<meta property=\"article:modified_time\" content=\"2022-03-21T00:35:54+00:00\" \/>\n<meta property=\"og:image\" content=\"http:\/\/elregionalvm.com.ar\/noticias-villa-maria\/wp-content\/uploads\/2022\/03\/Sanando-al-Nino-Interior.jpg\" \/>\n\t<meta property=\"og:image:width\" content=\"1170\" \/>\n\t<meta property=\"og:image:height\" content=\"780\" \/>\n\t<meta property=\"og:image:type\" content=\"image\/jpeg\" \/>\n<meta name=\"author\" content=\"Contenidos El Regional\" \/>\n<meta name=\"twitter:card\" content=\"summary_large_image\" \/>\n<meta name=\"twitter:creator\" content=\"@elregionalvm1\" \/>\n<meta name=\"twitter:site\" content=\"@elregionalvm1\" \/>\n<meta name=\"twitter:label1\" content=\"Escrito por\" \/>\n\t<meta name=\"twitter:data1\" content=\"Contenidos El Regional\" \/>\n\t<meta name=\"twitter:label2\" content=\"Tiempo de lectura\" \/>\n\t<meta name=\"twitter:data2\" content=\"1 minuto\" \/>\n<script type=\"application\/ld+json\" class=\"yoast-schema-graph\">{\"@context\":\"https:\/\/schema.org\",\"@graph\":[{\"@type\":\"Article\",\"@id\":\"http:\/\/elregionalvm.com.ar\/noticias-villa-maria\/la-columna-de-rita-giordano-sanando-nuestra-historia\/#article\",\"isPartOf\":{\"@id\":\"http:\/\/elregionalvm.com.ar\/noticias-villa-maria\/la-columna-de-rita-giordano-sanando-nuestra-historia\/\"},\"author\":{\"name\":\"Contenidos El Regional\",\"@id\":\"http:\/\/elregionalvm.com.ar\/noticias-villa-maria\/#\/schema\/person\/a0fb9c422317faca23d50163151bc354\"},\"headline\":\"[La Columna de Rita Giordano] Sanando nuestra historia\",\"datePublished\":\"2022-03-18T01:44:09+00:00\",\"dateModified\":\"2022-03-21T00:35:54+00:00\",\"mainEntityOfPage\":{\"@id\":\"http:\/\/elregionalvm.com.ar\/noticias-villa-maria\/la-columna-de-rita-giordano-sanando-nuestra-historia\/\"},\"wordCount\":237,\"commentCount\":0,\"image\":{\"@id\":\"http:\/\/elregionalvm.com.ar\/noticias-villa-maria\/la-columna-de-rita-giordano-sanando-nuestra-historia\/#primaryimage\"},\"thumbnailUrl\":\"https:\/\/i0.wp.com\/elregionalvm.com.ar\/noticias-villa-maria\/wp-content\/uploads\/2022\/03\/Sanando-al-Nino-Interior.jpg?fit=1170%2C780&ssl=1\",\"keywords\":[\"hacernos cargo\",\"Historia de vida\",\"Infancia\",\"Psicolog\u00eda\",\"reflexiones\",\"Rita Giordano\",\"sanaci\u00f3n\"],\"articleSection\":[\"Opini\u00f3n\",\"tercera\"],\"inLanguage\":\"es\",\"potentialAction\":[{\"@type\":\"CommentAction\",\"name\":\"Comment\",\"target\":[\"http:\/\/elregionalvm.com.ar\/noticias-villa-maria\/la-columna-de-rita-giordano-sanando-nuestra-historia\/#respond\"]}]},{\"@type\":\"WebPage\",\"@id\":\"http:\/\/elregionalvm.com.ar\/noticias-villa-maria\/la-columna-de-rita-giordano-sanando-nuestra-historia\/\",\"url\":\"http:\/\/elregionalvm.com.ar\/noticias-villa-maria\/la-columna-de-rita-giordano-sanando-nuestra-historia\/\",\"name\":\"[La Columna de Rita Giordano] Sanando nuestra historia - El Regional\",\"isPartOf\":{\"@id\":\"http:\/\/elregionalvm.com.ar\/noticias-villa-maria\/#website\"},\"primaryImageOfPage\":{\"@id\":\"http:\/\/elregionalvm.com.ar\/noticias-villa-maria\/la-columna-de-rita-giordano-sanando-nuestra-historia\/#primaryimage\"},\"image\":{\"@id\":\"http:\/\/elregionalvm.com.ar\/noticias-villa-maria\/la-columna-de-rita-giordano-sanando-nuestra-historia\/#primaryimage\"},\"thumbnailUrl\":\"https:\/\/i0.wp.com\/elregionalvm.com.ar\/noticias-villa-maria\/wp-content\/uploads\/2022\/03\/Sanando-al-Nino-Interior.jpg?fit=1170%2C780&ssl=1\",\"datePublished\":\"2022-03-18T01:44:09+00:00\",\"dateModified\":\"2022-03-21T00:35:54+00:00\",\"author\":{\"@id\":\"http:\/\/elregionalvm.com.ar\/noticias-villa-maria\/#\/schema\/person\/a0fb9c422317faca23d50163151bc354\"},\"description\":\"No hay sanaci\u00f3n posible sin hacer las paces con la historia personal, con esa savia que atraviesa cada tejido vital de la personalidad.\",\"breadcrumb\":{\"@id\":\"http:\/\/elregionalvm.com.ar\/noticias-villa-maria\/la-columna-de-rita-giordano-sanando-nuestra-historia\/#breadcrumb\"},\"inLanguage\":\"es\",\"potentialAction\":[{\"@type\":\"ReadAction\",\"target\":[\"http:\/\/elregionalvm.com.ar\/noticias-villa-maria\/la-columna-de-rita-giordano-sanando-nuestra-historia\/\"]}]},{\"@type\":\"ImageObject\",\"inLanguage\":\"es\",\"@id\":\"http:\/\/elregionalvm.com.ar\/noticias-villa-maria\/la-columna-de-rita-giordano-sanando-nuestra-historia\/#primaryimage\",\"url\":\"https:\/\/i0.wp.com\/elregionalvm.com.ar\/noticias-villa-maria\/wp-content\/uploads\/2022\/03\/Sanando-al-Nino-Interior.jpg?fit=1170%2C780&ssl=1\",\"contentUrl\":\"https:\/\/i0.wp.com\/elregionalvm.com.ar\/noticias-villa-maria\/wp-content\/uploads\/2022\/03\/Sanando-al-Nino-Interior.jpg?fit=1170%2C780&ssl=1\",\"width\":1170,\"height\":780},{\"@type\":\"BreadcrumbList\",\"@id\":\"http:\/\/elregionalvm.com.ar\/noticias-villa-maria\/la-columna-de-rita-giordano-sanando-nuestra-historia\/#breadcrumb\",\"itemListElement\":[{\"@type\":\"ListItem\",\"position\":1,\"name\":\"Portada\",\"item\":\"https:\/\/elregionalvm.com.ar\/noticias-villa-maria\/\"},{\"@type\":\"ListItem\",\"position\":2,\"name\":\"[La Columna de Rita Giordano] Sanando nuestra historia\"}]},{\"@type\":\"WebSite\",\"@id\":\"http:\/\/elregionalvm.com.ar\/noticias-villa-maria\/#website\",\"url\":\"http:\/\/elregionalvm.com.ar\/noticias-villa-maria\/\",\"name\":\"El Regional\",\"description\":\"Mucho m\u00e1s que informaci\u00f3n\",\"potentialAction\":[{\"@type\":\"SearchAction\",\"target\":{\"@type\":\"EntryPoint\",\"urlTemplate\":\"http:\/\/elregionalvm.com.ar\/noticias-villa-maria\/?s={search_term_string}\"},\"query-input\":{\"@type\":\"PropertyValueSpecification\",\"valueRequired\":true,\"valueName\":\"search_term_string\"}}],\"inLanguage\":\"es\"},{\"@type\":\"Person\",\"@id\":\"http:\/\/elregionalvm.com.ar\/noticias-villa-maria\/#\/schema\/person\/a0fb9c422317faca23d50163151bc354\",\"name\":\"Contenidos El Regional\",\"image\":{\"@type\":\"ImageObject\",\"inLanguage\":\"es\",\"@id\":\"http:\/\/elregionalvm.com.ar\/noticias-villa-maria\/#\/schema\/person\/image\/\",\"url\":\"https:\/\/secure.gravatar.com\/avatar\/265b27cb2209af7bb3a1318f03305787d7981a5cc6e6cd08fe5a4ecdf99d4b48?s=96&d=mm&r=g\",\"contentUrl\":\"https:\/\/secure.gravatar.com\/avatar\/265b27cb2209af7bb3a1318f03305787d7981a5cc6e6cd08fe5a4ecdf99d4b48?s=96&d=mm&r=g\",\"caption\":\"Contenidos El Regional\"},\"url\":\"https:\/\/elregionalvm.com.ar\/noticias-villa-maria\/author\/contenido\/\"}]}<\/script>\n<!-- \/ Yoast SEO plugin. -->","yoast_head_json":{"title":"[La Columna de Rita Giordano] Sanando nuestra historia - El Regional","description":"No hay sanaci\u00f3n posible sin hacer las paces con la historia personal, con esa savia que atraviesa cada tejido vital de la personalidad.","robots":{"index":"index","follow":"follow","max-snippet":"max-snippet:-1","max-image-preview":"max-image-preview:large","max-video-preview":"max-video-preview:-1"},"canonical":"http:\/\/elregionalvm.com.ar\/noticias-villa-maria\/la-columna-de-rita-giordano-sanando-nuestra-historia\/","og_locale":"es_ES","og_type":"article","og_title":"[La Columna de Rita Giordano] Sanando nuestra historia - El Regional","og_description":"No hay sanaci\u00f3n posible sin hacer las paces con la historia personal, con esa savia que atraviesa cada tejido vital de la personalidad.","og_url":"http:\/\/elregionalvm.com.ar\/noticias-villa-maria\/la-columna-de-rita-giordano-sanando-nuestra-historia\/","og_site_name":"El Regional","article_publisher":"https:\/\/www.facebook.com\/elregionalvm","article_published_time":"2022-03-18T01:44:09+00:00","article_modified_time":"2022-03-21T00:35:54+00:00","og_image":[{"width":1170,"height":780,"url":"http:\/\/elregionalvm.com.ar\/noticias-villa-maria\/wp-content\/uploads\/2022\/03\/Sanando-al-Nino-Interior.jpg","type":"image\/jpeg"}],"author":"Contenidos El Regional","twitter_card":"summary_large_image","twitter_creator":"@elregionalvm1","twitter_site":"@elregionalvm1","twitter_misc":{"Escrito por":"Contenidos El Regional","Tiempo de lectura":"1 minuto"},"schema":{"@context":"https:\/\/schema.org","@graph":[{"@type":"Article","@id":"http:\/\/elregionalvm.com.ar\/noticias-villa-maria\/la-columna-de-rita-giordano-sanando-nuestra-historia\/#article","isPartOf":{"@id":"http:\/\/elregionalvm.com.ar\/noticias-villa-maria\/la-columna-de-rita-giordano-sanando-nuestra-historia\/"},"author":{"name":"Contenidos El Regional","@id":"http:\/\/elregionalvm.com.ar\/noticias-villa-maria\/#\/schema\/person\/a0fb9c422317faca23d50163151bc354"},"headline":"[La Columna de Rita Giordano] Sanando nuestra historia","datePublished":"2022-03-18T01:44:09+00:00","dateModified":"2022-03-21T00:35:54+00:00","mainEntityOfPage":{"@id":"http:\/\/elregionalvm.com.ar\/noticias-villa-maria\/la-columna-de-rita-giordano-sanando-nuestra-historia\/"},"wordCount":237,"commentCount":0,"image":{"@id":"http:\/\/elregionalvm.com.ar\/noticias-villa-maria\/la-columna-de-rita-giordano-sanando-nuestra-historia\/#primaryimage"},"thumbnailUrl":"https:\/\/i0.wp.com\/elregionalvm.com.ar\/noticias-villa-maria\/wp-content\/uploads\/2022\/03\/Sanando-al-Nino-Interior.jpg?fit=1170%2C780&ssl=1","keywords":["hacernos cargo","Historia de vida","Infancia","Psicolog\u00eda","reflexiones","Rita Giordano","sanaci\u00f3n"],"articleSection":["Opini\u00f3n","tercera"],"inLanguage":"es","potentialAction":[{"@type":"CommentAction","name":"Comment","target":["http:\/\/elregionalvm.com.ar\/noticias-villa-maria\/la-columna-de-rita-giordano-sanando-nuestra-historia\/#respond"]}]},{"@type":"WebPage","@id":"http:\/\/elregionalvm.com.ar\/noticias-villa-maria\/la-columna-de-rita-giordano-sanando-nuestra-historia\/","url":"http:\/\/elregionalvm.com.ar\/noticias-villa-maria\/la-columna-de-rita-giordano-sanando-nuestra-historia\/","name":"[La Columna de Rita Giordano] Sanando nuestra historia - El Regional","isPartOf":{"@id":"http:\/\/elregionalvm.com.ar\/noticias-villa-maria\/#website"},"primaryImageOfPage":{"@id":"http:\/\/elregionalvm.com.ar\/noticias-villa-maria\/la-columna-de-rita-giordano-sanando-nuestra-historia\/#primaryimage"},"image":{"@id":"http:\/\/elregionalvm.com.ar\/noticias-villa-maria\/la-columna-de-rita-giordano-sanando-nuestra-historia\/#primaryimage"},"thumbnailUrl":"https:\/\/i0.wp.com\/elregionalvm.com.ar\/noticias-villa-maria\/wp-content\/uploads\/2022\/03\/Sanando-al-Nino-Interior.jpg?fit=1170%2C780&ssl=1","datePublished":"2022-03-18T01:44:09+00:00","dateModified":"2022-03-21T00:35:54+00:00","author":{"@id":"http:\/\/elregionalvm.com.ar\/noticias-villa-maria\/#\/schema\/person\/a0fb9c422317faca23d50163151bc354"},"description":"No hay sanaci\u00f3n posible sin hacer las paces con la historia personal, con esa savia que atraviesa cada tejido vital de la personalidad.","breadcrumb":{"@id":"http:\/\/elregionalvm.com.ar\/noticias-villa-maria\/la-columna-de-rita-giordano-sanando-nuestra-historia\/#breadcrumb"},"inLanguage":"es","potentialAction":[{"@type":"ReadAction","target":["http:\/\/elregionalvm.com.ar\/noticias-villa-maria\/la-columna-de-rita-giordano-sanando-nuestra-historia\/"]}]},{"@type":"ImageObject","inLanguage":"es","@id":"http:\/\/elregionalvm.com.ar\/noticias-villa-maria\/la-columna-de-rita-giordano-sanando-nuestra-historia\/#primaryimage","url":"https:\/\/i0.wp.com\/elregionalvm.com.ar\/noticias-villa-maria\/wp-content\/uploads\/2022\/03\/Sanando-al-Nino-Interior.jpg?fit=1170%2C780&ssl=1","contentUrl":"https:\/\/i0.wp.com\/elregionalvm.com.ar\/noticias-villa-maria\/wp-content\/uploads\/2022\/03\/Sanando-al-Nino-Interior.jpg?fit=1170%2C780&ssl=1","width":1170,"height":780},{"@type":"BreadcrumbList","@id":"http:\/\/elregionalvm.com.ar\/noticias-villa-maria\/la-columna-de-rita-giordano-sanando-nuestra-historia\/#breadcrumb","itemListElement":[{"@type":"ListItem","position":1,"name":"Portada","item":"https:\/\/elregionalvm.com.ar\/noticias-villa-maria\/"},{"@type":"ListItem","position":2,"name":"[La Columna de Rita Giordano] Sanando nuestra historia"}]},{"@type":"WebSite","@id":"http:\/\/elregionalvm.com.ar\/noticias-villa-maria\/#website","url":"http:\/\/elregionalvm.com.ar\/noticias-villa-maria\/","name":"El Regional","description":"Mucho m\u00e1s que informaci\u00f3n","potentialAction":[{"@type":"SearchAction","target":{"@type":"EntryPoint","urlTemplate":"http:\/\/elregionalvm.com.ar\/noticias-villa-maria\/?s={search_term_string}"},"query-input":{"@type":"PropertyValueSpecification","valueRequired":true,"valueName":"search_term_string"}}],"inLanguage":"es"},{"@type":"Person","@id":"http:\/\/elregionalvm.com.ar\/noticias-villa-maria\/#\/schema\/person\/a0fb9c422317faca23d50163151bc354","name":"Contenidos El Regional","image":{"@type":"ImageObject","inLanguage":"es","@id":"http:\/\/elregionalvm.com.ar\/noticias-villa-maria\/#\/schema\/person\/image\/","url":"https:\/\/secure.gravatar.com\/avatar\/265b27cb2209af7bb3a1318f03305787d7981a5cc6e6cd08fe5a4ecdf99d4b48?s=96&d=mm&r=g","contentUrl":"https:\/\/secure.gravatar.com\/avatar\/265b27cb2209af7bb3a1318f03305787d7981a5cc6e6cd08fe5a4ecdf99d4b48?s=96&d=mm&r=g","caption":"Contenidos El Regional"},"url":"https:\/\/elregionalvm.com.ar\/noticias-villa-maria\/author\/contenido\/"}]}},"jetpack_featured_media_url":"https:\/\/i0.wp.com\/elregionalvm.com.ar\/noticias-villa-maria\/wp-content\/uploads\/2022\/03\/Sanando-al-Nino-Interior.jpg?fit=1170%2C780&ssl=1","jetpack_sharing_enabled":true,"_links":{"self":[{"href":"https:\/\/elregionalvm.com.ar\/noticias-villa-maria\/wp-json\/wp\/v2\/posts\/54311","targetHints":{"allow":["GET"]}}],"collection":[{"href":"https:\/\/elregionalvm.com.ar\/noticias-villa-maria\/wp-json\/wp\/v2\/posts"}],"about":[{"href":"https:\/\/elregionalvm.com.ar\/noticias-villa-maria\/wp-json\/wp\/v2\/types\/post"}],"author":[{"embeddable":true,"href":"https:\/\/elregionalvm.com.ar\/noticias-villa-maria\/wp-json\/wp\/v2\/users\/4"}],"replies":[{"embeddable":true,"href":"https:\/\/elregionalvm.com.ar\/noticias-villa-maria\/wp-json\/wp\/v2\/comments?post=54311"}],"version-history":[{"count":3,"href":"https:\/\/elregionalvm.com.ar\/noticias-villa-maria\/wp-json\/wp\/v2\/posts\/54311\/revisions"}],"predecessor-version":[{"id":54317,"href":"https:\/\/elregionalvm.com.ar\/noticias-villa-maria\/wp-json\/wp\/v2\/posts\/54311\/revisions\/54317"}],"wp:featuredmedia":[{"embeddable":true,"href":"https:\/\/elregionalvm.com.ar\/noticias-villa-maria\/wp-json\/wp\/v2\/media\/54315"}],"wp:attachment":[{"href":"https:\/\/elregionalvm.com.ar\/noticias-villa-maria\/wp-json\/wp\/v2\/media?parent=54311"}],"wp:term":[{"taxonomy":"category","embeddable":true,"href":"https:\/\/elregionalvm.com.ar\/noticias-villa-maria\/wp-json\/wp\/v2\/categories?post=54311"},{"taxonomy":"post_tag","embeddable":true,"href":"https:\/\/elregionalvm.com.ar\/noticias-villa-maria\/wp-json\/wp\/v2\/tags?post=54311"}],"curies":[{"name":"wp","href":"https:\/\/api.w.org\/{rel}","templated":true}]}}