{"id":54429,"date":"2022-03-21T00:24:08","date_gmt":"2022-03-21T00:24:08","guid":{"rendered":"https:\/\/elregionalvm.com.ar\/noticias-villa-maria\/?p=54429"},"modified":"2022-03-22T02:00:07","modified_gmt":"2022-03-22T02:00:07","slug":"inflacion-las-contradicciones-de-una-guerra-perdida","status":"publish","type":"post","link":"https:\/\/elregionalvm.com.ar\/noticias-villa-maria\/inflacion-las-contradicciones-de-una-guerra-perdida\/","title":{"rendered":"Inflaci\u00f3n: Las contradicciones de una guerra perdida"},"content":{"rendered":"\n<p><\/p>\n\n\n\n<p><strong>El gobierno declar\u00f3 la guerra a la inflaci\u00f3n con los mismos instrumentos que viene usando hasta ahora. Sigue subestimando el impacto del exceso de emisi\u00f3n monetaria sobre los precios. Lo m\u00e1s contradictorio es que el propio gobierno necesita mayor inflaci\u00f3n para licuar gasto p\u00fablico.<\/strong><\/p>\n\n\n\n<p><strong>Informe: Idesa<\/strong><\/p>\n\n\n\n<p>El Presidente de la Naci\u00f3n le \u201cdeclar\u00f3 la guerra a la inflaci\u00f3n\u201d. Lo que motiv\u00f3 el uso de una met\u00e1fora tan quijotesca seguramente es la aceleraci\u00f3n de la inflaci\u00f3n.<\/p>\n\n\n\n<p>En los dos primeros meses del a\u00f1o, la inflaci\u00f3n se ubic\u00f3 en el 4% mensual, lo cual significa un 60% anual. Un indicador sensible, como los alimentos, vienen creciendo al 6% mensual que implica un 100% anual.<\/p>\n\n\n\n<p>La luz de alarma que mayor inquietud debe haber causado es que los precios de los alimentos en el Gran Buenos Aires est\u00e1n creciendo por encima del promedio nacional.<\/p>\n\n\n\n<p><strong>Las medidas de siempre<\/strong><\/p>\n\n\n\n<p>La guerra contra la inflaci\u00f3n se va a afrontar con controles de precios, ley de abastecimiento, aumento de los derechos de exportaci\u00f3n de la harina y aceite de soja en un 2% para financiar un fondo de estabilizaci\u00f3n del precio del trigo y la convocatoria a representantes empresariales, sindicales y de organizaciones piqueteras.<\/p>\n\n\n\n<p>Se trata de las mismas medidas que se vienen anunciando y aplicando hasta hoy. Dado que la inflaci\u00f3n se mantiene creciendo, la decisi\u00f3n de ir a la guerra con las mismas armas con las que se viene perdiendo todas las batallas, sugiere que la estrategia oficial es usarlas con m\u00e1s intensidad.&nbsp;&nbsp;&nbsp;<\/p>\n\n\n\n<p>La pregunta es si m\u00e1s de los mismo aplicado con m\u00e1s intensidad podr\u00e1 apaciguar la inflaci\u00f3n. Para responderla sirve observar la evoluci\u00f3n de tres datos b\u00e1sicos en la \u00faltima d\u00e9cada.<\/p>\n\n\n\n<p><\/p>\n\n\n\n<figure class=\"wp-block-image size-large\"><img data-recalc-dims=\"1\" fetchpriority=\"high\" decoding=\"async\" width=\"1024\" height=\"516\" src=\"https:\/\/i0.wp.com\/elregionalvm.com.ar\/noticias-villa-maria\/wp-content\/uploads\/2022\/03\/Captura-de-Pantalla-2022-03-20-a-las-17.05.06-2.png?resize=1024%2C516&#038;ssl=1\" alt=\"\" class=\"wp-image-54433\" srcset=\"https:\/\/i0.wp.com\/elregionalvm.com.ar\/noticias-villa-maria\/wp-content\/uploads\/2022\/03\/Captura-de-Pantalla-2022-03-20-a-las-17.05.06-2.png?resize=1024%2C516&amp;ssl=1 1024w, https:\/\/i0.wp.com\/elregionalvm.com.ar\/noticias-villa-maria\/wp-content\/uploads\/2022\/03\/Captura-de-Pantalla-2022-03-20-a-las-17.05.06-2.png?resize=300%2C151&amp;ssl=1 300w, https:\/\/i0.wp.com\/elregionalvm.com.ar\/noticias-villa-maria\/wp-content\/uploads\/2022\/03\/Captura-de-Pantalla-2022-03-20-a-las-17.05.06-2.png?resize=768%2C387&amp;ssl=1 768w, https:\/\/i0.wp.com\/elregionalvm.com.ar\/noticias-villa-maria\/wp-content\/uploads\/2022\/03\/Captura-de-Pantalla-2022-03-20-a-las-17.05.06-2.png?w=1424&amp;ssl=1 1424w\" sizes=\"(max-width: 1000px) 100vw, 1000px\" \/><\/figure>\n\n\n\n<p><\/p>\n\n\n\n<p>Seg\u00fan el Ministerio de Econom\u00eda, entre el 2011 y el 2021 se observa que:<\/p>\n\n\n\n<ul class=\"wp-block-list\"><li>El Producto Bruto Interno (PBI) en t\u00e9rminos reales es un 3% inferior.<\/li><\/ul>\n\n\n\n<ul class=\"wp-block-list\"><li>La emisi\u00f3n monetaria acumulada en la d\u00e9cada aument\u00f3 un 2.200%.<\/li><\/ul>\n\n\n\n<ul class=\"wp-block-list\"><li>La inflaci\u00f3n en el mismo per\u00edodo fue de 2.000%.&nbsp;&nbsp;<\/li><\/ul>\n\n\n\n<p>Estos datos muestran que mientras la cantidad de bienes y servicios (PBI) es la misma que hace una d\u00e9cada atr\u00e1s, la cantidad de billetes emitidos por el Banco Central creci\u00f3 en 22 veces.<\/p>\n\n\n\n<p>Habiendo 22 veces m\u00e1s billetes y la misma cantidad de bienes y servicios, no deber\u00eda resultar extra\u00f1o que los precios se hayan multiplicado por 20. En este marco, querer bajar la inflaci\u00f3n con controles de precios, ley de abastecimiento, retenciones y acuerdos con dirigentes empresariales, sindicales y piqueteros es voluntarismo.<\/p>\n\n\n\n<p>La tesitura de que la inflaci\u00f3n es un fen\u00f3meno multicausal es cierta. Pero cada factor causal tiene una importancia diferente seg\u00fan el contexto.<\/p>\n\n\n\n<p>En la actualidad, el d\u00e9ficit fiscal obliga al Banco Central a emitir m\u00e1s dinero del que la gente quiere aceptar. El Banco Central recupera parte del exceso de emisi\u00f3n con Leliq y pases. Pero como este instrumento est\u00e1 saturado hay un exceso de emisi\u00f3n que presiona sobre los precios. Una guerra contra la inflaci\u00f3n con la m\u00e1quina de imprimir billetes funcionando a pleno es guerra perdida.<\/p>\n\n\n\n<p><\/p>\n\n\n\n<p><\/p>\n\n\n\n<figure class=\"wp-block-embed is-type-wp-embed is-provider-el-regional wp-block-embed-el-regional\"><div class=\"wp-block-embed__wrapper\">\n<blockquote class=\"wp-embedded-content\" data-secret=\"ov78iRB7dq\"><a href=\"https:\/\/elregionalvm.com.ar\/noticias-villa-maria\/inflados-hasta-los-huesos-paren-de-remarcar\/\">Inflados hasta los huesos: \u00a1Paren de remarcar!<\/a><\/blockquote><iframe class=\"wp-embedded-content\" sandbox=\"allow-scripts\" security=\"restricted\" style=\"position: absolute; clip: rect(1px, 1px, 1px, 1px);\" title=\"\u00abInflados hasta los huesos: \u00a1Paren de remarcar!\u00bb \u2014 El Regional\" src=\"https:\/\/elregionalvm.com.ar\/noticias-villa-maria\/inflados-hasta-los-huesos-paren-de-remarcar\/embed\/#?secret=zHtYaaqxr3#?secret=ov78iRB7dq\" data-secret=\"ov78iRB7dq\" width=\"500\" height=\"282\" frameborder=\"0\" marginwidth=\"0\" marginheight=\"0\" scrolling=\"no\"><\/iframe>\n<\/div><\/figure>\n\n\n\n<p><\/p>\n\n\n\n<p><strong>Contradicciones<\/strong><\/p>\n\n\n\n<p>Lo m\u00e1s contradictorio de la guerra contra la inflaci\u00f3n es que para el gobierno es vital que la inflaci\u00f3n siga siendo alta. En el acuerdo con el FMI se dej\u00f3 claro que la decisi\u00f3n del gobierno es no reducir el gasto p\u00fablico.<\/p>\n\n\n\n<p>Incluso se seguir\u00e1n expandiendo los subsidios econ\u00f3micos ya que las tarifas se actualizar\u00e1n por debajo de la inflaci\u00f3n. Esto es lo que permite hacer la ostentaci\u00f3n de que es el \u201cprimer acuerdo que firma el FMI sin ajuste\u201d.<\/p>\n\n\n\n<p>Pero para que esto sea posible se necesita seguir aplicando el ajuste inflacionario, como se viene haciendo hasta ahora. Es decir, apelar a que la recaudaci\u00f3n aumente al ritmo de los precios, mientras el gasto p\u00fablico (en especial, las jubilaciones) lo hace a un ritmo inferior.<\/p>\n\n\n\n<p>As\u00ed entonces, la inflaci\u00f3n es el \u00fanico instrumento que juega a favor de moderar el d\u00e9ficit fiscal. Por eso, guerrear contra la inflaci\u00f3n es dispararse a los pies.<\/p>\n\n\n\n<p>La manera de evitar el ajuste y bajar la inflaci\u00f3n es ordenando el Estado. Pero mientras siga prevaleciendo el desorden (previsional, tributario, funcional, etc.) es inevitable el ajuste.<\/p>\n\n\n\n<p>El ajuste puede ser expl\u00edcito (aumentando impuestos o recortando gastos) u oculto (apelando a que la inflaci\u00f3n logre el mismo resultado licuando gasto).<\/p>\n\n\n\n<p>Lo que no es posible es el planteo del gobierno que pretende: no ordenar el Estado, no aplicar ning\u00fan ajuste fiscal expl\u00edcito y reprimir la inflaci\u00f3n impidi\u00e9ndole que haga el ajuste licuando el gasto p\u00fablico.&nbsp;<\/p>\n","protected":false},"excerpt":{"rendered":"<p>El gobierno declar\u00f3 la guerra a la inflaci\u00f3n con los mismos instrumentos que viene usando hasta ahora. Sigue subestimando el impacto del exceso de emisi\u00f3n monetaria sobre los precios. Lo m\u00e1s contradictorio es que el propio gobierno necesita mayor inflaci\u00f3n para licuar gasto p\u00fablico. Informe: Idesa El Presidente de la Naci\u00f3n le \u201cdeclar\u00f3 la guerra [&hellip;]<\/p>\n","protected":false},"author":4,"featured_media":54435,"comment_status":"open","ping_status":"open","sticky":false,"template":"","format":"standard","meta":{"site-sidebar-layout":"default","site-content-layout":"","ast-site-content-layout":"default","site-content-style":"default","site-sidebar-style":"default","ast-global-header-display":"","ast-banner-title-visibility":"","ast-main-header-display":"","ast-hfb-above-header-display":"","ast-hfb-below-header-display":"","ast-hfb-mobile-header-display":"","site-post-title":"","ast-breadcrumbs-content":"","ast-featured-img":"","footer-sml-layout":"","ast-disable-related-posts":"","theme-transparent-header-meta":"","adv-header-id-meta":"","stick-header-meta":"","header-above-stick-meta":"","header-main-stick-meta":"","header-below-stick-meta":"","astra-migrate-meta-layouts":"default","ast-page-background-enabled":"default","ast-page-background-meta":{"desktop":{"background-color":"","background-image":"","background-repeat":"repeat","background-position":"center center","background-size":"auto","background-attachment":"scroll","background-type":"","background-media":"","overlay-type":"","overlay-color":"","overlay-opacity":"","overlay-gradient":""},"tablet":{"background-color":"","background-image":"","background-repeat":"repeat","background-position":"center center","background-size":"auto","background-attachment":"scroll","background-type":"","background-media":"","overlay-type":"","overlay-color":"","overlay-opacity":"","overlay-gradient":""},"mobile":{"background-color":"","background-image":"","background-repeat":"repeat","background-position":"center center","background-size":"auto","background-attachment":"scroll","background-type":"","background-media":"","overlay-type":"","overlay-color":"","overlay-opacity":"","overlay-gradient":""}},"ast-content-background-meta":{"desktop":{"background-color":"var(--ast-global-color-5)","background-image":"","background-repeat":"repeat","background-position":"center center","background-size":"auto","background-attachment":"scroll","background-type":"","background-media":"","overlay-type":"","overlay-color":"","overlay-opacity":"","overlay-gradient":""},"tablet":{"background-color":"var(--ast-global-color-5)","background-image":"","background-repeat":"repeat","background-position":"center center","background-size":"auto","background-attachment":"scroll","background-type":"","background-media":"","overlay-type":"","overlay-color":"","overlay-opacity":"","overlay-gradient":""},"mobile":{"background-color":"var(--ast-global-color-5)","background-image":"","background-repeat":"repeat","background-position":"center center","background-size":"auto","background-attachment":"scroll","background-type":"","background-media":"","overlay-type":"","overlay-color":"","overlay-opacity":"","overlay-gradient":""}},"_jetpack_memberships_contains_paid_content":false,"_joinchat":[],"footnotes":""},"categories":[365,3557],"tags":[30,1973,2467],"class_list":["post-54429","post","type-post","status-publish","format-standard","has-post-thumbnail","hentry","category-opinion","category-tercera","tag-guerra","tag-idesa","tag-inflacion"],"yoast_head":"<!-- This site is optimized with the Yoast SEO plugin v26.8 - https:\/\/yoast.com\/product\/yoast-seo-wordpress\/ -->\n<title>Inflaci\u00f3n: Las contradicciones de una guerra perdida - El Regional<\/title>\n<meta name=\"description\" content=\"La inflaci\u00f3n es el \u00fanico instrumento que juega a favor de moderar el d\u00e9ficit fiscal. Por eso, guerrear contra esta es dispararse a los pies.\" \/>\n<meta name=\"robots\" content=\"index, follow, max-snippet:-1, max-image-preview:large, max-video-preview:-1\" \/>\n<link rel=\"canonical\" href=\"http:\/\/elregionalvm.com.ar\/noticias-villa-maria\/inflacion-las-contradicciones-de-una-guerra-perdida\/\" \/>\n<meta property=\"og:locale\" content=\"es_ES\" \/>\n<meta property=\"og:type\" content=\"article\" \/>\n<meta property=\"og:title\" content=\"Inflaci\u00f3n: Las contradicciones de una guerra perdida - El Regional\" \/>\n<meta property=\"og:description\" content=\"La inflaci\u00f3n es el \u00fanico instrumento que juega a favor de moderar el d\u00e9ficit fiscal. Por eso, guerrear contra esta es dispararse a los pies.\" \/>\n<meta property=\"og:url\" content=\"http:\/\/elregionalvm.com.ar\/noticias-villa-maria\/inflacion-las-contradicciones-de-una-guerra-perdida\/\" \/>\n<meta property=\"og:site_name\" content=\"El Regional\" \/>\n<meta property=\"article:publisher\" content=\"https:\/\/www.facebook.com\/elregionalvm\" \/>\n<meta property=\"article:published_time\" content=\"2022-03-21T00:24:08+00:00\" \/>\n<meta property=\"article:modified_time\" content=\"2022-03-22T02:00:07+00:00\" \/>\n<meta property=\"og:image\" content=\"http:\/\/elregionalvm.com.ar\/noticias-villa-maria\/wp-content\/uploads\/2022\/03\/Alberto-Fernandez-perfil.jpg\" \/>\n\t<meta property=\"og:image:width\" content=\"1000\" \/>\n\t<meta property=\"og:image:height\" content=\"563\" \/>\n\t<meta property=\"og:image:type\" content=\"image\/jpeg\" \/>\n<meta name=\"author\" content=\"Contenidos El Regional\" \/>\n<meta name=\"twitter:card\" content=\"summary_large_image\" \/>\n<meta name=\"twitter:creator\" content=\"@elregionalvm1\" \/>\n<meta name=\"twitter:site\" content=\"@elregionalvm1\" \/>\n<meta name=\"twitter:label1\" content=\"Escrito por\" \/>\n\t<meta name=\"twitter:data1\" content=\"Contenidos El Regional\" \/>\n\t<meta name=\"twitter:label2\" content=\"Tiempo de lectura\" \/>\n\t<meta name=\"twitter:data2\" content=\"4 minutos\" \/>\n<script type=\"application\/ld+json\" class=\"yoast-schema-graph\">{\"@context\":\"https:\/\/schema.org\",\"@graph\":[{\"@type\":\"Article\",\"@id\":\"http:\/\/elregionalvm.com.ar\/noticias-villa-maria\/inflacion-las-contradicciones-de-una-guerra-perdida\/#article\",\"isPartOf\":{\"@id\":\"http:\/\/elregionalvm.com.ar\/noticias-villa-maria\/inflacion-las-contradicciones-de-una-guerra-perdida\/\"},\"author\":{\"name\":\"Contenidos El Regional\",\"@id\":\"http:\/\/elregionalvm.com.ar\/noticias-villa-maria\/#\/schema\/person\/a0fb9c422317faca23d50163151bc354\"},\"headline\":\"Inflaci\u00f3n: Las contradicciones de una guerra perdida\",\"datePublished\":\"2022-03-21T00:24:08+00:00\",\"dateModified\":\"2022-03-22T02:00:07+00:00\",\"mainEntityOfPage\":{\"@id\":\"http:\/\/elregionalvm.com.ar\/noticias-villa-maria\/inflacion-las-contradicciones-de-una-guerra-perdida\/\"},\"wordCount\":814,\"commentCount\":0,\"image\":{\"@id\":\"http:\/\/elregionalvm.com.ar\/noticias-villa-maria\/inflacion-las-contradicciones-de-una-guerra-perdida\/#primaryimage\"},\"thumbnailUrl\":\"https:\/\/i0.wp.com\/elregionalvm.com.ar\/noticias-villa-maria\/wp-content\/uploads\/2022\/03\/Alberto-Fernandez-perfil.jpg?fit=1000%2C563&ssl=1\",\"keywords\":[\"guerra\",\"IDESA\",\"Inflaci\u00f3n\"],\"articleSection\":[\"Opini\u00f3n\",\"tercera\"],\"inLanguage\":\"es\",\"potentialAction\":[{\"@type\":\"CommentAction\",\"name\":\"Comment\",\"target\":[\"http:\/\/elregionalvm.com.ar\/noticias-villa-maria\/inflacion-las-contradicciones-de-una-guerra-perdida\/#respond\"]}]},{\"@type\":\"WebPage\",\"@id\":\"http:\/\/elregionalvm.com.ar\/noticias-villa-maria\/inflacion-las-contradicciones-de-una-guerra-perdida\/\",\"url\":\"http:\/\/elregionalvm.com.ar\/noticias-villa-maria\/inflacion-las-contradicciones-de-una-guerra-perdida\/\",\"name\":\"Inflaci\u00f3n: Las contradicciones de una guerra perdida - El Regional\",\"isPartOf\":{\"@id\":\"http:\/\/elregionalvm.com.ar\/noticias-villa-maria\/#website\"},\"primaryImageOfPage\":{\"@id\":\"http:\/\/elregionalvm.com.ar\/noticias-villa-maria\/inflacion-las-contradicciones-de-una-guerra-perdida\/#primaryimage\"},\"image\":{\"@id\":\"http:\/\/elregionalvm.com.ar\/noticias-villa-maria\/inflacion-las-contradicciones-de-una-guerra-perdida\/#primaryimage\"},\"thumbnailUrl\":\"https:\/\/i0.wp.com\/elregionalvm.com.ar\/noticias-villa-maria\/wp-content\/uploads\/2022\/03\/Alberto-Fernandez-perfil.jpg?fit=1000%2C563&ssl=1\",\"datePublished\":\"2022-03-21T00:24:08+00:00\",\"dateModified\":\"2022-03-22T02:00:07+00:00\",\"author\":{\"@id\":\"http:\/\/elregionalvm.com.ar\/noticias-villa-maria\/#\/schema\/person\/a0fb9c422317faca23d50163151bc354\"},\"description\":\"La inflaci\u00f3n es el \u00fanico instrumento que juega a favor de moderar el d\u00e9ficit fiscal. Por eso, guerrear contra esta es dispararse a los pies.\",\"breadcrumb\":{\"@id\":\"http:\/\/elregionalvm.com.ar\/noticias-villa-maria\/inflacion-las-contradicciones-de-una-guerra-perdida\/#breadcrumb\"},\"inLanguage\":\"es\",\"potentialAction\":[{\"@type\":\"ReadAction\",\"target\":[\"http:\/\/elregionalvm.com.ar\/noticias-villa-maria\/inflacion-las-contradicciones-de-una-guerra-perdida\/\"]}]},{\"@type\":\"ImageObject\",\"inLanguage\":\"es\",\"@id\":\"http:\/\/elregionalvm.com.ar\/noticias-villa-maria\/inflacion-las-contradicciones-de-una-guerra-perdida\/#primaryimage\",\"url\":\"https:\/\/i0.wp.com\/elregionalvm.com.ar\/noticias-villa-maria\/wp-content\/uploads\/2022\/03\/Alberto-Fernandez-perfil.jpg?fit=1000%2C563&ssl=1\",\"contentUrl\":\"https:\/\/i0.wp.com\/elregionalvm.com.ar\/noticias-villa-maria\/wp-content\/uploads\/2022\/03\/Alberto-Fernandez-perfil.jpg?fit=1000%2C563&ssl=1\",\"width\":1000,\"height\":563},{\"@type\":\"BreadcrumbList\",\"@id\":\"http:\/\/elregionalvm.com.ar\/noticias-villa-maria\/inflacion-las-contradicciones-de-una-guerra-perdida\/#breadcrumb\",\"itemListElement\":[{\"@type\":\"ListItem\",\"position\":1,\"name\":\"Portada\",\"item\":\"https:\/\/elregionalvm.com.ar\/noticias-villa-maria\/\"},{\"@type\":\"ListItem\",\"position\":2,\"name\":\"Inflaci\u00f3n: Las contradicciones de una guerra perdida\"}]},{\"@type\":\"WebSite\",\"@id\":\"http:\/\/elregionalvm.com.ar\/noticias-villa-maria\/#website\",\"url\":\"http:\/\/elregionalvm.com.ar\/noticias-villa-maria\/\",\"name\":\"El Regional\",\"description\":\"Mucho m\u00e1s que informaci\u00f3n\",\"potentialAction\":[{\"@type\":\"SearchAction\",\"target\":{\"@type\":\"EntryPoint\",\"urlTemplate\":\"http:\/\/elregionalvm.com.ar\/noticias-villa-maria\/?s={search_term_string}\"},\"query-input\":{\"@type\":\"PropertyValueSpecification\",\"valueRequired\":true,\"valueName\":\"search_term_string\"}}],\"inLanguage\":\"es\"},{\"@type\":\"Person\",\"@id\":\"http:\/\/elregionalvm.com.ar\/noticias-villa-maria\/#\/schema\/person\/a0fb9c422317faca23d50163151bc354\",\"name\":\"Contenidos El Regional\",\"image\":{\"@type\":\"ImageObject\",\"inLanguage\":\"es\",\"@id\":\"http:\/\/elregionalvm.com.ar\/noticias-villa-maria\/#\/schema\/person\/image\/\",\"url\":\"https:\/\/secure.gravatar.com\/avatar\/265b27cb2209af7bb3a1318f03305787d7981a5cc6e6cd08fe5a4ecdf99d4b48?s=96&d=mm&r=g\",\"contentUrl\":\"https:\/\/secure.gravatar.com\/avatar\/265b27cb2209af7bb3a1318f03305787d7981a5cc6e6cd08fe5a4ecdf99d4b48?s=96&d=mm&r=g\",\"caption\":\"Contenidos El Regional\"},\"url\":\"https:\/\/elregionalvm.com.ar\/noticias-villa-maria\/author\/contenido\/\"}]}<\/script>\n<!-- \/ Yoast SEO plugin. -->","yoast_head_json":{"title":"Inflaci\u00f3n: Las contradicciones de una guerra perdida - El Regional","description":"La inflaci\u00f3n es el \u00fanico instrumento que juega a favor de moderar el d\u00e9ficit fiscal. Por eso, guerrear contra esta es dispararse a los pies.","robots":{"index":"index","follow":"follow","max-snippet":"max-snippet:-1","max-image-preview":"max-image-preview:large","max-video-preview":"max-video-preview:-1"},"canonical":"http:\/\/elregionalvm.com.ar\/noticias-villa-maria\/inflacion-las-contradicciones-de-una-guerra-perdida\/","og_locale":"es_ES","og_type":"article","og_title":"Inflaci\u00f3n: Las contradicciones de una guerra perdida - El Regional","og_description":"La inflaci\u00f3n es el \u00fanico instrumento que juega a favor de moderar el d\u00e9ficit fiscal. Por eso, guerrear contra esta es dispararse a los pies.","og_url":"http:\/\/elregionalvm.com.ar\/noticias-villa-maria\/inflacion-las-contradicciones-de-una-guerra-perdida\/","og_site_name":"El Regional","article_publisher":"https:\/\/www.facebook.com\/elregionalvm","article_published_time":"2022-03-21T00:24:08+00:00","article_modified_time":"2022-03-22T02:00:07+00:00","og_image":[{"width":1000,"height":563,"url":"http:\/\/elregionalvm.com.ar\/noticias-villa-maria\/wp-content\/uploads\/2022\/03\/Alberto-Fernandez-perfil.jpg","type":"image\/jpeg"}],"author":"Contenidos El Regional","twitter_card":"summary_large_image","twitter_creator":"@elregionalvm1","twitter_site":"@elregionalvm1","twitter_misc":{"Escrito por":"Contenidos El Regional","Tiempo de lectura":"4 minutos"},"schema":{"@context":"https:\/\/schema.org","@graph":[{"@type":"Article","@id":"http:\/\/elregionalvm.com.ar\/noticias-villa-maria\/inflacion-las-contradicciones-de-una-guerra-perdida\/#article","isPartOf":{"@id":"http:\/\/elregionalvm.com.ar\/noticias-villa-maria\/inflacion-las-contradicciones-de-una-guerra-perdida\/"},"author":{"name":"Contenidos El Regional","@id":"http:\/\/elregionalvm.com.ar\/noticias-villa-maria\/#\/schema\/person\/a0fb9c422317faca23d50163151bc354"},"headline":"Inflaci\u00f3n: Las contradicciones de una guerra perdida","datePublished":"2022-03-21T00:24:08+00:00","dateModified":"2022-03-22T02:00:07+00:00","mainEntityOfPage":{"@id":"http:\/\/elregionalvm.com.ar\/noticias-villa-maria\/inflacion-las-contradicciones-de-una-guerra-perdida\/"},"wordCount":814,"commentCount":0,"image":{"@id":"http:\/\/elregionalvm.com.ar\/noticias-villa-maria\/inflacion-las-contradicciones-de-una-guerra-perdida\/#primaryimage"},"thumbnailUrl":"https:\/\/i0.wp.com\/elregionalvm.com.ar\/noticias-villa-maria\/wp-content\/uploads\/2022\/03\/Alberto-Fernandez-perfil.jpg?fit=1000%2C563&ssl=1","keywords":["guerra","IDESA","Inflaci\u00f3n"],"articleSection":["Opini\u00f3n","tercera"],"inLanguage":"es","potentialAction":[{"@type":"CommentAction","name":"Comment","target":["http:\/\/elregionalvm.com.ar\/noticias-villa-maria\/inflacion-las-contradicciones-de-una-guerra-perdida\/#respond"]}]},{"@type":"WebPage","@id":"http:\/\/elregionalvm.com.ar\/noticias-villa-maria\/inflacion-las-contradicciones-de-una-guerra-perdida\/","url":"http:\/\/elregionalvm.com.ar\/noticias-villa-maria\/inflacion-las-contradicciones-de-una-guerra-perdida\/","name":"Inflaci\u00f3n: Las contradicciones de una guerra perdida - El Regional","isPartOf":{"@id":"http:\/\/elregionalvm.com.ar\/noticias-villa-maria\/#website"},"primaryImageOfPage":{"@id":"http:\/\/elregionalvm.com.ar\/noticias-villa-maria\/inflacion-las-contradicciones-de-una-guerra-perdida\/#primaryimage"},"image":{"@id":"http:\/\/elregionalvm.com.ar\/noticias-villa-maria\/inflacion-las-contradicciones-de-una-guerra-perdida\/#primaryimage"},"thumbnailUrl":"https:\/\/i0.wp.com\/elregionalvm.com.ar\/noticias-villa-maria\/wp-content\/uploads\/2022\/03\/Alberto-Fernandez-perfil.jpg?fit=1000%2C563&ssl=1","datePublished":"2022-03-21T00:24:08+00:00","dateModified":"2022-03-22T02:00:07+00:00","author":{"@id":"http:\/\/elregionalvm.com.ar\/noticias-villa-maria\/#\/schema\/person\/a0fb9c422317faca23d50163151bc354"},"description":"La inflaci\u00f3n es el \u00fanico instrumento que juega a favor de moderar el d\u00e9ficit fiscal. Por eso, guerrear contra esta es dispararse a los pies.","breadcrumb":{"@id":"http:\/\/elregionalvm.com.ar\/noticias-villa-maria\/inflacion-las-contradicciones-de-una-guerra-perdida\/#breadcrumb"},"inLanguage":"es","potentialAction":[{"@type":"ReadAction","target":["http:\/\/elregionalvm.com.ar\/noticias-villa-maria\/inflacion-las-contradicciones-de-una-guerra-perdida\/"]}]},{"@type":"ImageObject","inLanguage":"es","@id":"http:\/\/elregionalvm.com.ar\/noticias-villa-maria\/inflacion-las-contradicciones-de-una-guerra-perdida\/#primaryimage","url":"https:\/\/i0.wp.com\/elregionalvm.com.ar\/noticias-villa-maria\/wp-content\/uploads\/2022\/03\/Alberto-Fernandez-perfil.jpg?fit=1000%2C563&ssl=1","contentUrl":"https:\/\/i0.wp.com\/elregionalvm.com.ar\/noticias-villa-maria\/wp-content\/uploads\/2022\/03\/Alberto-Fernandez-perfil.jpg?fit=1000%2C563&ssl=1","width":1000,"height":563},{"@type":"BreadcrumbList","@id":"http:\/\/elregionalvm.com.ar\/noticias-villa-maria\/inflacion-las-contradicciones-de-una-guerra-perdida\/#breadcrumb","itemListElement":[{"@type":"ListItem","position":1,"name":"Portada","item":"https:\/\/elregionalvm.com.ar\/noticias-villa-maria\/"},{"@type":"ListItem","position":2,"name":"Inflaci\u00f3n: Las contradicciones de una guerra perdida"}]},{"@type":"WebSite","@id":"http:\/\/elregionalvm.com.ar\/noticias-villa-maria\/#website","url":"http:\/\/elregionalvm.com.ar\/noticias-villa-maria\/","name":"El Regional","description":"Mucho m\u00e1s que informaci\u00f3n","potentialAction":[{"@type":"SearchAction","target":{"@type":"EntryPoint","urlTemplate":"http:\/\/elregionalvm.com.ar\/noticias-villa-maria\/?s={search_term_string}"},"query-input":{"@type":"PropertyValueSpecification","valueRequired":true,"valueName":"search_term_string"}}],"inLanguage":"es"},{"@type":"Person","@id":"http:\/\/elregionalvm.com.ar\/noticias-villa-maria\/#\/schema\/person\/a0fb9c422317faca23d50163151bc354","name":"Contenidos El Regional","image":{"@type":"ImageObject","inLanguage":"es","@id":"http:\/\/elregionalvm.com.ar\/noticias-villa-maria\/#\/schema\/person\/image\/","url":"https:\/\/secure.gravatar.com\/avatar\/265b27cb2209af7bb3a1318f03305787d7981a5cc6e6cd08fe5a4ecdf99d4b48?s=96&d=mm&r=g","contentUrl":"https:\/\/secure.gravatar.com\/avatar\/265b27cb2209af7bb3a1318f03305787d7981a5cc6e6cd08fe5a4ecdf99d4b48?s=96&d=mm&r=g","caption":"Contenidos El Regional"},"url":"https:\/\/elregionalvm.com.ar\/noticias-villa-maria\/author\/contenido\/"}]}},"jetpack_featured_media_url":"https:\/\/i0.wp.com\/elregionalvm.com.ar\/noticias-villa-maria\/wp-content\/uploads\/2022\/03\/Alberto-Fernandez-perfil.jpg?fit=1000%2C563&ssl=1","jetpack_sharing_enabled":true,"_links":{"self":[{"href":"https:\/\/elregionalvm.com.ar\/noticias-villa-maria\/wp-json\/wp\/v2\/posts\/54429","targetHints":{"allow":["GET"]}}],"collection":[{"href":"https:\/\/elregionalvm.com.ar\/noticias-villa-maria\/wp-json\/wp\/v2\/posts"}],"about":[{"href":"https:\/\/elregionalvm.com.ar\/noticias-villa-maria\/wp-json\/wp\/v2\/types\/post"}],"author":[{"embeddable":true,"href":"https:\/\/elregionalvm.com.ar\/noticias-villa-maria\/wp-json\/wp\/v2\/users\/4"}],"replies":[{"embeddable":true,"href":"https:\/\/elregionalvm.com.ar\/noticias-villa-maria\/wp-json\/wp\/v2\/comments?post=54429"}],"version-history":[{"count":2,"href":"https:\/\/elregionalvm.com.ar\/noticias-villa-maria\/wp-json\/wp\/v2\/posts\/54429\/revisions"}],"predecessor-version":[{"id":54434,"href":"https:\/\/elregionalvm.com.ar\/noticias-villa-maria\/wp-json\/wp\/v2\/posts\/54429\/revisions\/54434"}],"wp:featuredmedia":[{"embeddable":true,"href":"https:\/\/elregionalvm.com.ar\/noticias-villa-maria\/wp-json\/wp\/v2\/media\/54435"}],"wp:attachment":[{"href":"https:\/\/elregionalvm.com.ar\/noticias-villa-maria\/wp-json\/wp\/v2\/media?parent=54429"}],"wp:term":[{"taxonomy":"category","embeddable":true,"href":"https:\/\/elregionalvm.com.ar\/noticias-villa-maria\/wp-json\/wp\/v2\/categories?post=54429"},{"taxonomy":"post_tag","embeddable":true,"href":"https:\/\/elregionalvm.com.ar\/noticias-villa-maria\/wp-json\/wp\/v2\/tags?post=54429"}],"curies":[{"name":"wp","href":"https:\/\/api.w.org\/{rel}","templated":true}]}}