{"id":54455,"date":"2022-03-21T15:01:19","date_gmt":"2022-03-21T15:01:19","guid":{"rendered":"https:\/\/elregionalvm.com.ar\/noticias-villa-maria\/?p=54455"},"modified":"2022-03-23T02:09:06","modified_gmt":"2022-03-23T02:09:06","slug":"tiempo-loco-las-inundaciones-por-crecidas-del-rio-en-epoca-del-tranway","status":"publish","type":"post","link":"https:\/\/elregionalvm.com.ar\/noticias-villa-maria\/tiempo-loco-las-inundaciones-por-crecidas-del-rio-en-epoca-del-tranway\/","title":{"rendered":"[Tiempo Loco] Las inundaciones por crecidas del r\u00edo en \u00e9poca del tranway"},"content":{"rendered":"\n<p><\/p>\n\n\n\n<p><strong>Escribe: Ing. Hern\u00e1n Allasia<\/strong><\/p>\n\n\n\n<p><\/p>\n\n\n\n<p>El surgimiento del n\u00facleo poblacional en inmediaciones del Paso de Ferreira, como consecuencia del aumento en el valor de las tierras que rodeaban la posta y el reordenamiento territorial dirigido por Juan Bautista Bustos en 1826, marc\u00f3 el comienzo de la vinculaci\u00f3n entre el r\u00edo, como recurso natural, y los primeros pobladores, escribe Luciano Pereyra en El Diario por diciembre de 2020.<\/p>\n\n\n\n<p><strong>A continuaci\u00f3n, se narra\u2026<\/strong><\/p>\n\n\n\n<p>\u201cEl d\u00eda 21 de diciembre de 1891, el intendente Ignacio Carballo, el jefe pol\u00edtico del Departamento Tercero Abajo, Macario Casas, 60 peones y algunos vecinos se trasladan hasta la zona del dique, en el oeste de la poblaci\u00f3n, para intentar cortar el ingreso de agua a la poblaci\u00f3n.<\/p>\n\n\n\n<p>Despu\u00e9s de varias horas de in\u00fatiles esfuerzos vuelven para sacar a las familias m\u00e1s perjudicadas y llevarlas a los puntos altos de la villa. La mayor cantidad de personas se trasladaron al mercado municipal.<\/p>\n\n\n\n<p>El agua del r\u00edo, al desbordarse, recorri\u00f3 los ca\u00f1adones y zanjas que estaban entre el r\u00edo y el dique. Entraron al pueblo por las alcantarillas del tranway por la actual calle Marcos Ju\u00e1rez\u2026<\/p>\n\n\n\n<p>En detalle, la primera crecida del 21 de diciembre de 1891 a las 7 de la ma\u00f1ana todos los esfuerzos quedaron anulados por la creciente.<\/p>\n\n\n\n<p>El agua rompi\u00f3 el terrapl\u00e9n en varios lugares y tambi\u00e9n ingres\u00f3 desde el sur cuando choc\u00f3 con las v\u00edas del ferrocarril Buenos Aires al Pac\u00edfico.<\/p>\n\n\n\n<p>A las 10 de la ma\u00f1ana comenzaron a caerse algunas viviendas de adobe, el promedio de profundidad del agua era de metro y medio\u201d.<\/p>\n\n\n\n<p><\/p>\n\n\n\n<figure class=\"wp-block-image size-large\"><img data-recalc-dims=\"1\" fetchpriority=\"high\" decoding=\"async\" width=\"1024\" height=\"600\" src=\"https:\/\/i0.wp.com\/elregionalvm.com.ar\/noticias-villa-maria\/wp-content\/uploads\/2022\/03\/Villa-Nueva-inundacion-1891-molino.jpg?resize=1024%2C600&#038;ssl=1\" alt=\"\" class=\"wp-image-54458\" srcset=\"https:\/\/i0.wp.com\/elregionalvm.com.ar\/noticias-villa-maria\/wp-content\/uploads\/2022\/03\/Villa-Nueva-inundacion-1891-molino.jpg?resize=1024%2C600&amp;ssl=1 1024w, https:\/\/i0.wp.com\/elregionalvm.com.ar\/noticias-villa-maria\/wp-content\/uploads\/2022\/03\/Villa-Nueva-inundacion-1891-molino.jpg?resize=300%2C176&amp;ssl=1 300w, https:\/\/i0.wp.com\/elregionalvm.com.ar\/noticias-villa-maria\/wp-content\/uploads\/2022\/03\/Villa-Nueva-inundacion-1891-molino.jpg?resize=768%2C450&amp;ssl=1 768w, https:\/\/i0.wp.com\/elregionalvm.com.ar\/noticias-villa-maria\/wp-content\/uploads\/2022\/03\/Villa-Nueva-inundacion-1891-molino.jpg?w=1337&amp;ssl=1 1337w\" sizes=\"(max-width: 1000px) 100vw, 1000px\" \/><figcaption><em>El molino de los hermanos Piattini, afectado por la inundaci\u00f3n de 1891 en Villa Nueva. <\/em><\/figcaption><\/figure>\n\n\n\n<p><\/p>\n\n\n\n<p><strong>La segunda inundaci\u00f3n<\/strong><\/p>\n\n\n\n<p>\u201cEn la segunda crecida del 24 de diciembre de 1891 la evacuaci\u00f3n se realiz\u00f3 con mayor rapidez. Se produjo el \u00e9xodo de vecinos, solo quedaron una veintena y las hermanas Franciscanas.<\/p>\n\n\n\n<p>Aument\u00f3 el derrumbe de viviendas y en la nochebuena volaron carpas y se cayeron \u00e1rboles producto de un viento ciclonado que profundiz\u00f3 la cat\u00e1strofe.<\/p>\n\n\n\n<p>Durante la tercera crecida del 26 de diciembre de 1891, el nivel y la velocidad del agua super\u00f3 las anteriores, las fuerzas civiles se trasladaron a la estaci\u00f3n del ferrocarril, donde algunas familias se refugiaron en los vagones.<\/p>\n\n\n\n<p>El pueblo pr\u00e1cticamente qued\u00f3 deshabitado y el 27 de diciembre de 1891 se presenta un cuarto pico que se produjo al mediod\u00eda, donde no qued\u00f3 nadie sin evacuar. El d\u00eda 29 comenzaron a regresar a sus viviendas.<\/p>\n\n\n\n<p><\/p>\n\n\n\n<figure class=\"wp-block-image size-full\"><img data-recalc-dims=\"1\" decoding=\"async\" width=\"960\" height=\"684\" src=\"https:\/\/i0.wp.com\/elregionalvm.com.ar\/noticias-villa-maria\/wp-content\/uploads\/2022\/03\/Inundacion-Villa-Maria-1904.jpg?resize=960%2C684&#038;ssl=1\" alt=\"\" class=\"wp-image-54459\" srcset=\"https:\/\/i0.wp.com\/elregionalvm.com.ar\/noticias-villa-maria\/wp-content\/uploads\/2022\/03\/Inundacion-Villa-Maria-1904.jpg?w=960&amp;ssl=1 960w, https:\/\/i0.wp.com\/elregionalvm.com.ar\/noticias-villa-maria\/wp-content\/uploads\/2022\/03\/Inundacion-Villa-Maria-1904.jpg?resize=300%2C214&amp;ssl=1 300w, https:\/\/i0.wp.com\/elregionalvm.com.ar\/noticias-villa-maria\/wp-content\/uploads\/2022\/03\/Inundacion-Villa-Maria-1904.jpg?resize=768%2C547&amp;ssl=1 768w\" sizes=\"(max-width: 960px) 100vw, 960px\" \/><figcaption><em>La inundaci\u00f3n de 1904 y sus efectos en Villa Mar\u00eda. <\/em><\/figcaption><\/figure>\n\n\n\n<p><\/p>\n\n\n\n<p>En conclusi\u00f3n, expresaban que era imposible pensar un desarrollo urbano de la zona oeste de las dos ciudades sin la sistematizaci\u00f3n de la Ca\u00f1ada de los Casta\u00f1ones. Esta obra h\u00eddrica defensiva es de vital prioridad en la proyecci\u00f3n de la evoluci\u00f3n demogr\u00e1fica para los pr\u00f3ximos 50 a\u00f1os.<\/p>\n\n\n\n<p>Y finaliza el an\u00e1lisis y cotejo de fuentes de El Diario con la siguiente apreciaci\u00f3n: \u201cPudimos conocer la existencia de una estructura defensiva, el terrapl\u00e9n. Reconocer en las lluvias estivales la principal causa del aumento en el caudal del r\u00edo. Pero que tiene diferentes agravantes en cada coyuntura hist\u00f3rica: el embanque, las vizcacheras en 1891, el ferrocarril en 1919, la ruta en 1984 y el basural en 2014\u201d.<\/p>\n\n\n\n<p><em>Fuente: www.eldiariocba.com.ar\/cultura<\/em><\/p>\n\n\n\n<p><\/p>\n\n\n\n<p><strong>Foto de portada: Patio central de la casa familiar de Piattini, propietarios del molino en Villa Nueva, Francisco (centro), Rodolfo (derecha), en la inundaci\u00f3n de 1891.<\/strong><\/p>\n","protected":false},"excerpt":{"rendered":"<p>Escribe: Ing. Hern\u00e1n Allasia El surgimiento del n\u00facleo poblacional en inmediaciones del Paso de Ferreira, como consecuencia del aumento en el valor de las tierras que rodeaban la posta y el reordenamiento territorial dirigido por Juan Bautista Bustos en 1826, marc\u00f3 el comienzo de la vinculaci\u00f3n entre el r\u00edo, como recurso natural, y los primeros [&hellip;]<\/p>\n","protected":false},"author":4,"featured_media":54460,"comment_status":"open","ping_status":"open","sticky":false,"template":"","format":"standard","meta":{"site-sidebar-layout":"default","site-content-layout":"","ast-site-content-layout":"default","site-content-style":"default","site-sidebar-style":"default","ast-global-header-display":"","ast-banner-title-visibility":"","ast-main-header-display":"","ast-hfb-above-header-display":"","ast-hfb-below-header-display":"","ast-hfb-mobile-header-display":"","site-post-title":"","ast-breadcrumbs-content":"","ast-featured-img":"","footer-sml-layout":"","ast-disable-related-posts":"","theme-transparent-header-meta":"","adv-header-id-meta":"","stick-header-meta":"","header-above-stick-meta":"","header-main-stick-meta":"","header-below-stick-meta":"","astra-migrate-meta-layouts":"default","ast-page-background-enabled":"default","ast-page-background-meta":{"desktop":{"background-color":"","background-image":"","background-repeat":"repeat","background-position":"center center","background-size":"auto","background-attachment":"scroll","background-type":"","background-media":"","overlay-type":"","overlay-color":"","overlay-opacity":"","overlay-gradient":""},"tablet":{"background-color":"","background-image":"","background-repeat":"repeat","background-position":"center center","background-size":"auto","background-attachment":"scroll","background-type":"","background-media":"","overlay-type":"","overlay-color":"","overlay-opacity":"","overlay-gradient":""},"mobile":{"background-color":"","background-image":"","background-repeat":"repeat","background-position":"center center","background-size":"auto","background-attachment":"scroll","background-type":"","background-media":"","overlay-type":"","overlay-color":"","overlay-opacity":"","overlay-gradient":""}},"ast-content-background-meta":{"desktop":{"background-color":"var(--ast-global-color-5)","background-image":"","background-repeat":"repeat","background-position":"center center","background-size":"auto","background-attachment":"scroll","background-type":"","background-media":"","overlay-type":"","overlay-color":"","overlay-opacity":"","overlay-gradient":""},"tablet":{"background-color":"var(--ast-global-color-5)","background-image":"","background-repeat":"repeat","background-position":"center center","background-size":"auto","background-attachment":"scroll","background-type":"","background-media":"","overlay-type":"","overlay-color":"","overlay-opacity":"","overlay-gradient":""},"mobile":{"background-color":"var(--ast-global-color-5)","background-image":"","background-repeat":"repeat","background-position":"center center","background-size":"auto","background-attachment":"scroll","background-type":"","background-media":"","overlay-type":"","overlay-color":"","overlay-opacity":"","overlay-gradient":""}},"_jetpack_memberships_contains_paid_content":false,"_joinchat":[],"footnotes":""},"categories":[2098,3557],"tags":[10760,6835,14,8700,14212,534,232],"class_list":["post-54455","post","type-post","status-publish","format-standard","has-post-thumbnail","hentry","category-historias","category-tercera","tag-hernan-allasia","tag-inundaciones","tag-rio","tag-tiempo-loco","tag-tranway","tag-villa-maria","tag-villa-nueva"],"yoast_head":"<!-- This site is optimized with the Yoast SEO plugin v26.8 - https:\/\/yoast.com\/product\/yoast-seo-wordpress\/ -->\n<title>[Tiempo Loco] Las inundaciones por crecidas del r\u00edo en \u00e9poca del tranway - El Regional<\/title>\n<meta name=\"robots\" content=\"index, follow, max-snippet:-1, max-image-preview:large, max-video-preview:-1\" \/>\n<link rel=\"canonical\" href=\"http:\/\/elregionalvm.com.ar\/noticias-villa-maria\/tiempo-loco-las-inundaciones-por-crecidas-del-rio-en-epoca-del-tranway\/\" \/>\n<meta property=\"og:locale\" content=\"es_ES\" \/>\n<meta property=\"og:type\" content=\"article\" \/>\n<meta property=\"og:title\" content=\"[Tiempo Loco] Las inundaciones por crecidas del r\u00edo en \u00e9poca del tranway - El Regional\" \/>\n<meta property=\"og:description\" content=\"Escribe: Ing. Hern\u00e1n Allasia El surgimiento del n\u00facleo poblacional en inmediaciones del Paso de Ferreira, como consecuencia del aumento en el valor de las tierras que rodeaban la posta y el reordenamiento territorial dirigido por Juan Bautista Bustos en 1826, marc\u00f3 el comienzo de la vinculaci\u00f3n entre el r\u00edo, como recurso natural, y los primeros [&hellip;]\" \/>\n<meta property=\"og:url\" content=\"http:\/\/elregionalvm.com.ar\/noticias-villa-maria\/tiempo-loco-las-inundaciones-por-crecidas-del-rio-en-epoca-del-tranway\/\" \/>\n<meta property=\"og:site_name\" content=\"El Regional\" \/>\n<meta property=\"article:publisher\" content=\"https:\/\/www.facebook.com\/elregionalvm\" \/>\n<meta property=\"article:published_time\" content=\"2022-03-21T15:01:19+00:00\" \/>\n<meta property=\"article:modified_time\" content=\"2022-03-23T02:09:06+00:00\" \/>\n<meta property=\"og:image\" content=\"http:\/\/elregionalvm.com.ar\/noticias-villa-maria\/wp-content\/uploads\/2022\/03\/Villa-Nueva-inundacion-1891-casa.jpg\" \/>\n\t<meta property=\"og:image:width\" content=\"1332\" \/>\n\t<meta property=\"og:image:height\" content=\"746\" \/>\n\t<meta property=\"og:image:type\" content=\"image\/jpeg\" \/>\n<meta name=\"author\" content=\"Contenidos El Regional\" \/>\n<meta name=\"twitter:card\" content=\"summary_large_image\" \/>\n<meta name=\"twitter:creator\" content=\"@elregionalvm1\" \/>\n<meta name=\"twitter:site\" content=\"@elregionalvm1\" \/>\n<meta name=\"twitter:label1\" content=\"Escrito por\" \/>\n\t<meta name=\"twitter:data1\" content=\"Contenidos El Regional\" \/>\n\t<meta name=\"twitter:label2\" content=\"Tiempo de lectura\" \/>\n\t<meta name=\"twitter:data2\" content=\"3 minutos\" \/>\n<script type=\"application\/ld+json\" class=\"yoast-schema-graph\">{\"@context\":\"https:\/\/schema.org\",\"@graph\":[{\"@type\":\"Article\",\"@id\":\"http:\/\/elregionalvm.com.ar\/noticias-villa-maria\/tiempo-loco-las-inundaciones-por-crecidas-del-rio-en-epoca-del-tranway\/#article\",\"isPartOf\":{\"@id\":\"http:\/\/elregionalvm.com.ar\/noticias-villa-maria\/tiempo-loco-las-inundaciones-por-crecidas-del-rio-en-epoca-del-tranway\/\"},\"author\":{\"name\":\"Contenidos El Regional\",\"@id\":\"http:\/\/elregionalvm.com.ar\/noticias-villa-maria\/#\/schema\/person\/a0fb9c422317faca23d50163151bc354\"},\"headline\":\"[Tiempo Loco] Las inundaciones por crecidas del r\u00edo en \u00e9poca del tranway\",\"datePublished\":\"2022-03-21T15:01:19+00:00\",\"dateModified\":\"2022-03-23T02:09:06+00:00\",\"mainEntityOfPage\":{\"@id\":\"http:\/\/elregionalvm.com.ar\/noticias-villa-maria\/tiempo-loco-las-inundaciones-por-crecidas-del-rio-en-epoca-del-tranway\/\"},\"wordCount\":601,\"commentCount\":0,\"image\":{\"@id\":\"http:\/\/elregionalvm.com.ar\/noticias-villa-maria\/tiempo-loco-las-inundaciones-por-crecidas-del-rio-en-epoca-del-tranway\/#primaryimage\"},\"thumbnailUrl\":\"https:\/\/i0.wp.com\/elregionalvm.com.ar\/noticias-villa-maria\/wp-content\/uploads\/2022\/03\/Villa-Nueva-inundacion-1891-casa.jpg?fit=1332%2C746&ssl=1\",\"keywords\":[\"Hern\u00e1n Allasia\",\"inundaciones\",\"rio\",\"Tiempo loco\",\"Tranway\",\"villa maria\",\"VILLA NUEVA\"],\"articleSection\":[\"Historias\",\"tercera\"],\"inLanguage\":\"es\",\"potentialAction\":[{\"@type\":\"CommentAction\",\"name\":\"Comment\",\"target\":[\"http:\/\/elregionalvm.com.ar\/noticias-villa-maria\/tiempo-loco-las-inundaciones-por-crecidas-del-rio-en-epoca-del-tranway\/#respond\"]}]},{\"@type\":\"WebPage\",\"@id\":\"http:\/\/elregionalvm.com.ar\/noticias-villa-maria\/tiempo-loco-las-inundaciones-por-crecidas-del-rio-en-epoca-del-tranway\/\",\"url\":\"http:\/\/elregionalvm.com.ar\/noticias-villa-maria\/tiempo-loco-las-inundaciones-por-crecidas-del-rio-en-epoca-del-tranway\/\",\"name\":\"[Tiempo Loco] Las inundaciones por crecidas del r\u00edo en \u00e9poca del tranway - El Regional\",\"isPartOf\":{\"@id\":\"http:\/\/elregionalvm.com.ar\/noticias-villa-maria\/#website\"},\"primaryImageOfPage\":{\"@id\":\"http:\/\/elregionalvm.com.ar\/noticias-villa-maria\/tiempo-loco-las-inundaciones-por-crecidas-del-rio-en-epoca-del-tranway\/#primaryimage\"},\"image\":{\"@id\":\"http:\/\/elregionalvm.com.ar\/noticias-villa-maria\/tiempo-loco-las-inundaciones-por-crecidas-del-rio-en-epoca-del-tranway\/#primaryimage\"},\"thumbnailUrl\":\"https:\/\/i0.wp.com\/elregionalvm.com.ar\/noticias-villa-maria\/wp-content\/uploads\/2022\/03\/Villa-Nueva-inundacion-1891-casa.jpg?fit=1332%2C746&ssl=1\",\"datePublished\":\"2022-03-21T15:01:19+00:00\",\"dateModified\":\"2022-03-23T02:09:06+00:00\",\"author\":{\"@id\":\"http:\/\/elregionalvm.com.ar\/noticias-villa-maria\/#\/schema\/person\/a0fb9c422317faca23d50163151bc354\"},\"breadcrumb\":{\"@id\":\"http:\/\/elregionalvm.com.ar\/noticias-villa-maria\/tiempo-loco-las-inundaciones-por-crecidas-del-rio-en-epoca-del-tranway\/#breadcrumb\"},\"inLanguage\":\"es\",\"potentialAction\":[{\"@type\":\"ReadAction\",\"target\":[\"http:\/\/elregionalvm.com.ar\/noticias-villa-maria\/tiempo-loco-las-inundaciones-por-crecidas-del-rio-en-epoca-del-tranway\/\"]}]},{\"@type\":\"ImageObject\",\"inLanguage\":\"es\",\"@id\":\"http:\/\/elregionalvm.com.ar\/noticias-villa-maria\/tiempo-loco-las-inundaciones-por-crecidas-del-rio-en-epoca-del-tranway\/#primaryimage\",\"url\":\"https:\/\/i0.wp.com\/elregionalvm.com.ar\/noticias-villa-maria\/wp-content\/uploads\/2022\/03\/Villa-Nueva-inundacion-1891-casa.jpg?fit=1332%2C746&ssl=1\",\"contentUrl\":\"https:\/\/i0.wp.com\/elregionalvm.com.ar\/noticias-villa-maria\/wp-content\/uploads\/2022\/03\/Villa-Nueva-inundacion-1891-casa.jpg?fit=1332%2C746&ssl=1\",\"width\":1332,\"height\":746},{\"@type\":\"BreadcrumbList\",\"@id\":\"http:\/\/elregionalvm.com.ar\/noticias-villa-maria\/tiempo-loco-las-inundaciones-por-crecidas-del-rio-en-epoca-del-tranway\/#breadcrumb\",\"itemListElement\":[{\"@type\":\"ListItem\",\"position\":1,\"name\":\"Portada\",\"item\":\"https:\/\/elregionalvm.com.ar\/noticias-villa-maria\/\"},{\"@type\":\"ListItem\",\"position\":2,\"name\":\"[Tiempo Loco] Las inundaciones por crecidas del r\u00edo en \u00e9poca del tranway\"}]},{\"@type\":\"WebSite\",\"@id\":\"http:\/\/elregionalvm.com.ar\/noticias-villa-maria\/#website\",\"url\":\"http:\/\/elregionalvm.com.ar\/noticias-villa-maria\/\",\"name\":\"El Regional\",\"description\":\"Mucho m\u00e1s que informaci\u00f3n\",\"potentialAction\":[{\"@type\":\"SearchAction\",\"target\":{\"@type\":\"EntryPoint\",\"urlTemplate\":\"http:\/\/elregionalvm.com.ar\/noticias-villa-maria\/?s={search_term_string}\"},\"query-input\":{\"@type\":\"PropertyValueSpecification\",\"valueRequired\":true,\"valueName\":\"search_term_string\"}}],\"inLanguage\":\"es\"},{\"@type\":\"Person\",\"@id\":\"http:\/\/elregionalvm.com.ar\/noticias-villa-maria\/#\/schema\/person\/a0fb9c422317faca23d50163151bc354\",\"name\":\"Contenidos El Regional\",\"image\":{\"@type\":\"ImageObject\",\"inLanguage\":\"es\",\"@id\":\"http:\/\/elregionalvm.com.ar\/noticias-villa-maria\/#\/schema\/person\/image\/\",\"url\":\"https:\/\/secure.gravatar.com\/avatar\/265b27cb2209af7bb3a1318f03305787d7981a5cc6e6cd08fe5a4ecdf99d4b48?s=96&d=mm&r=g\",\"contentUrl\":\"https:\/\/secure.gravatar.com\/avatar\/265b27cb2209af7bb3a1318f03305787d7981a5cc6e6cd08fe5a4ecdf99d4b48?s=96&d=mm&r=g\",\"caption\":\"Contenidos El Regional\"},\"url\":\"https:\/\/elregionalvm.com.ar\/noticias-villa-maria\/author\/contenido\/\"}]}<\/script>\n<!-- \/ Yoast SEO plugin. -->","yoast_head_json":{"title":"[Tiempo Loco] Las inundaciones por crecidas del r\u00edo en \u00e9poca del tranway - El Regional","robots":{"index":"index","follow":"follow","max-snippet":"max-snippet:-1","max-image-preview":"max-image-preview:large","max-video-preview":"max-video-preview:-1"},"canonical":"http:\/\/elregionalvm.com.ar\/noticias-villa-maria\/tiempo-loco-las-inundaciones-por-crecidas-del-rio-en-epoca-del-tranway\/","og_locale":"es_ES","og_type":"article","og_title":"[Tiempo Loco] Las inundaciones por crecidas del r\u00edo en \u00e9poca del tranway - El Regional","og_description":"Escribe: Ing. Hern\u00e1n Allasia El surgimiento del n\u00facleo poblacional en inmediaciones del Paso de Ferreira, como consecuencia del aumento en el valor de las tierras que rodeaban la posta y el reordenamiento territorial dirigido por Juan Bautista Bustos en 1826, marc\u00f3 el comienzo de la vinculaci\u00f3n entre el r\u00edo, como recurso natural, y los primeros [&hellip;]","og_url":"http:\/\/elregionalvm.com.ar\/noticias-villa-maria\/tiempo-loco-las-inundaciones-por-crecidas-del-rio-en-epoca-del-tranway\/","og_site_name":"El Regional","article_publisher":"https:\/\/www.facebook.com\/elregionalvm","article_published_time":"2022-03-21T15:01:19+00:00","article_modified_time":"2022-03-23T02:09:06+00:00","og_image":[{"width":1332,"height":746,"url":"http:\/\/elregionalvm.com.ar\/noticias-villa-maria\/wp-content\/uploads\/2022\/03\/Villa-Nueva-inundacion-1891-casa.jpg","type":"image\/jpeg"}],"author":"Contenidos El Regional","twitter_card":"summary_large_image","twitter_creator":"@elregionalvm1","twitter_site":"@elregionalvm1","twitter_misc":{"Escrito por":"Contenidos El Regional","Tiempo de lectura":"3 minutos"},"schema":{"@context":"https:\/\/schema.org","@graph":[{"@type":"Article","@id":"http:\/\/elregionalvm.com.ar\/noticias-villa-maria\/tiempo-loco-las-inundaciones-por-crecidas-del-rio-en-epoca-del-tranway\/#article","isPartOf":{"@id":"http:\/\/elregionalvm.com.ar\/noticias-villa-maria\/tiempo-loco-las-inundaciones-por-crecidas-del-rio-en-epoca-del-tranway\/"},"author":{"name":"Contenidos El Regional","@id":"http:\/\/elregionalvm.com.ar\/noticias-villa-maria\/#\/schema\/person\/a0fb9c422317faca23d50163151bc354"},"headline":"[Tiempo Loco] Las inundaciones por crecidas del r\u00edo en \u00e9poca del tranway","datePublished":"2022-03-21T15:01:19+00:00","dateModified":"2022-03-23T02:09:06+00:00","mainEntityOfPage":{"@id":"http:\/\/elregionalvm.com.ar\/noticias-villa-maria\/tiempo-loco-las-inundaciones-por-crecidas-del-rio-en-epoca-del-tranway\/"},"wordCount":601,"commentCount":0,"image":{"@id":"http:\/\/elregionalvm.com.ar\/noticias-villa-maria\/tiempo-loco-las-inundaciones-por-crecidas-del-rio-en-epoca-del-tranway\/#primaryimage"},"thumbnailUrl":"https:\/\/i0.wp.com\/elregionalvm.com.ar\/noticias-villa-maria\/wp-content\/uploads\/2022\/03\/Villa-Nueva-inundacion-1891-casa.jpg?fit=1332%2C746&ssl=1","keywords":["Hern\u00e1n Allasia","inundaciones","rio","Tiempo loco","Tranway","villa maria","VILLA NUEVA"],"articleSection":["Historias","tercera"],"inLanguage":"es","potentialAction":[{"@type":"CommentAction","name":"Comment","target":["http:\/\/elregionalvm.com.ar\/noticias-villa-maria\/tiempo-loco-las-inundaciones-por-crecidas-del-rio-en-epoca-del-tranway\/#respond"]}]},{"@type":"WebPage","@id":"http:\/\/elregionalvm.com.ar\/noticias-villa-maria\/tiempo-loco-las-inundaciones-por-crecidas-del-rio-en-epoca-del-tranway\/","url":"http:\/\/elregionalvm.com.ar\/noticias-villa-maria\/tiempo-loco-las-inundaciones-por-crecidas-del-rio-en-epoca-del-tranway\/","name":"[Tiempo Loco] Las inundaciones por crecidas del r\u00edo en \u00e9poca del tranway - El Regional","isPartOf":{"@id":"http:\/\/elregionalvm.com.ar\/noticias-villa-maria\/#website"},"primaryImageOfPage":{"@id":"http:\/\/elregionalvm.com.ar\/noticias-villa-maria\/tiempo-loco-las-inundaciones-por-crecidas-del-rio-en-epoca-del-tranway\/#primaryimage"},"image":{"@id":"http:\/\/elregionalvm.com.ar\/noticias-villa-maria\/tiempo-loco-las-inundaciones-por-crecidas-del-rio-en-epoca-del-tranway\/#primaryimage"},"thumbnailUrl":"https:\/\/i0.wp.com\/elregionalvm.com.ar\/noticias-villa-maria\/wp-content\/uploads\/2022\/03\/Villa-Nueva-inundacion-1891-casa.jpg?fit=1332%2C746&ssl=1","datePublished":"2022-03-21T15:01:19+00:00","dateModified":"2022-03-23T02:09:06+00:00","author":{"@id":"http:\/\/elregionalvm.com.ar\/noticias-villa-maria\/#\/schema\/person\/a0fb9c422317faca23d50163151bc354"},"breadcrumb":{"@id":"http:\/\/elregionalvm.com.ar\/noticias-villa-maria\/tiempo-loco-las-inundaciones-por-crecidas-del-rio-en-epoca-del-tranway\/#breadcrumb"},"inLanguage":"es","potentialAction":[{"@type":"ReadAction","target":["http:\/\/elregionalvm.com.ar\/noticias-villa-maria\/tiempo-loco-las-inundaciones-por-crecidas-del-rio-en-epoca-del-tranway\/"]}]},{"@type":"ImageObject","inLanguage":"es","@id":"http:\/\/elregionalvm.com.ar\/noticias-villa-maria\/tiempo-loco-las-inundaciones-por-crecidas-del-rio-en-epoca-del-tranway\/#primaryimage","url":"https:\/\/i0.wp.com\/elregionalvm.com.ar\/noticias-villa-maria\/wp-content\/uploads\/2022\/03\/Villa-Nueva-inundacion-1891-casa.jpg?fit=1332%2C746&ssl=1","contentUrl":"https:\/\/i0.wp.com\/elregionalvm.com.ar\/noticias-villa-maria\/wp-content\/uploads\/2022\/03\/Villa-Nueva-inundacion-1891-casa.jpg?fit=1332%2C746&ssl=1","width":1332,"height":746},{"@type":"BreadcrumbList","@id":"http:\/\/elregionalvm.com.ar\/noticias-villa-maria\/tiempo-loco-las-inundaciones-por-crecidas-del-rio-en-epoca-del-tranway\/#breadcrumb","itemListElement":[{"@type":"ListItem","position":1,"name":"Portada","item":"https:\/\/elregionalvm.com.ar\/noticias-villa-maria\/"},{"@type":"ListItem","position":2,"name":"[Tiempo Loco] Las inundaciones por crecidas del r\u00edo en \u00e9poca del tranway"}]},{"@type":"WebSite","@id":"http:\/\/elregionalvm.com.ar\/noticias-villa-maria\/#website","url":"http:\/\/elregionalvm.com.ar\/noticias-villa-maria\/","name":"El Regional","description":"Mucho m\u00e1s que informaci\u00f3n","potentialAction":[{"@type":"SearchAction","target":{"@type":"EntryPoint","urlTemplate":"http:\/\/elregionalvm.com.ar\/noticias-villa-maria\/?s={search_term_string}"},"query-input":{"@type":"PropertyValueSpecification","valueRequired":true,"valueName":"search_term_string"}}],"inLanguage":"es"},{"@type":"Person","@id":"http:\/\/elregionalvm.com.ar\/noticias-villa-maria\/#\/schema\/person\/a0fb9c422317faca23d50163151bc354","name":"Contenidos El Regional","image":{"@type":"ImageObject","inLanguage":"es","@id":"http:\/\/elregionalvm.com.ar\/noticias-villa-maria\/#\/schema\/person\/image\/","url":"https:\/\/secure.gravatar.com\/avatar\/265b27cb2209af7bb3a1318f03305787d7981a5cc6e6cd08fe5a4ecdf99d4b48?s=96&d=mm&r=g","contentUrl":"https:\/\/secure.gravatar.com\/avatar\/265b27cb2209af7bb3a1318f03305787d7981a5cc6e6cd08fe5a4ecdf99d4b48?s=96&d=mm&r=g","caption":"Contenidos El Regional"},"url":"https:\/\/elregionalvm.com.ar\/noticias-villa-maria\/author\/contenido\/"}]}},"jetpack_featured_media_url":"https:\/\/i0.wp.com\/elregionalvm.com.ar\/noticias-villa-maria\/wp-content\/uploads\/2022\/03\/Villa-Nueva-inundacion-1891-casa.jpg?fit=1332%2C746&ssl=1","jetpack_sharing_enabled":true,"_links":{"self":[{"href":"https:\/\/elregionalvm.com.ar\/noticias-villa-maria\/wp-json\/wp\/v2\/posts\/54455","targetHints":{"allow":["GET"]}}],"collection":[{"href":"https:\/\/elregionalvm.com.ar\/noticias-villa-maria\/wp-json\/wp\/v2\/posts"}],"about":[{"href":"https:\/\/elregionalvm.com.ar\/noticias-villa-maria\/wp-json\/wp\/v2\/types\/post"}],"author":[{"embeddable":true,"href":"https:\/\/elregionalvm.com.ar\/noticias-villa-maria\/wp-json\/wp\/v2\/users\/4"}],"replies":[{"embeddable":true,"href":"https:\/\/elregionalvm.com.ar\/noticias-villa-maria\/wp-json\/wp\/v2\/comments?post=54455"}],"version-history":[{"count":4,"href":"https:\/\/elregionalvm.com.ar\/noticias-villa-maria\/wp-json\/wp\/v2\/posts\/54455\/revisions"}],"predecessor-version":[{"id":54464,"href":"https:\/\/elregionalvm.com.ar\/noticias-villa-maria\/wp-json\/wp\/v2\/posts\/54455\/revisions\/54464"}],"wp:featuredmedia":[{"embeddable":true,"href":"https:\/\/elregionalvm.com.ar\/noticias-villa-maria\/wp-json\/wp\/v2\/media\/54460"}],"wp:attachment":[{"href":"https:\/\/elregionalvm.com.ar\/noticias-villa-maria\/wp-json\/wp\/v2\/media?parent=54455"}],"wp:term":[{"taxonomy":"category","embeddable":true,"href":"https:\/\/elregionalvm.com.ar\/noticias-villa-maria\/wp-json\/wp\/v2\/categories?post=54455"},{"taxonomy":"post_tag","embeddable":true,"href":"https:\/\/elregionalvm.com.ar\/noticias-villa-maria\/wp-json\/wp\/v2\/tags?post=54455"}],"curies":[{"name":"wp","href":"https:\/\/api.w.org\/{rel}","templated":true}]}}