{"id":54476,"date":"2022-03-21T22:52:08","date_gmt":"2022-03-21T22:52:08","guid":{"rendered":"https:\/\/elregionalvm.com.ar\/noticias-villa-maria\/?p=54476"},"modified":"2022-03-21T22:53:11","modified_gmt":"2022-03-21T22:53:11","slug":"murio-el-joven-allasia-tras-el-choque-entre-dos-motos-en-bo-palermo","status":"publish","type":"post","link":"https:\/\/elregionalvm.com.ar\/noticias-villa-maria\/murio-el-joven-allasia-tras-el-choque-entre-dos-motos-en-bo-palermo\/","title":{"rendered":"Muri\u00f3 el joven Allasia, accidentado el s\u00e1bado en B\u00ba Palermo"},"content":{"rendered":"\n<p>Se confirm\u00f3 que esta ma\u00f1ana, alrededor de las 10:15, falleci\u00f3 en el Hospital Pasteur de nuestra ciudad el joven Evander Allasia de 20 a\u00f1os, que hab\u00eda resultado con importantes lesiones el s\u00e1bado pasado al protagonizar un accidente en barrio Palermo.<\/p>\n\n\n\n<p>Todo ocurri\u00f3, alrededor de las 5:45 de la ma\u00f1ana en Elpidio Gonz\u00e1lez al 550, cuando chocaron una moto Honda CG Tit\u00e1n, conducida por el joven fallecido, acompa\u00f1ado por otro joven de 23 a\u00f1os, con otra moto de la misma marca y modelo, pero que iba comandada por otro joven de 23 a\u00f1os, acompa\u00f1ado por otro de 25 a\u00f1os.<\/p>\n\n\n\n<p>Los bomberos villamarienses trasladaron al hospital a todos los involucrados, aunque por el tipo de lesiones Allasia era el m\u00e1s comprometido de todos.<\/p>\n","protected":false},"excerpt":{"rendered":"<p>Se confirm\u00f3 que esta ma\u00f1ana, alrededor de las 10:15, falleci\u00f3 en el Hospital Pasteur de nuestra ciudad el joven Evander Allasia de 20 a\u00f1os, que hab\u00eda resultado con importantes lesiones el s\u00e1bado pasado al protagonizar un accidente en barrio Palermo. Todo ocurri\u00f3, alrededor de las 5:45 de la ma\u00f1ana en Elpidio Gonz\u00e1lez al 550, cuando [&hellip;]<\/p>\n","protected":false},"author":4,"featured_media":54478,"comment_status":"open","ping_status":"open","sticky":false,"template":"","format":"standard","meta":{"site-sidebar-layout":"default","site-content-layout":"","ast-site-content-layout":"default","site-content-style":"default","site-sidebar-style":"default","ast-global-header-display":"","ast-banner-title-visibility":"","ast-main-header-display":"","ast-hfb-above-header-display":"","ast-hfb-below-header-display":"","ast-hfb-mobile-header-display":"","site-post-title":"","ast-breadcrumbs-content":"","ast-featured-img":"","footer-sml-layout":"","ast-disable-related-posts":"","theme-transparent-header-meta":"","adv-header-id-meta":"","stick-header-meta":"","header-above-stick-meta":"","header-main-stick-meta":"","header-below-stick-meta":"","astra-migrate-meta-layouts":"default","ast-page-background-enabled":"default","ast-page-background-meta":{"desktop":{"background-color":"","background-image":"","background-repeat":"repeat","background-position":"center center","background-size":"auto","background-attachment":"scroll","background-type":"","background-media":"","overlay-type":"","overlay-color":"","overlay-opacity":"","overlay-gradient":""},"tablet":{"background-color":"","background-image":"","background-repeat":"repeat","background-position":"center center","background-size":"auto","background-attachment":"scroll","background-type":"","background-media":"","overlay-type":"","overlay-color":"","overlay-opacity":"","overlay-gradient":""},"mobile":{"background-color":"","background-image":"","background-repeat":"repeat","background-position":"center center","background-size":"auto","background-attachment":"scroll","background-type":"","background-media":"","overlay-type":"","overlay-color":"","overlay-opacity":"","overlay-gradient":""}},"ast-content-background-meta":{"desktop":{"background-color":"var(--ast-global-color-5)","background-image":"","background-repeat":"repeat","background-position":"center center","background-size":"auto","background-attachment":"scroll","background-type":"","background-media":"","overlay-type":"","overlay-color":"","overlay-opacity":"","overlay-gradient":""},"tablet":{"background-color":"var(--ast-global-color-5)","background-image":"","background-repeat":"repeat","background-position":"center center","background-size":"auto","background-attachment":"scroll","background-type":"","background-media":"","overlay-type":"","overlay-color":"","overlay-opacity":"","overlay-gradient":""},"mobile":{"background-color":"var(--ast-global-color-5)","background-image":"","background-repeat":"repeat","background-position":"center center","background-size":"auto","background-attachment":"scroll","background-type":"","background-media":"","overlay-type":"","overlay-color":"","overlay-opacity":"","overlay-gradient":""}},"_jetpack_memberships_contains_paid_content":false,"_joinchat":[],"footnotes":""},"categories":[2],"tags":[5360,3745,14381,1232,14380,11402,2248],"class_list":["post-54476","post","type-post","status-publish","format-standard","has-post-thumbnail","hentry","category-villa-maria","tag-accidentes-de-transito","tag-barrio-palermo","tag-choque-entre-dos-motos","tag-destacado","tag-evander-allasia","tag-joven-fallecido","tag-villa-maria-2"],"yoast_head":"<!-- This site is optimized with the Yoast SEO plugin v26.8 - https:\/\/yoast.com\/product\/yoast-seo-wordpress\/ -->\n<title>Muri\u00f3 el joven Allasia, accidentado el s\u00e1bado en B\u00ba Palermo - El Regional<\/title>\n<meta name=\"robots\" content=\"index, follow, max-snippet:-1, max-image-preview:large, max-video-preview:-1\" \/>\n<link rel=\"canonical\" href=\"http:\/\/elregionalvm.com.ar\/noticias-villa-maria\/murio-el-joven-allasia-tras-el-choque-entre-dos-motos-en-bo-palermo\/\" \/>\n<meta property=\"og:locale\" content=\"es_ES\" \/>\n<meta property=\"og:type\" content=\"article\" \/>\n<meta property=\"og:title\" content=\"Muri\u00f3 el joven Allasia, accidentado el s\u00e1bado en B\u00ba Palermo - El Regional\" \/>\n<meta property=\"og:description\" content=\"Se confirm\u00f3 que esta ma\u00f1ana, alrededor de las 10:15, falleci\u00f3 en el Hospital Pasteur de nuestra ciudad el joven Evander Allasia de 20 a\u00f1os, que hab\u00eda resultado con importantes lesiones el s\u00e1bado pasado al protagonizar un accidente en barrio Palermo. Todo ocurri\u00f3, alrededor de las 5:45 de la ma\u00f1ana en Elpidio Gonz\u00e1lez al 550, cuando [&hellip;]\" \/>\n<meta property=\"og:url\" content=\"http:\/\/elregionalvm.com.ar\/noticias-villa-maria\/murio-el-joven-allasia-tras-el-choque-entre-dos-motos-en-bo-palermo\/\" \/>\n<meta property=\"og:site_name\" content=\"El Regional\" \/>\n<meta property=\"article:publisher\" content=\"https:\/\/www.facebook.com\/elregionalvm\" \/>\n<meta property=\"article:published_time\" content=\"2022-03-21T22:52:08+00:00\" \/>\n<meta property=\"article:modified_time\" content=\"2022-03-21T22:53:11+00:00\" \/>\n<meta property=\"og:image\" content=\"http:\/\/elregionalvm.com.ar\/noticias-villa-maria\/wp-content\/uploads\/2022\/03\/Evander-Allasia.png\" \/>\n\t<meta property=\"og:image:width\" content=\"494\" \/>\n\t<meta property=\"og:image:height\" content=\"518\" \/>\n\t<meta property=\"og:image:type\" content=\"image\/png\" \/>\n<meta name=\"author\" content=\"Contenidos El Regional\" \/>\n<meta name=\"twitter:card\" content=\"summary_large_image\" \/>\n<meta name=\"twitter:creator\" content=\"@elregionalvm1\" \/>\n<meta name=\"twitter:site\" content=\"@elregionalvm1\" \/>\n<meta name=\"twitter:label1\" content=\"Escrito por\" \/>\n\t<meta name=\"twitter:data1\" content=\"Contenidos El Regional\" \/>\n\t<meta name=\"twitter:label2\" content=\"Tiempo de lectura\" \/>\n\t<meta name=\"twitter:data2\" content=\"1 minuto\" \/>\n<script type=\"application\/ld+json\" class=\"yoast-schema-graph\">{\"@context\":\"https:\/\/schema.org\",\"@graph\":[{\"@type\":\"Article\",\"@id\":\"http:\/\/elregionalvm.com.ar\/noticias-villa-maria\/murio-el-joven-allasia-tras-el-choque-entre-dos-motos-en-bo-palermo\/#article\",\"isPartOf\":{\"@id\":\"http:\/\/elregionalvm.com.ar\/noticias-villa-maria\/murio-el-joven-allasia-tras-el-choque-entre-dos-motos-en-bo-palermo\/\"},\"author\":{\"name\":\"Contenidos El Regional\",\"@id\":\"http:\/\/elregionalvm.com.ar\/noticias-villa-maria\/#\/schema\/person\/a0fb9c422317faca23d50163151bc354\"},\"headline\":\"Muri\u00f3 el joven Allasia, accidentado el s\u00e1bado en B\u00ba Palermo\",\"datePublished\":\"2022-03-21T22:52:08+00:00\",\"dateModified\":\"2022-03-21T22:53:11+00:00\",\"mainEntityOfPage\":{\"@id\":\"http:\/\/elregionalvm.com.ar\/noticias-villa-maria\/murio-el-joven-allasia-tras-el-choque-entre-dos-motos-en-bo-palermo\/\"},\"wordCount\":138,\"commentCount\":0,\"image\":{\"@id\":\"http:\/\/elregionalvm.com.ar\/noticias-villa-maria\/murio-el-joven-allasia-tras-el-choque-entre-dos-motos-en-bo-palermo\/#primaryimage\"},\"thumbnailUrl\":\"https:\/\/i0.wp.com\/elregionalvm.com.ar\/noticias-villa-maria\/wp-content\/uploads\/2022\/03\/Evander-Allasia.png?fit=494%2C518&ssl=1\",\"keywords\":[\"Accidentes de tr\u00e1nsito\",\"Barrio Palermo\",\"choque entre dos motos\",\"destacado\",\"Evander Allasia\",\"joven fallecido\",\"Villa Mar\u00eda\"],\"articleSection\":[\"Villa Mar\u00eda\"],\"inLanguage\":\"es\",\"potentialAction\":[{\"@type\":\"CommentAction\",\"name\":\"Comment\",\"target\":[\"http:\/\/elregionalvm.com.ar\/noticias-villa-maria\/murio-el-joven-allasia-tras-el-choque-entre-dos-motos-en-bo-palermo\/#respond\"]}]},{\"@type\":\"WebPage\",\"@id\":\"http:\/\/elregionalvm.com.ar\/noticias-villa-maria\/murio-el-joven-allasia-tras-el-choque-entre-dos-motos-en-bo-palermo\/\",\"url\":\"http:\/\/elregionalvm.com.ar\/noticias-villa-maria\/murio-el-joven-allasia-tras-el-choque-entre-dos-motos-en-bo-palermo\/\",\"name\":\"Muri\u00f3 el joven Allasia, accidentado el s\u00e1bado en B\u00ba Palermo - El Regional\",\"isPartOf\":{\"@id\":\"http:\/\/elregionalvm.com.ar\/noticias-villa-maria\/#website\"},\"primaryImageOfPage\":{\"@id\":\"http:\/\/elregionalvm.com.ar\/noticias-villa-maria\/murio-el-joven-allasia-tras-el-choque-entre-dos-motos-en-bo-palermo\/#primaryimage\"},\"image\":{\"@id\":\"http:\/\/elregionalvm.com.ar\/noticias-villa-maria\/murio-el-joven-allasia-tras-el-choque-entre-dos-motos-en-bo-palermo\/#primaryimage\"},\"thumbnailUrl\":\"https:\/\/i0.wp.com\/elregionalvm.com.ar\/noticias-villa-maria\/wp-content\/uploads\/2022\/03\/Evander-Allasia.png?fit=494%2C518&ssl=1\",\"datePublished\":\"2022-03-21T22:52:08+00:00\",\"dateModified\":\"2022-03-21T22:53:11+00:00\",\"author\":{\"@id\":\"http:\/\/elregionalvm.com.ar\/noticias-villa-maria\/#\/schema\/person\/a0fb9c422317faca23d50163151bc354\"},\"breadcrumb\":{\"@id\":\"http:\/\/elregionalvm.com.ar\/noticias-villa-maria\/murio-el-joven-allasia-tras-el-choque-entre-dos-motos-en-bo-palermo\/#breadcrumb\"},\"inLanguage\":\"es\",\"potentialAction\":[{\"@type\":\"ReadAction\",\"target\":[\"http:\/\/elregionalvm.com.ar\/noticias-villa-maria\/murio-el-joven-allasia-tras-el-choque-entre-dos-motos-en-bo-palermo\/\"]}]},{\"@type\":\"ImageObject\",\"inLanguage\":\"es\",\"@id\":\"http:\/\/elregionalvm.com.ar\/noticias-villa-maria\/murio-el-joven-allasia-tras-el-choque-entre-dos-motos-en-bo-palermo\/#primaryimage\",\"url\":\"https:\/\/i0.wp.com\/elregionalvm.com.ar\/noticias-villa-maria\/wp-content\/uploads\/2022\/03\/Evander-Allasia.png?fit=494%2C518&ssl=1\",\"contentUrl\":\"https:\/\/i0.wp.com\/elregionalvm.com.ar\/noticias-villa-maria\/wp-content\/uploads\/2022\/03\/Evander-Allasia.png?fit=494%2C518&ssl=1\",\"width\":494,\"height\":518},{\"@type\":\"BreadcrumbList\",\"@id\":\"http:\/\/elregionalvm.com.ar\/noticias-villa-maria\/murio-el-joven-allasia-tras-el-choque-entre-dos-motos-en-bo-palermo\/#breadcrumb\",\"itemListElement\":[{\"@type\":\"ListItem\",\"position\":1,\"name\":\"Portada\",\"item\":\"https:\/\/elregionalvm.com.ar\/noticias-villa-maria\/\"},{\"@type\":\"ListItem\",\"position\":2,\"name\":\"Muri\u00f3 el joven Allasia, accidentado el s\u00e1bado en B\u00ba Palermo\"}]},{\"@type\":\"WebSite\",\"@id\":\"http:\/\/elregionalvm.com.ar\/noticias-villa-maria\/#website\",\"url\":\"http:\/\/elregionalvm.com.ar\/noticias-villa-maria\/\",\"name\":\"El Regional\",\"description\":\"Mucho m\u00e1s que informaci\u00f3n\",\"potentialAction\":[{\"@type\":\"SearchAction\",\"target\":{\"@type\":\"EntryPoint\",\"urlTemplate\":\"http:\/\/elregionalvm.com.ar\/noticias-villa-maria\/?s={search_term_string}\"},\"query-input\":{\"@type\":\"PropertyValueSpecification\",\"valueRequired\":true,\"valueName\":\"search_term_string\"}}],\"inLanguage\":\"es\"},{\"@type\":\"Person\",\"@id\":\"http:\/\/elregionalvm.com.ar\/noticias-villa-maria\/#\/schema\/person\/a0fb9c422317faca23d50163151bc354\",\"name\":\"Contenidos El Regional\",\"image\":{\"@type\":\"ImageObject\",\"inLanguage\":\"es\",\"@id\":\"http:\/\/elregionalvm.com.ar\/noticias-villa-maria\/#\/schema\/person\/image\/\",\"url\":\"https:\/\/secure.gravatar.com\/avatar\/265b27cb2209af7bb3a1318f03305787d7981a5cc6e6cd08fe5a4ecdf99d4b48?s=96&d=mm&r=g\",\"contentUrl\":\"https:\/\/secure.gravatar.com\/avatar\/265b27cb2209af7bb3a1318f03305787d7981a5cc6e6cd08fe5a4ecdf99d4b48?s=96&d=mm&r=g\",\"caption\":\"Contenidos El Regional\"},\"url\":\"https:\/\/elregionalvm.com.ar\/noticias-villa-maria\/author\/contenido\/\"}]}<\/script>\n<!-- \/ Yoast SEO plugin. -->","yoast_head_json":{"title":"Muri\u00f3 el joven Allasia, accidentado el s\u00e1bado en B\u00ba Palermo - El Regional","robots":{"index":"index","follow":"follow","max-snippet":"max-snippet:-1","max-image-preview":"max-image-preview:large","max-video-preview":"max-video-preview:-1"},"canonical":"http:\/\/elregionalvm.com.ar\/noticias-villa-maria\/murio-el-joven-allasia-tras-el-choque-entre-dos-motos-en-bo-palermo\/","og_locale":"es_ES","og_type":"article","og_title":"Muri\u00f3 el joven Allasia, accidentado el s\u00e1bado en B\u00ba Palermo - El Regional","og_description":"Se confirm\u00f3 que esta ma\u00f1ana, alrededor de las 10:15, falleci\u00f3 en el Hospital Pasteur de nuestra ciudad el joven Evander Allasia de 20 a\u00f1os, que hab\u00eda resultado con importantes lesiones el s\u00e1bado pasado al protagonizar un accidente en barrio Palermo. Todo ocurri\u00f3, alrededor de las 5:45 de la ma\u00f1ana en Elpidio Gonz\u00e1lez al 550, cuando [&hellip;]","og_url":"http:\/\/elregionalvm.com.ar\/noticias-villa-maria\/murio-el-joven-allasia-tras-el-choque-entre-dos-motos-en-bo-palermo\/","og_site_name":"El Regional","article_publisher":"https:\/\/www.facebook.com\/elregionalvm","article_published_time":"2022-03-21T22:52:08+00:00","article_modified_time":"2022-03-21T22:53:11+00:00","og_image":[{"width":494,"height":518,"url":"http:\/\/elregionalvm.com.ar\/noticias-villa-maria\/wp-content\/uploads\/2022\/03\/Evander-Allasia.png","type":"image\/png"}],"author":"Contenidos El Regional","twitter_card":"summary_large_image","twitter_creator":"@elregionalvm1","twitter_site":"@elregionalvm1","twitter_misc":{"Escrito por":"Contenidos El Regional","Tiempo de lectura":"1 minuto"},"schema":{"@context":"https:\/\/schema.org","@graph":[{"@type":"Article","@id":"http:\/\/elregionalvm.com.ar\/noticias-villa-maria\/murio-el-joven-allasia-tras-el-choque-entre-dos-motos-en-bo-palermo\/#article","isPartOf":{"@id":"http:\/\/elregionalvm.com.ar\/noticias-villa-maria\/murio-el-joven-allasia-tras-el-choque-entre-dos-motos-en-bo-palermo\/"},"author":{"name":"Contenidos El Regional","@id":"http:\/\/elregionalvm.com.ar\/noticias-villa-maria\/#\/schema\/person\/a0fb9c422317faca23d50163151bc354"},"headline":"Muri\u00f3 el joven Allasia, accidentado el s\u00e1bado en B\u00ba Palermo","datePublished":"2022-03-21T22:52:08+00:00","dateModified":"2022-03-21T22:53:11+00:00","mainEntityOfPage":{"@id":"http:\/\/elregionalvm.com.ar\/noticias-villa-maria\/murio-el-joven-allasia-tras-el-choque-entre-dos-motos-en-bo-palermo\/"},"wordCount":138,"commentCount":0,"image":{"@id":"http:\/\/elregionalvm.com.ar\/noticias-villa-maria\/murio-el-joven-allasia-tras-el-choque-entre-dos-motos-en-bo-palermo\/#primaryimage"},"thumbnailUrl":"https:\/\/i0.wp.com\/elregionalvm.com.ar\/noticias-villa-maria\/wp-content\/uploads\/2022\/03\/Evander-Allasia.png?fit=494%2C518&ssl=1","keywords":["Accidentes de tr\u00e1nsito","Barrio Palermo","choque entre dos motos","destacado","Evander Allasia","joven fallecido","Villa Mar\u00eda"],"articleSection":["Villa Mar\u00eda"],"inLanguage":"es","potentialAction":[{"@type":"CommentAction","name":"Comment","target":["http:\/\/elregionalvm.com.ar\/noticias-villa-maria\/murio-el-joven-allasia-tras-el-choque-entre-dos-motos-en-bo-palermo\/#respond"]}]},{"@type":"WebPage","@id":"http:\/\/elregionalvm.com.ar\/noticias-villa-maria\/murio-el-joven-allasia-tras-el-choque-entre-dos-motos-en-bo-palermo\/","url":"http:\/\/elregionalvm.com.ar\/noticias-villa-maria\/murio-el-joven-allasia-tras-el-choque-entre-dos-motos-en-bo-palermo\/","name":"Muri\u00f3 el joven Allasia, accidentado el s\u00e1bado en B\u00ba Palermo - El Regional","isPartOf":{"@id":"http:\/\/elregionalvm.com.ar\/noticias-villa-maria\/#website"},"primaryImageOfPage":{"@id":"http:\/\/elregionalvm.com.ar\/noticias-villa-maria\/murio-el-joven-allasia-tras-el-choque-entre-dos-motos-en-bo-palermo\/#primaryimage"},"image":{"@id":"http:\/\/elregionalvm.com.ar\/noticias-villa-maria\/murio-el-joven-allasia-tras-el-choque-entre-dos-motos-en-bo-palermo\/#primaryimage"},"thumbnailUrl":"https:\/\/i0.wp.com\/elregionalvm.com.ar\/noticias-villa-maria\/wp-content\/uploads\/2022\/03\/Evander-Allasia.png?fit=494%2C518&ssl=1","datePublished":"2022-03-21T22:52:08+00:00","dateModified":"2022-03-21T22:53:11+00:00","author":{"@id":"http:\/\/elregionalvm.com.ar\/noticias-villa-maria\/#\/schema\/person\/a0fb9c422317faca23d50163151bc354"},"breadcrumb":{"@id":"http:\/\/elregionalvm.com.ar\/noticias-villa-maria\/murio-el-joven-allasia-tras-el-choque-entre-dos-motos-en-bo-palermo\/#breadcrumb"},"inLanguage":"es","potentialAction":[{"@type":"ReadAction","target":["http:\/\/elregionalvm.com.ar\/noticias-villa-maria\/murio-el-joven-allasia-tras-el-choque-entre-dos-motos-en-bo-palermo\/"]}]},{"@type":"ImageObject","inLanguage":"es","@id":"http:\/\/elregionalvm.com.ar\/noticias-villa-maria\/murio-el-joven-allasia-tras-el-choque-entre-dos-motos-en-bo-palermo\/#primaryimage","url":"https:\/\/i0.wp.com\/elregionalvm.com.ar\/noticias-villa-maria\/wp-content\/uploads\/2022\/03\/Evander-Allasia.png?fit=494%2C518&ssl=1","contentUrl":"https:\/\/i0.wp.com\/elregionalvm.com.ar\/noticias-villa-maria\/wp-content\/uploads\/2022\/03\/Evander-Allasia.png?fit=494%2C518&ssl=1","width":494,"height":518},{"@type":"BreadcrumbList","@id":"http:\/\/elregionalvm.com.ar\/noticias-villa-maria\/murio-el-joven-allasia-tras-el-choque-entre-dos-motos-en-bo-palermo\/#breadcrumb","itemListElement":[{"@type":"ListItem","position":1,"name":"Portada","item":"https:\/\/elregionalvm.com.ar\/noticias-villa-maria\/"},{"@type":"ListItem","position":2,"name":"Muri\u00f3 el joven Allasia, accidentado el s\u00e1bado en B\u00ba Palermo"}]},{"@type":"WebSite","@id":"http:\/\/elregionalvm.com.ar\/noticias-villa-maria\/#website","url":"http:\/\/elregionalvm.com.ar\/noticias-villa-maria\/","name":"El Regional","description":"Mucho m\u00e1s que informaci\u00f3n","potentialAction":[{"@type":"SearchAction","target":{"@type":"EntryPoint","urlTemplate":"http:\/\/elregionalvm.com.ar\/noticias-villa-maria\/?s={search_term_string}"},"query-input":{"@type":"PropertyValueSpecification","valueRequired":true,"valueName":"search_term_string"}}],"inLanguage":"es"},{"@type":"Person","@id":"http:\/\/elregionalvm.com.ar\/noticias-villa-maria\/#\/schema\/person\/a0fb9c422317faca23d50163151bc354","name":"Contenidos El Regional","image":{"@type":"ImageObject","inLanguage":"es","@id":"http:\/\/elregionalvm.com.ar\/noticias-villa-maria\/#\/schema\/person\/image\/","url":"https:\/\/secure.gravatar.com\/avatar\/265b27cb2209af7bb3a1318f03305787d7981a5cc6e6cd08fe5a4ecdf99d4b48?s=96&d=mm&r=g","contentUrl":"https:\/\/secure.gravatar.com\/avatar\/265b27cb2209af7bb3a1318f03305787d7981a5cc6e6cd08fe5a4ecdf99d4b48?s=96&d=mm&r=g","caption":"Contenidos El Regional"},"url":"https:\/\/elregionalvm.com.ar\/noticias-villa-maria\/author\/contenido\/"}]}},"jetpack_featured_media_url":"https:\/\/i0.wp.com\/elregionalvm.com.ar\/noticias-villa-maria\/wp-content\/uploads\/2022\/03\/Evander-Allasia.png?fit=494%2C518&ssl=1","jetpack_sharing_enabled":true,"_links":{"self":[{"href":"https:\/\/elregionalvm.com.ar\/noticias-villa-maria\/wp-json\/wp\/v2\/posts\/54476","targetHints":{"allow":["GET"]}}],"collection":[{"href":"https:\/\/elregionalvm.com.ar\/noticias-villa-maria\/wp-json\/wp\/v2\/posts"}],"about":[{"href":"https:\/\/elregionalvm.com.ar\/noticias-villa-maria\/wp-json\/wp\/v2\/types\/post"}],"author":[{"embeddable":true,"href":"https:\/\/elregionalvm.com.ar\/noticias-villa-maria\/wp-json\/wp\/v2\/users\/4"}],"replies":[{"embeddable":true,"href":"https:\/\/elregionalvm.com.ar\/noticias-villa-maria\/wp-json\/wp\/v2\/comments?post=54476"}],"version-history":[{"count":2,"href":"https:\/\/elregionalvm.com.ar\/noticias-villa-maria\/wp-json\/wp\/v2\/posts\/54476\/revisions"}],"predecessor-version":[{"id":54480,"href":"https:\/\/elregionalvm.com.ar\/noticias-villa-maria\/wp-json\/wp\/v2\/posts\/54476\/revisions\/54480"}],"wp:featuredmedia":[{"embeddable":true,"href":"https:\/\/elregionalvm.com.ar\/noticias-villa-maria\/wp-json\/wp\/v2\/media\/54478"}],"wp:attachment":[{"href":"https:\/\/elregionalvm.com.ar\/noticias-villa-maria\/wp-json\/wp\/v2\/media?parent=54476"}],"wp:term":[{"taxonomy":"category","embeddable":true,"href":"https:\/\/elregionalvm.com.ar\/noticias-villa-maria\/wp-json\/wp\/v2\/categories?post=54476"},{"taxonomy":"post_tag","embeddable":true,"href":"https:\/\/elregionalvm.com.ar\/noticias-villa-maria\/wp-json\/wp\/v2\/tags?post=54476"}],"curies":[{"name":"wp","href":"https:\/\/api.w.org\/{rel}","templated":true}]}}