{"id":54485,"date":"2022-03-21T23:26:15","date_gmt":"2022-03-21T23:26:15","guid":{"rendered":"https:\/\/elregionalvm.com.ar\/noticias-villa-maria\/?p=54485"},"modified":"2022-03-21T23:26:16","modified_gmt":"2022-03-21T23:26:16","slug":"nuevos-horarios-para-testeos-en-los-caps-y-en-la-asistencia-publica","status":"publish","type":"post","link":"https:\/\/elregionalvm.com.ar\/noticias-villa-maria\/nuevos-horarios-para-testeos-en-los-caps-y-en-la-asistencia-publica\/","title":{"rendered":"Nuevos horarios para testeos en los CAPS y en la Asistencia P\u00fablica"},"content":{"rendered":"\n<p>A fin de cubrir con la demanda de testeos y detectar preventivamente los casos positivos de covid, el municipio informa que desde hoy est\u00e1n vigentes nuevos horarios de atenci\u00f3n para realizar hisopados, tanto en Asistencia P\u00fablica como en los diferentes CAPS.<\/p>\n\n\n\n<p>De esta manera, los horarios y dependencias donde los vecinos y vecinas podr\u00e1n realizarse los testeos son los siguientes:<\/p>\n\n\n\n<p><strong>Lunes a lunes, incluso feriados<\/strong><br>Asistencia P\u00fablica de 8 a 12 horas.<\/p>\n\n\n\n<p><strong>Lunes a viernes de 14 a 17 horas<\/strong><br>CAPS Belgrano &#8211; Carlos Pellegrini &#8211; La Calera &#8211; Las Acacias &#8211; Las Playas &#8211; Los Olmos &#8211; Nicol\u00e1s Avellaneda \u2013 Rivadavia &#8211; Roque S\u00e1enz Pe\u00f1a &#8211; San Mart\u00edn.<\/p>\n\n\n\n<p>Cabe destacar que la detecci\u00f3n temprana del virus covid y otras enfermedades permitir\u00e1 incrementar la efectividad del tratamiento que lleve adelante la persona.<\/p>\n\n\n\n<p><strong>POCOS CASOS  AYER Y HOY<\/strong><\/p>\n\n\n\n<p>El domingo tuvimos solamente 3 contagios y 69 test en total. <\/p>\n\n\n\n<div class=\"wp-block-image\"><figure class=\"aligncenter size-large is-resized\"><img data-recalc-dims=\"1\" fetchpriority=\"high\" decoding=\"async\" src=\"https:\/\/i0.wp.com\/elregionalvm.com.ar\/noticias-villa-maria\/wp-content\/uploads\/2022\/03\/WhatsApp-Image-2022-03-20-at-19.42.41.jpeg?resize=437%2C232&#038;ssl=1\" alt=\"\" class=\"wp-image-54486\" width=\"437\" height=\"232\" srcset=\"https:\/\/i0.wp.com\/elregionalvm.com.ar\/noticias-villa-maria\/wp-content\/uploads\/2022\/03\/WhatsApp-Image-2022-03-20-at-19.42.41.jpeg?resize=1024%2C545&amp;ssl=1 1024w, https:\/\/i0.wp.com\/elregionalvm.com.ar\/noticias-villa-maria\/wp-content\/uploads\/2022\/03\/WhatsApp-Image-2022-03-20-at-19.42.41.jpeg?resize=300%2C160&amp;ssl=1 300w, https:\/\/i0.wp.com\/elregionalvm.com.ar\/noticias-villa-maria\/wp-content\/uploads\/2022\/03\/WhatsApp-Image-2022-03-20-at-19.42.41.jpeg?resize=768%2C408&amp;ssl=1 768w, https:\/\/i0.wp.com\/elregionalvm.com.ar\/noticias-villa-maria\/wp-content\/uploads\/2022\/03\/WhatsApp-Image-2022-03-20-at-19.42.41.jpeg?w=1339&amp;ssl=1 1339w\" sizes=\"(max-width: 437px) 100vw, 437px\" \/><\/figure><\/div>\n\n\n\n<p>Mientras que este lunes apenas hubo un \u00fanico contagio entre 66 test practicados. <\/p>\n\n\n\n<div class=\"wp-block-image\"><figure class=\"aligncenter size-large is-resized\"><img data-recalc-dims=\"1\" decoding=\"async\" src=\"https:\/\/i0.wp.com\/elregionalvm.com.ar\/noticias-villa-maria\/wp-content\/uploads\/2022\/03\/WhatsApp-Image-2022-03-21-at-15.43.46.jpeg?resize=489%2C240&#038;ssl=1\" alt=\"\" class=\"wp-image-54487\" width=\"489\" height=\"240\" srcset=\"https:\/\/i0.wp.com\/elregionalvm.com.ar\/noticias-villa-maria\/wp-content\/uploads\/2022\/03\/WhatsApp-Image-2022-03-21-at-15.43.46.jpeg?resize=1024%2C503&amp;ssl=1 1024w, https:\/\/i0.wp.com\/elregionalvm.com.ar\/noticias-villa-maria\/wp-content\/uploads\/2022\/03\/WhatsApp-Image-2022-03-21-at-15.43.46.jpeg?resize=300%2C147&amp;ssl=1 300w, https:\/\/i0.wp.com\/elregionalvm.com.ar\/noticias-villa-maria\/wp-content\/uploads\/2022\/03\/WhatsApp-Image-2022-03-21-at-15.43.46.jpeg?resize=768%2C377&amp;ssl=1 768w, https:\/\/i0.wp.com\/elregionalvm.com.ar\/noticias-villa-maria\/wp-content\/uploads\/2022\/03\/WhatsApp-Image-2022-03-21-at-15.43.46.jpeg?w=1443&amp;ssl=1 1443w\" sizes=\"(max-width: 489px) 100vw, 489px\" \/><\/figure><\/div>\n","protected":false},"excerpt":{"rendered":"<p>A fin de cubrir con la demanda de testeos y detectar preventivamente los casos positivos de covid, el municipio informa que desde hoy est\u00e1n vigentes nuevos horarios de atenci\u00f3n para realizar hisopados, tanto en Asistencia P\u00fablica como en los diferentes CAPS. De esta manera, los horarios y dependencias donde los vecinos y vecinas podr\u00e1n realizarse [&hellip;]<\/p>\n","protected":false},"author":4,"featured_media":32530,"comment_status":"open","ping_status":"open","sticky":false,"template":"","format":"standard","meta":{"site-sidebar-layout":"default","site-content-layout":"","ast-site-content-layout":"default","site-content-style":"default","site-sidebar-style":"default","ast-global-header-display":"","ast-banner-title-visibility":"","ast-main-header-display":"","ast-hfb-above-header-display":"","ast-hfb-below-header-display":"","ast-hfb-mobile-header-display":"","site-post-title":"","ast-breadcrumbs-content":"","ast-featured-img":"","footer-sml-layout":"","ast-disable-related-posts":"","theme-transparent-header-meta":"","adv-header-id-meta":"","stick-header-meta":"","header-above-stick-meta":"","header-main-stick-meta":"","header-below-stick-meta":"","astra-migrate-meta-layouts":"default","ast-page-background-enabled":"default","ast-page-background-meta":{"desktop":{"background-color":"","background-image":"","background-repeat":"repeat","background-position":"center center","background-size":"auto","background-attachment":"scroll","background-type":"","background-media":"","overlay-type":"","overlay-color":"","overlay-opacity":"","overlay-gradient":""},"tablet":{"background-color":"","background-image":"","background-repeat":"repeat","background-position":"center center","background-size":"auto","background-attachment":"scroll","background-type":"","background-media":"","overlay-type":"","overlay-color":"","overlay-opacity":"","overlay-gradient":""},"mobile":{"background-color":"","background-image":"","background-repeat":"repeat","background-position":"center center","background-size":"auto","background-attachment":"scroll","background-type":"","background-media":"","overlay-type":"","overlay-color":"","overlay-opacity":"","overlay-gradient":""}},"ast-content-background-meta":{"desktop":{"background-color":"var(--ast-global-color-5)","background-image":"","background-repeat":"repeat","background-position":"center center","background-size":"auto","background-attachment":"scroll","background-type":"","background-media":"","overlay-type":"","overlay-color":"","overlay-opacity":"","overlay-gradient":""},"tablet":{"background-color":"var(--ast-global-color-5)","background-image":"","background-repeat":"repeat","background-position":"center center","background-size":"auto","background-attachment":"scroll","background-type":"","background-media":"","overlay-type":"","overlay-color":"","overlay-opacity":"","overlay-gradient":""},"mobile":{"background-color":"var(--ast-global-color-5)","background-image":"","background-repeat":"repeat","background-position":"center center","background-size":"auto","background-attachment":"scroll","background-type":"","background-media":"","overlay-type":"","overlay-color":"","overlay-opacity":"","overlay-gradient":""}},"_jetpack_memberships_contains_paid_content":false,"_joinchat":[],"footnotes":""},"categories":[2256,2],"tags":[2128,2225,3907,1997,1232,14382,4206,4161],"class_list":["post-54485","post","type-post","status-publish","format-standard","has-post-thumbnail","hentry","category-coronavirus","category-villa-maria","tag-asistencia-publica","tag-caps","tag-casos-diarios","tag-coronavirus","tag-destacado","tag-lunes-21-de-marzo-de-2022","tag-nuevos-horarios","tag-testeos"],"yoast_head":"<!-- This site is optimized with the Yoast SEO plugin v26.8 - https:\/\/yoast.com\/product\/yoast-seo-wordpress\/ -->\n<title>Nuevos horarios para testeos en los CAPS y en la Asistencia P\u00fablica - El Regional<\/title>\n<meta name=\"robots\" content=\"index, follow, max-snippet:-1, max-image-preview:large, max-video-preview:-1\" \/>\n<link rel=\"canonical\" href=\"http:\/\/elregionalvm.com.ar\/noticias-villa-maria\/nuevos-horarios-para-testeos-en-los-caps-y-en-la-asistencia-publica\/\" \/>\n<meta property=\"og:locale\" content=\"es_ES\" \/>\n<meta property=\"og:type\" content=\"article\" \/>\n<meta property=\"og:title\" content=\"Nuevos horarios para testeos en los CAPS y en la Asistencia P\u00fablica - El Regional\" \/>\n<meta property=\"og:description\" content=\"A fin de cubrir con la demanda de testeos y detectar preventivamente los casos positivos de covid, el municipio informa que desde hoy est\u00e1n vigentes nuevos horarios de atenci\u00f3n para realizar hisopados, tanto en Asistencia P\u00fablica como en los diferentes CAPS. De esta manera, los horarios y dependencias donde los vecinos y vecinas podr\u00e1n realizarse [&hellip;]\" \/>\n<meta property=\"og:url\" content=\"http:\/\/elregionalvm.com.ar\/noticias-villa-maria\/nuevos-horarios-para-testeos-en-los-caps-y-en-la-asistencia-publica\/\" \/>\n<meta property=\"og:site_name\" content=\"El Regional\" \/>\n<meta property=\"article:publisher\" content=\"https:\/\/www.facebook.com\/elregionalvm\" \/>\n<meta property=\"article:published_time\" content=\"2022-03-21T23:26:15+00:00\" \/>\n<meta property=\"article:modified_time\" content=\"2022-03-21T23:26:16+00:00\" \/>\n<meta property=\"og:image\" content=\"http:\/\/elregionalvm.com.ar\/noticias-villa-maria\/wp-content\/uploads\/2021\/02\/Testeos-Salon-Deportes-Voley.jpeg\" \/>\n\t<meta property=\"og:image:width\" content=\"1280\" \/>\n\t<meta property=\"og:image:height\" content=\"853\" \/>\n\t<meta property=\"og:image:type\" content=\"image\/jpeg\" \/>\n<meta name=\"author\" content=\"Contenidos El Regional\" \/>\n<meta name=\"twitter:card\" content=\"summary_large_image\" \/>\n<meta name=\"twitter:creator\" content=\"@elregionalvm1\" \/>\n<meta name=\"twitter:site\" content=\"@elregionalvm1\" \/>\n<meta name=\"twitter:label1\" content=\"Escrito por\" \/>\n\t<meta name=\"twitter:data1\" content=\"Contenidos El Regional\" \/>\n\t<meta name=\"twitter:label2\" content=\"Tiempo de lectura\" \/>\n\t<meta name=\"twitter:data2\" content=\"1 minuto\" \/>\n<script type=\"application\/ld+json\" class=\"yoast-schema-graph\">{\"@context\":\"https:\/\/schema.org\",\"@graph\":[{\"@type\":\"Article\",\"@id\":\"http:\/\/elregionalvm.com.ar\/noticias-villa-maria\/nuevos-horarios-para-testeos-en-los-caps-y-en-la-asistencia-publica\/#article\",\"isPartOf\":{\"@id\":\"http:\/\/elregionalvm.com.ar\/noticias-villa-maria\/nuevos-horarios-para-testeos-en-los-caps-y-en-la-asistencia-publica\/\"},\"author\":{\"name\":\"Contenidos El Regional\",\"@id\":\"http:\/\/elregionalvm.com.ar\/noticias-villa-maria\/#\/schema\/person\/a0fb9c422317faca23d50163151bc354\"},\"headline\":\"Nuevos horarios para testeos en los CAPS y en la Asistencia P\u00fablica\",\"datePublished\":\"2022-03-21T23:26:15+00:00\",\"dateModified\":\"2022-03-21T23:26:16+00:00\",\"mainEntityOfPage\":{\"@id\":\"http:\/\/elregionalvm.com.ar\/noticias-villa-maria\/nuevos-horarios-para-testeos-en-los-caps-y-en-la-asistencia-publica\/\"},\"wordCount\":176,\"commentCount\":0,\"image\":{\"@id\":\"http:\/\/elregionalvm.com.ar\/noticias-villa-maria\/nuevos-horarios-para-testeos-en-los-caps-y-en-la-asistencia-publica\/#primaryimage\"},\"thumbnailUrl\":\"https:\/\/i0.wp.com\/elregionalvm.com.ar\/noticias-villa-maria\/wp-content\/uploads\/2021\/02\/Testeos-Salon-Deportes-Voley.jpeg?fit=1280%2C853&ssl=1\",\"keywords\":[\"Asistencia P\u00fablica\",\"CAPS\",\"casos diarios\",\"Coronavirus\",\"destacado\",\"lunes 21 de marzo de 2022\",\"nuevos horarios\",\"testeos\"],\"articleSection\":[\"Coronavirus\",\"Villa Mar\u00eda\"],\"inLanguage\":\"es\",\"potentialAction\":[{\"@type\":\"CommentAction\",\"name\":\"Comment\",\"target\":[\"http:\/\/elregionalvm.com.ar\/noticias-villa-maria\/nuevos-horarios-para-testeos-en-los-caps-y-en-la-asistencia-publica\/#respond\"]}]},{\"@type\":\"WebPage\",\"@id\":\"http:\/\/elregionalvm.com.ar\/noticias-villa-maria\/nuevos-horarios-para-testeos-en-los-caps-y-en-la-asistencia-publica\/\",\"url\":\"http:\/\/elregionalvm.com.ar\/noticias-villa-maria\/nuevos-horarios-para-testeos-en-los-caps-y-en-la-asistencia-publica\/\",\"name\":\"Nuevos horarios para testeos en los CAPS y en la Asistencia P\u00fablica - El Regional\",\"isPartOf\":{\"@id\":\"http:\/\/elregionalvm.com.ar\/noticias-villa-maria\/#website\"},\"primaryImageOfPage\":{\"@id\":\"http:\/\/elregionalvm.com.ar\/noticias-villa-maria\/nuevos-horarios-para-testeos-en-los-caps-y-en-la-asistencia-publica\/#primaryimage\"},\"image\":{\"@id\":\"http:\/\/elregionalvm.com.ar\/noticias-villa-maria\/nuevos-horarios-para-testeos-en-los-caps-y-en-la-asistencia-publica\/#primaryimage\"},\"thumbnailUrl\":\"https:\/\/i0.wp.com\/elregionalvm.com.ar\/noticias-villa-maria\/wp-content\/uploads\/2021\/02\/Testeos-Salon-Deportes-Voley.jpeg?fit=1280%2C853&ssl=1\",\"datePublished\":\"2022-03-21T23:26:15+00:00\",\"dateModified\":\"2022-03-21T23:26:16+00:00\",\"author\":{\"@id\":\"http:\/\/elregionalvm.com.ar\/noticias-villa-maria\/#\/schema\/person\/a0fb9c422317faca23d50163151bc354\"},\"breadcrumb\":{\"@id\":\"http:\/\/elregionalvm.com.ar\/noticias-villa-maria\/nuevos-horarios-para-testeos-en-los-caps-y-en-la-asistencia-publica\/#breadcrumb\"},\"inLanguage\":\"es\",\"potentialAction\":[{\"@type\":\"ReadAction\",\"target\":[\"http:\/\/elregionalvm.com.ar\/noticias-villa-maria\/nuevos-horarios-para-testeos-en-los-caps-y-en-la-asistencia-publica\/\"]}]},{\"@type\":\"ImageObject\",\"inLanguage\":\"es\",\"@id\":\"http:\/\/elregionalvm.com.ar\/noticias-villa-maria\/nuevos-horarios-para-testeos-en-los-caps-y-en-la-asistencia-publica\/#primaryimage\",\"url\":\"https:\/\/i0.wp.com\/elregionalvm.com.ar\/noticias-villa-maria\/wp-content\/uploads\/2021\/02\/Testeos-Salon-Deportes-Voley.jpeg?fit=1280%2C853&ssl=1\",\"contentUrl\":\"https:\/\/i0.wp.com\/elregionalvm.com.ar\/noticias-villa-maria\/wp-content\/uploads\/2021\/02\/Testeos-Salon-Deportes-Voley.jpeg?fit=1280%2C853&ssl=1\",\"width\":1280,\"height\":853},{\"@type\":\"BreadcrumbList\",\"@id\":\"http:\/\/elregionalvm.com.ar\/noticias-villa-maria\/nuevos-horarios-para-testeos-en-los-caps-y-en-la-asistencia-publica\/#breadcrumb\",\"itemListElement\":[{\"@type\":\"ListItem\",\"position\":1,\"name\":\"Portada\",\"item\":\"https:\/\/elregionalvm.com.ar\/noticias-villa-maria\/\"},{\"@type\":\"ListItem\",\"position\":2,\"name\":\"Nuevos horarios para testeos en los CAPS y en la Asistencia P\u00fablica\"}]},{\"@type\":\"WebSite\",\"@id\":\"http:\/\/elregionalvm.com.ar\/noticias-villa-maria\/#website\",\"url\":\"http:\/\/elregionalvm.com.ar\/noticias-villa-maria\/\",\"name\":\"El Regional\",\"description\":\"Mucho m\u00e1s que informaci\u00f3n\",\"potentialAction\":[{\"@type\":\"SearchAction\",\"target\":{\"@type\":\"EntryPoint\",\"urlTemplate\":\"http:\/\/elregionalvm.com.ar\/noticias-villa-maria\/?s={search_term_string}\"},\"query-input\":{\"@type\":\"PropertyValueSpecification\",\"valueRequired\":true,\"valueName\":\"search_term_string\"}}],\"inLanguage\":\"es\"},{\"@type\":\"Person\",\"@id\":\"http:\/\/elregionalvm.com.ar\/noticias-villa-maria\/#\/schema\/person\/a0fb9c422317faca23d50163151bc354\",\"name\":\"Contenidos El Regional\",\"image\":{\"@type\":\"ImageObject\",\"inLanguage\":\"es\",\"@id\":\"http:\/\/elregionalvm.com.ar\/noticias-villa-maria\/#\/schema\/person\/image\/\",\"url\":\"https:\/\/secure.gravatar.com\/avatar\/265b27cb2209af7bb3a1318f03305787d7981a5cc6e6cd08fe5a4ecdf99d4b48?s=96&d=mm&r=g\",\"contentUrl\":\"https:\/\/secure.gravatar.com\/avatar\/265b27cb2209af7bb3a1318f03305787d7981a5cc6e6cd08fe5a4ecdf99d4b48?s=96&d=mm&r=g\",\"caption\":\"Contenidos El Regional\"},\"url\":\"https:\/\/elregionalvm.com.ar\/noticias-villa-maria\/author\/contenido\/\"}]}<\/script>\n<!-- \/ Yoast SEO plugin. -->","yoast_head_json":{"title":"Nuevos horarios para testeos en los CAPS y en la Asistencia P\u00fablica - El Regional","robots":{"index":"index","follow":"follow","max-snippet":"max-snippet:-1","max-image-preview":"max-image-preview:large","max-video-preview":"max-video-preview:-1"},"canonical":"http:\/\/elregionalvm.com.ar\/noticias-villa-maria\/nuevos-horarios-para-testeos-en-los-caps-y-en-la-asistencia-publica\/","og_locale":"es_ES","og_type":"article","og_title":"Nuevos horarios para testeos en los CAPS y en la Asistencia P\u00fablica - El Regional","og_description":"A fin de cubrir con la demanda de testeos y detectar preventivamente los casos positivos de covid, el municipio informa que desde hoy est\u00e1n vigentes nuevos horarios de atenci\u00f3n para realizar hisopados, tanto en Asistencia P\u00fablica como en los diferentes CAPS. De esta manera, los horarios y dependencias donde los vecinos y vecinas podr\u00e1n realizarse [&hellip;]","og_url":"http:\/\/elregionalvm.com.ar\/noticias-villa-maria\/nuevos-horarios-para-testeos-en-los-caps-y-en-la-asistencia-publica\/","og_site_name":"El Regional","article_publisher":"https:\/\/www.facebook.com\/elregionalvm","article_published_time":"2022-03-21T23:26:15+00:00","article_modified_time":"2022-03-21T23:26:16+00:00","og_image":[{"width":1280,"height":853,"url":"http:\/\/elregionalvm.com.ar\/noticias-villa-maria\/wp-content\/uploads\/2021\/02\/Testeos-Salon-Deportes-Voley.jpeg","type":"image\/jpeg"}],"author":"Contenidos El Regional","twitter_card":"summary_large_image","twitter_creator":"@elregionalvm1","twitter_site":"@elregionalvm1","twitter_misc":{"Escrito por":"Contenidos El Regional","Tiempo de lectura":"1 minuto"},"schema":{"@context":"https:\/\/schema.org","@graph":[{"@type":"Article","@id":"http:\/\/elregionalvm.com.ar\/noticias-villa-maria\/nuevos-horarios-para-testeos-en-los-caps-y-en-la-asistencia-publica\/#article","isPartOf":{"@id":"http:\/\/elregionalvm.com.ar\/noticias-villa-maria\/nuevos-horarios-para-testeos-en-los-caps-y-en-la-asistencia-publica\/"},"author":{"name":"Contenidos El Regional","@id":"http:\/\/elregionalvm.com.ar\/noticias-villa-maria\/#\/schema\/person\/a0fb9c422317faca23d50163151bc354"},"headline":"Nuevos horarios para testeos en los CAPS y en la Asistencia P\u00fablica","datePublished":"2022-03-21T23:26:15+00:00","dateModified":"2022-03-21T23:26:16+00:00","mainEntityOfPage":{"@id":"http:\/\/elregionalvm.com.ar\/noticias-villa-maria\/nuevos-horarios-para-testeos-en-los-caps-y-en-la-asistencia-publica\/"},"wordCount":176,"commentCount":0,"image":{"@id":"http:\/\/elregionalvm.com.ar\/noticias-villa-maria\/nuevos-horarios-para-testeos-en-los-caps-y-en-la-asistencia-publica\/#primaryimage"},"thumbnailUrl":"https:\/\/i0.wp.com\/elregionalvm.com.ar\/noticias-villa-maria\/wp-content\/uploads\/2021\/02\/Testeos-Salon-Deportes-Voley.jpeg?fit=1280%2C853&ssl=1","keywords":["Asistencia P\u00fablica","CAPS","casos diarios","Coronavirus","destacado","lunes 21 de marzo de 2022","nuevos horarios","testeos"],"articleSection":["Coronavirus","Villa Mar\u00eda"],"inLanguage":"es","potentialAction":[{"@type":"CommentAction","name":"Comment","target":["http:\/\/elregionalvm.com.ar\/noticias-villa-maria\/nuevos-horarios-para-testeos-en-los-caps-y-en-la-asistencia-publica\/#respond"]}]},{"@type":"WebPage","@id":"http:\/\/elregionalvm.com.ar\/noticias-villa-maria\/nuevos-horarios-para-testeos-en-los-caps-y-en-la-asistencia-publica\/","url":"http:\/\/elregionalvm.com.ar\/noticias-villa-maria\/nuevos-horarios-para-testeos-en-los-caps-y-en-la-asistencia-publica\/","name":"Nuevos horarios para testeos en los CAPS y en la Asistencia P\u00fablica - El Regional","isPartOf":{"@id":"http:\/\/elregionalvm.com.ar\/noticias-villa-maria\/#website"},"primaryImageOfPage":{"@id":"http:\/\/elregionalvm.com.ar\/noticias-villa-maria\/nuevos-horarios-para-testeos-en-los-caps-y-en-la-asistencia-publica\/#primaryimage"},"image":{"@id":"http:\/\/elregionalvm.com.ar\/noticias-villa-maria\/nuevos-horarios-para-testeos-en-los-caps-y-en-la-asistencia-publica\/#primaryimage"},"thumbnailUrl":"https:\/\/i0.wp.com\/elregionalvm.com.ar\/noticias-villa-maria\/wp-content\/uploads\/2021\/02\/Testeos-Salon-Deportes-Voley.jpeg?fit=1280%2C853&ssl=1","datePublished":"2022-03-21T23:26:15+00:00","dateModified":"2022-03-21T23:26:16+00:00","author":{"@id":"http:\/\/elregionalvm.com.ar\/noticias-villa-maria\/#\/schema\/person\/a0fb9c422317faca23d50163151bc354"},"breadcrumb":{"@id":"http:\/\/elregionalvm.com.ar\/noticias-villa-maria\/nuevos-horarios-para-testeos-en-los-caps-y-en-la-asistencia-publica\/#breadcrumb"},"inLanguage":"es","potentialAction":[{"@type":"ReadAction","target":["http:\/\/elregionalvm.com.ar\/noticias-villa-maria\/nuevos-horarios-para-testeos-en-los-caps-y-en-la-asistencia-publica\/"]}]},{"@type":"ImageObject","inLanguage":"es","@id":"http:\/\/elregionalvm.com.ar\/noticias-villa-maria\/nuevos-horarios-para-testeos-en-los-caps-y-en-la-asistencia-publica\/#primaryimage","url":"https:\/\/i0.wp.com\/elregionalvm.com.ar\/noticias-villa-maria\/wp-content\/uploads\/2021\/02\/Testeos-Salon-Deportes-Voley.jpeg?fit=1280%2C853&ssl=1","contentUrl":"https:\/\/i0.wp.com\/elregionalvm.com.ar\/noticias-villa-maria\/wp-content\/uploads\/2021\/02\/Testeos-Salon-Deportes-Voley.jpeg?fit=1280%2C853&ssl=1","width":1280,"height":853},{"@type":"BreadcrumbList","@id":"http:\/\/elregionalvm.com.ar\/noticias-villa-maria\/nuevos-horarios-para-testeos-en-los-caps-y-en-la-asistencia-publica\/#breadcrumb","itemListElement":[{"@type":"ListItem","position":1,"name":"Portada","item":"https:\/\/elregionalvm.com.ar\/noticias-villa-maria\/"},{"@type":"ListItem","position":2,"name":"Nuevos horarios para testeos en los CAPS y en la Asistencia P\u00fablica"}]},{"@type":"WebSite","@id":"http:\/\/elregionalvm.com.ar\/noticias-villa-maria\/#website","url":"http:\/\/elregionalvm.com.ar\/noticias-villa-maria\/","name":"El Regional","description":"Mucho m\u00e1s que informaci\u00f3n","potentialAction":[{"@type":"SearchAction","target":{"@type":"EntryPoint","urlTemplate":"http:\/\/elregionalvm.com.ar\/noticias-villa-maria\/?s={search_term_string}"},"query-input":{"@type":"PropertyValueSpecification","valueRequired":true,"valueName":"search_term_string"}}],"inLanguage":"es"},{"@type":"Person","@id":"http:\/\/elregionalvm.com.ar\/noticias-villa-maria\/#\/schema\/person\/a0fb9c422317faca23d50163151bc354","name":"Contenidos El Regional","image":{"@type":"ImageObject","inLanguage":"es","@id":"http:\/\/elregionalvm.com.ar\/noticias-villa-maria\/#\/schema\/person\/image\/","url":"https:\/\/secure.gravatar.com\/avatar\/265b27cb2209af7bb3a1318f03305787d7981a5cc6e6cd08fe5a4ecdf99d4b48?s=96&d=mm&r=g","contentUrl":"https:\/\/secure.gravatar.com\/avatar\/265b27cb2209af7bb3a1318f03305787d7981a5cc6e6cd08fe5a4ecdf99d4b48?s=96&d=mm&r=g","caption":"Contenidos El Regional"},"url":"https:\/\/elregionalvm.com.ar\/noticias-villa-maria\/author\/contenido\/"}]}},"jetpack_featured_media_url":"https:\/\/i0.wp.com\/elregionalvm.com.ar\/noticias-villa-maria\/wp-content\/uploads\/2021\/02\/Testeos-Salon-Deportes-Voley.jpeg?fit=1280%2C853&ssl=1","jetpack_sharing_enabled":true,"_links":{"self":[{"href":"https:\/\/elregionalvm.com.ar\/noticias-villa-maria\/wp-json\/wp\/v2\/posts\/54485","targetHints":{"allow":["GET"]}}],"collection":[{"href":"https:\/\/elregionalvm.com.ar\/noticias-villa-maria\/wp-json\/wp\/v2\/posts"}],"about":[{"href":"https:\/\/elregionalvm.com.ar\/noticias-villa-maria\/wp-json\/wp\/v2\/types\/post"}],"author":[{"embeddable":true,"href":"https:\/\/elregionalvm.com.ar\/noticias-villa-maria\/wp-json\/wp\/v2\/users\/4"}],"replies":[{"embeddable":true,"href":"https:\/\/elregionalvm.com.ar\/noticias-villa-maria\/wp-json\/wp\/v2\/comments?post=54485"}],"version-history":[{"count":1,"href":"https:\/\/elregionalvm.com.ar\/noticias-villa-maria\/wp-json\/wp\/v2\/posts\/54485\/revisions"}],"predecessor-version":[{"id":54488,"href":"https:\/\/elregionalvm.com.ar\/noticias-villa-maria\/wp-json\/wp\/v2\/posts\/54485\/revisions\/54488"}],"wp:featuredmedia":[{"embeddable":true,"href":"https:\/\/elregionalvm.com.ar\/noticias-villa-maria\/wp-json\/wp\/v2\/media\/32530"}],"wp:attachment":[{"href":"https:\/\/elregionalvm.com.ar\/noticias-villa-maria\/wp-json\/wp\/v2\/media?parent=54485"}],"wp:term":[{"taxonomy":"category","embeddable":true,"href":"https:\/\/elregionalvm.com.ar\/noticias-villa-maria\/wp-json\/wp\/v2\/categories?post=54485"},{"taxonomy":"post_tag","embeddable":true,"href":"https:\/\/elregionalvm.com.ar\/noticias-villa-maria\/wp-json\/wp\/v2\/tags?post=54485"}],"curies":[{"name":"wp","href":"https:\/\/api.w.org\/{rel}","templated":true}]}}