{"id":54662,"date":"2022-03-27T05:52:00","date_gmt":"2022-03-27T05:52:00","guid":{"rendered":"https:\/\/elregionalvm.com.ar\/noticias-villa-maria\/?p=54662"},"modified":"2022-03-27T15:54:27","modified_gmt":"2022-03-27T15:54:27","slug":"schiaretti-visitara-villa-maria-el-lunes-y-se-encontrara-con-gill01","status":"publish","type":"post","link":"https:\/\/elregionalvm.com.ar\/noticias-villa-maria\/schiaretti-visitara-villa-maria-el-lunes-y-se-encontrara-con-gill01\/","title":{"rendered":"Schiaretti visitar\u00e1 Villa Mar\u00eda este lunes y se encontrar\u00e1 con Gill"},"content":{"rendered":"\n<p>El intendente Mart\u00edn Gill recibir\u00e1 este lunes 28 de marzo la visita del gobernador de la provincia de C\u00f3rdoba, Juan Schiaretti, en el marco de las obras para cerrar el anillo de Circunvalaci\u00f3n al conglomerado que constituyen Villa Mar\u00eda y Villa Nueva. El encuentro tendr\u00e1 lugar a las 10:45 horas, en el Auditorio del Centro C\u00edvico.<\/p>\n\n\n\n<p>En la oportunidad tendr\u00e1 lugar la firma de <strong>convenio para la obra en el arco sudeste de la Circunvalaci\u00f3n Villa Mar\u00eda \u2013 Villa Nueva<\/strong>. De esta manera,<strong> la finalizaci\u00f3n del tramo que une la ruta provincial con la autopista Villa Mar\u00eda \u2013 C\u00f3rdoba<\/strong>, se suma a la precedente ejecuci\u00f3n del ramal que une las rutas provinciales 2 y 4.<\/p>\n\n\n\n<p>El cierre del anillo de circunvalaci\u00f3n se da por el esfuerzo de los distintos niveles del estado, ya que es el Gobierno nacional quien viene ejecutando el tramo que une a la autopista 9 con la ruta nacional 158, a la altura del cruce con ruta provincial 2 y, justamente, con el inicio de la circunvalaci\u00f3n ejecutada por la Provincia en Villa Nueva. All\u00ed, en <strong>el proyecto que ejecuta Vialidad Nacional, est\u00e1 prevista la realizaci\u00f3n del empalme entre ambos tramos.<\/strong><\/p>\n\n\n\n<p>El convenio dar\u00e1 luz verde a la obra que ser\u00e1 la continuidad de la circunvalaci\u00f3n de Villa Nueva, desde ruta provincial 4, con un puente sobre el r\u00edo Ctalamochita. <strong>Del lado villamariense, transitar\u00e1 por terrenos aleda\u00f1os al predio de Fabricaciones Militares, y atravesar\u00e1 la ruta provincial 2 a la altura de la confluencia con avenida Savio<\/strong>.<\/p>\n\n\n\n<p>Adem\u00e1s, el nuevo tramo bordear\u00e1 en paralelo a la Prolongaci\u00f3n Alvear, para ingresar al predio de EPEC, donde est\u00e1 asentada la vieja planta inactiva de la empresa, para confluir con ruta 2 y ruta 9 y el acceso a la autopista.<\/p>\n\n\n\n<p>El megaproyecto que lleva adelante Vialidad Nacional, junto al que desarrolla la administraci\u00f3n provincial, permitir\u00e1 un mejor acceso al conglomerado urbano, como as\u00ed tambi\u00e9n el desv\u00edo del tr\u00e1nsito pesado y una mejor circulaci\u00f3n para quienes utilizan a diario las diferentes v\u00edas de acceso. Cabe destacar que la culminaci\u00f3n de estas tareas, prevista durante las actuales gestiones, permitir\u00e1 que el conglomerado quede completamente circunvalado.<\/p>\n","protected":false},"excerpt":{"rendered":"<p>El intendente Mart\u00edn Gill recibir\u00e1 este lunes 28 de marzo la visita del gobernador de la provincia de C\u00f3rdoba, Juan Schiaretti, en el marco de las obras para cerrar el anillo de Circunvalaci\u00f3n al conglomerado que constituyen Villa Mar\u00eda y Villa Nueva. El encuentro tendr\u00e1 lugar a las 10:45 horas, en el Auditorio del Centro [&hellip;]<\/p>\n","protected":false},"author":4,"featured_media":54663,"comment_status":"open","ping_status":"open","sticky":false,"template":"","format":"standard","meta":{"site-sidebar-layout":"default","site-content-layout":"","ast-site-content-layout":"default","site-content-style":"default","site-sidebar-style":"default","ast-global-header-display":"","ast-banner-title-visibility":"","ast-main-header-display":"","ast-hfb-above-header-display":"","ast-hfb-below-header-display":"","ast-hfb-mobile-header-display":"","site-post-title":"","ast-breadcrumbs-content":"","ast-featured-img":"","footer-sml-layout":"","ast-disable-related-posts":"","theme-transparent-header-meta":"","adv-header-id-meta":"","stick-header-meta":"","header-above-stick-meta":"","header-main-stick-meta":"","header-below-stick-meta":"","astra-migrate-meta-layouts":"default","ast-page-background-enabled":"default","ast-page-background-meta":{"desktop":{"background-color":"","background-image":"","background-repeat":"repeat","background-position":"center center","background-size":"auto","background-attachment":"scroll","background-type":"","background-media":"","overlay-type":"","overlay-color":"","overlay-opacity":"","overlay-gradient":""},"tablet":{"background-color":"","background-image":"","background-repeat":"repeat","background-position":"center center","background-size":"auto","background-attachment":"scroll","background-type":"","background-media":"","overlay-type":"","overlay-color":"","overlay-opacity":"","overlay-gradient":""},"mobile":{"background-color":"","background-image":"","background-repeat":"repeat","background-position":"center center","background-size":"auto","background-attachment":"scroll","background-type":"","background-media":"","overlay-type":"","overlay-color":"","overlay-opacity":"","overlay-gradient":""}},"ast-content-background-meta":{"desktop":{"background-color":"var(--ast-global-color-5)","background-image":"","background-repeat":"repeat","background-position":"center center","background-size":"auto","background-attachment":"scroll","background-type":"","background-media":"","overlay-type":"","overlay-color":"","overlay-opacity":"","overlay-gradient":""},"tablet":{"background-color":"var(--ast-global-color-5)","background-image":"","background-repeat":"repeat","background-position":"center center","background-size":"auto","background-attachment":"scroll","background-type":"","background-media":"","overlay-type":"","overlay-color":"","overlay-opacity":"","overlay-gradient":""},"mobile":{"background-color":"var(--ast-global-color-5)","background-image":"","background-repeat":"repeat","background-position":"center center","background-size":"auto","background-attachment":"scroll","background-type":"","background-media":"","overlay-type":"","overlay-color":"","overlay-opacity":"","overlay-gradient":""}},"_jetpack_memberships_contains_paid_content":false,"_joinchat":[],"footnotes":""},"categories":[2],"tags":[1190,2821,1232,14451,4030,164,2248,5758],"class_list":["post-54662","post","type-post","status-publish","format-standard","has-post-thumbnail","hentry","category-villa-maria","tag-circunvalacion","tag-convenio","tag-destacado","tag-lunes-28-de-marzo","tag-recorrido","tag-schiaretti","tag-villa-maria-2","tag-visita"],"yoast_head":"<!-- This site is optimized with the Yoast SEO plugin v26.8 - https:\/\/yoast.com\/product\/yoast-seo-wordpress\/ -->\n<title>Schiaretti visitar\u00e1 Villa Mar\u00eda este lunes y se encontrar\u00e1 con Gill - El Regional<\/title>\n<meta name=\"robots\" content=\"index, follow, max-snippet:-1, max-image-preview:large, max-video-preview:-1\" \/>\n<link rel=\"canonical\" href=\"http:\/\/elregionalvm.com.ar\/noticias-villa-maria\/schiaretti-visitara-villa-maria-el-lunes-y-se-encontrara-con-gill01\/\" \/>\n<meta property=\"og:locale\" content=\"es_ES\" \/>\n<meta property=\"og:type\" content=\"article\" \/>\n<meta property=\"og:title\" content=\"Schiaretti visitar\u00e1 Villa Mar\u00eda este lunes y se encontrar\u00e1 con Gill - El Regional\" \/>\n<meta property=\"og:description\" content=\"El intendente Mart\u00edn Gill recibir\u00e1 este lunes 28 de marzo la visita del gobernador de la provincia de C\u00f3rdoba, Juan Schiaretti, en el marco de las obras para cerrar el anillo de Circunvalaci\u00f3n al conglomerado que constituyen Villa Mar\u00eda y Villa Nueva. El encuentro tendr\u00e1 lugar a las 10:45 horas, en el Auditorio del Centro [&hellip;]\" \/>\n<meta property=\"og:url\" content=\"http:\/\/elregionalvm.com.ar\/noticias-villa-maria\/schiaretti-visitara-villa-maria-el-lunes-y-se-encontrara-con-gill01\/\" \/>\n<meta property=\"og:site_name\" content=\"El Regional\" \/>\n<meta property=\"article:publisher\" content=\"https:\/\/www.facebook.com\/elregionalvm\" \/>\n<meta property=\"article:published_time\" content=\"2022-03-27T05:52:00+00:00\" \/>\n<meta property=\"article:modified_time\" content=\"2022-03-27T15:54:27+00:00\" \/>\n<meta property=\"og:image\" content=\"http:\/\/elregionalvm.com.ar\/noticias-villa-maria\/wp-content\/uploads\/2022\/03\/Schiaretti-y-Gill.jpg\" \/>\n\t<meta property=\"og:image:width\" content=\"848\" \/>\n\t<meta property=\"og:image:height\" content=\"564\" \/>\n\t<meta property=\"og:image:type\" content=\"image\/jpeg\" \/>\n<meta name=\"author\" content=\"Contenidos El Regional\" \/>\n<meta name=\"twitter:card\" content=\"summary_large_image\" \/>\n<meta name=\"twitter:creator\" content=\"@elregionalvm1\" \/>\n<meta name=\"twitter:site\" content=\"@elregionalvm1\" \/>\n<meta name=\"twitter:label1\" content=\"Escrito por\" \/>\n\t<meta name=\"twitter:data1\" content=\"Contenidos El Regional\" \/>\n\t<meta name=\"twitter:label2\" content=\"Tiempo de lectura\" \/>\n\t<meta name=\"twitter:data2\" content=\"2 minutos\" \/>\n<script type=\"application\/ld+json\" class=\"yoast-schema-graph\">{\"@context\":\"https:\/\/schema.org\",\"@graph\":[{\"@type\":\"Article\",\"@id\":\"http:\/\/elregionalvm.com.ar\/noticias-villa-maria\/schiaretti-visitara-villa-maria-el-lunes-y-se-encontrara-con-gill01\/#article\",\"isPartOf\":{\"@id\":\"http:\/\/elregionalvm.com.ar\/noticias-villa-maria\/schiaretti-visitara-villa-maria-el-lunes-y-se-encontrara-con-gill01\/\"},\"author\":{\"name\":\"Contenidos El Regional\",\"@id\":\"http:\/\/elregionalvm.com.ar\/noticias-villa-maria\/#\/schema\/person\/a0fb9c422317faca23d50163151bc354\"},\"headline\":\"Schiaretti visitar\u00e1 Villa Mar\u00eda este lunes y se encontrar\u00e1 con Gill\",\"datePublished\":\"2022-03-27T05:52:00+00:00\",\"dateModified\":\"2022-03-27T15:54:27+00:00\",\"mainEntityOfPage\":{\"@id\":\"http:\/\/elregionalvm.com.ar\/noticias-villa-maria\/schiaretti-visitara-villa-maria-el-lunes-y-se-encontrara-con-gill01\/\"},\"wordCount\":380,\"commentCount\":1,\"image\":{\"@id\":\"http:\/\/elregionalvm.com.ar\/noticias-villa-maria\/schiaretti-visitara-villa-maria-el-lunes-y-se-encontrara-con-gill01\/#primaryimage\"},\"thumbnailUrl\":\"https:\/\/i0.wp.com\/elregionalvm.com.ar\/noticias-villa-maria\/wp-content\/uploads\/2022\/03\/Schiaretti-y-Gill.jpg?fit=848%2C564&ssl=1\",\"keywords\":[\"Circunvalaci\u00f3n\",\"convenio\",\"destacado\",\"lunes 28 de marzo\",\"recorrido\",\"Schiaretti\",\"Villa Mar\u00eda\",\"visita\"],\"articleSection\":[\"Villa Mar\u00eda\"],\"inLanguage\":\"es\",\"potentialAction\":[{\"@type\":\"CommentAction\",\"name\":\"Comment\",\"target\":[\"http:\/\/elregionalvm.com.ar\/noticias-villa-maria\/schiaretti-visitara-villa-maria-el-lunes-y-se-encontrara-con-gill01\/#respond\"]}]},{\"@type\":\"WebPage\",\"@id\":\"http:\/\/elregionalvm.com.ar\/noticias-villa-maria\/schiaretti-visitara-villa-maria-el-lunes-y-se-encontrara-con-gill01\/\",\"url\":\"http:\/\/elregionalvm.com.ar\/noticias-villa-maria\/schiaretti-visitara-villa-maria-el-lunes-y-se-encontrara-con-gill01\/\",\"name\":\"Schiaretti visitar\u00e1 Villa Mar\u00eda este lunes y se encontrar\u00e1 con Gill - El Regional\",\"isPartOf\":{\"@id\":\"http:\/\/elregionalvm.com.ar\/noticias-villa-maria\/#website\"},\"primaryImageOfPage\":{\"@id\":\"http:\/\/elregionalvm.com.ar\/noticias-villa-maria\/schiaretti-visitara-villa-maria-el-lunes-y-se-encontrara-con-gill01\/#primaryimage\"},\"image\":{\"@id\":\"http:\/\/elregionalvm.com.ar\/noticias-villa-maria\/schiaretti-visitara-villa-maria-el-lunes-y-se-encontrara-con-gill01\/#primaryimage\"},\"thumbnailUrl\":\"https:\/\/i0.wp.com\/elregionalvm.com.ar\/noticias-villa-maria\/wp-content\/uploads\/2022\/03\/Schiaretti-y-Gill.jpg?fit=848%2C564&ssl=1\",\"datePublished\":\"2022-03-27T05:52:00+00:00\",\"dateModified\":\"2022-03-27T15:54:27+00:00\",\"author\":{\"@id\":\"http:\/\/elregionalvm.com.ar\/noticias-villa-maria\/#\/schema\/person\/a0fb9c422317faca23d50163151bc354\"},\"breadcrumb\":{\"@id\":\"http:\/\/elregionalvm.com.ar\/noticias-villa-maria\/schiaretti-visitara-villa-maria-el-lunes-y-se-encontrara-con-gill01\/#breadcrumb\"},\"inLanguage\":\"es\",\"potentialAction\":[{\"@type\":\"ReadAction\",\"target\":[\"http:\/\/elregionalvm.com.ar\/noticias-villa-maria\/schiaretti-visitara-villa-maria-el-lunes-y-se-encontrara-con-gill01\/\"]}]},{\"@type\":\"ImageObject\",\"inLanguage\":\"es\",\"@id\":\"http:\/\/elregionalvm.com.ar\/noticias-villa-maria\/schiaretti-visitara-villa-maria-el-lunes-y-se-encontrara-con-gill01\/#primaryimage\",\"url\":\"https:\/\/i0.wp.com\/elregionalvm.com.ar\/noticias-villa-maria\/wp-content\/uploads\/2022\/03\/Schiaretti-y-Gill.jpg?fit=848%2C564&ssl=1\",\"contentUrl\":\"https:\/\/i0.wp.com\/elregionalvm.com.ar\/noticias-villa-maria\/wp-content\/uploads\/2022\/03\/Schiaretti-y-Gill.jpg?fit=848%2C564&ssl=1\",\"width\":848,\"height\":564},{\"@type\":\"BreadcrumbList\",\"@id\":\"http:\/\/elregionalvm.com.ar\/noticias-villa-maria\/schiaretti-visitara-villa-maria-el-lunes-y-se-encontrara-con-gill01\/#breadcrumb\",\"itemListElement\":[{\"@type\":\"ListItem\",\"position\":1,\"name\":\"Portada\",\"item\":\"https:\/\/elregionalvm.com.ar\/noticias-villa-maria\/\"},{\"@type\":\"ListItem\",\"position\":2,\"name\":\"Schiaretti visitar\u00e1 Villa Mar\u00eda este lunes y se encontrar\u00e1 con Gill\"}]},{\"@type\":\"WebSite\",\"@id\":\"http:\/\/elregionalvm.com.ar\/noticias-villa-maria\/#website\",\"url\":\"http:\/\/elregionalvm.com.ar\/noticias-villa-maria\/\",\"name\":\"El Regional\",\"description\":\"Mucho m\u00e1s que informaci\u00f3n\",\"potentialAction\":[{\"@type\":\"SearchAction\",\"target\":{\"@type\":\"EntryPoint\",\"urlTemplate\":\"http:\/\/elregionalvm.com.ar\/noticias-villa-maria\/?s={search_term_string}\"},\"query-input\":{\"@type\":\"PropertyValueSpecification\",\"valueRequired\":true,\"valueName\":\"search_term_string\"}}],\"inLanguage\":\"es\"},{\"@type\":\"Person\",\"@id\":\"http:\/\/elregionalvm.com.ar\/noticias-villa-maria\/#\/schema\/person\/a0fb9c422317faca23d50163151bc354\",\"name\":\"Contenidos El Regional\",\"image\":{\"@type\":\"ImageObject\",\"inLanguage\":\"es\",\"@id\":\"http:\/\/elregionalvm.com.ar\/noticias-villa-maria\/#\/schema\/person\/image\/\",\"url\":\"https:\/\/secure.gravatar.com\/avatar\/265b27cb2209af7bb3a1318f03305787d7981a5cc6e6cd08fe5a4ecdf99d4b48?s=96&d=mm&r=g\",\"contentUrl\":\"https:\/\/secure.gravatar.com\/avatar\/265b27cb2209af7bb3a1318f03305787d7981a5cc6e6cd08fe5a4ecdf99d4b48?s=96&d=mm&r=g\",\"caption\":\"Contenidos El Regional\"},\"url\":\"https:\/\/elregionalvm.com.ar\/noticias-villa-maria\/author\/contenido\/\"}]}<\/script>\n<!-- \/ Yoast SEO plugin. -->","yoast_head_json":{"title":"Schiaretti visitar\u00e1 Villa Mar\u00eda este lunes y se encontrar\u00e1 con Gill - El Regional","robots":{"index":"index","follow":"follow","max-snippet":"max-snippet:-1","max-image-preview":"max-image-preview:large","max-video-preview":"max-video-preview:-1"},"canonical":"http:\/\/elregionalvm.com.ar\/noticias-villa-maria\/schiaretti-visitara-villa-maria-el-lunes-y-se-encontrara-con-gill01\/","og_locale":"es_ES","og_type":"article","og_title":"Schiaretti visitar\u00e1 Villa Mar\u00eda este lunes y se encontrar\u00e1 con Gill - El Regional","og_description":"El intendente Mart\u00edn Gill recibir\u00e1 este lunes 28 de marzo la visita del gobernador de la provincia de C\u00f3rdoba, Juan Schiaretti, en el marco de las obras para cerrar el anillo de Circunvalaci\u00f3n al conglomerado que constituyen Villa Mar\u00eda y Villa Nueva. El encuentro tendr\u00e1 lugar a las 10:45 horas, en el Auditorio del Centro [&hellip;]","og_url":"http:\/\/elregionalvm.com.ar\/noticias-villa-maria\/schiaretti-visitara-villa-maria-el-lunes-y-se-encontrara-con-gill01\/","og_site_name":"El Regional","article_publisher":"https:\/\/www.facebook.com\/elregionalvm","article_published_time":"2022-03-27T05:52:00+00:00","article_modified_time":"2022-03-27T15:54:27+00:00","og_image":[{"width":848,"height":564,"url":"http:\/\/elregionalvm.com.ar\/noticias-villa-maria\/wp-content\/uploads\/2022\/03\/Schiaretti-y-Gill.jpg","type":"image\/jpeg"}],"author":"Contenidos El Regional","twitter_card":"summary_large_image","twitter_creator":"@elregionalvm1","twitter_site":"@elregionalvm1","twitter_misc":{"Escrito por":"Contenidos El Regional","Tiempo de lectura":"2 minutos"},"schema":{"@context":"https:\/\/schema.org","@graph":[{"@type":"Article","@id":"http:\/\/elregionalvm.com.ar\/noticias-villa-maria\/schiaretti-visitara-villa-maria-el-lunes-y-se-encontrara-con-gill01\/#article","isPartOf":{"@id":"http:\/\/elregionalvm.com.ar\/noticias-villa-maria\/schiaretti-visitara-villa-maria-el-lunes-y-se-encontrara-con-gill01\/"},"author":{"name":"Contenidos El Regional","@id":"http:\/\/elregionalvm.com.ar\/noticias-villa-maria\/#\/schema\/person\/a0fb9c422317faca23d50163151bc354"},"headline":"Schiaretti visitar\u00e1 Villa Mar\u00eda este lunes y se encontrar\u00e1 con Gill","datePublished":"2022-03-27T05:52:00+00:00","dateModified":"2022-03-27T15:54:27+00:00","mainEntityOfPage":{"@id":"http:\/\/elregionalvm.com.ar\/noticias-villa-maria\/schiaretti-visitara-villa-maria-el-lunes-y-se-encontrara-con-gill01\/"},"wordCount":380,"commentCount":1,"image":{"@id":"http:\/\/elregionalvm.com.ar\/noticias-villa-maria\/schiaretti-visitara-villa-maria-el-lunes-y-se-encontrara-con-gill01\/#primaryimage"},"thumbnailUrl":"https:\/\/i0.wp.com\/elregionalvm.com.ar\/noticias-villa-maria\/wp-content\/uploads\/2022\/03\/Schiaretti-y-Gill.jpg?fit=848%2C564&ssl=1","keywords":["Circunvalaci\u00f3n","convenio","destacado","lunes 28 de marzo","recorrido","Schiaretti","Villa Mar\u00eda","visita"],"articleSection":["Villa Mar\u00eda"],"inLanguage":"es","potentialAction":[{"@type":"CommentAction","name":"Comment","target":["http:\/\/elregionalvm.com.ar\/noticias-villa-maria\/schiaretti-visitara-villa-maria-el-lunes-y-se-encontrara-con-gill01\/#respond"]}]},{"@type":"WebPage","@id":"http:\/\/elregionalvm.com.ar\/noticias-villa-maria\/schiaretti-visitara-villa-maria-el-lunes-y-se-encontrara-con-gill01\/","url":"http:\/\/elregionalvm.com.ar\/noticias-villa-maria\/schiaretti-visitara-villa-maria-el-lunes-y-se-encontrara-con-gill01\/","name":"Schiaretti visitar\u00e1 Villa Mar\u00eda este lunes y se encontrar\u00e1 con Gill - El Regional","isPartOf":{"@id":"http:\/\/elregionalvm.com.ar\/noticias-villa-maria\/#website"},"primaryImageOfPage":{"@id":"http:\/\/elregionalvm.com.ar\/noticias-villa-maria\/schiaretti-visitara-villa-maria-el-lunes-y-se-encontrara-con-gill01\/#primaryimage"},"image":{"@id":"http:\/\/elregionalvm.com.ar\/noticias-villa-maria\/schiaretti-visitara-villa-maria-el-lunes-y-se-encontrara-con-gill01\/#primaryimage"},"thumbnailUrl":"https:\/\/i0.wp.com\/elregionalvm.com.ar\/noticias-villa-maria\/wp-content\/uploads\/2022\/03\/Schiaretti-y-Gill.jpg?fit=848%2C564&ssl=1","datePublished":"2022-03-27T05:52:00+00:00","dateModified":"2022-03-27T15:54:27+00:00","author":{"@id":"http:\/\/elregionalvm.com.ar\/noticias-villa-maria\/#\/schema\/person\/a0fb9c422317faca23d50163151bc354"},"breadcrumb":{"@id":"http:\/\/elregionalvm.com.ar\/noticias-villa-maria\/schiaretti-visitara-villa-maria-el-lunes-y-se-encontrara-con-gill01\/#breadcrumb"},"inLanguage":"es","potentialAction":[{"@type":"ReadAction","target":["http:\/\/elregionalvm.com.ar\/noticias-villa-maria\/schiaretti-visitara-villa-maria-el-lunes-y-se-encontrara-con-gill01\/"]}]},{"@type":"ImageObject","inLanguage":"es","@id":"http:\/\/elregionalvm.com.ar\/noticias-villa-maria\/schiaretti-visitara-villa-maria-el-lunes-y-se-encontrara-con-gill01\/#primaryimage","url":"https:\/\/i0.wp.com\/elregionalvm.com.ar\/noticias-villa-maria\/wp-content\/uploads\/2022\/03\/Schiaretti-y-Gill.jpg?fit=848%2C564&ssl=1","contentUrl":"https:\/\/i0.wp.com\/elregionalvm.com.ar\/noticias-villa-maria\/wp-content\/uploads\/2022\/03\/Schiaretti-y-Gill.jpg?fit=848%2C564&ssl=1","width":848,"height":564},{"@type":"BreadcrumbList","@id":"http:\/\/elregionalvm.com.ar\/noticias-villa-maria\/schiaretti-visitara-villa-maria-el-lunes-y-se-encontrara-con-gill01\/#breadcrumb","itemListElement":[{"@type":"ListItem","position":1,"name":"Portada","item":"https:\/\/elregionalvm.com.ar\/noticias-villa-maria\/"},{"@type":"ListItem","position":2,"name":"Schiaretti visitar\u00e1 Villa Mar\u00eda este lunes y se encontrar\u00e1 con Gill"}]},{"@type":"WebSite","@id":"http:\/\/elregionalvm.com.ar\/noticias-villa-maria\/#website","url":"http:\/\/elregionalvm.com.ar\/noticias-villa-maria\/","name":"El Regional","description":"Mucho m\u00e1s que informaci\u00f3n","potentialAction":[{"@type":"SearchAction","target":{"@type":"EntryPoint","urlTemplate":"http:\/\/elregionalvm.com.ar\/noticias-villa-maria\/?s={search_term_string}"},"query-input":{"@type":"PropertyValueSpecification","valueRequired":true,"valueName":"search_term_string"}}],"inLanguage":"es"},{"@type":"Person","@id":"http:\/\/elregionalvm.com.ar\/noticias-villa-maria\/#\/schema\/person\/a0fb9c422317faca23d50163151bc354","name":"Contenidos El Regional","image":{"@type":"ImageObject","inLanguage":"es","@id":"http:\/\/elregionalvm.com.ar\/noticias-villa-maria\/#\/schema\/person\/image\/","url":"https:\/\/secure.gravatar.com\/avatar\/265b27cb2209af7bb3a1318f03305787d7981a5cc6e6cd08fe5a4ecdf99d4b48?s=96&d=mm&r=g","contentUrl":"https:\/\/secure.gravatar.com\/avatar\/265b27cb2209af7bb3a1318f03305787d7981a5cc6e6cd08fe5a4ecdf99d4b48?s=96&d=mm&r=g","caption":"Contenidos El Regional"},"url":"https:\/\/elregionalvm.com.ar\/noticias-villa-maria\/author\/contenido\/"}]}},"jetpack_featured_media_url":"https:\/\/i0.wp.com\/elregionalvm.com.ar\/noticias-villa-maria\/wp-content\/uploads\/2022\/03\/Schiaretti-y-Gill.jpg?fit=848%2C564&ssl=1","jetpack_sharing_enabled":true,"_links":{"self":[{"href":"https:\/\/elregionalvm.com.ar\/noticias-villa-maria\/wp-json\/wp\/v2\/posts\/54662","targetHints":{"allow":["GET"]}}],"collection":[{"href":"https:\/\/elregionalvm.com.ar\/noticias-villa-maria\/wp-json\/wp\/v2\/posts"}],"about":[{"href":"https:\/\/elregionalvm.com.ar\/noticias-villa-maria\/wp-json\/wp\/v2\/types\/post"}],"author":[{"embeddable":true,"href":"https:\/\/elregionalvm.com.ar\/noticias-villa-maria\/wp-json\/wp\/v2\/users\/4"}],"replies":[{"embeddable":true,"href":"https:\/\/elregionalvm.com.ar\/noticias-villa-maria\/wp-json\/wp\/v2\/comments?post=54662"}],"version-history":[{"count":2,"href":"https:\/\/elregionalvm.com.ar\/noticias-villa-maria\/wp-json\/wp\/v2\/posts\/54662\/revisions"}],"predecessor-version":[{"id":54763,"href":"https:\/\/elregionalvm.com.ar\/noticias-villa-maria\/wp-json\/wp\/v2\/posts\/54662\/revisions\/54763"}],"wp:featuredmedia":[{"embeddable":true,"href":"https:\/\/elregionalvm.com.ar\/noticias-villa-maria\/wp-json\/wp\/v2\/media\/54663"}],"wp:attachment":[{"href":"https:\/\/elregionalvm.com.ar\/noticias-villa-maria\/wp-json\/wp\/v2\/media?parent=54662"}],"wp:term":[{"taxonomy":"category","embeddable":true,"href":"https:\/\/elregionalvm.com.ar\/noticias-villa-maria\/wp-json\/wp\/v2\/categories?post=54662"},{"taxonomy":"post_tag","embeddable":true,"href":"https:\/\/elregionalvm.com.ar\/noticias-villa-maria\/wp-json\/wp\/v2\/tags?post=54662"}],"curies":[{"name":"wp","href":"https:\/\/api.w.org\/{rel}","templated":true}]}}