{"id":54744,"date":"2022-03-27T14:23:12","date_gmt":"2022-03-27T14:23:12","guid":{"rendered":"https:\/\/elregionalvm.com.ar\/noticias-villa-maria\/?p=54744"},"modified":"2022-03-27T14:23:13","modified_gmt":"2022-03-27T14:23:13","slug":"las-varillas-se-suicido-el-joven-que-habria-matado-a-su-propio-hermano","status":"publish","type":"post","link":"https:\/\/elregionalvm.com.ar\/noticias-villa-maria\/las-varillas-se-suicido-el-joven-que-habria-matado-a-su-propio-hermano\/","title":{"rendered":"[LAS VARILLAS] &#8211; Se suicid\u00f3 el joven que habr\u00eda matado a su propio hermano"},"content":{"rendered":"\n<p>Este s\u00e1bado por la tarde, personal policial que estaba abocado a la b\u00fasqueda del presunto homicida del joven Brian Gim\u00e9nez Jacket\u00a0de 20 a\u00f1os que fue asesinado en Las Varillas, logr\u00f3 dar con el sujeto sindicado como posible responsable.<\/p>\n\n\n\n<p>Se trataba de otro joven de 18 a\u00f1os, hermano de la v\u00edctima, que fue encontrado en una obra en construcci\u00f3n ubicada en sobre calle Buenos Aires al 100 de la mencionada localidad. Los efectivos procedieron a la captura del joven buscado, quien ante la presencia policial se autolesion\u00f3, falleciendo lamentablemente minutos despu\u00e9s en el Hospital de Las Varillas. El joven en cuesti\u00f3n era sindicado como el presunto responsable de la muerte de su propio hermano luego de una discusi\u00f3n familiar.<\/p>\n\n\n\n<p>El caso sigue siendo investigado por la Fiscal\u00eda de Instrucci\u00f3n de esa ciudad y este segundo hecho ha conmocionado a\u00fan m\u00e1s el resonante caso. <\/p>\n","protected":false},"excerpt":{"rendered":"<p>Este s\u00e1bado por la tarde, personal policial que estaba abocado a la b\u00fasqueda del presunto homicida del joven Brian Gim\u00e9nez Jacket\u00a0de 20 a\u00f1os que fue asesinado en Las Varillas, logr\u00f3 dar con el sujeto sindicado como posible responsable. Se trataba de otro joven de 18 a\u00f1os, hermano de la v\u00edctima, que fue encontrado en una [&hellip;]<\/p>\n","protected":false},"author":4,"featured_media":54746,"comment_status":"open","ping_status":"open","sticky":false,"template":"","format":"standard","meta":{"site-sidebar-layout":"default","site-content-layout":"","ast-site-content-layout":"default","site-content-style":"default","site-sidebar-style":"default","ast-global-header-display":"","ast-banner-title-visibility":"","ast-main-header-display":"","ast-hfb-above-header-display":"","ast-hfb-below-header-display":"","ast-hfb-mobile-header-display":"","site-post-title":"","ast-breadcrumbs-content":"","ast-featured-img":"","footer-sml-layout":"","ast-disable-related-posts":"","theme-transparent-header-meta":"","adv-header-id-meta":"","stick-header-meta":"","header-above-stick-meta":"","header-main-stick-meta":"","header-below-stick-meta":"","astra-migrate-meta-layouts":"default","ast-page-background-enabled":"default","ast-page-background-meta":{"desktop":{"background-color":"","background-image":"","background-repeat":"repeat","background-position":"center center","background-size":"auto","background-attachment":"scroll","background-type":"","background-media":"","overlay-type":"","overlay-color":"","overlay-opacity":"","overlay-gradient":""},"tablet":{"background-color":"","background-image":"","background-repeat":"repeat","background-position":"center center","background-size":"auto","background-attachment":"scroll","background-type":"","background-media":"","overlay-type":"","overlay-color":"","overlay-opacity":"","overlay-gradient":""},"mobile":{"background-color":"","background-image":"","background-repeat":"repeat","background-position":"center center","background-size":"auto","background-attachment":"scroll","background-type":"","background-media":"","overlay-type":"","overlay-color":"","overlay-opacity":"","overlay-gradient":""}},"ast-content-background-meta":{"desktop":{"background-color":"var(--ast-global-color-5)","background-image":"","background-repeat":"repeat","background-position":"center center","background-size":"auto","background-attachment":"scroll","background-type":"","background-media":"","overlay-type":"","overlay-color":"","overlay-opacity":"","overlay-gradient":""},"tablet":{"background-color":"var(--ast-global-color-5)","background-image":"","background-repeat":"repeat","background-position":"center center","background-size":"auto","background-attachment":"scroll","background-type":"","background-media":"","overlay-type":"","overlay-color":"","overlay-opacity":"","overlay-gradient":""},"mobile":{"background-color":"var(--ast-global-color-5)","background-image":"","background-repeat":"repeat","background-position":"center center","background-size":"auto","background-attachment":"scroll","background-type":"","background-media":"","overlay-type":"","overlay-color":"","overlay-opacity":"","overlay-gradient":""}},"_jetpack_memberships_contains_paid_content":false,"_joinchat":[],"footnotes":""},"categories":[2091],"tags":[14453,1232,2536,2983,2503,14486,14485],"class_list":["post-54744","post","type-post","status-publish","format-standard","has-post-thumbnail","hentry","category-region","tag-brian-gimenez-jacket","tag-destacado","tag-investigacion","tag-joven-detenido","tag-las-varillas","tag-muerte-de-su-hermano","tag-se-suicido"],"yoast_head":"<!-- This site is optimized with the Yoast SEO plugin v26.8 - https:\/\/yoast.com\/product\/yoast-seo-wordpress\/ -->\n<title>[LAS VARILLAS] - Se suicid\u00f3 el joven que habr\u00eda matado a su propio hermano - El Regional<\/title>\n<meta name=\"robots\" content=\"index, follow, max-snippet:-1, max-image-preview:large, max-video-preview:-1\" \/>\n<link rel=\"canonical\" href=\"http:\/\/elregionalvm.com.ar\/noticias-villa-maria\/las-varillas-se-suicido-el-joven-que-habria-matado-a-su-propio-hermano\/\" \/>\n<meta property=\"og:locale\" content=\"es_ES\" \/>\n<meta property=\"og:type\" content=\"article\" \/>\n<meta property=\"og:title\" content=\"[LAS VARILLAS] - Se suicid\u00f3 el joven que habr\u00eda matado a su propio hermano - El Regional\" \/>\n<meta property=\"og:description\" content=\"Este s\u00e1bado por la tarde, personal policial que estaba abocado a la b\u00fasqueda del presunto homicida del joven Brian Gim\u00e9nez Jacket\u00a0de 20 a\u00f1os que fue asesinado en Las Varillas, logr\u00f3 dar con el sujeto sindicado como posible responsable. Se trataba de otro joven de 18 a\u00f1os, hermano de la v\u00edctima, que fue encontrado en una [&hellip;]\" \/>\n<meta property=\"og:url\" content=\"http:\/\/elregionalvm.com.ar\/noticias-villa-maria\/las-varillas-se-suicido-el-joven-que-habria-matado-a-su-propio-hermano\/\" \/>\n<meta property=\"og:site_name\" content=\"El Regional\" \/>\n<meta property=\"article:publisher\" content=\"https:\/\/www.facebook.com\/elregionalvm\" \/>\n<meta property=\"article:published_time\" content=\"2022-03-27T14:23:12+00:00\" \/>\n<meta property=\"article:modified_time\" content=\"2022-03-27T14:23:13+00:00\" \/>\n<meta property=\"og:image\" content=\"http:\/\/elregionalvm.com.ar\/noticias-villa-maria\/wp-content\/uploads\/2022\/03\/las-varillas-suicidio.png\" \/>\n\t<meta property=\"og:image:width\" content=\"968\" \/>\n\t<meta property=\"og:image:height\" content=\"553\" \/>\n\t<meta property=\"og:image:type\" content=\"image\/png\" \/>\n<meta name=\"author\" content=\"Contenidos El Regional\" \/>\n<meta name=\"twitter:card\" content=\"summary_large_image\" \/>\n<meta name=\"twitter:creator\" content=\"@elregionalvm1\" \/>\n<meta name=\"twitter:site\" content=\"@elregionalvm1\" \/>\n<meta name=\"twitter:label1\" content=\"Escrito por\" \/>\n\t<meta name=\"twitter:data1\" content=\"Contenidos El Regional\" \/>\n\t<meta name=\"twitter:label2\" content=\"Tiempo de lectura\" \/>\n\t<meta name=\"twitter:data2\" content=\"1 minuto\" \/>\n<script type=\"application\/ld+json\" class=\"yoast-schema-graph\">{\"@context\":\"https:\/\/schema.org\",\"@graph\":[{\"@type\":\"Article\",\"@id\":\"http:\/\/elregionalvm.com.ar\/noticias-villa-maria\/las-varillas-se-suicido-el-joven-que-habria-matado-a-su-propio-hermano\/#article\",\"isPartOf\":{\"@id\":\"http:\/\/elregionalvm.com.ar\/noticias-villa-maria\/las-varillas-se-suicido-el-joven-que-habria-matado-a-su-propio-hermano\/\"},\"author\":{\"name\":\"Contenidos El Regional\",\"@id\":\"http:\/\/elregionalvm.com.ar\/noticias-villa-maria\/#\/schema\/person\/a0fb9c422317faca23d50163151bc354\"},\"headline\":\"[LAS VARILLAS] &#8211; Se suicid\u00f3 el joven que habr\u00eda matado a su propio hermano\",\"datePublished\":\"2022-03-27T14:23:12+00:00\",\"dateModified\":\"2022-03-27T14:23:13+00:00\",\"mainEntityOfPage\":{\"@id\":\"http:\/\/elregionalvm.com.ar\/noticias-villa-maria\/las-varillas-se-suicido-el-joven-que-habria-matado-a-su-propio-hermano\/\"},\"wordCount\":169,\"commentCount\":0,\"image\":{\"@id\":\"http:\/\/elregionalvm.com.ar\/noticias-villa-maria\/las-varillas-se-suicido-el-joven-que-habria-matado-a-su-propio-hermano\/#primaryimage\"},\"thumbnailUrl\":\"https:\/\/i0.wp.com\/elregionalvm.com.ar\/noticias-villa-maria\/wp-content\/uploads\/2022\/03\/las-varillas-suicidio.png?fit=968%2C553&ssl=1\",\"keywords\":[\"Brian Gim\u00e9nez Jacket\",\"destacado\",\"Investigaci\u00f3n\",\"joven detenido\",\"Las Varillas\",\"muerte de su hermano\",\"se suicid\u00f3\"],\"articleSection\":[\"Regi\u00f3n\"],\"inLanguage\":\"es\",\"potentialAction\":[{\"@type\":\"CommentAction\",\"name\":\"Comment\",\"target\":[\"http:\/\/elregionalvm.com.ar\/noticias-villa-maria\/las-varillas-se-suicido-el-joven-que-habria-matado-a-su-propio-hermano\/#respond\"]}]},{\"@type\":\"WebPage\",\"@id\":\"http:\/\/elregionalvm.com.ar\/noticias-villa-maria\/las-varillas-se-suicido-el-joven-que-habria-matado-a-su-propio-hermano\/\",\"url\":\"http:\/\/elregionalvm.com.ar\/noticias-villa-maria\/las-varillas-se-suicido-el-joven-que-habria-matado-a-su-propio-hermano\/\",\"name\":\"[LAS VARILLAS] - Se suicid\u00f3 el joven que habr\u00eda matado a su propio hermano - El Regional\",\"isPartOf\":{\"@id\":\"http:\/\/elregionalvm.com.ar\/noticias-villa-maria\/#website\"},\"primaryImageOfPage\":{\"@id\":\"http:\/\/elregionalvm.com.ar\/noticias-villa-maria\/las-varillas-se-suicido-el-joven-que-habria-matado-a-su-propio-hermano\/#primaryimage\"},\"image\":{\"@id\":\"http:\/\/elregionalvm.com.ar\/noticias-villa-maria\/las-varillas-se-suicido-el-joven-que-habria-matado-a-su-propio-hermano\/#primaryimage\"},\"thumbnailUrl\":\"https:\/\/i0.wp.com\/elregionalvm.com.ar\/noticias-villa-maria\/wp-content\/uploads\/2022\/03\/las-varillas-suicidio.png?fit=968%2C553&ssl=1\",\"datePublished\":\"2022-03-27T14:23:12+00:00\",\"dateModified\":\"2022-03-27T14:23:13+00:00\",\"author\":{\"@id\":\"http:\/\/elregionalvm.com.ar\/noticias-villa-maria\/#\/schema\/person\/a0fb9c422317faca23d50163151bc354\"},\"breadcrumb\":{\"@id\":\"http:\/\/elregionalvm.com.ar\/noticias-villa-maria\/las-varillas-se-suicido-el-joven-que-habria-matado-a-su-propio-hermano\/#breadcrumb\"},\"inLanguage\":\"es\",\"potentialAction\":[{\"@type\":\"ReadAction\",\"target\":[\"http:\/\/elregionalvm.com.ar\/noticias-villa-maria\/las-varillas-se-suicido-el-joven-que-habria-matado-a-su-propio-hermano\/\"]}]},{\"@type\":\"ImageObject\",\"inLanguage\":\"es\",\"@id\":\"http:\/\/elregionalvm.com.ar\/noticias-villa-maria\/las-varillas-se-suicido-el-joven-que-habria-matado-a-su-propio-hermano\/#primaryimage\",\"url\":\"https:\/\/i0.wp.com\/elregionalvm.com.ar\/noticias-villa-maria\/wp-content\/uploads\/2022\/03\/las-varillas-suicidio.png?fit=968%2C553&ssl=1\",\"contentUrl\":\"https:\/\/i0.wp.com\/elregionalvm.com.ar\/noticias-villa-maria\/wp-content\/uploads\/2022\/03\/las-varillas-suicidio.png?fit=968%2C553&ssl=1\",\"width\":968,\"height\":553},{\"@type\":\"BreadcrumbList\",\"@id\":\"http:\/\/elregionalvm.com.ar\/noticias-villa-maria\/las-varillas-se-suicido-el-joven-que-habria-matado-a-su-propio-hermano\/#breadcrumb\",\"itemListElement\":[{\"@type\":\"ListItem\",\"position\":1,\"name\":\"Portada\",\"item\":\"https:\/\/elregionalvm.com.ar\/noticias-villa-maria\/\"},{\"@type\":\"ListItem\",\"position\":2,\"name\":\"[LAS VARILLAS] &#8211; Se suicid\u00f3 el joven que habr\u00eda matado a su propio hermano\"}]},{\"@type\":\"WebSite\",\"@id\":\"http:\/\/elregionalvm.com.ar\/noticias-villa-maria\/#website\",\"url\":\"http:\/\/elregionalvm.com.ar\/noticias-villa-maria\/\",\"name\":\"El Regional\",\"description\":\"Mucho m\u00e1s que informaci\u00f3n\",\"potentialAction\":[{\"@type\":\"SearchAction\",\"target\":{\"@type\":\"EntryPoint\",\"urlTemplate\":\"http:\/\/elregionalvm.com.ar\/noticias-villa-maria\/?s={search_term_string}\"},\"query-input\":{\"@type\":\"PropertyValueSpecification\",\"valueRequired\":true,\"valueName\":\"search_term_string\"}}],\"inLanguage\":\"es\"},{\"@type\":\"Person\",\"@id\":\"http:\/\/elregionalvm.com.ar\/noticias-villa-maria\/#\/schema\/person\/a0fb9c422317faca23d50163151bc354\",\"name\":\"Contenidos El Regional\",\"image\":{\"@type\":\"ImageObject\",\"inLanguage\":\"es\",\"@id\":\"http:\/\/elregionalvm.com.ar\/noticias-villa-maria\/#\/schema\/person\/image\/\",\"url\":\"https:\/\/secure.gravatar.com\/avatar\/265b27cb2209af7bb3a1318f03305787d7981a5cc6e6cd08fe5a4ecdf99d4b48?s=96&d=mm&r=g\",\"contentUrl\":\"https:\/\/secure.gravatar.com\/avatar\/265b27cb2209af7bb3a1318f03305787d7981a5cc6e6cd08fe5a4ecdf99d4b48?s=96&d=mm&r=g\",\"caption\":\"Contenidos El Regional\"},\"url\":\"https:\/\/elregionalvm.com.ar\/noticias-villa-maria\/author\/contenido\/\"}]}<\/script>\n<!-- \/ Yoast SEO plugin. -->","yoast_head_json":{"title":"[LAS VARILLAS] - Se suicid\u00f3 el joven que habr\u00eda matado a su propio hermano - El Regional","robots":{"index":"index","follow":"follow","max-snippet":"max-snippet:-1","max-image-preview":"max-image-preview:large","max-video-preview":"max-video-preview:-1"},"canonical":"http:\/\/elregionalvm.com.ar\/noticias-villa-maria\/las-varillas-se-suicido-el-joven-que-habria-matado-a-su-propio-hermano\/","og_locale":"es_ES","og_type":"article","og_title":"[LAS VARILLAS] - Se suicid\u00f3 el joven que habr\u00eda matado a su propio hermano - El Regional","og_description":"Este s\u00e1bado por la tarde, personal policial que estaba abocado a la b\u00fasqueda del presunto homicida del joven Brian Gim\u00e9nez Jacket\u00a0de 20 a\u00f1os que fue asesinado en Las Varillas, logr\u00f3 dar con el sujeto sindicado como posible responsable. Se trataba de otro joven de 18 a\u00f1os, hermano de la v\u00edctima, que fue encontrado en una [&hellip;]","og_url":"http:\/\/elregionalvm.com.ar\/noticias-villa-maria\/las-varillas-se-suicido-el-joven-que-habria-matado-a-su-propio-hermano\/","og_site_name":"El Regional","article_publisher":"https:\/\/www.facebook.com\/elregionalvm","article_published_time":"2022-03-27T14:23:12+00:00","article_modified_time":"2022-03-27T14:23:13+00:00","og_image":[{"width":968,"height":553,"url":"http:\/\/elregionalvm.com.ar\/noticias-villa-maria\/wp-content\/uploads\/2022\/03\/las-varillas-suicidio.png","type":"image\/png"}],"author":"Contenidos El Regional","twitter_card":"summary_large_image","twitter_creator":"@elregionalvm1","twitter_site":"@elregionalvm1","twitter_misc":{"Escrito por":"Contenidos El Regional","Tiempo de lectura":"1 minuto"},"schema":{"@context":"https:\/\/schema.org","@graph":[{"@type":"Article","@id":"http:\/\/elregionalvm.com.ar\/noticias-villa-maria\/las-varillas-se-suicido-el-joven-que-habria-matado-a-su-propio-hermano\/#article","isPartOf":{"@id":"http:\/\/elregionalvm.com.ar\/noticias-villa-maria\/las-varillas-se-suicido-el-joven-que-habria-matado-a-su-propio-hermano\/"},"author":{"name":"Contenidos El Regional","@id":"http:\/\/elregionalvm.com.ar\/noticias-villa-maria\/#\/schema\/person\/a0fb9c422317faca23d50163151bc354"},"headline":"[LAS VARILLAS] &#8211; Se suicid\u00f3 el joven que habr\u00eda matado a su propio hermano","datePublished":"2022-03-27T14:23:12+00:00","dateModified":"2022-03-27T14:23:13+00:00","mainEntityOfPage":{"@id":"http:\/\/elregionalvm.com.ar\/noticias-villa-maria\/las-varillas-se-suicido-el-joven-que-habria-matado-a-su-propio-hermano\/"},"wordCount":169,"commentCount":0,"image":{"@id":"http:\/\/elregionalvm.com.ar\/noticias-villa-maria\/las-varillas-se-suicido-el-joven-que-habria-matado-a-su-propio-hermano\/#primaryimage"},"thumbnailUrl":"https:\/\/i0.wp.com\/elregionalvm.com.ar\/noticias-villa-maria\/wp-content\/uploads\/2022\/03\/las-varillas-suicidio.png?fit=968%2C553&ssl=1","keywords":["Brian Gim\u00e9nez Jacket","destacado","Investigaci\u00f3n","joven detenido","Las Varillas","muerte de su hermano","se suicid\u00f3"],"articleSection":["Regi\u00f3n"],"inLanguage":"es","potentialAction":[{"@type":"CommentAction","name":"Comment","target":["http:\/\/elregionalvm.com.ar\/noticias-villa-maria\/las-varillas-se-suicido-el-joven-que-habria-matado-a-su-propio-hermano\/#respond"]}]},{"@type":"WebPage","@id":"http:\/\/elregionalvm.com.ar\/noticias-villa-maria\/las-varillas-se-suicido-el-joven-que-habria-matado-a-su-propio-hermano\/","url":"http:\/\/elregionalvm.com.ar\/noticias-villa-maria\/las-varillas-se-suicido-el-joven-que-habria-matado-a-su-propio-hermano\/","name":"[LAS VARILLAS] - Se suicid\u00f3 el joven que habr\u00eda matado a su propio hermano - El Regional","isPartOf":{"@id":"http:\/\/elregionalvm.com.ar\/noticias-villa-maria\/#website"},"primaryImageOfPage":{"@id":"http:\/\/elregionalvm.com.ar\/noticias-villa-maria\/las-varillas-se-suicido-el-joven-que-habria-matado-a-su-propio-hermano\/#primaryimage"},"image":{"@id":"http:\/\/elregionalvm.com.ar\/noticias-villa-maria\/las-varillas-se-suicido-el-joven-que-habria-matado-a-su-propio-hermano\/#primaryimage"},"thumbnailUrl":"https:\/\/i0.wp.com\/elregionalvm.com.ar\/noticias-villa-maria\/wp-content\/uploads\/2022\/03\/las-varillas-suicidio.png?fit=968%2C553&ssl=1","datePublished":"2022-03-27T14:23:12+00:00","dateModified":"2022-03-27T14:23:13+00:00","author":{"@id":"http:\/\/elregionalvm.com.ar\/noticias-villa-maria\/#\/schema\/person\/a0fb9c422317faca23d50163151bc354"},"breadcrumb":{"@id":"http:\/\/elregionalvm.com.ar\/noticias-villa-maria\/las-varillas-se-suicido-el-joven-que-habria-matado-a-su-propio-hermano\/#breadcrumb"},"inLanguage":"es","potentialAction":[{"@type":"ReadAction","target":["http:\/\/elregionalvm.com.ar\/noticias-villa-maria\/las-varillas-se-suicido-el-joven-que-habria-matado-a-su-propio-hermano\/"]}]},{"@type":"ImageObject","inLanguage":"es","@id":"http:\/\/elregionalvm.com.ar\/noticias-villa-maria\/las-varillas-se-suicido-el-joven-que-habria-matado-a-su-propio-hermano\/#primaryimage","url":"https:\/\/i0.wp.com\/elregionalvm.com.ar\/noticias-villa-maria\/wp-content\/uploads\/2022\/03\/las-varillas-suicidio.png?fit=968%2C553&ssl=1","contentUrl":"https:\/\/i0.wp.com\/elregionalvm.com.ar\/noticias-villa-maria\/wp-content\/uploads\/2022\/03\/las-varillas-suicidio.png?fit=968%2C553&ssl=1","width":968,"height":553},{"@type":"BreadcrumbList","@id":"http:\/\/elregionalvm.com.ar\/noticias-villa-maria\/las-varillas-se-suicido-el-joven-que-habria-matado-a-su-propio-hermano\/#breadcrumb","itemListElement":[{"@type":"ListItem","position":1,"name":"Portada","item":"https:\/\/elregionalvm.com.ar\/noticias-villa-maria\/"},{"@type":"ListItem","position":2,"name":"[LAS VARILLAS] &#8211; Se suicid\u00f3 el joven que habr\u00eda matado a su propio hermano"}]},{"@type":"WebSite","@id":"http:\/\/elregionalvm.com.ar\/noticias-villa-maria\/#website","url":"http:\/\/elregionalvm.com.ar\/noticias-villa-maria\/","name":"El Regional","description":"Mucho m\u00e1s que informaci\u00f3n","potentialAction":[{"@type":"SearchAction","target":{"@type":"EntryPoint","urlTemplate":"http:\/\/elregionalvm.com.ar\/noticias-villa-maria\/?s={search_term_string}"},"query-input":{"@type":"PropertyValueSpecification","valueRequired":true,"valueName":"search_term_string"}}],"inLanguage":"es"},{"@type":"Person","@id":"http:\/\/elregionalvm.com.ar\/noticias-villa-maria\/#\/schema\/person\/a0fb9c422317faca23d50163151bc354","name":"Contenidos El Regional","image":{"@type":"ImageObject","inLanguage":"es","@id":"http:\/\/elregionalvm.com.ar\/noticias-villa-maria\/#\/schema\/person\/image\/","url":"https:\/\/secure.gravatar.com\/avatar\/265b27cb2209af7bb3a1318f03305787d7981a5cc6e6cd08fe5a4ecdf99d4b48?s=96&d=mm&r=g","contentUrl":"https:\/\/secure.gravatar.com\/avatar\/265b27cb2209af7bb3a1318f03305787d7981a5cc6e6cd08fe5a4ecdf99d4b48?s=96&d=mm&r=g","caption":"Contenidos El Regional"},"url":"https:\/\/elregionalvm.com.ar\/noticias-villa-maria\/author\/contenido\/"}]}},"jetpack_featured_media_url":"https:\/\/i0.wp.com\/elregionalvm.com.ar\/noticias-villa-maria\/wp-content\/uploads\/2022\/03\/las-varillas-suicidio.png?fit=968%2C553&ssl=1","jetpack_sharing_enabled":true,"_links":{"self":[{"href":"https:\/\/elregionalvm.com.ar\/noticias-villa-maria\/wp-json\/wp\/v2\/posts\/54744","targetHints":{"allow":["GET"]}}],"collection":[{"href":"https:\/\/elregionalvm.com.ar\/noticias-villa-maria\/wp-json\/wp\/v2\/posts"}],"about":[{"href":"https:\/\/elregionalvm.com.ar\/noticias-villa-maria\/wp-json\/wp\/v2\/types\/post"}],"author":[{"embeddable":true,"href":"https:\/\/elregionalvm.com.ar\/noticias-villa-maria\/wp-json\/wp\/v2\/users\/4"}],"replies":[{"embeddable":true,"href":"https:\/\/elregionalvm.com.ar\/noticias-villa-maria\/wp-json\/wp\/v2\/comments?post=54744"}],"version-history":[{"count":2,"href":"https:\/\/elregionalvm.com.ar\/noticias-villa-maria\/wp-json\/wp\/v2\/posts\/54744\/revisions"}],"predecessor-version":[{"id":54747,"href":"https:\/\/elregionalvm.com.ar\/noticias-villa-maria\/wp-json\/wp\/v2\/posts\/54744\/revisions\/54747"}],"wp:featuredmedia":[{"embeddable":true,"href":"https:\/\/elregionalvm.com.ar\/noticias-villa-maria\/wp-json\/wp\/v2\/media\/54746"}],"wp:attachment":[{"href":"https:\/\/elregionalvm.com.ar\/noticias-villa-maria\/wp-json\/wp\/v2\/media?parent=54744"}],"wp:term":[{"taxonomy":"category","embeddable":true,"href":"https:\/\/elregionalvm.com.ar\/noticias-villa-maria\/wp-json\/wp\/v2\/categories?post=54744"},{"taxonomy":"post_tag","embeddable":true,"href":"https:\/\/elregionalvm.com.ar\/noticias-villa-maria\/wp-json\/wp\/v2\/tags?post=54744"}],"curies":[{"name":"wp","href":"https:\/\/api.w.org\/{rel}","templated":true}]}}