{"id":54748,"date":"2022-03-27T14:51:59","date_gmt":"2022-03-27T14:51:59","guid":{"rendered":"https:\/\/elregionalvm.com.ar\/noticias-villa-maria\/?p=54748"},"modified":"2022-03-27T14:52:08","modified_gmt":"2022-03-27T14:52:08","slug":"murio-enrique-pinti-dolor-en-el-mundo-del-espectaculo","status":"publish","type":"post","link":"https:\/\/elregionalvm.com.ar\/noticias-villa-maria\/murio-enrique-pinti-dolor-en-el-mundo-del-espectaculo\/","title":{"rendered":"Muri\u00f3 Enrique Pinti: dolor en el mundo del espect\u00e1culo"},"content":{"rendered":"\n<p>El actor estaba internado desde el 5 de marzo tras sufrir una descompensaci\u00f3n. Ten\u00eda problemas de diabetes y circulaci\u00f3n, pero la pandemia le provoc\u00f3 depresi\u00f3n.<\/p>\n\n\n\n<p>El querido artista Enrique Pinti muri\u00f3 a los 82 a\u00f1os, tras estar internado en el Sanatorio Otamendi desde el 5 de marzo, cuando sufri\u00f3 una descompensaci\u00f3n.<\/p>\n\n\n\n<p>La noticia del fallecimiento del humorista la confirm\u00f3 esta ma\u00f1ana el empresario teatral Carlos Rottemberg a trav\u00e9s de la cuenta de Twitter del Multiteatro: \u201cElegimos despedir a Enrique Pinti -enorme referente de esta Casa Teatral- recordando su \u00faltima marquesina. Finalmente su salud no le permiti\u00f3 concretar el \u2018Muy pronto\u2019 anunciado. Sin dudas Enrique protagoniza hoy uno de los momentos tristes de la historia del teatro argentino\u201d.<\/p>\n\n\n\n<p>La noticia golpe\u00f3 con dureza al mundo del espect\u00e1culo y en las redes sociales se multiplicaron los mensajes de dolor y despedida para Enrique, quien pas\u00f3 m\u00e1s de cinco d\u00e9cadas dedicado a la TV, el teatro y otros medios. Muchos de los saludos incluyeron ingeniosas frases del actor, as\u00ed como tambi\u00e9n personajes y fragmentos de sus mon\u00f3logos.<\/p>\n\n\n\n<p><strong>LA FR\u00c1GIL SALUD DE ENRIQUE PINTI<\/strong><br>Seg\u00fan lo detall\u00f3 TN, en el \u00faltimo tiempo Enrique Pinti hab\u00eda experimentado muchos problemas de salud debido al cuadro de diabetes que sufr\u00eda desde hace varios a\u00f1os. Adem\u00e1s de los problemas circulatorios en las piernas, el aislamiento del actor por la pandemia hab\u00eda derivado en una depresi\u00f3n.<\/p>\n\n\n\n<p>Tras su intenaci\u00f3n en el Sanatorio Otamendi el pasado 5 de marzo, el humorista debi\u00f3 someterse a distintos estudios para analizar cu\u00e1l hab\u00eda sido la causa de la descompensaci\u00f3n.<\/p>\n\n\n\n<p>Sin embargo, jam\u00e1s trascendieron los resultados. Por entonces, su entorno se limitaba a pedir cadenas de oraci\u00f3n para que el artista mejore. En tanto este s\u00e1bado su asistente y amiga, Cipe Fridman, hab\u00eda dicho a TN Show que el artista se encontraba en estado delicado.<\/p>\n","protected":false},"excerpt":{"rendered":"<p>El actor estaba internado desde el 5 de marzo tras sufrir una descompensaci\u00f3n. Ten\u00eda problemas de diabetes y circulaci\u00f3n, pero la pandemia le provoc\u00f3 depresi\u00f3n. El querido artista Enrique Pinti muri\u00f3 a los 82 a\u00f1os, tras estar internado en el Sanatorio Otamendi desde el 5 de marzo, cuando sufri\u00f3 una descompensaci\u00f3n. La noticia del fallecimiento [&hellip;]<\/p>\n","protected":false},"author":4,"featured_media":54749,"comment_status":"open","ping_status":"open","sticky":false,"template":"","format":"standard","meta":{"site-sidebar-layout":"default","site-content-layout":"","ast-site-content-layout":"default","site-content-style":"default","site-sidebar-style":"default","ast-global-header-display":"","ast-banner-title-visibility":"","ast-main-header-display":"","ast-hfb-above-header-display":"","ast-hfb-below-header-display":"","ast-hfb-mobile-header-display":"","site-post-title":"","ast-breadcrumbs-content":"","ast-featured-img":"","footer-sml-layout":"","ast-disable-related-posts":"","theme-transparent-header-meta":"","adv-header-id-meta":"","stick-header-meta":"","header-above-stick-meta":"","header-main-stick-meta":"","header-below-stick-meta":"","astra-migrate-meta-layouts":"default","ast-page-background-enabled":"default","ast-page-background-meta":{"desktop":{"background-color":"","background-image":"","background-repeat":"repeat","background-position":"center center","background-size":"auto","background-attachment":"scroll","background-type":"","background-media":"","overlay-type":"","overlay-color":"","overlay-opacity":"","overlay-gradient":""},"tablet":{"background-color":"","background-image":"","background-repeat":"repeat","background-position":"center center","background-size":"auto","background-attachment":"scroll","background-type":"","background-media":"","overlay-type":"","overlay-color":"","overlay-opacity":"","overlay-gradient":""},"mobile":{"background-color":"","background-image":"","background-repeat":"repeat","background-position":"center center","background-size":"auto","background-attachment":"scroll","background-type":"","background-media":"","overlay-type":"","overlay-color":"","overlay-opacity":"","overlay-gradient":""}},"ast-content-background-meta":{"desktop":{"background-color":"var(--ast-global-color-5)","background-image":"","background-repeat":"repeat","background-position":"center center","background-size":"auto","background-attachment":"scroll","background-type":"","background-media":"","overlay-type":"","overlay-color":"","overlay-opacity":"","overlay-gradient":""},"tablet":{"background-color":"var(--ast-global-color-5)","background-image":"","background-repeat":"repeat","background-position":"center center","background-size":"auto","background-attachment":"scroll","background-type":"","background-media":"","overlay-type":"","overlay-color":"","overlay-opacity":"","overlay-gradient":""},"mobile":{"background-color":"var(--ast-global-color-5)","background-image":"","background-repeat":"repeat","background-position":"center center","background-size":"auto","background-attachment":"scroll","background-type":"","background-media":"","overlay-type":"","overlay-color":"","overlay-opacity":"","overlay-gradient":""}},"_jetpack_memberships_contains_paid_content":false,"_joinchat":[],"footnotes":""},"categories":[5],"tags":[14491,3330,1232,5720,14487,261,14490,14489],"class_list":["post-54748","post","type-post","status-publish","format-standard","has-post-thumbnail","hentry","category-sociedad","tag-actor","tag-depresion","tag-destacado","tag-dolor","tag-enrique-pinti","tag-fallecimiento","tag-humorista","tag-mundo-del-espectaculo"],"yoast_head":"<!-- This site is optimized with the Yoast SEO plugin v26.8 - https:\/\/yoast.com\/product\/yoast-seo-wordpress\/ -->\n<title>Muri\u00f3 Enrique Pinti: dolor en el mundo del espect\u00e1culo - El Regional<\/title>\n<meta name=\"robots\" content=\"index, follow, max-snippet:-1, max-image-preview:large, max-video-preview:-1\" \/>\n<link rel=\"canonical\" href=\"http:\/\/elregionalvm.com.ar\/noticias-villa-maria\/murio-enrique-pinti-dolor-en-el-mundo-del-espectaculo\/\" \/>\n<meta property=\"og:locale\" content=\"es_ES\" \/>\n<meta property=\"og:type\" content=\"article\" \/>\n<meta property=\"og:title\" content=\"Muri\u00f3 Enrique Pinti: dolor en el mundo del espect\u00e1culo - El Regional\" \/>\n<meta property=\"og:description\" content=\"El actor estaba internado desde el 5 de marzo tras sufrir una descompensaci\u00f3n. Ten\u00eda problemas de diabetes y circulaci\u00f3n, pero la pandemia le provoc\u00f3 depresi\u00f3n. El querido artista Enrique Pinti muri\u00f3 a los 82 a\u00f1os, tras estar internado en el Sanatorio Otamendi desde el 5 de marzo, cuando sufri\u00f3 una descompensaci\u00f3n. La noticia del fallecimiento [&hellip;]\" \/>\n<meta property=\"og:url\" content=\"http:\/\/elregionalvm.com.ar\/noticias-villa-maria\/murio-enrique-pinti-dolor-en-el-mundo-del-espectaculo\/\" \/>\n<meta property=\"og:site_name\" content=\"El Regional\" \/>\n<meta property=\"article:publisher\" content=\"https:\/\/www.facebook.com\/elregionalvm\" \/>\n<meta property=\"article:published_time\" content=\"2022-03-27T14:51:59+00:00\" \/>\n<meta property=\"article:modified_time\" content=\"2022-03-27T14:52:08+00:00\" \/>\n<meta property=\"og:image\" content=\"http:\/\/elregionalvm.com.ar\/noticias-villa-maria\/wp-content\/uploads\/2022\/03\/Enrique-Pinti.jpg\" \/>\n\t<meta property=\"og:image:width\" content=\"950\" \/>\n\t<meta property=\"og:image:height\" content=\"534\" \/>\n\t<meta property=\"og:image:type\" content=\"image\/jpeg\" \/>\n<meta name=\"author\" content=\"Contenidos El Regional\" \/>\n<meta name=\"twitter:card\" content=\"summary_large_image\" \/>\n<meta name=\"twitter:creator\" content=\"@elregionalvm1\" \/>\n<meta name=\"twitter:site\" content=\"@elregionalvm1\" \/>\n<meta name=\"twitter:label1\" content=\"Escrito por\" \/>\n\t<meta name=\"twitter:data1\" content=\"Contenidos El Regional\" \/>\n\t<meta name=\"twitter:label2\" content=\"Tiempo de lectura\" \/>\n\t<meta name=\"twitter:data2\" content=\"2 minutos\" \/>\n<script type=\"application\/ld+json\" class=\"yoast-schema-graph\">{\"@context\":\"https:\/\/schema.org\",\"@graph\":[{\"@type\":\"Article\",\"@id\":\"http:\/\/elregionalvm.com.ar\/noticias-villa-maria\/murio-enrique-pinti-dolor-en-el-mundo-del-espectaculo\/#article\",\"isPartOf\":{\"@id\":\"http:\/\/elregionalvm.com.ar\/noticias-villa-maria\/murio-enrique-pinti-dolor-en-el-mundo-del-espectaculo\/\"},\"author\":{\"name\":\"Contenidos El Regional\",\"@id\":\"http:\/\/elregionalvm.com.ar\/noticias-villa-maria\/#\/schema\/person\/a0fb9c422317faca23d50163151bc354\"},\"headline\":\"Muri\u00f3 Enrique Pinti: dolor en el mundo del espect\u00e1culo\",\"datePublished\":\"2022-03-27T14:51:59+00:00\",\"dateModified\":\"2022-03-27T14:52:08+00:00\",\"mainEntityOfPage\":{\"@id\":\"http:\/\/elregionalvm.com.ar\/noticias-villa-maria\/murio-enrique-pinti-dolor-en-el-mundo-del-espectaculo\/\"},\"wordCount\":336,\"commentCount\":0,\"image\":{\"@id\":\"http:\/\/elregionalvm.com.ar\/noticias-villa-maria\/murio-enrique-pinti-dolor-en-el-mundo-del-espectaculo\/#primaryimage\"},\"thumbnailUrl\":\"https:\/\/i0.wp.com\/elregionalvm.com.ar\/noticias-villa-maria\/wp-content\/uploads\/2022\/03\/Enrique-Pinti.jpg?fit=950%2C534&ssl=1\",\"keywords\":[\"actor\",\"depresi\u00f3n\",\"destacado\",\"Dolor\",\"Enrique Pinti\",\"fallecimiento\",\"humorista\",\"mundo del espect\u00e1culo\"],\"articleSection\":[\"Sociedad\"],\"inLanguage\":\"es\",\"potentialAction\":[{\"@type\":\"CommentAction\",\"name\":\"Comment\",\"target\":[\"http:\/\/elregionalvm.com.ar\/noticias-villa-maria\/murio-enrique-pinti-dolor-en-el-mundo-del-espectaculo\/#respond\"]}]},{\"@type\":\"WebPage\",\"@id\":\"http:\/\/elregionalvm.com.ar\/noticias-villa-maria\/murio-enrique-pinti-dolor-en-el-mundo-del-espectaculo\/\",\"url\":\"http:\/\/elregionalvm.com.ar\/noticias-villa-maria\/murio-enrique-pinti-dolor-en-el-mundo-del-espectaculo\/\",\"name\":\"Muri\u00f3 Enrique Pinti: dolor en el mundo del espect\u00e1culo - El Regional\",\"isPartOf\":{\"@id\":\"http:\/\/elregionalvm.com.ar\/noticias-villa-maria\/#website\"},\"primaryImageOfPage\":{\"@id\":\"http:\/\/elregionalvm.com.ar\/noticias-villa-maria\/murio-enrique-pinti-dolor-en-el-mundo-del-espectaculo\/#primaryimage\"},\"image\":{\"@id\":\"http:\/\/elregionalvm.com.ar\/noticias-villa-maria\/murio-enrique-pinti-dolor-en-el-mundo-del-espectaculo\/#primaryimage\"},\"thumbnailUrl\":\"https:\/\/i0.wp.com\/elregionalvm.com.ar\/noticias-villa-maria\/wp-content\/uploads\/2022\/03\/Enrique-Pinti.jpg?fit=950%2C534&ssl=1\",\"datePublished\":\"2022-03-27T14:51:59+00:00\",\"dateModified\":\"2022-03-27T14:52:08+00:00\",\"author\":{\"@id\":\"http:\/\/elregionalvm.com.ar\/noticias-villa-maria\/#\/schema\/person\/a0fb9c422317faca23d50163151bc354\"},\"breadcrumb\":{\"@id\":\"http:\/\/elregionalvm.com.ar\/noticias-villa-maria\/murio-enrique-pinti-dolor-en-el-mundo-del-espectaculo\/#breadcrumb\"},\"inLanguage\":\"es\",\"potentialAction\":[{\"@type\":\"ReadAction\",\"target\":[\"http:\/\/elregionalvm.com.ar\/noticias-villa-maria\/murio-enrique-pinti-dolor-en-el-mundo-del-espectaculo\/\"]}]},{\"@type\":\"ImageObject\",\"inLanguage\":\"es\",\"@id\":\"http:\/\/elregionalvm.com.ar\/noticias-villa-maria\/murio-enrique-pinti-dolor-en-el-mundo-del-espectaculo\/#primaryimage\",\"url\":\"https:\/\/i0.wp.com\/elregionalvm.com.ar\/noticias-villa-maria\/wp-content\/uploads\/2022\/03\/Enrique-Pinti.jpg?fit=950%2C534&ssl=1\",\"contentUrl\":\"https:\/\/i0.wp.com\/elregionalvm.com.ar\/noticias-villa-maria\/wp-content\/uploads\/2022\/03\/Enrique-Pinti.jpg?fit=950%2C534&ssl=1\",\"width\":950,\"height\":534},{\"@type\":\"BreadcrumbList\",\"@id\":\"http:\/\/elregionalvm.com.ar\/noticias-villa-maria\/murio-enrique-pinti-dolor-en-el-mundo-del-espectaculo\/#breadcrumb\",\"itemListElement\":[{\"@type\":\"ListItem\",\"position\":1,\"name\":\"Portada\",\"item\":\"https:\/\/elregionalvm.com.ar\/noticias-villa-maria\/\"},{\"@type\":\"ListItem\",\"position\":2,\"name\":\"Muri\u00f3 Enrique Pinti: dolor en el mundo del espect\u00e1culo\"}]},{\"@type\":\"WebSite\",\"@id\":\"http:\/\/elregionalvm.com.ar\/noticias-villa-maria\/#website\",\"url\":\"http:\/\/elregionalvm.com.ar\/noticias-villa-maria\/\",\"name\":\"El Regional\",\"description\":\"Mucho m\u00e1s que informaci\u00f3n\",\"potentialAction\":[{\"@type\":\"SearchAction\",\"target\":{\"@type\":\"EntryPoint\",\"urlTemplate\":\"http:\/\/elregionalvm.com.ar\/noticias-villa-maria\/?s={search_term_string}\"},\"query-input\":{\"@type\":\"PropertyValueSpecification\",\"valueRequired\":true,\"valueName\":\"search_term_string\"}}],\"inLanguage\":\"es\"},{\"@type\":\"Person\",\"@id\":\"http:\/\/elregionalvm.com.ar\/noticias-villa-maria\/#\/schema\/person\/a0fb9c422317faca23d50163151bc354\",\"name\":\"Contenidos El Regional\",\"image\":{\"@type\":\"ImageObject\",\"inLanguage\":\"es\",\"@id\":\"http:\/\/elregionalvm.com.ar\/noticias-villa-maria\/#\/schema\/person\/image\/\",\"url\":\"https:\/\/secure.gravatar.com\/avatar\/265b27cb2209af7bb3a1318f03305787d7981a5cc6e6cd08fe5a4ecdf99d4b48?s=96&d=mm&r=g\",\"contentUrl\":\"https:\/\/secure.gravatar.com\/avatar\/265b27cb2209af7bb3a1318f03305787d7981a5cc6e6cd08fe5a4ecdf99d4b48?s=96&d=mm&r=g\",\"caption\":\"Contenidos El Regional\"},\"url\":\"https:\/\/elregionalvm.com.ar\/noticias-villa-maria\/author\/contenido\/\"}]}<\/script>\n<!-- \/ Yoast SEO plugin. -->","yoast_head_json":{"title":"Muri\u00f3 Enrique Pinti: dolor en el mundo del espect\u00e1culo - El Regional","robots":{"index":"index","follow":"follow","max-snippet":"max-snippet:-1","max-image-preview":"max-image-preview:large","max-video-preview":"max-video-preview:-1"},"canonical":"http:\/\/elregionalvm.com.ar\/noticias-villa-maria\/murio-enrique-pinti-dolor-en-el-mundo-del-espectaculo\/","og_locale":"es_ES","og_type":"article","og_title":"Muri\u00f3 Enrique Pinti: dolor en el mundo del espect\u00e1culo - El Regional","og_description":"El actor estaba internado desde el 5 de marzo tras sufrir una descompensaci\u00f3n. Ten\u00eda problemas de diabetes y circulaci\u00f3n, pero la pandemia le provoc\u00f3 depresi\u00f3n. El querido artista Enrique Pinti muri\u00f3 a los 82 a\u00f1os, tras estar internado en el Sanatorio Otamendi desde el 5 de marzo, cuando sufri\u00f3 una descompensaci\u00f3n. La noticia del fallecimiento [&hellip;]","og_url":"http:\/\/elregionalvm.com.ar\/noticias-villa-maria\/murio-enrique-pinti-dolor-en-el-mundo-del-espectaculo\/","og_site_name":"El Regional","article_publisher":"https:\/\/www.facebook.com\/elregionalvm","article_published_time":"2022-03-27T14:51:59+00:00","article_modified_time":"2022-03-27T14:52:08+00:00","og_image":[{"width":950,"height":534,"url":"http:\/\/elregionalvm.com.ar\/noticias-villa-maria\/wp-content\/uploads\/2022\/03\/Enrique-Pinti.jpg","type":"image\/jpeg"}],"author":"Contenidos El Regional","twitter_card":"summary_large_image","twitter_creator":"@elregionalvm1","twitter_site":"@elregionalvm1","twitter_misc":{"Escrito por":"Contenidos El Regional","Tiempo de lectura":"2 minutos"},"schema":{"@context":"https:\/\/schema.org","@graph":[{"@type":"Article","@id":"http:\/\/elregionalvm.com.ar\/noticias-villa-maria\/murio-enrique-pinti-dolor-en-el-mundo-del-espectaculo\/#article","isPartOf":{"@id":"http:\/\/elregionalvm.com.ar\/noticias-villa-maria\/murio-enrique-pinti-dolor-en-el-mundo-del-espectaculo\/"},"author":{"name":"Contenidos El Regional","@id":"http:\/\/elregionalvm.com.ar\/noticias-villa-maria\/#\/schema\/person\/a0fb9c422317faca23d50163151bc354"},"headline":"Muri\u00f3 Enrique Pinti: dolor en el mundo del espect\u00e1culo","datePublished":"2022-03-27T14:51:59+00:00","dateModified":"2022-03-27T14:52:08+00:00","mainEntityOfPage":{"@id":"http:\/\/elregionalvm.com.ar\/noticias-villa-maria\/murio-enrique-pinti-dolor-en-el-mundo-del-espectaculo\/"},"wordCount":336,"commentCount":0,"image":{"@id":"http:\/\/elregionalvm.com.ar\/noticias-villa-maria\/murio-enrique-pinti-dolor-en-el-mundo-del-espectaculo\/#primaryimage"},"thumbnailUrl":"https:\/\/i0.wp.com\/elregionalvm.com.ar\/noticias-villa-maria\/wp-content\/uploads\/2022\/03\/Enrique-Pinti.jpg?fit=950%2C534&ssl=1","keywords":["actor","depresi\u00f3n","destacado","Dolor","Enrique Pinti","fallecimiento","humorista","mundo del espect\u00e1culo"],"articleSection":["Sociedad"],"inLanguage":"es","potentialAction":[{"@type":"CommentAction","name":"Comment","target":["http:\/\/elregionalvm.com.ar\/noticias-villa-maria\/murio-enrique-pinti-dolor-en-el-mundo-del-espectaculo\/#respond"]}]},{"@type":"WebPage","@id":"http:\/\/elregionalvm.com.ar\/noticias-villa-maria\/murio-enrique-pinti-dolor-en-el-mundo-del-espectaculo\/","url":"http:\/\/elregionalvm.com.ar\/noticias-villa-maria\/murio-enrique-pinti-dolor-en-el-mundo-del-espectaculo\/","name":"Muri\u00f3 Enrique Pinti: dolor en el mundo del espect\u00e1culo - El Regional","isPartOf":{"@id":"http:\/\/elregionalvm.com.ar\/noticias-villa-maria\/#website"},"primaryImageOfPage":{"@id":"http:\/\/elregionalvm.com.ar\/noticias-villa-maria\/murio-enrique-pinti-dolor-en-el-mundo-del-espectaculo\/#primaryimage"},"image":{"@id":"http:\/\/elregionalvm.com.ar\/noticias-villa-maria\/murio-enrique-pinti-dolor-en-el-mundo-del-espectaculo\/#primaryimage"},"thumbnailUrl":"https:\/\/i0.wp.com\/elregionalvm.com.ar\/noticias-villa-maria\/wp-content\/uploads\/2022\/03\/Enrique-Pinti.jpg?fit=950%2C534&ssl=1","datePublished":"2022-03-27T14:51:59+00:00","dateModified":"2022-03-27T14:52:08+00:00","author":{"@id":"http:\/\/elregionalvm.com.ar\/noticias-villa-maria\/#\/schema\/person\/a0fb9c422317faca23d50163151bc354"},"breadcrumb":{"@id":"http:\/\/elregionalvm.com.ar\/noticias-villa-maria\/murio-enrique-pinti-dolor-en-el-mundo-del-espectaculo\/#breadcrumb"},"inLanguage":"es","potentialAction":[{"@type":"ReadAction","target":["http:\/\/elregionalvm.com.ar\/noticias-villa-maria\/murio-enrique-pinti-dolor-en-el-mundo-del-espectaculo\/"]}]},{"@type":"ImageObject","inLanguage":"es","@id":"http:\/\/elregionalvm.com.ar\/noticias-villa-maria\/murio-enrique-pinti-dolor-en-el-mundo-del-espectaculo\/#primaryimage","url":"https:\/\/i0.wp.com\/elregionalvm.com.ar\/noticias-villa-maria\/wp-content\/uploads\/2022\/03\/Enrique-Pinti.jpg?fit=950%2C534&ssl=1","contentUrl":"https:\/\/i0.wp.com\/elregionalvm.com.ar\/noticias-villa-maria\/wp-content\/uploads\/2022\/03\/Enrique-Pinti.jpg?fit=950%2C534&ssl=1","width":950,"height":534},{"@type":"BreadcrumbList","@id":"http:\/\/elregionalvm.com.ar\/noticias-villa-maria\/murio-enrique-pinti-dolor-en-el-mundo-del-espectaculo\/#breadcrumb","itemListElement":[{"@type":"ListItem","position":1,"name":"Portada","item":"https:\/\/elregionalvm.com.ar\/noticias-villa-maria\/"},{"@type":"ListItem","position":2,"name":"Muri\u00f3 Enrique Pinti: dolor en el mundo del espect\u00e1culo"}]},{"@type":"WebSite","@id":"http:\/\/elregionalvm.com.ar\/noticias-villa-maria\/#website","url":"http:\/\/elregionalvm.com.ar\/noticias-villa-maria\/","name":"El Regional","description":"Mucho m\u00e1s que informaci\u00f3n","potentialAction":[{"@type":"SearchAction","target":{"@type":"EntryPoint","urlTemplate":"http:\/\/elregionalvm.com.ar\/noticias-villa-maria\/?s={search_term_string}"},"query-input":{"@type":"PropertyValueSpecification","valueRequired":true,"valueName":"search_term_string"}}],"inLanguage":"es"},{"@type":"Person","@id":"http:\/\/elregionalvm.com.ar\/noticias-villa-maria\/#\/schema\/person\/a0fb9c422317faca23d50163151bc354","name":"Contenidos El Regional","image":{"@type":"ImageObject","inLanguage":"es","@id":"http:\/\/elregionalvm.com.ar\/noticias-villa-maria\/#\/schema\/person\/image\/","url":"https:\/\/secure.gravatar.com\/avatar\/265b27cb2209af7bb3a1318f03305787d7981a5cc6e6cd08fe5a4ecdf99d4b48?s=96&d=mm&r=g","contentUrl":"https:\/\/secure.gravatar.com\/avatar\/265b27cb2209af7bb3a1318f03305787d7981a5cc6e6cd08fe5a4ecdf99d4b48?s=96&d=mm&r=g","caption":"Contenidos El Regional"},"url":"https:\/\/elregionalvm.com.ar\/noticias-villa-maria\/author\/contenido\/"}]}},"jetpack_featured_media_url":"https:\/\/i0.wp.com\/elregionalvm.com.ar\/noticias-villa-maria\/wp-content\/uploads\/2022\/03\/Enrique-Pinti.jpg?fit=950%2C534&ssl=1","jetpack_sharing_enabled":true,"_links":{"self":[{"href":"https:\/\/elregionalvm.com.ar\/noticias-villa-maria\/wp-json\/wp\/v2\/posts\/54748","targetHints":{"allow":["GET"]}}],"collection":[{"href":"https:\/\/elregionalvm.com.ar\/noticias-villa-maria\/wp-json\/wp\/v2\/posts"}],"about":[{"href":"https:\/\/elregionalvm.com.ar\/noticias-villa-maria\/wp-json\/wp\/v2\/types\/post"}],"author":[{"embeddable":true,"href":"https:\/\/elregionalvm.com.ar\/noticias-villa-maria\/wp-json\/wp\/v2\/users\/4"}],"replies":[{"embeddable":true,"href":"https:\/\/elregionalvm.com.ar\/noticias-villa-maria\/wp-json\/wp\/v2\/comments?post=54748"}],"version-history":[{"count":1,"href":"https:\/\/elregionalvm.com.ar\/noticias-villa-maria\/wp-json\/wp\/v2\/posts\/54748\/revisions"}],"predecessor-version":[{"id":54750,"href":"https:\/\/elregionalvm.com.ar\/noticias-villa-maria\/wp-json\/wp\/v2\/posts\/54748\/revisions\/54750"}],"wp:featuredmedia":[{"embeddable":true,"href":"https:\/\/elregionalvm.com.ar\/noticias-villa-maria\/wp-json\/wp\/v2\/media\/54749"}],"wp:attachment":[{"href":"https:\/\/elregionalvm.com.ar\/noticias-villa-maria\/wp-json\/wp\/v2\/media?parent=54748"}],"wp:term":[{"taxonomy":"category","embeddable":true,"href":"https:\/\/elregionalvm.com.ar\/noticias-villa-maria\/wp-json\/wp\/v2\/categories?post=54748"},{"taxonomy":"post_tag","embeddable":true,"href":"https:\/\/elregionalvm.com.ar\/noticias-villa-maria\/wp-json\/wp\/v2\/tags?post=54748"}],"curies":[{"name":"wp","href":"https:\/\/api.w.org\/{rel}","templated":true}]}}