{"id":54751,"date":"2022-03-27T15:29:10","date_gmt":"2022-03-27T15:29:10","guid":{"rendered":"https:\/\/elregionalvm.com.ar\/noticias-villa-maria\/?p=54751"},"modified":"2022-03-27T15:29:12","modified_gmt":"2022-03-27T15:29:12","slug":"policiales-choco-un-conductor-ebrio-y-varias-detenciones-por-robo","status":"publish","type":"post","link":"https:\/\/elregionalvm.com.ar\/noticias-villa-maria\/policiales-choco-un-conductor-ebrio-y-varias-detenciones-por-robo\/","title":{"rendered":"Policiales: Choc\u00f3 un conductor ebrio y varias detenciones por robo"},"content":{"rendered":"\n<p>El s\u00e1bado por la ma\u00f1ana, a las 9:40, en Sargento Cabral al 1000, de nuestra ciudad fue detenido un sujeto de 26 a\u00f1os, que iba a bordo de un Fiat Uno, circulando por la vereda del lugar para terminar impactando contra un poste y un canasto de la basura del sector. Cuando le hicieron el test de alcoholemia, se supo ten\u00eda un alto grado de alcohol en sangre, por lo que qued\u00f3 detenido.<\/p>\n\n\n\n<p><strong>B\u00ba Las Playas: Le pidi\u00f3 el celular prestado y no se lo devolvi\u00f3<\/strong><\/p>\n\n\n\n<p>Este s\u00e1bado por la ma\u00f1ana, alrededor de las 10:30, en Arturo M. Bas y El Salvador de barrio Las Playas, detuvieron a un hombre de 28 a\u00f1os.<\/p>\n\n\n\n<p>Todo se habr\u00eda originado cuando este sujeto le pidi\u00f3 el celular a otro de 24 a\u00f1os mientras estaba con otros amigos en la plaza del barrio. Se lo presta al aparato telef\u00f3nico pero luego se ausenta, cuando el due\u00f1o del celular le hizo el reclamo, el sujeto de 28 lo golpe\u00f3. Fue as\u00ed que este \u00faltimo termin\u00f3 detenido.<\/p>\n\n\n\n<div class=\"wp-block-image\"><figure class=\"aligncenter size-large is-resized\"><img data-recalc-dims=\"1\" fetchpriority=\"high\" decoding=\"async\" src=\"https:\/\/i0.wp.com\/elregionalvm.com.ar\/noticias-villa-maria\/wp-content\/uploads\/2022\/03\/WhatsApp-Image-2022-03-26-at-20.07.40-1.jpeg?resize=548%2C410&#038;ssl=1\" alt=\"\" class=\"wp-image-54753\" width=\"548\" height=\"410\" srcset=\"https:\/\/i0.wp.com\/elregionalvm.com.ar\/noticias-villa-maria\/wp-content\/uploads\/2022\/03\/WhatsApp-Image-2022-03-26-at-20.07.40-1.jpeg?resize=1024%2C768&amp;ssl=1 1024w, https:\/\/i0.wp.com\/elregionalvm.com.ar\/noticias-villa-maria\/wp-content\/uploads\/2022\/03\/WhatsApp-Image-2022-03-26-at-20.07.40-1.jpeg?resize=300%2C225&amp;ssl=1 300w, https:\/\/i0.wp.com\/elregionalvm.com.ar\/noticias-villa-maria\/wp-content\/uploads\/2022\/03\/WhatsApp-Image-2022-03-26-at-20.07.40-1.jpeg?resize=768%2C576&amp;ssl=1 768w, https:\/\/i0.wp.com\/elregionalvm.com.ar\/noticias-villa-maria\/wp-content\/uploads\/2022\/03\/WhatsApp-Image-2022-03-26-at-20.07.40-1.jpeg?resize=1536%2C1152&amp;ssl=1 1536w, https:\/\/i0.wp.com\/elregionalvm.com.ar\/noticias-villa-maria\/wp-content\/uploads\/2022\/03\/WhatsApp-Image-2022-03-26-at-20.07.40-1.jpeg?w=1600&amp;ssl=1 1600w\" sizes=\"(max-width: 548px) 100vw, 548px\" \/><\/figure><\/div>\n\n\n\n<p><strong>Logran recuperar una motocicleta luego que la abandonaran los ladrones<\/strong><\/p>\n\n\n\n<p>Anoche a las 20:50, en calle Carlos Pellegrini y Mendoza polic\u00edas recuperaron una motocicleta marca Honda, modelo Biz; momentos antes el personal actuante fue advertido por las transe\u00fantes del lugar que dos sujetos dejaron abandonada la motocicleta al notar la presencia de los uniformados y emprendieron la huida. La damnificada se encontraba denunciado en la Justicia el robo de la misma.<\/p>\n\n\n\n<p><strong>Ladr\u00f3n atrapado mientras se llevaba una bicicleta ajena<\/strong><\/p>\n\n\n\n<p>Esta madrugada, a las 05:30, en calles Salta e Intendente Arines detuvieron a un hombre de 18 a\u00f1os de edad, por supuesto autor del delito de \u201crobo en flagrancia\u201d; ya que momentos antes el aprehendido hab\u00eda sustra\u00eddo en calle Alem 200 una bicicleta marca SLP, de colores amarillo y fucsia, emprendiendo su huida a bordo de una motocicleta, siendo todo esto visto por los transe\u00fantes del lugar, quienes dieron aviso a la polic\u00eda. R\u00e1pidamente se implement\u00f3 un operativo cerrojo logrando la aprehensi\u00f3n del sujeto, el secuestro del elemento sustra\u00eddo y de una motocicleta marca Okinoi 110 cc. en la cual era conducida por el aprehendido.<\/p>\n\n\n\n<div class=\"wp-block-image\"><figure class=\"aligncenter size-large is-resized\"><img data-recalc-dims=\"1\" decoding=\"async\" src=\"https:\/\/i0.wp.com\/elregionalvm.com.ar\/noticias-villa-maria\/wp-content\/uploads\/2022\/03\/WhatsApp-Image-2022-03-27-at-11.14.09.jpeg?resize=282%2C611&#038;ssl=1\" alt=\"\" class=\"wp-image-54754\" width=\"282\" height=\"611\" srcset=\"https:\/\/i0.wp.com\/elregionalvm.com.ar\/noticias-villa-maria\/wp-content\/uploads\/2022\/03\/WhatsApp-Image-2022-03-27-at-11.14.09.jpeg?resize=472%2C1024&amp;ssl=1 472w, https:\/\/i0.wp.com\/elregionalvm.com.ar\/noticias-villa-maria\/wp-content\/uploads\/2022\/03\/WhatsApp-Image-2022-03-27-at-11.14.09.jpeg?resize=138%2C300&amp;ssl=1 138w, https:\/\/i0.wp.com\/elregionalvm.com.ar\/noticias-villa-maria\/wp-content\/uploads\/2022\/03\/WhatsApp-Image-2022-03-27-at-11.14.09.jpeg?resize=708%2C1536&amp;ssl=1 708w, https:\/\/i0.wp.com\/elregionalvm.com.ar\/noticias-villa-maria\/wp-content\/uploads\/2022\/03\/WhatsApp-Image-2022-03-27-at-11.14.09.jpeg?w=737&amp;ssl=1 737w\" sizes=\"(max-width: 282px) 100vw, 282px\" \/><\/figure><\/div>\n\n\n\n<p><strong>Se rob\u00f3 un frasco de caf\u00e9 y lo pillaron<\/strong> <strong>en Villa Nueva<\/strong><\/p>\n\n\n\n<p>Anoche, a las 20:20, la patrulla preventiva de la ciudad de Villa Nueva en Avenida Carranza al 700 procedi\u00f3 a la aprehensi\u00f3n de un hombre de 37 a\u00f1os de edad por supuesto autor del delito de \u201churto en flagrancia\u201d; ya que momentos antes el aprehendido sustrajo de las g\u00f3ndolas de un supermercado un frasco de caf\u00e9 y la coloc\u00f3 entre sus prendas de vestir. se procedi\u00f3 al traslado del sujeto y se secuestr\u00f3 del elemento sustra\u00eddo.<\/p>\n\n\n\n<div class=\"wp-block-image\"><figure class=\"aligncenter size-large is-resized\"><img data-recalc-dims=\"1\" decoding=\"async\" src=\"https:\/\/i0.wp.com\/elregionalvm.com.ar\/noticias-villa-maria\/wp-content\/uploads\/2022\/03\/WhatsApp-Image-2022-03-27-at-11.31.38.jpeg?resize=339%2C633&#038;ssl=1\" alt=\"\" class=\"wp-image-54755\" width=\"339\" height=\"633\" srcset=\"https:\/\/i0.wp.com\/elregionalvm.com.ar\/noticias-villa-maria\/wp-content\/uploads\/2022\/03\/WhatsApp-Image-2022-03-27-at-11.31.38.jpeg?resize=549%2C1024&amp;ssl=1 549w, https:\/\/i0.wp.com\/elregionalvm.com.ar\/noticias-villa-maria\/wp-content\/uploads\/2022\/03\/WhatsApp-Image-2022-03-27-at-11.31.38.jpeg?resize=161%2C300&amp;ssl=1 161w, https:\/\/i0.wp.com\/elregionalvm.com.ar\/noticias-villa-maria\/wp-content\/uploads\/2022\/03\/WhatsApp-Image-2022-03-27-at-11.31.38.jpeg?resize=768%2C1433&amp;ssl=1 768w, https:\/\/i0.wp.com\/elregionalvm.com.ar\/noticias-villa-maria\/wp-content\/uploads\/2022\/03\/WhatsApp-Image-2022-03-27-at-11.31.38.jpeg?resize=823%2C1536&amp;ssl=1 823w, https:\/\/i0.wp.com\/elregionalvm.com.ar\/noticias-villa-maria\/wp-content\/uploads\/2022\/03\/WhatsApp-Image-2022-03-27-at-11.31.38.jpeg?w=1032&amp;ssl=1 1032w\" sizes=\"(max-width: 339px) 100vw, 339px\" \/><\/figure><\/div>\n\n\n\n<p><\/p>\n","protected":false},"excerpt":{"rendered":"<p>El s\u00e1bado por la ma\u00f1ana, a las 9:40, en Sargento Cabral al 1000, de nuestra ciudad fue detenido un sujeto de 26 a\u00f1os, que iba a bordo de un Fiat Uno, circulando por la vereda del lugar para terminar impactando contra un poste y un canasto de la basura del sector. Cuando le hicieron el [&hellip;]<\/p>\n","protected":false},"author":4,"featured_media":54752,"comment_status":"open","ping_status":"open","sticky":false,"template":"","format":"standard","meta":{"site-sidebar-layout":"default","site-content-layout":"","ast-site-content-layout":"default","site-content-style":"default","site-sidebar-style":"default","ast-global-header-display":"","ast-banner-title-visibility":"","ast-main-header-display":"","ast-hfb-above-header-display":"","ast-hfb-below-header-display":"","ast-hfb-mobile-header-display":"","site-post-title":"","ast-breadcrumbs-content":"","ast-featured-img":"","footer-sml-layout":"","ast-disable-related-posts":"","theme-transparent-header-meta":"","adv-header-id-meta":"","stick-header-meta":"","header-above-stick-meta":"","header-main-stick-meta":"","header-below-stick-meta":"","astra-migrate-meta-layouts":"default","ast-page-background-enabled":"default","ast-page-background-meta":{"desktop":{"background-color":"","background-image":"","background-repeat":"repeat","background-position":"center center","background-size":"auto","background-attachment":"scroll","background-type":"","background-media":"","overlay-type":"","overlay-color":"","overlay-opacity":"","overlay-gradient":""},"tablet":{"background-color":"","background-image":"","background-repeat":"repeat","background-position":"center center","background-size":"auto","background-attachment":"scroll","background-type":"","background-media":"","overlay-type":"","overlay-color":"","overlay-opacity":"","overlay-gradient":""},"mobile":{"background-color":"","background-image":"","background-repeat":"repeat","background-position":"center center","background-size":"auto","background-attachment":"scroll","background-type":"","background-media":"","overlay-type":"","overlay-color":"","overlay-opacity":"","overlay-gradient":""}},"ast-content-background-meta":{"desktop":{"background-color":"var(--ast-global-color-5)","background-image":"","background-repeat":"repeat","background-position":"center center","background-size":"auto","background-attachment":"scroll","background-type":"","background-media":"","overlay-type":"","overlay-color":"","overlay-opacity":"","overlay-gradient":""},"tablet":{"background-color":"var(--ast-global-color-5)","background-image":"","background-repeat":"repeat","background-position":"center center","background-size":"auto","background-attachment":"scroll","background-type":"","background-media":"","overlay-type":"","overlay-color":"","overlay-opacity":"","overlay-gradient":""},"mobile":{"background-color":"var(--ast-global-color-5)","background-image":"","background-repeat":"repeat","background-position":"center center","background-size":"auto","background-attachment":"scroll","background-type":"","background-media":"","overlay-type":"","overlay-color":"","overlay-opacity":"","overlay-gradient":""}},"_jetpack_memberships_contains_paid_content":false,"_joinchat":[],"footnotes":""},"categories":[2234],"tags":[1232,14492,14494,741,14493,13967],"class_list":["post-54751","post","type-post","status-publish","format-standard","has-post-thumbnail","hentry","category-policiales","tag-destacado","tag-ebrio-al-volante","tag-madrugada-del-domingo","tag-policiales","tag-resumen-de-viernes-y-sabado","tag-robos-y-hurtos"],"yoast_head":"<!-- This site is optimized with the Yoast SEO plugin v26.8 - https:\/\/yoast.com\/product\/yoast-seo-wordpress\/ -->\n<title>Policiales: Choc\u00f3 un conductor ebrio y varias detenciones por robo - El Regional<\/title>\n<meta name=\"robots\" content=\"index, follow, max-snippet:-1, max-image-preview:large, max-video-preview:-1\" \/>\n<link rel=\"canonical\" href=\"http:\/\/elregionalvm.com.ar\/noticias-villa-maria\/policiales-choco-un-conductor-ebrio-y-varias-detenciones-por-robo\/\" \/>\n<meta property=\"og:locale\" content=\"es_ES\" \/>\n<meta property=\"og:type\" content=\"article\" \/>\n<meta property=\"og:title\" content=\"Policiales: Choc\u00f3 un conductor ebrio y varias detenciones por robo - El Regional\" \/>\n<meta property=\"og:description\" content=\"El s\u00e1bado por la ma\u00f1ana, a las 9:40, en Sargento Cabral al 1000, de nuestra ciudad fue detenido un sujeto de 26 a\u00f1os, que iba a bordo de un Fiat Uno, circulando por la vereda del lugar para terminar impactando contra un poste y un canasto de la basura del sector. Cuando le hicieron el [&hellip;]\" \/>\n<meta property=\"og:url\" content=\"http:\/\/elregionalvm.com.ar\/noticias-villa-maria\/policiales-choco-un-conductor-ebrio-y-varias-detenciones-por-robo\/\" \/>\n<meta property=\"og:site_name\" content=\"El Regional\" \/>\n<meta property=\"article:publisher\" content=\"https:\/\/www.facebook.com\/elregionalvm\" \/>\n<meta property=\"article:published_time\" content=\"2022-03-27T15:29:10+00:00\" \/>\n<meta property=\"article:modified_time\" content=\"2022-03-27T15:29:12+00:00\" \/>\n<meta property=\"og:image\" content=\"http:\/\/elregionalvm.com.ar\/noticias-villa-maria\/wp-content\/uploads\/2022\/03\/WhatsApp-Image-2022-03-26-at-20.06.39.jpeg\" \/>\n\t<meta property=\"og:image:width\" content=\"1600\" \/>\n\t<meta property=\"og:image:height\" content=\"1199\" \/>\n\t<meta property=\"og:image:type\" content=\"image\/jpeg\" \/>\n<meta name=\"author\" content=\"Contenidos El Regional\" \/>\n<meta name=\"twitter:card\" content=\"summary_large_image\" \/>\n<meta name=\"twitter:creator\" content=\"@elregionalvm1\" \/>\n<meta name=\"twitter:site\" content=\"@elregionalvm1\" \/>\n<meta name=\"twitter:label1\" content=\"Escrito por\" \/>\n\t<meta name=\"twitter:data1\" content=\"Contenidos El Regional\" \/>\n\t<meta name=\"twitter:label2\" content=\"Tiempo de lectura\" \/>\n\t<meta name=\"twitter:data2\" content=\"2 minutos\" \/>\n<script type=\"application\/ld+json\" class=\"yoast-schema-graph\">{\"@context\":\"https:\/\/schema.org\",\"@graph\":[{\"@type\":\"Article\",\"@id\":\"http:\/\/elregionalvm.com.ar\/noticias-villa-maria\/policiales-choco-un-conductor-ebrio-y-varias-detenciones-por-robo\/#article\",\"isPartOf\":{\"@id\":\"http:\/\/elregionalvm.com.ar\/noticias-villa-maria\/policiales-choco-un-conductor-ebrio-y-varias-detenciones-por-robo\/\"},\"author\":{\"name\":\"Contenidos El Regional\",\"@id\":\"http:\/\/elregionalvm.com.ar\/noticias-villa-maria\/#\/schema\/person\/a0fb9c422317faca23d50163151bc354\"},\"headline\":\"Policiales: Choc\u00f3 un conductor ebrio y varias detenciones por robo\",\"datePublished\":\"2022-03-27T15:29:10+00:00\",\"dateModified\":\"2022-03-27T15:29:12+00:00\",\"mainEntityOfPage\":{\"@id\":\"http:\/\/elregionalvm.com.ar\/noticias-villa-maria\/policiales-choco-un-conductor-ebrio-y-varias-detenciones-por-robo\/\"},\"wordCount\":464,\"commentCount\":0,\"image\":{\"@id\":\"http:\/\/elregionalvm.com.ar\/noticias-villa-maria\/policiales-choco-un-conductor-ebrio-y-varias-detenciones-por-robo\/#primaryimage\"},\"thumbnailUrl\":\"https:\/\/i0.wp.com\/elregionalvm.com.ar\/noticias-villa-maria\/wp-content\/uploads\/2022\/03\/WhatsApp-Image-2022-03-26-at-20.06.39.jpeg?fit=1600%2C1199&ssl=1\",\"keywords\":[\"destacado\",\"ebrio al volante\",\"madrugada del domingo\",\"Policiales\",\"resumen de viernes y s\u00e1bado\",\"robos y hurtos\"],\"articleSection\":[\"Policiales\"],\"inLanguage\":\"es\",\"potentialAction\":[{\"@type\":\"CommentAction\",\"name\":\"Comment\",\"target\":[\"http:\/\/elregionalvm.com.ar\/noticias-villa-maria\/policiales-choco-un-conductor-ebrio-y-varias-detenciones-por-robo\/#respond\"]}]},{\"@type\":\"WebPage\",\"@id\":\"http:\/\/elregionalvm.com.ar\/noticias-villa-maria\/policiales-choco-un-conductor-ebrio-y-varias-detenciones-por-robo\/\",\"url\":\"http:\/\/elregionalvm.com.ar\/noticias-villa-maria\/policiales-choco-un-conductor-ebrio-y-varias-detenciones-por-robo\/\",\"name\":\"Policiales: Choc\u00f3 un conductor ebrio y varias detenciones por robo - El Regional\",\"isPartOf\":{\"@id\":\"http:\/\/elregionalvm.com.ar\/noticias-villa-maria\/#website\"},\"primaryImageOfPage\":{\"@id\":\"http:\/\/elregionalvm.com.ar\/noticias-villa-maria\/policiales-choco-un-conductor-ebrio-y-varias-detenciones-por-robo\/#primaryimage\"},\"image\":{\"@id\":\"http:\/\/elregionalvm.com.ar\/noticias-villa-maria\/policiales-choco-un-conductor-ebrio-y-varias-detenciones-por-robo\/#primaryimage\"},\"thumbnailUrl\":\"https:\/\/i0.wp.com\/elregionalvm.com.ar\/noticias-villa-maria\/wp-content\/uploads\/2022\/03\/WhatsApp-Image-2022-03-26-at-20.06.39.jpeg?fit=1600%2C1199&ssl=1\",\"datePublished\":\"2022-03-27T15:29:10+00:00\",\"dateModified\":\"2022-03-27T15:29:12+00:00\",\"author\":{\"@id\":\"http:\/\/elregionalvm.com.ar\/noticias-villa-maria\/#\/schema\/person\/a0fb9c422317faca23d50163151bc354\"},\"breadcrumb\":{\"@id\":\"http:\/\/elregionalvm.com.ar\/noticias-villa-maria\/policiales-choco-un-conductor-ebrio-y-varias-detenciones-por-robo\/#breadcrumb\"},\"inLanguage\":\"es\",\"potentialAction\":[{\"@type\":\"ReadAction\",\"target\":[\"http:\/\/elregionalvm.com.ar\/noticias-villa-maria\/policiales-choco-un-conductor-ebrio-y-varias-detenciones-por-robo\/\"]}]},{\"@type\":\"ImageObject\",\"inLanguage\":\"es\",\"@id\":\"http:\/\/elregionalvm.com.ar\/noticias-villa-maria\/policiales-choco-un-conductor-ebrio-y-varias-detenciones-por-robo\/#primaryimage\",\"url\":\"https:\/\/i0.wp.com\/elregionalvm.com.ar\/noticias-villa-maria\/wp-content\/uploads\/2022\/03\/WhatsApp-Image-2022-03-26-at-20.06.39.jpeg?fit=1600%2C1199&ssl=1\",\"contentUrl\":\"https:\/\/i0.wp.com\/elregionalvm.com.ar\/noticias-villa-maria\/wp-content\/uploads\/2022\/03\/WhatsApp-Image-2022-03-26-at-20.06.39.jpeg?fit=1600%2C1199&ssl=1\",\"width\":1600,\"height\":1199},{\"@type\":\"BreadcrumbList\",\"@id\":\"http:\/\/elregionalvm.com.ar\/noticias-villa-maria\/policiales-choco-un-conductor-ebrio-y-varias-detenciones-por-robo\/#breadcrumb\",\"itemListElement\":[{\"@type\":\"ListItem\",\"position\":1,\"name\":\"Portada\",\"item\":\"https:\/\/elregionalvm.com.ar\/noticias-villa-maria\/\"},{\"@type\":\"ListItem\",\"position\":2,\"name\":\"Policiales: Choc\u00f3 un conductor ebrio y varias detenciones por robo\"}]},{\"@type\":\"WebSite\",\"@id\":\"http:\/\/elregionalvm.com.ar\/noticias-villa-maria\/#website\",\"url\":\"http:\/\/elregionalvm.com.ar\/noticias-villa-maria\/\",\"name\":\"El Regional\",\"description\":\"Mucho m\u00e1s que informaci\u00f3n\",\"potentialAction\":[{\"@type\":\"SearchAction\",\"target\":{\"@type\":\"EntryPoint\",\"urlTemplate\":\"http:\/\/elregionalvm.com.ar\/noticias-villa-maria\/?s={search_term_string}\"},\"query-input\":{\"@type\":\"PropertyValueSpecification\",\"valueRequired\":true,\"valueName\":\"search_term_string\"}}],\"inLanguage\":\"es\"},{\"@type\":\"Person\",\"@id\":\"http:\/\/elregionalvm.com.ar\/noticias-villa-maria\/#\/schema\/person\/a0fb9c422317faca23d50163151bc354\",\"name\":\"Contenidos El Regional\",\"image\":{\"@type\":\"ImageObject\",\"inLanguage\":\"es\",\"@id\":\"http:\/\/elregionalvm.com.ar\/noticias-villa-maria\/#\/schema\/person\/image\/\",\"url\":\"https:\/\/secure.gravatar.com\/avatar\/265b27cb2209af7bb3a1318f03305787d7981a5cc6e6cd08fe5a4ecdf99d4b48?s=96&d=mm&r=g\",\"contentUrl\":\"https:\/\/secure.gravatar.com\/avatar\/265b27cb2209af7bb3a1318f03305787d7981a5cc6e6cd08fe5a4ecdf99d4b48?s=96&d=mm&r=g\",\"caption\":\"Contenidos El Regional\"},\"url\":\"https:\/\/elregionalvm.com.ar\/noticias-villa-maria\/author\/contenido\/\"}]}<\/script>\n<!-- \/ Yoast SEO plugin. -->","yoast_head_json":{"title":"Policiales: Choc\u00f3 un conductor ebrio y varias detenciones por robo - El Regional","robots":{"index":"index","follow":"follow","max-snippet":"max-snippet:-1","max-image-preview":"max-image-preview:large","max-video-preview":"max-video-preview:-1"},"canonical":"http:\/\/elregionalvm.com.ar\/noticias-villa-maria\/policiales-choco-un-conductor-ebrio-y-varias-detenciones-por-robo\/","og_locale":"es_ES","og_type":"article","og_title":"Policiales: Choc\u00f3 un conductor ebrio y varias detenciones por robo - El Regional","og_description":"El s\u00e1bado por la ma\u00f1ana, a las 9:40, en Sargento Cabral al 1000, de nuestra ciudad fue detenido un sujeto de 26 a\u00f1os, que iba a bordo de un Fiat Uno, circulando por la vereda del lugar para terminar impactando contra un poste y un canasto de la basura del sector. Cuando le hicieron el [&hellip;]","og_url":"http:\/\/elregionalvm.com.ar\/noticias-villa-maria\/policiales-choco-un-conductor-ebrio-y-varias-detenciones-por-robo\/","og_site_name":"El Regional","article_publisher":"https:\/\/www.facebook.com\/elregionalvm","article_published_time":"2022-03-27T15:29:10+00:00","article_modified_time":"2022-03-27T15:29:12+00:00","og_image":[{"width":1600,"height":1199,"url":"http:\/\/elregionalvm.com.ar\/noticias-villa-maria\/wp-content\/uploads\/2022\/03\/WhatsApp-Image-2022-03-26-at-20.06.39.jpeg","type":"image\/jpeg"}],"author":"Contenidos El Regional","twitter_card":"summary_large_image","twitter_creator":"@elregionalvm1","twitter_site":"@elregionalvm1","twitter_misc":{"Escrito por":"Contenidos El Regional","Tiempo de lectura":"2 minutos"},"schema":{"@context":"https:\/\/schema.org","@graph":[{"@type":"Article","@id":"http:\/\/elregionalvm.com.ar\/noticias-villa-maria\/policiales-choco-un-conductor-ebrio-y-varias-detenciones-por-robo\/#article","isPartOf":{"@id":"http:\/\/elregionalvm.com.ar\/noticias-villa-maria\/policiales-choco-un-conductor-ebrio-y-varias-detenciones-por-robo\/"},"author":{"name":"Contenidos El Regional","@id":"http:\/\/elregionalvm.com.ar\/noticias-villa-maria\/#\/schema\/person\/a0fb9c422317faca23d50163151bc354"},"headline":"Policiales: Choc\u00f3 un conductor ebrio y varias detenciones por robo","datePublished":"2022-03-27T15:29:10+00:00","dateModified":"2022-03-27T15:29:12+00:00","mainEntityOfPage":{"@id":"http:\/\/elregionalvm.com.ar\/noticias-villa-maria\/policiales-choco-un-conductor-ebrio-y-varias-detenciones-por-robo\/"},"wordCount":464,"commentCount":0,"image":{"@id":"http:\/\/elregionalvm.com.ar\/noticias-villa-maria\/policiales-choco-un-conductor-ebrio-y-varias-detenciones-por-robo\/#primaryimage"},"thumbnailUrl":"https:\/\/i0.wp.com\/elregionalvm.com.ar\/noticias-villa-maria\/wp-content\/uploads\/2022\/03\/WhatsApp-Image-2022-03-26-at-20.06.39.jpeg?fit=1600%2C1199&ssl=1","keywords":["destacado","ebrio al volante","madrugada del domingo","Policiales","resumen de viernes y s\u00e1bado","robos y hurtos"],"articleSection":["Policiales"],"inLanguage":"es","potentialAction":[{"@type":"CommentAction","name":"Comment","target":["http:\/\/elregionalvm.com.ar\/noticias-villa-maria\/policiales-choco-un-conductor-ebrio-y-varias-detenciones-por-robo\/#respond"]}]},{"@type":"WebPage","@id":"http:\/\/elregionalvm.com.ar\/noticias-villa-maria\/policiales-choco-un-conductor-ebrio-y-varias-detenciones-por-robo\/","url":"http:\/\/elregionalvm.com.ar\/noticias-villa-maria\/policiales-choco-un-conductor-ebrio-y-varias-detenciones-por-robo\/","name":"Policiales: Choc\u00f3 un conductor ebrio y varias detenciones por robo - El Regional","isPartOf":{"@id":"http:\/\/elregionalvm.com.ar\/noticias-villa-maria\/#website"},"primaryImageOfPage":{"@id":"http:\/\/elregionalvm.com.ar\/noticias-villa-maria\/policiales-choco-un-conductor-ebrio-y-varias-detenciones-por-robo\/#primaryimage"},"image":{"@id":"http:\/\/elregionalvm.com.ar\/noticias-villa-maria\/policiales-choco-un-conductor-ebrio-y-varias-detenciones-por-robo\/#primaryimage"},"thumbnailUrl":"https:\/\/i0.wp.com\/elregionalvm.com.ar\/noticias-villa-maria\/wp-content\/uploads\/2022\/03\/WhatsApp-Image-2022-03-26-at-20.06.39.jpeg?fit=1600%2C1199&ssl=1","datePublished":"2022-03-27T15:29:10+00:00","dateModified":"2022-03-27T15:29:12+00:00","author":{"@id":"http:\/\/elregionalvm.com.ar\/noticias-villa-maria\/#\/schema\/person\/a0fb9c422317faca23d50163151bc354"},"breadcrumb":{"@id":"http:\/\/elregionalvm.com.ar\/noticias-villa-maria\/policiales-choco-un-conductor-ebrio-y-varias-detenciones-por-robo\/#breadcrumb"},"inLanguage":"es","potentialAction":[{"@type":"ReadAction","target":["http:\/\/elregionalvm.com.ar\/noticias-villa-maria\/policiales-choco-un-conductor-ebrio-y-varias-detenciones-por-robo\/"]}]},{"@type":"ImageObject","inLanguage":"es","@id":"http:\/\/elregionalvm.com.ar\/noticias-villa-maria\/policiales-choco-un-conductor-ebrio-y-varias-detenciones-por-robo\/#primaryimage","url":"https:\/\/i0.wp.com\/elregionalvm.com.ar\/noticias-villa-maria\/wp-content\/uploads\/2022\/03\/WhatsApp-Image-2022-03-26-at-20.06.39.jpeg?fit=1600%2C1199&ssl=1","contentUrl":"https:\/\/i0.wp.com\/elregionalvm.com.ar\/noticias-villa-maria\/wp-content\/uploads\/2022\/03\/WhatsApp-Image-2022-03-26-at-20.06.39.jpeg?fit=1600%2C1199&ssl=1","width":1600,"height":1199},{"@type":"BreadcrumbList","@id":"http:\/\/elregionalvm.com.ar\/noticias-villa-maria\/policiales-choco-un-conductor-ebrio-y-varias-detenciones-por-robo\/#breadcrumb","itemListElement":[{"@type":"ListItem","position":1,"name":"Portada","item":"https:\/\/elregionalvm.com.ar\/noticias-villa-maria\/"},{"@type":"ListItem","position":2,"name":"Policiales: Choc\u00f3 un conductor ebrio y varias detenciones por robo"}]},{"@type":"WebSite","@id":"http:\/\/elregionalvm.com.ar\/noticias-villa-maria\/#website","url":"http:\/\/elregionalvm.com.ar\/noticias-villa-maria\/","name":"El Regional","description":"Mucho m\u00e1s que informaci\u00f3n","potentialAction":[{"@type":"SearchAction","target":{"@type":"EntryPoint","urlTemplate":"http:\/\/elregionalvm.com.ar\/noticias-villa-maria\/?s={search_term_string}"},"query-input":{"@type":"PropertyValueSpecification","valueRequired":true,"valueName":"search_term_string"}}],"inLanguage":"es"},{"@type":"Person","@id":"http:\/\/elregionalvm.com.ar\/noticias-villa-maria\/#\/schema\/person\/a0fb9c422317faca23d50163151bc354","name":"Contenidos El Regional","image":{"@type":"ImageObject","inLanguage":"es","@id":"http:\/\/elregionalvm.com.ar\/noticias-villa-maria\/#\/schema\/person\/image\/","url":"https:\/\/secure.gravatar.com\/avatar\/265b27cb2209af7bb3a1318f03305787d7981a5cc6e6cd08fe5a4ecdf99d4b48?s=96&d=mm&r=g","contentUrl":"https:\/\/secure.gravatar.com\/avatar\/265b27cb2209af7bb3a1318f03305787d7981a5cc6e6cd08fe5a4ecdf99d4b48?s=96&d=mm&r=g","caption":"Contenidos El Regional"},"url":"https:\/\/elregionalvm.com.ar\/noticias-villa-maria\/author\/contenido\/"}]}},"jetpack_featured_media_url":"https:\/\/i0.wp.com\/elregionalvm.com.ar\/noticias-villa-maria\/wp-content\/uploads\/2022\/03\/WhatsApp-Image-2022-03-26-at-20.06.39.jpeg?fit=1600%2C1199&ssl=1","jetpack_sharing_enabled":true,"_links":{"self":[{"href":"https:\/\/elregionalvm.com.ar\/noticias-villa-maria\/wp-json\/wp\/v2\/posts\/54751","targetHints":{"allow":["GET"]}}],"collection":[{"href":"https:\/\/elregionalvm.com.ar\/noticias-villa-maria\/wp-json\/wp\/v2\/posts"}],"about":[{"href":"https:\/\/elregionalvm.com.ar\/noticias-villa-maria\/wp-json\/wp\/v2\/types\/post"}],"author":[{"embeddable":true,"href":"https:\/\/elregionalvm.com.ar\/noticias-villa-maria\/wp-json\/wp\/v2\/users\/4"}],"replies":[{"embeddable":true,"href":"https:\/\/elregionalvm.com.ar\/noticias-villa-maria\/wp-json\/wp\/v2\/comments?post=54751"}],"version-history":[{"count":1,"href":"https:\/\/elregionalvm.com.ar\/noticias-villa-maria\/wp-json\/wp\/v2\/posts\/54751\/revisions"}],"predecessor-version":[{"id":54757,"href":"https:\/\/elregionalvm.com.ar\/noticias-villa-maria\/wp-json\/wp\/v2\/posts\/54751\/revisions\/54757"}],"wp:featuredmedia":[{"embeddable":true,"href":"https:\/\/elregionalvm.com.ar\/noticias-villa-maria\/wp-json\/wp\/v2\/media\/54752"}],"wp:attachment":[{"href":"https:\/\/elregionalvm.com.ar\/noticias-villa-maria\/wp-json\/wp\/v2\/media?parent=54751"}],"wp:term":[{"taxonomy":"category","embeddable":true,"href":"https:\/\/elregionalvm.com.ar\/noticias-villa-maria\/wp-json\/wp\/v2\/categories?post=54751"},{"taxonomy":"post_tag","embeddable":true,"href":"https:\/\/elregionalvm.com.ar\/noticias-villa-maria\/wp-json\/wp\/v2\/tags?post=54751"}],"curies":[{"name":"wp","href":"https:\/\/api.w.org\/{rel}","templated":true}]}}