{"id":54997,"date":"2022-04-01T00:12:04","date_gmt":"2022-04-01T00:12:04","guid":{"rendered":"https:\/\/elregionalvm.com.ar\/noticias-villa-maria\/?p=54997"},"modified":"2022-04-01T00:12:06","modified_gmt":"2022-04-01T00:12:06","slug":"marzo-cerro-con-tendencia-a-la-disminucion-de-casos-positivos-de-covid","status":"publish","type":"post","link":"https:\/\/elregionalvm.com.ar\/noticias-villa-maria\/marzo-cerro-con-tendencia-a-la-disminucion-de-casos-positivos-de-covid\/","title":{"rendered":"Marzo cerr\u00f3 con tendencia a la  disminuci\u00f3n de casos positivos de covid"},"content":{"rendered":"\n<p>Dando continuidad a la situaci\u00f3n sanitaria local referida al covid, marzo sigui\u00f3 mostrando una disminuci\u00f3n de casos positivos de covid. En ese sentido, durante el tercer mes del a\u00f1o se practicaron 4.776 test de ant\u00edgenos arrojando 297 positivos, lo cual representa una tasa de positividad del 6,21%.<\/p>\n\n\n\n<p>Es importante destacar que contin\u00faa con gran avance la campa\u00f1a de vacunaci\u00f3n que ya lleg\u00f3 a m\u00e1s de 92.000 vecinos con al menos una dosis aplicada, m\u00e1s de 84.000 con dos, m\u00e1s de 32.000 con tres dosis y m\u00e1s de 19.000 personas vacunadas menores de 18 a\u00f1os.<\/p>\n\n\n\n<div class=\"wp-block-image\"><figure class=\"aligncenter size-large is-resized\"><img data-recalc-dims=\"1\" fetchpriority=\"high\" decoding=\"async\" src=\"https:\/\/i0.wp.com\/elregionalvm.com.ar\/noticias-villa-maria\/wp-content\/uploads\/2022\/04\/WhatsApp-Image-2022-03-31-at-20.11.42-1.jpeg?resize=663%2C252&#038;ssl=1\" alt=\"\" class=\"wp-image-54999\" width=\"663\" height=\"252\" srcset=\"https:\/\/i0.wp.com\/elregionalvm.com.ar\/noticias-villa-maria\/wp-content\/uploads\/2022\/04\/WhatsApp-Image-2022-03-31-at-20.11.42-1.jpeg?resize=1024%2C390&amp;ssl=1 1024w, https:\/\/i0.wp.com\/elregionalvm.com.ar\/noticias-villa-maria\/wp-content\/uploads\/2022\/04\/WhatsApp-Image-2022-03-31-at-20.11.42-1.jpeg?resize=300%2C114&amp;ssl=1 300w, https:\/\/i0.wp.com\/elregionalvm.com.ar\/noticias-villa-maria\/wp-content\/uploads\/2022\/04\/WhatsApp-Image-2022-03-31-at-20.11.42-1.jpeg?resize=768%2C293&amp;ssl=1 768w, https:\/\/i0.wp.com\/elregionalvm.com.ar\/noticias-villa-maria\/wp-content\/uploads\/2022\/04\/WhatsApp-Image-2022-03-31-at-20.11.42-1.jpeg?w=1280&amp;ssl=1 1280w\" sizes=\"(max-width: 663px) 100vw, 663px\" \/><\/figure><\/div>\n\n\n\n<p>Los horarios de testeos vigentes son los siguientes: de lunes a viernes de 14 a 17 horas est\u00e1n funcionando los espacios de barrios Las Acacias, La Calera, Los Olmos, Las Playas, Belgrano, Carlos Pellegrini, San Martin, en el Centro Integrador Comunitario (CIC), Rivadavia y Roque S\u00e1enz Pe\u00f1a, y se mantiene la atenci\u00f3n en la Asistencia P\u00fablica de lunes a lunes, incluso feriados de 8 a 12 horas.<br>Vale decir que contin\u00faa en marcha la modalidad de turnero web.<br>En ese sentido, es importante tener en cuenta que al ingresar a la web de turnos, en el siguiente link: https:\/\/turnos.villamaria.gob.ar\/turnos\/nuevo-turno\/60\/ y elegir el CAPS al que se desea concurrir, se despliegan las fechas posibles dentro de la semana en curso. Una vez seleccionado el d\u00eda para el testeo, el siguiente paso es elegir el horario entre los disponibles y confirmar el turno.<\/p>\n\n\n\n<p>En referencia con las pruebas de ant\u00edgenos realizadas en los trece CAPS y en la Asistencia P\u00fablica, durante este mes se practicaron 4.776 test. Hasta la fecha se realizaron 178.723 pruebas de ant\u00edgenos.<\/p>\n\n\n\n<p>Seg\u00fan datos actualizados del Registro Civil, hasta la fecha son 323 las personas que perdieron la vida por covid en la ciudad desde el inicio de la pandemia. El promedio de edad de los vecinos fallecidos es de 73 a\u00f1os.<\/p>\n\n\n\n<div class=\"wp-block-image\"><figure class=\"aligncenter size-large is-resized\"><img data-recalc-dims=\"1\" decoding=\"async\" src=\"https:\/\/i0.wp.com\/elregionalvm.com.ar\/noticias-villa-maria\/wp-content\/uploads\/2022\/04\/WhatsApp-Image-2022-03-31-at-20.11.42.jpeg?resize=532%2C225&#038;ssl=1\" alt=\"\" class=\"wp-image-54998\" width=\"532\" height=\"225\" srcset=\"https:\/\/i0.wp.com\/elregionalvm.com.ar\/noticias-villa-maria\/wp-content\/uploads\/2022\/04\/WhatsApp-Image-2022-03-31-at-20.11.42.jpeg?resize=1024%2C434&amp;ssl=1 1024w, https:\/\/i0.wp.com\/elregionalvm.com.ar\/noticias-villa-maria\/wp-content\/uploads\/2022\/04\/WhatsApp-Image-2022-03-31-at-20.11.42.jpeg?resize=300%2C127&amp;ssl=1 300w, https:\/\/i0.wp.com\/elregionalvm.com.ar\/noticias-villa-maria\/wp-content\/uploads\/2022\/04\/WhatsApp-Image-2022-03-31-at-20.11.42.jpeg?resize=768%2C326&amp;ssl=1 768w, https:\/\/i0.wp.com\/elregionalvm.com.ar\/noticias-villa-maria\/wp-content\/uploads\/2022\/04\/WhatsApp-Image-2022-03-31-at-20.11.42.jpeg?w=1280&amp;ssl=1 1280w\" sizes=\"(max-width: 532px) 100vw, 532px\" \/><\/figure><\/div>\n\n\n\n<p>Es importante recordar que ante la presencia de cualquier s\u00edntoma o por consultas vinculadas a denuncias o disposiciones vigentes, comunicarse al 0800 888 7468. Tambi\u00e9n para consultas sobre resultados de hisopados y fechas de altas m\u00e9dicas est\u00e1 disponible la l\u00ednea de WhatsApp al 3535657964.<\/p>\n\n\n\n<p>El d\u00eda jueves 31 de marzo no tuvo casos positivos:<\/p>\n\n\n\n<div class=\"wp-block-image\"><figure class=\"aligncenter size-large is-resized\"><img data-recalc-dims=\"1\" decoding=\"async\" src=\"https:\/\/i0.wp.com\/elregionalvm.com.ar\/noticias-villa-maria\/wp-content\/uploads\/2022\/04\/WhatsApp-Image-2022-03-31-at-20.11.43.jpeg?resize=585%2C297&#038;ssl=1\" alt=\"\" class=\"wp-image-55000\" width=\"585\" height=\"297\" srcset=\"https:\/\/i0.wp.com\/elregionalvm.com.ar\/noticias-villa-maria\/wp-content\/uploads\/2022\/04\/WhatsApp-Image-2022-03-31-at-20.11.43.jpeg?resize=1024%2C520&amp;ssl=1 1024w, https:\/\/i0.wp.com\/elregionalvm.com.ar\/noticias-villa-maria\/wp-content\/uploads\/2022\/04\/WhatsApp-Image-2022-03-31-at-20.11.43.jpeg?resize=300%2C152&amp;ssl=1 300w, https:\/\/i0.wp.com\/elregionalvm.com.ar\/noticias-villa-maria\/wp-content\/uploads\/2022\/04\/WhatsApp-Image-2022-03-31-at-20.11.43.jpeg?resize=768%2C390&amp;ssl=1 768w, https:\/\/i0.wp.com\/elregionalvm.com.ar\/noticias-villa-maria\/wp-content\/uploads\/2022\/04\/WhatsApp-Image-2022-03-31-at-20.11.43.jpeg?w=1382&amp;ssl=1 1382w\" sizes=\"(max-width: 585px) 100vw, 585px\" \/><\/figure><\/div>\n","protected":false},"excerpt":{"rendered":"<p>Dando continuidad a la situaci\u00f3n sanitaria local referida al covid, marzo sigui\u00f3 mostrando una disminuci\u00f3n de casos positivos de covid. En ese sentido, durante el tercer mes del a\u00f1o se practicaron 4.776 test de ant\u00edgenos arrojando 297 positivos, lo cual representa una tasa de positividad del 6,21%. Es importante destacar que contin\u00faa con gran avance [&hellip;]<\/p>\n","protected":false},"author":4,"featured_media":55001,"comment_status":"open","ping_status":"open","sticky":false,"template":"","format":"standard","meta":{"site-sidebar-layout":"default","site-content-layout":"","ast-site-content-layout":"default","site-content-style":"default","site-sidebar-style":"default","ast-global-header-display":"","ast-banner-title-visibility":"","ast-main-header-display":"","ast-hfb-above-header-display":"","ast-hfb-below-header-display":"","ast-hfb-mobile-header-display":"","site-post-title":"","ast-breadcrumbs-content":"","ast-featured-img":"","footer-sml-layout":"","ast-disable-related-posts":"","theme-transparent-header-meta":"","adv-header-id-meta":"","stick-header-meta":"","header-above-stick-meta":"","header-main-stick-meta":"","header-below-stick-meta":"","astra-migrate-meta-layouts":"default","ast-page-background-enabled":"default","ast-page-background-meta":{"desktop":{"background-color":"","background-image":"","background-repeat":"repeat","background-position":"center center","background-size":"auto","background-attachment":"scroll","background-type":"","background-media":"","overlay-type":"","overlay-color":"","overlay-opacity":"","overlay-gradient":""},"tablet":{"background-color":"","background-image":"","background-repeat":"repeat","background-position":"center center","background-size":"auto","background-attachment":"scroll","background-type":"","background-media":"","overlay-type":"","overlay-color":"","overlay-opacity":"","overlay-gradient":""},"mobile":{"background-color":"","background-image":"","background-repeat":"repeat","background-position":"center center","background-size":"auto","background-attachment":"scroll","background-type":"","background-media":"","overlay-type":"","overlay-color":"","overlay-opacity":"","overlay-gradient":""}},"ast-content-background-meta":{"desktop":{"background-color":"var(--ast-global-color-5)","background-image":"","background-repeat":"repeat","background-position":"center center","background-size":"auto","background-attachment":"scroll","background-type":"","background-media":"","overlay-type":"","overlay-color":"","overlay-opacity":"","overlay-gradient":""},"tablet":{"background-color":"var(--ast-global-color-5)","background-image":"","background-repeat":"repeat","background-position":"center center","background-size":"auto","background-attachment":"scroll","background-type":"","background-media":"","overlay-type":"","overlay-color":"","overlay-opacity":"","overlay-gradient":""},"mobile":{"background-color":"var(--ast-global-color-5)","background-image":"","background-repeat":"repeat","background-position":"center center","background-size":"auto","background-attachment":"scroll","background-type":"","background-media":"","overlay-type":"","overlay-color":"","overlay-opacity":"","overlay-gradient":""}},"_jetpack_memberships_contains_paid_content":false,"_joinchat":[],"footnotes":""},"categories":[2256,2],"tags":[14597,1997,2990,8579,14596,14595,2318,2248],"class_list":["post-54997","post","type-post","status-publish","format-standard","has-post-thumbnail","hentry","category-coronavirus","category-villa-maria","tag-31-de-marzo-de-2022","tag-coronavirus","tag-estadisticas-2","tag-menos-contagios","tag-resumen-de-marzo-2022","tag-tendencia-bajista","tag-vacunacion","tag-villa-maria-2"],"yoast_head":"<!-- This site is optimized with the Yoast SEO plugin v26.8 - https:\/\/yoast.com\/product\/yoast-seo-wordpress\/ -->\n<title>Marzo cerr\u00f3 con tendencia a la disminuci\u00f3n de casos positivos de covid - El Regional<\/title>\n<meta name=\"robots\" content=\"index, follow, max-snippet:-1, max-image-preview:large, max-video-preview:-1\" \/>\n<link rel=\"canonical\" href=\"http:\/\/elregionalvm.com.ar\/noticias-villa-maria\/marzo-cerro-con-tendencia-a-la-disminucion-de-casos-positivos-de-covid\/\" \/>\n<meta property=\"og:locale\" content=\"es_ES\" \/>\n<meta property=\"og:type\" content=\"article\" \/>\n<meta property=\"og:title\" content=\"Marzo cerr\u00f3 con tendencia a la disminuci\u00f3n de casos positivos de covid - El Regional\" \/>\n<meta property=\"og:description\" content=\"Dando continuidad a la situaci\u00f3n sanitaria local referida al covid, marzo sigui\u00f3 mostrando una disminuci\u00f3n de casos positivos de covid. En ese sentido, durante el tercer mes del a\u00f1o se practicaron 4.776 test de ant\u00edgenos arrojando 297 positivos, lo cual representa una tasa de positividad del 6,21%. Es importante destacar que contin\u00faa con gran avance [&hellip;]\" \/>\n<meta property=\"og:url\" content=\"http:\/\/elregionalvm.com.ar\/noticias-villa-maria\/marzo-cerro-con-tendencia-a-la-disminucion-de-casos-positivos-de-covid\/\" \/>\n<meta property=\"og:site_name\" content=\"El Regional\" \/>\n<meta property=\"article:publisher\" content=\"https:\/\/www.facebook.com\/elregionalvm\" \/>\n<meta property=\"article:published_time\" content=\"2022-04-01T00:12:04+00:00\" \/>\n<meta property=\"article:modified_time\" content=\"2022-04-01T00:12:06+00:00\" \/>\n<meta property=\"og:image\" content=\"http:\/\/elregionalvm.com.ar\/noticias-villa-maria\/wp-content\/uploads\/2022\/04\/tendencia-bajista.jpg\" \/>\n\t<meta property=\"og:image:width\" content=\"248\" \/>\n\t<meta property=\"og:image:height\" content=\"203\" \/>\n\t<meta property=\"og:image:type\" content=\"image\/jpeg\" \/>\n<meta name=\"author\" content=\"Contenidos El Regional\" \/>\n<meta name=\"twitter:card\" content=\"summary_large_image\" \/>\n<meta name=\"twitter:creator\" content=\"@elregionalvm1\" \/>\n<meta name=\"twitter:site\" content=\"@elregionalvm1\" \/>\n<meta name=\"twitter:label1\" content=\"Escrito por\" \/>\n\t<meta name=\"twitter:data1\" content=\"Contenidos El Regional\" \/>\n\t<meta name=\"twitter:label2\" content=\"Tiempo de lectura\" \/>\n\t<meta name=\"twitter:data2\" content=\"2 minutos\" \/>\n<script type=\"application\/ld+json\" class=\"yoast-schema-graph\">{\"@context\":\"https:\/\/schema.org\",\"@graph\":[{\"@type\":\"Article\",\"@id\":\"http:\/\/elregionalvm.com.ar\/noticias-villa-maria\/marzo-cerro-con-tendencia-a-la-disminucion-de-casos-positivos-de-covid\/#article\",\"isPartOf\":{\"@id\":\"http:\/\/elregionalvm.com.ar\/noticias-villa-maria\/marzo-cerro-con-tendencia-a-la-disminucion-de-casos-positivos-de-covid\/\"},\"author\":{\"name\":\"Contenidos El Regional\",\"@id\":\"http:\/\/elregionalvm.com.ar\/noticias-villa-maria\/#\/schema\/person\/a0fb9c422317faca23d50163151bc354\"},\"headline\":\"Marzo cerr\u00f3 con tendencia a la disminuci\u00f3n de casos positivos de covid\",\"datePublished\":\"2022-04-01T00:12:04+00:00\",\"dateModified\":\"2022-04-01T00:12:06+00:00\",\"mainEntityOfPage\":{\"@id\":\"http:\/\/elregionalvm.com.ar\/noticias-villa-maria\/marzo-cerro-con-tendencia-a-la-disminucion-de-casos-positivos-de-covid\/\"},\"wordCount\":389,\"commentCount\":0,\"image\":{\"@id\":\"http:\/\/elregionalvm.com.ar\/noticias-villa-maria\/marzo-cerro-con-tendencia-a-la-disminucion-de-casos-positivos-de-covid\/#primaryimage\"},\"thumbnailUrl\":\"https:\/\/i0.wp.com\/elregionalvm.com.ar\/noticias-villa-maria\/wp-content\/uploads\/2022\/04\/tendencia-bajista.jpg?fit=248%2C203&ssl=1\",\"keywords\":[\"31 de marzo de 2022\",\"Coronavirus\",\"Estad\u00edsticas\",\"menos contagios\",\"resumen de marzo 2022\",\"tendencia bajista\",\"Vacunaci\u00f3n\",\"Villa Mar\u00eda\"],\"articleSection\":[\"Coronavirus\",\"Villa Mar\u00eda\"],\"inLanguage\":\"es\",\"potentialAction\":[{\"@type\":\"CommentAction\",\"name\":\"Comment\",\"target\":[\"http:\/\/elregionalvm.com.ar\/noticias-villa-maria\/marzo-cerro-con-tendencia-a-la-disminucion-de-casos-positivos-de-covid\/#respond\"]}]},{\"@type\":\"WebPage\",\"@id\":\"http:\/\/elregionalvm.com.ar\/noticias-villa-maria\/marzo-cerro-con-tendencia-a-la-disminucion-de-casos-positivos-de-covid\/\",\"url\":\"http:\/\/elregionalvm.com.ar\/noticias-villa-maria\/marzo-cerro-con-tendencia-a-la-disminucion-de-casos-positivos-de-covid\/\",\"name\":\"Marzo cerr\u00f3 con tendencia a la disminuci\u00f3n de casos positivos de covid - El Regional\",\"isPartOf\":{\"@id\":\"http:\/\/elregionalvm.com.ar\/noticias-villa-maria\/#website\"},\"primaryImageOfPage\":{\"@id\":\"http:\/\/elregionalvm.com.ar\/noticias-villa-maria\/marzo-cerro-con-tendencia-a-la-disminucion-de-casos-positivos-de-covid\/#primaryimage\"},\"image\":{\"@id\":\"http:\/\/elregionalvm.com.ar\/noticias-villa-maria\/marzo-cerro-con-tendencia-a-la-disminucion-de-casos-positivos-de-covid\/#primaryimage\"},\"thumbnailUrl\":\"https:\/\/i0.wp.com\/elregionalvm.com.ar\/noticias-villa-maria\/wp-content\/uploads\/2022\/04\/tendencia-bajista.jpg?fit=248%2C203&ssl=1\",\"datePublished\":\"2022-04-01T00:12:04+00:00\",\"dateModified\":\"2022-04-01T00:12:06+00:00\",\"author\":{\"@id\":\"http:\/\/elregionalvm.com.ar\/noticias-villa-maria\/#\/schema\/person\/a0fb9c422317faca23d50163151bc354\"},\"breadcrumb\":{\"@id\":\"http:\/\/elregionalvm.com.ar\/noticias-villa-maria\/marzo-cerro-con-tendencia-a-la-disminucion-de-casos-positivos-de-covid\/#breadcrumb\"},\"inLanguage\":\"es\",\"potentialAction\":[{\"@type\":\"ReadAction\",\"target\":[\"http:\/\/elregionalvm.com.ar\/noticias-villa-maria\/marzo-cerro-con-tendencia-a-la-disminucion-de-casos-positivos-de-covid\/\"]}]},{\"@type\":\"ImageObject\",\"inLanguage\":\"es\",\"@id\":\"http:\/\/elregionalvm.com.ar\/noticias-villa-maria\/marzo-cerro-con-tendencia-a-la-disminucion-de-casos-positivos-de-covid\/#primaryimage\",\"url\":\"https:\/\/i0.wp.com\/elregionalvm.com.ar\/noticias-villa-maria\/wp-content\/uploads\/2022\/04\/tendencia-bajista.jpg?fit=248%2C203&ssl=1\",\"contentUrl\":\"https:\/\/i0.wp.com\/elregionalvm.com.ar\/noticias-villa-maria\/wp-content\/uploads\/2022\/04\/tendencia-bajista.jpg?fit=248%2C203&ssl=1\",\"width\":248,\"height\":203},{\"@type\":\"BreadcrumbList\",\"@id\":\"http:\/\/elregionalvm.com.ar\/noticias-villa-maria\/marzo-cerro-con-tendencia-a-la-disminucion-de-casos-positivos-de-covid\/#breadcrumb\",\"itemListElement\":[{\"@type\":\"ListItem\",\"position\":1,\"name\":\"Portada\",\"item\":\"https:\/\/elregionalvm.com.ar\/noticias-villa-maria\/\"},{\"@type\":\"ListItem\",\"position\":2,\"name\":\"Marzo cerr\u00f3 con tendencia a la disminuci\u00f3n de casos positivos de covid\"}]},{\"@type\":\"WebSite\",\"@id\":\"http:\/\/elregionalvm.com.ar\/noticias-villa-maria\/#website\",\"url\":\"http:\/\/elregionalvm.com.ar\/noticias-villa-maria\/\",\"name\":\"El Regional\",\"description\":\"Mucho m\u00e1s que informaci\u00f3n\",\"potentialAction\":[{\"@type\":\"SearchAction\",\"target\":{\"@type\":\"EntryPoint\",\"urlTemplate\":\"http:\/\/elregionalvm.com.ar\/noticias-villa-maria\/?s={search_term_string}\"},\"query-input\":{\"@type\":\"PropertyValueSpecification\",\"valueRequired\":true,\"valueName\":\"search_term_string\"}}],\"inLanguage\":\"es\"},{\"@type\":\"Person\",\"@id\":\"http:\/\/elregionalvm.com.ar\/noticias-villa-maria\/#\/schema\/person\/a0fb9c422317faca23d50163151bc354\",\"name\":\"Contenidos El Regional\",\"image\":{\"@type\":\"ImageObject\",\"inLanguage\":\"es\",\"@id\":\"http:\/\/elregionalvm.com.ar\/noticias-villa-maria\/#\/schema\/person\/image\/\",\"url\":\"https:\/\/secure.gravatar.com\/avatar\/265b27cb2209af7bb3a1318f03305787d7981a5cc6e6cd08fe5a4ecdf99d4b48?s=96&d=mm&r=g\",\"contentUrl\":\"https:\/\/secure.gravatar.com\/avatar\/265b27cb2209af7bb3a1318f03305787d7981a5cc6e6cd08fe5a4ecdf99d4b48?s=96&d=mm&r=g\",\"caption\":\"Contenidos El Regional\"},\"url\":\"https:\/\/elregionalvm.com.ar\/noticias-villa-maria\/author\/contenido\/\"}]}<\/script>\n<!-- \/ Yoast SEO plugin. -->","yoast_head_json":{"title":"Marzo cerr\u00f3 con tendencia a la disminuci\u00f3n de casos positivos de covid - El Regional","robots":{"index":"index","follow":"follow","max-snippet":"max-snippet:-1","max-image-preview":"max-image-preview:large","max-video-preview":"max-video-preview:-1"},"canonical":"http:\/\/elregionalvm.com.ar\/noticias-villa-maria\/marzo-cerro-con-tendencia-a-la-disminucion-de-casos-positivos-de-covid\/","og_locale":"es_ES","og_type":"article","og_title":"Marzo cerr\u00f3 con tendencia a la disminuci\u00f3n de casos positivos de covid - El Regional","og_description":"Dando continuidad a la situaci\u00f3n sanitaria local referida al covid, marzo sigui\u00f3 mostrando una disminuci\u00f3n de casos positivos de covid. En ese sentido, durante el tercer mes del a\u00f1o se practicaron 4.776 test de ant\u00edgenos arrojando 297 positivos, lo cual representa una tasa de positividad del 6,21%. Es importante destacar que contin\u00faa con gran avance [&hellip;]","og_url":"http:\/\/elregionalvm.com.ar\/noticias-villa-maria\/marzo-cerro-con-tendencia-a-la-disminucion-de-casos-positivos-de-covid\/","og_site_name":"El Regional","article_publisher":"https:\/\/www.facebook.com\/elregionalvm","article_published_time":"2022-04-01T00:12:04+00:00","article_modified_time":"2022-04-01T00:12:06+00:00","og_image":[{"width":248,"height":203,"url":"http:\/\/elregionalvm.com.ar\/noticias-villa-maria\/wp-content\/uploads\/2022\/04\/tendencia-bajista.jpg","type":"image\/jpeg"}],"author":"Contenidos El Regional","twitter_card":"summary_large_image","twitter_creator":"@elregionalvm1","twitter_site":"@elregionalvm1","twitter_misc":{"Escrito por":"Contenidos El Regional","Tiempo de lectura":"2 minutos"},"schema":{"@context":"https:\/\/schema.org","@graph":[{"@type":"Article","@id":"http:\/\/elregionalvm.com.ar\/noticias-villa-maria\/marzo-cerro-con-tendencia-a-la-disminucion-de-casos-positivos-de-covid\/#article","isPartOf":{"@id":"http:\/\/elregionalvm.com.ar\/noticias-villa-maria\/marzo-cerro-con-tendencia-a-la-disminucion-de-casos-positivos-de-covid\/"},"author":{"name":"Contenidos El Regional","@id":"http:\/\/elregionalvm.com.ar\/noticias-villa-maria\/#\/schema\/person\/a0fb9c422317faca23d50163151bc354"},"headline":"Marzo cerr\u00f3 con tendencia a la disminuci\u00f3n de casos positivos de covid","datePublished":"2022-04-01T00:12:04+00:00","dateModified":"2022-04-01T00:12:06+00:00","mainEntityOfPage":{"@id":"http:\/\/elregionalvm.com.ar\/noticias-villa-maria\/marzo-cerro-con-tendencia-a-la-disminucion-de-casos-positivos-de-covid\/"},"wordCount":389,"commentCount":0,"image":{"@id":"http:\/\/elregionalvm.com.ar\/noticias-villa-maria\/marzo-cerro-con-tendencia-a-la-disminucion-de-casos-positivos-de-covid\/#primaryimage"},"thumbnailUrl":"https:\/\/i0.wp.com\/elregionalvm.com.ar\/noticias-villa-maria\/wp-content\/uploads\/2022\/04\/tendencia-bajista.jpg?fit=248%2C203&ssl=1","keywords":["31 de marzo de 2022","Coronavirus","Estad\u00edsticas","menos contagios","resumen de marzo 2022","tendencia bajista","Vacunaci\u00f3n","Villa Mar\u00eda"],"articleSection":["Coronavirus","Villa Mar\u00eda"],"inLanguage":"es","potentialAction":[{"@type":"CommentAction","name":"Comment","target":["http:\/\/elregionalvm.com.ar\/noticias-villa-maria\/marzo-cerro-con-tendencia-a-la-disminucion-de-casos-positivos-de-covid\/#respond"]}]},{"@type":"WebPage","@id":"http:\/\/elregionalvm.com.ar\/noticias-villa-maria\/marzo-cerro-con-tendencia-a-la-disminucion-de-casos-positivos-de-covid\/","url":"http:\/\/elregionalvm.com.ar\/noticias-villa-maria\/marzo-cerro-con-tendencia-a-la-disminucion-de-casos-positivos-de-covid\/","name":"Marzo cerr\u00f3 con tendencia a la disminuci\u00f3n de casos positivos de covid - El Regional","isPartOf":{"@id":"http:\/\/elregionalvm.com.ar\/noticias-villa-maria\/#website"},"primaryImageOfPage":{"@id":"http:\/\/elregionalvm.com.ar\/noticias-villa-maria\/marzo-cerro-con-tendencia-a-la-disminucion-de-casos-positivos-de-covid\/#primaryimage"},"image":{"@id":"http:\/\/elregionalvm.com.ar\/noticias-villa-maria\/marzo-cerro-con-tendencia-a-la-disminucion-de-casos-positivos-de-covid\/#primaryimage"},"thumbnailUrl":"https:\/\/i0.wp.com\/elregionalvm.com.ar\/noticias-villa-maria\/wp-content\/uploads\/2022\/04\/tendencia-bajista.jpg?fit=248%2C203&ssl=1","datePublished":"2022-04-01T00:12:04+00:00","dateModified":"2022-04-01T00:12:06+00:00","author":{"@id":"http:\/\/elregionalvm.com.ar\/noticias-villa-maria\/#\/schema\/person\/a0fb9c422317faca23d50163151bc354"},"breadcrumb":{"@id":"http:\/\/elregionalvm.com.ar\/noticias-villa-maria\/marzo-cerro-con-tendencia-a-la-disminucion-de-casos-positivos-de-covid\/#breadcrumb"},"inLanguage":"es","potentialAction":[{"@type":"ReadAction","target":["http:\/\/elregionalvm.com.ar\/noticias-villa-maria\/marzo-cerro-con-tendencia-a-la-disminucion-de-casos-positivos-de-covid\/"]}]},{"@type":"ImageObject","inLanguage":"es","@id":"http:\/\/elregionalvm.com.ar\/noticias-villa-maria\/marzo-cerro-con-tendencia-a-la-disminucion-de-casos-positivos-de-covid\/#primaryimage","url":"https:\/\/i0.wp.com\/elregionalvm.com.ar\/noticias-villa-maria\/wp-content\/uploads\/2022\/04\/tendencia-bajista.jpg?fit=248%2C203&ssl=1","contentUrl":"https:\/\/i0.wp.com\/elregionalvm.com.ar\/noticias-villa-maria\/wp-content\/uploads\/2022\/04\/tendencia-bajista.jpg?fit=248%2C203&ssl=1","width":248,"height":203},{"@type":"BreadcrumbList","@id":"http:\/\/elregionalvm.com.ar\/noticias-villa-maria\/marzo-cerro-con-tendencia-a-la-disminucion-de-casos-positivos-de-covid\/#breadcrumb","itemListElement":[{"@type":"ListItem","position":1,"name":"Portada","item":"https:\/\/elregionalvm.com.ar\/noticias-villa-maria\/"},{"@type":"ListItem","position":2,"name":"Marzo cerr\u00f3 con tendencia a la disminuci\u00f3n de casos positivos de covid"}]},{"@type":"WebSite","@id":"http:\/\/elregionalvm.com.ar\/noticias-villa-maria\/#website","url":"http:\/\/elregionalvm.com.ar\/noticias-villa-maria\/","name":"El Regional","description":"Mucho m\u00e1s que informaci\u00f3n","potentialAction":[{"@type":"SearchAction","target":{"@type":"EntryPoint","urlTemplate":"http:\/\/elregionalvm.com.ar\/noticias-villa-maria\/?s={search_term_string}"},"query-input":{"@type":"PropertyValueSpecification","valueRequired":true,"valueName":"search_term_string"}}],"inLanguage":"es"},{"@type":"Person","@id":"http:\/\/elregionalvm.com.ar\/noticias-villa-maria\/#\/schema\/person\/a0fb9c422317faca23d50163151bc354","name":"Contenidos El Regional","image":{"@type":"ImageObject","inLanguage":"es","@id":"http:\/\/elregionalvm.com.ar\/noticias-villa-maria\/#\/schema\/person\/image\/","url":"https:\/\/secure.gravatar.com\/avatar\/265b27cb2209af7bb3a1318f03305787d7981a5cc6e6cd08fe5a4ecdf99d4b48?s=96&d=mm&r=g","contentUrl":"https:\/\/secure.gravatar.com\/avatar\/265b27cb2209af7bb3a1318f03305787d7981a5cc6e6cd08fe5a4ecdf99d4b48?s=96&d=mm&r=g","caption":"Contenidos El Regional"},"url":"https:\/\/elregionalvm.com.ar\/noticias-villa-maria\/author\/contenido\/"}]}},"jetpack_featured_media_url":"https:\/\/i0.wp.com\/elregionalvm.com.ar\/noticias-villa-maria\/wp-content\/uploads\/2022\/04\/tendencia-bajista.jpg?fit=248%2C203&ssl=1","jetpack_sharing_enabled":true,"_links":{"self":[{"href":"https:\/\/elregionalvm.com.ar\/noticias-villa-maria\/wp-json\/wp\/v2\/posts\/54997","targetHints":{"allow":["GET"]}}],"collection":[{"href":"https:\/\/elregionalvm.com.ar\/noticias-villa-maria\/wp-json\/wp\/v2\/posts"}],"about":[{"href":"https:\/\/elregionalvm.com.ar\/noticias-villa-maria\/wp-json\/wp\/v2\/types\/post"}],"author":[{"embeddable":true,"href":"https:\/\/elregionalvm.com.ar\/noticias-villa-maria\/wp-json\/wp\/v2\/users\/4"}],"replies":[{"embeddable":true,"href":"https:\/\/elregionalvm.com.ar\/noticias-villa-maria\/wp-json\/wp\/v2\/comments?post=54997"}],"version-history":[{"count":1,"href":"https:\/\/elregionalvm.com.ar\/noticias-villa-maria\/wp-json\/wp\/v2\/posts\/54997\/revisions"}],"predecessor-version":[{"id":55002,"href":"https:\/\/elregionalvm.com.ar\/noticias-villa-maria\/wp-json\/wp\/v2\/posts\/54997\/revisions\/55002"}],"wp:featuredmedia":[{"embeddable":true,"href":"https:\/\/elregionalvm.com.ar\/noticias-villa-maria\/wp-json\/wp\/v2\/media\/55001"}],"wp:attachment":[{"href":"https:\/\/elregionalvm.com.ar\/noticias-villa-maria\/wp-json\/wp\/v2\/media?parent=54997"}],"wp:term":[{"taxonomy":"category","embeddable":true,"href":"https:\/\/elregionalvm.com.ar\/noticias-villa-maria\/wp-json\/wp\/v2\/categories?post=54997"},{"taxonomy":"post_tag","embeddable":true,"href":"https:\/\/elregionalvm.com.ar\/noticias-villa-maria\/wp-json\/wp\/v2\/tags?post=54997"}],"curies":[{"name":"wp","href":"https:\/\/api.w.org\/{rel}","templated":true}]}}