{"id":55009,"date":"2022-04-01T09:31:06","date_gmt":"2022-04-01T09:31:06","guid":{"rendered":"https:\/\/elregionalvm.com.ar\/noticias-villa-maria\/?p=55009"},"modified":"2022-04-02T22:36:09","modified_gmt":"2022-04-02T22:36:09","slug":"luis-juez-no-tengo-dudas-de-que-habra-un-adelantamiento-de-las-elecciones-audio","status":"publish","type":"post","link":"https:\/\/elregionalvm.com.ar\/noticias-villa-maria\/luis-juez-no-tengo-dudas-de-que-habra-un-adelantamiento-de-las-elecciones-audio\/","title":{"rendered":"Luis Juez: \u201cNo tengo dudas de que habr\u00e1 un adelantamiento de las elecciones\u201d (Audio)"},"content":{"rendered":"\n<p><\/p>\n\n\n\n<p><strong>Antes de su visita a Villa Mar\u00eda para presentarse en el local partidario de Buenos Aires al 1300, el diputado nacional Luis Juez mantuvo un di\u00e1logo con Miguel Andreis y equipo en el programa \u201cEscuch\u00e1ndonos\u201d, por Radio Centro.<\/strong><\/p>\n\n\n\n<p><\/p>\n\n\n\n<p>El dirigente cordob\u00e9s analiz\u00f3 varios temas pol\u00edticos de actualidad, entre ellos, la situaci\u00f3n del pa\u00eds, la gobernabilidad, los funcionarios nacionales.<\/p>\n\n\n\n<p>Tambi\u00e9n opin\u00f3 respecto de la figura de Juan Schiaretti, su v\u00ednculo con Rodrigo De Loredo y otros dirigentes en Juntos por el Cambio.<\/p>\n\n\n\n<p>En este sentido, remarc\u00f3 que no tiene ning\u00fan tipo de relaci\u00f3n con el legislador villamariense Dar\u00edo Capitani, luego del contrapunto por el tema del juego online que fue objeto de debate en la Provincia.<\/p>\n\n\n\n<p>\u201cNo tengo dudas de que en la provincia habr\u00e1 adelantamiento en las elecciones\u201d, anticip\u00f3.<\/p>\n\n\n\n<p>Adem\u00e1s, destac\u00f3 que: \u201cEl gobierno no se va en helic\u00f3ptero, de lo contrario con todos los l\u00edos, varios deber\u00edan haber renunciado y ninguno de La C\u00e1mpora se ha alejado, nadie larga las cajas\u2026 Y lo digo yo que estuve en el peronismo en el 2003 cuando no hab\u00eda nadie\u201d.<\/p>\n\n\n\n<p><\/p>\n\n\n\n<h4 class=\"wp-block-heading\"><strong>Escuch\u00e1 la entrevista<\/strong> <strong>en estos dos audios:<\/strong><\/h4>\n\n\n\n<p><\/p>\n\n\n\n<figure class=\"wp-block-audio\"><audio controls src=\"https:\/\/elregionalvm.com.ar\/noticias-villa-maria\/wp-content\/uploads\/2022\/04\/ANDREIS-LUIS-JUEZ-1.mp3\"><\/audio><\/figure>\n\n\n\n<p><\/p>\n\n\n\n<figure class=\"wp-block-audio\"><audio controls src=\"https:\/\/elregionalvm.com.ar\/noticias-villa-maria\/wp-content\/uploads\/2022\/04\/ANDREIS-LUIS-JUEZ-2.mp3\"><\/audio><\/figure>\n\n\n\n<p><\/p>\n","protected":false},"excerpt":{"rendered":"<p>Antes de su visita a Villa Mar\u00eda para presentarse en el local partidario de Buenos Aires al 1300, el diputado nacional Luis Juez mantuvo un di\u00e1logo con Miguel Andreis y equipo en el programa \u201cEscuch\u00e1ndonos\u201d, por Radio Centro. El dirigente cordob\u00e9s analiz\u00f3 varios temas pol\u00edticos de actualidad, entre ellos, la situaci\u00f3n del pa\u00eds, la gobernabilidad, [&hellip;]<\/p>\n","protected":false},"author":5,"featured_media":55054,"comment_status":"open","ping_status":"open","sticky":false,"template":"","format":"standard","meta":{"site-sidebar-layout":"default","site-content-layout":"","ast-site-content-layout":"default","site-content-style":"default","site-sidebar-style":"default","ast-global-header-display":"","ast-banner-title-visibility":"","ast-main-header-display":"","ast-hfb-above-header-display":"","ast-hfb-below-header-display":"","ast-hfb-mobile-header-display":"","site-post-title":"","ast-breadcrumbs-content":"","ast-featured-img":"","footer-sml-layout":"","ast-disable-related-posts":"","theme-transparent-header-meta":"","adv-header-id-meta":"","stick-header-meta":"","header-above-stick-meta":"","header-main-stick-meta":"","header-below-stick-meta":"","astra-migrate-meta-layouts":"default","ast-page-background-enabled":"default","ast-page-background-meta":{"desktop":{"background-color":"","background-image":"","background-repeat":"repeat","background-position":"center center","background-size":"auto","background-attachment":"scroll","background-type":"","background-media":"","overlay-type":"","overlay-color":"","overlay-opacity":"","overlay-gradient":""},"tablet":{"background-color":"","background-image":"","background-repeat":"repeat","background-position":"center center","background-size":"auto","background-attachment":"scroll","background-type":"","background-media":"","overlay-type":"","overlay-color":"","overlay-opacity":"","overlay-gradient":""},"mobile":{"background-color":"","background-image":"","background-repeat":"repeat","background-position":"center center","background-size":"auto","background-attachment":"scroll","background-type":"","background-media":"","overlay-type":"","overlay-color":"","overlay-opacity":"","overlay-gradient":""}},"ast-content-background-meta":{"desktop":{"background-color":"var(--ast-global-color-5)","background-image":"","background-repeat":"repeat","background-position":"center center","background-size":"auto","background-attachment":"scroll","background-type":"","background-media":"","overlay-type":"","overlay-color":"","overlay-opacity":"","overlay-gradient":""},"tablet":{"background-color":"var(--ast-global-color-5)","background-image":"","background-repeat":"repeat","background-position":"center center","background-size":"auto","background-attachment":"scroll","background-type":"","background-media":"","overlay-type":"","overlay-color":"","overlay-opacity":"","overlay-gradient":""},"mobile":{"background-color":"var(--ast-global-color-5)","background-image":"","background-repeat":"repeat","background-position":"center center","background-size":"auto","background-attachment":"scroll","background-type":"","background-media":"","overlay-type":"","overlay-color":"","overlay-opacity":"","overlay-gradient":""}},"_jetpack_memberships_contains_paid_content":false,"_joinchat":[],"footnotes":""},"categories":[2089,3557],"tags":[268,3734,10040,635,519],"class_list":["post-55009","post","type-post","status-publish","format-standard","has-post-thumbnail","hentry","category-politica","category-tercera","tag-elecciones","tag-gobierno-nacional","tag-luis-juez","tag-miguel-andreis","tag-politica"],"yoast_head":"<!-- This site is optimized with the Yoast SEO plugin v26.8 - https:\/\/yoast.com\/product\/yoast-seo-wordpress\/ -->\n<title>Luis Juez: \u201cNo tengo dudas de que habr\u00e1 un adelantamiento de las elecciones\u201d (Audio) - El Regional<\/title>\n<meta name=\"description\" content=\"El dirigente analiz\u00f3 varios temas pol\u00edticos de actualidad, entre ellos, la situaci\u00f3n del pa\u00eds, la gobernabilidad, los funcionarios nacionales.\" \/>\n<meta name=\"robots\" content=\"index, follow, max-snippet:-1, max-image-preview:large, max-video-preview:-1\" \/>\n<link rel=\"canonical\" href=\"http:\/\/elregionalvm.com.ar\/noticias-villa-maria\/luis-juez-no-tengo-dudas-de-que-habra-un-adelantamiento-de-las-elecciones-audio\/\" \/>\n<meta property=\"og:locale\" content=\"es_ES\" \/>\n<meta property=\"og:type\" content=\"article\" \/>\n<meta property=\"og:title\" content=\"Luis Juez: \u201cNo tengo dudas de que habr\u00e1 un adelantamiento de las elecciones\u201d (Audio) - El Regional\" \/>\n<meta property=\"og:description\" content=\"El dirigente analiz\u00f3 varios temas pol\u00edticos de actualidad, entre ellos, la situaci\u00f3n del pa\u00eds, la gobernabilidad, los funcionarios nacionales.\" \/>\n<meta property=\"og:url\" content=\"http:\/\/elregionalvm.com.ar\/noticias-villa-maria\/luis-juez-no-tengo-dudas-de-que-habra-un-adelantamiento-de-las-elecciones-audio\/\" \/>\n<meta property=\"og:site_name\" content=\"El Regional\" \/>\n<meta property=\"article:publisher\" content=\"https:\/\/www.facebook.com\/elregionalvm\" \/>\n<meta property=\"article:published_time\" content=\"2022-04-01T09:31:06+00:00\" \/>\n<meta property=\"article:modified_time\" content=\"2022-04-02T22:36:09+00:00\" \/>\n<meta property=\"og:image\" content=\"http:\/\/elregionalvm.com.ar\/noticias-villa-maria\/wp-content\/uploads\/2022\/04\/Luis-Juez-cartel-Cristina.jpg\" \/>\n\t<meta property=\"og:image:width\" content=\"1022\" \/>\n\t<meta property=\"og:image:height\" content=\"764\" \/>\n\t<meta property=\"og:image:type\" content=\"image\/jpeg\" \/>\n<meta name=\"author\" content=\"Miguel Andreis\" \/>\n<meta name=\"twitter:card\" content=\"summary_large_image\" \/>\n<meta name=\"twitter:creator\" content=\"@elregionalvm1\" \/>\n<meta name=\"twitter:site\" content=\"@elregionalvm1\" \/>\n<meta name=\"twitter:label1\" content=\"Escrito por\" \/>\n\t<meta name=\"twitter:data1\" content=\"Miguel Andreis\" \/>\n\t<meta name=\"twitter:label2\" content=\"Tiempo de lectura\" \/>\n\t<meta name=\"twitter:data2\" content=\"1 minuto\" \/>\n<script type=\"application\/ld+json\" class=\"yoast-schema-graph\">{\"@context\":\"https:\/\/schema.org\",\"@graph\":[{\"@type\":\"Article\",\"@id\":\"http:\/\/elregionalvm.com.ar\/noticias-villa-maria\/luis-juez-no-tengo-dudas-de-que-habra-un-adelantamiento-de-las-elecciones-audio\/#article\",\"isPartOf\":{\"@id\":\"http:\/\/elregionalvm.com.ar\/noticias-villa-maria\/luis-juez-no-tengo-dudas-de-que-habra-un-adelantamiento-de-las-elecciones-audio\/\"},\"author\":{\"name\":\"Miguel Andreis\",\"@id\":\"http:\/\/elregionalvm.com.ar\/noticias-villa-maria\/#\/schema\/person\/df5ff3f005acf29788aed9cb359f1193\"},\"headline\":\"Luis Juez: \u201cNo tengo dudas de que habr\u00e1 un adelantamiento de las elecciones\u201d (Audio)\",\"datePublished\":\"2022-04-01T09:31:06+00:00\",\"dateModified\":\"2022-04-02T22:36:09+00:00\",\"mainEntityOfPage\":{\"@id\":\"http:\/\/elregionalvm.com.ar\/noticias-villa-maria\/luis-juez-no-tengo-dudas-de-que-habra-un-adelantamiento-de-las-elecciones-audio\/\"},\"wordCount\":215,\"commentCount\":0,\"image\":{\"@id\":\"http:\/\/elregionalvm.com.ar\/noticias-villa-maria\/luis-juez-no-tengo-dudas-de-que-habra-un-adelantamiento-de-las-elecciones-audio\/#primaryimage\"},\"thumbnailUrl\":\"https:\/\/i0.wp.com\/elregionalvm.com.ar\/noticias-villa-maria\/wp-content\/uploads\/2022\/04\/Luis-Juez-cartel-Cristina.jpg?fit=1022%2C764&ssl=1\",\"keywords\":[\"elecciones\",\"Gobierno Nacional\",\"Luis Juez\",\"Miguel Andreis\",\"Pol\u00edtica\"],\"articleSection\":[\"Pol\u00edtica\",\"tercera\"],\"inLanguage\":\"es\",\"potentialAction\":[{\"@type\":\"CommentAction\",\"name\":\"Comment\",\"target\":[\"http:\/\/elregionalvm.com.ar\/noticias-villa-maria\/luis-juez-no-tengo-dudas-de-que-habra-un-adelantamiento-de-las-elecciones-audio\/#respond\"]}]},{\"@type\":\"WebPage\",\"@id\":\"http:\/\/elregionalvm.com.ar\/noticias-villa-maria\/luis-juez-no-tengo-dudas-de-que-habra-un-adelantamiento-de-las-elecciones-audio\/\",\"url\":\"http:\/\/elregionalvm.com.ar\/noticias-villa-maria\/luis-juez-no-tengo-dudas-de-que-habra-un-adelantamiento-de-las-elecciones-audio\/\",\"name\":\"Luis Juez: \u201cNo tengo dudas de que habr\u00e1 un adelantamiento de las elecciones\u201d (Audio) - El Regional\",\"isPartOf\":{\"@id\":\"http:\/\/elregionalvm.com.ar\/noticias-villa-maria\/#website\"},\"primaryImageOfPage\":{\"@id\":\"http:\/\/elregionalvm.com.ar\/noticias-villa-maria\/luis-juez-no-tengo-dudas-de-que-habra-un-adelantamiento-de-las-elecciones-audio\/#primaryimage\"},\"image\":{\"@id\":\"http:\/\/elregionalvm.com.ar\/noticias-villa-maria\/luis-juez-no-tengo-dudas-de-que-habra-un-adelantamiento-de-las-elecciones-audio\/#primaryimage\"},\"thumbnailUrl\":\"https:\/\/i0.wp.com\/elregionalvm.com.ar\/noticias-villa-maria\/wp-content\/uploads\/2022\/04\/Luis-Juez-cartel-Cristina.jpg?fit=1022%2C764&ssl=1\",\"datePublished\":\"2022-04-01T09:31:06+00:00\",\"dateModified\":\"2022-04-02T22:36:09+00:00\",\"author\":{\"@id\":\"http:\/\/elregionalvm.com.ar\/noticias-villa-maria\/#\/schema\/person\/df5ff3f005acf29788aed9cb359f1193\"},\"description\":\"El dirigente analiz\u00f3 varios temas pol\u00edticos de actualidad, entre ellos, la situaci\u00f3n del pa\u00eds, la gobernabilidad, los funcionarios nacionales.\",\"breadcrumb\":{\"@id\":\"http:\/\/elregionalvm.com.ar\/noticias-villa-maria\/luis-juez-no-tengo-dudas-de-que-habra-un-adelantamiento-de-las-elecciones-audio\/#breadcrumb\"},\"inLanguage\":\"es\",\"potentialAction\":[{\"@type\":\"ReadAction\",\"target\":[\"http:\/\/elregionalvm.com.ar\/noticias-villa-maria\/luis-juez-no-tengo-dudas-de-que-habra-un-adelantamiento-de-las-elecciones-audio\/\"]}]},{\"@type\":\"ImageObject\",\"inLanguage\":\"es\",\"@id\":\"http:\/\/elregionalvm.com.ar\/noticias-villa-maria\/luis-juez-no-tengo-dudas-de-que-habra-un-adelantamiento-de-las-elecciones-audio\/#primaryimage\",\"url\":\"https:\/\/i0.wp.com\/elregionalvm.com.ar\/noticias-villa-maria\/wp-content\/uploads\/2022\/04\/Luis-Juez-cartel-Cristina.jpg?fit=1022%2C764&ssl=1\",\"contentUrl\":\"https:\/\/i0.wp.com\/elregionalvm.com.ar\/noticias-villa-maria\/wp-content\/uploads\/2022\/04\/Luis-Juez-cartel-Cristina.jpg?fit=1022%2C764&ssl=1\",\"width\":1022,\"height\":764},{\"@type\":\"BreadcrumbList\",\"@id\":\"http:\/\/elregionalvm.com.ar\/noticias-villa-maria\/luis-juez-no-tengo-dudas-de-que-habra-un-adelantamiento-de-las-elecciones-audio\/#breadcrumb\",\"itemListElement\":[{\"@type\":\"ListItem\",\"position\":1,\"name\":\"Portada\",\"item\":\"https:\/\/elregionalvm.com.ar\/noticias-villa-maria\/\"},{\"@type\":\"ListItem\",\"position\":2,\"name\":\"Luis Juez: \u201cNo tengo dudas de que habr\u00e1 un adelantamiento de las elecciones\u201d (Audio)\"}]},{\"@type\":\"WebSite\",\"@id\":\"http:\/\/elregionalvm.com.ar\/noticias-villa-maria\/#website\",\"url\":\"http:\/\/elregionalvm.com.ar\/noticias-villa-maria\/\",\"name\":\"El Regional\",\"description\":\"Mucho m\u00e1s que informaci\u00f3n\",\"potentialAction\":[{\"@type\":\"SearchAction\",\"target\":{\"@type\":\"EntryPoint\",\"urlTemplate\":\"http:\/\/elregionalvm.com.ar\/noticias-villa-maria\/?s={search_term_string}\"},\"query-input\":{\"@type\":\"PropertyValueSpecification\",\"valueRequired\":true,\"valueName\":\"search_term_string\"}}],\"inLanguage\":\"es\"},{\"@type\":\"Person\",\"@id\":\"http:\/\/elregionalvm.com.ar\/noticias-villa-maria\/#\/schema\/person\/df5ff3f005acf29788aed9cb359f1193\",\"name\":\"Miguel Andreis\",\"image\":{\"@type\":\"ImageObject\",\"inLanguage\":\"es\",\"@id\":\"http:\/\/elregionalvm.com.ar\/noticias-villa-maria\/#\/schema\/person\/image\/\",\"url\":\"https:\/\/secure.gravatar.com\/avatar\/c643381cd03da38327c6407e6886e7182d881f2ecf94a7902ca262c41f9d8884?s=96&d=mm&r=g\",\"contentUrl\":\"https:\/\/secure.gravatar.com\/avatar\/c643381cd03da38327c6407e6886e7182d881f2ecf94a7902ca262c41f9d8884?s=96&d=mm&r=g\",\"caption\":\"Miguel Andreis\"},\"url\":\"https:\/\/elregionalvm.com.ar\/noticias-villa-maria\/author\/miguelandreis\/\"}]}<\/script>\n<!-- \/ Yoast SEO plugin. -->","yoast_head_json":{"title":"Luis Juez: \u201cNo tengo dudas de que habr\u00e1 un adelantamiento de las elecciones\u201d (Audio) - El Regional","description":"El dirigente analiz\u00f3 varios temas pol\u00edticos de actualidad, entre ellos, la situaci\u00f3n del pa\u00eds, la gobernabilidad, los funcionarios nacionales.","robots":{"index":"index","follow":"follow","max-snippet":"max-snippet:-1","max-image-preview":"max-image-preview:large","max-video-preview":"max-video-preview:-1"},"canonical":"http:\/\/elregionalvm.com.ar\/noticias-villa-maria\/luis-juez-no-tengo-dudas-de-que-habra-un-adelantamiento-de-las-elecciones-audio\/","og_locale":"es_ES","og_type":"article","og_title":"Luis Juez: \u201cNo tengo dudas de que habr\u00e1 un adelantamiento de las elecciones\u201d (Audio) - El Regional","og_description":"El dirigente analiz\u00f3 varios temas pol\u00edticos de actualidad, entre ellos, la situaci\u00f3n del pa\u00eds, la gobernabilidad, los funcionarios nacionales.","og_url":"http:\/\/elregionalvm.com.ar\/noticias-villa-maria\/luis-juez-no-tengo-dudas-de-que-habra-un-adelantamiento-de-las-elecciones-audio\/","og_site_name":"El Regional","article_publisher":"https:\/\/www.facebook.com\/elregionalvm","article_published_time":"2022-04-01T09:31:06+00:00","article_modified_time":"2022-04-02T22:36:09+00:00","og_image":[{"width":1022,"height":764,"url":"http:\/\/elregionalvm.com.ar\/noticias-villa-maria\/wp-content\/uploads\/2022\/04\/Luis-Juez-cartel-Cristina.jpg","type":"image\/jpeg"}],"author":"Miguel Andreis","twitter_card":"summary_large_image","twitter_creator":"@elregionalvm1","twitter_site":"@elregionalvm1","twitter_misc":{"Escrito por":"Miguel Andreis","Tiempo de lectura":"1 minuto"},"schema":{"@context":"https:\/\/schema.org","@graph":[{"@type":"Article","@id":"http:\/\/elregionalvm.com.ar\/noticias-villa-maria\/luis-juez-no-tengo-dudas-de-que-habra-un-adelantamiento-de-las-elecciones-audio\/#article","isPartOf":{"@id":"http:\/\/elregionalvm.com.ar\/noticias-villa-maria\/luis-juez-no-tengo-dudas-de-que-habra-un-adelantamiento-de-las-elecciones-audio\/"},"author":{"name":"Miguel Andreis","@id":"http:\/\/elregionalvm.com.ar\/noticias-villa-maria\/#\/schema\/person\/df5ff3f005acf29788aed9cb359f1193"},"headline":"Luis Juez: \u201cNo tengo dudas de que habr\u00e1 un adelantamiento de las elecciones\u201d (Audio)","datePublished":"2022-04-01T09:31:06+00:00","dateModified":"2022-04-02T22:36:09+00:00","mainEntityOfPage":{"@id":"http:\/\/elregionalvm.com.ar\/noticias-villa-maria\/luis-juez-no-tengo-dudas-de-que-habra-un-adelantamiento-de-las-elecciones-audio\/"},"wordCount":215,"commentCount":0,"image":{"@id":"http:\/\/elregionalvm.com.ar\/noticias-villa-maria\/luis-juez-no-tengo-dudas-de-que-habra-un-adelantamiento-de-las-elecciones-audio\/#primaryimage"},"thumbnailUrl":"https:\/\/i0.wp.com\/elregionalvm.com.ar\/noticias-villa-maria\/wp-content\/uploads\/2022\/04\/Luis-Juez-cartel-Cristina.jpg?fit=1022%2C764&ssl=1","keywords":["elecciones","Gobierno Nacional","Luis Juez","Miguel Andreis","Pol\u00edtica"],"articleSection":["Pol\u00edtica","tercera"],"inLanguage":"es","potentialAction":[{"@type":"CommentAction","name":"Comment","target":["http:\/\/elregionalvm.com.ar\/noticias-villa-maria\/luis-juez-no-tengo-dudas-de-que-habra-un-adelantamiento-de-las-elecciones-audio\/#respond"]}]},{"@type":"WebPage","@id":"http:\/\/elregionalvm.com.ar\/noticias-villa-maria\/luis-juez-no-tengo-dudas-de-que-habra-un-adelantamiento-de-las-elecciones-audio\/","url":"http:\/\/elregionalvm.com.ar\/noticias-villa-maria\/luis-juez-no-tengo-dudas-de-que-habra-un-adelantamiento-de-las-elecciones-audio\/","name":"Luis Juez: \u201cNo tengo dudas de que habr\u00e1 un adelantamiento de las elecciones\u201d (Audio) - El Regional","isPartOf":{"@id":"http:\/\/elregionalvm.com.ar\/noticias-villa-maria\/#website"},"primaryImageOfPage":{"@id":"http:\/\/elregionalvm.com.ar\/noticias-villa-maria\/luis-juez-no-tengo-dudas-de-que-habra-un-adelantamiento-de-las-elecciones-audio\/#primaryimage"},"image":{"@id":"http:\/\/elregionalvm.com.ar\/noticias-villa-maria\/luis-juez-no-tengo-dudas-de-que-habra-un-adelantamiento-de-las-elecciones-audio\/#primaryimage"},"thumbnailUrl":"https:\/\/i0.wp.com\/elregionalvm.com.ar\/noticias-villa-maria\/wp-content\/uploads\/2022\/04\/Luis-Juez-cartel-Cristina.jpg?fit=1022%2C764&ssl=1","datePublished":"2022-04-01T09:31:06+00:00","dateModified":"2022-04-02T22:36:09+00:00","author":{"@id":"http:\/\/elregionalvm.com.ar\/noticias-villa-maria\/#\/schema\/person\/df5ff3f005acf29788aed9cb359f1193"},"description":"El dirigente analiz\u00f3 varios temas pol\u00edticos de actualidad, entre ellos, la situaci\u00f3n del pa\u00eds, la gobernabilidad, los funcionarios nacionales.","breadcrumb":{"@id":"http:\/\/elregionalvm.com.ar\/noticias-villa-maria\/luis-juez-no-tengo-dudas-de-que-habra-un-adelantamiento-de-las-elecciones-audio\/#breadcrumb"},"inLanguage":"es","potentialAction":[{"@type":"ReadAction","target":["http:\/\/elregionalvm.com.ar\/noticias-villa-maria\/luis-juez-no-tengo-dudas-de-que-habra-un-adelantamiento-de-las-elecciones-audio\/"]}]},{"@type":"ImageObject","inLanguage":"es","@id":"http:\/\/elregionalvm.com.ar\/noticias-villa-maria\/luis-juez-no-tengo-dudas-de-que-habra-un-adelantamiento-de-las-elecciones-audio\/#primaryimage","url":"https:\/\/i0.wp.com\/elregionalvm.com.ar\/noticias-villa-maria\/wp-content\/uploads\/2022\/04\/Luis-Juez-cartel-Cristina.jpg?fit=1022%2C764&ssl=1","contentUrl":"https:\/\/i0.wp.com\/elregionalvm.com.ar\/noticias-villa-maria\/wp-content\/uploads\/2022\/04\/Luis-Juez-cartel-Cristina.jpg?fit=1022%2C764&ssl=1","width":1022,"height":764},{"@type":"BreadcrumbList","@id":"http:\/\/elregionalvm.com.ar\/noticias-villa-maria\/luis-juez-no-tengo-dudas-de-que-habra-un-adelantamiento-de-las-elecciones-audio\/#breadcrumb","itemListElement":[{"@type":"ListItem","position":1,"name":"Portada","item":"https:\/\/elregionalvm.com.ar\/noticias-villa-maria\/"},{"@type":"ListItem","position":2,"name":"Luis Juez: \u201cNo tengo dudas de que habr\u00e1 un adelantamiento de las elecciones\u201d (Audio)"}]},{"@type":"WebSite","@id":"http:\/\/elregionalvm.com.ar\/noticias-villa-maria\/#website","url":"http:\/\/elregionalvm.com.ar\/noticias-villa-maria\/","name":"El Regional","description":"Mucho m\u00e1s que informaci\u00f3n","potentialAction":[{"@type":"SearchAction","target":{"@type":"EntryPoint","urlTemplate":"http:\/\/elregionalvm.com.ar\/noticias-villa-maria\/?s={search_term_string}"},"query-input":{"@type":"PropertyValueSpecification","valueRequired":true,"valueName":"search_term_string"}}],"inLanguage":"es"},{"@type":"Person","@id":"http:\/\/elregionalvm.com.ar\/noticias-villa-maria\/#\/schema\/person\/df5ff3f005acf29788aed9cb359f1193","name":"Miguel Andreis","image":{"@type":"ImageObject","inLanguage":"es","@id":"http:\/\/elregionalvm.com.ar\/noticias-villa-maria\/#\/schema\/person\/image\/","url":"https:\/\/secure.gravatar.com\/avatar\/c643381cd03da38327c6407e6886e7182d881f2ecf94a7902ca262c41f9d8884?s=96&d=mm&r=g","contentUrl":"https:\/\/secure.gravatar.com\/avatar\/c643381cd03da38327c6407e6886e7182d881f2ecf94a7902ca262c41f9d8884?s=96&d=mm&r=g","caption":"Miguel Andreis"},"url":"https:\/\/elregionalvm.com.ar\/noticias-villa-maria\/author\/miguelandreis\/"}]}},"jetpack_featured_media_url":"https:\/\/i0.wp.com\/elregionalvm.com.ar\/noticias-villa-maria\/wp-content\/uploads\/2022\/04\/Luis-Juez-cartel-Cristina.jpg?fit=1022%2C764&ssl=1","jetpack_sharing_enabled":true,"_links":{"self":[{"href":"https:\/\/elregionalvm.com.ar\/noticias-villa-maria\/wp-json\/wp\/v2\/posts\/55009","targetHints":{"allow":["GET"]}}],"collection":[{"href":"https:\/\/elregionalvm.com.ar\/noticias-villa-maria\/wp-json\/wp\/v2\/posts"}],"about":[{"href":"https:\/\/elregionalvm.com.ar\/noticias-villa-maria\/wp-json\/wp\/v2\/types\/post"}],"author":[{"embeddable":true,"href":"https:\/\/elregionalvm.com.ar\/noticias-villa-maria\/wp-json\/wp\/v2\/users\/5"}],"replies":[{"embeddable":true,"href":"https:\/\/elregionalvm.com.ar\/noticias-villa-maria\/wp-json\/wp\/v2\/comments?post=55009"}],"version-history":[{"count":1,"href":"https:\/\/elregionalvm.com.ar\/noticias-villa-maria\/wp-json\/wp\/v2\/posts\/55009\/revisions"}],"predecessor-version":[{"id":55012,"href":"https:\/\/elregionalvm.com.ar\/noticias-villa-maria\/wp-json\/wp\/v2\/posts\/55009\/revisions\/55012"}],"wp:featuredmedia":[{"embeddable":true,"href":"https:\/\/elregionalvm.com.ar\/noticias-villa-maria\/wp-json\/wp\/v2\/media\/55054"}],"wp:attachment":[{"href":"https:\/\/elregionalvm.com.ar\/noticias-villa-maria\/wp-json\/wp\/v2\/media?parent=55009"}],"wp:term":[{"taxonomy":"category","embeddable":true,"href":"https:\/\/elregionalvm.com.ar\/noticias-villa-maria\/wp-json\/wp\/v2\/categories?post=55009"},{"taxonomy":"post_tag","embeddable":true,"href":"https:\/\/elregionalvm.com.ar\/noticias-villa-maria\/wp-json\/wp\/v2\/tags?post=55009"}],"curies":[{"name":"wp","href":"https:\/\/api.w.org\/{rel}","templated":true}]}}