{"id":55014,"date":"2022-04-01T21:14:19","date_gmt":"2022-04-01T21:14:19","guid":{"rendered":"https:\/\/elregionalvm.com.ar\/noticias-villa-maria\/?p=55014"},"modified":"2022-04-01T21:14:20","modified_gmt":"2022-04-01T21:14:20","slug":"conoce-la-agenda-por-el-40o-aniversario-de-la-guerra-de-malvinas","status":"publish","type":"post","link":"https:\/\/elregionalvm.com.ar\/noticias-villa-maria\/conoce-la-agenda-por-el-40o-aniversario-de-la-guerra-de-malvinas\/","title":{"rendered":"Conoc\u00e9 la agenda por el 40\u00ba aniversario de la Guerra de Malvinas"},"content":{"rendered":"\n<p>Esta ma\u00f1ana se llev\u00f3 a cabo la presentaci\u00f3n oficial de la agenda cultural, cuyo eje central ser\u00e1 el mes de abril, para luego continuar con diversas actividades a lo largo del a\u00f1o.<\/p>\n\n\n\n<p>El acto tuvo lugar en el Sal\u00f3n Blanco del Palacio Municipal, donde el intendente Mart\u00edn Gill manifest\u00f3 el compromiso que asume la ciudad \u201cen la construcci\u00f3n de una agenda para malvinizar a la sociedad\u201d. En tal sentido, el mandatario resalt\u00f3 que el objetivo de la iniciativa es \u201cinvitar a toda la comunidad a un momento de aprendizaje y memoria\u201d, en el marco de un conflicto b\u00e9lico, \u201cque ya tiene un rostro reflejado en cada argentino y rinc\u00f3n del territorio\u201d.<\/p>\n\n\n\n<p>Adhiriendo al tinte emotivo de la agenda, el presidente del Centro de Veteranos Islas Malvinas, Rub\u00e9n Ot\u00edn, record\u00f3 que los inicios de la organizaci\u00f3n se dieron \u201cen un per\u00edodo de desmalvinizaci\u00f3n del pa\u00eds\u201d, frente a lo cual el esfuerzo mancomunado de todos los centros de veteranos \u201cpermiti\u00f3 conseguir la primera ley nacional, para acceder a una jubilaci\u00f3n y obra social\u201d. En la misma l\u00ednea, sostuvo que el mayor desaf\u00edo que tienen \u201ces mantener los espacios ganados y generar una memoria transgeneracional para darle continuidad a la lucha por Malvinas\u201d.<\/p>\n\n\n\n<p>Cabe destacar que la agenda para conmemorar el 40\u00b0 aniversario estuvo diagramada por el trabajo integrado del municipio, a trav\u00e9s de la Secretar\u00eda de Educaci\u00f3n, Cultura y Promoci\u00f3n de la Ciencia, junto a la Universidad Nacional de Villa Mar\u00eda (UNVM), la cual recientemente ha reinaugurado el aula de posgrado bajo la denominaci\u00f3n Malvinas Argentinas, junto a la construcci\u00f3n de una agenda acad\u00e9mica que promueva actividades espec\u00edficas en alusi\u00f3n al nuevo aniversario.<\/p>\n\n\n\n<p>En cuanto a la agenda conmemorativa, el secretario de Educaci\u00f3n, Cultura y Promoci\u00f3n de la Ciencia, Rafael Sachetto junto a la directora de Museos y Patrimonio, Anal\u00eda Godoy, expusieron los puntos principales para la jornada que se llevar\u00e1 adelante este viernes y s\u00e1bado.<\/p>\n\n\n\n<figure class=\"wp-block-gallery has-nested-images columns-default is-cropped wp-block-gallery-1 is-layout-flex wp-block-gallery-is-layout-flex\">\n<figure class=\"wp-block-image size-large\"><img data-recalc-dims=\"1\" fetchpriority=\"high\" decoding=\"async\" width=\"1024\" height=\"682\" data-id=\"55016\" src=\"https:\/\/i0.wp.com\/elregionalvm.com.ar\/noticias-villa-maria\/wp-content\/uploads\/2022\/04\/WhatsApp-Image-2022-04-01-at-14.58.39.jpeg?resize=1024%2C682&#038;ssl=1\" alt=\"\" class=\"wp-image-55016\" srcset=\"https:\/\/i0.wp.com\/elregionalvm.com.ar\/noticias-villa-maria\/wp-content\/uploads\/2022\/04\/WhatsApp-Image-2022-04-01-at-14.58.39.jpeg?resize=1024%2C682&amp;ssl=1 1024w, https:\/\/i0.wp.com\/elregionalvm.com.ar\/noticias-villa-maria\/wp-content\/uploads\/2022\/04\/WhatsApp-Image-2022-04-01-at-14.58.39.jpeg?resize=300%2C200&amp;ssl=1 300w, https:\/\/i0.wp.com\/elregionalvm.com.ar\/noticias-villa-maria\/wp-content\/uploads\/2022\/04\/WhatsApp-Image-2022-04-01-at-14.58.39.jpeg?resize=768%2C512&amp;ssl=1 768w, https:\/\/i0.wp.com\/elregionalvm.com.ar\/noticias-villa-maria\/wp-content\/uploads\/2022\/04\/WhatsApp-Image-2022-04-01-at-14.58.39.jpeg?w=1280&amp;ssl=1 1280w\" sizes=\"(max-width: 1000px) 100vw, 1000px\" \/><\/figure>\n\n\n\n<figure class=\"wp-block-image size-large\"><img data-recalc-dims=\"1\" decoding=\"async\" width=\"1024\" height=\"682\" data-id=\"55017\" src=\"https:\/\/i0.wp.com\/elregionalvm.com.ar\/noticias-villa-maria\/wp-content\/uploads\/2022\/04\/WhatsApp-Image-2022-04-01-at-14.58.39-1.jpeg?resize=1024%2C682&#038;ssl=1\" alt=\"\" class=\"wp-image-55017\" srcset=\"https:\/\/i0.wp.com\/elregionalvm.com.ar\/noticias-villa-maria\/wp-content\/uploads\/2022\/04\/WhatsApp-Image-2022-04-01-at-14.58.39-1.jpeg?resize=1024%2C682&amp;ssl=1 1024w, https:\/\/i0.wp.com\/elregionalvm.com.ar\/noticias-villa-maria\/wp-content\/uploads\/2022\/04\/WhatsApp-Image-2022-04-01-at-14.58.39-1.jpeg?resize=300%2C200&amp;ssl=1 300w, https:\/\/i0.wp.com\/elregionalvm.com.ar\/noticias-villa-maria\/wp-content\/uploads\/2022\/04\/WhatsApp-Image-2022-04-01-at-14.58.39-1.jpeg?resize=768%2C512&amp;ssl=1 768w, https:\/\/i0.wp.com\/elregionalvm.com.ar\/noticias-villa-maria\/wp-content\/uploads\/2022\/04\/WhatsApp-Image-2022-04-01-at-14.58.39-1.jpeg?w=1280&amp;ssl=1 1280w\" sizes=\"(max-width: 1000px) 100vw, 1000px\" \/><\/figure>\n\n\n\n<figure class=\"wp-block-image size-large\"><img data-recalc-dims=\"1\" decoding=\"async\" width=\"1024\" height=\"682\" data-id=\"55015\" src=\"https:\/\/i0.wp.com\/elregionalvm.com.ar\/noticias-villa-maria\/wp-content\/uploads\/2022\/04\/WhatsApp-Image-2022-04-01-at-14.58.38.jpeg?resize=1024%2C682&#038;ssl=1\" alt=\"\" class=\"wp-image-55015\" srcset=\"https:\/\/i0.wp.com\/elregionalvm.com.ar\/noticias-villa-maria\/wp-content\/uploads\/2022\/04\/WhatsApp-Image-2022-04-01-at-14.58.38.jpeg?resize=1024%2C682&amp;ssl=1 1024w, https:\/\/i0.wp.com\/elregionalvm.com.ar\/noticias-villa-maria\/wp-content\/uploads\/2022\/04\/WhatsApp-Image-2022-04-01-at-14.58.38.jpeg?resize=300%2C200&amp;ssl=1 300w, https:\/\/i0.wp.com\/elregionalvm.com.ar\/noticias-villa-maria\/wp-content\/uploads\/2022\/04\/WhatsApp-Image-2022-04-01-at-14.58.38.jpeg?resize=768%2C512&amp;ssl=1 768w, https:\/\/i0.wp.com\/elregionalvm.com.ar\/noticias-villa-maria\/wp-content\/uploads\/2022\/04\/WhatsApp-Image-2022-04-01-at-14.58.38.jpeg?w=1280&amp;ssl=1 1280w\" sizes=\"(max-width: 1000px) 100vw, 1000px\" \/><\/figure>\n<\/figure>\n\n\n\n<p>De esta manera, el cronograma comenzar\u00e1 a las 18 horas de hoy viernes, con una programaci\u00f3n especial a cargo de la Radio Tecnoteca FM 88.1, la cual se repetir\u00e1 el s\u00e1bado al mediod\u00eda.<\/p>\n\n\n\n<p>Luego, a las 20 horas de hoy tendr\u00e1 lugar la Misa por Malvinas, en la Catedral de la ciudad, con un espacio de oraci\u00f3n y memoria, en honor a los ca\u00eddos y veteranos del conflicto b\u00e9lico.<\/p>\n\n\n\n<p>A continuaci\u00f3n, se realizar\u00e1 una vigilia en el Monumento Islas Malvinas, ubicado en la intersecci\u00f3n de boulevard Espa\u00f1a y V\u00e9lez Sarsfield. All\u00ed se presentar\u00e1n los espacios de la memoria, comenzando con la proyecci\u00f3n de videos alusivos al conflicto b\u00e9lico y al centro de veteranos.<\/p>\n\n\n\n<p>M\u00e1s tarde, se presentar\u00e1n artistas locales, entre ellos la agrupaci\u00f3n folcl\u00f3rica Los So\u00f1adores, el cantautor Marcelo Ceballos y al grupo Los Arrayanes. Adem\u00e1s, tendr\u00e1 lugar la expresi\u00f3n art\u00edstica Danza por Malvinas, a cargo de Academias Unidas por Villa Mar\u00eda.<\/p>\n\n\n\n<p>Finalmente, se realizar\u00e1 la presentaci\u00f3n de videos testimonio de ex combatientes, junto al homenaje a los ca\u00eddos en Malvinas.<\/p>\n\n\n\n<p>Continuando con la agenda, ma\u00f1ana se llevar\u00e1 a cabo el acto oficial en el marco del 40\u00b0 aniversario, en el Monumento H\u00e9roes de Malvinas, a partir de las 9:15 horas y estar\u00e1 encabezado por el intendente y autoridades municipales junto a veteranos villamarienses.<\/p>\n\n\n\n<p>Estuvieron acompa\u00f1ando al mandatario local en la presentaci\u00f3n de la agenda, la secretaria de Comunicaci\u00f3n Institucional de la UNVM, Malvina Rodr\u00edguez, secretaria de Investigaci\u00f3n y Extensi\u00f3n, Carla Avenda\u00f1o Manelli, junto a veteranos de Malvinas.<\/p>\n","protected":false},"excerpt":{"rendered":"<p>Esta ma\u00f1ana se llev\u00f3 a cabo la presentaci\u00f3n oficial de la agenda cultural, cuyo eje central ser\u00e1 el mes de abril, para luego continuar con diversas actividades a lo largo del a\u00f1o. El acto tuvo lugar en el Sal\u00f3n Blanco del Palacio Municipal, donde el intendente Mart\u00edn Gill manifest\u00f3 el compromiso que asume la ciudad [&hellip;]<\/p>\n","protected":false},"author":4,"featured_media":35219,"comment_status":"open","ping_status":"open","sticky":false,"template":"","format":"standard","meta":{"site-sidebar-layout":"default","site-content-layout":"","ast-site-content-layout":"default","site-content-style":"default","site-sidebar-style":"default","ast-global-header-display":"","ast-banner-title-visibility":"","ast-main-header-display":"","ast-hfb-above-header-display":"","ast-hfb-below-header-display":"","ast-hfb-mobile-header-display":"","site-post-title":"","ast-breadcrumbs-content":"","ast-featured-img":"","footer-sml-layout":"","ast-disable-related-posts":"","theme-transparent-header-meta":"","adv-header-id-meta":"","stick-header-meta":"","header-above-stick-meta":"","header-main-stick-meta":"","header-below-stick-meta":"","astra-migrate-meta-layouts":"default","ast-page-background-enabled":"default","ast-page-background-meta":{"desktop":{"background-color":"","background-image":"","background-repeat":"repeat","background-position":"center center","background-size":"auto","background-attachment":"scroll","background-type":"","background-media":"","overlay-type":"","overlay-color":"","overlay-opacity":"","overlay-gradient":""},"tablet":{"background-color":"","background-image":"","background-repeat":"repeat","background-position":"center center","background-size":"auto","background-attachment":"scroll","background-type":"","background-media":"","overlay-type":"","overlay-color":"","overlay-opacity":"","overlay-gradient":""},"mobile":{"background-color":"","background-image":"","background-repeat":"repeat","background-position":"center center","background-size":"auto","background-attachment":"scroll","background-type":"","background-media":"","overlay-type":"","overlay-color":"","overlay-opacity":"","overlay-gradient":""}},"ast-content-background-meta":{"desktop":{"background-color":"var(--ast-global-color-5)","background-image":"","background-repeat":"repeat","background-position":"center center","background-size":"auto","background-attachment":"scroll","background-type":"","background-media":"","overlay-type":"","overlay-color":"","overlay-opacity":"","overlay-gradient":""},"tablet":{"background-color":"var(--ast-global-color-5)","background-image":"","background-repeat":"repeat","background-position":"center center","background-size":"auto","background-attachment":"scroll","background-type":"","background-media":"","overlay-type":"","overlay-color":"","overlay-opacity":"","overlay-gradient":""},"mobile":{"background-color":"var(--ast-global-color-5)","background-image":"","background-repeat":"repeat","background-position":"center center","background-size":"auto","background-attachment":"scroll","background-type":"","background-media":"","overlay-type":"","overlay-color":"","overlay-opacity":"","overlay-gradient":""}},"_jetpack_memberships_contains_paid_content":false,"_joinchat":[],"footnotes":""},"categories":[2],"tags":[14162,2188,2489,10249,14598,1232,9612,2215,14599,2248],"class_list":["post-55014","post","type-post","status-publish","format-standard","has-post-thumbnail","hentry","category-villa-maria","tag-40-aniversario","tag-actividades","tag-acto","tag-acto-protocolar","tag-agenda-completa","tag-destacado","tag-guerra-de-malvinas","tag-misa","tag-vigilia","tag-villa-maria-2"],"yoast_head":"<!-- This site is optimized with the Yoast SEO plugin v26.8 - https:\/\/yoast.com\/product\/yoast-seo-wordpress\/ -->\n<title>Conoc\u00e9 la agenda por el 40\u00ba aniversario de la Guerra de Malvinas - El Regional<\/title>\n<meta name=\"robots\" content=\"index, follow, max-snippet:-1, max-image-preview:large, max-video-preview:-1\" \/>\n<link rel=\"canonical\" href=\"http:\/\/elregionalvm.com.ar\/noticias-villa-maria\/conoce-la-agenda-por-el-40o-aniversario-de-la-guerra-de-malvinas\/\" \/>\n<meta property=\"og:locale\" content=\"es_ES\" \/>\n<meta property=\"og:type\" content=\"article\" \/>\n<meta property=\"og:title\" content=\"Conoc\u00e9 la agenda por el 40\u00ba aniversario de la Guerra de Malvinas - El Regional\" \/>\n<meta property=\"og:description\" content=\"Esta ma\u00f1ana se llev\u00f3 a cabo la presentaci\u00f3n oficial de la agenda cultural, cuyo eje central ser\u00e1 el mes de abril, para luego continuar con diversas actividades a lo largo del a\u00f1o. El acto tuvo lugar en el Sal\u00f3n Blanco del Palacio Municipal, donde el intendente Mart\u00edn Gill manifest\u00f3 el compromiso que asume la ciudad [&hellip;]\" \/>\n<meta property=\"og:url\" content=\"http:\/\/elregionalvm.com.ar\/noticias-villa-maria\/conoce-la-agenda-por-el-40o-aniversario-de-la-guerra-de-malvinas\/\" \/>\n<meta property=\"og:site_name\" content=\"El Regional\" \/>\n<meta property=\"article:publisher\" content=\"https:\/\/www.facebook.com\/elregionalvm\" \/>\n<meta property=\"article:published_time\" content=\"2022-04-01T21:14:19+00:00\" \/>\n<meta property=\"article:modified_time\" content=\"2022-04-01T21:14:20+00:00\" \/>\n<meta property=\"og:image\" content=\"http:\/\/elregionalvm.com.ar\/noticias-villa-maria\/wp-content\/uploads\/2021\/04\/malvinas-vm.jpg\" \/>\n\t<meta property=\"og:image:width\" content=\"281\" \/>\n\t<meta property=\"og:image:height\" content=\"180\" \/>\n\t<meta property=\"og:image:type\" content=\"image\/jpeg\" \/>\n<meta name=\"author\" content=\"Contenidos El Regional\" \/>\n<meta name=\"twitter:card\" content=\"summary_large_image\" \/>\n<meta name=\"twitter:creator\" content=\"@elregionalvm1\" \/>\n<meta name=\"twitter:site\" content=\"@elregionalvm1\" \/>\n<meta name=\"twitter:label1\" content=\"Escrito por\" \/>\n\t<meta name=\"twitter:data1\" content=\"Contenidos El Regional\" \/>\n\t<meta name=\"twitter:label2\" content=\"Tiempo de lectura\" \/>\n\t<meta name=\"twitter:data2\" content=\"3 minutos\" \/>\n<script type=\"application\/ld+json\" class=\"yoast-schema-graph\">{\"@context\":\"https:\/\/schema.org\",\"@graph\":[{\"@type\":\"Article\",\"@id\":\"http:\/\/elregionalvm.com.ar\/noticias-villa-maria\/conoce-la-agenda-por-el-40o-aniversario-de-la-guerra-de-malvinas\/#article\",\"isPartOf\":{\"@id\":\"http:\/\/elregionalvm.com.ar\/noticias-villa-maria\/conoce-la-agenda-por-el-40o-aniversario-de-la-guerra-de-malvinas\/\"},\"author\":{\"name\":\"Contenidos El Regional\",\"@id\":\"http:\/\/elregionalvm.com.ar\/noticias-villa-maria\/#\/schema\/person\/a0fb9c422317faca23d50163151bc354\"},\"headline\":\"Conoc\u00e9 la agenda por el 40\u00ba aniversario de la Guerra de Malvinas\",\"datePublished\":\"2022-04-01T21:14:19+00:00\",\"dateModified\":\"2022-04-01T21:14:20+00:00\",\"mainEntityOfPage\":{\"@id\":\"http:\/\/elregionalvm.com.ar\/noticias-villa-maria\/conoce-la-agenda-por-el-40o-aniversario-de-la-guerra-de-malvinas\/\"},\"wordCount\":631,\"commentCount\":0,\"image\":{\"@id\":\"http:\/\/elregionalvm.com.ar\/noticias-villa-maria\/conoce-la-agenda-por-el-40o-aniversario-de-la-guerra-de-malvinas\/#primaryimage\"},\"thumbnailUrl\":\"https:\/\/i0.wp.com\/elregionalvm.com.ar\/noticias-villa-maria\/wp-content\/uploads\/2021\/04\/malvinas-vm.jpg?fit=281%2C180&ssl=1\",\"keywords\":[\"40 aniversario\",\"actividades\",\"acto\",\"acto protocolar\",\"agenda completa\",\"destacado\",\"Guerra de Malvinas\",\"misa\",\"vigilia\",\"Villa Mar\u00eda\"],\"articleSection\":[\"Villa Mar\u00eda\"],\"inLanguage\":\"es\",\"potentialAction\":[{\"@type\":\"CommentAction\",\"name\":\"Comment\",\"target\":[\"http:\/\/elregionalvm.com.ar\/noticias-villa-maria\/conoce-la-agenda-por-el-40o-aniversario-de-la-guerra-de-malvinas\/#respond\"]}]},{\"@type\":\"WebPage\",\"@id\":\"http:\/\/elregionalvm.com.ar\/noticias-villa-maria\/conoce-la-agenda-por-el-40o-aniversario-de-la-guerra-de-malvinas\/\",\"url\":\"http:\/\/elregionalvm.com.ar\/noticias-villa-maria\/conoce-la-agenda-por-el-40o-aniversario-de-la-guerra-de-malvinas\/\",\"name\":\"Conoc\u00e9 la agenda por el 40\u00ba aniversario de la Guerra de Malvinas - El Regional\",\"isPartOf\":{\"@id\":\"http:\/\/elregionalvm.com.ar\/noticias-villa-maria\/#website\"},\"primaryImageOfPage\":{\"@id\":\"http:\/\/elregionalvm.com.ar\/noticias-villa-maria\/conoce-la-agenda-por-el-40o-aniversario-de-la-guerra-de-malvinas\/#primaryimage\"},\"image\":{\"@id\":\"http:\/\/elregionalvm.com.ar\/noticias-villa-maria\/conoce-la-agenda-por-el-40o-aniversario-de-la-guerra-de-malvinas\/#primaryimage\"},\"thumbnailUrl\":\"https:\/\/i0.wp.com\/elregionalvm.com.ar\/noticias-villa-maria\/wp-content\/uploads\/2021\/04\/malvinas-vm.jpg?fit=281%2C180&ssl=1\",\"datePublished\":\"2022-04-01T21:14:19+00:00\",\"dateModified\":\"2022-04-01T21:14:20+00:00\",\"author\":{\"@id\":\"http:\/\/elregionalvm.com.ar\/noticias-villa-maria\/#\/schema\/person\/a0fb9c422317faca23d50163151bc354\"},\"breadcrumb\":{\"@id\":\"http:\/\/elregionalvm.com.ar\/noticias-villa-maria\/conoce-la-agenda-por-el-40o-aniversario-de-la-guerra-de-malvinas\/#breadcrumb\"},\"inLanguage\":\"es\",\"potentialAction\":[{\"@type\":\"ReadAction\",\"target\":[\"http:\/\/elregionalvm.com.ar\/noticias-villa-maria\/conoce-la-agenda-por-el-40o-aniversario-de-la-guerra-de-malvinas\/\"]}]},{\"@type\":\"ImageObject\",\"inLanguage\":\"es\",\"@id\":\"http:\/\/elregionalvm.com.ar\/noticias-villa-maria\/conoce-la-agenda-por-el-40o-aniversario-de-la-guerra-de-malvinas\/#primaryimage\",\"url\":\"https:\/\/i0.wp.com\/elregionalvm.com.ar\/noticias-villa-maria\/wp-content\/uploads\/2021\/04\/malvinas-vm.jpg?fit=281%2C180&ssl=1\",\"contentUrl\":\"https:\/\/i0.wp.com\/elregionalvm.com.ar\/noticias-villa-maria\/wp-content\/uploads\/2021\/04\/malvinas-vm.jpg?fit=281%2C180&ssl=1\",\"width\":281,\"height\":180},{\"@type\":\"BreadcrumbList\",\"@id\":\"http:\/\/elregionalvm.com.ar\/noticias-villa-maria\/conoce-la-agenda-por-el-40o-aniversario-de-la-guerra-de-malvinas\/#breadcrumb\",\"itemListElement\":[{\"@type\":\"ListItem\",\"position\":1,\"name\":\"Portada\",\"item\":\"https:\/\/elregionalvm.com.ar\/noticias-villa-maria\/\"},{\"@type\":\"ListItem\",\"position\":2,\"name\":\"Conoc\u00e9 la agenda por el 40\u00ba aniversario de la Guerra de Malvinas\"}]},{\"@type\":\"WebSite\",\"@id\":\"http:\/\/elregionalvm.com.ar\/noticias-villa-maria\/#website\",\"url\":\"http:\/\/elregionalvm.com.ar\/noticias-villa-maria\/\",\"name\":\"El Regional\",\"description\":\"Mucho m\u00e1s que informaci\u00f3n\",\"potentialAction\":[{\"@type\":\"SearchAction\",\"target\":{\"@type\":\"EntryPoint\",\"urlTemplate\":\"http:\/\/elregionalvm.com.ar\/noticias-villa-maria\/?s={search_term_string}\"},\"query-input\":{\"@type\":\"PropertyValueSpecification\",\"valueRequired\":true,\"valueName\":\"search_term_string\"}}],\"inLanguage\":\"es\"},{\"@type\":\"Person\",\"@id\":\"http:\/\/elregionalvm.com.ar\/noticias-villa-maria\/#\/schema\/person\/a0fb9c422317faca23d50163151bc354\",\"name\":\"Contenidos El Regional\",\"image\":{\"@type\":\"ImageObject\",\"inLanguage\":\"es\",\"@id\":\"http:\/\/elregionalvm.com.ar\/noticias-villa-maria\/#\/schema\/person\/image\/\",\"url\":\"https:\/\/secure.gravatar.com\/avatar\/265b27cb2209af7bb3a1318f03305787d7981a5cc6e6cd08fe5a4ecdf99d4b48?s=96&d=mm&r=g\",\"contentUrl\":\"https:\/\/secure.gravatar.com\/avatar\/265b27cb2209af7bb3a1318f03305787d7981a5cc6e6cd08fe5a4ecdf99d4b48?s=96&d=mm&r=g\",\"caption\":\"Contenidos El Regional\"},\"url\":\"https:\/\/elregionalvm.com.ar\/noticias-villa-maria\/author\/contenido\/\"}]}<\/script>\n<!-- \/ Yoast SEO plugin. -->","yoast_head_json":{"title":"Conoc\u00e9 la agenda por el 40\u00ba aniversario de la Guerra de Malvinas - El Regional","robots":{"index":"index","follow":"follow","max-snippet":"max-snippet:-1","max-image-preview":"max-image-preview:large","max-video-preview":"max-video-preview:-1"},"canonical":"http:\/\/elregionalvm.com.ar\/noticias-villa-maria\/conoce-la-agenda-por-el-40o-aniversario-de-la-guerra-de-malvinas\/","og_locale":"es_ES","og_type":"article","og_title":"Conoc\u00e9 la agenda por el 40\u00ba aniversario de la Guerra de Malvinas - El Regional","og_description":"Esta ma\u00f1ana se llev\u00f3 a cabo la presentaci\u00f3n oficial de la agenda cultural, cuyo eje central ser\u00e1 el mes de abril, para luego continuar con diversas actividades a lo largo del a\u00f1o. El acto tuvo lugar en el Sal\u00f3n Blanco del Palacio Municipal, donde el intendente Mart\u00edn Gill manifest\u00f3 el compromiso que asume la ciudad [&hellip;]","og_url":"http:\/\/elregionalvm.com.ar\/noticias-villa-maria\/conoce-la-agenda-por-el-40o-aniversario-de-la-guerra-de-malvinas\/","og_site_name":"El Regional","article_publisher":"https:\/\/www.facebook.com\/elregionalvm","article_published_time":"2022-04-01T21:14:19+00:00","article_modified_time":"2022-04-01T21:14:20+00:00","og_image":[{"width":281,"height":180,"url":"http:\/\/elregionalvm.com.ar\/noticias-villa-maria\/wp-content\/uploads\/2021\/04\/malvinas-vm.jpg","type":"image\/jpeg"}],"author":"Contenidos El Regional","twitter_card":"summary_large_image","twitter_creator":"@elregionalvm1","twitter_site":"@elregionalvm1","twitter_misc":{"Escrito por":"Contenidos El Regional","Tiempo de lectura":"3 minutos"},"schema":{"@context":"https:\/\/schema.org","@graph":[{"@type":"Article","@id":"http:\/\/elregionalvm.com.ar\/noticias-villa-maria\/conoce-la-agenda-por-el-40o-aniversario-de-la-guerra-de-malvinas\/#article","isPartOf":{"@id":"http:\/\/elregionalvm.com.ar\/noticias-villa-maria\/conoce-la-agenda-por-el-40o-aniversario-de-la-guerra-de-malvinas\/"},"author":{"name":"Contenidos El Regional","@id":"http:\/\/elregionalvm.com.ar\/noticias-villa-maria\/#\/schema\/person\/a0fb9c422317faca23d50163151bc354"},"headline":"Conoc\u00e9 la agenda por el 40\u00ba aniversario de la Guerra de Malvinas","datePublished":"2022-04-01T21:14:19+00:00","dateModified":"2022-04-01T21:14:20+00:00","mainEntityOfPage":{"@id":"http:\/\/elregionalvm.com.ar\/noticias-villa-maria\/conoce-la-agenda-por-el-40o-aniversario-de-la-guerra-de-malvinas\/"},"wordCount":631,"commentCount":0,"image":{"@id":"http:\/\/elregionalvm.com.ar\/noticias-villa-maria\/conoce-la-agenda-por-el-40o-aniversario-de-la-guerra-de-malvinas\/#primaryimage"},"thumbnailUrl":"https:\/\/i0.wp.com\/elregionalvm.com.ar\/noticias-villa-maria\/wp-content\/uploads\/2021\/04\/malvinas-vm.jpg?fit=281%2C180&ssl=1","keywords":["40 aniversario","actividades","acto","acto protocolar","agenda completa","destacado","Guerra de Malvinas","misa","vigilia","Villa Mar\u00eda"],"articleSection":["Villa Mar\u00eda"],"inLanguage":"es","potentialAction":[{"@type":"CommentAction","name":"Comment","target":["http:\/\/elregionalvm.com.ar\/noticias-villa-maria\/conoce-la-agenda-por-el-40o-aniversario-de-la-guerra-de-malvinas\/#respond"]}]},{"@type":"WebPage","@id":"http:\/\/elregionalvm.com.ar\/noticias-villa-maria\/conoce-la-agenda-por-el-40o-aniversario-de-la-guerra-de-malvinas\/","url":"http:\/\/elregionalvm.com.ar\/noticias-villa-maria\/conoce-la-agenda-por-el-40o-aniversario-de-la-guerra-de-malvinas\/","name":"Conoc\u00e9 la agenda por el 40\u00ba aniversario de la Guerra de Malvinas - El Regional","isPartOf":{"@id":"http:\/\/elregionalvm.com.ar\/noticias-villa-maria\/#website"},"primaryImageOfPage":{"@id":"http:\/\/elregionalvm.com.ar\/noticias-villa-maria\/conoce-la-agenda-por-el-40o-aniversario-de-la-guerra-de-malvinas\/#primaryimage"},"image":{"@id":"http:\/\/elregionalvm.com.ar\/noticias-villa-maria\/conoce-la-agenda-por-el-40o-aniversario-de-la-guerra-de-malvinas\/#primaryimage"},"thumbnailUrl":"https:\/\/i0.wp.com\/elregionalvm.com.ar\/noticias-villa-maria\/wp-content\/uploads\/2021\/04\/malvinas-vm.jpg?fit=281%2C180&ssl=1","datePublished":"2022-04-01T21:14:19+00:00","dateModified":"2022-04-01T21:14:20+00:00","author":{"@id":"http:\/\/elregionalvm.com.ar\/noticias-villa-maria\/#\/schema\/person\/a0fb9c422317faca23d50163151bc354"},"breadcrumb":{"@id":"http:\/\/elregionalvm.com.ar\/noticias-villa-maria\/conoce-la-agenda-por-el-40o-aniversario-de-la-guerra-de-malvinas\/#breadcrumb"},"inLanguage":"es","potentialAction":[{"@type":"ReadAction","target":["http:\/\/elregionalvm.com.ar\/noticias-villa-maria\/conoce-la-agenda-por-el-40o-aniversario-de-la-guerra-de-malvinas\/"]}]},{"@type":"ImageObject","inLanguage":"es","@id":"http:\/\/elregionalvm.com.ar\/noticias-villa-maria\/conoce-la-agenda-por-el-40o-aniversario-de-la-guerra-de-malvinas\/#primaryimage","url":"https:\/\/i0.wp.com\/elregionalvm.com.ar\/noticias-villa-maria\/wp-content\/uploads\/2021\/04\/malvinas-vm.jpg?fit=281%2C180&ssl=1","contentUrl":"https:\/\/i0.wp.com\/elregionalvm.com.ar\/noticias-villa-maria\/wp-content\/uploads\/2021\/04\/malvinas-vm.jpg?fit=281%2C180&ssl=1","width":281,"height":180},{"@type":"BreadcrumbList","@id":"http:\/\/elregionalvm.com.ar\/noticias-villa-maria\/conoce-la-agenda-por-el-40o-aniversario-de-la-guerra-de-malvinas\/#breadcrumb","itemListElement":[{"@type":"ListItem","position":1,"name":"Portada","item":"https:\/\/elregionalvm.com.ar\/noticias-villa-maria\/"},{"@type":"ListItem","position":2,"name":"Conoc\u00e9 la agenda por el 40\u00ba aniversario de la Guerra de Malvinas"}]},{"@type":"WebSite","@id":"http:\/\/elregionalvm.com.ar\/noticias-villa-maria\/#website","url":"http:\/\/elregionalvm.com.ar\/noticias-villa-maria\/","name":"El Regional","description":"Mucho m\u00e1s que informaci\u00f3n","potentialAction":[{"@type":"SearchAction","target":{"@type":"EntryPoint","urlTemplate":"http:\/\/elregionalvm.com.ar\/noticias-villa-maria\/?s={search_term_string}"},"query-input":{"@type":"PropertyValueSpecification","valueRequired":true,"valueName":"search_term_string"}}],"inLanguage":"es"},{"@type":"Person","@id":"http:\/\/elregionalvm.com.ar\/noticias-villa-maria\/#\/schema\/person\/a0fb9c422317faca23d50163151bc354","name":"Contenidos El Regional","image":{"@type":"ImageObject","inLanguage":"es","@id":"http:\/\/elregionalvm.com.ar\/noticias-villa-maria\/#\/schema\/person\/image\/","url":"https:\/\/secure.gravatar.com\/avatar\/265b27cb2209af7bb3a1318f03305787d7981a5cc6e6cd08fe5a4ecdf99d4b48?s=96&d=mm&r=g","contentUrl":"https:\/\/secure.gravatar.com\/avatar\/265b27cb2209af7bb3a1318f03305787d7981a5cc6e6cd08fe5a4ecdf99d4b48?s=96&d=mm&r=g","caption":"Contenidos El Regional"},"url":"https:\/\/elregionalvm.com.ar\/noticias-villa-maria\/author\/contenido\/"}]}},"jetpack_featured_media_url":"https:\/\/i0.wp.com\/elregionalvm.com.ar\/noticias-villa-maria\/wp-content\/uploads\/2021\/04\/malvinas-vm.jpg?fit=281%2C180&ssl=1","jetpack_sharing_enabled":true,"_links":{"self":[{"href":"https:\/\/elregionalvm.com.ar\/noticias-villa-maria\/wp-json\/wp\/v2\/posts\/55014","targetHints":{"allow":["GET"]}}],"collection":[{"href":"https:\/\/elregionalvm.com.ar\/noticias-villa-maria\/wp-json\/wp\/v2\/posts"}],"about":[{"href":"https:\/\/elregionalvm.com.ar\/noticias-villa-maria\/wp-json\/wp\/v2\/types\/post"}],"author":[{"embeddable":true,"href":"https:\/\/elregionalvm.com.ar\/noticias-villa-maria\/wp-json\/wp\/v2\/users\/4"}],"replies":[{"embeddable":true,"href":"https:\/\/elregionalvm.com.ar\/noticias-villa-maria\/wp-json\/wp\/v2\/comments?post=55014"}],"version-history":[{"count":1,"href":"https:\/\/elregionalvm.com.ar\/noticias-villa-maria\/wp-json\/wp\/v2\/posts\/55014\/revisions"}],"predecessor-version":[{"id":55018,"href":"https:\/\/elregionalvm.com.ar\/noticias-villa-maria\/wp-json\/wp\/v2\/posts\/55014\/revisions\/55018"}],"wp:featuredmedia":[{"embeddable":true,"href":"https:\/\/elregionalvm.com.ar\/noticias-villa-maria\/wp-json\/wp\/v2\/media\/35219"}],"wp:attachment":[{"href":"https:\/\/elregionalvm.com.ar\/noticias-villa-maria\/wp-json\/wp\/v2\/media?parent=55014"}],"wp:term":[{"taxonomy":"category","embeddable":true,"href":"https:\/\/elregionalvm.com.ar\/noticias-villa-maria\/wp-json\/wp\/v2\/categories?post=55014"},{"taxonomy":"post_tag","embeddable":true,"href":"https:\/\/elregionalvm.com.ar\/noticias-villa-maria\/wp-json\/wp\/v2\/tags?post=55014"}],"curies":[{"name":"wp","href":"https:\/\/api.w.org\/{rel}","templated":true}]}}