{"id":55029,"date":"2022-04-01T22:45:20","date_gmt":"2022-04-01T22:45:20","guid":{"rendered":"https:\/\/elregionalvm.com.ar\/noticias-villa-maria\/?p=55029"},"modified":"2022-04-01T22:45:21","modified_gmt":"2022-04-01T22:45:21","slug":"llegaron-aportes-para-dos-clubes-del-baby-futbol","status":"publish","type":"post","link":"https:\/\/elregionalvm.com.ar\/noticias-villa-maria\/llegaron-aportes-para-dos-clubes-del-baby-futbol\/","title":{"rendered":"Llegaron aportes para dos clubes del Baby F\u00fatbol"},"content":{"rendered":"\n<p>El secretario de Comunicaciones de la provincia de C\u00f3rdoba, Marcos Bovo, visit\u00f3 las instalaciones del Baby F\u00fatbol Los Campeadores y el Club Uni\u00f3n Central.<\/p>\n\n\n\n<p>En la instituci\u00f3n que disputa los torneos de la Liga Villamariense de Baby F\u00fatbol, Marcos Bovo fue recibido por el Presidente de la instituci\u00f3n, Mat\u00edas Montenegro; Ariel Giordano (Secretario), Silvia Antonucci (Tesorera), Sergio L\u00f3pez y Gabriela Molina<\/p>\n\n\n\n<p>En la ocasi\u00f3n, el funcionario provincial entreg\u00f3 la personer\u00eda jur\u00eddica al club de barrio Carlos Pellegrini, cuya documentaci\u00f3n permitir\u00e1 aplicar y acceder a diferentes programas y beneficios.<\/p>\n\n\n\n<p>Respecto a la visita, Bovo se\u00f1al\u00f3 que: \u201cfue una alegr\u00eda conjunta haber entregado la personer\u00eda a los miembros de la instituci\u00f3n porque s\u00e9 de su esfuerzo por lograrlo y por todo lo que hacen por los chicos y las familias. Ese compromiso y trabajo por el otro motiva a seguir alent\u00e1ndolos y ayud\u00e1ndolos\u201d.<\/p>\n\n\n\n<div class=\"wp-block-image\"><figure class=\"aligncenter size-large is-resized\"><img data-recalc-dims=\"1\" fetchpriority=\"high\" decoding=\"async\" src=\"https:\/\/i0.wp.com\/elregionalvm.com.ar\/noticias-villa-maria\/wp-content\/uploads\/2022\/04\/WhatsApp-Image-2022-04-01-at-18.27.00-1.jpeg?resize=665%2C518&#038;ssl=1\" alt=\"\" class=\"wp-image-55031\" width=\"665\" height=\"518\" srcset=\"https:\/\/i0.wp.com\/elregionalvm.com.ar\/noticias-villa-maria\/wp-content\/uploads\/2022\/04\/WhatsApp-Image-2022-04-01-at-18.27.00-1.jpeg?resize=1024%2C798&amp;ssl=1 1024w, https:\/\/i0.wp.com\/elregionalvm.com.ar\/noticias-villa-maria\/wp-content\/uploads\/2022\/04\/WhatsApp-Image-2022-04-01-at-18.27.00-1.jpeg?resize=300%2C234&amp;ssl=1 300w, https:\/\/i0.wp.com\/elregionalvm.com.ar\/noticias-villa-maria\/wp-content\/uploads\/2022\/04\/WhatsApp-Image-2022-04-01-at-18.27.00-1.jpeg?resize=768%2C598&amp;ssl=1 768w, https:\/\/i0.wp.com\/elregionalvm.com.ar\/noticias-villa-maria\/wp-content\/uploads\/2022\/04\/WhatsApp-Image-2022-04-01-at-18.27.00-1.jpeg?w=1280&amp;ssl=1 1280w\" sizes=\"(max-width: 665px) 100vw, 665px\" \/><\/figure><\/div>\n\n\n\n<p>Mientras que Montenegro agreg\u00f3: \u201csiempre contamos con el acompa\u00f1amiento de Marcos Bovo y en esta ocasi\u00f3n, con la personer\u00eda jur\u00eddica, nos permitir\u00e1 gestionar ante distintos organismos subsidios y cr\u00e9ditos que permitan seguir creciendo a nuestra querida instituci\u00f3n barrial que contiene a cientos de ni\u00f1os\u201d.<\/p>\n\n\n\n<p>Visita al \u201cAurinegro\u201d<br>Por otra parte, Marcos Bovo entreg\u00f3 un aporte econ\u00f3mico de 90 mil pesos al Club Uni\u00f3n Central para las disciplinas de b\u00e1squet y v\u00f3ley y un pallet con ladrillos que se utilizar\u00e1n para realizar refacciones en el predio que alquila la instituci\u00f3n para disputar los partidos de la Liga Villamariense de F\u00fatbol.<\/p>\n\n\n\n<p>En la instituci\u00f3n de calle Rucci, Bovo mantuvo una reuni\u00f3n con el Presidente de la Instituci\u00f3n, Leonardo Negrini y el Vicepresidente, Oscar Gatario. \u201cEstamos muy agradecidos por el acompa\u00f1amiento de la provincia, porque esta ayuda la van aprovechar directamente los casi 500 chicos que forman parte de nuestra instituci\u00f3n, ya sea con la compra de implementos deportivos para b\u00e1squet, de organizaci\u00f3n y gastos federativos para v\u00f3ley y las mejoras infraestructurales del predio de entrenamiento de f\u00fatbol\u201d se\u00f1al\u00f3 Negrini.<\/p>\n","protected":false},"excerpt":{"rendered":"<p>El secretario de Comunicaciones de la provincia de C\u00f3rdoba, Marcos Bovo, visit\u00f3 las instalaciones del Baby F\u00fatbol Los Campeadores y el Club Uni\u00f3n Central. En la instituci\u00f3n que disputa los torneos de la Liga Villamariense de Baby F\u00fatbol, Marcos Bovo fue recibido por el Presidente de la instituci\u00f3n, Mat\u00edas Montenegro; Ariel Giordano (Secretario), Silvia Antonucci [&hellip;]<\/p>\n","protected":false},"author":4,"featured_media":55030,"comment_status":"open","ping_status":"open","sticky":false,"template":"","format":"standard","meta":{"site-sidebar-layout":"default","site-content-layout":"","ast-site-content-layout":"default","site-content-style":"default","site-sidebar-style":"default","ast-global-header-display":"","ast-banner-title-visibility":"","ast-main-header-display":"","ast-hfb-above-header-display":"","ast-hfb-below-header-display":"","ast-hfb-mobile-header-display":"","site-post-title":"","ast-breadcrumbs-content":"","ast-featured-img":"","footer-sml-layout":"","ast-disable-related-posts":"","theme-transparent-header-meta":"","adv-header-id-meta":"","stick-header-meta":"","header-above-stick-meta":"","header-main-stick-meta":"","header-below-stick-meta":"","astra-migrate-meta-layouts":"default","ast-page-background-enabled":"default","ast-page-background-meta":{"desktop":{"background-color":"","background-image":"","background-repeat":"repeat","background-position":"center center","background-size":"auto","background-attachment":"scroll","background-type":"","background-media":"","overlay-type":"","overlay-color":"","overlay-opacity":"","overlay-gradient":""},"tablet":{"background-color":"","background-image":"","background-repeat":"repeat","background-position":"center center","background-size":"auto","background-attachment":"scroll","background-type":"","background-media":"","overlay-type":"","overlay-color":"","overlay-opacity":"","overlay-gradient":""},"mobile":{"background-color":"","background-image":"","background-repeat":"repeat","background-position":"center center","background-size":"auto","background-attachment":"scroll","background-type":"","background-media":"","overlay-type":"","overlay-color":"","overlay-opacity":"","overlay-gradient":""}},"ast-content-background-meta":{"desktop":{"background-color":"var(--ast-global-color-5)","background-image":"","background-repeat":"repeat","background-position":"center center","background-size":"auto","background-attachment":"scroll","background-type":"","background-media":"","overlay-type":"","overlay-color":"","overlay-opacity":"","overlay-gradient":""},"tablet":{"background-color":"var(--ast-global-color-5)","background-image":"","background-repeat":"repeat","background-position":"center center","background-size":"auto","background-attachment":"scroll","background-type":"","background-media":"","overlay-type":"","overlay-color":"","overlay-opacity":"","overlay-gradient":""},"mobile":{"background-color":"var(--ast-global-color-5)","background-image":"","background-repeat":"repeat","background-position":"center center","background-size":"auto","background-attachment":"scroll","background-type":"","background-media":"","overlay-type":"","overlay-color":"","overlay-opacity":"","overlay-gradient":""}},"_jetpack_memberships_contains_paid_content":false,"_joinchat":[],"footnotes":""},"categories":[2],"tags":[3691,1885,14608,1232,4394,14607,2248],"class_list":["post-55029","post","type-post","status-publish","format-standard","has-post-thumbnail","hentry","category-villa-maria","tag-aportes","tag-baby-futbol","tag-club-de-barrio-carlos-pellegrini","tag-destacado","tag-marcos-bovo","tag-personeria-juridica","tag-villa-maria-2"],"yoast_head":"<!-- This site is optimized with the Yoast SEO plugin v26.8 - https:\/\/yoast.com\/product\/yoast-seo-wordpress\/ -->\n<title>Llegaron aportes para dos clubes del Baby F\u00fatbol - El Regional<\/title>\n<meta name=\"robots\" content=\"index, follow, max-snippet:-1, max-image-preview:large, max-video-preview:-1\" \/>\n<link rel=\"canonical\" href=\"http:\/\/elregionalvm.com.ar\/noticias-villa-maria\/llegaron-aportes-para-dos-clubes-del-baby-futbol\/\" \/>\n<meta property=\"og:locale\" content=\"es_ES\" \/>\n<meta property=\"og:type\" content=\"article\" \/>\n<meta property=\"og:title\" content=\"Llegaron aportes para dos clubes del Baby F\u00fatbol - El Regional\" \/>\n<meta property=\"og:description\" content=\"El secretario de Comunicaciones de la provincia de C\u00f3rdoba, Marcos Bovo, visit\u00f3 las instalaciones del Baby F\u00fatbol Los Campeadores y el Club Uni\u00f3n Central. En la instituci\u00f3n que disputa los torneos de la Liga Villamariense de Baby F\u00fatbol, Marcos Bovo fue recibido por el Presidente de la instituci\u00f3n, Mat\u00edas Montenegro; Ariel Giordano (Secretario), Silvia Antonucci [&hellip;]\" \/>\n<meta property=\"og:url\" content=\"http:\/\/elregionalvm.com.ar\/noticias-villa-maria\/llegaron-aportes-para-dos-clubes-del-baby-futbol\/\" \/>\n<meta property=\"og:site_name\" content=\"El Regional\" \/>\n<meta property=\"article:publisher\" content=\"https:\/\/www.facebook.com\/elregionalvm\" \/>\n<meta property=\"article:published_time\" content=\"2022-04-01T22:45:20+00:00\" \/>\n<meta property=\"article:modified_time\" content=\"2022-04-01T22:45:21+00:00\" \/>\n<meta property=\"og:image\" content=\"http:\/\/elregionalvm.com.ar\/noticias-villa-maria\/wp-content\/uploads\/2022\/04\/WhatsApp-Image-2022-04-01-at-18.27.00.jpeg\" \/>\n\t<meta property=\"og:image:width\" content=\"1280\" \/>\n\t<meta property=\"og:image:height\" content=\"997\" \/>\n\t<meta property=\"og:image:type\" content=\"image\/jpeg\" \/>\n<meta name=\"author\" content=\"Contenidos El Regional\" \/>\n<meta name=\"twitter:card\" content=\"summary_large_image\" \/>\n<meta name=\"twitter:creator\" content=\"@elregionalvm1\" \/>\n<meta name=\"twitter:site\" content=\"@elregionalvm1\" \/>\n<meta name=\"twitter:label1\" content=\"Escrito por\" \/>\n\t<meta name=\"twitter:data1\" content=\"Contenidos El Regional\" \/>\n\t<meta name=\"twitter:label2\" content=\"Tiempo de lectura\" \/>\n\t<meta name=\"twitter:data2\" content=\"2 minutos\" \/>\n<script type=\"application\/ld+json\" class=\"yoast-schema-graph\">{\"@context\":\"https:\/\/schema.org\",\"@graph\":[{\"@type\":\"Article\",\"@id\":\"http:\/\/elregionalvm.com.ar\/noticias-villa-maria\/llegaron-aportes-para-dos-clubes-del-baby-futbol\/#article\",\"isPartOf\":{\"@id\":\"http:\/\/elregionalvm.com.ar\/noticias-villa-maria\/llegaron-aportes-para-dos-clubes-del-baby-futbol\/\"},\"author\":{\"name\":\"Contenidos El Regional\",\"@id\":\"http:\/\/elregionalvm.com.ar\/noticias-villa-maria\/#\/schema\/person\/a0fb9c422317faca23d50163151bc354\"},\"headline\":\"Llegaron aportes para dos clubes del Baby F\u00fatbol\",\"datePublished\":\"2022-04-01T22:45:20+00:00\",\"dateModified\":\"2022-04-01T22:45:21+00:00\",\"mainEntityOfPage\":{\"@id\":\"http:\/\/elregionalvm.com.ar\/noticias-villa-maria\/llegaron-aportes-para-dos-clubes-del-baby-futbol\/\"},\"wordCount\":367,\"commentCount\":0,\"image\":{\"@id\":\"http:\/\/elregionalvm.com.ar\/noticias-villa-maria\/llegaron-aportes-para-dos-clubes-del-baby-futbol\/#primaryimage\"},\"thumbnailUrl\":\"https:\/\/i0.wp.com\/elregionalvm.com.ar\/noticias-villa-maria\/wp-content\/uploads\/2022\/04\/WhatsApp-Image-2022-04-01-at-18.27.00.jpeg?fit=1280%2C997&ssl=1\",\"keywords\":[\"aportes\",\"Baby f\u00fatbol\",\"Club de barrio Carlos Pellegrini\",\"destacado\",\"Marcos Bovo\",\"personer\u00eda jur\u00eddica\",\"Villa Mar\u00eda\"],\"articleSection\":[\"Villa Mar\u00eda\"],\"inLanguage\":\"es\",\"potentialAction\":[{\"@type\":\"CommentAction\",\"name\":\"Comment\",\"target\":[\"http:\/\/elregionalvm.com.ar\/noticias-villa-maria\/llegaron-aportes-para-dos-clubes-del-baby-futbol\/#respond\"]}]},{\"@type\":\"WebPage\",\"@id\":\"http:\/\/elregionalvm.com.ar\/noticias-villa-maria\/llegaron-aportes-para-dos-clubes-del-baby-futbol\/\",\"url\":\"http:\/\/elregionalvm.com.ar\/noticias-villa-maria\/llegaron-aportes-para-dos-clubes-del-baby-futbol\/\",\"name\":\"Llegaron aportes para dos clubes del Baby F\u00fatbol - El Regional\",\"isPartOf\":{\"@id\":\"http:\/\/elregionalvm.com.ar\/noticias-villa-maria\/#website\"},\"primaryImageOfPage\":{\"@id\":\"http:\/\/elregionalvm.com.ar\/noticias-villa-maria\/llegaron-aportes-para-dos-clubes-del-baby-futbol\/#primaryimage\"},\"image\":{\"@id\":\"http:\/\/elregionalvm.com.ar\/noticias-villa-maria\/llegaron-aportes-para-dos-clubes-del-baby-futbol\/#primaryimage\"},\"thumbnailUrl\":\"https:\/\/i0.wp.com\/elregionalvm.com.ar\/noticias-villa-maria\/wp-content\/uploads\/2022\/04\/WhatsApp-Image-2022-04-01-at-18.27.00.jpeg?fit=1280%2C997&ssl=1\",\"datePublished\":\"2022-04-01T22:45:20+00:00\",\"dateModified\":\"2022-04-01T22:45:21+00:00\",\"author\":{\"@id\":\"http:\/\/elregionalvm.com.ar\/noticias-villa-maria\/#\/schema\/person\/a0fb9c422317faca23d50163151bc354\"},\"breadcrumb\":{\"@id\":\"http:\/\/elregionalvm.com.ar\/noticias-villa-maria\/llegaron-aportes-para-dos-clubes-del-baby-futbol\/#breadcrumb\"},\"inLanguage\":\"es\",\"potentialAction\":[{\"@type\":\"ReadAction\",\"target\":[\"http:\/\/elregionalvm.com.ar\/noticias-villa-maria\/llegaron-aportes-para-dos-clubes-del-baby-futbol\/\"]}]},{\"@type\":\"ImageObject\",\"inLanguage\":\"es\",\"@id\":\"http:\/\/elregionalvm.com.ar\/noticias-villa-maria\/llegaron-aportes-para-dos-clubes-del-baby-futbol\/#primaryimage\",\"url\":\"https:\/\/i0.wp.com\/elregionalvm.com.ar\/noticias-villa-maria\/wp-content\/uploads\/2022\/04\/WhatsApp-Image-2022-04-01-at-18.27.00.jpeg?fit=1280%2C997&ssl=1\",\"contentUrl\":\"https:\/\/i0.wp.com\/elregionalvm.com.ar\/noticias-villa-maria\/wp-content\/uploads\/2022\/04\/WhatsApp-Image-2022-04-01-at-18.27.00.jpeg?fit=1280%2C997&ssl=1\",\"width\":1280,\"height\":997},{\"@type\":\"BreadcrumbList\",\"@id\":\"http:\/\/elregionalvm.com.ar\/noticias-villa-maria\/llegaron-aportes-para-dos-clubes-del-baby-futbol\/#breadcrumb\",\"itemListElement\":[{\"@type\":\"ListItem\",\"position\":1,\"name\":\"Portada\",\"item\":\"https:\/\/elregionalvm.com.ar\/noticias-villa-maria\/\"},{\"@type\":\"ListItem\",\"position\":2,\"name\":\"Llegaron aportes para dos clubes del Baby F\u00fatbol\"}]},{\"@type\":\"WebSite\",\"@id\":\"http:\/\/elregionalvm.com.ar\/noticias-villa-maria\/#website\",\"url\":\"http:\/\/elregionalvm.com.ar\/noticias-villa-maria\/\",\"name\":\"El Regional\",\"description\":\"Mucho m\u00e1s que informaci\u00f3n\",\"potentialAction\":[{\"@type\":\"SearchAction\",\"target\":{\"@type\":\"EntryPoint\",\"urlTemplate\":\"http:\/\/elregionalvm.com.ar\/noticias-villa-maria\/?s={search_term_string}\"},\"query-input\":{\"@type\":\"PropertyValueSpecification\",\"valueRequired\":true,\"valueName\":\"search_term_string\"}}],\"inLanguage\":\"es\"},{\"@type\":\"Person\",\"@id\":\"http:\/\/elregionalvm.com.ar\/noticias-villa-maria\/#\/schema\/person\/a0fb9c422317faca23d50163151bc354\",\"name\":\"Contenidos El Regional\",\"image\":{\"@type\":\"ImageObject\",\"inLanguage\":\"es\",\"@id\":\"http:\/\/elregionalvm.com.ar\/noticias-villa-maria\/#\/schema\/person\/image\/\",\"url\":\"https:\/\/secure.gravatar.com\/avatar\/265b27cb2209af7bb3a1318f03305787d7981a5cc6e6cd08fe5a4ecdf99d4b48?s=96&d=mm&r=g\",\"contentUrl\":\"https:\/\/secure.gravatar.com\/avatar\/265b27cb2209af7bb3a1318f03305787d7981a5cc6e6cd08fe5a4ecdf99d4b48?s=96&d=mm&r=g\",\"caption\":\"Contenidos El Regional\"},\"url\":\"https:\/\/elregionalvm.com.ar\/noticias-villa-maria\/author\/contenido\/\"}]}<\/script>\n<!-- \/ Yoast SEO plugin. -->","yoast_head_json":{"title":"Llegaron aportes para dos clubes del Baby F\u00fatbol - El Regional","robots":{"index":"index","follow":"follow","max-snippet":"max-snippet:-1","max-image-preview":"max-image-preview:large","max-video-preview":"max-video-preview:-1"},"canonical":"http:\/\/elregionalvm.com.ar\/noticias-villa-maria\/llegaron-aportes-para-dos-clubes-del-baby-futbol\/","og_locale":"es_ES","og_type":"article","og_title":"Llegaron aportes para dos clubes del Baby F\u00fatbol - El Regional","og_description":"El secretario de Comunicaciones de la provincia de C\u00f3rdoba, Marcos Bovo, visit\u00f3 las instalaciones del Baby F\u00fatbol Los Campeadores y el Club Uni\u00f3n Central. En la instituci\u00f3n que disputa los torneos de la Liga Villamariense de Baby F\u00fatbol, Marcos Bovo fue recibido por el Presidente de la instituci\u00f3n, Mat\u00edas Montenegro; Ariel Giordano (Secretario), Silvia Antonucci [&hellip;]","og_url":"http:\/\/elregionalvm.com.ar\/noticias-villa-maria\/llegaron-aportes-para-dos-clubes-del-baby-futbol\/","og_site_name":"El Regional","article_publisher":"https:\/\/www.facebook.com\/elregionalvm","article_published_time":"2022-04-01T22:45:20+00:00","article_modified_time":"2022-04-01T22:45:21+00:00","og_image":[{"width":1280,"height":997,"url":"http:\/\/elregionalvm.com.ar\/noticias-villa-maria\/wp-content\/uploads\/2022\/04\/WhatsApp-Image-2022-04-01-at-18.27.00.jpeg","type":"image\/jpeg"}],"author":"Contenidos El Regional","twitter_card":"summary_large_image","twitter_creator":"@elregionalvm1","twitter_site":"@elregionalvm1","twitter_misc":{"Escrito por":"Contenidos El Regional","Tiempo de lectura":"2 minutos"},"schema":{"@context":"https:\/\/schema.org","@graph":[{"@type":"Article","@id":"http:\/\/elregionalvm.com.ar\/noticias-villa-maria\/llegaron-aportes-para-dos-clubes-del-baby-futbol\/#article","isPartOf":{"@id":"http:\/\/elregionalvm.com.ar\/noticias-villa-maria\/llegaron-aportes-para-dos-clubes-del-baby-futbol\/"},"author":{"name":"Contenidos El Regional","@id":"http:\/\/elregionalvm.com.ar\/noticias-villa-maria\/#\/schema\/person\/a0fb9c422317faca23d50163151bc354"},"headline":"Llegaron aportes para dos clubes del Baby F\u00fatbol","datePublished":"2022-04-01T22:45:20+00:00","dateModified":"2022-04-01T22:45:21+00:00","mainEntityOfPage":{"@id":"http:\/\/elregionalvm.com.ar\/noticias-villa-maria\/llegaron-aportes-para-dos-clubes-del-baby-futbol\/"},"wordCount":367,"commentCount":0,"image":{"@id":"http:\/\/elregionalvm.com.ar\/noticias-villa-maria\/llegaron-aportes-para-dos-clubes-del-baby-futbol\/#primaryimage"},"thumbnailUrl":"https:\/\/i0.wp.com\/elregionalvm.com.ar\/noticias-villa-maria\/wp-content\/uploads\/2022\/04\/WhatsApp-Image-2022-04-01-at-18.27.00.jpeg?fit=1280%2C997&ssl=1","keywords":["aportes","Baby f\u00fatbol","Club de barrio Carlos Pellegrini","destacado","Marcos Bovo","personer\u00eda jur\u00eddica","Villa Mar\u00eda"],"articleSection":["Villa Mar\u00eda"],"inLanguage":"es","potentialAction":[{"@type":"CommentAction","name":"Comment","target":["http:\/\/elregionalvm.com.ar\/noticias-villa-maria\/llegaron-aportes-para-dos-clubes-del-baby-futbol\/#respond"]}]},{"@type":"WebPage","@id":"http:\/\/elregionalvm.com.ar\/noticias-villa-maria\/llegaron-aportes-para-dos-clubes-del-baby-futbol\/","url":"http:\/\/elregionalvm.com.ar\/noticias-villa-maria\/llegaron-aportes-para-dos-clubes-del-baby-futbol\/","name":"Llegaron aportes para dos clubes del Baby F\u00fatbol - El Regional","isPartOf":{"@id":"http:\/\/elregionalvm.com.ar\/noticias-villa-maria\/#website"},"primaryImageOfPage":{"@id":"http:\/\/elregionalvm.com.ar\/noticias-villa-maria\/llegaron-aportes-para-dos-clubes-del-baby-futbol\/#primaryimage"},"image":{"@id":"http:\/\/elregionalvm.com.ar\/noticias-villa-maria\/llegaron-aportes-para-dos-clubes-del-baby-futbol\/#primaryimage"},"thumbnailUrl":"https:\/\/i0.wp.com\/elregionalvm.com.ar\/noticias-villa-maria\/wp-content\/uploads\/2022\/04\/WhatsApp-Image-2022-04-01-at-18.27.00.jpeg?fit=1280%2C997&ssl=1","datePublished":"2022-04-01T22:45:20+00:00","dateModified":"2022-04-01T22:45:21+00:00","author":{"@id":"http:\/\/elregionalvm.com.ar\/noticias-villa-maria\/#\/schema\/person\/a0fb9c422317faca23d50163151bc354"},"breadcrumb":{"@id":"http:\/\/elregionalvm.com.ar\/noticias-villa-maria\/llegaron-aportes-para-dos-clubes-del-baby-futbol\/#breadcrumb"},"inLanguage":"es","potentialAction":[{"@type":"ReadAction","target":["http:\/\/elregionalvm.com.ar\/noticias-villa-maria\/llegaron-aportes-para-dos-clubes-del-baby-futbol\/"]}]},{"@type":"ImageObject","inLanguage":"es","@id":"http:\/\/elregionalvm.com.ar\/noticias-villa-maria\/llegaron-aportes-para-dos-clubes-del-baby-futbol\/#primaryimage","url":"https:\/\/i0.wp.com\/elregionalvm.com.ar\/noticias-villa-maria\/wp-content\/uploads\/2022\/04\/WhatsApp-Image-2022-04-01-at-18.27.00.jpeg?fit=1280%2C997&ssl=1","contentUrl":"https:\/\/i0.wp.com\/elregionalvm.com.ar\/noticias-villa-maria\/wp-content\/uploads\/2022\/04\/WhatsApp-Image-2022-04-01-at-18.27.00.jpeg?fit=1280%2C997&ssl=1","width":1280,"height":997},{"@type":"BreadcrumbList","@id":"http:\/\/elregionalvm.com.ar\/noticias-villa-maria\/llegaron-aportes-para-dos-clubes-del-baby-futbol\/#breadcrumb","itemListElement":[{"@type":"ListItem","position":1,"name":"Portada","item":"https:\/\/elregionalvm.com.ar\/noticias-villa-maria\/"},{"@type":"ListItem","position":2,"name":"Llegaron aportes para dos clubes del Baby F\u00fatbol"}]},{"@type":"WebSite","@id":"http:\/\/elregionalvm.com.ar\/noticias-villa-maria\/#website","url":"http:\/\/elregionalvm.com.ar\/noticias-villa-maria\/","name":"El Regional","description":"Mucho m\u00e1s que informaci\u00f3n","potentialAction":[{"@type":"SearchAction","target":{"@type":"EntryPoint","urlTemplate":"http:\/\/elregionalvm.com.ar\/noticias-villa-maria\/?s={search_term_string}"},"query-input":{"@type":"PropertyValueSpecification","valueRequired":true,"valueName":"search_term_string"}}],"inLanguage":"es"},{"@type":"Person","@id":"http:\/\/elregionalvm.com.ar\/noticias-villa-maria\/#\/schema\/person\/a0fb9c422317faca23d50163151bc354","name":"Contenidos El Regional","image":{"@type":"ImageObject","inLanguage":"es","@id":"http:\/\/elregionalvm.com.ar\/noticias-villa-maria\/#\/schema\/person\/image\/","url":"https:\/\/secure.gravatar.com\/avatar\/265b27cb2209af7bb3a1318f03305787d7981a5cc6e6cd08fe5a4ecdf99d4b48?s=96&d=mm&r=g","contentUrl":"https:\/\/secure.gravatar.com\/avatar\/265b27cb2209af7bb3a1318f03305787d7981a5cc6e6cd08fe5a4ecdf99d4b48?s=96&d=mm&r=g","caption":"Contenidos El Regional"},"url":"https:\/\/elregionalvm.com.ar\/noticias-villa-maria\/author\/contenido\/"}]}},"jetpack_featured_media_url":"https:\/\/i0.wp.com\/elregionalvm.com.ar\/noticias-villa-maria\/wp-content\/uploads\/2022\/04\/WhatsApp-Image-2022-04-01-at-18.27.00.jpeg?fit=1280%2C997&ssl=1","jetpack_sharing_enabled":true,"_links":{"self":[{"href":"https:\/\/elregionalvm.com.ar\/noticias-villa-maria\/wp-json\/wp\/v2\/posts\/55029","targetHints":{"allow":["GET"]}}],"collection":[{"href":"https:\/\/elregionalvm.com.ar\/noticias-villa-maria\/wp-json\/wp\/v2\/posts"}],"about":[{"href":"https:\/\/elregionalvm.com.ar\/noticias-villa-maria\/wp-json\/wp\/v2\/types\/post"}],"author":[{"embeddable":true,"href":"https:\/\/elregionalvm.com.ar\/noticias-villa-maria\/wp-json\/wp\/v2\/users\/4"}],"replies":[{"embeddable":true,"href":"https:\/\/elregionalvm.com.ar\/noticias-villa-maria\/wp-json\/wp\/v2\/comments?post=55029"}],"version-history":[{"count":1,"href":"https:\/\/elregionalvm.com.ar\/noticias-villa-maria\/wp-json\/wp\/v2\/posts\/55029\/revisions"}],"predecessor-version":[{"id":55032,"href":"https:\/\/elregionalvm.com.ar\/noticias-villa-maria\/wp-json\/wp\/v2\/posts\/55029\/revisions\/55032"}],"wp:featuredmedia":[{"embeddable":true,"href":"https:\/\/elregionalvm.com.ar\/noticias-villa-maria\/wp-json\/wp\/v2\/media\/55030"}],"wp:attachment":[{"href":"https:\/\/elregionalvm.com.ar\/noticias-villa-maria\/wp-json\/wp\/v2\/media?parent=55029"}],"wp:term":[{"taxonomy":"category","embeddable":true,"href":"https:\/\/elregionalvm.com.ar\/noticias-villa-maria\/wp-json\/wp\/v2\/categories?post=55029"},{"taxonomy":"post_tag","embeddable":true,"href":"https:\/\/elregionalvm.com.ar\/noticias-villa-maria\/wp-json\/wp\/v2\/tags?post=55029"}],"curies":[{"name":"wp","href":"https:\/\/api.w.org\/{rel}","templated":true}]}}