{"id":55033,"date":"2022-04-01T23:01:51","date_gmt":"2022-04-01T23:01:51","guid":{"rendered":"https:\/\/elregionalvm.com.ar\/noticias-villa-maria\/?p=55033"},"modified":"2022-04-02T05:17:02","modified_gmt":"2022-04-02T05:17:02","slug":"el-centro-de-veteranos-islas-malvinas-con-instalaciones-renovadas","status":"publish","type":"post","link":"https:\/\/elregionalvm.com.ar\/noticias-villa-maria\/el-centro-de-veteranos-islas-malvinas-con-instalaciones-renovadas\/","title":{"rendered":"El Centro de Veteranos \u00abIslas Malvinas\u00bb, con instalaciones renovadas"},"content":{"rendered":"\n<p>Previo a conmemorarse el D\u00eda del Veterano y de los Ca\u00eddos en la Guerra de Malvinas, el intendente Mart\u00edn Gill recorri\u00f3 junto a los ex combatientes las instalaciones del renovado Centro de Veteranos Islas Malvinas.<\/p>\n\n\n\n<p>El edificio, ubicado en la intersecci\u00f3n de avenida Hip\u00f3lito Yrigoyen y Tucum\u00e1n, recibi\u00f3 numerosas remodelaciones realizadas por el municipio, tanto en su fachada como en la infraestructura exterior e interior. En tal sentido, se llevaron a cabo tareas de impermeabilizaci\u00f3n en la cubierta del techo que evitar\u00e1n futuras filtraciones, junto a la aplicaci\u00f3n de pintura en todas las paredes exteriores, interiores y cielorraso, como as\u00ed tambi\u00e9n en las rejas que posee la infraestructura.<\/p>\n\n\n\n<p>Del mismo modo, se procedi\u00f3 al hormigonado de la explanada exterior. Adem\u00e1s, se realizaron tareas de mejoramiento est\u00e9tico en el frente del edificio, como as\u00ed tambi\u00e9n el acondicionamiento de la imagen alusiva a las Islas Malvinas que se encuentra tanto en el frente como el interior del espacio.<\/p>\n\n\n\n<p>As\u00ed tambi\u00e9n se llev\u00f3 adelante la colocaci\u00f3n de luminaria led en el cartel identitario del Centro, junto a la plantaci\u00f3n de \u00e1rboles en la vereda que mejoren el entorno urbano del sector.<\/p>\n\n\n\n<div class=\"wp-block-image\"><figure class=\"aligncenter size-large is-resized\"><img data-recalc-dims=\"1\" fetchpriority=\"high\" decoding=\"async\" src=\"https:\/\/i0.wp.com\/elregionalvm.com.ar\/noticias-villa-maria\/wp-content\/uploads\/2022\/04\/WhatsApp-Image-2022-04-01-at-15.00.01-1.jpeg?resize=629%2C419&#038;ssl=1\" alt=\"\" class=\"wp-image-55035\" width=\"629\" height=\"419\" srcset=\"https:\/\/i0.wp.com\/elregionalvm.com.ar\/noticias-villa-maria\/wp-content\/uploads\/2022\/04\/WhatsApp-Image-2022-04-01-at-15.00.01-1.jpeg?resize=1024%2C682&amp;ssl=1 1024w, https:\/\/i0.wp.com\/elregionalvm.com.ar\/noticias-villa-maria\/wp-content\/uploads\/2022\/04\/WhatsApp-Image-2022-04-01-at-15.00.01-1.jpeg?resize=300%2C200&amp;ssl=1 300w, https:\/\/i0.wp.com\/elregionalvm.com.ar\/noticias-villa-maria\/wp-content\/uploads\/2022\/04\/WhatsApp-Image-2022-04-01-at-15.00.01-1.jpeg?resize=768%2C512&amp;ssl=1 768w, https:\/\/i0.wp.com\/elregionalvm.com.ar\/noticias-villa-maria\/wp-content\/uploads\/2022\/04\/WhatsApp-Image-2022-04-01-at-15.00.01-1.jpeg?w=1280&amp;ssl=1 1280w\" sizes=\"(max-width: 629px) 100vw, 629px\" \/><\/figure><\/div>\n\n\n\n<p>Cabe destacar, que la obra de refacci\u00f3n y acondicionamiento del Centro de Veteranos se da en conjunto a otro de los proyectos realizados en la ciudad en los \u00faltimos d\u00edas, como lo fue la puesta en valor del Monumento H\u00e9roes de Malvinas, emplazado en la intersecci\u00f3n de los bulevares Espa\u00f1a y V\u00e9lez Sarsfield.<\/p>\n\n\n\n<p>All\u00ed se llev\u00f3 a cabo la construcci\u00f3n de una nueva explanada, renovaci\u00f3n de luminaria y se\u00f1alizaci\u00f3n, tareas de repintado de todo el paseo y parquizaci\u00f3n completa del entorno.<\/p>\n\n\n\n<p>Adem\u00e1s, <strong>se dispuso el grabado de los nombres de los ca\u00eddos y veteranos de la guerra de Malvinas que pertenecen a la departamental San Mart\u00edn; y se suman a los ya homenajeados oriundos de Villa Mar\u00eda.<\/strong><\/p>\n\n\n\n<p>Acompa\u00f1aron al mandatario local en el recorrido, el secretario de Educaci\u00f3n, Cultura y Promoci\u00f3n de la Ciencia, Rafael Sachetto, y la directora de Museos y Patrimonio Hist\u00f3rico, Anal\u00eda Godoy.<\/p>\n","protected":false},"excerpt":{"rendered":"<p>Previo a conmemorarse el D\u00eda del Veterano y de los Ca\u00eddos en la Guerra de Malvinas, el intendente Mart\u00edn Gill recorri\u00f3 junto a los ex combatientes las instalaciones del renovado Centro de Veteranos Islas Malvinas. El edificio, ubicado en la intersecci\u00f3n de avenida Hip\u00f3lito Yrigoyen y Tucum\u00e1n, recibi\u00f3 numerosas remodelaciones realizadas por el municipio, tanto [&hellip;]<\/p>\n","protected":false},"author":4,"featured_media":55034,"comment_status":"open","ping_status":"open","sticky":false,"template":"","format":"standard","meta":{"site-sidebar-layout":"default","site-content-layout":"","ast-site-content-layout":"default","site-content-style":"default","site-sidebar-style":"default","ast-global-header-display":"","ast-banner-title-visibility":"","ast-main-header-display":"","ast-hfb-above-header-display":"","ast-hfb-below-header-display":"","ast-hfb-mobile-header-display":"","site-post-title":"","ast-breadcrumbs-content":"","ast-featured-img":"","footer-sml-layout":"","ast-disable-related-posts":"","theme-transparent-header-meta":"","adv-header-id-meta":"","stick-header-meta":"","header-above-stick-meta":"","header-main-stick-meta":"","header-below-stick-meta":"","astra-migrate-meta-layouts":"default","ast-page-background-enabled":"default","ast-page-background-meta":{"desktop":{"background-color":"","background-image":"","background-repeat":"repeat","background-position":"center center","background-size":"auto","background-attachment":"scroll","background-type":"","background-media":"","overlay-type":"","overlay-color":"","overlay-opacity":"","overlay-gradient":""},"tablet":{"background-color":"","background-image":"","background-repeat":"repeat","background-position":"center center","background-size":"auto","background-attachment":"scroll","background-type":"","background-media":"","overlay-type":"","overlay-color":"","overlay-opacity":"","overlay-gradient":""},"mobile":{"background-color":"","background-image":"","background-repeat":"repeat","background-position":"center center","background-size":"auto","background-attachment":"scroll","background-type":"","background-media":"","overlay-type":"","overlay-color":"","overlay-opacity":"","overlay-gradient":""}},"ast-content-background-meta":{"desktop":{"background-color":"var(--ast-global-color-5)","background-image":"","background-repeat":"repeat","background-position":"center center","background-size":"auto","background-attachment":"scroll","background-type":"","background-media":"","overlay-type":"","overlay-color":"","overlay-opacity":"","overlay-gradient":""},"tablet":{"background-color":"var(--ast-global-color-5)","background-image":"","background-repeat":"repeat","background-position":"center center","background-size":"auto","background-attachment":"scroll","background-type":"","background-media":"","overlay-type":"","overlay-color":"","overlay-opacity":"","overlay-gradient":""},"mobile":{"background-color":"var(--ast-global-color-5)","background-image":"","background-repeat":"repeat","background-position":"center center","background-size":"auto","background-attachment":"scroll","background-type":"","background-media":"","overlay-type":"","overlay-color":"","overlay-opacity":"","overlay-gradient":""}},"_jetpack_memberships_contains_paid_content":false,"_joinchat":[],"footnotes":""},"categories":[2],"tags":[14611,14609,1232,14612,14610,534],"class_list":["post-55033","post","type-post","status-publish","format-standard","has-post-thumbnail","hentry","category-villa-maria","tag-aportes-municipales","tag-centro-de-veteranos-islas-malvinas","tag-destacado","tag-infraestructura-interior-y-exterior","tag-instalaciones-renovadas","tag-villa-maria"],"yoast_head":"<!-- This site is optimized with the Yoast SEO plugin v26.8 - https:\/\/yoast.com\/product\/yoast-seo-wordpress\/ -->\n<title>El Centro de Veteranos &quot;Islas Malvinas&quot;, con instalaciones renovadas - El Regional<\/title>\n<meta name=\"robots\" content=\"index, follow, max-snippet:-1, max-image-preview:large, max-video-preview:-1\" \/>\n<link rel=\"canonical\" href=\"http:\/\/elregionalvm.com.ar\/noticias-villa-maria\/el-centro-de-veteranos-islas-malvinas-con-instalaciones-renovadas\/\" \/>\n<meta property=\"og:locale\" content=\"es_ES\" \/>\n<meta property=\"og:type\" content=\"article\" \/>\n<meta property=\"og:title\" content=\"El Centro de Veteranos &quot;Islas Malvinas&quot;, con instalaciones renovadas - El Regional\" \/>\n<meta property=\"og:description\" content=\"Previo a conmemorarse el D\u00eda del Veterano y de los Ca\u00eddos en la Guerra de Malvinas, el intendente Mart\u00edn Gill recorri\u00f3 junto a los ex combatientes las instalaciones del renovado Centro de Veteranos Islas Malvinas. El edificio, ubicado en la intersecci\u00f3n de avenida Hip\u00f3lito Yrigoyen y Tucum\u00e1n, recibi\u00f3 numerosas remodelaciones realizadas por el municipio, tanto [&hellip;]\" \/>\n<meta property=\"og:url\" content=\"http:\/\/elregionalvm.com.ar\/noticias-villa-maria\/el-centro-de-veteranos-islas-malvinas-con-instalaciones-renovadas\/\" \/>\n<meta property=\"og:site_name\" content=\"El Regional\" \/>\n<meta property=\"article:publisher\" content=\"https:\/\/www.facebook.com\/elregionalvm\" \/>\n<meta property=\"article:published_time\" content=\"2022-04-01T23:01:51+00:00\" \/>\n<meta property=\"article:modified_time\" content=\"2022-04-02T05:17:02+00:00\" \/>\n<meta property=\"og:image\" content=\"http:\/\/elregionalvm.com.ar\/noticias-villa-maria\/wp-content\/uploads\/2022\/04\/WhatsApp-Image-2022-04-01-at-15.00.01.jpeg\" \/>\n\t<meta property=\"og:image:width\" content=\"1280\" \/>\n\t<meta property=\"og:image:height\" content=\"853\" \/>\n\t<meta property=\"og:image:type\" content=\"image\/jpeg\" \/>\n<meta name=\"author\" content=\"Contenidos El Regional\" \/>\n<meta name=\"twitter:card\" content=\"summary_large_image\" \/>\n<meta name=\"twitter:creator\" content=\"@elregionalvm1\" \/>\n<meta name=\"twitter:site\" content=\"@elregionalvm1\" \/>\n<meta name=\"twitter:label1\" content=\"Escrito por\" \/>\n\t<meta name=\"twitter:data1\" content=\"Contenidos El Regional\" \/>\n\t<meta name=\"twitter:label2\" content=\"Tiempo de lectura\" \/>\n\t<meta name=\"twitter:data2\" content=\"2 minutos\" \/>\n<script type=\"application\/ld+json\" class=\"yoast-schema-graph\">{\"@context\":\"https:\/\/schema.org\",\"@graph\":[{\"@type\":\"Article\",\"@id\":\"http:\/\/elregionalvm.com.ar\/noticias-villa-maria\/el-centro-de-veteranos-islas-malvinas-con-instalaciones-renovadas\/#article\",\"isPartOf\":{\"@id\":\"http:\/\/elregionalvm.com.ar\/noticias-villa-maria\/el-centro-de-veteranos-islas-malvinas-con-instalaciones-renovadas\/\"},\"author\":{\"name\":\"Contenidos El Regional\",\"@id\":\"http:\/\/elregionalvm.com.ar\/noticias-villa-maria\/#\/schema\/person\/a0fb9c422317faca23d50163151bc354\"},\"headline\":\"El Centro de Veteranos \u00abIslas Malvinas\u00bb, con instalaciones renovadas\",\"datePublished\":\"2022-04-01T23:01:51+00:00\",\"dateModified\":\"2022-04-02T05:17:02+00:00\",\"mainEntityOfPage\":{\"@id\":\"http:\/\/elregionalvm.com.ar\/noticias-villa-maria\/el-centro-de-veteranos-islas-malvinas-con-instalaciones-renovadas\/\"},\"wordCount\":379,\"commentCount\":0,\"image\":{\"@id\":\"http:\/\/elregionalvm.com.ar\/noticias-villa-maria\/el-centro-de-veteranos-islas-malvinas-con-instalaciones-renovadas\/#primaryimage\"},\"thumbnailUrl\":\"https:\/\/i0.wp.com\/elregionalvm.com.ar\/noticias-villa-maria\/wp-content\/uploads\/2022\/04\/WhatsApp-Image-2022-04-01-at-15.00.01.jpeg?fit=1280%2C853&ssl=1\",\"keywords\":[\"aportes municipales\",\"Centro de Veteranos Islas Malvinas\",\"destacado\",\"infraestructura interior y exterior\",\"instalaciones renovadas\",\"villa maria\"],\"articleSection\":[\"Villa Mar\u00eda\"],\"inLanguage\":\"es\",\"potentialAction\":[{\"@type\":\"CommentAction\",\"name\":\"Comment\",\"target\":[\"http:\/\/elregionalvm.com.ar\/noticias-villa-maria\/el-centro-de-veteranos-islas-malvinas-con-instalaciones-renovadas\/#respond\"]}]},{\"@type\":\"WebPage\",\"@id\":\"http:\/\/elregionalvm.com.ar\/noticias-villa-maria\/el-centro-de-veteranos-islas-malvinas-con-instalaciones-renovadas\/\",\"url\":\"http:\/\/elregionalvm.com.ar\/noticias-villa-maria\/el-centro-de-veteranos-islas-malvinas-con-instalaciones-renovadas\/\",\"name\":\"El Centro de Veteranos \\\"Islas Malvinas\\\", con instalaciones renovadas - El Regional\",\"isPartOf\":{\"@id\":\"http:\/\/elregionalvm.com.ar\/noticias-villa-maria\/#website\"},\"primaryImageOfPage\":{\"@id\":\"http:\/\/elregionalvm.com.ar\/noticias-villa-maria\/el-centro-de-veteranos-islas-malvinas-con-instalaciones-renovadas\/#primaryimage\"},\"image\":{\"@id\":\"http:\/\/elregionalvm.com.ar\/noticias-villa-maria\/el-centro-de-veteranos-islas-malvinas-con-instalaciones-renovadas\/#primaryimage\"},\"thumbnailUrl\":\"https:\/\/i0.wp.com\/elregionalvm.com.ar\/noticias-villa-maria\/wp-content\/uploads\/2022\/04\/WhatsApp-Image-2022-04-01-at-15.00.01.jpeg?fit=1280%2C853&ssl=1\",\"datePublished\":\"2022-04-01T23:01:51+00:00\",\"dateModified\":\"2022-04-02T05:17:02+00:00\",\"author\":{\"@id\":\"http:\/\/elregionalvm.com.ar\/noticias-villa-maria\/#\/schema\/person\/a0fb9c422317faca23d50163151bc354\"},\"breadcrumb\":{\"@id\":\"http:\/\/elregionalvm.com.ar\/noticias-villa-maria\/el-centro-de-veteranos-islas-malvinas-con-instalaciones-renovadas\/#breadcrumb\"},\"inLanguage\":\"es\",\"potentialAction\":[{\"@type\":\"ReadAction\",\"target\":[\"http:\/\/elregionalvm.com.ar\/noticias-villa-maria\/el-centro-de-veteranos-islas-malvinas-con-instalaciones-renovadas\/\"]}]},{\"@type\":\"ImageObject\",\"inLanguage\":\"es\",\"@id\":\"http:\/\/elregionalvm.com.ar\/noticias-villa-maria\/el-centro-de-veteranos-islas-malvinas-con-instalaciones-renovadas\/#primaryimage\",\"url\":\"https:\/\/i0.wp.com\/elregionalvm.com.ar\/noticias-villa-maria\/wp-content\/uploads\/2022\/04\/WhatsApp-Image-2022-04-01-at-15.00.01.jpeg?fit=1280%2C853&ssl=1\",\"contentUrl\":\"https:\/\/i0.wp.com\/elregionalvm.com.ar\/noticias-villa-maria\/wp-content\/uploads\/2022\/04\/WhatsApp-Image-2022-04-01-at-15.00.01.jpeg?fit=1280%2C853&ssl=1\",\"width\":1280,\"height\":853},{\"@type\":\"BreadcrumbList\",\"@id\":\"http:\/\/elregionalvm.com.ar\/noticias-villa-maria\/el-centro-de-veteranos-islas-malvinas-con-instalaciones-renovadas\/#breadcrumb\",\"itemListElement\":[{\"@type\":\"ListItem\",\"position\":1,\"name\":\"Portada\",\"item\":\"https:\/\/elregionalvm.com.ar\/noticias-villa-maria\/\"},{\"@type\":\"ListItem\",\"position\":2,\"name\":\"El Centro de Veteranos &#8220;Islas Malvinas&#8221;, con instalaciones renovadas\"}]},{\"@type\":\"WebSite\",\"@id\":\"http:\/\/elregionalvm.com.ar\/noticias-villa-maria\/#website\",\"url\":\"http:\/\/elregionalvm.com.ar\/noticias-villa-maria\/\",\"name\":\"El Regional\",\"description\":\"Mucho m\u00e1s que informaci\u00f3n\",\"potentialAction\":[{\"@type\":\"SearchAction\",\"target\":{\"@type\":\"EntryPoint\",\"urlTemplate\":\"http:\/\/elregionalvm.com.ar\/noticias-villa-maria\/?s={search_term_string}\"},\"query-input\":{\"@type\":\"PropertyValueSpecification\",\"valueRequired\":true,\"valueName\":\"search_term_string\"}}],\"inLanguage\":\"es\"},{\"@type\":\"Person\",\"@id\":\"http:\/\/elregionalvm.com.ar\/noticias-villa-maria\/#\/schema\/person\/a0fb9c422317faca23d50163151bc354\",\"name\":\"Contenidos El Regional\",\"image\":{\"@type\":\"ImageObject\",\"inLanguage\":\"es\",\"@id\":\"http:\/\/elregionalvm.com.ar\/noticias-villa-maria\/#\/schema\/person\/image\/\",\"url\":\"https:\/\/secure.gravatar.com\/avatar\/265b27cb2209af7bb3a1318f03305787d7981a5cc6e6cd08fe5a4ecdf99d4b48?s=96&d=mm&r=g\",\"contentUrl\":\"https:\/\/secure.gravatar.com\/avatar\/265b27cb2209af7bb3a1318f03305787d7981a5cc6e6cd08fe5a4ecdf99d4b48?s=96&d=mm&r=g\",\"caption\":\"Contenidos El Regional\"},\"url\":\"https:\/\/elregionalvm.com.ar\/noticias-villa-maria\/author\/contenido\/\"}]}<\/script>\n<!-- \/ Yoast SEO plugin. -->","yoast_head_json":{"title":"El Centro de Veteranos \"Islas Malvinas\", con instalaciones renovadas - El Regional","robots":{"index":"index","follow":"follow","max-snippet":"max-snippet:-1","max-image-preview":"max-image-preview:large","max-video-preview":"max-video-preview:-1"},"canonical":"http:\/\/elregionalvm.com.ar\/noticias-villa-maria\/el-centro-de-veteranos-islas-malvinas-con-instalaciones-renovadas\/","og_locale":"es_ES","og_type":"article","og_title":"El Centro de Veteranos \"Islas Malvinas\", con instalaciones renovadas - El Regional","og_description":"Previo a conmemorarse el D\u00eda del Veterano y de los Ca\u00eddos en la Guerra de Malvinas, el intendente Mart\u00edn Gill recorri\u00f3 junto a los ex combatientes las instalaciones del renovado Centro de Veteranos Islas Malvinas. El edificio, ubicado en la intersecci\u00f3n de avenida Hip\u00f3lito Yrigoyen y Tucum\u00e1n, recibi\u00f3 numerosas remodelaciones realizadas por el municipio, tanto [&hellip;]","og_url":"http:\/\/elregionalvm.com.ar\/noticias-villa-maria\/el-centro-de-veteranos-islas-malvinas-con-instalaciones-renovadas\/","og_site_name":"El Regional","article_publisher":"https:\/\/www.facebook.com\/elregionalvm","article_published_time":"2022-04-01T23:01:51+00:00","article_modified_time":"2022-04-02T05:17:02+00:00","og_image":[{"width":1280,"height":853,"url":"http:\/\/elregionalvm.com.ar\/noticias-villa-maria\/wp-content\/uploads\/2022\/04\/WhatsApp-Image-2022-04-01-at-15.00.01.jpeg","type":"image\/jpeg"}],"author":"Contenidos El Regional","twitter_card":"summary_large_image","twitter_creator":"@elregionalvm1","twitter_site":"@elregionalvm1","twitter_misc":{"Escrito por":"Contenidos El Regional","Tiempo de lectura":"2 minutos"},"schema":{"@context":"https:\/\/schema.org","@graph":[{"@type":"Article","@id":"http:\/\/elregionalvm.com.ar\/noticias-villa-maria\/el-centro-de-veteranos-islas-malvinas-con-instalaciones-renovadas\/#article","isPartOf":{"@id":"http:\/\/elregionalvm.com.ar\/noticias-villa-maria\/el-centro-de-veteranos-islas-malvinas-con-instalaciones-renovadas\/"},"author":{"name":"Contenidos El Regional","@id":"http:\/\/elregionalvm.com.ar\/noticias-villa-maria\/#\/schema\/person\/a0fb9c422317faca23d50163151bc354"},"headline":"El Centro de Veteranos \u00abIslas Malvinas\u00bb, con instalaciones renovadas","datePublished":"2022-04-01T23:01:51+00:00","dateModified":"2022-04-02T05:17:02+00:00","mainEntityOfPage":{"@id":"http:\/\/elregionalvm.com.ar\/noticias-villa-maria\/el-centro-de-veteranos-islas-malvinas-con-instalaciones-renovadas\/"},"wordCount":379,"commentCount":0,"image":{"@id":"http:\/\/elregionalvm.com.ar\/noticias-villa-maria\/el-centro-de-veteranos-islas-malvinas-con-instalaciones-renovadas\/#primaryimage"},"thumbnailUrl":"https:\/\/i0.wp.com\/elregionalvm.com.ar\/noticias-villa-maria\/wp-content\/uploads\/2022\/04\/WhatsApp-Image-2022-04-01-at-15.00.01.jpeg?fit=1280%2C853&ssl=1","keywords":["aportes municipales","Centro de Veteranos Islas Malvinas","destacado","infraestructura interior y exterior","instalaciones renovadas","villa maria"],"articleSection":["Villa Mar\u00eda"],"inLanguage":"es","potentialAction":[{"@type":"CommentAction","name":"Comment","target":["http:\/\/elregionalvm.com.ar\/noticias-villa-maria\/el-centro-de-veteranos-islas-malvinas-con-instalaciones-renovadas\/#respond"]}]},{"@type":"WebPage","@id":"http:\/\/elregionalvm.com.ar\/noticias-villa-maria\/el-centro-de-veteranos-islas-malvinas-con-instalaciones-renovadas\/","url":"http:\/\/elregionalvm.com.ar\/noticias-villa-maria\/el-centro-de-veteranos-islas-malvinas-con-instalaciones-renovadas\/","name":"El Centro de Veteranos \"Islas Malvinas\", con instalaciones renovadas - El Regional","isPartOf":{"@id":"http:\/\/elregionalvm.com.ar\/noticias-villa-maria\/#website"},"primaryImageOfPage":{"@id":"http:\/\/elregionalvm.com.ar\/noticias-villa-maria\/el-centro-de-veteranos-islas-malvinas-con-instalaciones-renovadas\/#primaryimage"},"image":{"@id":"http:\/\/elregionalvm.com.ar\/noticias-villa-maria\/el-centro-de-veteranos-islas-malvinas-con-instalaciones-renovadas\/#primaryimage"},"thumbnailUrl":"https:\/\/i0.wp.com\/elregionalvm.com.ar\/noticias-villa-maria\/wp-content\/uploads\/2022\/04\/WhatsApp-Image-2022-04-01-at-15.00.01.jpeg?fit=1280%2C853&ssl=1","datePublished":"2022-04-01T23:01:51+00:00","dateModified":"2022-04-02T05:17:02+00:00","author":{"@id":"http:\/\/elregionalvm.com.ar\/noticias-villa-maria\/#\/schema\/person\/a0fb9c422317faca23d50163151bc354"},"breadcrumb":{"@id":"http:\/\/elregionalvm.com.ar\/noticias-villa-maria\/el-centro-de-veteranos-islas-malvinas-con-instalaciones-renovadas\/#breadcrumb"},"inLanguage":"es","potentialAction":[{"@type":"ReadAction","target":["http:\/\/elregionalvm.com.ar\/noticias-villa-maria\/el-centro-de-veteranos-islas-malvinas-con-instalaciones-renovadas\/"]}]},{"@type":"ImageObject","inLanguage":"es","@id":"http:\/\/elregionalvm.com.ar\/noticias-villa-maria\/el-centro-de-veteranos-islas-malvinas-con-instalaciones-renovadas\/#primaryimage","url":"https:\/\/i0.wp.com\/elregionalvm.com.ar\/noticias-villa-maria\/wp-content\/uploads\/2022\/04\/WhatsApp-Image-2022-04-01-at-15.00.01.jpeg?fit=1280%2C853&ssl=1","contentUrl":"https:\/\/i0.wp.com\/elregionalvm.com.ar\/noticias-villa-maria\/wp-content\/uploads\/2022\/04\/WhatsApp-Image-2022-04-01-at-15.00.01.jpeg?fit=1280%2C853&ssl=1","width":1280,"height":853},{"@type":"BreadcrumbList","@id":"http:\/\/elregionalvm.com.ar\/noticias-villa-maria\/el-centro-de-veteranos-islas-malvinas-con-instalaciones-renovadas\/#breadcrumb","itemListElement":[{"@type":"ListItem","position":1,"name":"Portada","item":"https:\/\/elregionalvm.com.ar\/noticias-villa-maria\/"},{"@type":"ListItem","position":2,"name":"El Centro de Veteranos &#8220;Islas Malvinas&#8221;, con instalaciones renovadas"}]},{"@type":"WebSite","@id":"http:\/\/elregionalvm.com.ar\/noticias-villa-maria\/#website","url":"http:\/\/elregionalvm.com.ar\/noticias-villa-maria\/","name":"El Regional","description":"Mucho m\u00e1s que informaci\u00f3n","potentialAction":[{"@type":"SearchAction","target":{"@type":"EntryPoint","urlTemplate":"http:\/\/elregionalvm.com.ar\/noticias-villa-maria\/?s={search_term_string}"},"query-input":{"@type":"PropertyValueSpecification","valueRequired":true,"valueName":"search_term_string"}}],"inLanguage":"es"},{"@type":"Person","@id":"http:\/\/elregionalvm.com.ar\/noticias-villa-maria\/#\/schema\/person\/a0fb9c422317faca23d50163151bc354","name":"Contenidos El Regional","image":{"@type":"ImageObject","inLanguage":"es","@id":"http:\/\/elregionalvm.com.ar\/noticias-villa-maria\/#\/schema\/person\/image\/","url":"https:\/\/secure.gravatar.com\/avatar\/265b27cb2209af7bb3a1318f03305787d7981a5cc6e6cd08fe5a4ecdf99d4b48?s=96&d=mm&r=g","contentUrl":"https:\/\/secure.gravatar.com\/avatar\/265b27cb2209af7bb3a1318f03305787d7981a5cc6e6cd08fe5a4ecdf99d4b48?s=96&d=mm&r=g","caption":"Contenidos El Regional"},"url":"https:\/\/elregionalvm.com.ar\/noticias-villa-maria\/author\/contenido\/"}]}},"jetpack_featured_media_url":"https:\/\/i0.wp.com\/elregionalvm.com.ar\/noticias-villa-maria\/wp-content\/uploads\/2022\/04\/WhatsApp-Image-2022-04-01-at-15.00.01.jpeg?fit=1280%2C853&ssl=1","jetpack_sharing_enabled":true,"_links":{"self":[{"href":"https:\/\/elregionalvm.com.ar\/noticias-villa-maria\/wp-json\/wp\/v2\/posts\/55033","targetHints":{"allow":["GET"]}}],"collection":[{"href":"https:\/\/elregionalvm.com.ar\/noticias-villa-maria\/wp-json\/wp\/v2\/posts"}],"about":[{"href":"https:\/\/elregionalvm.com.ar\/noticias-villa-maria\/wp-json\/wp\/v2\/types\/post"}],"author":[{"embeddable":true,"href":"https:\/\/elregionalvm.com.ar\/noticias-villa-maria\/wp-json\/wp\/v2\/users\/4"}],"replies":[{"embeddable":true,"href":"https:\/\/elregionalvm.com.ar\/noticias-villa-maria\/wp-json\/wp\/v2\/comments?post=55033"}],"version-history":[{"count":2,"href":"https:\/\/elregionalvm.com.ar\/noticias-villa-maria\/wp-json\/wp\/v2\/posts\/55033\/revisions"}],"predecessor-version":[{"id":55057,"href":"https:\/\/elregionalvm.com.ar\/noticias-villa-maria\/wp-json\/wp\/v2\/posts\/55033\/revisions\/55057"}],"wp:featuredmedia":[{"embeddable":true,"href":"https:\/\/elregionalvm.com.ar\/noticias-villa-maria\/wp-json\/wp\/v2\/media\/55034"}],"wp:attachment":[{"href":"https:\/\/elregionalvm.com.ar\/noticias-villa-maria\/wp-json\/wp\/v2\/media?parent=55033"}],"wp:term":[{"taxonomy":"category","embeddable":true,"href":"https:\/\/elregionalvm.com.ar\/noticias-villa-maria\/wp-json\/wp\/v2\/categories?post=55033"},{"taxonomy":"post_tag","embeddable":true,"href":"https:\/\/elregionalvm.com.ar\/noticias-villa-maria\/wp-json\/wp\/v2\/tags?post=55033"}],"curies":[{"name":"wp","href":"https:\/\/api.w.org\/{rel}","templated":true}]}}