{"id":55043,"date":"2022-04-02T05:13:25","date_gmt":"2022-04-02T05:13:25","guid":{"rendered":"https:\/\/elregionalvm.com.ar\/noticias-villa-maria\/?p=55043"},"modified":"2022-04-05T20:49:02","modified_gmt":"2022-04-05T20:49:02","slug":"40-anos-ellas-tambien-estuvieron-una-villamariense-entre-las-veteranas-de-malvinas","status":"publish","type":"post","link":"https:\/\/elregionalvm.com.ar\/noticias-villa-maria\/40-anos-ellas-tambien-estuvieron-una-villamariense-entre-las-veteranas-de-malvinas\/","title":{"rendered":"[40 a\u00f1os] Ellas tambi\u00e9n estuvieron: Una villamariense entre las veteranas de Malvinas"},"content":{"rendered":"\n<p><\/p>\n\n\n\n<p>Dicen que la guerra es cosa de hombres. Durante el conflicto en Malvinas, 649 soldados argentinos murieron y m\u00e1s de mil resultaron heridos. La guerra dej\u00f3 serias secuelas en muchos m\u00e1s que libraron otras batallas en su vida cotidiana.<\/p>\n\n\n\n<p>Pero tambi\u00e9n hubo un grupo de mujeres que, a su modo, form\u00f3 parte de esa postal de la tragedia, la desesperaci\u00f3n y la lucha por la patria.<\/p>\n\n\n\n<p>Casi 40 a\u00f1os despu\u00e9s, lograron ser reconocidas como veteranas de guerra, aunque no dispararon una sola bala, ni se encontraron en el frente de batalla contra los ingleses llegados de los mares lejanos.<\/p>\n\n\n\n<p>Ellas tuvieron otra responsabilidad: curar las heridas de la piel y la carne, y tratar de sanar un poco las heridas del alma de decenas de soldados que eran asistidos en un hospital m\u00f3vil instalado en el fr\u00edo patag\u00f3nico de Comodoro Rivadavia.<\/p>\n\n\n\n<p><\/p>\n\n\n\n<figure class=\"wp-block-image size-large\"><img data-recalc-dims=\"1\" fetchpriority=\"high\" decoding=\"async\" width=\"1024\" height=\"594\" src=\"https:\/\/i0.wp.com\/elregionalvm.com.ar\/noticias-villa-maria\/wp-content\/uploads\/2022\/04\/Stella-Maris-y-enfermeras-1982.jpg?resize=1024%2C594&#038;ssl=1\" alt=\"\" class=\"wp-image-55047\" srcset=\"https:\/\/i0.wp.com\/elregionalvm.com.ar\/noticias-villa-maria\/wp-content\/uploads\/2022\/04\/Stella-Maris-y-enfermeras-1982.jpg?resize=1024%2C594&amp;ssl=1 1024w, https:\/\/i0.wp.com\/elregionalvm.com.ar\/noticias-villa-maria\/wp-content\/uploads\/2022\/04\/Stella-Maris-y-enfermeras-1982.jpg?resize=300%2C174&amp;ssl=1 300w, https:\/\/i0.wp.com\/elregionalvm.com.ar\/noticias-villa-maria\/wp-content\/uploads\/2022\/04\/Stella-Maris-y-enfermeras-1982.jpg?resize=768%2C446&amp;ssl=1 768w, https:\/\/i0.wp.com\/elregionalvm.com.ar\/noticias-villa-maria\/wp-content\/uploads\/2022\/04\/Stella-Maris-y-enfermeras-1982.jpg?resize=1536%2C891&amp;ssl=1 1536w, https:\/\/i0.wp.com\/elregionalvm.com.ar\/noticias-villa-maria\/wp-content\/uploads\/2022\/04\/Stella-Maris-y-enfermeras-1982.jpg?w=1861&amp;ssl=1 1861w\" sizes=\"(max-width: 1000px) 100vw, 1000px\" \/><figcaption><em>Parte del grupo de enfermeras con sus uniformes militares en el sur argentino. <\/em><\/figcaption><\/figure>\n\n\n\n<p><\/p>\n\n\n\n<p>\u201cMuchos excombatientes nos dicen que no somos veteranas porque no pisamos la turba malvinera, porque nuestras botas no pisaron el suelo de las islas. En nuestras botas no hab\u00eda esa tierra, pero estaban llenas de sangre de los soldados argentinos\u201d.<\/p>\n\n\n\n<p>La frase corresponde a una villamariense, radicada desde hace a\u00f1os en Buenos Aires. Stella Maris Morales fue una de las 14 enfermeras con rango militar que la Fuerza A\u00e9rea destin\u00f3 para atender los heridos en el continente.<\/p>\n\n\n\n<p>Ellas tambi\u00e9n estuvieron, pero durante mucho tiempo permanecieron invisibilizadas, como borradas del mapa, como si nunca hubieran estado all\u00ed. No se hablaba de Malvinas, de la derrota, de todo lo que se hab\u00eda hecho mal, de la tragedia que signific\u00f3 para miles de familias.<\/p>\n\n\n\n<p>El reconocimiento tard\u00f3 en llegar. Pero, fue por otra batalla que libraron. Para que el Estado argentino las validara como veteranas. Stella y sus compa\u00f1eras, s\u00ed estuvieron. \u201cM\u00e1s all\u00e1 del papelito que siempre necesita el Estado, yo no lo necesito para saber que soy una veterana de guerra\u201d, destaca.<\/p>\n\n\n\n<p><\/p>\n\n\n\n<figure class=\"wp-block-image size-full\"><img data-recalc-dims=\"1\" decoding=\"async\" width=\"1024\" height=\"576\" src=\"https:\/\/i0.wp.com\/elregionalvm.com.ar\/noticias-villa-maria\/wp-content\/uploads\/2022\/04\/Stella-Maris-enfermera-Malvinas-espejo-1.jpg?resize=1024%2C576&#038;ssl=1\" alt=\"\" class=\"wp-image-55049\" srcset=\"https:\/\/i0.wp.com\/elregionalvm.com.ar\/noticias-villa-maria\/wp-content\/uploads\/2022\/04\/Stella-Maris-enfermera-Malvinas-espejo-1.jpg?w=1024&amp;ssl=1 1024w, https:\/\/i0.wp.com\/elregionalvm.com.ar\/noticias-villa-maria\/wp-content\/uploads\/2022\/04\/Stella-Maris-enfermera-Malvinas-espejo-1.jpg?resize=300%2C169&amp;ssl=1 300w, https:\/\/i0.wp.com\/elregionalvm.com.ar\/noticias-villa-maria\/wp-content\/uploads\/2022\/04\/Stella-Maris-enfermera-Malvinas-espejo-1.jpg?resize=768%2C432&amp;ssl=1 768w\" sizes=\"(max-width: 1000px) 100vw, 1000px\" \/><figcaption><em>Stella Maris, con su uniforme frente al espejo. Muchos a\u00f1os despu\u00e9s de la guerra, cuando ya libraban otra lucha. <\/em><\/figcaption><\/figure>\n\n\n\n<p><\/p>\n\n\n\n<p><strong>La violencia del olvido<\/strong><\/p>\n\n\n\n<p>\u201cNo fuimos a matar, fuimos a combatir las heridas de los soldados que llegaban de las islas, a atenderlos y contenerlos. Fue una tarea de la cual hoy me siento orgullosa, pero al mismo tiempo, a 40 a\u00f1os siento ese dolor y esa sensaci\u00f3n de c\u00f3mo puede ser que se hayan olvidado historias, como las de las enfermeras que estuvimos en el sur del pa\u00eds\u201d.<\/p>\n\n\n\n<p>El sentido reclamo es de esta villamariense, la menor de cinco hermanos, que estudi\u00f3 enfermer\u00eda en el Instituto del Rosario, luego de pasar por Bellas Artes, y se fue a Buenos Aires a anotarse a la Fuerza A\u00e9rea. Al poco tiempo se convirti\u00f3 en una de las cuatro primeras enfermeras elegidas para ir al sur.<\/p>\n\n\n\n<p>\u201cFuimos 14 enfermeras profesionales con grado militar de la Fuerza A\u00e9rea. Lo m\u00e1s impactante fueron los primeros d\u00edas que llegaron los heridos, fue un shock para todos. Vivimos momentos de angustia, dolor, en ese momento encontr\u00e1s el verdadero significado de la guerra\u201d.<\/p>\n\n\n\n<p>Cada 2 de abril, D\u00eda del Veterano y de los Ca\u00eddos en Malvinas es \u201cvolver al pasado\u201d. \u201cQuedan heridas abiertas que no se cierran. No solo se vuelve a la guerra, sino tambi\u00e9n a la posguerra con la violencia que signific\u00f3 el olvido, porque no se reconoci\u00f3 la labor de la mujer enfermera\u201d.<\/p>\n\n\n\n<p><\/p>\n\n\n\n<figure class=\"wp-block-image size-large\"><img data-recalc-dims=\"1\" decoding=\"async\" width=\"1024\" height=\"724\" src=\"https:\/\/i0.wp.com\/elregionalvm.com.ar\/noticias-villa-maria\/wp-content\/uploads\/2022\/04\/Stella-Maris-enfermera-y-otras-veteranas-de-Malvinas-tipo-mapa.jpg?resize=1024%2C724&#038;ssl=1\" alt=\"\" class=\"wp-image-55050\" srcset=\"https:\/\/i0.wp.com\/elregionalvm.com.ar\/noticias-villa-maria\/wp-content\/uploads\/2022\/04\/Stella-Maris-enfermera-y-otras-veteranas-de-Malvinas-tipo-mapa.jpg?resize=1024%2C724&amp;ssl=1 1024w, https:\/\/i0.wp.com\/elregionalvm.com.ar\/noticias-villa-maria\/wp-content\/uploads\/2022\/04\/Stella-Maris-enfermera-y-otras-veteranas-de-Malvinas-tipo-mapa.jpg?resize=300%2C212&amp;ssl=1 300w, https:\/\/i0.wp.com\/elregionalvm.com.ar\/noticias-villa-maria\/wp-content\/uploads\/2022\/04\/Stella-Maris-enfermera-y-otras-veteranas-de-Malvinas-tipo-mapa.jpg?resize=768%2C543&amp;ssl=1 768w, https:\/\/i0.wp.com\/elregionalvm.com.ar\/noticias-villa-maria\/wp-content\/uploads\/2022\/04\/Stella-Maris-enfermera-y-otras-veteranas-de-Malvinas-tipo-mapa.jpg?w=1241&amp;ssl=1 1241w\" sizes=\"(max-width: 1000px) 100vw, 1000px\" \/><figcaption><em>Las nombres de las 14 enfermeras con rango militar que atendieron a los heridos de Malvinas. <\/em><\/figcaption><\/figure>\n\n\n\n<p><\/p>\n\n\n\n<p>Pasaron muchos a\u00f1os para que pudieran levantar su voz. Junto con dos de las 14 compa\u00f1eras, Alicia Reynoso y Ana Masitto, comenzaron a hacerse o\u00edr. En 2019, incluso, volvieron al lugar donde hab\u00edan librado su lucha contra el dolor y la muerte. Entonces, naci\u00f3 el documental \u201cNosotras tambi\u00e9n estuvimos\u201d, del director Federico Strifezzo.<\/p>\n\n\n\n<p><\/p>\n\n\n\n<figure class=\"wp-block-embed is-type-video is-provider-youtube wp-block-embed-youtube wp-embed-aspect-16-9 wp-has-aspect-ratio\"><div class=\"wp-block-embed__wrapper\">\n<iframe title=\"Nosotras tambi\u00e9n estuvimos | Las heridas\" width=\"500\" height=\"281\" src=\"https:\/\/www.youtube.com\/embed\/RLAV05VO0zc?feature=oembed\" frameborder=\"0\" allow=\"accelerometer; autoplay; clipboard-write; encrypted-media; gyroscope; picture-in-picture; web-share\" referrerpolicy=\"strict-origin-when-cross-origin\" allowfullscreen><\/iframe>\n<\/div><figcaption><em>Fragmento del documental que rememora el accionar de las veteranas de guerra. <\/em><\/figcaption><\/figure>\n\n\n\n<p><\/p>\n\n\n\n<p>All\u00ed recordaron an\u00e9cdotas te\u00f1idas por el dolor, la angustia y el espanto. Volvieron a vestir los uniformes verdes y se calzaron los borcegos negros. Incluso encontraron el refugio construido hace cuatro d\u00e9cadas.<\/p>\n\n\n\n<p>\u201cFuimos ordenadas a no hablar, nos obligaron a callar esta historia. Cuando termin\u00f3 la guerra volvimos a nuestros lugares de trabajo, en los pasillos no se hablaba, no se hac\u00edan comentarios. Esto marc\u00f3 para siempre nuestras vidas\u201d.<\/p>\n\n\n\n<p>Pero, de a poco, levantaron la bandera por la visibilidad, se reunieron y comenzaron a luchar contra el olvido. \u201cNo figur\u00e1bamos en ning\u00fan libro, pero ten\u00edamos documentos, pod\u00edamos fundamentar nuestro trabajo, ten\u00edamos cartas, recortes de diarios, libros escritos por nosotras. Nos doli\u00f3 mucho este silencio, fue triste y doloroso, pero nos levantamos y sent\u00edamos que ten\u00edamos que vencerlo\u00bb.<\/p>\n\n\n\n<p><\/p>\n\n\n\n<figure class=\"wp-block-image size-large\"><img data-recalc-dims=\"1\" loading=\"lazy\" decoding=\"async\" width=\"1024\" height=\"573\" src=\"https:\/\/i0.wp.com\/elregionalvm.com.ar\/noticias-villa-maria\/wp-content\/uploads\/2022\/04\/Stella-Maris-enfermera-Malvinas-en-Comodoro.jpg?resize=1024%2C573&#038;ssl=1\" alt=\"\" class=\"wp-image-55051\" srcset=\"https:\/\/i0.wp.com\/elregionalvm.com.ar\/noticias-villa-maria\/wp-content\/uploads\/2022\/04\/Stella-Maris-enfermera-Malvinas-en-Comodoro.jpg?resize=1024%2C573&amp;ssl=1 1024w, https:\/\/i0.wp.com\/elregionalvm.com.ar\/noticias-villa-maria\/wp-content\/uploads\/2022\/04\/Stella-Maris-enfermera-Malvinas-en-Comodoro.jpg?resize=300%2C168&amp;ssl=1 300w, https:\/\/i0.wp.com\/elregionalvm.com.ar\/noticias-villa-maria\/wp-content\/uploads\/2022\/04\/Stella-Maris-enfermera-Malvinas-en-Comodoro.jpg?resize=768%2C430&amp;ssl=1 768w, https:\/\/i0.wp.com\/elregionalvm.com.ar\/noticias-villa-maria\/wp-content\/uploads\/2022\/04\/Stella-Maris-enfermera-Malvinas-en-Comodoro.jpg?w=1095&amp;ssl=1 1095w\" sizes=\"(max-width: 1000px) 100vw, 1000px\" \/><figcaption><em>En el mismo lugar, casi 40 a\u00f1os despu\u00e9s de la guerra. Se reunieron para un documental. <\/em><\/figcaption><\/figure>\n\n\n\n<p><\/p>\n\n\n\n<p><strong>Negaci\u00f3n de veteranos<\/strong><\/p>\n\n\n\n<p>M\u00e1s all\u00e1 de la tard\u00eda decisi\u00f3n del estado por reconocerlas, hay otra falta de reconocimiento que no logran comprender.<\/p>\n\n\n\n<p>\u201cA 40 a\u00f1os, algunos veteranos nos niegan, porque nos dicen que no estuvimos en las Malvinas, que no pisamos la turba malvinera. No importa si estuvimos en el continente o en las islas, si todo es suelo argentino\u201d.<\/p>\n\n\n\n<p>\u201cEs muy triste, porque nosotras nos calzamos los borcegos, pero no nos ensuciamos con la tierra como dicen, nos ensuciamos con la sangre de los soldados que ven\u00edan de las islas. Eso nos dice que somos veteranas\u201d.<\/p>\n\n\n\n<p>\u201cIgual no necesito un papel para decir que soy veterana, yo me siente veterana desde el momento que empez\u00f3 la guerra y que comenzamos a curar las heridas de los soldados que ven\u00edan de las islas\u201d.<\/p>\n\n\n\n<p><\/p>\n\n\n\n<figure class=\"wp-block-image size-large is-resized\"><img data-recalc-dims=\"1\" loading=\"lazy\" decoding=\"async\" src=\"https:\/\/i0.wp.com\/elregionalvm.com.ar\/noticias-villa-maria\/wp-content\/uploads\/2022\/04\/Stella-Maris-enfermera-Malvinas-con-companeras.jpg?resize=910%2C510&#038;ssl=1\" alt=\"\" class=\"wp-image-55052\" width=\"910\" height=\"510\" srcset=\"https:\/\/i0.wp.com\/elregionalvm.com.ar\/noticias-villa-maria\/wp-content\/uploads\/2022\/04\/Stella-Maris-enfermera-Malvinas-con-companeras.jpg?resize=1024%2C575&amp;ssl=1 1024w, https:\/\/i0.wp.com\/elregionalvm.com.ar\/noticias-villa-maria\/wp-content\/uploads\/2022\/04\/Stella-Maris-enfermera-Malvinas-con-companeras.jpg?resize=300%2C169&amp;ssl=1 300w, https:\/\/i0.wp.com\/elregionalvm.com.ar\/noticias-villa-maria\/wp-content\/uploads\/2022\/04\/Stella-Maris-enfermera-Malvinas-con-companeras.jpg?w=1091&amp;ssl=1 1091w\" sizes=\"(max-width: 910px) 100vw, 910px\" \/><figcaption><em>Stella Maris y sus compa\u00f1eras, juntas para recordar los tiempos de guerra, dolor y tragedia. <\/em><\/figcaption><\/figure>\n\n\n\n<p><\/p>\n\n\n\n<p>Stella se siente esperanzada por el futuro y lo que los j\u00f3venes puedan hacer en relaci\u00f3n con Malvinas.<\/p>\n\n\n\n<p>\u201cLo que me alienta de estos 40 a\u00f1os, es que veo a mucha gente joven que se interesa y est\u00e1 inquieta por la historia, por Malvinas, por toda la verdad. Ellos de alguna manera van a poder lograr la soberan\u00eda, pero no con las armas, s\u00ed bregando por la paz y luchando con la palabra y el di\u00e1logo\u201d, finaliz\u00f3 la veterana de guerra. <\/p>\n\n\n\n<p><\/p>\n\n\n\n<figure class=\"wp-block-embed is-type-video is-provider-youtube wp-block-embed-youtube wp-embed-aspect-16-9 wp-has-aspect-ratio\"><div class=\"wp-block-embed__wrapper\">\n<iframe title=\"Nosotras tambi\u00e9n estuvimos | &quot;\u00a1Estamos vivas!&quot;\" width=\"500\" height=\"281\" src=\"https:\/\/www.youtube.com\/embed\/USNcG8PdZ6I?feature=oembed\" frameborder=\"0\" allow=\"accelerometer; autoplay; clipboard-write; encrypted-media; gyroscope; picture-in-picture; web-share\" referrerpolicy=\"strict-origin-when-cross-origin\" allowfullscreen><\/iframe>\n<\/div><\/figure>\n","protected":false},"excerpt":{"rendered":"<p>Dicen que la guerra es cosa de hombres. Durante el conflicto en Malvinas, 649 soldados argentinos murieron y m\u00e1s de mil resultaron heridos. La guerra dej\u00f3 serias secuelas en muchos m\u00e1s que libraron otras batallas en su vida cotidiana. Pero tambi\u00e9n hubo un grupo de mujeres que, a su modo, form\u00f3 parte de esa postal [&hellip;]<\/p>\n","protected":false},"author":6,"featured_media":55045,"comment_status":"open","ping_status":"open","sticky":false,"template":"","format":"standard","meta":{"site-sidebar-layout":"default","site-content-layout":"","ast-site-content-layout":"default","site-content-style":"default","site-sidebar-style":"default","ast-global-header-display":"","ast-banner-title-visibility":"","ast-main-header-display":"","ast-hfb-above-header-display":"","ast-hfb-below-header-display":"","ast-hfb-mobile-header-display":"","site-post-title":"","ast-breadcrumbs-content":"","ast-featured-img":"","footer-sml-layout":"","ast-disable-related-posts":"","theme-transparent-header-meta":"","adv-header-id-meta":"","stick-header-meta":"","header-above-stick-meta":"","header-main-stick-meta":"","header-below-stick-meta":"","astra-migrate-meta-layouts":"default","ast-page-background-enabled":"default","ast-page-background-meta":{"desktop":{"background-color":"","background-image":"","background-repeat":"repeat","background-position":"center center","background-size":"auto","background-attachment":"scroll","background-type":"","background-media":"","overlay-type":"","overlay-color":"","overlay-opacity":"","overlay-gradient":""},"tablet":{"background-color":"","background-image":"","background-repeat":"repeat","background-position":"center center","background-size":"auto","background-attachment":"scroll","background-type":"","background-media":"","overlay-type":"","overlay-color":"","overlay-opacity":"","overlay-gradient":""},"mobile":{"background-color":"","background-image":"","background-repeat":"repeat","background-position":"center center","background-size":"auto","background-attachment":"scroll","background-type":"","background-media":"","overlay-type":"","overlay-color":"","overlay-opacity":"","overlay-gradient":""}},"ast-content-background-meta":{"desktop":{"background-color":"var(--ast-global-color-5)","background-image":"","background-repeat":"repeat","background-position":"center center","background-size":"auto","background-attachment":"scroll","background-type":"","background-media":"","overlay-type":"","overlay-color":"","overlay-opacity":"","overlay-gradient":""},"tablet":{"background-color":"var(--ast-global-color-5)","background-image":"","background-repeat":"repeat","background-position":"center center","background-size":"auto","background-attachment":"scroll","background-type":"","background-media":"","overlay-type":"","overlay-color":"","overlay-opacity":"","overlay-gradient":""},"mobile":{"background-color":"var(--ast-global-color-5)","background-image":"","background-repeat":"repeat","background-position":"center center","background-size":"auto","background-attachment":"scroll","background-type":"","background-media":"","overlay-type":"","overlay-color":"","overlay-opacity":"","overlay-gradient":""}},"_jetpack_memberships_contains_paid_content":false,"_joinchat":[],"footnotes":""},"categories":[2323,5,2074,2],"tags":[8026,5720,14619,14620,30,34,100,13369,4803,6813,14617,14618],"class_list":["post-55043","post","type-post","status-publish","format-standard","has-post-thumbnail","hentry","category-notas-secundarias","category-sociedad","category-videos","category-villa-maria","tag-2-de-abril","tag-dolor","tag-enfermeras","tag-excombatientes","tag-guerra","tag-malvinas","tag-muerte","tag-olvido","tag-reconocimiento","tag-soldados","tag-stella-maris-morales","tag-veteranas-de-guerra"],"yoast_head":"<!-- This site is optimized with the Yoast SEO plugin v26.8 - https:\/\/yoast.com\/product\/yoast-seo-wordpress\/ -->\n<title>[40 a\u00f1os] Ellas tambi\u00e9n estuvieron: Una villamariense entre las veteranas de Malvinas - El Regional<\/title>\n<meta name=\"description\" content=\"Casi 40 a\u00f1os despu\u00e9s, lograron ser reconocidas como veteranas de guerra. No dispararon balas, pero curaron y contuvieron a los soldados.\" \/>\n<meta name=\"robots\" content=\"index, follow, max-snippet:-1, max-image-preview:large, max-video-preview:-1\" \/>\n<link rel=\"canonical\" href=\"http:\/\/elregionalvm.com.ar\/noticias-villa-maria\/40-anos-ellas-tambien-estuvieron-una-villamariense-entre-las-veteranas-de-malvinas\/\" \/>\n<meta property=\"og:locale\" content=\"es_ES\" \/>\n<meta property=\"og:type\" content=\"article\" \/>\n<meta property=\"og:title\" content=\"[40 a\u00f1os] Ellas tambi\u00e9n estuvieron: Una villamariense entre las veteranas de Malvinas - El Regional\" \/>\n<meta property=\"og:description\" content=\"Casi 40 a\u00f1os despu\u00e9s, lograron ser reconocidas como veteranas de guerra. No dispararon balas, pero curaron y contuvieron a los soldados.\" \/>\n<meta property=\"og:url\" content=\"http:\/\/elregionalvm.com.ar\/noticias-villa-maria\/40-anos-ellas-tambien-estuvieron-una-villamariense-entre-las-veteranas-de-malvinas\/\" \/>\n<meta property=\"og:site_name\" content=\"El Regional\" \/>\n<meta property=\"article:publisher\" content=\"https:\/\/www.facebook.com\/elregionalvm\" \/>\n<meta property=\"article:published_time\" content=\"2022-04-02T05:13:25+00:00\" \/>\n<meta property=\"article:modified_time\" content=\"2022-04-05T20:49:02+00:00\" \/>\n<meta property=\"og:image\" content=\"http:\/\/elregionalvm.com.ar\/noticias-villa-maria\/wp-content\/uploads\/2022\/04\/Stella-Maris-enfermera-Malvinas-en-Comodoro-vertical.jpg\" \/>\n\t<meta property=\"og:image:width\" content=\"452\" \/>\n\t<meta property=\"og:image:height\" content=\"613\" \/>\n\t<meta property=\"og:image:type\" content=\"image\/jpeg\" \/>\n<meta name=\"author\" content=\"Germ\u00e1n Giacchero\" \/>\n<meta name=\"twitter:card\" content=\"summary_large_image\" \/>\n<meta name=\"twitter:creator\" content=\"@elregionalvm1\" \/>\n<meta name=\"twitter:site\" content=\"@elregionalvm1\" \/>\n<meta name=\"twitter:label1\" content=\"Escrito por\" \/>\n\t<meta name=\"twitter:data1\" content=\"Germ\u00e1n Giacchero\" \/>\n\t<meta name=\"twitter:label2\" content=\"Tiempo de lectura\" \/>\n\t<meta name=\"twitter:data2\" content=\"5 minutos\" \/>\n<script type=\"application\/ld+json\" class=\"yoast-schema-graph\">{\"@context\":\"https:\/\/schema.org\",\"@graph\":[{\"@type\":\"Article\",\"@id\":\"http:\/\/elregionalvm.com.ar\/noticias-villa-maria\/40-anos-ellas-tambien-estuvieron-una-villamariense-entre-las-veteranas-de-malvinas\/#article\",\"isPartOf\":{\"@id\":\"http:\/\/elregionalvm.com.ar\/noticias-villa-maria\/40-anos-ellas-tambien-estuvieron-una-villamariense-entre-las-veteranas-de-malvinas\/\"},\"author\":{\"name\":\"Germ\u00e1n Giacchero\",\"@id\":\"http:\/\/elregionalvm.com.ar\/noticias-villa-maria\/#\/schema\/person\/d5e4b04966154131701e52c45d3efec9\"},\"headline\":\"[40 a\u00f1os] Ellas tambi\u00e9n estuvieron: Una villamariense entre las veteranas de Malvinas\",\"datePublished\":\"2022-04-02T05:13:25+00:00\",\"dateModified\":\"2022-04-05T20:49:02+00:00\",\"mainEntityOfPage\":{\"@id\":\"http:\/\/elregionalvm.com.ar\/noticias-villa-maria\/40-anos-ellas-tambien-estuvieron-una-villamariense-entre-las-veteranas-de-malvinas\/\"},\"wordCount\":1090,\"commentCount\":0,\"image\":{\"@id\":\"http:\/\/elregionalvm.com.ar\/noticias-villa-maria\/40-anos-ellas-tambien-estuvieron-una-villamariense-entre-las-veteranas-de-malvinas\/#primaryimage\"},\"thumbnailUrl\":\"https:\/\/i0.wp.com\/elregionalvm.com.ar\/noticias-villa-maria\/wp-content\/uploads\/2022\/04\/Stella-Maris-enfermera-Malvinas-en-Comodoro-vertical.jpg?fit=452%2C613&ssl=1\",\"keywords\":[\"2 de Abril\",\"Dolor\",\"enfermeras\",\"excombatientes\",\"guerra\",\"Malvinas\",\"muerte\",\"olvido\",\"reconocimiento\",\"Soldados\",\"Stella Maris Morales\",\"veteranas de guerra\"],\"articleSection\":[\"Notas\",\"Sociedad\",\"Videos\",\"Villa Mar\u00eda\"],\"inLanguage\":\"es\",\"potentialAction\":[{\"@type\":\"CommentAction\",\"name\":\"Comment\",\"target\":[\"http:\/\/elregionalvm.com.ar\/noticias-villa-maria\/40-anos-ellas-tambien-estuvieron-una-villamariense-entre-las-veteranas-de-malvinas\/#respond\"]}]},{\"@type\":\"WebPage\",\"@id\":\"http:\/\/elregionalvm.com.ar\/noticias-villa-maria\/40-anos-ellas-tambien-estuvieron-una-villamariense-entre-las-veteranas-de-malvinas\/\",\"url\":\"http:\/\/elregionalvm.com.ar\/noticias-villa-maria\/40-anos-ellas-tambien-estuvieron-una-villamariense-entre-las-veteranas-de-malvinas\/\",\"name\":\"[40 a\u00f1os] Ellas tambi\u00e9n estuvieron: Una villamariense entre las veteranas de Malvinas - El Regional\",\"isPartOf\":{\"@id\":\"http:\/\/elregionalvm.com.ar\/noticias-villa-maria\/#website\"},\"primaryImageOfPage\":{\"@id\":\"http:\/\/elregionalvm.com.ar\/noticias-villa-maria\/40-anos-ellas-tambien-estuvieron-una-villamariense-entre-las-veteranas-de-malvinas\/#primaryimage\"},\"image\":{\"@id\":\"http:\/\/elregionalvm.com.ar\/noticias-villa-maria\/40-anos-ellas-tambien-estuvieron-una-villamariense-entre-las-veteranas-de-malvinas\/#primaryimage\"},\"thumbnailUrl\":\"https:\/\/i0.wp.com\/elregionalvm.com.ar\/noticias-villa-maria\/wp-content\/uploads\/2022\/04\/Stella-Maris-enfermera-Malvinas-en-Comodoro-vertical.jpg?fit=452%2C613&ssl=1\",\"datePublished\":\"2022-04-02T05:13:25+00:00\",\"dateModified\":\"2022-04-05T20:49:02+00:00\",\"author\":{\"@id\":\"http:\/\/elregionalvm.com.ar\/noticias-villa-maria\/#\/schema\/person\/d5e4b04966154131701e52c45d3efec9\"},\"description\":\"Casi 40 a\u00f1os despu\u00e9s, lograron ser reconocidas como veteranas de guerra. No dispararon balas, pero curaron y contuvieron a los soldados.\",\"breadcrumb\":{\"@id\":\"http:\/\/elregionalvm.com.ar\/noticias-villa-maria\/40-anos-ellas-tambien-estuvieron-una-villamariense-entre-las-veteranas-de-malvinas\/#breadcrumb\"},\"inLanguage\":\"es\",\"potentialAction\":[{\"@type\":\"ReadAction\",\"target\":[\"http:\/\/elregionalvm.com.ar\/noticias-villa-maria\/40-anos-ellas-tambien-estuvieron-una-villamariense-entre-las-veteranas-de-malvinas\/\"]}]},{\"@type\":\"ImageObject\",\"inLanguage\":\"es\",\"@id\":\"http:\/\/elregionalvm.com.ar\/noticias-villa-maria\/40-anos-ellas-tambien-estuvieron-una-villamariense-entre-las-veteranas-de-malvinas\/#primaryimage\",\"url\":\"https:\/\/i0.wp.com\/elregionalvm.com.ar\/noticias-villa-maria\/wp-content\/uploads\/2022\/04\/Stella-Maris-enfermera-Malvinas-en-Comodoro-vertical.jpg?fit=452%2C613&ssl=1\",\"contentUrl\":\"https:\/\/i0.wp.com\/elregionalvm.com.ar\/noticias-villa-maria\/wp-content\/uploads\/2022\/04\/Stella-Maris-enfermera-Malvinas-en-Comodoro-vertical.jpg?fit=452%2C613&ssl=1\",\"width\":452,\"height\":613},{\"@type\":\"BreadcrumbList\",\"@id\":\"http:\/\/elregionalvm.com.ar\/noticias-villa-maria\/40-anos-ellas-tambien-estuvieron-una-villamariense-entre-las-veteranas-de-malvinas\/#breadcrumb\",\"itemListElement\":[{\"@type\":\"ListItem\",\"position\":1,\"name\":\"Portada\",\"item\":\"https:\/\/elregionalvm.com.ar\/noticias-villa-maria\/\"},{\"@type\":\"ListItem\",\"position\":2,\"name\":\"[40 a\u00f1os] Ellas tambi\u00e9n estuvieron: Una villamariense entre las veteranas de Malvinas\"}]},{\"@type\":\"WebSite\",\"@id\":\"http:\/\/elregionalvm.com.ar\/noticias-villa-maria\/#website\",\"url\":\"http:\/\/elregionalvm.com.ar\/noticias-villa-maria\/\",\"name\":\"El Regional\",\"description\":\"Mucho m\u00e1s que informaci\u00f3n\",\"potentialAction\":[{\"@type\":\"SearchAction\",\"target\":{\"@type\":\"EntryPoint\",\"urlTemplate\":\"http:\/\/elregionalvm.com.ar\/noticias-villa-maria\/?s={search_term_string}\"},\"query-input\":{\"@type\":\"PropertyValueSpecification\",\"valueRequired\":true,\"valueName\":\"search_term_string\"}}],\"inLanguage\":\"es\"},{\"@type\":\"Person\",\"@id\":\"http:\/\/elregionalvm.com.ar\/noticias-villa-maria\/#\/schema\/person\/d5e4b04966154131701e52c45d3efec9\",\"name\":\"Germ\u00e1n Giacchero\",\"image\":{\"@type\":\"ImageObject\",\"inLanguage\":\"es\",\"@id\":\"http:\/\/elregionalvm.com.ar\/noticias-villa-maria\/#\/schema\/person\/image\/\",\"url\":\"https:\/\/secure.gravatar.com\/avatar\/fda163ba5ef0307ee5be9846e10f83b6e83d0cfb260d3b2464830318894c6b04?s=96&d=mm&r=g\",\"contentUrl\":\"https:\/\/secure.gravatar.com\/avatar\/fda163ba5ef0307ee5be9846e10f83b6e83d0cfb260d3b2464830318894c6b04?s=96&d=mm&r=g\",\"caption\":\"Germ\u00e1n Giacchero\"},\"url\":\"https:\/\/elregionalvm.com.ar\/noticias-villa-maria\/author\/germangiacchero\/\"}]}<\/script>\n<!-- \/ Yoast SEO plugin. -->","yoast_head_json":{"title":"[40 a\u00f1os] Ellas tambi\u00e9n estuvieron: Una villamariense entre las veteranas de Malvinas - El Regional","description":"Casi 40 a\u00f1os despu\u00e9s, lograron ser reconocidas como veteranas de guerra. No dispararon balas, pero curaron y contuvieron a los soldados.","robots":{"index":"index","follow":"follow","max-snippet":"max-snippet:-1","max-image-preview":"max-image-preview:large","max-video-preview":"max-video-preview:-1"},"canonical":"http:\/\/elregionalvm.com.ar\/noticias-villa-maria\/40-anos-ellas-tambien-estuvieron-una-villamariense-entre-las-veteranas-de-malvinas\/","og_locale":"es_ES","og_type":"article","og_title":"[40 a\u00f1os] Ellas tambi\u00e9n estuvieron: Una villamariense entre las veteranas de Malvinas - El Regional","og_description":"Casi 40 a\u00f1os despu\u00e9s, lograron ser reconocidas como veteranas de guerra. No dispararon balas, pero curaron y contuvieron a los soldados.","og_url":"http:\/\/elregionalvm.com.ar\/noticias-villa-maria\/40-anos-ellas-tambien-estuvieron-una-villamariense-entre-las-veteranas-de-malvinas\/","og_site_name":"El Regional","article_publisher":"https:\/\/www.facebook.com\/elregionalvm","article_published_time":"2022-04-02T05:13:25+00:00","article_modified_time":"2022-04-05T20:49:02+00:00","og_image":[{"width":452,"height":613,"url":"http:\/\/elregionalvm.com.ar\/noticias-villa-maria\/wp-content\/uploads\/2022\/04\/Stella-Maris-enfermera-Malvinas-en-Comodoro-vertical.jpg","type":"image\/jpeg"}],"author":"Germ\u00e1n Giacchero","twitter_card":"summary_large_image","twitter_creator":"@elregionalvm1","twitter_site":"@elregionalvm1","twitter_misc":{"Escrito por":"Germ\u00e1n Giacchero","Tiempo de lectura":"5 minutos"},"schema":{"@context":"https:\/\/schema.org","@graph":[{"@type":"Article","@id":"http:\/\/elregionalvm.com.ar\/noticias-villa-maria\/40-anos-ellas-tambien-estuvieron-una-villamariense-entre-las-veteranas-de-malvinas\/#article","isPartOf":{"@id":"http:\/\/elregionalvm.com.ar\/noticias-villa-maria\/40-anos-ellas-tambien-estuvieron-una-villamariense-entre-las-veteranas-de-malvinas\/"},"author":{"name":"Germ\u00e1n Giacchero","@id":"http:\/\/elregionalvm.com.ar\/noticias-villa-maria\/#\/schema\/person\/d5e4b04966154131701e52c45d3efec9"},"headline":"[40 a\u00f1os] Ellas tambi\u00e9n estuvieron: Una villamariense entre las veteranas de Malvinas","datePublished":"2022-04-02T05:13:25+00:00","dateModified":"2022-04-05T20:49:02+00:00","mainEntityOfPage":{"@id":"http:\/\/elregionalvm.com.ar\/noticias-villa-maria\/40-anos-ellas-tambien-estuvieron-una-villamariense-entre-las-veteranas-de-malvinas\/"},"wordCount":1090,"commentCount":0,"image":{"@id":"http:\/\/elregionalvm.com.ar\/noticias-villa-maria\/40-anos-ellas-tambien-estuvieron-una-villamariense-entre-las-veteranas-de-malvinas\/#primaryimage"},"thumbnailUrl":"https:\/\/i0.wp.com\/elregionalvm.com.ar\/noticias-villa-maria\/wp-content\/uploads\/2022\/04\/Stella-Maris-enfermera-Malvinas-en-Comodoro-vertical.jpg?fit=452%2C613&ssl=1","keywords":["2 de Abril","Dolor","enfermeras","excombatientes","guerra","Malvinas","muerte","olvido","reconocimiento","Soldados","Stella Maris Morales","veteranas de guerra"],"articleSection":["Notas","Sociedad","Videos","Villa Mar\u00eda"],"inLanguage":"es","potentialAction":[{"@type":"CommentAction","name":"Comment","target":["http:\/\/elregionalvm.com.ar\/noticias-villa-maria\/40-anos-ellas-tambien-estuvieron-una-villamariense-entre-las-veteranas-de-malvinas\/#respond"]}]},{"@type":"WebPage","@id":"http:\/\/elregionalvm.com.ar\/noticias-villa-maria\/40-anos-ellas-tambien-estuvieron-una-villamariense-entre-las-veteranas-de-malvinas\/","url":"http:\/\/elregionalvm.com.ar\/noticias-villa-maria\/40-anos-ellas-tambien-estuvieron-una-villamariense-entre-las-veteranas-de-malvinas\/","name":"[40 a\u00f1os] Ellas tambi\u00e9n estuvieron: Una villamariense entre las veteranas de Malvinas - El Regional","isPartOf":{"@id":"http:\/\/elregionalvm.com.ar\/noticias-villa-maria\/#website"},"primaryImageOfPage":{"@id":"http:\/\/elregionalvm.com.ar\/noticias-villa-maria\/40-anos-ellas-tambien-estuvieron-una-villamariense-entre-las-veteranas-de-malvinas\/#primaryimage"},"image":{"@id":"http:\/\/elregionalvm.com.ar\/noticias-villa-maria\/40-anos-ellas-tambien-estuvieron-una-villamariense-entre-las-veteranas-de-malvinas\/#primaryimage"},"thumbnailUrl":"https:\/\/i0.wp.com\/elregionalvm.com.ar\/noticias-villa-maria\/wp-content\/uploads\/2022\/04\/Stella-Maris-enfermera-Malvinas-en-Comodoro-vertical.jpg?fit=452%2C613&ssl=1","datePublished":"2022-04-02T05:13:25+00:00","dateModified":"2022-04-05T20:49:02+00:00","author":{"@id":"http:\/\/elregionalvm.com.ar\/noticias-villa-maria\/#\/schema\/person\/d5e4b04966154131701e52c45d3efec9"},"description":"Casi 40 a\u00f1os despu\u00e9s, lograron ser reconocidas como veteranas de guerra. No dispararon balas, pero curaron y contuvieron a los soldados.","breadcrumb":{"@id":"http:\/\/elregionalvm.com.ar\/noticias-villa-maria\/40-anos-ellas-tambien-estuvieron-una-villamariense-entre-las-veteranas-de-malvinas\/#breadcrumb"},"inLanguage":"es","potentialAction":[{"@type":"ReadAction","target":["http:\/\/elregionalvm.com.ar\/noticias-villa-maria\/40-anos-ellas-tambien-estuvieron-una-villamariense-entre-las-veteranas-de-malvinas\/"]}]},{"@type":"ImageObject","inLanguage":"es","@id":"http:\/\/elregionalvm.com.ar\/noticias-villa-maria\/40-anos-ellas-tambien-estuvieron-una-villamariense-entre-las-veteranas-de-malvinas\/#primaryimage","url":"https:\/\/i0.wp.com\/elregionalvm.com.ar\/noticias-villa-maria\/wp-content\/uploads\/2022\/04\/Stella-Maris-enfermera-Malvinas-en-Comodoro-vertical.jpg?fit=452%2C613&ssl=1","contentUrl":"https:\/\/i0.wp.com\/elregionalvm.com.ar\/noticias-villa-maria\/wp-content\/uploads\/2022\/04\/Stella-Maris-enfermera-Malvinas-en-Comodoro-vertical.jpg?fit=452%2C613&ssl=1","width":452,"height":613},{"@type":"BreadcrumbList","@id":"http:\/\/elregionalvm.com.ar\/noticias-villa-maria\/40-anos-ellas-tambien-estuvieron-una-villamariense-entre-las-veteranas-de-malvinas\/#breadcrumb","itemListElement":[{"@type":"ListItem","position":1,"name":"Portada","item":"https:\/\/elregionalvm.com.ar\/noticias-villa-maria\/"},{"@type":"ListItem","position":2,"name":"[40 a\u00f1os] Ellas tambi\u00e9n estuvieron: Una villamariense entre las veteranas de Malvinas"}]},{"@type":"WebSite","@id":"http:\/\/elregionalvm.com.ar\/noticias-villa-maria\/#website","url":"http:\/\/elregionalvm.com.ar\/noticias-villa-maria\/","name":"El Regional","description":"Mucho m\u00e1s que informaci\u00f3n","potentialAction":[{"@type":"SearchAction","target":{"@type":"EntryPoint","urlTemplate":"http:\/\/elregionalvm.com.ar\/noticias-villa-maria\/?s={search_term_string}"},"query-input":{"@type":"PropertyValueSpecification","valueRequired":true,"valueName":"search_term_string"}}],"inLanguage":"es"},{"@type":"Person","@id":"http:\/\/elregionalvm.com.ar\/noticias-villa-maria\/#\/schema\/person\/d5e4b04966154131701e52c45d3efec9","name":"Germ\u00e1n Giacchero","image":{"@type":"ImageObject","inLanguage":"es","@id":"http:\/\/elregionalvm.com.ar\/noticias-villa-maria\/#\/schema\/person\/image\/","url":"https:\/\/secure.gravatar.com\/avatar\/fda163ba5ef0307ee5be9846e10f83b6e83d0cfb260d3b2464830318894c6b04?s=96&d=mm&r=g","contentUrl":"https:\/\/secure.gravatar.com\/avatar\/fda163ba5ef0307ee5be9846e10f83b6e83d0cfb260d3b2464830318894c6b04?s=96&d=mm&r=g","caption":"Germ\u00e1n Giacchero"},"url":"https:\/\/elregionalvm.com.ar\/noticias-villa-maria\/author\/germangiacchero\/"}]}},"jetpack_featured_media_url":"https:\/\/i0.wp.com\/elregionalvm.com.ar\/noticias-villa-maria\/wp-content\/uploads\/2022\/04\/Stella-Maris-enfermera-Malvinas-en-Comodoro-vertical.jpg?fit=452%2C613&ssl=1","jetpack_sharing_enabled":true,"_links":{"self":[{"href":"https:\/\/elregionalvm.com.ar\/noticias-villa-maria\/wp-json\/wp\/v2\/posts\/55043","targetHints":{"allow":["GET"]}}],"collection":[{"href":"https:\/\/elregionalvm.com.ar\/noticias-villa-maria\/wp-json\/wp\/v2\/posts"}],"about":[{"href":"https:\/\/elregionalvm.com.ar\/noticias-villa-maria\/wp-json\/wp\/v2\/types\/post"}],"author":[{"embeddable":true,"href":"https:\/\/elregionalvm.com.ar\/noticias-villa-maria\/wp-json\/wp\/v2\/users\/6"}],"replies":[{"embeddable":true,"href":"https:\/\/elregionalvm.com.ar\/noticias-villa-maria\/wp-json\/wp\/v2\/comments?post=55043"}],"version-history":[{"count":3,"href":"https:\/\/elregionalvm.com.ar\/noticias-villa-maria\/wp-json\/wp\/v2\/posts\/55043\/revisions"}],"predecessor-version":[{"id":55053,"href":"https:\/\/elregionalvm.com.ar\/noticias-villa-maria\/wp-json\/wp\/v2\/posts\/55043\/revisions\/55053"}],"wp:featuredmedia":[{"embeddable":true,"href":"https:\/\/elregionalvm.com.ar\/noticias-villa-maria\/wp-json\/wp\/v2\/media\/55045"}],"wp:attachment":[{"href":"https:\/\/elregionalvm.com.ar\/noticias-villa-maria\/wp-json\/wp\/v2\/media?parent=55043"}],"wp:term":[{"taxonomy":"category","embeddable":true,"href":"https:\/\/elregionalvm.com.ar\/noticias-villa-maria\/wp-json\/wp\/v2\/categories?post=55043"},{"taxonomy":"post_tag","embeddable":true,"href":"https:\/\/elregionalvm.com.ar\/noticias-villa-maria\/wp-json\/wp\/v2\/tags?post=55043"}],"curies":[{"name":"wp","href":"https:\/\/api.w.org\/{rel}","templated":true}]}}