{"id":55472,"date":"2022-04-10T22:02:09","date_gmt":"2022-04-10T22:02:09","guid":{"rendered":"https:\/\/elregionalvm.com.ar\/noticias-villa-maria\/?p=55472"},"modified":"2022-04-12T02:38:18","modified_gmt":"2022-04-12T02:38:18","slug":"politica-internacional-francia-macron-y-le-pen-en-segunda-vuelta","status":"publish","type":"post","link":"https:\/\/elregionalvm.com.ar\/noticias-villa-maria\/politica-internacional-francia-macron-y-le-pen-en-segunda-vuelta\/","title":{"rendered":"[Pol\u00edtica Internacional] Francia: Macron y Le Pen en segunda vuelta"},"content":{"rendered":"\n<p><\/p>\n\n\n\n<p><strong>Escribe: Karin Hiebaum (Corresponsal Europa)<\/strong><\/p>\n\n\n\n<p><\/p>\n\n\n\n<p>El actual presidente Emmanuel Macron y la populista de derechas Marine Le Pen pasan a la segunda vuelta en las elecciones presidenciales de Francia, seg\u00fan las primeras proyecciones.<\/p>\n\n\n\n<p>De acuerdo con las proyecciones de los institutos de investigaci\u00f3n electoral del domingo por la noche, Macron tiene entre el 27% y el 29,7% de los votos. Esto le sit\u00faa por delante de Marine Le Pen, que cuenta con un 23,5% y un 24,7% en la primera vuelta.<\/p>\n\n\n\n<p>Aunque muchos franceses estaban insatisfechos con el primer mandato de Macron y no inspir\u00f3 durante la campa\u00f1a electoral, este hombre de 44 a\u00f1os se benefici\u00f3 de la debilidad de otros candidatos y de los deseos de estabilidad frente a la guerra de Ucrania.<\/p>\n\n\n\n<p>Le Pen, por su parte, trat\u00f3 de ganar puntos con tonos m\u00e1s moderados que antes y, al mismo tiempo, se escenific\u00f3 como defensora de los que sufren la inflaci\u00f3n y el aumento de los precios de la electricidad, el combustible y los alimentos. Los dem\u00e1s candidatos desempe\u00f1aron un papel mucho menor en la campa\u00f1a electoral.<\/p>\n\n\n\n<p><\/p>\n\n\n\n<figure class=\"wp-block-image size-large\"><img data-recalc-dims=\"1\" fetchpriority=\"high\" decoding=\"async\" width=\"1024\" height=\"682\" src=\"https:\/\/i0.wp.com\/elregionalvm.com.ar\/noticias-villa-maria\/wp-content\/uploads\/2022\/04\/WhatsApp-Image-2022-04-10-at-4.14.54-PM-1.jpeg?resize=1024%2C682&#038;ssl=1\" alt=\"\" class=\"wp-image-55475\" srcset=\"https:\/\/i0.wp.com\/elregionalvm.com.ar\/noticias-villa-maria\/wp-content\/uploads\/2022\/04\/WhatsApp-Image-2022-04-10-at-4.14.54-PM-1.jpeg?resize=1024%2C682&amp;ssl=1 1024w, https:\/\/i0.wp.com\/elregionalvm.com.ar\/noticias-villa-maria\/wp-content\/uploads\/2022\/04\/WhatsApp-Image-2022-04-10-at-4.14.54-PM-1.jpeg?resize=300%2C200&amp;ssl=1 300w, https:\/\/i0.wp.com\/elregionalvm.com.ar\/noticias-villa-maria\/wp-content\/uploads\/2022\/04\/WhatsApp-Image-2022-04-10-at-4.14.54-PM-1.jpeg?resize=768%2C512&amp;ssl=1 768w, https:\/\/i0.wp.com\/elregionalvm.com.ar\/noticias-villa-maria\/wp-content\/uploads\/2022\/04\/WhatsApp-Image-2022-04-10-at-4.14.54-PM-1.jpeg?resize=1536%2C1023&amp;ssl=1 1536w, https:\/\/i0.wp.com\/elregionalvm.com.ar\/noticias-villa-maria\/wp-content\/uploads\/2022\/04\/WhatsApp-Image-2022-04-10-at-4.14.54-PM-1.jpeg?w=1600&amp;ssl=1 1600w\" sizes=\"(max-width: 1000px) 100vw, 1000px\" \/><\/figure>\n\n\n\n<p><\/p>\n\n\n\n<p><strong>Desenlace, el 24 de abril<\/strong><\/p>\n\n\n\n<p>Macron y Le Pen se enfrentar\u00e1n ahora el 24 de abril, una revancha de la segunda vuelta de 2017, en la que Le Pen acab\u00f3 siendo claramente derrotada por Macron.<\/p>\n\n\n\n<p>Sin embargo, las encuestas preve\u00edan un resultado mucho m\u00e1s ajustado en esta ocasi\u00f3n. Una y otra vez, el candidato que qued\u00f3 segundo en la primera vuelta tambi\u00e9n gan\u00f3 en la segunda vuelta de las elecciones presidenciales francesas.<\/p>\n\n\n\n<p>Una victoria de Le Pen, de 53 a\u00f1os, ser\u00eda un shock para Europa. En la Uni\u00f3n Europea, Francia podr\u00eda pasar de conductor a frenador bajo ella, muy al contrario que bajo el proeuropeo Macron.<\/p>\n\n\n\n<p><\/p>\n\n\n\n<figure class=\"wp-block-image size-large\"><img data-recalc-dims=\"1\" decoding=\"async\" width=\"1024\" height=\"682\" src=\"https:\/\/i0.wp.com\/elregionalvm.com.ar\/noticias-villa-maria\/wp-content\/uploads\/2022\/04\/WhatsApp-Image-2022-04-10-at-4.14.54-PM.jpeg?resize=1024%2C682&#038;ssl=1\" alt=\"\" class=\"wp-image-55476\" srcset=\"https:\/\/i0.wp.com\/elregionalvm.com.ar\/noticias-villa-maria\/wp-content\/uploads\/2022\/04\/WhatsApp-Image-2022-04-10-at-4.14.54-PM.jpeg?resize=1024%2C682&amp;ssl=1 1024w, https:\/\/i0.wp.com\/elregionalvm.com.ar\/noticias-villa-maria\/wp-content\/uploads\/2022\/04\/WhatsApp-Image-2022-04-10-at-4.14.54-PM.jpeg?resize=300%2C200&amp;ssl=1 300w, https:\/\/i0.wp.com\/elregionalvm.com.ar\/noticias-villa-maria\/wp-content\/uploads\/2022\/04\/WhatsApp-Image-2022-04-10-at-4.14.54-PM.jpeg?resize=768%2C512&amp;ssl=1 768w, https:\/\/i0.wp.com\/elregionalvm.com.ar\/noticias-villa-maria\/wp-content\/uploads\/2022\/04\/WhatsApp-Image-2022-04-10-at-4.14.54-PM.jpeg?resize=1536%2C1023&amp;ssl=1 1536w, https:\/\/i0.wp.com\/elregionalvm.com.ar\/noticias-villa-maria\/wp-content\/uploads\/2022\/04\/WhatsApp-Image-2022-04-10-at-4.14.54-PM.jpeg?w=1600&amp;ssl=1 1600w\" sizes=\"(max-width: 1000px) 100vw, 1000px\" \/><\/figure>\n\n\n\n<p><\/p>\n\n\n\n<p>En la escalada de la crisis entre Occidente y Rusia, Europa y Estados Unidos temen un desmoronamiento del firme frente pro-Ucrania con ella.<\/p>\n\n\n\n<p>Le Pen se presenta por tercera vez. La veterana pol\u00edtica, que hered\u00f3 a su padre en la direcci\u00f3n del partido Rassemblement National (antes: Front National), aboga, entre otras cosas, por limitar la inmigraci\u00f3n y las prestaciones sociales a los extranjeros.<\/p>\n\n\n\n<p>Macron, que hizo campa\u00f1a sobre el progreso econ\u00f3mico, hab\u00eda llegado al El\u00edseo en 2017 con su movimiento La Republique en Marche. Antes de ser presidente, trabaj\u00f3 como banquero de inversi\u00f3n, asesor\u00f3 al presidente socialista Fran\u00e7ois Hollande y fue ministro de Econom\u00eda de este \u00faltimo entre 2014 y 2016.<\/p>\n\n\n\n<p><\/p>\n\n\n\n<figure class=\"wp-block-embed is-type-wp-embed is-provider-el-regional wp-block-embed-el-regional\"><div class=\"wp-block-embed__wrapper\">\n<blockquote class=\"wp-embedded-content\" data-secret=\"daPUth2kce\"><a href=\"https:\/\/elregionalvm.com.ar\/noticias-villa-maria\/cronicas-de-guerra-verdades-que-la-prensa-no-quiere-mostrar-en-ucrania\/\">[Cr\u00f3nicas de guerra] \u00bfVerdades que la Prensa no quiere mostrar en Ucrania?<\/a><\/blockquote><iframe class=\"wp-embedded-content\" sandbox=\"allow-scripts\" security=\"restricted\" style=\"position: absolute; visibility: hidden;\" title=\"\u00ab[Cr\u00f3nicas de guerra] \u00bfVerdades que la Prensa no quiere mostrar en Ucrania?\u00bb \u2014 El Regional\" src=\"https:\/\/elregionalvm.com.ar\/noticias-villa-maria\/cronicas-de-guerra-verdades-que-la-prensa-no-quiere-mostrar-en-ucrania\/embed\/#?secret=iiS3OV9muD#?secret=daPUth2kce\" data-secret=\"daPUth2kce\" width=\"500\" height=\"282\" frameborder=\"0\" marginwidth=\"0\" marginheight=\"0\" scrolling=\"no\"><\/iframe>\n<\/div><\/figure>\n\n\n\n<p><\/p>\n\n\n\n<p>Fuente<em>s: Palacio del El\u00edseo, Marine Le Pen<\/em><\/p>\n","protected":false},"excerpt":{"rendered":"<p>Escribe: Karin Hiebaum (Corresponsal Europa) El actual presidente Emmanuel Macron y la populista de derechas Marine Le Pen pasan a la segunda vuelta en las elecciones presidenciales de Francia, seg\u00fan las primeras proyecciones. De acuerdo con las proyecciones de los institutos de investigaci\u00f3n electoral del domingo por la noche, Macron tiene entre el 27% y [&hellip;]<\/p>\n","protected":false},"author":4,"featured_media":55474,"comment_status":"open","ping_status":"open","sticky":false,"template":"","format":"standard","meta":{"site-sidebar-layout":"default","site-content-layout":"","ast-site-content-layout":"default","site-content-style":"default","site-sidebar-style":"default","ast-global-header-display":"","ast-banner-title-visibility":"","ast-main-header-display":"","ast-hfb-above-header-display":"","ast-hfb-below-header-display":"","ast-hfb-mobile-header-display":"","site-post-title":"","ast-breadcrumbs-content":"","ast-featured-img":"","footer-sml-layout":"","ast-disable-related-posts":"","theme-transparent-header-meta":"","adv-header-id-meta":"","stick-header-meta":"","header-above-stick-meta":"","header-main-stick-meta":"","header-below-stick-meta":"","astra-migrate-meta-layouts":"default","ast-page-background-enabled":"default","ast-page-background-meta":{"desktop":{"background-color":"","background-image":"","background-repeat":"repeat","background-position":"center center","background-size":"auto","background-attachment":"scroll","background-type":"","background-media":"","overlay-type":"","overlay-color":"","overlay-opacity":"","overlay-gradient":""},"tablet":{"background-color":"","background-image":"","background-repeat":"repeat","background-position":"center center","background-size":"auto","background-attachment":"scroll","background-type":"","background-media":"","overlay-type":"","overlay-color":"","overlay-opacity":"","overlay-gradient":""},"mobile":{"background-color":"","background-image":"","background-repeat":"repeat","background-position":"center center","background-size":"auto","background-attachment":"scroll","background-type":"","background-media":"","overlay-type":"","overlay-color":"","overlay-opacity":"","overlay-gradient":""}},"ast-content-background-meta":{"desktop":{"background-color":"var(--ast-global-color-5)","background-image":"","background-repeat":"repeat","background-position":"center center","background-size":"auto","background-attachment":"scroll","background-type":"","background-media":"","overlay-type":"","overlay-color":"","overlay-opacity":"","overlay-gradient":""},"tablet":{"background-color":"var(--ast-global-color-5)","background-image":"","background-repeat":"repeat","background-position":"center center","background-size":"auto","background-attachment":"scroll","background-type":"","background-media":"","overlay-type":"","overlay-color":"","overlay-opacity":"","overlay-gradient":""},"mobile":{"background-color":"var(--ast-global-color-5)","background-image":"","background-repeat":"repeat","background-position":"center center","background-size":"auto","background-attachment":"scroll","background-type":"","background-media":"","overlay-type":"","overlay-color":"","overlay-opacity":"","overlay-gradient":""}},"_jetpack_memberships_contains_paid_content":false,"_joinchat":[],"footnotes":""},"categories":[365],"tags":[268,4829,14692,14776,4988,976,14777],"class_list":["post-55472","post","type-post","status-publish","format-standard","has-post-thumbnail","hentry","category-opinion","tag-elecciones","tag-francia","tag-karin-hiebaum","tag-le-pen","tag-macron","tag-politica-internacional","tag-segunda-vuelta"],"yoast_head":"<!-- This site is optimized with the Yoast SEO plugin v26.8 - https:\/\/yoast.com\/product\/yoast-seo-wordpress\/ -->\n<title>[Pol\u00edtica Internacional] Francia: Macron y Le Pen en segunda vuelta - El Regional<\/title>\n<meta name=\"description\" content=\"El presidente Emmanuel Macron y la populista de derechas Marine Le Pen pasan a la segunda vuelta en las elecciones presidenciales de Francia.\" \/>\n<meta name=\"robots\" content=\"index, follow, max-snippet:-1, max-image-preview:large, max-video-preview:-1\" \/>\n<link rel=\"canonical\" href=\"http:\/\/elregionalvm.com.ar\/noticias-villa-maria\/politica-internacional-francia-macron-y-le-pen-en-segunda-vuelta\/\" \/>\n<meta property=\"og:locale\" content=\"es_ES\" \/>\n<meta property=\"og:type\" content=\"article\" \/>\n<meta property=\"og:title\" content=\"[Pol\u00edtica Internacional] Francia: Macron y Le Pen en segunda vuelta - El Regional\" \/>\n<meta property=\"og:description\" content=\"El presidente Emmanuel Macron y la populista de derechas Marine Le Pen pasan a la segunda vuelta en las elecciones presidenciales de Francia.\" \/>\n<meta property=\"og:url\" content=\"http:\/\/elregionalvm.com.ar\/noticias-villa-maria\/politica-internacional-francia-macron-y-le-pen-en-segunda-vuelta\/\" \/>\n<meta property=\"og:site_name\" content=\"El Regional\" \/>\n<meta property=\"article:publisher\" content=\"https:\/\/www.facebook.com\/elregionalvm\" \/>\n<meta property=\"article:published_time\" content=\"2022-04-10T22:02:09+00:00\" \/>\n<meta property=\"article:modified_time\" content=\"2022-04-12T02:38:18+00:00\" \/>\n<meta property=\"og:image\" content=\"http:\/\/elregionalvm.com.ar\/noticias-villa-maria\/wp-content\/uploads\/2022\/04\/Macron-y-Le-Pen.jpg\" \/>\n\t<meta property=\"og:image:width\" content=\"1200\" \/>\n\t<meta property=\"og:image:height\" content=\"675\" \/>\n\t<meta property=\"og:image:type\" content=\"image\/jpeg\" \/>\n<meta name=\"author\" content=\"Contenidos El Regional\" \/>\n<meta name=\"twitter:card\" content=\"summary_large_image\" \/>\n<meta name=\"twitter:creator\" content=\"@elregionalvm1\" \/>\n<meta name=\"twitter:site\" content=\"@elregionalvm1\" \/>\n<meta name=\"twitter:label1\" content=\"Escrito por\" \/>\n\t<meta name=\"twitter:data1\" content=\"Contenidos El Regional\" \/>\n\t<meta name=\"twitter:label2\" content=\"Tiempo de lectura\" \/>\n\t<meta name=\"twitter:data2\" content=\"2 minutos\" \/>\n<script type=\"application\/ld+json\" class=\"yoast-schema-graph\">{\"@context\":\"https:\/\/schema.org\",\"@graph\":[{\"@type\":\"Article\",\"@id\":\"http:\/\/elregionalvm.com.ar\/noticias-villa-maria\/politica-internacional-francia-macron-y-le-pen-en-segunda-vuelta\/#article\",\"isPartOf\":{\"@id\":\"http:\/\/elregionalvm.com.ar\/noticias-villa-maria\/politica-internacional-francia-macron-y-le-pen-en-segunda-vuelta\/\"},\"author\":{\"name\":\"Contenidos El Regional\",\"@id\":\"http:\/\/elregionalvm.com.ar\/noticias-villa-maria\/#\/schema\/person\/a0fb9c422317faca23d50163151bc354\"},\"headline\":\"[Pol\u00edtica Internacional] Francia: Macron y Le Pen en segunda vuelta\",\"datePublished\":\"2022-04-10T22:02:09+00:00\",\"dateModified\":\"2022-04-12T02:38:18+00:00\",\"mainEntityOfPage\":{\"@id\":\"http:\/\/elregionalvm.com.ar\/noticias-villa-maria\/politica-internacional-francia-macron-y-le-pen-en-segunda-vuelta\/\"},\"wordCount\":438,\"commentCount\":0,\"image\":{\"@id\":\"http:\/\/elregionalvm.com.ar\/noticias-villa-maria\/politica-internacional-francia-macron-y-le-pen-en-segunda-vuelta\/#primaryimage\"},\"thumbnailUrl\":\"https:\/\/i0.wp.com\/elregionalvm.com.ar\/noticias-villa-maria\/wp-content\/uploads\/2022\/04\/Macron-y-Le-Pen.jpg?fit=1200%2C675&ssl=1\",\"keywords\":[\"elecciones\",\"Francia\",\"Karin Hiebaum\",\"Le Pen\",\"Macron\",\"Pol\u00edtica Internacional\",\"segunda vuelta\"],\"articleSection\":[\"Opini\u00f3n\"],\"inLanguage\":\"es\",\"potentialAction\":[{\"@type\":\"CommentAction\",\"name\":\"Comment\",\"target\":[\"http:\/\/elregionalvm.com.ar\/noticias-villa-maria\/politica-internacional-francia-macron-y-le-pen-en-segunda-vuelta\/#respond\"]}]},{\"@type\":\"WebPage\",\"@id\":\"http:\/\/elregionalvm.com.ar\/noticias-villa-maria\/politica-internacional-francia-macron-y-le-pen-en-segunda-vuelta\/\",\"url\":\"http:\/\/elregionalvm.com.ar\/noticias-villa-maria\/politica-internacional-francia-macron-y-le-pen-en-segunda-vuelta\/\",\"name\":\"[Pol\u00edtica Internacional] Francia: Macron y Le Pen en segunda vuelta - El Regional\",\"isPartOf\":{\"@id\":\"http:\/\/elregionalvm.com.ar\/noticias-villa-maria\/#website\"},\"primaryImageOfPage\":{\"@id\":\"http:\/\/elregionalvm.com.ar\/noticias-villa-maria\/politica-internacional-francia-macron-y-le-pen-en-segunda-vuelta\/#primaryimage\"},\"image\":{\"@id\":\"http:\/\/elregionalvm.com.ar\/noticias-villa-maria\/politica-internacional-francia-macron-y-le-pen-en-segunda-vuelta\/#primaryimage\"},\"thumbnailUrl\":\"https:\/\/i0.wp.com\/elregionalvm.com.ar\/noticias-villa-maria\/wp-content\/uploads\/2022\/04\/Macron-y-Le-Pen.jpg?fit=1200%2C675&ssl=1\",\"datePublished\":\"2022-04-10T22:02:09+00:00\",\"dateModified\":\"2022-04-12T02:38:18+00:00\",\"author\":{\"@id\":\"http:\/\/elregionalvm.com.ar\/noticias-villa-maria\/#\/schema\/person\/a0fb9c422317faca23d50163151bc354\"},\"description\":\"El presidente Emmanuel Macron y la populista de derechas Marine Le Pen pasan a la segunda vuelta en las elecciones presidenciales de Francia.\",\"breadcrumb\":{\"@id\":\"http:\/\/elregionalvm.com.ar\/noticias-villa-maria\/politica-internacional-francia-macron-y-le-pen-en-segunda-vuelta\/#breadcrumb\"},\"inLanguage\":\"es\",\"potentialAction\":[{\"@type\":\"ReadAction\",\"target\":[\"http:\/\/elregionalvm.com.ar\/noticias-villa-maria\/politica-internacional-francia-macron-y-le-pen-en-segunda-vuelta\/\"]}]},{\"@type\":\"ImageObject\",\"inLanguage\":\"es\",\"@id\":\"http:\/\/elregionalvm.com.ar\/noticias-villa-maria\/politica-internacional-francia-macron-y-le-pen-en-segunda-vuelta\/#primaryimage\",\"url\":\"https:\/\/i0.wp.com\/elregionalvm.com.ar\/noticias-villa-maria\/wp-content\/uploads\/2022\/04\/Macron-y-Le-Pen.jpg?fit=1200%2C675&ssl=1\",\"contentUrl\":\"https:\/\/i0.wp.com\/elregionalvm.com.ar\/noticias-villa-maria\/wp-content\/uploads\/2022\/04\/Macron-y-Le-Pen.jpg?fit=1200%2C675&ssl=1\",\"width\":1200,\"height\":675},{\"@type\":\"BreadcrumbList\",\"@id\":\"http:\/\/elregionalvm.com.ar\/noticias-villa-maria\/politica-internacional-francia-macron-y-le-pen-en-segunda-vuelta\/#breadcrumb\",\"itemListElement\":[{\"@type\":\"ListItem\",\"position\":1,\"name\":\"Portada\",\"item\":\"https:\/\/elregionalvm.com.ar\/noticias-villa-maria\/\"},{\"@type\":\"ListItem\",\"position\":2,\"name\":\"[Pol\u00edtica Internacional] Francia: Macron y Le Pen en segunda vuelta\"}]},{\"@type\":\"WebSite\",\"@id\":\"http:\/\/elregionalvm.com.ar\/noticias-villa-maria\/#website\",\"url\":\"http:\/\/elregionalvm.com.ar\/noticias-villa-maria\/\",\"name\":\"El Regional\",\"description\":\"Mucho m\u00e1s que informaci\u00f3n\",\"potentialAction\":[{\"@type\":\"SearchAction\",\"target\":{\"@type\":\"EntryPoint\",\"urlTemplate\":\"http:\/\/elregionalvm.com.ar\/noticias-villa-maria\/?s={search_term_string}\"},\"query-input\":{\"@type\":\"PropertyValueSpecification\",\"valueRequired\":true,\"valueName\":\"search_term_string\"}}],\"inLanguage\":\"es\"},{\"@type\":\"Person\",\"@id\":\"http:\/\/elregionalvm.com.ar\/noticias-villa-maria\/#\/schema\/person\/a0fb9c422317faca23d50163151bc354\",\"name\":\"Contenidos El Regional\",\"image\":{\"@type\":\"ImageObject\",\"inLanguage\":\"es\",\"@id\":\"http:\/\/elregionalvm.com.ar\/noticias-villa-maria\/#\/schema\/person\/image\/\",\"url\":\"https:\/\/secure.gravatar.com\/avatar\/265b27cb2209af7bb3a1318f03305787d7981a5cc6e6cd08fe5a4ecdf99d4b48?s=96&d=mm&r=g\",\"contentUrl\":\"https:\/\/secure.gravatar.com\/avatar\/265b27cb2209af7bb3a1318f03305787d7981a5cc6e6cd08fe5a4ecdf99d4b48?s=96&d=mm&r=g\",\"caption\":\"Contenidos El Regional\"},\"url\":\"https:\/\/elregionalvm.com.ar\/noticias-villa-maria\/author\/contenido\/\"}]}<\/script>\n<!-- \/ Yoast SEO plugin. -->","yoast_head_json":{"title":"[Pol\u00edtica Internacional] Francia: Macron y Le Pen en segunda vuelta - El Regional","description":"El presidente Emmanuel Macron y la populista de derechas Marine Le Pen pasan a la segunda vuelta en las elecciones presidenciales de Francia.","robots":{"index":"index","follow":"follow","max-snippet":"max-snippet:-1","max-image-preview":"max-image-preview:large","max-video-preview":"max-video-preview:-1"},"canonical":"http:\/\/elregionalvm.com.ar\/noticias-villa-maria\/politica-internacional-francia-macron-y-le-pen-en-segunda-vuelta\/","og_locale":"es_ES","og_type":"article","og_title":"[Pol\u00edtica Internacional] Francia: Macron y Le Pen en segunda vuelta - El Regional","og_description":"El presidente Emmanuel Macron y la populista de derechas Marine Le Pen pasan a la segunda vuelta en las elecciones presidenciales de Francia.","og_url":"http:\/\/elregionalvm.com.ar\/noticias-villa-maria\/politica-internacional-francia-macron-y-le-pen-en-segunda-vuelta\/","og_site_name":"El Regional","article_publisher":"https:\/\/www.facebook.com\/elregionalvm","article_published_time":"2022-04-10T22:02:09+00:00","article_modified_time":"2022-04-12T02:38:18+00:00","og_image":[{"width":1200,"height":675,"url":"http:\/\/elregionalvm.com.ar\/noticias-villa-maria\/wp-content\/uploads\/2022\/04\/Macron-y-Le-Pen.jpg","type":"image\/jpeg"}],"author":"Contenidos El Regional","twitter_card":"summary_large_image","twitter_creator":"@elregionalvm1","twitter_site":"@elregionalvm1","twitter_misc":{"Escrito por":"Contenidos El Regional","Tiempo de lectura":"2 minutos"},"schema":{"@context":"https:\/\/schema.org","@graph":[{"@type":"Article","@id":"http:\/\/elregionalvm.com.ar\/noticias-villa-maria\/politica-internacional-francia-macron-y-le-pen-en-segunda-vuelta\/#article","isPartOf":{"@id":"http:\/\/elregionalvm.com.ar\/noticias-villa-maria\/politica-internacional-francia-macron-y-le-pen-en-segunda-vuelta\/"},"author":{"name":"Contenidos El Regional","@id":"http:\/\/elregionalvm.com.ar\/noticias-villa-maria\/#\/schema\/person\/a0fb9c422317faca23d50163151bc354"},"headline":"[Pol\u00edtica Internacional] Francia: Macron y Le Pen en segunda vuelta","datePublished":"2022-04-10T22:02:09+00:00","dateModified":"2022-04-12T02:38:18+00:00","mainEntityOfPage":{"@id":"http:\/\/elregionalvm.com.ar\/noticias-villa-maria\/politica-internacional-francia-macron-y-le-pen-en-segunda-vuelta\/"},"wordCount":438,"commentCount":0,"image":{"@id":"http:\/\/elregionalvm.com.ar\/noticias-villa-maria\/politica-internacional-francia-macron-y-le-pen-en-segunda-vuelta\/#primaryimage"},"thumbnailUrl":"https:\/\/i0.wp.com\/elregionalvm.com.ar\/noticias-villa-maria\/wp-content\/uploads\/2022\/04\/Macron-y-Le-Pen.jpg?fit=1200%2C675&ssl=1","keywords":["elecciones","Francia","Karin Hiebaum","Le Pen","Macron","Pol\u00edtica Internacional","segunda vuelta"],"articleSection":["Opini\u00f3n"],"inLanguage":"es","potentialAction":[{"@type":"CommentAction","name":"Comment","target":["http:\/\/elregionalvm.com.ar\/noticias-villa-maria\/politica-internacional-francia-macron-y-le-pen-en-segunda-vuelta\/#respond"]}]},{"@type":"WebPage","@id":"http:\/\/elregionalvm.com.ar\/noticias-villa-maria\/politica-internacional-francia-macron-y-le-pen-en-segunda-vuelta\/","url":"http:\/\/elregionalvm.com.ar\/noticias-villa-maria\/politica-internacional-francia-macron-y-le-pen-en-segunda-vuelta\/","name":"[Pol\u00edtica Internacional] Francia: Macron y Le Pen en segunda vuelta - El Regional","isPartOf":{"@id":"http:\/\/elregionalvm.com.ar\/noticias-villa-maria\/#website"},"primaryImageOfPage":{"@id":"http:\/\/elregionalvm.com.ar\/noticias-villa-maria\/politica-internacional-francia-macron-y-le-pen-en-segunda-vuelta\/#primaryimage"},"image":{"@id":"http:\/\/elregionalvm.com.ar\/noticias-villa-maria\/politica-internacional-francia-macron-y-le-pen-en-segunda-vuelta\/#primaryimage"},"thumbnailUrl":"https:\/\/i0.wp.com\/elregionalvm.com.ar\/noticias-villa-maria\/wp-content\/uploads\/2022\/04\/Macron-y-Le-Pen.jpg?fit=1200%2C675&ssl=1","datePublished":"2022-04-10T22:02:09+00:00","dateModified":"2022-04-12T02:38:18+00:00","author":{"@id":"http:\/\/elregionalvm.com.ar\/noticias-villa-maria\/#\/schema\/person\/a0fb9c422317faca23d50163151bc354"},"description":"El presidente Emmanuel Macron y la populista de derechas Marine Le Pen pasan a la segunda vuelta en las elecciones presidenciales de Francia.","breadcrumb":{"@id":"http:\/\/elregionalvm.com.ar\/noticias-villa-maria\/politica-internacional-francia-macron-y-le-pen-en-segunda-vuelta\/#breadcrumb"},"inLanguage":"es","potentialAction":[{"@type":"ReadAction","target":["http:\/\/elregionalvm.com.ar\/noticias-villa-maria\/politica-internacional-francia-macron-y-le-pen-en-segunda-vuelta\/"]}]},{"@type":"ImageObject","inLanguage":"es","@id":"http:\/\/elregionalvm.com.ar\/noticias-villa-maria\/politica-internacional-francia-macron-y-le-pen-en-segunda-vuelta\/#primaryimage","url":"https:\/\/i0.wp.com\/elregionalvm.com.ar\/noticias-villa-maria\/wp-content\/uploads\/2022\/04\/Macron-y-Le-Pen.jpg?fit=1200%2C675&ssl=1","contentUrl":"https:\/\/i0.wp.com\/elregionalvm.com.ar\/noticias-villa-maria\/wp-content\/uploads\/2022\/04\/Macron-y-Le-Pen.jpg?fit=1200%2C675&ssl=1","width":1200,"height":675},{"@type":"BreadcrumbList","@id":"http:\/\/elregionalvm.com.ar\/noticias-villa-maria\/politica-internacional-francia-macron-y-le-pen-en-segunda-vuelta\/#breadcrumb","itemListElement":[{"@type":"ListItem","position":1,"name":"Portada","item":"https:\/\/elregionalvm.com.ar\/noticias-villa-maria\/"},{"@type":"ListItem","position":2,"name":"[Pol\u00edtica Internacional] Francia: Macron y Le Pen en segunda vuelta"}]},{"@type":"WebSite","@id":"http:\/\/elregionalvm.com.ar\/noticias-villa-maria\/#website","url":"http:\/\/elregionalvm.com.ar\/noticias-villa-maria\/","name":"El Regional","description":"Mucho m\u00e1s que informaci\u00f3n","potentialAction":[{"@type":"SearchAction","target":{"@type":"EntryPoint","urlTemplate":"http:\/\/elregionalvm.com.ar\/noticias-villa-maria\/?s={search_term_string}"},"query-input":{"@type":"PropertyValueSpecification","valueRequired":true,"valueName":"search_term_string"}}],"inLanguage":"es"},{"@type":"Person","@id":"http:\/\/elregionalvm.com.ar\/noticias-villa-maria\/#\/schema\/person\/a0fb9c422317faca23d50163151bc354","name":"Contenidos El Regional","image":{"@type":"ImageObject","inLanguage":"es","@id":"http:\/\/elregionalvm.com.ar\/noticias-villa-maria\/#\/schema\/person\/image\/","url":"https:\/\/secure.gravatar.com\/avatar\/265b27cb2209af7bb3a1318f03305787d7981a5cc6e6cd08fe5a4ecdf99d4b48?s=96&d=mm&r=g","contentUrl":"https:\/\/secure.gravatar.com\/avatar\/265b27cb2209af7bb3a1318f03305787d7981a5cc6e6cd08fe5a4ecdf99d4b48?s=96&d=mm&r=g","caption":"Contenidos El Regional"},"url":"https:\/\/elregionalvm.com.ar\/noticias-villa-maria\/author\/contenido\/"}]}},"jetpack_featured_media_url":"https:\/\/i0.wp.com\/elregionalvm.com.ar\/noticias-villa-maria\/wp-content\/uploads\/2022\/04\/Macron-y-Le-Pen.jpg?fit=1200%2C675&ssl=1","jetpack_sharing_enabled":true,"_links":{"self":[{"href":"https:\/\/elregionalvm.com.ar\/noticias-villa-maria\/wp-json\/wp\/v2\/posts\/55472","targetHints":{"allow":["GET"]}}],"collection":[{"href":"https:\/\/elregionalvm.com.ar\/noticias-villa-maria\/wp-json\/wp\/v2\/posts"}],"about":[{"href":"https:\/\/elregionalvm.com.ar\/noticias-villa-maria\/wp-json\/wp\/v2\/types\/post"}],"author":[{"embeddable":true,"href":"https:\/\/elregionalvm.com.ar\/noticias-villa-maria\/wp-json\/wp\/v2\/users\/4"}],"replies":[{"embeddable":true,"href":"https:\/\/elregionalvm.com.ar\/noticias-villa-maria\/wp-json\/wp\/v2\/comments?post=55472"}],"version-history":[{"count":2,"href":"https:\/\/elregionalvm.com.ar\/noticias-villa-maria\/wp-json\/wp\/v2\/posts\/55472\/revisions"}],"predecessor-version":[{"id":55477,"href":"https:\/\/elregionalvm.com.ar\/noticias-villa-maria\/wp-json\/wp\/v2\/posts\/55472\/revisions\/55477"}],"wp:featuredmedia":[{"embeddable":true,"href":"https:\/\/elregionalvm.com.ar\/noticias-villa-maria\/wp-json\/wp\/v2\/media\/55474"}],"wp:attachment":[{"href":"https:\/\/elregionalvm.com.ar\/noticias-villa-maria\/wp-json\/wp\/v2\/media?parent=55472"}],"wp:term":[{"taxonomy":"category","embeddable":true,"href":"https:\/\/elregionalvm.com.ar\/noticias-villa-maria\/wp-json\/wp\/v2\/categories?post=55472"},{"taxonomy":"post_tag","embeddable":true,"href":"https:\/\/elregionalvm.com.ar\/noticias-villa-maria\/wp-json\/wp\/v2\/tags?post=55472"}],"curies":[{"name":"wp","href":"https:\/\/api.w.org\/{rel}","templated":true}]}}