{"id":55577,"date":"2022-04-12T21:55:09","date_gmt":"2022-04-12T21:55:09","guid":{"rendered":"https:\/\/elregionalvm.com.ar\/noticias-villa-maria\/?p=55577"},"modified":"2022-04-13T01:43:39","modified_gmt":"2022-04-13T01:43:39","slug":"politica-internacional-que-tiene-putin-en-la-cabeza-podcast","status":"publish","type":"post","link":"https:\/\/elregionalvm.com.ar\/noticias-villa-maria\/politica-internacional-que-tiene-putin-en-la-cabeza-podcast\/","title":{"rendered":"[Pol\u00edtica Internacional] \u00bfQu\u00e9 tiene Putin en la cabeza? (Podcast)"},"content":{"rendered":"\n<p><\/p>\n\n\n\n<p><strong>Escribe: Natalia Pettinari<\/strong> <strong>(*) <\/strong><\/p>\n\n\n\n<p>Hace unos d\u00edas se viene comparando a Vladimir Putin con Joseph Stalin. \u00bfEn qu\u00e9 sentido?<\/p>\n\n\n\n<p>En que hay especialistas que sostienen que el presidente ruso ha implantado un sistema de toma de decisiones totalmente concentrado, como lo hizo en la primera mitad del siglo XX Stalin, quien imped\u00eda cualquier tipo de disidencia.<\/p>\n\n\n\n<p>Hay una teor\u00eda que viene dando vueltas que afirma que quienes le tienen que informar a Putin el estado de la cuesti\u00f3n, es decir, su c\u00edrculo m\u00e1s \u00edntimo, asesores del gobierno y funcionarios de confianza, le cuentan las verdades, pero, a medias, por miedo a represalias.<\/p>\n\n\n\n<p>Vamos a tratar de desentra\u00f1ar, seg\u00fan cuentan los especialistas, qu\u00e9 tiene Putin en la cabeza.<\/p>\n\n\n\n<p><\/p>\n\n\n\n<h4 class=\"wp-block-heading\"><strong>Escuch\u00e1 el podcast: <\/strong><\/h4>\n\n\n\n<p><\/p>\n\n\n\n<figure class=\"wp-block-embed is-type-rich is-provider-spotify wp-block-embed-spotify wp-embed-aspect-21-9 wp-has-aspect-ratio\"><div class=\"wp-block-embed__wrapper\">\n<iframe title=\"Spotify Embed: \u00bfQue tiene Putin en la cabeza?\" style=\"border-radius: 12px\" width=\"100%\" height=\"152\" frameborder=\"0\" allowfullscreen allow=\"autoplay; clipboard-write; encrypted-media; fullscreen; picture-in-picture\" loading=\"lazy\" src=\"https:\/\/open.spotify.com\/embed\/episode\/3ZDtWV28Huouupq3Gpzz6Z?si=3d6d911420804b78&#038;utm_source=oembed\"><\/iframe>\n<\/div><\/figure>\n\n\n\n<h4 class=\"wp-block-heading\"><strong>Escuch\u00e1 m\u00e1s sobre la guerra: <\/strong><\/h4>\n\n\n\n<p><\/p>\n\n\n\n<figure class=\"wp-block-embed is-type-wp-embed is-provider-el-regional wp-block-embed-el-regional\"><div class=\"wp-block-embed__wrapper\">\n<blockquote class=\"wp-embedded-content\" data-secret=\"hed8y5bi5R\"><a href=\"https:\/\/elregionalvm.com.ar\/noticias-villa-maria\/podcast-entendiendo-la-invasion-rusa-en-ucrania\/\">[Podcast] Entendiendo la invasi\u00f3n rusa en Ucrania<\/a><\/blockquote><iframe class=\"wp-embedded-content\" sandbox=\"allow-scripts\" security=\"restricted\" style=\"position: absolute; clip: rect(1px, 1px, 1px, 1px);\" title=\"\u00ab[Podcast] Entendiendo la invasi\u00f3n rusa en Ucrania\u00bb \u2014 El Regional\" src=\"https:\/\/elregionalvm.com.ar\/noticias-villa-maria\/podcast-entendiendo-la-invasion-rusa-en-ucrania\/embed\/#?secret=aKFPaELjz7#?secret=hed8y5bi5R\" data-secret=\"hed8y5bi5R\" width=\"500\" height=\"282\" frameborder=\"0\" marginwidth=\"0\" marginheight=\"0\" scrolling=\"no\"><\/iframe>\n<\/div><\/figure>\n\n\n\n<p><\/p>\n\n\n\n<p><em><strong>(*) Analista en Pol\u00edtica Internacional<\/strong><\/em>&nbsp;<em><strong>y colaboradora de El Regional<\/strong><\/em><\/p>\n","protected":false},"excerpt":{"rendered":"<p>Escribe: Natalia Pettinari (*) Hace unos d\u00edas se viene comparando a Vladimir Putin con Joseph Stalin. \u00bfEn qu\u00e9 sentido? En que hay especialistas que sostienen que el presidente ruso ha implantado un sistema de toma de decisiones totalmente concentrado, como lo hizo en la primera mitad del siglo XX Stalin, quien imped\u00eda cualquier tipo de [&hellip;]<\/p>\n","protected":false},"author":4,"featured_media":55579,"comment_status":"open","ping_status":"open","sticky":false,"template":"","format":"standard","meta":{"site-sidebar-layout":"default","site-content-layout":"","ast-site-content-layout":"default","site-content-style":"default","site-sidebar-style":"default","ast-global-header-display":"","ast-banner-title-visibility":"","ast-main-header-display":"","ast-hfb-above-header-display":"","ast-hfb-below-header-display":"","ast-hfb-mobile-header-display":"","site-post-title":"","ast-breadcrumbs-content":"","ast-featured-img":"","footer-sml-layout":"","ast-disable-related-posts":"","theme-transparent-header-meta":"","adv-header-id-meta":"","stick-header-meta":"","header-above-stick-meta":"","header-main-stick-meta":"","header-below-stick-meta":"","astra-migrate-meta-layouts":"default","ast-page-background-enabled":"default","ast-page-background-meta":{"desktop":{"background-color":"","background-image":"","background-repeat":"repeat","background-position":"center center","background-size":"auto","background-attachment":"scroll","background-type":"","background-media":"","overlay-type":"","overlay-color":"","overlay-opacity":"","overlay-gradient":""},"tablet":{"background-color":"","background-image":"","background-repeat":"repeat","background-position":"center center","background-size":"auto","background-attachment":"scroll","background-type":"","background-media":"","overlay-type":"","overlay-color":"","overlay-opacity":"","overlay-gradient":""},"mobile":{"background-color":"","background-image":"","background-repeat":"repeat","background-position":"center center","background-size":"auto","background-attachment":"scroll","background-type":"","background-media":"","overlay-type":"","overlay-color":"","overlay-opacity":"","overlay-gradient":""}},"ast-content-background-meta":{"desktop":{"background-color":"var(--ast-global-color-5)","background-image":"","background-repeat":"repeat","background-position":"center center","background-size":"auto","background-attachment":"scroll","background-type":"","background-media":"","overlay-type":"","overlay-color":"","overlay-opacity":"","overlay-gradient":""},"tablet":{"background-color":"var(--ast-global-color-5)","background-image":"","background-repeat":"repeat","background-position":"center center","background-size":"auto","background-attachment":"scroll","background-type":"","background-media":"","overlay-type":"","overlay-color":"","overlay-opacity":"","overlay-gradient":""},"mobile":{"background-color":"var(--ast-global-color-5)","background-image":"","background-repeat":"repeat","background-position":"center center","background-size":"auto","background-attachment":"scroll","background-type":"","background-media":"","overlay-type":"","overlay-color":"","overlay-opacity":"","overlay-gradient":""}},"_jetpack_memberships_contains_paid_content":false,"_joinchat":[],"footnotes":""},"categories":[2323,2089],"tags":[14804,30,1676,7040,976,14134,238,14805,5283],"class_list":["post-55577","post","type-post","status-publish","format-standard","has-post-thumbnail","hentry","category-notas-secundarias","category-politica","tag-cabeza","tag-guerra","tag-natalia-pettinari","tag-podcast","tag-politica-internacional","tag-putin","tag-rusia","tag-stalin","tag-ucrania"],"yoast_head":"<!-- This site is optimized with the Yoast SEO plugin v26.8 - https:\/\/yoast.com\/product\/yoast-seo-wordpress\/ -->\n<title>[Pol\u00edtica Internacional] \u00bfQu\u00e9 tiene Putin en la cabeza? (Podcast) - El Regional<\/title>\n<meta name=\"description\" content=\"Hay especialistas que sostienen que el presidente ruso ha implantado un sistema de toma de decisiones totalmente concentrado.\" \/>\n<meta name=\"robots\" content=\"index, follow, max-snippet:-1, max-image-preview:large, max-video-preview:-1\" \/>\n<link rel=\"canonical\" href=\"http:\/\/elregionalvm.com.ar\/noticias-villa-maria\/politica-internacional-que-tiene-putin-en-la-cabeza-podcast\/\" \/>\n<meta property=\"og:locale\" content=\"es_ES\" \/>\n<meta property=\"og:type\" content=\"article\" \/>\n<meta property=\"og:title\" content=\"[Pol\u00edtica Internacional] \u00bfQu\u00e9 tiene Putin en la cabeza? (Podcast) - El Regional\" \/>\n<meta property=\"og:description\" content=\"Hay especialistas que sostienen que el presidente ruso ha implantado un sistema de toma de decisiones totalmente concentrado.\" \/>\n<meta property=\"og:url\" content=\"http:\/\/elregionalvm.com.ar\/noticias-villa-maria\/politica-internacional-que-tiene-putin-en-la-cabeza-podcast\/\" \/>\n<meta property=\"og:site_name\" content=\"El Regional\" \/>\n<meta property=\"article:publisher\" content=\"https:\/\/www.facebook.com\/elregionalvm\" \/>\n<meta property=\"article:published_time\" content=\"2022-04-12T21:55:09+00:00\" \/>\n<meta property=\"article:modified_time\" content=\"2022-04-13T01:43:39+00:00\" \/>\n<meta property=\"og:image\" content=\"http:\/\/elregionalvm.com.ar\/noticias-villa-maria\/wp-content\/uploads\/2022\/04\/Putin-mano-en-la-cara.jpg\" \/>\n\t<meta property=\"og:image:width\" content=\"1194\" \/>\n\t<meta property=\"og:image:height\" content=\"814\" \/>\n\t<meta property=\"og:image:type\" content=\"image\/jpeg\" \/>\n<meta name=\"author\" content=\"Contenidos El Regional\" \/>\n<meta name=\"twitter:card\" content=\"summary_large_image\" \/>\n<meta name=\"twitter:creator\" content=\"@elregionalvm1\" \/>\n<meta name=\"twitter:site\" content=\"@elregionalvm1\" \/>\n<meta name=\"twitter:label1\" content=\"Escrito por\" \/>\n\t<meta name=\"twitter:data1\" content=\"Contenidos El Regional\" \/>\n\t<meta name=\"twitter:label2\" content=\"Tiempo de lectura\" \/>\n\t<meta name=\"twitter:data2\" content=\"1 minuto\" \/>\n<script type=\"application\/ld+json\" class=\"yoast-schema-graph\">{\"@context\":\"https:\/\/schema.org\",\"@graph\":[{\"@type\":\"Article\",\"@id\":\"http:\/\/elregionalvm.com.ar\/noticias-villa-maria\/politica-internacional-que-tiene-putin-en-la-cabeza-podcast\/#article\",\"isPartOf\":{\"@id\":\"http:\/\/elregionalvm.com.ar\/noticias-villa-maria\/politica-internacional-que-tiene-putin-en-la-cabeza-podcast\/\"},\"author\":{\"name\":\"Contenidos El Regional\",\"@id\":\"http:\/\/elregionalvm.com.ar\/noticias-villa-maria\/#\/schema\/person\/a0fb9c422317faca23d50163151bc354\"},\"headline\":\"[Pol\u00edtica Internacional] \u00bfQu\u00e9 tiene Putin en la cabeza? (Podcast)\",\"datePublished\":\"2022-04-12T21:55:09+00:00\",\"dateModified\":\"2022-04-13T01:43:39+00:00\",\"mainEntityOfPage\":{\"@id\":\"http:\/\/elregionalvm.com.ar\/noticias-villa-maria\/politica-internacional-que-tiene-putin-en-la-cabeza-podcast\/\"},\"wordCount\":173,\"commentCount\":0,\"image\":{\"@id\":\"http:\/\/elregionalvm.com.ar\/noticias-villa-maria\/politica-internacional-que-tiene-putin-en-la-cabeza-podcast\/#primaryimage\"},\"thumbnailUrl\":\"https:\/\/i0.wp.com\/elregionalvm.com.ar\/noticias-villa-maria\/wp-content\/uploads\/2022\/04\/Putin-mano-en-la-cara.jpg?fit=1194%2C814&ssl=1\",\"keywords\":[\"cabeza\",\"guerra\",\"Natalia Pettinari\",\"podcast\",\"Pol\u00edtica Internacional\",\"Putin\",\"Rusia\",\"Stalin\",\"Ucrania\"],\"articleSection\":[\"Notas\",\"Pol\u00edtica\"],\"inLanguage\":\"es\",\"potentialAction\":[{\"@type\":\"CommentAction\",\"name\":\"Comment\",\"target\":[\"http:\/\/elregionalvm.com.ar\/noticias-villa-maria\/politica-internacional-que-tiene-putin-en-la-cabeza-podcast\/#respond\"]}]},{\"@type\":\"WebPage\",\"@id\":\"http:\/\/elregionalvm.com.ar\/noticias-villa-maria\/politica-internacional-que-tiene-putin-en-la-cabeza-podcast\/\",\"url\":\"http:\/\/elregionalvm.com.ar\/noticias-villa-maria\/politica-internacional-que-tiene-putin-en-la-cabeza-podcast\/\",\"name\":\"[Pol\u00edtica Internacional] \u00bfQu\u00e9 tiene Putin en la cabeza? (Podcast) - El Regional\",\"isPartOf\":{\"@id\":\"http:\/\/elregionalvm.com.ar\/noticias-villa-maria\/#website\"},\"primaryImageOfPage\":{\"@id\":\"http:\/\/elregionalvm.com.ar\/noticias-villa-maria\/politica-internacional-que-tiene-putin-en-la-cabeza-podcast\/#primaryimage\"},\"image\":{\"@id\":\"http:\/\/elregionalvm.com.ar\/noticias-villa-maria\/politica-internacional-que-tiene-putin-en-la-cabeza-podcast\/#primaryimage\"},\"thumbnailUrl\":\"https:\/\/i0.wp.com\/elregionalvm.com.ar\/noticias-villa-maria\/wp-content\/uploads\/2022\/04\/Putin-mano-en-la-cara.jpg?fit=1194%2C814&ssl=1\",\"datePublished\":\"2022-04-12T21:55:09+00:00\",\"dateModified\":\"2022-04-13T01:43:39+00:00\",\"author\":{\"@id\":\"http:\/\/elregionalvm.com.ar\/noticias-villa-maria\/#\/schema\/person\/a0fb9c422317faca23d50163151bc354\"},\"description\":\"Hay especialistas que sostienen que el presidente ruso ha implantado un sistema de toma de decisiones totalmente concentrado.\",\"breadcrumb\":{\"@id\":\"http:\/\/elregionalvm.com.ar\/noticias-villa-maria\/politica-internacional-que-tiene-putin-en-la-cabeza-podcast\/#breadcrumb\"},\"inLanguage\":\"es\",\"potentialAction\":[{\"@type\":\"ReadAction\",\"target\":[\"http:\/\/elregionalvm.com.ar\/noticias-villa-maria\/politica-internacional-que-tiene-putin-en-la-cabeza-podcast\/\"]}]},{\"@type\":\"ImageObject\",\"inLanguage\":\"es\",\"@id\":\"http:\/\/elregionalvm.com.ar\/noticias-villa-maria\/politica-internacional-que-tiene-putin-en-la-cabeza-podcast\/#primaryimage\",\"url\":\"https:\/\/i0.wp.com\/elregionalvm.com.ar\/noticias-villa-maria\/wp-content\/uploads\/2022\/04\/Putin-mano-en-la-cara.jpg?fit=1194%2C814&ssl=1\",\"contentUrl\":\"https:\/\/i0.wp.com\/elregionalvm.com.ar\/noticias-villa-maria\/wp-content\/uploads\/2022\/04\/Putin-mano-en-la-cara.jpg?fit=1194%2C814&ssl=1\",\"width\":1194,\"height\":814},{\"@type\":\"BreadcrumbList\",\"@id\":\"http:\/\/elregionalvm.com.ar\/noticias-villa-maria\/politica-internacional-que-tiene-putin-en-la-cabeza-podcast\/#breadcrumb\",\"itemListElement\":[{\"@type\":\"ListItem\",\"position\":1,\"name\":\"Portada\",\"item\":\"https:\/\/elregionalvm.com.ar\/noticias-villa-maria\/\"},{\"@type\":\"ListItem\",\"position\":2,\"name\":\"[Pol\u00edtica Internacional] \u00bfQu\u00e9 tiene Putin en la cabeza? (Podcast)\"}]},{\"@type\":\"WebSite\",\"@id\":\"http:\/\/elregionalvm.com.ar\/noticias-villa-maria\/#website\",\"url\":\"http:\/\/elregionalvm.com.ar\/noticias-villa-maria\/\",\"name\":\"El Regional\",\"description\":\"Mucho m\u00e1s que informaci\u00f3n\",\"potentialAction\":[{\"@type\":\"SearchAction\",\"target\":{\"@type\":\"EntryPoint\",\"urlTemplate\":\"http:\/\/elregionalvm.com.ar\/noticias-villa-maria\/?s={search_term_string}\"},\"query-input\":{\"@type\":\"PropertyValueSpecification\",\"valueRequired\":true,\"valueName\":\"search_term_string\"}}],\"inLanguage\":\"es\"},{\"@type\":\"Person\",\"@id\":\"http:\/\/elregionalvm.com.ar\/noticias-villa-maria\/#\/schema\/person\/a0fb9c422317faca23d50163151bc354\",\"name\":\"Contenidos El Regional\",\"image\":{\"@type\":\"ImageObject\",\"inLanguage\":\"es\",\"@id\":\"http:\/\/elregionalvm.com.ar\/noticias-villa-maria\/#\/schema\/person\/image\/\",\"url\":\"https:\/\/secure.gravatar.com\/avatar\/265b27cb2209af7bb3a1318f03305787d7981a5cc6e6cd08fe5a4ecdf99d4b48?s=96&d=mm&r=g\",\"contentUrl\":\"https:\/\/secure.gravatar.com\/avatar\/265b27cb2209af7bb3a1318f03305787d7981a5cc6e6cd08fe5a4ecdf99d4b48?s=96&d=mm&r=g\",\"caption\":\"Contenidos El Regional\"},\"url\":\"https:\/\/elregionalvm.com.ar\/noticias-villa-maria\/author\/contenido\/\"}]}<\/script>\n<!-- \/ Yoast SEO plugin. -->","yoast_head_json":{"title":"[Pol\u00edtica Internacional] \u00bfQu\u00e9 tiene Putin en la cabeza? (Podcast) - El Regional","description":"Hay especialistas que sostienen que el presidente ruso ha implantado un sistema de toma de decisiones totalmente concentrado.","robots":{"index":"index","follow":"follow","max-snippet":"max-snippet:-1","max-image-preview":"max-image-preview:large","max-video-preview":"max-video-preview:-1"},"canonical":"http:\/\/elregionalvm.com.ar\/noticias-villa-maria\/politica-internacional-que-tiene-putin-en-la-cabeza-podcast\/","og_locale":"es_ES","og_type":"article","og_title":"[Pol\u00edtica Internacional] \u00bfQu\u00e9 tiene Putin en la cabeza? (Podcast) - El Regional","og_description":"Hay especialistas que sostienen que el presidente ruso ha implantado un sistema de toma de decisiones totalmente concentrado.","og_url":"http:\/\/elregionalvm.com.ar\/noticias-villa-maria\/politica-internacional-que-tiene-putin-en-la-cabeza-podcast\/","og_site_name":"El Regional","article_publisher":"https:\/\/www.facebook.com\/elregionalvm","article_published_time":"2022-04-12T21:55:09+00:00","article_modified_time":"2022-04-13T01:43:39+00:00","og_image":[{"width":1194,"height":814,"url":"http:\/\/elregionalvm.com.ar\/noticias-villa-maria\/wp-content\/uploads\/2022\/04\/Putin-mano-en-la-cara.jpg","type":"image\/jpeg"}],"author":"Contenidos El Regional","twitter_card":"summary_large_image","twitter_creator":"@elregionalvm1","twitter_site":"@elregionalvm1","twitter_misc":{"Escrito por":"Contenidos El Regional","Tiempo de lectura":"1 minuto"},"schema":{"@context":"https:\/\/schema.org","@graph":[{"@type":"Article","@id":"http:\/\/elregionalvm.com.ar\/noticias-villa-maria\/politica-internacional-que-tiene-putin-en-la-cabeza-podcast\/#article","isPartOf":{"@id":"http:\/\/elregionalvm.com.ar\/noticias-villa-maria\/politica-internacional-que-tiene-putin-en-la-cabeza-podcast\/"},"author":{"name":"Contenidos El Regional","@id":"http:\/\/elregionalvm.com.ar\/noticias-villa-maria\/#\/schema\/person\/a0fb9c422317faca23d50163151bc354"},"headline":"[Pol\u00edtica Internacional] \u00bfQu\u00e9 tiene Putin en la cabeza? (Podcast)","datePublished":"2022-04-12T21:55:09+00:00","dateModified":"2022-04-13T01:43:39+00:00","mainEntityOfPage":{"@id":"http:\/\/elregionalvm.com.ar\/noticias-villa-maria\/politica-internacional-que-tiene-putin-en-la-cabeza-podcast\/"},"wordCount":173,"commentCount":0,"image":{"@id":"http:\/\/elregionalvm.com.ar\/noticias-villa-maria\/politica-internacional-que-tiene-putin-en-la-cabeza-podcast\/#primaryimage"},"thumbnailUrl":"https:\/\/i0.wp.com\/elregionalvm.com.ar\/noticias-villa-maria\/wp-content\/uploads\/2022\/04\/Putin-mano-en-la-cara.jpg?fit=1194%2C814&ssl=1","keywords":["cabeza","guerra","Natalia Pettinari","podcast","Pol\u00edtica Internacional","Putin","Rusia","Stalin","Ucrania"],"articleSection":["Notas","Pol\u00edtica"],"inLanguage":"es","potentialAction":[{"@type":"CommentAction","name":"Comment","target":["http:\/\/elregionalvm.com.ar\/noticias-villa-maria\/politica-internacional-que-tiene-putin-en-la-cabeza-podcast\/#respond"]}]},{"@type":"WebPage","@id":"http:\/\/elregionalvm.com.ar\/noticias-villa-maria\/politica-internacional-que-tiene-putin-en-la-cabeza-podcast\/","url":"http:\/\/elregionalvm.com.ar\/noticias-villa-maria\/politica-internacional-que-tiene-putin-en-la-cabeza-podcast\/","name":"[Pol\u00edtica Internacional] \u00bfQu\u00e9 tiene Putin en la cabeza? (Podcast) - El Regional","isPartOf":{"@id":"http:\/\/elregionalvm.com.ar\/noticias-villa-maria\/#website"},"primaryImageOfPage":{"@id":"http:\/\/elregionalvm.com.ar\/noticias-villa-maria\/politica-internacional-que-tiene-putin-en-la-cabeza-podcast\/#primaryimage"},"image":{"@id":"http:\/\/elregionalvm.com.ar\/noticias-villa-maria\/politica-internacional-que-tiene-putin-en-la-cabeza-podcast\/#primaryimage"},"thumbnailUrl":"https:\/\/i0.wp.com\/elregionalvm.com.ar\/noticias-villa-maria\/wp-content\/uploads\/2022\/04\/Putin-mano-en-la-cara.jpg?fit=1194%2C814&ssl=1","datePublished":"2022-04-12T21:55:09+00:00","dateModified":"2022-04-13T01:43:39+00:00","author":{"@id":"http:\/\/elregionalvm.com.ar\/noticias-villa-maria\/#\/schema\/person\/a0fb9c422317faca23d50163151bc354"},"description":"Hay especialistas que sostienen que el presidente ruso ha implantado un sistema de toma de decisiones totalmente concentrado.","breadcrumb":{"@id":"http:\/\/elregionalvm.com.ar\/noticias-villa-maria\/politica-internacional-que-tiene-putin-en-la-cabeza-podcast\/#breadcrumb"},"inLanguage":"es","potentialAction":[{"@type":"ReadAction","target":["http:\/\/elregionalvm.com.ar\/noticias-villa-maria\/politica-internacional-que-tiene-putin-en-la-cabeza-podcast\/"]}]},{"@type":"ImageObject","inLanguage":"es","@id":"http:\/\/elregionalvm.com.ar\/noticias-villa-maria\/politica-internacional-que-tiene-putin-en-la-cabeza-podcast\/#primaryimage","url":"https:\/\/i0.wp.com\/elregionalvm.com.ar\/noticias-villa-maria\/wp-content\/uploads\/2022\/04\/Putin-mano-en-la-cara.jpg?fit=1194%2C814&ssl=1","contentUrl":"https:\/\/i0.wp.com\/elregionalvm.com.ar\/noticias-villa-maria\/wp-content\/uploads\/2022\/04\/Putin-mano-en-la-cara.jpg?fit=1194%2C814&ssl=1","width":1194,"height":814},{"@type":"BreadcrumbList","@id":"http:\/\/elregionalvm.com.ar\/noticias-villa-maria\/politica-internacional-que-tiene-putin-en-la-cabeza-podcast\/#breadcrumb","itemListElement":[{"@type":"ListItem","position":1,"name":"Portada","item":"https:\/\/elregionalvm.com.ar\/noticias-villa-maria\/"},{"@type":"ListItem","position":2,"name":"[Pol\u00edtica Internacional] \u00bfQu\u00e9 tiene Putin en la cabeza? (Podcast)"}]},{"@type":"WebSite","@id":"http:\/\/elregionalvm.com.ar\/noticias-villa-maria\/#website","url":"http:\/\/elregionalvm.com.ar\/noticias-villa-maria\/","name":"El Regional","description":"Mucho m\u00e1s que informaci\u00f3n","potentialAction":[{"@type":"SearchAction","target":{"@type":"EntryPoint","urlTemplate":"http:\/\/elregionalvm.com.ar\/noticias-villa-maria\/?s={search_term_string}"},"query-input":{"@type":"PropertyValueSpecification","valueRequired":true,"valueName":"search_term_string"}}],"inLanguage":"es"},{"@type":"Person","@id":"http:\/\/elregionalvm.com.ar\/noticias-villa-maria\/#\/schema\/person\/a0fb9c422317faca23d50163151bc354","name":"Contenidos El Regional","image":{"@type":"ImageObject","inLanguage":"es","@id":"http:\/\/elregionalvm.com.ar\/noticias-villa-maria\/#\/schema\/person\/image\/","url":"https:\/\/secure.gravatar.com\/avatar\/265b27cb2209af7bb3a1318f03305787d7981a5cc6e6cd08fe5a4ecdf99d4b48?s=96&d=mm&r=g","contentUrl":"https:\/\/secure.gravatar.com\/avatar\/265b27cb2209af7bb3a1318f03305787d7981a5cc6e6cd08fe5a4ecdf99d4b48?s=96&d=mm&r=g","caption":"Contenidos El Regional"},"url":"https:\/\/elregionalvm.com.ar\/noticias-villa-maria\/author\/contenido\/"}]}},"jetpack_featured_media_url":"https:\/\/i0.wp.com\/elregionalvm.com.ar\/noticias-villa-maria\/wp-content\/uploads\/2022\/04\/Putin-mano-en-la-cara.jpg?fit=1194%2C814&ssl=1","jetpack_sharing_enabled":true,"_links":{"self":[{"href":"https:\/\/elregionalvm.com.ar\/noticias-villa-maria\/wp-json\/wp\/v2\/posts\/55577","targetHints":{"allow":["GET"]}}],"collection":[{"href":"https:\/\/elregionalvm.com.ar\/noticias-villa-maria\/wp-json\/wp\/v2\/posts"}],"about":[{"href":"https:\/\/elregionalvm.com.ar\/noticias-villa-maria\/wp-json\/wp\/v2\/types\/post"}],"author":[{"embeddable":true,"href":"https:\/\/elregionalvm.com.ar\/noticias-villa-maria\/wp-json\/wp\/v2\/users\/4"}],"replies":[{"embeddable":true,"href":"https:\/\/elregionalvm.com.ar\/noticias-villa-maria\/wp-json\/wp\/v2\/comments?post=55577"}],"version-history":[{"count":1,"href":"https:\/\/elregionalvm.com.ar\/noticias-villa-maria\/wp-json\/wp\/v2\/posts\/55577\/revisions"}],"predecessor-version":[{"id":55578,"href":"https:\/\/elregionalvm.com.ar\/noticias-villa-maria\/wp-json\/wp\/v2\/posts\/55577\/revisions\/55578"}],"wp:featuredmedia":[{"embeddable":true,"href":"https:\/\/elregionalvm.com.ar\/noticias-villa-maria\/wp-json\/wp\/v2\/media\/55579"}],"wp:attachment":[{"href":"https:\/\/elregionalvm.com.ar\/noticias-villa-maria\/wp-json\/wp\/v2\/media?parent=55577"}],"wp:term":[{"taxonomy":"category","embeddable":true,"href":"https:\/\/elregionalvm.com.ar\/noticias-villa-maria\/wp-json\/wp\/v2\/categories?post=55577"},{"taxonomy":"post_tag","embeddable":true,"href":"https:\/\/elregionalvm.com.ar\/noticias-villa-maria\/wp-json\/wp\/v2\/tags?post=55577"}],"curies":[{"name":"wp","href":"https:\/\/api.w.org\/{rel}","templated":true}]}}