{"id":55610,"date":"2022-04-13T02:39:16","date_gmt":"2022-04-13T02:39:16","guid":{"rendered":"https:\/\/elregionalvm.com.ar\/noticias-villa-maria\/?p=55610"},"modified":"2022-04-13T02:39:17","modified_gmt":"2022-04-13T02:39:17","slug":"capacitaran-en-forma-gratuita-en-primeros-auxilios-y-rcp","status":"publish","type":"post","link":"https:\/\/elregionalvm.com.ar\/noticias-villa-maria\/capacitaran-en-forma-gratuita-en-primeros-auxilios-y-rcp\/","title":{"rendered":"Capacitar\u00e1n en forma gratuita en primeros auxilios y RCP"},"content":{"rendered":"\n<p><\/p>\n\n\n\n<p><strong>Ser\u00e1 el pr\u00f3ximo viernes 22 de abril en el Centro Cultural Leonardo Favio a partir de las 15 horas y tendr\u00e1 certificaci\u00f3n.<\/strong><\/p>\n\n\n\n<p><\/p>\n\n\n\n<p><strong>Escribe: Carolina Durand<\/strong><\/p>\n\n\n\n<p><\/p>\n\n\n\n<p>Mario Romero y Cintia Rivas son enfermeros e instructores matriculados, que en el 2021 decidieron dejar de ser trabajadores en relaci\u00f3n de dependencia y conformar un equipo de trabajo en materia de salud.<\/p>\n\n\n\n<p>Bajo el nombre Servicio de Enfermer\u00eda a Domicilio MyC, cuentan con un staff de profesionales altamente capacitados, entre ellos m\u00e9dicos, enfermeros, param\u00e9dicos, instructores, acompa\u00f1antes terap\u00e9uticos y nutricionista.<\/p>\n\n\n\n<p>Ofrecen servicios de acompa\u00f1amiento pedi\u00e1trico, adolescente y adulto, asistencia en el hogar e instituciones p\u00fablicas y privadas, cuidados post operatorio, curaciones de heridas, inyecciones intramusculares e intravenosas, colocaci\u00f3n\/cambio de sonda vesical y sonda nasog\u00e1strica.<\/p>\n\n\n\n<p><strong>Importancia del RCP<\/strong><\/p>\n\n\n\n<p>\u201cEl equipo sabe la importancia de trabajar al servicio de la comunidad y decidimos poder brindar esta capacitaci\u00f3n de primeros auxilios y RCP gratuita, porque sabemos que son herramientas que deber\u00edan estar al alcance de todos los vecinos\u201d, sostuvo Romero.<\/p>\n\n\n\n<p>Por su parte Rivas agreg\u00f3: \u201cAcercamos la propuesta al Centro Cultural y nos brindaron el espacio. Nosotros por nuestra parte de manera gratuita brindaremos una jornada de 3 horas para transmitir la importancia de RCP a toda la comunidad sin importar la edad\u201d.<\/p>\n\n\n\n<p>La capacitaci\u00f3n consistir\u00e1 en ense\u00f1ar primeros auxilios y RCP, ante una situaci\u00f3n de emergencia que podr\u00e1n salvar una vida, hasta tanto la persona sea atendida por profesionales, toma de la presi\u00f3n arterial y maniobra de Heimlich o desobstrucci\u00f3n de la v\u00eda a\u00e9rea.<\/p>\n\n\n\n<p> <a href=\"https:\/\/www.argentina.gob.ar\/salud\/primerosauxilios\/situaciones\/atragantamiento#:~:text=altura%20del%20suyo.-,Abraz%C3%A1%20a%20la%20persona%20por%20la%20espalda%20y%20por%20debajo,el%20movimiento%20hasta%205%20veces.\"><\/a><\/p>\n\n\n\n<figure class=\"wp-block-image size-large is-resized\"><img data-recalc-dims=\"1\" fetchpriority=\"high\" decoding=\"async\" src=\"https:\/\/i0.wp.com\/elregionalvm.com.ar\/noticias-villa-maria\/wp-content\/uploads\/2022\/04\/Enfermeros-a-domicilio.jpeg?resize=910%2C682&#038;ssl=1\" alt=\"\" class=\"wp-image-55612\" width=\"910\" height=\"682\" srcset=\"https:\/\/i0.wp.com\/elregionalvm.com.ar\/noticias-villa-maria\/wp-content\/uploads\/2022\/04\/Enfermeros-a-domicilio.jpeg?resize=1024%2C768&amp;ssl=1 1024w, https:\/\/i0.wp.com\/elregionalvm.com.ar\/noticias-villa-maria\/wp-content\/uploads\/2022\/04\/Enfermeros-a-domicilio.jpeg?resize=300%2C225&amp;ssl=1 300w, https:\/\/i0.wp.com\/elregionalvm.com.ar\/noticias-villa-maria\/wp-content\/uploads\/2022\/04\/Enfermeros-a-domicilio.jpeg?resize=768%2C576&amp;ssl=1 768w, https:\/\/i0.wp.com\/elregionalvm.com.ar\/noticias-villa-maria\/wp-content\/uploads\/2022\/04\/Enfermeros-a-domicilio.jpeg?w=1280&amp;ssl=1 1280w\" sizes=\"(max-width: 910px) 100vw, 910px\" \/><figcaption><em>Mario Romero y Cintia Rivas, enfermeros e instructores matriculados a cargo de la capacitaci\u00f3n.<\/em><\/figcaption><\/figure>\n\n\n\n<p><\/p>\n\n\n\n<p>Adem\u00e1s, explicar\u00e1n el sistema DEA (Desfibrilador Externo Autom\u00e1tico) y su funcionamiento pr\u00e1ctico. Los\u00a0DEA\u00a0deben estar instalados en lugares de f\u00e1cil acceso para su utilizaci\u00f3n ante una situaci\u00f3n de emergencia, y su ubicaci\u00f3n debe estar claramente se\u00f1alizada.<\/p>\n\n\n\n<p>La capacitaci\u00f3n ser\u00e1 con cupos limitados y se otorgar\u00e1 una certificaci\u00f3n avalada por los profesionales.<\/p>\n\n\n\n<p><strong>Ley 27.159: Sistema DEA<\/strong><\/p>\n\n\n\n<p>\u201cNosotros, adem\u00e1s, nos sumamos al pedido de aprobaci\u00f3n de la ley 27.159 para el uso del sistema DEA en lugares p\u00fablicos. Los&nbsp;DEA&nbsp;deber\u00edan estar instalados en lugares de f\u00e1cil acceso para su utilizaci\u00f3n ante una situaci\u00f3n de emergencia\u201d, remarc\u00f3.<\/p>\n\n\n\n<p>\u201cAdem\u00e1s, si las instituciones contaran con este aparato, sumado a conocer sobre RCP, se podr\u00edan salvar muchas vidas en la v\u00eda p\u00fablica y ayudar al sistema de salud que, muchas veces no se visibiliza todo el movimiento y trabajo que existe por detr\u00e1s, con la urgencia de una persona que se ahogue por asfixia o un ni\u00f1o que trague alg\u00fan elemento que obstruya su v\u00eda respiratoria\u201d, subray\u00f3 el profesional.<\/p>\n\n\n\n<p>Para m\u00e1s informaci\u00f3n, pueden consultar al tel\u00e9fono 353-4-134-015 y en redes, Facebook: servicio de enfermer\u00eda a domicilio M Y C &#8211; Instagram: enfermeriadomiciliaria vm.<\/p>\n","protected":false},"excerpt":{"rendered":"<p>Ser\u00e1 el pr\u00f3ximo viernes 22 de abril en el Centro Cultural Leonardo Favio a partir de las 15 horas y tendr\u00e1 certificaci\u00f3n. Escribe: Carolina Durand Mario Romero y Cintia Rivas son enfermeros e instructores matriculados, que en el 2021 decidieron dejar de ser trabajadores en relaci\u00f3n de dependencia y conformar un equipo de trabajo en [&hellip;]<\/p>\n","protected":false},"author":4,"featured_media":55613,"comment_status":"open","ping_status":"open","sticky":false,"template":"","format":"standard","meta":{"site-sidebar-layout":"default","site-content-layout":"","ast-site-content-layout":"default","site-content-style":"default","site-sidebar-style":"default","ast-global-header-display":"","ast-banner-title-visibility":"","ast-main-header-display":"","ast-hfb-above-header-display":"","ast-hfb-below-header-display":"","ast-hfb-mobile-header-display":"","site-post-title":"","ast-breadcrumbs-content":"","ast-featured-img":"","footer-sml-layout":"","ast-disable-related-posts":"","theme-transparent-header-meta":"","adv-header-id-meta":"","stick-header-meta":"","header-above-stick-meta":"","header-main-stick-meta":"","header-below-stick-meta":"","astra-migrate-meta-layouts":"default","ast-page-background-enabled":"default","ast-page-background-meta":{"desktop":{"background-color":"","background-image":"","background-repeat":"repeat","background-position":"center center","background-size":"auto","background-attachment":"scroll","background-type":"","background-media":"","overlay-type":"","overlay-color":"","overlay-opacity":"","overlay-gradient":""},"tablet":{"background-color":"","background-image":"","background-repeat":"repeat","background-position":"center center","background-size":"auto","background-attachment":"scroll","background-type":"","background-media":"","overlay-type":"","overlay-color":"","overlay-opacity":"","overlay-gradient":""},"mobile":{"background-color":"","background-image":"","background-repeat":"repeat","background-position":"center center","background-size":"auto","background-attachment":"scroll","background-type":"","background-media":"","overlay-type":"","overlay-color":"","overlay-opacity":"","overlay-gradient":""}},"ast-content-background-meta":{"desktop":{"background-color":"var(--ast-global-color-5)","background-image":"","background-repeat":"repeat","background-position":"center center","background-size":"auto","background-attachment":"scroll","background-type":"","background-media":"","overlay-type":"","overlay-color":"","overlay-opacity":"","overlay-gradient":""},"tablet":{"background-color":"var(--ast-global-color-5)","background-image":"","background-repeat":"repeat","background-position":"center center","background-size":"auto","background-attachment":"scroll","background-type":"","background-media":"","overlay-type":"","overlay-color":"","overlay-opacity":"","overlay-gradient":""},"mobile":{"background-color":"var(--ast-global-color-5)","background-image":"","background-repeat":"repeat","background-position":"center center","background-size":"auto","background-attachment":"scroll","background-type":"","background-media":"","overlay-type":"","overlay-color":"","overlay-opacity":"","overlay-gradient":""}},"_jetpack_memberships_contains_paid_content":false,"_joinchat":[],"footnotes":""},"categories":[2],"tags":[2273,14825,1232,5736,14823,11607,12189,2248],"class_list":["post-55610","post","type-post","status-publish","format-standard","has-post-thumbnail","hentry","category-villa-maria","tag-capacitacion","tag-dea","tag-destacado","tag-emergencia","tag-enfermeria","tag-primeros-auxilios","tag-rcp","tag-villa-maria-2"],"yoast_head":"<!-- This site is optimized with the Yoast SEO plugin v26.8 - https:\/\/yoast.com\/product\/yoast-seo-wordpress\/ -->\n<title>Capacitar\u00e1n en forma gratuita en primeros auxilios y RCP - El Regional<\/title>\n<meta name=\"description\" content=\"Ser\u00e1 el pr\u00f3ximo viernes 22 de abril en el Centro Cultural Leonardo Favio a partir de las 15 horas y tendr\u00e1 certificaci\u00f3n.\" \/>\n<meta name=\"robots\" content=\"index, follow, max-snippet:-1, max-image-preview:large, max-video-preview:-1\" \/>\n<link rel=\"canonical\" href=\"http:\/\/elregionalvm.com.ar\/noticias-villa-maria\/capacitaran-en-forma-gratuita-en-primeros-auxilios-y-rcp\/\" \/>\n<meta property=\"og:locale\" content=\"es_ES\" \/>\n<meta property=\"og:type\" content=\"article\" \/>\n<meta property=\"og:title\" content=\"Capacitar\u00e1n en forma gratuita en primeros auxilios y RCP - El Regional\" \/>\n<meta property=\"og:description\" content=\"Ser\u00e1 el pr\u00f3ximo viernes 22 de abril en el Centro Cultural Leonardo Favio a partir de las 15 horas y tendr\u00e1 certificaci\u00f3n.\" \/>\n<meta property=\"og:url\" content=\"http:\/\/elregionalvm.com.ar\/noticias-villa-maria\/capacitaran-en-forma-gratuita-en-primeros-auxilios-y-rcp\/\" \/>\n<meta property=\"og:site_name\" content=\"El Regional\" \/>\n<meta property=\"article:publisher\" content=\"https:\/\/www.facebook.com\/elregionalvm\" \/>\n<meta property=\"article:published_time\" content=\"2022-04-13T02:39:16+00:00\" \/>\n<meta property=\"article:modified_time\" content=\"2022-04-13T02:39:17+00:00\" \/>\n<meta property=\"og:image\" content=\"http:\/\/elregionalvm.com.ar\/noticias-villa-maria\/wp-content\/uploads\/2022\/04\/Primeros-auxilios.jpeg\" \/>\n\t<meta property=\"og:image:width\" content=\"1200\" \/>\n\t<meta property=\"og:image:height\" content=\"675\" \/>\n\t<meta property=\"og:image:type\" content=\"image\/jpeg\" \/>\n<meta name=\"author\" content=\"Contenidos El Regional\" \/>\n<meta name=\"twitter:card\" content=\"summary_large_image\" \/>\n<meta name=\"twitter:creator\" content=\"@elregionalvm1\" \/>\n<meta name=\"twitter:site\" content=\"@elregionalvm1\" \/>\n<meta name=\"twitter:label1\" content=\"Escrito por\" \/>\n\t<meta name=\"twitter:data1\" content=\"Contenidos El Regional\" \/>\n\t<meta name=\"twitter:label2\" content=\"Tiempo de lectura\" \/>\n\t<meta name=\"twitter:data2\" content=\"3 minutos\" \/>\n<script type=\"application\/ld+json\" class=\"yoast-schema-graph\">{\"@context\":\"https:\/\/schema.org\",\"@graph\":[{\"@type\":\"Article\",\"@id\":\"http:\/\/elregionalvm.com.ar\/noticias-villa-maria\/capacitaran-en-forma-gratuita-en-primeros-auxilios-y-rcp\/#article\",\"isPartOf\":{\"@id\":\"http:\/\/elregionalvm.com.ar\/noticias-villa-maria\/capacitaran-en-forma-gratuita-en-primeros-auxilios-y-rcp\/\"},\"author\":{\"name\":\"Contenidos El Regional\",\"@id\":\"http:\/\/elregionalvm.com.ar\/noticias-villa-maria\/#\/schema\/person\/a0fb9c422317faca23d50163151bc354\"},\"headline\":\"Capacitar\u00e1n en forma gratuita en primeros auxilios y RCP\",\"datePublished\":\"2022-04-13T02:39:16+00:00\",\"dateModified\":\"2022-04-13T02:39:17+00:00\",\"mainEntityOfPage\":{\"@id\":\"http:\/\/elregionalvm.com.ar\/noticias-villa-maria\/capacitaran-en-forma-gratuita-en-primeros-auxilios-y-rcp\/\"},\"wordCount\":513,\"commentCount\":0,\"image\":{\"@id\":\"http:\/\/elregionalvm.com.ar\/noticias-villa-maria\/capacitaran-en-forma-gratuita-en-primeros-auxilios-y-rcp\/#primaryimage\"},\"thumbnailUrl\":\"https:\/\/i0.wp.com\/elregionalvm.com.ar\/noticias-villa-maria\/wp-content\/uploads\/2022\/04\/Primeros-auxilios.jpeg?fit=1200%2C675&ssl=1\",\"keywords\":[\"Capacitaci\u00f3n\",\"DEA\",\"destacado\",\"emergencia\",\"enfermer\u00eda\",\"primeros auxilios\",\"RCP\",\"Villa Mar\u00eda\"],\"articleSection\":[\"Villa Mar\u00eda\"],\"inLanguage\":\"es\",\"potentialAction\":[{\"@type\":\"CommentAction\",\"name\":\"Comment\",\"target\":[\"http:\/\/elregionalvm.com.ar\/noticias-villa-maria\/capacitaran-en-forma-gratuita-en-primeros-auxilios-y-rcp\/#respond\"]}]},{\"@type\":\"WebPage\",\"@id\":\"http:\/\/elregionalvm.com.ar\/noticias-villa-maria\/capacitaran-en-forma-gratuita-en-primeros-auxilios-y-rcp\/\",\"url\":\"http:\/\/elregionalvm.com.ar\/noticias-villa-maria\/capacitaran-en-forma-gratuita-en-primeros-auxilios-y-rcp\/\",\"name\":\"Capacitar\u00e1n en forma gratuita en primeros auxilios y RCP - El Regional\",\"isPartOf\":{\"@id\":\"http:\/\/elregionalvm.com.ar\/noticias-villa-maria\/#website\"},\"primaryImageOfPage\":{\"@id\":\"http:\/\/elregionalvm.com.ar\/noticias-villa-maria\/capacitaran-en-forma-gratuita-en-primeros-auxilios-y-rcp\/#primaryimage\"},\"image\":{\"@id\":\"http:\/\/elregionalvm.com.ar\/noticias-villa-maria\/capacitaran-en-forma-gratuita-en-primeros-auxilios-y-rcp\/#primaryimage\"},\"thumbnailUrl\":\"https:\/\/i0.wp.com\/elregionalvm.com.ar\/noticias-villa-maria\/wp-content\/uploads\/2022\/04\/Primeros-auxilios.jpeg?fit=1200%2C675&ssl=1\",\"datePublished\":\"2022-04-13T02:39:16+00:00\",\"dateModified\":\"2022-04-13T02:39:17+00:00\",\"author\":{\"@id\":\"http:\/\/elregionalvm.com.ar\/noticias-villa-maria\/#\/schema\/person\/a0fb9c422317faca23d50163151bc354\"},\"description\":\"Ser\u00e1 el pr\u00f3ximo viernes 22 de abril en el Centro Cultural Leonardo Favio a partir de las 15 horas y tendr\u00e1 certificaci\u00f3n.\",\"breadcrumb\":{\"@id\":\"http:\/\/elregionalvm.com.ar\/noticias-villa-maria\/capacitaran-en-forma-gratuita-en-primeros-auxilios-y-rcp\/#breadcrumb\"},\"inLanguage\":\"es\",\"potentialAction\":[{\"@type\":\"ReadAction\",\"target\":[\"http:\/\/elregionalvm.com.ar\/noticias-villa-maria\/capacitaran-en-forma-gratuita-en-primeros-auxilios-y-rcp\/\"]}]},{\"@type\":\"ImageObject\",\"inLanguage\":\"es\",\"@id\":\"http:\/\/elregionalvm.com.ar\/noticias-villa-maria\/capacitaran-en-forma-gratuita-en-primeros-auxilios-y-rcp\/#primaryimage\",\"url\":\"https:\/\/i0.wp.com\/elregionalvm.com.ar\/noticias-villa-maria\/wp-content\/uploads\/2022\/04\/Primeros-auxilios.jpeg?fit=1200%2C675&ssl=1\",\"contentUrl\":\"https:\/\/i0.wp.com\/elregionalvm.com.ar\/noticias-villa-maria\/wp-content\/uploads\/2022\/04\/Primeros-auxilios.jpeg?fit=1200%2C675&ssl=1\",\"width\":1200,\"height\":675},{\"@type\":\"BreadcrumbList\",\"@id\":\"http:\/\/elregionalvm.com.ar\/noticias-villa-maria\/capacitaran-en-forma-gratuita-en-primeros-auxilios-y-rcp\/#breadcrumb\",\"itemListElement\":[{\"@type\":\"ListItem\",\"position\":1,\"name\":\"Portada\",\"item\":\"https:\/\/elregionalvm.com.ar\/noticias-villa-maria\/\"},{\"@type\":\"ListItem\",\"position\":2,\"name\":\"Capacitar\u00e1n en forma gratuita en primeros auxilios y RCP\"}]},{\"@type\":\"WebSite\",\"@id\":\"http:\/\/elregionalvm.com.ar\/noticias-villa-maria\/#website\",\"url\":\"http:\/\/elregionalvm.com.ar\/noticias-villa-maria\/\",\"name\":\"El Regional\",\"description\":\"Mucho m\u00e1s que informaci\u00f3n\",\"potentialAction\":[{\"@type\":\"SearchAction\",\"target\":{\"@type\":\"EntryPoint\",\"urlTemplate\":\"http:\/\/elregionalvm.com.ar\/noticias-villa-maria\/?s={search_term_string}\"},\"query-input\":{\"@type\":\"PropertyValueSpecification\",\"valueRequired\":true,\"valueName\":\"search_term_string\"}}],\"inLanguage\":\"es\"},{\"@type\":\"Person\",\"@id\":\"http:\/\/elregionalvm.com.ar\/noticias-villa-maria\/#\/schema\/person\/a0fb9c422317faca23d50163151bc354\",\"name\":\"Contenidos El Regional\",\"image\":{\"@type\":\"ImageObject\",\"inLanguage\":\"es\",\"@id\":\"http:\/\/elregionalvm.com.ar\/noticias-villa-maria\/#\/schema\/person\/image\/\",\"url\":\"https:\/\/secure.gravatar.com\/avatar\/265b27cb2209af7bb3a1318f03305787d7981a5cc6e6cd08fe5a4ecdf99d4b48?s=96&d=mm&r=g\",\"contentUrl\":\"https:\/\/secure.gravatar.com\/avatar\/265b27cb2209af7bb3a1318f03305787d7981a5cc6e6cd08fe5a4ecdf99d4b48?s=96&d=mm&r=g\",\"caption\":\"Contenidos El Regional\"},\"url\":\"https:\/\/elregionalvm.com.ar\/noticias-villa-maria\/author\/contenido\/\"}]}<\/script>\n<!-- \/ Yoast SEO plugin. -->","yoast_head_json":{"title":"Capacitar\u00e1n en forma gratuita en primeros auxilios y RCP - El Regional","description":"Ser\u00e1 el pr\u00f3ximo viernes 22 de abril en el Centro Cultural Leonardo Favio a partir de las 15 horas y tendr\u00e1 certificaci\u00f3n.","robots":{"index":"index","follow":"follow","max-snippet":"max-snippet:-1","max-image-preview":"max-image-preview:large","max-video-preview":"max-video-preview:-1"},"canonical":"http:\/\/elregionalvm.com.ar\/noticias-villa-maria\/capacitaran-en-forma-gratuita-en-primeros-auxilios-y-rcp\/","og_locale":"es_ES","og_type":"article","og_title":"Capacitar\u00e1n en forma gratuita en primeros auxilios y RCP - El Regional","og_description":"Ser\u00e1 el pr\u00f3ximo viernes 22 de abril en el Centro Cultural Leonardo Favio a partir de las 15 horas y tendr\u00e1 certificaci\u00f3n.","og_url":"http:\/\/elregionalvm.com.ar\/noticias-villa-maria\/capacitaran-en-forma-gratuita-en-primeros-auxilios-y-rcp\/","og_site_name":"El Regional","article_publisher":"https:\/\/www.facebook.com\/elregionalvm","article_published_time":"2022-04-13T02:39:16+00:00","article_modified_time":"2022-04-13T02:39:17+00:00","og_image":[{"width":1200,"height":675,"url":"http:\/\/elregionalvm.com.ar\/noticias-villa-maria\/wp-content\/uploads\/2022\/04\/Primeros-auxilios.jpeg","type":"image\/jpeg"}],"author":"Contenidos El Regional","twitter_card":"summary_large_image","twitter_creator":"@elregionalvm1","twitter_site":"@elregionalvm1","twitter_misc":{"Escrito por":"Contenidos El Regional","Tiempo de lectura":"3 minutos"},"schema":{"@context":"https:\/\/schema.org","@graph":[{"@type":"Article","@id":"http:\/\/elregionalvm.com.ar\/noticias-villa-maria\/capacitaran-en-forma-gratuita-en-primeros-auxilios-y-rcp\/#article","isPartOf":{"@id":"http:\/\/elregionalvm.com.ar\/noticias-villa-maria\/capacitaran-en-forma-gratuita-en-primeros-auxilios-y-rcp\/"},"author":{"name":"Contenidos El Regional","@id":"http:\/\/elregionalvm.com.ar\/noticias-villa-maria\/#\/schema\/person\/a0fb9c422317faca23d50163151bc354"},"headline":"Capacitar\u00e1n en forma gratuita en primeros auxilios y RCP","datePublished":"2022-04-13T02:39:16+00:00","dateModified":"2022-04-13T02:39:17+00:00","mainEntityOfPage":{"@id":"http:\/\/elregionalvm.com.ar\/noticias-villa-maria\/capacitaran-en-forma-gratuita-en-primeros-auxilios-y-rcp\/"},"wordCount":513,"commentCount":0,"image":{"@id":"http:\/\/elregionalvm.com.ar\/noticias-villa-maria\/capacitaran-en-forma-gratuita-en-primeros-auxilios-y-rcp\/#primaryimage"},"thumbnailUrl":"https:\/\/i0.wp.com\/elregionalvm.com.ar\/noticias-villa-maria\/wp-content\/uploads\/2022\/04\/Primeros-auxilios.jpeg?fit=1200%2C675&ssl=1","keywords":["Capacitaci\u00f3n","DEA","destacado","emergencia","enfermer\u00eda","primeros auxilios","RCP","Villa Mar\u00eda"],"articleSection":["Villa Mar\u00eda"],"inLanguage":"es","potentialAction":[{"@type":"CommentAction","name":"Comment","target":["http:\/\/elregionalvm.com.ar\/noticias-villa-maria\/capacitaran-en-forma-gratuita-en-primeros-auxilios-y-rcp\/#respond"]}]},{"@type":"WebPage","@id":"http:\/\/elregionalvm.com.ar\/noticias-villa-maria\/capacitaran-en-forma-gratuita-en-primeros-auxilios-y-rcp\/","url":"http:\/\/elregionalvm.com.ar\/noticias-villa-maria\/capacitaran-en-forma-gratuita-en-primeros-auxilios-y-rcp\/","name":"Capacitar\u00e1n en forma gratuita en primeros auxilios y RCP - El Regional","isPartOf":{"@id":"http:\/\/elregionalvm.com.ar\/noticias-villa-maria\/#website"},"primaryImageOfPage":{"@id":"http:\/\/elregionalvm.com.ar\/noticias-villa-maria\/capacitaran-en-forma-gratuita-en-primeros-auxilios-y-rcp\/#primaryimage"},"image":{"@id":"http:\/\/elregionalvm.com.ar\/noticias-villa-maria\/capacitaran-en-forma-gratuita-en-primeros-auxilios-y-rcp\/#primaryimage"},"thumbnailUrl":"https:\/\/i0.wp.com\/elregionalvm.com.ar\/noticias-villa-maria\/wp-content\/uploads\/2022\/04\/Primeros-auxilios.jpeg?fit=1200%2C675&ssl=1","datePublished":"2022-04-13T02:39:16+00:00","dateModified":"2022-04-13T02:39:17+00:00","author":{"@id":"http:\/\/elregionalvm.com.ar\/noticias-villa-maria\/#\/schema\/person\/a0fb9c422317faca23d50163151bc354"},"description":"Ser\u00e1 el pr\u00f3ximo viernes 22 de abril en el Centro Cultural Leonardo Favio a partir de las 15 horas y tendr\u00e1 certificaci\u00f3n.","breadcrumb":{"@id":"http:\/\/elregionalvm.com.ar\/noticias-villa-maria\/capacitaran-en-forma-gratuita-en-primeros-auxilios-y-rcp\/#breadcrumb"},"inLanguage":"es","potentialAction":[{"@type":"ReadAction","target":["http:\/\/elregionalvm.com.ar\/noticias-villa-maria\/capacitaran-en-forma-gratuita-en-primeros-auxilios-y-rcp\/"]}]},{"@type":"ImageObject","inLanguage":"es","@id":"http:\/\/elregionalvm.com.ar\/noticias-villa-maria\/capacitaran-en-forma-gratuita-en-primeros-auxilios-y-rcp\/#primaryimage","url":"https:\/\/i0.wp.com\/elregionalvm.com.ar\/noticias-villa-maria\/wp-content\/uploads\/2022\/04\/Primeros-auxilios.jpeg?fit=1200%2C675&ssl=1","contentUrl":"https:\/\/i0.wp.com\/elregionalvm.com.ar\/noticias-villa-maria\/wp-content\/uploads\/2022\/04\/Primeros-auxilios.jpeg?fit=1200%2C675&ssl=1","width":1200,"height":675},{"@type":"BreadcrumbList","@id":"http:\/\/elregionalvm.com.ar\/noticias-villa-maria\/capacitaran-en-forma-gratuita-en-primeros-auxilios-y-rcp\/#breadcrumb","itemListElement":[{"@type":"ListItem","position":1,"name":"Portada","item":"https:\/\/elregionalvm.com.ar\/noticias-villa-maria\/"},{"@type":"ListItem","position":2,"name":"Capacitar\u00e1n en forma gratuita en primeros auxilios y RCP"}]},{"@type":"WebSite","@id":"http:\/\/elregionalvm.com.ar\/noticias-villa-maria\/#website","url":"http:\/\/elregionalvm.com.ar\/noticias-villa-maria\/","name":"El Regional","description":"Mucho m\u00e1s que informaci\u00f3n","potentialAction":[{"@type":"SearchAction","target":{"@type":"EntryPoint","urlTemplate":"http:\/\/elregionalvm.com.ar\/noticias-villa-maria\/?s={search_term_string}"},"query-input":{"@type":"PropertyValueSpecification","valueRequired":true,"valueName":"search_term_string"}}],"inLanguage":"es"},{"@type":"Person","@id":"http:\/\/elregionalvm.com.ar\/noticias-villa-maria\/#\/schema\/person\/a0fb9c422317faca23d50163151bc354","name":"Contenidos El Regional","image":{"@type":"ImageObject","inLanguage":"es","@id":"http:\/\/elregionalvm.com.ar\/noticias-villa-maria\/#\/schema\/person\/image\/","url":"https:\/\/secure.gravatar.com\/avatar\/265b27cb2209af7bb3a1318f03305787d7981a5cc6e6cd08fe5a4ecdf99d4b48?s=96&d=mm&r=g","contentUrl":"https:\/\/secure.gravatar.com\/avatar\/265b27cb2209af7bb3a1318f03305787d7981a5cc6e6cd08fe5a4ecdf99d4b48?s=96&d=mm&r=g","caption":"Contenidos El Regional"},"url":"https:\/\/elregionalvm.com.ar\/noticias-villa-maria\/author\/contenido\/"}]}},"jetpack_featured_media_url":"https:\/\/i0.wp.com\/elregionalvm.com.ar\/noticias-villa-maria\/wp-content\/uploads\/2022\/04\/Primeros-auxilios.jpeg?fit=1200%2C675&ssl=1","jetpack_sharing_enabled":true,"_links":{"self":[{"href":"https:\/\/elregionalvm.com.ar\/noticias-villa-maria\/wp-json\/wp\/v2\/posts\/55610","targetHints":{"allow":["GET"]}}],"collection":[{"href":"https:\/\/elregionalvm.com.ar\/noticias-villa-maria\/wp-json\/wp\/v2\/posts"}],"about":[{"href":"https:\/\/elregionalvm.com.ar\/noticias-villa-maria\/wp-json\/wp\/v2\/types\/post"}],"author":[{"embeddable":true,"href":"https:\/\/elregionalvm.com.ar\/noticias-villa-maria\/wp-json\/wp\/v2\/users\/4"}],"replies":[{"embeddable":true,"href":"https:\/\/elregionalvm.com.ar\/noticias-villa-maria\/wp-json\/wp\/v2\/comments?post=55610"}],"version-history":[{"count":2,"href":"https:\/\/elregionalvm.com.ar\/noticias-villa-maria\/wp-json\/wp\/v2\/posts\/55610\/revisions"}],"predecessor-version":[{"id":55615,"href":"https:\/\/elregionalvm.com.ar\/noticias-villa-maria\/wp-json\/wp\/v2\/posts\/55610\/revisions\/55615"}],"wp:featuredmedia":[{"embeddable":true,"href":"https:\/\/elregionalvm.com.ar\/noticias-villa-maria\/wp-json\/wp\/v2\/media\/55613"}],"wp:attachment":[{"href":"https:\/\/elregionalvm.com.ar\/noticias-villa-maria\/wp-json\/wp\/v2\/media?parent=55610"}],"wp:term":[{"taxonomy":"category","embeddable":true,"href":"https:\/\/elregionalvm.com.ar\/noticias-villa-maria\/wp-json\/wp\/v2\/categories?post=55610"},{"taxonomy":"post_tag","embeddable":true,"href":"https:\/\/elregionalvm.com.ar\/noticias-villa-maria\/wp-json\/wp\/v2\/tags?post=55610"}],"curies":[{"name":"wp","href":"https:\/\/api.w.org\/{rel}","templated":true}]}}