{"id":55653,"date":"2022-04-13T16:57:58","date_gmt":"2022-04-13T16:57:58","guid":{"rendered":"https:\/\/elregionalvm.com.ar\/noticias-villa-maria\/?p=55653"},"modified":"2022-04-18T02:40:36","modified_gmt":"2022-04-18T02:40:36","slug":"historias-detras-del-beso-te-acordas-del-primero-y-del-ultimo","status":"publish","type":"post","link":"https:\/\/elregionalvm.com.ar\/noticias-villa-maria\/historias-detras-del-beso-te-acordas-del-primero-y-del-ultimo\/","title":{"rendered":"[Historias detr\u00e1s del beso]  \u00bfTe acord\u00e1s del primero? \u00bfY del \u00faltimo?"},"content":{"rendered":"\n<p><\/p>\n\n\n\n<p><strong>Cada 13 de abril se celebra el d\u00eda mundial del beso. Ese d\u00eda, pero de 2013, una pareja tailandesa alcanz\u00f3 el r\u00e9cord de extender su \u00f3sculo durante 58 horas. \u00bfTe acord\u00e1s de tu primer beso? \u00bfY del \u00faltimo?<\/strong><\/p>\n\n\n\n<p><\/p>\n\n\n\n<p><em>\u00abA menudo, los labios m\u00e1s urgentes, no tienen prisa dos besos despu\u00e9s\u00bb (Joaqu\u00edn Sabina) <\/em><\/p>\n\n\n\n<p><\/p>\n\n\n\n<p><strong>Escribe: Lic. Noelia Benedetto (*)<\/strong><\/p>\n\n\n\n<p><\/p>\n\n\n\n<p>El beso tiene una potencia er\u00f3tica invaluable, puede activar los frenos o los aceleradores de los encuentros\/desencuentros sexuales, lo parad\u00f3jico es que los besos apasionados, pueden ser lo primero que se enfr\u00ede en un v\u00ednculo&#8230; \u00bfHace cu\u00e1nto que no chap\u00e1s?<\/p>\n\n\n\n<p>Algunos argumentar\u00e1n que es esperable ya que el cuerpo no est\u00e1 urgido de realizar los an\u00e1lisis neuroqu\u00edmicos acerca del futuro con esa persona potencial. <\/p>\n\n\n\n<p>Besarse tiene que ver con placer, goce, satisfacci\u00f3n, es una escena sexual en s\u00ed misma. Besarse por el placer mismo que implica esta pr\u00e1ctica, sin m\u00e1s horizontes que ese.<\/p>\n\n\n\n<p><strong>En algunos lugares est\u00e1 prohibido que las personas se besen, o incluso, se abracen.<\/strong><\/p>\n\n\n\n<p>En Jap\u00f3n se considera vergonzoso besarse en p\u00fablico. En 2021, reson\u00f3 la frase \u00abtodo beso es pol\u00edtico\u00bb ya que absolvieron a Marian G\u00f3mez, que en 2017 fue detenida por darle un beso a su pareja Roc\u00edo en Constituci\u00f3n.<\/p>\n\n\n\n<p>En 2019 la condenaron a un a\u00f1o de c\u00e1rcel por resistencia a la autoridad y lesiones leves. \u00abRevoluci\u00f3n es que te pueda besar\u00bb, poste\u00f3 en sus redes el grupo de cumbia Sudor Marika.<\/p>\n\n\n\n<p><\/p>\n\n\n\n<figure class=\"wp-block-image size-large\"><img data-recalc-dims=\"1\" fetchpriority=\"high\" decoding=\"async\" width=\"1024\" height=\"689\" src=\"https:\/\/i0.wp.com\/elregionalvm.com.ar\/noticias-villa-maria\/wp-content\/uploads\/2022\/04\/Beso-pareja.jpg?resize=1024%2C689&#038;ssl=1\" alt=\"\" class=\"wp-image-55657\"\/><figcaption>M26, W24, board walk, beach dunes, Majorca, Spain<\/figcaption><\/figure>\n\n\n\n<p><\/p>\n\n\n\n<p><strong>\u00bfCu\u00e1ndo y a qui\u00e9n se le habr\u00e1 ocurrido unir los labios como muestra de alg\u00fan sentimiento?<\/strong><\/p>\n\n\n\n<p>En la cultura india hacia 1500 aC. Luego, qued\u00f3 asentado en el Mahabha\u00e1rata, que contiene referencias de personas que juntan sus labios en se\u00f1al de afecto y 1300 a\u00f1os despu\u00e9s, el Kamasutra, donde se describe la divinidad natural del sexo, ya aparecen referencias al beso como pr\u00e1ctica sensual.<\/p>\n\n\n\n<p>En algunas tribus africanas consideran que besar en los labios es peligroso, pues se cree que el alma puede escapar por la boca. Hasta el 90% de las personas en el mundo acostumbran besar, sin embargo, la forma de hacerlo var\u00eda.<\/p>\n\n\n\n<p>El dato curioso es que cuando se besa se ponen en movimiento al menos 34 m\u00fasculos, circulan por la saliva 9 mg. de agua, 0,7 g. de alb\u00famina, 0,18 g. de sustancias org\u00e1nicas, 0,711 mg. de materias grasas, 0,45 mg. de sales, adem\u00e1s de bacterias y enzimas.<\/p>\n\n\n\n<p>Aprovecho la oportunidad para visibilizar el potencial er\u00f3tico y no s\u00f3lo tierno del beso y sensaciones asociadas, que muchas veces quedan olvidados en un caj\u00f3n en v\u00ednculos de larga data, o el estereotipo marca que es s\u00f3lo potestad de personas j\u00f3venes.<\/p>\n\n\n\n<p>\u00bfCu\u00e1ntas veces escuchamos \u00abmir\u00e1 qu\u00e9 desubicados esos dos chapando, ya son grandes para dar espect\u00e1culos\u00bb o \u00abyo nunca vi a mis viejos besarse\u00bb?<\/p>\n\n\n\n<p>Hoy, despu\u00e9s de dos a\u00f1os, se celebra sin protocolo Covid y dem\u00e1s agregados.<\/p>\n\n\n\n<p>Un chapar fuerte&#8230;<\/p>\n\n\n\n<p><\/p>\n\n\n\n<figure class=\"wp-block-embed is-type-wp-embed is-provider-el-regional wp-block-embed-el-regional\"><div class=\"wp-block-embed__wrapper\">\n<blockquote class=\"wp-embedded-content\" data-secret=\"nnp8pFn8lO\"><a href=\"https:\/\/elregionalvm.com.ar\/noticias-villa-maria\/sexualidad-y-salud-la-adiccion-al-sexo-es-puro-cuento\/\">[Sexualidad y salud] La adicci\u00f3n al sexo es puro cuento<\/a><\/blockquote><iframe class=\"wp-embedded-content\" sandbox=\"allow-scripts\" security=\"restricted\" style=\"position: absolute; visibility: hidden;\" title=\"\u00ab[Sexualidad y salud] La adicci\u00f3n al sexo es puro cuento\u00bb \u2014 El Regional\" src=\"https:\/\/elregionalvm.com.ar\/noticias-villa-maria\/sexualidad-y-salud-la-adiccion-al-sexo-es-puro-cuento\/embed\/#?secret=n8lzgyetJs#?secret=nnp8pFn8lO\" data-secret=\"nnp8pFn8lO\" width=\"500\" height=\"282\" frameborder=\"0\" marginwidth=\"0\" marginheight=\"0\" scrolling=\"no\"><\/iframe>\n<\/div><\/figure>\n\n\n\n<p><strong>(*) Psic\u00f3loga y sex\u00f3loga<\/strong><\/p>\n","protected":false},"excerpt":{"rendered":"<p>Cada 13 de abril se celebra el d\u00eda mundial del beso. Ese d\u00eda, pero de 2013, una pareja tailandesa alcanz\u00f3 el r\u00e9cord de extender su \u00f3sculo durante 58 horas. \u00bfTe acord\u00e1s de tu primer beso? \u00bfY del \u00faltimo? \u00abA menudo, los labios m\u00e1s urgentes, no tienen prisa dos besos despu\u00e9s\u00bb (Joaqu\u00edn Sabina) Escribe: Lic. Noelia [&hellip;]<\/p>\n","protected":false},"author":4,"featured_media":55658,"comment_status":"open","ping_status":"open","sticky":false,"template":"","format":"standard","meta":{"site-sidebar-layout":"default","site-content-layout":"","ast-site-content-layout":"default","site-content-style":"default","site-sidebar-style":"default","ast-global-header-display":"","ast-banner-title-visibility":"","ast-main-header-display":"","ast-hfb-above-header-display":"","ast-hfb-below-header-display":"","ast-hfb-mobile-header-display":"","site-post-title":"","ast-breadcrumbs-content":"","ast-featured-img":"","footer-sml-layout":"","ast-disable-related-posts":"","theme-transparent-header-meta":"","adv-header-id-meta":"","stick-header-meta":"","header-above-stick-meta":"","header-main-stick-meta":"","header-below-stick-meta":"","astra-migrate-meta-layouts":"default","ast-page-background-enabled":"default","ast-page-background-meta":{"desktop":{"background-color":"","background-image":"","background-repeat":"repeat","background-position":"center center","background-size":"auto","background-attachment":"scroll","background-type":"","background-media":"","overlay-type":"","overlay-color":"","overlay-opacity":"","overlay-gradient":""},"tablet":{"background-color":"","background-image":"","background-repeat":"repeat","background-position":"center center","background-size":"auto","background-attachment":"scroll","background-type":"","background-media":"","overlay-type":"","overlay-color":"","overlay-opacity":"","overlay-gradient":""},"mobile":{"background-color":"","background-image":"","background-repeat":"repeat","background-position":"center center","background-size":"auto","background-attachment":"scroll","background-type":"","background-media":"","overlay-type":"","overlay-color":"","overlay-opacity":"","overlay-gradient":""}},"ast-content-background-meta":{"desktop":{"background-color":"var(--ast-global-color-5)","background-image":"","background-repeat":"repeat","background-position":"center center","background-size":"auto","background-attachment":"scroll","background-type":"","background-media":"","overlay-type":"","overlay-color":"","overlay-opacity":"","overlay-gradient":""},"tablet":{"background-color":"var(--ast-global-color-5)","background-image":"","background-repeat":"repeat","background-position":"center center","background-size":"auto","background-attachment":"scroll","background-type":"","background-media":"","overlay-type":"","overlay-color":"","overlay-opacity":"","overlay-gradient":""},"mobile":{"background-color":"var(--ast-global-color-5)","background-image":"","background-repeat":"repeat","background-position":"center center","background-size":"auto","background-attachment":"scroll","background-type":"","background-media":"","overlay-type":"","overlay-color":"","overlay-opacity":"","overlay-gradient":""}},"_jetpack_memberships_contains_paid_content":false,"_joinchat":[],"footnotes":""},"categories":[365,3557],"tags":[1726,14837,14836,11097,1346,13902,10195,11095,11286],"class_list":["post-55653","post","type-post","status-publish","format-standard","has-post-thumbnail","hentry","category-opinion","category-tercera","tag-beso","tag-chapar","tag-labios","tag-noelia-benedetto","tag-psicologia","tag-sensualidad","tag-sexo","tag-sexologia","tag-sexualidad"],"yoast_head":"<!-- This site is optimized with the Yoast SEO plugin v26.8 - https:\/\/yoast.com\/product\/yoast-seo-wordpress\/ -->\n<title>[Historias detr\u00e1s del beso] \u00bfTe acord\u00e1s del primero? \u00bfY del \u00faltimo? - El Regional<\/title>\n<meta name=\"description\" content=\"El beso tiene una potencia er\u00f3tica invaluable, puede activar los frenos o los aceleradores de los encuentros\/desencuentros sexuales.\" \/>\n<meta name=\"robots\" content=\"index, follow, max-snippet:-1, max-image-preview:large, max-video-preview:-1\" \/>\n<link rel=\"canonical\" href=\"http:\/\/elregionalvm.com.ar\/noticias-villa-maria\/historias-detras-del-beso-te-acordas-del-primero-y-del-ultimo\/\" \/>\n<meta property=\"og:locale\" content=\"es_ES\" \/>\n<meta property=\"og:type\" content=\"article\" \/>\n<meta property=\"og:title\" content=\"[Historias detr\u00e1s del beso] \u00bfTe acord\u00e1s del primero? \u00bfY del \u00faltimo? - El Regional\" \/>\n<meta property=\"og:description\" content=\"El beso tiene una potencia er\u00f3tica invaluable, puede activar los frenos o los aceleradores de los encuentros\/desencuentros sexuales.\" \/>\n<meta property=\"og:url\" content=\"http:\/\/elregionalvm.com.ar\/noticias-villa-maria\/historias-detras-del-beso-te-acordas-del-primero-y-del-ultimo\/\" \/>\n<meta property=\"og:site_name\" content=\"El Regional\" \/>\n<meta property=\"article:publisher\" content=\"https:\/\/www.facebook.com\/elregionalvm\" \/>\n<meta property=\"article:published_time\" content=\"2022-04-13T16:57:58+00:00\" \/>\n<meta property=\"article:modified_time\" content=\"2022-04-18T02:40:36+00:00\" \/>\n<meta property=\"og:image\" content=\"http:\/\/elregionalvm.com.ar\/noticias-villa-maria\/wp-content\/uploads\/2022\/04\/segunda-guerra-mundia-beso.jpg\" \/>\n\t<meta property=\"og:image:width\" content=\"1248\" \/>\n\t<meta property=\"og:image:height\" content=\"698\" \/>\n\t<meta property=\"og:image:type\" content=\"image\/jpeg\" \/>\n<meta name=\"author\" content=\"Contenidos El Regional\" \/>\n<meta name=\"twitter:card\" content=\"summary_large_image\" \/>\n<meta name=\"twitter:creator\" content=\"@elregionalvm1\" \/>\n<meta name=\"twitter:site\" content=\"@elregionalvm1\" \/>\n<meta name=\"twitter:label1\" content=\"Escrito por\" \/>\n\t<meta name=\"twitter:data1\" content=\"Contenidos El Regional\" \/>\n\t<meta name=\"twitter:label2\" content=\"Tiempo de lectura\" \/>\n\t<meta name=\"twitter:data2\" content=\"3 minutos\" \/>\n<script type=\"application\/ld+json\" class=\"yoast-schema-graph\">{\"@context\":\"https:\/\/schema.org\",\"@graph\":[{\"@type\":\"Article\",\"@id\":\"http:\/\/elregionalvm.com.ar\/noticias-villa-maria\/historias-detras-del-beso-te-acordas-del-primero-y-del-ultimo\/#article\",\"isPartOf\":{\"@id\":\"http:\/\/elregionalvm.com.ar\/noticias-villa-maria\/historias-detras-del-beso-te-acordas-del-primero-y-del-ultimo\/\"},\"author\":{\"name\":\"Contenidos El Regional\",\"@id\":\"http:\/\/elregionalvm.com.ar\/noticias-villa-maria\/#\/schema\/person\/a0fb9c422317faca23d50163151bc354\"},\"headline\":\"[Historias detr\u00e1s del beso] \u00bfTe acord\u00e1s del primero? \u00bfY del \u00faltimo?\",\"datePublished\":\"2022-04-13T16:57:58+00:00\",\"dateModified\":\"2022-04-18T02:40:36+00:00\",\"mainEntityOfPage\":{\"@id\":\"http:\/\/elregionalvm.com.ar\/noticias-villa-maria\/historias-detras-del-beso-te-acordas-del-primero-y-del-ultimo\/\"},\"wordCount\":536,\"commentCount\":0,\"image\":{\"@id\":\"http:\/\/elregionalvm.com.ar\/noticias-villa-maria\/historias-detras-del-beso-te-acordas-del-primero-y-del-ultimo\/#primaryimage\"},\"thumbnailUrl\":\"https:\/\/i0.wp.com\/elregionalvm.com.ar\/noticias-villa-maria\/wp-content\/uploads\/2022\/04\/segunda-guerra-mundia-beso.jpg?fit=1248%2C698&ssl=1\",\"keywords\":[\"bes\u00f3\",\"chapar\",\"labios\",\"Noelia Benedetto\",\"Psicolog\u00eda\",\"sensualidad\",\"Sexo\",\"Sexolog\u00eda\",\"Sexualidad\"],\"articleSection\":[\"Opini\u00f3n\",\"tercera\"],\"inLanguage\":\"es\",\"potentialAction\":[{\"@type\":\"CommentAction\",\"name\":\"Comment\",\"target\":[\"http:\/\/elregionalvm.com.ar\/noticias-villa-maria\/historias-detras-del-beso-te-acordas-del-primero-y-del-ultimo\/#respond\"]}]},{\"@type\":\"WebPage\",\"@id\":\"http:\/\/elregionalvm.com.ar\/noticias-villa-maria\/historias-detras-del-beso-te-acordas-del-primero-y-del-ultimo\/\",\"url\":\"http:\/\/elregionalvm.com.ar\/noticias-villa-maria\/historias-detras-del-beso-te-acordas-del-primero-y-del-ultimo\/\",\"name\":\"[Historias detr\u00e1s del beso] \u00bfTe acord\u00e1s del primero? \u00bfY del \u00faltimo? - El Regional\",\"isPartOf\":{\"@id\":\"http:\/\/elregionalvm.com.ar\/noticias-villa-maria\/#website\"},\"primaryImageOfPage\":{\"@id\":\"http:\/\/elregionalvm.com.ar\/noticias-villa-maria\/historias-detras-del-beso-te-acordas-del-primero-y-del-ultimo\/#primaryimage\"},\"image\":{\"@id\":\"http:\/\/elregionalvm.com.ar\/noticias-villa-maria\/historias-detras-del-beso-te-acordas-del-primero-y-del-ultimo\/#primaryimage\"},\"thumbnailUrl\":\"https:\/\/i0.wp.com\/elregionalvm.com.ar\/noticias-villa-maria\/wp-content\/uploads\/2022\/04\/segunda-guerra-mundia-beso.jpg?fit=1248%2C698&ssl=1\",\"datePublished\":\"2022-04-13T16:57:58+00:00\",\"dateModified\":\"2022-04-18T02:40:36+00:00\",\"author\":{\"@id\":\"http:\/\/elregionalvm.com.ar\/noticias-villa-maria\/#\/schema\/person\/a0fb9c422317faca23d50163151bc354\"},\"description\":\"El beso tiene una potencia er\u00f3tica invaluable, puede activar los frenos o los aceleradores de los encuentros\/desencuentros sexuales.\",\"breadcrumb\":{\"@id\":\"http:\/\/elregionalvm.com.ar\/noticias-villa-maria\/historias-detras-del-beso-te-acordas-del-primero-y-del-ultimo\/#breadcrumb\"},\"inLanguage\":\"es\",\"potentialAction\":[{\"@type\":\"ReadAction\",\"target\":[\"http:\/\/elregionalvm.com.ar\/noticias-villa-maria\/historias-detras-del-beso-te-acordas-del-primero-y-del-ultimo\/\"]}]},{\"@type\":\"ImageObject\",\"inLanguage\":\"es\",\"@id\":\"http:\/\/elregionalvm.com.ar\/noticias-villa-maria\/historias-detras-del-beso-te-acordas-del-primero-y-del-ultimo\/#primaryimage\",\"url\":\"https:\/\/i0.wp.com\/elregionalvm.com.ar\/noticias-villa-maria\/wp-content\/uploads\/2022\/04\/segunda-guerra-mundia-beso.jpg?fit=1248%2C698&ssl=1\",\"contentUrl\":\"https:\/\/i0.wp.com\/elregionalvm.com.ar\/noticias-villa-maria\/wp-content\/uploads\/2022\/04\/segunda-guerra-mundia-beso.jpg?fit=1248%2C698&ssl=1\",\"width\":1248,\"height\":698},{\"@type\":\"BreadcrumbList\",\"@id\":\"http:\/\/elregionalvm.com.ar\/noticias-villa-maria\/historias-detras-del-beso-te-acordas-del-primero-y-del-ultimo\/#breadcrumb\",\"itemListElement\":[{\"@type\":\"ListItem\",\"position\":1,\"name\":\"Portada\",\"item\":\"https:\/\/elregionalvm.com.ar\/noticias-villa-maria\/\"},{\"@type\":\"ListItem\",\"position\":2,\"name\":\"[Historias detr\u00e1s del beso] \u00bfTe acord\u00e1s del primero? \u00bfY del \u00faltimo?\"}]},{\"@type\":\"WebSite\",\"@id\":\"http:\/\/elregionalvm.com.ar\/noticias-villa-maria\/#website\",\"url\":\"http:\/\/elregionalvm.com.ar\/noticias-villa-maria\/\",\"name\":\"El Regional\",\"description\":\"Mucho m\u00e1s que informaci\u00f3n\",\"potentialAction\":[{\"@type\":\"SearchAction\",\"target\":{\"@type\":\"EntryPoint\",\"urlTemplate\":\"http:\/\/elregionalvm.com.ar\/noticias-villa-maria\/?s={search_term_string}\"},\"query-input\":{\"@type\":\"PropertyValueSpecification\",\"valueRequired\":true,\"valueName\":\"search_term_string\"}}],\"inLanguage\":\"es\"},{\"@type\":\"Person\",\"@id\":\"http:\/\/elregionalvm.com.ar\/noticias-villa-maria\/#\/schema\/person\/a0fb9c422317faca23d50163151bc354\",\"name\":\"Contenidos El Regional\",\"image\":{\"@type\":\"ImageObject\",\"inLanguage\":\"es\",\"@id\":\"http:\/\/elregionalvm.com.ar\/noticias-villa-maria\/#\/schema\/person\/image\/\",\"url\":\"https:\/\/secure.gravatar.com\/avatar\/265b27cb2209af7bb3a1318f03305787d7981a5cc6e6cd08fe5a4ecdf99d4b48?s=96&d=mm&r=g\",\"contentUrl\":\"https:\/\/secure.gravatar.com\/avatar\/265b27cb2209af7bb3a1318f03305787d7981a5cc6e6cd08fe5a4ecdf99d4b48?s=96&d=mm&r=g\",\"caption\":\"Contenidos El Regional\"},\"url\":\"https:\/\/elregionalvm.com.ar\/noticias-villa-maria\/author\/contenido\/\"}]}<\/script>\n<!-- \/ Yoast SEO plugin. -->","yoast_head_json":{"title":"[Historias detr\u00e1s del beso] \u00bfTe acord\u00e1s del primero? \u00bfY del \u00faltimo? - El Regional","description":"El beso tiene una potencia er\u00f3tica invaluable, puede activar los frenos o los aceleradores de los encuentros\/desencuentros sexuales.","robots":{"index":"index","follow":"follow","max-snippet":"max-snippet:-1","max-image-preview":"max-image-preview:large","max-video-preview":"max-video-preview:-1"},"canonical":"http:\/\/elregionalvm.com.ar\/noticias-villa-maria\/historias-detras-del-beso-te-acordas-del-primero-y-del-ultimo\/","og_locale":"es_ES","og_type":"article","og_title":"[Historias detr\u00e1s del beso] \u00bfTe acord\u00e1s del primero? \u00bfY del \u00faltimo? - El Regional","og_description":"El beso tiene una potencia er\u00f3tica invaluable, puede activar los frenos o los aceleradores de los encuentros\/desencuentros sexuales.","og_url":"http:\/\/elregionalvm.com.ar\/noticias-villa-maria\/historias-detras-del-beso-te-acordas-del-primero-y-del-ultimo\/","og_site_name":"El Regional","article_publisher":"https:\/\/www.facebook.com\/elregionalvm","article_published_time":"2022-04-13T16:57:58+00:00","article_modified_time":"2022-04-18T02:40:36+00:00","og_image":[{"width":1248,"height":698,"url":"http:\/\/elregionalvm.com.ar\/noticias-villa-maria\/wp-content\/uploads\/2022\/04\/segunda-guerra-mundia-beso.jpg","type":"image\/jpeg"}],"author":"Contenidos El Regional","twitter_card":"summary_large_image","twitter_creator":"@elregionalvm1","twitter_site":"@elregionalvm1","twitter_misc":{"Escrito por":"Contenidos El Regional","Tiempo de lectura":"3 minutos"},"schema":{"@context":"https:\/\/schema.org","@graph":[{"@type":"Article","@id":"http:\/\/elregionalvm.com.ar\/noticias-villa-maria\/historias-detras-del-beso-te-acordas-del-primero-y-del-ultimo\/#article","isPartOf":{"@id":"http:\/\/elregionalvm.com.ar\/noticias-villa-maria\/historias-detras-del-beso-te-acordas-del-primero-y-del-ultimo\/"},"author":{"name":"Contenidos El Regional","@id":"http:\/\/elregionalvm.com.ar\/noticias-villa-maria\/#\/schema\/person\/a0fb9c422317faca23d50163151bc354"},"headline":"[Historias detr\u00e1s del beso] \u00bfTe acord\u00e1s del primero? \u00bfY del \u00faltimo?","datePublished":"2022-04-13T16:57:58+00:00","dateModified":"2022-04-18T02:40:36+00:00","mainEntityOfPage":{"@id":"http:\/\/elregionalvm.com.ar\/noticias-villa-maria\/historias-detras-del-beso-te-acordas-del-primero-y-del-ultimo\/"},"wordCount":536,"commentCount":0,"image":{"@id":"http:\/\/elregionalvm.com.ar\/noticias-villa-maria\/historias-detras-del-beso-te-acordas-del-primero-y-del-ultimo\/#primaryimage"},"thumbnailUrl":"https:\/\/i0.wp.com\/elregionalvm.com.ar\/noticias-villa-maria\/wp-content\/uploads\/2022\/04\/segunda-guerra-mundia-beso.jpg?fit=1248%2C698&ssl=1","keywords":["bes\u00f3","chapar","labios","Noelia Benedetto","Psicolog\u00eda","sensualidad","Sexo","Sexolog\u00eda","Sexualidad"],"articleSection":["Opini\u00f3n","tercera"],"inLanguage":"es","potentialAction":[{"@type":"CommentAction","name":"Comment","target":["http:\/\/elregionalvm.com.ar\/noticias-villa-maria\/historias-detras-del-beso-te-acordas-del-primero-y-del-ultimo\/#respond"]}]},{"@type":"WebPage","@id":"http:\/\/elregionalvm.com.ar\/noticias-villa-maria\/historias-detras-del-beso-te-acordas-del-primero-y-del-ultimo\/","url":"http:\/\/elregionalvm.com.ar\/noticias-villa-maria\/historias-detras-del-beso-te-acordas-del-primero-y-del-ultimo\/","name":"[Historias detr\u00e1s del beso] \u00bfTe acord\u00e1s del primero? \u00bfY del \u00faltimo? - El Regional","isPartOf":{"@id":"http:\/\/elregionalvm.com.ar\/noticias-villa-maria\/#website"},"primaryImageOfPage":{"@id":"http:\/\/elregionalvm.com.ar\/noticias-villa-maria\/historias-detras-del-beso-te-acordas-del-primero-y-del-ultimo\/#primaryimage"},"image":{"@id":"http:\/\/elregionalvm.com.ar\/noticias-villa-maria\/historias-detras-del-beso-te-acordas-del-primero-y-del-ultimo\/#primaryimage"},"thumbnailUrl":"https:\/\/i0.wp.com\/elregionalvm.com.ar\/noticias-villa-maria\/wp-content\/uploads\/2022\/04\/segunda-guerra-mundia-beso.jpg?fit=1248%2C698&ssl=1","datePublished":"2022-04-13T16:57:58+00:00","dateModified":"2022-04-18T02:40:36+00:00","author":{"@id":"http:\/\/elregionalvm.com.ar\/noticias-villa-maria\/#\/schema\/person\/a0fb9c422317faca23d50163151bc354"},"description":"El beso tiene una potencia er\u00f3tica invaluable, puede activar los frenos o los aceleradores de los encuentros\/desencuentros sexuales.","breadcrumb":{"@id":"http:\/\/elregionalvm.com.ar\/noticias-villa-maria\/historias-detras-del-beso-te-acordas-del-primero-y-del-ultimo\/#breadcrumb"},"inLanguage":"es","potentialAction":[{"@type":"ReadAction","target":["http:\/\/elregionalvm.com.ar\/noticias-villa-maria\/historias-detras-del-beso-te-acordas-del-primero-y-del-ultimo\/"]}]},{"@type":"ImageObject","inLanguage":"es","@id":"http:\/\/elregionalvm.com.ar\/noticias-villa-maria\/historias-detras-del-beso-te-acordas-del-primero-y-del-ultimo\/#primaryimage","url":"https:\/\/i0.wp.com\/elregionalvm.com.ar\/noticias-villa-maria\/wp-content\/uploads\/2022\/04\/segunda-guerra-mundia-beso.jpg?fit=1248%2C698&ssl=1","contentUrl":"https:\/\/i0.wp.com\/elregionalvm.com.ar\/noticias-villa-maria\/wp-content\/uploads\/2022\/04\/segunda-guerra-mundia-beso.jpg?fit=1248%2C698&ssl=1","width":1248,"height":698},{"@type":"BreadcrumbList","@id":"http:\/\/elregionalvm.com.ar\/noticias-villa-maria\/historias-detras-del-beso-te-acordas-del-primero-y-del-ultimo\/#breadcrumb","itemListElement":[{"@type":"ListItem","position":1,"name":"Portada","item":"https:\/\/elregionalvm.com.ar\/noticias-villa-maria\/"},{"@type":"ListItem","position":2,"name":"[Historias detr\u00e1s del beso] \u00bfTe acord\u00e1s del primero? \u00bfY del \u00faltimo?"}]},{"@type":"WebSite","@id":"http:\/\/elregionalvm.com.ar\/noticias-villa-maria\/#website","url":"http:\/\/elregionalvm.com.ar\/noticias-villa-maria\/","name":"El Regional","description":"Mucho m\u00e1s que informaci\u00f3n","potentialAction":[{"@type":"SearchAction","target":{"@type":"EntryPoint","urlTemplate":"http:\/\/elregionalvm.com.ar\/noticias-villa-maria\/?s={search_term_string}"},"query-input":{"@type":"PropertyValueSpecification","valueRequired":true,"valueName":"search_term_string"}}],"inLanguage":"es"},{"@type":"Person","@id":"http:\/\/elregionalvm.com.ar\/noticias-villa-maria\/#\/schema\/person\/a0fb9c422317faca23d50163151bc354","name":"Contenidos El Regional","image":{"@type":"ImageObject","inLanguage":"es","@id":"http:\/\/elregionalvm.com.ar\/noticias-villa-maria\/#\/schema\/person\/image\/","url":"https:\/\/secure.gravatar.com\/avatar\/265b27cb2209af7bb3a1318f03305787d7981a5cc6e6cd08fe5a4ecdf99d4b48?s=96&d=mm&r=g","contentUrl":"https:\/\/secure.gravatar.com\/avatar\/265b27cb2209af7bb3a1318f03305787d7981a5cc6e6cd08fe5a4ecdf99d4b48?s=96&d=mm&r=g","caption":"Contenidos El Regional"},"url":"https:\/\/elregionalvm.com.ar\/noticias-villa-maria\/author\/contenido\/"}]}},"jetpack_featured_media_url":"https:\/\/i0.wp.com\/elregionalvm.com.ar\/noticias-villa-maria\/wp-content\/uploads\/2022\/04\/segunda-guerra-mundia-beso.jpg?fit=1248%2C698&ssl=1","jetpack_sharing_enabled":true,"_links":{"self":[{"href":"https:\/\/elregionalvm.com.ar\/noticias-villa-maria\/wp-json\/wp\/v2\/posts\/55653","targetHints":{"allow":["GET"]}}],"collection":[{"href":"https:\/\/elregionalvm.com.ar\/noticias-villa-maria\/wp-json\/wp\/v2\/posts"}],"about":[{"href":"https:\/\/elregionalvm.com.ar\/noticias-villa-maria\/wp-json\/wp\/v2\/types\/post"}],"author":[{"embeddable":true,"href":"https:\/\/elregionalvm.com.ar\/noticias-villa-maria\/wp-json\/wp\/v2\/users\/4"}],"replies":[{"embeddable":true,"href":"https:\/\/elregionalvm.com.ar\/noticias-villa-maria\/wp-json\/wp\/v2\/comments?post=55653"}],"version-history":[{"count":3,"href":"https:\/\/elregionalvm.com.ar\/noticias-villa-maria\/wp-json\/wp\/v2\/posts\/55653\/revisions"}],"predecessor-version":[{"id":55659,"href":"https:\/\/elregionalvm.com.ar\/noticias-villa-maria\/wp-json\/wp\/v2\/posts\/55653\/revisions\/55659"}],"wp:featuredmedia":[{"embeddable":true,"href":"https:\/\/elregionalvm.com.ar\/noticias-villa-maria\/wp-json\/wp\/v2\/media\/55658"}],"wp:attachment":[{"href":"https:\/\/elregionalvm.com.ar\/noticias-villa-maria\/wp-json\/wp\/v2\/media?parent=55653"}],"wp:term":[{"taxonomy":"category","embeddable":true,"href":"https:\/\/elregionalvm.com.ar\/noticias-villa-maria\/wp-json\/wp\/v2\/categories?post=55653"},{"taxonomy":"post_tag","embeddable":true,"href":"https:\/\/elregionalvm.com.ar\/noticias-villa-maria\/wp-json\/wp\/v2\/tags?post=55653"}],"curies":[{"name":"wp","href":"https:\/\/api.w.org\/{rel}","templated":true}]}}