{"id":55667,"date":"2022-04-13T21:44:21","date_gmt":"2022-04-13T21:44:21","guid":{"rendered":"https:\/\/elregionalvm.com.ar\/noticias-villa-maria\/?p=55667"},"modified":"2022-04-13T21:44:23","modified_gmt":"2022-04-13T21:44:23","slug":"gill-presento-ante-los-concejales-el-proyecto-del-centro-de-gestion-ambiental","status":"publish","type":"post","link":"https:\/\/elregionalvm.com.ar\/noticias-villa-maria\/gill-presento-ante-los-concejales-el-proyecto-del-centro-de-gestion-ambiental\/","title":{"rendered":"Gill present\u00f3 ante los concejales el proyecto del Centro de Gesti\u00f3n Ambiental"},"content":{"rendered":"\n<p><\/p>\n\n\n\n<p>En una nueva mesa de trabajo en el Concejo Deliberante, el intendente Mart\u00edn Gill se reuni\u00f3 con los ediles de los diferentes bloques para exponer los distintos aspectos del proyecto de construcci\u00f3n del Centro de Gesti\u00f3n Ambiental.<\/p>\n\n\n\n<p>El plan dise\u00f1ado por el municipio, a trav\u00e9s de la Secretar\u00eda de Ambiente, Obras y Servicios P\u00fablicos, fue adjudicado a la empresa Milicic Construcciones y Servicios.<\/p>\n\n\n\n<p>Para la gesti\u00f3n de Gill se trata de uno de los proyectos m\u00e1s importantes del conglomerado Villa Mar\u00eda- Villa Nueva. Con el nuevo Centro de Gesti\u00f3n Ambiental se prev\u00e9 ordenar los residuos s\u00f3lidos de ambas ciudades, para su separaci\u00f3n y reducci\u00f3n posterior.<\/p>\n\n\n\n<p>\u201cSignifica una inversi\u00f3n que va a cambiar la historia del tratamiento de residuos de Villa Mar\u00eda y Villa Nueva\u201d, expres\u00f3 el jefe comunal.<\/p>\n\n\n\n<p><strong>En detalle<\/strong><\/p>\n\n\n\n<p>Gill brind\u00f3 detalles sobre los distintos elementos que hacen al proyecto ejecutivo, como el informe de impacto ambiental, la construcci\u00f3n e incorporaci\u00f3n de equipamiento, la cantidad de residuos que aportar\u00e1 cada ciudad y los objetivos que tiene el proyecto, en cuanto al material a reciclar.<\/p>\n\n\n\n<p>Otro de los objetivos que persigue el nuevo Centro ser\u00e1 generar un activo por parte de los dispositivos de econom\u00eda circular, es decir, las cooperativas La Sustentable y 7 de Febrero.<\/p>\n\n\n\n<p>A tal efecto, se esclareci\u00f3 la cantidad de trabajadores que estar\u00e1n en las tareas operativas que demande el nuevo espacio, para la separaci\u00f3n de residuos, su posterior reciclado y agregado de valor.<\/p>\n\n\n\n<p>El proyecto del Centro de Gesti\u00f3n Ambiental, impulsado por el Ministerio de Ambiente y Desarrollo Sostenible de la Naci\u00f3n y financiado por el Banco Interamericano de Desarrollo (BID), implica convertir el actual Vertedero Municipal en un centro sustentable que contribuya al medio ambiente y a mejorar la calidad de vida de los vecinos de ambas ciudades.<\/p>\n","protected":false},"excerpt":{"rendered":"<p>En una nueva mesa de trabajo en el Concejo Deliberante, el intendente Mart\u00edn Gill se reuni\u00f3 con los ediles de los diferentes bloques para exponer los distintos aspectos del proyecto de construcci\u00f3n del Centro de Gesti\u00f3n Ambiental. El plan dise\u00f1ado por el municipio, a trav\u00e9s de la Secretar\u00eda de Ambiente, Obras y Servicios P\u00fablicos, fue [&hellip;]<\/p>\n","protected":false},"author":4,"featured_media":55668,"comment_status":"open","ping_status":"open","sticky":false,"template":"","format":"standard","meta":{"site-sidebar-layout":"default","site-content-layout":"","ast-site-content-layout":"default","site-content-style":"default","site-sidebar-style":"default","ast-global-header-display":"","ast-banner-title-visibility":"","ast-main-header-display":"","ast-hfb-above-header-display":"","ast-hfb-below-header-display":"","ast-hfb-mobile-header-display":"","site-post-title":"","ast-breadcrumbs-content":"","ast-featured-img":"","footer-sml-layout":"","ast-disable-related-posts":"","theme-transparent-header-meta":"","adv-header-id-meta":"","stick-header-meta":"","header-above-stick-meta":"","header-main-stick-meta":"","header-below-stick-meta":"","astra-migrate-meta-layouts":"default","ast-page-background-enabled":"default","ast-page-background-meta":{"desktop":{"background-color":"","background-image":"","background-repeat":"repeat","background-position":"center center","background-size":"auto","background-attachment":"scroll","background-type":"","background-media":"","overlay-type":"","overlay-color":"","overlay-opacity":"","overlay-gradient":""},"tablet":{"background-color":"","background-image":"","background-repeat":"repeat","background-position":"center center","background-size":"auto","background-attachment":"scroll","background-type":"","background-media":"","overlay-type":"","overlay-color":"","overlay-opacity":"","overlay-gradient":""},"mobile":{"background-color":"","background-image":"","background-repeat":"repeat","background-position":"center center","background-size":"auto","background-attachment":"scroll","background-type":"","background-media":"","overlay-type":"","overlay-color":"","overlay-opacity":"","overlay-gradient":""}},"ast-content-background-meta":{"desktop":{"background-color":"var(--ast-global-color-5)","background-image":"","background-repeat":"repeat","background-position":"center center","background-size":"auto","background-attachment":"scroll","background-type":"","background-media":"","overlay-type":"","overlay-color":"","overlay-opacity":"","overlay-gradient":""},"tablet":{"background-color":"var(--ast-global-color-5)","background-image":"","background-repeat":"repeat","background-position":"center center","background-size":"auto","background-attachment":"scroll","background-type":"","background-media":"","overlay-type":"","overlay-color":"","overlay-opacity":"","overlay-gradient":""},"mobile":{"background-color":"var(--ast-global-color-5)","background-image":"","background-repeat":"repeat","background-position":"center center","background-size":"auto","background-attachment":"scroll","background-type":"","background-media":"","overlay-type":"","overlay-color":"","overlay-opacity":"","overlay-gradient":""}},"_jetpack_memberships_contains_paid_content":false,"_joinchat":[],"footnotes":""},"categories":[2],"tags":[328,8788,770,1597,1232,2824,7729],"class_list":["post-55667","post","type-post","status-publish","format-standard","has-post-thumbnail","hentry","category-villa-maria","tag-basura","tag-centro-de-gestion-ambiental-villa-maria-villa-nueva","tag-concejales","tag-concejo-deliberante","tag-destacado","tag-martin-gill-2","tag-reciclado"],"yoast_head":"<!-- This site is optimized with the Yoast SEO plugin v26.8 - https:\/\/yoast.com\/product\/yoast-seo-wordpress\/ -->\n<title>Gill present\u00f3 ante los concejales el proyecto del Centro de Gesti\u00f3n Ambiental - El Regional<\/title>\n<meta name=\"description\" content=\"Con el nuevo Centro de Gesti\u00f3n Ambiental se prev\u00e9 ordenar los residuos s\u00f3lidos de ambas ciudades, para su separaci\u00f3n y reducci\u00f3n posterior.\" \/>\n<meta name=\"robots\" content=\"index, follow, max-snippet:-1, max-image-preview:large, max-video-preview:-1\" \/>\n<link rel=\"canonical\" href=\"http:\/\/elregionalvm.com.ar\/noticias-villa-maria\/gill-presento-ante-los-concejales-el-proyecto-del-centro-de-gestion-ambiental\/\" \/>\n<meta property=\"og:locale\" content=\"es_ES\" \/>\n<meta property=\"og:type\" content=\"article\" \/>\n<meta property=\"og:title\" content=\"Gill present\u00f3 ante los concejales el proyecto del Centro de Gesti\u00f3n Ambiental - El Regional\" \/>\n<meta property=\"og:description\" content=\"Con el nuevo Centro de Gesti\u00f3n Ambiental se prev\u00e9 ordenar los residuos s\u00f3lidos de ambas ciudades, para su separaci\u00f3n y reducci\u00f3n posterior.\" \/>\n<meta property=\"og:url\" content=\"http:\/\/elregionalvm.com.ar\/noticias-villa-maria\/gill-presento-ante-los-concejales-el-proyecto-del-centro-de-gestion-ambiental\/\" \/>\n<meta property=\"og:site_name\" content=\"El Regional\" \/>\n<meta property=\"article:publisher\" content=\"https:\/\/www.facebook.com\/elregionalvm\" \/>\n<meta property=\"article:published_time\" content=\"2022-04-13T21:44:21+00:00\" \/>\n<meta property=\"article:modified_time\" content=\"2022-04-13T21:44:23+00:00\" \/>\n<meta property=\"og:image\" content=\"http:\/\/elregionalvm.com.ar\/noticias-villa-maria\/wp-content\/uploads\/2022\/04\/Reunion-por-Centro-Ambiental.jpg\" \/>\n\t<meta property=\"og:image:width\" content=\"1000\" \/>\n\t<meta property=\"og:image:height\" content=\"667\" \/>\n\t<meta property=\"og:image:type\" content=\"image\/jpeg\" \/>\n<meta name=\"author\" content=\"Contenidos El Regional\" \/>\n<meta name=\"twitter:card\" content=\"summary_large_image\" \/>\n<meta name=\"twitter:creator\" content=\"@elregionalvm1\" \/>\n<meta name=\"twitter:site\" content=\"@elregionalvm1\" \/>\n<meta name=\"twitter:label1\" content=\"Escrito por\" \/>\n\t<meta name=\"twitter:data1\" content=\"Contenidos El Regional\" \/>\n\t<meta name=\"twitter:label2\" content=\"Tiempo de lectura\" \/>\n\t<meta name=\"twitter:data2\" content=\"2 minutos\" \/>\n<script type=\"application\/ld+json\" class=\"yoast-schema-graph\">{\"@context\":\"https:\/\/schema.org\",\"@graph\":[{\"@type\":\"Article\",\"@id\":\"http:\/\/elregionalvm.com.ar\/noticias-villa-maria\/gill-presento-ante-los-concejales-el-proyecto-del-centro-de-gestion-ambiental\/#article\",\"isPartOf\":{\"@id\":\"http:\/\/elregionalvm.com.ar\/noticias-villa-maria\/gill-presento-ante-los-concejales-el-proyecto-del-centro-de-gestion-ambiental\/\"},\"author\":{\"name\":\"Contenidos El Regional\",\"@id\":\"http:\/\/elregionalvm.com.ar\/noticias-villa-maria\/#\/schema\/person\/a0fb9c422317faca23d50163151bc354\"},\"headline\":\"Gill present\u00f3 ante los concejales el proyecto del Centro de Gesti\u00f3n Ambiental\",\"datePublished\":\"2022-04-13T21:44:21+00:00\",\"dateModified\":\"2022-04-13T21:44:23+00:00\",\"mainEntityOfPage\":{\"@id\":\"http:\/\/elregionalvm.com.ar\/noticias-villa-maria\/gill-presento-ante-los-concejales-el-proyecto-del-centro-de-gestion-ambiental\/\"},\"wordCount\":329,\"commentCount\":0,\"image\":{\"@id\":\"http:\/\/elregionalvm.com.ar\/noticias-villa-maria\/gill-presento-ante-los-concejales-el-proyecto-del-centro-de-gestion-ambiental\/#primaryimage\"},\"thumbnailUrl\":\"https:\/\/i0.wp.com\/elregionalvm.com.ar\/noticias-villa-maria\/wp-content\/uploads\/2022\/04\/Reunion-por-Centro-Ambiental.jpg?fit=1000%2C667&ssl=1\",\"keywords\":[\"basura\",\"Centro de Gesti\u00f3n Ambiental Villa Mar\u00eda-Villa Nueva\",\"Concejales\",\"Concejo Deliberante\",\"destacado\",\"Martin Gill\",\"reciclado\"],\"articleSection\":[\"Villa Mar\u00eda\"],\"inLanguage\":\"es\",\"potentialAction\":[{\"@type\":\"CommentAction\",\"name\":\"Comment\",\"target\":[\"http:\/\/elregionalvm.com.ar\/noticias-villa-maria\/gill-presento-ante-los-concejales-el-proyecto-del-centro-de-gestion-ambiental\/#respond\"]}]},{\"@type\":\"WebPage\",\"@id\":\"http:\/\/elregionalvm.com.ar\/noticias-villa-maria\/gill-presento-ante-los-concejales-el-proyecto-del-centro-de-gestion-ambiental\/\",\"url\":\"http:\/\/elregionalvm.com.ar\/noticias-villa-maria\/gill-presento-ante-los-concejales-el-proyecto-del-centro-de-gestion-ambiental\/\",\"name\":\"Gill present\u00f3 ante los concejales el proyecto del Centro de Gesti\u00f3n Ambiental - El Regional\",\"isPartOf\":{\"@id\":\"http:\/\/elregionalvm.com.ar\/noticias-villa-maria\/#website\"},\"primaryImageOfPage\":{\"@id\":\"http:\/\/elregionalvm.com.ar\/noticias-villa-maria\/gill-presento-ante-los-concejales-el-proyecto-del-centro-de-gestion-ambiental\/#primaryimage\"},\"image\":{\"@id\":\"http:\/\/elregionalvm.com.ar\/noticias-villa-maria\/gill-presento-ante-los-concejales-el-proyecto-del-centro-de-gestion-ambiental\/#primaryimage\"},\"thumbnailUrl\":\"https:\/\/i0.wp.com\/elregionalvm.com.ar\/noticias-villa-maria\/wp-content\/uploads\/2022\/04\/Reunion-por-Centro-Ambiental.jpg?fit=1000%2C667&ssl=1\",\"datePublished\":\"2022-04-13T21:44:21+00:00\",\"dateModified\":\"2022-04-13T21:44:23+00:00\",\"author\":{\"@id\":\"http:\/\/elregionalvm.com.ar\/noticias-villa-maria\/#\/schema\/person\/a0fb9c422317faca23d50163151bc354\"},\"description\":\"Con el nuevo Centro de Gesti\u00f3n Ambiental se prev\u00e9 ordenar los residuos s\u00f3lidos de ambas ciudades, para su separaci\u00f3n y reducci\u00f3n posterior.\",\"breadcrumb\":{\"@id\":\"http:\/\/elregionalvm.com.ar\/noticias-villa-maria\/gill-presento-ante-los-concejales-el-proyecto-del-centro-de-gestion-ambiental\/#breadcrumb\"},\"inLanguage\":\"es\",\"potentialAction\":[{\"@type\":\"ReadAction\",\"target\":[\"http:\/\/elregionalvm.com.ar\/noticias-villa-maria\/gill-presento-ante-los-concejales-el-proyecto-del-centro-de-gestion-ambiental\/\"]}]},{\"@type\":\"ImageObject\",\"inLanguage\":\"es\",\"@id\":\"http:\/\/elregionalvm.com.ar\/noticias-villa-maria\/gill-presento-ante-los-concejales-el-proyecto-del-centro-de-gestion-ambiental\/#primaryimage\",\"url\":\"https:\/\/i0.wp.com\/elregionalvm.com.ar\/noticias-villa-maria\/wp-content\/uploads\/2022\/04\/Reunion-por-Centro-Ambiental.jpg?fit=1000%2C667&ssl=1\",\"contentUrl\":\"https:\/\/i0.wp.com\/elregionalvm.com.ar\/noticias-villa-maria\/wp-content\/uploads\/2022\/04\/Reunion-por-Centro-Ambiental.jpg?fit=1000%2C667&ssl=1\",\"width\":1000,\"height\":667},{\"@type\":\"BreadcrumbList\",\"@id\":\"http:\/\/elregionalvm.com.ar\/noticias-villa-maria\/gill-presento-ante-los-concejales-el-proyecto-del-centro-de-gestion-ambiental\/#breadcrumb\",\"itemListElement\":[{\"@type\":\"ListItem\",\"position\":1,\"name\":\"Portada\",\"item\":\"https:\/\/elregionalvm.com.ar\/noticias-villa-maria\/\"},{\"@type\":\"ListItem\",\"position\":2,\"name\":\"Gill present\u00f3 ante los concejales el proyecto del Centro de Gesti\u00f3n Ambiental\"}]},{\"@type\":\"WebSite\",\"@id\":\"http:\/\/elregionalvm.com.ar\/noticias-villa-maria\/#website\",\"url\":\"http:\/\/elregionalvm.com.ar\/noticias-villa-maria\/\",\"name\":\"El Regional\",\"description\":\"Mucho m\u00e1s que informaci\u00f3n\",\"potentialAction\":[{\"@type\":\"SearchAction\",\"target\":{\"@type\":\"EntryPoint\",\"urlTemplate\":\"http:\/\/elregionalvm.com.ar\/noticias-villa-maria\/?s={search_term_string}\"},\"query-input\":{\"@type\":\"PropertyValueSpecification\",\"valueRequired\":true,\"valueName\":\"search_term_string\"}}],\"inLanguage\":\"es\"},{\"@type\":\"Person\",\"@id\":\"http:\/\/elregionalvm.com.ar\/noticias-villa-maria\/#\/schema\/person\/a0fb9c422317faca23d50163151bc354\",\"name\":\"Contenidos El Regional\",\"image\":{\"@type\":\"ImageObject\",\"inLanguage\":\"es\",\"@id\":\"http:\/\/elregionalvm.com.ar\/noticias-villa-maria\/#\/schema\/person\/image\/\",\"url\":\"https:\/\/secure.gravatar.com\/avatar\/265b27cb2209af7bb3a1318f03305787d7981a5cc6e6cd08fe5a4ecdf99d4b48?s=96&d=mm&r=g\",\"contentUrl\":\"https:\/\/secure.gravatar.com\/avatar\/265b27cb2209af7bb3a1318f03305787d7981a5cc6e6cd08fe5a4ecdf99d4b48?s=96&d=mm&r=g\",\"caption\":\"Contenidos El Regional\"},\"url\":\"https:\/\/elregionalvm.com.ar\/noticias-villa-maria\/author\/contenido\/\"}]}<\/script>\n<!-- \/ Yoast SEO plugin. -->","yoast_head_json":{"title":"Gill present\u00f3 ante los concejales el proyecto del Centro de Gesti\u00f3n Ambiental - El Regional","description":"Con el nuevo Centro de Gesti\u00f3n Ambiental se prev\u00e9 ordenar los residuos s\u00f3lidos de ambas ciudades, para su separaci\u00f3n y reducci\u00f3n posterior.","robots":{"index":"index","follow":"follow","max-snippet":"max-snippet:-1","max-image-preview":"max-image-preview:large","max-video-preview":"max-video-preview:-1"},"canonical":"http:\/\/elregionalvm.com.ar\/noticias-villa-maria\/gill-presento-ante-los-concejales-el-proyecto-del-centro-de-gestion-ambiental\/","og_locale":"es_ES","og_type":"article","og_title":"Gill present\u00f3 ante los concejales el proyecto del Centro de Gesti\u00f3n Ambiental - El Regional","og_description":"Con el nuevo Centro de Gesti\u00f3n Ambiental se prev\u00e9 ordenar los residuos s\u00f3lidos de ambas ciudades, para su separaci\u00f3n y reducci\u00f3n posterior.","og_url":"http:\/\/elregionalvm.com.ar\/noticias-villa-maria\/gill-presento-ante-los-concejales-el-proyecto-del-centro-de-gestion-ambiental\/","og_site_name":"El Regional","article_publisher":"https:\/\/www.facebook.com\/elregionalvm","article_published_time":"2022-04-13T21:44:21+00:00","article_modified_time":"2022-04-13T21:44:23+00:00","og_image":[{"width":1000,"height":667,"url":"http:\/\/elregionalvm.com.ar\/noticias-villa-maria\/wp-content\/uploads\/2022\/04\/Reunion-por-Centro-Ambiental.jpg","type":"image\/jpeg"}],"author":"Contenidos El Regional","twitter_card":"summary_large_image","twitter_creator":"@elregionalvm1","twitter_site":"@elregionalvm1","twitter_misc":{"Escrito por":"Contenidos El Regional","Tiempo de lectura":"2 minutos"},"schema":{"@context":"https:\/\/schema.org","@graph":[{"@type":"Article","@id":"http:\/\/elregionalvm.com.ar\/noticias-villa-maria\/gill-presento-ante-los-concejales-el-proyecto-del-centro-de-gestion-ambiental\/#article","isPartOf":{"@id":"http:\/\/elregionalvm.com.ar\/noticias-villa-maria\/gill-presento-ante-los-concejales-el-proyecto-del-centro-de-gestion-ambiental\/"},"author":{"name":"Contenidos El Regional","@id":"http:\/\/elregionalvm.com.ar\/noticias-villa-maria\/#\/schema\/person\/a0fb9c422317faca23d50163151bc354"},"headline":"Gill present\u00f3 ante los concejales el proyecto del Centro de Gesti\u00f3n Ambiental","datePublished":"2022-04-13T21:44:21+00:00","dateModified":"2022-04-13T21:44:23+00:00","mainEntityOfPage":{"@id":"http:\/\/elregionalvm.com.ar\/noticias-villa-maria\/gill-presento-ante-los-concejales-el-proyecto-del-centro-de-gestion-ambiental\/"},"wordCount":329,"commentCount":0,"image":{"@id":"http:\/\/elregionalvm.com.ar\/noticias-villa-maria\/gill-presento-ante-los-concejales-el-proyecto-del-centro-de-gestion-ambiental\/#primaryimage"},"thumbnailUrl":"https:\/\/i0.wp.com\/elregionalvm.com.ar\/noticias-villa-maria\/wp-content\/uploads\/2022\/04\/Reunion-por-Centro-Ambiental.jpg?fit=1000%2C667&ssl=1","keywords":["basura","Centro de Gesti\u00f3n Ambiental Villa Mar\u00eda-Villa Nueva","Concejales","Concejo Deliberante","destacado","Martin Gill","reciclado"],"articleSection":["Villa Mar\u00eda"],"inLanguage":"es","potentialAction":[{"@type":"CommentAction","name":"Comment","target":["http:\/\/elregionalvm.com.ar\/noticias-villa-maria\/gill-presento-ante-los-concejales-el-proyecto-del-centro-de-gestion-ambiental\/#respond"]}]},{"@type":"WebPage","@id":"http:\/\/elregionalvm.com.ar\/noticias-villa-maria\/gill-presento-ante-los-concejales-el-proyecto-del-centro-de-gestion-ambiental\/","url":"http:\/\/elregionalvm.com.ar\/noticias-villa-maria\/gill-presento-ante-los-concejales-el-proyecto-del-centro-de-gestion-ambiental\/","name":"Gill present\u00f3 ante los concejales el proyecto del Centro de Gesti\u00f3n Ambiental - El Regional","isPartOf":{"@id":"http:\/\/elregionalvm.com.ar\/noticias-villa-maria\/#website"},"primaryImageOfPage":{"@id":"http:\/\/elregionalvm.com.ar\/noticias-villa-maria\/gill-presento-ante-los-concejales-el-proyecto-del-centro-de-gestion-ambiental\/#primaryimage"},"image":{"@id":"http:\/\/elregionalvm.com.ar\/noticias-villa-maria\/gill-presento-ante-los-concejales-el-proyecto-del-centro-de-gestion-ambiental\/#primaryimage"},"thumbnailUrl":"https:\/\/i0.wp.com\/elregionalvm.com.ar\/noticias-villa-maria\/wp-content\/uploads\/2022\/04\/Reunion-por-Centro-Ambiental.jpg?fit=1000%2C667&ssl=1","datePublished":"2022-04-13T21:44:21+00:00","dateModified":"2022-04-13T21:44:23+00:00","author":{"@id":"http:\/\/elregionalvm.com.ar\/noticias-villa-maria\/#\/schema\/person\/a0fb9c422317faca23d50163151bc354"},"description":"Con el nuevo Centro de Gesti\u00f3n Ambiental se prev\u00e9 ordenar los residuos s\u00f3lidos de ambas ciudades, para su separaci\u00f3n y reducci\u00f3n posterior.","breadcrumb":{"@id":"http:\/\/elregionalvm.com.ar\/noticias-villa-maria\/gill-presento-ante-los-concejales-el-proyecto-del-centro-de-gestion-ambiental\/#breadcrumb"},"inLanguage":"es","potentialAction":[{"@type":"ReadAction","target":["http:\/\/elregionalvm.com.ar\/noticias-villa-maria\/gill-presento-ante-los-concejales-el-proyecto-del-centro-de-gestion-ambiental\/"]}]},{"@type":"ImageObject","inLanguage":"es","@id":"http:\/\/elregionalvm.com.ar\/noticias-villa-maria\/gill-presento-ante-los-concejales-el-proyecto-del-centro-de-gestion-ambiental\/#primaryimage","url":"https:\/\/i0.wp.com\/elregionalvm.com.ar\/noticias-villa-maria\/wp-content\/uploads\/2022\/04\/Reunion-por-Centro-Ambiental.jpg?fit=1000%2C667&ssl=1","contentUrl":"https:\/\/i0.wp.com\/elregionalvm.com.ar\/noticias-villa-maria\/wp-content\/uploads\/2022\/04\/Reunion-por-Centro-Ambiental.jpg?fit=1000%2C667&ssl=1","width":1000,"height":667},{"@type":"BreadcrumbList","@id":"http:\/\/elregionalvm.com.ar\/noticias-villa-maria\/gill-presento-ante-los-concejales-el-proyecto-del-centro-de-gestion-ambiental\/#breadcrumb","itemListElement":[{"@type":"ListItem","position":1,"name":"Portada","item":"https:\/\/elregionalvm.com.ar\/noticias-villa-maria\/"},{"@type":"ListItem","position":2,"name":"Gill present\u00f3 ante los concejales el proyecto del Centro de Gesti\u00f3n Ambiental"}]},{"@type":"WebSite","@id":"http:\/\/elregionalvm.com.ar\/noticias-villa-maria\/#website","url":"http:\/\/elregionalvm.com.ar\/noticias-villa-maria\/","name":"El Regional","description":"Mucho m\u00e1s que informaci\u00f3n","potentialAction":[{"@type":"SearchAction","target":{"@type":"EntryPoint","urlTemplate":"http:\/\/elregionalvm.com.ar\/noticias-villa-maria\/?s={search_term_string}"},"query-input":{"@type":"PropertyValueSpecification","valueRequired":true,"valueName":"search_term_string"}}],"inLanguage":"es"},{"@type":"Person","@id":"http:\/\/elregionalvm.com.ar\/noticias-villa-maria\/#\/schema\/person\/a0fb9c422317faca23d50163151bc354","name":"Contenidos El Regional","image":{"@type":"ImageObject","inLanguage":"es","@id":"http:\/\/elregionalvm.com.ar\/noticias-villa-maria\/#\/schema\/person\/image\/","url":"https:\/\/secure.gravatar.com\/avatar\/265b27cb2209af7bb3a1318f03305787d7981a5cc6e6cd08fe5a4ecdf99d4b48?s=96&d=mm&r=g","contentUrl":"https:\/\/secure.gravatar.com\/avatar\/265b27cb2209af7bb3a1318f03305787d7981a5cc6e6cd08fe5a4ecdf99d4b48?s=96&d=mm&r=g","caption":"Contenidos El Regional"},"url":"https:\/\/elregionalvm.com.ar\/noticias-villa-maria\/author\/contenido\/"}]}},"jetpack_featured_media_url":"https:\/\/i0.wp.com\/elregionalvm.com.ar\/noticias-villa-maria\/wp-content\/uploads\/2022\/04\/Reunion-por-Centro-Ambiental.jpg?fit=1000%2C667&ssl=1","jetpack_sharing_enabled":true,"_links":{"self":[{"href":"https:\/\/elregionalvm.com.ar\/noticias-villa-maria\/wp-json\/wp\/v2\/posts\/55667","targetHints":{"allow":["GET"]}}],"collection":[{"href":"https:\/\/elregionalvm.com.ar\/noticias-villa-maria\/wp-json\/wp\/v2\/posts"}],"about":[{"href":"https:\/\/elregionalvm.com.ar\/noticias-villa-maria\/wp-json\/wp\/v2\/types\/post"}],"author":[{"embeddable":true,"href":"https:\/\/elregionalvm.com.ar\/noticias-villa-maria\/wp-json\/wp\/v2\/users\/4"}],"replies":[{"embeddable":true,"href":"https:\/\/elregionalvm.com.ar\/noticias-villa-maria\/wp-json\/wp\/v2\/comments?post=55667"}],"version-history":[{"count":1,"href":"https:\/\/elregionalvm.com.ar\/noticias-villa-maria\/wp-json\/wp\/v2\/posts\/55667\/revisions"}],"predecessor-version":[{"id":55669,"href":"https:\/\/elregionalvm.com.ar\/noticias-villa-maria\/wp-json\/wp\/v2\/posts\/55667\/revisions\/55669"}],"wp:featuredmedia":[{"embeddable":true,"href":"https:\/\/elregionalvm.com.ar\/noticias-villa-maria\/wp-json\/wp\/v2\/media\/55668"}],"wp:attachment":[{"href":"https:\/\/elregionalvm.com.ar\/noticias-villa-maria\/wp-json\/wp\/v2\/media?parent=55667"}],"wp:term":[{"taxonomy":"category","embeddable":true,"href":"https:\/\/elregionalvm.com.ar\/noticias-villa-maria\/wp-json\/wp\/v2\/categories?post=55667"},{"taxonomy":"post_tag","embeddable":true,"href":"https:\/\/elregionalvm.com.ar\/noticias-villa-maria\/wp-json\/wp\/v2\/tags?post=55667"}],"curies":[{"name":"wp","href":"https:\/\/api.w.org\/{rel}","templated":true}]}}