{"id":55948,"date":"2022-04-20T17:17:45","date_gmt":"2022-04-20T17:17:45","guid":{"rendered":"https:\/\/elregionalvm.com.ar\/noticias-villa-maria\/?p=55948"},"modified":"2022-04-21T00:49:53","modified_gmt":"2022-04-21T00:49:53","slug":"la-columna-de-rita-giordano-que-lugar-aprendimos-a-ocupar-en-la-vida","status":"publish","type":"post","link":"https:\/\/elregionalvm.com.ar\/noticias-villa-maria\/la-columna-de-rita-giordano-que-lugar-aprendimos-a-ocupar-en-la-vida\/","title":{"rendered":"[La columna de Rita Giordano] \u00bfQu\u00e9 lugar aprendimos a ocupar en la vida?"},"content":{"rendered":"\n<p><\/p>\n\n\n\n<p><strong>Escribe: Psic\u00f3loga Rita Giordano<\/strong><\/p>\n\n\n\n<p><\/p>\n\n\n\n<p>Las personas a lo largo de la vida aprendimos a ocupar un lugar, en la familia, en el grupo de amigos, en el trabajo. Es algo t\u00e1cito, no es que nos hayan designado all\u00ed.<\/p>\n\n\n\n<p>Nos identificamos con ese lugar y, aunque a veces nos quejemos, alg\u00fan beneficio trae; sea: reconocimiento, l\u00e1stima, atenci\u00f3n, etc. Nos atrincheramos en ese rinc\u00f3n y no queremos salir, aunque el modelo haya caducado.<\/p>\n\n\n\n<p>Veamos algunos ejemplos de lugares y sus beneficios (analicen con cu\u00e1l se identifican):<\/p>\n\n\n\n<ul class=\"wp-block-list\"><li>Puede ser el l<strong>ugar de v\u00edctima <\/strong>y entonces no lo cambiamos, porque aprendimos a obtener l\u00e1stima, consuelo, atenci\u00f3n.<\/li><\/ul>\n\n\n\n<ul class=\"wp-block-list\"><li><strong>El lugar de pasividad<\/strong>, es la posici\u00f3n de la persona a la que hay que asistirla en todo. \u201cA m\u00ed me cuesta tanto aprender\u201d. Esa postura no le gusta, pero le conviene. Es una forma para que los dem\u00e1s la consientan en sus necesidades.<\/li><\/ul>\n\n\n\n<ul class=\"wp-block-list\"><li>A la inversa,<strong> el lugar de hiper-actividad<\/strong>, son los dadores cr\u00f3nicos. Asistentes perfectos, que reclaman \u201csiempre me toca a m\u00ed\u201d \u201cNo me ayudan\u201d, pero no dejan hacer. Aprendieron a ser queridos por el hacer, entonces temen dejar ese rol.<\/li><\/ul>\n\n\n\n<ul class=\"wp-block-list\"><li>El <strong>lugar del \u201cenoj\u00f3n\u201d<\/strong>. Son esas personas a las que no se les puede decir nada porque se enojan hasta con las pelusas que vuelan. Infunden miedo y lejan\u00eda. No lo abandonan, porque es una posici\u00f3n c\u00f3moda donde los dem\u00e1s no se atreven a pedirle demasiado.<\/li><\/ul>\n\n\n\n<ul class=\"wp-block-list\"><li>El <strong>lugar del \u201csabelotodo\u201d<\/strong>. Del consultor disponible, sabe de pol\u00edtica, econom\u00eda, cambiar cerraduras, armar fiestas infantiles, etc. Se desangra trabajando por los otros, pero no lo abandona porque es un modo de sentirse importante y \u00fatil.<\/li><\/ul>\n\n\n\n<p><\/p>\n\n\n\n<figure class=\"wp-block-image size-full\"><img data-recalc-dims=\"1\" fetchpriority=\"high\" decoding=\"async\" width=\"1000\" height=\"672\" src=\"https:\/\/i0.wp.com\/elregionalvm.com.ar\/noticias-villa-maria\/wp-content\/uploads\/2022\/04\/familia-silueta-negra-cielo-amarillo.jpeg?resize=1000%2C672&#038;ssl=1\" alt=\"\" class=\"wp-image-55952\" srcset=\"https:\/\/i0.wp.com\/elregionalvm.com.ar\/noticias-villa-maria\/wp-content\/uploads\/2022\/04\/familia-silueta-negra-cielo-amarillo.jpeg?w=1000&amp;ssl=1 1000w, https:\/\/i0.wp.com\/elregionalvm.com.ar\/noticias-villa-maria\/wp-content\/uploads\/2022\/04\/familia-silueta-negra-cielo-amarillo.jpeg?resize=300%2C202&amp;ssl=1 300w, https:\/\/i0.wp.com\/elregionalvm.com.ar\/noticias-villa-maria\/wp-content\/uploads\/2022\/04\/familia-silueta-negra-cielo-amarillo.jpeg?resize=768%2C516&amp;ssl=1 768w\" sizes=\"(max-width: 1000px) 100vw, 1000px\" \/><figcaption><em>Muchos son los lugares a trav\u00e9s de los cuales aprendimos a ser queridos, valorados o simplemente tenidos en cuenta. <\/em><\/figcaption><\/figure>\n\n\n\n<p><\/p>\n\n\n\n<p><\/p>\n\n\n\n<ul class=\"wp-block-list\"><li>El <strong>lugar del enfermo.<\/strong> Es el adulto que aprendi\u00f3 a obtener cuidados a trav\u00e9s de la enfermedad. Le cuesta decir que est\u00e1 sano, porque teme perder mimos y \u201cciertos permisos\u201d.<\/li><\/ul>\n\n\n\n<ul class=\"wp-block-list\"><li>El <strong>lugar de chico 10<\/strong> al que nunca le pasa nada. Son personas que obtuvieron aprobaci\u00f3n familiar y social, no trayendo problemas. No expresan emociones, ni debilidades. Si se muestran vulnerables, tienen miedo a perder su imagen social de perfecci\u00f3n.<\/li><\/ul>\n\n\n\n<p>Estos son solo algunos ejemplos de los muchos lugares a trav\u00e9s de los cuales aprendimos a ser queridos, valorados o simplemente tenidos en cuenta en la familia. No est\u00e1n mal.<\/p>\n\n\n\n<p>El sem\u00e1foro se prende cuando ya no funcionan m\u00e1s en la actualidad. Solo es una decisi\u00f3n personal cambiar de modelo. \u00a1Si no lo hacemos nosotros, nadie lo har\u00e1 por nosotros!<\/p>\n\n\n\n<p>Pensemos\u2026 \u00bfQu\u00e9 lugar aprendimos a ocupar en la vida? \u00bfNos sirve o ya lleg\u00f3 la hora de modificarlo?<\/p>\n\n\n\n<p><\/p>\n\n\n\n<figure class=\"wp-block-embed is-type-wp-embed is-provider-el-regional wp-block-embed-el-regional\"><div class=\"wp-block-embed__wrapper\">\n<blockquote class=\"wp-embedded-content\" data-secret=\"n48AX3M6ql\"><a href=\"https:\/\/elregionalvm.com.ar\/noticias-villa-maria\/la-columna-de-rita-giordano-ponerle-palabras-a-nuestro-dolor\/\">[La Columna de Rita Giordano] Ponerle palabras a nuestro dolor<\/a><\/blockquote><iframe class=\"wp-embedded-content\" sandbox=\"allow-scripts\" security=\"restricted\" style=\"position: absolute; clip: rect(1px, 1px, 1px, 1px);\" title=\"\u00ab[La Columna de Rita Giordano] Ponerle palabras a nuestro dolor\u00bb \u2014 El Regional\" src=\"https:\/\/elregionalvm.com.ar\/noticias-villa-maria\/la-columna-de-rita-giordano-ponerle-palabras-a-nuestro-dolor\/embed\/#?secret=rxnPGw7NuA#?secret=n48AX3M6ql\" data-secret=\"n48AX3M6ql\" width=\"500\" height=\"282\" frameborder=\"0\" marginwidth=\"0\" marginheight=\"0\" scrolling=\"no\"><\/iframe>\n<\/div><\/figure>\n","protected":false},"excerpt":{"rendered":"<p>Escribe: Psic\u00f3loga Rita Giordano Las personas a lo largo de la vida aprendimos a ocupar un lugar, en la familia, en el grupo de amigos, en el trabajo. Es algo t\u00e1cito, no es que nos hayan designado all\u00ed. Nos identificamos con ese lugar y, aunque a veces nos quejemos, alg\u00fan beneficio trae; sea: reconocimiento, l\u00e1stima, [&hellip;]<\/p>\n","protected":false},"author":4,"featured_media":55951,"comment_status":"open","ping_status":"open","sticky":false,"template":"","format":"standard","meta":{"site-sidebar-layout":"default","site-content-layout":"","ast-site-content-layout":"default","site-content-style":"default","site-sidebar-style":"default","ast-global-header-display":"","ast-banner-title-visibility":"","ast-main-header-display":"","ast-hfb-above-header-display":"","ast-hfb-below-header-display":"","ast-hfb-mobile-header-display":"","site-post-title":"","ast-breadcrumbs-content":"","ast-featured-img":"","footer-sml-layout":"","ast-disable-related-posts":"","theme-transparent-header-meta":"","adv-header-id-meta":"","stick-header-meta":"","header-above-stick-meta":"","header-main-stick-meta":"","header-below-stick-meta":"","astra-migrate-meta-layouts":"default","ast-page-background-enabled":"default","ast-page-background-meta":{"desktop":{"background-color":"","background-image":"","background-repeat":"repeat","background-position":"center center","background-size":"auto","background-attachment":"scroll","background-type":"","background-media":"","overlay-type":"","overlay-color":"","overlay-opacity":"","overlay-gradient":""},"tablet":{"background-color":"","background-image":"","background-repeat":"repeat","background-position":"center center","background-size":"auto","background-attachment":"scroll","background-type":"","background-media":"","overlay-type":"","overlay-color":"","overlay-opacity":"","overlay-gradient":""},"mobile":{"background-color":"","background-image":"","background-repeat":"repeat","background-position":"center center","background-size":"auto","background-attachment":"scroll","background-type":"","background-media":"","overlay-type":"","overlay-color":"","overlay-opacity":"","overlay-gradient":""}},"ast-content-background-meta":{"desktop":{"background-color":"var(--ast-global-color-5)","background-image":"","background-repeat":"repeat","background-position":"center center","background-size":"auto","background-attachment":"scroll","background-type":"","background-media":"","overlay-type":"","overlay-color":"","overlay-opacity":"","overlay-gradient":""},"tablet":{"background-color":"var(--ast-global-color-5)","background-image":"","background-repeat":"repeat","background-position":"center center","background-size":"auto","background-attachment":"scroll","background-type":"","background-media":"","overlay-type":"","overlay-color":"","overlay-opacity":"","overlay-gradient":""},"mobile":{"background-color":"var(--ast-global-color-5)","background-image":"","background-repeat":"repeat","background-position":"center center","background-size":"auto","background-attachment":"scroll","background-type":"","background-media":"","overlay-type":"","overlay-color":"","overlay-opacity":"","overlay-gradient":""}},"_jetpack_memberships_contains_paid_content":false,"_joinchat":[],"footnotes":""},"categories":[2323,365],"tags":[7845,12917,2124,9964,14229,1346,14177,14936],"class_list":["post-55948","post","type-post","status-publish","format-standard","has-post-thumbnail","hentry","category-notas-secundarias","category-opinion","tag-aprendizaje","tag-beneficios","tag-consejos","tag-familia","tag-lugar","tag-psicologia","tag-rita-giordano","tag-rol"],"yoast_head":"<!-- This site is optimized with the Yoast SEO plugin v26.8 - https:\/\/yoast.com\/product\/yoast-seo-wordpress\/ -->\n<title>[La columna de Rita Giordano] \u00bfQu\u00e9 lugar aprendimos a ocupar en la vida? - El Regional<\/title>\n<meta name=\"description\" content=\"Las personas a lo largo de la vida aprendimos a ocupar un lugar, en la familia, en el grupo de amigos, en el trabajo. Es algo t\u00e1cito.\" \/>\n<meta name=\"robots\" content=\"index, follow, max-snippet:-1, max-image-preview:large, max-video-preview:-1\" \/>\n<link rel=\"canonical\" href=\"http:\/\/elregionalvm.com.ar\/noticias-villa-maria\/la-columna-de-rita-giordano-que-lugar-aprendimos-a-ocupar-en-la-vida\/\" \/>\n<meta property=\"og:locale\" content=\"es_ES\" \/>\n<meta property=\"og:type\" content=\"article\" \/>\n<meta property=\"og:title\" content=\"[La columna de Rita Giordano] \u00bfQu\u00e9 lugar aprendimos a ocupar en la vida? - El Regional\" \/>\n<meta property=\"og:description\" content=\"Las personas a lo largo de la vida aprendimos a ocupar un lugar, en la familia, en el grupo de amigos, en el trabajo. Es algo t\u00e1cito.\" \/>\n<meta property=\"og:url\" content=\"http:\/\/elregionalvm.com.ar\/noticias-villa-maria\/la-columna-de-rita-giordano-que-lugar-aprendimos-a-ocupar-en-la-vida\/\" \/>\n<meta property=\"og:site_name\" content=\"El Regional\" \/>\n<meta property=\"article:publisher\" content=\"https:\/\/www.facebook.com\/elregionalvm\" \/>\n<meta property=\"article:published_time\" content=\"2022-04-20T17:17:45+00:00\" \/>\n<meta property=\"article:modified_time\" content=\"2022-04-21T00:49:53+00:00\" \/>\n<meta property=\"og:image\" content=\"http:\/\/elregionalvm.com.ar\/noticias-villa-maria\/wp-content\/uploads\/2022\/04\/familia-alegre.jpg\" \/>\n\t<meta property=\"og:image:width\" content=\"1200\" \/>\n\t<meta property=\"og:image:height\" content=\"800\" \/>\n\t<meta property=\"og:image:type\" content=\"image\/jpeg\" \/>\n<meta name=\"author\" content=\"Contenidos El Regional\" \/>\n<meta name=\"twitter:card\" content=\"summary_large_image\" \/>\n<meta name=\"twitter:creator\" content=\"@elregionalvm1\" \/>\n<meta name=\"twitter:site\" content=\"@elregionalvm1\" \/>\n<meta name=\"twitter:label1\" content=\"Escrito por\" \/>\n\t<meta name=\"twitter:data1\" content=\"Contenidos El Regional\" \/>\n\t<meta name=\"twitter:label2\" content=\"Tiempo de lectura\" \/>\n\t<meta name=\"twitter:data2\" content=\"2 minutos\" \/>\n<script type=\"application\/ld+json\" class=\"yoast-schema-graph\">{\"@context\":\"https:\/\/schema.org\",\"@graph\":[{\"@type\":\"Article\",\"@id\":\"http:\/\/elregionalvm.com.ar\/noticias-villa-maria\/la-columna-de-rita-giordano-que-lugar-aprendimos-a-ocupar-en-la-vida\/#article\",\"isPartOf\":{\"@id\":\"http:\/\/elregionalvm.com.ar\/noticias-villa-maria\/la-columna-de-rita-giordano-que-lugar-aprendimos-a-ocupar-en-la-vida\/\"},\"author\":{\"name\":\"Contenidos El Regional\",\"@id\":\"http:\/\/elregionalvm.com.ar\/noticias-villa-maria\/#\/schema\/person\/a0fb9c422317faca23d50163151bc354\"},\"headline\":\"[La columna de Rita Giordano] \u00bfQu\u00e9 lugar aprendimos a ocupar en la vida?\",\"datePublished\":\"2022-04-20T17:17:45+00:00\",\"dateModified\":\"2022-04-21T00:49:53+00:00\",\"mainEntityOfPage\":{\"@id\":\"http:\/\/elregionalvm.com.ar\/noticias-villa-maria\/la-columna-de-rita-giordano-que-lugar-aprendimos-a-ocupar-en-la-vida\/\"},\"wordCount\":481,\"commentCount\":0,\"image\":{\"@id\":\"http:\/\/elregionalvm.com.ar\/noticias-villa-maria\/la-columna-de-rita-giordano-que-lugar-aprendimos-a-ocupar-en-la-vida\/#primaryimage\"},\"thumbnailUrl\":\"https:\/\/i0.wp.com\/elregionalvm.com.ar\/noticias-villa-maria\/wp-content\/uploads\/2022\/04\/familia-alegre.jpg?fit=1200%2C800&ssl=1\",\"keywords\":[\"Aprendizaje\",\"beneficios\",\"consejos\",\"familia\",\"lugar\",\"Psicolog\u00eda\",\"Rita Giordano\",\"rol\"],\"articleSection\":[\"Notas\",\"Opini\u00f3n\"],\"inLanguage\":\"es\",\"potentialAction\":[{\"@type\":\"CommentAction\",\"name\":\"Comment\",\"target\":[\"http:\/\/elregionalvm.com.ar\/noticias-villa-maria\/la-columna-de-rita-giordano-que-lugar-aprendimos-a-ocupar-en-la-vida\/#respond\"]}]},{\"@type\":\"WebPage\",\"@id\":\"http:\/\/elregionalvm.com.ar\/noticias-villa-maria\/la-columna-de-rita-giordano-que-lugar-aprendimos-a-ocupar-en-la-vida\/\",\"url\":\"http:\/\/elregionalvm.com.ar\/noticias-villa-maria\/la-columna-de-rita-giordano-que-lugar-aprendimos-a-ocupar-en-la-vida\/\",\"name\":\"[La columna de Rita Giordano] \u00bfQu\u00e9 lugar aprendimos a ocupar en la vida? - El Regional\",\"isPartOf\":{\"@id\":\"http:\/\/elregionalvm.com.ar\/noticias-villa-maria\/#website\"},\"primaryImageOfPage\":{\"@id\":\"http:\/\/elregionalvm.com.ar\/noticias-villa-maria\/la-columna-de-rita-giordano-que-lugar-aprendimos-a-ocupar-en-la-vida\/#primaryimage\"},\"image\":{\"@id\":\"http:\/\/elregionalvm.com.ar\/noticias-villa-maria\/la-columna-de-rita-giordano-que-lugar-aprendimos-a-ocupar-en-la-vida\/#primaryimage\"},\"thumbnailUrl\":\"https:\/\/i0.wp.com\/elregionalvm.com.ar\/noticias-villa-maria\/wp-content\/uploads\/2022\/04\/familia-alegre.jpg?fit=1200%2C800&ssl=1\",\"datePublished\":\"2022-04-20T17:17:45+00:00\",\"dateModified\":\"2022-04-21T00:49:53+00:00\",\"author\":{\"@id\":\"http:\/\/elregionalvm.com.ar\/noticias-villa-maria\/#\/schema\/person\/a0fb9c422317faca23d50163151bc354\"},\"description\":\"Las personas a lo largo de la vida aprendimos a ocupar un lugar, en la familia, en el grupo de amigos, en el trabajo. Es algo t\u00e1cito.\",\"breadcrumb\":{\"@id\":\"http:\/\/elregionalvm.com.ar\/noticias-villa-maria\/la-columna-de-rita-giordano-que-lugar-aprendimos-a-ocupar-en-la-vida\/#breadcrumb\"},\"inLanguage\":\"es\",\"potentialAction\":[{\"@type\":\"ReadAction\",\"target\":[\"http:\/\/elregionalvm.com.ar\/noticias-villa-maria\/la-columna-de-rita-giordano-que-lugar-aprendimos-a-ocupar-en-la-vida\/\"]}]},{\"@type\":\"ImageObject\",\"inLanguage\":\"es\",\"@id\":\"http:\/\/elregionalvm.com.ar\/noticias-villa-maria\/la-columna-de-rita-giordano-que-lugar-aprendimos-a-ocupar-en-la-vida\/#primaryimage\",\"url\":\"https:\/\/i0.wp.com\/elregionalvm.com.ar\/noticias-villa-maria\/wp-content\/uploads\/2022\/04\/familia-alegre.jpg?fit=1200%2C800&ssl=1\",\"contentUrl\":\"https:\/\/i0.wp.com\/elregionalvm.com.ar\/noticias-villa-maria\/wp-content\/uploads\/2022\/04\/familia-alegre.jpg?fit=1200%2C800&ssl=1\",\"width\":1200,\"height\":800,\"caption\":\"Grandparents, parents and their little children sit together on the bed in a blue room and fight pillows\"},{\"@type\":\"BreadcrumbList\",\"@id\":\"http:\/\/elregionalvm.com.ar\/noticias-villa-maria\/la-columna-de-rita-giordano-que-lugar-aprendimos-a-ocupar-en-la-vida\/#breadcrumb\",\"itemListElement\":[{\"@type\":\"ListItem\",\"position\":1,\"name\":\"Portada\",\"item\":\"https:\/\/elregionalvm.com.ar\/noticias-villa-maria\/\"},{\"@type\":\"ListItem\",\"position\":2,\"name\":\"[La columna de Rita Giordano] \u00bfQu\u00e9 lugar aprendimos a ocupar en la vida?\"}]},{\"@type\":\"WebSite\",\"@id\":\"http:\/\/elregionalvm.com.ar\/noticias-villa-maria\/#website\",\"url\":\"http:\/\/elregionalvm.com.ar\/noticias-villa-maria\/\",\"name\":\"El Regional\",\"description\":\"Mucho m\u00e1s que informaci\u00f3n\",\"potentialAction\":[{\"@type\":\"SearchAction\",\"target\":{\"@type\":\"EntryPoint\",\"urlTemplate\":\"http:\/\/elregionalvm.com.ar\/noticias-villa-maria\/?s={search_term_string}\"},\"query-input\":{\"@type\":\"PropertyValueSpecification\",\"valueRequired\":true,\"valueName\":\"search_term_string\"}}],\"inLanguage\":\"es\"},{\"@type\":\"Person\",\"@id\":\"http:\/\/elregionalvm.com.ar\/noticias-villa-maria\/#\/schema\/person\/a0fb9c422317faca23d50163151bc354\",\"name\":\"Contenidos El Regional\",\"image\":{\"@type\":\"ImageObject\",\"inLanguage\":\"es\",\"@id\":\"http:\/\/elregionalvm.com.ar\/noticias-villa-maria\/#\/schema\/person\/image\/\",\"url\":\"https:\/\/secure.gravatar.com\/avatar\/265b27cb2209af7bb3a1318f03305787d7981a5cc6e6cd08fe5a4ecdf99d4b48?s=96&d=mm&r=g\",\"contentUrl\":\"https:\/\/secure.gravatar.com\/avatar\/265b27cb2209af7bb3a1318f03305787d7981a5cc6e6cd08fe5a4ecdf99d4b48?s=96&d=mm&r=g\",\"caption\":\"Contenidos El Regional\"},\"url\":\"https:\/\/elregionalvm.com.ar\/noticias-villa-maria\/author\/contenido\/\"}]}<\/script>\n<!-- \/ Yoast SEO plugin. -->","yoast_head_json":{"title":"[La columna de Rita Giordano] \u00bfQu\u00e9 lugar aprendimos a ocupar en la vida? - El Regional","description":"Las personas a lo largo de la vida aprendimos a ocupar un lugar, en la familia, en el grupo de amigos, en el trabajo. Es algo t\u00e1cito.","robots":{"index":"index","follow":"follow","max-snippet":"max-snippet:-1","max-image-preview":"max-image-preview:large","max-video-preview":"max-video-preview:-1"},"canonical":"http:\/\/elregionalvm.com.ar\/noticias-villa-maria\/la-columna-de-rita-giordano-que-lugar-aprendimos-a-ocupar-en-la-vida\/","og_locale":"es_ES","og_type":"article","og_title":"[La columna de Rita Giordano] \u00bfQu\u00e9 lugar aprendimos a ocupar en la vida? - El Regional","og_description":"Las personas a lo largo de la vida aprendimos a ocupar un lugar, en la familia, en el grupo de amigos, en el trabajo. Es algo t\u00e1cito.","og_url":"http:\/\/elregionalvm.com.ar\/noticias-villa-maria\/la-columna-de-rita-giordano-que-lugar-aprendimos-a-ocupar-en-la-vida\/","og_site_name":"El Regional","article_publisher":"https:\/\/www.facebook.com\/elregionalvm","article_published_time":"2022-04-20T17:17:45+00:00","article_modified_time":"2022-04-21T00:49:53+00:00","og_image":[{"width":1200,"height":800,"url":"http:\/\/elregionalvm.com.ar\/noticias-villa-maria\/wp-content\/uploads\/2022\/04\/familia-alegre.jpg","type":"image\/jpeg"}],"author":"Contenidos El Regional","twitter_card":"summary_large_image","twitter_creator":"@elregionalvm1","twitter_site":"@elregionalvm1","twitter_misc":{"Escrito por":"Contenidos El Regional","Tiempo de lectura":"2 minutos"},"schema":{"@context":"https:\/\/schema.org","@graph":[{"@type":"Article","@id":"http:\/\/elregionalvm.com.ar\/noticias-villa-maria\/la-columna-de-rita-giordano-que-lugar-aprendimos-a-ocupar-en-la-vida\/#article","isPartOf":{"@id":"http:\/\/elregionalvm.com.ar\/noticias-villa-maria\/la-columna-de-rita-giordano-que-lugar-aprendimos-a-ocupar-en-la-vida\/"},"author":{"name":"Contenidos El Regional","@id":"http:\/\/elregionalvm.com.ar\/noticias-villa-maria\/#\/schema\/person\/a0fb9c422317faca23d50163151bc354"},"headline":"[La columna de Rita Giordano] \u00bfQu\u00e9 lugar aprendimos a ocupar en la vida?","datePublished":"2022-04-20T17:17:45+00:00","dateModified":"2022-04-21T00:49:53+00:00","mainEntityOfPage":{"@id":"http:\/\/elregionalvm.com.ar\/noticias-villa-maria\/la-columna-de-rita-giordano-que-lugar-aprendimos-a-ocupar-en-la-vida\/"},"wordCount":481,"commentCount":0,"image":{"@id":"http:\/\/elregionalvm.com.ar\/noticias-villa-maria\/la-columna-de-rita-giordano-que-lugar-aprendimos-a-ocupar-en-la-vida\/#primaryimage"},"thumbnailUrl":"https:\/\/i0.wp.com\/elregionalvm.com.ar\/noticias-villa-maria\/wp-content\/uploads\/2022\/04\/familia-alegre.jpg?fit=1200%2C800&ssl=1","keywords":["Aprendizaje","beneficios","consejos","familia","lugar","Psicolog\u00eda","Rita Giordano","rol"],"articleSection":["Notas","Opini\u00f3n"],"inLanguage":"es","potentialAction":[{"@type":"CommentAction","name":"Comment","target":["http:\/\/elregionalvm.com.ar\/noticias-villa-maria\/la-columna-de-rita-giordano-que-lugar-aprendimos-a-ocupar-en-la-vida\/#respond"]}]},{"@type":"WebPage","@id":"http:\/\/elregionalvm.com.ar\/noticias-villa-maria\/la-columna-de-rita-giordano-que-lugar-aprendimos-a-ocupar-en-la-vida\/","url":"http:\/\/elregionalvm.com.ar\/noticias-villa-maria\/la-columna-de-rita-giordano-que-lugar-aprendimos-a-ocupar-en-la-vida\/","name":"[La columna de Rita Giordano] \u00bfQu\u00e9 lugar aprendimos a ocupar en la vida? - El Regional","isPartOf":{"@id":"http:\/\/elregionalvm.com.ar\/noticias-villa-maria\/#website"},"primaryImageOfPage":{"@id":"http:\/\/elregionalvm.com.ar\/noticias-villa-maria\/la-columna-de-rita-giordano-que-lugar-aprendimos-a-ocupar-en-la-vida\/#primaryimage"},"image":{"@id":"http:\/\/elregionalvm.com.ar\/noticias-villa-maria\/la-columna-de-rita-giordano-que-lugar-aprendimos-a-ocupar-en-la-vida\/#primaryimage"},"thumbnailUrl":"https:\/\/i0.wp.com\/elregionalvm.com.ar\/noticias-villa-maria\/wp-content\/uploads\/2022\/04\/familia-alegre.jpg?fit=1200%2C800&ssl=1","datePublished":"2022-04-20T17:17:45+00:00","dateModified":"2022-04-21T00:49:53+00:00","author":{"@id":"http:\/\/elregionalvm.com.ar\/noticias-villa-maria\/#\/schema\/person\/a0fb9c422317faca23d50163151bc354"},"description":"Las personas a lo largo de la vida aprendimos a ocupar un lugar, en la familia, en el grupo de amigos, en el trabajo. Es algo t\u00e1cito.","breadcrumb":{"@id":"http:\/\/elregionalvm.com.ar\/noticias-villa-maria\/la-columna-de-rita-giordano-que-lugar-aprendimos-a-ocupar-en-la-vida\/#breadcrumb"},"inLanguage":"es","potentialAction":[{"@type":"ReadAction","target":["http:\/\/elregionalvm.com.ar\/noticias-villa-maria\/la-columna-de-rita-giordano-que-lugar-aprendimos-a-ocupar-en-la-vida\/"]}]},{"@type":"ImageObject","inLanguage":"es","@id":"http:\/\/elregionalvm.com.ar\/noticias-villa-maria\/la-columna-de-rita-giordano-que-lugar-aprendimos-a-ocupar-en-la-vida\/#primaryimage","url":"https:\/\/i0.wp.com\/elregionalvm.com.ar\/noticias-villa-maria\/wp-content\/uploads\/2022\/04\/familia-alegre.jpg?fit=1200%2C800&ssl=1","contentUrl":"https:\/\/i0.wp.com\/elregionalvm.com.ar\/noticias-villa-maria\/wp-content\/uploads\/2022\/04\/familia-alegre.jpg?fit=1200%2C800&ssl=1","width":1200,"height":800,"caption":"Grandparents, parents and their little children sit together on the bed in a blue room and fight pillows"},{"@type":"BreadcrumbList","@id":"http:\/\/elregionalvm.com.ar\/noticias-villa-maria\/la-columna-de-rita-giordano-que-lugar-aprendimos-a-ocupar-en-la-vida\/#breadcrumb","itemListElement":[{"@type":"ListItem","position":1,"name":"Portada","item":"https:\/\/elregionalvm.com.ar\/noticias-villa-maria\/"},{"@type":"ListItem","position":2,"name":"[La columna de Rita Giordano] \u00bfQu\u00e9 lugar aprendimos a ocupar en la vida?"}]},{"@type":"WebSite","@id":"http:\/\/elregionalvm.com.ar\/noticias-villa-maria\/#website","url":"http:\/\/elregionalvm.com.ar\/noticias-villa-maria\/","name":"El Regional","description":"Mucho m\u00e1s que informaci\u00f3n","potentialAction":[{"@type":"SearchAction","target":{"@type":"EntryPoint","urlTemplate":"http:\/\/elregionalvm.com.ar\/noticias-villa-maria\/?s={search_term_string}"},"query-input":{"@type":"PropertyValueSpecification","valueRequired":true,"valueName":"search_term_string"}}],"inLanguage":"es"},{"@type":"Person","@id":"http:\/\/elregionalvm.com.ar\/noticias-villa-maria\/#\/schema\/person\/a0fb9c422317faca23d50163151bc354","name":"Contenidos El Regional","image":{"@type":"ImageObject","inLanguage":"es","@id":"http:\/\/elregionalvm.com.ar\/noticias-villa-maria\/#\/schema\/person\/image\/","url":"https:\/\/secure.gravatar.com\/avatar\/265b27cb2209af7bb3a1318f03305787d7981a5cc6e6cd08fe5a4ecdf99d4b48?s=96&d=mm&r=g","contentUrl":"https:\/\/secure.gravatar.com\/avatar\/265b27cb2209af7bb3a1318f03305787d7981a5cc6e6cd08fe5a4ecdf99d4b48?s=96&d=mm&r=g","caption":"Contenidos El Regional"},"url":"https:\/\/elregionalvm.com.ar\/noticias-villa-maria\/author\/contenido\/"}]}},"jetpack_featured_media_url":"https:\/\/i0.wp.com\/elregionalvm.com.ar\/noticias-villa-maria\/wp-content\/uploads\/2022\/04\/familia-alegre.jpg?fit=1200%2C800&ssl=1","jetpack_sharing_enabled":true,"_links":{"self":[{"href":"https:\/\/elregionalvm.com.ar\/noticias-villa-maria\/wp-json\/wp\/v2\/posts\/55948","targetHints":{"allow":["GET"]}}],"collection":[{"href":"https:\/\/elregionalvm.com.ar\/noticias-villa-maria\/wp-json\/wp\/v2\/posts"}],"about":[{"href":"https:\/\/elregionalvm.com.ar\/noticias-villa-maria\/wp-json\/wp\/v2\/types\/post"}],"author":[{"embeddable":true,"href":"https:\/\/elregionalvm.com.ar\/noticias-villa-maria\/wp-json\/wp\/v2\/users\/4"}],"replies":[{"embeddable":true,"href":"https:\/\/elregionalvm.com.ar\/noticias-villa-maria\/wp-json\/wp\/v2\/comments?post=55948"}],"version-history":[{"count":3,"href":"https:\/\/elregionalvm.com.ar\/noticias-villa-maria\/wp-json\/wp\/v2\/posts\/55948\/revisions"}],"predecessor-version":[{"id":55954,"href":"https:\/\/elregionalvm.com.ar\/noticias-villa-maria\/wp-json\/wp\/v2\/posts\/55948\/revisions\/55954"}],"wp:featuredmedia":[{"embeddable":true,"href":"https:\/\/elregionalvm.com.ar\/noticias-villa-maria\/wp-json\/wp\/v2\/media\/55951"}],"wp:attachment":[{"href":"https:\/\/elregionalvm.com.ar\/noticias-villa-maria\/wp-json\/wp\/v2\/media?parent=55948"}],"wp:term":[{"taxonomy":"category","embeddable":true,"href":"https:\/\/elregionalvm.com.ar\/noticias-villa-maria\/wp-json\/wp\/v2\/categories?post=55948"},{"taxonomy":"post_tag","embeddable":true,"href":"https:\/\/elregionalvm.com.ar\/noticias-villa-maria\/wp-json\/wp\/v2\/tags?post=55948"}],"curies":[{"name":"wp","href":"https:\/\/api.w.org\/{rel}","templated":true}]}}