{"id":55955,"date":"2022-04-20T17:31:39","date_gmt":"2022-04-20T17:31:39","guid":{"rendered":"https:\/\/elregionalvm.com.ar\/noticias-villa-maria\/?p=55955"},"modified":"2022-04-23T01:46:31","modified_gmt":"2022-04-23T01:46:31","slug":"plata-quemada-el-verdadero-problema-muchachos-la-inflacion","status":"publish","type":"post","link":"https:\/\/elregionalvm.com.ar\/noticias-villa-maria\/plata-quemada-el-verdadero-problema-muchachos-la-inflacion\/","title":{"rendered":"[Plata quemada] El verdadero problema, muchachos, la inflaci\u00f3n"},"content":{"rendered":"\n<p><\/p>\n\n\n\n<p><strong>La semana pasada se inform\u00f3 que la inflaci\u00f3n correspondiente al mes de marzo se ubic\u00f3 en el 6,7%, algo que esper\u00e1bamos. Sin embargo, la preocupaci\u00f3n con respecto a estos valores es constante por parte de la ciudadan\u00eda temiendo el desenlace que podr\u00eda tener lugar.<\/strong><\/p>\n\n\n\n<p><\/p>\n\n\n\n<p><strong>Informe: Idesa<\/strong><\/p>\n\n\n\n<p><\/p>\n\n\n\n<p>Por otro lado, estos aumentos, han motivado por parte del gobierno la ya conocida \u201cguerra contra la inflaci\u00f3n\u201d y la consecuente b\u00fasqueda de los culpables.<\/p>\n\n\n\n<p>Sin embargo, el gobierno hace poca alusi\u00f3n al tema fiscal y la expansi\u00f3n monetaria que esto conlleva. Y sus principales armas para la guerra contin\u00faan siendo controles de precios, la aplicaci\u00f3n de la ley de abastecimiento, aumento de los derechos de exportaci\u00f3n y la convocatoria a representantes empresariales, sindicales y de organizaciones piqueteras.<\/p>\n\n\n\n<p>Con este escenario, el desenlace es impredecible porque depende de la magnitud de la emisi\u00f3n monetaria y de la demanda de pesos por parte de la gente.<\/p>\n\n\n\n<p>Seg\u00fan el curso de ambas variables, la situaci\u00f3n continuar\u00e1 siendo de alta inflaci\u00f3n, pero sin llegar a hiperinflaci\u00f3n.<\/p>\n\n\n\n<p><\/p>\n\n\n\n<figure class=\"wp-block-embed is-type-video is-provider-youtube wp-block-embed-youtube wp-embed-aspect-16-9 wp-has-aspect-ratio\"><div class=\"wp-block-embed__wrapper\">\n<iframe title=\"El verdadero problema, la inflaci\u00f3n\" width=\"500\" height=\"281\" src=\"https:\/\/www.youtube.com\/embed\/F4GyQUcWt1g?feature=oembed\" frameborder=\"0\" allow=\"accelerometer; autoplay; clipboard-write; encrypted-media; gyroscope; picture-in-picture; web-share\" referrerpolicy=\"strict-origin-when-cross-origin\" allowfullscreen><\/iframe>\n<\/div><\/figure>\n\n\n\n<p><\/p>\n\n\n\n<p><strong>Alta inflaci\u00f3n y desequilibrio fiscal<\/strong><\/p>\n\n\n\n<p>De todas formas, la alta inflaci\u00f3n es un fen\u00f3meno de larga data. Si bien hay diferencias entre gestiones, en todos los gobiernos de los \u00faltimos 60 a\u00f1os, independientemente de su orientaci\u00f3n pol\u00edtica, hubo alta inflaci\u00f3n.<\/p>\n\n\n\n<p>Es llamativo que a\u00fan con alineamientos pol\u00edticos diferentes las tasas de inflaci\u00f3n promedio se hayan mantenido entre dos y tres d\u00edgitos.<\/p>\n\n\n\n<p>Concentrar la atenci\u00f3n en los errores del actual gobierno, pasando por alto que en el pasado las tasas de inflaci\u00f3n fueron a\u00fan m\u00e1s altas, desenfoca el problema central. En las \u00faltimas 6 d\u00e9cadas, todos los gobiernos, optaron por administrar el Estado con desequilibrio fiscal.<\/p>\n\n\n\n<p>Esto llev\u00f3 indefectiblemente a excesos de endeudamiento p\u00fablico, los cuales derivaron en varios defaults y m\u00e1s de 20 acuerdos con el FMI, y\/o excesos de emisi\u00f3n monetaria.<\/p>\n\n\n\n<p>Aunque la teor\u00eda econ\u00f3mica admite que la inflaci\u00f3n es un fen\u00f3meno multicausal, con la acumulaci\u00f3n de 60 a\u00f1os de desequilibrios fiscales es indudable que esta causa en la Argentina es la principal.<\/p>\n\n\n\n<p><\/p>\n\n\n\n<figure class=\"wp-block-embed is-type-wp-embed is-provider-el-regional wp-block-embed-el-regional\"><div class=\"wp-block-embed__wrapper\">\n<blockquote class=\"wp-embedded-content\" data-secret=\"dQcAm6RWPn\"><a href=\"https:\/\/elregionalvm.com.ar\/noticias-villa-maria\/inflacion-y-un-mal-negocio-el-que-apuesta-al-dolar-pierde\/\">Inflaci\u00f3n y un mal negocio : \u00bfEl que apuesta al d\u00f3lar pierde?<\/a><\/blockquote><iframe class=\"wp-embedded-content\" sandbox=\"allow-scripts\" security=\"restricted\" style=\"position: absolute; visibility: hidden;\" title=\"\u00abInflaci\u00f3n y un mal negocio : \u00bfEl que apuesta al d\u00f3lar pierde?\u00bb \u2014 El Regional\" src=\"https:\/\/elregionalvm.com.ar\/noticias-villa-maria\/inflacion-y-un-mal-negocio-el-que-apuesta-al-dolar-pierde\/embed\/#?secret=rxhHqqU4oJ#?secret=dQcAm6RWPn\" data-secret=\"dQcAm6RWPn\" width=\"500\" height=\"282\" frameborder=\"0\" marginwidth=\"0\" marginheight=\"0\" scrolling=\"no\"><\/iframe>\n<\/div><\/figure>\n\n\n\n<p><\/p>\n\n\n\n<p><strong>\u00bfSoluciones posibles?<\/strong><\/p>\n\n\n\n<p>Las soluciones no pueden buscarse \u00fanicamente en las repetidas pol\u00edticas tradicionales de ajuste fiscal. Licuar jubilaciones manipulando la movilidad no es una soluci\u00f3n, baja el gasto presente, pero aumenta el futuro a trav\u00e9s de juicios previsionales.<\/p>\n\n\n\n<p>En este caso, debe apelarse al ordenamiento previsional, su eje deber\u00eda ser el principio de que todos los habitantes se jubilen con las mismas reglas, lo que dar\u00e1 sostenibilidad financiera y equidad.<\/p>\n\n\n\n<p>Tampoco resuelve el problema el reiterado ajuste impositivo basado en aumentar impuestos a los que ya pagan.<\/p>\n\n\n\n<p>El foco deber\u00eda ser el ordenamiento impositivo, tomando como eje la unificaci\u00f3n de impuestos, que permitir\u00e1 bajar la presi\u00f3n impositiva y burocr\u00e1tica y simult\u00e1neamente mejorar los ingresos del Estado por menor evasi\u00f3n.<\/p>\n\n\n\n<p>Adem\u00e1s, el ordenamiento funcional del Estado es un factor clave, eliminar\u00eda superposiciones entre organismos nacionales, provinciales y municipales, se podr\u00e1 controlar el gasto p\u00fablico y aumentar su eficiencia.<\/p>\n\n\n\n<p>La creciente preocupaci\u00f3n por la inflaci\u00f3n es la oportunidad para tomar conciencia de la importancia de tener un Estado ordenado.<\/p>\n\n\n\n<p>No solo para lograr estabilidad sino para salir de la larga decadencia. Cargar las responsabilidades en el actual gobierno o bregar porque alguien se haga cargo de desplegar las tradicionales recetas de ajuste fiscal es repetir los mismos errores.\u00a0<\/p>\n\n\n\n<p><\/p>\n\n\n\n<figure class=\"wp-block-embed is-type-wp-embed is-provider-el-regional wp-block-embed-el-regional\"><div class=\"wp-block-embed__wrapper\">\n<blockquote class=\"wp-embedded-content\" data-secret=\"Bm7wejcVl0\"><a href=\"https:\/\/elregionalvm.com.ar\/noticias-villa-maria\/inflacion-no-solo-en-argentina-en-ee-uu-es-la-mas-alta-de-los-ultimos-40-anos\/\">[Inflaci\u00f3n, no solo en Argentina] En EE.UU. es la m\u00e1s alta de los \u00faltimos 40 a\u00f1os<\/a><\/blockquote><iframe class=\"wp-embedded-content\" sandbox=\"allow-scripts\" security=\"restricted\" style=\"position: absolute; visibility: hidden;\" title=\"\u00ab[Inflaci\u00f3n, no solo en Argentina] En EE.UU. es la m\u00e1s alta de los \u00faltimos 40 a\u00f1os\u00bb \u2014 El Regional\" src=\"https:\/\/elregionalvm.com.ar\/noticias-villa-maria\/inflacion-no-solo-en-argentina-en-ee-uu-es-la-mas-alta-de-los-ultimos-40-anos\/embed\/#?secret=1d5RLMXMUU#?secret=Bm7wejcVl0\" data-secret=\"Bm7wejcVl0\" width=\"500\" height=\"282\" frameborder=\"0\" marginwidth=\"0\" marginheight=\"0\" scrolling=\"no\"><\/iframe>\n<\/div><\/figure>\n","protected":false},"excerpt":{"rendered":"<p>La semana pasada se inform\u00f3 que la inflaci\u00f3n correspondiente al mes de marzo se ubic\u00f3 en el 6,7%, algo que esper\u00e1bamos. Sin embargo, la preocupaci\u00f3n con respecto a estos valores es constante por parte de la ciudadan\u00eda temiendo el desenlace que podr\u00eda tener lugar. Informe: Idesa Por otro lado, estos aumentos, han motivado por parte [&hellip;]<\/p>\n","protected":false},"author":4,"featured_media":55958,"comment_status":"open","ping_status":"open","sticky":false,"template":"","format":"standard","meta":{"site-sidebar-layout":"default","site-content-layout":"","ast-site-content-layout":"default","site-content-style":"default","site-sidebar-style":"default","ast-global-header-display":"","ast-banner-title-visibility":"","ast-main-header-display":"","ast-hfb-above-header-display":"","ast-hfb-below-header-display":"","ast-hfb-mobile-header-display":"","site-post-title":"","ast-breadcrumbs-content":"","ast-featured-img":"","footer-sml-layout":"","ast-disable-related-posts":"","theme-transparent-header-meta":"","adv-header-id-meta":"","stick-header-meta":"","header-above-stick-meta":"","header-main-stick-meta":"","header-below-stick-meta":"","astra-migrate-meta-layouts":"default","ast-page-background-enabled":"default","ast-page-background-meta":{"desktop":{"background-color":"","background-image":"","background-repeat":"repeat","background-position":"center center","background-size":"auto","background-attachment":"scroll","background-type":"","background-media":"","overlay-type":"","overlay-color":"","overlay-opacity":"","overlay-gradient":""},"tablet":{"background-color":"","background-image":"","background-repeat":"repeat","background-position":"center center","background-size":"auto","background-attachment":"scroll","background-type":"","background-media":"","overlay-type":"","overlay-color":"","overlay-opacity":"","overlay-gradient":""},"mobile":{"background-color":"","background-image":"","background-repeat":"repeat","background-position":"center center","background-size":"auto","background-attachment":"scroll","background-type":"","background-media":"","overlay-type":"","overlay-color":"","overlay-opacity":"","overlay-gradient":""}},"ast-content-background-meta":{"desktop":{"background-color":"var(--ast-global-color-5)","background-image":"","background-repeat":"repeat","background-position":"center center","background-size":"auto","background-attachment":"scroll","background-type":"","background-media":"","overlay-type":"","overlay-color":"","overlay-opacity":"","overlay-gradient":""},"tablet":{"background-color":"var(--ast-global-color-5)","background-image":"","background-repeat":"repeat","background-position":"center center","background-size":"auto","background-attachment":"scroll","background-type":"","background-media":"","overlay-type":"","overlay-color":"","overlay-opacity":"","overlay-gradient":""},"mobile":{"background-color":"var(--ast-global-color-5)","background-image":"","background-repeat":"repeat","background-position":"center center","background-size":"auto","background-attachment":"scroll","background-type":"","background-media":"","overlay-type":"","overlay-color":"","overlay-opacity":"","overlay-gradient":""}},"_jetpack_memberships_contains_paid_content":false,"_joinchat":[],"footnotes":""},"categories":[365,3557,2074],"tags":[1594,6834,2729,14937,30,3279,1973,8332,2467,1512],"class_list":["post-55955","post","type-post","status-publish","format-standard","has-post-thumbnail","hentry","category-opinion","category-tercera","category-videos","tag-alberto-fernandez","tag-desequilibrio-fiscal","tag-emision-monetaria","tag-gobiernos-argentinos","tag-guerra","tag-hiperinflacion","tag-idesa","tag-indice-de-precios-al-consumidor","tag-inflacion","tag-pesos"],"yoast_head":"<!-- This site is optimized with the Yoast SEO plugin v26.8 - https:\/\/yoast.com\/product\/yoast-seo-wordpress\/ -->\n<title>[Plata quemada] El verdadero problema, muchachos, la inflaci\u00f3n - El Regional<\/title>\n<meta name=\"description\" content=\"Si bien hay diferencias entre gestiones, en todos los gobiernos de los \u00faltimos 60 a\u00f1os, hubo alta inflaci\u00f3n.\" \/>\n<meta name=\"robots\" content=\"index, follow, max-snippet:-1, max-image-preview:large, max-video-preview:-1\" \/>\n<link rel=\"canonical\" href=\"http:\/\/elregionalvm.com.ar\/noticias-villa-maria\/plata-quemada-el-verdadero-problema-muchachos-la-inflacion\/\" \/>\n<meta property=\"og:locale\" content=\"es_ES\" \/>\n<meta property=\"og:type\" content=\"article\" \/>\n<meta property=\"og:title\" content=\"[Plata quemada] El verdadero problema, muchachos, la inflaci\u00f3n - El Regional\" \/>\n<meta property=\"og:description\" content=\"Si bien hay diferencias entre gestiones, en todos los gobiernos de los \u00faltimos 60 a\u00f1os, hubo alta inflaci\u00f3n.\" \/>\n<meta property=\"og:url\" content=\"http:\/\/elregionalvm.com.ar\/noticias-villa-maria\/plata-quemada-el-verdadero-problema-muchachos-la-inflacion\/\" \/>\n<meta property=\"og:site_name\" content=\"El Regional\" \/>\n<meta property=\"article:publisher\" content=\"https:\/\/www.facebook.com\/elregionalvm\" \/>\n<meta property=\"article:published_time\" content=\"2022-04-20T17:31:39+00:00\" \/>\n<meta property=\"article:modified_time\" content=\"2022-04-23T01:46:31+00:00\" \/>\n<meta property=\"og:image\" content=\"http:\/\/elregionalvm.com.ar\/noticias-villa-maria\/wp-content\/uploads\/2022\/04\/Billete-100-quemado-vertical.jpg\" \/>\n\t<meta property=\"og:image:width\" content=\"419\" \/>\n\t<meta property=\"og:image:height\" content=\"559\" \/>\n\t<meta property=\"og:image:type\" content=\"image\/jpeg\" \/>\n<meta name=\"author\" content=\"Contenidos El Regional\" \/>\n<meta name=\"twitter:card\" content=\"summary_large_image\" \/>\n<meta name=\"twitter:creator\" content=\"@elregionalvm1\" \/>\n<meta name=\"twitter:site\" content=\"@elregionalvm1\" \/>\n<meta name=\"twitter:label1\" content=\"Escrito por\" \/>\n\t<meta name=\"twitter:data1\" content=\"Contenidos El Regional\" \/>\n\t<meta name=\"twitter:label2\" content=\"Tiempo de lectura\" \/>\n\t<meta name=\"twitter:data2\" content=\"3 minutos\" \/>\n<script type=\"application\/ld+json\" class=\"yoast-schema-graph\">{\"@context\":\"https:\/\/schema.org\",\"@graph\":[{\"@type\":\"Article\",\"@id\":\"http:\/\/elregionalvm.com.ar\/noticias-villa-maria\/plata-quemada-el-verdadero-problema-muchachos-la-inflacion\/#article\",\"isPartOf\":{\"@id\":\"http:\/\/elregionalvm.com.ar\/noticias-villa-maria\/plata-quemada-el-verdadero-problema-muchachos-la-inflacion\/\"},\"author\":{\"name\":\"Contenidos El Regional\",\"@id\":\"http:\/\/elregionalvm.com.ar\/noticias-villa-maria\/#\/schema\/person\/a0fb9c422317faca23d50163151bc354\"},\"headline\":\"[Plata quemada] El verdadero problema, muchachos, la inflaci\u00f3n\",\"datePublished\":\"2022-04-20T17:31:39+00:00\",\"dateModified\":\"2022-04-23T01:46:31+00:00\",\"mainEntityOfPage\":{\"@id\":\"http:\/\/elregionalvm.com.ar\/noticias-villa-maria\/plata-quemada-el-verdadero-problema-muchachos-la-inflacion\/\"},\"wordCount\":620,\"commentCount\":0,\"image\":{\"@id\":\"http:\/\/elregionalvm.com.ar\/noticias-villa-maria\/plata-quemada-el-verdadero-problema-muchachos-la-inflacion\/#primaryimage\"},\"thumbnailUrl\":\"https:\/\/i0.wp.com\/elregionalvm.com.ar\/noticias-villa-maria\/wp-content\/uploads\/2022\/04\/Billete-100-quemado-vertical.jpg?fit=419%2C559&ssl=1\",\"keywords\":[\"Alberto Fern\u00e1ndez\",\"Desequilibrio fiscal\",\"emisi\u00f3n monetaria\",\"gobiernos argentinos\",\"guerra\",\"Hiperinflaci\u00f3n\",\"IDESA\",\"\u00cdndice de Precios al Consumidor\",\"Inflaci\u00f3n\",\"pesos\"],\"articleSection\":[\"Opini\u00f3n\",\"tercera\",\"Videos\"],\"inLanguage\":\"es\",\"potentialAction\":[{\"@type\":\"CommentAction\",\"name\":\"Comment\",\"target\":[\"http:\/\/elregionalvm.com.ar\/noticias-villa-maria\/plata-quemada-el-verdadero-problema-muchachos-la-inflacion\/#respond\"]}]},{\"@type\":\"WebPage\",\"@id\":\"http:\/\/elregionalvm.com.ar\/noticias-villa-maria\/plata-quemada-el-verdadero-problema-muchachos-la-inflacion\/\",\"url\":\"http:\/\/elregionalvm.com.ar\/noticias-villa-maria\/plata-quemada-el-verdadero-problema-muchachos-la-inflacion\/\",\"name\":\"[Plata quemada] El verdadero problema, muchachos, la inflaci\u00f3n - El Regional\",\"isPartOf\":{\"@id\":\"http:\/\/elregionalvm.com.ar\/noticias-villa-maria\/#website\"},\"primaryImageOfPage\":{\"@id\":\"http:\/\/elregionalvm.com.ar\/noticias-villa-maria\/plata-quemada-el-verdadero-problema-muchachos-la-inflacion\/#primaryimage\"},\"image\":{\"@id\":\"http:\/\/elregionalvm.com.ar\/noticias-villa-maria\/plata-quemada-el-verdadero-problema-muchachos-la-inflacion\/#primaryimage\"},\"thumbnailUrl\":\"https:\/\/i0.wp.com\/elregionalvm.com.ar\/noticias-villa-maria\/wp-content\/uploads\/2022\/04\/Billete-100-quemado-vertical.jpg?fit=419%2C559&ssl=1\",\"datePublished\":\"2022-04-20T17:31:39+00:00\",\"dateModified\":\"2022-04-23T01:46:31+00:00\",\"author\":{\"@id\":\"http:\/\/elregionalvm.com.ar\/noticias-villa-maria\/#\/schema\/person\/a0fb9c422317faca23d50163151bc354\"},\"description\":\"Si bien hay diferencias entre gestiones, en todos los gobiernos de los \u00faltimos 60 a\u00f1os, hubo alta inflaci\u00f3n.\",\"breadcrumb\":{\"@id\":\"http:\/\/elregionalvm.com.ar\/noticias-villa-maria\/plata-quemada-el-verdadero-problema-muchachos-la-inflacion\/#breadcrumb\"},\"inLanguage\":\"es\",\"potentialAction\":[{\"@type\":\"ReadAction\",\"target\":[\"http:\/\/elregionalvm.com.ar\/noticias-villa-maria\/plata-quemada-el-verdadero-problema-muchachos-la-inflacion\/\"]}]},{\"@type\":\"ImageObject\",\"inLanguage\":\"es\",\"@id\":\"http:\/\/elregionalvm.com.ar\/noticias-villa-maria\/plata-quemada-el-verdadero-problema-muchachos-la-inflacion\/#primaryimage\",\"url\":\"https:\/\/i0.wp.com\/elregionalvm.com.ar\/noticias-villa-maria\/wp-content\/uploads\/2022\/04\/Billete-100-quemado-vertical.jpg?fit=419%2C559&ssl=1\",\"contentUrl\":\"https:\/\/i0.wp.com\/elregionalvm.com.ar\/noticias-villa-maria\/wp-content\/uploads\/2022\/04\/Billete-100-quemado-vertical.jpg?fit=419%2C559&ssl=1\",\"width\":419,\"height\":559},{\"@type\":\"BreadcrumbList\",\"@id\":\"http:\/\/elregionalvm.com.ar\/noticias-villa-maria\/plata-quemada-el-verdadero-problema-muchachos-la-inflacion\/#breadcrumb\",\"itemListElement\":[{\"@type\":\"ListItem\",\"position\":1,\"name\":\"Portada\",\"item\":\"https:\/\/elregionalvm.com.ar\/noticias-villa-maria\/\"},{\"@type\":\"ListItem\",\"position\":2,\"name\":\"[Plata quemada] El verdadero problema, muchachos, la inflaci\u00f3n\"}]},{\"@type\":\"WebSite\",\"@id\":\"http:\/\/elregionalvm.com.ar\/noticias-villa-maria\/#website\",\"url\":\"http:\/\/elregionalvm.com.ar\/noticias-villa-maria\/\",\"name\":\"El Regional\",\"description\":\"Mucho m\u00e1s que informaci\u00f3n\",\"potentialAction\":[{\"@type\":\"SearchAction\",\"target\":{\"@type\":\"EntryPoint\",\"urlTemplate\":\"http:\/\/elregionalvm.com.ar\/noticias-villa-maria\/?s={search_term_string}\"},\"query-input\":{\"@type\":\"PropertyValueSpecification\",\"valueRequired\":true,\"valueName\":\"search_term_string\"}}],\"inLanguage\":\"es\"},{\"@type\":\"Person\",\"@id\":\"http:\/\/elregionalvm.com.ar\/noticias-villa-maria\/#\/schema\/person\/a0fb9c422317faca23d50163151bc354\",\"name\":\"Contenidos El Regional\",\"image\":{\"@type\":\"ImageObject\",\"inLanguage\":\"es\",\"@id\":\"http:\/\/elregionalvm.com.ar\/noticias-villa-maria\/#\/schema\/person\/image\/\",\"url\":\"https:\/\/secure.gravatar.com\/avatar\/265b27cb2209af7bb3a1318f03305787d7981a5cc6e6cd08fe5a4ecdf99d4b48?s=96&d=mm&r=g\",\"contentUrl\":\"https:\/\/secure.gravatar.com\/avatar\/265b27cb2209af7bb3a1318f03305787d7981a5cc6e6cd08fe5a4ecdf99d4b48?s=96&d=mm&r=g\",\"caption\":\"Contenidos El Regional\"},\"url\":\"https:\/\/elregionalvm.com.ar\/noticias-villa-maria\/author\/contenido\/\"}]}<\/script>\n<!-- \/ Yoast SEO plugin. -->","yoast_head_json":{"title":"[Plata quemada] El verdadero problema, muchachos, la inflaci\u00f3n - El Regional","description":"Si bien hay diferencias entre gestiones, en todos los gobiernos de los \u00faltimos 60 a\u00f1os, hubo alta inflaci\u00f3n.","robots":{"index":"index","follow":"follow","max-snippet":"max-snippet:-1","max-image-preview":"max-image-preview:large","max-video-preview":"max-video-preview:-1"},"canonical":"http:\/\/elregionalvm.com.ar\/noticias-villa-maria\/plata-quemada-el-verdadero-problema-muchachos-la-inflacion\/","og_locale":"es_ES","og_type":"article","og_title":"[Plata quemada] El verdadero problema, muchachos, la inflaci\u00f3n - El Regional","og_description":"Si bien hay diferencias entre gestiones, en todos los gobiernos de los \u00faltimos 60 a\u00f1os, hubo alta inflaci\u00f3n.","og_url":"http:\/\/elregionalvm.com.ar\/noticias-villa-maria\/plata-quemada-el-verdadero-problema-muchachos-la-inflacion\/","og_site_name":"El Regional","article_publisher":"https:\/\/www.facebook.com\/elregionalvm","article_published_time":"2022-04-20T17:31:39+00:00","article_modified_time":"2022-04-23T01:46:31+00:00","og_image":[{"width":419,"height":559,"url":"http:\/\/elregionalvm.com.ar\/noticias-villa-maria\/wp-content\/uploads\/2022\/04\/Billete-100-quemado-vertical.jpg","type":"image\/jpeg"}],"author":"Contenidos El Regional","twitter_card":"summary_large_image","twitter_creator":"@elregionalvm1","twitter_site":"@elregionalvm1","twitter_misc":{"Escrito por":"Contenidos El Regional","Tiempo de lectura":"3 minutos"},"schema":{"@context":"https:\/\/schema.org","@graph":[{"@type":"Article","@id":"http:\/\/elregionalvm.com.ar\/noticias-villa-maria\/plata-quemada-el-verdadero-problema-muchachos-la-inflacion\/#article","isPartOf":{"@id":"http:\/\/elregionalvm.com.ar\/noticias-villa-maria\/plata-quemada-el-verdadero-problema-muchachos-la-inflacion\/"},"author":{"name":"Contenidos El Regional","@id":"http:\/\/elregionalvm.com.ar\/noticias-villa-maria\/#\/schema\/person\/a0fb9c422317faca23d50163151bc354"},"headline":"[Plata quemada] El verdadero problema, muchachos, la inflaci\u00f3n","datePublished":"2022-04-20T17:31:39+00:00","dateModified":"2022-04-23T01:46:31+00:00","mainEntityOfPage":{"@id":"http:\/\/elregionalvm.com.ar\/noticias-villa-maria\/plata-quemada-el-verdadero-problema-muchachos-la-inflacion\/"},"wordCount":620,"commentCount":0,"image":{"@id":"http:\/\/elregionalvm.com.ar\/noticias-villa-maria\/plata-quemada-el-verdadero-problema-muchachos-la-inflacion\/#primaryimage"},"thumbnailUrl":"https:\/\/i0.wp.com\/elregionalvm.com.ar\/noticias-villa-maria\/wp-content\/uploads\/2022\/04\/Billete-100-quemado-vertical.jpg?fit=419%2C559&ssl=1","keywords":["Alberto Fern\u00e1ndez","Desequilibrio fiscal","emisi\u00f3n monetaria","gobiernos argentinos","guerra","Hiperinflaci\u00f3n","IDESA","\u00cdndice de Precios al Consumidor","Inflaci\u00f3n","pesos"],"articleSection":["Opini\u00f3n","tercera","Videos"],"inLanguage":"es","potentialAction":[{"@type":"CommentAction","name":"Comment","target":["http:\/\/elregionalvm.com.ar\/noticias-villa-maria\/plata-quemada-el-verdadero-problema-muchachos-la-inflacion\/#respond"]}]},{"@type":"WebPage","@id":"http:\/\/elregionalvm.com.ar\/noticias-villa-maria\/plata-quemada-el-verdadero-problema-muchachos-la-inflacion\/","url":"http:\/\/elregionalvm.com.ar\/noticias-villa-maria\/plata-quemada-el-verdadero-problema-muchachos-la-inflacion\/","name":"[Plata quemada] El verdadero problema, muchachos, la inflaci\u00f3n - El Regional","isPartOf":{"@id":"http:\/\/elregionalvm.com.ar\/noticias-villa-maria\/#website"},"primaryImageOfPage":{"@id":"http:\/\/elregionalvm.com.ar\/noticias-villa-maria\/plata-quemada-el-verdadero-problema-muchachos-la-inflacion\/#primaryimage"},"image":{"@id":"http:\/\/elregionalvm.com.ar\/noticias-villa-maria\/plata-quemada-el-verdadero-problema-muchachos-la-inflacion\/#primaryimage"},"thumbnailUrl":"https:\/\/i0.wp.com\/elregionalvm.com.ar\/noticias-villa-maria\/wp-content\/uploads\/2022\/04\/Billete-100-quemado-vertical.jpg?fit=419%2C559&ssl=1","datePublished":"2022-04-20T17:31:39+00:00","dateModified":"2022-04-23T01:46:31+00:00","author":{"@id":"http:\/\/elregionalvm.com.ar\/noticias-villa-maria\/#\/schema\/person\/a0fb9c422317faca23d50163151bc354"},"description":"Si bien hay diferencias entre gestiones, en todos los gobiernos de los \u00faltimos 60 a\u00f1os, hubo alta inflaci\u00f3n.","breadcrumb":{"@id":"http:\/\/elregionalvm.com.ar\/noticias-villa-maria\/plata-quemada-el-verdadero-problema-muchachos-la-inflacion\/#breadcrumb"},"inLanguage":"es","potentialAction":[{"@type":"ReadAction","target":["http:\/\/elregionalvm.com.ar\/noticias-villa-maria\/plata-quemada-el-verdadero-problema-muchachos-la-inflacion\/"]}]},{"@type":"ImageObject","inLanguage":"es","@id":"http:\/\/elregionalvm.com.ar\/noticias-villa-maria\/plata-quemada-el-verdadero-problema-muchachos-la-inflacion\/#primaryimage","url":"https:\/\/i0.wp.com\/elregionalvm.com.ar\/noticias-villa-maria\/wp-content\/uploads\/2022\/04\/Billete-100-quemado-vertical.jpg?fit=419%2C559&ssl=1","contentUrl":"https:\/\/i0.wp.com\/elregionalvm.com.ar\/noticias-villa-maria\/wp-content\/uploads\/2022\/04\/Billete-100-quemado-vertical.jpg?fit=419%2C559&ssl=1","width":419,"height":559},{"@type":"BreadcrumbList","@id":"http:\/\/elregionalvm.com.ar\/noticias-villa-maria\/plata-quemada-el-verdadero-problema-muchachos-la-inflacion\/#breadcrumb","itemListElement":[{"@type":"ListItem","position":1,"name":"Portada","item":"https:\/\/elregionalvm.com.ar\/noticias-villa-maria\/"},{"@type":"ListItem","position":2,"name":"[Plata quemada] El verdadero problema, muchachos, la inflaci\u00f3n"}]},{"@type":"WebSite","@id":"http:\/\/elregionalvm.com.ar\/noticias-villa-maria\/#website","url":"http:\/\/elregionalvm.com.ar\/noticias-villa-maria\/","name":"El Regional","description":"Mucho m\u00e1s que informaci\u00f3n","potentialAction":[{"@type":"SearchAction","target":{"@type":"EntryPoint","urlTemplate":"http:\/\/elregionalvm.com.ar\/noticias-villa-maria\/?s={search_term_string}"},"query-input":{"@type":"PropertyValueSpecification","valueRequired":true,"valueName":"search_term_string"}}],"inLanguage":"es"},{"@type":"Person","@id":"http:\/\/elregionalvm.com.ar\/noticias-villa-maria\/#\/schema\/person\/a0fb9c422317faca23d50163151bc354","name":"Contenidos El Regional","image":{"@type":"ImageObject","inLanguage":"es","@id":"http:\/\/elregionalvm.com.ar\/noticias-villa-maria\/#\/schema\/person\/image\/","url":"https:\/\/secure.gravatar.com\/avatar\/265b27cb2209af7bb3a1318f03305787d7981a5cc6e6cd08fe5a4ecdf99d4b48?s=96&d=mm&r=g","contentUrl":"https:\/\/secure.gravatar.com\/avatar\/265b27cb2209af7bb3a1318f03305787d7981a5cc6e6cd08fe5a4ecdf99d4b48?s=96&d=mm&r=g","caption":"Contenidos El Regional"},"url":"https:\/\/elregionalvm.com.ar\/noticias-villa-maria\/author\/contenido\/"}]}},"jetpack_featured_media_url":"https:\/\/i0.wp.com\/elregionalvm.com.ar\/noticias-villa-maria\/wp-content\/uploads\/2022\/04\/Billete-100-quemado-vertical.jpg?fit=419%2C559&ssl=1","jetpack_sharing_enabled":true,"_links":{"self":[{"href":"https:\/\/elregionalvm.com.ar\/noticias-villa-maria\/wp-json\/wp\/v2\/posts\/55955","targetHints":{"allow":["GET"]}}],"collection":[{"href":"https:\/\/elregionalvm.com.ar\/noticias-villa-maria\/wp-json\/wp\/v2\/posts"}],"about":[{"href":"https:\/\/elregionalvm.com.ar\/noticias-villa-maria\/wp-json\/wp\/v2\/types\/post"}],"author":[{"embeddable":true,"href":"https:\/\/elregionalvm.com.ar\/noticias-villa-maria\/wp-json\/wp\/v2\/users\/4"}],"replies":[{"embeddable":true,"href":"https:\/\/elregionalvm.com.ar\/noticias-villa-maria\/wp-json\/wp\/v2\/comments?post=55955"}],"version-history":[{"count":3,"href":"https:\/\/elregionalvm.com.ar\/noticias-villa-maria\/wp-json\/wp\/v2\/posts\/55955\/revisions"}],"predecessor-version":[{"id":55959,"href":"https:\/\/elregionalvm.com.ar\/noticias-villa-maria\/wp-json\/wp\/v2\/posts\/55955\/revisions\/55959"}],"wp:featuredmedia":[{"embeddable":true,"href":"https:\/\/elregionalvm.com.ar\/noticias-villa-maria\/wp-json\/wp\/v2\/media\/55958"}],"wp:attachment":[{"href":"https:\/\/elregionalvm.com.ar\/noticias-villa-maria\/wp-json\/wp\/v2\/media?parent=55955"}],"wp:term":[{"taxonomy":"category","embeddable":true,"href":"https:\/\/elregionalvm.com.ar\/noticias-villa-maria\/wp-json\/wp\/v2\/categories?post=55955"},{"taxonomy":"post_tag","embeddable":true,"href":"https:\/\/elregionalvm.com.ar\/noticias-villa-maria\/wp-json\/wp\/v2\/tags?post=55955"}],"curies":[{"name":"wp","href":"https:\/\/api.w.org\/{rel}","templated":true}]}}