{"id":55999,"date":"2022-04-20T23:31:09","date_gmt":"2022-04-20T23:31:09","guid":{"rendered":"https:\/\/elregionalvm.com.ar\/noticias-villa-maria\/?p=55999"},"modified":"2022-04-20T23:31:10","modified_gmt":"2022-04-20T23:31:10","slug":"lucas-lequizamon-nuevo-director-de-la-orquesta-municipal-de-musica-ciudadana","status":"publish","type":"post","link":"https:\/\/elregionalvm.com.ar\/noticias-villa-maria\/lucas-lequizamon-nuevo-director-de-la-orquesta-municipal-de-musica-ciudadana\/","title":{"rendered":"Lucas Lequizam\u00f3n, nuevo director de la Orquesta Municipal de M\u00fasica Ciudadana"},"content":{"rendered":"\n<p>La Orquesta Municipal de M\u00fasica Ciudadana Alberto Bacci cuenta con un nuevo director que estar\u00e1 al frente del elenco oficial de la ciudad. Se trata del m\u00fasico Lucas Leguizam\u00f3n, quien fue seleccionado para ocupar el puesto tras finalizar la convocatoria llevada adelante por el gobierno local.<\/p>\n\n\n\n<p>La instancia de selecci\u00f3n se desarroll\u00f3 de manera p\u00fablica y abierta a toda la comunidad mediante la labor de la Secretar\u00eda de Educaci\u00f3n, Cultura y Promoci\u00f3n de la Ciencia. En este sentido, la evaluaci\u00f3n de los postulantes estuvo a cargo del jurado conformado por los m\u00fasicos, compositores y docentes Dami\u00e1n Torres, Eduardo El\u00eda y Valeria Mart\u00edn.<\/p>\n\n\n\n<p>En cuanto a Leguizam\u00f3n, form\u00f3 parte de la Orquesta Municipal local desempe\u00f1\u00e1ndose como pianista desde 2012 a 2015. Actualmente, forma parte de la Orquesta Sinf\u00f3nica y ejerce su rol como co-director en la Orquesta Escuela de Tango La Cabulera. Al mismo tiempo, es arreglador y docente.<\/p>\n\n\n\n<p><strong>Contin\u00faan abiertas las convocatorias a los cargos de m\u00fasicos becarios<\/strong><\/p>\n\n\n\n<p>Por otro lado, permanece abierta la convocatoria para ocupar los cargos de m\u00fasicos becarios a los fines de conformar una orquesta t\u00edpica. En este sentido, se aspira a contar con un nuevo pianista y contrabajista, cuatro bandoneonistas y el mismo n\u00famero de violinistas. Tambi\u00e9n, se solicitan postulantes para los puestos de cellista, violista, cantante masculino y femenino.<\/p>\n\n\n\n<p>De este modo, quienes deseen sumarse a la Orquesta Municipal, tendr\u00e1n tiempo de inscribirse hasta el domingo 24 de abril. Para ello, deber\u00e1n constatar domicilio legal en la ciudad o acreditar fehacientemente el desarrollo de su carrera art\u00edstica en Villa Mar\u00eda.<\/p>\n\n\n\n<p>Adem\u00e1s, deber\u00e1n previamente completar los formularios disponibles para instrumentistas en el link https:\/\/docs.google.com\/forms\/d\/1XP4gjQ_U7NJ_URG1WkfRLmzx2RLwWgtvdQUYLsg0kTs \/edit y para cantores en https:\/\/docs.google.com\/forms\/d\/1NG2ZQvZwGJFGJO7dnaZ7QWfKSwLIvy3nKSktW4MHL N0\/edit.<\/p>\n\n\n\n<p>En todos los casos, se valorar\u00e1n los antecedentes y desempe\u00f1o de los aspirantes mediante instancias de entrevistas. Para ello, se realizar\u00e1 una preselecci\u00f3n virtual, luego de la cual se les citar\u00e1 a trav\u00e9s del correo electr\u00f3nico a la audici\u00f3n presencial. De la presente convocatoria surgir\u00e1 un orden de m\u00e9rito que tendr\u00e1 validez por tres a\u00f1os, durante los cuales las personas designadas cumplir\u00e1n su rol dentro de la orquesta. Ante cualquier consulta, los interesados podr\u00e1n comunicarse al e-mail convocatoriaommc@gmail.com.<\/p>\n","protected":false},"excerpt":{"rendered":"<p>La Orquesta Municipal de M\u00fasica Ciudadana Alberto Bacci cuenta con un nuevo director que estar\u00e1 al frente del elenco oficial de la ciudad. Se trata del m\u00fasico Lucas Leguizam\u00f3n, quien fue seleccionado para ocupar el puesto tras finalizar la convocatoria llevada adelante por el gobierno local. La instancia de selecci\u00f3n se desarroll\u00f3 de manera p\u00fablica [&hellip;]<\/p>\n","protected":false},"author":4,"featured_media":56000,"comment_status":"open","ping_status":"open","sticky":false,"template":"","format":"standard","meta":{"site-sidebar-layout":"default","site-content-layout":"","ast-site-content-layout":"default","site-content-style":"default","site-sidebar-style":"default","ast-global-header-display":"","ast-banner-title-visibility":"","ast-main-header-display":"","ast-hfb-above-header-display":"","ast-hfb-below-header-display":"","ast-hfb-mobile-header-display":"","site-post-title":"","ast-breadcrumbs-content":"","ast-featured-img":"","footer-sml-layout":"","ast-disable-related-posts":"","theme-transparent-header-meta":"","adv-header-id-meta":"","stick-header-meta":"","header-above-stick-meta":"","header-main-stick-meta":"","header-below-stick-meta":"","astra-migrate-meta-layouts":"default","ast-page-background-enabled":"default","ast-page-background-meta":{"desktop":{"background-color":"","background-image":"","background-repeat":"repeat","background-position":"center center","background-size":"auto","background-attachment":"scroll","background-type":"","background-media":"","overlay-type":"","overlay-color":"","overlay-opacity":"","overlay-gradient":""},"tablet":{"background-color":"","background-image":"","background-repeat":"repeat","background-position":"center center","background-size":"auto","background-attachment":"scroll","background-type":"","background-media":"","overlay-type":"","overlay-color":"","overlay-opacity":"","overlay-gradient":""},"mobile":{"background-color":"","background-image":"","background-repeat":"repeat","background-position":"center center","background-size":"auto","background-attachment":"scroll","background-type":"","background-media":"","overlay-type":"","overlay-color":"","overlay-opacity":"","overlay-gradient":""}},"ast-content-background-meta":{"desktop":{"background-color":"var(--ast-global-color-5)","background-image":"","background-repeat":"repeat","background-position":"center center","background-size":"auto","background-attachment":"scroll","background-type":"","background-media":"","overlay-type":"","overlay-color":"","overlay-opacity":"","overlay-gradient":""},"tablet":{"background-color":"var(--ast-global-color-5)","background-image":"","background-repeat":"repeat","background-position":"center center","background-size":"auto","background-attachment":"scroll","background-type":"","background-media":"","overlay-type":"","overlay-color":"","overlay-opacity":"","overlay-gradient":""},"mobile":{"background-color":"var(--ast-global-color-5)","background-image":"","background-repeat":"repeat","background-position":"center center","background-size":"auto","background-attachment":"scroll","background-type":"","background-media":"","overlay-type":"","overlay-color":"","overlay-opacity":"","overlay-gradient":""}},"_jetpack_memberships_contains_paid_content":false,"_joinchat":[],"footnotes":""},"categories":[2068],"tags":[11828,14945,14944,12152,2248],"class_list":["post-55999","post","type-post","status-publish","format-standard","has-post-thumbnail","hentry","category-cultura-deporte","tag-educacion-y-cultura","tag-lucas-leguizamon","tag-nuevo-director","tag-orquesta-municipal-de-musica-ciudadana-alberto-bacci","tag-villa-maria-2"],"yoast_head":"<!-- This site is optimized with the Yoast SEO plugin v26.8 - https:\/\/yoast.com\/product\/yoast-seo-wordpress\/ -->\n<title>Lucas Lequizam\u00f3n, nuevo director de la Orquesta Municipal de M\u00fasica Ciudadana - El Regional<\/title>\n<meta name=\"robots\" content=\"index, follow, max-snippet:-1, max-image-preview:large, max-video-preview:-1\" \/>\n<link rel=\"canonical\" href=\"http:\/\/elregionalvm.com.ar\/noticias-villa-maria\/lucas-lequizamon-nuevo-director-de-la-orquesta-municipal-de-musica-ciudadana\/\" \/>\n<meta property=\"og:locale\" content=\"es_ES\" \/>\n<meta property=\"og:type\" content=\"article\" \/>\n<meta property=\"og:title\" content=\"Lucas Lequizam\u00f3n, nuevo director de la Orquesta Municipal de M\u00fasica Ciudadana - El Regional\" \/>\n<meta property=\"og:description\" content=\"La Orquesta Municipal de M\u00fasica Ciudadana Alberto Bacci cuenta con un nuevo director que estar\u00e1 al frente del elenco oficial de la ciudad. Se trata del m\u00fasico Lucas Leguizam\u00f3n, quien fue seleccionado para ocupar el puesto tras finalizar la convocatoria llevada adelante por el gobierno local. La instancia de selecci\u00f3n se desarroll\u00f3 de manera p\u00fablica [&hellip;]\" \/>\n<meta property=\"og:url\" content=\"http:\/\/elregionalvm.com.ar\/noticias-villa-maria\/lucas-lequizamon-nuevo-director-de-la-orquesta-municipal-de-musica-ciudadana\/\" \/>\n<meta property=\"og:site_name\" content=\"El Regional\" \/>\n<meta property=\"article:publisher\" content=\"https:\/\/www.facebook.com\/elregionalvm\" \/>\n<meta property=\"article:published_time\" content=\"2022-04-20T23:31:09+00:00\" \/>\n<meta property=\"article:modified_time\" content=\"2022-04-20T23:31:10+00:00\" \/>\n<meta property=\"og:image\" content=\"http:\/\/elregionalvm.com.ar\/noticias-villa-maria\/wp-content\/uploads\/2022\/04\/orquesta.jpg\" \/>\n\t<meta property=\"og:image:width\" content=\"960\" \/>\n\t<meta property=\"og:image:height\" content=\"639\" \/>\n\t<meta property=\"og:image:type\" content=\"image\/jpeg\" \/>\n<meta name=\"author\" content=\"Contenidos El Regional\" \/>\n<meta name=\"twitter:card\" content=\"summary_large_image\" \/>\n<meta name=\"twitter:creator\" content=\"@elregionalvm1\" \/>\n<meta name=\"twitter:site\" content=\"@elregionalvm1\" \/>\n<meta name=\"twitter:label1\" content=\"Escrito por\" \/>\n\t<meta name=\"twitter:data1\" content=\"Contenidos El Regional\" \/>\n\t<meta name=\"twitter:label2\" content=\"Tiempo de lectura\" \/>\n\t<meta name=\"twitter:data2\" content=\"2 minutos\" \/>\n<script type=\"application\/ld+json\" class=\"yoast-schema-graph\">{\"@context\":\"https:\/\/schema.org\",\"@graph\":[{\"@type\":\"Article\",\"@id\":\"http:\/\/elregionalvm.com.ar\/noticias-villa-maria\/lucas-lequizamon-nuevo-director-de-la-orquesta-municipal-de-musica-ciudadana\/#article\",\"isPartOf\":{\"@id\":\"http:\/\/elregionalvm.com.ar\/noticias-villa-maria\/lucas-lequizamon-nuevo-director-de-la-orquesta-municipal-de-musica-ciudadana\/\"},\"author\":{\"name\":\"Contenidos El Regional\",\"@id\":\"http:\/\/elregionalvm.com.ar\/noticias-villa-maria\/#\/schema\/person\/a0fb9c422317faca23d50163151bc354\"},\"headline\":\"Lucas Lequizam\u00f3n, nuevo director de la Orquesta Municipal de M\u00fasica Ciudadana\",\"datePublished\":\"2022-04-20T23:31:09+00:00\",\"dateModified\":\"2022-04-20T23:31:10+00:00\",\"mainEntityOfPage\":{\"@id\":\"http:\/\/elregionalvm.com.ar\/noticias-villa-maria\/lucas-lequizamon-nuevo-director-de-la-orquesta-municipal-de-musica-ciudadana\/\"},\"wordCount\":429,\"commentCount\":0,\"image\":{\"@id\":\"http:\/\/elregionalvm.com.ar\/noticias-villa-maria\/lucas-lequizamon-nuevo-director-de-la-orquesta-municipal-de-musica-ciudadana\/#primaryimage\"},\"thumbnailUrl\":\"https:\/\/i0.wp.com\/elregionalvm.com.ar\/noticias-villa-maria\/wp-content\/uploads\/2022\/04\/orquesta.jpg?fit=960%2C639&ssl=1\",\"keywords\":[\"Educaci\u00f3n y Cultura\",\"Lucas Leguizam\u00f3n\",\"Nuevo Director\",\"Orquesta Municipal de M\u00fasica ciudadana Alberto Bacci\",\"Villa Mar\u00eda\"],\"articleSection\":[\"Cultura\"],\"inLanguage\":\"es\",\"potentialAction\":[{\"@type\":\"CommentAction\",\"name\":\"Comment\",\"target\":[\"http:\/\/elregionalvm.com.ar\/noticias-villa-maria\/lucas-lequizamon-nuevo-director-de-la-orquesta-municipal-de-musica-ciudadana\/#respond\"]}]},{\"@type\":\"WebPage\",\"@id\":\"http:\/\/elregionalvm.com.ar\/noticias-villa-maria\/lucas-lequizamon-nuevo-director-de-la-orquesta-municipal-de-musica-ciudadana\/\",\"url\":\"http:\/\/elregionalvm.com.ar\/noticias-villa-maria\/lucas-lequizamon-nuevo-director-de-la-orquesta-municipal-de-musica-ciudadana\/\",\"name\":\"Lucas Lequizam\u00f3n, nuevo director de la Orquesta Municipal de M\u00fasica Ciudadana - El Regional\",\"isPartOf\":{\"@id\":\"http:\/\/elregionalvm.com.ar\/noticias-villa-maria\/#website\"},\"primaryImageOfPage\":{\"@id\":\"http:\/\/elregionalvm.com.ar\/noticias-villa-maria\/lucas-lequizamon-nuevo-director-de-la-orquesta-municipal-de-musica-ciudadana\/#primaryimage\"},\"image\":{\"@id\":\"http:\/\/elregionalvm.com.ar\/noticias-villa-maria\/lucas-lequizamon-nuevo-director-de-la-orquesta-municipal-de-musica-ciudadana\/#primaryimage\"},\"thumbnailUrl\":\"https:\/\/i0.wp.com\/elregionalvm.com.ar\/noticias-villa-maria\/wp-content\/uploads\/2022\/04\/orquesta.jpg?fit=960%2C639&ssl=1\",\"datePublished\":\"2022-04-20T23:31:09+00:00\",\"dateModified\":\"2022-04-20T23:31:10+00:00\",\"author\":{\"@id\":\"http:\/\/elregionalvm.com.ar\/noticias-villa-maria\/#\/schema\/person\/a0fb9c422317faca23d50163151bc354\"},\"breadcrumb\":{\"@id\":\"http:\/\/elregionalvm.com.ar\/noticias-villa-maria\/lucas-lequizamon-nuevo-director-de-la-orquesta-municipal-de-musica-ciudadana\/#breadcrumb\"},\"inLanguage\":\"es\",\"potentialAction\":[{\"@type\":\"ReadAction\",\"target\":[\"http:\/\/elregionalvm.com.ar\/noticias-villa-maria\/lucas-lequizamon-nuevo-director-de-la-orquesta-municipal-de-musica-ciudadana\/\"]}]},{\"@type\":\"ImageObject\",\"inLanguage\":\"es\",\"@id\":\"http:\/\/elregionalvm.com.ar\/noticias-villa-maria\/lucas-lequizamon-nuevo-director-de-la-orquesta-municipal-de-musica-ciudadana\/#primaryimage\",\"url\":\"https:\/\/i0.wp.com\/elregionalvm.com.ar\/noticias-villa-maria\/wp-content\/uploads\/2022\/04\/orquesta.jpg?fit=960%2C639&ssl=1\",\"contentUrl\":\"https:\/\/i0.wp.com\/elregionalvm.com.ar\/noticias-villa-maria\/wp-content\/uploads\/2022\/04\/orquesta.jpg?fit=960%2C639&ssl=1\",\"width\":960,\"height\":639},{\"@type\":\"BreadcrumbList\",\"@id\":\"http:\/\/elregionalvm.com.ar\/noticias-villa-maria\/lucas-lequizamon-nuevo-director-de-la-orquesta-municipal-de-musica-ciudadana\/#breadcrumb\",\"itemListElement\":[{\"@type\":\"ListItem\",\"position\":1,\"name\":\"Portada\",\"item\":\"https:\/\/elregionalvm.com.ar\/noticias-villa-maria\/\"},{\"@type\":\"ListItem\",\"position\":2,\"name\":\"Lucas Lequizam\u00f3n, nuevo director de la Orquesta Municipal de M\u00fasica Ciudadana\"}]},{\"@type\":\"WebSite\",\"@id\":\"http:\/\/elregionalvm.com.ar\/noticias-villa-maria\/#website\",\"url\":\"http:\/\/elregionalvm.com.ar\/noticias-villa-maria\/\",\"name\":\"El Regional\",\"description\":\"Mucho m\u00e1s que informaci\u00f3n\",\"potentialAction\":[{\"@type\":\"SearchAction\",\"target\":{\"@type\":\"EntryPoint\",\"urlTemplate\":\"http:\/\/elregionalvm.com.ar\/noticias-villa-maria\/?s={search_term_string}\"},\"query-input\":{\"@type\":\"PropertyValueSpecification\",\"valueRequired\":true,\"valueName\":\"search_term_string\"}}],\"inLanguage\":\"es\"},{\"@type\":\"Person\",\"@id\":\"http:\/\/elregionalvm.com.ar\/noticias-villa-maria\/#\/schema\/person\/a0fb9c422317faca23d50163151bc354\",\"name\":\"Contenidos El Regional\",\"image\":{\"@type\":\"ImageObject\",\"inLanguage\":\"es\",\"@id\":\"http:\/\/elregionalvm.com.ar\/noticias-villa-maria\/#\/schema\/person\/image\/\",\"url\":\"https:\/\/secure.gravatar.com\/avatar\/265b27cb2209af7bb3a1318f03305787d7981a5cc6e6cd08fe5a4ecdf99d4b48?s=96&d=mm&r=g\",\"contentUrl\":\"https:\/\/secure.gravatar.com\/avatar\/265b27cb2209af7bb3a1318f03305787d7981a5cc6e6cd08fe5a4ecdf99d4b48?s=96&d=mm&r=g\",\"caption\":\"Contenidos El Regional\"},\"url\":\"https:\/\/elregionalvm.com.ar\/noticias-villa-maria\/author\/contenido\/\"}]}<\/script>\n<!-- \/ Yoast SEO plugin. -->","yoast_head_json":{"title":"Lucas Lequizam\u00f3n, nuevo director de la Orquesta Municipal de M\u00fasica Ciudadana - El Regional","robots":{"index":"index","follow":"follow","max-snippet":"max-snippet:-1","max-image-preview":"max-image-preview:large","max-video-preview":"max-video-preview:-1"},"canonical":"http:\/\/elregionalvm.com.ar\/noticias-villa-maria\/lucas-lequizamon-nuevo-director-de-la-orquesta-municipal-de-musica-ciudadana\/","og_locale":"es_ES","og_type":"article","og_title":"Lucas Lequizam\u00f3n, nuevo director de la Orquesta Municipal de M\u00fasica Ciudadana - El Regional","og_description":"La Orquesta Municipal de M\u00fasica Ciudadana Alberto Bacci cuenta con un nuevo director que estar\u00e1 al frente del elenco oficial de la ciudad. Se trata del m\u00fasico Lucas Leguizam\u00f3n, quien fue seleccionado para ocupar el puesto tras finalizar la convocatoria llevada adelante por el gobierno local. La instancia de selecci\u00f3n se desarroll\u00f3 de manera p\u00fablica [&hellip;]","og_url":"http:\/\/elregionalvm.com.ar\/noticias-villa-maria\/lucas-lequizamon-nuevo-director-de-la-orquesta-municipal-de-musica-ciudadana\/","og_site_name":"El Regional","article_publisher":"https:\/\/www.facebook.com\/elregionalvm","article_published_time":"2022-04-20T23:31:09+00:00","article_modified_time":"2022-04-20T23:31:10+00:00","og_image":[{"width":960,"height":639,"url":"http:\/\/elregionalvm.com.ar\/noticias-villa-maria\/wp-content\/uploads\/2022\/04\/orquesta.jpg","type":"image\/jpeg"}],"author":"Contenidos El Regional","twitter_card":"summary_large_image","twitter_creator":"@elregionalvm1","twitter_site":"@elregionalvm1","twitter_misc":{"Escrito por":"Contenidos El Regional","Tiempo de lectura":"2 minutos"},"schema":{"@context":"https:\/\/schema.org","@graph":[{"@type":"Article","@id":"http:\/\/elregionalvm.com.ar\/noticias-villa-maria\/lucas-lequizamon-nuevo-director-de-la-orquesta-municipal-de-musica-ciudadana\/#article","isPartOf":{"@id":"http:\/\/elregionalvm.com.ar\/noticias-villa-maria\/lucas-lequizamon-nuevo-director-de-la-orquesta-municipal-de-musica-ciudadana\/"},"author":{"name":"Contenidos El Regional","@id":"http:\/\/elregionalvm.com.ar\/noticias-villa-maria\/#\/schema\/person\/a0fb9c422317faca23d50163151bc354"},"headline":"Lucas Lequizam\u00f3n, nuevo director de la Orquesta Municipal de M\u00fasica Ciudadana","datePublished":"2022-04-20T23:31:09+00:00","dateModified":"2022-04-20T23:31:10+00:00","mainEntityOfPage":{"@id":"http:\/\/elregionalvm.com.ar\/noticias-villa-maria\/lucas-lequizamon-nuevo-director-de-la-orquesta-municipal-de-musica-ciudadana\/"},"wordCount":429,"commentCount":0,"image":{"@id":"http:\/\/elregionalvm.com.ar\/noticias-villa-maria\/lucas-lequizamon-nuevo-director-de-la-orquesta-municipal-de-musica-ciudadana\/#primaryimage"},"thumbnailUrl":"https:\/\/i0.wp.com\/elregionalvm.com.ar\/noticias-villa-maria\/wp-content\/uploads\/2022\/04\/orquesta.jpg?fit=960%2C639&ssl=1","keywords":["Educaci\u00f3n y Cultura","Lucas Leguizam\u00f3n","Nuevo Director","Orquesta Municipal de M\u00fasica ciudadana Alberto Bacci","Villa Mar\u00eda"],"articleSection":["Cultura"],"inLanguage":"es","potentialAction":[{"@type":"CommentAction","name":"Comment","target":["http:\/\/elregionalvm.com.ar\/noticias-villa-maria\/lucas-lequizamon-nuevo-director-de-la-orquesta-municipal-de-musica-ciudadana\/#respond"]}]},{"@type":"WebPage","@id":"http:\/\/elregionalvm.com.ar\/noticias-villa-maria\/lucas-lequizamon-nuevo-director-de-la-orquesta-municipal-de-musica-ciudadana\/","url":"http:\/\/elregionalvm.com.ar\/noticias-villa-maria\/lucas-lequizamon-nuevo-director-de-la-orquesta-municipal-de-musica-ciudadana\/","name":"Lucas Lequizam\u00f3n, nuevo director de la Orquesta Municipal de M\u00fasica Ciudadana - El Regional","isPartOf":{"@id":"http:\/\/elregionalvm.com.ar\/noticias-villa-maria\/#website"},"primaryImageOfPage":{"@id":"http:\/\/elregionalvm.com.ar\/noticias-villa-maria\/lucas-lequizamon-nuevo-director-de-la-orquesta-municipal-de-musica-ciudadana\/#primaryimage"},"image":{"@id":"http:\/\/elregionalvm.com.ar\/noticias-villa-maria\/lucas-lequizamon-nuevo-director-de-la-orquesta-municipal-de-musica-ciudadana\/#primaryimage"},"thumbnailUrl":"https:\/\/i0.wp.com\/elregionalvm.com.ar\/noticias-villa-maria\/wp-content\/uploads\/2022\/04\/orquesta.jpg?fit=960%2C639&ssl=1","datePublished":"2022-04-20T23:31:09+00:00","dateModified":"2022-04-20T23:31:10+00:00","author":{"@id":"http:\/\/elregionalvm.com.ar\/noticias-villa-maria\/#\/schema\/person\/a0fb9c422317faca23d50163151bc354"},"breadcrumb":{"@id":"http:\/\/elregionalvm.com.ar\/noticias-villa-maria\/lucas-lequizamon-nuevo-director-de-la-orquesta-municipal-de-musica-ciudadana\/#breadcrumb"},"inLanguage":"es","potentialAction":[{"@type":"ReadAction","target":["http:\/\/elregionalvm.com.ar\/noticias-villa-maria\/lucas-lequizamon-nuevo-director-de-la-orquesta-municipal-de-musica-ciudadana\/"]}]},{"@type":"ImageObject","inLanguage":"es","@id":"http:\/\/elregionalvm.com.ar\/noticias-villa-maria\/lucas-lequizamon-nuevo-director-de-la-orquesta-municipal-de-musica-ciudadana\/#primaryimage","url":"https:\/\/i0.wp.com\/elregionalvm.com.ar\/noticias-villa-maria\/wp-content\/uploads\/2022\/04\/orquesta.jpg?fit=960%2C639&ssl=1","contentUrl":"https:\/\/i0.wp.com\/elregionalvm.com.ar\/noticias-villa-maria\/wp-content\/uploads\/2022\/04\/orquesta.jpg?fit=960%2C639&ssl=1","width":960,"height":639},{"@type":"BreadcrumbList","@id":"http:\/\/elregionalvm.com.ar\/noticias-villa-maria\/lucas-lequizamon-nuevo-director-de-la-orquesta-municipal-de-musica-ciudadana\/#breadcrumb","itemListElement":[{"@type":"ListItem","position":1,"name":"Portada","item":"https:\/\/elregionalvm.com.ar\/noticias-villa-maria\/"},{"@type":"ListItem","position":2,"name":"Lucas Lequizam\u00f3n, nuevo director de la Orquesta Municipal de M\u00fasica Ciudadana"}]},{"@type":"WebSite","@id":"http:\/\/elregionalvm.com.ar\/noticias-villa-maria\/#website","url":"http:\/\/elregionalvm.com.ar\/noticias-villa-maria\/","name":"El Regional","description":"Mucho m\u00e1s que informaci\u00f3n","potentialAction":[{"@type":"SearchAction","target":{"@type":"EntryPoint","urlTemplate":"http:\/\/elregionalvm.com.ar\/noticias-villa-maria\/?s={search_term_string}"},"query-input":{"@type":"PropertyValueSpecification","valueRequired":true,"valueName":"search_term_string"}}],"inLanguage":"es"},{"@type":"Person","@id":"http:\/\/elregionalvm.com.ar\/noticias-villa-maria\/#\/schema\/person\/a0fb9c422317faca23d50163151bc354","name":"Contenidos El Regional","image":{"@type":"ImageObject","inLanguage":"es","@id":"http:\/\/elregionalvm.com.ar\/noticias-villa-maria\/#\/schema\/person\/image\/","url":"https:\/\/secure.gravatar.com\/avatar\/265b27cb2209af7bb3a1318f03305787d7981a5cc6e6cd08fe5a4ecdf99d4b48?s=96&d=mm&r=g","contentUrl":"https:\/\/secure.gravatar.com\/avatar\/265b27cb2209af7bb3a1318f03305787d7981a5cc6e6cd08fe5a4ecdf99d4b48?s=96&d=mm&r=g","caption":"Contenidos El Regional"},"url":"https:\/\/elregionalvm.com.ar\/noticias-villa-maria\/author\/contenido\/"}]}},"jetpack_featured_media_url":"https:\/\/i0.wp.com\/elregionalvm.com.ar\/noticias-villa-maria\/wp-content\/uploads\/2022\/04\/orquesta.jpg?fit=960%2C639&ssl=1","jetpack_sharing_enabled":true,"_links":{"self":[{"href":"https:\/\/elregionalvm.com.ar\/noticias-villa-maria\/wp-json\/wp\/v2\/posts\/55999","targetHints":{"allow":["GET"]}}],"collection":[{"href":"https:\/\/elregionalvm.com.ar\/noticias-villa-maria\/wp-json\/wp\/v2\/posts"}],"about":[{"href":"https:\/\/elregionalvm.com.ar\/noticias-villa-maria\/wp-json\/wp\/v2\/types\/post"}],"author":[{"embeddable":true,"href":"https:\/\/elregionalvm.com.ar\/noticias-villa-maria\/wp-json\/wp\/v2\/users\/4"}],"replies":[{"embeddable":true,"href":"https:\/\/elregionalvm.com.ar\/noticias-villa-maria\/wp-json\/wp\/v2\/comments?post=55999"}],"version-history":[{"count":1,"href":"https:\/\/elregionalvm.com.ar\/noticias-villa-maria\/wp-json\/wp\/v2\/posts\/55999\/revisions"}],"predecessor-version":[{"id":56001,"href":"https:\/\/elregionalvm.com.ar\/noticias-villa-maria\/wp-json\/wp\/v2\/posts\/55999\/revisions\/56001"}],"wp:featuredmedia":[{"embeddable":true,"href":"https:\/\/elregionalvm.com.ar\/noticias-villa-maria\/wp-json\/wp\/v2\/media\/56000"}],"wp:attachment":[{"href":"https:\/\/elregionalvm.com.ar\/noticias-villa-maria\/wp-json\/wp\/v2\/media?parent=55999"}],"wp:term":[{"taxonomy":"category","embeddable":true,"href":"https:\/\/elregionalvm.com.ar\/noticias-villa-maria\/wp-json\/wp\/v2\/categories?post=55999"},{"taxonomy":"post_tag","embeddable":true,"href":"https:\/\/elregionalvm.com.ar\/noticias-villa-maria\/wp-json\/wp\/v2\/tags?post=55999"}],"curies":[{"name":"wp","href":"https:\/\/api.w.org\/{rel}","templated":true}]}}