{"id":56208,"date":"2022-04-24T14:33:48","date_gmt":"2022-04-24T14:33:48","guid":{"rendered":"https:\/\/elregionalvm.com.ar\/noticias-villa-maria\/?p=56208"},"modified":"2022-04-25T19:03:20","modified_gmt":"2022-04-25T19:03:20","slug":"cositorto-declara-este-lunes-en-los-tribunales-de-villa-maria","status":"publish","type":"post","link":"https:\/\/elregionalvm.com.ar\/noticias-villa-maria\/cositorto-declara-este-lunes-en-los-tribunales-de-villa-maria\/","title":{"rendered":"[ZOE]  Cositorto y Batista pasaron por los Tribunales de Villa Mar\u00eda"},"content":{"rendered":"\n<p>Leonardo Cositorto, el CEO de Generaci\u00f3n Zoe, acusado de estafas reiteradas y asociaci\u00f3n il\u00edcita, finalmente se present\u00f3 este lunes 25 de abril en los Tribunales de Villa Mar\u00eda. Lo hizo dos horas antes de lo previsto para su declaraci\u00f3n, a las 7 de la ma\u00f1ana. <\/p>\n\n\n\n<p>Se encontraron frente a frente, Cositorto y la Fiscal de Instrucci\u00f3n de Segundo Turno, Juliana Companys, quien ha trabajado denodadamente en esta causa que ha tenido repercusi\u00f3n nacional e internacional.<\/p>\n\n\n\n<p>Poco antes de las 9, en tanto, se presentaron los abogados del l\u00edder de la empresa ZOE, Guillermo Dragotto y Miguel Angel Pierri. Lo hicieron rodeados de una guardia de periodistas y ante un edificio judicial vallado. <\/p>\n\n\n\n<p>Seg\u00fan anticip\u00f3 uno de sus abogados, Cositorto declarar\u00e1 ante la fiscal, pero pedir\u00e1n su excarcelaci\u00f3n y el acceso a pruebas. <\/p>\n\n\n\n<p><\/p>\n\n\n\n<figure class=\"wp-block-embed is-type-video is-provider-youtube wp-block-embed-youtube wp-embed-aspect-16-9 wp-has-aspect-ratio\"><div class=\"wp-block-embed__wrapper\">\n<iframe title=\"Caso ZOE  -  Declara Cositorto\" width=\"500\" height=\"281\" src=\"https:\/\/www.youtube.com\/embed\/rXnCSJ04laA?feature=oembed\" frameborder=\"0\" allow=\"accelerometer; autoplay; clipboard-write; encrypted-media; gyroscope; picture-in-picture; web-share\" referrerpolicy=\"strict-origin-when-cross-origin\" allowfullscreen><\/iframe>\n<\/div><figcaption><em>As\u00ed llegaban los abogados de Cositorto a Tribunales. (Gentileza Canal 20)<\/em><\/figcaption><\/figure>\n\n\n\n<p><\/p>\n\n\n\n<p><strong>Captura y detenci\u00f3n<\/strong><\/p>\n\n\n\n<p>Cositorto desde el mi\u00e9rcoles 13 de abril se encuentra alojado en la c\u00e1rcel de Bouwer tras permanecer pr\u00f3fugo durante cuatro meses y ser capturado por Interpol en Rep\u00fablica Dominicana, tras m\u00faltiples evasiones, ya que se iba mudando permanentemente. <\/p>\n\n\n\n<p>La captura se pudo llevar a cabo a partir de un ins\u00f3lito descuido del empresario. El paradero del empresario se logr\u00f3 luego de un Zoom que realiz\u00f3 desde el pa\u00eds caribe\u00f1o y un grupo de personas detectara la ubicaci\u00f3n y diera aviso a la justicia argentina.<\/p>\n\n\n\n<figure class=\"wp-block-image size-full is-resized\"><img data-recalc-dims=\"1\" fetchpriority=\"high\" decoding=\"async\" src=\"https:\/\/i0.wp.com\/elregionalvm.com.ar\/noticias-villa-maria\/wp-content\/uploads\/2022\/04\/Tribunales-vallado-declara-Cositorto.jpeg?resize=910%2C523&#038;ssl=1\" alt=\"\" class=\"wp-image-56245\" width=\"910\" height=\"523\" srcset=\"https:\/\/i0.wp.com\/elregionalvm.com.ar\/noticias-villa-maria\/wp-content\/uploads\/2022\/04\/Tribunales-vallado-declara-Cositorto.jpeg?w=717&amp;ssl=1 717w, https:\/\/i0.wp.com\/elregionalvm.com.ar\/noticias-villa-maria\/wp-content\/uploads\/2022\/04\/Tribunales-vallado-declara-Cositorto.jpeg?resize=300%2C172&amp;ssl=1 300w\" sizes=\"(max-width: 910px) 100vw, 910px\" \/><figcaption><em>La sede de Tribunales amaneci\u00f3 vallada este lunes en Villa Mar\u00eda. (Foto: Pablo De Giovanni)<\/em><\/figcaption><\/figure>\n\n\n\n<p><\/p>\n\n\n\n<p><strong>La investigaci\u00f3n prosigue<\/strong><\/p>\n\n\n\n<p>Hasta la fecha suma una veintena de detenidos en la causa,  salvo por el exjuez federal porte\u00f1o H\u00e9ctor Yrimia, vinculado con el \u00e1rea jur\u00eddica de Generaci\u00f3n Zoe, quien se encuentra en Dubai (Emiratos \u00c1rabes) y de la que no est\u00e1 clara cu\u00e1l es su situaci\u00f3n procesal. \u00bfEst\u00e1 pr\u00f3fugo o no? En una entrevista con TN hace unos d\u00edas dijo que est\u00e1 \u00absujeto a Derecho y que en todo caso era una v\u00edctima m\u00e1s en toda la causa\u00bb. Tambi\u00e9n se\u00f1al\u00f3 que la causa era una especie de invenci\u00f3n period\u00edstica&#8230;<\/p>\n\n\n\n<p><\/p>\n\n\n\n<figure class=\"wp-block-embed is-type-video is-provider-youtube wp-block-embed-youtube wp-embed-aspect-16-9 wp-has-aspect-ratio\"><div class=\"wp-block-embed__wrapper\">\n<iframe title=\"Caso ZOE: As\u00ed dejaba Tribunales Batista, el segundo de ZOE\" width=\"500\" height=\"281\" src=\"https:\/\/www.youtube.com\/embed\/By8Eanh6Y-Y?feature=oembed\" frameborder=\"0\" allow=\"accelerometer; autoplay; clipboard-write; encrypted-media; gyroscope; picture-in-picture; web-share\" referrerpolicy=\"strict-origin-when-cross-origin\" allowfullscreen><\/iframe>\n<\/div><\/figure>\n\n\n\n<p><\/p>\n\n\n\n<figure class=\"wp-block-embed is-type-video is-provider-youtube wp-block-embed-youtube wp-embed-aspect-16-9 wp-has-aspect-ratio\"><div class=\"wp-block-embed__wrapper\">\n<iframe title=\"Caso ZOE: As\u00ed dejaba Tribunales Cositorto\" width=\"500\" height=\"281\" src=\"https:\/\/www.youtube.com\/embed\/aCf6MMlenSI?feature=oembed\" frameborder=\"0\" allow=\"accelerometer; autoplay; clipboard-write; encrypted-media; gyroscope; picture-in-picture; web-share\" referrerpolicy=\"strict-origin-when-cross-origin\" allowfullscreen><\/iframe>\n<\/div><\/figure>\n\n\n\n<p><strong>Algunos de los \u00faltimos operativos<\/strong><\/p>\n\n\n\n<p>En operativos ordenados hace unos diez d\u00edas por la fiscal Companys, en seis domicilios de Buenos Aires se secuestraron documentaci\u00f3n, elementos electr\u00f3nicos y US$ 565 mil y $63 mil.<\/p>\n\n\n\n<p>Seg\u00fan lo que se conoce de las distintas causas que involucran a Zoe, entre marzo y noviembre de 2021 se crearon 14 sociedades comerciales, algunas de ellas el mismo d\u00eda. Entre estas est\u00e1n Prioli Construcciones, Generaci\u00f3n Zoe, Universidad del Trading y Zoe Construcciones, constituidas el 18 de marzo de 2021, y con movimientos por m\u00e1s de US$ 7 millones detectados hasta el momento.<\/p>\n\n\n\n<p>Adem\u00e1s, los investigadores comprobaron que, en octubre de 2020, Cositorto cancel\u00f3 una deuda que hab\u00eda sido catalogada como \u201cirrecuperable\u201d por el Banco Central donde figuraba como \u201cmoroso e incobrable\u201c, agregaron las fuentes del caso.<\/p>\n\n\n\n<p>El juez federal Ariel Lijo tambi\u00e9n lleva una investigaci\u00f3n por presunto lavado de dinero del holding Zoe.<\/p>\n\n\n\n<p>La Inspecci\u00f3n General de Justicia (IGJ) tambi\u00e9n asimismo acciones legales en contra de Generaci\u00f3n Zoe que se encuentran radicadas en los juzgados nacionales de Primera Instancia en lo Comercial N\u00famero 14, Secretar\u00eda 28; y N\u00famero 26, Secretar\u00eda 51.<\/p>\n\n\n\n<p><strong>En Mendoza tambi\u00e9n<\/strong><\/p>\n\n\n\n<p>El lunes 18 de abril ingres\u00f3 una nueva denuncia a la Oficina de Delitos Econ\u00f3micos del Poder Judicial de Mendoza. Se trata de una fuerte sospecha bajo la que recaen seis mendocinos por integrar Generaci\u00f3n Zoe y estafar a cientos de personas en la provincia.<\/p>\n\n\n\n<p>El caso fue presentado en el tercer piso del Poder Judicial. All\u00ed, un grupo de mendocinos que perdieron sus ahorros bajo una estafa piramidal decidieron denunciar la situaci\u00f3n que padecieron.<\/p>\n\n\n\n<p>En concreto, algunos perdieron ahorros en d\u00f3lares, pero otros adem\u00e1s hab\u00edan invertido sus casas, autos y hasta dinero que no ten\u00edan, pero pidieron. Para los damnificados, la estafa se concretaba porque exist\u00eda una influencia psicol\u00f3gica muy importante, algo que se repite en cada lugar donde se radicaron denuncias.<\/p>\n","protected":false},"excerpt":{"rendered":"<p>Leonardo Cositorto, el CEO de Generaci\u00f3n Zoe, acusado de estafas reiteradas y asociaci\u00f3n il\u00edcita, finalmente se present\u00f3 este lunes 25 de abril en los Tribunales de Villa Mar\u00eda. Lo hizo dos horas antes de lo previsto para su declaraci\u00f3n, a las 7 de la ma\u00f1ana. Se encontraron frente a frente, Cositorto y la Fiscal de [&hellip;]<\/p>\n","protected":false},"author":4,"featured_media":56249,"comment_status":"open","ping_status":"open","sticky":false,"template":"","format":"standard","meta":{"site-sidebar-layout":"default","site-content-layout":"","ast-site-content-layout":"default","site-content-style":"default","site-sidebar-style":"default","ast-global-header-display":"","ast-banner-title-visibility":"","ast-main-header-display":"","ast-hfb-above-header-display":"","ast-hfb-below-header-display":"","ast-hfb-mobile-header-display":"","site-post-title":"","ast-breadcrumbs-content":"","ast-featured-img":"","footer-sml-layout":"","ast-disable-related-posts":"","theme-transparent-header-meta":"","adv-header-id-meta":"","stick-header-meta":"","header-above-stick-meta":"","header-main-stick-meta":"","header-below-stick-meta":"","astra-migrate-meta-layouts":"default","ast-page-background-enabled":"default","ast-page-background-meta":{"desktop":{"background-color":"","background-image":"","background-repeat":"repeat","background-position":"center center","background-size":"auto","background-attachment":"scroll","background-type":"","background-media":"","overlay-type":"","overlay-color":"","overlay-opacity":"","overlay-gradient":""},"tablet":{"background-color":"","background-image":"","background-repeat":"repeat","background-position":"center center","background-size":"auto","background-attachment":"scroll","background-type":"","background-media":"","overlay-type":"","overlay-color":"","overlay-opacity":"","overlay-gradient":""},"mobile":{"background-color":"","background-image":"","background-repeat":"repeat","background-position":"center center","background-size":"auto","background-attachment":"scroll","background-type":"","background-media":"","overlay-type":"","overlay-color":"","overlay-opacity":"","overlay-gradient":""}},"ast-content-background-meta":{"desktop":{"background-color":"var(--ast-global-color-5)","background-image":"","background-repeat":"repeat","background-position":"center center","background-size":"auto","background-attachment":"scroll","background-type":"","background-media":"","overlay-type":"","overlay-color":"","overlay-opacity":"","overlay-gradient":""},"tablet":{"background-color":"var(--ast-global-color-5)","background-image":"","background-repeat":"repeat","background-position":"center center","background-size":"auto","background-attachment":"scroll","background-type":"","background-media":"","overlay-type":"","overlay-color":"","overlay-opacity":"","overlay-gradient":""},"mobile":{"background-color":"var(--ast-global-color-5)","background-image":"","background-repeat":"repeat","background-position":"center center","background-size":"auto","background-attachment":"scroll","background-type":"","background-media":"","overlay-type":"","overlay-color":"","overlay-opacity":"","overlay-gradient":""}},"_jetpack_memberships_contains_paid_content":false,"_joinchat":[],"footnotes":""},"categories":[2074,2],"tags":[13880,12566,1232,13677,13835,14915,14913],"class_list":["post-56208","post","type-post","status-publish","format-standard","has-post-thumbnail","hentry","category-videos","category-villa-maria","tag-causa-zoe","tag-cositorto","tag-destacado","tag-fiscal-juliana-companys","tag-leonardo-cositorto","tag-lunes-25-de-abril","tag-tribunales-de-villa-maria"],"yoast_head":"<!-- This site is optimized with the Yoast SEO plugin v26.8 - https:\/\/yoast.com\/product\/yoast-seo-wordpress\/ -->\n<title>[ZOE] Cositorto y Batista pasaron por los Tribunales de Villa Mar\u00eda - El Regional<\/title>\n<meta name=\"robots\" content=\"index, follow, max-snippet:-1, max-image-preview:large, max-video-preview:-1\" \/>\n<link rel=\"canonical\" href=\"http:\/\/elregionalvm.com.ar\/noticias-villa-maria\/cositorto-declara-este-lunes-en-los-tribunales-de-villa-maria\/\" \/>\n<meta property=\"og:locale\" content=\"es_ES\" \/>\n<meta property=\"og:type\" content=\"article\" \/>\n<meta property=\"og:title\" content=\"[ZOE] Cositorto y Batista pasaron por los Tribunales de Villa Mar\u00eda - El Regional\" \/>\n<meta property=\"og:description\" content=\"Leonardo Cositorto, el CEO de Generaci\u00f3n Zoe, acusado de estafas reiteradas y asociaci\u00f3n il\u00edcita, finalmente se present\u00f3 este lunes 25 de abril en los Tribunales de Villa Mar\u00eda. Lo hizo dos horas antes de lo previsto para su declaraci\u00f3n, a las 7 de la ma\u00f1ana. Se encontraron frente a frente, Cositorto y la Fiscal de [&hellip;]\" \/>\n<meta property=\"og:url\" content=\"http:\/\/elregionalvm.com.ar\/noticias-villa-maria\/cositorto-declara-este-lunes-en-los-tribunales-de-villa-maria\/\" \/>\n<meta property=\"og:site_name\" content=\"El Regional\" \/>\n<meta property=\"article:publisher\" content=\"https:\/\/www.facebook.com\/elregionalvm\" \/>\n<meta property=\"article:published_time\" content=\"2022-04-24T14:33:48+00:00\" \/>\n<meta property=\"article:modified_time\" content=\"2022-04-25T19:03:20+00:00\" \/>\n<meta property=\"og:image\" content=\"http:\/\/elregionalvm.com.ar\/noticias-villa-maria\/wp-content\/uploads\/2022\/04\/Cositorto-sale-de-tribunales.jpg\" \/>\n\t<meta property=\"og:image:width\" content=\"1014\" \/>\n\t<meta property=\"og:image:height\" content=\"569\" \/>\n\t<meta property=\"og:image:type\" content=\"image\/jpeg\" \/>\n<meta name=\"author\" content=\"Contenidos El Regional\" \/>\n<meta name=\"twitter:card\" content=\"summary_large_image\" \/>\n<meta name=\"twitter:creator\" content=\"@elregionalvm1\" \/>\n<meta name=\"twitter:site\" content=\"@elregionalvm1\" \/>\n<meta name=\"twitter:label1\" content=\"Escrito por\" \/>\n\t<meta name=\"twitter:data1\" content=\"Contenidos El Regional\" \/>\n\t<meta name=\"twitter:label2\" content=\"Tiempo de lectura\" \/>\n\t<meta name=\"twitter:data2\" content=\"4 minutos\" \/>\n<script type=\"application\/ld+json\" class=\"yoast-schema-graph\">{\"@context\":\"https:\/\/schema.org\",\"@graph\":[{\"@type\":\"Article\",\"@id\":\"http:\/\/elregionalvm.com.ar\/noticias-villa-maria\/cositorto-declara-este-lunes-en-los-tribunales-de-villa-maria\/#article\",\"isPartOf\":{\"@id\":\"http:\/\/elregionalvm.com.ar\/noticias-villa-maria\/cositorto-declara-este-lunes-en-los-tribunales-de-villa-maria\/\"},\"author\":{\"name\":\"Contenidos El Regional\",\"@id\":\"http:\/\/elregionalvm.com.ar\/noticias-villa-maria\/#\/schema\/person\/a0fb9c422317faca23d50163151bc354\"},\"headline\":\"[ZOE] Cositorto y Batista pasaron por los Tribunales de Villa Mar\u00eda\",\"datePublished\":\"2022-04-24T14:33:48+00:00\",\"dateModified\":\"2022-04-25T19:03:20+00:00\",\"mainEntityOfPage\":{\"@id\":\"http:\/\/elregionalvm.com.ar\/noticias-villa-maria\/cositorto-declara-este-lunes-en-los-tribunales-de-villa-maria\/\"},\"wordCount\":728,\"commentCount\":0,\"image\":{\"@id\":\"http:\/\/elregionalvm.com.ar\/noticias-villa-maria\/cositorto-declara-este-lunes-en-los-tribunales-de-villa-maria\/#primaryimage\"},\"thumbnailUrl\":\"https:\/\/i0.wp.com\/elregionalvm.com.ar\/noticias-villa-maria\/wp-content\/uploads\/2022\/04\/Cositorto-sale-de-tribunales.jpg?fit=1014%2C569&ssl=1\",\"keywords\":[\"Causa ZOE\",\"Cositorto\",\"destacado\",\"Fiscal Juliana Companys\",\"Leonardo Cositorto\",\"lunes 25 de abril\",\"Tribunales de Villa Mar\u00eda\"],\"articleSection\":[\"Videos\",\"Villa Mar\u00eda\"],\"inLanguage\":\"es\",\"potentialAction\":[{\"@type\":\"CommentAction\",\"name\":\"Comment\",\"target\":[\"http:\/\/elregionalvm.com.ar\/noticias-villa-maria\/cositorto-declara-este-lunes-en-los-tribunales-de-villa-maria\/#respond\"]}]},{\"@type\":\"WebPage\",\"@id\":\"http:\/\/elregionalvm.com.ar\/noticias-villa-maria\/cositorto-declara-este-lunes-en-los-tribunales-de-villa-maria\/\",\"url\":\"http:\/\/elregionalvm.com.ar\/noticias-villa-maria\/cositorto-declara-este-lunes-en-los-tribunales-de-villa-maria\/\",\"name\":\"[ZOE] Cositorto y Batista pasaron por los Tribunales de Villa Mar\u00eda - El Regional\",\"isPartOf\":{\"@id\":\"http:\/\/elregionalvm.com.ar\/noticias-villa-maria\/#website\"},\"primaryImageOfPage\":{\"@id\":\"http:\/\/elregionalvm.com.ar\/noticias-villa-maria\/cositorto-declara-este-lunes-en-los-tribunales-de-villa-maria\/#primaryimage\"},\"image\":{\"@id\":\"http:\/\/elregionalvm.com.ar\/noticias-villa-maria\/cositorto-declara-este-lunes-en-los-tribunales-de-villa-maria\/#primaryimage\"},\"thumbnailUrl\":\"https:\/\/i0.wp.com\/elregionalvm.com.ar\/noticias-villa-maria\/wp-content\/uploads\/2022\/04\/Cositorto-sale-de-tribunales.jpg?fit=1014%2C569&ssl=1\",\"datePublished\":\"2022-04-24T14:33:48+00:00\",\"dateModified\":\"2022-04-25T19:03:20+00:00\",\"author\":{\"@id\":\"http:\/\/elregionalvm.com.ar\/noticias-villa-maria\/#\/schema\/person\/a0fb9c422317faca23d50163151bc354\"},\"breadcrumb\":{\"@id\":\"http:\/\/elregionalvm.com.ar\/noticias-villa-maria\/cositorto-declara-este-lunes-en-los-tribunales-de-villa-maria\/#breadcrumb\"},\"inLanguage\":\"es\",\"potentialAction\":[{\"@type\":\"ReadAction\",\"target\":[\"http:\/\/elregionalvm.com.ar\/noticias-villa-maria\/cositorto-declara-este-lunes-en-los-tribunales-de-villa-maria\/\"]}]},{\"@type\":\"ImageObject\",\"inLanguage\":\"es\",\"@id\":\"http:\/\/elregionalvm.com.ar\/noticias-villa-maria\/cositorto-declara-este-lunes-en-los-tribunales-de-villa-maria\/#primaryimage\",\"url\":\"https:\/\/i0.wp.com\/elregionalvm.com.ar\/noticias-villa-maria\/wp-content\/uploads\/2022\/04\/Cositorto-sale-de-tribunales.jpg?fit=1014%2C569&ssl=1\",\"contentUrl\":\"https:\/\/i0.wp.com\/elregionalvm.com.ar\/noticias-villa-maria\/wp-content\/uploads\/2022\/04\/Cositorto-sale-de-tribunales.jpg?fit=1014%2C569&ssl=1\",\"width\":1014,\"height\":569},{\"@type\":\"BreadcrumbList\",\"@id\":\"http:\/\/elregionalvm.com.ar\/noticias-villa-maria\/cositorto-declara-este-lunes-en-los-tribunales-de-villa-maria\/#breadcrumb\",\"itemListElement\":[{\"@type\":\"ListItem\",\"position\":1,\"name\":\"Portada\",\"item\":\"https:\/\/elregionalvm.com.ar\/noticias-villa-maria\/\"},{\"@type\":\"ListItem\",\"position\":2,\"name\":\"[ZOE] Cositorto y Batista pasaron por los Tribunales de Villa Mar\u00eda\"}]},{\"@type\":\"WebSite\",\"@id\":\"http:\/\/elregionalvm.com.ar\/noticias-villa-maria\/#website\",\"url\":\"http:\/\/elregionalvm.com.ar\/noticias-villa-maria\/\",\"name\":\"El Regional\",\"description\":\"Mucho m\u00e1s que informaci\u00f3n\",\"potentialAction\":[{\"@type\":\"SearchAction\",\"target\":{\"@type\":\"EntryPoint\",\"urlTemplate\":\"http:\/\/elregionalvm.com.ar\/noticias-villa-maria\/?s={search_term_string}\"},\"query-input\":{\"@type\":\"PropertyValueSpecification\",\"valueRequired\":true,\"valueName\":\"search_term_string\"}}],\"inLanguage\":\"es\"},{\"@type\":\"Person\",\"@id\":\"http:\/\/elregionalvm.com.ar\/noticias-villa-maria\/#\/schema\/person\/a0fb9c422317faca23d50163151bc354\",\"name\":\"Contenidos El Regional\",\"image\":{\"@type\":\"ImageObject\",\"inLanguage\":\"es\",\"@id\":\"http:\/\/elregionalvm.com.ar\/noticias-villa-maria\/#\/schema\/person\/image\/\",\"url\":\"https:\/\/secure.gravatar.com\/avatar\/265b27cb2209af7bb3a1318f03305787d7981a5cc6e6cd08fe5a4ecdf99d4b48?s=96&d=mm&r=g\",\"contentUrl\":\"https:\/\/secure.gravatar.com\/avatar\/265b27cb2209af7bb3a1318f03305787d7981a5cc6e6cd08fe5a4ecdf99d4b48?s=96&d=mm&r=g\",\"caption\":\"Contenidos El Regional\"},\"url\":\"https:\/\/elregionalvm.com.ar\/noticias-villa-maria\/author\/contenido\/\"}]}<\/script>\n<!-- \/ Yoast SEO plugin. -->","yoast_head_json":{"title":"[ZOE] Cositorto y Batista pasaron por los Tribunales de Villa Mar\u00eda - El Regional","robots":{"index":"index","follow":"follow","max-snippet":"max-snippet:-1","max-image-preview":"max-image-preview:large","max-video-preview":"max-video-preview:-1"},"canonical":"http:\/\/elregionalvm.com.ar\/noticias-villa-maria\/cositorto-declara-este-lunes-en-los-tribunales-de-villa-maria\/","og_locale":"es_ES","og_type":"article","og_title":"[ZOE] Cositorto y Batista pasaron por los Tribunales de Villa Mar\u00eda - El Regional","og_description":"Leonardo Cositorto, el CEO de Generaci\u00f3n Zoe, acusado de estafas reiteradas y asociaci\u00f3n il\u00edcita, finalmente se present\u00f3 este lunes 25 de abril en los Tribunales de Villa Mar\u00eda. Lo hizo dos horas antes de lo previsto para su declaraci\u00f3n, a las 7 de la ma\u00f1ana. Se encontraron frente a frente, Cositorto y la Fiscal de [&hellip;]","og_url":"http:\/\/elregionalvm.com.ar\/noticias-villa-maria\/cositorto-declara-este-lunes-en-los-tribunales-de-villa-maria\/","og_site_name":"El Regional","article_publisher":"https:\/\/www.facebook.com\/elregionalvm","article_published_time":"2022-04-24T14:33:48+00:00","article_modified_time":"2022-04-25T19:03:20+00:00","og_image":[{"width":1014,"height":569,"url":"http:\/\/elregionalvm.com.ar\/noticias-villa-maria\/wp-content\/uploads\/2022\/04\/Cositorto-sale-de-tribunales.jpg","type":"image\/jpeg"}],"author":"Contenidos El Regional","twitter_card":"summary_large_image","twitter_creator":"@elregionalvm1","twitter_site":"@elregionalvm1","twitter_misc":{"Escrito por":"Contenidos El Regional","Tiempo de lectura":"4 minutos"},"schema":{"@context":"https:\/\/schema.org","@graph":[{"@type":"Article","@id":"http:\/\/elregionalvm.com.ar\/noticias-villa-maria\/cositorto-declara-este-lunes-en-los-tribunales-de-villa-maria\/#article","isPartOf":{"@id":"http:\/\/elregionalvm.com.ar\/noticias-villa-maria\/cositorto-declara-este-lunes-en-los-tribunales-de-villa-maria\/"},"author":{"name":"Contenidos El Regional","@id":"http:\/\/elregionalvm.com.ar\/noticias-villa-maria\/#\/schema\/person\/a0fb9c422317faca23d50163151bc354"},"headline":"[ZOE] Cositorto y Batista pasaron por los Tribunales de Villa Mar\u00eda","datePublished":"2022-04-24T14:33:48+00:00","dateModified":"2022-04-25T19:03:20+00:00","mainEntityOfPage":{"@id":"http:\/\/elregionalvm.com.ar\/noticias-villa-maria\/cositorto-declara-este-lunes-en-los-tribunales-de-villa-maria\/"},"wordCount":728,"commentCount":0,"image":{"@id":"http:\/\/elregionalvm.com.ar\/noticias-villa-maria\/cositorto-declara-este-lunes-en-los-tribunales-de-villa-maria\/#primaryimage"},"thumbnailUrl":"https:\/\/i0.wp.com\/elregionalvm.com.ar\/noticias-villa-maria\/wp-content\/uploads\/2022\/04\/Cositorto-sale-de-tribunales.jpg?fit=1014%2C569&ssl=1","keywords":["Causa ZOE","Cositorto","destacado","Fiscal Juliana Companys","Leonardo Cositorto","lunes 25 de abril","Tribunales de Villa Mar\u00eda"],"articleSection":["Videos","Villa Mar\u00eda"],"inLanguage":"es","potentialAction":[{"@type":"CommentAction","name":"Comment","target":["http:\/\/elregionalvm.com.ar\/noticias-villa-maria\/cositorto-declara-este-lunes-en-los-tribunales-de-villa-maria\/#respond"]}]},{"@type":"WebPage","@id":"http:\/\/elregionalvm.com.ar\/noticias-villa-maria\/cositorto-declara-este-lunes-en-los-tribunales-de-villa-maria\/","url":"http:\/\/elregionalvm.com.ar\/noticias-villa-maria\/cositorto-declara-este-lunes-en-los-tribunales-de-villa-maria\/","name":"[ZOE] Cositorto y Batista pasaron por los Tribunales de Villa Mar\u00eda - El Regional","isPartOf":{"@id":"http:\/\/elregionalvm.com.ar\/noticias-villa-maria\/#website"},"primaryImageOfPage":{"@id":"http:\/\/elregionalvm.com.ar\/noticias-villa-maria\/cositorto-declara-este-lunes-en-los-tribunales-de-villa-maria\/#primaryimage"},"image":{"@id":"http:\/\/elregionalvm.com.ar\/noticias-villa-maria\/cositorto-declara-este-lunes-en-los-tribunales-de-villa-maria\/#primaryimage"},"thumbnailUrl":"https:\/\/i0.wp.com\/elregionalvm.com.ar\/noticias-villa-maria\/wp-content\/uploads\/2022\/04\/Cositorto-sale-de-tribunales.jpg?fit=1014%2C569&ssl=1","datePublished":"2022-04-24T14:33:48+00:00","dateModified":"2022-04-25T19:03:20+00:00","author":{"@id":"http:\/\/elregionalvm.com.ar\/noticias-villa-maria\/#\/schema\/person\/a0fb9c422317faca23d50163151bc354"},"breadcrumb":{"@id":"http:\/\/elregionalvm.com.ar\/noticias-villa-maria\/cositorto-declara-este-lunes-en-los-tribunales-de-villa-maria\/#breadcrumb"},"inLanguage":"es","potentialAction":[{"@type":"ReadAction","target":["http:\/\/elregionalvm.com.ar\/noticias-villa-maria\/cositorto-declara-este-lunes-en-los-tribunales-de-villa-maria\/"]}]},{"@type":"ImageObject","inLanguage":"es","@id":"http:\/\/elregionalvm.com.ar\/noticias-villa-maria\/cositorto-declara-este-lunes-en-los-tribunales-de-villa-maria\/#primaryimage","url":"https:\/\/i0.wp.com\/elregionalvm.com.ar\/noticias-villa-maria\/wp-content\/uploads\/2022\/04\/Cositorto-sale-de-tribunales.jpg?fit=1014%2C569&ssl=1","contentUrl":"https:\/\/i0.wp.com\/elregionalvm.com.ar\/noticias-villa-maria\/wp-content\/uploads\/2022\/04\/Cositorto-sale-de-tribunales.jpg?fit=1014%2C569&ssl=1","width":1014,"height":569},{"@type":"BreadcrumbList","@id":"http:\/\/elregionalvm.com.ar\/noticias-villa-maria\/cositorto-declara-este-lunes-en-los-tribunales-de-villa-maria\/#breadcrumb","itemListElement":[{"@type":"ListItem","position":1,"name":"Portada","item":"https:\/\/elregionalvm.com.ar\/noticias-villa-maria\/"},{"@type":"ListItem","position":2,"name":"[ZOE] Cositorto y Batista pasaron por los Tribunales de Villa Mar\u00eda"}]},{"@type":"WebSite","@id":"http:\/\/elregionalvm.com.ar\/noticias-villa-maria\/#website","url":"http:\/\/elregionalvm.com.ar\/noticias-villa-maria\/","name":"El Regional","description":"Mucho m\u00e1s que informaci\u00f3n","potentialAction":[{"@type":"SearchAction","target":{"@type":"EntryPoint","urlTemplate":"http:\/\/elregionalvm.com.ar\/noticias-villa-maria\/?s={search_term_string}"},"query-input":{"@type":"PropertyValueSpecification","valueRequired":true,"valueName":"search_term_string"}}],"inLanguage":"es"},{"@type":"Person","@id":"http:\/\/elregionalvm.com.ar\/noticias-villa-maria\/#\/schema\/person\/a0fb9c422317faca23d50163151bc354","name":"Contenidos El Regional","image":{"@type":"ImageObject","inLanguage":"es","@id":"http:\/\/elregionalvm.com.ar\/noticias-villa-maria\/#\/schema\/person\/image\/","url":"https:\/\/secure.gravatar.com\/avatar\/265b27cb2209af7bb3a1318f03305787d7981a5cc6e6cd08fe5a4ecdf99d4b48?s=96&d=mm&r=g","contentUrl":"https:\/\/secure.gravatar.com\/avatar\/265b27cb2209af7bb3a1318f03305787d7981a5cc6e6cd08fe5a4ecdf99d4b48?s=96&d=mm&r=g","caption":"Contenidos El Regional"},"url":"https:\/\/elregionalvm.com.ar\/noticias-villa-maria\/author\/contenido\/"}]}},"jetpack_featured_media_url":"https:\/\/i0.wp.com\/elregionalvm.com.ar\/noticias-villa-maria\/wp-content\/uploads\/2022\/04\/Cositorto-sale-de-tribunales.jpg?fit=1014%2C569&ssl=1","jetpack_sharing_enabled":true,"_links":{"self":[{"href":"https:\/\/elregionalvm.com.ar\/noticias-villa-maria\/wp-json\/wp\/v2\/posts\/56208","targetHints":{"allow":["GET"]}}],"collection":[{"href":"https:\/\/elregionalvm.com.ar\/noticias-villa-maria\/wp-json\/wp\/v2\/posts"}],"about":[{"href":"https:\/\/elregionalvm.com.ar\/noticias-villa-maria\/wp-json\/wp\/v2\/types\/post"}],"author":[{"embeddable":true,"href":"https:\/\/elregionalvm.com.ar\/noticias-villa-maria\/wp-json\/wp\/v2\/users\/4"}],"replies":[{"embeddable":true,"href":"https:\/\/elregionalvm.com.ar\/noticias-villa-maria\/wp-json\/wp\/v2\/comments?post=56208"}],"version-history":[{"count":7,"href":"https:\/\/elregionalvm.com.ar\/noticias-villa-maria\/wp-json\/wp\/v2\/posts\/56208\/revisions"}],"predecessor-version":[{"id":56252,"href":"https:\/\/elregionalvm.com.ar\/noticias-villa-maria\/wp-json\/wp\/v2\/posts\/56208\/revisions\/56252"}],"wp:featuredmedia":[{"embeddable":true,"href":"https:\/\/elregionalvm.com.ar\/noticias-villa-maria\/wp-json\/wp\/v2\/media\/56249"}],"wp:attachment":[{"href":"https:\/\/elregionalvm.com.ar\/noticias-villa-maria\/wp-json\/wp\/v2\/media?parent=56208"}],"wp:term":[{"taxonomy":"category","embeddable":true,"href":"https:\/\/elregionalvm.com.ar\/noticias-villa-maria\/wp-json\/wp\/v2\/categories?post=56208"},{"taxonomy":"post_tag","embeddable":true,"href":"https:\/\/elregionalvm.com.ar\/noticias-villa-maria\/wp-json\/wp\/v2\/tags?post=56208"}],"curies":[{"name":"wp","href":"https:\/\/api.w.org\/{rel}","templated":true}]}}