{"id":56317,"date":"2022-04-26T16:17:00","date_gmt":"2022-04-26T16:17:00","guid":{"rendered":"https:\/\/elregionalvm.com.ar\/noticias-villa-maria\/?p=56317"},"modified":"2022-04-28T02:20:49","modified_gmt":"2022-04-28T02:20:49","slug":"zoe-cositorto-sale-de-gira-volvera-a-declarar-en-20-dias-y-haria-lo-mismo-en-goya-y-salta","status":"publish","type":"post","link":"https:\/\/elregionalvm.com.ar\/noticias-villa-maria\/zoe-cositorto-sale-de-gira-volvera-a-declarar-en-20-dias-y-haria-lo-mismo-en-goya-y-salta\/","title":{"rendered":"[ZOE] Cositorto sale de gira: Volver\u00e1 a declarar en 20 d\u00edas y har\u00eda lo mismo en Goya y Salta"},"content":{"rendered":"<p>&nbsp;<\/p>\n<p>Leonardo Cositorto, el CEO de Generaci\u00f3n Zoe, acusado de estafas reiteradas y asociaci\u00f3n il\u00edcita, finalmente se present\u00f3 este lunes 25 de abril en los Tribunales de Villa Mar\u00eda. Lo hizo dos horas antes de lo previsto para su declaraci\u00f3n, a las 7 de la ma\u00f1ana.<\/p>\n<p>Poco antes de las 9, en tanto, se presentaron los abogados del l\u00edder de la empresa ZOE, Guillermo Dragotto y el medi\u00e1tico Miguel \u00c1ngel Pierri. Lo hicieron rodeados de una guardia de periodistas y ante un edificio judicial vallado.<\/p>\n<p>Cositorto prest\u00f3 declaraci\u00f3n indagatoria frente a la fiscal de Instrucci\u00f3n de Segundo Turno, Juliana Companys, quien lleva adelante la causa que ha tenido repercusi\u00f3n nacional e internacional.<\/p>\n<p>Maximiliano Batista, el n\u00famero dos de la compa\u00f1\u00eda bajo investigaci\u00f3n, tambi\u00e9n se present\u00f3 en la sede judicial pero no ofreci\u00f3 declaraciones.<\/p>\n<p>&nbsp;<\/p>\n<blockquote class=\"wp-embedded-content\" data-secret=\"1A9aBUWXkj\"><p><a href=\"https:\/\/elregionalvm.com.ar\/noticias-villa-maria\/cositorto-declara-este-lunes-en-los-tribunales-de-villa-maria\/\">[ZOE]  Cositorto y Batista pasaron por los Tribunales de Villa Mar\u00eda<\/a><\/p><\/blockquote>\n<p><iframe class=\"wp-embedded-content\" sandbox=\"allow-scripts\" security=\"restricted\" style=\"position: absolute; visibility: hidden;\" title=\"\u00ab[ZOE]  Cositorto y Batista pasaron por los Tribunales de Villa Mar\u00eda\u00bb \u2014 El Regional\" src=\"https:\/\/elregionalvm.com.ar\/noticias-villa-maria\/cositorto-declara-este-lunes-en-los-tribunales-de-villa-maria\/embed\/#?secret=O4v2i7fHtl#?secret=1A9aBUWXkj\" data-secret=\"1A9aBUWXkj\" width=\"500\" height=\"282\" frameborder=\"0\" marginwidth=\"0\" marginheight=\"0\" scrolling=\"no\"><\/iframe><\/p>\n<p>&nbsp;<\/p>\n<p><strong>La audiencia<\/strong><\/p>\n<p>La declaraci\u00f3n indagatoria tuvo una duraci\u00f3n de tres horas en los Tribunales de Villa Mar\u00eda. All\u00ed, Cositorto fue notificado de 176 hechos denunciados por un n\u00famero de 94 damnificados, aunque se esperan nuevas denuncias en los pr\u00f3ximos d\u00edas.<\/p>\n<p>Seg\u00fan Companys, la cabeza visible de ZOE sostuvo que no tiene nada que ver con lo ocurrido en Villa Mar\u00eda, donde se investiga estafas por un valor estimado de 500 mil d\u00f3lares y 8 millones de pesos.<\/p>\n<p>La indagatoria se realiz\u00f3 de manera presencial y no virtual, debido a que iba a ser demasiado extensa para los m\u00f3dulos que permite la plataforma Zoom.<\/p>\n<p>La fiscal confirm\u00f3 que contin\u00faa la investigaci\u00f3n y que dentro de 20 d\u00edas ser\u00eda vuelto a citar el l\u00edder de la asociaci\u00f3n. Del mismo modo, deber\u00e1n declarar el resto de los imputados ante las nuevas denuncias receptadas.<\/p>\n<p><strong>Los abogados<\/strong><\/p>\n<p>Pierri, el abogado que particip\u00f3 en casos c\u00e9lebres como la causa por tr\u00e1fico de armas a Ecuador y Croacia, la muerte de Rodrigo o el femicidio de \u00c1ngeles Rawson a manos del portero Jorge Mangeri, remarc\u00f3 que fue una cita judicial tranquila.<\/p>\n<p>\u201cFue una audiencia muy respetuosa, muy cordial, (la fiscal) demostr\u00f3 tener mucha sensibilidad por un problema de salud (de Cositorto). Est\u00e1 en plena actividad esta causa\u201d, dijo el asesor letrado a los medios.<\/p>\n<p>Por otro lado, Dragotto sostuvo que Cositorto neg\u00f3 los hechos que se le imputan. \u201cManifest\u00f3 abiertamente que no tiene nada que ver con lo que ha pasado en Villa Mar\u00eda. Ha dado su versi\u00f3n de eso. Si bien se ha tramitado la causa ZOE, en verdad es la empresa de Claudio \u00c1lvarez (exl\u00edder de la firma en Villa Mar\u00eda)\u201d.<\/p>\n<p>\u201cHay una relaci\u00f3n entre las empresas, pero no hay una directiva concreta de Cositorto, y \u00c1lvarez ha hecho algo que no es como se manejaba Generaci\u00f3n ZOE a nivel pa\u00eds y mundial\u201d, destac\u00f3.<\/p>\n<p>\u201cHay muchas posibilidades de que esto se unifique todo y vaya a (la Justicia Federal de) Buenos Aires\u201d, finaliz\u00f3 Dragotto.<\/p>\n<p><strong>A viajar<\/strong><\/p>\n<p>La causa investigada por Companys tendr\u00e1 otro cap\u00edtulo en la provincia de Corrientes, debido a que Cositorto deber\u00e1 declarar tambi\u00e9n en el juzgado de Goya. Hacia esa ciudad ser\u00e1 trasladado el jueves.<\/p>\n<p>En tanto, una fiscal de la provincia de Salta tambi\u00e9n cit\u00f3 a Cositorto a una audiencia de imputaci\u00f3n programada inicialmente para el pr\u00f3ximo 9 de mayo, en el marco de una investigaci\u00f3n por 38 denuncias por estafas reiteradas y asociaci\u00f3n il\u00edcita.<\/p>\n<p>Un city tour judicial por el pa\u00eds vivir\u00e1 la celebridad de las finanzas.<\/p>\n<p><strong>Alojado en C\u00f3rdoba<\/strong><\/p>\n<p>Cositorto, sobre quien pesaba un pedido de captura internacional desde el 18 de febrero, se encuentra detenido en la c\u00e1rcel de Bouwer, tras su arribo al pa\u00eds luego de estar pr\u00f3fugo, ser detenido por Interpol y extraditado desde Rep\u00fablica Dominicana.<\/p>\n<p>La captura se pudo llevar a cabo a partir de un ins\u00f3lito descuido del empresario. El paradero del empresario se logr\u00f3 luego de un Zoom que realiz\u00f3 desde el pa\u00eds caribe\u00f1o y un grupo de personas detectara la ubicaci\u00f3n y diera aviso a la justicia argentina.<\/p>\n<p>&nbsp;<\/p>\n<p>&nbsp;<\/p>\n","protected":false},"excerpt":{"rendered":"<p>La causa investigada por Companys tendr\u00e1 otro cap\u00edtulo en la provincia de Corrientes, debido a que Cositorto deber\u00e1 declarar tambi\u00e9n en el juzgado de Goya. Hacia esa ciudad ser\u00e1 trasladado el jueves. Luego, har\u00eda lo propio en Salta, donde se ha iniciado otra causa. <\/p>\n","protected":false},"author":6,"featured_media":56249,"comment_status":"open","ping_status":"open","sticky":false,"template":"","format":"link","meta":{"site-sidebar-layout":"default","site-content-layout":"default","ast-site-content-layout":"default","site-content-style":"default","site-sidebar-style":"default","ast-global-header-display":"","ast-banner-title-visibility":"","ast-main-header-display":"","ast-hfb-above-header-display":"","ast-hfb-below-header-display":"","ast-hfb-mobile-header-display":"","site-post-title":"","ast-breadcrumbs-content":"","ast-featured-img":"","footer-sml-layout":"","ast-disable-related-posts":"","theme-transparent-header-meta":"default","adv-header-id-meta":"","stick-header-meta":"","header-above-stick-meta":"","header-main-stick-meta":"","header-below-stick-meta":"","astra-migrate-meta-layouts":"default","ast-page-background-enabled":"default","ast-page-background-meta":{"desktop":{"background-color":"","background-image":"","background-repeat":"repeat","background-position":"center center","background-size":"auto","background-attachment":"scroll","background-type":"","background-media":"","overlay-type":"","overlay-color":"","overlay-opacity":"","overlay-gradient":""},"tablet":{"background-color":"","background-image":"","background-repeat":"repeat","background-position":"center center","background-size":"auto","background-attachment":"scroll","background-type":"","background-media":"","overlay-type":"","overlay-color":"","overlay-opacity":"","overlay-gradient":""},"mobile":{"background-color":"","background-image":"","background-repeat":"repeat","background-position":"center center","background-size":"auto","background-attachment":"scroll","background-type":"","background-media":"","overlay-type":"","overlay-color":"","overlay-opacity":"","overlay-gradient":""}},"ast-content-background-meta":{"desktop":{"background-color":"var(--ast-global-color-5)","background-image":"","background-repeat":"repeat","background-position":"center center","background-size":"auto","background-attachment":"scroll","background-type":"","background-media":"","overlay-type":"","overlay-color":"","overlay-opacity":"","overlay-gradient":""},"tablet":{"background-color":"var(--ast-global-color-5)","background-image":"","background-repeat":"repeat","background-position":"center center","background-size":"auto","background-attachment":"scroll","background-type":"","background-media":"","overlay-type":"","overlay-color":"","overlay-opacity":"","overlay-gradient":""},"mobile":{"background-color":"var(--ast-global-color-5)","background-image":"","background-repeat":"repeat","background-position":"center center","background-size":"auto","background-attachment":"scroll","background-type":"","background-media":"","overlay-type":"","overlay-color":"","overlay-opacity":"","overlay-gradient":""}},"_jetpack_memberships_contains_paid_content":false,"_joinchat":[],"footnotes":""},"categories":[2234,3557,2],"tags":[13877,15033,12566,15034,15032,1549,13677,15031,12452],"class_list":["post-56317","post","type-post","status-publish","format-link","has-post-thumbnail","hentry","category-policiales","category-tercera","category-villa-maria","tag-asociacion-ilicita","tag-batista","tag-cositorto","tag-declaracion-indagatoria","tag-dragotto","tag-estafa","tag-fiscal-juliana-companys","tag-pierri","tag-zoe","post_format-post-format-link"],"yoast_head":"<!-- This site is optimized with the Yoast SEO plugin v26.8 - https:\/\/yoast.com\/product\/yoast-seo-wordpress\/ -->\n<title>[ZOE] Cositorto sale de gira: Volver\u00e1 a declarar en 20 d\u00edas y har\u00eda lo mismo en Goya y Salta - El Regional<\/title>\n<meta name=\"robots\" content=\"index, follow, max-snippet:-1, max-image-preview:large, max-video-preview:-1\" \/>\n<link rel=\"canonical\" href=\"http:\/\/elregionalvm.com.ar\/noticias-villa-maria\/zoe-cositorto-sale-de-gira-volvera-a-declarar-en-20-dias-y-haria-lo-mismo-en-goya-y-salta\/\" \/>\n<meta property=\"og:locale\" content=\"es_ES\" \/>\n<meta property=\"og:type\" content=\"article\" \/>\n<meta property=\"og:title\" content=\"[ZOE] Cositorto sale de gira: Volver\u00e1 a declarar en 20 d\u00edas y har\u00eda lo mismo en Goya y Salta - El Regional\" \/>\n<meta property=\"og:description\" content=\"La causa investigada por Companys tendr\u00e1 otro cap\u00edtulo en la provincia de Corrientes, debido a que Cositorto deber\u00e1 declarar tambi\u00e9n en el juzgado de Goya. Hacia esa ciudad ser\u00e1 trasladado el jueves. Luego, har\u00eda lo propio en Salta, donde se ha iniciado otra causa.\" \/>\n<meta property=\"og:url\" content=\"http:\/\/elregionalvm.com.ar\/noticias-villa-maria\/zoe-cositorto-sale-de-gira-volvera-a-declarar-en-20-dias-y-haria-lo-mismo-en-goya-y-salta\/\" \/>\n<meta property=\"og:site_name\" content=\"El Regional\" \/>\n<meta property=\"article:publisher\" content=\"https:\/\/www.facebook.com\/elregionalvm\" \/>\n<meta property=\"article:published_time\" content=\"2022-04-26T16:17:00+00:00\" \/>\n<meta property=\"article:modified_time\" content=\"2022-04-28T02:20:49+00:00\" \/>\n<meta property=\"og:image\" content=\"http:\/\/elregionalvm.com.ar\/noticias-villa-maria\/wp-content\/uploads\/2022\/04\/Cositorto-sale-de-tribunales.jpg\" \/>\n\t<meta property=\"og:image:width\" content=\"1014\" \/>\n\t<meta property=\"og:image:height\" content=\"569\" \/>\n\t<meta property=\"og:image:type\" content=\"image\/jpeg\" \/>\n<meta name=\"author\" content=\"Germ\u00e1n Giacchero\" \/>\n<meta name=\"twitter:card\" content=\"summary_large_image\" \/>\n<meta name=\"twitter:creator\" content=\"@elregionalvm1\" \/>\n<meta name=\"twitter:site\" content=\"@elregionalvm1\" \/>\n<meta name=\"twitter:label1\" content=\"Escrito por\" \/>\n\t<meta name=\"twitter:data1\" content=\"Germ\u00e1n Giacchero\" \/>\n\t<meta name=\"twitter:label2\" content=\"Tiempo de lectura\" \/>\n\t<meta name=\"twitter:data2\" content=\"3 minutos\" \/>\n<script type=\"application\/ld+json\" class=\"yoast-schema-graph\">{\"@context\":\"https:\/\/schema.org\",\"@graph\":[{\"@type\":\"Article\",\"@id\":\"http:\/\/elregionalvm.com.ar\/noticias-villa-maria\/zoe-cositorto-sale-de-gira-volvera-a-declarar-en-20-dias-y-haria-lo-mismo-en-goya-y-salta\/#article\",\"isPartOf\":{\"@id\":\"http:\/\/elregionalvm.com.ar\/noticias-villa-maria\/zoe-cositorto-sale-de-gira-volvera-a-declarar-en-20-dias-y-haria-lo-mismo-en-goya-y-salta\/\"},\"author\":{\"name\":\"Germ\u00e1n Giacchero\",\"@id\":\"http:\/\/elregionalvm.com.ar\/noticias-villa-maria\/#\/schema\/person\/d5e4b04966154131701e52c45d3efec9\"},\"headline\":\"[ZOE] Cositorto sale de gira: Volver\u00e1 a declarar en 20 d\u00edas y har\u00eda lo mismo en Goya y Salta\",\"datePublished\":\"2022-04-26T16:17:00+00:00\",\"dateModified\":\"2022-04-28T02:20:49+00:00\",\"mainEntityOfPage\":{\"@id\":\"http:\/\/elregionalvm.com.ar\/noticias-villa-maria\/zoe-cositorto-sale-de-gira-volvera-a-declarar-en-20-dias-y-haria-lo-mismo-en-goya-y-salta\/\"},\"wordCount\":717,\"commentCount\":0,\"image\":{\"@id\":\"http:\/\/elregionalvm.com.ar\/noticias-villa-maria\/zoe-cositorto-sale-de-gira-volvera-a-declarar-en-20-dias-y-haria-lo-mismo-en-goya-y-salta\/#primaryimage\"},\"thumbnailUrl\":\"https:\/\/i0.wp.com\/elregionalvm.com.ar\/noticias-villa-maria\/wp-content\/uploads\/2022\/04\/Cositorto-sale-de-tribunales.jpg?fit=1014%2C569&ssl=1\",\"keywords\":[\"asociaci\u00f3n il\u00edcita\",\"Batista\",\"Cositorto\",\"declaraci\u00f3n indagatoria\",\"Dragotto\",\"estafa\",\"Fiscal Juliana Companys\",\"Pierri\",\"Zoe\"],\"articleSection\":[\"Policiales\",\"tercera\",\"Villa Mar\u00eda\"],\"inLanguage\":\"es\",\"potentialAction\":[{\"@type\":\"CommentAction\",\"name\":\"Comment\",\"target\":[\"http:\/\/elregionalvm.com.ar\/noticias-villa-maria\/zoe-cositorto-sale-de-gira-volvera-a-declarar-en-20-dias-y-haria-lo-mismo-en-goya-y-salta\/#respond\"]}]},{\"@type\":\"WebPage\",\"@id\":\"http:\/\/elregionalvm.com.ar\/noticias-villa-maria\/zoe-cositorto-sale-de-gira-volvera-a-declarar-en-20-dias-y-haria-lo-mismo-en-goya-y-salta\/\",\"url\":\"http:\/\/elregionalvm.com.ar\/noticias-villa-maria\/zoe-cositorto-sale-de-gira-volvera-a-declarar-en-20-dias-y-haria-lo-mismo-en-goya-y-salta\/\",\"name\":\"[ZOE] Cositorto sale de gira: Volver\u00e1 a declarar en 20 d\u00edas y har\u00eda lo mismo en Goya y Salta - El Regional\",\"isPartOf\":{\"@id\":\"http:\/\/elregionalvm.com.ar\/noticias-villa-maria\/#website\"},\"primaryImageOfPage\":{\"@id\":\"http:\/\/elregionalvm.com.ar\/noticias-villa-maria\/zoe-cositorto-sale-de-gira-volvera-a-declarar-en-20-dias-y-haria-lo-mismo-en-goya-y-salta\/#primaryimage\"},\"image\":{\"@id\":\"http:\/\/elregionalvm.com.ar\/noticias-villa-maria\/zoe-cositorto-sale-de-gira-volvera-a-declarar-en-20-dias-y-haria-lo-mismo-en-goya-y-salta\/#primaryimage\"},\"thumbnailUrl\":\"https:\/\/i0.wp.com\/elregionalvm.com.ar\/noticias-villa-maria\/wp-content\/uploads\/2022\/04\/Cositorto-sale-de-tribunales.jpg?fit=1014%2C569&ssl=1\",\"datePublished\":\"2022-04-26T16:17:00+00:00\",\"dateModified\":\"2022-04-28T02:20:49+00:00\",\"author\":{\"@id\":\"http:\/\/elregionalvm.com.ar\/noticias-villa-maria\/#\/schema\/person\/d5e4b04966154131701e52c45d3efec9\"},\"breadcrumb\":{\"@id\":\"http:\/\/elregionalvm.com.ar\/noticias-villa-maria\/zoe-cositorto-sale-de-gira-volvera-a-declarar-en-20-dias-y-haria-lo-mismo-en-goya-y-salta\/#breadcrumb\"},\"inLanguage\":\"es\",\"potentialAction\":[{\"@type\":\"ReadAction\",\"target\":[\"http:\/\/elregionalvm.com.ar\/noticias-villa-maria\/zoe-cositorto-sale-de-gira-volvera-a-declarar-en-20-dias-y-haria-lo-mismo-en-goya-y-salta\/\"]}]},{\"@type\":\"ImageObject\",\"inLanguage\":\"es\",\"@id\":\"http:\/\/elregionalvm.com.ar\/noticias-villa-maria\/zoe-cositorto-sale-de-gira-volvera-a-declarar-en-20-dias-y-haria-lo-mismo-en-goya-y-salta\/#primaryimage\",\"url\":\"https:\/\/i0.wp.com\/elregionalvm.com.ar\/noticias-villa-maria\/wp-content\/uploads\/2022\/04\/Cositorto-sale-de-tribunales.jpg?fit=1014%2C569&ssl=1\",\"contentUrl\":\"https:\/\/i0.wp.com\/elregionalvm.com.ar\/noticias-villa-maria\/wp-content\/uploads\/2022\/04\/Cositorto-sale-de-tribunales.jpg?fit=1014%2C569&ssl=1\",\"width\":1014,\"height\":569},{\"@type\":\"BreadcrumbList\",\"@id\":\"http:\/\/elregionalvm.com.ar\/noticias-villa-maria\/zoe-cositorto-sale-de-gira-volvera-a-declarar-en-20-dias-y-haria-lo-mismo-en-goya-y-salta\/#breadcrumb\",\"itemListElement\":[{\"@type\":\"ListItem\",\"position\":1,\"name\":\"Portada\",\"item\":\"https:\/\/elregionalvm.com.ar\/noticias-villa-maria\/\"},{\"@type\":\"ListItem\",\"position\":2,\"name\":\"[ZOE] Cositorto sale de gira: Volver\u00e1 a declarar en 20 d\u00edas y har\u00eda lo mismo en Goya y Salta\"}]},{\"@type\":\"WebSite\",\"@id\":\"http:\/\/elregionalvm.com.ar\/noticias-villa-maria\/#website\",\"url\":\"http:\/\/elregionalvm.com.ar\/noticias-villa-maria\/\",\"name\":\"El Regional\",\"description\":\"Mucho m\u00e1s que informaci\u00f3n\",\"potentialAction\":[{\"@type\":\"SearchAction\",\"target\":{\"@type\":\"EntryPoint\",\"urlTemplate\":\"http:\/\/elregionalvm.com.ar\/noticias-villa-maria\/?s={search_term_string}\"},\"query-input\":{\"@type\":\"PropertyValueSpecification\",\"valueRequired\":true,\"valueName\":\"search_term_string\"}}],\"inLanguage\":\"es\"},{\"@type\":\"Person\",\"@id\":\"http:\/\/elregionalvm.com.ar\/noticias-villa-maria\/#\/schema\/person\/d5e4b04966154131701e52c45d3efec9\",\"name\":\"Germ\u00e1n Giacchero\",\"image\":{\"@type\":\"ImageObject\",\"inLanguage\":\"es\",\"@id\":\"http:\/\/elregionalvm.com.ar\/noticias-villa-maria\/#\/schema\/person\/image\/\",\"url\":\"https:\/\/secure.gravatar.com\/avatar\/fda163ba5ef0307ee5be9846e10f83b6e83d0cfb260d3b2464830318894c6b04?s=96&d=mm&r=g\",\"contentUrl\":\"https:\/\/secure.gravatar.com\/avatar\/fda163ba5ef0307ee5be9846e10f83b6e83d0cfb260d3b2464830318894c6b04?s=96&d=mm&r=g\",\"caption\":\"Germ\u00e1n Giacchero\"},\"url\":\"https:\/\/elregionalvm.com.ar\/noticias-villa-maria\/author\/germangiacchero\/\"}]}<\/script>\n<!-- \/ Yoast SEO plugin. -->","yoast_head_json":{"title":"[ZOE] Cositorto sale de gira: Volver\u00e1 a declarar en 20 d\u00edas y har\u00eda lo mismo en Goya y Salta - El Regional","robots":{"index":"index","follow":"follow","max-snippet":"max-snippet:-1","max-image-preview":"max-image-preview:large","max-video-preview":"max-video-preview:-1"},"canonical":"http:\/\/elregionalvm.com.ar\/noticias-villa-maria\/zoe-cositorto-sale-de-gira-volvera-a-declarar-en-20-dias-y-haria-lo-mismo-en-goya-y-salta\/","og_locale":"es_ES","og_type":"article","og_title":"[ZOE] Cositorto sale de gira: Volver\u00e1 a declarar en 20 d\u00edas y har\u00eda lo mismo en Goya y Salta - El Regional","og_description":"La causa investigada por Companys tendr\u00e1 otro cap\u00edtulo en la provincia de Corrientes, debido a que Cositorto deber\u00e1 declarar tambi\u00e9n en el juzgado de Goya. Hacia esa ciudad ser\u00e1 trasladado el jueves. Luego, har\u00eda lo propio en Salta, donde se ha iniciado otra causa.","og_url":"http:\/\/elregionalvm.com.ar\/noticias-villa-maria\/zoe-cositorto-sale-de-gira-volvera-a-declarar-en-20-dias-y-haria-lo-mismo-en-goya-y-salta\/","og_site_name":"El Regional","article_publisher":"https:\/\/www.facebook.com\/elregionalvm","article_published_time":"2022-04-26T16:17:00+00:00","article_modified_time":"2022-04-28T02:20:49+00:00","og_image":[{"width":1014,"height":569,"url":"http:\/\/elregionalvm.com.ar\/noticias-villa-maria\/wp-content\/uploads\/2022\/04\/Cositorto-sale-de-tribunales.jpg","type":"image\/jpeg"}],"author":"Germ\u00e1n Giacchero","twitter_card":"summary_large_image","twitter_creator":"@elregionalvm1","twitter_site":"@elregionalvm1","twitter_misc":{"Escrito por":"Germ\u00e1n Giacchero","Tiempo de lectura":"3 minutos"},"schema":{"@context":"https:\/\/schema.org","@graph":[{"@type":"Article","@id":"http:\/\/elregionalvm.com.ar\/noticias-villa-maria\/zoe-cositorto-sale-de-gira-volvera-a-declarar-en-20-dias-y-haria-lo-mismo-en-goya-y-salta\/#article","isPartOf":{"@id":"http:\/\/elregionalvm.com.ar\/noticias-villa-maria\/zoe-cositorto-sale-de-gira-volvera-a-declarar-en-20-dias-y-haria-lo-mismo-en-goya-y-salta\/"},"author":{"name":"Germ\u00e1n Giacchero","@id":"http:\/\/elregionalvm.com.ar\/noticias-villa-maria\/#\/schema\/person\/d5e4b04966154131701e52c45d3efec9"},"headline":"[ZOE] Cositorto sale de gira: Volver\u00e1 a declarar en 20 d\u00edas y har\u00eda lo mismo en Goya y Salta","datePublished":"2022-04-26T16:17:00+00:00","dateModified":"2022-04-28T02:20:49+00:00","mainEntityOfPage":{"@id":"http:\/\/elregionalvm.com.ar\/noticias-villa-maria\/zoe-cositorto-sale-de-gira-volvera-a-declarar-en-20-dias-y-haria-lo-mismo-en-goya-y-salta\/"},"wordCount":717,"commentCount":0,"image":{"@id":"http:\/\/elregionalvm.com.ar\/noticias-villa-maria\/zoe-cositorto-sale-de-gira-volvera-a-declarar-en-20-dias-y-haria-lo-mismo-en-goya-y-salta\/#primaryimage"},"thumbnailUrl":"https:\/\/i0.wp.com\/elregionalvm.com.ar\/noticias-villa-maria\/wp-content\/uploads\/2022\/04\/Cositorto-sale-de-tribunales.jpg?fit=1014%2C569&ssl=1","keywords":["asociaci\u00f3n il\u00edcita","Batista","Cositorto","declaraci\u00f3n indagatoria","Dragotto","estafa","Fiscal Juliana Companys","Pierri","Zoe"],"articleSection":["Policiales","tercera","Villa Mar\u00eda"],"inLanguage":"es","potentialAction":[{"@type":"CommentAction","name":"Comment","target":["http:\/\/elregionalvm.com.ar\/noticias-villa-maria\/zoe-cositorto-sale-de-gira-volvera-a-declarar-en-20-dias-y-haria-lo-mismo-en-goya-y-salta\/#respond"]}]},{"@type":"WebPage","@id":"http:\/\/elregionalvm.com.ar\/noticias-villa-maria\/zoe-cositorto-sale-de-gira-volvera-a-declarar-en-20-dias-y-haria-lo-mismo-en-goya-y-salta\/","url":"http:\/\/elregionalvm.com.ar\/noticias-villa-maria\/zoe-cositorto-sale-de-gira-volvera-a-declarar-en-20-dias-y-haria-lo-mismo-en-goya-y-salta\/","name":"[ZOE] Cositorto sale de gira: Volver\u00e1 a declarar en 20 d\u00edas y har\u00eda lo mismo en Goya y Salta - El Regional","isPartOf":{"@id":"http:\/\/elregionalvm.com.ar\/noticias-villa-maria\/#website"},"primaryImageOfPage":{"@id":"http:\/\/elregionalvm.com.ar\/noticias-villa-maria\/zoe-cositorto-sale-de-gira-volvera-a-declarar-en-20-dias-y-haria-lo-mismo-en-goya-y-salta\/#primaryimage"},"image":{"@id":"http:\/\/elregionalvm.com.ar\/noticias-villa-maria\/zoe-cositorto-sale-de-gira-volvera-a-declarar-en-20-dias-y-haria-lo-mismo-en-goya-y-salta\/#primaryimage"},"thumbnailUrl":"https:\/\/i0.wp.com\/elregionalvm.com.ar\/noticias-villa-maria\/wp-content\/uploads\/2022\/04\/Cositorto-sale-de-tribunales.jpg?fit=1014%2C569&ssl=1","datePublished":"2022-04-26T16:17:00+00:00","dateModified":"2022-04-28T02:20:49+00:00","author":{"@id":"http:\/\/elregionalvm.com.ar\/noticias-villa-maria\/#\/schema\/person\/d5e4b04966154131701e52c45d3efec9"},"breadcrumb":{"@id":"http:\/\/elregionalvm.com.ar\/noticias-villa-maria\/zoe-cositorto-sale-de-gira-volvera-a-declarar-en-20-dias-y-haria-lo-mismo-en-goya-y-salta\/#breadcrumb"},"inLanguage":"es","potentialAction":[{"@type":"ReadAction","target":["http:\/\/elregionalvm.com.ar\/noticias-villa-maria\/zoe-cositorto-sale-de-gira-volvera-a-declarar-en-20-dias-y-haria-lo-mismo-en-goya-y-salta\/"]}]},{"@type":"ImageObject","inLanguage":"es","@id":"http:\/\/elregionalvm.com.ar\/noticias-villa-maria\/zoe-cositorto-sale-de-gira-volvera-a-declarar-en-20-dias-y-haria-lo-mismo-en-goya-y-salta\/#primaryimage","url":"https:\/\/i0.wp.com\/elregionalvm.com.ar\/noticias-villa-maria\/wp-content\/uploads\/2022\/04\/Cositorto-sale-de-tribunales.jpg?fit=1014%2C569&ssl=1","contentUrl":"https:\/\/i0.wp.com\/elregionalvm.com.ar\/noticias-villa-maria\/wp-content\/uploads\/2022\/04\/Cositorto-sale-de-tribunales.jpg?fit=1014%2C569&ssl=1","width":1014,"height":569},{"@type":"BreadcrumbList","@id":"http:\/\/elregionalvm.com.ar\/noticias-villa-maria\/zoe-cositorto-sale-de-gira-volvera-a-declarar-en-20-dias-y-haria-lo-mismo-en-goya-y-salta\/#breadcrumb","itemListElement":[{"@type":"ListItem","position":1,"name":"Portada","item":"https:\/\/elregionalvm.com.ar\/noticias-villa-maria\/"},{"@type":"ListItem","position":2,"name":"[ZOE] Cositorto sale de gira: Volver\u00e1 a declarar en 20 d\u00edas y har\u00eda lo mismo en Goya y Salta"}]},{"@type":"WebSite","@id":"http:\/\/elregionalvm.com.ar\/noticias-villa-maria\/#website","url":"http:\/\/elregionalvm.com.ar\/noticias-villa-maria\/","name":"El Regional","description":"Mucho m\u00e1s que informaci\u00f3n","potentialAction":[{"@type":"SearchAction","target":{"@type":"EntryPoint","urlTemplate":"http:\/\/elregionalvm.com.ar\/noticias-villa-maria\/?s={search_term_string}"},"query-input":{"@type":"PropertyValueSpecification","valueRequired":true,"valueName":"search_term_string"}}],"inLanguage":"es"},{"@type":"Person","@id":"http:\/\/elregionalvm.com.ar\/noticias-villa-maria\/#\/schema\/person\/d5e4b04966154131701e52c45d3efec9","name":"Germ\u00e1n Giacchero","image":{"@type":"ImageObject","inLanguage":"es","@id":"http:\/\/elregionalvm.com.ar\/noticias-villa-maria\/#\/schema\/person\/image\/","url":"https:\/\/secure.gravatar.com\/avatar\/fda163ba5ef0307ee5be9846e10f83b6e83d0cfb260d3b2464830318894c6b04?s=96&d=mm&r=g","contentUrl":"https:\/\/secure.gravatar.com\/avatar\/fda163ba5ef0307ee5be9846e10f83b6e83d0cfb260d3b2464830318894c6b04?s=96&d=mm&r=g","caption":"Germ\u00e1n Giacchero"},"url":"https:\/\/elregionalvm.com.ar\/noticias-villa-maria\/author\/germangiacchero\/"}]}},"jetpack_featured_media_url":"https:\/\/i0.wp.com\/elregionalvm.com.ar\/noticias-villa-maria\/wp-content\/uploads\/2022\/04\/Cositorto-sale-de-tribunales.jpg?fit=1014%2C569&ssl=1","jetpack_sharing_enabled":true,"_links":{"self":[{"href":"https:\/\/elregionalvm.com.ar\/noticias-villa-maria\/wp-json\/wp\/v2\/posts\/56317","targetHints":{"allow":["GET"]}}],"collection":[{"href":"https:\/\/elregionalvm.com.ar\/noticias-villa-maria\/wp-json\/wp\/v2\/posts"}],"about":[{"href":"https:\/\/elregionalvm.com.ar\/noticias-villa-maria\/wp-json\/wp\/v2\/types\/post"}],"author":[{"embeddable":true,"href":"https:\/\/elregionalvm.com.ar\/noticias-villa-maria\/wp-json\/wp\/v2\/users\/6"}],"replies":[{"embeddable":true,"href":"https:\/\/elregionalvm.com.ar\/noticias-villa-maria\/wp-json\/wp\/v2\/comments?post=56317"}],"version-history":[{"count":2,"href":"https:\/\/elregionalvm.com.ar\/noticias-villa-maria\/wp-json\/wp\/v2\/posts\/56317\/revisions"}],"predecessor-version":[{"id":56319,"href":"https:\/\/elregionalvm.com.ar\/noticias-villa-maria\/wp-json\/wp\/v2\/posts\/56317\/revisions\/56319"}],"wp:featuredmedia":[{"embeddable":true,"href":"https:\/\/elregionalvm.com.ar\/noticias-villa-maria\/wp-json\/wp\/v2\/media\/56249"}],"wp:attachment":[{"href":"https:\/\/elregionalvm.com.ar\/noticias-villa-maria\/wp-json\/wp\/v2\/media?parent=56317"}],"wp:term":[{"taxonomy":"category","embeddable":true,"href":"https:\/\/elregionalvm.com.ar\/noticias-villa-maria\/wp-json\/wp\/v2\/categories?post=56317"},{"taxonomy":"post_tag","embeddable":true,"href":"https:\/\/elregionalvm.com.ar\/noticias-villa-maria\/wp-json\/wp\/v2\/tags?post=56317"}],"curies":[{"name":"wp","href":"https:\/\/api.w.org\/{rel}","templated":true}]}}