{"id":56749,"date":"2022-05-04T22:02:42","date_gmt":"2022-05-04T22:02:42","guid":{"rendered":"https:\/\/elregionalvm.com.ar\/noticias-villa-maria\/?p=56749"},"modified":"2022-05-05T10:17:01","modified_gmt":"2022-05-05T10:17:01","slug":"ni-una-miga-dia-del-celiaco-los-avances-y-lo-que-falta-en-villa-maria-y-villa-nueva","status":"publish","type":"post","link":"https:\/\/elregionalvm.com.ar\/noticias-villa-maria\/ni-una-miga-dia-del-celiaco-los-avances-y-lo-que-falta-en-villa-maria-y-villa-nueva\/","title":{"rendered":"\u00abNi una miga\u00bb: D\u00eda del Cel\u00edaco, los avances y lo que falta en Villa Mar\u00eda y Villa Nueva"},"content":{"rendered":"\n<p><\/p>\n\n\n\n<p>En el d\u00eda de ayer se llev\u00f3 a cabo una reuni\u00f3n en el Concejo Deliberante de Villa Mar\u00eda convocada por un grupo de ediles de la ciudad que hicieron extensiva la invitaci\u00f3n para un trabajo en conjunto a representantes de Villa Nueva, as\u00ed como tambi\u00e9n a diferentes actores vinculados: personas diagnosticadas con la condici\u00f3n cel\u00edaca, comerciantes, nutricionistas y gastron\u00f3micos.<\/p>\n\n\n\n<p>A 10 a\u00f1os de la promulgaci\u00f3n de la ordenanza n\u00ba 6.777 que suplementa en Villa Mar\u00eda lo dispuesto por la ley 26.588, es preciso analizar y observar la necesidad de modificar y\/o actualizarla, adem\u00e1s de revisar su cumplimiento y evaluar sus efectos.<\/p>\n\n\n\n<p>En este encuentro se mencion\u00f3 una notable evoluci\u00f3n en cuanto a la diversidad de productos con logo y comercios con disponibilidad de estos, aunque contin\u00faa la brecha en los costos debido, en gran medida, a que son comercializados por primeras marcas.<\/p>\n\n\n\n<p>Los ni\u00f1os y adolescentes cuentan con opciones para comprar en los kioscos, sobre todo en las escuelas y, paulatinamente, se fue generando consciencia en espacios de eventos y reuniones gastron\u00f3micas. La tarea de difusi\u00f3n para la inclusi\u00f3n avanza lenta, pero firmemente.<\/p>\n\n\n\n<p><\/p>\n\n\n\n<figure class=\"wp-block-image size-full is-resized\"><img data-recalc-dims=\"1\" fetchpriority=\"high\" decoding=\"async\" src=\"https:\/\/i0.wp.com\/elregionalvm.com.ar\/noticias-villa-maria\/wp-content\/uploads\/2022\/05\/WhatsApp-Image-2022-05-04-at-5.54.24-PM.jpeg?resize=911%2C616&#038;ssl=1\" alt=\"\" class=\"wp-image-56751\" width=\"911\" height=\"616\" srcset=\"https:\/\/i0.wp.com\/elregionalvm.com.ar\/noticias-villa-maria\/wp-content\/uploads\/2022\/05\/WhatsApp-Image-2022-05-04-at-5.54.24-PM.jpeg?w=714&amp;ssl=1 714w, https:\/\/i0.wp.com\/elregionalvm.com.ar\/noticias-villa-maria\/wp-content\/uploads\/2022\/05\/WhatsApp-Image-2022-05-04-at-5.54.24-PM.jpeg?resize=300%2C203&amp;ssl=1 300w\" sizes=\"(max-width: 911px) 100vw, 911px\" \/><figcaption><em>La contaminaci\u00f3n cruzada se produce cuando un alimento sin gluten toma contacto con uno que s\u00ed lo tiene. <\/em><\/figcaption><\/figure>\n\n\n\n<p><\/p>\n\n\n\n<p><strong>Pasos a seguir<\/strong><\/p>\n\n\n\n<p>Se destac\u00f3 la necesidad de continuar trabajando la empat\u00eda en los comercios y valorar la inclusi\u00f3n de opciones saludables para todos los grupos con requerimientos alimenticios en cada local de venta de comidas con el objetivo de lograr que la sociedad de las dos villas sea un espacio para todos.<\/p>\n\n\n\n<p>Las acciones a seguir deben ir en este camino. Se propuso continuar con campa\u00f1as educativas de difusi\u00f3n desde diversos \u00e1mbitos, acercando informaci\u00f3n a locales y la sugerencia de abordarlo desde las escuelas.<\/p>\n\n\n\n<p>Entre los asistentes comprometidos a estas acciones asisti\u00f3 un ni\u00f1o de 10 a\u00f1os, diagnosticado a sus 2, quien relat\u00f3 en primera persona lo que es crecer siendo cel\u00edaco y c\u00f3mo sus compa\u00f1eros fueron aprendiendo con \u00e9l para que siempre estuviera incluido.<\/p>\n\n\n\n<p>Con gran claridad en la tem\u00e1tica, se expres\u00f3 B\u00e1rbara Lobo, nutricionista que ofrece un servicio de viandas sin gluten y autora de un libro que orienta a los cel\u00edacos o a quienes conviven con ellos en sus primeros pasos por este modo de vida.<\/p>\n\n\n\n<p>Queda mucho por mejorar, el prop\u00f3sito es claro y el compromiso debe ser de todos para hacer de nuestras ciudades un lugar amigable con todos sus habitantes y quienes lo visiten.<\/p>\n\n\n\n<p><\/p>\n\n\n\n<figure class=\"wp-block-image size-full\"><img data-recalc-dims=\"1\" decoding=\"async\" width=\"1000\" height=\"665\" src=\"https:\/\/i0.wp.com\/elregionalvm.com.ar\/noticias-villa-maria\/wp-content\/uploads\/2022\/05\/sin-gluten-celiaco.jpg?resize=1000%2C665&#038;ssl=1\" alt=\"\" class=\"wp-image-56756\" srcset=\"https:\/\/i0.wp.com\/elregionalvm.com.ar\/noticias-villa-maria\/wp-content\/uploads\/2022\/05\/sin-gluten-celiaco.jpg?w=1000&amp;ssl=1 1000w, https:\/\/i0.wp.com\/elregionalvm.com.ar\/noticias-villa-maria\/wp-content\/uploads\/2022\/05\/sin-gluten-celiaco.jpg?resize=300%2C200&amp;ssl=1 300w, https:\/\/i0.wp.com\/elregionalvm.com.ar\/noticias-villa-maria\/wp-content\/uploads\/2022\/05\/sin-gluten-celiaco.jpg?resize=768%2C511&amp;ssl=1 768w\" sizes=\"(max-width: 1000px) 100vw, 1000px\" \/><figcaption><em>El ingrediente que ocasiona la reacci\u00f3n es el gluten presente en el trigo, la avena, la cebada y el centeno (TACC).<\/em><\/figcaption><\/figure>\n\n\n\n<p><\/p>\n\n\n\n<p><strong>Recordemos algunas generalidades:<\/strong><\/p>\n\n\n\n<p>La celiaqu\u00eda es una condici\u00f3n que requiere una estricta dieta permanente en quienes son diagnosticados. El ingrediente que ocasiona la reacci\u00f3n es el gluten presente en el trigo, la avena, la cebada y el centeno (TACC).<\/p>\n\n\n\n<p>Las personas con esta condici\u00f3n no tienen \u201cpermitidos\u201d ni \u201cgrados\u201d, son cel\u00edacos y no pueden consumir alimentos que contengan gluten o hayan compartido su proceso de elaboraci\u00f3n con este (instrumentos, aditivos, conservantes, colorantes, condimentos, etc.).<\/p>\n\n\n\n<p>La contaminaci\u00f3n cruzada se produce cuando un alimento sin gluten toma contacto con uno que s\u00ed lo tiene al estar en la misma superficie, cocinarse en el mismo recipiente, al caer migas o restos de ingredientes con gluten en utensilios o en la propia comida, por ejemplo.<\/p>\n\n\n\n<p><\/p>\n\n\n\n<figure class=\"wp-block-embed is-type-wp-embed is-provider-el-regional wp-block-embed-el-regional\"><div class=\"wp-block-embed__wrapper\">\n<blockquote class=\"wp-embedded-content\" data-secret=\"HSoyOTjUNh\"><a href=\"https:\/\/elregionalvm.com.ar\/noticias-villa-maria\/cronica-de-un-celiaco-una-odisea-para-salir-a-comer-afuera\/\">Cr\u00f3nica de un cel\u00edaco: una odisea para salir a comer afuera<\/a><\/blockquote><iframe class=\"wp-embedded-content\" sandbox=\"allow-scripts\" security=\"restricted\" style=\"position: absolute; clip: rect(1px, 1px, 1px, 1px);\" title=\"\u00abCr\u00f3nica de un cel\u00edaco: una odisea para salir a comer afuera\u00bb \u2014 El Regional\" src=\"https:\/\/elregionalvm.com.ar\/noticias-villa-maria\/cronica-de-un-celiaco-una-odisea-para-salir-a-comer-afuera\/embed\/#?secret=HpT327ICrE#?secret=HSoyOTjUNh\" data-secret=\"HSoyOTjUNh\" width=\"500\" height=\"282\" frameborder=\"0\" marginwidth=\"0\" marginheight=\"0\" scrolling=\"no\"><\/iframe>\n<\/div><\/figure>\n\n\n\n<p><\/p>\n\n\n\n<p>Solo se llega al diagn\u00f3stico mediante el chequeo m\u00e9dico. La dieta sin gluten solo se indica a pacientes con esta condici\u00f3n.<\/p>\n\n\n\n<p>El da\u00f1o se ubica a nivel intestinal, pero sus efectos se observan de diversas maneras en cada persona.<\/p>\n\n\n\n<p>Los cel\u00edacos ven afectada su salud emocional al sentir limitaciones o la exclusi\u00f3n de la sociedad. En nuestra cultura van de la mano la reuni\u00f3n y la comida, por eso es importante y tarea colectiva contribuir en la construcci\u00f3n de espacios amigables con todos.<\/p>\n","protected":false},"excerpt":{"rendered":"<p>En el d\u00eda de ayer se llev\u00f3 a cabo una reuni\u00f3n en el Concejo Deliberante de Villa Mar\u00eda convocada por un grupo de ediles de la ciudad que hicieron extensiva la invitaci\u00f3n para un trabajo en conjunto a representantes de Villa Nueva, as\u00ed como tambi\u00e9n a diferentes actores vinculados: personas diagnosticadas con la condici\u00f3n cel\u00edaca, [&hellip;]<\/p>\n","protected":false},"author":4,"featured_media":56755,"comment_status":"open","ping_status":"open","sticky":false,"template":"","format":"standard","meta":{"site-sidebar-layout":"default","site-content-layout":"","ast-site-content-layout":"default","site-content-style":"default","site-sidebar-style":"default","ast-global-header-display":"","ast-banner-title-visibility":"","ast-main-header-display":"","ast-hfb-above-header-display":"","ast-hfb-below-header-display":"","ast-hfb-mobile-header-display":"","site-post-title":"","ast-breadcrumbs-content":"","ast-featured-img":"","footer-sml-layout":"","ast-disable-related-posts":"","theme-transparent-header-meta":"","adv-header-id-meta":"","stick-header-meta":"","header-above-stick-meta":"","header-main-stick-meta":"","header-below-stick-meta":"","astra-migrate-meta-layouts":"default","ast-page-background-enabled":"default","ast-page-background-meta":{"desktop":{"background-color":"","background-image":"","background-repeat":"repeat","background-position":"center center","background-size":"auto","background-attachment":"scroll","background-type":"","background-media":"","overlay-type":"","overlay-color":"","overlay-opacity":"","overlay-gradient":""},"tablet":{"background-color":"","background-image":"","background-repeat":"repeat","background-position":"center center","background-size":"auto","background-attachment":"scroll","background-type":"","background-media":"","overlay-type":"","overlay-color":"","overlay-opacity":"","overlay-gradient":""},"mobile":{"background-color":"","background-image":"","background-repeat":"repeat","background-position":"center center","background-size":"auto","background-attachment":"scroll","background-type":"","background-media":"","overlay-type":"","overlay-color":"","overlay-opacity":"","overlay-gradient":""}},"ast-content-background-meta":{"desktop":{"background-color":"var(--ast-global-color-5)","background-image":"","background-repeat":"repeat","background-position":"center center","background-size":"auto","background-attachment":"scroll","background-type":"","background-media":"","overlay-type":"","overlay-color":"","overlay-opacity":"","overlay-gradient":""},"tablet":{"background-color":"var(--ast-global-color-5)","background-image":"","background-repeat":"repeat","background-position":"center center","background-size":"auto","background-attachment":"scroll","background-type":"","background-media":"","overlay-type":"","overlay-color":"","overlay-opacity":"","overlay-gradient":""},"mobile":{"background-color":"var(--ast-global-color-5)","background-image":"","background-repeat":"repeat","background-position":"center center","background-size":"auto","background-attachment":"scroll","background-type":"","background-media":"","overlay-type":"","overlay-color":"","overlay-opacity":"","overlay-gradient":""}},"_jetpack_memberships_contains_paid_content":false,"_joinchat":[],"footnotes":""},"categories":[9869,2323,2],"tags":[5423,6451,1597,12243,4286,15229,15231,11718,2133,15230,534,232],"class_list":["post-56749","post","type-post","status-publish","format-standard","has-post-thumbnail","hentry","category-buena-vida","category-notas-secundarias","category-villa-maria","tag-avances","tag-celiaco","tag-concejo-deliberante","tag-cuidados","tag-gastronomia","tag-gluten","tag-ni-una-miga","tag-nutricion","tag-salud","tag-tacc","tag-villa-maria","tag-villa-nueva"],"yoast_head":"<!-- This site is optimized with the Yoast SEO plugin v26.8 - https:\/\/yoast.com\/product\/yoast-seo-wordpress\/ -->\n<title>&quot;Ni una miga&quot;: D\u00eda del Cel\u00edaco, los avances y lo que falta en Villa Mar\u00eda y Villa Nueva - El Regional<\/title>\n<meta name=\"robots\" content=\"index, follow, max-snippet:-1, max-image-preview:large, max-video-preview:-1\" \/>\n<link rel=\"canonical\" href=\"http:\/\/elregionalvm.com.ar\/noticias-villa-maria\/ni-una-miga-dia-del-celiaco-los-avances-y-lo-que-falta-en-villa-maria-y-villa-nueva\/\" \/>\n<meta property=\"og:locale\" content=\"es_ES\" \/>\n<meta property=\"og:type\" content=\"article\" \/>\n<meta property=\"og:title\" content=\"&quot;Ni una miga&quot;: D\u00eda del Cel\u00edaco, los avances y lo que falta en Villa Mar\u00eda y Villa Nueva - El Regional\" \/>\n<meta property=\"og:description\" content=\"En el d\u00eda de ayer se llev\u00f3 a cabo una reuni\u00f3n en el Concejo Deliberante de Villa Mar\u00eda convocada por un grupo de ediles de la ciudad que hicieron extensiva la invitaci\u00f3n para un trabajo en conjunto a representantes de Villa Nueva, as\u00ed como tambi\u00e9n a diferentes actores vinculados: personas diagnosticadas con la condici\u00f3n cel\u00edaca, [&hellip;]\" \/>\n<meta property=\"og:url\" content=\"http:\/\/elregionalvm.com.ar\/noticias-villa-maria\/ni-una-miga-dia-del-celiaco-los-avances-y-lo-que-falta-en-villa-maria-y-villa-nueva\/\" \/>\n<meta property=\"og:site_name\" content=\"El Regional\" \/>\n<meta property=\"article:publisher\" content=\"https:\/\/www.facebook.com\/elregionalvm\" \/>\n<meta property=\"article:published_time\" content=\"2022-05-04T22:02:42+00:00\" \/>\n<meta property=\"article:modified_time\" content=\"2022-05-05T10:17:01+00:00\" \/>\n<meta property=\"og:image\" content=\"http:\/\/elregionalvm.com.ar\/noticias-villa-maria\/wp-content\/uploads\/2022\/05\/Nino-celiaco.jpg\" \/>\n\t<meta property=\"og:image:width\" content=\"1296\" \/>\n\t<meta property=\"og:image:height\" content=\"630\" \/>\n\t<meta property=\"og:image:type\" content=\"image\/jpeg\" \/>\n<meta name=\"author\" content=\"Contenidos El Regional\" \/>\n<meta name=\"twitter:card\" content=\"summary_large_image\" \/>\n<meta name=\"twitter:creator\" content=\"@elregionalvm1\" \/>\n<meta name=\"twitter:site\" content=\"@elregionalvm1\" \/>\n<meta name=\"twitter:label1\" content=\"Escrito por\" \/>\n\t<meta name=\"twitter:data1\" content=\"Contenidos El Regional\" \/>\n\t<meta name=\"twitter:label2\" content=\"Tiempo de lectura\" \/>\n\t<meta name=\"twitter:data2\" content=\"3 minutos\" \/>\n<script type=\"application\/ld+json\" class=\"yoast-schema-graph\">{\"@context\":\"https:\/\/schema.org\",\"@graph\":[{\"@type\":\"Article\",\"@id\":\"http:\/\/elregionalvm.com.ar\/noticias-villa-maria\/ni-una-miga-dia-del-celiaco-los-avances-y-lo-que-falta-en-villa-maria-y-villa-nueva\/#article\",\"isPartOf\":{\"@id\":\"http:\/\/elregionalvm.com.ar\/noticias-villa-maria\/ni-una-miga-dia-del-celiaco-los-avances-y-lo-que-falta-en-villa-maria-y-villa-nueva\/\"},\"author\":{\"name\":\"Contenidos El Regional\",\"@id\":\"http:\/\/elregionalvm.com.ar\/noticias-villa-maria\/#\/schema\/person\/a0fb9c422317faca23d50163151bc354\"},\"headline\":\"\u00abNi una miga\u00bb: D\u00eda del Cel\u00edaco, los avances y lo que falta en Villa Mar\u00eda y Villa Nueva\",\"datePublished\":\"2022-05-04T22:02:42+00:00\",\"dateModified\":\"2022-05-05T10:17:01+00:00\",\"mainEntityOfPage\":{\"@id\":\"http:\/\/elregionalvm.com.ar\/noticias-villa-maria\/ni-una-miga-dia-del-celiaco-los-avances-y-lo-que-falta-en-villa-maria-y-villa-nueva\/\"},\"wordCount\":699,\"commentCount\":0,\"image\":{\"@id\":\"http:\/\/elregionalvm.com.ar\/noticias-villa-maria\/ni-una-miga-dia-del-celiaco-los-avances-y-lo-que-falta-en-villa-maria-y-villa-nueva\/#primaryimage\"},\"thumbnailUrl\":\"https:\/\/i0.wp.com\/elregionalvm.com.ar\/noticias-villa-maria\/wp-content\/uploads\/2022\/05\/Nino-celiaco.jpg?fit=1296%2C630&ssl=1\",\"keywords\":[\"avances\",\"cel\u00edaco\",\"Concejo Deliberante\",\"cuidados\",\"Gastronom\u00eda\",\"gluten\",\"ni una miga\",\"nutrici\u00f3n\",\"salud\",\"TACC\",\"villa maria\",\"VILLA NUEVA\"],\"articleSection\":[\"Buena vida\",\"Notas\",\"Villa Mar\u00eda\"],\"inLanguage\":\"es\",\"potentialAction\":[{\"@type\":\"CommentAction\",\"name\":\"Comment\",\"target\":[\"http:\/\/elregionalvm.com.ar\/noticias-villa-maria\/ni-una-miga-dia-del-celiaco-los-avances-y-lo-que-falta-en-villa-maria-y-villa-nueva\/#respond\"]}]},{\"@type\":\"WebPage\",\"@id\":\"http:\/\/elregionalvm.com.ar\/noticias-villa-maria\/ni-una-miga-dia-del-celiaco-los-avances-y-lo-que-falta-en-villa-maria-y-villa-nueva\/\",\"url\":\"http:\/\/elregionalvm.com.ar\/noticias-villa-maria\/ni-una-miga-dia-del-celiaco-los-avances-y-lo-que-falta-en-villa-maria-y-villa-nueva\/\",\"name\":\"\\\"Ni una miga\\\": D\u00eda del Cel\u00edaco, los avances y lo que falta en Villa Mar\u00eda y Villa Nueva - El Regional\",\"isPartOf\":{\"@id\":\"http:\/\/elregionalvm.com.ar\/noticias-villa-maria\/#website\"},\"primaryImageOfPage\":{\"@id\":\"http:\/\/elregionalvm.com.ar\/noticias-villa-maria\/ni-una-miga-dia-del-celiaco-los-avances-y-lo-que-falta-en-villa-maria-y-villa-nueva\/#primaryimage\"},\"image\":{\"@id\":\"http:\/\/elregionalvm.com.ar\/noticias-villa-maria\/ni-una-miga-dia-del-celiaco-los-avances-y-lo-que-falta-en-villa-maria-y-villa-nueva\/#primaryimage\"},\"thumbnailUrl\":\"https:\/\/i0.wp.com\/elregionalvm.com.ar\/noticias-villa-maria\/wp-content\/uploads\/2022\/05\/Nino-celiaco.jpg?fit=1296%2C630&ssl=1\",\"datePublished\":\"2022-05-04T22:02:42+00:00\",\"dateModified\":\"2022-05-05T10:17:01+00:00\",\"author\":{\"@id\":\"http:\/\/elregionalvm.com.ar\/noticias-villa-maria\/#\/schema\/person\/a0fb9c422317faca23d50163151bc354\"},\"breadcrumb\":{\"@id\":\"http:\/\/elregionalvm.com.ar\/noticias-villa-maria\/ni-una-miga-dia-del-celiaco-los-avances-y-lo-que-falta-en-villa-maria-y-villa-nueva\/#breadcrumb\"},\"inLanguage\":\"es\",\"potentialAction\":[{\"@type\":\"ReadAction\",\"target\":[\"http:\/\/elregionalvm.com.ar\/noticias-villa-maria\/ni-una-miga-dia-del-celiaco-los-avances-y-lo-que-falta-en-villa-maria-y-villa-nueva\/\"]}]},{\"@type\":\"ImageObject\",\"inLanguage\":\"es\",\"@id\":\"http:\/\/elregionalvm.com.ar\/noticias-villa-maria\/ni-una-miga-dia-del-celiaco-los-avances-y-lo-que-falta-en-villa-maria-y-villa-nueva\/#primaryimage\",\"url\":\"https:\/\/i0.wp.com\/elregionalvm.com.ar\/noticias-villa-maria\/wp-content\/uploads\/2022\/05\/Nino-celiaco.jpg?fit=1296%2C630&ssl=1\",\"contentUrl\":\"https:\/\/i0.wp.com\/elregionalvm.com.ar\/noticias-villa-maria\/wp-content\/uploads\/2022\/05\/Nino-celiaco.jpg?fit=1296%2C630&ssl=1\",\"width\":1296,\"height\":630},{\"@type\":\"BreadcrumbList\",\"@id\":\"http:\/\/elregionalvm.com.ar\/noticias-villa-maria\/ni-una-miga-dia-del-celiaco-los-avances-y-lo-que-falta-en-villa-maria-y-villa-nueva\/#breadcrumb\",\"itemListElement\":[{\"@type\":\"ListItem\",\"position\":1,\"name\":\"Portada\",\"item\":\"https:\/\/elregionalvm.com.ar\/noticias-villa-maria\/\"},{\"@type\":\"ListItem\",\"position\":2,\"name\":\"&#8220;Ni una miga&#8221;: D\u00eda del Cel\u00edaco, los avances y lo que falta en Villa Mar\u00eda y Villa Nueva\"}]},{\"@type\":\"WebSite\",\"@id\":\"http:\/\/elregionalvm.com.ar\/noticias-villa-maria\/#website\",\"url\":\"http:\/\/elregionalvm.com.ar\/noticias-villa-maria\/\",\"name\":\"El Regional\",\"description\":\"Mucho m\u00e1s que informaci\u00f3n\",\"potentialAction\":[{\"@type\":\"SearchAction\",\"target\":{\"@type\":\"EntryPoint\",\"urlTemplate\":\"http:\/\/elregionalvm.com.ar\/noticias-villa-maria\/?s={search_term_string}\"},\"query-input\":{\"@type\":\"PropertyValueSpecification\",\"valueRequired\":true,\"valueName\":\"search_term_string\"}}],\"inLanguage\":\"es\"},{\"@type\":\"Person\",\"@id\":\"http:\/\/elregionalvm.com.ar\/noticias-villa-maria\/#\/schema\/person\/a0fb9c422317faca23d50163151bc354\",\"name\":\"Contenidos El Regional\",\"image\":{\"@type\":\"ImageObject\",\"inLanguage\":\"es\",\"@id\":\"http:\/\/elregionalvm.com.ar\/noticias-villa-maria\/#\/schema\/person\/image\/\",\"url\":\"https:\/\/secure.gravatar.com\/avatar\/265b27cb2209af7bb3a1318f03305787d7981a5cc6e6cd08fe5a4ecdf99d4b48?s=96&d=mm&r=g\",\"contentUrl\":\"https:\/\/secure.gravatar.com\/avatar\/265b27cb2209af7bb3a1318f03305787d7981a5cc6e6cd08fe5a4ecdf99d4b48?s=96&d=mm&r=g\",\"caption\":\"Contenidos El Regional\"},\"url\":\"https:\/\/elregionalvm.com.ar\/noticias-villa-maria\/author\/contenido\/\"}]}<\/script>\n<!-- \/ Yoast SEO plugin. -->","yoast_head_json":{"title":"\"Ni una miga\": D\u00eda del Cel\u00edaco, los avances y lo que falta en Villa Mar\u00eda y Villa Nueva - El Regional","robots":{"index":"index","follow":"follow","max-snippet":"max-snippet:-1","max-image-preview":"max-image-preview:large","max-video-preview":"max-video-preview:-1"},"canonical":"http:\/\/elregionalvm.com.ar\/noticias-villa-maria\/ni-una-miga-dia-del-celiaco-los-avances-y-lo-que-falta-en-villa-maria-y-villa-nueva\/","og_locale":"es_ES","og_type":"article","og_title":"\"Ni una miga\": D\u00eda del Cel\u00edaco, los avances y lo que falta en Villa Mar\u00eda y Villa Nueva - El Regional","og_description":"En el d\u00eda de ayer se llev\u00f3 a cabo una reuni\u00f3n en el Concejo Deliberante de Villa Mar\u00eda convocada por un grupo de ediles de la ciudad que hicieron extensiva la invitaci\u00f3n para un trabajo en conjunto a representantes de Villa Nueva, as\u00ed como tambi\u00e9n a diferentes actores vinculados: personas diagnosticadas con la condici\u00f3n cel\u00edaca, [&hellip;]","og_url":"http:\/\/elregionalvm.com.ar\/noticias-villa-maria\/ni-una-miga-dia-del-celiaco-los-avances-y-lo-que-falta-en-villa-maria-y-villa-nueva\/","og_site_name":"El Regional","article_publisher":"https:\/\/www.facebook.com\/elregionalvm","article_published_time":"2022-05-04T22:02:42+00:00","article_modified_time":"2022-05-05T10:17:01+00:00","og_image":[{"width":1296,"height":630,"url":"http:\/\/elregionalvm.com.ar\/noticias-villa-maria\/wp-content\/uploads\/2022\/05\/Nino-celiaco.jpg","type":"image\/jpeg"}],"author":"Contenidos El Regional","twitter_card":"summary_large_image","twitter_creator":"@elregionalvm1","twitter_site":"@elregionalvm1","twitter_misc":{"Escrito por":"Contenidos El Regional","Tiempo de lectura":"3 minutos"},"schema":{"@context":"https:\/\/schema.org","@graph":[{"@type":"Article","@id":"http:\/\/elregionalvm.com.ar\/noticias-villa-maria\/ni-una-miga-dia-del-celiaco-los-avances-y-lo-que-falta-en-villa-maria-y-villa-nueva\/#article","isPartOf":{"@id":"http:\/\/elregionalvm.com.ar\/noticias-villa-maria\/ni-una-miga-dia-del-celiaco-los-avances-y-lo-que-falta-en-villa-maria-y-villa-nueva\/"},"author":{"name":"Contenidos El Regional","@id":"http:\/\/elregionalvm.com.ar\/noticias-villa-maria\/#\/schema\/person\/a0fb9c422317faca23d50163151bc354"},"headline":"\u00abNi una miga\u00bb: D\u00eda del Cel\u00edaco, los avances y lo que falta en Villa Mar\u00eda y Villa Nueva","datePublished":"2022-05-04T22:02:42+00:00","dateModified":"2022-05-05T10:17:01+00:00","mainEntityOfPage":{"@id":"http:\/\/elregionalvm.com.ar\/noticias-villa-maria\/ni-una-miga-dia-del-celiaco-los-avances-y-lo-que-falta-en-villa-maria-y-villa-nueva\/"},"wordCount":699,"commentCount":0,"image":{"@id":"http:\/\/elregionalvm.com.ar\/noticias-villa-maria\/ni-una-miga-dia-del-celiaco-los-avances-y-lo-que-falta-en-villa-maria-y-villa-nueva\/#primaryimage"},"thumbnailUrl":"https:\/\/i0.wp.com\/elregionalvm.com.ar\/noticias-villa-maria\/wp-content\/uploads\/2022\/05\/Nino-celiaco.jpg?fit=1296%2C630&ssl=1","keywords":["avances","cel\u00edaco","Concejo Deliberante","cuidados","Gastronom\u00eda","gluten","ni una miga","nutrici\u00f3n","salud","TACC","villa maria","VILLA NUEVA"],"articleSection":["Buena vida","Notas","Villa Mar\u00eda"],"inLanguage":"es","potentialAction":[{"@type":"CommentAction","name":"Comment","target":["http:\/\/elregionalvm.com.ar\/noticias-villa-maria\/ni-una-miga-dia-del-celiaco-los-avances-y-lo-que-falta-en-villa-maria-y-villa-nueva\/#respond"]}]},{"@type":"WebPage","@id":"http:\/\/elregionalvm.com.ar\/noticias-villa-maria\/ni-una-miga-dia-del-celiaco-los-avances-y-lo-que-falta-en-villa-maria-y-villa-nueva\/","url":"http:\/\/elregionalvm.com.ar\/noticias-villa-maria\/ni-una-miga-dia-del-celiaco-los-avances-y-lo-que-falta-en-villa-maria-y-villa-nueva\/","name":"\"Ni una miga\": D\u00eda del Cel\u00edaco, los avances y lo que falta en Villa Mar\u00eda y Villa Nueva - El Regional","isPartOf":{"@id":"http:\/\/elregionalvm.com.ar\/noticias-villa-maria\/#website"},"primaryImageOfPage":{"@id":"http:\/\/elregionalvm.com.ar\/noticias-villa-maria\/ni-una-miga-dia-del-celiaco-los-avances-y-lo-que-falta-en-villa-maria-y-villa-nueva\/#primaryimage"},"image":{"@id":"http:\/\/elregionalvm.com.ar\/noticias-villa-maria\/ni-una-miga-dia-del-celiaco-los-avances-y-lo-que-falta-en-villa-maria-y-villa-nueva\/#primaryimage"},"thumbnailUrl":"https:\/\/i0.wp.com\/elregionalvm.com.ar\/noticias-villa-maria\/wp-content\/uploads\/2022\/05\/Nino-celiaco.jpg?fit=1296%2C630&ssl=1","datePublished":"2022-05-04T22:02:42+00:00","dateModified":"2022-05-05T10:17:01+00:00","author":{"@id":"http:\/\/elregionalvm.com.ar\/noticias-villa-maria\/#\/schema\/person\/a0fb9c422317faca23d50163151bc354"},"breadcrumb":{"@id":"http:\/\/elregionalvm.com.ar\/noticias-villa-maria\/ni-una-miga-dia-del-celiaco-los-avances-y-lo-que-falta-en-villa-maria-y-villa-nueva\/#breadcrumb"},"inLanguage":"es","potentialAction":[{"@type":"ReadAction","target":["http:\/\/elregionalvm.com.ar\/noticias-villa-maria\/ni-una-miga-dia-del-celiaco-los-avances-y-lo-que-falta-en-villa-maria-y-villa-nueva\/"]}]},{"@type":"ImageObject","inLanguage":"es","@id":"http:\/\/elregionalvm.com.ar\/noticias-villa-maria\/ni-una-miga-dia-del-celiaco-los-avances-y-lo-que-falta-en-villa-maria-y-villa-nueva\/#primaryimage","url":"https:\/\/i0.wp.com\/elregionalvm.com.ar\/noticias-villa-maria\/wp-content\/uploads\/2022\/05\/Nino-celiaco.jpg?fit=1296%2C630&ssl=1","contentUrl":"https:\/\/i0.wp.com\/elregionalvm.com.ar\/noticias-villa-maria\/wp-content\/uploads\/2022\/05\/Nino-celiaco.jpg?fit=1296%2C630&ssl=1","width":1296,"height":630},{"@type":"BreadcrumbList","@id":"http:\/\/elregionalvm.com.ar\/noticias-villa-maria\/ni-una-miga-dia-del-celiaco-los-avances-y-lo-que-falta-en-villa-maria-y-villa-nueva\/#breadcrumb","itemListElement":[{"@type":"ListItem","position":1,"name":"Portada","item":"https:\/\/elregionalvm.com.ar\/noticias-villa-maria\/"},{"@type":"ListItem","position":2,"name":"&#8220;Ni una miga&#8221;: D\u00eda del Cel\u00edaco, los avances y lo que falta en Villa Mar\u00eda y Villa Nueva"}]},{"@type":"WebSite","@id":"http:\/\/elregionalvm.com.ar\/noticias-villa-maria\/#website","url":"http:\/\/elregionalvm.com.ar\/noticias-villa-maria\/","name":"El Regional","description":"Mucho m\u00e1s que informaci\u00f3n","potentialAction":[{"@type":"SearchAction","target":{"@type":"EntryPoint","urlTemplate":"http:\/\/elregionalvm.com.ar\/noticias-villa-maria\/?s={search_term_string}"},"query-input":{"@type":"PropertyValueSpecification","valueRequired":true,"valueName":"search_term_string"}}],"inLanguage":"es"},{"@type":"Person","@id":"http:\/\/elregionalvm.com.ar\/noticias-villa-maria\/#\/schema\/person\/a0fb9c422317faca23d50163151bc354","name":"Contenidos El Regional","image":{"@type":"ImageObject","inLanguage":"es","@id":"http:\/\/elregionalvm.com.ar\/noticias-villa-maria\/#\/schema\/person\/image\/","url":"https:\/\/secure.gravatar.com\/avatar\/265b27cb2209af7bb3a1318f03305787d7981a5cc6e6cd08fe5a4ecdf99d4b48?s=96&d=mm&r=g","contentUrl":"https:\/\/secure.gravatar.com\/avatar\/265b27cb2209af7bb3a1318f03305787d7981a5cc6e6cd08fe5a4ecdf99d4b48?s=96&d=mm&r=g","caption":"Contenidos El Regional"},"url":"https:\/\/elregionalvm.com.ar\/noticias-villa-maria\/author\/contenido\/"}]}},"jetpack_featured_media_url":"https:\/\/i0.wp.com\/elregionalvm.com.ar\/noticias-villa-maria\/wp-content\/uploads\/2022\/05\/Nino-celiaco.jpg?fit=1296%2C630&ssl=1","jetpack_sharing_enabled":true,"_links":{"self":[{"href":"https:\/\/elregionalvm.com.ar\/noticias-villa-maria\/wp-json\/wp\/v2\/posts\/56749","targetHints":{"allow":["GET"]}}],"collection":[{"href":"https:\/\/elregionalvm.com.ar\/noticias-villa-maria\/wp-json\/wp\/v2\/posts"}],"about":[{"href":"https:\/\/elregionalvm.com.ar\/noticias-villa-maria\/wp-json\/wp\/v2\/types\/post"}],"author":[{"embeddable":true,"href":"https:\/\/elregionalvm.com.ar\/noticias-villa-maria\/wp-json\/wp\/v2\/users\/4"}],"replies":[{"embeddable":true,"href":"https:\/\/elregionalvm.com.ar\/noticias-villa-maria\/wp-json\/wp\/v2\/comments?post=56749"}],"version-history":[{"count":3,"href":"https:\/\/elregionalvm.com.ar\/noticias-villa-maria\/wp-json\/wp\/v2\/posts\/56749\/revisions"}],"predecessor-version":[{"id":56758,"href":"https:\/\/elregionalvm.com.ar\/noticias-villa-maria\/wp-json\/wp\/v2\/posts\/56749\/revisions\/56758"}],"wp:featuredmedia":[{"embeddable":true,"href":"https:\/\/elregionalvm.com.ar\/noticias-villa-maria\/wp-json\/wp\/v2\/media\/56755"}],"wp:attachment":[{"href":"https:\/\/elregionalvm.com.ar\/noticias-villa-maria\/wp-json\/wp\/v2\/media?parent=56749"}],"wp:term":[{"taxonomy":"category","embeddable":true,"href":"https:\/\/elregionalvm.com.ar\/noticias-villa-maria\/wp-json\/wp\/v2\/categories?post=56749"},{"taxonomy":"post_tag","embeddable":true,"href":"https:\/\/elregionalvm.com.ar\/noticias-villa-maria\/wp-json\/wp\/v2\/tags?post=56749"}],"curies":[{"name":"wp","href":"https:\/\/api.w.org\/{rel}","templated":true}]}}