{"id":57691,"date":"2022-05-20T15:22:41","date_gmt":"2022-05-20T15:22:41","guid":{"rendered":"https:\/\/elregionalvm.com.ar\/noticias-villa-maria\/?p=57691"},"modified":"2022-05-24T01:11:26","modified_gmt":"2022-05-24T01:11:26","slug":"argentinadas-oye-tu-adios-al-cordobes-basico","status":"publish","type":"post","link":"https:\/\/elregionalvm.com.ar\/noticias-villa-maria\/argentinadas-oye-tu-adios-al-cordobes-basico\/","title":{"rendered":"[Argentinadas] \u201cOye t\u00fa\u201d, adi\u00f3s al cordob\u00e9s b\u00e1sico \u00a0"},"content":{"rendered":"\n<p><\/p>\n\n\n\n<p><strong>Escribe: Raquel Baratelli<\/strong><\/p>\n\n\n\n<p><\/p>\n\n\n\n<p>Entre autobuses, albercas y pasteles, los cordobesitos de hoy en d\u00eda, influenciados por los dibujitos animados, van por la globalizaci\u00f3n del idioma.<\/p>\n\n\n\n<p>Esos \u201clocos bajitos\u201d han dejado de \u201cjoder con la pelota\u201d para sucumbir al magnetismo de los personajes animados \u201cmexicano hablantes\u201d que se reproducen con s\u00f3lo tocar la pantalla de cualquier artefacto cibern\u00e9tico que tengan a mano en el hogar.<\/p>\n\n\n\n<p>Los peques de C\u00f3rdoba van por la vida aprendiendo a hablar de cerdos, columpios y ba\u00f1eras, tratando a sus pares de T\u00fa, sorprendiendo a los adultos frase tras frase con palabras ajenas al cordob\u00e9s b\u00e1sico y sin dar lugar a la tonada que nos caracteriza, que en el mejor de los casos ha mutado a neutra.<\/p>\n\n\n\n<p><\/p>\n\n\n\n<figure class=\"wp-block-pullquote\"><blockquote><p><strong>A ver, chicos, globalizar la econom\u00eda es una cosa, pero pisotear la cultura popular y la cordobeseada permitiendo que los peques hablen en neutro, es una aberraci\u00f3n.<\/strong><\/p><\/blockquote><\/figure>\n\n\n\n<p><\/p>\n\n\n\n<p>A ver, chicos, globalizar la econom\u00eda es una cosa, pero pisotear la cultura popular y la cordobeseada permitiendo que los peques hablen en neutro, es una aberraci\u00f3n.<\/p>\n\n\n\n<p><\/p>\n\n\n\n<figure class=\"wp-block-image size-full is-resized\"><img data-recalc-dims=\"1\" fetchpriority=\"high\" decoding=\"async\" src=\"https:\/\/i0.wp.com\/elregionalvm.com.ar\/noticias-villa-maria\/wp-content\/uploads\/2022\/05\/Nino-tablet-dibujo-animado-lenguaje-neutro.jpg?resize=909%2C607&#038;ssl=1\" alt=\"\" class=\"wp-image-57695\" width=\"909\" height=\"607\" srcset=\"https:\/\/i0.wp.com\/elregionalvm.com.ar\/noticias-villa-maria\/wp-content\/uploads\/2022\/05\/Nino-tablet-dibujo-animado-lenguaje-neutro.jpg?w=817&amp;ssl=1 817w, https:\/\/i0.wp.com\/elregionalvm.com.ar\/noticias-villa-maria\/wp-content\/uploads\/2022\/05\/Nino-tablet-dibujo-animado-lenguaje-neutro.jpg?resize=300%2C200&amp;ssl=1 300w, https:\/\/i0.wp.com\/elregionalvm.com.ar\/noticias-villa-maria\/wp-content\/uploads\/2022\/05\/Nino-tablet-dibujo-animado-lenguaje-neutro.jpg?resize=768%2C513&amp;ssl=1 768w\" sizes=\"(max-width: 909px) 100vw, 909px\" \/><\/figure>\n\n\n\n<p><\/p>\n\n\n\n<p>Qu\u00e9 decir de la transculturaci\u00f3n que estamos impulsando con tanto reguet\u00f3n y cumbia, reproducidos por todos lados, incluso en fiestas infantiles; en un abrir y cerrar de ojos, los ni\u00f1itos son centroamericanos, bailan perreando y te cantan la letra completita de los temas m\u00e1s sexuados del momento, comi\u00e9ndose todas las S, cambiando la R por L, mientras rog\u00e1s que no entiendan lo que dicen.<\/p>\n\n\n\n<p><\/p>\n\n\n\n<figure class=\"wp-block-embed is-type-wp-embed is-provider-el-regional wp-block-embed-el-regional\"><div class=\"wp-block-embed__wrapper\">\n<blockquote class=\"wp-embedded-content\" data-secret=\"9SE6zKUdd2\"><a href=\"https:\/\/elregionalvm.com.ar\/noticias-villa-maria\/argentinadas-turisteando-por-ahi\/\">[Argentinadas] Turisteando por ah\u00ed<\/a><\/blockquote><iframe class=\"wp-embedded-content\" sandbox=\"allow-scripts\" security=\"restricted\" style=\"position: absolute; visibility: hidden;\" title=\"\u00ab[Argentinadas] Turisteando por ah\u00ed\u00bb \u2014 El Regional\" src=\"https:\/\/elregionalvm.com.ar\/noticias-villa-maria\/argentinadas-turisteando-por-ahi\/embed\/#?secret=FnRN3Qekga#?secret=9SE6zKUdd2\" data-secret=\"9SE6zKUdd2\" width=\"500\" height=\"282\" frameborder=\"0\" marginwidth=\"0\" marginheight=\"0\" scrolling=\"no\"><\/iframe>\n<\/div><\/figure>\n\n\n\n<p><\/p>\n\n\n\n<p>Lejos qued\u00f3 el cancionero\u201d inocente\u201d y educativo de las rondas infantiles bien argentinas, con La Farolera y su tropiezo de amor a primera vista o los Maderos de San Juan y su alusi\u00f3n al inequitativo mundo laboral; poco se sabe de Zambalele y su intenci\u00f3n de subir a la luna, hasta se extra\u00f1a el \u201cchu chu wa\u201d, que con su autenticidad provinciana estimulaba el reconocimiento corporal y la coordinaci\u00f3n.<\/p>\n\n\n\n<p><\/p>\n\n\n\n<figure class=\"wp-block-pullquote\"><blockquote><p><strong>A estas alturas, viejo, antes que preocuparte por la imposici\u00f3n del lenguaje inclusivo, hay que enfocarse en defender las tonadas y los modismos regionales propios.<\/strong><\/p><\/blockquote><\/figure>\n\n\n\n<p><\/p>\n\n\n\n<p>A estas alturas, viejo, antes que preocuparte por la imposici\u00f3n del lenguaje inclusivo, hay que enfocarse en defender las tonadas y los modismos regionales propios.<\/p>\n\n\n\n<p>No podemos permitir que el\u201d che vo\u201d mute al \u201coye t\u00fa\u201d, ni destrozar el sabor de una torta llam\u00e1ndola pastel; si seguimos as\u00ed, nunca m\u00e1s pasar\u00e1 el \u201cbondi\u201d, se acabaron las \u201cmilangas\u201d, ahora comeremos \u201cbistecs apanados\u201d y \u00bfqu\u00e9 suerte correr\u00e1n las empanadas y los championes? &nbsp;<\/p>\n\n\n\n<p>Todo sea por la diversidad de tonadas, que los ni\u00f1os sean la esperanza de la multiculturalidad regional, estimulemos a los tesoritos a ser aut\u00e9nticos y que hablen en su lengua materna, sino qu\u00e9\u2026 \u00bf<em>me van a hablal de amol?\u2026 \u00a1Mielda!<\/em><\/p>\n\n\n\n<p><\/p>\n\n\n\n<figure class=\"wp-block-embed is-type-wp-embed is-provider-el-regional wp-block-embed-el-regional\"><div class=\"wp-block-embed__wrapper\">\n<blockquote class=\"wp-embedded-content\" data-secret=\"2dDF5CMCCZ\"><a href=\"https:\/\/elregionalvm.com.ar\/noticias-villa-maria\/argentinadas-pre-sesenta-aun-se-puede-ser-joven-sin-hacer-el-ridiculo\/\">[Argentinadas] Pre Sesenta: A\u00fan se puede ser joven, sin hacer el rid\u00edculo<\/a><\/blockquote><iframe class=\"wp-embedded-content\" sandbox=\"allow-scripts\" security=\"restricted\" style=\"position: absolute; visibility: hidden;\" title=\"\u00ab[Argentinadas] Pre Sesenta: A\u00fan se puede ser joven, sin hacer el rid\u00edculo\u00bb \u2014 El Regional\" src=\"https:\/\/elregionalvm.com.ar\/noticias-villa-maria\/argentinadas-pre-sesenta-aun-se-puede-ser-joven-sin-hacer-el-ridiculo\/embed\/#?secret=mzOR8vjAIi#?secret=2dDF5CMCCZ\" data-secret=\"2dDF5CMCCZ\" width=\"500\" height=\"282\" frameborder=\"0\" marginwidth=\"0\" marginheight=\"0\" scrolling=\"no\"><\/iframe>\n<\/div><\/figure>\n","protected":false},"excerpt":{"rendered":"<p>Escribe: Raquel Baratelli Entre autobuses, albercas y pasteles, los cordobesitos de hoy en d\u00eda, influenciados por los dibujitos animados, van por la globalizaci\u00f3n del idioma. Esos \u201clocos bajitos\u201d han dejado de \u201cjoder con la pelota\u201d para sucumbir al magnetismo de los personajes animados \u201cmexicano hablantes\u201d que se reproducen con s\u00f3lo tocar la pantalla de cualquier [&hellip;]<\/p>\n","protected":false},"author":4,"featured_media":57694,"comment_status":"open","ping_status":"open","sticky":false,"template":"","format":"standard","meta":{"site-sidebar-layout":"default","site-content-layout":"","ast-site-content-layout":"default","site-content-style":"default","site-sidebar-style":"default","ast-global-header-display":"","ast-banner-title-visibility":"","ast-main-header-display":"","ast-hfb-above-header-display":"","ast-hfb-below-header-display":"","ast-hfb-mobile-header-display":"","site-post-title":"","ast-breadcrumbs-content":"","ast-featured-img":"","footer-sml-layout":"","ast-disable-related-posts":"","theme-transparent-header-meta":"","adv-header-id-meta":"","stick-header-meta":"","header-above-stick-meta":"","header-main-stick-meta":"","header-below-stick-meta":"","astra-migrate-meta-layouts":"default","ast-page-background-enabled":"default","ast-page-background-meta":{"desktop":{"background-color":"","background-image":"","background-repeat":"repeat","background-position":"center center","background-size":"auto","background-attachment":"scroll","background-type":"","background-media":"","overlay-type":"","overlay-color":"","overlay-opacity":"","overlay-gradient":""},"tablet":{"background-color":"","background-image":"","background-repeat":"repeat","background-position":"center center","background-size":"auto","background-attachment":"scroll","background-type":"","background-media":"","overlay-type":"","overlay-color":"","overlay-opacity":"","overlay-gradient":""},"mobile":{"background-color":"","background-image":"","background-repeat":"repeat","background-position":"center center","background-size":"auto","background-attachment":"scroll","background-type":"","background-media":"","overlay-type":"","overlay-color":"","overlay-opacity":"","overlay-gradient":""}},"ast-content-background-meta":{"desktop":{"background-color":"var(--ast-global-color-5)","background-image":"","background-repeat":"repeat","background-position":"center center","background-size":"auto","background-attachment":"scroll","background-type":"","background-media":"","overlay-type":"","overlay-color":"","overlay-opacity":"","overlay-gradient":""},"tablet":{"background-color":"var(--ast-global-color-5)","background-image":"","background-repeat":"repeat","background-position":"center center","background-size":"auto","background-attachment":"scroll","background-type":"","background-media":"","overlay-type":"","overlay-color":"","overlay-opacity":"","overlay-gradient":""},"mobile":{"background-color":"var(--ast-global-color-5)","background-image":"","background-repeat":"repeat","background-position":"center center","background-size":"auto","background-attachment":"scroll","background-type":"","background-media":"","overlay-type":"","overlay-color":"","overlay-opacity":"","overlay-gradient":""}},"_jetpack_memberships_contains_paid_content":false,"_joinchat":[],"footnotes":""},"categories":[365,3557],"tags":[14880,15585,15584,15586,5347,1065,1102,15583,5346,2123,15587],"class_list":["post-57691","post","type-post","status-publish","format-standard","has-post-thumbnail","hentry","category-opinion","category-tercera","tag-argentinadas","tag-cultura-popular","tag-dibujitos-animados","tag-globalizacion","tag-infancia","tag-internet","tag-lenguaje-inclusivo","tag-lenguaje-neutro","tag-ninez","tag-raquel-baratelli","tag-regueton"],"yoast_head":"<!-- This site is optimized with the Yoast SEO plugin v26.8 - https:\/\/yoast.com\/product\/yoast-seo-wordpress\/ -->\n<title>[Argentinadas] \u201cOye t\u00fa\u201d, adi\u00f3s al cordob\u00e9s b\u00e1sico \u00a0 - El Regional<\/title>\n<meta name=\"description\" content=\"Entre autobuses, albercas y pasteles, los cordobesitos de hoy, influenciados por los dibujitos animados, van por la globalizaci\u00f3n del idioma.\" \/>\n<meta name=\"robots\" content=\"index, follow, max-snippet:-1, max-image-preview:large, max-video-preview:-1\" \/>\n<link rel=\"canonical\" href=\"http:\/\/elregionalvm.com.ar\/noticias-villa-maria\/argentinadas-oye-tu-adios-al-cordobes-basico\/\" \/>\n<meta property=\"og:locale\" content=\"es_ES\" \/>\n<meta property=\"og:type\" content=\"article\" \/>\n<meta property=\"og:title\" content=\"[Argentinadas] \u201cOye t\u00fa\u201d, adi\u00f3s al cordob\u00e9s b\u00e1sico \u00a0 - El Regional\" \/>\n<meta property=\"og:description\" content=\"Entre autobuses, albercas y pasteles, los cordobesitos de hoy, influenciados por los dibujitos animados, van por la globalizaci\u00f3n del idioma.\" \/>\n<meta property=\"og:url\" content=\"http:\/\/elregionalvm.com.ar\/noticias-villa-maria\/argentinadas-oye-tu-adios-al-cordobes-basico\/\" \/>\n<meta property=\"og:site_name\" content=\"El Regional\" \/>\n<meta property=\"article:publisher\" content=\"https:\/\/www.facebook.com\/elregionalvm\" \/>\n<meta property=\"article:published_time\" content=\"2022-05-20T15:22:41+00:00\" \/>\n<meta property=\"article:modified_time\" content=\"2022-05-24T01:11:26+00:00\" \/>\n<meta property=\"og:image\" content=\"http:\/\/elregionalvm.com.ar\/noticias-villa-maria\/wp-content\/uploads\/2022\/05\/Nina-television-dibujitos-lenguaje-neutro-2.jpg\" \/>\n\t<meta property=\"og:image:width\" content=\"1000\" \/>\n\t<meta property=\"og:image:height\" content=\"696\" \/>\n\t<meta property=\"og:image:type\" content=\"image\/jpeg\" \/>\n<meta name=\"author\" content=\"Contenidos El Regional\" \/>\n<meta name=\"twitter:card\" content=\"summary_large_image\" \/>\n<meta name=\"twitter:creator\" content=\"@elregionalvm1\" \/>\n<meta name=\"twitter:site\" content=\"@elregionalvm1\" \/>\n<meta name=\"twitter:label1\" content=\"Escrito por\" \/>\n\t<meta name=\"twitter:data1\" content=\"Contenidos El Regional\" \/>\n\t<meta name=\"twitter:label2\" content=\"Tiempo de lectura\" \/>\n\t<meta name=\"twitter:data2\" content=\"3 minutos\" \/>\n<script type=\"application\/ld+json\" class=\"yoast-schema-graph\">{\"@context\":\"https:\/\/schema.org\",\"@graph\":[{\"@type\":\"Article\",\"@id\":\"http:\/\/elregionalvm.com.ar\/noticias-villa-maria\/argentinadas-oye-tu-adios-al-cordobes-basico\/#article\",\"isPartOf\":{\"@id\":\"http:\/\/elregionalvm.com.ar\/noticias-villa-maria\/argentinadas-oye-tu-adios-al-cordobes-basico\/\"},\"author\":{\"name\":\"Contenidos El Regional\",\"@id\":\"http:\/\/elregionalvm.com.ar\/noticias-villa-maria\/#\/schema\/person\/a0fb9c422317faca23d50163151bc354\"},\"headline\":\"[Argentinadas] \u201cOye t\u00fa\u201d, adi\u00f3s al cordob\u00e9s b\u00e1sico \u00a0\",\"datePublished\":\"2022-05-20T15:22:41+00:00\",\"dateModified\":\"2022-05-24T01:11:26+00:00\",\"mainEntityOfPage\":{\"@id\":\"http:\/\/elregionalvm.com.ar\/noticias-villa-maria\/argentinadas-oye-tu-adios-al-cordobes-basico\/\"},\"wordCount\":494,\"commentCount\":0,\"image\":{\"@id\":\"http:\/\/elregionalvm.com.ar\/noticias-villa-maria\/argentinadas-oye-tu-adios-al-cordobes-basico\/#primaryimage\"},\"thumbnailUrl\":\"https:\/\/i0.wp.com\/elregionalvm.com.ar\/noticias-villa-maria\/wp-content\/uploads\/2022\/05\/Nina-television-dibujitos-lenguaje-neutro-2.jpg?fit=1000%2C696&ssl=1\",\"keywords\":[\"argentinadas\",\"cultura popular\",\"dibujitos animados\",\"globalizaci\u00f3n\",\"Infancia\",\"internet\",\"Lenguaje Inclusivo\",\"Lenguaje neutro\",\"Ni\u00f1ez\",\"Raquel Baratelli\",\"reguet\u00f3n\"],\"articleSection\":[\"Opini\u00f3n\",\"tercera\"],\"inLanguage\":\"es\",\"potentialAction\":[{\"@type\":\"CommentAction\",\"name\":\"Comment\",\"target\":[\"http:\/\/elregionalvm.com.ar\/noticias-villa-maria\/argentinadas-oye-tu-adios-al-cordobes-basico\/#respond\"]}]},{\"@type\":\"WebPage\",\"@id\":\"http:\/\/elregionalvm.com.ar\/noticias-villa-maria\/argentinadas-oye-tu-adios-al-cordobes-basico\/\",\"url\":\"http:\/\/elregionalvm.com.ar\/noticias-villa-maria\/argentinadas-oye-tu-adios-al-cordobes-basico\/\",\"name\":\"[Argentinadas] \u201cOye t\u00fa\u201d, adi\u00f3s al cordob\u00e9s b\u00e1sico \u00a0 - El Regional\",\"isPartOf\":{\"@id\":\"http:\/\/elregionalvm.com.ar\/noticias-villa-maria\/#website\"},\"primaryImageOfPage\":{\"@id\":\"http:\/\/elregionalvm.com.ar\/noticias-villa-maria\/argentinadas-oye-tu-adios-al-cordobes-basico\/#primaryimage\"},\"image\":{\"@id\":\"http:\/\/elregionalvm.com.ar\/noticias-villa-maria\/argentinadas-oye-tu-adios-al-cordobes-basico\/#primaryimage\"},\"thumbnailUrl\":\"https:\/\/i0.wp.com\/elregionalvm.com.ar\/noticias-villa-maria\/wp-content\/uploads\/2022\/05\/Nina-television-dibujitos-lenguaje-neutro-2.jpg?fit=1000%2C696&ssl=1\",\"datePublished\":\"2022-05-20T15:22:41+00:00\",\"dateModified\":\"2022-05-24T01:11:26+00:00\",\"author\":{\"@id\":\"http:\/\/elregionalvm.com.ar\/noticias-villa-maria\/#\/schema\/person\/a0fb9c422317faca23d50163151bc354\"},\"description\":\"Entre autobuses, albercas y pasteles, los cordobesitos de hoy, influenciados por los dibujitos animados, van por la globalizaci\u00f3n del idioma.\",\"breadcrumb\":{\"@id\":\"http:\/\/elregionalvm.com.ar\/noticias-villa-maria\/argentinadas-oye-tu-adios-al-cordobes-basico\/#breadcrumb\"},\"inLanguage\":\"es\",\"potentialAction\":[{\"@type\":\"ReadAction\",\"target\":[\"http:\/\/elregionalvm.com.ar\/noticias-villa-maria\/argentinadas-oye-tu-adios-al-cordobes-basico\/\"]}]},{\"@type\":\"ImageObject\",\"inLanguage\":\"es\",\"@id\":\"http:\/\/elregionalvm.com.ar\/noticias-villa-maria\/argentinadas-oye-tu-adios-al-cordobes-basico\/#primaryimage\",\"url\":\"https:\/\/i0.wp.com\/elregionalvm.com.ar\/noticias-villa-maria\/wp-content\/uploads\/2022\/05\/Nina-television-dibujitos-lenguaje-neutro-2.jpg?fit=1000%2C696&ssl=1\",\"contentUrl\":\"https:\/\/i0.wp.com\/elregionalvm.com.ar\/noticias-villa-maria\/wp-content\/uploads\/2022\/05\/Nina-television-dibujitos-lenguaje-neutro-2.jpg?fit=1000%2C696&ssl=1\",\"width\":1000,\"height\":696},{\"@type\":\"BreadcrumbList\",\"@id\":\"http:\/\/elregionalvm.com.ar\/noticias-villa-maria\/argentinadas-oye-tu-adios-al-cordobes-basico\/#breadcrumb\",\"itemListElement\":[{\"@type\":\"ListItem\",\"position\":1,\"name\":\"Portada\",\"item\":\"https:\/\/elregionalvm.com.ar\/noticias-villa-maria\/\"},{\"@type\":\"ListItem\",\"position\":2,\"name\":\"[Argentinadas] \u201cOye t\u00fa\u201d, adi\u00f3s al cordob\u00e9s b\u00e1sico \u00a0\"}]},{\"@type\":\"WebSite\",\"@id\":\"http:\/\/elregionalvm.com.ar\/noticias-villa-maria\/#website\",\"url\":\"http:\/\/elregionalvm.com.ar\/noticias-villa-maria\/\",\"name\":\"El Regional\",\"description\":\"Mucho m\u00e1s que informaci\u00f3n\",\"potentialAction\":[{\"@type\":\"SearchAction\",\"target\":{\"@type\":\"EntryPoint\",\"urlTemplate\":\"http:\/\/elregionalvm.com.ar\/noticias-villa-maria\/?s={search_term_string}\"},\"query-input\":{\"@type\":\"PropertyValueSpecification\",\"valueRequired\":true,\"valueName\":\"search_term_string\"}}],\"inLanguage\":\"es\"},{\"@type\":\"Person\",\"@id\":\"http:\/\/elregionalvm.com.ar\/noticias-villa-maria\/#\/schema\/person\/a0fb9c422317faca23d50163151bc354\",\"name\":\"Contenidos El Regional\",\"image\":{\"@type\":\"ImageObject\",\"inLanguage\":\"es\",\"@id\":\"http:\/\/elregionalvm.com.ar\/noticias-villa-maria\/#\/schema\/person\/image\/\",\"url\":\"https:\/\/secure.gravatar.com\/avatar\/265b27cb2209af7bb3a1318f03305787d7981a5cc6e6cd08fe5a4ecdf99d4b48?s=96&d=mm&r=g\",\"contentUrl\":\"https:\/\/secure.gravatar.com\/avatar\/265b27cb2209af7bb3a1318f03305787d7981a5cc6e6cd08fe5a4ecdf99d4b48?s=96&d=mm&r=g\",\"caption\":\"Contenidos El Regional\"},\"url\":\"https:\/\/elregionalvm.com.ar\/noticias-villa-maria\/author\/contenido\/\"}]}<\/script>\n<!-- \/ Yoast SEO plugin. -->","yoast_head_json":{"title":"[Argentinadas] \u201cOye t\u00fa\u201d, adi\u00f3s al cordob\u00e9s b\u00e1sico \u00a0 - El Regional","description":"Entre autobuses, albercas y pasteles, los cordobesitos de hoy, influenciados por los dibujitos animados, van por la globalizaci\u00f3n del idioma.","robots":{"index":"index","follow":"follow","max-snippet":"max-snippet:-1","max-image-preview":"max-image-preview:large","max-video-preview":"max-video-preview:-1"},"canonical":"http:\/\/elregionalvm.com.ar\/noticias-villa-maria\/argentinadas-oye-tu-adios-al-cordobes-basico\/","og_locale":"es_ES","og_type":"article","og_title":"[Argentinadas] \u201cOye t\u00fa\u201d, adi\u00f3s al cordob\u00e9s b\u00e1sico \u00a0 - El Regional","og_description":"Entre autobuses, albercas y pasteles, los cordobesitos de hoy, influenciados por los dibujitos animados, van por la globalizaci\u00f3n del idioma.","og_url":"http:\/\/elregionalvm.com.ar\/noticias-villa-maria\/argentinadas-oye-tu-adios-al-cordobes-basico\/","og_site_name":"El Regional","article_publisher":"https:\/\/www.facebook.com\/elregionalvm","article_published_time":"2022-05-20T15:22:41+00:00","article_modified_time":"2022-05-24T01:11:26+00:00","og_image":[{"width":1000,"height":696,"url":"http:\/\/elregionalvm.com.ar\/noticias-villa-maria\/wp-content\/uploads\/2022\/05\/Nina-television-dibujitos-lenguaje-neutro-2.jpg","type":"image\/jpeg"}],"author":"Contenidos El Regional","twitter_card":"summary_large_image","twitter_creator":"@elregionalvm1","twitter_site":"@elregionalvm1","twitter_misc":{"Escrito por":"Contenidos El Regional","Tiempo de lectura":"3 minutos"},"schema":{"@context":"https:\/\/schema.org","@graph":[{"@type":"Article","@id":"http:\/\/elregionalvm.com.ar\/noticias-villa-maria\/argentinadas-oye-tu-adios-al-cordobes-basico\/#article","isPartOf":{"@id":"http:\/\/elregionalvm.com.ar\/noticias-villa-maria\/argentinadas-oye-tu-adios-al-cordobes-basico\/"},"author":{"name":"Contenidos El Regional","@id":"http:\/\/elregionalvm.com.ar\/noticias-villa-maria\/#\/schema\/person\/a0fb9c422317faca23d50163151bc354"},"headline":"[Argentinadas] \u201cOye t\u00fa\u201d, adi\u00f3s al cordob\u00e9s b\u00e1sico \u00a0","datePublished":"2022-05-20T15:22:41+00:00","dateModified":"2022-05-24T01:11:26+00:00","mainEntityOfPage":{"@id":"http:\/\/elregionalvm.com.ar\/noticias-villa-maria\/argentinadas-oye-tu-adios-al-cordobes-basico\/"},"wordCount":494,"commentCount":0,"image":{"@id":"http:\/\/elregionalvm.com.ar\/noticias-villa-maria\/argentinadas-oye-tu-adios-al-cordobes-basico\/#primaryimage"},"thumbnailUrl":"https:\/\/i0.wp.com\/elregionalvm.com.ar\/noticias-villa-maria\/wp-content\/uploads\/2022\/05\/Nina-television-dibujitos-lenguaje-neutro-2.jpg?fit=1000%2C696&ssl=1","keywords":["argentinadas","cultura popular","dibujitos animados","globalizaci\u00f3n","Infancia","internet","Lenguaje Inclusivo","Lenguaje neutro","Ni\u00f1ez","Raquel Baratelli","reguet\u00f3n"],"articleSection":["Opini\u00f3n","tercera"],"inLanguage":"es","potentialAction":[{"@type":"CommentAction","name":"Comment","target":["http:\/\/elregionalvm.com.ar\/noticias-villa-maria\/argentinadas-oye-tu-adios-al-cordobes-basico\/#respond"]}]},{"@type":"WebPage","@id":"http:\/\/elregionalvm.com.ar\/noticias-villa-maria\/argentinadas-oye-tu-adios-al-cordobes-basico\/","url":"http:\/\/elregionalvm.com.ar\/noticias-villa-maria\/argentinadas-oye-tu-adios-al-cordobes-basico\/","name":"[Argentinadas] \u201cOye t\u00fa\u201d, adi\u00f3s al cordob\u00e9s b\u00e1sico \u00a0 - El Regional","isPartOf":{"@id":"http:\/\/elregionalvm.com.ar\/noticias-villa-maria\/#website"},"primaryImageOfPage":{"@id":"http:\/\/elregionalvm.com.ar\/noticias-villa-maria\/argentinadas-oye-tu-adios-al-cordobes-basico\/#primaryimage"},"image":{"@id":"http:\/\/elregionalvm.com.ar\/noticias-villa-maria\/argentinadas-oye-tu-adios-al-cordobes-basico\/#primaryimage"},"thumbnailUrl":"https:\/\/i0.wp.com\/elregionalvm.com.ar\/noticias-villa-maria\/wp-content\/uploads\/2022\/05\/Nina-television-dibujitos-lenguaje-neutro-2.jpg?fit=1000%2C696&ssl=1","datePublished":"2022-05-20T15:22:41+00:00","dateModified":"2022-05-24T01:11:26+00:00","author":{"@id":"http:\/\/elregionalvm.com.ar\/noticias-villa-maria\/#\/schema\/person\/a0fb9c422317faca23d50163151bc354"},"description":"Entre autobuses, albercas y pasteles, los cordobesitos de hoy, influenciados por los dibujitos animados, van por la globalizaci\u00f3n del idioma.","breadcrumb":{"@id":"http:\/\/elregionalvm.com.ar\/noticias-villa-maria\/argentinadas-oye-tu-adios-al-cordobes-basico\/#breadcrumb"},"inLanguage":"es","potentialAction":[{"@type":"ReadAction","target":["http:\/\/elregionalvm.com.ar\/noticias-villa-maria\/argentinadas-oye-tu-adios-al-cordobes-basico\/"]}]},{"@type":"ImageObject","inLanguage":"es","@id":"http:\/\/elregionalvm.com.ar\/noticias-villa-maria\/argentinadas-oye-tu-adios-al-cordobes-basico\/#primaryimage","url":"https:\/\/i0.wp.com\/elregionalvm.com.ar\/noticias-villa-maria\/wp-content\/uploads\/2022\/05\/Nina-television-dibujitos-lenguaje-neutro-2.jpg?fit=1000%2C696&ssl=1","contentUrl":"https:\/\/i0.wp.com\/elregionalvm.com.ar\/noticias-villa-maria\/wp-content\/uploads\/2022\/05\/Nina-television-dibujitos-lenguaje-neutro-2.jpg?fit=1000%2C696&ssl=1","width":1000,"height":696},{"@type":"BreadcrumbList","@id":"http:\/\/elregionalvm.com.ar\/noticias-villa-maria\/argentinadas-oye-tu-adios-al-cordobes-basico\/#breadcrumb","itemListElement":[{"@type":"ListItem","position":1,"name":"Portada","item":"https:\/\/elregionalvm.com.ar\/noticias-villa-maria\/"},{"@type":"ListItem","position":2,"name":"[Argentinadas] \u201cOye t\u00fa\u201d, adi\u00f3s al cordob\u00e9s b\u00e1sico \u00a0"}]},{"@type":"WebSite","@id":"http:\/\/elregionalvm.com.ar\/noticias-villa-maria\/#website","url":"http:\/\/elregionalvm.com.ar\/noticias-villa-maria\/","name":"El Regional","description":"Mucho m\u00e1s que informaci\u00f3n","potentialAction":[{"@type":"SearchAction","target":{"@type":"EntryPoint","urlTemplate":"http:\/\/elregionalvm.com.ar\/noticias-villa-maria\/?s={search_term_string}"},"query-input":{"@type":"PropertyValueSpecification","valueRequired":true,"valueName":"search_term_string"}}],"inLanguage":"es"},{"@type":"Person","@id":"http:\/\/elregionalvm.com.ar\/noticias-villa-maria\/#\/schema\/person\/a0fb9c422317faca23d50163151bc354","name":"Contenidos El Regional","image":{"@type":"ImageObject","inLanguage":"es","@id":"http:\/\/elregionalvm.com.ar\/noticias-villa-maria\/#\/schema\/person\/image\/","url":"https:\/\/secure.gravatar.com\/avatar\/265b27cb2209af7bb3a1318f03305787d7981a5cc6e6cd08fe5a4ecdf99d4b48?s=96&d=mm&r=g","contentUrl":"https:\/\/secure.gravatar.com\/avatar\/265b27cb2209af7bb3a1318f03305787d7981a5cc6e6cd08fe5a4ecdf99d4b48?s=96&d=mm&r=g","caption":"Contenidos El Regional"},"url":"https:\/\/elregionalvm.com.ar\/noticias-villa-maria\/author\/contenido\/"}]}},"jetpack_featured_media_url":"https:\/\/i0.wp.com\/elregionalvm.com.ar\/noticias-villa-maria\/wp-content\/uploads\/2022\/05\/Nina-television-dibujitos-lenguaje-neutro-2.jpg?fit=1000%2C696&ssl=1","jetpack_sharing_enabled":true,"_links":{"self":[{"href":"https:\/\/elregionalvm.com.ar\/noticias-villa-maria\/wp-json\/wp\/v2\/posts\/57691","targetHints":{"allow":["GET"]}}],"collection":[{"href":"https:\/\/elregionalvm.com.ar\/noticias-villa-maria\/wp-json\/wp\/v2\/posts"}],"about":[{"href":"https:\/\/elregionalvm.com.ar\/noticias-villa-maria\/wp-json\/wp\/v2\/types\/post"}],"author":[{"embeddable":true,"href":"https:\/\/elregionalvm.com.ar\/noticias-villa-maria\/wp-json\/wp\/v2\/users\/4"}],"replies":[{"embeddable":true,"href":"https:\/\/elregionalvm.com.ar\/noticias-villa-maria\/wp-json\/wp\/v2\/comments?post=57691"}],"version-history":[{"count":3,"href":"https:\/\/elregionalvm.com.ar\/noticias-villa-maria\/wp-json\/wp\/v2\/posts\/57691\/revisions"}],"predecessor-version":[{"id":57697,"href":"https:\/\/elregionalvm.com.ar\/noticias-villa-maria\/wp-json\/wp\/v2\/posts\/57691\/revisions\/57697"}],"wp:featuredmedia":[{"embeddable":true,"href":"https:\/\/elregionalvm.com.ar\/noticias-villa-maria\/wp-json\/wp\/v2\/media\/57694"}],"wp:attachment":[{"href":"https:\/\/elregionalvm.com.ar\/noticias-villa-maria\/wp-json\/wp\/v2\/media?parent=57691"}],"wp:term":[{"taxonomy":"category","embeddable":true,"href":"https:\/\/elregionalvm.com.ar\/noticias-villa-maria\/wp-json\/wp\/v2\/categories?post=57691"},{"taxonomy":"post_tag","embeddable":true,"href":"https:\/\/elregionalvm.com.ar\/noticias-villa-maria\/wp-json\/wp\/v2\/tags?post=57691"}],"curies":[{"name":"wp","href":"https:\/\/api.w.org\/{rel}","templated":true}]}}