{"id":57698,"date":"2022-05-20T16:17:24","date_gmt":"2022-05-20T16:17:24","guid":{"rendered":"https:\/\/elregionalvm.com.ar\/noticias-villa-maria\/?p=57698"},"modified":"2022-05-22T02:31:34","modified_gmt":"2022-05-22T02:31:34","slug":"musica-e-historia-el-orejano-chucaro-y-libre","status":"publish","type":"post","link":"https:\/\/elregionalvm.com.ar\/noticias-villa-maria\/musica-e-historia-el-orejano-chucaro-y-libre\/","title":{"rendered":"[M\u00fasica e Historia] \u201cEl Orejano\u201d, ch\u00facaro y libre"},"content":{"rendered":"\n<h4 class=\"wp-block-heading\"><strong><em>\u201c\u2026les han puesto la marca y tienen envidia de verme orejano.\u201d<\/em><\/strong><\/h4>\n\n\n\n<p><\/p>\n\n\n\n<p><strong>Escribe: Leo Mu\u00f1oz<\/strong><\/p>\n\n\n\n<p><\/p>\n\n\n\n<p><strong>Los Olimare\u00f1os<\/strong><\/p>\n\n\n\n<p>\u201cOrejano\u201d (o \u201cEl Orejano\u201d) es una milonga compuesta por Seraf\u00edn J. Garc\u00eda, Braulio L\u00f3pez y Jos\u00e9 L. Guerra, estos dos \u00faltimos integrantes de \u201cLos Olimare\u00f1os\u201d.<\/p>\n\n\n\n<p>El repertorio musical de los uruguayos L\u00f3pez y Guerra se enlaza con diversos ritmos latinoamericanos, expresando especialmente la vida del hombre de campo y de poblados rurales.<\/p>\n\n\n\n<p><\/p>\n\n\n\n<figure class=\"wp-block-embed is-type-video is-provider-youtube wp-block-embed-youtube wp-embed-aspect-4-3 wp-has-aspect-ratio\"><div class=\"wp-block-embed__wrapper\">\n<iframe title=\"Los Olimare\u00f1os orejano\" width=\"500\" height=\"375\" src=\"https:\/\/www.youtube.com\/embed\/YYRjJ-KB0y4?feature=oembed\" frameborder=\"0\" allow=\"accelerometer; autoplay; clipboard-write; encrypted-media; gyroscope; picture-in-picture; web-share\" referrerpolicy=\"strict-origin-when-cross-origin\" allowfullscreen><\/iframe>\n<\/div><figcaption><em>\u00abEl orejano\u00bb, por Los Olimare\u00f1os. <\/em><\/figcaption><\/figure>\n\n\n\n<p><\/p>\n\n\n\n<p>Sus letras se comprometieron con ideas pol\u00edticas y movimientos armados de la izquierda revolucionaria como los tupamaros uruguayos, con sus canciones llamaban a la resistencia y la lucha armada contra los modelos que combat\u00edan de modo violento. \u00a0<\/p>\n\n\n\n<p>Algunas producciones fueron \u201cCielo del 69\u201d, \u201cLos dos gallos\u201d, \u201cHasta siempre\u201d y \u201cEl orejano\u201d, por lo que fueron prohibidos en Uruguay y Argentina, debiendo exiliarse en Espa\u00f1a.<\/p>\n\n\n\n<p><\/p>\n\n\n\n<figure class=\"wp-block-embed is-type-wp-embed is-provider-el-regional wp-block-embed-el-regional\"><div class=\"wp-block-embed__wrapper\">\n<blockquote class=\"wp-embedded-content\" data-secret=\"u2HEP5ok52\"><a href=\"https:\/\/elregionalvm.com.ar\/noticias-villa-maria\/musica-e-historia-sobreviviendo-el-horror-de-la-guerra\/\">[M\u00fasica e Historia] \u201cSobreviviendo\u201d, el horror de la guerra (Videos)<\/a><\/blockquote><iframe class=\"wp-embedded-content\" sandbox=\"allow-scripts\" security=\"restricted\" style=\"position: absolute; clip: rect(1px, 1px, 1px, 1px);\" title=\"\u00ab[M\u00fasica e Historia] \u201cSobreviviendo\u201d, el horror de la guerra (Videos)\u00bb \u2014 El Regional\" src=\"https:\/\/elregionalvm.com.ar\/noticias-villa-maria\/musica-e-historia-sobreviviendo-el-horror-de-la-guerra\/embed\/#?secret=mMS1vs5l5V#?secret=u2HEP5ok52\" data-secret=\"u2HEP5ok52\" width=\"500\" height=\"282\" frameborder=\"0\" marginwidth=\"0\" marginheight=\"0\" scrolling=\"no\"><\/iframe>\n<\/div><\/figure>\n\n\n\n<p><\/p>\n\n\n\n<p><strong>Orejano<\/strong><\/p>\n\n\n\n<p>La letra utiliza gran cantidad de t\u00e9rminos muy espec\u00edficos del campo rioplatense, iniciando por su t\u00edtulo, que se refiere al animal no marcado en la yerra, que no tiene due\u00f1o; la marca pod\u00eda ser a fuego en una pata o en las orejas con un corte.<\/p>\n\n\n\n<p><\/p>\n\n\n\n<figure class=\"wp-block-embed is-type-video is-provider-youtube wp-block-embed-youtube wp-embed-aspect-4-3 wp-has-aspect-ratio\"><div class=\"wp-block-embed__wrapper\">\n<iframe title=\"Orejano\" width=\"500\" height=\"375\" src=\"https:\/\/www.youtube.com\/embed\/Nfeqdvyt-UQ?feature=oembed\" frameborder=\"0\" allow=\"accelerometer; autoplay; clipboard-write; encrypted-media; gyroscope; picture-in-picture; web-share\" referrerpolicy=\"strict-origin-when-cross-origin\" allowfullscreen><\/iframe>\n<\/div><figcaption><em>La versi\u00f3n de Horacio Guarany.<\/em><\/figcaption><\/figure>\n\n\n\n<p><\/p>\n\n\n\n<p>Algunas expresiones usadas son: cabrestear, ser llevado el animal mansamente con el cabresto; coyunda, referido a la cuerda con que los bueyes son uncidos al yugo; freno mulero: usado para manejar al caballo, va en la boca del cuadr\u00fapedo; bicheras, herida infectada con larvas de moscas; pirinchando, se refiere a mirando; sancocho, estofado o guiso; tumbas resecas, es el pago del pe\u00f3n; ch\u00facaro, animal sin domar, arisco.<\/p>\n\n\n\n<p><strong>Versiones Famosas<\/strong><\/p>\n\n\n\n<p>Dos artistas del folklore argentino lograron notables interpretaciones, Jorge Cafrune y Horacio Guarany. Cafrune incluso la canta en la pel\u00edcula c\u00f3mica de 1967 \u201cYa tiene comisario el pueblo\u201d, donde tambi\u00e9n aparecen otros relevantes m\u00fasicos como Hern\u00e1n Figueroa Reyes, Ramona Galarza y Los Arribe\u00f1os.\u00a0<\/p>\n\n\n\n<p><\/p>\n\n\n\n<figure class=\"wp-block-embed is-type-video is-provider-youtube wp-block-embed-youtube wp-embed-aspect-4-3 wp-has-aspect-ratio\"><div class=\"wp-block-embed__wrapper\">\n<iframe title=\"Jorge Cafrune, el orejano\" width=\"500\" height=\"375\" src=\"https:\/\/www.youtube.com\/embed\/8eIs8nGlLqE?feature=oembed\" frameborder=\"0\" allow=\"accelerometer; autoplay; clipboard-write; encrypted-media; gyroscope; picture-in-picture; web-share\" referrerpolicy=\"strict-origin-when-cross-origin\" allowfullscreen><\/iframe>\n<\/div><figcaption><em>\u201cEl Orejano\u00bb, por Cafrune, en \u201cYa tiene comisario el pueblo\u201d (1967)<\/em>.<\/figcaption><\/figure>\n\n\n\n<p><\/p>\n\n\n\n<p><strong>\u201cEl Orejano\u201d (Garc\u00eda, L\u00f3pez, Guerra)<\/strong><\/p>\n\n\n\n<p>Yo s\u00e9 que en el pago me tienen idea<br>porque a los que mandan no les cabresteo,<br>porque despreciando las huellas ajenas,<br>s\u00e9 abrirme caminos pa\u2019 dir donde quiero.<br><br>Porque no me han visto lamber la coyunda<br>ni andar hocicando p\u2019hacerme de un peso,<br>y saben de sobra que soy duro \u2019e boca<br>y no me asujeta ni un freno mulero.<br><br>Porque cuando tengo que cantar verdades,<br>las canto derecho nom\u00e1s, a lo macho.<br>Aunque esas verdades amuestren bicheras<br>donde nadie cre\u00eda que hubiera gusanos.<br><br>Porque al copetudo de ri\u00f1\u00f3n cubierto<br>\u2013pa\u2019l que no usa leyes ning\u00fan comisario\u2013,<br>lo trato lo mesmo que al que solo tiene<br>chirip\u00e1 de bolsa pa\u2019 taparse el rabo.<br><br>Porque no me enyenan con cuatro mentiras<br>los maracanaces que vienen del pueblo<br>a elogiar divisas ya desmerecidas<br>y hacernos promesas que nunca cumplieron.<br><br>Porque cuando traje mi china pa\u2019l rancho,<br>me he olviao que hay jueces pa\u2019 hacer casamiento,<br>y que nada vale la mujer m\u00e1s buena,<br>si su hombre por ella no ha pagao derecho.<br><br>Porque a mis gurises los he criao infieles,<br>aunque el cura grite que ir\u00e1n al infierno.<br>Y digo, aonde cuadre, que pa\u2019 nada sirven<br>los que solo pasan pirinchando el cielo.<br><br>Porque aunque no tengo ni ande caerme muerto,<br>soy m\u00e1s rico que esos que agrandan sus campos,<br>pagando en sancochos de tumbas resecas<br>al pobre pe\u00f3n que echa los bofes cinchando.<br><br>Por eso, en el pago me tienen idea,<br>porque entre los ceibos estorba un quebracho,<br>porque a todos ellos les han puesto la marca<br>y tienen envidia de verme orejano.<br><br>Y a m\u00ed, qu\u00e9 me importa. Soy ch\u00facaro y libre.<br>No sigo a caudillos ni en leyes me atraco.<br>Y voy por los rumbos clareaos de mi antojo<br>y a nadie preciso pa\u2019 hacerme baqueano.<\/p>\n","protected":false},"excerpt":{"rendered":"<p>\u201c\u2026les han puesto la marca y tienen envidia de verme orejano.\u201d Escribe: Leo Mu\u00f1oz Los Olimare\u00f1os \u201cOrejano\u201d (o \u201cEl Orejano\u201d) es una milonga compuesta por Seraf\u00edn J. Garc\u00eda, Braulio L\u00f3pez y Jos\u00e9 L. Guerra, estos dos \u00faltimos integrantes de \u201cLos Olimare\u00f1os\u201d. El repertorio musical de los uruguayos L\u00f3pez y Guerra se enlaza con diversos ritmos [&hellip;]<\/p>\n","protected":false},"author":4,"featured_media":57700,"comment_status":"open","ping_status":"open","sticky":false,"template":"","format":"standard","meta":{"site-sidebar-layout":"default","site-content-layout":"","ast-site-content-layout":"default","site-content-style":"default","site-sidebar-style":"default","ast-global-header-display":"","ast-banner-title-visibility":"","ast-main-header-display":"","ast-hfb-above-header-display":"","ast-hfb-below-header-display":"","ast-hfb-mobile-header-display":"","site-post-title":"","ast-breadcrumbs-content":"","ast-featured-img":"","footer-sml-layout":"","ast-disable-related-posts":"","theme-transparent-header-meta":"","adv-header-id-meta":"","stick-header-meta":"","header-above-stick-meta":"","header-main-stick-meta":"","header-below-stick-meta":"","astra-migrate-meta-layouts":"default","ast-page-background-enabled":"default","ast-page-background-meta":{"desktop":{"background-color":"","background-image":"","background-repeat":"repeat","background-position":"center center","background-size":"auto","background-attachment":"scroll","background-type":"","background-media":"","overlay-type":"","overlay-color":"","overlay-opacity":"","overlay-gradient":""},"tablet":{"background-color":"","background-image":"","background-repeat":"repeat","background-position":"center center","background-size":"auto","background-attachment":"scroll","background-type":"","background-media":"","overlay-type":"","overlay-color":"","overlay-opacity":"","overlay-gradient":""},"mobile":{"background-color":"","background-image":"","background-repeat":"repeat","background-position":"center center","background-size":"auto","background-attachment":"scroll","background-type":"","background-media":"","overlay-type":"","overlay-color":"","overlay-opacity":"","overlay-gradient":""}},"ast-content-background-meta":{"desktop":{"background-color":"var(--ast-global-color-5)","background-image":"","background-repeat":"repeat","background-position":"center center","background-size":"auto","background-attachment":"scroll","background-type":"","background-media":"","overlay-type":"","overlay-color":"","overlay-opacity":"","overlay-gradient":""},"tablet":{"background-color":"var(--ast-global-color-5)","background-image":"","background-repeat":"repeat","background-position":"center center","background-size":"auto","background-attachment":"scroll","background-type":"","background-media":"","overlay-type":"","overlay-color":"","overlay-opacity":"","overlay-gradient":""},"mobile":{"background-color":"var(--ast-global-color-5)","background-image":"","background-repeat":"repeat","background-position":"center center","background-size":"auto","background-attachment":"scroll","background-type":"","background-media":"","overlay-type":"","overlay-color":"","overlay-opacity":"","overlay-gradient":""}},"_jetpack_memberships_contains_paid_content":false,"_joinchat":[],"footnotes":""},"categories":[2098,2323,2074],"tags":[7231,9845,297,15590,3174,3443,1940,7229,2244,15588,3881,15589],"class_list":["post-57698","post","type-post","status-publish","format-standard","has-post-thumbnail","hentry","category-historias","category-notas-secundarias","category-videos","tag-braulio-lopez","tag-caballo","tag-campo","tag-chucaro","tag-folklore","tag-gaucho","tag-leo-munoz","tag-los-olimarenos","tag-musica-e-historia","tag-orejano","tag-uruguay","tag-yerra"],"yoast_head":"<!-- This site is optimized with the Yoast SEO plugin v26.8 - https:\/\/yoast.com\/product\/yoast-seo-wordpress\/ -->\n<title>[M\u00fasica e Historia] \u201cEl Orejano\u201d, ch\u00facaro y libre - El Regional<\/title>\n<meta name=\"description\" content=\"Es una milonga compuesta por Seraf\u00edn J. Garc\u00eda, Braulio L\u00f3pez y Jos\u00e9 L. Guerra, estos dos \u00faltimos integrantes de \u201cLos Olimare\u00f1os\u201d.\" \/>\n<meta name=\"robots\" content=\"index, follow, max-snippet:-1, max-image-preview:large, max-video-preview:-1\" \/>\n<link rel=\"canonical\" href=\"http:\/\/elregionalvm.com.ar\/noticias-villa-maria\/musica-e-historia-el-orejano-chucaro-y-libre\/\" \/>\n<meta property=\"og:locale\" content=\"es_ES\" \/>\n<meta property=\"og:type\" content=\"article\" \/>\n<meta property=\"og:title\" content=\"[M\u00fasica e Historia] \u201cEl Orejano\u201d, ch\u00facaro y libre - El Regional\" \/>\n<meta property=\"og:description\" content=\"Es una milonga compuesta por Seraf\u00edn J. Garc\u00eda, Braulio L\u00f3pez y Jos\u00e9 L. Guerra, estos dos \u00faltimos integrantes de \u201cLos Olimare\u00f1os\u201d.\" \/>\n<meta property=\"og:url\" content=\"http:\/\/elregionalvm.com.ar\/noticias-villa-maria\/musica-e-historia-el-orejano-chucaro-y-libre\/\" \/>\n<meta property=\"og:site_name\" content=\"El Regional\" \/>\n<meta property=\"article:publisher\" content=\"https:\/\/www.facebook.com\/elregionalvm\" \/>\n<meta property=\"article:published_time\" content=\"2022-05-20T16:17:24+00:00\" \/>\n<meta property=\"article:modified_time\" content=\"2022-05-22T02:31:34+00:00\" \/>\n<meta property=\"og:image\" content=\"http:\/\/elregionalvm.com.ar\/noticias-villa-maria\/wp-content\/uploads\/2022\/05\/Caballo.jpg\" \/>\n\t<meta property=\"og:image:width\" content=\"1600\" \/>\n\t<meta property=\"og:image:height\" content=\"1000\" \/>\n\t<meta property=\"og:image:type\" content=\"image\/jpeg\" \/>\n<meta name=\"author\" content=\"Contenidos El Regional\" \/>\n<meta name=\"twitter:card\" content=\"summary_large_image\" \/>\n<meta name=\"twitter:creator\" content=\"@elregionalvm1\" \/>\n<meta name=\"twitter:site\" content=\"@elregionalvm1\" \/>\n<meta name=\"twitter:label1\" content=\"Escrito por\" \/>\n\t<meta name=\"twitter:data1\" content=\"Contenidos El Regional\" \/>\n\t<meta name=\"twitter:label2\" content=\"Tiempo de lectura\" \/>\n\t<meta name=\"twitter:data2\" content=\"3 minutos\" \/>\n<script type=\"application\/ld+json\" class=\"yoast-schema-graph\">{\"@context\":\"https:\/\/schema.org\",\"@graph\":[{\"@type\":\"Article\",\"@id\":\"http:\/\/elregionalvm.com.ar\/noticias-villa-maria\/musica-e-historia-el-orejano-chucaro-y-libre\/#article\",\"isPartOf\":{\"@id\":\"http:\/\/elregionalvm.com.ar\/noticias-villa-maria\/musica-e-historia-el-orejano-chucaro-y-libre\/\"},\"author\":{\"name\":\"Contenidos El Regional\",\"@id\":\"http:\/\/elregionalvm.com.ar\/noticias-villa-maria\/#\/schema\/person\/a0fb9c422317faca23d50163151bc354\"},\"headline\":\"[M\u00fasica e Historia] \u201cEl Orejano\u201d, ch\u00facaro y libre\",\"datePublished\":\"2022-05-20T16:17:24+00:00\",\"dateModified\":\"2022-05-22T02:31:34+00:00\",\"mainEntityOfPage\":{\"@id\":\"http:\/\/elregionalvm.com.ar\/noticias-villa-maria\/musica-e-historia-el-orejano-chucaro-y-libre\/\"},\"wordCount\":679,\"commentCount\":0,\"image\":{\"@id\":\"http:\/\/elregionalvm.com.ar\/noticias-villa-maria\/musica-e-historia-el-orejano-chucaro-y-libre\/#primaryimage\"},\"thumbnailUrl\":\"https:\/\/i0.wp.com\/elregionalvm.com.ar\/noticias-villa-maria\/wp-content\/uploads\/2022\/05\/Caballo.jpg?fit=1600%2C1000&ssl=1\",\"keywords\":[\"Braulio L\u00f3pez\",\"caballo\",\"campo\",\"ch\u00facaro\",\"Folklore\",\"gaucho\",\"leo mu\u00f1oz\",\"Los Olimare\u00f1os\",\"M\u00fasica e Historia\",\"orejano\",\"Uruguay\",\"yerra\"],\"articleSection\":[\"Historias\",\"Notas\",\"Videos\"],\"inLanguage\":\"es\",\"potentialAction\":[{\"@type\":\"CommentAction\",\"name\":\"Comment\",\"target\":[\"http:\/\/elregionalvm.com.ar\/noticias-villa-maria\/musica-e-historia-el-orejano-chucaro-y-libre\/#respond\"]}]},{\"@type\":\"WebPage\",\"@id\":\"http:\/\/elregionalvm.com.ar\/noticias-villa-maria\/musica-e-historia-el-orejano-chucaro-y-libre\/\",\"url\":\"http:\/\/elregionalvm.com.ar\/noticias-villa-maria\/musica-e-historia-el-orejano-chucaro-y-libre\/\",\"name\":\"[M\u00fasica e Historia] \u201cEl Orejano\u201d, ch\u00facaro y libre - El Regional\",\"isPartOf\":{\"@id\":\"http:\/\/elregionalvm.com.ar\/noticias-villa-maria\/#website\"},\"primaryImageOfPage\":{\"@id\":\"http:\/\/elregionalvm.com.ar\/noticias-villa-maria\/musica-e-historia-el-orejano-chucaro-y-libre\/#primaryimage\"},\"image\":{\"@id\":\"http:\/\/elregionalvm.com.ar\/noticias-villa-maria\/musica-e-historia-el-orejano-chucaro-y-libre\/#primaryimage\"},\"thumbnailUrl\":\"https:\/\/i0.wp.com\/elregionalvm.com.ar\/noticias-villa-maria\/wp-content\/uploads\/2022\/05\/Caballo.jpg?fit=1600%2C1000&ssl=1\",\"datePublished\":\"2022-05-20T16:17:24+00:00\",\"dateModified\":\"2022-05-22T02:31:34+00:00\",\"author\":{\"@id\":\"http:\/\/elregionalvm.com.ar\/noticias-villa-maria\/#\/schema\/person\/a0fb9c422317faca23d50163151bc354\"},\"description\":\"Es una milonga compuesta por Seraf\u00edn J. Garc\u00eda, Braulio L\u00f3pez y Jos\u00e9 L. Guerra, estos dos \u00faltimos integrantes de \u201cLos Olimare\u00f1os\u201d.\",\"breadcrumb\":{\"@id\":\"http:\/\/elregionalvm.com.ar\/noticias-villa-maria\/musica-e-historia-el-orejano-chucaro-y-libre\/#breadcrumb\"},\"inLanguage\":\"es\",\"potentialAction\":[{\"@type\":\"ReadAction\",\"target\":[\"http:\/\/elregionalvm.com.ar\/noticias-villa-maria\/musica-e-historia-el-orejano-chucaro-y-libre\/\"]}]},{\"@type\":\"ImageObject\",\"inLanguage\":\"es\",\"@id\":\"http:\/\/elregionalvm.com.ar\/noticias-villa-maria\/musica-e-historia-el-orejano-chucaro-y-libre\/#primaryimage\",\"url\":\"https:\/\/i0.wp.com\/elregionalvm.com.ar\/noticias-villa-maria\/wp-content\/uploads\/2022\/05\/Caballo.jpg?fit=1600%2C1000&ssl=1\",\"contentUrl\":\"https:\/\/i0.wp.com\/elregionalvm.com.ar\/noticias-villa-maria\/wp-content\/uploads\/2022\/05\/Caballo.jpg?fit=1600%2C1000&ssl=1\",\"width\":1600,\"height\":1000},{\"@type\":\"BreadcrumbList\",\"@id\":\"http:\/\/elregionalvm.com.ar\/noticias-villa-maria\/musica-e-historia-el-orejano-chucaro-y-libre\/#breadcrumb\",\"itemListElement\":[{\"@type\":\"ListItem\",\"position\":1,\"name\":\"Portada\",\"item\":\"https:\/\/elregionalvm.com.ar\/noticias-villa-maria\/\"},{\"@type\":\"ListItem\",\"position\":2,\"name\":\"[M\u00fasica e Historia] \u201cEl Orejano\u201d, ch\u00facaro y libre\"}]},{\"@type\":\"WebSite\",\"@id\":\"http:\/\/elregionalvm.com.ar\/noticias-villa-maria\/#website\",\"url\":\"http:\/\/elregionalvm.com.ar\/noticias-villa-maria\/\",\"name\":\"El Regional\",\"description\":\"Mucho m\u00e1s que informaci\u00f3n\",\"potentialAction\":[{\"@type\":\"SearchAction\",\"target\":{\"@type\":\"EntryPoint\",\"urlTemplate\":\"http:\/\/elregionalvm.com.ar\/noticias-villa-maria\/?s={search_term_string}\"},\"query-input\":{\"@type\":\"PropertyValueSpecification\",\"valueRequired\":true,\"valueName\":\"search_term_string\"}}],\"inLanguage\":\"es\"},{\"@type\":\"Person\",\"@id\":\"http:\/\/elregionalvm.com.ar\/noticias-villa-maria\/#\/schema\/person\/a0fb9c422317faca23d50163151bc354\",\"name\":\"Contenidos El Regional\",\"image\":{\"@type\":\"ImageObject\",\"inLanguage\":\"es\",\"@id\":\"http:\/\/elregionalvm.com.ar\/noticias-villa-maria\/#\/schema\/person\/image\/\",\"url\":\"https:\/\/secure.gravatar.com\/avatar\/265b27cb2209af7bb3a1318f03305787d7981a5cc6e6cd08fe5a4ecdf99d4b48?s=96&d=mm&r=g\",\"contentUrl\":\"https:\/\/secure.gravatar.com\/avatar\/265b27cb2209af7bb3a1318f03305787d7981a5cc6e6cd08fe5a4ecdf99d4b48?s=96&d=mm&r=g\",\"caption\":\"Contenidos El Regional\"},\"url\":\"https:\/\/elregionalvm.com.ar\/noticias-villa-maria\/author\/contenido\/\"}]}<\/script>\n<!-- \/ Yoast SEO plugin. -->","yoast_head_json":{"title":"[M\u00fasica e Historia] \u201cEl Orejano\u201d, ch\u00facaro y libre - El Regional","description":"Es una milonga compuesta por Seraf\u00edn J. Garc\u00eda, Braulio L\u00f3pez y Jos\u00e9 L. Guerra, estos dos \u00faltimos integrantes de \u201cLos Olimare\u00f1os\u201d.","robots":{"index":"index","follow":"follow","max-snippet":"max-snippet:-1","max-image-preview":"max-image-preview:large","max-video-preview":"max-video-preview:-1"},"canonical":"http:\/\/elregionalvm.com.ar\/noticias-villa-maria\/musica-e-historia-el-orejano-chucaro-y-libre\/","og_locale":"es_ES","og_type":"article","og_title":"[M\u00fasica e Historia] \u201cEl Orejano\u201d, ch\u00facaro y libre - El Regional","og_description":"Es una milonga compuesta por Seraf\u00edn J. Garc\u00eda, Braulio L\u00f3pez y Jos\u00e9 L. Guerra, estos dos \u00faltimos integrantes de \u201cLos Olimare\u00f1os\u201d.","og_url":"http:\/\/elregionalvm.com.ar\/noticias-villa-maria\/musica-e-historia-el-orejano-chucaro-y-libre\/","og_site_name":"El Regional","article_publisher":"https:\/\/www.facebook.com\/elregionalvm","article_published_time":"2022-05-20T16:17:24+00:00","article_modified_time":"2022-05-22T02:31:34+00:00","og_image":[{"width":1600,"height":1000,"url":"http:\/\/elregionalvm.com.ar\/noticias-villa-maria\/wp-content\/uploads\/2022\/05\/Caballo.jpg","type":"image\/jpeg"}],"author":"Contenidos El Regional","twitter_card":"summary_large_image","twitter_creator":"@elregionalvm1","twitter_site":"@elregionalvm1","twitter_misc":{"Escrito por":"Contenidos El Regional","Tiempo de lectura":"3 minutos"},"schema":{"@context":"https:\/\/schema.org","@graph":[{"@type":"Article","@id":"http:\/\/elregionalvm.com.ar\/noticias-villa-maria\/musica-e-historia-el-orejano-chucaro-y-libre\/#article","isPartOf":{"@id":"http:\/\/elregionalvm.com.ar\/noticias-villa-maria\/musica-e-historia-el-orejano-chucaro-y-libre\/"},"author":{"name":"Contenidos El Regional","@id":"http:\/\/elregionalvm.com.ar\/noticias-villa-maria\/#\/schema\/person\/a0fb9c422317faca23d50163151bc354"},"headline":"[M\u00fasica e Historia] \u201cEl Orejano\u201d, ch\u00facaro y libre","datePublished":"2022-05-20T16:17:24+00:00","dateModified":"2022-05-22T02:31:34+00:00","mainEntityOfPage":{"@id":"http:\/\/elregionalvm.com.ar\/noticias-villa-maria\/musica-e-historia-el-orejano-chucaro-y-libre\/"},"wordCount":679,"commentCount":0,"image":{"@id":"http:\/\/elregionalvm.com.ar\/noticias-villa-maria\/musica-e-historia-el-orejano-chucaro-y-libre\/#primaryimage"},"thumbnailUrl":"https:\/\/i0.wp.com\/elregionalvm.com.ar\/noticias-villa-maria\/wp-content\/uploads\/2022\/05\/Caballo.jpg?fit=1600%2C1000&ssl=1","keywords":["Braulio L\u00f3pez","caballo","campo","ch\u00facaro","Folklore","gaucho","leo mu\u00f1oz","Los Olimare\u00f1os","M\u00fasica e Historia","orejano","Uruguay","yerra"],"articleSection":["Historias","Notas","Videos"],"inLanguage":"es","potentialAction":[{"@type":"CommentAction","name":"Comment","target":["http:\/\/elregionalvm.com.ar\/noticias-villa-maria\/musica-e-historia-el-orejano-chucaro-y-libre\/#respond"]}]},{"@type":"WebPage","@id":"http:\/\/elregionalvm.com.ar\/noticias-villa-maria\/musica-e-historia-el-orejano-chucaro-y-libre\/","url":"http:\/\/elregionalvm.com.ar\/noticias-villa-maria\/musica-e-historia-el-orejano-chucaro-y-libre\/","name":"[M\u00fasica e Historia] \u201cEl Orejano\u201d, ch\u00facaro y libre - El Regional","isPartOf":{"@id":"http:\/\/elregionalvm.com.ar\/noticias-villa-maria\/#website"},"primaryImageOfPage":{"@id":"http:\/\/elregionalvm.com.ar\/noticias-villa-maria\/musica-e-historia-el-orejano-chucaro-y-libre\/#primaryimage"},"image":{"@id":"http:\/\/elregionalvm.com.ar\/noticias-villa-maria\/musica-e-historia-el-orejano-chucaro-y-libre\/#primaryimage"},"thumbnailUrl":"https:\/\/i0.wp.com\/elregionalvm.com.ar\/noticias-villa-maria\/wp-content\/uploads\/2022\/05\/Caballo.jpg?fit=1600%2C1000&ssl=1","datePublished":"2022-05-20T16:17:24+00:00","dateModified":"2022-05-22T02:31:34+00:00","author":{"@id":"http:\/\/elregionalvm.com.ar\/noticias-villa-maria\/#\/schema\/person\/a0fb9c422317faca23d50163151bc354"},"description":"Es una milonga compuesta por Seraf\u00edn J. Garc\u00eda, Braulio L\u00f3pez y Jos\u00e9 L. Guerra, estos dos \u00faltimos integrantes de \u201cLos Olimare\u00f1os\u201d.","breadcrumb":{"@id":"http:\/\/elregionalvm.com.ar\/noticias-villa-maria\/musica-e-historia-el-orejano-chucaro-y-libre\/#breadcrumb"},"inLanguage":"es","potentialAction":[{"@type":"ReadAction","target":["http:\/\/elregionalvm.com.ar\/noticias-villa-maria\/musica-e-historia-el-orejano-chucaro-y-libre\/"]}]},{"@type":"ImageObject","inLanguage":"es","@id":"http:\/\/elregionalvm.com.ar\/noticias-villa-maria\/musica-e-historia-el-orejano-chucaro-y-libre\/#primaryimage","url":"https:\/\/i0.wp.com\/elregionalvm.com.ar\/noticias-villa-maria\/wp-content\/uploads\/2022\/05\/Caballo.jpg?fit=1600%2C1000&ssl=1","contentUrl":"https:\/\/i0.wp.com\/elregionalvm.com.ar\/noticias-villa-maria\/wp-content\/uploads\/2022\/05\/Caballo.jpg?fit=1600%2C1000&ssl=1","width":1600,"height":1000},{"@type":"BreadcrumbList","@id":"http:\/\/elregionalvm.com.ar\/noticias-villa-maria\/musica-e-historia-el-orejano-chucaro-y-libre\/#breadcrumb","itemListElement":[{"@type":"ListItem","position":1,"name":"Portada","item":"https:\/\/elregionalvm.com.ar\/noticias-villa-maria\/"},{"@type":"ListItem","position":2,"name":"[M\u00fasica e Historia] \u201cEl Orejano\u201d, ch\u00facaro y libre"}]},{"@type":"WebSite","@id":"http:\/\/elregionalvm.com.ar\/noticias-villa-maria\/#website","url":"http:\/\/elregionalvm.com.ar\/noticias-villa-maria\/","name":"El Regional","description":"Mucho m\u00e1s que informaci\u00f3n","potentialAction":[{"@type":"SearchAction","target":{"@type":"EntryPoint","urlTemplate":"http:\/\/elregionalvm.com.ar\/noticias-villa-maria\/?s={search_term_string}"},"query-input":{"@type":"PropertyValueSpecification","valueRequired":true,"valueName":"search_term_string"}}],"inLanguage":"es"},{"@type":"Person","@id":"http:\/\/elregionalvm.com.ar\/noticias-villa-maria\/#\/schema\/person\/a0fb9c422317faca23d50163151bc354","name":"Contenidos El Regional","image":{"@type":"ImageObject","inLanguage":"es","@id":"http:\/\/elregionalvm.com.ar\/noticias-villa-maria\/#\/schema\/person\/image\/","url":"https:\/\/secure.gravatar.com\/avatar\/265b27cb2209af7bb3a1318f03305787d7981a5cc6e6cd08fe5a4ecdf99d4b48?s=96&d=mm&r=g","contentUrl":"https:\/\/secure.gravatar.com\/avatar\/265b27cb2209af7bb3a1318f03305787d7981a5cc6e6cd08fe5a4ecdf99d4b48?s=96&d=mm&r=g","caption":"Contenidos El Regional"},"url":"https:\/\/elregionalvm.com.ar\/noticias-villa-maria\/author\/contenido\/"}]}},"jetpack_featured_media_url":"https:\/\/i0.wp.com\/elregionalvm.com.ar\/noticias-villa-maria\/wp-content\/uploads\/2022\/05\/Caballo.jpg?fit=1600%2C1000&ssl=1","jetpack_sharing_enabled":true,"_links":{"self":[{"href":"https:\/\/elregionalvm.com.ar\/noticias-villa-maria\/wp-json\/wp\/v2\/posts\/57698","targetHints":{"allow":["GET"]}}],"collection":[{"href":"https:\/\/elregionalvm.com.ar\/noticias-villa-maria\/wp-json\/wp\/v2\/posts"}],"about":[{"href":"https:\/\/elregionalvm.com.ar\/noticias-villa-maria\/wp-json\/wp\/v2\/types\/post"}],"author":[{"embeddable":true,"href":"https:\/\/elregionalvm.com.ar\/noticias-villa-maria\/wp-json\/wp\/v2\/users\/4"}],"replies":[{"embeddable":true,"href":"https:\/\/elregionalvm.com.ar\/noticias-villa-maria\/wp-json\/wp\/v2\/comments?post=57698"}],"version-history":[{"count":2,"href":"https:\/\/elregionalvm.com.ar\/noticias-villa-maria\/wp-json\/wp\/v2\/posts\/57698\/revisions"}],"predecessor-version":[{"id":57702,"href":"https:\/\/elregionalvm.com.ar\/noticias-villa-maria\/wp-json\/wp\/v2\/posts\/57698\/revisions\/57702"}],"wp:featuredmedia":[{"embeddable":true,"href":"https:\/\/elregionalvm.com.ar\/noticias-villa-maria\/wp-json\/wp\/v2\/media\/57700"}],"wp:attachment":[{"href":"https:\/\/elregionalvm.com.ar\/noticias-villa-maria\/wp-json\/wp\/v2\/media?parent=57698"}],"wp:term":[{"taxonomy":"category","embeddable":true,"href":"https:\/\/elregionalvm.com.ar\/noticias-villa-maria\/wp-json\/wp\/v2\/categories?post=57698"},{"taxonomy":"post_tag","embeddable":true,"href":"https:\/\/elregionalvm.com.ar\/noticias-villa-maria\/wp-json\/wp\/v2\/tags?post=57698"}],"curies":[{"name":"wp","href":"https:\/\/api.w.org\/{rel}","templated":true}]}}