{"id":58100,"date":"2022-05-30T00:40:41","date_gmt":"2022-05-30T00:40:41","guid":{"rendered":"https:\/\/elregionalvm.com.ar\/noticias-villa-maria\/?p=58100"},"modified":"2022-05-30T00:40:42","modified_gmt":"2022-05-30T00:40:42","slug":"presentan-el-proyecto-para-crear-la-empresa-nacional-de-alimentos","status":"publish","type":"post","link":"https:\/\/elregionalvm.com.ar\/noticias-villa-maria\/presentan-el-proyecto-para-crear-la-empresa-nacional-de-alimentos\/","title":{"rendered":"Presentan el proyecto para crear la Empresa Nacional de Alimentos"},"content":{"rendered":"\n<p>Este lunes tendr\u00e1 lugar en la ciudad la presentaci\u00f3n del proyecto que busca avanzar en la consolidaci\u00f3n de la Empresa Nacional de Alimentos (ENA), con el objetivo de fortalecer las econom\u00edas regionales, entre otros prop\u00f3sitos. Para ello, el intendente Mart\u00edn Gill, recibir\u00e1 al director Nacional de Pol\u00edticas Integradoras, Rafael Klejze, quien se encuentra al frente de la iniciativa.<\/p>\n\n\n\n<p>A lo largo de la jornada, los funcionarios mantendr\u00e1n reuniones con referentes de instituciones y de sectores productivos y cooperativos de la ciudad a los fines de generar intercambios y aunar esfuerzos en pos de tratar la desconcentraci\u00f3n del mercado de alimentos en el pa\u00eds. De este modo, se pretende generar alianzas estrat\u00e9gicas con peque\u00f1os y medianos productores e industrias, fortaleciendo as\u00ed las econom\u00edas regionales bajo una l\u00f3gica federal.<\/p>\n\n\n\n<p>En este marco, este lunes autoridades municipales encabezar\u00e1n la firma del Plan Federal de Ferias previo a la presentaci\u00f3n formal del programa en el Centro Cultural Comunitario Leonardo Favio. Dicha instancia, tendr\u00e1 lugar a las 10:30 horas, para continuar durante la tarde con reuniones junto a referentes de las casas de altos estudios de la ciudad.<\/p>\n\n\n\n<p>En tanto, el martes se realizar\u00e1 un recorrido por el Mercado de Abastos y hacia media ma\u00f1ana se visitar\u00e1 la estancia Yucat. Por \u00faltimo, alrededor de las 17:30 horas se prev\u00e9 concretar una reuni\u00f3n junto al sector cooperativo y referentes de sindicatos locales.<\/p>\n\n\n\n<p>En detalle, la ENA aspira a delinear una pol\u00edtica p\u00fablica en direcci\u00f3n a asegurar la soberan\u00eda alimentaria y al acceso de los alimentos a un precio justo y razonable en relaci\u00f3n con los ingresos y la rentabilidad de argentinos y argentinas. Al mismo tiempo, su aporte radica en democratizar la producci\u00f3n, el acceso al alimento y su distribuci\u00f3n; la recuperaci\u00f3n de circuitos productivos inexistentes como las cuencas lecheras, la pesca artesanal, y diversas producciones locales que han perdido fuerza; la protecci\u00f3n del mercado interno, y la responsabilidad con el medio ambiente en pr\u00e1cticas correctas y responsables de la producci\u00f3n.<\/p>\n","protected":false},"excerpt":{"rendered":"<p>Este lunes tendr\u00e1 lugar en la ciudad la presentaci\u00f3n del proyecto que busca avanzar en la consolidaci\u00f3n de la Empresa Nacional de Alimentos (ENA), con el objetivo de fortalecer las econom\u00edas regionales, entre otros prop\u00f3sitos. Para ello, el intendente Mart\u00edn Gill, recibir\u00e1 al director Nacional de Pol\u00edticas Integradoras, Rafael Klejze, quien se encuentra al frente [&hellip;]<\/p>\n","protected":false},"author":4,"featured_media":58101,"comment_status":"open","ping_status":"open","sticky":false,"template":"","format":"standard","meta":{"site-sidebar-layout":"default","site-content-layout":"","ast-site-content-layout":"default","site-content-style":"default","site-sidebar-style":"default","ast-global-header-display":"","ast-banner-title-visibility":"","ast-main-header-display":"","ast-hfb-above-header-display":"","ast-hfb-below-header-display":"","ast-hfb-mobile-header-display":"","site-post-title":"","ast-breadcrumbs-content":"","ast-featured-img":"","footer-sml-layout":"","ast-disable-related-posts":"","theme-transparent-header-meta":"","adv-header-id-meta":"","stick-header-meta":"","header-above-stick-meta":"","header-main-stick-meta":"","header-below-stick-meta":"","astra-migrate-meta-layouts":"default","ast-page-background-enabled":"default","ast-page-background-meta":{"desktop":{"background-color":"","background-image":"","background-repeat":"repeat","background-position":"center center","background-size":"auto","background-attachment":"scroll","background-type":"","background-media":"","overlay-type":"","overlay-color":"","overlay-opacity":"","overlay-gradient":""},"tablet":{"background-color":"","background-image":"","background-repeat":"repeat","background-position":"center center","background-size":"auto","background-attachment":"scroll","background-type":"","background-media":"","overlay-type":"","overlay-color":"","overlay-opacity":"","overlay-gradient":""},"mobile":{"background-color":"","background-image":"","background-repeat":"repeat","background-position":"center center","background-size":"auto","background-attachment":"scroll","background-type":"","background-media":"","overlay-type":"","overlay-color":"","overlay-opacity":"","overlay-gradient":""}},"ast-content-background-meta":{"desktop":{"background-color":"var(--ast-global-color-5)","background-image":"","background-repeat":"repeat","background-position":"center center","background-size":"auto","background-attachment":"scroll","background-type":"","background-media":"","overlay-type":"","overlay-color":"","overlay-opacity":"","overlay-gradient":""},"tablet":{"background-color":"var(--ast-global-color-5)","background-image":"","background-repeat":"repeat","background-position":"center center","background-size":"auto","background-attachment":"scroll","background-type":"","background-media":"","overlay-type":"","overlay-color":"","overlay-opacity":"","overlay-gradient":""},"mobile":{"background-color":"var(--ast-global-color-5)","background-image":"","background-repeat":"repeat","background-position":"center center","background-size":"auto","background-attachment":"scroll","background-type":"","background-media":"","overlay-type":"","overlay-color":"","overlay-opacity":"","overlay-gradient":""}},"_jetpack_memberships_contains_paid_content":false,"_joinchat":[],"footnotes":""},"categories":[15302,2],"tags":[15752,1125,15754,15753,2248],"class_list":["post-58100","post","type-post","status-publish","format-standard","has-post-thumbnail","hentry","category-destacado","category-villa-maria","tag-empresa-nacional-de-alimentos","tag-martin-gill","tag-politicas-integradoras","tag-rafael-klejze","tag-villa-maria-2"],"yoast_head":"<!-- This site is optimized with the Yoast SEO plugin v26.8 - https:\/\/yoast.com\/product\/yoast-seo-wordpress\/ -->\n<title>Presentan el proyecto para crear la Empresa Nacional de Alimentos - El Regional<\/title>\n<meta name=\"robots\" content=\"index, follow, max-snippet:-1, max-image-preview:large, max-video-preview:-1\" \/>\n<link rel=\"canonical\" href=\"http:\/\/elregionalvm.com.ar\/noticias-villa-maria\/presentan-el-proyecto-para-crear-la-empresa-nacional-de-alimentos\/\" \/>\n<meta property=\"og:locale\" content=\"es_ES\" \/>\n<meta property=\"og:type\" content=\"article\" \/>\n<meta property=\"og:title\" content=\"Presentan el proyecto para crear la Empresa Nacional de Alimentos - El Regional\" \/>\n<meta property=\"og:description\" content=\"Este lunes tendr\u00e1 lugar en la ciudad la presentaci\u00f3n del proyecto que busca avanzar en la consolidaci\u00f3n de la Empresa Nacional de Alimentos (ENA), con el objetivo de fortalecer las econom\u00edas regionales, entre otros prop\u00f3sitos. Para ello, el intendente Mart\u00edn Gill, recibir\u00e1 al director Nacional de Pol\u00edticas Integradoras, Rafael Klejze, quien se encuentra al frente [&hellip;]\" \/>\n<meta property=\"og:url\" content=\"http:\/\/elregionalvm.com.ar\/noticias-villa-maria\/presentan-el-proyecto-para-crear-la-empresa-nacional-de-alimentos\/\" \/>\n<meta property=\"og:site_name\" content=\"El Regional\" \/>\n<meta property=\"article:publisher\" content=\"https:\/\/www.facebook.com\/elregionalvm\" \/>\n<meta property=\"article:published_time\" content=\"2022-05-30T00:40:41+00:00\" \/>\n<meta property=\"article:modified_time\" content=\"2022-05-30T00:40:42+00:00\" \/>\n<meta property=\"og:image\" content=\"http:\/\/elregionalvm.com.ar\/noticias-villa-maria\/wp-content\/uploads\/2022\/05\/empresa-nacional-de-alimentos.jpg\" \/>\n\t<meta property=\"og:image:width\" content=\"760\" \/>\n\t<meta property=\"og:image:height\" content=\"428\" \/>\n\t<meta property=\"og:image:type\" content=\"image\/jpeg\" \/>\n<meta name=\"author\" content=\"Contenidos El Regional\" \/>\n<meta name=\"twitter:card\" content=\"summary_large_image\" \/>\n<meta name=\"twitter:creator\" content=\"@elregionalvm1\" \/>\n<meta name=\"twitter:site\" content=\"@elregionalvm1\" \/>\n<meta name=\"twitter:label1\" content=\"Escrito por\" \/>\n\t<meta name=\"twitter:data1\" content=\"Contenidos El Regional\" \/>\n\t<meta name=\"twitter:label2\" content=\"Tiempo de lectura\" \/>\n\t<meta name=\"twitter:data2\" content=\"2 minutos\" \/>\n<script type=\"application\/ld+json\" class=\"yoast-schema-graph\">{\"@context\":\"https:\/\/schema.org\",\"@graph\":[{\"@type\":\"Article\",\"@id\":\"http:\/\/elregionalvm.com.ar\/noticias-villa-maria\/presentan-el-proyecto-para-crear-la-empresa-nacional-de-alimentos\/#article\",\"isPartOf\":{\"@id\":\"http:\/\/elregionalvm.com.ar\/noticias-villa-maria\/presentan-el-proyecto-para-crear-la-empresa-nacional-de-alimentos\/\"},\"author\":{\"name\":\"Contenidos El Regional\",\"@id\":\"http:\/\/elregionalvm.com.ar\/noticias-villa-maria\/#\/schema\/person\/a0fb9c422317faca23d50163151bc354\"},\"headline\":\"Presentan el proyecto para crear la Empresa Nacional de Alimentos\",\"datePublished\":\"2022-05-30T00:40:41+00:00\",\"dateModified\":\"2022-05-30T00:40:42+00:00\",\"mainEntityOfPage\":{\"@id\":\"http:\/\/elregionalvm.com.ar\/noticias-villa-maria\/presentan-el-proyecto-para-crear-la-empresa-nacional-de-alimentos\/\"},\"wordCount\":361,\"commentCount\":0,\"image\":{\"@id\":\"http:\/\/elregionalvm.com.ar\/noticias-villa-maria\/presentan-el-proyecto-para-crear-la-empresa-nacional-de-alimentos\/#primaryimage\"},\"thumbnailUrl\":\"https:\/\/i0.wp.com\/elregionalvm.com.ar\/noticias-villa-maria\/wp-content\/uploads\/2022\/05\/empresa-nacional-de-alimentos.jpg?fit=760%2C428&ssl=1\",\"keywords\":[\"Empresa Nacional de Alimentos\",\"mart\u00edn gill\",\"Pol\u00edticas Integradoras\",\"Rafael Klejze\",\"Villa Mar\u00eda\"],\"articleSection\":[\"destacado\",\"Villa Mar\u00eda\"],\"inLanguage\":\"es\",\"potentialAction\":[{\"@type\":\"CommentAction\",\"name\":\"Comment\",\"target\":[\"http:\/\/elregionalvm.com.ar\/noticias-villa-maria\/presentan-el-proyecto-para-crear-la-empresa-nacional-de-alimentos\/#respond\"]}]},{\"@type\":\"WebPage\",\"@id\":\"http:\/\/elregionalvm.com.ar\/noticias-villa-maria\/presentan-el-proyecto-para-crear-la-empresa-nacional-de-alimentos\/\",\"url\":\"http:\/\/elregionalvm.com.ar\/noticias-villa-maria\/presentan-el-proyecto-para-crear-la-empresa-nacional-de-alimentos\/\",\"name\":\"Presentan el proyecto para crear la Empresa Nacional de Alimentos - El Regional\",\"isPartOf\":{\"@id\":\"http:\/\/elregionalvm.com.ar\/noticias-villa-maria\/#website\"},\"primaryImageOfPage\":{\"@id\":\"http:\/\/elregionalvm.com.ar\/noticias-villa-maria\/presentan-el-proyecto-para-crear-la-empresa-nacional-de-alimentos\/#primaryimage\"},\"image\":{\"@id\":\"http:\/\/elregionalvm.com.ar\/noticias-villa-maria\/presentan-el-proyecto-para-crear-la-empresa-nacional-de-alimentos\/#primaryimage\"},\"thumbnailUrl\":\"https:\/\/i0.wp.com\/elregionalvm.com.ar\/noticias-villa-maria\/wp-content\/uploads\/2022\/05\/empresa-nacional-de-alimentos.jpg?fit=760%2C428&ssl=1\",\"datePublished\":\"2022-05-30T00:40:41+00:00\",\"dateModified\":\"2022-05-30T00:40:42+00:00\",\"author\":{\"@id\":\"http:\/\/elregionalvm.com.ar\/noticias-villa-maria\/#\/schema\/person\/a0fb9c422317faca23d50163151bc354\"},\"breadcrumb\":{\"@id\":\"http:\/\/elregionalvm.com.ar\/noticias-villa-maria\/presentan-el-proyecto-para-crear-la-empresa-nacional-de-alimentos\/#breadcrumb\"},\"inLanguage\":\"es\",\"potentialAction\":[{\"@type\":\"ReadAction\",\"target\":[\"http:\/\/elregionalvm.com.ar\/noticias-villa-maria\/presentan-el-proyecto-para-crear-la-empresa-nacional-de-alimentos\/\"]}]},{\"@type\":\"ImageObject\",\"inLanguage\":\"es\",\"@id\":\"http:\/\/elregionalvm.com.ar\/noticias-villa-maria\/presentan-el-proyecto-para-crear-la-empresa-nacional-de-alimentos\/#primaryimage\",\"url\":\"https:\/\/i0.wp.com\/elregionalvm.com.ar\/noticias-villa-maria\/wp-content\/uploads\/2022\/05\/empresa-nacional-de-alimentos.jpg?fit=760%2C428&ssl=1\",\"contentUrl\":\"https:\/\/i0.wp.com\/elregionalvm.com.ar\/noticias-villa-maria\/wp-content\/uploads\/2022\/05\/empresa-nacional-de-alimentos.jpg?fit=760%2C428&ssl=1\",\"width\":760,\"height\":428},{\"@type\":\"BreadcrumbList\",\"@id\":\"http:\/\/elregionalvm.com.ar\/noticias-villa-maria\/presentan-el-proyecto-para-crear-la-empresa-nacional-de-alimentos\/#breadcrumb\",\"itemListElement\":[{\"@type\":\"ListItem\",\"position\":1,\"name\":\"Portada\",\"item\":\"https:\/\/elregionalvm.com.ar\/noticias-villa-maria\/\"},{\"@type\":\"ListItem\",\"position\":2,\"name\":\"Presentan el proyecto para crear la Empresa Nacional de Alimentos\"}]},{\"@type\":\"WebSite\",\"@id\":\"http:\/\/elregionalvm.com.ar\/noticias-villa-maria\/#website\",\"url\":\"http:\/\/elregionalvm.com.ar\/noticias-villa-maria\/\",\"name\":\"El Regional\",\"description\":\"Mucho m\u00e1s que informaci\u00f3n\",\"potentialAction\":[{\"@type\":\"SearchAction\",\"target\":{\"@type\":\"EntryPoint\",\"urlTemplate\":\"http:\/\/elregionalvm.com.ar\/noticias-villa-maria\/?s={search_term_string}\"},\"query-input\":{\"@type\":\"PropertyValueSpecification\",\"valueRequired\":true,\"valueName\":\"search_term_string\"}}],\"inLanguage\":\"es\"},{\"@type\":\"Person\",\"@id\":\"http:\/\/elregionalvm.com.ar\/noticias-villa-maria\/#\/schema\/person\/a0fb9c422317faca23d50163151bc354\",\"name\":\"Contenidos El Regional\",\"image\":{\"@type\":\"ImageObject\",\"inLanguage\":\"es\",\"@id\":\"http:\/\/elregionalvm.com.ar\/noticias-villa-maria\/#\/schema\/person\/image\/\",\"url\":\"https:\/\/secure.gravatar.com\/avatar\/265b27cb2209af7bb3a1318f03305787d7981a5cc6e6cd08fe5a4ecdf99d4b48?s=96&d=mm&r=g\",\"contentUrl\":\"https:\/\/secure.gravatar.com\/avatar\/265b27cb2209af7bb3a1318f03305787d7981a5cc6e6cd08fe5a4ecdf99d4b48?s=96&d=mm&r=g\",\"caption\":\"Contenidos El Regional\"},\"url\":\"https:\/\/elregionalvm.com.ar\/noticias-villa-maria\/author\/contenido\/\"}]}<\/script>\n<!-- \/ Yoast SEO plugin. -->","yoast_head_json":{"title":"Presentan el proyecto para crear la Empresa Nacional de Alimentos - El Regional","robots":{"index":"index","follow":"follow","max-snippet":"max-snippet:-1","max-image-preview":"max-image-preview:large","max-video-preview":"max-video-preview:-1"},"canonical":"http:\/\/elregionalvm.com.ar\/noticias-villa-maria\/presentan-el-proyecto-para-crear-la-empresa-nacional-de-alimentos\/","og_locale":"es_ES","og_type":"article","og_title":"Presentan el proyecto para crear la Empresa Nacional de Alimentos - El Regional","og_description":"Este lunes tendr\u00e1 lugar en la ciudad la presentaci\u00f3n del proyecto que busca avanzar en la consolidaci\u00f3n de la Empresa Nacional de Alimentos (ENA), con el objetivo de fortalecer las econom\u00edas regionales, entre otros prop\u00f3sitos. Para ello, el intendente Mart\u00edn Gill, recibir\u00e1 al director Nacional de Pol\u00edticas Integradoras, Rafael Klejze, quien se encuentra al frente [&hellip;]","og_url":"http:\/\/elregionalvm.com.ar\/noticias-villa-maria\/presentan-el-proyecto-para-crear-la-empresa-nacional-de-alimentos\/","og_site_name":"El Regional","article_publisher":"https:\/\/www.facebook.com\/elregionalvm","article_published_time":"2022-05-30T00:40:41+00:00","article_modified_time":"2022-05-30T00:40:42+00:00","og_image":[{"width":760,"height":428,"url":"http:\/\/elregionalvm.com.ar\/noticias-villa-maria\/wp-content\/uploads\/2022\/05\/empresa-nacional-de-alimentos.jpg","type":"image\/jpeg"}],"author":"Contenidos El Regional","twitter_card":"summary_large_image","twitter_creator":"@elregionalvm1","twitter_site":"@elregionalvm1","twitter_misc":{"Escrito por":"Contenidos El Regional","Tiempo de lectura":"2 minutos"},"schema":{"@context":"https:\/\/schema.org","@graph":[{"@type":"Article","@id":"http:\/\/elregionalvm.com.ar\/noticias-villa-maria\/presentan-el-proyecto-para-crear-la-empresa-nacional-de-alimentos\/#article","isPartOf":{"@id":"http:\/\/elregionalvm.com.ar\/noticias-villa-maria\/presentan-el-proyecto-para-crear-la-empresa-nacional-de-alimentos\/"},"author":{"name":"Contenidos El Regional","@id":"http:\/\/elregionalvm.com.ar\/noticias-villa-maria\/#\/schema\/person\/a0fb9c422317faca23d50163151bc354"},"headline":"Presentan el proyecto para crear la Empresa Nacional de Alimentos","datePublished":"2022-05-30T00:40:41+00:00","dateModified":"2022-05-30T00:40:42+00:00","mainEntityOfPage":{"@id":"http:\/\/elregionalvm.com.ar\/noticias-villa-maria\/presentan-el-proyecto-para-crear-la-empresa-nacional-de-alimentos\/"},"wordCount":361,"commentCount":0,"image":{"@id":"http:\/\/elregionalvm.com.ar\/noticias-villa-maria\/presentan-el-proyecto-para-crear-la-empresa-nacional-de-alimentos\/#primaryimage"},"thumbnailUrl":"https:\/\/i0.wp.com\/elregionalvm.com.ar\/noticias-villa-maria\/wp-content\/uploads\/2022\/05\/empresa-nacional-de-alimentos.jpg?fit=760%2C428&ssl=1","keywords":["Empresa Nacional de Alimentos","mart\u00edn gill","Pol\u00edticas Integradoras","Rafael Klejze","Villa Mar\u00eda"],"articleSection":["destacado","Villa Mar\u00eda"],"inLanguage":"es","potentialAction":[{"@type":"CommentAction","name":"Comment","target":["http:\/\/elregionalvm.com.ar\/noticias-villa-maria\/presentan-el-proyecto-para-crear-la-empresa-nacional-de-alimentos\/#respond"]}]},{"@type":"WebPage","@id":"http:\/\/elregionalvm.com.ar\/noticias-villa-maria\/presentan-el-proyecto-para-crear-la-empresa-nacional-de-alimentos\/","url":"http:\/\/elregionalvm.com.ar\/noticias-villa-maria\/presentan-el-proyecto-para-crear-la-empresa-nacional-de-alimentos\/","name":"Presentan el proyecto para crear la Empresa Nacional de Alimentos - El Regional","isPartOf":{"@id":"http:\/\/elregionalvm.com.ar\/noticias-villa-maria\/#website"},"primaryImageOfPage":{"@id":"http:\/\/elregionalvm.com.ar\/noticias-villa-maria\/presentan-el-proyecto-para-crear-la-empresa-nacional-de-alimentos\/#primaryimage"},"image":{"@id":"http:\/\/elregionalvm.com.ar\/noticias-villa-maria\/presentan-el-proyecto-para-crear-la-empresa-nacional-de-alimentos\/#primaryimage"},"thumbnailUrl":"https:\/\/i0.wp.com\/elregionalvm.com.ar\/noticias-villa-maria\/wp-content\/uploads\/2022\/05\/empresa-nacional-de-alimentos.jpg?fit=760%2C428&ssl=1","datePublished":"2022-05-30T00:40:41+00:00","dateModified":"2022-05-30T00:40:42+00:00","author":{"@id":"http:\/\/elregionalvm.com.ar\/noticias-villa-maria\/#\/schema\/person\/a0fb9c422317faca23d50163151bc354"},"breadcrumb":{"@id":"http:\/\/elregionalvm.com.ar\/noticias-villa-maria\/presentan-el-proyecto-para-crear-la-empresa-nacional-de-alimentos\/#breadcrumb"},"inLanguage":"es","potentialAction":[{"@type":"ReadAction","target":["http:\/\/elregionalvm.com.ar\/noticias-villa-maria\/presentan-el-proyecto-para-crear-la-empresa-nacional-de-alimentos\/"]}]},{"@type":"ImageObject","inLanguage":"es","@id":"http:\/\/elregionalvm.com.ar\/noticias-villa-maria\/presentan-el-proyecto-para-crear-la-empresa-nacional-de-alimentos\/#primaryimage","url":"https:\/\/i0.wp.com\/elregionalvm.com.ar\/noticias-villa-maria\/wp-content\/uploads\/2022\/05\/empresa-nacional-de-alimentos.jpg?fit=760%2C428&ssl=1","contentUrl":"https:\/\/i0.wp.com\/elregionalvm.com.ar\/noticias-villa-maria\/wp-content\/uploads\/2022\/05\/empresa-nacional-de-alimentos.jpg?fit=760%2C428&ssl=1","width":760,"height":428},{"@type":"BreadcrumbList","@id":"http:\/\/elregionalvm.com.ar\/noticias-villa-maria\/presentan-el-proyecto-para-crear-la-empresa-nacional-de-alimentos\/#breadcrumb","itemListElement":[{"@type":"ListItem","position":1,"name":"Portada","item":"https:\/\/elregionalvm.com.ar\/noticias-villa-maria\/"},{"@type":"ListItem","position":2,"name":"Presentan el proyecto para crear la Empresa Nacional de Alimentos"}]},{"@type":"WebSite","@id":"http:\/\/elregionalvm.com.ar\/noticias-villa-maria\/#website","url":"http:\/\/elregionalvm.com.ar\/noticias-villa-maria\/","name":"El Regional","description":"Mucho m\u00e1s que informaci\u00f3n","potentialAction":[{"@type":"SearchAction","target":{"@type":"EntryPoint","urlTemplate":"http:\/\/elregionalvm.com.ar\/noticias-villa-maria\/?s={search_term_string}"},"query-input":{"@type":"PropertyValueSpecification","valueRequired":true,"valueName":"search_term_string"}}],"inLanguage":"es"},{"@type":"Person","@id":"http:\/\/elregionalvm.com.ar\/noticias-villa-maria\/#\/schema\/person\/a0fb9c422317faca23d50163151bc354","name":"Contenidos El Regional","image":{"@type":"ImageObject","inLanguage":"es","@id":"http:\/\/elregionalvm.com.ar\/noticias-villa-maria\/#\/schema\/person\/image\/","url":"https:\/\/secure.gravatar.com\/avatar\/265b27cb2209af7bb3a1318f03305787d7981a5cc6e6cd08fe5a4ecdf99d4b48?s=96&d=mm&r=g","contentUrl":"https:\/\/secure.gravatar.com\/avatar\/265b27cb2209af7bb3a1318f03305787d7981a5cc6e6cd08fe5a4ecdf99d4b48?s=96&d=mm&r=g","caption":"Contenidos El Regional"},"url":"https:\/\/elregionalvm.com.ar\/noticias-villa-maria\/author\/contenido\/"}]}},"jetpack_featured_media_url":"https:\/\/i0.wp.com\/elregionalvm.com.ar\/noticias-villa-maria\/wp-content\/uploads\/2022\/05\/empresa-nacional-de-alimentos.jpg?fit=760%2C428&ssl=1","jetpack_sharing_enabled":true,"_links":{"self":[{"href":"https:\/\/elregionalvm.com.ar\/noticias-villa-maria\/wp-json\/wp\/v2\/posts\/58100","targetHints":{"allow":["GET"]}}],"collection":[{"href":"https:\/\/elregionalvm.com.ar\/noticias-villa-maria\/wp-json\/wp\/v2\/posts"}],"about":[{"href":"https:\/\/elregionalvm.com.ar\/noticias-villa-maria\/wp-json\/wp\/v2\/types\/post"}],"author":[{"embeddable":true,"href":"https:\/\/elregionalvm.com.ar\/noticias-villa-maria\/wp-json\/wp\/v2\/users\/4"}],"replies":[{"embeddable":true,"href":"https:\/\/elregionalvm.com.ar\/noticias-villa-maria\/wp-json\/wp\/v2\/comments?post=58100"}],"version-history":[{"count":1,"href":"https:\/\/elregionalvm.com.ar\/noticias-villa-maria\/wp-json\/wp\/v2\/posts\/58100\/revisions"}],"predecessor-version":[{"id":58102,"href":"https:\/\/elregionalvm.com.ar\/noticias-villa-maria\/wp-json\/wp\/v2\/posts\/58100\/revisions\/58102"}],"wp:featuredmedia":[{"embeddable":true,"href":"https:\/\/elregionalvm.com.ar\/noticias-villa-maria\/wp-json\/wp\/v2\/media\/58101"}],"wp:attachment":[{"href":"https:\/\/elregionalvm.com.ar\/noticias-villa-maria\/wp-json\/wp\/v2\/media?parent=58100"}],"wp:term":[{"taxonomy":"category","embeddable":true,"href":"https:\/\/elregionalvm.com.ar\/noticias-villa-maria\/wp-json\/wp\/v2\/categories?post=58100"},{"taxonomy":"post_tag","embeddable":true,"href":"https:\/\/elregionalvm.com.ar\/noticias-villa-maria\/wp-json\/wp\/v2\/tags?post=58100"}],"curies":[{"name":"wp","href":"https:\/\/api.w.org\/{rel}","templated":true}]}}