{"id":58103,"date":"2022-05-30T01:42:33","date_gmt":"2022-05-30T01:42:33","guid":{"rendered":"https:\/\/elregionalvm.com.ar\/noticias-villa-maria\/?p=58103"},"modified":"2022-06-03T02:54:30","modified_gmt":"2022-06-03T02:54:30","slug":"viruela-mitos-y-sospechas-por-que-se-guardo-el-virus-de-una-enfermedad-extinguida","status":"publish","type":"post","link":"https:\/\/elregionalvm.com.ar\/noticias-villa-maria\/viruela-mitos-y-sospechas-por-que-se-guardo-el-virus-de-una-enfermedad-extinguida\/","title":{"rendered":"Viruela, mitos y sospechas: \u00bfPor qu\u00e9 se guard\u00f3 el virus de una enfermedad \u201cextinguida\u201d?"},"content":{"rendered":"\n<p><\/p>\n\n\n\n<p><strong>Escribe: Germ\u00e1n Giacchero<\/strong><\/p>\n\n\n\n<p><\/p>\n\n\n\n<p>\u00bfSab\u00edas que una de las enfermedades m\u00e1s letales de la historia a\u00fan no se fue del todo porque se conservan muestras del virus en laboratorios supuestamente s\u00faper seguros?<\/p>\n\n\n\n<p>S\u00ed se\u00f1oras y se\u00f1ores, la viruela no desapareci\u00f3, en sentido estricto de la palabra, como la mayor parte de nosotros cree.<\/p>\n\n\n\n<p>A pesar de que la cre\u00edamos desterrada para siempre, a su modo, la viruela a\u00fan est\u00e1 entre nosotros. Con la aparici\u00f3n de casos en distintos pa\u00edses de la denominada viruela del mono o viruela s\u00edmica, reapareci\u00f3 en escena el nombre de esta antiqu\u00edsima enfermedad ya erradicada del planeta.<\/p>\n\n\n\n<p>Pero de la cual se conservan muestras del virus en laboratorios s\u00faper secretos. O casi.<\/p>\n\n\n\n<p>Claro que, aunque tienen caracter\u00edsticas en com\u00fan, son dos patolog\u00edas diferentes. Ya vamos a abordar las similitudes y los contrastes entre ambas. Ahora, veamos c\u00f3mo es que a pesar de ser una enfermedad extinguida, las superpotencias atesoran el virus que la provoca.<\/p>\n\n\n\n<p><\/p>\n\n\n\n<figure class=\"wp-block-embed is-type-wp-embed is-provider-el-regional wp-block-embed-el-regional\"><div class=\"wp-block-embed__wrapper\">\n<blockquote class=\"wp-embedded-content\" data-secret=\"NSjGGQNlfd\"><a href=\"https:\/\/elregionalvm.com.ar\/noticias-villa-maria\/pestes-que-nunca-se-fueron-fha-lepra-y-viruela\/\">Pestes que nunca se fueron: fiebre hemorr\u00e1gica, lepra y viruela<\/a><\/blockquote><iframe class=\"wp-embedded-content\" sandbox=\"allow-scripts\" security=\"restricted\" style=\"position: absolute; clip: rect(1px, 1px, 1px, 1px);\" title=\"\u00abPestes que nunca se fueron: fiebre hemorr\u00e1gica, lepra y viruela\u00bb \u2014 El Regional\" src=\"https:\/\/elregionalvm.com.ar\/noticias-villa-maria\/pestes-que-nunca-se-fueron-fha-lepra-y-viruela\/embed\/#?secret=KXSuufsyuU#?secret=NSjGGQNlfd\" data-secret=\"NSjGGQNlfd\" width=\"500\" height=\"282\" frameborder=\"0\" marginwidth=\"0\" marginheight=\"0\" scrolling=\"no\"><\/iframe>\n<\/div><\/figure>\n\n\n\n<p><\/p>\n\n\n\n<p><strong>Virus resguardado<\/strong><\/p>\n\n\n\n<p>La noticia pas\u00f3 desapercibida para la mayor parte del globo en septiembre de 2019. Un laboratorio ruso ubicado en la Siberia hab\u00eda sufrido un incendio y explosi\u00f3n en uno de sus sectores.<\/p>\n\n\n\n<p>Enseguida se encendi\u00f3 la voz de alarma en el universo cient\u00edfico. Es que en ese sitio se mantiene a resguardo una de las dos muestras del poderoso virus de la viruela, entre otros m\u00e1s.<\/p>\n\n\n\n<p>Se trata del Centro Nacional de Investigaci\u00f3n de Virolog\u00eda y Biotecnolog\u00eda, el ex Instituto Vector en tiempos de la Guerra Fr\u00eda.<\/p>\n\n\n\n<p>La otra muestra del virus que sobrevivi\u00f3 a la extinci\u00f3n de la enfermedad de la faz de la Tierra se reserva en un laboratorio estadounidense, en Atlanta.<\/p>\n\n\n\n<p><\/p>\n\n\n\n<figure class=\"wp-block-image size-large\"><img data-recalc-dims=\"1\" fetchpriority=\"high\" decoding=\"async\" width=\"1024\" height=\"576\" src=\"https:\/\/i0.wp.com\/elregionalvm.com.ar\/noticias-villa-maria\/wp-content\/uploads\/2020\/07\/Campa%C3%B1a-vacunaci%C3%B3n-viruela-%C3%81frica-1.jpg?resize=1024%2C576&#038;ssl=1\" alt=\"\" class=\"wp-image-19132\" srcset=\"https:\/\/i0.wp.com\/elregionalvm.com.ar\/noticias-villa-maria\/wp-content\/uploads\/2020\/07\/Campa%C3%B1a-vacunaci%C3%B3n-viruela-%C3%81frica-1.jpg?resize=1024%2C576&amp;ssl=1 1024w, https:\/\/i0.wp.com\/elregionalvm.com.ar\/noticias-villa-maria\/wp-content\/uploads\/2020\/07\/Campa%C3%B1a-vacunaci%C3%B3n-viruela-%C3%81frica-1.jpg?resize=300%2C169&amp;ssl=1 300w, https:\/\/i0.wp.com\/elregionalvm.com.ar\/noticias-villa-maria\/wp-content\/uploads\/2020\/07\/Campa%C3%B1a-vacunaci%C3%B3n-viruela-%C3%81frica-1.jpg?resize=768%2C432&amp;ssl=1 768w, https:\/\/i0.wp.com\/elregionalvm.com.ar\/noticias-villa-maria\/wp-content\/uploads\/2020\/07\/Campa%C3%B1a-vacunaci%C3%B3n-viruela-%C3%81frica-1.jpg?resize=1536%2C864&amp;ssl=1 1536w, https:\/\/i0.wp.com\/elregionalvm.com.ar\/noticias-villa-maria\/wp-content\/uploads\/2020\/07\/Campa%C3%B1a-vacunaci%C3%B3n-viruela-%C3%81frica-1.jpg?w=1706&amp;ssl=1 1706w\" sizes=\"(max-width: 1000px) 100vw, 1000px\" \/><figcaption><em><strong>Deja vu.<\/strong> Una masiva campa\u00f1a de vacunaci\u00f3n en \u00c1frica contra la viruela. <\/em><\/figcaption><\/figure>\n\n\n\n<p><\/p>\n\n\n\n<p>Se dice que la enfermedad, tra\u00edda por los conquistadores europeos a tierras americanas, tuvo su \u00faltima v\u00edctima humana en 1978, mientras que dos a\u00f1os despu\u00e9s, la Organizaci\u00f3n Mundial de la Salud (OMS) acept\u00f3 el informe final de su erradicaci\u00f3n. Se cerraba as\u00ed un cap\u00edtulo triste para la historia universal en relaci\u00f3n con la enfermedad.<\/p>\n\n\n\n<p>Claro que no del todo. En 1983, la OMS decidi\u00f3 por presi\u00f3n de las superpotencias de la \u00e9poca, preservar dos muestras congeladas del virus en dos laboratorios diferentes de Estados Unidos y la ex Uni\u00f3n Sovi\u00e9tica.<\/p>\n\n\n\n<p>Cuenta el cient\u00edfico Mario Lozano en el libro \u201cAh\u00ed viene la plaga\u201d, que no se vacun\u00f3 m\u00e1s a ninguna persona desde 1983. Pero, aclara que ya no est\u00e1n inmunes porque los efectos de la acci\u00f3n preventiva tienen una duraci\u00f3n limitada.<\/p>\n\n\n\n<p>Si el virus llegara a reaparecer, por alguna raz\u00f3n, causar\u00eda una cat\u00e1strofe mundial. En una poblaci\u00f3n nunca vacunada, la enfermedad tendr\u00eda en principio el 90% de mortalidad. Es decir, nueve de cada diez infectados morir\u00edan.<\/p>\n\n\n\n<p>Yanquis y rusos se hab\u00edan comprometido a destruir las cepas guardadas en el a\u00f1o 2000, pero nada de eso ocurri\u00f3. Es m\u00e1s, postergaron la decisi\u00f3n por tiempo indefinido. \u201cLo que sospechan los especialistas de la OMS es que existen pa\u00edses que han cultivado clandestinamente el virus de la viruela. As\u00ed podr\u00edan desencadenar una guerra biol\u00f3gica, para la que los restantes pa\u00edses no estar\u00edan preparados\u201d, cuenta Lozano.<\/p>\n\n\n\n<p>\u201cEl miedo a no poder fabricar suficientes vacunas (para lo que se podr\u00edan necesitar las muestras resguardadas) ha sido el principal impulso a esta moratoria (en la destrucci\u00f3n del virus)\u201d, agrega el especialista.<\/p>\n\n\n\n<p><\/p>\n\n\n\n<figure class=\"wp-block-embed is-type-wp-embed is-provider-el-regional wp-block-embed-el-regional\"><div class=\"wp-block-embed__wrapper\">\n<blockquote class=\"wp-embedded-content\" data-secret=\"vPWqExpp1Q\"><a href=\"https:\/\/elregionalvm.com.ar\/noticias-villa-maria\/mito-o-realidad-viruela-del-mono-es-hora-de-preocuparse-o-de-ignorar-el-brote\/\">[Mito o realidad] Viruela del mono: \u00bfEs hora de preocuparse o de ignorar el brote?<\/a><\/blockquote><iframe class=\"wp-embedded-content\" sandbox=\"allow-scripts\" security=\"restricted\" style=\"position: absolute; clip: rect(1px, 1px, 1px, 1px);\" title=\"\u00ab[Mito o realidad] Viruela del mono: \u00bfEs hora de preocuparse o de ignorar el brote?\u00bb \u2014 El Regional\" src=\"https:\/\/elregionalvm.com.ar\/noticias-villa-maria\/mito-o-realidad-viruela-del-mono-es-hora-de-preocuparse-o-de-ignorar-el-brote\/embed\/#?secret=xYapQ8Mznb#?secret=vPWqExpp1Q\" data-secret=\"vPWqExpp1Q\" width=\"500\" height=\"282\" frameborder=\"0\" marginwidth=\"0\" marginheight=\"0\" scrolling=\"no\"><\/iframe>\n<\/div><\/figure>\n\n\n\n<p><\/p>\n\n\n\n<p><strong>\u00bfFuturo hipotecado?<\/strong><\/p>\n\n\n\n<p>Tras la ca\u00edda del muro de Berl\u00edn y la disoluci\u00f3n del conglomerado sovi\u00e9tico, se cree que Rusia no tendr\u00eda el total control de la cepa del virus. Lozano advierte que algunas muestras podr\u00edan haber sido vendidas al mejor postor, como las mafias o incluso Corea del Norte. Pero, que Estados Unidos no se quedar\u00eda atr\u00e1s con sus jugarretas para sacar ventaja de la situaci\u00f3n.<\/p>\n\n\n\n<p>\u201cEl problema fundamental es que, si alguien dispersara el virus de la viruela en el ambiente, se encontrar\u00eda con una poblaci\u00f3n virgen. Sobre esta poblaci\u00f3n, el virus tendr\u00eda inicialmente un 90% de mortalidad. Aun cuando desde las organizaciones internacionales se intentara una producci\u00f3n de vacunas, aquellos pa\u00edses con menor infraestructura sanitaria (como la mayor\u00eda de los pa\u00edses latinoamericanos) se ver\u00edan mucho m\u00e1s afectados en la posible epidemia\u201d, concluy\u00f3 el profesional en su libro.<\/p>\n\n\n\n<p>Seg\u00fan public\u00f3 la BBC, el a\u00f1o pasado la Administraci\u00f3n de Alimentos y Medicamentos de Estados Unidos (FDA, por sus siglas en ingl\u00e9s) aprob\u00f3 un medicamento para combatir el virus de la viruela. \u00bfPor qu\u00e9 ser\u00e1?<\/p>\n\n\n\n<p><strong>De pronto\u2026 la del mono<\/strong><\/p>\n\n\n\n<p>La reaparici\u00f3n de la viruela fue de la mano de un virus detectado en monos hace algunos a\u00f1os. Pero, esta vez aparecieron casos en humanos m\u00e1s all\u00e1 del continente africano, donde la enfermedad ten\u00eda su h\u00e1bitat natural.<\/p>\n\n\n\n<p>El virus de la viruela del mono pertenece a un g\u00e9nero llamado \u201corthopoxvirus\u201d de la familia \u201cpoxviridae\u201d, indican los Centros para el Control y la Prevenci\u00f3n de Enfermedades de Estados Unidos (CDC), seg\u00fan public\u00f3 CNN.<\/p>\n\n\n\n<p>El virus variola, causante de la viruela, tambi\u00e9n pertenece a este g\u00e9nero, as\u00ed como el virus que se utiliz\u00f3 en la vacuna para prevenir la viruela.<\/p>\n\n\n\n<p>La viruela del mono se descubri\u00f3 unos 20 a\u00f1os de la desaparici\u00f3n de la Tierra de la otra viruela. Fue en 1958, cuando hubo dos brotes de una enfermedad parecida en colonias de monos que se manten\u00edan para investigaci\u00f3n.<\/p>\n\n\n\n<p><\/p>\n\n\n\n<figure class=\"wp-block-image size-large\"><img data-recalc-dims=\"1\" decoding=\"async\" width=\"1024\" height=\"576\" src=\"https:\/\/i0.wp.com\/elregionalvm.com.ar\/noticias-villa-maria\/wp-content\/uploads\/2022\/05\/Viruela-del-mono-2.png?resize=1024%2C576&#038;ssl=1\" alt=\"\" class=\"wp-image-57818\" srcset=\"https:\/\/i0.wp.com\/elregionalvm.com.ar\/noticias-villa-maria\/wp-content\/uploads\/2022\/05\/Viruela-del-mono-2.png?resize=1024%2C576&amp;ssl=1 1024w, https:\/\/i0.wp.com\/elregionalvm.com.ar\/noticias-villa-maria\/wp-content\/uploads\/2022\/05\/Viruela-del-mono-2.png?resize=300%2C169&amp;ssl=1 300w, https:\/\/i0.wp.com\/elregionalvm.com.ar\/noticias-villa-maria\/wp-content\/uploads\/2022\/05\/Viruela-del-mono-2.png?resize=768%2C432&amp;ssl=1 768w, https:\/\/i0.wp.com\/elregionalvm.com.ar\/noticias-villa-maria\/wp-content\/uploads\/2022\/05\/Viruela-del-mono-2.png?w=1366&amp;ssl=1 1366w\" sizes=\"(max-width: 1000px) 100vw, 1000px\" \/><figcaption><em>Aunque muestran varias similitudes, la viruela anterior y la actual tienen aspectos comunes. <\/em><\/figcaption><\/figure>\n\n\n\n<p><\/p>\n\n\n\n<p>El primer caso en humanos data de 1970 en la Rep\u00fablica Democr\u00e1tica del Congo. Desde entonces se han reportado casos en pa\u00edses de \u00c1frica y tambi\u00e9n fuera de las fronteras del continente.<\/p>\n\n\n\n<p>Los cient\u00edficos apuntan diferencias en la forma de transmisi\u00f3n, el periodo de incubaci\u00f3n y los s\u00edntomas.<\/p>\n\n\n\n<p><\/p>\n\n\n\n<figure class=\"wp-block-embed is-type-wp-embed is-provider-el-regional wp-block-embed-el-regional\"><div class=\"wp-block-embed__wrapper\">\n<blockquote class=\"wp-embedded-content\" data-secret=\"fUcH0fhmue\"><a href=\"https:\/\/elregionalvm.com.ar\/noticias-villa-maria\/de-la-viruela-al-covid-como-fue-el-origen-de-las-vacunas\/\">De la viruela al Covid: c\u00f3mo fue el origen de las vacunas<\/a><\/blockquote><iframe class=\"wp-embedded-content\" sandbox=\"allow-scripts\" security=\"restricted\" style=\"position: absolute; clip: rect(1px, 1px, 1px, 1px);\" title=\"\u00abDe la viruela al Covid: c\u00f3mo fue el origen de las vacunas\u00bb \u2014 El Regional\" src=\"https:\/\/elregionalvm.com.ar\/noticias-villa-maria\/de-la-viruela-al-covid-como-fue-el-origen-de-las-vacunas\/embed\/#?secret=2o6hDgknzm#?secret=fUcH0fhmue\" data-secret=\"fUcH0fhmue\" width=\"500\" height=\"282\" frameborder=\"0\" marginwidth=\"0\" marginheight=\"0\" scrolling=\"no\"><\/iframe>\n<\/div><\/figure>\n\n\n\n<p><\/p>\n\n\n\n<p>Pero, \u00bfqu\u00e9 ocurre con el tratamiento y la vacuna?<\/p>\n\n\n\n<p>No existe en la actualidad tratamiento contra la infecci\u00f3n por el virus de la viruela del mono. La OMS dice que si bien hay una vacuna aprobada para la prevenci\u00f3n de la viruela del mono y la vacuna tradicional contra la viruela tambi\u00e9n brinda protecci\u00f3n, \u00abestas vacunas no est\u00e1n ampliamente disponibles y las poblaciones de todo el mundo menores de 40 o 50 a\u00f1os ya no se benefician de la protecci\u00f3n brindada por los programas anteriores de vacunaci\u00f3n contra la viruela\u00bb.<\/p>\n\n\n\n<p>La OMS se\u00f1ala que los brotes s\u00ed se pueden controlar ya que la vacuna antivari\u00f3lica ha demostrado una eficacia del 85% para prevenir la viruela s\u00edmica.<\/p>\n\n\n\n<p>Sin embargo, tras la erradicaci\u00f3n mundial de la viruela en 1980 la producci\u00f3n de la vacuna se suspendi\u00f3 y ya no est\u00e1 accesible al p\u00fablico. En Estados Unidos, las vacunas para la viruela no se recomiendan al p\u00fablico general justamente porque la enfermedad est\u00e1 erradicada, pero pueden usarse en caso de brotes.<\/p>\n\n\n\n<p>\u00bfY qu\u00e9 pasa con la viruela? Si bien est\u00e1 erradicada, hay tratamientos aprobados por la FDA pero que a\u00fan no han sido probados en personas con la enfermedad y demostrado su eficacia en ese contexto.<\/p>\n\n\n\n<p><\/p>\n\n\n\n<figure class=\"wp-block-image size-large\"><img data-recalc-dims=\"1\" decoding=\"async\" width=\"1024\" height=\"576\" src=\"https:\/\/i0.wp.com\/elregionalvm.com.ar\/noticias-villa-maria\/wp-content\/uploads\/2022\/05\/Viruela-del-mono-3.jpg?resize=1024%2C576&#038;ssl=1\" alt=\"\" class=\"wp-image-58108\" srcset=\"https:\/\/i0.wp.com\/elregionalvm.com.ar\/noticias-villa-maria\/wp-content\/uploads\/2022\/05\/Viruela-del-mono-3.jpg?resize=1024%2C576&amp;ssl=1 1024w, https:\/\/i0.wp.com\/elregionalvm.com.ar\/noticias-villa-maria\/wp-content\/uploads\/2022\/05\/Viruela-del-mono-3.jpg?resize=300%2C169&amp;ssl=1 300w, https:\/\/i0.wp.com\/elregionalvm.com.ar\/noticias-villa-maria\/wp-content\/uploads\/2022\/05\/Viruela-del-mono-3.jpg?resize=768%2C432&amp;ssl=1 768w, https:\/\/i0.wp.com\/elregionalvm.com.ar\/noticias-villa-maria\/wp-content\/uploads\/2022\/05\/Viruela-del-mono-3.jpg?resize=1536%2C864&amp;ssl=1 1536w, https:\/\/i0.wp.com\/elregionalvm.com.ar\/noticias-villa-maria\/wp-content\/uploads\/2022\/05\/Viruela-del-mono-3.jpg?w=1920&amp;ssl=1 1920w\" sizes=\"(max-width: 1000px) 100vw, 1000px\" \/><figcaption><em>Seg\u00fan indican los cient\u00edficos, la viruela del mono es menos mortal que su antecesora. <\/em><\/figcaption><\/figure>\n\n\n\n<p><\/p>\n\n\n\n<p><strong>Mortalidad diferente<\/strong><\/p>\n\n\n\n<p>Cerca de 3 de cada 10 personas que padecieron viruela antes de que esta fuera erradicada murieron, seg\u00fan los datos de los CDC.<\/p>\n\n\n\n<p>Con la viruela del mono las estad\u00edsticas son distintas: en \u00c1frica se ha registrado la muerte de 1 de cada 10 personas que contraen la enfermedad, un porcentaje significativamente menor.<\/p>\n\n\n\n<p>\u00abLos casos graves (de viruela del mono) se producen con mayor frecuencia entre los ni\u00f1os y su evoluci\u00f3n depende del grado de exposici\u00f3n al virus, el estado de salud del paciente y la gravedad de las complicaciones\u00bb, explica la OMS.<\/p>\n\n\n\n<p>Hoy, muchas personas en el planeta temen un nuevo problema masivo con la viruela del mono, cuando la viruela original ya fue, supuestamente erradicada del planeta hace 40 a\u00f1os.<\/p>\n\n\n\n<p>Claro que las muestras del virus a\u00fan permanecen.<\/p>\n\n\n\n<p>Las casualidades, \u00bfexisten?<\/p>\n\n\n\n<p><em>Fuentes: BBC.com; CNN; \u201cAh\u00ed viene la plaga\u201d, por Mario Lozano; Semanario El Regional.<\/em><\/p>\n","protected":false},"excerpt":{"rendered":"<p>Escribe: Germ\u00e1n Giacchero \u00bfSab\u00edas que una de las enfermedades m\u00e1s letales de la historia a\u00fan no se fue del todo porque se conservan muestras del virus en laboratorios supuestamente s\u00faper seguros? S\u00ed se\u00f1oras y se\u00f1ores, la viruela no desapareci\u00f3, en sentido estricto de la palabra, como la mayor parte de nosotros cree. A pesar de [&hellip;]<\/p>\n","protected":false},"author":6,"featured_media":58106,"comment_status":"open","ping_status":"open","sticky":false,"template":"","format":"standard","meta":{"site-sidebar-layout":"default","site-content-layout":"","ast-site-content-layout":"default","site-content-style":"default","site-sidebar-style":"default","ast-global-header-display":"","ast-banner-title-visibility":"","ast-main-header-display":"","ast-hfb-above-header-display":"","ast-hfb-below-header-display":"","ast-hfb-mobile-header-display":"","site-post-title":"","ast-breadcrumbs-content":"","ast-featured-img":"","footer-sml-layout":"","ast-disable-related-posts":"","theme-transparent-header-meta":"","adv-header-id-meta":"","stick-header-meta":"","header-above-stick-meta":"","header-main-stick-meta":"","header-below-stick-meta":"","astra-migrate-meta-layouts":"default","ast-page-background-enabled":"default","ast-page-background-meta":{"desktop":{"background-color":"","background-image":"","background-repeat":"repeat","background-position":"center center","background-size":"auto","background-attachment":"scroll","background-type":"","background-media":"","overlay-type":"","overlay-color":"","overlay-opacity":"","overlay-gradient":""},"tablet":{"background-color":"","background-image":"","background-repeat":"repeat","background-position":"center center","background-size":"auto","background-attachment":"scroll","background-type":"","background-media":"","overlay-type":"","overlay-color":"","overlay-opacity":"","overlay-gradient":""},"mobile":{"background-color":"","background-image":"","background-repeat":"repeat","background-position":"center center","background-size":"auto","background-attachment":"scroll","background-type":"","background-media":"","overlay-type":"","overlay-color":"","overlay-opacity":"","overlay-gradient":""}},"ast-content-background-meta":{"desktop":{"background-color":"var(--ast-global-color-5)","background-image":"","background-repeat":"repeat","background-position":"center center","background-size":"auto","background-attachment":"scroll","background-type":"","background-media":"","overlay-type":"","overlay-color":"","overlay-opacity":"","overlay-gradient":""},"tablet":{"background-color":"var(--ast-global-color-5)","background-image":"","background-repeat":"repeat","background-position":"center center","background-size":"auto","background-attachment":"scroll","background-type":"","background-media":"","overlay-type":"","overlay-color":"","overlay-opacity":"","overlay-gradient":""},"mobile":{"background-color":"var(--ast-global-color-5)","background-image":"","background-repeat":"repeat","background-position":"center center","background-size":"auto","background-attachment":"scroll","background-type":"","background-media":"","overlay-type":"","overlay-color":"","overlay-opacity":"","overlay-gradient":""}},"_jetpack_memberships_contains_paid_content":false,"_joinchat":[],"footnotes":""},"categories":[5,3557],"tags":[948,2483,2865,1560,15756,2945,1404,2910,238,15755,3983,6910,2142,15626],"class_list":["post-58103","post","type-post","status-publish","format-standard","has-post-thumbnail","hentry","category-sociedad","category-tercera","tag-africa","tag-coromavirus","tag-covid-19-2","tag-estados-unidos","tag-guerra-bacteriologica","tag-guerra-fria","tag-mitos","tag-mortalidad","tag-rusia","tag-sintomas","tag-sospechas","tag-vacunas","tag-viruela","tag-viruela-del-mono"],"yoast_head":"<!-- This site is optimized with the Yoast SEO plugin v26.8 - https:\/\/yoast.com\/product\/yoast-seo-wordpress\/ -->\n<title>Viruela, mitos y sospechas: \u00bfPor qu\u00e9 se guard\u00f3 el virus de una enfermedad \u201cextinguida\u201d? - El Regional<\/title>\n<meta name=\"description\" content=\"\u00bfSab\u00edas que una de las enfermedades m\u00e1s letales de la historia a\u00fan no se fue del todo porque se conservan muestras del virus en laboratorios?\" \/>\n<meta name=\"robots\" content=\"index, follow, max-snippet:-1, max-image-preview:large, max-video-preview:-1\" \/>\n<link rel=\"canonical\" href=\"http:\/\/elregionalvm.com.ar\/noticias-villa-maria\/viruela-mitos-y-sospechas-por-que-se-guardo-el-virus-de-una-enfermedad-extinguida\/\" \/>\n<meta property=\"og:locale\" content=\"es_ES\" \/>\n<meta property=\"og:type\" content=\"article\" \/>\n<meta property=\"og:title\" content=\"Viruela, mitos y sospechas: \u00bfPor qu\u00e9 se guard\u00f3 el virus de una enfermedad \u201cextinguida\u201d? - El Regional\" \/>\n<meta property=\"og:description\" content=\"\u00bfSab\u00edas que una de las enfermedades m\u00e1s letales de la historia a\u00fan no se fue del todo porque se conservan muestras del virus en laboratorios?\" \/>\n<meta property=\"og:url\" content=\"http:\/\/elregionalvm.com.ar\/noticias-villa-maria\/viruela-mitos-y-sospechas-por-que-se-guardo-el-virus-de-una-enfermedad-extinguida\/\" \/>\n<meta property=\"og:site_name\" content=\"El Regional\" \/>\n<meta property=\"article:publisher\" content=\"https:\/\/www.facebook.com\/elregionalvm\" \/>\n<meta property=\"article:published_time\" content=\"2022-05-30T01:42:33+00:00\" \/>\n<meta property=\"article:modified_time\" content=\"2022-06-03T02:54:30+00:00\" \/>\n<meta property=\"og:image\" content=\"http:\/\/elregionalvm.com.ar\/noticias-villa-maria\/wp-content\/uploads\/2022\/05\/Viruela-del-mono-mano-vertical.jpeg\" \/>\n\t<meta property=\"og:image:width\" content=\"457\" \/>\n\t<meta property=\"og:image:height\" content=\"650\" \/>\n\t<meta property=\"og:image:type\" content=\"image\/jpeg\" \/>\n<meta name=\"author\" content=\"Germ\u00e1n Giacchero\" \/>\n<meta name=\"twitter:card\" content=\"summary_large_image\" \/>\n<meta name=\"twitter:creator\" content=\"@elregionalvm1\" \/>\n<meta name=\"twitter:site\" content=\"@elregionalvm1\" \/>\n<meta name=\"twitter:label1\" content=\"Escrito por\" \/>\n\t<meta name=\"twitter:data1\" content=\"Germ\u00e1n Giacchero\" \/>\n\t<meta name=\"twitter:label2\" content=\"Tiempo de lectura\" \/>\n\t<meta name=\"twitter:data2\" content=\"7 minutos\" \/>\n<script type=\"application\/ld+json\" class=\"yoast-schema-graph\">{\"@context\":\"https:\/\/schema.org\",\"@graph\":[{\"@type\":\"Article\",\"@id\":\"http:\/\/elregionalvm.com.ar\/noticias-villa-maria\/viruela-mitos-y-sospechas-por-que-se-guardo-el-virus-de-una-enfermedad-extinguida\/#article\",\"isPartOf\":{\"@id\":\"http:\/\/elregionalvm.com.ar\/noticias-villa-maria\/viruela-mitos-y-sospechas-por-que-se-guardo-el-virus-de-una-enfermedad-extinguida\/\"},\"author\":{\"name\":\"Germ\u00e1n Giacchero\",\"@id\":\"http:\/\/elregionalvm.com.ar\/noticias-villa-maria\/#\/schema\/person\/d5e4b04966154131701e52c45d3efec9\"},\"headline\":\"Viruela, mitos y sospechas: \u00bfPor qu\u00e9 se guard\u00f3 el virus de una enfermedad \u201cextinguida\u201d?\",\"datePublished\":\"2022-05-30T01:42:33+00:00\",\"dateModified\":\"2022-06-03T02:54:30+00:00\",\"mainEntityOfPage\":{\"@id\":\"http:\/\/elregionalvm.com.ar\/noticias-villa-maria\/viruela-mitos-y-sospechas-por-que-se-guardo-el-virus-de-una-enfermedad-extinguida\/\"},\"wordCount\":1437,\"commentCount\":0,\"image\":{\"@id\":\"http:\/\/elregionalvm.com.ar\/noticias-villa-maria\/viruela-mitos-y-sospechas-por-que-se-guardo-el-virus-de-una-enfermedad-extinguida\/#primaryimage\"},\"thumbnailUrl\":\"https:\/\/i0.wp.com\/elregionalvm.com.ar\/noticias-villa-maria\/wp-content\/uploads\/2022\/05\/Viruela-del-mono-mano-vertical.jpeg?fit=457%2C650&ssl=1\",\"keywords\":[\"Africa\",\"Coromavirus\",\"Covid 19\",\"Estados unidos\",\"guerra bacteriol\u00f3gica\",\"Guerra Fr\u00eda\",\"Mitos\",\"Mortalidad\",\"Rusia\",\"s\u00edntomas\",\"Sospechas\",\"vacunas\",\"Viruela\",\"viruela del mono\"],\"articleSection\":[\"Sociedad\",\"tercera\"],\"inLanguage\":\"es\",\"potentialAction\":[{\"@type\":\"CommentAction\",\"name\":\"Comment\",\"target\":[\"http:\/\/elregionalvm.com.ar\/noticias-villa-maria\/viruela-mitos-y-sospechas-por-que-se-guardo-el-virus-de-una-enfermedad-extinguida\/#respond\"]}]},{\"@type\":\"WebPage\",\"@id\":\"http:\/\/elregionalvm.com.ar\/noticias-villa-maria\/viruela-mitos-y-sospechas-por-que-se-guardo-el-virus-de-una-enfermedad-extinguida\/\",\"url\":\"http:\/\/elregionalvm.com.ar\/noticias-villa-maria\/viruela-mitos-y-sospechas-por-que-se-guardo-el-virus-de-una-enfermedad-extinguida\/\",\"name\":\"Viruela, mitos y sospechas: \u00bfPor qu\u00e9 se guard\u00f3 el virus de una enfermedad \u201cextinguida\u201d? - El Regional\",\"isPartOf\":{\"@id\":\"http:\/\/elregionalvm.com.ar\/noticias-villa-maria\/#website\"},\"primaryImageOfPage\":{\"@id\":\"http:\/\/elregionalvm.com.ar\/noticias-villa-maria\/viruela-mitos-y-sospechas-por-que-se-guardo-el-virus-de-una-enfermedad-extinguida\/#primaryimage\"},\"image\":{\"@id\":\"http:\/\/elregionalvm.com.ar\/noticias-villa-maria\/viruela-mitos-y-sospechas-por-que-se-guardo-el-virus-de-una-enfermedad-extinguida\/#primaryimage\"},\"thumbnailUrl\":\"https:\/\/i0.wp.com\/elregionalvm.com.ar\/noticias-villa-maria\/wp-content\/uploads\/2022\/05\/Viruela-del-mono-mano-vertical.jpeg?fit=457%2C650&ssl=1\",\"datePublished\":\"2022-05-30T01:42:33+00:00\",\"dateModified\":\"2022-06-03T02:54:30+00:00\",\"author\":{\"@id\":\"http:\/\/elregionalvm.com.ar\/noticias-villa-maria\/#\/schema\/person\/d5e4b04966154131701e52c45d3efec9\"},\"description\":\"\u00bfSab\u00edas que una de las enfermedades m\u00e1s letales de la historia a\u00fan no se fue del todo porque se conservan muestras del virus en laboratorios?\",\"breadcrumb\":{\"@id\":\"http:\/\/elregionalvm.com.ar\/noticias-villa-maria\/viruela-mitos-y-sospechas-por-que-se-guardo-el-virus-de-una-enfermedad-extinguida\/#breadcrumb\"},\"inLanguage\":\"es\",\"potentialAction\":[{\"@type\":\"ReadAction\",\"target\":[\"http:\/\/elregionalvm.com.ar\/noticias-villa-maria\/viruela-mitos-y-sospechas-por-que-se-guardo-el-virus-de-una-enfermedad-extinguida\/\"]}]},{\"@type\":\"ImageObject\",\"inLanguage\":\"es\",\"@id\":\"http:\/\/elregionalvm.com.ar\/noticias-villa-maria\/viruela-mitos-y-sospechas-por-que-se-guardo-el-virus-de-una-enfermedad-extinguida\/#primaryimage\",\"url\":\"https:\/\/i0.wp.com\/elregionalvm.com.ar\/noticias-villa-maria\/wp-content\/uploads\/2022\/05\/Viruela-del-mono-mano-vertical.jpeg?fit=457%2C650&ssl=1\",\"contentUrl\":\"https:\/\/i0.wp.com\/elregionalvm.com.ar\/noticias-villa-maria\/wp-content\/uploads\/2022\/05\/Viruela-del-mono-mano-vertical.jpeg?fit=457%2C650&ssl=1\",\"width\":457,\"height\":650},{\"@type\":\"BreadcrumbList\",\"@id\":\"http:\/\/elregionalvm.com.ar\/noticias-villa-maria\/viruela-mitos-y-sospechas-por-que-se-guardo-el-virus-de-una-enfermedad-extinguida\/#breadcrumb\",\"itemListElement\":[{\"@type\":\"ListItem\",\"position\":1,\"name\":\"Portada\",\"item\":\"https:\/\/elregionalvm.com.ar\/noticias-villa-maria\/\"},{\"@type\":\"ListItem\",\"position\":2,\"name\":\"Viruela, mitos y sospechas: \u00bfPor qu\u00e9 se guard\u00f3 el virus de una enfermedad \u201cextinguida\u201d?\"}]},{\"@type\":\"WebSite\",\"@id\":\"http:\/\/elregionalvm.com.ar\/noticias-villa-maria\/#website\",\"url\":\"http:\/\/elregionalvm.com.ar\/noticias-villa-maria\/\",\"name\":\"El Regional\",\"description\":\"Mucho m\u00e1s que informaci\u00f3n\",\"potentialAction\":[{\"@type\":\"SearchAction\",\"target\":{\"@type\":\"EntryPoint\",\"urlTemplate\":\"http:\/\/elregionalvm.com.ar\/noticias-villa-maria\/?s={search_term_string}\"},\"query-input\":{\"@type\":\"PropertyValueSpecification\",\"valueRequired\":true,\"valueName\":\"search_term_string\"}}],\"inLanguage\":\"es\"},{\"@type\":\"Person\",\"@id\":\"http:\/\/elregionalvm.com.ar\/noticias-villa-maria\/#\/schema\/person\/d5e4b04966154131701e52c45d3efec9\",\"name\":\"Germ\u00e1n Giacchero\",\"image\":{\"@type\":\"ImageObject\",\"inLanguage\":\"es\",\"@id\":\"http:\/\/elregionalvm.com.ar\/noticias-villa-maria\/#\/schema\/person\/image\/\",\"url\":\"https:\/\/secure.gravatar.com\/avatar\/fda163ba5ef0307ee5be9846e10f83b6e83d0cfb260d3b2464830318894c6b04?s=96&d=mm&r=g\",\"contentUrl\":\"https:\/\/secure.gravatar.com\/avatar\/fda163ba5ef0307ee5be9846e10f83b6e83d0cfb260d3b2464830318894c6b04?s=96&d=mm&r=g\",\"caption\":\"Germ\u00e1n Giacchero\"},\"url\":\"https:\/\/elregionalvm.com.ar\/noticias-villa-maria\/author\/germangiacchero\/\"}]}<\/script>\n<!-- \/ Yoast SEO plugin. -->","yoast_head_json":{"title":"Viruela, mitos y sospechas: \u00bfPor qu\u00e9 se guard\u00f3 el virus de una enfermedad \u201cextinguida\u201d? - El Regional","description":"\u00bfSab\u00edas que una de las enfermedades m\u00e1s letales de la historia a\u00fan no se fue del todo porque se conservan muestras del virus en laboratorios?","robots":{"index":"index","follow":"follow","max-snippet":"max-snippet:-1","max-image-preview":"max-image-preview:large","max-video-preview":"max-video-preview:-1"},"canonical":"http:\/\/elregionalvm.com.ar\/noticias-villa-maria\/viruela-mitos-y-sospechas-por-que-se-guardo-el-virus-de-una-enfermedad-extinguida\/","og_locale":"es_ES","og_type":"article","og_title":"Viruela, mitos y sospechas: \u00bfPor qu\u00e9 se guard\u00f3 el virus de una enfermedad \u201cextinguida\u201d? - El Regional","og_description":"\u00bfSab\u00edas que una de las enfermedades m\u00e1s letales de la historia a\u00fan no se fue del todo porque se conservan muestras del virus en laboratorios?","og_url":"http:\/\/elregionalvm.com.ar\/noticias-villa-maria\/viruela-mitos-y-sospechas-por-que-se-guardo-el-virus-de-una-enfermedad-extinguida\/","og_site_name":"El Regional","article_publisher":"https:\/\/www.facebook.com\/elregionalvm","article_published_time":"2022-05-30T01:42:33+00:00","article_modified_time":"2022-06-03T02:54:30+00:00","og_image":[{"width":457,"height":650,"url":"http:\/\/elregionalvm.com.ar\/noticias-villa-maria\/wp-content\/uploads\/2022\/05\/Viruela-del-mono-mano-vertical.jpeg","type":"image\/jpeg"}],"author":"Germ\u00e1n Giacchero","twitter_card":"summary_large_image","twitter_creator":"@elregionalvm1","twitter_site":"@elregionalvm1","twitter_misc":{"Escrito por":"Germ\u00e1n Giacchero","Tiempo de lectura":"7 minutos"},"schema":{"@context":"https:\/\/schema.org","@graph":[{"@type":"Article","@id":"http:\/\/elregionalvm.com.ar\/noticias-villa-maria\/viruela-mitos-y-sospechas-por-que-se-guardo-el-virus-de-una-enfermedad-extinguida\/#article","isPartOf":{"@id":"http:\/\/elregionalvm.com.ar\/noticias-villa-maria\/viruela-mitos-y-sospechas-por-que-se-guardo-el-virus-de-una-enfermedad-extinguida\/"},"author":{"name":"Germ\u00e1n Giacchero","@id":"http:\/\/elregionalvm.com.ar\/noticias-villa-maria\/#\/schema\/person\/d5e4b04966154131701e52c45d3efec9"},"headline":"Viruela, mitos y sospechas: \u00bfPor qu\u00e9 se guard\u00f3 el virus de una enfermedad \u201cextinguida\u201d?","datePublished":"2022-05-30T01:42:33+00:00","dateModified":"2022-06-03T02:54:30+00:00","mainEntityOfPage":{"@id":"http:\/\/elregionalvm.com.ar\/noticias-villa-maria\/viruela-mitos-y-sospechas-por-que-se-guardo-el-virus-de-una-enfermedad-extinguida\/"},"wordCount":1437,"commentCount":0,"image":{"@id":"http:\/\/elregionalvm.com.ar\/noticias-villa-maria\/viruela-mitos-y-sospechas-por-que-se-guardo-el-virus-de-una-enfermedad-extinguida\/#primaryimage"},"thumbnailUrl":"https:\/\/i0.wp.com\/elregionalvm.com.ar\/noticias-villa-maria\/wp-content\/uploads\/2022\/05\/Viruela-del-mono-mano-vertical.jpeg?fit=457%2C650&ssl=1","keywords":["Africa","Coromavirus","Covid 19","Estados unidos","guerra bacteriol\u00f3gica","Guerra Fr\u00eda","Mitos","Mortalidad","Rusia","s\u00edntomas","Sospechas","vacunas","Viruela","viruela del mono"],"articleSection":["Sociedad","tercera"],"inLanguage":"es","potentialAction":[{"@type":"CommentAction","name":"Comment","target":["http:\/\/elregionalvm.com.ar\/noticias-villa-maria\/viruela-mitos-y-sospechas-por-que-se-guardo-el-virus-de-una-enfermedad-extinguida\/#respond"]}]},{"@type":"WebPage","@id":"http:\/\/elregionalvm.com.ar\/noticias-villa-maria\/viruela-mitos-y-sospechas-por-que-se-guardo-el-virus-de-una-enfermedad-extinguida\/","url":"http:\/\/elregionalvm.com.ar\/noticias-villa-maria\/viruela-mitos-y-sospechas-por-que-se-guardo-el-virus-de-una-enfermedad-extinguida\/","name":"Viruela, mitos y sospechas: \u00bfPor qu\u00e9 se guard\u00f3 el virus de una enfermedad \u201cextinguida\u201d? - El Regional","isPartOf":{"@id":"http:\/\/elregionalvm.com.ar\/noticias-villa-maria\/#website"},"primaryImageOfPage":{"@id":"http:\/\/elregionalvm.com.ar\/noticias-villa-maria\/viruela-mitos-y-sospechas-por-que-se-guardo-el-virus-de-una-enfermedad-extinguida\/#primaryimage"},"image":{"@id":"http:\/\/elregionalvm.com.ar\/noticias-villa-maria\/viruela-mitos-y-sospechas-por-que-se-guardo-el-virus-de-una-enfermedad-extinguida\/#primaryimage"},"thumbnailUrl":"https:\/\/i0.wp.com\/elregionalvm.com.ar\/noticias-villa-maria\/wp-content\/uploads\/2022\/05\/Viruela-del-mono-mano-vertical.jpeg?fit=457%2C650&ssl=1","datePublished":"2022-05-30T01:42:33+00:00","dateModified":"2022-06-03T02:54:30+00:00","author":{"@id":"http:\/\/elregionalvm.com.ar\/noticias-villa-maria\/#\/schema\/person\/d5e4b04966154131701e52c45d3efec9"},"description":"\u00bfSab\u00edas que una de las enfermedades m\u00e1s letales de la historia a\u00fan no se fue del todo porque se conservan muestras del virus en laboratorios?","breadcrumb":{"@id":"http:\/\/elregionalvm.com.ar\/noticias-villa-maria\/viruela-mitos-y-sospechas-por-que-se-guardo-el-virus-de-una-enfermedad-extinguida\/#breadcrumb"},"inLanguage":"es","potentialAction":[{"@type":"ReadAction","target":["http:\/\/elregionalvm.com.ar\/noticias-villa-maria\/viruela-mitos-y-sospechas-por-que-se-guardo-el-virus-de-una-enfermedad-extinguida\/"]}]},{"@type":"ImageObject","inLanguage":"es","@id":"http:\/\/elregionalvm.com.ar\/noticias-villa-maria\/viruela-mitos-y-sospechas-por-que-se-guardo-el-virus-de-una-enfermedad-extinguida\/#primaryimage","url":"https:\/\/i0.wp.com\/elregionalvm.com.ar\/noticias-villa-maria\/wp-content\/uploads\/2022\/05\/Viruela-del-mono-mano-vertical.jpeg?fit=457%2C650&ssl=1","contentUrl":"https:\/\/i0.wp.com\/elregionalvm.com.ar\/noticias-villa-maria\/wp-content\/uploads\/2022\/05\/Viruela-del-mono-mano-vertical.jpeg?fit=457%2C650&ssl=1","width":457,"height":650},{"@type":"BreadcrumbList","@id":"http:\/\/elregionalvm.com.ar\/noticias-villa-maria\/viruela-mitos-y-sospechas-por-que-se-guardo-el-virus-de-una-enfermedad-extinguida\/#breadcrumb","itemListElement":[{"@type":"ListItem","position":1,"name":"Portada","item":"https:\/\/elregionalvm.com.ar\/noticias-villa-maria\/"},{"@type":"ListItem","position":2,"name":"Viruela, mitos y sospechas: \u00bfPor qu\u00e9 se guard\u00f3 el virus de una enfermedad \u201cextinguida\u201d?"}]},{"@type":"WebSite","@id":"http:\/\/elregionalvm.com.ar\/noticias-villa-maria\/#website","url":"http:\/\/elregionalvm.com.ar\/noticias-villa-maria\/","name":"El Regional","description":"Mucho m\u00e1s que informaci\u00f3n","potentialAction":[{"@type":"SearchAction","target":{"@type":"EntryPoint","urlTemplate":"http:\/\/elregionalvm.com.ar\/noticias-villa-maria\/?s={search_term_string}"},"query-input":{"@type":"PropertyValueSpecification","valueRequired":true,"valueName":"search_term_string"}}],"inLanguage":"es"},{"@type":"Person","@id":"http:\/\/elregionalvm.com.ar\/noticias-villa-maria\/#\/schema\/person\/d5e4b04966154131701e52c45d3efec9","name":"Germ\u00e1n Giacchero","image":{"@type":"ImageObject","inLanguage":"es","@id":"http:\/\/elregionalvm.com.ar\/noticias-villa-maria\/#\/schema\/person\/image\/","url":"https:\/\/secure.gravatar.com\/avatar\/fda163ba5ef0307ee5be9846e10f83b6e83d0cfb260d3b2464830318894c6b04?s=96&d=mm&r=g","contentUrl":"https:\/\/secure.gravatar.com\/avatar\/fda163ba5ef0307ee5be9846e10f83b6e83d0cfb260d3b2464830318894c6b04?s=96&d=mm&r=g","caption":"Germ\u00e1n Giacchero"},"url":"https:\/\/elregionalvm.com.ar\/noticias-villa-maria\/author\/germangiacchero\/"}]}},"jetpack_featured_media_url":"https:\/\/i0.wp.com\/elregionalvm.com.ar\/noticias-villa-maria\/wp-content\/uploads\/2022\/05\/Viruela-del-mono-mano-vertical.jpeg?fit=457%2C650&ssl=1","jetpack_sharing_enabled":true,"_links":{"self":[{"href":"https:\/\/elregionalvm.com.ar\/noticias-villa-maria\/wp-json\/wp\/v2\/posts\/58103","targetHints":{"allow":["GET"]}}],"collection":[{"href":"https:\/\/elregionalvm.com.ar\/noticias-villa-maria\/wp-json\/wp\/v2\/posts"}],"about":[{"href":"https:\/\/elregionalvm.com.ar\/noticias-villa-maria\/wp-json\/wp\/v2\/types\/post"}],"author":[{"embeddable":true,"href":"https:\/\/elregionalvm.com.ar\/noticias-villa-maria\/wp-json\/wp\/v2\/users\/6"}],"replies":[{"embeddable":true,"href":"https:\/\/elregionalvm.com.ar\/noticias-villa-maria\/wp-json\/wp\/v2\/comments?post=58103"}],"version-history":[{"count":4,"href":"https:\/\/elregionalvm.com.ar\/noticias-villa-maria\/wp-json\/wp\/v2\/posts\/58103\/revisions"}],"predecessor-version":[{"id":58109,"href":"https:\/\/elregionalvm.com.ar\/noticias-villa-maria\/wp-json\/wp\/v2\/posts\/58103\/revisions\/58109"}],"wp:featuredmedia":[{"embeddable":true,"href":"https:\/\/elregionalvm.com.ar\/noticias-villa-maria\/wp-json\/wp\/v2\/media\/58106"}],"wp:attachment":[{"href":"https:\/\/elregionalvm.com.ar\/noticias-villa-maria\/wp-json\/wp\/v2\/media?parent=58103"}],"wp:term":[{"taxonomy":"category","embeddable":true,"href":"https:\/\/elregionalvm.com.ar\/noticias-villa-maria\/wp-json\/wp\/v2\/categories?post=58103"},{"taxonomy":"post_tag","embeddable":true,"href":"https:\/\/elregionalvm.com.ar\/noticias-villa-maria\/wp-json\/wp\/v2\/tags?post=58103"}],"curies":[{"name":"wp","href":"https:\/\/api.w.org\/{rel}","templated":true}]}}