{"id":58111,"date":"2022-05-30T10:31:33","date_gmt":"2022-05-30T10:31:33","guid":{"rendered":"https:\/\/elregionalvm.com.ar\/noticias-villa-maria\/?p=58111"},"modified":"2022-05-30T10:31:34","modified_gmt":"2022-05-30T10:31:34","slug":"drogas-detienen-a-tres-personas-y-cierran-un-punto-de-venta-en-corral-de-bustos","status":"publish","type":"post","link":"https:\/\/elregionalvm.com.ar\/noticias-villa-maria\/drogas-detienen-a-tres-personas-y-cierran-un-punto-de-venta-en-corral-de-bustos\/","title":{"rendered":"Drogas: Detienen a tres personas y cierran un punto de venta en Corral de Bustos"},"content":{"rendered":"\n<p>Con la aprehensi\u00f3n de dos sujetos y una mujer (mayores de edad), m\u00e1s el cierre de un punto de venta de estupefacientes, culmin\u00f3 un operativo realizado por efectivos de la Fuerza Policial Antinarcotr\u00e1fico en la ciudad de Corral de Bustos.<\/p>\n\n\n\n<p>El procedimiento, inici\u00f3 luego de la detenci\u00f3n de un sujeto de 20 a\u00f1os sobre ruta provincial 11. Tras un palpado preventivo se le hallaron varias dosis de coca\u00edna y $130.708 entre sus pertenencias.<\/p>\n\n\n\n<p><\/p>\n\n\n\n<figure class=\"wp-block-image size-full\"><img data-recalc-dims=\"1\" fetchpriority=\"high\" decoding=\"async\" width=\"802\" height=\"940\" src=\"https:\/\/i0.wp.com\/elregionalvm.com.ar\/noticias-villa-maria\/wp-content\/uploads\/2022\/05\/Corral-de-Bustos-FPA.jpeg?resize=802%2C940&#038;ssl=1\" alt=\"\" class=\"wp-image-58113\" srcset=\"https:\/\/i0.wp.com\/elregionalvm.com.ar\/noticias-villa-maria\/wp-content\/uploads\/2022\/05\/Corral-de-Bustos-FPA.jpeg?w=802&amp;ssl=1 802w, https:\/\/i0.wp.com\/elregionalvm.com.ar\/noticias-villa-maria\/wp-content\/uploads\/2022\/05\/Corral-de-Bustos-FPA.jpeg?resize=256%2C300&amp;ssl=1 256w, https:\/\/i0.wp.com\/elregionalvm.com.ar\/noticias-villa-maria\/wp-content\/uploads\/2022\/05\/Corral-de-Bustos-FPA.jpeg?resize=768%2C900&amp;ssl=1 768w\" sizes=\"(max-width: 802px) 100vw, 802px\" \/><\/figure>\n\n\n\n<p><strong>Allanamientos y secuestro<\/strong><\/p>\n\n\n\n<p>Posteriormente, se desarrollaron dos allanamientos en inmuebles de calle Espa\u00f1a al 900 y el restante en calle Col\u00f3n. Colabor\u00f3 personal de la Polic\u00eda De C\u00f3rdoba en la seguridad del per\u00edmetro externo a las viviendas.<\/p>\n\n\n\n<p>En los domicilios y tras un minucioso registro -con la colaboraci\u00f3n de canes detectores de narc\u00f3ticos-, investigadores de la FPA secuestraron 215 dosis de coca\u00edna, varias dosis de marihuana, dinero en efectivo y elementos junto a documentaci\u00f3n de inter\u00e9s para la causa.<\/p>\n\n\n\n<p><\/p>\n\n\n\n<figure class=\"wp-block-image size-full\"><img data-recalc-dims=\"1\" decoding=\"async\" width=\"940\" height=\"547\" src=\"https:\/\/i0.wp.com\/elregionalvm.com.ar\/noticias-villa-maria\/wp-content\/uploads\/2022\/05\/Corral-de-Bustos-FPA-casa-allanada.jpeg?resize=940%2C547&#038;ssl=1\" alt=\"\" class=\"wp-image-58112\" srcset=\"https:\/\/i0.wp.com\/elregionalvm.com.ar\/noticias-villa-maria\/wp-content\/uploads\/2022\/05\/Corral-de-Bustos-FPA-casa-allanada.jpeg?w=940&amp;ssl=1 940w, https:\/\/i0.wp.com\/elregionalvm.com.ar\/noticias-villa-maria\/wp-content\/uploads\/2022\/05\/Corral-de-Bustos-FPA-casa-allanada.jpeg?resize=300%2C175&amp;ssl=1 300w, https:\/\/i0.wp.com\/elregionalvm.com.ar\/noticias-villa-maria\/wp-content\/uploads\/2022\/05\/Corral-de-Bustos-FPA-casa-allanada.jpeg?resize=768%2C447&amp;ssl=1 768w\" sizes=\"(max-width: 940px) 100vw, 940px\" \/><\/figure>\n\n\n\n<p>La investigaci\u00f3n comenz\u00f3 tras diversos llamados al centro de denuncias an\u00f3nimas del MPF (0800 888 8080).<\/p>\n\n\n\n<p>Autoridades de la Fiscal\u00eda de Lucha contra el Narcotr\u00e1fico de la circunscripci\u00f3n dispusieron el traslado de los investigados a sede judicial por infracci\u00f3n a la Ley Nacional de Estupefacientes 23.737.<\/p>\n","protected":false},"excerpt":{"rendered":"<p>Con la aprehensi\u00f3n de dos sujetos y una mujer (mayores de edad), m\u00e1s el cierre de un punto de venta de estupefacientes, culmin\u00f3 un operativo realizado por efectivos de la Fuerza Policial Antinarcotr\u00e1fico en la ciudad de Corral de Bustos. El procedimiento, inici\u00f3 luego de la detenci\u00f3n de un sujeto de 20 a\u00f1os sobre ruta [&hellip;]<\/p>\n","protected":false},"author":4,"featured_media":58114,"comment_status":"open","ping_status":"open","sticky":false,"template":"","format":"standard","meta":{"site-sidebar-layout":"default","site-content-layout":"","ast-site-content-layout":"default","site-content-style":"default","site-sidebar-style":"default","ast-global-header-display":"","ast-banner-title-visibility":"","ast-main-header-display":"","ast-hfb-above-header-display":"","ast-hfb-below-header-display":"","ast-hfb-mobile-header-display":"","site-post-title":"","ast-breadcrumbs-content":"","ast-featured-img":"","footer-sml-layout":"","ast-disable-related-posts":"","theme-transparent-header-meta":"","adv-header-id-meta":"","stick-header-meta":"","header-above-stick-meta":"","header-main-stick-meta":"","header-below-stick-meta":"","astra-migrate-meta-layouts":"default","ast-page-background-enabled":"default","ast-page-background-meta":{"desktop":{"background-color":"","background-image":"","background-repeat":"repeat","background-position":"center center","background-size":"auto","background-attachment":"scroll","background-type":"","background-media":"","overlay-type":"","overlay-color":"","overlay-opacity":"","overlay-gradient":""},"tablet":{"background-color":"","background-image":"","background-repeat":"repeat","background-position":"center center","background-size":"auto","background-attachment":"scroll","background-type":"","background-media":"","overlay-type":"","overlay-color":"","overlay-opacity":"","overlay-gradient":""},"mobile":{"background-color":"","background-image":"","background-repeat":"repeat","background-position":"center center","background-size":"auto","background-attachment":"scroll","background-type":"","background-media":"","overlay-type":"","overlay-color":"","overlay-opacity":"","overlay-gradient":""}},"ast-content-background-meta":{"desktop":{"background-color":"var(--ast-global-color-5)","background-image":"","background-repeat":"repeat","background-position":"center center","background-size":"auto","background-attachment":"scroll","background-type":"","background-media":"","overlay-type":"","overlay-color":"","overlay-opacity":"","overlay-gradient":""},"tablet":{"background-color":"var(--ast-global-color-5)","background-image":"","background-repeat":"repeat","background-position":"center center","background-size":"auto","background-attachment":"scroll","background-type":"","background-media":"","overlay-type":"","overlay-color":"","overlay-opacity":"","overlay-gradient":""},"mobile":{"background-color":"var(--ast-global-color-5)","background-image":"","background-repeat":"repeat","background-position":"center center","background-size":"auto","background-attachment":"scroll","background-type":"","background-media":"","overlay-type":"","overlay-color":"","overlay-opacity":"","overlay-gradient":""}},"_jetpack_memberships_contains_paid_content":false,"_joinchat":[],"footnotes":""},"categories":[15302,2091],"tags":[2708,3012,2417,1331,2373,2440,2439],"class_list":["post-58111","post","type-post","status-publish","format-standard","has-post-thumbnail","hentry","category-destacado","category-region","tag-cocaina","tag-corral-de-bustos","tag-detenciones","tag-drogas","tag-fpa","tag-marihuana","tag-secuestro"],"yoast_head":"<!-- This site is optimized with the Yoast SEO plugin v26.8 - https:\/\/yoast.com\/product\/yoast-seo-wordpress\/ -->\n<title>Drogas: Detienen a tres personas y cierran un punto de venta en Corral de Bustos - El Regional<\/title>\n<meta name=\"robots\" content=\"index, follow, max-snippet:-1, max-image-preview:large, max-video-preview:-1\" \/>\n<link rel=\"canonical\" href=\"http:\/\/elregionalvm.com.ar\/noticias-villa-maria\/drogas-detienen-a-tres-personas-y-cierran-un-punto-de-venta-en-corral-de-bustos\/\" \/>\n<meta property=\"og:locale\" content=\"es_ES\" \/>\n<meta property=\"og:type\" content=\"article\" \/>\n<meta property=\"og:title\" content=\"Drogas: Detienen a tres personas y cierran un punto de venta en Corral de Bustos - El Regional\" \/>\n<meta property=\"og:description\" content=\"Con la aprehensi\u00f3n de dos sujetos y una mujer (mayores de edad), m\u00e1s el cierre de un punto de venta de estupefacientes, culmin\u00f3 un operativo realizado por efectivos de la Fuerza Policial Antinarcotr\u00e1fico en la ciudad de Corral de Bustos. El procedimiento, inici\u00f3 luego de la detenci\u00f3n de un sujeto de 20 a\u00f1os sobre ruta [&hellip;]\" \/>\n<meta property=\"og:url\" content=\"http:\/\/elregionalvm.com.ar\/noticias-villa-maria\/drogas-detienen-a-tres-personas-y-cierran-un-punto-de-venta-en-corral-de-bustos\/\" \/>\n<meta property=\"og:site_name\" content=\"El Regional\" \/>\n<meta property=\"article:publisher\" content=\"https:\/\/www.facebook.com\/elregionalvm\" \/>\n<meta property=\"article:published_time\" content=\"2022-05-30T10:31:33+00:00\" \/>\n<meta property=\"article:modified_time\" content=\"2022-05-30T10:31:34+00:00\" \/>\n<meta property=\"og:image\" content=\"http:\/\/elregionalvm.com.ar\/noticias-villa-maria\/wp-content\/uploads\/2022\/05\/FPA-Corral-de-Bustos.jpeg\" \/>\n\t<meta property=\"og:image:width\" content=\"1280\" \/>\n\t<meta property=\"og:image:height\" content=\"819\" \/>\n\t<meta property=\"og:image:type\" content=\"image\/jpeg\" \/>\n<meta name=\"author\" content=\"Contenidos El Regional\" \/>\n<meta name=\"twitter:card\" content=\"summary_large_image\" \/>\n<meta name=\"twitter:creator\" content=\"@elregionalvm1\" \/>\n<meta name=\"twitter:site\" content=\"@elregionalvm1\" \/>\n<meta name=\"twitter:label1\" content=\"Escrito por\" \/>\n\t<meta name=\"twitter:data1\" content=\"Contenidos El Regional\" \/>\n\t<meta name=\"twitter:label2\" content=\"Tiempo de lectura\" \/>\n\t<meta name=\"twitter:data2\" content=\"2 minutos\" \/>\n<script type=\"application\/ld+json\" class=\"yoast-schema-graph\">{\"@context\":\"https:\/\/schema.org\",\"@graph\":[{\"@type\":\"Article\",\"@id\":\"http:\/\/elregionalvm.com.ar\/noticias-villa-maria\/drogas-detienen-a-tres-personas-y-cierran-un-punto-de-venta-en-corral-de-bustos\/#article\",\"isPartOf\":{\"@id\":\"http:\/\/elregionalvm.com.ar\/noticias-villa-maria\/drogas-detienen-a-tres-personas-y-cierran-un-punto-de-venta-en-corral-de-bustos\/\"},\"author\":{\"name\":\"Contenidos El Regional\",\"@id\":\"http:\/\/elregionalvm.com.ar\/noticias-villa-maria\/#\/schema\/person\/a0fb9c422317faca23d50163151bc354\"},\"headline\":\"Drogas: Detienen a tres personas y cierran un punto de venta en Corral de Bustos\",\"datePublished\":\"2022-05-30T10:31:33+00:00\",\"dateModified\":\"2022-05-30T10:31:34+00:00\",\"mainEntityOfPage\":{\"@id\":\"http:\/\/elregionalvm.com.ar\/noticias-villa-maria\/drogas-detienen-a-tres-personas-y-cierran-un-punto-de-venta-en-corral-de-bustos\/\"},\"wordCount\":226,\"commentCount\":0,\"image\":{\"@id\":\"http:\/\/elregionalvm.com.ar\/noticias-villa-maria\/drogas-detienen-a-tres-personas-y-cierran-un-punto-de-venta-en-corral-de-bustos\/#primaryimage\"},\"thumbnailUrl\":\"https:\/\/i0.wp.com\/elregionalvm.com.ar\/noticias-villa-maria\/wp-content\/uploads\/2022\/05\/FPA-Corral-de-Bustos.jpeg?fit=1280%2C819&ssl=1\",\"keywords\":[\"coca\u00edna\",\"Corral de Bustos\",\"detenciones\",\"Drogas\",\"FPA\",\"Marihuana\",\"Secuestro\"],\"articleSection\":[\"destacado\",\"Regi\u00f3n\"],\"inLanguage\":\"es\",\"potentialAction\":[{\"@type\":\"CommentAction\",\"name\":\"Comment\",\"target\":[\"http:\/\/elregionalvm.com.ar\/noticias-villa-maria\/drogas-detienen-a-tres-personas-y-cierran-un-punto-de-venta-en-corral-de-bustos\/#respond\"]}]},{\"@type\":\"WebPage\",\"@id\":\"http:\/\/elregionalvm.com.ar\/noticias-villa-maria\/drogas-detienen-a-tres-personas-y-cierran-un-punto-de-venta-en-corral-de-bustos\/\",\"url\":\"http:\/\/elregionalvm.com.ar\/noticias-villa-maria\/drogas-detienen-a-tres-personas-y-cierran-un-punto-de-venta-en-corral-de-bustos\/\",\"name\":\"Drogas: Detienen a tres personas y cierran un punto de venta en Corral de Bustos - El Regional\",\"isPartOf\":{\"@id\":\"http:\/\/elregionalvm.com.ar\/noticias-villa-maria\/#website\"},\"primaryImageOfPage\":{\"@id\":\"http:\/\/elregionalvm.com.ar\/noticias-villa-maria\/drogas-detienen-a-tres-personas-y-cierran-un-punto-de-venta-en-corral-de-bustos\/#primaryimage\"},\"image\":{\"@id\":\"http:\/\/elregionalvm.com.ar\/noticias-villa-maria\/drogas-detienen-a-tres-personas-y-cierran-un-punto-de-venta-en-corral-de-bustos\/#primaryimage\"},\"thumbnailUrl\":\"https:\/\/i0.wp.com\/elregionalvm.com.ar\/noticias-villa-maria\/wp-content\/uploads\/2022\/05\/FPA-Corral-de-Bustos.jpeg?fit=1280%2C819&ssl=1\",\"datePublished\":\"2022-05-30T10:31:33+00:00\",\"dateModified\":\"2022-05-30T10:31:34+00:00\",\"author\":{\"@id\":\"http:\/\/elregionalvm.com.ar\/noticias-villa-maria\/#\/schema\/person\/a0fb9c422317faca23d50163151bc354\"},\"breadcrumb\":{\"@id\":\"http:\/\/elregionalvm.com.ar\/noticias-villa-maria\/drogas-detienen-a-tres-personas-y-cierran-un-punto-de-venta-en-corral-de-bustos\/#breadcrumb\"},\"inLanguage\":\"es\",\"potentialAction\":[{\"@type\":\"ReadAction\",\"target\":[\"http:\/\/elregionalvm.com.ar\/noticias-villa-maria\/drogas-detienen-a-tres-personas-y-cierran-un-punto-de-venta-en-corral-de-bustos\/\"]}]},{\"@type\":\"ImageObject\",\"inLanguage\":\"es\",\"@id\":\"http:\/\/elregionalvm.com.ar\/noticias-villa-maria\/drogas-detienen-a-tres-personas-y-cierran-un-punto-de-venta-en-corral-de-bustos\/#primaryimage\",\"url\":\"https:\/\/i0.wp.com\/elregionalvm.com.ar\/noticias-villa-maria\/wp-content\/uploads\/2022\/05\/FPA-Corral-de-Bustos.jpeg?fit=1280%2C819&ssl=1\",\"contentUrl\":\"https:\/\/i0.wp.com\/elregionalvm.com.ar\/noticias-villa-maria\/wp-content\/uploads\/2022\/05\/FPA-Corral-de-Bustos.jpeg?fit=1280%2C819&ssl=1\",\"width\":1280,\"height\":819},{\"@type\":\"BreadcrumbList\",\"@id\":\"http:\/\/elregionalvm.com.ar\/noticias-villa-maria\/drogas-detienen-a-tres-personas-y-cierran-un-punto-de-venta-en-corral-de-bustos\/#breadcrumb\",\"itemListElement\":[{\"@type\":\"ListItem\",\"position\":1,\"name\":\"Portada\",\"item\":\"https:\/\/elregionalvm.com.ar\/noticias-villa-maria\/\"},{\"@type\":\"ListItem\",\"position\":2,\"name\":\"Drogas: Detienen a tres personas y cierran un punto de venta en Corral de Bustos\"}]},{\"@type\":\"WebSite\",\"@id\":\"http:\/\/elregionalvm.com.ar\/noticias-villa-maria\/#website\",\"url\":\"http:\/\/elregionalvm.com.ar\/noticias-villa-maria\/\",\"name\":\"El Regional\",\"description\":\"Mucho m\u00e1s que informaci\u00f3n\",\"potentialAction\":[{\"@type\":\"SearchAction\",\"target\":{\"@type\":\"EntryPoint\",\"urlTemplate\":\"http:\/\/elregionalvm.com.ar\/noticias-villa-maria\/?s={search_term_string}\"},\"query-input\":{\"@type\":\"PropertyValueSpecification\",\"valueRequired\":true,\"valueName\":\"search_term_string\"}}],\"inLanguage\":\"es\"},{\"@type\":\"Person\",\"@id\":\"http:\/\/elregionalvm.com.ar\/noticias-villa-maria\/#\/schema\/person\/a0fb9c422317faca23d50163151bc354\",\"name\":\"Contenidos El Regional\",\"image\":{\"@type\":\"ImageObject\",\"inLanguage\":\"es\",\"@id\":\"http:\/\/elregionalvm.com.ar\/noticias-villa-maria\/#\/schema\/person\/image\/\",\"url\":\"https:\/\/secure.gravatar.com\/avatar\/265b27cb2209af7bb3a1318f03305787d7981a5cc6e6cd08fe5a4ecdf99d4b48?s=96&d=mm&r=g\",\"contentUrl\":\"https:\/\/secure.gravatar.com\/avatar\/265b27cb2209af7bb3a1318f03305787d7981a5cc6e6cd08fe5a4ecdf99d4b48?s=96&d=mm&r=g\",\"caption\":\"Contenidos El Regional\"},\"url\":\"https:\/\/elregionalvm.com.ar\/noticias-villa-maria\/author\/contenido\/\"}]}<\/script>\n<!-- \/ Yoast SEO plugin. -->","yoast_head_json":{"title":"Drogas: Detienen a tres personas y cierran un punto de venta en Corral de Bustos - El Regional","robots":{"index":"index","follow":"follow","max-snippet":"max-snippet:-1","max-image-preview":"max-image-preview:large","max-video-preview":"max-video-preview:-1"},"canonical":"http:\/\/elregionalvm.com.ar\/noticias-villa-maria\/drogas-detienen-a-tres-personas-y-cierran-un-punto-de-venta-en-corral-de-bustos\/","og_locale":"es_ES","og_type":"article","og_title":"Drogas: Detienen a tres personas y cierran un punto de venta en Corral de Bustos - El Regional","og_description":"Con la aprehensi\u00f3n de dos sujetos y una mujer (mayores de edad), m\u00e1s el cierre de un punto de venta de estupefacientes, culmin\u00f3 un operativo realizado por efectivos de la Fuerza Policial Antinarcotr\u00e1fico en la ciudad de Corral de Bustos. El procedimiento, inici\u00f3 luego de la detenci\u00f3n de un sujeto de 20 a\u00f1os sobre ruta [&hellip;]","og_url":"http:\/\/elregionalvm.com.ar\/noticias-villa-maria\/drogas-detienen-a-tres-personas-y-cierran-un-punto-de-venta-en-corral-de-bustos\/","og_site_name":"El Regional","article_publisher":"https:\/\/www.facebook.com\/elregionalvm","article_published_time":"2022-05-30T10:31:33+00:00","article_modified_time":"2022-05-30T10:31:34+00:00","og_image":[{"width":1280,"height":819,"url":"http:\/\/elregionalvm.com.ar\/noticias-villa-maria\/wp-content\/uploads\/2022\/05\/FPA-Corral-de-Bustos.jpeg","type":"image\/jpeg"}],"author":"Contenidos El Regional","twitter_card":"summary_large_image","twitter_creator":"@elregionalvm1","twitter_site":"@elregionalvm1","twitter_misc":{"Escrito por":"Contenidos El Regional","Tiempo de lectura":"2 minutos"},"schema":{"@context":"https:\/\/schema.org","@graph":[{"@type":"Article","@id":"http:\/\/elregionalvm.com.ar\/noticias-villa-maria\/drogas-detienen-a-tres-personas-y-cierran-un-punto-de-venta-en-corral-de-bustos\/#article","isPartOf":{"@id":"http:\/\/elregionalvm.com.ar\/noticias-villa-maria\/drogas-detienen-a-tres-personas-y-cierran-un-punto-de-venta-en-corral-de-bustos\/"},"author":{"name":"Contenidos El Regional","@id":"http:\/\/elregionalvm.com.ar\/noticias-villa-maria\/#\/schema\/person\/a0fb9c422317faca23d50163151bc354"},"headline":"Drogas: Detienen a tres personas y cierran un punto de venta en Corral de Bustos","datePublished":"2022-05-30T10:31:33+00:00","dateModified":"2022-05-30T10:31:34+00:00","mainEntityOfPage":{"@id":"http:\/\/elregionalvm.com.ar\/noticias-villa-maria\/drogas-detienen-a-tres-personas-y-cierran-un-punto-de-venta-en-corral-de-bustos\/"},"wordCount":226,"commentCount":0,"image":{"@id":"http:\/\/elregionalvm.com.ar\/noticias-villa-maria\/drogas-detienen-a-tres-personas-y-cierran-un-punto-de-venta-en-corral-de-bustos\/#primaryimage"},"thumbnailUrl":"https:\/\/i0.wp.com\/elregionalvm.com.ar\/noticias-villa-maria\/wp-content\/uploads\/2022\/05\/FPA-Corral-de-Bustos.jpeg?fit=1280%2C819&ssl=1","keywords":["coca\u00edna","Corral de Bustos","detenciones","Drogas","FPA","Marihuana","Secuestro"],"articleSection":["destacado","Regi\u00f3n"],"inLanguage":"es","potentialAction":[{"@type":"CommentAction","name":"Comment","target":["http:\/\/elregionalvm.com.ar\/noticias-villa-maria\/drogas-detienen-a-tres-personas-y-cierran-un-punto-de-venta-en-corral-de-bustos\/#respond"]}]},{"@type":"WebPage","@id":"http:\/\/elregionalvm.com.ar\/noticias-villa-maria\/drogas-detienen-a-tres-personas-y-cierran-un-punto-de-venta-en-corral-de-bustos\/","url":"http:\/\/elregionalvm.com.ar\/noticias-villa-maria\/drogas-detienen-a-tres-personas-y-cierran-un-punto-de-venta-en-corral-de-bustos\/","name":"Drogas: Detienen a tres personas y cierran un punto de venta en Corral de Bustos - El Regional","isPartOf":{"@id":"http:\/\/elregionalvm.com.ar\/noticias-villa-maria\/#website"},"primaryImageOfPage":{"@id":"http:\/\/elregionalvm.com.ar\/noticias-villa-maria\/drogas-detienen-a-tres-personas-y-cierran-un-punto-de-venta-en-corral-de-bustos\/#primaryimage"},"image":{"@id":"http:\/\/elregionalvm.com.ar\/noticias-villa-maria\/drogas-detienen-a-tres-personas-y-cierran-un-punto-de-venta-en-corral-de-bustos\/#primaryimage"},"thumbnailUrl":"https:\/\/i0.wp.com\/elregionalvm.com.ar\/noticias-villa-maria\/wp-content\/uploads\/2022\/05\/FPA-Corral-de-Bustos.jpeg?fit=1280%2C819&ssl=1","datePublished":"2022-05-30T10:31:33+00:00","dateModified":"2022-05-30T10:31:34+00:00","author":{"@id":"http:\/\/elregionalvm.com.ar\/noticias-villa-maria\/#\/schema\/person\/a0fb9c422317faca23d50163151bc354"},"breadcrumb":{"@id":"http:\/\/elregionalvm.com.ar\/noticias-villa-maria\/drogas-detienen-a-tres-personas-y-cierran-un-punto-de-venta-en-corral-de-bustos\/#breadcrumb"},"inLanguage":"es","potentialAction":[{"@type":"ReadAction","target":["http:\/\/elregionalvm.com.ar\/noticias-villa-maria\/drogas-detienen-a-tres-personas-y-cierran-un-punto-de-venta-en-corral-de-bustos\/"]}]},{"@type":"ImageObject","inLanguage":"es","@id":"http:\/\/elregionalvm.com.ar\/noticias-villa-maria\/drogas-detienen-a-tres-personas-y-cierran-un-punto-de-venta-en-corral-de-bustos\/#primaryimage","url":"https:\/\/i0.wp.com\/elregionalvm.com.ar\/noticias-villa-maria\/wp-content\/uploads\/2022\/05\/FPA-Corral-de-Bustos.jpeg?fit=1280%2C819&ssl=1","contentUrl":"https:\/\/i0.wp.com\/elregionalvm.com.ar\/noticias-villa-maria\/wp-content\/uploads\/2022\/05\/FPA-Corral-de-Bustos.jpeg?fit=1280%2C819&ssl=1","width":1280,"height":819},{"@type":"BreadcrumbList","@id":"http:\/\/elregionalvm.com.ar\/noticias-villa-maria\/drogas-detienen-a-tres-personas-y-cierran-un-punto-de-venta-en-corral-de-bustos\/#breadcrumb","itemListElement":[{"@type":"ListItem","position":1,"name":"Portada","item":"https:\/\/elregionalvm.com.ar\/noticias-villa-maria\/"},{"@type":"ListItem","position":2,"name":"Drogas: Detienen a tres personas y cierran un punto de venta en Corral de Bustos"}]},{"@type":"WebSite","@id":"http:\/\/elregionalvm.com.ar\/noticias-villa-maria\/#website","url":"http:\/\/elregionalvm.com.ar\/noticias-villa-maria\/","name":"El Regional","description":"Mucho m\u00e1s que informaci\u00f3n","potentialAction":[{"@type":"SearchAction","target":{"@type":"EntryPoint","urlTemplate":"http:\/\/elregionalvm.com.ar\/noticias-villa-maria\/?s={search_term_string}"},"query-input":{"@type":"PropertyValueSpecification","valueRequired":true,"valueName":"search_term_string"}}],"inLanguage":"es"},{"@type":"Person","@id":"http:\/\/elregionalvm.com.ar\/noticias-villa-maria\/#\/schema\/person\/a0fb9c422317faca23d50163151bc354","name":"Contenidos El Regional","image":{"@type":"ImageObject","inLanguage":"es","@id":"http:\/\/elregionalvm.com.ar\/noticias-villa-maria\/#\/schema\/person\/image\/","url":"https:\/\/secure.gravatar.com\/avatar\/265b27cb2209af7bb3a1318f03305787d7981a5cc6e6cd08fe5a4ecdf99d4b48?s=96&d=mm&r=g","contentUrl":"https:\/\/secure.gravatar.com\/avatar\/265b27cb2209af7bb3a1318f03305787d7981a5cc6e6cd08fe5a4ecdf99d4b48?s=96&d=mm&r=g","caption":"Contenidos El Regional"},"url":"https:\/\/elregionalvm.com.ar\/noticias-villa-maria\/author\/contenido\/"}]}},"jetpack_featured_media_url":"https:\/\/i0.wp.com\/elregionalvm.com.ar\/noticias-villa-maria\/wp-content\/uploads\/2022\/05\/FPA-Corral-de-Bustos.jpeg?fit=1280%2C819&ssl=1","jetpack_sharing_enabled":true,"_links":{"self":[{"href":"https:\/\/elregionalvm.com.ar\/noticias-villa-maria\/wp-json\/wp\/v2\/posts\/58111","targetHints":{"allow":["GET"]}}],"collection":[{"href":"https:\/\/elregionalvm.com.ar\/noticias-villa-maria\/wp-json\/wp\/v2\/posts"}],"about":[{"href":"https:\/\/elregionalvm.com.ar\/noticias-villa-maria\/wp-json\/wp\/v2\/types\/post"}],"author":[{"embeddable":true,"href":"https:\/\/elregionalvm.com.ar\/noticias-villa-maria\/wp-json\/wp\/v2\/users\/4"}],"replies":[{"embeddable":true,"href":"https:\/\/elregionalvm.com.ar\/noticias-villa-maria\/wp-json\/wp\/v2\/comments?post=58111"}],"version-history":[{"count":1,"href":"https:\/\/elregionalvm.com.ar\/noticias-villa-maria\/wp-json\/wp\/v2\/posts\/58111\/revisions"}],"predecessor-version":[{"id":58115,"href":"https:\/\/elregionalvm.com.ar\/noticias-villa-maria\/wp-json\/wp\/v2\/posts\/58111\/revisions\/58115"}],"wp:featuredmedia":[{"embeddable":true,"href":"https:\/\/elregionalvm.com.ar\/noticias-villa-maria\/wp-json\/wp\/v2\/media\/58114"}],"wp:attachment":[{"href":"https:\/\/elregionalvm.com.ar\/noticias-villa-maria\/wp-json\/wp\/v2\/media?parent=58111"}],"wp:term":[{"taxonomy":"category","embeddable":true,"href":"https:\/\/elregionalvm.com.ar\/noticias-villa-maria\/wp-json\/wp\/v2\/categories?post=58111"},{"taxonomy":"post_tag","embeddable":true,"href":"https:\/\/elregionalvm.com.ar\/noticias-villa-maria\/wp-json\/wp\/v2\/tags?post=58111"}],"curies":[{"name":"wp","href":"https:\/\/api.w.org\/{rel}","templated":true}]}}