{"id":58117,"date":"2022-05-30T22:04:05","date_gmt":"2022-05-30T22:04:05","guid":{"rendered":"https:\/\/elregionalvm.com.ar\/noticias-villa-maria\/?p=58117"},"modified":"2022-05-30T22:05:04","modified_gmt":"2022-05-30T22:05:04","slug":"carnet-de-manipulador-de-alimentos-para-36-villanovenses-y-villamarienses","status":"publish","type":"post","link":"https:\/\/elregionalvm.com.ar\/noticias-villa-maria\/carnet-de-manipulador-de-alimentos-para-36-villanovenses-y-villamarienses\/","title":{"rendered":"Carnet de Manipulador de Alimentos para 36 villanovenses y villamarienses"},"content":{"rendered":"\n<p>En el Centro C\u00edvico de la ciudad de Villa Mar\u00eda, este lunes tuvo lugar el acto de entrega de Carnet de Manipulador de Alimentos en el marco del programa Alimento Seguro en tu Barrio del Ministerio de Industria, Comercio y Miner\u00eda, a trav\u00e9s de la Direcci\u00f3n General de Control de la Industria Alimenticia dependiente de la Secretar\u00eda de Industria.<\/p>\n\n\n\n<p>Recibieron su Carnet y Diploma, <strong>36 personas pertenecientes al Banco de Alimentos y al Paicor de las ciudades de Villa Mar\u00eda y Villa Nueva, del departamento General San Mart\u00edn.<\/strong><\/p>\n\n\n\n<p>La entrega, estuvo presidida por el ministro de Industria, Comercio y Miner\u00eda, Eduardo Accastello; acompa\u00f1ado por el secretario de Industria, Fernando Sibilla; el secretario de Comercio, Juan Pablo Inglese, y Director General de Control de la Industria Alimenticia, Germ\u00e1n Tenedini.<\/p>\n\n\n\n<figure class=\"wp-block-gallery has-nested-images columns-default is-cropped wp-block-gallery-1 is-layout-flex wp-block-gallery-is-layout-flex\">\n<figure class=\"wp-block-image size-large\"><img data-recalc-dims=\"1\" fetchpriority=\"high\" decoding=\"async\" width=\"1024\" height=\"576\" data-id=\"58120\" src=\"https:\/\/i0.wp.com\/elregionalvm.com.ar\/noticias-villa-maria\/wp-content\/uploads\/2022\/05\/WhatsApp-Image-2022-05-30-at-6.39.22-PM.jpeg?resize=1024%2C576&#038;ssl=1\" alt=\"\" class=\"wp-image-58120\" srcset=\"https:\/\/i0.wp.com\/elregionalvm.com.ar\/noticias-villa-maria\/wp-content\/uploads\/2022\/05\/WhatsApp-Image-2022-05-30-at-6.39.22-PM.jpeg?w=1024&amp;ssl=1 1024w, https:\/\/i0.wp.com\/elregionalvm.com.ar\/noticias-villa-maria\/wp-content\/uploads\/2022\/05\/WhatsApp-Image-2022-05-30-at-6.39.22-PM.jpeg?resize=300%2C169&amp;ssl=1 300w, https:\/\/i0.wp.com\/elregionalvm.com.ar\/noticias-villa-maria\/wp-content\/uploads\/2022\/05\/WhatsApp-Image-2022-05-30-at-6.39.22-PM.jpeg?resize=768%2C432&amp;ssl=1 768w\" sizes=\"(max-width: 1000px) 100vw, 1000px\" \/><\/figure>\n\n\n\n<figure class=\"wp-block-image size-large\"><img data-recalc-dims=\"1\" decoding=\"async\" width=\"1024\" height=\"576\" data-id=\"58119\" src=\"https:\/\/i0.wp.com\/elregionalvm.com.ar\/noticias-villa-maria\/wp-content\/uploads\/2022\/05\/WhatsApp-Image-2022-05-30-at-6.39.21-PM-1.jpeg?resize=1024%2C576&#038;ssl=1\" alt=\"\" class=\"wp-image-58119\" srcset=\"https:\/\/i0.wp.com\/elregionalvm.com.ar\/noticias-villa-maria\/wp-content\/uploads\/2022\/05\/WhatsApp-Image-2022-05-30-at-6.39.21-PM-1.jpeg?w=1024&amp;ssl=1 1024w, https:\/\/i0.wp.com\/elregionalvm.com.ar\/noticias-villa-maria\/wp-content\/uploads\/2022\/05\/WhatsApp-Image-2022-05-30-at-6.39.21-PM-1.jpeg?resize=300%2C169&amp;ssl=1 300w, https:\/\/i0.wp.com\/elregionalvm.com.ar\/noticias-villa-maria\/wp-content\/uploads\/2022\/05\/WhatsApp-Image-2022-05-30-at-6.39.21-PM-1.jpeg?resize=768%2C432&amp;ssl=1 768w\" sizes=\"(max-width: 1000px) 100vw, 1000px\" \/><\/figure>\n<\/figure>\n\n\n\n<p>El Carnet de Manipulador de Alimentos es exigido por el C\u00f3digo Alimentario Argentino (CAA) a toda persona que realice actividades por la cual est\u00e9 o pudiera estar en contacto con alimentos, en establecimientos donde se elaboren, fraccionen, almacenen, transporten, comercialicen y\/o enajenen alimentos, o sus materias primas.<\/p>\n\n\n\n<p>De esta manera quienes manipulen alimentos deben contar con dicho Carnet que se obtiene realizando el curso de Manipulaci\u00f3n Segura de Alimentos y rindiendo un examen final. Su vigencia es de tres a\u00f1os a partir de su emisi\u00f3n y deber\u00e1 ser renovado una vez que finalice este periodo y su validez es en todo el pa\u00eds.<\/p>\n\n\n\n<p>Al hacer uso de la palabra, el ministro Eduardo Accastello manifest\u00f3 que se llevan adelante acciones para la gente de los barrios, como es este Programa, que acompa\u00f1a el compromiso que tienen en el trabajo que realizan en las escuelas y en los comedores barriales, \u201cporque la vida ser\u00eda mucho m\u00e1s dura si no estuvieran ustedes\u201d.<\/p>\n\n\n\n<p>\u201cAlimento Seguro en tu Barrio es una iniciativa que deber\u00eda ense\u00f1arse en las escuelas para saber c\u00f3mo nos deber\u00edamos alimentar porque se puede comer mejor y m\u00e1s barato y que no haya desnutrici\u00f3n infantil\u201d, dijo y continu\u00f3: \u201cPara eso, tendr\u00edamos que armar las quintas en los barrios, como hicimos con las cooperativas cuando estuvimos en la Intendencia, para que las familias puedan tener la posibilidad de ir recuperando el rol de hacer con su propio esfuerzo lo que despu\u00e9s terminan consumiendo\u201d, expres\u00f3 Accastello.<\/p>\n\n\n\n<p>Luego indic\u00f3 que el programa Alimento Seguro es muy importante para \u201ccapacitar a aquellas personas que quieren perfeccionarse en cuanto a la manipulaci\u00f3n de alimentos\u201d, para que puedan reunirse en cooperativas y para que puedan ir armando en cada casa una peque\u00f1a industria.<\/p>\n\n\n\n<p>\u201cArmemos cooperativas, abramos comedores para hacer alimentos, veamos c\u00f3mo fortalecemos las experiencias barriales\u201d, concluy\u00f3 Accastello.<\/p>\n\n\n\n<p>Por su parte, el director General de Control de la Industria Alimenticia resalt\u00f3 que con el programa Alimento Seguro en tu Barrio se va a llegar a todo el territorio provincial. Tenemos un fuerte compromiso porque \u201clo que estamos haciendo es cuidar la salud de los ni\u00f1os\u201d.<\/p>\n\n\n\n<p>Posteriormente, Tenedini se\u00f1al\u00f3 que hasta el momento C\u00f3rdoba ha emitido 33.650 Carnet de manipulador de Alimentos, un n\u00famero relevante en relaci\u00f3n a los entregados a nivel nacional. Y que, ya se han firmado 159 convenios para el dictado de los cursos, 160 de ellos con Municipios y Comunas y 9 con organismos privados.<\/p>\n\n\n\n<p>Estuvieron tambi\u00e9n presentes, el subsecretario de PyMEs, \u00c1ngel Quaglia; las legisladoras Departamentales Liliana Abraham y Adela Guirardelli; los concejales de Villa Mar\u00eda, Juan Carlos Cladera y Daniel L\u00f3pez y Ver\u00f3nica Navarro Alegre.<\/p>\n","protected":false},"excerpt":{"rendered":"<p>En el Centro C\u00edvico de la ciudad de Villa Mar\u00eda, este lunes tuvo lugar el acto de entrega de Carnet de Manipulador de Alimentos en el marco del programa Alimento Seguro en tu Barrio del Ministerio de Industria, Comercio y Miner\u00eda, a trav\u00e9s de la Direcci\u00f3n General de Control de la Industria Alimenticia dependiente de [&hellip;]<\/p>\n","protected":false},"author":4,"featured_media":58118,"comment_status":"open","ping_status":"open","sticky":false,"template":"","format":"standard","meta":{"site-sidebar-layout":"default","site-content-layout":"","ast-site-content-layout":"default","site-content-style":"default","site-sidebar-style":"default","ast-global-header-display":"","ast-banner-title-visibility":"","ast-main-header-display":"","ast-hfb-above-header-display":"","ast-hfb-below-header-display":"","ast-hfb-mobile-header-display":"","site-post-title":"","ast-breadcrumbs-content":"","ast-featured-img":"","footer-sml-layout":"","ast-disable-related-posts":"","theme-transparent-header-meta":"","adv-header-id-meta":"","stick-header-meta":"","header-above-stick-meta":"","header-main-stick-meta":"","header-below-stick-meta":"","astra-migrate-meta-layouts":"default","ast-page-background-enabled":"default","ast-page-background-meta":{"desktop":{"background-color":"","background-image":"","background-repeat":"repeat","background-position":"center center","background-size":"auto","background-attachment":"scroll","background-type":"","background-media":"","overlay-type":"","overlay-color":"","overlay-opacity":"","overlay-gradient":""},"tablet":{"background-color":"","background-image":"","background-repeat":"repeat","background-position":"center center","background-size":"auto","background-attachment":"scroll","background-type":"","background-media":"","overlay-type":"","overlay-color":"","overlay-opacity":"","overlay-gradient":""},"mobile":{"background-color":"","background-image":"","background-repeat":"repeat","background-position":"center center","background-size":"auto","background-attachment":"scroll","background-type":"","background-media":"","overlay-type":"","overlay-color":"","overlay-opacity":"","overlay-gradient":""}},"ast-content-background-meta":{"desktop":{"background-color":"var(--ast-global-color-5)","background-image":"","background-repeat":"repeat","background-position":"center center","background-size":"auto","background-attachment":"scroll","background-type":"","background-media":"","overlay-type":"","overlay-color":"","overlay-opacity":"","overlay-gradient":""},"tablet":{"background-color":"var(--ast-global-color-5)","background-image":"","background-repeat":"repeat","background-position":"center center","background-size":"auto","background-attachment":"scroll","background-type":"","background-media":"","overlay-type":"","overlay-color":"","overlay-opacity":"","overlay-gradient":""},"mobile":{"background-color":"var(--ast-global-color-5)","background-image":"","background-repeat":"repeat","background-position":"center center","background-size":"auto","background-attachment":"scroll","background-type":"","background-media":"","overlay-type":"","overlay-color":"","overlay-opacity":"","overlay-gradient":""}},"_jetpack_memberships_contains_paid_content":false,"_joinchat":[],"footnotes":""},"categories":[15302,2,1408],"tags":[15758,15759,15757,6519,8378,2248,232],"class_list":["post-58117","post","type-post","status-publish","format-standard","has-post-thumbnail","hentry","category-destacado","category-villa-maria","category-villa-nueva","tag-36-personas","tag-banco-de-alimentos","tag-carnet-de-manipulador-de-alimentos","tag-centro-civico","tag-paicor","tag-villa-maria-2","tag-villa-nueva"],"yoast_head":"<!-- This site is optimized with the Yoast SEO plugin v26.8 - https:\/\/yoast.com\/product\/yoast-seo-wordpress\/ -->\n<title>Carnet de Manipulador de Alimentos para 36 villanovenses y villamarienses - El Regional<\/title>\n<meta name=\"robots\" content=\"index, follow, max-snippet:-1, max-image-preview:large, max-video-preview:-1\" \/>\n<link rel=\"canonical\" href=\"http:\/\/elregionalvm.com.ar\/noticias-villa-maria\/carnet-de-manipulador-de-alimentos-para-36-villanovenses-y-villamarienses\/\" \/>\n<meta property=\"og:locale\" content=\"es_ES\" \/>\n<meta property=\"og:type\" content=\"article\" \/>\n<meta property=\"og:title\" content=\"Carnet de Manipulador de Alimentos para 36 villanovenses y villamarienses - El Regional\" \/>\n<meta property=\"og:description\" content=\"En el Centro C\u00edvico de la ciudad de Villa Mar\u00eda, este lunes tuvo lugar el acto de entrega de Carnet de Manipulador de Alimentos en el marco del programa Alimento Seguro en tu Barrio del Ministerio de Industria, Comercio y Miner\u00eda, a trav\u00e9s de la Direcci\u00f3n General de Control de la Industria Alimenticia dependiente de [&hellip;]\" \/>\n<meta property=\"og:url\" content=\"http:\/\/elregionalvm.com.ar\/noticias-villa-maria\/carnet-de-manipulador-de-alimentos-para-36-villanovenses-y-villamarienses\/\" \/>\n<meta property=\"og:site_name\" content=\"El Regional\" \/>\n<meta property=\"article:publisher\" content=\"https:\/\/www.facebook.com\/elregionalvm\" \/>\n<meta property=\"article:published_time\" content=\"2022-05-30T22:04:05+00:00\" \/>\n<meta property=\"article:modified_time\" content=\"2022-05-30T22:05:04+00:00\" \/>\n<meta property=\"og:image\" content=\"http:\/\/elregionalvm.com.ar\/noticias-villa-maria\/wp-content\/uploads\/2022\/05\/WhatsApp-Image-2022-05-30-at-6.39.21-PM.jpeg\" \/>\n\t<meta property=\"og:image:width\" content=\"1024\" \/>\n\t<meta property=\"og:image:height\" content=\"576\" \/>\n\t<meta property=\"og:image:type\" content=\"image\/jpeg\" \/>\n<meta name=\"author\" content=\"Contenidos El Regional\" \/>\n<meta name=\"twitter:card\" content=\"summary_large_image\" \/>\n<meta name=\"twitter:creator\" content=\"@elregionalvm1\" \/>\n<meta name=\"twitter:site\" content=\"@elregionalvm1\" \/>\n<meta name=\"twitter:label1\" content=\"Escrito por\" \/>\n\t<meta name=\"twitter:data1\" content=\"Contenidos El Regional\" \/>\n\t<meta name=\"twitter:label2\" content=\"Tiempo de lectura\" \/>\n\t<meta name=\"twitter:data2\" content=\"3 minutos\" \/>\n<script type=\"application\/ld+json\" class=\"yoast-schema-graph\">{\"@context\":\"https:\/\/schema.org\",\"@graph\":[{\"@type\":\"Article\",\"@id\":\"http:\/\/elregionalvm.com.ar\/noticias-villa-maria\/carnet-de-manipulador-de-alimentos-para-36-villanovenses-y-villamarienses\/#article\",\"isPartOf\":{\"@id\":\"http:\/\/elregionalvm.com.ar\/noticias-villa-maria\/carnet-de-manipulador-de-alimentos-para-36-villanovenses-y-villamarienses\/\"},\"author\":{\"name\":\"Contenidos El Regional\",\"@id\":\"http:\/\/elregionalvm.com.ar\/noticias-villa-maria\/#\/schema\/person\/a0fb9c422317faca23d50163151bc354\"},\"headline\":\"Carnet de Manipulador de Alimentos para 36 villanovenses y villamarienses\",\"datePublished\":\"2022-05-30T22:04:05+00:00\",\"dateModified\":\"2022-05-30T22:05:04+00:00\",\"mainEntityOfPage\":{\"@id\":\"http:\/\/elregionalvm.com.ar\/noticias-villa-maria\/carnet-de-manipulador-de-alimentos-para-36-villanovenses-y-villamarienses\/\"},\"wordCount\":604,\"commentCount\":0,\"image\":{\"@id\":\"http:\/\/elregionalvm.com.ar\/noticias-villa-maria\/carnet-de-manipulador-de-alimentos-para-36-villanovenses-y-villamarienses\/#primaryimage\"},\"thumbnailUrl\":\"https:\/\/i0.wp.com\/elregionalvm.com.ar\/noticias-villa-maria\/wp-content\/uploads\/2022\/05\/WhatsApp-Image-2022-05-30-at-6.39.21-PM.jpeg?fit=1024%2C576&ssl=1\",\"keywords\":[\"36 personas\",\"Banco de Alimentos\",\"Carnet de Manipulador de Alimentos\",\"Centro C\u00edvico\",\"Paicor\",\"Villa Mar\u00eda\",\"VILLA NUEVA\"],\"articleSection\":[\"destacado\",\"Villa Mar\u00eda\",\"Villa Nueva\"],\"inLanguage\":\"es\",\"potentialAction\":[{\"@type\":\"CommentAction\",\"name\":\"Comment\",\"target\":[\"http:\/\/elregionalvm.com.ar\/noticias-villa-maria\/carnet-de-manipulador-de-alimentos-para-36-villanovenses-y-villamarienses\/#respond\"]}]},{\"@type\":\"WebPage\",\"@id\":\"http:\/\/elregionalvm.com.ar\/noticias-villa-maria\/carnet-de-manipulador-de-alimentos-para-36-villanovenses-y-villamarienses\/\",\"url\":\"http:\/\/elregionalvm.com.ar\/noticias-villa-maria\/carnet-de-manipulador-de-alimentos-para-36-villanovenses-y-villamarienses\/\",\"name\":\"Carnet de Manipulador de Alimentos para 36 villanovenses y villamarienses - El Regional\",\"isPartOf\":{\"@id\":\"http:\/\/elregionalvm.com.ar\/noticias-villa-maria\/#website\"},\"primaryImageOfPage\":{\"@id\":\"http:\/\/elregionalvm.com.ar\/noticias-villa-maria\/carnet-de-manipulador-de-alimentos-para-36-villanovenses-y-villamarienses\/#primaryimage\"},\"image\":{\"@id\":\"http:\/\/elregionalvm.com.ar\/noticias-villa-maria\/carnet-de-manipulador-de-alimentos-para-36-villanovenses-y-villamarienses\/#primaryimage\"},\"thumbnailUrl\":\"https:\/\/i0.wp.com\/elregionalvm.com.ar\/noticias-villa-maria\/wp-content\/uploads\/2022\/05\/WhatsApp-Image-2022-05-30-at-6.39.21-PM.jpeg?fit=1024%2C576&ssl=1\",\"datePublished\":\"2022-05-30T22:04:05+00:00\",\"dateModified\":\"2022-05-30T22:05:04+00:00\",\"author\":{\"@id\":\"http:\/\/elregionalvm.com.ar\/noticias-villa-maria\/#\/schema\/person\/a0fb9c422317faca23d50163151bc354\"},\"breadcrumb\":{\"@id\":\"http:\/\/elregionalvm.com.ar\/noticias-villa-maria\/carnet-de-manipulador-de-alimentos-para-36-villanovenses-y-villamarienses\/#breadcrumb\"},\"inLanguage\":\"es\",\"potentialAction\":[{\"@type\":\"ReadAction\",\"target\":[\"http:\/\/elregionalvm.com.ar\/noticias-villa-maria\/carnet-de-manipulador-de-alimentos-para-36-villanovenses-y-villamarienses\/\"]}]},{\"@type\":\"ImageObject\",\"inLanguage\":\"es\",\"@id\":\"http:\/\/elregionalvm.com.ar\/noticias-villa-maria\/carnet-de-manipulador-de-alimentos-para-36-villanovenses-y-villamarienses\/#primaryimage\",\"url\":\"https:\/\/i0.wp.com\/elregionalvm.com.ar\/noticias-villa-maria\/wp-content\/uploads\/2022\/05\/WhatsApp-Image-2022-05-30-at-6.39.21-PM.jpeg?fit=1024%2C576&ssl=1\",\"contentUrl\":\"https:\/\/i0.wp.com\/elregionalvm.com.ar\/noticias-villa-maria\/wp-content\/uploads\/2022\/05\/WhatsApp-Image-2022-05-30-at-6.39.21-PM.jpeg?fit=1024%2C576&ssl=1\",\"width\":1024,\"height\":576},{\"@type\":\"BreadcrumbList\",\"@id\":\"http:\/\/elregionalvm.com.ar\/noticias-villa-maria\/carnet-de-manipulador-de-alimentos-para-36-villanovenses-y-villamarienses\/#breadcrumb\",\"itemListElement\":[{\"@type\":\"ListItem\",\"position\":1,\"name\":\"Portada\",\"item\":\"https:\/\/elregionalvm.com.ar\/noticias-villa-maria\/\"},{\"@type\":\"ListItem\",\"position\":2,\"name\":\"Carnet de Manipulador de Alimentos para 36 villanovenses y villamarienses\"}]},{\"@type\":\"WebSite\",\"@id\":\"http:\/\/elregionalvm.com.ar\/noticias-villa-maria\/#website\",\"url\":\"http:\/\/elregionalvm.com.ar\/noticias-villa-maria\/\",\"name\":\"El Regional\",\"description\":\"Mucho m\u00e1s que informaci\u00f3n\",\"potentialAction\":[{\"@type\":\"SearchAction\",\"target\":{\"@type\":\"EntryPoint\",\"urlTemplate\":\"http:\/\/elregionalvm.com.ar\/noticias-villa-maria\/?s={search_term_string}\"},\"query-input\":{\"@type\":\"PropertyValueSpecification\",\"valueRequired\":true,\"valueName\":\"search_term_string\"}}],\"inLanguage\":\"es\"},{\"@type\":\"Person\",\"@id\":\"http:\/\/elregionalvm.com.ar\/noticias-villa-maria\/#\/schema\/person\/a0fb9c422317faca23d50163151bc354\",\"name\":\"Contenidos El Regional\",\"image\":{\"@type\":\"ImageObject\",\"inLanguage\":\"es\",\"@id\":\"http:\/\/elregionalvm.com.ar\/noticias-villa-maria\/#\/schema\/person\/image\/\",\"url\":\"https:\/\/secure.gravatar.com\/avatar\/265b27cb2209af7bb3a1318f03305787d7981a5cc6e6cd08fe5a4ecdf99d4b48?s=96&d=mm&r=g\",\"contentUrl\":\"https:\/\/secure.gravatar.com\/avatar\/265b27cb2209af7bb3a1318f03305787d7981a5cc6e6cd08fe5a4ecdf99d4b48?s=96&d=mm&r=g\",\"caption\":\"Contenidos El Regional\"},\"url\":\"https:\/\/elregionalvm.com.ar\/noticias-villa-maria\/author\/contenido\/\"}]}<\/script>\n<!-- \/ Yoast SEO plugin. -->","yoast_head_json":{"title":"Carnet de Manipulador de Alimentos para 36 villanovenses y villamarienses - El Regional","robots":{"index":"index","follow":"follow","max-snippet":"max-snippet:-1","max-image-preview":"max-image-preview:large","max-video-preview":"max-video-preview:-1"},"canonical":"http:\/\/elregionalvm.com.ar\/noticias-villa-maria\/carnet-de-manipulador-de-alimentos-para-36-villanovenses-y-villamarienses\/","og_locale":"es_ES","og_type":"article","og_title":"Carnet de Manipulador de Alimentos para 36 villanovenses y villamarienses - El Regional","og_description":"En el Centro C\u00edvico de la ciudad de Villa Mar\u00eda, este lunes tuvo lugar el acto de entrega de Carnet de Manipulador de Alimentos en el marco del programa Alimento Seguro en tu Barrio del Ministerio de Industria, Comercio y Miner\u00eda, a trav\u00e9s de la Direcci\u00f3n General de Control de la Industria Alimenticia dependiente de [&hellip;]","og_url":"http:\/\/elregionalvm.com.ar\/noticias-villa-maria\/carnet-de-manipulador-de-alimentos-para-36-villanovenses-y-villamarienses\/","og_site_name":"El Regional","article_publisher":"https:\/\/www.facebook.com\/elregionalvm","article_published_time":"2022-05-30T22:04:05+00:00","article_modified_time":"2022-05-30T22:05:04+00:00","og_image":[{"width":1024,"height":576,"url":"http:\/\/elregionalvm.com.ar\/noticias-villa-maria\/wp-content\/uploads\/2022\/05\/WhatsApp-Image-2022-05-30-at-6.39.21-PM.jpeg","type":"image\/jpeg"}],"author":"Contenidos El Regional","twitter_card":"summary_large_image","twitter_creator":"@elregionalvm1","twitter_site":"@elregionalvm1","twitter_misc":{"Escrito por":"Contenidos El Regional","Tiempo de lectura":"3 minutos"},"schema":{"@context":"https:\/\/schema.org","@graph":[{"@type":"Article","@id":"http:\/\/elregionalvm.com.ar\/noticias-villa-maria\/carnet-de-manipulador-de-alimentos-para-36-villanovenses-y-villamarienses\/#article","isPartOf":{"@id":"http:\/\/elregionalvm.com.ar\/noticias-villa-maria\/carnet-de-manipulador-de-alimentos-para-36-villanovenses-y-villamarienses\/"},"author":{"name":"Contenidos El Regional","@id":"http:\/\/elregionalvm.com.ar\/noticias-villa-maria\/#\/schema\/person\/a0fb9c422317faca23d50163151bc354"},"headline":"Carnet de Manipulador de Alimentos para 36 villanovenses y villamarienses","datePublished":"2022-05-30T22:04:05+00:00","dateModified":"2022-05-30T22:05:04+00:00","mainEntityOfPage":{"@id":"http:\/\/elregionalvm.com.ar\/noticias-villa-maria\/carnet-de-manipulador-de-alimentos-para-36-villanovenses-y-villamarienses\/"},"wordCount":604,"commentCount":0,"image":{"@id":"http:\/\/elregionalvm.com.ar\/noticias-villa-maria\/carnet-de-manipulador-de-alimentos-para-36-villanovenses-y-villamarienses\/#primaryimage"},"thumbnailUrl":"https:\/\/i0.wp.com\/elregionalvm.com.ar\/noticias-villa-maria\/wp-content\/uploads\/2022\/05\/WhatsApp-Image-2022-05-30-at-6.39.21-PM.jpeg?fit=1024%2C576&ssl=1","keywords":["36 personas","Banco de Alimentos","Carnet de Manipulador de Alimentos","Centro C\u00edvico","Paicor","Villa Mar\u00eda","VILLA NUEVA"],"articleSection":["destacado","Villa Mar\u00eda","Villa Nueva"],"inLanguage":"es","potentialAction":[{"@type":"CommentAction","name":"Comment","target":["http:\/\/elregionalvm.com.ar\/noticias-villa-maria\/carnet-de-manipulador-de-alimentos-para-36-villanovenses-y-villamarienses\/#respond"]}]},{"@type":"WebPage","@id":"http:\/\/elregionalvm.com.ar\/noticias-villa-maria\/carnet-de-manipulador-de-alimentos-para-36-villanovenses-y-villamarienses\/","url":"http:\/\/elregionalvm.com.ar\/noticias-villa-maria\/carnet-de-manipulador-de-alimentos-para-36-villanovenses-y-villamarienses\/","name":"Carnet de Manipulador de Alimentos para 36 villanovenses y villamarienses - El Regional","isPartOf":{"@id":"http:\/\/elregionalvm.com.ar\/noticias-villa-maria\/#website"},"primaryImageOfPage":{"@id":"http:\/\/elregionalvm.com.ar\/noticias-villa-maria\/carnet-de-manipulador-de-alimentos-para-36-villanovenses-y-villamarienses\/#primaryimage"},"image":{"@id":"http:\/\/elregionalvm.com.ar\/noticias-villa-maria\/carnet-de-manipulador-de-alimentos-para-36-villanovenses-y-villamarienses\/#primaryimage"},"thumbnailUrl":"https:\/\/i0.wp.com\/elregionalvm.com.ar\/noticias-villa-maria\/wp-content\/uploads\/2022\/05\/WhatsApp-Image-2022-05-30-at-6.39.21-PM.jpeg?fit=1024%2C576&ssl=1","datePublished":"2022-05-30T22:04:05+00:00","dateModified":"2022-05-30T22:05:04+00:00","author":{"@id":"http:\/\/elregionalvm.com.ar\/noticias-villa-maria\/#\/schema\/person\/a0fb9c422317faca23d50163151bc354"},"breadcrumb":{"@id":"http:\/\/elregionalvm.com.ar\/noticias-villa-maria\/carnet-de-manipulador-de-alimentos-para-36-villanovenses-y-villamarienses\/#breadcrumb"},"inLanguage":"es","potentialAction":[{"@type":"ReadAction","target":["http:\/\/elregionalvm.com.ar\/noticias-villa-maria\/carnet-de-manipulador-de-alimentos-para-36-villanovenses-y-villamarienses\/"]}]},{"@type":"ImageObject","inLanguage":"es","@id":"http:\/\/elregionalvm.com.ar\/noticias-villa-maria\/carnet-de-manipulador-de-alimentos-para-36-villanovenses-y-villamarienses\/#primaryimage","url":"https:\/\/i0.wp.com\/elregionalvm.com.ar\/noticias-villa-maria\/wp-content\/uploads\/2022\/05\/WhatsApp-Image-2022-05-30-at-6.39.21-PM.jpeg?fit=1024%2C576&ssl=1","contentUrl":"https:\/\/i0.wp.com\/elregionalvm.com.ar\/noticias-villa-maria\/wp-content\/uploads\/2022\/05\/WhatsApp-Image-2022-05-30-at-6.39.21-PM.jpeg?fit=1024%2C576&ssl=1","width":1024,"height":576},{"@type":"BreadcrumbList","@id":"http:\/\/elregionalvm.com.ar\/noticias-villa-maria\/carnet-de-manipulador-de-alimentos-para-36-villanovenses-y-villamarienses\/#breadcrumb","itemListElement":[{"@type":"ListItem","position":1,"name":"Portada","item":"https:\/\/elregionalvm.com.ar\/noticias-villa-maria\/"},{"@type":"ListItem","position":2,"name":"Carnet de Manipulador de Alimentos para 36 villanovenses y villamarienses"}]},{"@type":"WebSite","@id":"http:\/\/elregionalvm.com.ar\/noticias-villa-maria\/#website","url":"http:\/\/elregionalvm.com.ar\/noticias-villa-maria\/","name":"El Regional","description":"Mucho m\u00e1s que informaci\u00f3n","potentialAction":[{"@type":"SearchAction","target":{"@type":"EntryPoint","urlTemplate":"http:\/\/elregionalvm.com.ar\/noticias-villa-maria\/?s={search_term_string}"},"query-input":{"@type":"PropertyValueSpecification","valueRequired":true,"valueName":"search_term_string"}}],"inLanguage":"es"},{"@type":"Person","@id":"http:\/\/elregionalvm.com.ar\/noticias-villa-maria\/#\/schema\/person\/a0fb9c422317faca23d50163151bc354","name":"Contenidos El Regional","image":{"@type":"ImageObject","inLanguage":"es","@id":"http:\/\/elregionalvm.com.ar\/noticias-villa-maria\/#\/schema\/person\/image\/","url":"https:\/\/secure.gravatar.com\/avatar\/265b27cb2209af7bb3a1318f03305787d7981a5cc6e6cd08fe5a4ecdf99d4b48?s=96&d=mm&r=g","contentUrl":"https:\/\/secure.gravatar.com\/avatar\/265b27cb2209af7bb3a1318f03305787d7981a5cc6e6cd08fe5a4ecdf99d4b48?s=96&d=mm&r=g","caption":"Contenidos El Regional"},"url":"https:\/\/elregionalvm.com.ar\/noticias-villa-maria\/author\/contenido\/"}]}},"jetpack_featured_media_url":"https:\/\/i0.wp.com\/elregionalvm.com.ar\/noticias-villa-maria\/wp-content\/uploads\/2022\/05\/WhatsApp-Image-2022-05-30-at-6.39.21-PM.jpeg?fit=1024%2C576&ssl=1","jetpack_sharing_enabled":true,"_links":{"self":[{"href":"https:\/\/elregionalvm.com.ar\/noticias-villa-maria\/wp-json\/wp\/v2\/posts\/58117","targetHints":{"allow":["GET"]}}],"collection":[{"href":"https:\/\/elregionalvm.com.ar\/noticias-villa-maria\/wp-json\/wp\/v2\/posts"}],"about":[{"href":"https:\/\/elregionalvm.com.ar\/noticias-villa-maria\/wp-json\/wp\/v2\/types\/post"}],"author":[{"embeddable":true,"href":"https:\/\/elregionalvm.com.ar\/noticias-villa-maria\/wp-json\/wp\/v2\/users\/4"}],"replies":[{"embeddable":true,"href":"https:\/\/elregionalvm.com.ar\/noticias-villa-maria\/wp-json\/wp\/v2\/comments?post=58117"}],"version-history":[{"count":1,"href":"https:\/\/elregionalvm.com.ar\/noticias-villa-maria\/wp-json\/wp\/v2\/posts\/58117\/revisions"}],"predecessor-version":[{"id":58121,"href":"https:\/\/elregionalvm.com.ar\/noticias-villa-maria\/wp-json\/wp\/v2\/posts\/58117\/revisions\/58121"}],"wp:featuredmedia":[{"embeddable":true,"href":"https:\/\/elregionalvm.com.ar\/noticias-villa-maria\/wp-json\/wp\/v2\/media\/58118"}],"wp:attachment":[{"href":"https:\/\/elregionalvm.com.ar\/noticias-villa-maria\/wp-json\/wp\/v2\/media?parent=58117"}],"wp:term":[{"taxonomy":"category","embeddable":true,"href":"https:\/\/elregionalvm.com.ar\/noticias-villa-maria\/wp-json\/wp\/v2\/categories?post=58117"},{"taxonomy":"post_tag","embeddable":true,"href":"https:\/\/elregionalvm.com.ar\/noticias-villa-maria\/wp-json\/wp\/v2\/tags?post=58117"}],"curies":[{"name":"wp","href":"https:\/\/api.w.org\/{rel}","templated":true}]}}