{"id":58122,"date":"2022-05-30T22:23:41","date_gmt":"2022-05-30T22:23:41","guid":{"rendered":"https:\/\/elregionalvm.com.ar\/noticias-villa-maria\/?p=58122"},"modified":"2022-05-30T22:23:42","modified_gmt":"2022-05-30T22:23:42","slug":"laguna-larga-dos-mujeres-fallecidas-en-un-hogar-de-ancianos","status":"publish","type":"post","link":"https:\/\/elregionalvm.com.ar\/noticias-villa-maria\/laguna-larga-dos-mujeres-fallecidas-en-un-hogar-de-ancianos\/","title":{"rendered":"Laguna Larga: dos mujeres fallecidas en un Hogar de Ancianos"},"content":{"rendered":"\n<p>07:15 hs El domingo, alrededor de las 07:15, polic\u00edas de R\u00edo Segundo recibieron el llamado de una mujer de 28 a\u00f1os, encargada de un Hogar de Ancianos de calle Irigoyen al 800 alertando de un incendio en el lugar.<\/p>\n\n\n\n<p>De inmediato se constituyeron efectivos policiales  y de bomberos logrando retirar a 19 ancianos y a la encargada. A la par de los rescates, trabajando sobre el fuego de forma urgente, lograron sofocar el incendio con la colaboraci\u00f3n de dotaciones de localidades vecinas.<\/p>\n\n\n\n<p>No obstante, en una de las habitaciones donde se habr\u00eda originado el siniestro se constat\u00f3 el deceso de dos femeninas de 82 y 86 a\u00f1os.<\/p>\n\n\n\n<p>Se remiti\u00f3 todo lo actuado a disposici\u00f3n de la Fiscal\u00eda interviniente , ordenando la consigna Policial y la presencia del gabinete t\u00e9cnico de Polic\u00eda Judicial. Asimismo las primeras versiones indicar\u00edan que el siniestro se habr\u00eda originado por un desperfecto en un calefactor, lo cual estar\u00eda en materia de investigaci\u00f3n.<\/p>\n\n\n\n<p>Se asisti\u00f3 al resto de los presentes con los servicios de Emergencias y se los traslado primeramente al nosocomio local en buen estado de salud aparentemente y al aguardo de una evoluci\u00f3n favorable.<\/p>\n","protected":false},"excerpt":{"rendered":"<p>07:15 hs El domingo, alrededor de las 07:15, polic\u00edas de R\u00edo Segundo recibieron el llamado de una mujer de 28 a\u00f1os, encargada de un Hogar de Ancianos de calle Irigoyen al 800 alertando de un incendio en el lugar. De inmediato se constituyeron efectivos policiales y de bomberos logrando retirar a 19 ancianos y a [&hellip;]<\/p>\n","protected":false},"author":4,"featured_media":58123,"comment_status":"open","ping_status":"open","sticky":false,"template":"","format":"standard","meta":{"site-sidebar-layout":"default","site-content-layout":"","ast-site-content-layout":"default","site-content-style":"default","site-sidebar-style":"default","ast-global-header-display":"","ast-banner-title-visibility":"","ast-main-header-display":"","ast-hfb-above-header-display":"","ast-hfb-below-header-display":"","ast-hfb-mobile-header-display":"","site-post-title":"","ast-breadcrumbs-content":"","ast-featured-img":"","footer-sml-layout":"","ast-disable-related-posts":"","theme-transparent-header-meta":"","adv-header-id-meta":"","stick-header-meta":"","header-above-stick-meta":"","header-main-stick-meta":"","header-below-stick-meta":"","astra-migrate-meta-layouts":"default","ast-page-background-enabled":"default","ast-page-background-meta":{"desktop":{"background-color":"","background-image":"","background-repeat":"repeat","background-position":"center center","background-size":"auto","background-attachment":"scroll","background-type":"","background-media":"","overlay-type":"","overlay-color":"","overlay-opacity":"","overlay-gradient":""},"tablet":{"background-color":"","background-image":"","background-repeat":"repeat","background-position":"center center","background-size":"auto","background-attachment":"scroll","background-type":"","background-media":"","overlay-type":"","overlay-color":"","overlay-opacity":"","overlay-gradient":""},"mobile":{"background-color":"","background-image":"","background-repeat":"repeat","background-position":"center center","background-size":"auto","background-attachment":"scroll","background-type":"","background-media":"","overlay-type":"","overlay-color":"","overlay-opacity":"","overlay-gradient":""}},"ast-content-background-meta":{"desktop":{"background-color":"var(--ast-global-color-5)","background-image":"","background-repeat":"repeat","background-position":"center center","background-size":"auto","background-attachment":"scroll","background-type":"","background-media":"","overlay-type":"","overlay-color":"","overlay-opacity":"","overlay-gradient":""},"tablet":{"background-color":"var(--ast-global-color-5)","background-image":"","background-repeat":"repeat","background-position":"center center","background-size":"auto","background-attachment":"scroll","background-type":"","background-media":"","overlay-type":"","overlay-color":"","overlay-opacity":"","overlay-gradient":""},"mobile":{"background-color":"var(--ast-global-color-5)","background-image":"","background-repeat":"repeat","background-position":"center center","background-size":"auto","background-attachment":"scroll","background-type":"","background-media":"","overlay-type":"","overlay-color":"","overlay-opacity":"","overlay-gradient":""}},"_jetpack_memberships_contains_paid_content":false,"_joinchat":[],"footnotes":""},"categories":[15302,2091],"tags":[1343,10068,1317,1487,14941,353,15761,15760],"class_list":["post-58122","post","type-post","status-publish","format-standard","has-post-thumbnail","hentry","category-destacado","category-region","tag-bomberos","tag-dos-mujeres-fallecidas","tag-hogar-de-ancianos","tag-incendio","tag-laguna-larga","tag-policia","tag-posible-falla-calefaccion","tag-tragico-incendio"],"yoast_head":"<!-- This site is optimized with the Yoast SEO plugin v26.8 - https:\/\/yoast.com\/product\/yoast-seo-wordpress\/ -->\n<title>Laguna Larga: dos mujeres fallecidas en un Hogar de Ancianos - El Regional<\/title>\n<meta name=\"robots\" content=\"index, follow, max-snippet:-1, max-image-preview:large, max-video-preview:-1\" \/>\n<link rel=\"canonical\" href=\"http:\/\/elregionalvm.com.ar\/noticias-villa-maria\/laguna-larga-dos-mujeres-fallecidas-en-un-hogar-de-ancianos\/\" \/>\n<meta property=\"og:locale\" content=\"es_ES\" \/>\n<meta property=\"og:type\" content=\"article\" \/>\n<meta property=\"og:title\" content=\"Laguna Larga: dos mujeres fallecidas en un Hogar de Ancianos - El Regional\" \/>\n<meta property=\"og:description\" content=\"07:15 hs El domingo, alrededor de las 07:15, polic\u00edas de R\u00edo Segundo recibieron el llamado de una mujer de 28 a\u00f1os, encargada de un Hogar de Ancianos de calle Irigoyen al 800 alertando de un incendio en el lugar. De inmediato se constituyeron efectivos policiales y de bomberos logrando retirar a 19 ancianos y a [&hellip;]\" \/>\n<meta property=\"og:url\" content=\"http:\/\/elregionalvm.com.ar\/noticias-villa-maria\/laguna-larga-dos-mujeres-fallecidas-en-un-hogar-de-ancianos\/\" \/>\n<meta property=\"og:site_name\" content=\"El Regional\" \/>\n<meta property=\"article:publisher\" content=\"https:\/\/www.facebook.com\/elregionalvm\" \/>\n<meta property=\"article:published_time\" content=\"2022-05-30T22:23:41+00:00\" \/>\n<meta property=\"article:modified_time\" content=\"2022-05-30T22:23:42+00:00\" \/>\n<meta property=\"og:image\" content=\"http:\/\/elregionalvm.com.ar\/noticias-villa-maria\/wp-content\/uploads\/2022\/05\/WhatsApp-Image-2022-05-29-at-11.10.22-AM.jpeg\" \/>\n\t<meta property=\"og:image:width\" content=\"1600\" \/>\n\t<meta property=\"og:image:height\" content=\"1200\" \/>\n\t<meta property=\"og:image:type\" content=\"image\/jpeg\" \/>\n<meta name=\"author\" content=\"Contenidos El Regional\" \/>\n<meta name=\"twitter:card\" content=\"summary_large_image\" \/>\n<meta name=\"twitter:creator\" content=\"@elregionalvm1\" \/>\n<meta name=\"twitter:site\" content=\"@elregionalvm1\" \/>\n<meta name=\"twitter:label1\" content=\"Escrito por\" \/>\n\t<meta name=\"twitter:data1\" content=\"Contenidos El Regional\" \/>\n\t<meta name=\"twitter:label2\" content=\"Tiempo de lectura\" \/>\n\t<meta name=\"twitter:data2\" content=\"1 minuto\" \/>\n<script type=\"application\/ld+json\" class=\"yoast-schema-graph\">{\"@context\":\"https:\/\/schema.org\",\"@graph\":[{\"@type\":\"Article\",\"@id\":\"http:\/\/elregionalvm.com.ar\/noticias-villa-maria\/laguna-larga-dos-mujeres-fallecidas-en-un-hogar-de-ancianos\/#article\",\"isPartOf\":{\"@id\":\"http:\/\/elregionalvm.com.ar\/noticias-villa-maria\/laguna-larga-dos-mujeres-fallecidas-en-un-hogar-de-ancianos\/\"},\"author\":{\"name\":\"Contenidos El Regional\",\"@id\":\"http:\/\/elregionalvm.com.ar\/noticias-villa-maria\/#\/schema\/person\/a0fb9c422317faca23d50163151bc354\"},\"headline\":\"Laguna Larga: dos mujeres fallecidas en un Hogar de Ancianos\",\"datePublished\":\"2022-05-30T22:23:41+00:00\",\"dateModified\":\"2022-05-30T22:23:42+00:00\",\"mainEntityOfPage\":{\"@id\":\"http:\/\/elregionalvm.com.ar\/noticias-villa-maria\/laguna-larga-dos-mujeres-fallecidas-en-un-hogar-de-ancianos\/\"},\"wordCount\":206,\"commentCount\":0,\"image\":{\"@id\":\"http:\/\/elregionalvm.com.ar\/noticias-villa-maria\/laguna-larga-dos-mujeres-fallecidas-en-un-hogar-de-ancianos\/#primaryimage\"},\"thumbnailUrl\":\"https:\/\/i0.wp.com\/elregionalvm.com.ar\/noticias-villa-maria\/wp-content\/uploads\/2022\/05\/WhatsApp-Image-2022-05-29-at-11.10.22-AM.jpeg?fit=1600%2C1200&ssl=1\",\"keywords\":[\"Bomberos\",\"dos mujeres fallecidas\",\"Hogar de ancianos\",\"Incendio\",\"Laguna Larga\",\"polic\u00eda\",\"posible falla calefacci\u00f3n\",\"tr\u00e1gico incendio\"],\"articleSection\":[\"destacado\",\"Regi\u00f3n\"],\"inLanguage\":\"es\",\"potentialAction\":[{\"@type\":\"CommentAction\",\"name\":\"Comment\",\"target\":[\"http:\/\/elregionalvm.com.ar\/noticias-villa-maria\/laguna-larga-dos-mujeres-fallecidas-en-un-hogar-de-ancianos\/#respond\"]}]},{\"@type\":\"WebPage\",\"@id\":\"http:\/\/elregionalvm.com.ar\/noticias-villa-maria\/laguna-larga-dos-mujeres-fallecidas-en-un-hogar-de-ancianos\/\",\"url\":\"http:\/\/elregionalvm.com.ar\/noticias-villa-maria\/laguna-larga-dos-mujeres-fallecidas-en-un-hogar-de-ancianos\/\",\"name\":\"Laguna Larga: dos mujeres fallecidas en un Hogar de Ancianos - El Regional\",\"isPartOf\":{\"@id\":\"http:\/\/elregionalvm.com.ar\/noticias-villa-maria\/#website\"},\"primaryImageOfPage\":{\"@id\":\"http:\/\/elregionalvm.com.ar\/noticias-villa-maria\/laguna-larga-dos-mujeres-fallecidas-en-un-hogar-de-ancianos\/#primaryimage\"},\"image\":{\"@id\":\"http:\/\/elregionalvm.com.ar\/noticias-villa-maria\/laguna-larga-dos-mujeres-fallecidas-en-un-hogar-de-ancianos\/#primaryimage\"},\"thumbnailUrl\":\"https:\/\/i0.wp.com\/elregionalvm.com.ar\/noticias-villa-maria\/wp-content\/uploads\/2022\/05\/WhatsApp-Image-2022-05-29-at-11.10.22-AM.jpeg?fit=1600%2C1200&ssl=1\",\"datePublished\":\"2022-05-30T22:23:41+00:00\",\"dateModified\":\"2022-05-30T22:23:42+00:00\",\"author\":{\"@id\":\"http:\/\/elregionalvm.com.ar\/noticias-villa-maria\/#\/schema\/person\/a0fb9c422317faca23d50163151bc354\"},\"breadcrumb\":{\"@id\":\"http:\/\/elregionalvm.com.ar\/noticias-villa-maria\/laguna-larga-dos-mujeres-fallecidas-en-un-hogar-de-ancianos\/#breadcrumb\"},\"inLanguage\":\"es\",\"potentialAction\":[{\"@type\":\"ReadAction\",\"target\":[\"http:\/\/elregionalvm.com.ar\/noticias-villa-maria\/laguna-larga-dos-mujeres-fallecidas-en-un-hogar-de-ancianos\/\"]}]},{\"@type\":\"ImageObject\",\"inLanguage\":\"es\",\"@id\":\"http:\/\/elregionalvm.com.ar\/noticias-villa-maria\/laguna-larga-dos-mujeres-fallecidas-en-un-hogar-de-ancianos\/#primaryimage\",\"url\":\"https:\/\/i0.wp.com\/elregionalvm.com.ar\/noticias-villa-maria\/wp-content\/uploads\/2022\/05\/WhatsApp-Image-2022-05-29-at-11.10.22-AM.jpeg?fit=1600%2C1200&ssl=1\",\"contentUrl\":\"https:\/\/i0.wp.com\/elregionalvm.com.ar\/noticias-villa-maria\/wp-content\/uploads\/2022\/05\/WhatsApp-Image-2022-05-29-at-11.10.22-AM.jpeg?fit=1600%2C1200&ssl=1\",\"width\":1600,\"height\":1200},{\"@type\":\"BreadcrumbList\",\"@id\":\"http:\/\/elregionalvm.com.ar\/noticias-villa-maria\/laguna-larga-dos-mujeres-fallecidas-en-un-hogar-de-ancianos\/#breadcrumb\",\"itemListElement\":[{\"@type\":\"ListItem\",\"position\":1,\"name\":\"Portada\",\"item\":\"https:\/\/elregionalvm.com.ar\/noticias-villa-maria\/\"},{\"@type\":\"ListItem\",\"position\":2,\"name\":\"Laguna Larga: dos mujeres fallecidas en un Hogar de Ancianos\"}]},{\"@type\":\"WebSite\",\"@id\":\"http:\/\/elregionalvm.com.ar\/noticias-villa-maria\/#website\",\"url\":\"http:\/\/elregionalvm.com.ar\/noticias-villa-maria\/\",\"name\":\"El Regional\",\"description\":\"Mucho m\u00e1s que informaci\u00f3n\",\"potentialAction\":[{\"@type\":\"SearchAction\",\"target\":{\"@type\":\"EntryPoint\",\"urlTemplate\":\"http:\/\/elregionalvm.com.ar\/noticias-villa-maria\/?s={search_term_string}\"},\"query-input\":{\"@type\":\"PropertyValueSpecification\",\"valueRequired\":true,\"valueName\":\"search_term_string\"}}],\"inLanguage\":\"es\"},{\"@type\":\"Person\",\"@id\":\"http:\/\/elregionalvm.com.ar\/noticias-villa-maria\/#\/schema\/person\/a0fb9c422317faca23d50163151bc354\",\"name\":\"Contenidos El Regional\",\"image\":{\"@type\":\"ImageObject\",\"inLanguage\":\"es\",\"@id\":\"http:\/\/elregionalvm.com.ar\/noticias-villa-maria\/#\/schema\/person\/image\/\",\"url\":\"https:\/\/secure.gravatar.com\/avatar\/265b27cb2209af7bb3a1318f03305787d7981a5cc6e6cd08fe5a4ecdf99d4b48?s=96&d=mm&r=g\",\"contentUrl\":\"https:\/\/secure.gravatar.com\/avatar\/265b27cb2209af7bb3a1318f03305787d7981a5cc6e6cd08fe5a4ecdf99d4b48?s=96&d=mm&r=g\",\"caption\":\"Contenidos El Regional\"},\"url\":\"https:\/\/elregionalvm.com.ar\/noticias-villa-maria\/author\/contenido\/\"}]}<\/script>\n<!-- \/ Yoast SEO plugin. -->","yoast_head_json":{"title":"Laguna Larga: dos mujeres fallecidas en un Hogar de Ancianos - El Regional","robots":{"index":"index","follow":"follow","max-snippet":"max-snippet:-1","max-image-preview":"max-image-preview:large","max-video-preview":"max-video-preview:-1"},"canonical":"http:\/\/elregionalvm.com.ar\/noticias-villa-maria\/laguna-larga-dos-mujeres-fallecidas-en-un-hogar-de-ancianos\/","og_locale":"es_ES","og_type":"article","og_title":"Laguna Larga: dos mujeres fallecidas en un Hogar de Ancianos - El Regional","og_description":"07:15 hs El domingo, alrededor de las 07:15, polic\u00edas de R\u00edo Segundo recibieron el llamado de una mujer de 28 a\u00f1os, encargada de un Hogar de Ancianos de calle Irigoyen al 800 alertando de un incendio en el lugar. De inmediato se constituyeron efectivos policiales y de bomberos logrando retirar a 19 ancianos y a [&hellip;]","og_url":"http:\/\/elregionalvm.com.ar\/noticias-villa-maria\/laguna-larga-dos-mujeres-fallecidas-en-un-hogar-de-ancianos\/","og_site_name":"El Regional","article_publisher":"https:\/\/www.facebook.com\/elregionalvm","article_published_time":"2022-05-30T22:23:41+00:00","article_modified_time":"2022-05-30T22:23:42+00:00","og_image":[{"width":1600,"height":1200,"url":"http:\/\/elregionalvm.com.ar\/noticias-villa-maria\/wp-content\/uploads\/2022\/05\/WhatsApp-Image-2022-05-29-at-11.10.22-AM.jpeg","type":"image\/jpeg"}],"author":"Contenidos El Regional","twitter_card":"summary_large_image","twitter_creator":"@elregionalvm1","twitter_site":"@elregionalvm1","twitter_misc":{"Escrito por":"Contenidos El Regional","Tiempo de lectura":"1 minuto"},"schema":{"@context":"https:\/\/schema.org","@graph":[{"@type":"Article","@id":"http:\/\/elregionalvm.com.ar\/noticias-villa-maria\/laguna-larga-dos-mujeres-fallecidas-en-un-hogar-de-ancianos\/#article","isPartOf":{"@id":"http:\/\/elregionalvm.com.ar\/noticias-villa-maria\/laguna-larga-dos-mujeres-fallecidas-en-un-hogar-de-ancianos\/"},"author":{"name":"Contenidos El Regional","@id":"http:\/\/elregionalvm.com.ar\/noticias-villa-maria\/#\/schema\/person\/a0fb9c422317faca23d50163151bc354"},"headline":"Laguna Larga: dos mujeres fallecidas en un Hogar de Ancianos","datePublished":"2022-05-30T22:23:41+00:00","dateModified":"2022-05-30T22:23:42+00:00","mainEntityOfPage":{"@id":"http:\/\/elregionalvm.com.ar\/noticias-villa-maria\/laguna-larga-dos-mujeres-fallecidas-en-un-hogar-de-ancianos\/"},"wordCount":206,"commentCount":0,"image":{"@id":"http:\/\/elregionalvm.com.ar\/noticias-villa-maria\/laguna-larga-dos-mujeres-fallecidas-en-un-hogar-de-ancianos\/#primaryimage"},"thumbnailUrl":"https:\/\/i0.wp.com\/elregionalvm.com.ar\/noticias-villa-maria\/wp-content\/uploads\/2022\/05\/WhatsApp-Image-2022-05-29-at-11.10.22-AM.jpeg?fit=1600%2C1200&ssl=1","keywords":["Bomberos","dos mujeres fallecidas","Hogar de ancianos","Incendio","Laguna Larga","polic\u00eda","posible falla calefacci\u00f3n","tr\u00e1gico incendio"],"articleSection":["destacado","Regi\u00f3n"],"inLanguage":"es","potentialAction":[{"@type":"CommentAction","name":"Comment","target":["http:\/\/elregionalvm.com.ar\/noticias-villa-maria\/laguna-larga-dos-mujeres-fallecidas-en-un-hogar-de-ancianos\/#respond"]}]},{"@type":"WebPage","@id":"http:\/\/elregionalvm.com.ar\/noticias-villa-maria\/laguna-larga-dos-mujeres-fallecidas-en-un-hogar-de-ancianos\/","url":"http:\/\/elregionalvm.com.ar\/noticias-villa-maria\/laguna-larga-dos-mujeres-fallecidas-en-un-hogar-de-ancianos\/","name":"Laguna Larga: dos mujeres fallecidas en un Hogar de Ancianos - El Regional","isPartOf":{"@id":"http:\/\/elregionalvm.com.ar\/noticias-villa-maria\/#website"},"primaryImageOfPage":{"@id":"http:\/\/elregionalvm.com.ar\/noticias-villa-maria\/laguna-larga-dos-mujeres-fallecidas-en-un-hogar-de-ancianos\/#primaryimage"},"image":{"@id":"http:\/\/elregionalvm.com.ar\/noticias-villa-maria\/laguna-larga-dos-mujeres-fallecidas-en-un-hogar-de-ancianos\/#primaryimage"},"thumbnailUrl":"https:\/\/i0.wp.com\/elregionalvm.com.ar\/noticias-villa-maria\/wp-content\/uploads\/2022\/05\/WhatsApp-Image-2022-05-29-at-11.10.22-AM.jpeg?fit=1600%2C1200&ssl=1","datePublished":"2022-05-30T22:23:41+00:00","dateModified":"2022-05-30T22:23:42+00:00","author":{"@id":"http:\/\/elregionalvm.com.ar\/noticias-villa-maria\/#\/schema\/person\/a0fb9c422317faca23d50163151bc354"},"breadcrumb":{"@id":"http:\/\/elregionalvm.com.ar\/noticias-villa-maria\/laguna-larga-dos-mujeres-fallecidas-en-un-hogar-de-ancianos\/#breadcrumb"},"inLanguage":"es","potentialAction":[{"@type":"ReadAction","target":["http:\/\/elregionalvm.com.ar\/noticias-villa-maria\/laguna-larga-dos-mujeres-fallecidas-en-un-hogar-de-ancianos\/"]}]},{"@type":"ImageObject","inLanguage":"es","@id":"http:\/\/elregionalvm.com.ar\/noticias-villa-maria\/laguna-larga-dos-mujeres-fallecidas-en-un-hogar-de-ancianos\/#primaryimage","url":"https:\/\/i0.wp.com\/elregionalvm.com.ar\/noticias-villa-maria\/wp-content\/uploads\/2022\/05\/WhatsApp-Image-2022-05-29-at-11.10.22-AM.jpeg?fit=1600%2C1200&ssl=1","contentUrl":"https:\/\/i0.wp.com\/elregionalvm.com.ar\/noticias-villa-maria\/wp-content\/uploads\/2022\/05\/WhatsApp-Image-2022-05-29-at-11.10.22-AM.jpeg?fit=1600%2C1200&ssl=1","width":1600,"height":1200},{"@type":"BreadcrumbList","@id":"http:\/\/elregionalvm.com.ar\/noticias-villa-maria\/laguna-larga-dos-mujeres-fallecidas-en-un-hogar-de-ancianos\/#breadcrumb","itemListElement":[{"@type":"ListItem","position":1,"name":"Portada","item":"https:\/\/elregionalvm.com.ar\/noticias-villa-maria\/"},{"@type":"ListItem","position":2,"name":"Laguna Larga: dos mujeres fallecidas en un Hogar de Ancianos"}]},{"@type":"WebSite","@id":"http:\/\/elregionalvm.com.ar\/noticias-villa-maria\/#website","url":"http:\/\/elregionalvm.com.ar\/noticias-villa-maria\/","name":"El Regional","description":"Mucho m\u00e1s que informaci\u00f3n","potentialAction":[{"@type":"SearchAction","target":{"@type":"EntryPoint","urlTemplate":"http:\/\/elregionalvm.com.ar\/noticias-villa-maria\/?s={search_term_string}"},"query-input":{"@type":"PropertyValueSpecification","valueRequired":true,"valueName":"search_term_string"}}],"inLanguage":"es"},{"@type":"Person","@id":"http:\/\/elregionalvm.com.ar\/noticias-villa-maria\/#\/schema\/person\/a0fb9c422317faca23d50163151bc354","name":"Contenidos El Regional","image":{"@type":"ImageObject","inLanguage":"es","@id":"http:\/\/elregionalvm.com.ar\/noticias-villa-maria\/#\/schema\/person\/image\/","url":"https:\/\/secure.gravatar.com\/avatar\/265b27cb2209af7bb3a1318f03305787d7981a5cc6e6cd08fe5a4ecdf99d4b48?s=96&d=mm&r=g","contentUrl":"https:\/\/secure.gravatar.com\/avatar\/265b27cb2209af7bb3a1318f03305787d7981a5cc6e6cd08fe5a4ecdf99d4b48?s=96&d=mm&r=g","caption":"Contenidos El Regional"},"url":"https:\/\/elregionalvm.com.ar\/noticias-villa-maria\/author\/contenido\/"}]}},"jetpack_featured_media_url":"https:\/\/i0.wp.com\/elregionalvm.com.ar\/noticias-villa-maria\/wp-content\/uploads\/2022\/05\/WhatsApp-Image-2022-05-29-at-11.10.22-AM.jpeg?fit=1600%2C1200&ssl=1","jetpack_sharing_enabled":true,"_links":{"self":[{"href":"https:\/\/elregionalvm.com.ar\/noticias-villa-maria\/wp-json\/wp\/v2\/posts\/58122","targetHints":{"allow":["GET"]}}],"collection":[{"href":"https:\/\/elregionalvm.com.ar\/noticias-villa-maria\/wp-json\/wp\/v2\/posts"}],"about":[{"href":"https:\/\/elregionalvm.com.ar\/noticias-villa-maria\/wp-json\/wp\/v2\/types\/post"}],"author":[{"embeddable":true,"href":"https:\/\/elregionalvm.com.ar\/noticias-villa-maria\/wp-json\/wp\/v2\/users\/4"}],"replies":[{"embeddable":true,"href":"https:\/\/elregionalvm.com.ar\/noticias-villa-maria\/wp-json\/wp\/v2\/comments?post=58122"}],"version-history":[{"count":1,"href":"https:\/\/elregionalvm.com.ar\/noticias-villa-maria\/wp-json\/wp\/v2\/posts\/58122\/revisions"}],"predecessor-version":[{"id":58124,"href":"https:\/\/elregionalvm.com.ar\/noticias-villa-maria\/wp-json\/wp\/v2\/posts\/58122\/revisions\/58124"}],"wp:featuredmedia":[{"embeddable":true,"href":"https:\/\/elregionalvm.com.ar\/noticias-villa-maria\/wp-json\/wp\/v2\/media\/58123"}],"wp:attachment":[{"href":"https:\/\/elregionalvm.com.ar\/noticias-villa-maria\/wp-json\/wp\/v2\/media?parent=58122"}],"wp:term":[{"taxonomy":"category","embeddable":true,"href":"https:\/\/elregionalvm.com.ar\/noticias-villa-maria\/wp-json\/wp\/v2\/categories?post=58122"},{"taxonomy":"post_tag","embeddable":true,"href":"https:\/\/elregionalvm.com.ar\/noticias-villa-maria\/wp-json\/wp\/v2\/tags?post=58122"}],"curies":[{"name":"wp","href":"https:\/\/api.w.org\/{rel}","templated":true}]}}