{"id":58332,"date":"2022-06-03T12:51:43","date_gmt":"2022-06-03T12:51:43","guid":{"rendered":"https:\/\/elregionalvm.com.ar\/noticias-villa-maria\/?p=58332"},"modified":"2022-06-03T18:49:45","modified_gmt":"2022-06-03T18:49:45","slug":"denuncian-abandono-de-perros-la-vida-es-un-boomerang","status":"publish","type":"post","link":"https:\/\/elregionalvm.com.ar\/noticias-villa-maria\/denuncian-abandono-de-perros-la-vida-es-un-boomerang\/","title":{"rendered":"Denuncian abandono de perros: La vida es un boomerang"},"content":{"rendered":"\n<p>El mi\u00e9rcoles al mediod\u00eda, en el sem\u00e1foro del cruce de v\u00edas de Bv. V\u00e9lez Sarsfield casi esquina Alem (Villa Mar\u00eda), un se\u00f1or, sin ning\u00fan tipo de inhibici\u00f3n, abri\u00f3 la puerta del lado del acompa\u00f1ante de su Fiorino Gris, baj\u00f3 una perrita y sigui\u00f3 su marcha, ante la mirada at\u00f3nita de unos cuantos que est\u00e1bamos ah\u00ed. Cuando pude reaccionar, saqu\u00e9 la foto. Se estaba yendo. La perra qued\u00f3 en la calle, desorientada, asustada por el tr\u00e1fico, daba vueltas tratando de seguir el rastro del olor del auto. Estaba sola y en peligro.<\/p>\n\n\n\n<div class=\"wp-block-image\"><figure class=\"aligncenter size-full\"><img data-recalc-dims=\"1\" fetchpriority=\"high\" decoding=\"async\" width=\"446\" height=\"399\" src=\"https:\/\/i0.wp.com\/elregionalvm.com.ar\/noticias-villa-maria\/wp-content\/uploads\/2022\/06\/284906588_10228912493537019_6723903785119771919_n.jpg?resize=446%2C399&#038;ssl=1\" alt=\"\" class=\"wp-image-58338\" srcset=\"https:\/\/i0.wp.com\/elregionalvm.com.ar\/noticias-villa-maria\/wp-content\/uploads\/2022\/06\/284906588_10228912493537019_6723903785119771919_n.jpg?w=446&amp;ssl=1 446w, https:\/\/i0.wp.com\/elregionalvm.com.ar\/noticias-villa-maria\/wp-content\/uploads\/2022\/06\/284906588_10228912493537019_6723903785119771919_n.jpg?resize=300%2C268&amp;ssl=1 300w\" sizes=\"(max-width: 446px) 100vw, 446px\" \/><\/figure><\/div>\n\n\n\n<p>Ahora est\u00e1 en mi casa, pero no puedo adoptarla. Si alguien tiene ganas de sumar una amistad incondicional a su vida, escr\u00edbame <a href=\"https:\/\/www.facebook.com\/anabela.rubiolo\" target=\"_blank\" rel=\"noreferrer noopener\">por privado (clic aqu\u00ed)<\/a> . Quien la adopte, contar\u00e1 con nuestra ayuda para la esterilizaci\u00f3n. Es super juguetona y obediente, tama\u00f1o chico. No es cachorra, pero no tiene una edad avanzada tampoco. Es adolescente, pong\u00e1mosle\u2026 <\/p>\n\n\n\n<p>Hasta ac\u00e1 pudimos ver que se lleva perfecto con mis perros (hembra y macho), con los de los vecinos, y con los humanos de la casa, (ni\u00f1xs y no tan ni\u00f1xs). Por favor, ay\u00fadenme compartiendo la publicaci\u00f3n. <\/p>\n\n\n\n<p><em>P\/D: Si el se\u00f1or de la Fiorino lee esto: La vida es un boomerang.<\/em><\/p>\n\n\n\n<p><strong>Para adoparla comunicate con Anabela Rubiolo, 3584821932<\/strong><\/p>\n","protected":false},"excerpt":{"rendered":"<p>El mi\u00e9rcoles al mediod\u00eda, en el sem\u00e1foro del cruce de v\u00edas de Bv. V\u00e9lez Sarsfield casi esquina Alem (Villa Mar\u00eda), un se\u00f1or, sin ning\u00fan tipo de inhibici\u00f3n, abri\u00f3 la puerta del lado del acompa\u00f1ante de su Fiorino Gris, baj\u00f3 una perrita y sigui\u00f3 su marcha, ante la mirada at\u00f3nita de unos cuantos que est\u00e1bamos ah\u00ed. [&hellip;]<\/p>\n","protected":false},"author":4,"featured_media":58335,"comment_status":"open","ping_status":"open","sticky":false,"template":"","format":"standard","meta":{"site-sidebar-layout":"default","site-content-layout":"","ast-site-content-layout":"default","site-content-style":"default","site-sidebar-style":"default","ast-global-header-display":"","ast-banner-title-visibility":"","ast-main-header-display":"","ast-hfb-above-header-display":"","ast-hfb-below-header-display":"","ast-hfb-mobile-header-display":"","site-post-title":"","ast-breadcrumbs-content":"","ast-featured-img":"","footer-sml-layout":"","ast-disable-related-posts":"","theme-transparent-header-meta":"","adv-header-id-meta":"","stick-header-meta":"","header-above-stick-meta":"","header-main-stick-meta":"","header-below-stick-meta":"","astra-migrate-meta-layouts":"default","ast-page-background-enabled":"default","ast-page-background-meta":{"desktop":{"background-color":"","background-image":"","background-repeat":"repeat","background-position":"center center","background-size":"auto","background-attachment":"scroll","background-type":"","background-media":"","overlay-type":"","overlay-color":"","overlay-opacity":"","overlay-gradient":""},"tablet":{"background-color":"","background-image":"","background-repeat":"repeat","background-position":"center center","background-size":"auto","background-attachment":"scroll","background-type":"","background-media":"","overlay-type":"","overlay-color":"","overlay-opacity":"","overlay-gradient":""},"mobile":{"background-color":"","background-image":"","background-repeat":"repeat","background-position":"center center","background-size":"auto","background-attachment":"scroll","background-type":"","background-media":"","overlay-type":"","overlay-color":"","overlay-opacity":"","overlay-gradient":""}},"ast-content-background-meta":{"desktop":{"background-color":"var(--ast-global-color-5)","background-image":"","background-repeat":"repeat","background-position":"center center","background-size":"auto","background-attachment":"scroll","background-type":"","background-media":"","overlay-type":"","overlay-color":"","overlay-opacity":"","overlay-gradient":""},"tablet":{"background-color":"var(--ast-global-color-5)","background-image":"","background-repeat":"repeat","background-position":"center center","background-size":"auto","background-attachment":"scroll","background-type":"","background-media":"","overlay-type":"","overlay-color":"","overlay-opacity":"","overlay-gradient":""},"mobile":{"background-color":"var(--ast-global-color-5)","background-image":"","background-repeat":"repeat","background-position":"center center","background-size":"auto","background-attachment":"scroll","background-type":"","background-media":"","overlay-type":"","overlay-color":"","overlay-opacity":"","overlay-gradient":""}},"_jetpack_memberships_contains_paid_content":false,"_joinchat":[],"footnotes":""},"categories":[15302,1,5],"tags":[14223],"class_list":["post-58332","post","type-post","status-publish","format-standard","has-post-thumbnail","hentry","category-destacado","category-sin-categoria","category-sociedad","tag-abandono"],"yoast_head":"<!-- This site is optimized with the Yoast SEO plugin v26.8 - https:\/\/yoast.com\/product\/yoast-seo-wordpress\/ -->\n<title>Denuncian abandono de perros: La vida es un boomerang - El Regional<\/title>\n<meta name=\"robots\" content=\"index, follow, max-snippet:-1, max-image-preview:large, max-video-preview:-1\" \/>\n<link rel=\"canonical\" href=\"http:\/\/elregionalvm.com.ar\/noticias-villa-maria\/denuncian-abandono-de-perros-la-vida-es-un-boomerang\/\" \/>\n<meta property=\"og:locale\" content=\"es_ES\" \/>\n<meta property=\"og:type\" content=\"article\" \/>\n<meta property=\"og:title\" content=\"Denuncian abandono de perros: La vida es un boomerang - El Regional\" \/>\n<meta property=\"og:description\" content=\"El mi\u00e9rcoles al mediod\u00eda, en el sem\u00e1foro del cruce de v\u00edas de Bv. V\u00e9lez Sarsfield casi esquina Alem (Villa Mar\u00eda), un se\u00f1or, sin ning\u00fan tipo de inhibici\u00f3n, abri\u00f3 la puerta del lado del acompa\u00f1ante de su Fiorino Gris, baj\u00f3 una perrita y sigui\u00f3 su marcha, ante la mirada at\u00f3nita de unos cuantos que est\u00e1bamos ah\u00ed. [&hellip;]\" \/>\n<meta property=\"og:url\" content=\"http:\/\/elregionalvm.com.ar\/noticias-villa-maria\/denuncian-abandono-de-perros-la-vida-es-un-boomerang\/\" \/>\n<meta property=\"og:site_name\" content=\"El Regional\" \/>\n<meta property=\"article:publisher\" content=\"https:\/\/www.facebook.com\/elregionalvm\" \/>\n<meta property=\"article:published_time\" content=\"2022-06-03T12:51:43+00:00\" \/>\n<meta property=\"article:modified_time\" content=\"2022-06-03T18:49:45+00:00\" \/>\n<meta property=\"og:image\" content=\"http:\/\/elregionalvm.com.ar\/noticias-villa-maria\/wp-content\/uploads\/2022\/06\/285309758_10228912494497043_6781786848617451613_n.jpg\" \/>\n\t<meta property=\"og:image:width\" content=\"1000\" \/>\n\t<meta property=\"og:image:height\" content=\"1000\" \/>\n\t<meta property=\"og:image:type\" content=\"image\/jpeg\" \/>\n<meta name=\"author\" content=\"Contenidos El Regional\" \/>\n<meta name=\"twitter:card\" content=\"summary_large_image\" \/>\n<meta name=\"twitter:creator\" content=\"@elregionalvm1\" \/>\n<meta name=\"twitter:site\" content=\"@elregionalvm1\" \/>\n<meta name=\"twitter:label1\" content=\"Escrito por\" \/>\n\t<meta name=\"twitter:data1\" content=\"Contenidos El Regional\" \/>\n\t<meta name=\"twitter:label2\" content=\"Tiempo de lectura\" \/>\n\t<meta name=\"twitter:data2\" content=\"2 minutos\" \/>\n<script type=\"application\/ld+json\" class=\"yoast-schema-graph\">{\"@context\":\"https:\/\/schema.org\",\"@graph\":[{\"@type\":\"Article\",\"@id\":\"http:\/\/elregionalvm.com.ar\/noticias-villa-maria\/denuncian-abandono-de-perros-la-vida-es-un-boomerang\/#article\",\"isPartOf\":{\"@id\":\"http:\/\/elregionalvm.com.ar\/noticias-villa-maria\/denuncian-abandono-de-perros-la-vida-es-un-boomerang\/\"},\"author\":{\"name\":\"Contenidos El Regional\",\"@id\":\"http:\/\/elregionalvm.com.ar\/noticias-villa-maria\/#\/schema\/person\/a0fb9c422317faca23d50163151bc354\"},\"headline\":\"Denuncian abandono de perros: La vida es un boomerang\",\"datePublished\":\"2022-06-03T12:51:43+00:00\",\"dateModified\":\"2022-06-03T18:49:45+00:00\",\"mainEntityOfPage\":{\"@id\":\"http:\/\/elregionalvm.com.ar\/noticias-villa-maria\/denuncian-abandono-de-perros-la-vida-es-un-boomerang\/\"},\"wordCount\":236,\"commentCount\":0,\"image\":{\"@id\":\"http:\/\/elregionalvm.com.ar\/noticias-villa-maria\/denuncian-abandono-de-perros-la-vida-es-un-boomerang\/#primaryimage\"},\"thumbnailUrl\":\"https:\/\/i0.wp.com\/elregionalvm.com.ar\/noticias-villa-maria\/wp-content\/uploads\/2022\/06\/285309758_10228912494497043_6781786848617451613_n.jpg?fit=1000%2C1000&ssl=1\",\"keywords\":[\"abandono\"],\"articleSection\":{\"0\":\"destacado\",\"2\":\"Sociedad\"},\"inLanguage\":\"es\",\"potentialAction\":[{\"@type\":\"CommentAction\",\"name\":\"Comment\",\"target\":[\"http:\/\/elregionalvm.com.ar\/noticias-villa-maria\/denuncian-abandono-de-perros-la-vida-es-un-boomerang\/#respond\"]}]},{\"@type\":\"WebPage\",\"@id\":\"http:\/\/elregionalvm.com.ar\/noticias-villa-maria\/denuncian-abandono-de-perros-la-vida-es-un-boomerang\/\",\"url\":\"http:\/\/elregionalvm.com.ar\/noticias-villa-maria\/denuncian-abandono-de-perros-la-vida-es-un-boomerang\/\",\"name\":\"Denuncian abandono de perros: La vida es un boomerang - El Regional\",\"isPartOf\":{\"@id\":\"http:\/\/elregionalvm.com.ar\/noticias-villa-maria\/#website\"},\"primaryImageOfPage\":{\"@id\":\"http:\/\/elregionalvm.com.ar\/noticias-villa-maria\/denuncian-abandono-de-perros-la-vida-es-un-boomerang\/#primaryimage\"},\"image\":{\"@id\":\"http:\/\/elregionalvm.com.ar\/noticias-villa-maria\/denuncian-abandono-de-perros-la-vida-es-un-boomerang\/#primaryimage\"},\"thumbnailUrl\":\"https:\/\/i0.wp.com\/elregionalvm.com.ar\/noticias-villa-maria\/wp-content\/uploads\/2022\/06\/285309758_10228912494497043_6781786848617451613_n.jpg?fit=1000%2C1000&ssl=1\",\"datePublished\":\"2022-06-03T12:51:43+00:00\",\"dateModified\":\"2022-06-03T18:49:45+00:00\",\"author\":{\"@id\":\"http:\/\/elregionalvm.com.ar\/noticias-villa-maria\/#\/schema\/person\/a0fb9c422317faca23d50163151bc354\"},\"breadcrumb\":{\"@id\":\"http:\/\/elregionalvm.com.ar\/noticias-villa-maria\/denuncian-abandono-de-perros-la-vida-es-un-boomerang\/#breadcrumb\"},\"inLanguage\":\"es\",\"potentialAction\":[{\"@type\":\"ReadAction\",\"target\":[\"http:\/\/elregionalvm.com.ar\/noticias-villa-maria\/denuncian-abandono-de-perros-la-vida-es-un-boomerang\/\"]}]},{\"@type\":\"ImageObject\",\"inLanguage\":\"es\",\"@id\":\"http:\/\/elregionalvm.com.ar\/noticias-villa-maria\/denuncian-abandono-de-perros-la-vida-es-un-boomerang\/#primaryimage\",\"url\":\"https:\/\/i0.wp.com\/elregionalvm.com.ar\/noticias-villa-maria\/wp-content\/uploads\/2022\/06\/285309758_10228912494497043_6781786848617451613_n.jpg?fit=1000%2C1000&ssl=1\",\"contentUrl\":\"https:\/\/i0.wp.com\/elregionalvm.com.ar\/noticias-villa-maria\/wp-content\/uploads\/2022\/06\/285309758_10228912494497043_6781786848617451613_n.jpg?fit=1000%2C1000&ssl=1\",\"width\":1000,\"height\":1000},{\"@type\":\"BreadcrumbList\",\"@id\":\"http:\/\/elregionalvm.com.ar\/noticias-villa-maria\/denuncian-abandono-de-perros-la-vida-es-un-boomerang\/#breadcrumb\",\"itemListElement\":[{\"@type\":\"ListItem\",\"position\":1,\"name\":\"Portada\",\"item\":\"https:\/\/elregionalvm.com.ar\/noticias-villa-maria\/\"},{\"@type\":\"ListItem\",\"position\":2,\"name\":\"Denuncian abandono de perros: La vida es un boomerang\"}]},{\"@type\":\"WebSite\",\"@id\":\"http:\/\/elregionalvm.com.ar\/noticias-villa-maria\/#website\",\"url\":\"http:\/\/elregionalvm.com.ar\/noticias-villa-maria\/\",\"name\":\"El Regional\",\"description\":\"Mucho m\u00e1s que informaci\u00f3n\",\"potentialAction\":[{\"@type\":\"SearchAction\",\"target\":{\"@type\":\"EntryPoint\",\"urlTemplate\":\"http:\/\/elregionalvm.com.ar\/noticias-villa-maria\/?s={search_term_string}\"},\"query-input\":{\"@type\":\"PropertyValueSpecification\",\"valueRequired\":true,\"valueName\":\"search_term_string\"}}],\"inLanguage\":\"es\"},{\"@type\":\"Person\",\"@id\":\"http:\/\/elregionalvm.com.ar\/noticias-villa-maria\/#\/schema\/person\/a0fb9c422317faca23d50163151bc354\",\"name\":\"Contenidos El Regional\",\"image\":{\"@type\":\"ImageObject\",\"inLanguage\":\"es\",\"@id\":\"http:\/\/elregionalvm.com.ar\/noticias-villa-maria\/#\/schema\/person\/image\/\",\"url\":\"https:\/\/secure.gravatar.com\/avatar\/265b27cb2209af7bb3a1318f03305787d7981a5cc6e6cd08fe5a4ecdf99d4b48?s=96&d=mm&r=g\",\"contentUrl\":\"https:\/\/secure.gravatar.com\/avatar\/265b27cb2209af7bb3a1318f03305787d7981a5cc6e6cd08fe5a4ecdf99d4b48?s=96&d=mm&r=g\",\"caption\":\"Contenidos El Regional\"},\"url\":\"https:\/\/elregionalvm.com.ar\/noticias-villa-maria\/author\/contenido\/\"}]}<\/script>\n<!-- \/ Yoast SEO plugin. -->","yoast_head_json":{"title":"Denuncian abandono de perros: La vida es un boomerang - El Regional","robots":{"index":"index","follow":"follow","max-snippet":"max-snippet:-1","max-image-preview":"max-image-preview:large","max-video-preview":"max-video-preview:-1"},"canonical":"http:\/\/elregionalvm.com.ar\/noticias-villa-maria\/denuncian-abandono-de-perros-la-vida-es-un-boomerang\/","og_locale":"es_ES","og_type":"article","og_title":"Denuncian abandono de perros: La vida es un boomerang - El Regional","og_description":"El mi\u00e9rcoles al mediod\u00eda, en el sem\u00e1foro del cruce de v\u00edas de Bv. V\u00e9lez Sarsfield casi esquina Alem (Villa Mar\u00eda), un se\u00f1or, sin ning\u00fan tipo de inhibici\u00f3n, abri\u00f3 la puerta del lado del acompa\u00f1ante de su Fiorino Gris, baj\u00f3 una perrita y sigui\u00f3 su marcha, ante la mirada at\u00f3nita de unos cuantos que est\u00e1bamos ah\u00ed. [&hellip;]","og_url":"http:\/\/elregionalvm.com.ar\/noticias-villa-maria\/denuncian-abandono-de-perros-la-vida-es-un-boomerang\/","og_site_name":"El Regional","article_publisher":"https:\/\/www.facebook.com\/elregionalvm","article_published_time":"2022-06-03T12:51:43+00:00","article_modified_time":"2022-06-03T18:49:45+00:00","og_image":[{"width":1000,"height":1000,"url":"http:\/\/elregionalvm.com.ar\/noticias-villa-maria\/wp-content\/uploads\/2022\/06\/285309758_10228912494497043_6781786848617451613_n.jpg","type":"image\/jpeg"}],"author":"Contenidos El Regional","twitter_card":"summary_large_image","twitter_creator":"@elregionalvm1","twitter_site":"@elregionalvm1","twitter_misc":{"Escrito por":"Contenidos El Regional","Tiempo de lectura":"2 minutos"},"schema":{"@context":"https:\/\/schema.org","@graph":[{"@type":"Article","@id":"http:\/\/elregionalvm.com.ar\/noticias-villa-maria\/denuncian-abandono-de-perros-la-vida-es-un-boomerang\/#article","isPartOf":{"@id":"http:\/\/elregionalvm.com.ar\/noticias-villa-maria\/denuncian-abandono-de-perros-la-vida-es-un-boomerang\/"},"author":{"name":"Contenidos El Regional","@id":"http:\/\/elregionalvm.com.ar\/noticias-villa-maria\/#\/schema\/person\/a0fb9c422317faca23d50163151bc354"},"headline":"Denuncian abandono de perros: La vida es un boomerang","datePublished":"2022-06-03T12:51:43+00:00","dateModified":"2022-06-03T18:49:45+00:00","mainEntityOfPage":{"@id":"http:\/\/elregionalvm.com.ar\/noticias-villa-maria\/denuncian-abandono-de-perros-la-vida-es-un-boomerang\/"},"wordCount":236,"commentCount":0,"image":{"@id":"http:\/\/elregionalvm.com.ar\/noticias-villa-maria\/denuncian-abandono-de-perros-la-vida-es-un-boomerang\/#primaryimage"},"thumbnailUrl":"https:\/\/i0.wp.com\/elregionalvm.com.ar\/noticias-villa-maria\/wp-content\/uploads\/2022\/06\/285309758_10228912494497043_6781786848617451613_n.jpg?fit=1000%2C1000&ssl=1","keywords":["abandono"],"articleSection":{"0":"destacado","2":"Sociedad"},"inLanguage":"es","potentialAction":[{"@type":"CommentAction","name":"Comment","target":["http:\/\/elregionalvm.com.ar\/noticias-villa-maria\/denuncian-abandono-de-perros-la-vida-es-un-boomerang\/#respond"]}]},{"@type":"WebPage","@id":"http:\/\/elregionalvm.com.ar\/noticias-villa-maria\/denuncian-abandono-de-perros-la-vida-es-un-boomerang\/","url":"http:\/\/elregionalvm.com.ar\/noticias-villa-maria\/denuncian-abandono-de-perros-la-vida-es-un-boomerang\/","name":"Denuncian abandono de perros: La vida es un boomerang - El Regional","isPartOf":{"@id":"http:\/\/elregionalvm.com.ar\/noticias-villa-maria\/#website"},"primaryImageOfPage":{"@id":"http:\/\/elregionalvm.com.ar\/noticias-villa-maria\/denuncian-abandono-de-perros-la-vida-es-un-boomerang\/#primaryimage"},"image":{"@id":"http:\/\/elregionalvm.com.ar\/noticias-villa-maria\/denuncian-abandono-de-perros-la-vida-es-un-boomerang\/#primaryimage"},"thumbnailUrl":"https:\/\/i0.wp.com\/elregionalvm.com.ar\/noticias-villa-maria\/wp-content\/uploads\/2022\/06\/285309758_10228912494497043_6781786848617451613_n.jpg?fit=1000%2C1000&ssl=1","datePublished":"2022-06-03T12:51:43+00:00","dateModified":"2022-06-03T18:49:45+00:00","author":{"@id":"http:\/\/elregionalvm.com.ar\/noticias-villa-maria\/#\/schema\/person\/a0fb9c422317faca23d50163151bc354"},"breadcrumb":{"@id":"http:\/\/elregionalvm.com.ar\/noticias-villa-maria\/denuncian-abandono-de-perros-la-vida-es-un-boomerang\/#breadcrumb"},"inLanguage":"es","potentialAction":[{"@type":"ReadAction","target":["http:\/\/elregionalvm.com.ar\/noticias-villa-maria\/denuncian-abandono-de-perros-la-vida-es-un-boomerang\/"]}]},{"@type":"ImageObject","inLanguage":"es","@id":"http:\/\/elregionalvm.com.ar\/noticias-villa-maria\/denuncian-abandono-de-perros-la-vida-es-un-boomerang\/#primaryimage","url":"https:\/\/i0.wp.com\/elregionalvm.com.ar\/noticias-villa-maria\/wp-content\/uploads\/2022\/06\/285309758_10228912494497043_6781786848617451613_n.jpg?fit=1000%2C1000&ssl=1","contentUrl":"https:\/\/i0.wp.com\/elregionalvm.com.ar\/noticias-villa-maria\/wp-content\/uploads\/2022\/06\/285309758_10228912494497043_6781786848617451613_n.jpg?fit=1000%2C1000&ssl=1","width":1000,"height":1000},{"@type":"BreadcrumbList","@id":"http:\/\/elregionalvm.com.ar\/noticias-villa-maria\/denuncian-abandono-de-perros-la-vida-es-un-boomerang\/#breadcrumb","itemListElement":[{"@type":"ListItem","position":1,"name":"Portada","item":"https:\/\/elregionalvm.com.ar\/noticias-villa-maria\/"},{"@type":"ListItem","position":2,"name":"Denuncian abandono de perros: La vida es un boomerang"}]},{"@type":"WebSite","@id":"http:\/\/elregionalvm.com.ar\/noticias-villa-maria\/#website","url":"http:\/\/elregionalvm.com.ar\/noticias-villa-maria\/","name":"El Regional","description":"Mucho m\u00e1s que informaci\u00f3n","potentialAction":[{"@type":"SearchAction","target":{"@type":"EntryPoint","urlTemplate":"http:\/\/elregionalvm.com.ar\/noticias-villa-maria\/?s={search_term_string}"},"query-input":{"@type":"PropertyValueSpecification","valueRequired":true,"valueName":"search_term_string"}}],"inLanguage":"es"},{"@type":"Person","@id":"http:\/\/elregionalvm.com.ar\/noticias-villa-maria\/#\/schema\/person\/a0fb9c422317faca23d50163151bc354","name":"Contenidos El Regional","image":{"@type":"ImageObject","inLanguage":"es","@id":"http:\/\/elregionalvm.com.ar\/noticias-villa-maria\/#\/schema\/person\/image\/","url":"https:\/\/secure.gravatar.com\/avatar\/265b27cb2209af7bb3a1318f03305787d7981a5cc6e6cd08fe5a4ecdf99d4b48?s=96&d=mm&r=g","contentUrl":"https:\/\/secure.gravatar.com\/avatar\/265b27cb2209af7bb3a1318f03305787d7981a5cc6e6cd08fe5a4ecdf99d4b48?s=96&d=mm&r=g","caption":"Contenidos El Regional"},"url":"https:\/\/elregionalvm.com.ar\/noticias-villa-maria\/author\/contenido\/"}]}},"jetpack_featured_media_url":"https:\/\/i0.wp.com\/elregionalvm.com.ar\/noticias-villa-maria\/wp-content\/uploads\/2022\/06\/285309758_10228912494497043_6781786848617451613_n.jpg?fit=1000%2C1000&ssl=1","jetpack_sharing_enabled":true,"_links":{"self":[{"href":"https:\/\/elregionalvm.com.ar\/noticias-villa-maria\/wp-json\/wp\/v2\/posts\/58332","targetHints":{"allow":["GET"]}}],"collection":[{"href":"https:\/\/elregionalvm.com.ar\/noticias-villa-maria\/wp-json\/wp\/v2\/posts"}],"about":[{"href":"https:\/\/elregionalvm.com.ar\/noticias-villa-maria\/wp-json\/wp\/v2\/types\/post"}],"author":[{"embeddable":true,"href":"https:\/\/elregionalvm.com.ar\/noticias-villa-maria\/wp-json\/wp\/v2\/users\/4"}],"replies":[{"embeddable":true,"href":"https:\/\/elregionalvm.com.ar\/noticias-villa-maria\/wp-json\/wp\/v2\/comments?post=58332"}],"version-history":[{"count":7,"href":"https:\/\/elregionalvm.com.ar\/noticias-villa-maria\/wp-json\/wp\/v2\/posts\/58332\/revisions"}],"predecessor-version":[{"id":58343,"href":"https:\/\/elregionalvm.com.ar\/noticias-villa-maria\/wp-json\/wp\/v2\/posts\/58332\/revisions\/58343"}],"wp:featuredmedia":[{"embeddable":true,"href":"https:\/\/elregionalvm.com.ar\/noticias-villa-maria\/wp-json\/wp\/v2\/media\/58335"}],"wp:attachment":[{"href":"https:\/\/elregionalvm.com.ar\/noticias-villa-maria\/wp-json\/wp\/v2\/media?parent=58332"}],"wp:term":[{"taxonomy":"category","embeddable":true,"href":"https:\/\/elregionalvm.com.ar\/noticias-villa-maria\/wp-json\/wp\/v2\/categories?post=58332"},{"taxonomy":"post_tag","embeddable":true,"href":"https:\/\/elregionalvm.com.ar\/noticias-villa-maria\/wp-json\/wp\/v2\/tags?post=58332"}],"curies":[{"name":"wp","href":"https:\/\/api.w.org\/{rel}","templated":true}]}}