{"id":58661,"date":"2022-06-10T00:09:14","date_gmt":"2022-06-10T00:09:14","guid":{"rendered":"https:\/\/elregionalvm.com.ar\/noticias-villa-maria\/?p=58661"},"modified":"2022-06-10T00:09:15","modified_gmt":"2022-06-10T00:09:15","slug":"manana-de-locos-en-dos-horas-nueve-salidas-de-bomberos-por-accidentes","status":"publish","type":"post","link":"https:\/\/elregionalvm.com.ar\/noticias-villa-maria\/manana-de-locos-en-dos-horas-nueve-salidas-de-bomberos-por-accidentes\/","title":{"rendered":"\u00a1\u00a1\u00a1Ma\u00f1ana de locos!! \u00a1En dos horas, nueve salidas de bomberos por accidentes!"},"content":{"rendered":"\n<p>Desde las 7:00 de la ma\u00f1ana, los bomberos atravesaron dos horas de locos, por la ocurrencia de gran cantidad de accidentes casi en simult\u00e1neo. A tal punto, que los bomberos debieron solicitar precauci\u00f3n por la situaci\u00f3n que se estaba viviendo, que los hab\u00eda dejado sin el servicio de ambulancia porque todas estaban ocupadas por la seguidilla de ca\u00eddas de motos, principalmente.<\/p>\n\n\n\n<div class=\"wp-block-image\"><figure class=\"aligncenter size-full\"><img data-recalc-dims=\"1\" fetchpriority=\"high\" decoding=\"async\" width=\"545\" height=\"112\" src=\"https:\/\/i0.wp.com\/elregionalvm.com.ar\/noticias-villa-maria\/wp-content\/uploads\/2022\/06\/seguidilla-accidentes.png?resize=545%2C112&#038;ssl=1\" alt=\"\" class=\"wp-image-58663\" srcset=\"https:\/\/i0.wp.com\/elregionalvm.com.ar\/noticias-villa-maria\/wp-content\/uploads\/2022\/06\/seguidilla-accidentes.png?w=545&amp;ssl=1 545w, https:\/\/i0.wp.com\/elregionalvm.com.ar\/noticias-villa-maria\/wp-content\/uploads\/2022\/06\/seguidilla-accidentes.png?resize=300%2C62&amp;ssl=1 300w\" sizes=\"(max-width: 545px) 100vw, 545px\" \/><\/figure><\/div>\n\n\n\n<div class=\"wp-block-image\"><figure class=\"aligncenter size-large is-resized\"><img data-recalc-dims=\"1\" decoding=\"async\" src=\"https:\/\/i0.wp.com\/elregionalvm.com.ar\/noticias-villa-maria\/wp-content\/uploads\/2022\/06\/WhatsApp-Image-2022-06-09-at-9.02.56-AM.jpeg?resize=495%2C701&#038;ssl=1\" alt=\"\" class=\"wp-image-58662\" width=\"495\" height=\"701\" srcset=\"https:\/\/i0.wp.com\/elregionalvm.com.ar\/noticias-villa-maria\/wp-content\/uploads\/2022\/06\/WhatsApp-Image-2022-06-09-at-9.02.56-AM.jpeg?resize=723%2C1024&amp;ssl=1 723w, https:\/\/i0.wp.com\/elregionalvm.com.ar\/noticias-villa-maria\/wp-content\/uploads\/2022\/06\/WhatsApp-Image-2022-06-09-at-9.02.56-AM.jpeg?resize=212%2C300&amp;ssl=1 212w, https:\/\/i0.wp.com\/elregionalvm.com.ar\/noticias-villa-maria\/wp-content\/uploads\/2022\/06\/WhatsApp-Image-2022-06-09-at-9.02.56-AM.jpeg?resize=768%2C1087&amp;ssl=1 768w, https:\/\/i0.wp.com\/elregionalvm.com.ar\/noticias-villa-maria\/wp-content\/uploads\/2022\/06\/WhatsApp-Image-2022-06-09-at-9.02.56-AM.jpeg?w=904&amp;ssl=1 904w\" sizes=\"(max-width: 495px) 100vw, 495px\" \/><\/figure><\/div>\n\n\n\n<p>Algunos de esos accidentes fueron reportados tambi\u00e9n por la polic\u00eda que indic\u00f3 que a las 8:00 de la ma\u00f1ana, en Jujuy y Bv. Espa\u00f1a, una mujer de 57 a\u00f1os perdi\u00f3 el control de su Zanella Scooter y cay\u00f3 violentamente al piso y se fractur\u00f3 la mu\u00f1eca, por lo que la derivaron al Hospital Pasteur.<\/p>\n\n\n\n<p>A las 8:30, una mujer villanovense tambi\u00e9n se cay\u00f3 con su moto, una Zanella 125. La derivaron al hospital tambi\u00e9n con una fractura de mu\u00f1eca.<\/p>\n\n\n\n<p>A las 8.40, esta vez un hombre de 34 a\u00f1os, en una Gilera 150, perdi\u00f3 el control del rodado y termin\u00f3 con una fractura en su mano derecha en la esquina de calles Paraguay y Pte. Per\u00f3n.<\/p>\n\n\n\n<p>Por su parte, todas las intervenciones de Bomberos Voluntarios de Villa Mar\u00eda, fueron reportados sint\u00e9ticamente de esta manera:<\/p>\n\n\n\n<div class=\"wp-block-image\"><figure class=\"alignleft size-large is-resized\"><img data-recalc-dims=\"1\" decoding=\"async\" src=\"https:\/\/i0.wp.com\/elregionalvm.com.ar\/noticias-villa-maria\/wp-content\/uploads\/2022\/06\/WhatsApp-Image-2022-06-09-at-12.46.02-PM-2.jpeg?resize=518%2C363&#038;ssl=1\" alt=\"\" class=\"wp-image-58667\" width=\"518\" height=\"363\" srcset=\"https:\/\/i0.wp.com\/elregionalvm.com.ar\/noticias-villa-maria\/wp-content\/uploads\/2022\/06\/WhatsApp-Image-2022-06-09-at-12.46.02-PM-2.jpeg?resize=1024%2C717&amp;ssl=1 1024w, https:\/\/i0.wp.com\/elregionalvm.com.ar\/noticias-villa-maria\/wp-content\/uploads\/2022\/06\/WhatsApp-Image-2022-06-09-at-12.46.02-PM-2.jpeg?resize=300%2C210&amp;ssl=1 300w, https:\/\/i0.wp.com\/elregionalvm.com.ar\/noticias-villa-maria\/wp-content\/uploads\/2022\/06\/WhatsApp-Image-2022-06-09-at-12.46.02-PM-2.jpeg?resize=768%2C538&amp;ssl=1 768w, https:\/\/i0.wp.com\/elregionalvm.com.ar\/noticias-villa-maria\/wp-content\/uploads\/2022\/06\/WhatsApp-Image-2022-06-09-at-12.46.02-PM-2.jpeg?w=1280&amp;ssl=1 1280w\" sizes=\"(max-width: 518px) 100vw, 518px\" \/><figcaption><em>Otra de las ca\u00eddas en la ciudad<\/em><\/figcaption><\/figure><\/div>\n\n\n\n<p><strong>Fecha: 09\/06\/2022<br>Tipo de Siniestro: ACCIDENTES VARIOS<br>Hora de salida: 07:25<br>Hora de regreso: 09:45<br>Cantidad de dotaciones: 9<br>Cantidad de bomberos: 36<\/strong><\/p>\n\n\n\n<p><strong>Lugar del siniestro: M\u00daLTIPLES PUNTOS DE LA CIUDAD<\/strong><\/p>\n\n\n\n<p><strong><br> 07:25 hs. Ruta N\u00b0 9 despiste de auto dos femeninas sin lesiones<br>07:50 hs. Ca\u00edda de moto, 1 trasladado hacia el HP<br>07:51 hs. Ca\u00edda de moto, 1 trasladado hacia cl\u00ednica privada<br>07:58 hs. Ca\u00edda de moto, 1 trasladado hacia el HP<br>08:06 hs. Ca\u00edda de moto, 2 trasladados hacia el HP<br>08:31 hs. Ca\u00edda de moto, 1 trasladado hacia el HP<br>08:46 hs. Ca\u00edda de moto, 1 trasladado hacia el HP<br>09:02 hs. Ca\u00edda de moto, 1 trasladado hacia el HP<br>09:18 hs. Ca\u00edda de moto, 1 trasladado hacia el HP<\/strong><\/p>\n\n\n\n<p>Lo positivo entre tantas intervenciones, es que ninguno de los accidentes puso en riesgo la vida de los protagonistas. <\/p>\n\n\n\n<p><strong>Esa maldita humedad&#8230;<\/strong><\/p>\n\n\n\n<p>El pron\u00f3stico hab\u00eda adelantado d\u00edas con humedad desde el domingo en adelante. El resultado de tanta niebla es una calzada muy h\u00fameda y cuando no llueve, la carpeta asf\u00e1ltica no se limpia adecuadamente. Por el contrario, la humedad hace que se junte cierto barro en la calzada, sumado quiz\u00e1s a un poco de aceite de los veh\u00edculos, lo que termina provocando una capa sumamente resbaladiza y casi imperceptible. Por eso, en d\u00edas de niebla y mucha humedad es necesario transitar con mucha m\u00e1s precauci\u00f3n.<\/p>\n","protected":false},"excerpt":{"rendered":"<p>Desde las 7:00 de la ma\u00f1ana, los bomberos atravesaron dos horas de locos, por la ocurrencia de gran cantidad de accidentes casi en simult\u00e1neo. A tal punto, que los bomberos debieron solicitar precauci\u00f3n por la situaci\u00f3n que se estaba viviendo, que los hab\u00eda dejado sin el servicio de ambulancia porque todas estaban ocupadas por la [&hellip;]<\/p>\n","protected":false},"author":4,"featured_media":58664,"comment_status":"open","ping_status":"open","sticky":false,"template":"","format":"standard","meta":{"site-sidebar-layout":"default","site-content-layout":"","ast-site-content-layout":"default","site-content-style":"default","site-sidebar-style":"default","ast-global-header-display":"","ast-banner-title-visibility":"","ast-main-header-display":"","ast-hfb-above-header-display":"","ast-hfb-below-header-display":"","ast-hfb-mobile-header-display":"","site-post-title":"","ast-breadcrumbs-content":"","ast-featured-img":"","footer-sml-layout":"","ast-disable-related-posts":"","theme-transparent-header-meta":"","adv-header-id-meta":"","stick-header-meta":"","header-above-stick-meta":"","header-main-stick-meta":"","header-below-stick-meta":"","astra-migrate-meta-layouts":"default","ast-page-background-enabled":"default","ast-page-background-meta":{"desktop":{"background-color":"","background-image":"","background-repeat":"repeat","background-position":"center center","background-size":"auto","background-attachment":"scroll","background-type":"","background-media":"","overlay-type":"","overlay-color":"","overlay-opacity":"","overlay-gradient":""},"tablet":{"background-color":"","background-image":"","background-repeat":"repeat","background-position":"center center","background-size":"auto","background-attachment":"scroll","background-type":"","background-media":"","overlay-type":"","overlay-color":"","overlay-opacity":"","overlay-gradient":""},"mobile":{"background-color":"","background-image":"","background-repeat":"repeat","background-position":"center center","background-size":"auto","background-attachment":"scroll","background-type":"","background-media":"","overlay-type":"","overlay-color":"","overlay-opacity":"","overlay-gradient":""}},"ast-content-background-meta":{"desktop":{"background-color":"var(--ast-global-color-5)","background-image":"","background-repeat":"repeat","background-position":"center center","background-size":"auto","background-attachment":"scroll","background-type":"","background-media":"","overlay-type":"","overlay-color":"","overlay-opacity":"","overlay-gradient":""},"tablet":{"background-color":"var(--ast-global-color-5)","background-image":"","background-repeat":"repeat","background-position":"center center","background-size":"auto","background-attachment":"scroll","background-type":"","background-media":"","overlay-type":"","overlay-color":"","overlay-opacity":"","overlay-gradient":""},"mobile":{"background-color":"var(--ast-global-color-5)","background-image":"","background-repeat":"repeat","background-position":"center center","background-size":"auto","background-attachment":"scroll","background-type":"","background-media":"","overlay-type":"","overlay-color":"","overlay-opacity":"","overlay-gradient":""}},"_jetpack_memberships_contains_paid_content":false,"_joinchat":[],"footnotes":""},"categories":[15302,2],"tags":[16008,16011,16009,2514,2130,16010,16012,16013,2248],"class_list":["post-58661","post","type-post","status-publish","format-standard","has-post-thumbnail","hentry","category-destacado","category-villa-maria","tag-9-accidentes","tag-alerta-bomberil","tag-caidas-de-motos","tag-fracturas","tag-hospital-pasteur","tag-labor-de-bomberos","tag-mal-tiempo","tag-niebla-y-humedad","tag-villa-maria-2"],"yoast_head":"<!-- This site is optimized with the Yoast SEO plugin v26.8 - https:\/\/yoast.com\/product\/yoast-seo-wordpress\/ -->\n<title>\u00a1\u00a1\u00a1Ma\u00f1ana de locos!! \u00a1En dos horas, nueve salidas de bomberos por accidentes! - El Regional<\/title>\n<meta name=\"robots\" content=\"index, follow, max-snippet:-1, max-image-preview:large, max-video-preview:-1\" \/>\n<link rel=\"canonical\" href=\"http:\/\/elregionalvm.com.ar\/noticias-villa-maria\/manana-de-locos-en-dos-horas-nueve-salidas-de-bomberos-por-accidentes\/\" \/>\n<meta property=\"og:locale\" content=\"es_ES\" \/>\n<meta property=\"og:type\" content=\"article\" \/>\n<meta property=\"og:title\" content=\"\u00a1\u00a1\u00a1Ma\u00f1ana de locos!! \u00a1En dos horas, nueve salidas de bomberos por accidentes! - El Regional\" \/>\n<meta property=\"og:description\" content=\"Desde las 7:00 de la ma\u00f1ana, los bomberos atravesaron dos horas de locos, por la ocurrencia de gran cantidad de accidentes casi en simult\u00e1neo. A tal punto, que los bomberos debieron solicitar precauci\u00f3n por la situaci\u00f3n que se estaba viviendo, que los hab\u00eda dejado sin el servicio de ambulancia porque todas estaban ocupadas por la [&hellip;]\" \/>\n<meta property=\"og:url\" content=\"http:\/\/elregionalvm.com.ar\/noticias-villa-maria\/manana-de-locos-en-dos-horas-nueve-salidas-de-bomberos-por-accidentes\/\" \/>\n<meta property=\"og:site_name\" content=\"El Regional\" \/>\n<meta property=\"article:publisher\" content=\"https:\/\/www.facebook.com\/elregionalvm\" \/>\n<meta property=\"article:published_time\" content=\"2022-06-10T00:09:14+00:00\" \/>\n<meta property=\"article:modified_time\" content=\"2022-06-10T00:09:15+00:00\" \/>\n<meta property=\"og:image\" content=\"http:\/\/elregionalvm.com.ar\/noticias-villa-maria\/wp-content\/uploads\/2022\/06\/WhatsApp-Image-2022-06-09-at-12.45.54-PM.jpeg\" \/>\n\t<meta property=\"og:image:width\" content=\"1280\" \/>\n\t<meta property=\"og:image:height\" content=\"879\" \/>\n\t<meta property=\"og:image:type\" content=\"image\/jpeg\" \/>\n<meta name=\"author\" content=\"Contenidos El Regional\" \/>\n<meta name=\"twitter:card\" content=\"summary_large_image\" \/>\n<meta name=\"twitter:creator\" content=\"@elregionalvm1\" \/>\n<meta name=\"twitter:site\" content=\"@elregionalvm1\" \/>\n<meta name=\"twitter:label1\" content=\"Escrito por\" \/>\n\t<meta name=\"twitter:data1\" content=\"Contenidos El Regional\" \/>\n\t<meta name=\"twitter:label2\" content=\"Tiempo de lectura\" \/>\n\t<meta name=\"twitter:data2\" content=\"3 minutos\" \/>\n<script type=\"application\/ld+json\" class=\"yoast-schema-graph\">{\"@context\":\"https:\/\/schema.org\",\"@graph\":[{\"@type\":\"Article\",\"@id\":\"http:\/\/elregionalvm.com.ar\/noticias-villa-maria\/manana-de-locos-en-dos-horas-nueve-salidas-de-bomberos-por-accidentes\/#article\",\"isPartOf\":{\"@id\":\"http:\/\/elregionalvm.com.ar\/noticias-villa-maria\/manana-de-locos-en-dos-horas-nueve-salidas-de-bomberos-por-accidentes\/\"},\"author\":{\"name\":\"Contenidos El Regional\",\"@id\":\"http:\/\/elregionalvm.com.ar\/noticias-villa-maria\/#\/schema\/person\/a0fb9c422317faca23d50163151bc354\"},\"headline\":\"\u00a1\u00a1\u00a1Ma\u00f1ana de locos!! \u00a1En dos horas, nueve salidas de bomberos por accidentes!\",\"datePublished\":\"2022-06-10T00:09:14+00:00\",\"dateModified\":\"2022-06-10T00:09:15+00:00\",\"mainEntityOfPage\":{\"@id\":\"http:\/\/elregionalvm.com.ar\/noticias-villa-maria\/manana-de-locos-en-dos-horas-nueve-salidas-de-bomberos-por-accidentes\/\"},\"wordCount\":452,\"commentCount\":0,\"image\":{\"@id\":\"http:\/\/elregionalvm.com.ar\/noticias-villa-maria\/manana-de-locos-en-dos-horas-nueve-salidas-de-bomberos-por-accidentes\/#primaryimage\"},\"thumbnailUrl\":\"https:\/\/i0.wp.com\/elregionalvm.com.ar\/noticias-villa-maria\/wp-content\/uploads\/2022\/06\/WhatsApp-Image-2022-06-09-at-12.45.54-PM.jpeg?fit=1280%2C879&ssl=1\",\"keywords\":[\"9 accidentes\",\"alerta bomberil\",\"ca\u00eddas de motos\",\"fracturas\",\"Hospital Pasteur\",\"labor de bomberos\",\"mal tiempo\",\"niebla y humedad\",\"Villa Mar\u00eda\"],\"articleSection\":[\"destacado\",\"Villa Mar\u00eda\"],\"inLanguage\":\"es\",\"potentialAction\":[{\"@type\":\"CommentAction\",\"name\":\"Comment\",\"target\":[\"http:\/\/elregionalvm.com.ar\/noticias-villa-maria\/manana-de-locos-en-dos-horas-nueve-salidas-de-bomberos-por-accidentes\/#respond\"]}]},{\"@type\":\"WebPage\",\"@id\":\"http:\/\/elregionalvm.com.ar\/noticias-villa-maria\/manana-de-locos-en-dos-horas-nueve-salidas-de-bomberos-por-accidentes\/\",\"url\":\"http:\/\/elregionalvm.com.ar\/noticias-villa-maria\/manana-de-locos-en-dos-horas-nueve-salidas-de-bomberos-por-accidentes\/\",\"name\":\"\u00a1\u00a1\u00a1Ma\u00f1ana de locos!! \u00a1En dos horas, nueve salidas de bomberos por accidentes! - El Regional\",\"isPartOf\":{\"@id\":\"http:\/\/elregionalvm.com.ar\/noticias-villa-maria\/#website\"},\"primaryImageOfPage\":{\"@id\":\"http:\/\/elregionalvm.com.ar\/noticias-villa-maria\/manana-de-locos-en-dos-horas-nueve-salidas-de-bomberos-por-accidentes\/#primaryimage\"},\"image\":{\"@id\":\"http:\/\/elregionalvm.com.ar\/noticias-villa-maria\/manana-de-locos-en-dos-horas-nueve-salidas-de-bomberos-por-accidentes\/#primaryimage\"},\"thumbnailUrl\":\"https:\/\/i0.wp.com\/elregionalvm.com.ar\/noticias-villa-maria\/wp-content\/uploads\/2022\/06\/WhatsApp-Image-2022-06-09-at-12.45.54-PM.jpeg?fit=1280%2C879&ssl=1\",\"datePublished\":\"2022-06-10T00:09:14+00:00\",\"dateModified\":\"2022-06-10T00:09:15+00:00\",\"author\":{\"@id\":\"http:\/\/elregionalvm.com.ar\/noticias-villa-maria\/#\/schema\/person\/a0fb9c422317faca23d50163151bc354\"},\"breadcrumb\":{\"@id\":\"http:\/\/elregionalvm.com.ar\/noticias-villa-maria\/manana-de-locos-en-dos-horas-nueve-salidas-de-bomberos-por-accidentes\/#breadcrumb\"},\"inLanguage\":\"es\",\"potentialAction\":[{\"@type\":\"ReadAction\",\"target\":[\"http:\/\/elregionalvm.com.ar\/noticias-villa-maria\/manana-de-locos-en-dos-horas-nueve-salidas-de-bomberos-por-accidentes\/\"]}]},{\"@type\":\"ImageObject\",\"inLanguage\":\"es\",\"@id\":\"http:\/\/elregionalvm.com.ar\/noticias-villa-maria\/manana-de-locos-en-dos-horas-nueve-salidas-de-bomberos-por-accidentes\/#primaryimage\",\"url\":\"https:\/\/i0.wp.com\/elregionalvm.com.ar\/noticias-villa-maria\/wp-content\/uploads\/2022\/06\/WhatsApp-Image-2022-06-09-at-12.45.54-PM.jpeg?fit=1280%2C879&ssl=1\",\"contentUrl\":\"https:\/\/i0.wp.com\/elregionalvm.com.ar\/noticias-villa-maria\/wp-content\/uploads\/2022\/06\/WhatsApp-Image-2022-06-09-at-12.45.54-PM.jpeg?fit=1280%2C879&ssl=1\",\"width\":1280,\"height\":879},{\"@type\":\"BreadcrumbList\",\"@id\":\"http:\/\/elregionalvm.com.ar\/noticias-villa-maria\/manana-de-locos-en-dos-horas-nueve-salidas-de-bomberos-por-accidentes\/#breadcrumb\",\"itemListElement\":[{\"@type\":\"ListItem\",\"position\":1,\"name\":\"Portada\",\"item\":\"https:\/\/elregionalvm.com.ar\/noticias-villa-maria\/\"},{\"@type\":\"ListItem\",\"position\":2,\"name\":\"\u00a1\u00a1\u00a1Ma\u00f1ana de locos!! \u00a1En dos horas, nueve salidas de bomberos por accidentes!\"}]},{\"@type\":\"WebSite\",\"@id\":\"http:\/\/elregionalvm.com.ar\/noticias-villa-maria\/#website\",\"url\":\"http:\/\/elregionalvm.com.ar\/noticias-villa-maria\/\",\"name\":\"El Regional\",\"description\":\"Mucho m\u00e1s que informaci\u00f3n\",\"potentialAction\":[{\"@type\":\"SearchAction\",\"target\":{\"@type\":\"EntryPoint\",\"urlTemplate\":\"http:\/\/elregionalvm.com.ar\/noticias-villa-maria\/?s={search_term_string}\"},\"query-input\":{\"@type\":\"PropertyValueSpecification\",\"valueRequired\":true,\"valueName\":\"search_term_string\"}}],\"inLanguage\":\"es\"},{\"@type\":\"Person\",\"@id\":\"http:\/\/elregionalvm.com.ar\/noticias-villa-maria\/#\/schema\/person\/a0fb9c422317faca23d50163151bc354\",\"name\":\"Contenidos El Regional\",\"image\":{\"@type\":\"ImageObject\",\"inLanguage\":\"es\",\"@id\":\"http:\/\/elregionalvm.com.ar\/noticias-villa-maria\/#\/schema\/person\/image\/\",\"url\":\"https:\/\/secure.gravatar.com\/avatar\/265b27cb2209af7bb3a1318f03305787d7981a5cc6e6cd08fe5a4ecdf99d4b48?s=96&d=mm&r=g\",\"contentUrl\":\"https:\/\/secure.gravatar.com\/avatar\/265b27cb2209af7bb3a1318f03305787d7981a5cc6e6cd08fe5a4ecdf99d4b48?s=96&d=mm&r=g\",\"caption\":\"Contenidos El Regional\"},\"url\":\"https:\/\/elregionalvm.com.ar\/noticias-villa-maria\/author\/contenido\/\"}]}<\/script>\n<!-- \/ Yoast SEO plugin. -->","yoast_head_json":{"title":"\u00a1\u00a1\u00a1Ma\u00f1ana de locos!! \u00a1En dos horas, nueve salidas de bomberos por accidentes! - El Regional","robots":{"index":"index","follow":"follow","max-snippet":"max-snippet:-1","max-image-preview":"max-image-preview:large","max-video-preview":"max-video-preview:-1"},"canonical":"http:\/\/elregionalvm.com.ar\/noticias-villa-maria\/manana-de-locos-en-dos-horas-nueve-salidas-de-bomberos-por-accidentes\/","og_locale":"es_ES","og_type":"article","og_title":"\u00a1\u00a1\u00a1Ma\u00f1ana de locos!! \u00a1En dos horas, nueve salidas de bomberos por accidentes! - El Regional","og_description":"Desde las 7:00 de la ma\u00f1ana, los bomberos atravesaron dos horas de locos, por la ocurrencia de gran cantidad de accidentes casi en simult\u00e1neo. A tal punto, que los bomberos debieron solicitar precauci\u00f3n por la situaci\u00f3n que se estaba viviendo, que los hab\u00eda dejado sin el servicio de ambulancia porque todas estaban ocupadas por la [&hellip;]","og_url":"http:\/\/elregionalvm.com.ar\/noticias-villa-maria\/manana-de-locos-en-dos-horas-nueve-salidas-de-bomberos-por-accidentes\/","og_site_name":"El Regional","article_publisher":"https:\/\/www.facebook.com\/elregionalvm","article_published_time":"2022-06-10T00:09:14+00:00","article_modified_time":"2022-06-10T00:09:15+00:00","og_image":[{"width":1280,"height":879,"url":"http:\/\/elregionalvm.com.ar\/noticias-villa-maria\/wp-content\/uploads\/2022\/06\/WhatsApp-Image-2022-06-09-at-12.45.54-PM.jpeg","type":"image\/jpeg"}],"author":"Contenidos El Regional","twitter_card":"summary_large_image","twitter_creator":"@elregionalvm1","twitter_site":"@elregionalvm1","twitter_misc":{"Escrito por":"Contenidos El Regional","Tiempo de lectura":"3 minutos"},"schema":{"@context":"https:\/\/schema.org","@graph":[{"@type":"Article","@id":"http:\/\/elregionalvm.com.ar\/noticias-villa-maria\/manana-de-locos-en-dos-horas-nueve-salidas-de-bomberos-por-accidentes\/#article","isPartOf":{"@id":"http:\/\/elregionalvm.com.ar\/noticias-villa-maria\/manana-de-locos-en-dos-horas-nueve-salidas-de-bomberos-por-accidentes\/"},"author":{"name":"Contenidos El Regional","@id":"http:\/\/elregionalvm.com.ar\/noticias-villa-maria\/#\/schema\/person\/a0fb9c422317faca23d50163151bc354"},"headline":"\u00a1\u00a1\u00a1Ma\u00f1ana de locos!! \u00a1En dos horas, nueve salidas de bomberos por accidentes!","datePublished":"2022-06-10T00:09:14+00:00","dateModified":"2022-06-10T00:09:15+00:00","mainEntityOfPage":{"@id":"http:\/\/elregionalvm.com.ar\/noticias-villa-maria\/manana-de-locos-en-dos-horas-nueve-salidas-de-bomberos-por-accidentes\/"},"wordCount":452,"commentCount":0,"image":{"@id":"http:\/\/elregionalvm.com.ar\/noticias-villa-maria\/manana-de-locos-en-dos-horas-nueve-salidas-de-bomberos-por-accidentes\/#primaryimage"},"thumbnailUrl":"https:\/\/i0.wp.com\/elregionalvm.com.ar\/noticias-villa-maria\/wp-content\/uploads\/2022\/06\/WhatsApp-Image-2022-06-09-at-12.45.54-PM.jpeg?fit=1280%2C879&ssl=1","keywords":["9 accidentes","alerta bomberil","ca\u00eddas de motos","fracturas","Hospital Pasteur","labor de bomberos","mal tiempo","niebla y humedad","Villa Mar\u00eda"],"articleSection":["destacado","Villa Mar\u00eda"],"inLanguage":"es","potentialAction":[{"@type":"CommentAction","name":"Comment","target":["http:\/\/elregionalvm.com.ar\/noticias-villa-maria\/manana-de-locos-en-dos-horas-nueve-salidas-de-bomberos-por-accidentes\/#respond"]}]},{"@type":"WebPage","@id":"http:\/\/elregionalvm.com.ar\/noticias-villa-maria\/manana-de-locos-en-dos-horas-nueve-salidas-de-bomberos-por-accidentes\/","url":"http:\/\/elregionalvm.com.ar\/noticias-villa-maria\/manana-de-locos-en-dos-horas-nueve-salidas-de-bomberos-por-accidentes\/","name":"\u00a1\u00a1\u00a1Ma\u00f1ana de locos!! \u00a1En dos horas, nueve salidas de bomberos por accidentes! - El Regional","isPartOf":{"@id":"http:\/\/elregionalvm.com.ar\/noticias-villa-maria\/#website"},"primaryImageOfPage":{"@id":"http:\/\/elregionalvm.com.ar\/noticias-villa-maria\/manana-de-locos-en-dos-horas-nueve-salidas-de-bomberos-por-accidentes\/#primaryimage"},"image":{"@id":"http:\/\/elregionalvm.com.ar\/noticias-villa-maria\/manana-de-locos-en-dos-horas-nueve-salidas-de-bomberos-por-accidentes\/#primaryimage"},"thumbnailUrl":"https:\/\/i0.wp.com\/elregionalvm.com.ar\/noticias-villa-maria\/wp-content\/uploads\/2022\/06\/WhatsApp-Image-2022-06-09-at-12.45.54-PM.jpeg?fit=1280%2C879&ssl=1","datePublished":"2022-06-10T00:09:14+00:00","dateModified":"2022-06-10T00:09:15+00:00","author":{"@id":"http:\/\/elregionalvm.com.ar\/noticias-villa-maria\/#\/schema\/person\/a0fb9c422317faca23d50163151bc354"},"breadcrumb":{"@id":"http:\/\/elregionalvm.com.ar\/noticias-villa-maria\/manana-de-locos-en-dos-horas-nueve-salidas-de-bomberos-por-accidentes\/#breadcrumb"},"inLanguage":"es","potentialAction":[{"@type":"ReadAction","target":["http:\/\/elregionalvm.com.ar\/noticias-villa-maria\/manana-de-locos-en-dos-horas-nueve-salidas-de-bomberos-por-accidentes\/"]}]},{"@type":"ImageObject","inLanguage":"es","@id":"http:\/\/elregionalvm.com.ar\/noticias-villa-maria\/manana-de-locos-en-dos-horas-nueve-salidas-de-bomberos-por-accidentes\/#primaryimage","url":"https:\/\/i0.wp.com\/elregionalvm.com.ar\/noticias-villa-maria\/wp-content\/uploads\/2022\/06\/WhatsApp-Image-2022-06-09-at-12.45.54-PM.jpeg?fit=1280%2C879&ssl=1","contentUrl":"https:\/\/i0.wp.com\/elregionalvm.com.ar\/noticias-villa-maria\/wp-content\/uploads\/2022\/06\/WhatsApp-Image-2022-06-09-at-12.45.54-PM.jpeg?fit=1280%2C879&ssl=1","width":1280,"height":879},{"@type":"BreadcrumbList","@id":"http:\/\/elregionalvm.com.ar\/noticias-villa-maria\/manana-de-locos-en-dos-horas-nueve-salidas-de-bomberos-por-accidentes\/#breadcrumb","itemListElement":[{"@type":"ListItem","position":1,"name":"Portada","item":"https:\/\/elregionalvm.com.ar\/noticias-villa-maria\/"},{"@type":"ListItem","position":2,"name":"\u00a1\u00a1\u00a1Ma\u00f1ana de locos!! \u00a1En dos horas, nueve salidas de bomberos por accidentes!"}]},{"@type":"WebSite","@id":"http:\/\/elregionalvm.com.ar\/noticias-villa-maria\/#website","url":"http:\/\/elregionalvm.com.ar\/noticias-villa-maria\/","name":"El Regional","description":"Mucho m\u00e1s que informaci\u00f3n","potentialAction":[{"@type":"SearchAction","target":{"@type":"EntryPoint","urlTemplate":"http:\/\/elregionalvm.com.ar\/noticias-villa-maria\/?s={search_term_string}"},"query-input":{"@type":"PropertyValueSpecification","valueRequired":true,"valueName":"search_term_string"}}],"inLanguage":"es"},{"@type":"Person","@id":"http:\/\/elregionalvm.com.ar\/noticias-villa-maria\/#\/schema\/person\/a0fb9c422317faca23d50163151bc354","name":"Contenidos El Regional","image":{"@type":"ImageObject","inLanguage":"es","@id":"http:\/\/elregionalvm.com.ar\/noticias-villa-maria\/#\/schema\/person\/image\/","url":"https:\/\/secure.gravatar.com\/avatar\/265b27cb2209af7bb3a1318f03305787d7981a5cc6e6cd08fe5a4ecdf99d4b48?s=96&d=mm&r=g","contentUrl":"https:\/\/secure.gravatar.com\/avatar\/265b27cb2209af7bb3a1318f03305787d7981a5cc6e6cd08fe5a4ecdf99d4b48?s=96&d=mm&r=g","caption":"Contenidos El Regional"},"url":"https:\/\/elregionalvm.com.ar\/noticias-villa-maria\/author\/contenido\/"}]}},"jetpack_featured_media_url":"https:\/\/i0.wp.com\/elregionalvm.com.ar\/noticias-villa-maria\/wp-content\/uploads\/2022\/06\/WhatsApp-Image-2022-06-09-at-12.45.54-PM.jpeg?fit=1280%2C879&ssl=1","jetpack_sharing_enabled":true,"_links":{"self":[{"href":"https:\/\/elregionalvm.com.ar\/noticias-villa-maria\/wp-json\/wp\/v2\/posts\/58661","targetHints":{"allow":["GET"]}}],"collection":[{"href":"https:\/\/elregionalvm.com.ar\/noticias-villa-maria\/wp-json\/wp\/v2\/posts"}],"about":[{"href":"https:\/\/elregionalvm.com.ar\/noticias-villa-maria\/wp-json\/wp\/v2\/types\/post"}],"author":[{"embeddable":true,"href":"https:\/\/elregionalvm.com.ar\/noticias-villa-maria\/wp-json\/wp\/v2\/users\/4"}],"replies":[{"embeddable":true,"href":"https:\/\/elregionalvm.com.ar\/noticias-villa-maria\/wp-json\/wp\/v2\/comments?post=58661"}],"version-history":[{"count":1,"href":"https:\/\/elregionalvm.com.ar\/noticias-villa-maria\/wp-json\/wp\/v2\/posts\/58661\/revisions"}],"predecessor-version":[{"id":58668,"href":"https:\/\/elregionalvm.com.ar\/noticias-villa-maria\/wp-json\/wp\/v2\/posts\/58661\/revisions\/58668"}],"wp:featuredmedia":[{"embeddable":true,"href":"https:\/\/elregionalvm.com.ar\/noticias-villa-maria\/wp-json\/wp\/v2\/media\/58664"}],"wp:attachment":[{"href":"https:\/\/elregionalvm.com.ar\/noticias-villa-maria\/wp-json\/wp\/v2\/media?parent=58661"}],"wp:term":[{"taxonomy":"category","embeddable":true,"href":"https:\/\/elregionalvm.com.ar\/noticias-villa-maria\/wp-json\/wp\/v2\/categories?post=58661"},{"taxonomy":"post_tag","embeddable":true,"href":"https:\/\/elregionalvm.com.ar\/noticias-villa-maria\/wp-json\/wp\/v2\/tags?post=58661"}],"curies":[{"name":"wp","href":"https:\/\/api.w.org\/{rel}","templated":true}]}}