{"id":58675,"date":"2022-06-10T02:18:09","date_gmt":"2022-06-10T02:18:09","guid":{"rendered":"https:\/\/elregionalvm.com.ar\/noticias-villa-maria\/?p=58675"},"modified":"2022-06-14T01:13:43","modified_gmt":"2022-06-14T01:13:43","slug":"villa-maria-la-ciudad-con-mayor-cantidad-de-femicidios-en-la-provincia-cada-50-mil-habitantes","status":"publish","type":"post","link":"https:\/\/elregionalvm.com.ar\/noticias-villa-maria\/villa-maria-la-ciudad-con-mayor-cantidad-de-femicidios-en-la-provincia-cada-50-mil-habitantes\/","title":{"rendered":"Villa Mar\u00eda, la ciudad con mayor cantidad de femicidios en la provincia (Informe Especial)"},"content":{"rendered":"\n<p><\/p>\n\n\n\n<p><strong>Un femicidio cada 35 horas se produjeron en el pa\u00eds el a\u00f1o pasado, seg\u00fan datos del Registro Nacional de Femicidios de la Justicia Argentina. Entonces, hubo 251 v\u00edctimas letales de violencia de g\u00e9nero. De ellas, 231 fueron v\u00edctimas directas y, al menos, 20 fueron vinculadas.<\/strong><\/p>\n\n\n\n<p><strong>En nuestra provincia, un informe impulsado por CISCSA Ciudades Feministas y desarrollado en distintas localidades concluy\u00f3 que Villa Mar\u00eda y zona es la regi\u00f3n con mayor cantidad de femicidios en la geograf\u00eda cordobesa.<\/strong><\/p>\n\n\n\n<p><\/p>\n\n\n\n<p><strong>Escribe: Germ\u00e1n Giacchero<\/strong><\/p>\n\n\n\n<p><\/p>\n\n\n\n<p>Entre 2017 y 2020, ocurrieron 20 femicidios en R\u00edo Cuarto, Las Higueras, Villa Mar\u00eda, Villa Nueva, Oliva, Cruz del Eje, Capilla del Monte y Villa de Soto.<\/p>\n\n\n\n<p>De estas localidades, Villa Mar\u00eda es la ciudad que presenta mayor cantidad de femicidios cada 50 mil habitantes. Sum\u00f3 un total de cuatro de estos delitos, mientras que Cruz del Eje tuvo tres y R\u00edo Cuarto, dos.<\/p>\n\n\n\n<p>En cifras totales, la regi\u00f3n analizada de Villa Mar\u00eda registr\u00f3 en ese periodo 10 femicidios, de los cuales 6 sucedieron en nuestra ciudad, 3 en Villa Nueva y uno en Oliva.<\/p>\n\n\n\n<p>Hubo 6 en la zona de R\u00edo Cuarto (4 en esa ciudad, uno en Las Higueras y otros en Santa Catalina); y 4 en la regi\u00f3n de Cruz del Eje (uno en esa ciudad, uno en Villa de Soto y dos en Capilla del Monte).<\/p>\n\n\n\n<p><\/p>\n\n\n\n<figure class=\"wp-block-image size-full\"><img data-recalc-dims=\"1\" fetchpriority=\"high\" decoding=\"async\" width=\"898\" height=\"626\" src=\"https:\/\/i0.wp.com\/elregionalvm.com.ar\/noticias-villa-maria\/wp-content\/uploads\/2022\/06\/Villa-Maria-mapa-femicidios-estudio-cartografico.jpg?resize=898%2C626&#038;ssl=1\" alt=\"\" class=\"wp-image-58678\" srcset=\"https:\/\/i0.wp.com\/elregionalvm.com.ar\/noticias-villa-maria\/wp-content\/uploads\/2022\/06\/Villa-Maria-mapa-femicidios-estudio-cartografico.jpg?w=898&amp;ssl=1 898w, https:\/\/i0.wp.com\/elregionalvm.com.ar\/noticias-villa-maria\/wp-content\/uploads\/2022\/06\/Villa-Maria-mapa-femicidios-estudio-cartografico.jpg?resize=300%2C209&amp;ssl=1 300w, https:\/\/i0.wp.com\/elregionalvm.com.ar\/noticias-villa-maria\/wp-content\/uploads\/2022\/06\/Villa-Maria-mapa-femicidios-estudio-cartografico.jpg?resize=768%2C535&amp;ssl=1 768w\" sizes=\"(max-width: 898px) 100vw, 898px\" \/><figcaption><em>La cartograf\u00eda de los femicidios en Villa Mar\u00eda y zona, con los nombres de las v\u00edctimas. <\/em><\/figcaption><\/figure>\n\n\n\n<p><\/p>\n\n\n\n<p>Las conclusiones pertenecen a un informe realizado por Somos Territorios, un proyecto impulsado por CISCSA Ciudades Feministas y desarrollado en distintas localidades de la provincia de C\u00f3rdoba.<\/p>\n\n\n\n<p>El estudio se denomina \u201cLos cuerpos de las mujeres como territorios en disputa &#8211; Cartilla de femicidios en R\u00edo Cuarto, Villa Mar\u00eda y Cruz del Eje c\u00f3rdoba, 2017 \u2013 2020\u201d.<\/p>\n\n\n\n<p><\/p>\n\n\n\n<figure class=\"wp-block-pullquote\"><blockquote><p><strong>Villa Mar\u00eda es la ciudad que presenta mayor cantidad de femicidios cada 50 mil habitantes. Sum\u00f3 un total de cuatro de estos delitos, mientras que Cruz del Eje tuvo tres y R\u00edo Cuarto, dos.<\/strong><\/p><\/blockquote><\/figure>\n\n\n\n<p><\/p>\n\n\n\n<p>Entre su an\u00e1lisis tambi\u00e9n revel\u00f3 que, al 25 de noviembre de 2021, 14 mujeres fueron asesinadas por razones de g\u00e9nero en la provincia de C\u00f3rdoba, mientras que durante todo 2020, se contabilizaron 13 femicidios en la provincia.<\/p>\n\n\n\n<p><\/p>\n\n\n\n<figure class=\"wp-block-image size-full\"><img data-recalc-dims=\"1\" decoding=\"async\" width=\"890\" height=\"395\" src=\"https:\/\/i0.wp.com\/elregionalvm.com.ar\/noticias-villa-maria\/wp-content\/uploads\/2022\/06\/Ni-Una-Menos-Villa-Maria.jpg?resize=890%2C395&#038;ssl=1\" alt=\"\" class=\"wp-image-58695\" srcset=\"https:\/\/i0.wp.com\/elregionalvm.com.ar\/noticias-villa-maria\/wp-content\/uploads\/2022\/06\/Ni-Una-Menos-Villa-Maria.jpg?w=890&amp;ssl=1 890w, https:\/\/i0.wp.com\/elregionalvm.com.ar\/noticias-villa-maria\/wp-content\/uploads\/2022\/06\/Ni-Una-Menos-Villa-Maria.jpg?resize=300%2C133&amp;ssl=1 300w, https:\/\/i0.wp.com\/elregionalvm.com.ar\/noticias-villa-maria\/wp-content\/uploads\/2022\/06\/Ni-Una-Menos-Villa-Maria.jpg?resize=768%2C341&amp;ssl=1 768w\" sizes=\"(max-width: 890px) 100vw, 890px\" \/><figcaption><em>Los reclamos contra la violencia de g\u00e9nero no cesan, para evitar m\u00e1s femicidios. <\/em><\/figcaption><\/figure>\n\n\n\n<p><\/p>\n\n\n\n<p>\u201cLa violencia machista es un problema estructural, que nos oprime\/afecta a diario dentro de casa y tambi\u00e9n al transitar por el barrio, las calles, las plazas, el transporte p\u00fablico. La expresi\u00f3n m\u00e1s extrema de esta trama de m\u00faltiples violencias es el femicidio\u201d, remarcaron.<\/p>\n\n\n\n<p><\/p>\n\n\n\n<p><\/p>\n\n\n\n<figure class=\"wp-block-gallery has-nested-images columns-default is-cropped wp-block-gallery-1 is-layout-flex wp-block-gallery-is-layout-flex\">\n<figure class=\"wp-block-image size-large\"><img data-recalc-dims=\"1\" decoding=\"async\" width=\"730\" height=\"539\" data-id=\"58682\" src=\"https:\/\/i0.wp.com\/elregionalvm.com.ar\/noticias-villa-maria\/wp-content\/uploads\/2022\/06\/Lugar-femicidios-estudio-cartografico.jpg?resize=730%2C539&#038;ssl=1\" alt=\"\" class=\"wp-image-58682\" srcset=\"https:\/\/i0.wp.com\/elregionalvm.com.ar\/noticias-villa-maria\/wp-content\/uploads\/2022\/06\/Lugar-femicidios-estudio-cartografico.jpg?w=730&amp;ssl=1 730w, https:\/\/i0.wp.com\/elregionalvm.com.ar\/noticias-villa-maria\/wp-content\/uploads\/2022\/06\/Lugar-femicidios-estudio-cartografico.jpg?resize=300%2C222&amp;ssl=1 300w\" sizes=\"(max-width: 730px) 100vw, 730px\" \/><\/figure>\n<figcaption class=\"blocks-gallery-caption\"><em>Lugares de los femicidios y del hallazgo de los cuerpos. <\/em><\/figcaption><\/figure>\n\n\n\n<p><\/p>\n\n\n\n<p><strong>Cartografiar la violencia<\/strong><\/p>\n\n\n\n<p>Para la ejecuci\u00f3n del proyecto, contaron con la colaboraci\u00f3n de mujeres y actores locales de las regiones de R\u00edo Cuarto, Villa Mar\u00eda y Cruz del Eje. En la iniciativa, particip\u00f3 tambi\u00e9n personal del \u00e1rea de Derechos Sociales, G\u00e9nero y Diversidad de la Municipalidad de Villa Mar\u00eda, a cargo de Melina Mosquera. &nbsp;<\/p>\n\n\n\n<p>Y junto con Mar\u00eda Guerchunoff, en el marco de su pr\u00e1ctica profesional hacia la realizaci\u00f3n de su trabajo final de la licenciatura en Geograf\u00eda, realizaron un relevamiento y cartografiaron los femicidios ocurridos en estas ciudades en el periodo 2017-2020.<\/p>\n\n\n\n<p>&nbsp;\u201cContar con informaci\u00f3n clara sobre esta problem\u00e1tica resulta \u00fatil para generar estrategias feministas de prevenci\u00f3n y erradicaci\u00f3n de las violencias contra mujeres y disidencias, en un trabajo conjunto entre organizaciones de la sociedad civil, organismos estatales locales y la ciudadan\u00eda\u201d, destacaron.<\/p>\n\n\n\n<p><\/p>\n\n\n\n<figure class=\"wp-block-image size-full is-resized\"><img data-recalc-dims=\"1\" loading=\"lazy\" decoding=\"async\" src=\"https:\/\/i0.wp.com\/elregionalvm.com.ar\/noticias-villa-maria\/wp-content\/uploads\/2022\/06\/Cantidad-de-femicidios-Estudio-cartografico.jpg?resize=644%2C740&#038;ssl=1\" alt=\"\" class=\"wp-image-58679\" width=\"644\" height=\"740\" srcset=\"https:\/\/i0.wp.com\/elregionalvm.com.ar\/noticias-villa-maria\/wp-content\/uploads\/2022\/06\/Cantidad-de-femicidios-Estudio-cartografico.jpg?w=421&amp;ssl=1 421w, https:\/\/i0.wp.com\/elregionalvm.com.ar\/noticias-villa-maria\/wp-content\/uploads\/2022\/06\/Cantidad-de-femicidios-Estudio-cartografico.jpg?resize=261%2C300&amp;ssl=1 261w\" sizes=\"(max-width: 644px) 100vw, 644px\" \/><figcaption><em>Las ciudades y los femicidios cometidos. Villa Mar\u00eda, a la cabeza. <\/em><\/figcaption><\/figure>\n\n\n\n<p><\/p>\n\n\n\n<p><strong>V\u00edctimas y agresores<\/strong><\/p>\n\n\n\n<p>Entre los datos hallados m\u00e1s contundentes aparece: Entre 2017 y 2020, ocurrieron 20 femicidios en R\u00edo Cuarto, Las Higueras, Villa Mar\u00eda, Villa Nueva, Oliva, Cruz del Eje, Capilla del Monte y Villa de Soto.<\/p>\n\n\n\n<p>En la mayor\u00eda de los casos, los agresores pertenecen a los c\u00edrculos \u00edntimos y afectivos de las v\u00edctimas. El 60% de los femicidios fueron efectuados por varones que manten\u00edan o mantuvieron v\u00ednculos sexo-afectivos con las mujeres y el 20%, fueron llevados a cabo por padres o familiares.<\/p>\n\n\n\n<p>La mayor cantidad de mujeres asesinadas por femicidio se ubican en la franja etaria que va de los 46 a 60 a\u00f1os y le sigue la franja de 31 a 45 a\u00f1os. Tambi\u00e9n hubo femicidios vinculados (a hijos o hijas).<\/p>\n\n\n\n<p>Seg\u00fan la informaci\u00f3n recabada, un 40% de las mujeres asesinadas por femicidio hab\u00edan denunciado a sus agresores.<\/p>\n\n\n\n<p><\/p>\n\n\n\n<p><\/p>\n\n\n\n<figure class=\"wp-block-image size-full is-resized\"><img data-recalc-dims=\"1\" loading=\"lazy\" decoding=\"async\" src=\"https:\/\/i0.wp.com\/elregionalvm.com.ar\/noticias-villa-maria\/wp-content\/uploads\/2022\/06\/Edades-victima-de-femicidios-Estudio-cartografico.jpg?resize=909%2C700&#038;ssl=1\" alt=\"\" class=\"wp-image-58680\" width=\"909\" height=\"700\" srcset=\"https:\/\/i0.wp.com\/elregionalvm.com.ar\/noticias-villa-maria\/wp-content\/uploads\/2022\/06\/Edades-victima-de-femicidios-Estudio-cartografico.jpg?w=730&amp;ssl=1 730w, https:\/\/i0.wp.com\/elregionalvm.com.ar\/noticias-villa-maria\/wp-content\/uploads\/2022\/06\/Edades-victima-de-femicidios-Estudio-cartografico.jpg?resize=300%2C231&amp;ssl=1 300w\" sizes=\"(max-width: 909px) 100vw, 909px\" \/><figcaption><em>Edades de las v\u00edctimas y el v\u00ednculo con los agresores. <\/em><\/figcaption><\/figure>\n\n\n\n<p><\/p>\n\n\n\n<p><strong>El peligro en casa<\/strong><\/p>\n\n\n\n<p>El informe expone que el lugar m\u00e1s peligroso es el domicilio, lugar donde ocurre la mayor\u00eda de los femicidios. Le siguen, en el mismo porcentaje, su lugar de trabajo, el domicilio del agresor y el espacio p\u00fablico.<\/p>\n\n\n\n<p>En el 80% de los casos, es en sus c\u00edrculos \u00edntimos y cercanos donde las mujeres viven violencias extremas.<\/p>\n\n\n\n<p>Hubo dos casos de femicidios vinculados (hijas e hijos) menores de 15 a\u00f1os, y el resto son femicidios directos de mayores de 16 a\u00f1os en adelante. La mayor cantidad de casos sucede en la franja etaria que va de 46 a 60 a\u00f1os.<\/p>\n\n\n\n<p><\/p>\n\n\n\n<figure class=\"wp-block-image size-full is-resized\"><img data-recalc-dims=\"1\" loading=\"lazy\" decoding=\"async\" src=\"https:\/\/i0.wp.com\/elregionalvm.com.ar\/noticias-villa-maria\/wp-content\/uploads\/2022\/06\/Denuncias-femicidio-estudio-cartografico.jpg?resize=909%2C676&#038;ssl=1\" alt=\"\" class=\"wp-image-58681\" width=\"909\" height=\"676\" srcset=\"https:\/\/i0.wp.com\/elregionalvm.com.ar\/noticias-villa-maria\/wp-content\/uploads\/2022\/06\/Denuncias-femicidio-estudio-cartografico.jpg?w=730&amp;ssl=1 730w, https:\/\/i0.wp.com\/elregionalvm.com.ar\/noticias-villa-maria\/wp-content\/uploads\/2022\/06\/Denuncias-femicidio-estudio-cartografico.jpg?resize=300%2C223&amp;ssl=1 300w\" sizes=\"(max-width: 909px) 100vw, 909px\" \/><figcaption><em>Datos sobre las denuncias previas y el estado procesal de los asesinos. <\/em><\/figcaption><\/figure>\n\n\n\n<p><\/p>\n\n\n\n<p><strong>Estado procesal<\/strong><\/p>\n\n\n\n<p>En cuanto al estado procesal de los agresores, en Argentina desde 2017 se encuentra un 30% de imputados y un 25% de condenados. A\u00fan hay casos en los que \u201cse desconoce\u201d la identidad del agresor o donde son \u201cabsueltos\u201d, lo cual es desalentador, sostienen.<\/p>\n\n\n\n<p>Muchos otros agresores se suicidan luego del delito.<\/p>\n\n\n\n<p><\/p>\n\n\n\n<figure class=\"wp-block-pullquote\"><blockquote><p><strong>Entre las regiones analizadas, Villa Mar\u00eda (que presenta mayor cantidad de femicidios cada 50 mil habitantes) es la que muestra estadios m\u00e1s elevados de estados procesales: no hay casos absueltos ni en los que se desconozca el agresor.<\/strong><\/p><\/blockquote><\/figure>\n\n\n\n<p><\/p>\n\n\n\n<p>Entre las regiones analizadas, Villa Mar\u00eda (que presenta mayor cantidad de femicidios cada 50 mil habitantes) es la que muestra estadios m\u00e1s elevados de estados procesales: no hay casos absueltos ni en los que se desconozca el agresor.<\/p>\n\n\n\n<p>R\u00edo Cuarto presenta en misma medida casos absueltos, desconocidos, imputados y condenados. Cruz del Eje presenta m\u00e1s imputados que condenados, y un caso sin resolver la identidad del agresor.<\/p>\n\n\n\n<p><strong>Escena del crimen<\/strong><\/p>\n\n\n\n<p>Los cuerpos de las v\u00edctimas suelen ser hallados en la escena del crimen (en un solo caso ambas ubicaciones no coincidieron ya que el agresor traslad\u00f3 el cuerpo).<\/p>\n\n\n\n<p>\u201cCreemos que esto se vincula con la idea de que los femicidios son un mensaje utilizado dentro del lenguaje de la violencia patriarcal extrema, para comunicarnos a otras mujeres qu\u00e9 pasa cuando intentamos mover las estructuras del sistema desde nuestros v\u00ednculos \u00edntimos\u201d, concluyeron.<\/p>\n\n\n\n<p><\/p>\n\n\n\n<p><\/p>\n\n\n\n<h4 class=\"wp-block-heading\"><strong>Le\u00e9 m\u00e1s:<\/strong><\/h4>\n\n\n\n<figure class=\"wp-block-embed is-type-wp-embed is-provider-el-regional wp-block-embed-el-regional\"><div class=\"wp-block-embed__wrapper\">\n<blockquote class=\"wp-embedded-content\" data-secret=\"s6QGOseRc9\"><a href=\"https:\/\/elregionalvm.com.ar\/noticias-villa-maria\/cronica-el-femicidio-de-claudia-rodriguez-a-10-anos\/\">[Cr\u00f3nica] El femicidio de Claudia Rodr\u00edguez, a 10 a\u00f1os<\/a><\/blockquote><iframe class=\"wp-embedded-content\" sandbox=\"allow-scripts\" security=\"restricted\" style=\"position: absolute; clip: rect(1px, 1px, 1px, 1px);\" title=\"\u00ab[Cr\u00f3nica] El femicidio de Claudia Rodr\u00edguez, a 10 a\u00f1os\u00bb \u2014 El Regional\" src=\"https:\/\/elregionalvm.com.ar\/noticias-villa-maria\/cronica-el-femicidio-de-claudia-rodriguez-a-10-anos\/embed\/#?secret=wzrQvM1lMi#?secret=s6QGOseRc9\" data-secret=\"s6QGOseRc9\" width=\"500\" height=\"282\" frameborder=\"0\" marginwidth=\"0\" marginheight=\"0\" scrolling=\"no\"><\/iframe>\n<\/div><\/figure>\n\n\n\n<p><\/p>\n\n\n\n<h4 class=\"has-ast-global-color-5-color has-luminous-vivid-orange-background-color has-text-color has-background wp-block-heading\"><strong>Los femicidios con nombres propios<\/strong><\/h4>\n\n\n\n<p><\/p>\n\n\n\n<p><strong>2017<\/strong><\/p>\n\n\n\n<ul class=\"wp-block-list\"><li><strong>Mar\u00eda Luj\u00e1n Aguilera<\/strong> -16 de enero- (34) En la c\u00e1rcel de Villa Mar\u00eda, un preso que cumpl\u00eda condena desde el 2006 por el asesinato de una mujer y la hija de ambos, asesin\u00f3 a su actual pareja, al degollarla con un cuchillo y luego se suicid\u00f3.&nbsp; El victimario era Franco Arsenio Ben\u00edtez, de 35 a\u00f1os.<\/li><\/ul>\n\n\n\n<ul class=\"wp-block-list\"><li><strong>Alicia Copa<\/strong> -13 de marzo- (48), asesinada por su exmarido en su casa de barrio La Calera, delante de sus hijos de 7 y 10 a\u00f1os. Luego, el agresor se quit\u00f3 la vida.&nbsp;<\/li><\/ul>\n\n\n\n<ul class=\"wp-block-list\"><li><strong>Tamara C\u00f3rdoba<\/strong>, 25 de abril &#8211; (20) fue encontrada en un descampado de Pueblos Originarios y Tucum\u00e1n, a metros de la avenida Carranza, del B\u00ba Sarmiento en la localidad de Villa Nueva. La estrangularon y despu\u00e9s la quemaron. Su femicida fue un hermanastro, Alan Barrios, condenado a perpetua.<\/li><\/ul>\n\n\n\n<p><\/p>\n\n\n\n<figure class=\"wp-block-gallery has-nested-images columns-default is-cropped wp-block-gallery-2 is-layout-flex wp-block-gallery-is-layout-flex\">\n<figure class=\"wp-block-image size-large\"><img data-recalc-dims=\"1\" loading=\"lazy\" decoding=\"async\" width=\"803\" height=\"602\" data-id=\"58685\" src=\"https:\/\/i0.wp.com\/elregionalvm.com.ar\/noticias-villa-maria\/wp-content\/uploads\/2022\/06\/maria-lujan-aguilera-femicidio-Villa-Maria.jpg?resize=803%2C602&#038;ssl=1\" alt=\"\" class=\"wp-image-58685\" srcset=\"https:\/\/i0.wp.com\/elregionalvm.com.ar\/noticias-villa-maria\/wp-content\/uploads\/2022\/06\/maria-lujan-aguilera-femicidio-Villa-Maria.jpg?w=803&amp;ssl=1 803w, https:\/\/i0.wp.com\/elregionalvm.com.ar\/noticias-villa-maria\/wp-content\/uploads\/2022\/06\/maria-lujan-aguilera-femicidio-Villa-Maria.jpg?resize=300%2C225&amp;ssl=1 300w, https:\/\/i0.wp.com\/elregionalvm.com.ar\/noticias-villa-maria\/wp-content\/uploads\/2022\/06\/maria-lujan-aguilera-femicidio-Villa-Maria.jpg?resize=768%2C576&amp;ssl=1 768w\" sizes=\"(max-width: 803px) 100vw, 803px\" \/><\/figure>\n\n\n\n<figure class=\"wp-block-image size-large\"><img data-recalc-dims=\"1\" loading=\"lazy\" decoding=\"async\" width=\"1280\" height=\"720\" data-id=\"58687\" src=\"https:\/\/i0.wp.com\/elregionalvm.com.ar\/noticias-villa-maria\/wp-content\/uploads\/2022\/06\/Alicia-Copa-femicidio-Villa-Maria.jpg?resize=1280%2C720&#038;ssl=1\" alt=\"\" class=\"wp-image-58687\" srcset=\"https:\/\/i0.wp.com\/elregionalvm.com.ar\/noticias-villa-maria\/wp-content\/uploads\/2022\/06\/Alicia-Copa-femicidio-Villa-Maria.jpg?w=1280&amp;ssl=1 1280w, https:\/\/i0.wp.com\/elregionalvm.com.ar\/noticias-villa-maria\/wp-content\/uploads\/2022\/06\/Alicia-Copa-femicidio-Villa-Maria.jpg?resize=300%2C169&amp;ssl=1 300w, https:\/\/i0.wp.com\/elregionalvm.com.ar\/noticias-villa-maria\/wp-content\/uploads\/2022\/06\/Alicia-Copa-femicidio-Villa-Maria.jpg?resize=1024%2C576&amp;ssl=1 1024w, https:\/\/i0.wp.com\/elregionalvm.com.ar\/noticias-villa-maria\/wp-content\/uploads\/2022\/06\/Alicia-Copa-femicidio-Villa-Maria.jpg?resize=768%2C432&amp;ssl=1 768w\" sizes=\"(max-width: 1000px) 100vw, 1000px\" \/><\/figure>\n\n\n\n<figure class=\"wp-block-image size-large\"><img data-recalc-dims=\"1\" loading=\"lazy\" decoding=\"async\" width=\"800\" height=\"526\" data-id=\"58684\" src=\"https:\/\/i0.wp.com\/elregionalvm.com.ar\/noticias-villa-maria\/wp-content\/uploads\/2022\/06\/Tamara-Cordoba-femicidio.jpg?resize=800%2C526&#038;ssl=1\" alt=\"\" class=\"wp-image-58684\" srcset=\"https:\/\/i0.wp.com\/elregionalvm.com.ar\/noticias-villa-maria\/wp-content\/uploads\/2022\/06\/Tamara-Cordoba-femicidio.jpg?w=800&amp;ssl=1 800w, https:\/\/i0.wp.com\/elregionalvm.com.ar\/noticias-villa-maria\/wp-content\/uploads\/2022\/06\/Tamara-Cordoba-femicidio.jpg?resize=300%2C197&amp;ssl=1 300w, https:\/\/i0.wp.com\/elregionalvm.com.ar\/noticias-villa-maria\/wp-content\/uploads\/2022\/06\/Tamara-Cordoba-femicidio.jpg?resize=768%2C505&amp;ssl=1 768w\" sizes=\"(max-width: 800px) 100vw, 800px\" \/><\/figure>\n\n\n\n<figure class=\"wp-block-image size-large\"><img data-recalc-dims=\"1\" loading=\"lazy\" decoding=\"async\" width=\"1200\" height=\"900\" data-id=\"58686\" src=\"https:\/\/i0.wp.com\/elregionalvm.com.ar\/noticias-villa-maria\/wp-content\/uploads\/2022\/06\/Olga-Moyano-femicidio-Villa-Maria.jpg?resize=1200%2C900&#038;ssl=1\" alt=\"\" class=\"wp-image-58686\" srcset=\"https:\/\/i0.wp.com\/elregionalvm.com.ar\/noticias-villa-maria\/wp-content\/uploads\/2022\/06\/Olga-Moyano-femicidio-Villa-Maria.jpg?w=1200&amp;ssl=1 1200w, https:\/\/i0.wp.com\/elregionalvm.com.ar\/noticias-villa-maria\/wp-content\/uploads\/2022\/06\/Olga-Moyano-femicidio-Villa-Maria.jpg?resize=300%2C225&amp;ssl=1 300w, https:\/\/i0.wp.com\/elregionalvm.com.ar\/noticias-villa-maria\/wp-content\/uploads\/2022\/06\/Olga-Moyano-femicidio-Villa-Maria.jpg?resize=1024%2C768&amp;ssl=1 1024w, https:\/\/i0.wp.com\/elregionalvm.com.ar\/noticias-villa-maria\/wp-content\/uploads\/2022\/06\/Olga-Moyano-femicidio-Villa-Maria.jpg?resize=768%2C576&amp;ssl=1 768w\" sizes=\"(max-width: 1000px) 100vw, 1000px\" \/><\/figure>\n\n\n\n<figure class=\"wp-block-image size-large\"><img data-recalc-dims=\"1\" loading=\"lazy\" decoding=\"async\" width=\"1024\" height=\"768\" data-id=\"58688\" src=\"https:\/\/i0.wp.com\/elregionalvm.com.ar\/noticias-villa-maria\/wp-content\/uploads\/2022\/06\/Ana-Barcelona-Maria-Picco-femicidio-villa-nueva.jpg?resize=1024%2C768&#038;ssl=1\" alt=\"\" class=\"wp-image-58688\" srcset=\"https:\/\/i0.wp.com\/elregionalvm.com.ar\/noticias-villa-maria\/wp-content\/uploads\/2022\/06\/Ana-Barcelona-Maria-Picco-femicidio-villa-nueva.jpg?resize=1024%2C768&amp;ssl=1 1024w, https:\/\/i0.wp.com\/elregionalvm.com.ar\/noticias-villa-maria\/wp-content\/uploads\/2022\/06\/Ana-Barcelona-Maria-Picco-femicidio-villa-nueva.jpg?resize=300%2C225&amp;ssl=1 300w, https:\/\/i0.wp.com\/elregionalvm.com.ar\/noticias-villa-maria\/wp-content\/uploads\/2022\/06\/Ana-Barcelona-Maria-Picco-femicidio-villa-nueva.jpg?resize=768%2C576&amp;ssl=1 768w, https:\/\/i0.wp.com\/elregionalvm.com.ar\/noticias-villa-maria\/wp-content\/uploads\/2022\/06\/Ana-Barcelona-Maria-Picco-femicidio-villa-nueva.jpg?w=1200&amp;ssl=1 1200w\" sizes=\"(max-width: 1000px) 100vw, 1000px\" \/><\/figure>\n<figcaption class=\"blocks-gallery-caption\"><em>Mar\u00eda Luj\u00e1n, Alicia, Tamara, Olga, Ana Mercedes y Mar\u00eda Gracia, las v\u00edctimas en 2017.<\/em><\/figcaption><\/figure>\n\n\n\n<p><\/p>\n\n\n\n<ul class=\"wp-block-list\"><li><strong>Olga In\u00e9s Moyano<\/strong> \u2013 17de junio (46) El cuerpo descuartizado de la mujer fue hallado en un contenedor al frente de una obra en construcci\u00f3n en barrio Ameghino. Osvaldo Varela fue condenado a perpetua por el femicidio: la hab\u00eda atado, abusado, ahorcado y descuartizado.<\/li><\/ul>\n\n\n\n<ul class=\"wp-block-list\"><li><strong>Ana Mercedes Barcelona<\/strong> (66) y <strong>Mar\u00eda Gracia Picco<\/strong> (27) \u2013 14 de julio. Juan Esteban Picco de 78 a\u00f1os, asesin\u00f3 a su esposa Ana Mercedes y a su hija Mar\u00eda Gracia y luego se quit\u00f3 la vida. Fue en un domicilio de la calle Comercio en Villa Nueva. El femicida les dispar\u00f3 con una escopeta doble ca\u00f1o, calibre 16. No hubo denuncias previas.<\/li><\/ul>\n\n\n\n<p><strong>2018<\/strong><\/p>\n\n\n\n<p>C<strong>eleste Natal\u00ed Torres<\/strong> (32). Fue asesinada a pu\u00f1aladas por su expareja, quien ten\u00eda una orden de restricci\u00f3n de acercamiento. Despu\u00e9s de casi tres a\u00f1os del femicidio ocurrido en Oliva, Luis Villagra fue condenado a prisi\u00f3n perpetua. Fue acusado por los delitos de homicidio triplemente calificado por mediar violencia de g\u00e9nero, por el v\u00ednculo y por alevos\u00eda.<\/p>\n\n\n\n<p><strong>2019<\/strong><\/p>\n\n\n\n<ul class=\"wp-block-list\"><li><strong>Carmen Raquel G\u00f3mez<\/strong>&#8211; (57) 5 de octubre. Recibi\u00f3 varias pu\u00f1aladas en la zona abdominal a manos de Osvaldo Quevedo, con quien hab\u00eda mantenido una relaci\u00f3n afectiva durante tres d\u00e9cadas. Carmen se encontraba en su lugar de trabajo, cuando fue abordada por su expareja, quien ten\u00eda orden de restricci\u00f3n. Quevedo fue condenado a prisi\u00f3n perpetua.<\/li><\/ul>\n\n\n\n<ul class=\"wp-block-list\"><li><strong>Ana Beatriz Fern\u00e1ndez<\/strong> (54) \u2013 28 de diciembre. Recibi\u00f3 18 pu\u00f1aladas delante de su nieto.<\/li><\/ul>\n\n\n\n<p>La C\u00e1mara del Crimen conden\u00f3 a prisi\u00f3n perpetua a Jonathan Leonardo Gonz\u00e1lez (28 a\u00f1os) por el femicidio. El asesino ten\u00eda una detenci\u00f3n previa por una denuncia de violencia de g\u00e9nero realizada por la mujer.<\/p>\n\n\n\n<p><\/p>\n\n\n\n<figure class=\"wp-block-gallery has-nested-images columns-default is-cropped wp-block-gallery-3 is-layout-flex wp-block-gallery-is-layout-flex\">\n<figure class=\"wp-block-image size-large\"><img data-recalc-dims=\"1\" loading=\"lazy\" decoding=\"async\" width=\"586\" height=\"468\" data-id=\"58690\" src=\"https:\/\/i0.wp.com\/elregionalvm.com.ar\/noticias-villa-maria\/wp-content\/uploads\/2022\/06\/Celeste-Torres-femicidio-Oliva.jpg?resize=586%2C468&#038;ssl=1\" alt=\"\" class=\"wp-image-58690\" srcset=\"https:\/\/i0.wp.com\/elregionalvm.com.ar\/noticias-villa-maria\/wp-content\/uploads\/2022\/06\/Celeste-Torres-femicidio-Oliva.jpg?w=586&amp;ssl=1 586w, https:\/\/i0.wp.com\/elregionalvm.com.ar\/noticias-villa-maria\/wp-content\/uploads\/2022\/06\/Celeste-Torres-femicidio-Oliva.jpg?resize=300%2C240&amp;ssl=1 300w, https:\/\/i0.wp.com\/elregionalvm.com.ar\/noticias-villa-maria\/wp-content\/uploads\/2022\/06\/Celeste-Torres-femicidio-Oliva.jpg?resize=250%2C200&amp;ssl=1 250w\" sizes=\"(max-width: 586px) 100vw, 586px\" \/><\/figure>\n\n\n\n<figure class=\"wp-block-image size-large\"><img data-recalc-dims=\"1\" loading=\"lazy\" decoding=\"async\" width=\"636\" height=\"720\" data-id=\"58692\" src=\"https:\/\/i0.wp.com\/elregionalvm.com.ar\/noticias-villa-maria\/wp-content\/uploads\/2022\/06\/Ana-Fernandez-femicidio-Villa-Maria.jpg?resize=636%2C720&#038;ssl=1\" alt=\"\" class=\"wp-image-58692\" srcset=\"https:\/\/i0.wp.com\/elregionalvm.com.ar\/noticias-villa-maria\/wp-content\/uploads\/2022\/06\/Ana-Fernandez-femicidio-Villa-Maria.jpg?w=636&amp;ssl=1 636w, https:\/\/i0.wp.com\/elregionalvm.com.ar\/noticias-villa-maria\/wp-content\/uploads\/2022\/06\/Ana-Fernandez-femicidio-Villa-Maria.jpg?resize=265%2C300&amp;ssl=1 265w\" sizes=\"(max-width: 636px) 100vw, 636px\" \/><\/figure>\n\n\n\n<figure class=\"wp-block-image size-large\"><img data-recalc-dims=\"1\" loading=\"lazy\" decoding=\"async\" width=\"600\" height=\"400\" data-id=\"58691\" src=\"https:\/\/i0.wp.com\/elregionalvm.com.ar\/noticias-villa-maria\/wp-content\/uploads\/2022\/06\/Elena-Luna-femicidio-Villa-Maria.jpg?resize=600%2C400&#038;ssl=1\" alt=\"\" class=\"wp-image-58691\" srcset=\"https:\/\/i0.wp.com\/elregionalvm.com.ar\/noticias-villa-maria\/wp-content\/uploads\/2022\/06\/Elena-Luna-femicidio-Villa-Maria.jpg?w=600&amp;ssl=1 600w, https:\/\/i0.wp.com\/elregionalvm.com.ar\/noticias-villa-maria\/wp-content\/uploads\/2022\/06\/Elena-Luna-femicidio-Villa-Maria.jpg?resize=300%2C200&amp;ssl=1 300w\" sizes=\"(max-width: 600px) 100vw, 600px\" \/><\/figure>\n\n\n\n<figure class=\"wp-block-image size-large\"><img data-recalc-dims=\"1\" loading=\"lazy\" decoding=\"async\" width=\"746\" height=\"594\" data-id=\"58689\" src=\"https:\/\/i0.wp.com\/elregionalvm.com.ar\/noticias-villa-maria\/wp-content\/uploads\/2022\/06\/Liliana-Steffanatto-femicidio-Villa-Maria.jpg?resize=746%2C594&#038;ssl=1\" alt=\"\" class=\"wp-image-58689\" srcset=\"https:\/\/i0.wp.com\/elregionalvm.com.ar\/noticias-villa-maria\/wp-content\/uploads\/2022\/06\/Liliana-Steffanatto-femicidio-Villa-Maria.jpg?w=746&amp;ssl=1 746w, https:\/\/i0.wp.com\/elregionalvm.com.ar\/noticias-villa-maria\/wp-content\/uploads\/2022\/06\/Liliana-Steffanatto-femicidio-Villa-Maria.jpg?resize=300%2C239&amp;ssl=1 300w, https:\/\/i0.wp.com\/elregionalvm.com.ar\/noticias-villa-maria\/wp-content\/uploads\/2022\/06\/Liliana-Steffanatto-femicidio-Villa-Maria.jpg?resize=250%2C200&amp;ssl=1 250w\" sizes=\"(max-width: 746px) 100vw, 746px\" \/><\/figure>\n<figcaption class=\"blocks-gallery-caption\"><em>Celeste (Oliva), Ana Beatriz, Elena y Liliana, m\u00e1s rostros de mujeres v\u00edctimas. <\/em><\/figcaption><\/figure>\n\n\n\n<p><\/p>\n\n\n\n<p><strong>2020<\/strong><\/p>\n\n\n\n<p><strong>Elena Mercedes Luna<\/strong> (46) 17 de febrero. Fue encontrada muerta a golpes en su casa de Barrio Las Playas. Tras varios d\u00edas de investigaci\u00f3n, el fiscal Ren\u00e9 Bosio orden\u00f3 la detenci\u00f3n de Jos\u00e9 P\u00e9rez, un hombre que conoc\u00eda a Elena y que fue imputado de homicidio calificado por el v\u00ednculo y por mediar violencia de g\u00e9nero. <\/p>\n\n\n\n<p>La Justicia conden\u00f3 a perpetua al taxista por el femicidio y por \u201cexplotaci\u00f3n econ\u00f3mica de la prostituci\u00f3n calificada por el v\u00ednculo\u201d. Elena hab\u00eda recibido 156 golpes.&nbsp;<\/p>\n\n\n\n<p><strong>2021<\/strong><\/p>\n\n\n\n<p>No est\u00e1 incluido en el informe, pero agregamos un caso m\u00e1s:<\/p>\n\n\n\n<ul class=\"wp-block-list\"><li><strong>Liliana Stefanetto <\/strong>(54) &#8211; 1 de febrero. Fue encontrada muerta en la cocina &#8211; comedor de su departamento en Barrio Centro. La polic\u00eda detuvo a quien fuera su pareja, Ignacio Aldeco, en la madrugada del 2 de febrero. Registraba denuncias por violencia de g\u00e9nero desde el a\u00f1o 2019.<\/li><\/ul>\n\n\n\n<p><\/p>\n\n\n\n<p><strong><em>(*) Listado elaborado con informaci\u00f3n del \u00e1rea de Derechos Sociales, G\u00e9nero y Diversidad de Villa Mar\u00eda y de otras fuentes, a partir de los femicidios incluidos en el informe de la nota.<\/em><\/strong><\/p>\n","protected":false},"excerpt":{"rendered":"<p>Un femicidio cada 35 horas se produjeron en el pa\u00eds el a\u00f1o pasado, seg\u00fan datos del Registro Nacional de Femicidios de la Justicia Argentina. Entonces, hubo 251 v\u00edctimas letales de violencia de g\u00e9nero. De ellas, 231 fueron v\u00edctimas directas y, al menos, 20 fueron vinculadas. En nuestra provincia, un informe impulsado por CISCSA Ciudades Feministas [&hellip;]<\/p>\n","protected":false},"author":6,"featured_media":33768,"comment_status":"open","ping_status":"open","sticky":false,"template":"","format":"standard","meta":{"site-sidebar-layout":"default","site-content-layout":"","ast-site-content-layout":"default","site-content-style":"default","site-sidebar-style":"default","ast-global-header-display":"","ast-banner-title-visibility":"","ast-main-header-display":"","ast-hfb-above-header-display":"","ast-hfb-below-header-display":"","ast-hfb-mobile-header-display":"","site-post-title":"","ast-breadcrumbs-content":"","ast-featured-img":"","footer-sml-layout":"","ast-disable-related-posts":"","theme-transparent-header-meta":"","adv-header-id-meta":"","stick-header-meta":"","header-above-stick-meta":"","header-main-stick-meta":"","header-below-stick-meta":"","astra-migrate-meta-layouts":"default","ast-page-background-enabled":"default","ast-page-background-meta":{"desktop":{"background-color":"","background-image":"","background-repeat":"repeat","background-position":"center center","background-size":"auto","background-attachment":"scroll","background-type":"","background-media":"","overlay-type":"","overlay-color":"","overlay-opacity":"","overlay-gradient":""},"tablet":{"background-color":"","background-image":"","background-repeat":"repeat","background-position":"center center","background-size":"auto","background-attachment":"scroll","background-type":"","background-media":"","overlay-type":"","overlay-color":"","overlay-opacity":"","overlay-gradient":""},"mobile":{"background-color":"","background-image":"","background-repeat":"repeat","background-position":"center center","background-size":"auto","background-attachment":"scroll","background-type":"","background-media":"","overlay-type":"","overlay-color":"","overlay-opacity":"","overlay-gradient":""}},"ast-content-background-meta":{"desktop":{"background-color":"var(--ast-global-color-5)","background-image":"","background-repeat":"repeat","background-position":"center center","background-size":"auto","background-attachment":"scroll","background-type":"","background-media":"","overlay-type":"","overlay-color":"","overlay-opacity":"","overlay-gradient":""},"tablet":{"background-color":"var(--ast-global-color-5)","background-image":"","background-repeat":"repeat","background-position":"center center","background-size":"auto","background-attachment":"scroll","background-type":"","background-media":"","overlay-type":"","overlay-color":"","overlay-opacity":"","overlay-gradient":""},"mobile":{"background-color":"var(--ast-global-color-5)","background-image":"","background-repeat":"repeat","background-position":"center center","background-size":"auto","background-attachment":"scroll","background-type":"","background-media":"","overlay-type":"","overlay-color":"","overlay-opacity":"","overlay-gradient":""}},"_jetpack_memberships_contains_paid_content":false,"_joinchat":[],"footnotes":""},"categories":[3557,2],"tags":[16018,11617,16017,16016,322,5754,7742,5578,3300,101,3155,3462,232,157],"class_list":["post-58675","post","type-post","status-publish","format-standard","has-post-thumbnail","hentry","category-tercera","category-villa-maria","tag-asesinos","tag-ciscsa","tag-ciudades","tag-ciudades-feministas","tag-cordoba","tag-cruz-del-eje","tag-delitos","tag-femicidios","tag-informe","tag-oliva","tag-rio-cuarto","tag-victima","tag-villa-nueva","tag-violencia-de-genero"],"yoast_head":"<!-- This site is optimized with the Yoast SEO plugin v26.8 - https:\/\/yoast.com\/product\/yoast-seo-wordpress\/ -->\n<title>Villa Mar\u00eda, la ciudad con mayor cantidad de femicidios en la provincia (Informe Especial) - El Regional<\/title>\n<meta name=\"description\" content=\"Sum\u00f3 un total de cuatro de estos delitos, mientras que Cruz del Eje tuvo tres y R\u00edo Cuarto, dos, entre los a\u00f1os 2017 y 2020.\" \/>\n<meta name=\"robots\" content=\"index, follow, max-snippet:-1, max-image-preview:large, max-video-preview:-1\" \/>\n<link rel=\"canonical\" href=\"http:\/\/elregionalvm.com.ar\/noticias-villa-maria\/villa-maria-la-ciudad-con-mayor-cantidad-de-femicidios-en-la-provincia-cada-50-mil-habitantes\/\" \/>\n<meta property=\"og:locale\" content=\"es_ES\" \/>\n<meta property=\"og:type\" content=\"article\" \/>\n<meta property=\"og:title\" content=\"Villa Mar\u00eda, la ciudad con mayor cantidad de femicidios en la provincia (Informe Especial) - El Regional\" \/>\n<meta property=\"og:description\" content=\"Sum\u00f3 un total de cuatro de estos delitos, mientras que Cruz del Eje tuvo tres y R\u00edo Cuarto, dos, entre los a\u00f1os 2017 y 2020.\" \/>\n<meta property=\"og:url\" content=\"http:\/\/elregionalvm.com.ar\/noticias-villa-maria\/villa-maria-la-ciudad-con-mayor-cantidad-de-femicidios-en-la-provincia-cada-50-mil-habitantes\/\" \/>\n<meta property=\"og:site_name\" content=\"El Regional\" \/>\n<meta property=\"article:publisher\" content=\"https:\/\/www.facebook.com\/elregionalvm\" \/>\n<meta property=\"article:published_time\" content=\"2022-06-10T02:18:09+00:00\" \/>\n<meta property=\"article:modified_time\" content=\"2022-06-14T01:13:43+00:00\" \/>\n<meta property=\"og:image\" content=\"http:\/\/elregionalvm.com.ar\/noticias-villa-maria\/wp-content\/uploads\/2021\/03\/8M-marcha-2021-1.jpeg\" \/>\n\t<meta property=\"og:image:width\" content=\"944\" \/>\n\t<meta property=\"og:image:height\" content=\"613\" \/>\n\t<meta property=\"og:image:type\" content=\"image\/jpeg\" \/>\n<meta name=\"author\" content=\"Germ\u00e1n Giacchero\" \/>\n<meta name=\"twitter:card\" content=\"summary_large_image\" \/>\n<meta name=\"twitter:creator\" content=\"@elregionalvm1\" \/>\n<meta name=\"twitter:site\" content=\"@elregionalvm1\" \/>\n<meta name=\"twitter:label1\" content=\"Escrito por\" \/>\n\t<meta name=\"twitter:data1\" content=\"Germ\u00e1n Giacchero\" \/>\n\t<meta name=\"twitter:label2\" content=\"Tiempo de lectura\" \/>\n\t<meta name=\"twitter:data2\" content=\"11 minutos\" \/>\n<script type=\"application\/ld+json\" class=\"yoast-schema-graph\">{\"@context\":\"https:\/\/schema.org\",\"@graph\":[{\"@type\":\"Article\",\"@id\":\"http:\/\/elregionalvm.com.ar\/noticias-villa-maria\/villa-maria-la-ciudad-con-mayor-cantidad-de-femicidios-en-la-provincia-cada-50-mil-habitantes\/#article\",\"isPartOf\":{\"@id\":\"http:\/\/elregionalvm.com.ar\/noticias-villa-maria\/villa-maria-la-ciudad-con-mayor-cantidad-de-femicidios-en-la-provincia-cada-50-mil-habitantes\/\"},\"author\":{\"name\":\"Germ\u00e1n Giacchero\",\"@id\":\"http:\/\/elregionalvm.com.ar\/noticias-villa-maria\/#\/schema\/person\/d5e4b04966154131701e52c45d3efec9\"},\"headline\":\"Villa Mar\u00eda, la ciudad con mayor cantidad de femicidios en la provincia (Informe Especial)\",\"datePublished\":\"2022-06-10T02:18:09+00:00\",\"dateModified\":\"2022-06-14T01:13:43+00:00\",\"mainEntityOfPage\":{\"@id\":\"http:\/\/elregionalvm.com.ar\/noticias-villa-maria\/villa-maria-la-ciudad-con-mayor-cantidad-de-femicidios-en-la-provincia-cada-50-mil-habitantes\/\"},\"wordCount\":1793,\"commentCount\":0,\"image\":{\"@id\":\"http:\/\/elregionalvm.com.ar\/noticias-villa-maria\/villa-maria-la-ciudad-con-mayor-cantidad-de-femicidios-en-la-provincia-cada-50-mil-habitantes\/#primaryimage\"},\"thumbnailUrl\":\"https:\/\/i0.wp.com\/elregionalvm.com.ar\/noticias-villa-maria\/wp-content\/uploads\/2021\/03\/8M-marcha-2021-1.jpeg?fit=944%2C613&ssl=1\",\"keywords\":[\"asesinos\",\"CISCSA\",\"ciudades\",\"ciudades feministas\",\"c\u00f3rdoba\",\"Cruz del Eje\",\"delitos\",\"Femicidios\",\"Informe\",\"Oliva\",\"R\u00edo Cuarto\",\"v\u00edctima\",\"VILLA NUEVA\",\"violencia de g\u00e9nero\"],\"articleSection\":[\"tercera\",\"Villa Mar\u00eda\"],\"inLanguage\":\"es\",\"potentialAction\":[{\"@type\":\"CommentAction\",\"name\":\"Comment\",\"target\":[\"http:\/\/elregionalvm.com.ar\/noticias-villa-maria\/villa-maria-la-ciudad-con-mayor-cantidad-de-femicidios-en-la-provincia-cada-50-mil-habitantes\/#respond\"]}]},{\"@type\":\"WebPage\",\"@id\":\"http:\/\/elregionalvm.com.ar\/noticias-villa-maria\/villa-maria-la-ciudad-con-mayor-cantidad-de-femicidios-en-la-provincia-cada-50-mil-habitantes\/\",\"url\":\"http:\/\/elregionalvm.com.ar\/noticias-villa-maria\/villa-maria-la-ciudad-con-mayor-cantidad-de-femicidios-en-la-provincia-cada-50-mil-habitantes\/\",\"name\":\"Villa Mar\u00eda, la ciudad con mayor cantidad de femicidios en la provincia (Informe Especial) - El Regional\",\"isPartOf\":{\"@id\":\"http:\/\/elregionalvm.com.ar\/noticias-villa-maria\/#website\"},\"primaryImageOfPage\":{\"@id\":\"http:\/\/elregionalvm.com.ar\/noticias-villa-maria\/villa-maria-la-ciudad-con-mayor-cantidad-de-femicidios-en-la-provincia-cada-50-mil-habitantes\/#primaryimage\"},\"image\":{\"@id\":\"http:\/\/elregionalvm.com.ar\/noticias-villa-maria\/villa-maria-la-ciudad-con-mayor-cantidad-de-femicidios-en-la-provincia-cada-50-mil-habitantes\/#primaryimage\"},\"thumbnailUrl\":\"https:\/\/i0.wp.com\/elregionalvm.com.ar\/noticias-villa-maria\/wp-content\/uploads\/2021\/03\/8M-marcha-2021-1.jpeg?fit=944%2C613&ssl=1\",\"datePublished\":\"2022-06-10T02:18:09+00:00\",\"dateModified\":\"2022-06-14T01:13:43+00:00\",\"author\":{\"@id\":\"http:\/\/elregionalvm.com.ar\/noticias-villa-maria\/#\/schema\/person\/d5e4b04966154131701e52c45d3efec9\"},\"description\":\"Sum\u00f3 un total de cuatro de estos delitos, mientras que Cruz del Eje tuvo tres y R\u00edo Cuarto, dos, entre los a\u00f1os 2017 y 2020.\",\"breadcrumb\":{\"@id\":\"http:\/\/elregionalvm.com.ar\/noticias-villa-maria\/villa-maria-la-ciudad-con-mayor-cantidad-de-femicidios-en-la-provincia-cada-50-mil-habitantes\/#breadcrumb\"},\"inLanguage\":\"es\",\"potentialAction\":[{\"@type\":\"ReadAction\",\"target\":[\"http:\/\/elregionalvm.com.ar\/noticias-villa-maria\/villa-maria-la-ciudad-con-mayor-cantidad-de-femicidios-en-la-provincia-cada-50-mil-habitantes\/\"]}]},{\"@type\":\"ImageObject\",\"inLanguage\":\"es\",\"@id\":\"http:\/\/elregionalvm.com.ar\/noticias-villa-maria\/villa-maria-la-ciudad-con-mayor-cantidad-de-femicidios-en-la-provincia-cada-50-mil-habitantes\/#primaryimage\",\"url\":\"https:\/\/i0.wp.com\/elregionalvm.com.ar\/noticias-villa-maria\/wp-content\/uploads\/2021\/03\/8M-marcha-2021-1.jpeg?fit=944%2C613&ssl=1\",\"contentUrl\":\"https:\/\/i0.wp.com\/elregionalvm.com.ar\/noticias-villa-maria\/wp-content\/uploads\/2021\/03\/8M-marcha-2021-1.jpeg?fit=944%2C613&ssl=1\",\"width\":944,\"height\":613},{\"@type\":\"BreadcrumbList\",\"@id\":\"http:\/\/elregionalvm.com.ar\/noticias-villa-maria\/villa-maria-la-ciudad-con-mayor-cantidad-de-femicidios-en-la-provincia-cada-50-mil-habitantes\/#breadcrumb\",\"itemListElement\":[{\"@type\":\"ListItem\",\"position\":1,\"name\":\"Portada\",\"item\":\"https:\/\/elregionalvm.com.ar\/noticias-villa-maria\/\"},{\"@type\":\"ListItem\",\"position\":2,\"name\":\"Villa Mar\u00eda, la ciudad con mayor cantidad de femicidios en la provincia (Informe Especial)\"}]},{\"@type\":\"WebSite\",\"@id\":\"http:\/\/elregionalvm.com.ar\/noticias-villa-maria\/#website\",\"url\":\"http:\/\/elregionalvm.com.ar\/noticias-villa-maria\/\",\"name\":\"El Regional\",\"description\":\"Mucho m\u00e1s que informaci\u00f3n\",\"potentialAction\":[{\"@type\":\"SearchAction\",\"target\":{\"@type\":\"EntryPoint\",\"urlTemplate\":\"http:\/\/elregionalvm.com.ar\/noticias-villa-maria\/?s={search_term_string}\"},\"query-input\":{\"@type\":\"PropertyValueSpecification\",\"valueRequired\":true,\"valueName\":\"search_term_string\"}}],\"inLanguage\":\"es\"},{\"@type\":\"Person\",\"@id\":\"http:\/\/elregionalvm.com.ar\/noticias-villa-maria\/#\/schema\/person\/d5e4b04966154131701e52c45d3efec9\",\"name\":\"Germ\u00e1n Giacchero\",\"image\":{\"@type\":\"ImageObject\",\"inLanguage\":\"es\",\"@id\":\"http:\/\/elregionalvm.com.ar\/noticias-villa-maria\/#\/schema\/person\/image\/\",\"url\":\"https:\/\/secure.gravatar.com\/avatar\/fda163ba5ef0307ee5be9846e10f83b6e83d0cfb260d3b2464830318894c6b04?s=96&d=mm&r=g\",\"contentUrl\":\"https:\/\/secure.gravatar.com\/avatar\/fda163ba5ef0307ee5be9846e10f83b6e83d0cfb260d3b2464830318894c6b04?s=96&d=mm&r=g\",\"caption\":\"Germ\u00e1n Giacchero\"},\"url\":\"https:\/\/elregionalvm.com.ar\/noticias-villa-maria\/author\/germangiacchero\/\"}]}<\/script>\n<!-- \/ Yoast SEO plugin. -->","yoast_head_json":{"title":"Villa Mar\u00eda, la ciudad con mayor cantidad de femicidios en la provincia (Informe Especial) - El Regional","description":"Sum\u00f3 un total de cuatro de estos delitos, mientras que Cruz del Eje tuvo tres y R\u00edo Cuarto, dos, entre los a\u00f1os 2017 y 2020.","robots":{"index":"index","follow":"follow","max-snippet":"max-snippet:-1","max-image-preview":"max-image-preview:large","max-video-preview":"max-video-preview:-1"},"canonical":"http:\/\/elregionalvm.com.ar\/noticias-villa-maria\/villa-maria-la-ciudad-con-mayor-cantidad-de-femicidios-en-la-provincia-cada-50-mil-habitantes\/","og_locale":"es_ES","og_type":"article","og_title":"Villa Mar\u00eda, la ciudad con mayor cantidad de femicidios en la provincia (Informe Especial) - El Regional","og_description":"Sum\u00f3 un total de cuatro de estos delitos, mientras que Cruz del Eje tuvo tres y R\u00edo Cuarto, dos, entre los a\u00f1os 2017 y 2020.","og_url":"http:\/\/elregionalvm.com.ar\/noticias-villa-maria\/villa-maria-la-ciudad-con-mayor-cantidad-de-femicidios-en-la-provincia-cada-50-mil-habitantes\/","og_site_name":"El Regional","article_publisher":"https:\/\/www.facebook.com\/elregionalvm","article_published_time":"2022-06-10T02:18:09+00:00","article_modified_time":"2022-06-14T01:13:43+00:00","og_image":[{"width":944,"height":613,"url":"http:\/\/elregionalvm.com.ar\/noticias-villa-maria\/wp-content\/uploads\/2021\/03\/8M-marcha-2021-1.jpeg","type":"image\/jpeg"}],"author":"Germ\u00e1n Giacchero","twitter_card":"summary_large_image","twitter_creator":"@elregionalvm1","twitter_site":"@elregionalvm1","twitter_misc":{"Escrito por":"Germ\u00e1n Giacchero","Tiempo de lectura":"11 minutos"},"schema":{"@context":"https:\/\/schema.org","@graph":[{"@type":"Article","@id":"http:\/\/elregionalvm.com.ar\/noticias-villa-maria\/villa-maria-la-ciudad-con-mayor-cantidad-de-femicidios-en-la-provincia-cada-50-mil-habitantes\/#article","isPartOf":{"@id":"http:\/\/elregionalvm.com.ar\/noticias-villa-maria\/villa-maria-la-ciudad-con-mayor-cantidad-de-femicidios-en-la-provincia-cada-50-mil-habitantes\/"},"author":{"name":"Germ\u00e1n Giacchero","@id":"http:\/\/elregionalvm.com.ar\/noticias-villa-maria\/#\/schema\/person\/d5e4b04966154131701e52c45d3efec9"},"headline":"Villa Mar\u00eda, la ciudad con mayor cantidad de femicidios en la provincia (Informe Especial)","datePublished":"2022-06-10T02:18:09+00:00","dateModified":"2022-06-14T01:13:43+00:00","mainEntityOfPage":{"@id":"http:\/\/elregionalvm.com.ar\/noticias-villa-maria\/villa-maria-la-ciudad-con-mayor-cantidad-de-femicidios-en-la-provincia-cada-50-mil-habitantes\/"},"wordCount":1793,"commentCount":0,"image":{"@id":"http:\/\/elregionalvm.com.ar\/noticias-villa-maria\/villa-maria-la-ciudad-con-mayor-cantidad-de-femicidios-en-la-provincia-cada-50-mil-habitantes\/#primaryimage"},"thumbnailUrl":"https:\/\/i0.wp.com\/elregionalvm.com.ar\/noticias-villa-maria\/wp-content\/uploads\/2021\/03\/8M-marcha-2021-1.jpeg?fit=944%2C613&ssl=1","keywords":["asesinos","CISCSA","ciudades","ciudades feministas","c\u00f3rdoba","Cruz del Eje","delitos","Femicidios","Informe","Oliva","R\u00edo Cuarto","v\u00edctima","VILLA NUEVA","violencia de g\u00e9nero"],"articleSection":["tercera","Villa Mar\u00eda"],"inLanguage":"es","potentialAction":[{"@type":"CommentAction","name":"Comment","target":["http:\/\/elregionalvm.com.ar\/noticias-villa-maria\/villa-maria-la-ciudad-con-mayor-cantidad-de-femicidios-en-la-provincia-cada-50-mil-habitantes\/#respond"]}]},{"@type":"WebPage","@id":"http:\/\/elregionalvm.com.ar\/noticias-villa-maria\/villa-maria-la-ciudad-con-mayor-cantidad-de-femicidios-en-la-provincia-cada-50-mil-habitantes\/","url":"http:\/\/elregionalvm.com.ar\/noticias-villa-maria\/villa-maria-la-ciudad-con-mayor-cantidad-de-femicidios-en-la-provincia-cada-50-mil-habitantes\/","name":"Villa Mar\u00eda, la ciudad con mayor cantidad de femicidios en la provincia (Informe Especial) - El Regional","isPartOf":{"@id":"http:\/\/elregionalvm.com.ar\/noticias-villa-maria\/#website"},"primaryImageOfPage":{"@id":"http:\/\/elregionalvm.com.ar\/noticias-villa-maria\/villa-maria-la-ciudad-con-mayor-cantidad-de-femicidios-en-la-provincia-cada-50-mil-habitantes\/#primaryimage"},"image":{"@id":"http:\/\/elregionalvm.com.ar\/noticias-villa-maria\/villa-maria-la-ciudad-con-mayor-cantidad-de-femicidios-en-la-provincia-cada-50-mil-habitantes\/#primaryimage"},"thumbnailUrl":"https:\/\/i0.wp.com\/elregionalvm.com.ar\/noticias-villa-maria\/wp-content\/uploads\/2021\/03\/8M-marcha-2021-1.jpeg?fit=944%2C613&ssl=1","datePublished":"2022-06-10T02:18:09+00:00","dateModified":"2022-06-14T01:13:43+00:00","author":{"@id":"http:\/\/elregionalvm.com.ar\/noticias-villa-maria\/#\/schema\/person\/d5e4b04966154131701e52c45d3efec9"},"description":"Sum\u00f3 un total de cuatro de estos delitos, mientras que Cruz del Eje tuvo tres y R\u00edo Cuarto, dos, entre los a\u00f1os 2017 y 2020.","breadcrumb":{"@id":"http:\/\/elregionalvm.com.ar\/noticias-villa-maria\/villa-maria-la-ciudad-con-mayor-cantidad-de-femicidios-en-la-provincia-cada-50-mil-habitantes\/#breadcrumb"},"inLanguage":"es","potentialAction":[{"@type":"ReadAction","target":["http:\/\/elregionalvm.com.ar\/noticias-villa-maria\/villa-maria-la-ciudad-con-mayor-cantidad-de-femicidios-en-la-provincia-cada-50-mil-habitantes\/"]}]},{"@type":"ImageObject","inLanguage":"es","@id":"http:\/\/elregionalvm.com.ar\/noticias-villa-maria\/villa-maria-la-ciudad-con-mayor-cantidad-de-femicidios-en-la-provincia-cada-50-mil-habitantes\/#primaryimage","url":"https:\/\/i0.wp.com\/elregionalvm.com.ar\/noticias-villa-maria\/wp-content\/uploads\/2021\/03\/8M-marcha-2021-1.jpeg?fit=944%2C613&ssl=1","contentUrl":"https:\/\/i0.wp.com\/elregionalvm.com.ar\/noticias-villa-maria\/wp-content\/uploads\/2021\/03\/8M-marcha-2021-1.jpeg?fit=944%2C613&ssl=1","width":944,"height":613},{"@type":"BreadcrumbList","@id":"http:\/\/elregionalvm.com.ar\/noticias-villa-maria\/villa-maria-la-ciudad-con-mayor-cantidad-de-femicidios-en-la-provincia-cada-50-mil-habitantes\/#breadcrumb","itemListElement":[{"@type":"ListItem","position":1,"name":"Portada","item":"https:\/\/elregionalvm.com.ar\/noticias-villa-maria\/"},{"@type":"ListItem","position":2,"name":"Villa Mar\u00eda, la ciudad con mayor cantidad de femicidios en la provincia (Informe Especial)"}]},{"@type":"WebSite","@id":"http:\/\/elregionalvm.com.ar\/noticias-villa-maria\/#website","url":"http:\/\/elregionalvm.com.ar\/noticias-villa-maria\/","name":"El Regional","description":"Mucho m\u00e1s que informaci\u00f3n","potentialAction":[{"@type":"SearchAction","target":{"@type":"EntryPoint","urlTemplate":"http:\/\/elregionalvm.com.ar\/noticias-villa-maria\/?s={search_term_string}"},"query-input":{"@type":"PropertyValueSpecification","valueRequired":true,"valueName":"search_term_string"}}],"inLanguage":"es"},{"@type":"Person","@id":"http:\/\/elregionalvm.com.ar\/noticias-villa-maria\/#\/schema\/person\/d5e4b04966154131701e52c45d3efec9","name":"Germ\u00e1n Giacchero","image":{"@type":"ImageObject","inLanguage":"es","@id":"http:\/\/elregionalvm.com.ar\/noticias-villa-maria\/#\/schema\/person\/image\/","url":"https:\/\/secure.gravatar.com\/avatar\/fda163ba5ef0307ee5be9846e10f83b6e83d0cfb260d3b2464830318894c6b04?s=96&d=mm&r=g","contentUrl":"https:\/\/secure.gravatar.com\/avatar\/fda163ba5ef0307ee5be9846e10f83b6e83d0cfb260d3b2464830318894c6b04?s=96&d=mm&r=g","caption":"Germ\u00e1n Giacchero"},"url":"https:\/\/elregionalvm.com.ar\/noticias-villa-maria\/author\/germangiacchero\/"}]}},"jetpack_featured_media_url":"https:\/\/i0.wp.com\/elregionalvm.com.ar\/noticias-villa-maria\/wp-content\/uploads\/2021\/03\/8M-marcha-2021-1.jpeg?fit=944%2C613&ssl=1","jetpack_sharing_enabled":true,"_links":{"self":[{"href":"https:\/\/elregionalvm.com.ar\/noticias-villa-maria\/wp-json\/wp\/v2\/posts\/58675","targetHints":{"allow":["GET"]}}],"collection":[{"href":"https:\/\/elregionalvm.com.ar\/noticias-villa-maria\/wp-json\/wp\/v2\/posts"}],"about":[{"href":"https:\/\/elregionalvm.com.ar\/noticias-villa-maria\/wp-json\/wp\/v2\/types\/post"}],"author":[{"embeddable":true,"href":"https:\/\/elregionalvm.com.ar\/noticias-villa-maria\/wp-json\/wp\/v2\/users\/6"}],"replies":[{"embeddable":true,"href":"https:\/\/elregionalvm.com.ar\/noticias-villa-maria\/wp-json\/wp\/v2\/comments?post=58675"}],"version-history":[{"count":8,"href":"https:\/\/elregionalvm.com.ar\/noticias-villa-maria\/wp-json\/wp\/v2\/posts\/58675\/revisions"}],"predecessor-version":[{"id":58790,"href":"https:\/\/elregionalvm.com.ar\/noticias-villa-maria\/wp-json\/wp\/v2\/posts\/58675\/revisions\/58790"}],"wp:featuredmedia":[{"embeddable":true,"href":"https:\/\/elregionalvm.com.ar\/noticias-villa-maria\/wp-json\/wp\/v2\/media\/33768"}],"wp:attachment":[{"href":"https:\/\/elregionalvm.com.ar\/noticias-villa-maria\/wp-json\/wp\/v2\/media?parent=58675"}],"wp:term":[{"taxonomy":"category","embeddable":true,"href":"https:\/\/elregionalvm.com.ar\/noticias-villa-maria\/wp-json\/wp\/v2\/categories?post=58675"},{"taxonomy":"post_tag","embeddable":true,"href":"https:\/\/elregionalvm.com.ar\/noticias-villa-maria\/wp-json\/wp\/v2\/tags?post=58675"}],"curies":[{"name":"wp","href":"https:\/\/api.w.org\/{rel}","templated":true}]}}