{"id":58706,"date":"2022-06-10T15:17:50","date_gmt":"2022-06-10T15:17:50","guid":{"rendered":"https:\/\/elregionalvm.com.ar\/noticias-villa-maria\/?p=58706"},"modified":"2022-06-12T22:07:01","modified_gmt":"2022-06-12T22:07:01","slug":"operativo-clamor-martin-gill-lanzo-un-espacio-con-intendentes-para-competir-hacia-la-gobernacion","status":"publish","type":"post","link":"https:\/\/elregionalvm.com.ar\/noticias-villa-maria\/operativo-clamor-martin-gill-lanzo-un-espacio-con-intendentes-para-competir-hacia-la-gobernacion\/","title":{"rendered":"Operativo clamor: Mart\u00edn Gill lanz\u00f3 un espacio con intendentes para competir hacia la Gobernaci\u00f3n"},"content":{"rendered":"\n<p><\/p>\n\n\n\n<p>M\u00e1s de un centenar de intendentes y funcionarios de distintas localidades de la provincia de C\u00f3rdoba participaron en un plenario en Villa Mar\u00eda para marcar territorio de cara a las elecciones a gobernador en 2023 e impulsar la figura de Mart\u00edn Gill.<\/p>\n\n\n\n<p>No se habl\u00f3 de candidaturas en especial, pero el nombre del intendente de Villa Mar\u00eda fue puesto en boca de sus colegas que destacaron su capacidad y preparaci\u00f3n para ser protagonista en la carrera hacia el Panal.<\/p>\n\n\n\n<p>Gill y los jefes comunales peronistas, vecinalistas y algunos radicales que lo acompa\u00f1aron en el encuentro buscan ganar terreno en la construcci\u00f3n de una propuesta electoral dentro del peronismo cordob\u00e9s.<\/p>\n\n\n\n<p>No ser\u00e1 una partida f\u00e1cil en la b\u00fasqueda de consensos dentro del partido conducido por el gobernador Juan Schiaretti, que ya no podr\u00e1 participar en las elecciones y aparecen en escena algunos postulantes para sucederlo. Aunque, las preferencias parecieran concentrarse en otro Mart\u00edn, el intendente de C\u00f3rdoba, Llaryora.<\/p>\n\n\n\n<p>Sobre todo, porque, a pesar de definirse como integrante del peronismo cordob\u00e9s, el ex secretario de Obras P\u00fablicas de la Naci\u00f3n se identifica con la fuerza pol\u00edtica que gobierna el pa\u00eds. Y las diferencias entre C\u00f3rdoba y la Casa Rosada no dejaron de acentuarse con el paso del tiempo.<\/p>\n\n\n\n<p><\/p>\n\n\n\n<figure class=\"wp-block-image size-large\"><img data-recalc-dims=\"1\" fetchpriority=\"high\" decoding=\"async\" width=\"1024\" height=\"682\" src=\"https:\/\/i0.wp.com\/elregionalvm.com.ar\/noticias-villa-maria\/wp-content\/uploads\/2022\/06\/Gill-plenario-intendentes-3.jpg?resize=1024%2C682&#038;ssl=1\" alt=\"\" class=\"wp-image-58709\" srcset=\"https:\/\/i0.wp.com\/elregionalvm.com.ar\/noticias-villa-maria\/wp-content\/uploads\/2022\/06\/Gill-plenario-intendentes-3.jpg?resize=1024%2C682&amp;ssl=1 1024w, https:\/\/i0.wp.com\/elregionalvm.com.ar\/noticias-villa-maria\/wp-content\/uploads\/2022\/06\/Gill-plenario-intendentes-3.jpg?resize=300%2C200&amp;ssl=1 300w, https:\/\/i0.wp.com\/elregionalvm.com.ar\/noticias-villa-maria\/wp-content\/uploads\/2022\/06\/Gill-plenario-intendentes-3.jpg?resize=768%2C512&amp;ssl=1 768w, https:\/\/i0.wp.com\/elregionalvm.com.ar\/noticias-villa-maria\/wp-content\/uploads\/2022\/06\/Gill-plenario-intendentes-3.jpg?w=1280&amp;ssl=1 1280w\" sizes=\"(max-width: 1000px) 100vw, 1000px\" \/><figcaption><em>Mas de un centenar de funcionarios municipales y comunales acompa\u00f1an a Gill. <\/em><\/figcaption><\/figure>\n\n\n\n<p><\/p>\n\n\n\n<p><strong>Protagonistas en el peronismo<\/strong><\/p>\n\n\n\n<p>\u201cSer protagonistas en el tiempo que viene\u201d, \u201clos intendentes y jefes comunales de cada rinc\u00f3n de la provincia est\u00e1n convencidos de que quieren ser protagonistas\u201d, \u201cesto no se hace en contra de nadie, sino a favor de construir puentes y consensos\u201d, fueron algunas de las expresiones pronunciadas por el mandatario villamariense que sintetizan el esp\u00edritu de la movida que llega del interior provincial.<\/p>\n\n\n\n<p>El discurso destin\u00f3 tiros por elevaci\u00f3n a la jerarqu\u00eda partidaria. \u201cEstamos acostumbrados a una realidad de la pol\u00edtica que se construye con operaciones de prensa, con encuestas, en mesas de caf\u00e9. Pero, creemos que hay que dar un debate profundo\u201d, remarc\u00f3. \u00a0<\/p>\n\n\n\n<p>Gill estuvo acompa\u00f1ado por su par de Villa Nueva, Natalio Graglia, entre otros colegas de la regi\u00f3n. Por caso, participaron los mandatarios de T\u00edo Pujio, Arroyo Algod\u00f3n, Alto Alegre, La Playosa, Monte Ma\u00edz, Monte Buey, Cintra, Viamonte, entre otros.<\/p>\n\n\n\n<p>\u201cHay una necesidad de pensar la C\u00f3rdoba que viene luego de 23 a\u00f1os profunda transformaci\u00f3n\u201d, destac\u00f3 con loas tambi\u00e9n al justicialismo gobernante en las \u00faltimas dos d\u00e9cadas. Pero, pidi\u00f3 abrir el juego \u201ccon los jefes comunales como protagonistas\u201d.<\/p>\n\n\n\n<p>\u201cUna vez que esto est\u00e9 en marcha y veremos cu\u00e1l es el camino. \u00a0Surgir\u00e1n seguramente hombres y mujeres que tambi\u00e9n quieren ser protagonistas en los tiempos que viene\u201d, subray\u00f3.<\/p>\n\n\n\n<p><\/p>\n\n\n\n<figure class=\"wp-block-image size-large\"><img data-recalc-dims=\"1\" decoding=\"async\" width=\"1024\" height=\"682\" src=\"https:\/\/i0.wp.com\/elregionalvm.com.ar\/noticias-villa-maria\/wp-content\/uploads\/2022\/06\/Gill-plenario-intendentes-2.jpg?resize=1024%2C682&#038;ssl=1\" alt=\"\" class=\"wp-image-58710\" srcset=\"https:\/\/i0.wp.com\/elregionalvm.com.ar\/noticias-villa-maria\/wp-content\/uploads\/2022\/06\/Gill-plenario-intendentes-2.jpg?resize=1024%2C682&amp;ssl=1 1024w, https:\/\/i0.wp.com\/elregionalvm.com.ar\/noticias-villa-maria\/wp-content\/uploads\/2022\/06\/Gill-plenario-intendentes-2.jpg?resize=300%2C200&amp;ssl=1 300w, https:\/\/i0.wp.com\/elregionalvm.com.ar\/noticias-villa-maria\/wp-content\/uploads\/2022\/06\/Gill-plenario-intendentes-2.jpg?resize=768%2C512&amp;ssl=1 768w, https:\/\/i0.wp.com\/elregionalvm.com.ar\/noticias-villa-maria\/wp-content\/uploads\/2022\/06\/Gill-plenario-intendentes-2.jpg?w=1280&amp;ssl=1 1280w\" sizes=\"(max-width: 1000px) 100vw, 1000px\" \/><figcaption><em>\u00abQueremos ser protagonistas\u00bb, enfatiz\u00f3 el villamariense ante sus pares. <\/em><\/figcaption><\/figure>\n\n\n\n<p><\/p>\n\n\n\n<p>Aunque no fue un lanzamiento de candidatura personal, Gill se presenta a la cabeza de este espacio, con aspiraciones a ganar terreno en el peronismo. \u201cAsumo la responsabilidad del rol que, de alguna manera, los intendentes me han confiado. Pero los proyectos no son personales, son colectivos\u201d, aclar\u00f3.<\/p>\n\n\n\n<p>De todas formas, \u00e9l se se\u00f1ala como el dirigente elegido para liderar ese proceso. \u201cCreo tener la las condiciones para ser protagonista\u201d, dijo a el diario Perfil en una entrevista reciente.<\/p>\n\n\n\n<p>\u201cEn mi caso puntual, yo me he preparado, me he capacitado, he ocupado roles de gesti\u00f3n en \u00e1mbitos municipales y nacionales, en \u00e1mbitos de gesti\u00f3n y tambi\u00e9n legislativos, he recogido una experiencia muy importante que adem\u00e1s me ha permitido conocer la realidad de cada rinc\u00f3n de la provincia y, sin poner proyectos personales por sobre los colectivos, creo tener la las condiciones para ser protagonista\u201d, argument\u00f3.<\/p>\n\n\n\n<p><strong>\u00bfFuera del peronismo?<\/strong><\/p>\n\n\n\n<p>Si algo queda claro luego de las expresiones vertidas por los intendentes es que la pelea se dar\u00e1 dentro del \u00e1mbito interno del peronismo. Hace poco m\u00e1s de un mes, Gill dec\u00eda a los medios lo que luego repiti\u00f3 el jueves en el mitin.<\/p>\n\n\n\n<p>\u201cNuestra propuesta es que el justicialismo se abra a un debate interno profundo y se puedan manifestar proyectos en disidencia con la vocaci\u00f3n de construir consensos. Si eso se puede dar participaremos\u201d, sostuvo en di\u00e1logo con Perfil el 30 de abril pasado.<\/p>\n\n\n\n<p>Pero, advirti\u00f3 entonces, que podr\u00eda buscar posicionarse por fuera de la estructura partidaria en caso de que no logre ser tenido en cuenta el flamante espacio interno.<\/p>\n\n\n\n<p>\u201cSi las candidaturas surgen solo de decisiones de dirigentes, sin debate, ni instancia de elecci\u00f3n interna entonces no (participaremos internamente) y analizaremos como sector de qu\u00e9 manera presentar nuestro proyecto a los cordobeses\u201d, enfatiz\u00f3.<\/p>\n\n\n\n<p><\/p>\n\n\n\n<figure class=\"wp-block-image size-large\"><img data-recalc-dims=\"1\" decoding=\"async\" width=\"1024\" height=\"685\" src=\"https:\/\/i0.wp.com\/elregionalvm.com.ar\/noticias-villa-maria\/wp-content\/uploads\/2022\/06\/Gill-plenario-intendentes-4.jpg?resize=1024%2C685&#038;ssl=1\" alt=\"\" class=\"wp-image-58712\" srcset=\"https:\/\/i0.wp.com\/elregionalvm.com.ar\/noticias-villa-maria\/wp-content\/uploads\/2022\/06\/Gill-plenario-intendentes-4.jpg?resize=1024%2C685&amp;ssl=1 1024w, https:\/\/i0.wp.com\/elregionalvm.com.ar\/noticias-villa-maria\/wp-content\/uploads\/2022\/06\/Gill-plenario-intendentes-4.jpg?resize=300%2C201&amp;ssl=1 300w, https:\/\/i0.wp.com\/elregionalvm.com.ar\/noticias-villa-maria\/wp-content\/uploads\/2022\/06\/Gill-plenario-intendentes-4.jpg?resize=768%2C514&amp;ssl=1 768w, https:\/\/i0.wp.com\/elregionalvm.com.ar\/noticias-villa-maria\/wp-content\/uploads\/2022\/06\/Gill-plenario-intendentes-4.jpg?w=1280&amp;ssl=1 1280w\" sizes=\"(max-width: 1000px) 100vw, 1000px\" \/><figcaption><em>Gill se abraza con el intendente de General Deheza, Franco Morra. A su lado, Graglia. <\/em><\/figcaption><\/figure>\n\n\n\n<p><\/p>\n\n\n\n<p>Mart\u00edn Gill quiere ser gobernador. Est\u00e1 construyendo poder desde el interior de la provincia de la mano de muchos intendentes con quienes fortaleci\u00f3 lazos desde su rol como funcionario nacional en una cartera que reparte obras a distintas localidades y con jefes comunales que mantienen diferencias con el schiarettismo.<\/p>\n\n\n\n<p>No ser\u00e1 una labor sencilla para un funcionario que lleva el sello del kirchnerismo en un territorio hostil para el gobierno nacional. Pero, como ya se ha demostrado en varias ocasiones con otros dirigentes, la pol\u00edtica siempre vuelva a dar nuevas oportunidades.<\/p>\n\n\n\n<p>Mientras tanto, el operativo clamor ya est\u00e1 en marcha. &nbsp;<\/p>\n","protected":false},"excerpt":{"rendered":"<p>M\u00e1s de un centenar de intendentes y funcionarios de distintas localidades de la provincia de C\u00f3rdoba participaron en un plenario en Villa Mar\u00eda para marcar territorio de cara a las elecciones a gobernador en 2023 e impulsar la figura de Mart\u00edn Gill. No se habl\u00f3 de candidaturas en especial, pero el nombre del intendente de [&hellip;]<\/p>\n","protected":false},"author":4,"featured_media":58711,"comment_status":"open","ping_status":"open","sticky":false,"template":"","format":"standard","meta":{"site-sidebar-layout":"default","site-content-layout":"","ast-site-content-layout":"default","site-content-style":"default","site-sidebar-style":"default","ast-global-header-display":"","ast-banner-title-visibility":"","ast-main-header-display":"","ast-hfb-above-header-display":"","ast-hfb-below-header-display":"","ast-hfb-mobile-header-display":"","site-post-title":"","ast-breadcrumbs-content":"","ast-featured-img":"","footer-sml-layout":"","ast-disable-related-posts":"","theme-transparent-header-meta":"","adv-header-id-meta":"","stick-header-meta":"","header-above-stick-meta":"","header-main-stick-meta":"","header-below-stick-meta":"","astra-migrate-meta-layouts":"default","ast-page-background-enabled":"default","ast-page-background-meta":{"desktop":{"background-color":"","background-image":"","background-repeat":"repeat","background-position":"center center","background-size":"auto","background-attachment":"scroll","background-type":"","background-media":"","overlay-type":"","overlay-color":"","overlay-opacity":"","overlay-gradient":""},"tablet":{"background-color":"","background-image":"","background-repeat":"repeat","background-position":"center center","background-size":"auto","background-attachment":"scroll","background-type":"","background-media":"","overlay-type":"","overlay-color":"","overlay-opacity":"","overlay-gradient":""},"mobile":{"background-color":"","background-image":"","background-repeat":"repeat","background-position":"center center","background-size":"auto","background-attachment":"scroll","background-type":"","background-media":"","overlay-type":"","overlay-color":"","overlay-opacity":"","overlay-gradient":""}},"ast-content-background-meta":{"desktop":{"background-color":"var(--ast-global-color-5)","background-image":"","background-repeat":"repeat","background-position":"center center","background-size":"auto","background-attachment":"scroll","background-type":"","background-media":"","overlay-type":"","overlay-color":"","overlay-opacity":"","overlay-gradient":""},"tablet":{"background-color":"var(--ast-global-color-5)","background-image":"","background-repeat":"repeat","background-position":"center center","background-size":"auto","background-attachment":"scroll","background-type":"","background-media":"","overlay-type":"","overlay-color":"","overlay-opacity":"","overlay-gradient":""},"mobile":{"background-color":"var(--ast-global-color-5)","background-image":"","background-repeat":"repeat","background-position":"center center","background-size":"auto","background-attachment":"scroll","background-type":"","background-media":"","overlay-type":"","overlay-color":"","overlay-opacity":"","overlay-gradient":""}},"_jetpack_memberships_contains_paid_content":false,"_joinchat":[],"footnotes":""},"categories":[2089,3557],"tags":[577,963,130,2780,3058,58,1125,16022,16019,500,16021,519],"class_list":["post-58706","post","type-post","status-publish","format-standard","has-post-thumbnail","hentry","category-politica","category-tercera","tag-candidatura","tag-gobernacion","tag-intendentes","tag-interna","tag-juan-schiaretti","tag-kirchnerismo","tag-martin-gill","tag-martin-llaryora","tag-operativo-clamor","tag-peronismo","tag-plenario","tag-politica"],"yoast_head":"<!-- This site is optimized with the Yoast SEO plugin v26.8 - https:\/\/yoast.com\/product\/yoast-seo-wordpress\/ -->\n<title>Operativo clamor: Mart\u00edn Gill lanz\u00f3 un espacio con intendentes para competir hacia la Gobernaci\u00f3n - El Regional<\/title>\n<meta name=\"robots\" content=\"index, follow, max-snippet:-1, max-image-preview:large, max-video-preview:-1\" \/>\n<link rel=\"canonical\" href=\"http:\/\/elregionalvm.com.ar\/noticias-villa-maria\/operativo-clamor-martin-gill-lanzo-un-espacio-con-intendentes-para-competir-hacia-la-gobernacion\/\" \/>\n<meta property=\"og:locale\" content=\"es_ES\" \/>\n<meta property=\"og:type\" content=\"article\" \/>\n<meta property=\"og:title\" content=\"Operativo clamor: Mart\u00edn Gill lanz\u00f3 un espacio con intendentes para competir hacia la Gobernaci\u00f3n - El Regional\" \/>\n<meta property=\"og:description\" content=\"M\u00e1s de un centenar de intendentes y funcionarios de distintas localidades de la provincia de C\u00f3rdoba participaron en un plenario en Villa Mar\u00eda para marcar territorio de cara a las elecciones a gobernador en 2023 e impulsar la figura de Mart\u00edn Gill. No se habl\u00f3 de candidaturas en especial, pero el nombre del intendente de [&hellip;]\" \/>\n<meta property=\"og:url\" content=\"http:\/\/elregionalvm.com.ar\/noticias-villa-maria\/operativo-clamor-martin-gill-lanzo-un-espacio-con-intendentes-para-competir-hacia-la-gobernacion\/\" \/>\n<meta property=\"og:site_name\" content=\"El Regional\" \/>\n<meta property=\"article:publisher\" content=\"https:\/\/www.facebook.com\/elregionalvm\" \/>\n<meta property=\"article:published_time\" content=\"2022-06-10T15:17:50+00:00\" \/>\n<meta property=\"article:modified_time\" content=\"2022-06-12T22:07:01+00:00\" \/>\n<meta property=\"og:image\" content=\"http:\/\/elregionalvm.com.ar\/noticias-villa-maria\/wp-content\/uploads\/2022\/06\/Gill-plenario-intendentes.jpg\" \/>\n\t<meta property=\"og:image:width\" content=\"1280\" \/>\n\t<meta property=\"og:image:height\" content=\"853\" \/>\n\t<meta property=\"og:image:type\" content=\"image\/jpeg\" \/>\n<meta name=\"author\" content=\"Contenidos El Regional\" \/>\n<meta name=\"twitter:card\" content=\"summary_large_image\" \/>\n<meta name=\"twitter:creator\" content=\"@elregionalvm1\" \/>\n<meta name=\"twitter:site\" content=\"@elregionalvm1\" \/>\n<meta name=\"twitter:label1\" content=\"Escrito por\" \/>\n\t<meta name=\"twitter:data1\" content=\"Contenidos El Regional\" \/>\n\t<meta name=\"twitter:label2\" content=\"Tiempo de lectura\" \/>\n\t<meta name=\"twitter:data2\" content=\"5 minutos\" \/>\n<script type=\"application\/ld+json\" class=\"yoast-schema-graph\">{\"@context\":\"https:\/\/schema.org\",\"@graph\":[{\"@type\":\"Article\",\"@id\":\"http:\/\/elregionalvm.com.ar\/noticias-villa-maria\/operativo-clamor-martin-gill-lanzo-un-espacio-con-intendentes-para-competir-hacia-la-gobernacion\/#article\",\"isPartOf\":{\"@id\":\"http:\/\/elregionalvm.com.ar\/noticias-villa-maria\/operativo-clamor-martin-gill-lanzo-un-espacio-con-intendentes-para-competir-hacia-la-gobernacion\/\"},\"author\":{\"name\":\"Contenidos El Regional\",\"@id\":\"http:\/\/elregionalvm.com.ar\/noticias-villa-maria\/#\/schema\/person\/a0fb9c422317faca23d50163151bc354\"},\"headline\":\"Operativo clamor: Mart\u00edn Gill lanz\u00f3 un espacio con intendentes para competir hacia la Gobernaci\u00f3n\",\"datePublished\":\"2022-06-10T15:17:50+00:00\",\"dateModified\":\"2022-06-12T22:07:01+00:00\",\"mainEntityOfPage\":{\"@id\":\"http:\/\/elregionalvm.com.ar\/noticias-villa-maria\/operativo-clamor-martin-gill-lanzo-un-espacio-con-intendentes-para-competir-hacia-la-gobernacion\/\"},\"wordCount\":918,\"commentCount\":0,\"image\":{\"@id\":\"http:\/\/elregionalvm.com.ar\/noticias-villa-maria\/operativo-clamor-martin-gill-lanzo-un-espacio-con-intendentes-para-competir-hacia-la-gobernacion\/#primaryimage\"},\"thumbnailUrl\":\"https:\/\/i0.wp.com\/elregionalvm.com.ar\/noticias-villa-maria\/wp-content\/uploads\/2022\/06\/Gill-plenario-intendentes.jpg?fit=1280%2C853&ssl=1\",\"keywords\":[\"Candidatura\",\"gobernaci\u00f3n\",\"intendentes\",\"Interna\",\"Juan Schiaretti\",\"kirchnerismo\",\"mart\u00edn gill\",\"Mart\u00edn Llaryora\",\"operativo clamor\",\"Peronismo\",\"plenario\",\"Pol\u00edtica\"],\"articleSection\":[\"Pol\u00edtica\",\"tercera\"],\"inLanguage\":\"es\",\"potentialAction\":[{\"@type\":\"CommentAction\",\"name\":\"Comment\",\"target\":[\"http:\/\/elregionalvm.com.ar\/noticias-villa-maria\/operativo-clamor-martin-gill-lanzo-un-espacio-con-intendentes-para-competir-hacia-la-gobernacion\/#respond\"]}]},{\"@type\":\"WebPage\",\"@id\":\"http:\/\/elregionalvm.com.ar\/noticias-villa-maria\/operativo-clamor-martin-gill-lanzo-un-espacio-con-intendentes-para-competir-hacia-la-gobernacion\/\",\"url\":\"http:\/\/elregionalvm.com.ar\/noticias-villa-maria\/operativo-clamor-martin-gill-lanzo-un-espacio-con-intendentes-para-competir-hacia-la-gobernacion\/\",\"name\":\"Operativo clamor: Mart\u00edn Gill lanz\u00f3 un espacio con intendentes para competir hacia la Gobernaci\u00f3n - El Regional\",\"isPartOf\":{\"@id\":\"http:\/\/elregionalvm.com.ar\/noticias-villa-maria\/#website\"},\"primaryImageOfPage\":{\"@id\":\"http:\/\/elregionalvm.com.ar\/noticias-villa-maria\/operativo-clamor-martin-gill-lanzo-un-espacio-con-intendentes-para-competir-hacia-la-gobernacion\/#primaryimage\"},\"image\":{\"@id\":\"http:\/\/elregionalvm.com.ar\/noticias-villa-maria\/operativo-clamor-martin-gill-lanzo-un-espacio-con-intendentes-para-competir-hacia-la-gobernacion\/#primaryimage\"},\"thumbnailUrl\":\"https:\/\/i0.wp.com\/elregionalvm.com.ar\/noticias-villa-maria\/wp-content\/uploads\/2022\/06\/Gill-plenario-intendentes.jpg?fit=1280%2C853&ssl=1\",\"datePublished\":\"2022-06-10T15:17:50+00:00\",\"dateModified\":\"2022-06-12T22:07:01+00:00\",\"author\":{\"@id\":\"http:\/\/elregionalvm.com.ar\/noticias-villa-maria\/#\/schema\/person\/a0fb9c422317faca23d50163151bc354\"},\"breadcrumb\":{\"@id\":\"http:\/\/elregionalvm.com.ar\/noticias-villa-maria\/operativo-clamor-martin-gill-lanzo-un-espacio-con-intendentes-para-competir-hacia-la-gobernacion\/#breadcrumb\"},\"inLanguage\":\"es\",\"potentialAction\":[{\"@type\":\"ReadAction\",\"target\":[\"http:\/\/elregionalvm.com.ar\/noticias-villa-maria\/operativo-clamor-martin-gill-lanzo-un-espacio-con-intendentes-para-competir-hacia-la-gobernacion\/\"]}]},{\"@type\":\"ImageObject\",\"inLanguage\":\"es\",\"@id\":\"http:\/\/elregionalvm.com.ar\/noticias-villa-maria\/operativo-clamor-martin-gill-lanzo-un-espacio-con-intendentes-para-competir-hacia-la-gobernacion\/#primaryimage\",\"url\":\"https:\/\/i0.wp.com\/elregionalvm.com.ar\/noticias-villa-maria\/wp-content\/uploads\/2022\/06\/Gill-plenario-intendentes.jpg?fit=1280%2C853&ssl=1\",\"contentUrl\":\"https:\/\/i0.wp.com\/elregionalvm.com.ar\/noticias-villa-maria\/wp-content\/uploads\/2022\/06\/Gill-plenario-intendentes.jpg?fit=1280%2C853&ssl=1\",\"width\":1280,\"height\":853},{\"@type\":\"BreadcrumbList\",\"@id\":\"http:\/\/elregionalvm.com.ar\/noticias-villa-maria\/operativo-clamor-martin-gill-lanzo-un-espacio-con-intendentes-para-competir-hacia-la-gobernacion\/#breadcrumb\",\"itemListElement\":[{\"@type\":\"ListItem\",\"position\":1,\"name\":\"Portada\",\"item\":\"https:\/\/elregionalvm.com.ar\/noticias-villa-maria\/\"},{\"@type\":\"ListItem\",\"position\":2,\"name\":\"Operativo clamor: Mart\u00edn Gill lanz\u00f3 un espacio con intendentes para competir hacia la Gobernaci\u00f3n\"}]},{\"@type\":\"WebSite\",\"@id\":\"http:\/\/elregionalvm.com.ar\/noticias-villa-maria\/#website\",\"url\":\"http:\/\/elregionalvm.com.ar\/noticias-villa-maria\/\",\"name\":\"El Regional\",\"description\":\"Mucho m\u00e1s que informaci\u00f3n\",\"potentialAction\":[{\"@type\":\"SearchAction\",\"target\":{\"@type\":\"EntryPoint\",\"urlTemplate\":\"http:\/\/elregionalvm.com.ar\/noticias-villa-maria\/?s={search_term_string}\"},\"query-input\":{\"@type\":\"PropertyValueSpecification\",\"valueRequired\":true,\"valueName\":\"search_term_string\"}}],\"inLanguage\":\"es\"},{\"@type\":\"Person\",\"@id\":\"http:\/\/elregionalvm.com.ar\/noticias-villa-maria\/#\/schema\/person\/a0fb9c422317faca23d50163151bc354\",\"name\":\"Contenidos El Regional\",\"image\":{\"@type\":\"ImageObject\",\"inLanguage\":\"es\",\"@id\":\"http:\/\/elregionalvm.com.ar\/noticias-villa-maria\/#\/schema\/person\/image\/\",\"url\":\"https:\/\/secure.gravatar.com\/avatar\/265b27cb2209af7bb3a1318f03305787d7981a5cc6e6cd08fe5a4ecdf99d4b48?s=96&d=mm&r=g\",\"contentUrl\":\"https:\/\/secure.gravatar.com\/avatar\/265b27cb2209af7bb3a1318f03305787d7981a5cc6e6cd08fe5a4ecdf99d4b48?s=96&d=mm&r=g\",\"caption\":\"Contenidos El Regional\"},\"url\":\"https:\/\/elregionalvm.com.ar\/noticias-villa-maria\/author\/contenido\/\"}]}<\/script>\n<!-- \/ Yoast SEO plugin. -->","yoast_head_json":{"title":"Operativo clamor: Mart\u00edn Gill lanz\u00f3 un espacio con intendentes para competir hacia la Gobernaci\u00f3n - El Regional","robots":{"index":"index","follow":"follow","max-snippet":"max-snippet:-1","max-image-preview":"max-image-preview:large","max-video-preview":"max-video-preview:-1"},"canonical":"http:\/\/elregionalvm.com.ar\/noticias-villa-maria\/operativo-clamor-martin-gill-lanzo-un-espacio-con-intendentes-para-competir-hacia-la-gobernacion\/","og_locale":"es_ES","og_type":"article","og_title":"Operativo clamor: Mart\u00edn Gill lanz\u00f3 un espacio con intendentes para competir hacia la Gobernaci\u00f3n - El Regional","og_description":"M\u00e1s de un centenar de intendentes y funcionarios de distintas localidades de la provincia de C\u00f3rdoba participaron en un plenario en Villa Mar\u00eda para marcar territorio de cara a las elecciones a gobernador en 2023 e impulsar la figura de Mart\u00edn Gill. No se habl\u00f3 de candidaturas en especial, pero el nombre del intendente de [&hellip;]","og_url":"http:\/\/elregionalvm.com.ar\/noticias-villa-maria\/operativo-clamor-martin-gill-lanzo-un-espacio-con-intendentes-para-competir-hacia-la-gobernacion\/","og_site_name":"El Regional","article_publisher":"https:\/\/www.facebook.com\/elregionalvm","article_published_time":"2022-06-10T15:17:50+00:00","article_modified_time":"2022-06-12T22:07:01+00:00","og_image":[{"width":1280,"height":853,"url":"http:\/\/elregionalvm.com.ar\/noticias-villa-maria\/wp-content\/uploads\/2022\/06\/Gill-plenario-intendentes.jpg","type":"image\/jpeg"}],"author":"Contenidos El Regional","twitter_card":"summary_large_image","twitter_creator":"@elregionalvm1","twitter_site":"@elregionalvm1","twitter_misc":{"Escrito por":"Contenidos El Regional","Tiempo de lectura":"5 minutos"},"schema":{"@context":"https:\/\/schema.org","@graph":[{"@type":"Article","@id":"http:\/\/elregionalvm.com.ar\/noticias-villa-maria\/operativo-clamor-martin-gill-lanzo-un-espacio-con-intendentes-para-competir-hacia-la-gobernacion\/#article","isPartOf":{"@id":"http:\/\/elregionalvm.com.ar\/noticias-villa-maria\/operativo-clamor-martin-gill-lanzo-un-espacio-con-intendentes-para-competir-hacia-la-gobernacion\/"},"author":{"name":"Contenidos El Regional","@id":"http:\/\/elregionalvm.com.ar\/noticias-villa-maria\/#\/schema\/person\/a0fb9c422317faca23d50163151bc354"},"headline":"Operativo clamor: Mart\u00edn Gill lanz\u00f3 un espacio con intendentes para competir hacia la Gobernaci\u00f3n","datePublished":"2022-06-10T15:17:50+00:00","dateModified":"2022-06-12T22:07:01+00:00","mainEntityOfPage":{"@id":"http:\/\/elregionalvm.com.ar\/noticias-villa-maria\/operativo-clamor-martin-gill-lanzo-un-espacio-con-intendentes-para-competir-hacia-la-gobernacion\/"},"wordCount":918,"commentCount":0,"image":{"@id":"http:\/\/elregionalvm.com.ar\/noticias-villa-maria\/operativo-clamor-martin-gill-lanzo-un-espacio-con-intendentes-para-competir-hacia-la-gobernacion\/#primaryimage"},"thumbnailUrl":"https:\/\/i0.wp.com\/elregionalvm.com.ar\/noticias-villa-maria\/wp-content\/uploads\/2022\/06\/Gill-plenario-intendentes.jpg?fit=1280%2C853&ssl=1","keywords":["Candidatura","gobernaci\u00f3n","intendentes","Interna","Juan Schiaretti","kirchnerismo","mart\u00edn gill","Mart\u00edn Llaryora","operativo clamor","Peronismo","plenario","Pol\u00edtica"],"articleSection":["Pol\u00edtica","tercera"],"inLanguage":"es","potentialAction":[{"@type":"CommentAction","name":"Comment","target":["http:\/\/elregionalvm.com.ar\/noticias-villa-maria\/operativo-clamor-martin-gill-lanzo-un-espacio-con-intendentes-para-competir-hacia-la-gobernacion\/#respond"]}]},{"@type":"WebPage","@id":"http:\/\/elregionalvm.com.ar\/noticias-villa-maria\/operativo-clamor-martin-gill-lanzo-un-espacio-con-intendentes-para-competir-hacia-la-gobernacion\/","url":"http:\/\/elregionalvm.com.ar\/noticias-villa-maria\/operativo-clamor-martin-gill-lanzo-un-espacio-con-intendentes-para-competir-hacia-la-gobernacion\/","name":"Operativo clamor: Mart\u00edn Gill lanz\u00f3 un espacio con intendentes para competir hacia la Gobernaci\u00f3n - El Regional","isPartOf":{"@id":"http:\/\/elregionalvm.com.ar\/noticias-villa-maria\/#website"},"primaryImageOfPage":{"@id":"http:\/\/elregionalvm.com.ar\/noticias-villa-maria\/operativo-clamor-martin-gill-lanzo-un-espacio-con-intendentes-para-competir-hacia-la-gobernacion\/#primaryimage"},"image":{"@id":"http:\/\/elregionalvm.com.ar\/noticias-villa-maria\/operativo-clamor-martin-gill-lanzo-un-espacio-con-intendentes-para-competir-hacia-la-gobernacion\/#primaryimage"},"thumbnailUrl":"https:\/\/i0.wp.com\/elregionalvm.com.ar\/noticias-villa-maria\/wp-content\/uploads\/2022\/06\/Gill-plenario-intendentes.jpg?fit=1280%2C853&ssl=1","datePublished":"2022-06-10T15:17:50+00:00","dateModified":"2022-06-12T22:07:01+00:00","author":{"@id":"http:\/\/elregionalvm.com.ar\/noticias-villa-maria\/#\/schema\/person\/a0fb9c422317faca23d50163151bc354"},"breadcrumb":{"@id":"http:\/\/elregionalvm.com.ar\/noticias-villa-maria\/operativo-clamor-martin-gill-lanzo-un-espacio-con-intendentes-para-competir-hacia-la-gobernacion\/#breadcrumb"},"inLanguage":"es","potentialAction":[{"@type":"ReadAction","target":["http:\/\/elregionalvm.com.ar\/noticias-villa-maria\/operativo-clamor-martin-gill-lanzo-un-espacio-con-intendentes-para-competir-hacia-la-gobernacion\/"]}]},{"@type":"ImageObject","inLanguage":"es","@id":"http:\/\/elregionalvm.com.ar\/noticias-villa-maria\/operativo-clamor-martin-gill-lanzo-un-espacio-con-intendentes-para-competir-hacia-la-gobernacion\/#primaryimage","url":"https:\/\/i0.wp.com\/elregionalvm.com.ar\/noticias-villa-maria\/wp-content\/uploads\/2022\/06\/Gill-plenario-intendentes.jpg?fit=1280%2C853&ssl=1","contentUrl":"https:\/\/i0.wp.com\/elregionalvm.com.ar\/noticias-villa-maria\/wp-content\/uploads\/2022\/06\/Gill-plenario-intendentes.jpg?fit=1280%2C853&ssl=1","width":1280,"height":853},{"@type":"BreadcrumbList","@id":"http:\/\/elregionalvm.com.ar\/noticias-villa-maria\/operativo-clamor-martin-gill-lanzo-un-espacio-con-intendentes-para-competir-hacia-la-gobernacion\/#breadcrumb","itemListElement":[{"@type":"ListItem","position":1,"name":"Portada","item":"https:\/\/elregionalvm.com.ar\/noticias-villa-maria\/"},{"@type":"ListItem","position":2,"name":"Operativo clamor: Mart\u00edn Gill lanz\u00f3 un espacio con intendentes para competir hacia la Gobernaci\u00f3n"}]},{"@type":"WebSite","@id":"http:\/\/elregionalvm.com.ar\/noticias-villa-maria\/#website","url":"http:\/\/elregionalvm.com.ar\/noticias-villa-maria\/","name":"El Regional","description":"Mucho m\u00e1s que informaci\u00f3n","potentialAction":[{"@type":"SearchAction","target":{"@type":"EntryPoint","urlTemplate":"http:\/\/elregionalvm.com.ar\/noticias-villa-maria\/?s={search_term_string}"},"query-input":{"@type":"PropertyValueSpecification","valueRequired":true,"valueName":"search_term_string"}}],"inLanguage":"es"},{"@type":"Person","@id":"http:\/\/elregionalvm.com.ar\/noticias-villa-maria\/#\/schema\/person\/a0fb9c422317faca23d50163151bc354","name":"Contenidos El Regional","image":{"@type":"ImageObject","inLanguage":"es","@id":"http:\/\/elregionalvm.com.ar\/noticias-villa-maria\/#\/schema\/person\/image\/","url":"https:\/\/secure.gravatar.com\/avatar\/265b27cb2209af7bb3a1318f03305787d7981a5cc6e6cd08fe5a4ecdf99d4b48?s=96&d=mm&r=g","contentUrl":"https:\/\/secure.gravatar.com\/avatar\/265b27cb2209af7bb3a1318f03305787d7981a5cc6e6cd08fe5a4ecdf99d4b48?s=96&d=mm&r=g","caption":"Contenidos El Regional"},"url":"https:\/\/elregionalvm.com.ar\/noticias-villa-maria\/author\/contenido\/"}]}},"jetpack_featured_media_url":"https:\/\/i0.wp.com\/elregionalvm.com.ar\/noticias-villa-maria\/wp-content\/uploads\/2022\/06\/Gill-plenario-intendentes.jpg?fit=1280%2C853&ssl=1","jetpack_sharing_enabled":true,"_links":{"self":[{"href":"https:\/\/elregionalvm.com.ar\/noticias-villa-maria\/wp-json\/wp\/v2\/posts\/58706","targetHints":{"allow":["GET"]}}],"collection":[{"href":"https:\/\/elregionalvm.com.ar\/noticias-villa-maria\/wp-json\/wp\/v2\/posts"}],"about":[{"href":"https:\/\/elregionalvm.com.ar\/noticias-villa-maria\/wp-json\/wp\/v2\/types\/post"}],"author":[{"embeddable":true,"href":"https:\/\/elregionalvm.com.ar\/noticias-villa-maria\/wp-json\/wp\/v2\/users\/4"}],"replies":[{"embeddable":true,"href":"https:\/\/elregionalvm.com.ar\/noticias-villa-maria\/wp-json\/wp\/v2\/comments?post=58706"}],"version-history":[{"count":2,"href":"https:\/\/elregionalvm.com.ar\/noticias-villa-maria\/wp-json\/wp\/v2\/posts\/58706\/revisions"}],"predecessor-version":[{"id":58714,"href":"https:\/\/elregionalvm.com.ar\/noticias-villa-maria\/wp-json\/wp\/v2\/posts\/58706\/revisions\/58714"}],"wp:featuredmedia":[{"embeddable":true,"href":"https:\/\/elregionalvm.com.ar\/noticias-villa-maria\/wp-json\/wp\/v2\/media\/58711"}],"wp:attachment":[{"href":"https:\/\/elregionalvm.com.ar\/noticias-villa-maria\/wp-json\/wp\/v2\/media?parent=58706"}],"wp:term":[{"taxonomy":"category","embeddable":true,"href":"https:\/\/elregionalvm.com.ar\/noticias-villa-maria\/wp-json\/wp\/v2\/categories?post=58706"},{"taxonomy":"post_tag","embeddable":true,"href":"https:\/\/elregionalvm.com.ar\/noticias-villa-maria\/wp-json\/wp\/v2\/tags?post=58706"}],"curies":[{"name":"wp","href":"https:\/\/api.w.org\/{rel}","templated":true}]}}