{"id":58715,"date":"2022-06-10T15:45:55","date_gmt":"2022-06-10T15:45:55","guid":{"rendered":"https:\/\/elregionalvm.com.ar\/noticias-villa-maria\/?p=58715"},"modified":"2022-06-10T15:45:57","modified_gmt":"2022-06-10T15:45:57","slug":"la-segunda-cumbre-mundial-de-economia-circular-ya-supero-los-10-mil-inscriptos","status":"publish","type":"post","link":"https:\/\/elregionalvm.com.ar\/noticias-villa-maria\/la-segunda-cumbre-mundial-de-economia-circular-ya-supero-los-10-mil-inscriptos\/","title":{"rendered":"La segunda cumbre mundial de econom\u00eda circular ya super\u00f3 los 10 mil inscriptos"},"content":{"rendered":"\n<p><\/p>\n\n\n\n<p><strong>A pocos d\u00edas de abiertas sus inscripciones, el evento registr\u00f3 una gran cantidad de interesados en participar el pr\u00f3ximo mi\u00e9rcoles 15 y jueves 16 de junio.<\/strong><\/p>\n\n\n\n<p><\/p>\n\n\n\n<p>La Cumbre Mundial de Econom\u00eda Circular, que se desarrollar\u00e1 en la ciudad de C\u00f3rdoba los d\u00edas 15 y 16 de junio, ya super\u00f3 los 10 mil inscriptos presenciales y virtuales.<\/p>\n\n\n\n<p>Como en la edici\u00f3n anterior, el evento contar\u00e1 con la presencia de destacados referentes nacionales e internacionales en la materia. Esto constituye una oportunidad para la convergencia de sectores cient\u00edficos, t\u00e9cnicos, decisores pol\u00edticos, empresarios y organizaciones de la sociedad civil.<\/p>\n\n\n\n<p>En el marco de la Cumbre tendr\u00e1 lugar la Feria de Econom\u00eda Circular 2022, el Ideat\u00f3n Circular y Experiencias Circulares, la Bienal de Dise\u00f1o y un espacio destinado a la Educaci\u00f3n Ambiental.<\/p>\n\n\n\n<p>El prop\u00f3sito de la Cumbre es impulsar el cambio de paradigma hacia una econom\u00eda circular, para potenciar la econom\u00eda sustentable de la regi\u00f3n. El intendente de la capital provincial Mart\u00edn Llaryora dijo que entr\u00f3 en el mundo de la econom\u00eda circular a trav\u00e9s de los emprendedores que marcaron una senda en C\u00f3rdoba y en toda Latinoam\u00e9rica. \u201cFuimos y somos totalmente disruptivos en este modelo productivo y de consumo\u201d, agreg\u00f3.<\/p>\n\n\n\n<p><\/p>\n\n\n\n<p><\/p>\n\n\n\n<figure class=\"wp-block-image size-large\"><img data-recalc-dims=\"1\" fetchpriority=\"high\" decoding=\"async\" width=\"1024\" height=\"553\" src=\"https:\/\/i0.wp.com\/elregionalvm.com.ar\/noticias-villa-maria\/wp-content\/uploads\/2022\/06\/economia-circular.jpg?resize=1024%2C553&#038;ssl=1\" alt=\"\" class=\"wp-image-58718\" srcset=\"https:\/\/i0.wp.com\/elregionalvm.com.ar\/noticias-villa-maria\/wp-content\/uploads\/2022\/06\/economia-circular.jpg?resize=1024%2C553&amp;ssl=1 1024w, https:\/\/i0.wp.com\/elregionalvm.com.ar\/noticias-villa-maria\/wp-content\/uploads\/2022\/06\/economia-circular.jpg?resize=300%2C162&amp;ssl=1 300w, https:\/\/i0.wp.com\/elregionalvm.com.ar\/noticias-villa-maria\/wp-content\/uploads\/2022\/06\/economia-circular.jpg?resize=768%2C415&amp;ssl=1 768w, https:\/\/i0.wp.com\/elregionalvm.com.ar\/noticias-villa-maria\/wp-content\/uploads\/2022\/06\/economia-circular.jpg?w=1500&amp;ssl=1 1500w\" sizes=\"(max-width: 1000px) 100vw, 1000px\" \/><\/figure>\n\n\n\n<p><\/p>\n\n\n\n<p>En la primera Cumbre Mundial de Econom\u00eda Circular en 2021 participaron 41 pa\u00edses de 5 continentes y tuvo m\u00e1s de 3 millones de visualizaciones por las redes sociales.<\/p>\n\n\n\n<p>\u201cEl objetivo de este evento es compartir ideas y experiencias innovadoras con el fin de generar y articular nuevos modelos de negocios que favorezcan el desarrollo sostenible, aumentando la competitividad y mejorando la calidad de vida de todos los ciudadanos\u201d, expres\u00f3 Enzo Cravero, presidente de BioC\u00f3rdoba.<\/p>\n\n\n\n<p><strong>Expertos internacionales<\/strong><\/p>\n\n\n\n<p>El evento mundial reunir\u00e1 a especialistas y l\u00edderes en la tem\u00e1tica. Estar\u00e1n presentes Peter Heck, CEO de IfaS (Instituto para la Gesti\u00f3n Aplicada del Flujo de Materiales), un organismo de investigaci\u00f3n superior de la Universidad de Ciencias Aplicadas de Tr\u00e9veris, ubicado en el Campus Ambiental Birkenfeld (ECB) de Alemania y Gunter Pauli, emprendedor dedicado a la transformaci\u00f3n de los modelos de negocios y referente mundial de la econom\u00eda circular.<\/p>\n\n\n\n<p>Tambi\u00e9n participar\u00e1 Evelyn Lenke, ex pol\u00edtica alemana fundadora de la empresa Thinking Circular y Nicholas Richard Hurd, pol\u00edtico brit\u00e1nico que se desempe\u00f1\u00f3 como ministro de Londres de 2018 a 2019 y Juan Verde, estratega internacional de vasta experiencia, tanto en el sector p\u00fablico como en el privado.<\/p>\n\n\n\n<p><strong>Actividades paralelas<\/strong><\/p>\n\n\n\n<p>En el marco de la Cumbre, la Red Iberoamericana de Gobiernos y Ciudades Circulares estar\u00e1 presente ambos d\u00edas con un stand, y con las Experiencias Circulares se visibilizar\u00e1n los casos de \u00e9xito de empresas, emprendedores, cooperativas y ONG, que compartir\u00e1n sus experiencias aplicadas.<\/p>\n\n\n\n<p>Asimismo, se contar\u00e1 con un espacio educativo ambiental que integra juegos interactivos y actividades cuyo objetivo es introducir al p\u00fablico en general y alumnos de sexto grado de escuelas municipales a los conceptos en torno a la econom\u00eda circular.<\/p>\n\n\n\n<p><\/p>\n\n\n\n<figure class=\"wp-block-embed is-type-wp-embed is-provider-el-regional wp-block-embed-el-regional\"><div class=\"wp-block-embed__wrapper\">\n<blockquote class=\"wp-embedded-content\" data-secret=\"8WfsevlkSj\"><a href=\"https:\/\/elregionalvm.com.ar\/noticias-villa-maria\/que-es-la-obsolescencia-programada-y-por-que-deberia-enfurecernos-que-exista\/\">\u00bfQu\u00e9 es la obsolescencia programada y por qu\u00e9 deber\u00eda enfurecernos que exista?<\/a><\/blockquote><iframe class=\"wp-embedded-content\" sandbox=\"allow-scripts\" security=\"restricted\" style=\"position: absolute; visibility: hidden;\" title=\"\u00ab\u00bfQu\u00e9 es la obsolescencia programada y por qu\u00e9 deber\u00eda enfurecernos que exista?\u00bb \u2014 El Regional\" src=\"https:\/\/elregionalvm.com.ar\/noticias-villa-maria\/que-es-la-obsolescencia-programada-y-por-que-deberia-enfurecernos-que-exista\/embed\/#?secret=pXHF1Xc2MW#?secret=8WfsevlkSj\" data-secret=\"8WfsevlkSj\" width=\"500\" height=\"282\" frameborder=\"0\" marginwidth=\"0\" marginheight=\"0\" scrolling=\"no\"><\/iframe>\n<\/div><\/figure>\n\n\n\n<p><\/p>\n\n\n\n<p>De la mano de Empresa Provincial de Energ\u00eda de C\u00f3rdoba (EPEC) se llevar\u00e1 a cabo un Simposio de Movilidad El\u00e9ctrica y Sostenible. All\u00ed se disertar\u00e1 sobre los avances en movilidad el\u00e9ctrica a nivel local e internacional y su implicancia en el dise\u00f1o de pol\u00edticas ambientales.<\/p>\n\n\n\n<p>Entre estas iniciativas, en octubre se realizar\u00e1 la Bienal de Dise\u00f1o organizada conjuntamente con la Agencia de Desarrollo Econ\u00f3mico de la Ciudad de C\u00f3rdoba (ADEC).<\/p>\n\n\n\n<p><strong>\u00bfQu\u00e9 es la econom\u00eda circular?<\/strong><\/p>\n\n\n\n<p>Es un nuevo paradigma que busca redefinir los ideales de crecimiento y desarrollo. Pretende transformar el modelo productivo y de consumo actual y pasar de una econom\u00eda lineal de extracci\u00f3n, producci\u00f3n, consumo y desperdicio, a una circular, eficiente y responsable con el uso de los recursos.<\/p>\n\n\n\n<p><strong>Inscripciones abiertas<\/strong><\/p>\n\n\n\n<p>El acceso presencial y virtual es p\u00fablico y gratuito. Las inscripciones se encuentran abiertas en el sitio oficial en: <a href=\"https:\/\/cumbremec.cordoba.gob.ar\/\">https:\/\/cumbremec.cordoba.gob.ar\/<\/a><\/p>\n","protected":false},"excerpt":{"rendered":"<p>A pocos d\u00edas de abiertas sus inscripciones, el evento registr\u00f3 una gran cantidad de interesados en participar el pr\u00f3ximo mi\u00e9rcoles 15 y jueves 16 de junio. La Cumbre Mundial de Econom\u00eda Circular, que se desarrollar\u00e1 en la ciudad de C\u00f3rdoba los d\u00edas 15 y 16 de junio, ya super\u00f3 los 10 mil inscriptos presenciales y [&hellip;]<\/p>\n","protected":false},"author":4,"featured_media":58717,"comment_status":"open","ping_status":"open","sticky":false,"template":"","format":"standard","meta":{"site-sidebar-layout":"default","site-content-layout":"","ast-site-content-layout":"default","site-content-style":"default","site-sidebar-style":"default","ast-global-header-display":"","ast-banner-title-visibility":"","ast-main-header-display":"","ast-hfb-above-header-display":"","ast-hfb-below-header-display":"","ast-hfb-mobile-header-display":"","site-post-title":"","ast-breadcrumbs-content":"","ast-featured-img":"","footer-sml-layout":"","ast-disable-related-posts":"","theme-transparent-header-meta":"","adv-header-id-meta":"","stick-header-meta":"","header-above-stick-meta":"","header-main-stick-meta":"","header-below-stick-meta":"","astra-migrate-meta-layouts":"default","ast-page-background-enabled":"default","ast-page-background-meta":{"desktop":{"background-color":"","background-image":"","background-repeat":"repeat","background-position":"center center","background-size":"auto","background-attachment":"scroll","background-type":"","background-media":"","overlay-type":"","overlay-color":"","overlay-opacity":"","overlay-gradient":""},"tablet":{"background-color":"","background-image":"","background-repeat":"repeat","background-position":"center center","background-size":"auto","background-attachment":"scroll","background-type":"","background-media":"","overlay-type":"","overlay-color":"","overlay-opacity":"","overlay-gradient":""},"mobile":{"background-color":"","background-image":"","background-repeat":"repeat","background-position":"center center","background-size":"auto","background-attachment":"scroll","background-type":"","background-media":"","overlay-type":"","overlay-color":"","overlay-opacity":"","overlay-gradient":""}},"ast-content-background-meta":{"desktop":{"background-color":"var(--ast-global-color-5)","background-image":"","background-repeat":"repeat","background-position":"center center","background-size":"auto","background-attachment":"scroll","background-type":"","background-media":"","overlay-type":"","overlay-color":"","overlay-opacity":"","overlay-gradient":""},"tablet":{"background-color":"var(--ast-global-color-5)","background-image":"","background-repeat":"repeat","background-position":"center center","background-size":"auto","background-attachment":"scroll","background-type":"","background-media":"","overlay-type":"","overlay-color":"","overlay-opacity":"","overlay-gradient":""},"mobile":{"background-color":"var(--ast-global-color-5)","background-image":"","background-repeat":"repeat","background-position":"center center","background-size":"auto","background-attachment":"scroll","background-type":"","background-media":"","overlay-type":"","overlay-color":"","overlay-opacity":"","overlay-gradient":""}},"_jetpack_memberships_contains_paid_content":false,"_joinchat":[],"footnotes":""},"categories":[15302,5],"tags":[322,16027,16026,5241,16022],"class_list":["post-58715","post","type-post","status-publish","format-standard","has-post-thumbnail","hentry","category-destacado","category-sociedad","tag-cordoba","tag-cumbre-mundial","tag-economia-circular","tag-inscripciones","tag-martin-llaryora"],"yoast_head":"<!-- This site is optimized with the Yoast SEO plugin v26.8 - https:\/\/yoast.com\/product\/yoast-seo-wordpress\/ -->\n<title>La segunda cumbre mundial de econom\u00eda circular ya super\u00f3 los 10 mil inscriptos - El Regional<\/title>\n<meta name=\"description\" content=\"A pocos d\u00edas de abiertas sus inscripciones, el evento registr\u00f3 una gran cantidad de interesados en participar el mi\u00e9rcoles 15 y jueves 16.\" \/>\n<meta name=\"robots\" content=\"index, follow, max-snippet:-1, max-image-preview:large, max-video-preview:-1\" \/>\n<link rel=\"canonical\" href=\"http:\/\/elregionalvm.com.ar\/noticias-villa-maria\/la-segunda-cumbre-mundial-de-economia-circular-ya-supero-los-10-mil-inscriptos\/\" \/>\n<meta property=\"og:locale\" content=\"es_ES\" \/>\n<meta property=\"og:type\" content=\"article\" \/>\n<meta property=\"og:title\" content=\"La segunda cumbre mundial de econom\u00eda circular ya super\u00f3 los 10 mil inscriptos - El Regional\" \/>\n<meta property=\"og:description\" content=\"A pocos d\u00edas de abiertas sus inscripciones, el evento registr\u00f3 una gran cantidad de interesados en participar el mi\u00e9rcoles 15 y jueves 16.\" \/>\n<meta property=\"og:url\" content=\"http:\/\/elregionalvm.com.ar\/noticias-villa-maria\/la-segunda-cumbre-mundial-de-economia-circular-ya-supero-los-10-mil-inscriptos\/\" \/>\n<meta property=\"og:site_name\" content=\"El Regional\" \/>\n<meta property=\"article:publisher\" content=\"https:\/\/www.facebook.com\/elregionalvm\" \/>\n<meta property=\"article:published_time\" content=\"2022-06-10T15:45:55+00:00\" \/>\n<meta property=\"article:modified_time\" content=\"2022-06-10T15:45:57+00:00\" \/>\n<meta property=\"og:image\" content=\"http:\/\/elregionalvm.com.ar\/noticias-villa-maria\/wp-content\/uploads\/2022\/06\/Llaryora-cumbre-economia-circular.jpeg\" \/>\n\t<meta property=\"og:image:width\" content=\"1129\" \/>\n\t<meta property=\"og:image:height\" content=\"800\" \/>\n\t<meta property=\"og:image:type\" content=\"image\/jpeg\" \/>\n<meta name=\"author\" content=\"Contenidos El Regional\" \/>\n<meta name=\"twitter:card\" content=\"summary_large_image\" \/>\n<meta name=\"twitter:creator\" content=\"@elregionalvm1\" \/>\n<meta name=\"twitter:site\" content=\"@elregionalvm1\" \/>\n<meta name=\"twitter:label1\" content=\"Escrito por\" \/>\n\t<meta name=\"twitter:data1\" content=\"Contenidos El Regional\" \/>\n\t<meta name=\"twitter:label2\" content=\"Tiempo de lectura\" \/>\n\t<meta name=\"twitter:data2\" content=\"4 minutos\" \/>\n<script type=\"application\/ld+json\" class=\"yoast-schema-graph\">{\"@context\":\"https:\/\/schema.org\",\"@graph\":[{\"@type\":\"Article\",\"@id\":\"http:\/\/elregionalvm.com.ar\/noticias-villa-maria\/la-segunda-cumbre-mundial-de-economia-circular-ya-supero-los-10-mil-inscriptos\/#article\",\"isPartOf\":{\"@id\":\"http:\/\/elregionalvm.com.ar\/noticias-villa-maria\/la-segunda-cumbre-mundial-de-economia-circular-ya-supero-los-10-mil-inscriptos\/\"},\"author\":{\"name\":\"Contenidos El Regional\",\"@id\":\"http:\/\/elregionalvm.com.ar\/noticias-villa-maria\/#\/schema\/person\/a0fb9c422317faca23d50163151bc354\"},\"headline\":\"La segunda cumbre mundial de econom\u00eda circular ya super\u00f3 los 10 mil inscriptos\",\"datePublished\":\"2022-06-10T15:45:55+00:00\",\"dateModified\":\"2022-06-10T15:45:57+00:00\",\"mainEntityOfPage\":{\"@id\":\"http:\/\/elregionalvm.com.ar\/noticias-villa-maria\/la-segunda-cumbre-mundial-de-economia-circular-ya-supero-los-10-mil-inscriptos\/\"},\"wordCount\":686,\"commentCount\":0,\"image\":{\"@id\":\"http:\/\/elregionalvm.com.ar\/noticias-villa-maria\/la-segunda-cumbre-mundial-de-economia-circular-ya-supero-los-10-mil-inscriptos\/#primaryimage\"},\"thumbnailUrl\":\"https:\/\/i0.wp.com\/elregionalvm.com.ar\/noticias-villa-maria\/wp-content\/uploads\/2022\/06\/Llaryora-cumbre-economia-circular.jpeg?fit=1129%2C800&ssl=1\",\"keywords\":[\"c\u00f3rdoba\",\"cumbre mundial\",\"econom\u00eda circular\",\"inscripciones\",\"Mart\u00edn Llaryora\"],\"articleSection\":[\"destacado\",\"Sociedad\"],\"inLanguage\":\"es\",\"potentialAction\":[{\"@type\":\"CommentAction\",\"name\":\"Comment\",\"target\":[\"http:\/\/elregionalvm.com.ar\/noticias-villa-maria\/la-segunda-cumbre-mundial-de-economia-circular-ya-supero-los-10-mil-inscriptos\/#respond\"]}]},{\"@type\":\"WebPage\",\"@id\":\"http:\/\/elregionalvm.com.ar\/noticias-villa-maria\/la-segunda-cumbre-mundial-de-economia-circular-ya-supero-los-10-mil-inscriptos\/\",\"url\":\"http:\/\/elregionalvm.com.ar\/noticias-villa-maria\/la-segunda-cumbre-mundial-de-economia-circular-ya-supero-los-10-mil-inscriptos\/\",\"name\":\"La segunda cumbre mundial de econom\u00eda circular ya super\u00f3 los 10 mil inscriptos - El Regional\",\"isPartOf\":{\"@id\":\"http:\/\/elregionalvm.com.ar\/noticias-villa-maria\/#website\"},\"primaryImageOfPage\":{\"@id\":\"http:\/\/elregionalvm.com.ar\/noticias-villa-maria\/la-segunda-cumbre-mundial-de-economia-circular-ya-supero-los-10-mil-inscriptos\/#primaryimage\"},\"image\":{\"@id\":\"http:\/\/elregionalvm.com.ar\/noticias-villa-maria\/la-segunda-cumbre-mundial-de-economia-circular-ya-supero-los-10-mil-inscriptos\/#primaryimage\"},\"thumbnailUrl\":\"https:\/\/i0.wp.com\/elregionalvm.com.ar\/noticias-villa-maria\/wp-content\/uploads\/2022\/06\/Llaryora-cumbre-economia-circular.jpeg?fit=1129%2C800&ssl=1\",\"datePublished\":\"2022-06-10T15:45:55+00:00\",\"dateModified\":\"2022-06-10T15:45:57+00:00\",\"author\":{\"@id\":\"http:\/\/elregionalvm.com.ar\/noticias-villa-maria\/#\/schema\/person\/a0fb9c422317faca23d50163151bc354\"},\"description\":\"A pocos d\u00edas de abiertas sus inscripciones, el evento registr\u00f3 una gran cantidad de interesados en participar el mi\u00e9rcoles 15 y jueves 16.\",\"breadcrumb\":{\"@id\":\"http:\/\/elregionalvm.com.ar\/noticias-villa-maria\/la-segunda-cumbre-mundial-de-economia-circular-ya-supero-los-10-mil-inscriptos\/#breadcrumb\"},\"inLanguage\":\"es\",\"potentialAction\":[{\"@type\":\"ReadAction\",\"target\":[\"http:\/\/elregionalvm.com.ar\/noticias-villa-maria\/la-segunda-cumbre-mundial-de-economia-circular-ya-supero-los-10-mil-inscriptos\/\"]}]},{\"@type\":\"ImageObject\",\"inLanguage\":\"es\",\"@id\":\"http:\/\/elregionalvm.com.ar\/noticias-villa-maria\/la-segunda-cumbre-mundial-de-economia-circular-ya-supero-los-10-mil-inscriptos\/#primaryimage\",\"url\":\"https:\/\/i0.wp.com\/elregionalvm.com.ar\/noticias-villa-maria\/wp-content\/uploads\/2022\/06\/Llaryora-cumbre-economia-circular.jpeg?fit=1129%2C800&ssl=1\",\"contentUrl\":\"https:\/\/i0.wp.com\/elregionalvm.com.ar\/noticias-villa-maria\/wp-content\/uploads\/2022\/06\/Llaryora-cumbre-economia-circular.jpeg?fit=1129%2C800&ssl=1\",\"width\":1129,\"height\":800},{\"@type\":\"BreadcrumbList\",\"@id\":\"http:\/\/elregionalvm.com.ar\/noticias-villa-maria\/la-segunda-cumbre-mundial-de-economia-circular-ya-supero-los-10-mil-inscriptos\/#breadcrumb\",\"itemListElement\":[{\"@type\":\"ListItem\",\"position\":1,\"name\":\"Portada\",\"item\":\"https:\/\/elregionalvm.com.ar\/noticias-villa-maria\/\"},{\"@type\":\"ListItem\",\"position\":2,\"name\":\"La segunda cumbre mundial de econom\u00eda circular ya super\u00f3 los 10 mil inscriptos\"}]},{\"@type\":\"WebSite\",\"@id\":\"http:\/\/elregionalvm.com.ar\/noticias-villa-maria\/#website\",\"url\":\"http:\/\/elregionalvm.com.ar\/noticias-villa-maria\/\",\"name\":\"El Regional\",\"description\":\"Mucho m\u00e1s que informaci\u00f3n\",\"potentialAction\":[{\"@type\":\"SearchAction\",\"target\":{\"@type\":\"EntryPoint\",\"urlTemplate\":\"http:\/\/elregionalvm.com.ar\/noticias-villa-maria\/?s={search_term_string}\"},\"query-input\":{\"@type\":\"PropertyValueSpecification\",\"valueRequired\":true,\"valueName\":\"search_term_string\"}}],\"inLanguage\":\"es\"},{\"@type\":\"Person\",\"@id\":\"http:\/\/elregionalvm.com.ar\/noticias-villa-maria\/#\/schema\/person\/a0fb9c422317faca23d50163151bc354\",\"name\":\"Contenidos El Regional\",\"image\":{\"@type\":\"ImageObject\",\"inLanguage\":\"es\",\"@id\":\"http:\/\/elregionalvm.com.ar\/noticias-villa-maria\/#\/schema\/person\/image\/\",\"url\":\"https:\/\/secure.gravatar.com\/avatar\/265b27cb2209af7bb3a1318f03305787d7981a5cc6e6cd08fe5a4ecdf99d4b48?s=96&d=mm&r=g\",\"contentUrl\":\"https:\/\/secure.gravatar.com\/avatar\/265b27cb2209af7bb3a1318f03305787d7981a5cc6e6cd08fe5a4ecdf99d4b48?s=96&d=mm&r=g\",\"caption\":\"Contenidos El Regional\"},\"url\":\"https:\/\/elregionalvm.com.ar\/noticias-villa-maria\/author\/contenido\/\"}]}<\/script>\n<!-- \/ Yoast SEO plugin. -->","yoast_head_json":{"title":"La segunda cumbre mundial de econom\u00eda circular ya super\u00f3 los 10 mil inscriptos - El Regional","description":"A pocos d\u00edas de abiertas sus inscripciones, el evento registr\u00f3 una gran cantidad de interesados en participar el mi\u00e9rcoles 15 y jueves 16.","robots":{"index":"index","follow":"follow","max-snippet":"max-snippet:-1","max-image-preview":"max-image-preview:large","max-video-preview":"max-video-preview:-1"},"canonical":"http:\/\/elregionalvm.com.ar\/noticias-villa-maria\/la-segunda-cumbre-mundial-de-economia-circular-ya-supero-los-10-mil-inscriptos\/","og_locale":"es_ES","og_type":"article","og_title":"La segunda cumbre mundial de econom\u00eda circular ya super\u00f3 los 10 mil inscriptos - El Regional","og_description":"A pocos d\u00edas de abiertas sus inscripciones, el evento registr\u00f3 una gran cantidad de interesados en participar el mi\u00e9rcoles 15 y jueves 16.","og_url":"http:\/\/elregionalvm.com.ar\/noticias-villa-maria\/la-segunda-cumbre-mundial-de-economia-circular-ya-supero-los-10-mil-inscriptos\/","og_site_name":"El Regional","article_publisher":"https:\/\/www.facebook.com\/elregionalvm","article_published_time":"2022-06-10T15:45:55+00:00","article_modified_time":"2022-06-10T15:45:57+00:00","og_image":[{"width":1129,"height":800,"url":"http:\/\/elregionalvm.com.ar\/noticias-villa-maria\/wp-content\/uploads\/2022\/06\/Llaryora-cumbre-economia-circular.jpeg","type":"image\/jpeg"}],"author":"Contenidos El Regional","twitter_card":"summary_large_image","twitter_creator":"@elregionalvm1","twitter_site":"@elregionalvm1","twitter_misc":{"Escrito por":"Contenidos El Regional","Tiempo de lectura":"4 minutos"},"schema":{"@context":"https:\/\/schema.org","@graph":[{"@type":"Article","@id":"http:\/\/elregionalvm.com.ar\/noticias-villa-maria\/la-segunda-cumbre-mundial-de-economia-circular-ya-supero-los-10-mil-inscriptos\/#article","isPartOf":{"@id":"http:\/\/elregionalvm.com.ar\/noticias-villa-maria\/la-segunda-cumbre-mundial-de-economia-circular-ya-supero-los-10-mil-inscriptos\/"},"author":{"name":"Contenidos El Regional","@id":"http:\/\/elregionalvm.com.ar\/noticias-villa-maria\/#\/schema\/person\/a0fb9c422317faca23d50163151bc354"},"headline":"La segunda cumbre mundial de econom\u00eda circular ya super\u00f3 los 10 mil inscriptos","datePublished":"2022-06-10T15:45:55+00:00","dateModified":"2022-06-10T15:45:57+00:00","mainEntityOfPage":{"@id":"http:\/\/elregionalvm.com.ar\/noticias-villa-maria\/la-segunda-cumbre-mundial-de-economia-circular-ya-supero-los-10-mil-inscriptos\/"},"wordCount":686,"commentCount":0,"image":{"@id":"http:\/\/elregionalvm.com.ar\/noticias-villa-maria\/la-segunda-cumbre-mundial-de-economia-circular-ya-supero-los-10-mil-inscriptos\/#primaryimage"},"thumbnailUrl":"https:\/\/i0.wp.com\/elregionalvm.com.ar\/noticias-villa-maria\/wp-content\/uploads\/2022\/06\/Llaryora-cumbre-economia-circular.jpeg?fit=1129%2C800&ssl=1","keywords":["c\u00f3rdoba","cumbre mundial","econom\u00eda circular","inscripciones","Mart\u00edn Llaryora"],"articleSection":["destacado","Sociedad"],"inLanguage":"es","potentialAction":[{"@type":"CommentAction","name":"Comment","target":["http:\/\/elregionalvm.com.ar\/noticias-villa-maria\/la-segunda-cumbre-mundial-de-economia-circular-ya-supero-los-10-mil-inscriptos\/#respond"]}]},{"@type":"WebPage","@id":"http:\/\/elregionalvm.com.ar\/noticias-villa-maria\/la-segunda-cumbre-mundial-de-economia-circular-ya-supero-los-10-mil-inscriptos\/","url":"http:\/\/elregionalvm.com.ar\/noticias-villa-maria\/la-segunda-cumbre-mundial-de-economia-circular-ya-supero-los-10-mil-inscriptos\/","name":"La segunda cumbre mundial de econom\u00eda circular ya super\u00f3 los 10 mil inscriptos - El Regional","isPartOf":{"@id":"http:\/\/elregionalvm.com.ar\/noticias-villa-maria\/#website"},"primaryImageOfPage":{"@id":"http:\/\/elregionalvm.com.ar\/noticias-villa-maria\/la-segunda-cumbre-mundial-de-economia-circular-ya-supero-los-10-mil-inscriptos\/#primaryimage"},"image":{"@id":"http:\/\/elregionalvm.com.ar\/noticias-villa-maria\/la-segunda-cumbre-mundial-de-economia-circular-ya-supero-los-10-mil-inscriptos\/#primaryimage"},"thumbnailUrl":"https:\/\/i0.wp.com\/elregionalvm.com.ar\/noticias-villa-maria\/wp-content\/uploads\/2022\/06\/Llaryora-cumbre-economia-circular.jpeg?fit=1129%2C800&ssl=1","datePublished":"2022-06-10T15:45:55+00:00","dateModified":"2022-06-10T15:45:57+00:00","author":{"@id":"http:\/\/elregionalvm.com.ar\/noticias-villa-maria\/#\/schema\/person\/a0fb9c422317faca23d50163151bc354"},"description":"A pocos d\u00edas de abiertas sus inscripciones, el evento registr\u00f3 una gran cantidad de interesados en participar el mi\u00e9rcoles 15 y jueves 16.","breadcrumb":{"@id":"http:\/\/elregionalvm.com.ar\/noticias-villa-maria\/la-segunda-cumbre-mundial-de-economia-circular-ya-supero-los-10-mil-inscriptos\/#breadcrumb"},"inLanguage":"es","potentialAction":[{"@type":"ReadAction","target":["http:\/\/elregionalvm.com.ar\/noticias-villa-maria\/la-segunda-cumbre-mundial-de-economia-circular-ya-supero-los-10-mil-inscriptos\/"]}]},{"@type":"ImageObject","inLanguage":"es","@id":"http:\/\/elregionalvm.com.ar\/noticias-villa-maria\/la-segunda-cumbre-mundial-de-economia-circular-ya-supero-los-10-mil-inscriptos\/#primaryimage","url":"https:\/\/i0.wp.com\/elregionalvm.com.ar\/noticias-villa-maria\/wp-content\/uploads\/2022\/06\/Llaryora-cumbre-economia-circular.jpeg?fit=1129%2C800&ssl=1","contentUrl":"https:\/\/i0.wp.com\/elregionalvm.com.ar\/noticias-villa-maria\/wp-content\/uploads\/2022\/06\/Llaryora-cumbre-economia-circular.jpeg?fit=1129%2C800&ssl=1","width":1129,"height":800},{"@type":"BreadcrumbList","@id":"http:\/\/elregionalvm.com.ar\/noticias-villa-maria\/la-segunda-cumbre-mundial-de-economia-circular-ya-supero-los-10-mil-inscriptos\/#breadcrumb","itemListElement":[{"@type":"ListItem","position":1,"name":"Portada","item":"https:\/\/elregionalvm.com.ar\/noticias-villa-maria\/"},{"@type":"ListItem","position":2,"name":"La segunda cumbre mundial de econom\u00eda circular ya super\u00f3 los 10 mil inscriptos"}]},{"@type":"WebSite","@id":"http:\/\/elregionalvm.com.ar\/noticias-villa-maria\/#website","url":"http:\/\/elregionalvm.com.ar\/noticias-villa-maria\/","name":"El Regional","description":"Mucho m\u00e1s que informaci\u00f3n","potentialAction":[{"@type":"SearchAction","target":{"@type":"EntryPoint","urlTemplate":"http:\/\/elregionalvm.com.ar\/noticias-villa-maria\/?s={search_term_string}"},"query-input":{"@type":"PropertyValueSpecification","valueRequired":true,"valueName":"search_term_string"}}],"inLanguage":"es"},{"@type":"Person","@id":"http:\/\/elregionalvm.com.ar\/noticias-villa-maria\/#\/schema\/person\/a0fb9c422317faca23d50163151bc354","name":"Contenidos El Regional","image":{"@type":"ImageObject","inLanguage":"es","@id":"http:\/\/elregionalvm.com.ar\/noticias-villa-maria\/#\/schema\/person\/image\/","url":"https:\/\/secure.gravatar.com\/avatar\/265b27cb2209af7bb3a1318f03305787d7981a5cc6e6cd08fe5a4ecdf99d4b48?s=96&d=mm&r=g","contentUrl":"https:\/\/secure.gravatar.com\/avatar\/265b27cb2209af7bb3a1318f03305787d7981a5cc6e6cd08fe5a4ecdf99d4b48?s=96&d=mm&r=g","caption":"Contenidos El Regional"},"url":"https:\/\/elregionalvm.com.ar\/noticias-villa-maria\/author\/contenido\/"}]}},"jetpack_featured_media_url":"https:\/\/i0.wp.com\/elregionalvm.com.ar\/noticias-villa-maria\/wp-content\/uploads\/2022\/06\/Llaryora-cumbre-economia-circular.jpeg?fit=1129%2C800&ssl=1","jetpack_sharing_enabled":true,"_links":{"self":[{"href":"https:\/\/elregionalvm.com.ar\/noticias-villa-maria\/wp-json\/wp\/v2\/posts\/58715","targetHints":{"allow":["GET"]}}],"collection":[{"href":"https:\/\/elregionalvm.com.ar\/noticias-villa-maria\/wp-json\/wp\/v2\/posts"}],"about":[{"href":"https:\/\/elregionalvm.com.ar\/noticias-villa-maria\/wp-json\/wp\/v2\/types\/post"}],"author":[{"embeddable":true,"href":"https:\/\/elregionalvm.com.ar\/noticias-villa-maria\/wp-json\/wp\/v2\/users\/4"}],"replies":[{"embeddable":true,"href":"https:\/\/elregionalvm.com.ar\/noticias-villa-maria\/wp-json\/wp\/v2\/comments?post=58715"}],"version-history":[{"count":2,"href":"https:\/\/elregionalvm.com.ar\/noticias-villa-maria\/wp-json\/wp\/v2\/posts\/58715\/revisions"}],"predecessor-version":[{"id":58719,"href":"https:\/\/elregionalvm.com.ar\/noticias-villa-maria\/wp-json\/wp\/v2\/posts\/58715\/revisions\/58719"}],"wp:featuredmedia":[{"embeddable":true,"href":"https:\/\/elregionalvm.com.ar\/noticias-villa-maria\/wp-json\/wp\/v2\/media\/58717"}],"wp:attachment":[{"href":"https:\/\/elregionalvm.com.ar\/noticias-villa-maria\/wp-json\/wp\/v2\/media?parent=58715"}],"wp:term":[{"taxonomy":"category","embeddable":true,"href":"https:\/\/elregionalvm.com.ar\/noticias-villa-maria\/wp-json\/wp\/v2\/categories?post=58715"},{"taxonomy":"post_tag","embeddable":true,"href":"https:\/\/elregionalvm.com.ar\/noticias-villa-maria\/wp-json\/wp\/v2\/tags?post=58715"}],"curies":[{"name":"wp","href":"https:\/\/api.w.org\/{rel}","templated":true}]}}