{"id":58720,"date":"2022-06-10T22:53:35","date_gmt":"2022-06-10T22:53:35","guid":{"rendered":"https:\/\/elregionalvm.com.ar\/noticias-villa-maria\/?p=58720"},"modified":"2022-06-10T22:54:44","modified_gmt":"2022-06-10T22:54:44","slug":"dos-incendios-perdida-total-en-una-vivienda-precaria-y-dos-personas-con-principio-de-asfixia-en-otro-siniestro","status":"publish","type":"post","link":"https:\/\/elregionalvm.com.ar\/noticias-villa-maria\/dos-incendios-perdida-total-en-una-vivienda-precaria-y-dos-personas-con-principio-de-asfixia-en-otro-siniestro\/","title":{"rendered":"Dos incendios: p\u00e9rdida total en una vivienda precaria y dos personas con principio de asfixia en otro siniestro"},"content":{"rendered":"\n<p>En la tarde de este viernes, los bomberos de Villa Mar\u00eda debieron concurrir a dos incendios sucedidos en viviendas ubicadas en distintos sectores de la ciudad . <\/p>\n\n\n\n<p>El primero de los focos \u00edgneos ocurri\u00f3 alrededor de las 18:00 y tuvo lugar en la intersecci\u00f3n de Sabattini y Ruta 158,  donde una precaria vivienda sufri\u00f3 da\u00f1os totales, pese a la participaci\u00f3n de los bomberos con una dotaci\u00f3n y cinco efectivos. <\/p>\n\n\n\n<p>En la humilde morada estaba viviendo un hombre de 72 a\u00f1os, identificado como Nicol\u00e1s Britos, quien no sufri\u00f3 lesiones, pero perdi\u00f3 sus pertenencias. <\/p>\n\n\n\n<div class=\"wp-block-image\"><figure class=\"aligncenter size-large is-resized\"><img data-recalc-dims=\"1\" fetchpriority=\"high\" decoding=\"async\" src=\"https:\/\/i0.wp.com\/elregionalvm.com.ar\/noticias-villa-maria\/wp-content\/uploads\/2022\/06\/WhatsApp-Image-2022-06-10-at-6.09.37-PM.jpeg?resize=599%2C336&#038;ssl=1\" alt=\"\" class=\"wp-image-58722\" width=\"599\" height=\"336\" srcset=\"https:\/\/i0.wp.com\/elregionalvm.com.ar\/noticias-villa-maria\/wp-content\/uploads\/2022\/06\/WhatsApp-Image-2022-06-10-at-6.09.37-PM.jpeg?resize=1024%2C576&amp;ssl=1 1024w, https:\/\/i0.wp.com\/elregionalvm.com.ar\/noticias-villa-maria\/wp-content\/uploads\/2022\/06\/WhatsApp-Image-2022-06-10-at-6.09.37-PM.jpeg?resize=300%2C169&amp;ssl=1 300w, https:\/\/i0.wp.com\/elregionalvm.com.ar\/noticias-villa-maria\/wp-content\/uploads\/2022\/06\/WhatsApp-Image-2022-06-10-at-6.09.37-PM.jpeg?resize=768%2C432&amp;ssl=1 768w, https:\/\/i0.wp.com\/elregionalvm.com.ar\/noticias-villa-maria\/wp-content\/uploads\/2022\/06\/WhatsApp-Image-2022-06-10-at-6.09.37-PM.jpeg?w=1280&amp;ssl=1 1280w\" sizes=\"(max-width: 599px) 100vw, 599px\" \/><\/figure><\/div>\n\n\n\n<p><strong>El segundo incendio de la tarde<\/strong><\/p>\n\n\n\n<p>El otro incendio, sucedi\u00f3 minutos despu\u00e9s, siendo las 18:30 aproximadamente. Esta vez, el fuego tom\u00f3 parte de una vivienda en calles Entre R\u00edos y Ayacucho. Seg\u00fan explicaron los bomberos, todo indica que el fuego se inici\u00f3 en la zona del patio, en un quincho o galer\u00eda abierta, para luego comenzar a extenderse a la zona de la cocina de la casa. <\/p>\n\n\n\n<p>Las llamas alcanzaron a afectar algunos artefactos de la vivienda por lo que el due\u00f1o de casa con su hijo, en principio comenzaron a sacar objetos del lugar para salvarlos del fuego. Con este accionar, ambos sufrieron la inhalaci\u00f3n de mon\u00f3xido de carbono, por lo que para una mejor atenci\u00f3n los derivaron al Hospital a los dos, aunque el cuadro no representaba riesgo de vida para ellos, seg\u00fan reportaron desde el cuartel. <\/p>\n","protected":false},"excerpt":{"rendered":"<p>En la tarde de este viernes, los bomberos de Villa Mar\u00eda debieron concurrir a dos incendios sucedidos en viviendas ubicadas en distintos sectores de la ciudad . El primero de los focos \u00edgneos ocurri\u00f3 alrededor de las 18:00 y tuvo lugar en la intersecci\u00f3n de Sabattini y Ruta 158, donde una precaria vivienda sufri\u00f3 da\u00f1os [&hellip;]<\/p>\n","protected":false},"author":4,"featured_media":58721,"comment_status":"open","ping_status":"open","sticky":false,"template":"","format":"standard","meta":{"site-sidebar-layout":"default","site-content-layout":"","ast-site-content-layout":"default","site-content-style":"default","site-sidebar-style":"default","ast-global-header-display":"","ast-banner-title-visibility":"","ast-main-header-display":"","ast-hfb-above-header-display":"","ast-hfb-below-header-display":"","ast-hfb-mobile-header-display":"","site-post-title":"","ast-breadcrumbs-content":"","ast-featured-img":"","footer-sml-layout":"","ast-disable-related-posts":"","theme-transparent-header-meta":"","adv-header-id-meta":"","stick-header-meta":"","header-above-stick-meta":"","header-main-stick-meta":"","header-below-stick-meta":"","astra-migrate-meta-layouts":"default","ast-page-background-enabled":"default","ast-page-background-meta":{"desktop":{"background-color":"","background-image":"","background-repeat":"repeat","background-position":"center center","background-size":"auto","background-attachment":"scroll","background-type":"","background-media":"","overlay-type":"","overlay-color":"","overlay-opacity":"","overlay-gradient":""},"tablet":{"background-color":"","background-image":"","background-repeat":"repeat","background-position":"center center","background-size":"auto","background-attachment":"scroll","background-type":"","background-media":"","overlay-type":"","overlay-color":"","overlay-opacity":"","overlay-gradient":""},"mobile":{"background-color":"","background-image":"","background-repeat":"repeat","background-position":"center center","background-size":"auto","background-attachment":"scroll","background-type":"","background-media":"","overlay-type":"","overlay-color":"","overlay-opacity":"","overlay-gradient":""}},"ast-content-background-meta":{"desktop":{"background-color":"var(--ast-global-color-5)","background-image":"","background-repeat":"repeat","background-position":"center center","background-size":"auto","background-attachment":"scroll","background-type":"","background-media":"","overlay-type":"","overlay-color":"","overlay-opacity":"","overlay-gradient":""},"tablet":{"background-color":"var(--ast-global-color-5)","background-image":"","background-repeat":"repeat","background-position":"center center","background-size":"auto","background-attachment":"scroll","background-type":"","background-media":"","overlay-type":"","overlay-color":"","overlay-opacity":"","overlay-gradient":""},"mobile":{"background-color":"var(--ast-global-color-5)","background-image":"","background-repeat":"repeat","background-position":"center center","background-size":"auto","background-attachment":"scroll","background-type":"","background-media":"","overlay-type":"","overlay-color":"","overlay-opacity":"","overlay-gradient":""}},"_jetpack_memberships_contains_paid_content":false,"_joinchat":[],"footnotes":""},"categories":[15302,2],"tags":[1343,3064,16029,13298,2130,9620,2400,11462,13512,16030,16028,2559],"class_list":["post-58720","post","type-post","status-publish","format-standard","has-post-thumbnail","hentry","category-destacado","category-villa-maria","tag-bomberos","tag-danos","tag-entre-rios-y-ayacucho","tag-hombre-de-72-anos","tag-hospital-pasteur","tag-incendio-vivienda","tag-incendios","tag-padre-e-hijo","tag-perdida-total","tag-principio-asfixia","tag-sabattini-y-ruta-158","tag-vivienda-precaria"],"yoast_head":"<!-- This site is optimized with the Yoast SEO plugin v26.8 - https:\/\/yoast.com\/product\/yoast-seo-wordpress\/ -->\n<title>Dos incendios: p\u00e9rdida total en una vivienda precaria y dos personas con principio de asfixia en otro siniestro - El Regional<\/title>\n<meta name=\"robots\" content=\"index, follow, max-snippet:-1, max-image-preview:large, max-video-preview:-1\" \/>\n<link rel=\"canonical\" href=\"http:\/\/elregionalvm.com.ar\/noticias-villa-maria\/dos-incendios-perdida-total-en-una-vivienda-precaria-y-dos-personas-con-principio-de-asfixia-en-otro-siniestro\/\" \/>\n<meta property=\"og:locale\" content=\"es_ES\" \/>\n<meta property=\"og:type\" content=\"article\" \/>\n<meta property=\"og:title\" content=\"Dos incendios: p\u00e9rdida total en una vivienda precaria y dos personas con principio de asfixia en otro siniestro - El Regional\" \/>\n<meta property=\"og:description\" content=\"En la tarde de este viernes, los bomberos de Villa Mar\u00eda debieron concurrir a dos incendios sucedidos en viviendas ubicadas en distintos sectores de la ciudad . El primero de los focos \u00edgneos ocurri\u00f3 alrededor de las 18:00 y tuvo lugar en la intersecci\u00f3n de Sabattini y Ruta 158, donde una precaria vivienda sufri\u00f3 da\u00f1os [&hellip;]\" \/>\n<meta property=\"og:url\" content=\"http:\/\/elregionalvm.com.ar\/noticias-villa-maria\/dos-incendios-perdida-total-en-una-vivienda-precaria-y-dos-personas-con-principio-de-asfixia-en-otro-siniestro\/\" \/>\n<meta property=\"og:site_name\" content=\"El Regional\" \/>\n<meta property=\"article:publisher\" content=\"https:\/\/www.facebook.com\/elregionalvm\" \/>\n<meta property=\"article:published_time\" content=\"2022-06-10T22:53:35+00:00\" \/>\n<meta property=\"article:modified_time\" content=\"2022-06-10T22:54:44+00:00\" \/>\n<meta property=\"og:image\" content=\"http:\/\/elregionalvm.com.ar\/noticias-villa-maria\/wp-content\/uploads\/2022\/06\/WhatsApp-Image-2022-06-10-at-6.09.38-PM.jpeg\" \/>\n\t<meta property=\"og:image:width\" content=\"1280\" \/>\n\t<meta property=\"og:image:height\" content=\"720\" \/>\n\t<meta property=\"og:image:type\" content=\"image\/jpeg\" \/>\n<meta name=\"author\" content=\"Contenidos El Regional\" \/>\n<meta name=\"twitter:card\" content=\"summary_large_image\" \/>\n<meta name=\"twitter:creator\" content=\"@elregionalvm1\" \/>\n<meta name=\"twitter:site\" content=\"@elregionalvm1\" \/>\n<meta name=\"twitter:label1\" content=\"Escrito por\" \/>\n\t<meta name=\"twitter:data1\" content=\"Contenidos El Regional\" \/>\n\t<meta name=\"twitter:label2\" content=\"Tiempo de lectura\" \/>\n\t<meta name=\"twitter:data2\" content=\"2 minutos\" \/>\n<script type=\"application\/ld+json\" class=\"yoast-schema-graph\">{\"@context\":\"https:\/\/schema.org\",\"@graph\":[{\"@type\":\"Article\",\"@id\":\"http:\/\/elregionalvm.com.ar\/noticias-villa-maria\/dos-incendios-perdida-total-en-una-vivienda-precaria-y-dos-personas-con-principio-de-asfixia-en-otro-siniestro\/#article\",\"isPartOf\":{\"@id\":\"http:\/\/elregionalvm.com.ar\/noticias-villa-maria\/dos-incendios-perdida-total-en-una-vivienda-precaria-y-dos-personas-con-principio-de-asfixia-en-otro-siniestro\/\"},\"author\":{\"name\":\"Contenidos El Regional\",\"@id\":\"http:\/\/elregionalvm.com.ar\/noticias-villa-maria\/#\/schema\/person\/a0fb9c422317faca23d50163151bc354\"},\"headline\":\"Dos incendios: p\u00e9rdida total en una vivienda precaria y dos personas con principio de asfixia en otro siniestro\",\"datePublished\":\"2022-06-10T22:53:35+00:00\",\"dateModified\":\"2022-06-10T22:54:44+00:00\",\"mainEntityOfPage\":{\"@id\":\"http:\/\/elregionalvm.com.ar\/noticias-villa-maria\/dos-incendios-perdida-total-en-una-vivienda-precaria-y-dos-personas-con-principio-de-asfixia-en-otro-siniestro\/\"},\"wordCount\":261,\"commentCount\":0,\"image\":{\"@id\":\"http:\/\/elregionalvm.com.ar\/noticias-villa-maria\/dos-incendios-perdida-total-en-una-vivienda-precaria-y-dos-personas-con-principio-de-asfixia-en-otro-siniestro\/#primaryimage\"},\"thumbnailUrl\":\"https:\/\/i0.wp.com\/elregionalvm.com.ar\/noticias-villa-maria\/wp-content\/uploads\/2022\/06\/WhatsApp-Image-2022-06-10-at-6.09.38-PM.jpeg?fit=1280%2C720&ssl=1\",\"keywords\":[\"Bomberos\",\"da\u00f1os\",\"Entre R\u00edos y Ayacucho\",\"hombre de 72 a\u00f1os\",\"Hospital Pasteur\",\"incendio vivienda\",\"incendios\",\"padre e hijo\",\"p\u00e9rdida total\",\"principio asfixia\",\"Sabattini y ruta 158\",\"Vivienda precaria\"],\"articleSection\":[\"destacado\",\"Villa Mar\u00eda\"],\"inLanguage\":\"es\",\"potentialAction\":[{\"@type\":\"CommentAction\",\"name\":\"Comment\",\"target\":[\"http:\/\/elregionalvm.com.ar\/noticias-villa-maria\/dos-incendios-perdida-total-en-una-vivienda-precaria-y-dos-personas-con-principio-de-asfixia-en-otro-siniestro\/#respond\"]}]},{\"@type\":\"WebPage\",\"@id\":\"http:\/\/elregionalvm.com.ar\/noticias-villa-maria\/dos-incendios-perdida-total-en-una-vivienda-precaria-y-dos-personas-con-principio-de-asfixia-en-otro-siniestro\/\",\"url\":\"http:\/\/elregionalvm.com.ar\/noticias-villa-maria\/dos-incendios-perdida-total-en-una-vivienda-precaria-y-dos-personas-con-principio-de-asfixia-en-otro-siniestro\/\",\"name\":\"Dos incendios: p\u00e9rdida total en una vivienda precaria y dos personas con principio de asfixia en otro siniestro - El Regional\",\"isPartOf\":{\"@id\":\"http:\/\/elregionalvm.com.ar\/noticias-villa-maria\/#website\"},\"primaryImageOfPage\":{\"@id\":\"http:\/\/elregionalvm.com.ar\/noticias-villa-maria\/dos-incendios-perdida-total-en-una-vivienda-precaria-y-dos-personas-con-principio-de-asfixia-en-otro-siniestro\/#primaryimage\"},\"image\":{\"@id\":\"http:\/\/elregionalvm.com.ar\/noticias-villa-maria\/dos-incendios-perdida-total-en-una-vivienda-precaria-y-dos-personas-con-principio-de-asfixia-en-otro-siniestro\/#primaryimage\"},\"thumbnailUrl\":\"https:\/\/i0.wp.com\/elregionalvm.com.ar\/noticias-villa-maria\/wp-content\/uploads\/2022\/06\/WhatsApp-Image-2022-06-10-at-6.09.38-PM.jpeg?fit=1280%2C720&ssl=1\",\"datePublished\":\"2022-06-10T22:53:35+00:00\",\"dateModified\":\"2022-06-10T22:54:44+00:00\",\"author\":{\"@id\":\"http:\/\/elregionalvm.com.ar\/noticias-villa-maria\/#\/schema\/person\/a0fb9c422317faca23d50163151bc354\"},\"breadcrumb\":{\"@id\":\"http:\/\/elregionalvm.com.ar\/noticias-villa-maria\/dos-incendios-perdida-total-en-una-vivienda-precaria-y-dos-personas-con-principio-de-asfixia-en-otro-siniestro\/#breadcrumb\"},\"inLanguage\":\"es\",\"potentialAction\":[{\"@type\":\"ReadAction\",\"target\":[\"http:\/\/elregionalvm.com.ar\/noticias-villa-maria\/dos-incendios-perdida-total-en-una-vivienda-precaria-y-dos-personas-con-principio-de-asfixia-en-otro-siniestro\/\"]}]},{\"@type\":\"ImageObject\",\"inLanguage\":\"es\",\"@id\":\"http:\/\/elregionalvm.com.ar\/noticias-villa-maria\/dos-incendios-perdida-total-en-una-vivienda-precaria-y-dos-personas-con-principio-de-asfixia-en-otro-siniestro\/#primaryimage\",\"url\":\"https:\/\/i0.wp.com\/elregionalvm.com.ar\/noticias-villa-maria\/wp-content\/uploads\/2022\/06\/WhatsApp-Image-2022-06-10-at-6.09.38-PM.jpeg?fit=1280%2C720&ssl=1\",\"contentUrl\":\"https:\/\/i0.wp.com\/elregionalvm.com.ar\/noticias-villa-maria\/wp-content\/uploads\/2022\/06\/WhatsApp-Image-2022-06-10-at-6.09.38-PM.jpeg?fit=1280%2C720&ssl=1\",\"width\":1280,\"height\":720},{\"@type\":\"BreadcrumbList\",\"@id\":\"http:\/\/elregionalvm.com.ar\/noticias-villa-maria\/dos-incendios-perdida-total-en-una-vivienda-precaria-y-dos-personas-con-principio-de-asfixia-en-otro-siniestro\/#breadcrumb\",\"itemListElement\":[{\"@type\":\"ListItem\",\"position\":1,\"name\":\"Portada\",\"item\":\"https:\/\/elregionalvm.com.ar\/noticias-villa-maria\/\"},{\"@type\":\"ListItem\",\"position\":2,\"name\":\"Dos incendios: p\u00e9rdida total en una vivienda precaria y dos personas con principio de asfixia en otro siniestro\"}]},{\"@type\":\"WebSite\",\"@id\":\"http:\/\/elregionalvm.com.ar\/noticias-villa-maria\/#website\",\"url\":\"http:\/\/elregionalvm.com.ar\/noticias-villa-maria\/\",\"name\":\"El Regional\",\"description\":\"Mucho m\u00e1s que informaci\u00f3n\",\"potentialAction\":[{\"@type\":\"SearchAction\",\"target\":{\"@type\":\"EntryPoint\",\"urlTemplate\":\"http:\/\/elregionalvm.com.ar\/noticias-villa-maria\/?s={search_term_string}\"},\"query-input\":{\"@type\":\"PropertyValueSpecification\",\"valueRequired\":true,\"valueName\":\"search_term_string\"}}],\"inLanguage\":\"es\"},{\"@type\":\"Person\",\"@id\":\"http:\/\/elregionalvm.com.ar\/noticias-villa-maria\/#\/schema\/person\/a0fb9c422317faca23d50163151bc354\",\"name\":\"Contenidos El Regional\",\"image\":{\"@type\":\"ImageObject\",\"inLanguage\":\"es\",\"@id\":\"http:\/\/elregionalvm.com.ar\/noticias-villa-maria\/#\/schema\/person\/image\/\",\"url\":\"https:\/\/secure.gravatar.com\/avatar\/265b27cb2209af7bb3a1318f03305787d7981a5cc6e6cd08fe5a4ecdf99d4b48?s=96&d=mm&r=g\",\"contentUrl\":\"https:\/\/secure.gravatar.com\/avatar\/265b27cb2209af7bb3a1318f03305787d7981a5cc6e6cd08fe5a4ecdf99d4b48?s=96&d=mm&r=g\",\"caption\":\"Contenidos El Regional\"},\"url\":\"https:\/\/elregionalvm.com.ar\/noticias-villa-maria\/author\/contenido\/\"}]}<\/script>\n<!-- \/ Yoast SEO plugin. -->","yoast_head_json":{"title":"Dos incendios: p\u00e9rdida total en una vivienda precaria y dos personas con principio de asfixia en otro siniestro - El Regional","robots":{"index":"index","follow":"follow","max-snippet":"max-snippet:-1","max-image-preview":"max-image-preview:large","max-video-preview":"max-video-preview:-1"},"canonical":"http:\/\/elregionalvm.com.ar\/noticias-villa-maria\/dos-incendios-perdida-total-en-una-vivienda-precaria-y-dos-personas-con-principio-de-asfixia-en-otro-siniestro\/","og_locale":"es_ES","og_type":"article","og_title":"Dos incendios: p\u00e9rdida total en una vivienda precaria y dos personas con principio de asfixia en otro siniestro - El Regional","og_description":"En la tarde de este viernes, los bomberos de Villa Mar\u00eda debieron concurrir a dos incendios sucedidos en viviendas ubicadas en distintos sectores de la ciudad . El primero de los focos \u00edgneos ocurri\u00f3 alrededor de las 18:00 y tuvo lugar en la intersecci\u00f3n de Sabattini y Ruta 158, donde una precaria vivienda sufri\u00f3 da\u00f1os [&hellip;]","og_url":"http:\/\/elregionalvm.com.ar\/noticias-villa-maria\/dos-incendios-perdida-total-en-una-vivienda-precaria-y-dos-personas-con-principio-de-asfixia-en-otro-siniestro\/","og_site_name":"El Regional","article_publisher":"https:\/\/www.facebook.com\/elregionalvm","article_published_time":"2022-06-10T22:53:35+00:00","article_modified_time":"2022-06-10T22:54:44+00:00","og_image":[{"width":1280,"height":720,"url":"http:\/\/elregionalvm.com.ar\/noticias-villa-maria\/wp-content\/uploads\/2022\/06\/WhatsApp-Image-2022-06-10-at-6.09.38-PM.jpeg","type":"image\/jpeg"}],"author":"Contenidos El Regional","twitter_card":"summary_large_image","twitter_creator":"@elregionalvm1","twitter_site":"@elregionalvm1","twitter_misc":{"Escrito por":"Contenidos El Regional","Tiempo de lectura":"2 minutos"},"schema":{"@context":"https:\/\/schema.org","@graph":[{"@type":"Article","@id":"http:\/\/elregionalvm.com.ar\/noticias-villa-maria\/dos-incendios-perdida-total-en-una-vivienda-precaria-y-dos-personas-con-principio-de-asfixia-en-otro-siniestro\/#article","isPartOf":{"@id":"http:\/\/elregionalvm.com.ar\/noticias-villa-maria\/dos-incendios-perdida-total-en-una-vivienda-precaria-y-dos-personas-con-principio-de-asfixia-en-otro-siniestro\/"},"author":{"name":"Contenidos El Regional","@id":"http:\/\/elregionalvm.com.ar\/noticias-villa-maria\/#\/schema\/person\/a0fb9c422317faca23d50163151bc354"},"headline":"Dos incendios: p\u00e9rdida total en una vivienda precaria y dos personas con principio de asfixia en otro siniestro","datePublished":"2022-06-10T22:53:35+00:00","dateModified":"2022-06-10T22:54:44+00:00","mainEntityOfPage":{"@id":"http:\/\/elregionalvm.com.ar\/noticias-villa-maria\/dos-incendios-perdida-total-en-una-vivienda-precaria-y-dos-personas-con-principio-de-asfixia-en-otro-siniestro\/"},"wordCount":261,"commentCount":0,"image":{"@id":"http:\/\/elregionalvm.com.ar\/noticias-villa-maria\/dos-incendios-perdida-total-en-una-vivienda-precaria-y-dos-personas-con-principio-de-asfixia-en-otro-siniestro\/#primaryimage"},"thumbnailUrl":"https:\/\/i0.wp.com\/elregionalvm.com.ar\/noticias-villa-maria\/wp-content\/uploads\/2022\/06\/WhatsApp-Image-2022-06-10-at-6.09.38-PM.jpeg?fit=1280%2C720&ssl=1","keywords":["Bomberos","da\u00f1os","Entre R\u00edos y Ayacucho","hombre de 72 a\u00f1os","Hospital Pasteur","incendio vivienda","incendios","padre e hijo","p\u00e9rdida total","principio asfixia","Sabattini y ruta 158","Vivienda precaria"],"articleSection":["destacado","Villa Mar\u00eda"],"inLanguage":"es","potentialAction":[{"@type":"CommentAction","name":"Comment","target":["http:\/\/elregionalvm.com.ar\/noticias-villa-maria\/dos-incendios-perdida-total-en-una-vivienda-precaria-y-dos-personas-con-principio-de-asfixia-en-otro-siniestro\/#respond"]}]},{"@type":"WebPage","@id":"http:\/\/elregionalvm.com.ar\/noticias-villa-maria\/dos-incendios-perdida-total-en-una-vivienda-precaria-y-dos-personas-con-principio-de-asfixia-en-otro-siniestro\/","url":"http:\/\/elregionalvm.com.ar\/noticias-villa-maria\/dos-incendios-perdida-total-en-una-vivienda-precaria-y-dos-personas-con-principio-de-asfixia-en-otro-siniestro\/","name":"Dos incendios: p\u00e9rdida total en una vivienda precaria y dos personas con principio de asfixia en otro siniestro - El Regional","isPartOf":{"@id":"http:\/\/elregionalvm.com.ar\/noticias-villa-maria\/#website"},"primaryImageOfPage":{"@id":"http:\/\/elregionalvm.com.ar\/noticias-villa-maria\/dos-incendios-perdida-total-en-una-vivienda-precaria-y-dos-personas-con-principio-de-asfixia-en-otro-siniestro\/#primaryimage"},"image":{"@id":"http:\/\/elregionalvm.com.ar\/noticias-villa-maria\/dos-incendios-perdida-total-en-una-vivienda-precaria-y-dos-personas-con-principio-de-asfixia-en-otro-siniestro\/#primaryimage"},"thumbnailUrl":"https:\/\/i0.wp.com\/elregionalvm.com.ar\/noticias-villa-maria\/wp-content\/uploads\/2022\/06\/WhatsApp-Image-2022-06-10-at-6.09.38-PM.jpeg?fit=1280%2C720&ssl=1","datePublished":"2022-06-10T22:53:35+00:00","dateModified":"2022-06-10T22:54:44+00:00","author":{"@id":"http:\/\/elregionalvm.com.ar\/noticias-villa-maria\/#\/schema\/person\/a0fb9c422317faca23d50163151bc354"},"breadcrumb":{"@id":"http:\/\/elregionalvm.com.ar\/noticias-villa-maria\/dos-incendios-perdida-total-en-una-vivienda-precaria-y-dos-personas-con-principio-de-asfixia-en-otro-siniestro\/#breadcrumb"},"inLanguage":"es","potentialAction":[{"@type":"ReadAction","target":["http:\/\/elregionalvm.com.ar\/noticias-villa-maria\/dos-incendios-perdida-total-en-una-vivienda-precaria-y-dos-personas-con-principio-de-asfixia-en-otro-siniestro\/"]}]},{"@type":"ImageObject","inLanguage":"es","@id":"http:\/\/elregionalvm.com.ar\/noticias-villa-maria\/dos-incendios-perdida-total-en-una-vivienda-precaria-y-dos-personas-con-principio-de-asfixia-en-otro-siniestro\/#primaryimage","url":"https:\/\/i0.wp.com\/elregionalvm.com.ar\/noticias-villa-maria\/wp-content\/uploads\/2022\/06\/WhatsApp-Image-2022-06-10-at-6.09.38-PM.jpeg?fit=1280%2C720&ssl=1","contentUrl":"https:\/\/i0.wp.com\/elregionalvm.com.ar\/noticias-villa-maria\/wp-content\/uploads\/2022\/06\/WhatsApp-Image-2022-06-10-at-6.09.38-PM.jpeg?fit=1280%2C720&ssl=1","width":1280,"height":720},{"@type":"BreadcrumbList","@id":"http:\/\/elregionalvm.com.ar\/noticias-villa-maria\/dos-incendios-perdida-total-en-una-vivienda-precaria-y-dos-personas-con-principio-de-asfixia-en-otro-siniestro\/#breadcrumb","itemListElement":[{"@type":"ListItem","position":1,"name":"Portada","item":"https:\/\/elregionalvm.com.ar\/noticias-villa-maria\/"},{"@type":"ListItem","position":2,"name":"Dos incendios: p\u00e9rdida total en una vivienda precaria y dos personas con principio de asfixia en otro siniestro"}]},{"@type":"WebSite","@id":"http:\/\/elregionalvm.com.ar\/noticias-villa-maria\/#website","url":"http:\/\/elregionalvm.com.ar\/noticias-villa-maria\/","name":"El Regional","description":"Mucho m\u00e1s que informaci\u00f3n","potentialAction":[{"@type":"SearchAction","target":{"@type":"EntryPoint","urlTemplate":"http:\/\/elregionalvm.com.ar\/noticias-villa-maria\/?s={search_term_string}"},"query-input":{"@type":"PropertyValueSpecification","valueRequired":true,"valueName":"search_term_string"}}],"inLanguage":"es"},{"@type":"Person","@id":"http:\/\/elregionalvm.com.ar\/noticias-villa-maria\/#\/schema\/person\/a0fb9c422317faca23d50163151bc354","name":"Contenidos El Regional","image":{"@type":"ImageObject","inLanguage":"es","@id":"http:\/\/elregionalvm.com.ar\/noticias-villa-maria\/#\/schema\/person\/image\/","url":"https:\/\/secure.gravatar.com\/avatar\/265b27cb2209af7bb3a1318f03305787d7981a5cc6e6cd08fe5a4ecdf99d4b48?s=96&d=mm&r=g","contentUrl":"https:\/\/secure.gravatar.com\/avatar\/265b27cb2209af7bb3a1318f03305787d7981a5cc6e6cd08fe5a4ecdf99d4b48?s=96&d=mm&r=g","caption":"Contenidos El Regional"},"url":"https:\/\/elregionalvm.com.ar\/noticias-villa-maria\/author\/contenido\/"}]}},"jetpack_featured_media_url":"https:\/\/i0.wp.com\/elregionalvm.com.ar\/noticias-villa-maria\/wp-content\/uploads\/2022\/06\/WhatsApp-Image-2022-06-10-at-6.09.38-PM.jpeg?fit=1280%2C720&ssl=1","jetpack_sharing_enabled":true,"_links":{"self":[{"href":"https:\/\/elregionalvm.com.ar\/noticias-villa-maria\/wp-json\/wp\/v2\/posts\/58720","targetHints":{"allow":["GET"]}}],"collection":[{"href":"https:\/\/elregionalvm.com.ar\/noticias-villa-maria\/wp-json\/wp\/v2\/posts"}],"about":[{"href":"https:\/\/elregionalvm.com.ar\/noticias-villa-maria\/wp-json\/wp\/v2\/types\/post"}],"author":[{"embeddable":true,"href":"https:\/\/elregionalvm.com.ar\/noticias-villa-maria\/wp-json\/wp\/v2\/users\/4"}],"replies":[{"embeddable":true,"href":"https:\/\/elregionalvm.com.ar\/noticias-villa-maria\/wp-json\/wp\/v2\/comments?post=58720"}],"version-history":[{"count":1,"href":"https:\/\/elregionalvm.com.ar\/noticias-villa-maria\/wp-json\/wp\/v2\/posts\/58720\/revisions"}],"predecessor-version":[{"id":58723,"href":"https:\/\/elregionalvm.com.ar\/noticias-villa-maria\/wp-json\/wp\/v2\/posts\/58720\/revisions\/58723"}],"wp:featuredmedia":[{"embeddable":true,"href":"https:\/\/elregionalvm.com.ar\/noticias-villa-maria\/wp-json\/wp\/v2\/media\/58721"}],"wp:attachment":[{"href":"https:\/\/elregionalvm.com.ar\/noticias-villa-maria\/wp-json\/wp\/v2\/media?parent=58720"}],"wp:term":[{"taxonomy":"category","embeddable":true,"href":"https:\/\/elregionalvm.com.ar\/noticias-villa-maria\/wp-json\/wp\/v2\/categories?post=58720"},{"taxonomy":"post_tag","embeddable":true,"href":"https:\/\/elregionalvm.com.ar\/noticias-villa-maria\/wp-json\/wp\/v2\/tags?post=58720"}],"curies":[{"name":"wp","href":"https:\/\/api.w.org\/{rel}","templated":true}]}}