{"id":58725,"date":"2022-06-10T23:17:28","date_gmt":"2022-06-10T23:17:28","guid":{"rendered":"https:\/\/elregionalvm.com.ar\/noticias-villa-maria\/?p=58725"},"modified":"2022-06-10T23:17:31","modified_gmt":"2022-06-10T23:17:31","slug":"multitudinaria-marcha-de-los-cascos-con-alumnos-de-cuarto-grado","status":"publish","type":"post","link":"https:\/\/elregionalvm.com.ar\/noticias-villa-maria\/multitudinaria-marcha-de-los-cascos-con-alumnos-de-cuarto-grado\/","title":{"rendered":"Multitudinaria Marcha de los Cascos con alumnos de cuarto grado"},"content":{"rendered":"\n<p>En el D\u00eda Nacional de la Seguridad Vial, que tiene lugar cada 10 de junio, ni\u00f1os y ni\u00f1as de instituciones educativas de la ciudad fueron los protagonistas de la tercera edici\u00f3n de la Marcha del Casco en la ciudad. De la iniciativa, formaron parte alrededor de 700 estudiantes de cuarto grado quienes se sumaron a la propuesta municipal usando cascos creados por ellos mismos, y recorrieron las calles alzando sus voces con mensajes de concientizaci\u00f3n.<\/p>\n\n\n\n<p>Durante la jornada, estuvo presente el intendente Mart\u00edn Gill, a la par del secretario de Gobierno, Seguridad Ciudadana y Asuntos Legales, Eduardo Rodr\u00edguez, titular de la cartera a cargo de la actividad. En este marco, las autoridades dialogaron con los chicos y compartieron sus reflexiones respecto a la tem\u00e1tica.<\/p>\n\n\n\n<figure class=\"wp-block-gallery has-nested-images columns-default is-cropped wp-block-gallery-1 is-layout-flex wp-block-gallery-is-layout-flex\">\n<figure class=\"wp-block-image size-large\"><img data-recalc-dims=\"1\" fetchpriority=\"high\" decoding=\"async\" width=\"1024\" height=\"682\" data-id=\"58727\" src=\"https:\/\/i0.wp.com\/elregionalvm.com.ar\/noticias-villa-maria\/wp-content\/uploads\/2022\/06\/WhatsApp-Image-2022-06-10-at-1.55.55-PM-1.jpeg?resize=1024%2C682&#038;ssl=1\" alt=\"\" class=\"wp-image-58727\" srcset=\"https:\/\/i0.wp.com\/elregionalvm.com.ar\/noticias-villa-maria\/wp-content\/uploads\/2022\/06\/WhatsApp-Image-2022-06-10-at-1.55.55-PM-1.jpeg?resize=1024%2C682&amp;ssl=1 1024w, https:\/\/i0.wp.com\/elregionalvm.com.ar\/noticias-villa-maria\/wp-content\/uploads\/2022\/06\/WhatsApp-Image-2022-06-10-at-1.55.55-PM-1.jpeg?resize=300%2C200&amp;ssl=1 300w, https:\/\/i0.wp.com\/elregionalvm.com.ar\/noticias-villa-maria\/wp-content\/uploads\/2022\/06\/WhatsApp-Image-2022-06-10-at-1.55.55-PM-1.jpeg?resize=768%2C512&amp;ssl=1 768w, https:\/\/i0.wp.com\/elregionalvm.com.ar\/noticias-villa-maria\/wp-content\/uploads\/2022\/06\/WhatsApp-Image-2022-06-10-at-1.55.55-PM-1.jpeg?w=1280&amp;ssl=1 1280w\" sizes=\"(max-width: 1000px) 100vw, 1000px\" \/><\/figure>\n<\/figure>\n\n\n\n<p>El encuentro dio inicio en horas de la ma\u00f1ana en la peatonal c\u00e9ntrica, sitio que ofici\u00f3 como punto de partida de la caminata que se extendi\u00f3 hasta el Teatrino del Parque de la Vida. Durante todo el trayecto, los peque\u00f1os a la par de docentes y autoridades del Gobierno local, elevaron los carteles dise\u00f1ados para la ocasi\u00f3n e hicieron o\u00edr sus mensajes y c\u00e1nticos apelando a la responsabilidad ciudadana en pos del cumplimiento de las normas de seguridad vial.<\/p>\n\n\n\n<p>Al llegar a destino, Gill tom\u00f3 la palabra y refiri\u00e9ndose a los m\u00e1s peque\u00f1os se\u00f1al\u00f3: \u201cQuiero agradecerles por invitarnos a los m\u00e1s grandes a reflexionar sobre la importancia de usar casco, porque somos quienes m\u00e1s nos resistimos a cambiar conductas\u201d. \u201cEl casco salva vidas, y ese es el mensaje que hoy ustedes le han transmitido y ense\u00f1ado a Villa Mar\u00eda\u201d, apunt\u00f3.<\/p>\n\n\n\n<p>Por su parte, Rodr\u00edguez explic\u00f3 que \u201cdesde la Direcci\u00f3n de Educaci\u00f3n Vial se empez\u00f3 a principio de a\u00f1o a organizar esta actividad que hoy da frutos y est\u00e1 a la vista de todos\u201d. Adem\u00e1s, el funcionario destac\u00f3 la importancia de este tipo de jornadas junto a ni\u00f1os y ni\u00f1as, porque \u201cson ellos quien el d\u00eda de ma\u00f1ana se encontrar\u00e1n a bordo de un veh\u00edculo\u201d.<\/p>\n\n\n\n<p>Al mismo tiempo, como parte de las actividades diagramadas, los chicos jugaron y cantaron junto a un grupo de alumnos voluntarios de la escuela Bernardino Rivadavia y del profesorado de Educaci\u00f3n F\u00edsica del Instituto La Sant\u00edsima Trinidad, quienes propusieron diversas actividades l\u00fadicas y recreativas.<\/p>\n\n\n\n<p>Hacia el final del encuentro, se procedi\u00f3 a realizar el sorteo de cascos de motos y bicicletas, mediante el cual el intendente entreg\u00f3 a m\u00e1s de 60 chicos elementos de seguridad vial. Asimismo, los presentes compartieron una merienda de media ma\u00f1ana y se llevaron de regalo calcoman\u00edas con mensajes alusivos a la tem\u00e1tica.<\/p>\n\n\n\n<figure class=\"wp-block-gallery has-nested-images columns-default is-cropped wp-block-gallery-2 is-layout-flex wp-block-gallery-is-layout-flex\">\n<figure class=\"wp-block-image size-large\"><img data-recalc-dims=\"1\" decoding=\"async\" width=\"1024\" height=\"682\" data-id=\"58729\" src=\"https:\/\/i0.wp.com\/elregionalvm.com.ar\/noticias-villa-maria\/wp-content\/uploads\/2022\/06\/WhatsApp-Image-2022-06-10-at-1.55.56-PM-1.jpeg?resize=1024%2C682&#038;ssl=1\" alt=\"\" class=\"wp-image-58729\" srcset=\"https:\/\/i0.wp.com\/elregionalvm.com.ar\/noticias-villa-maria\/wp-content\/uploads\/2022\/06\/WhatsApp-Image-2022-06-10-at-1.55.56-PM-1.jpeg?resize=1024%2C682&amp;ssl=1 1024w, https:\/\/i0.wp.com\/elregionalvm.com.ar\/noticias-villa-maria\/wp-content\/uploads\/2022\/06\/WhatsApp-Image-2022-06-10-at-1.55.56-PM-1.jpeg?resize=300%2C200&amp;ssl=1 300w, https:\/\/i0.wp.com\/elregionalvm.com.ar\/noticias-villa-maria\/wp-content\/uploads\/2022\/06\/WhatsApp-Image-2022-06-10-at-1.55.56-PM-1.jpeg?resize=768%2C512&amp;ssl=1 768w, https:\/\/i0.wp.com\/elregionalvm.com.ar\/noticias-villa-maria\/wp-content\/uploads\/2022\/06\/WhatsApp-Image-2022-06-10-at-1.55.56-PM-1.jpeg?w=1280&amp;ssl=1 1280w\" sizes=\"(max-width: 1000px) 100vw, 1000px\" \/><\/figure>\n\n\n\n<figure class=\"wp-block-image size-large\"><img data-recalc-dims=\"1\" decoding=\"async\" width=\"1024\" height=\"682\" data-id=\"58728\" src=\"https:\/\/i0.wp.com\/elregionalvm.com.ar\/noticias-villa-maria\/wp-content\/uploads\/2022\/06\/WhatsApp-Image-2022-06-10-at-1.55.56-PM.jpeg?resize=1024%2C682&#038;ssl=1\" alt=\"\" class=\"wp-image-58728\" srcset=\"https:\/\/i0.wp.com\/elregionalvm.com.ar\/noticias-villa-maria\/wp-content\/uploads\/2022\/06\/WhatsApp-Image-2022-06-10-at-1.55.56-PM.jpeg?resize=1024%2C682&amp;ssl=1 1024w, https:\/\/i0.wp.com\/elregionalvm.com.ar\/noticias-villa-maria\/wp-content\/uploads\/2022\/06\/WhatsApp-Image-2022-06-10-at-1.55.56-PM.jpeg?resize=300%2C200&amp;ssl=1 300w, https:\/\/i0.wp.com\/elregionalvm.com.ar\/noticias-villa-maria\/wp-content\/uploads\/2022\/06\/WhatsApp-Image-2022-06-10-at-1.55.56-PM.jpeg?resize=768%2C512&amp;ssl=1 768w, https:\/\/i0.wp.com\/elregionalvm.com.ar\/noticias-villa-maria\/wp-content\/uploads\/2022\/06\/WhatsApp-Image-2022-06-10-at-1.55.56-PM.jpeg?w=1280&amp;ssl=1 1280w\" sizes=\"(max-width: 1000px) 100vw, 1000px\" \/><\/figure>\n<\/figure>\n\n\n\n<p>En detalle, de la iniciativa participaron las escuelas Florentino Ameghino, Rep\u00fablica del Paraguay, Jos\u00e9 M\u00e1rmol, Domingo Faustino Sarmiento, Primero de Mayo, Justo J. de Urquiza, Diocesano San Jos\u00e9, Juan Bautista Alberdi, Nicol\u00e1s Avellaneda, V\u00e9lez Sarsfield, Padre Hugo Salvato, Jos\u00e9 Manuel Estrada, Jos\u00e9 Bianco y Juana Manso.<\/p>\n\n\n\n<p>Durante la jornada, tambi\u00e9n estuvieron presentes el presidente del Concejo Deliberante, Pablo Rosso, el director de Seguridad Vial, Gustavo Beccaria, y la subsecretaria de Gobierno, Noelia Mateo. Adem\u00e1s, acompa\u00f1aron representantes de Estrellas Amarillas, autoridades policiales y del Juzgado de Faltas.<\/p>\n","protected":false},"excerpt":{"rendered":"<p>En el D\u00eda Nacional de la Seguridad Vial, que tiene lugar cada 10 de junio, ni\u00f1os y ni\u00f1as de instituciones educativas de la ciudad fueron los protagonistas de la tercera edici\u00f3n de la Marcha del Casco en la ciudad. De la iniciativa, formaron parte alrededor de 700 estudiantes de cuarto grado quienes se sumaron a [&hellip;]<\/p>\n","protected":false},"author":4,"featured_media":58726,"comment_status":"open","ping_status":"open","sticky":false,"template":"","format":"standard","meta":{"site-sidebar-layout":"default","site-content-layout":"","ast-site-content-layout":"default","site-content-style":"default","site-sidebar-style":"default","ast-global-header-display":"","ast-banner-title-visibility":"","ast-main-header-display":"","ast-hfb-above-header-display":"","ast-hfb-below-header-display":"","ast-hfb-mobile-header-display":"","site-post-title":"","ast-breadcrumbs-content":"","ast-featured-img":"","footer-sml-layout":"","ast-disable-related-posts":"","theme-transparent-header-meta":"","adv-header-id-meta":"","stick-header-meta":"","header-above-stick-meta":"","header-main-stick-meta":"","header-below-stick-meta":"","astra-migrate-meta-layouts":"default","ast-page-background-enabled":"default","ast-page-background-meta":{"desktop":{"background-color":"","background-image":"","background-repeat":"repeat","background-position":"center center","background-size":"auto","background-attachment":"scroll","background-type":"","background-media":"","overlay-type":"","overlay-color":"","overlay-opacity":"","overlay-gradient":""},"tablet":{"background-color":"","background-image":"","background-repeat":"repeat","background-position":"center center","background-size":"auto","background-attachment":"scroll","background-type":"","background-media":"","overlay-type":"","overlay-color":"","overlay-opacity":"","overlay-gradient":""},"mobile":{"background-color":"","background-image":"","background-repeat":"repeat","background-position":"center center","background-size":"auto","background-attachment":"scroll","background-type":"","background-media":"","overlay-type":"","overlay-color":"","overlay-opacity":"","overlay-gradient":""}},"ast-content-background-meta":{"desktop":{"background-color":"var(--ast-global-color-5)","background-image":"","background-repeat":"repeat","background-position":"center center","background-size":"auto","background-attachment":"scroll","background-type":"","background-media":"","overlay-type":"","overlay-color":"","overlay-opacity":"","overlay-gradient":""},"tablet":{"background-color":"var(--ast-global-color-5)","background-image":"","background-repeat":"repeat","background-position":"center center","background-size":"auto","background-attachment":"scroll","background-type":"","background-media":"","overlay-type":"","overlay-color":"","overlay-opacity":"","overlay-gradient":""},"mobile":{"background-color":"var(--ast-global-color-5)","background-image":"","background-repeat":"repeat","background-position":"center center","background-size":"auto","background-attachment":"scroll","background-type":"","background-media":"","overlay-type":"","overlay-color":"","overlay-opacity":"","overlay-gradient":""}},"_jetpack_memberships_contains_paid_content":false,"_joinchat":[],"footnotes":""},"categories":[15302,2],"tags":[16032,16033,15167,16031,15971,16034],"class_list":["post-58725","post","type-post","status-publish","format-standard","has-post-thumbnail","hentry","category-destacado","category-villa-maria","tag-10-de-junio","tag-alumnos-cuarto-grado","tag-concientizacion-vial","tag-dia-nacional-de-la-seguridad-vial","tag-marcha-de-los-cascos","tag-multitudinaria-marcha"],"yoast_head":"<!-- This site is optimized with the Yoast SEO plugin v26.8 - https:\/\/yoast.com\/product\/yoast-seo-wordpress\/ -->\n<title>Multitudinaria Marcha de los Cascos con alumnos de cuarto grado - El Regional<\/title>\n<meta name=\"robots\" content=\"index, follow, max-snippet:-1, max-image-preview:large, max-video-preview:-1\" \/>\n<link rel=\"canonical\" href=\"http:\/\/elregionalvm.com.ar\/noticias-villa-maria\/multitudinaria-marcha-de-los-cascos-con-alumnos-de-cuarto-grado\/\" \/>\n<meta property=\"og:locale\" content=\"es_ES\" \/>\n<meta property=\"og:type\" content=\"article\" \/>\n<meta property=\"og:title\" content=\"Multitudinaria Marcha de los Cascos con alumnos de cuarto grado - El Regional\" \/>\n<meta property=\"og:description\" content=\"En el D\u00eda Nacional de la Seguridad Vial, que tiene lugar cada 10 de junio, ni\u00f1os y ni\u00f1as de instituciones educativas de la ciudad fueron los protagonistas de la tercera edici\u00f3n de la Marcha del Casco en la ciudad. De la iniciativa, formaron parte alrededor de 700 estudiantes de cuarto grado quienes se sumaron a [&hellip;]\" \/>\n<meta property=\"og:url\" content=\"http:\/\/elregionalvm.com.ar\/noticias-villa-maria\/multitudinaria-marcha-de-los-cascos-con-alumnos-de-cuarto-grado\/\" \/>\n<meta property=\"og:site_name\" content=\"El Regional\" \/>\n<meta property=\"article:publisher\" content=\"https:\/\/www.facebook.com\/elregionalvm\" \/>\n<meta property=\"article:published_time\" content=\"2022-06-10T23:17:28+00:00\" \/>\n<meta property=\"article:modified_time\" content=\"2022-06-10T23:17:31+00:00\" \/>\n<meta property=\"og:image\" content=\"http:\/\/elregionalvm.com.ar\/noticias-villa-maria\/wp-content\/uploads\/2022\/06\/WhatsApp-Image-2022-06-10-at-1.55.55-PM.jpeg\" \/>\n\t<meta property=\"og:image:width\" content=\"1280\" \/>\n\t<meta property=\"og:image:height\" content=\"838\" \/>\n\t<meta property=\"og:image:type\" content=\"image\/jpeg\" \/>\n<meta name=\"author\" content=\"Contenidos El Regional\" \/>\n<meta name=\"twitter:card\" content=\"summary_large_image\" \/>\n<meta name=\"twitter:creator\" content=\"@elregionalvm1\" \/>\n<meta name=\"twitter:site\" content=\"@elregionalvm1\" \/>\n<meta name=\"twitter:label1\" content=\"Escrito por\" \/>\n\t<meta name=\"twitter:data1\" content=\"Contenidos El Regional\" \/>\n\t<meta name=\"twitter:label2\" content=\"Tiempo de lectura\" \/>\n\t<meta name=\"twitter:data2\" content=\"3 minutos\" \/>\n<script type=\"application\/ld+json\" class=\"yoast-schema-graph\">{\"@context\":\"https:\/\/schema.org\",\"@graph\":[{\"@type\":\"Article\",\"@id\":\"http:\/\/elregionalvm.com.ar\/noticias-villa-maria\/multitudinaria-marcha-de-los-cascos-con-alumnos-de-cuarto-grado\/#article\",\"isPartOf\":{\"@id\":\"http:\/\/elregionalvm.com.ar\/noticias-villa-maria\/multitudinaria-marcha-de-los-cascos-con-alumnos-de-cuarto-grado\/\"},\"author\":{\"name\":\"Contenidos El Regional\",\"@id\":\"http:\/\/elregionalvm.com.ar\/noticias-villa-maria\/#\/schema\/person\/a0fb9c422317faca23d50163151bc354\"},\"headline\":\"Multitudinaria Marcha de los Cascos con alumnos de cuarto grado\",\"datePublished\":\"2022-06-10T23:17:28+00:00\",\"dateModified\":\"2022-06-10T23:17:31+00:00\",\"mainEntityOfPage\":{\"@id\":\"http:\/\/elregionalvm.com.ar\/noticias-villa-maria\/multitudinaria-marcha-de-los-cascos-con-alumnos-de-cuarto-grado\/\"},\"wordCount\":567,\"commentCount\":0,\"image\":{\"@id\":\"http:\/\/elregionalvm.com.ar\/noticias-villa-maria\/multitudinaria-marcha-de-los-cascos-con-alumnos-de-cuarto-grado\/#primaryimage\"},\"thumbnailUrl\":\"https:\/\/i0.wp.com\/elregionalvm.com.ar\/noticias-villa-maria\/wp-content\/uploads\/2022\/06\/WhatsApp-Image-2022-06-10-at-1.55.55-PM.jpeg?fit=1280%2C838&ssl=1\",\"keywords\":[\"10 de junio\",\"alumnos cuarto grado\",\"concientizaci\u00f3n vial\",\"D\u00eda Nacional de la Seguridad Vial\",\"Marcha de los cascos\",\"multitudinaria marcha\"],\"articleSection\":[\"destacado\",\"Villa Mar\u00eda\"],\"inLanguage\":\"es\",\"potentialAction\":[{\"@type\":\"CommentAction\",\"name\":\"Comment\",\"target\":[\"http:\/\/elregionalvm.com.ar\/noticias-villa-maria\/multitudinaria-marcha-de-los-cascos-con-alumnos-de-cuarto-grado\/#respond\"]}]},{\"@type\":\"WebPage\",\"@id\":\"http:\/\/elregionalvm.com.ar\/noticias-villa-maria\/multitudinaria-marcha-de-los-cascos-con-alumnos-de-cuarto-grado\/\",\"url\":\"http:\/\/elregionalvm.com.ar\/noticias-villa-maria\/multitudinaria-marcha-de-los-cascos-con-alumnos-de-cuarto-grado\/\",\"name\":\"Multitudinaria Marcha de los Cascos con alumnos de cuarto grado - El Regional\",\"isPartOf\":{\"@id\":\"http:\/\/elregionalvm.com.ar\/noticias-villa-maria\/#website\"},\"primaryImageOfPage\":{\"@id\":\"http:\/\/elregionalvm.com.ar\/noticias-villa-maria\/multitudinaria-marcha-de-los-cascos-con-alumnos-de-cuarto-grado\/#primaryimage\"},\"image\":{\"@id\":\"http:\/\/elregionalvm.com.ar\/noticias-villa-maria\/multitudinaria-marcha-de-los-cascos-con-alumnos-de-cuarto-grado\/#primaryimage\"},\"thumbnailUrl\":\"https:\/\/i0.wp.com\/elregionalvm.com.ar\/noticias-villa-maria\/wp-content\/uploads\/2022\/06\/WhatsApp-Image-2022-06-10-at-1.55.55-PM.jpeg?fit=1280%2C838&ssl=1\",\"datePublished\":\"2022-06-10T23:17:28+00:00\",\"dateModified\":\"2022-06-10T23:17:31+00:00\",\"author\":{\"@id\":\"http:\/\/elregionalvm.com.ar\/noticias-villa-maria\/#\/schema\/person\/a0fb9c422317faca23d50163151bc354\"},\"breadcrumb\":{\"@id\":\"http:\/\/elregionalvm.com.ar\/noticias-villa-maria\/multitudinaria-marcha-de-los-cascos-con-alumnos-de-cuarto-grado\/#breadcrumb\"},\"inLanguage\":\"es\",\"potentialAction\":[{\"@type\":\"ReadAction\",\"target\":[\"http:\/\/elregionalvm.com.ar\/noticias-villa-maria\/multitudinaria-marcha-de-los-cascos-con-alumnos-de-cuarto-grado\/\"]}]},{\"@type\":\"ImageObject\",\"inLanguage\":\"es\",\"@id\":\"http:\/\/elregionalvm.com.ar\/noticias-villa-maria\/multitudinaria-marcha-de-los-cascos-con-alumnos-de-cuarto-grado\/#primaryimage\",\"url\":\"https:\/\/i0.wp.com\/elregionalvm.com.ar\/noticias-villa-maria\/wp-content\/uploads\/2022\/06\/WhatsApp-Image-2022-06-10-at-1.55.55-PM.jpeg?fit=1280%2C838&ssl=1\",\"contentUrl\":\"https:\/\/i0.wp.com\/elregionalvm.com.ar\/noticias-villa-maria\/wp-content\/uploads\/2022\/06\/WhatsApp-Image-2022-06-10-at-1.55.55-PM.jpeg?fit=1280%2C838&ssl=1\",\"width\":1280,\"height\":838},{\"@type\":\"BreadcrumbList\",\"@id\":\"http:\/\/elregionalvm.com.ar\/noticias-villa-maria\/multitudinaria-marcha-de-los-cascos-con-alumnos-de-cuarto-grado\/#breadcrumb\",\"itemListElement\":[{\"@type\":\"ListItem\",\"position\":1,\"name\":\"Portada\",\"item\":\"https:\/\/elregionalvm.com.ar\/noticias-villa-maria\/\"},{\"@type\":\"ListItem\",\"position\":2,\"name\":\"Multitudinaria Marcha de los Cascos con alumnos de cuarto grado\"}]},{\"@type\":\"WebSite\",\"@id\":\"http:\/\/elregionalvm.com.ar\/noticias-villa-maria\/#website\",\"url\":\"http:\/\/elregionalvm.com.ar\/noticias-villa-maria\/\",\"name\":\"El Regional\",\"description\":\"Mucho m\u00e1s que informaci\u00f3n\",\"potentialAction\":[{\"@type\":\"SearchAction\",\"target\":{\"@type\":\"EntryPoint\",\"urlTemplate\":\"http:\/\/elregionalvm.com.ar\/noticias-villa-maria\/?s={search_term_string}\"},\"query-input\":{\"@type\":\"PropertyValueSpecification\",\"valueRequired\":true,\"valueName\":\"search_term_string\"}}],\"inLanguage\":\"es\"},{\"@type\":\"Person\",\"@id\":\"http:\/\/elregionalvm.com.ar\/noticias-villa-maria\/#\/schema\/person\/a0fb9c422317faca23d50163151bc354\",\"name\":\"Contenidos El Regional\",\"image\":{\"@type\":\"ImageObject\",\"inLanguage\":\"es\",\"@id\":\"http:\/\/elregionalvm.com.ar\/noticias-villa-maria\/#\/schema\/person\/image\/\",\"url\":\"https:\/\/secure.gravatar.com\/avatar\/265b27cb2209af7bb3a1318f03305787d7981a5cc6e6cd08fe5a4ecdf99d4b48?s=96&d=mm&r=g\",\"contentUrl\":\"https:\/\/secure.gravatar.com\/avatar\/265b27cb2209af7bb3a1318f03305787d7981a5cc6e6cd08fe5a4ecdf99d4b48?s=96&d=mm&r=g\",\"caption\":\"Contenidos El Regional\"},\"url\":\"https:\/\/elregionalvm.com.ar\/noticias-villa-maria\/author\/contenido\/\"}]}<\/script>\n<!-- \/ Yoast SEO plugin. -->","yoast_head_json":{"title":"Multitudinaria Marcha de los Cascos con alumnos de cuarto grado - El Regional","robots":{"index":"index","follow":"follow","max-snippet":"max-snippet:-1","max-image-preview":"max-image-preview:large","max-video-preview":"max-video-preview:-1"},"canonical":"http:\/\/elregionalvm.com.ar\/noticias-villa-maria\/multitudinaria-marcha-de-los-cascos-con-alumnos-de-cuarto-grado\/","og_locale":"es_ES","og_type":"article","og_title":"Multitudinaria Marcha de los Cascos con alumnos de cuarto grado - El Regional","og_description":"En el D\u00eda Nacional de la Seguridad Vial, que tiene lugar cada 10 de junio, ni\u00f1os y ni\u00f1as de instituciones educativas de la ciudad fueron los protagonistas de la tercera edici\u00f3n de la Marcha del Casco en la ciudad. De la iniciativa, formaron parte alrededor de 700 estudiantes de cuarto grado quienes se sumaron a [&hellip;]","og_url":"http:\/\/elregionalvm.com.ar\/noticias-villa-maria\/multitudinaria-marcha-de-los-cascos-con-alumnos-de-cuarto-grado\/","og_site_name":"El Regional","article_publisher":"https:\/\/www.facebook.com\/elregionalvm","article_published_time":"2022-06-10T23:17:28+00:00","article_modified_time":"2022-06-10T23:17:31+00:00","og_image":[{"width":1280,"height":838,"url":"http:\/\/elregionalvm.com.ar\/noticias-villa-maria\/wp-content\/uploads\/2022\/06\/WhatsApp-Image-2022-06-10-at-1.55.55-PM.jpeg","type":"image\/jpeg"}],"author":"Contenidos El Regional","twitter_card":"summary_large_image","twitter_creator":"@elregionalvm1","twitter_site":"@elregionalvm1","twitter_misc":{"Escrito por":"Contenidos El Regional","Tiempo de lectura":"3 minutos"},"schema":{"@context":"https:\/\/schema.org","@graph":[{"@type":"Article","@id":"http:\/\/elregionalvm.com.ar\/noticias-villa-maria\/multitudinaria-marcha-de-los-cascos-con-alumnos-de-cuarto-grado\/#article","isPartOf":{"@id":"http:\/\/elregionalvm.com.ar\/noticias-villa-maria\/multitudinaria-marcha-de-los-cascos-con-alumnos-de-cuarto-grado\/"},"author":{"name":"Contenidos El Regional","@id":"http:\/\/elregionalvm.com.ar\/noticias-villa-maria\/#\/schema\/person\/a0fb9c422317faca23d50163151bc354"},"headline":"Multitudinaria Marcha de los Cascos con alumnos de cuarto grado","datePublished":"2022-06-10T23:17:28+00:00","dateModified":"2022-06-10T23:17:31+00:00","mainEntityOfPage":{"@id":"http:\/\/elregionalvm.com.ar\/noticias-villa-maria\/multitudinaria-marcha-de-los-cascos-con-alumnos-de-cuarto-grado\/"},"wordCount":567,"commentCount":0,"image":{"@id":"http:\/\/elregionalvm.com.ar\/noticias-villa-maria\/multitudinaria-marcha-de-los-cascos-con-alumnos-de-cuarto-grado\/#primaryimage"},"thumbnailUrl":"https:\/\/i0.wp.com\/elregionalvm.com.ar\/noticias-villa-maria\/wp-content\/uploads\/2022\/06\/WhatsApp-Image-2022-06-10-at-1.55.55-PM.jpeg?fit=1280%2C838&ssl=1","keywords":["10 de junio","alumnos cuarto grado","concientizaci\u00f3n vial","D\u00eda Nacional de la Seguridad Vial","Marcha de los cascos","multitudinaria marcha"],"articleSection":["destacado","Villa Mar\u00eda"],"inLanguage":"es","potentialAction":[{"@type":"CommentAction","name":"Comment","target":["http:\/\/elregionalvm.com.ar\/noticias-villa-maria\/multitudinaria-marcha-de-los-cascos-con-alumnos-de-cuarto-grado\/#respond"]}]},{"@type":"WebPage","@id":"http:\/\/elregionalvm.com.ar\/noticias-villa-maria\/multitudinaria-marcha-de-los-cascos-con-alumnos-de-cuarto-grado\/","url":"http:\/\/elregionalvm.com.ar\/noticias-villa-maria\/multitudinaria-marcha-de-los-cascos-con-alumnos-de-cuarto-grado\/","name":"Multitudinaria Marcha de los Cascos con alumnos de cuarto grado - El Regional","isPartOf":{"@id":"http:\/\/elregionalvm.com.ar\/noticias-villa-maria\/#website"},"primaryImageOfPage":{"@id":"http:\/\/elregionalvm.com.ar\/noticias-villa-maria\/multitudinaria-marcha-de-los-cascos-con-alumnos-de-cuarto-grado\/#primaryimage"},"image":{"@id":"http:\/\/elregionalvm.com.ar\/noticias-villa-maria\/multitudinaria-marcha-de-los-cascos-con-alumnos-de-cuarto-grado\/#primaryimage"},"thumbnailUrl":"https:\/\/i0.wp.com\/elregionalvm.com.ar\/noticias-villa-maria\/wp-content\/uploads\/2022\/06\/WhatsApp-Image-2022-06-10-at-1.55.55-PM.jpeg?fit=1280%2C838&ssl=1","datePublished":"2022-06-10T23:17:28+00:00","dateModified":"2022-06-10T23:17:31+00:00","author":{"@id":"http:\/\/elregionalvm.com.ar\/noticias-villa-maria\/#\/schema\/person\/a0fb9c422317faca23d50163151bc354"},"breadcrumb":{"@id":"http:\/\/elregionalvm.com.ar\/noticias-villa-maria\/multitudinaria-marcha-de-los-cascos-con-alumnos-de-cuarto-grado\/#breadcrumb"},"inLanguage":"es","potentialAction":[{"@type":"ReadAction","target":["http:\/\/elregionalvm.com.ar\/noticias-villa-maria\/multitudinaria-marcha-de-los-cascos-con-alumnos-de-cuarto-grado\/"]}]},{"@type":"ImageObject","inLanguage":"es","@id":"http:\/\/elregionalvm.com.ar\/noticias-villa-maria\/multitudinaria-marcha-de-los-cascos-con-alumnos-de-cuarto-grado\/#primaryimage","url":"https:\/\/i0.wp.com\/elregionalvm.com.ar\/noticias-villa-maria\/wp-content\/uploads\/2022\/06\/WhatsApp-Image-2022-06-10-at-1.55.55-PM.jpeg?fit=1280%2C838&ssl=1","contentUrl":"https:\/\/i0.wp.com\/elregionalvm.com.ar\/noticias-villa-maria\/wp-content\/uploads\/2022\/06\/WhatsApp-Image-2022-06-10-at-1.55.55-PM.jpeg?fit=1280%2C838&ssl=1","width":1280,"height":838},{"@type":"BreadcrumbList","@id":"http:\/\/elregionalvm.com.ar\/noticias-villa-maria\/multitudinaria-marcha-de-los-cascos-con-alumnos-de-cuarto-grado\/#breadcrumb","itemListElement":[{"@type":"ListItem","position":1,"name":"Portada","item":"https:\/\/elregionalvm.com.ar\/noticias-villa-maria\/"},{"@type":"ListItem","position":2,"name":"Multitudinaria Marcha de los Cascos con alumnos de cuarto grado"}]},{"@type":"WebSite","@id":"http:\/\/elregionalvm.com.ar\/noticias-villa-maria\/#website","url":"http:\/\/elregionalvm.com.ar\/noticias-villa-maria\/","name":"El Regional","description":"Mucho m\u00e1s que informaci\u00f3n","potentialAction":[{"@type":"SearchAction","target":{"@type":"EntryPoint","urlTemplate":"http:\/\/elregionalvm.com.ar\/noticias-villa-maria\/?s={search_term_string}"},"query-input":{"@type":"PropertyValueSpecification","valueRequired":true,"valueName":"search_term_string"}}],"inLanguage":"es"},{"@type":"Person","@id":"http:\/\/elregionalvm.com.ar\/noticias-villa-maria\/#\/schema\/person\/a0fb9c422317faca23d50163151bc354","name":"Contenidos El Regional","image":{"@type":"ImageObject","inLanguage":"es","@id":"http:\/\/elregionalvm.com.ar\/noticias-villa-maria\/#\/schema\/person\/image\/","url":"https:\/\/secure.gravatar.com\/avatar\/265b27cb2209af7bb3a1318f03305787d7981a5cc6e6cd08fe5a4ecdf99d4b48?s=96&d=mm&r=g","contentUrl":"https:\/\/secure.gravatar.com\/avatar\/265b27cb2209af7bb3a1318f03305787d7981a5cc6e6cd08fe5a4ecdf99d4b48?s=96&d=mm&r=g","caption":"Contenidos El Regional"},"url":"https:\/\/elregionalvm.com.ar\/noticias-villa-maria\/author\/contenido\/"}]}},"jetpack_featured_media_url":"https:\/\/i0.wp.com\/elregionalvm.com.ar\/noticias-villa-maria\/wp-content\/uploads\/2022\/06\/WhatsApp-Image-2022-06-10-at-1.55.55-PM.jpeg?fit=1280%2C838&ssl=1","jetpack_sharing_enabled":true,"_links":{"self":[{"href":"https:\/\/elregionalvm.com.ar\/noticias-villa-maria\/wp-json\/wp\/v2\/posts\/58725","targetHints":{"allow":["GET"]}}],"collection":[{"href":"https:\/\/elregionalvm.com.ar\/noticias-villa-maria\/wp-json\/wp\/v2\/posts"}],"about":[{"href":"https:\/\/elregionalvm.com.ar\/noticias-villa-maria\/wp-json\/wp\/v2\/types\/post"}],"author":[{"embeddable":true,"href":"https:\/\/elregionalvm.com.ar\/noticias-villa-maria\/wp-json\/wp\/v2\/users\/4"}],"replies":[{"embeddable":true,"href":"https:\/\/elregionalvm.com.ar\/noticias-villa-maria\/wp-json\/wp\/v2\/comments?post=58725"}],"version-history":[{"count":1,"href":"https:\/\/elregionalvm.com.ar\/noticias-villa-maria\/wp-json\/wp\/v2\/posts\/58725\/revisions"}],"predecessor-version":[{"id":58730,"href":"https:\/\/elregionalvm.com.ar\/noticias-villa-maria\/wp-json\/wp\/v2\/posts\/58725\/revisions\/58730"}],"wp:featuredmedia":[{"embeddable":true,"href":"https:\/\/elregionalvm.com.ar\/noticias-villa-maria\/wp-json\/wp\/v2\/media\/58726"}],"wp:attachment":[{"href":"https:\/\/elregionalvm.com.ar\/noticias-villa-maria\/wp-json\/wp\/v2\/media?parent=58725"}],"wp:term":[{"taxonomy":"category","embeddable":true,"href":"https:\/\/elregionalvm.com.ar\/noticias-villa-maria\/wp-json\/wp\/v2\/categories?post=58725"},{"taxonomy":"post_tag","embeddable":true,"href":"https:\/\/elregionalvm.com.ar\/noticias-villa-maria\/wp-json\/wp\/v2\/tags?post=58725"}],"curies":[{"name":"wp","href":"https:\/\/api.w.org\/{rel}","templated":true}]}}