{"id":59009,"date":"2022-06-16T17:08:56","date_gmt":"2022-06-16T17:08:56","guid":{"rendered":"https:\/\/elregionalvm.com.ar\/noticias-villa-maria\/?p=59009"},"modified":"2022-06-17T22:30:01","modified_gmt":"2022-06-17T22:30:01","slug":"podcast-habra-macron-en-francia-hasta-2027-como-le-ira","status":"publish","type":"post","link":"https:\/\/elregionalvm.com.ar\/noticias-villa-maria\/podcast-habra-macron-en-francia-hasta-2027-como-le-ira\/","title":{"rendered":"[Podcast] Habr\u00e1 Macron en Francia hasta 2027. \u00bfC\u00f3mo le ir\u00e1?"},"content":{"rendered":"\n<p><strong>Escribe y comenta: Natalia Pettinari<\/strong><\/p>\n\n\n\n<p>El presidente Emmanuel Macron permanecer\u00e1 otros cinco a\u00f1os en El El\u00edseo tras ser reelegido el pasado 24 de abril en la segunda vuelta de las elecciones en Francia.<\/p>\n\n\n\n<p>Macron se convierte as\u00ed en el primer presidente que revalida en el cargo en los \u00faltimos 20 a\u00f1os, despu\u00e9s de Jacques Chirac en 2002.<\/p>\n\n\n\n<p>Le quedan cinco a\u00f1os en el poder. \u00bfC\u00f3mo le ir\u00e1?<\/p>\n\n\n\n<p><\/p>\n\n\n\n<h2 class=\"wp-block-heading\"><strong>Escuch\u00e1 el podcast ac\u00e1:<\/strong><\/h2>\n\n\n\n<p><\/p>\n\n\n\n<figure class=\"wp-block-embed is-type-rich is-provider-spotify wp-block-embed-spotify wp-embed-aspect-21-9 wp-has-aspect-ratio\"><div class=\"wp-block-embed__wrapper\">\n<iframe title=\"Spotify Embed: Macron hasta el 2027\" style=\"border-radius: 12px\" width=\"100%\" height=\"152\" frameborder=\"0\" allowfullscreen allow=\"autoplay; clipboard-write; encrypted-media; fullscreen; picture-in-picture\" loading=\"lazy\" src=\"https:\/\/open.spotify.com\/embed\/episode\/67sanvO6Jv81c2yDGufeYD?si=uNYjzRIVTbCnCjLJ06EjeQ&#038;utm_source=oembed\"><\/iframe>\n<\/div><\/figure>\n\n\n\n<p><\/p>\n\n\n\n<p><\/p>\n\n\n\n<figure class=\"wp-block-embed is-type-wp-embed is-provider-el-regional wp-block-embed-el-regional\"><div class=\"wp-block-embed__wrapper\">\n<blockquote class=\"wp-embedded-content\" data-secret=\"AdqOj4duBW\"><a href=\"https:\/\/elregionalvm.com.ar\/noticias-villa-maria\/politica-internacional-que-tiene-putin-en-la-cabeza-podcast\/\">[Pol\u00edtica Internacional] \u00bfQu\u00e9 tiene Putin en la cabeza? (Podcast)<\/a><\/blockquote><iframe class=\"wp-embedded-content\" sandbox=\"allow-scripts\" security=\"restricted\" style=\"position: absolute; visibility: hidden;\" title=\"\u00ab[Pol\u00edtica Internacional] \u00bfQu\u00e9 tiene Putin en la cabeza? (Podcast)\u00bb \u2014 El Regional\" src=\"https:\/\/elregionalvm.com.ar\/noticias-villa-maria\/politica-internacional-que-tiene-putin-en-la-cabeza-podcast\/embed\/#?secret=Y19oRtENJk#?secret=AdqOj4duBW\" data-secret=\"AdqOj4duBW\" width=\"500\" height=\"282\" frameborder=\"0\" marginwidth=\"0\" marginheight=\"0\" scrolling=\"no\"><\/iframe>\n<\/div><\/figure>\n\n\n\n<p><\/p>\n\n\n\n<p><em><strong>(*) Analista en Pol\u00edtica Internacional<\/strong><\/em>&nbsp;<em><strong>y colaboradora de El Regional<\/strong><\/em><\/p>\n","protected":false},"excerpt":{"rendered":"<p>Escribe y comenta: Natalia Pettinari El presidente Emmanuel Macron permanecer\u00e1 otros cinco a\u00f1os en El El\u00edseo tras ser reelegido el pasado 24 de abril en la segunda vuelta de las elecciones en Francia. Macron se convierte as\u00ed en el primer presidente que revalida en el cargo en los \u00faltimos 20 a\u00f1os, despu\u00e9s de Jacques Chirac [&hellip;]<\/p>\n","protected":false},"author":4,"featured_media":59011,"comment_status":"open","ping_status":"open","sticky":false,"template":"","format":"standard","meta":{"site-sidebar-layout":"default","site-content-layout":"","ast-site-content-layout":"default","site-content-style":"default","site-sidebar-style":"default","ast-global-header-display":"","ast-banner-title-visibility":"","ast-main-header-display":"","ast-hfb-above-header-display":"","ast-hfb-below-header-display":"","ast-hfb-mobile-header-display":"","site-post-title":"","ast-breadcrumbs-content":"","ast-featured-img":"","footer-sml-layout":"","ast-disable-related-posts":"","theme-transparent-header-meta":"","adv-header-id-meta":"","stick-header-meta":"","header-above-stick-meta":"","header-main-stick-meta":"","header-below-stick-meta":"","astra-migrate-meta-layouts":"default","ast-page-background-enabled":"default","ast-page-background-meta":{"desktop":{"background-color":"","background-image":"","background-repeat":"repeat","background-position":"center center","background-size":"auto","background-attachment":"scroll","background-type":"","background-media":"","overlay-type":"","overlay-color":"","overlay-opacity":"","overlay-gradient":""},"tablet":{"background-color":"","background-image":"","background-repeat":"repeat","background-position":"center center","background-size":"auto","background-attachment":"scroll","background-type":"","background-media":"","overlay-type":"","overlay-color":"","overlay-opacity":"","overlay-gradient":""},"mobile":{"background-color":"","background-image":"","background-repeat":"repeat","background-position":"center center","background-size":"auto","background-attachment":"scroll","background-type":"","background-media":"","overlay-type":"","overlay-color":"","overlay-opacity":"","overlay-gradient":""}},"ast-content-background-meta":{"desktop":{"background-color":"var(--ast-global-color-5)","background-image":"","background-repeat":"repeat","background-position":"center center","background-size":"auto","background-attachment":"scroll","background-type":"","background-media":"","overlay-type":"","overlay-color":"","overlay-opacity":"","overlay-gradient":""},"tablet":{"background-color":"var(--ast-global-color-5)","background-image":"","background-repeat":"repeat","background-position":"center center","background-size":"auto","background-attachment":"scroll","background-type":"","background-media":"","overlay-type":"","overlay-color":"","overlay-opacity":"","overlay-gradient":""},"mobile":{"background-color":"var(--ast-global-color-5)","background-image":"","background-repeat":"repeat","background-position":"center center","background-size":"auto","background-attachment":"scroll","background-type":"","background-media":"","overlay-type":"","overlay-color":"","overlay-opacity":"","overlay-gradient":""}},"_jetpack_memberships_contains_paid_content":false,"_joinchat":[],"footnotes":""},"categories":[365,3557],"tags":[268,8981,4829,175,30,4988,1676,44,976,5009],"class_list":["post-59009","post","type-post","status-publish","format-standard","has-post-thumbnail","hentry","category-opinion","category-tercera","tag-elecciones","tag-europa","tag-francia","tag-gobierno","tag-guerra","tag-macron","tag-natalia-pettinari","tag-poder","tag-politica-internacional","tag-union-europea"],"yoast_head":"<!-- This site is optimized with the Yoast SEO plugin v26.8 - https:\/\/yoast.com\/product\/yoast-seo-wordpress\/ -->\n<title>[Podcast] Habr\u00e1 Macron en Francia hasta 2027. \u00bfC\u00f3mo le ir\u00e1? - El Regional<\/title>\n<meta name=\"robots\" content=\"index, follow, max-snippet:-1, max-image-preview:large, max-video-preview:-1\" \/>\n<link rel=\"canonical\" href=\"http:\/\/elregionalvm.com.ar\/noticias-villa-maria\/podcast-habra-macron-en-francia-hasta-2027-como-le-ira\/\" \/>\n<meta property=\"og:locale\" content=\"es_ES\" \/>\n<meta property=\"og:type\" content=\"article\" \/>\n<meta property=\"og:title\" content=\"[Podcast] Habr\u00e1 Macron en Francia hasta 2027. \u00bfC\u00f3mo le ir\u00e1? - El Regional\" \/>\n<meta property=\"og:description\" content=\"Escribe y comenta: Natalia Pettinari El presidente Emmanuel Macron permanecer\u00e1 otros cinco a\u00f1os en El El\u00edseo tras ser reelegido el pasado 24 de abril en la segunda vuelta de las elecciones en Francia. Macron se convierte as\u00ed en el primer presidente que revalida en el cargo en los \u00faltimos 20 a\u00f1os, despu\u00e9s de Jacques Chirac [&hellip;]\" \/>\n<meta property=\"og:url\" content=\"http:\/\/elregionalvm.com.ar\/noticias-villa-maria\/podcast-habra-macron-en-francia-hasta-2027-como-le-ira\/\" \/>\n<meta property=\"og:site_name\" content=\"El Regional\" \/>\n<meta property=\"article:publisher\" content=\"https:\/\/www.facebook.com\/elregionalvm\" \/>\n<meta property=\"article:published_time\" content=\"2022-06-16T17:08:56+00:00\" \/>\n<meta property=\"article:modified_time\" content=\"2022-06-17T22:30:01+00:00\" \/>\n<meta property=\"og:image\" content=\"http:\/\/elregionalvm.com.ar\/noticias-villa-maria\/wp-content\/uploads\/2022\/06\/Macron-primer-plano-1024x782.jpg\" \/>\n\t<meta property=\"og:image:width\" content=\"1024\" \/>\n\t<meta property=\"og:image:height\" content=\"782\" \/>\n\t<meta property=\"og:image:type\" content=\"image\/jpeg\" \/>\n<meta name=\"author\" content=\"Contenidos El Regional\" \/>\n<meta name=\"twitter:card\" content=\"summary_large_image\" \/>\n<meta name=\"twitter:creator\" content=\"@elregionalvm1\" \/>\n<meta name=\"twitter:site\" content=\"@elregionalvm1\" \/>\n<meta name=\"twitter:label1\" content=\"Escrito por\" \/>\n\t<meta name=\"twitter:data1\" content=\"Contenidos El Regional\" \/>\n\t<meta name=\"twitter:label2\" content=\"Tiempo de lectura\" \/>\n\t<meta name=\"twitter:data2\" content=\"1 minuto\" \/>\n<script type=\"application\/ld+json\" class=\"yoast-schema-graph\">{\"@context\":\"https:\/\/schema.org\",\"@graph\":[{\"@type\":\"Article\",\"@id\":\"http:\/\/elregionalvm.com.ar\/noticias-villa-maria\/podcast-habra-macron-en-francia-hasta-2027-como-le-ira\/#article\",\"isPartOf\":{\"@id\":\"http:\/\/elregionalvm.com.ar\/noticias-villa-maria\/podcast-habra-macron-en-francia-hasta-2027-como-le-ira\/\"},\"author\":{\"name\":\"Contenidos El Regional\",\"@id\":\"http:\/\/elregionalvm.com.ar\/noticias-villa-maria\/#\/schema\/person\/a0fb9c422317faca23d50163151bc354\"},\"headline\":\"[Podcast] Habr\u00e1 Macron en Francia hasta 2027. \u00bfC\u00f3mo le ir\u00e1?\",\"datePublished\":\"2022-06-16T17:08:56+00:00\",\"dateModified\":\"2022-06-17T22:30:01+00:00\",\"mainEntityOfPage\":{\"@id\":\"http:\/\/elregionalvm.com.ar\/noticias-villa-maria\/podcast-habra-macron-en-francia-hasta-2027-como-le-ira\/\"},\"wordCount\":113,\"commentCount\":0,\"image\":{\"@id\":\"http:\/\/elregionalvm.com.ar\/noticias-villa-maria\/podcast-habra-macron-en-francia-hasta-2027-como-le-ira\/#primaryimage\"},\"thumbnailUrl\":\"https:\/\/i0.wp.com\/elregionalvm.com.ar\/noticias-villa-maria\/wp-content\/uploads\/2022\/06\/Macron-primer-plano.jpg?fit=1200%2C916&ssl=1\",\"keywords\":[\"elecciones\",\"Europa\",\"Francia\",\"gobierno\",\"guerra\",\"Macron\",\"Natalia Pettinari\",\"poder\",\"Pol\u00edtica Internacional\",\"Uni\u00f3n Europea\"],\"articleSection\":[\"Opini\u00f3n\",\"tercera\"],\"inLanguage\":\"es\",\"potentialAction\":[{\"@type\":\"CommentAction\",\"name\":\"Comment\",\"target\":[\"http:\/\/elregionalvm.com.ar\/noticias-villa-maria\/podcast-habra-macron-en-francia-hasta-2027-como-le-ira\/#respond\"]}]},{\"@type\":\"WebPage\",\"@id\":\"http:\/\/elregionalvm.com.ar\/noticias-villa-maria\/podcast-habra-macron-en-francia-hasta-2027-como-le-ira\/\",\"url\":\"http:\/\/elregionalvm.com.ar\/noticias-villa-maria\/podcast-habra-macron-en-francia-hasta-2027-como-le-ira\/\",\"name\":\"[Podcast] Habr\u00e1 Macron en Francia hasta 2027. \u00bfC\u00f3mo le ir\u00e1? - El Regional\",\"isPartOf\":{\"@id\":\"http:\/\/elregionalvm.com.ar\/noticias-villa-maria\/#website\"},\"primaryImageOfPage\":{\"@id\":\"http:\/\/elregionalvm.com.ar\/noticias-villa-maria\/podcast-habra-macron-en-francia-hasta-2027-como-le-ira\/#primaryimage\"},\"image\":{\"@id\":\"http:\/\/elregionalvm.com.ar\/noticias-villa-maria\/podcast-habra-macron-en-francia-hasta-2027-como-le-ira\/#primaryimage\"},\"thumbnailUrl\":\"https:\/\/i0.wp.com\/elregionalvm.com.ar\/noticias-villa-maria\/wp-content\/uploads\/2022\/06\/Macron-primer-plano.jpg?fit=1200%2C916&ssl=1\",\"datePublished\":\"2022-06-16T17:08:56+00:00\",\"dateModified\":\"2022-06-17T22:30:01+00:00\",\"author\":{\"@id\":\"http:\/\/elregionalvm.com.ar\/noticias-villa-maria\/#\/schema\/person\/a0fb9c422317faca23d50163151bc354\"},\"breadcrumb\":{\"@id\":\"http:\/\/elregionalvm.com.ar\/noticias-villa-maria\/podcast-habra-macron-en-francia-hasta-2027-como-le-ira\/#breadcrumb\"},\"inLanguage\":\"es\",\"potentialAction\":[{\"@type\":\"ReadAction\",\"target\":[\"http:\/\/elregionalvm.com.ar\/noticias-villa-maria\/podcast-habra-macron-en-francia-hasta-2027-como-le-ira\/\"]}]},{\"@type\":\"ImageObject\",\"inLanguage\":\"es\",\"@id\":\"http:\/\/elregionalvm.com.ar\/noticias-villa-maria\/podcast-habra-macron-en-francia-hasta-2027-como-le-ira\/#primaryimage\",\"url\":\"https:\/\/i0.wp.com\/elregionalvm.com.ar\/noticias-villa-maria\/wp-content\/uploads\/2022\/06\/Macron-primer-plano.jpg?fit=1200%2C916&ssl=1\",\"contentUrl\":\"https:\/\/i0.wp.com\/elregionalvm.com.ar\/noticias-villa-maria\/wp-content\/uploads\/2022\/06\/Macron-primer-plano.jpg?fit=1200%2C916&ssl=1\",\"width\":1200,\"height\":916},{\"@type\":\"BreadcrumbList\",\"@id\":\"http:\/\/elregionalvm.com.ar\/noticias-villa-maria\/podcast-habra-macron-en-francia-hasta-2027-como-le-ira\/#breadcrumb\",\"itemListElement\":[{\"@type\":\"ListItem\",\"position\":1,\"name\":\"Portada\",\"item\":\"https:\/\/elregionalvm.com.ar\/noticias-villa-maria\/\"},{\"@type\":\"ListItem\",\"position\":2,\"name\":\"[Podcast] Habr\u00e1 Macron en Francia hasta 2027. \u00bfC\u00f3mo le ir\u00e1?\"}]},{\"@type\":\"WebSite\",\"@id\":\"http:\/\/elregionalvm.com.ar\/noticias-villa-maria\/#website\",\"url\":\"http:\/\/elregionalvm.com.ar\/noticias-villa-maria\/\",\"name\":\"El Regional\",\"description\":\"Mucho m\u00e1s que informaci\u00f3n\",\"potentialAction\":[{\"@type\":\"SearchAction\",\"target\":{\"@type\":\"EntryPoint\",\"urlTemplate\":\"http:\/\/elregionalvm.com.ar\/noticias-villa-maria\/?s={search_term_string}\"},\"query-input\":{\"@type\":\"PropertyValueSpecification\",\"valueRequired\":true,\"valueName\":\"search_term_string\"}}],\"inLanguage\":\"es\"},{\"@type\":\"Person\",\"@id\":\"http:\/\/elregionalvm.com.ar\/noticias-villa-maria\/#\/schema\/person\/a0fb9c422317faca23d50163151bc354\",\"name\":\"Contenidos El Regional\",\"image\":{\"@type\":\"ImageObject\",\"inLanguage\":\"es\",\"@id\":\"http:\/\/elregionalvm.com.ar\/noticias-villa-maria\/#\/schema\/person\/image\/\",\"url\":\"https:\/\/secure.gravatar.com\/avatar\/265b27cb2209af7bb3a1318f03305787d7981a5cc6e6cd08fe5a4ecdf99d4b48?s=96&d=mm&r=g\",\"contentUrl\":\"https:\/\/secure.gravatar.com\/avatar\/265b27cb2209af7bb3a1318f03305787d7981a5cc6e6cd08fe5a4ecdf99d4b48?s=96&d=mm&r=g\",\"caption\":\"Contenidos El Regional\"},\"url\":\"https:\/\/elregionalvm.com.ar\/noticias-villa-maria\/author\/contenido\/\"}]}<\/script>\n<!-- \/ Yoast SEO plugin. -->","yoast_head_json":{"title":"[Podcast] Habr\u00e1 Macron en Francia hasta 2027. \u00bfC\u00f3mo le ir\u00e1? - El Regional","robots":{"index":"index","follow":"follow","max-snippet":"max-snippet:-1","max-image-preview":"max-image-preview:large","max-video-preview":"max-video-preview:-1"},"canonical":"http:\/\/elregionalvm.com.ar\/noticias-villa-maria\/podcast-habra-macron-en-francia-hasta-2027-como-le-ira\/","og_locale":"es_ES","og_type":"article","og_title":"[Podcast] Habr\u00e1 Macron en Francia hasta 2027. \u00bfC\u00f3mo le ir\u00e1? - El Regional","og_description":"Escribe y comenta: Natalia Pettinari El presidente Emmanuel Macron permanecer\u00e1 otros cinco a\u00f1os en El El\u00edseo tras ser reelegido el pasado 24 de abril en la segunda vuelta de las elecciones en Francia. Macron se convierte as\u00ed en el primer presidente que revalida en el cargo en los \u00faltimos 20 a\u00f1os, despu\u00e9s de Jacques Chirac [&hellip;]","og_url":"http:\/\/elregionalvm.com.ar\/noticias-villa-maria\/podcast-habra-macron-en-francia-hasta-2027-como-le-ira\/","og_site_name":"El Regional","article_publisher":"https:\/\/www.facebook.com\/elregionalvm","article_published_time":"2022-06-16T17:08:56+00:00","article_modified_time":"2022-06-17T22:30:01+00:00","og_image":[{"width":1024,"height":782,"url":"http:\/\/elregionalvm.com.ar\/noticias-villa-maria\/wp-content\/uploads\/2022\/06\/Macron-primer-plano-1024x782.jpg","type":"image\/jpeg"}],"author":"Contenidos El Regional","twitter_card":"summary_large_image","twitter_creator":"@elregionalvm1","twitter_site":"@elregionalvm1","twitter_misc":{"Escrito por":"Contenidos El Regional","Tiempo de lectura":"1 minuto"},"schema":{"@context":"https:\/\/schema.org","@graph":[{"@type":"Article","@id":"http:\/\/elregionalvm.com.ar\/noticias-villa-maria\/podcast-habra-macron-en-francia-hasta-2027-como-le-ira\/#article","isPartOf":{"@id":"http:\/\/elregionalvm.com.ar\/noticias-villa-maria\/podcast-habra-macron-en-francia-hasta-2027-como-le-ira\/"},"author":{"name":"Contenidos El Regional","@id":"http:\/\/elregionalvm.com.ar\/noticias-villa-maria\/#\/schema\/person\/a0fb9c422317faca23d50163151bc354"},"headline":"[Podcast] Habr\u00e1 Macron en Francia hasta 2027. \u00bfC\u00f3mo le ir\u00e1?","datePublished":"2022-06-16T17:08:56+00:00","dateModified":"2022-06-17T22:30:01+00:00","mainEntityOfPage":{"@id":"http:\/\/elregionalvm.com.ar\/noticias-villa-maria\/podcast-habra-macron-en-francia-hasta-2027-como-le-ira\/"},"wordCount":113,"commentCount":0,"image":{"@id":"http:\/\/elregionalvm.com.ar\/noticias-villa-maria\/podcast-habra-macron-en-francia-hasta-2027-como-le-ira\/#primaryimage"},"thumbnailUrl":"https:\/\/i0.wp.com\/elregionalvm.com.ar\/noticias-villa-maria\/wp-content\/uploads\/2022\/06\/Macron-primer-plano.jpg?fit=1200%2C916&ssl=1","keywords":["elecciones","Europa","Francia","gobierno","guerra","Macron","Natalia Pettinari","poder","Pol\u00edtica Internacional","Uni\u00f3n Europea"],"articleSection":["Opini\u00f3n","tercera"],"inLanguage":"es","potentialAction":[{"@type":"CommentAction","name":"Comment","target":["http:\/\/elregionalvm.com.ar\/noticias-villa-maria\/podcast-habra-macron-en-francia-hasta-2027-como-le-ira\/#respond"]}]},{"@type":"WebPage","@id":"http:\/\/elregionalvm.com.ar\/noticias-villa-maria\/podcast-habra-macron-en-francia-hasta-2027-como-le-ira\/","url":"http:\/\/elregionalvm.com.ar\/noticias-villa-maria\/podcast-habra-macron-en-francia-hasta-2027-como-le-ira\/","name":"[Podcast] Habr\u00e1 Macron en Francia hasta 2027. \u00bfC\u00f3mo le ir\u00e1? - El Regional","isPartOf":{"@id":"http:\/\/elregionalvm.com.ar\/noticias-villa-maria\/#website"},"primaryImageOfPage":{"@id":"http:\/\/elregionalvm.com.ar\/noticias-villa-maria\/podcast-habra-macron-en-francia-hasta-2027-como-le-ira\/#primaryimage"},"image":{"@id":"http:\/\/elregionalvm.com.ar\/noticias-villa-maria\/podcast-habra-macron-en-francia-hasta-2027-como-le-ira\/#primaryimage"},"thumbnailUrl":"https:\/\/i0.wp.com\/elregionalvm.com.ar\/noticias-villa-maria\/wp-content\/uploads\/2022\/06\/Macron-primer-plano.jpg?fit=1200%2C916&ssl=1","datePublished":"2022-06-16T17:08:56+00:00","dateModified":"2022-06-17T22:30:01+00:00","author":{"@id":"http:\/\/elregionalvm.com.ar\/noticias-villa-maria\/#\/schema\/person\/a0fb9c422317faca23d50163151bc354"},"breadcrumb":{"@id":"http:\/\/elregionalvm.com.ar\/noticias-villa-maria\/podcast-habra-macron-en-francia-hasta-2027-como-le-ira\/#breadcrumb"},"inLanguage":"es","potentialAction":[{"@type":"ReadAction","target":["http:\/\/elregionalvm.com.ar\/noticias-villa-maria\/podcast-habra-macron-en-francia-hasta-2027-como-le-ira\/"]}]},{"@type":"ImageObject","inLanguage":"es","@id":"http:\/\/elregionalvm.com.ar\/noticias-villa-maria\/podcast-habra-macron-en-francia-hasta-2027-como-le-ira\/#primaryimage","url":"https:\/\/i0.wp.com\/elregionalvm.com.ar\/noticias-villa-maria\/wp-content\/uploads\/2022\/06\/Macron-primer-plano.jpg?fit=1200%2C916&ssl=1","contentUrl":"https:\/\/i0.wp.com\/elregionalvm.com.ar\/noticias-villa-maria\/wp-content\/uploads\/2022\/06\/Macron-primer-plano.jpg?fit=1200%2C916&ssl=1","width":1200,"height":916},{"@type":"BreadcrumbList","@id":"http:\/\/elregionalvm.com.ar\/noticias-villa-maria\/podcast-habra-macron-en-francia-hasta-2027-como-le-ira\/#breadcrumb","itemListElement":[{"@type":"ListItem","position":1,"name":"Portada","item":"https:\/\/elregionalvm.com.ar\/noticias-villa-maria\/"},{"@type":"ListItem","position":2,"name":"[Podcast] Habr\u00e1 Macron en Francia hasta 2027. \u00bfC\u00f3mo le ir\u00e1?"}]},{"@type":"WebSite","@id":"http:\/\/elregionalvm.com.ar\/noticias-villa-maria\/#website","url":"http:\/\/elregionalvm.com.ar\/noticias-villa-maria\/","name":"El Regional","description":"Mucho m\u00e1s que informaci\u00f3n","potentialAction":[{"@type":"SearchAction","target":{"@type":"EntryPoint","urlTemplate":"http:\/\/elregionalvm.com.ar\/noticias-villa-maria\/?s={search_term_string}"},"query-input":{"@type":"PropertyValueSpecification","valueRequired":true,"valueName":"search_term_string"}}],"inLanguage":"es"},{"@type":"Person","@id":"http:\/\/elregionalvm.com.ar\/noticias-villa-maria\/#\/schema\/person\/a0fb9c422317faca23d50163151bc354","name":"Contenidos El Regional","image":{"@type":"ImageObject","inLanguage":"es","@id":"http:\/\/elregionalvm.com.ar\/noticias-villa-maria\/#\/schema\/person\/image\/","url":"https:\/\/secure.gravatar.com\/avatar\/265b27cb2209af7bb3a1318f03305787d7981a5cc6e6cd08fe5a4ecdf99d4b48?s=96&d=mm&r=g","contentUrl":"https:\/\/secure.gravatar.com\/avatar\/265b27cb2209af7bb3a1318f03305787d7981a5cc6e6cd08fe5a4ecdf99d4b48?s=96&d=mm&r=g","caption":"Contenidos El Regional"},"url":"https:\/\/elregionalvm.com.ar\/noticias-villa-maria\/author\/contenido\/"}]}},"jetpack_featured_media_url":"https:\/\/i0.wp.com\/elregionalvm.com.ar\/noticias-villa-maria\/wp-content\/uploads\/2022\/06\/Macron-primer-plano.jpg?fit=1200%2C916&ssl=1","jetpack_sharing_enabled":true,"_links":{"self":[{"href":"https:\/\/elregionalvm.com.ar\/noticias-villa-maria\/wp-json\/wp\/v2\/posts\/59009","targetHints":{"allow":["GET"]}}],"collection":[{"href":"https:\/\/elregionalvm.com.ar\/noticias-villa-maria\/wp-json\/wp\/v2\/posts"}],"about":[{"href":"https:\/\/elregionalvm.com.ar\/noticias-villa-maria\/wp-json\/wp\/v2\/types\/post"}],"author":[{"embeddable":true,"href":"https:\/\/elregionalvm.com.ar\/noticias-villa-maria\/wp-json\/wp\/v2\/users\/4"}],"replies":[{"embeddable":true,"href":"https:\/\/elregionalvm.com.ar\/noticias-villa-maria\/wp-json\/wp\/v2\/comments?post=59009"}],"version-history":[{"count":2,"href":"https:\/\/elregionalvm.com.ar\/noticias-villa-maria\/wp-json\/wp\/v2\/posts\/59009\/revisions"}],"predecessor-version":[{"id":59012,"href":"https:\/\/elregionalvm.com.ar\/noticias-villa-maria\/wp-json\/wp\/v2\/posts\/59009\/revisions\/59012"}],"wp:featuredmedia":[{"embeddable":true,"href":"https:\/\/elregionalvm.com.ar\/noticias-villa-maria\/wp-json\/wp\/v2\/media\/59011"}],"wp:attachment":[{"href":"https:\/\/elregionalvm.com.ar\/noticias-villa-maria\/wp-json\/wp\/v2\/media?parent=59009"}],"wp:term":[{"taxonomy":"category","embeddable":true,"href":"https:\/\/elregionalvm.com.ar\/noticias-villa-maria\/wp-json\/wp\/v2\/categories?post=59009"},{"taxonomy":"post_tag","embeddable":true,"href":"https:\/\/elregionalvm.com.ar\/noticias-villa-maria\/wp-json\/wp\/v2\/tags?post=59009"}],"curies":[{"name":"wp","href":"https:\/\/api.w.org\/{rel}","templated":true}]}}