{"id":59025,"date":"2022-06-16T21:19:45","date_gmt":"2022-06-16T21:19:45","guid":{"rendered":"https:\/\/elregionalvm.com.ar\/noticias-villa-maria\/?p=59025"},"modified":"2022-06-16T21:19:47","modified_gmt":"2022-06-16T21:19:47","slug":"declararon-de-interes-municipal-la-clase-magistral-del-dr-hugo-pizzi","status":"publish","type":"post","link":"https:\/\/elregionalvm.com.ar\/noticias-villa-maria\/declararon-de-interes-municipal-la-clase-magistral-del-dr-hugo-pizzi\/","title":{"rendered":"Declararon  de inter\u00e9s municipal la Clase Magistral del Dr. Hugo Pizzi"},"content":{"rendered":"\n<p>Concejales recibieron en la Casona Legislativa al doctor Hugo Pizzi a quien le entregaron la Declaraci\u00f3n de Inter\u00e9s Municipal de la Clase Magistral que el reconocido especialista brind\u00f3 en la Universidad Nacional de Villa Mar\u00eda.<\/p>\n\n\n\n<p>Hugo Pizzi es M\u00e9dico Infect\u00f3logo, Epidemi\u00f3logo, Magister en Salud P\u00fablica y Profesor de la Universidad Nacional de C\u00f3rdoba, adem\u00e1s de ser autor de 23 libros.<\/p>\n\n\n\n<figure class=\"wp-block-image size-large\"><img data-recalc-dims=\"1\" fetchpriority=\"high\" decoding=\"async\" width=\"1024\" height=\"897\" src=\"https:\/\/i0.wp.com\/elregionalvm.com.ar\/noticias-villa-maria\/wp-content\/uploads\/2022\/06\/WhatsApp-Image-2022-06-16-at-2.05.35-PM-1.jpeg?resize=1024%2C897&#038;ssl=1\" alt=\"\" class=\"wp-image-59027\" srcset=\"https:\/\/i0.wp.com\/elregionalvm.com.ar\/noticias-villa-maria\/wp-content\/uploads\/2022\/06\/WhatsApp-Image-2022-06-16-at-2.05.35-PM-1.jpeg?resize=1024%2C897&amp;ssl=1 1024w, https:\/\/i0.wp.com\/elregionalvm.com.ar\/noticias-villa-maria\/wp-content\/uploads\/2022\/06\/WhatsApp-Image-2022-06-16-at-2.05.35-PM-1.jpeg?resize=300%2C263&amp;ssl=1 300w, https:\/\/i0.wp.com\/elregionalvm.com.ar\/noticias-villa-maria\/wp-content\/uploads\/2022\/06\/WhatsApp-Image-2022-06-16-at-2.05.35-PM-1.jpeg?resize=768%2C673&amp;ssl=1 768w, https:\/\/i0.wp.com\/elregionalvm.com.ar\/noticias-villa-maria\/wp-content\/uploads\/2022\/06\/WhatsApp-Image-2022-06-16-at-2.05.35-PM-1.jpeg?w=1280&amp;ssl=1 1280w\" sizes=\"(max-width: 1000px) 100vw, 1000px\" \/><\/figure>\n\n\n\n<p>Es el m\u00e9dico m\u00e1s premiado por la Academia Nacional de Medicina de Buenos Aires y tiene distinciones del Congreso de la Naci\u00f3n, de la Legislatura de Santa Fe, del Ministerio de Salud de la Provincia de C\u00f3rdoba, de la Rep\u00fablica Francesa y de la Rep\u00fablica Federativa de Brasil.<\/p>\n\n\n\n<p>El Doctor Pizzi ha realizado un trabajo incansable durante la pandemia de Covid 19 en nuestro pa\u00eds, trabajando incesantemente en cada etapa, procurando la prevenci\u00f3n en una primera instancia, combatiendo la misma y difundiendo luego la importancia de la vacunaci\u00f3n, como salida a esta crisis sanitaria.<\/p>\n","protected":false},"excerpt":{"rendered":"<p>Concejales recibieron en la Casona Legislativa al doctor Hugo Pizzi a quien le entregaron la Declaraci\u00f3n de Inter\u00e9s Municipal de la Clase Magistral que el reconocido especialista brind\u00f3 en la Universidad Nacional de Villa Mar\u00eda. Hugo Pizzi es M\u00e9dico Infect\u00f3logo, Epidemi\u00f3logo, Magister en Salud P\u00fablica y Profesor de la Universidad Nacional de C\u00f3rdoba, adem\u00e1s de [&hellip;]<\/p>\n","protected":false},"author":4,"featured_media":59026,"comment_status":"open","ping_status":"open","sticky":false,"template":"","format":"standard","meta":{"site-sidebar-layout":"default","site-content-layout":"","ast-site-content-layout":"default","site-content-style":"default","site-sidebar-style":"default","ast-global-header-display":"","ast-banner-title-visibility":"","ast-main-header-display":"","ast-hfb-above-header-display":"","ast-hfb-below-header-display":"","ast-hfb-mobile-header-display":"","site-post-title":"","ast-breadcrumbs-content":"","ast-featured-img":"","footer-sml-layout":"","ast-disable-related-posts":"","theme-transparent-header-meta":"","adv-header-id-meta":"","stick-header-meta":"","header-above-stick-meta":"","header-main-stick-meta":"","header-below-stick-meta":"","astra-migrate-meta-layouts":"default","ast-page-background-enabled":"default","ast-page-background-meta":{"desktop":{"background-color":"","background-image":"","background-repeat":"repeat","background-position":"center center","background-size":"auto","background-attachment":"scroll","background-type":"","background-media":"","overlay-type":"","overlay-color":"","overlay-opacity":"","overlay-gradient":""},"tablet":{"background-color":"","background-image":"","background-repeat":"repeat","background-position":"center center","background-size":"auto","background-attachment":"scroll","background-type":"","background-media":"","overlay-type":"","overlay-color":"","overlay-opacity":"","overlay-gradient":""},"mobile":{"background-color":"","background-image":"","background-repeat":"repeat","background-position":"center center","background-size":"auto","background-attachment":"scroll","background-type":"","background-media":"","overlay-type":"","overlay-color":"","overlay-opacity":"","overlay-gradient":""}},"ast-content-background-meta":{"desktop":{"background-color":"var(--ast-global-color-5)","background-image":"","background-repeat":"repeat","background-position":"center center","background-size":"auto","background-attachment":"scroll","background-type":"","background-media":"","overlay-type":"","overlay-color":"","overlay-opacity":"","overlay-gradient":""},"tablet":{"background-color":"var(--ast-global-color-5)","background-image":"","background-repeat":"repeat","background-position":"center center","background-size":"auto","background-attachment":"scroll","background-type":"","background-media":"","overlay-type":"","overlay-color":"","overlay-opacity":"","overlay-gradient":""},"mobile":{"background-color":"var(--ast-global-color-5)","background-image":"","background-repeat":"repeat","background-position":"center center","background-size":"auto","background-attachment":"scroll","background-type":"","background-media":"","overlay-type":"","overlay-color":"","overlay-opacity":"","overlay-gradient":""}},"_jetpack_memberships_contains_paid_content":false,"_joinchat":[],"footnotes":""},"categories":[15302,2],"tags":[16161,1597,16160,16149,16151,459,2248],"class_list":["post-59025","post","type-post","status-publish","format-standard","has-post-thumbnail","hentry","category-destacado","category-villa-maria","tag-clase-magistrall","tag-concejo-deliberante","tag-de-interes-municipal","tag-dr-hugo-pizzi","tag-medico-infectologo","tag-unvm","tag-villa-maria-2"],"yoast_head":"<!-- This site is optimized with the Yoast SEO plugin v26.8 - https:\/\/yoast.com\/product\/yoast-seo-wordpress\/ -->\n<title>Declararon de inter\u00e9s municipal la Clase Magistral del Dr. Hugo Pizzi - El Regional<\/title>\n<meta name=\"robots\" content=\"index, follow, max-snippet:-1, max-image-preview:large, max-video-preview:-1\" \/>\n<link rel=\"canonical\" href=\"http:\/\/elregionalvm.com.ar\/noticias-villa-maria\/declararon-de-interes-municipal-la-clase-magistral-del-dr-hugo-pizzi\/\" \/>\n<meta property=\"og:locale\" content=\"es_ES\" \/>\n<meta property=\"og:type\" content=\"article\" \/>\n<meta property=\"og:title\" content=\"Declararon de inter\u00e9s municipal la Clase Magistral del Dr. Hugo Pizzi - El Regional\" \/>\n<meta property=\"og:description\" content=\"Concejales recibieron en la Casona Legislativa al doctor Hugo Pizzi a quien le entregaron la Declaraci\u00f3n de Inter\u00e9s Municipal de la Clase Magistral que el reconocido especialista brind\u00f3 en la Universidad Nacional de Villa Mar\u00eda. Hugo Pizzi es M\u00e9dico Infect\u00f3logo, Epidemi\u00f3logo, Magister en Salud P\u00fablica y Profesor de la Universidad Nacional de C\u00f3rdoba, adem\u00e1s de [&hellip;]\" \/>\n<meta property=\"og:url\" content=\"http:\/\/elregionalvm.com.ar\/noticias-villa-maria\/declararon-de-interes-municipal-la-clase-magistral-del-dr-hugo-pizzi\/\" \/>\n<meta property=\"og:site_name\" content=\"El Regional\" \/>\n<meta property=\"article:publisher\" content=\"https:\/\/www.facebook.com\/elregionalvm\" \/>\n<meta property=\"article:published_time\" content=\"2022-06-16T21:19:45+00:00\" \/>\n<meta property=\"article:modified_time\" content=\"2022-06-16T21:19:47+00:00\" \/>\n<meta property=\"og:image\" content=\"http:\/\/elregionalvm.com.ar\/noticias-villa-maria\/wp-content\/uploads\/2022\/06\/WhatsApp-Image-2022-06-16-at-2.05.35-PM.jpeg\" \/>\n\t<meta property=\"og:image:width\" content=\"1600\" \/>\n\t<meta property=\"og:image:height\" content=\"1200\" \/>\n\t<meta property=\"og:image:type\" content=\"image\/jpeg\" \/>\n<meta name=\"author\" content=\"Contenidos El Regional\" \/>\n<meta name=\"twitter:card\" content=\"summary_large_image\" \/>\n<meta name=\"twitter:creator\" content=\"@elregionalvm1\" \/>\n<meta name=\"twitter:site\" content=\"@elregionalvm1\" \/>\n<meta name=\"twitter:label1\" content=\"Escrito por\" \/>\n\t<meta name=\"twitter:data1\" content=\"Contenidos El Regional\" \/>\n\t<meta name=\"twitter:label2\" content=\"Tiempo de lectura\" \/>\n\t<meta name=\"twitter:data2\" content=\"1 minuto\" \/>\n<script type=\"application\/ld+json\" class=\"yoast-schema-graph\">{\"@context\":\"https:\/\/schema.org\",\"@graph\":[{\"@type\":\"Article\",\"@id\":\"http:\/\/elregionalvm.com.ar\/noticias-villa-maria\/declararon-de-interes-municipal-la-clase-magistral-del-dr-hugo-pizzi\/#article\",\"isPartOf\":{\"@id\":\"http:\/\/elregionalvm.com.ar\/noticias-villa-maria\/declararon-de-interes-municipal-la-clase-magistral-del-dr-hugo-pizzi\/\"},\"author\":{\"name\":\"Contenidos El Regional\",\"@id\":\"http:\/\/elregionalvm.com.ar\/noticias-villa-maria\/#\/schema\/person\/a0fb9c422317faca23d50163151bc354\"},\"headline\":\"Declararon de inter\u00e9s municipal la Clase Magistral del Dr. Hugo Pizzi\",\"datePublished\":\"2022-06-16T21:19:45+00:00\",\"dateModified\":\"2022-06-16T21:19:47+00:00\",\"mainEntityOfPage\":{\"@id\":\"http:\/\/elregionalvm.com.ar\/noticias-villa-maria\/declararon-de-interes-municipal-la-clase-magistral-del-dr-hugo-pizzi\/\"},\"wordCount\":182,\"commentCount\":0,\"image\":{\"@id\":\"http:\/\/elregionalvm.com.ar\/noticias-villa-maria\/declararon-de-interes-municipal-la-clase-magistral-del-dr-hugo-pizzi\/#primaryimage\"},\"thumbnailUrl\":\"https:\/\/i0.wp.com\/elregionalvm.com.ar\/noticias-villa-maria\/wp-content\/uploads\/2022\/06\/WhatsApp-Image-2022-06-16-at-2.05.35-PM.jpeg?fit=1600%2C1200&ssl=1\",\"keywords\":[\"Clase Magistrall\",\"Concejo Deliberante\",\"de inter\u00e9s municipal\",\"Dr. Hugo Pizzi\",\"m\u00e9dico infect\u00f3logo\",\"UNVM\",\"Villa Mar\u00eda\"],\"articleSection\":[\"destacado\",\"Villa Mar\u00eda\"],\"inLanguage\":\"es\",\"potentialAction\":[{\"@type\":\"CommentAction\",\"name\":\"Comment\",\"target\":[\"http:\/\/elregionalvm.com.ar\/noticias-villa-maria\/declararon-de-interes-municipal-la-clase-magistral-del-dr-hugo-pizzi\/#respond\"]}]},{\"@type\":\"WebPage\",\"@id\":\"http:\/\/elregionalvm.com.ar\/noticias-villa-maria\/declararon-de-interes-municipal-la-clase-magistral-del-dr-hugo-pizzi\/\",\"url\":\"http:\/\/elregionalvm.com.ar\/noticias-villa-maria\/declararon-de-interes-municipal-la-clase-magistral-del-dr-hugo-pizzi\/\",\"name\":\"Declararon de inter\u00e9s municipal la Clase Magistral del Dr. Hugo Pizzi - El Regional\",\"isPartOf\":{\"@id\":\"http:\/\/elregionalvm.com.ar\/noticias-villa-maria\/#website\"},\"primaryImageOfPage\":{\"@id\":\"http:\/\/elregionalvm.com.ar\/noticias-villa-maria\/declararon-de-interes-municipal-la-clase-magistral-del-dr-hugo-pizzi\/#primaryimage\"},\"image\":{\"@id\":\"http:\/\/elregionalvm.com.ar\/noticias-villa-maria\/declararon-de-interes-municipal-la-clase-magistral-del-dr-hugo-pizzi\/#primaryimage\"},\"thumbnailUrl\":\"https:\/\/i0.wp.com\/elregionalvm.com.ar\/noticias-villa-maria\/wp-content\/uploads\/2022\/06\/WhatsApp-Image-2022-06-16-at-2.05.35-PM.jpeg?fit=1600%2C1200&ssl=1\",\"datePublished\":\"2022-06-16T21:19:45+00:00\",\"dateModified\":\"2022-06-16T21:19:47+00:00\",\"author\":{\"@id\":\"http:\/\/elregionalvm.com.ar\/noticias-villa-maria\/#\/schema\/person\/a0fb9c422317faca23d50163151bc354\"},\"breadcrumb\":{\"@id\":\"http:\/\/elregionalvm.com.ar\/noticias-villa-maria\/declararon-de-interes-municipal-la-clase-magistral-del-dr-hugo-pizzi\/#breadcrumb\"},\"inLanguage\":\"es\",\"potentialAction\":[{\"@type\":\"ReadAction\",\"target\":[\"http:\/\/elregionalvm.com.ar\/noticias-villa-maria\/declararon-de-interes-municipal-la-clase-magistral-del-dr-hugo-pizzi\/\"]}]},{\"@type\":\"ImageObject\",\"inLanguage\":\"es\",\"@id\":\"http:\/\/elregionalvm.com.ar\/noticias-villa-maria\/declararon-de-interes-municipal-la-clase-magistral-del-dr-hugo-pizzi\/#primaryimage\",\"url\":\"https:\/\/i0.wp.com\/elregionalvm.com.ar\/noticias-villa-maria\/wp-content\/uploads\/2022\/06\/WhatsApp-Image-2022-06-16-at-2.05.35-PM.jpeg?fit=1600%2C1200&ssl=1\",\"contentUrl\":\"https:\/\/i0.wp.com\/elregionalvm.com.ar\/noticias-villa-maria\/wp-content\/uploads\/2022\/06\/WhatsApp-Image-2022-06-16-at-2.05.35-PM.jpeg?fit=1600%2C1200&ssl=1\",\"width\":1600,\"height\":1200},{\"@type\":\"BreadcrumbList\",\"@id\":\"http:\/\/elregionalvm.com.ar\/noticias-villa-maria\/declararon-de-interes-municipal-la-clase-magistral-del-dr-hugo-pizzi\/#breadcrumb\",\"itemListElement\":[{\"@type\":\"ListItem\",\"position\":1,\"name\":\"Portada\",\"item\":\"https:\/\/elregionalvm.com.ar\/noticias-villa-maria\/\"},{\"@type\":\"ListItem\",\"position\":2,\"name\":\"Declararon de inter\u00e9s municipal la Clase Magistral del Dr. Hugo Pizzi\"}]},{\"@type\":\"WebSite\",\"@id\":\"http:\/\/elregionalvm.com.ar\/noticias-villa-maria\/#website\",\"url\":\"http:\/\/elregionalvm.com.ar\/noticias-villa-maria\/\",\"name\":\"El Regional\",\"description\":\"Mucho m\u00e1s que informaci\u00f3n\",\"potentialAction\":[{\"@type\":\"SearchAction\",\"target\":{\"@type\":\"EntryPoint\",\"urlTemplate\":\"http:\/\/elregionalvm.com.ar\/noticias-villa-maria\/?s={search_term_string}\"},\"query-input\":{\"@type\":\"PropertyValueSpecification\",\"valueRequired\":true,\"valueName\":\"search_term_string\"}}],\"inLanguage\":\"es\"},{\"@type\":\"Person\",\"@id\":\"http:\/\/elregionalvm.com.ar\/noticias-villa-maria\/#\/schema\/person\/a0fb9c422317faca23d50163151bc354\",\"name\":\"Contenidos El Regional\",\"image\":{\"@type\":\"ImageObject\",\"inLanguage\":\"es\",\"@id\":\"http:\/\/elregionalvm.com.ar\/noticias-villa-maria\/#\/schema\/person\/image\/\",\"url\":\"https:\/\/secure.gravatar.com\/avatar\/265b27cb2209af7bb3a1318f03305787d7981a5cc6e6cd08fe5a4ecdf99d4b48?s=96&d=mm&r=g\",\"contentUrl\":\"https:\/\/secure.gravatar.com\/avatar\/265b27cb2209af7bb3a1318f03305787d7981a5cc6e6cd08fe5a4ecdf99d4b48?s=96&d=mm&r=g\",\"caption\":\"Contenidos El Regional\"},\"url\":\"https:\/\/elregionalvm.com.ar\/noticias-villa-maria\/author\/contenido\/\"}]}<\/script>\n<!-- \/ Yoast SEO plugin. -->","yoast_head_json":{"title":"Declararon de inter\u00e9s municipal la Clase Magistral del Dr. Hugo Pizzi - El Regional","robots":{"index":"index","follow":"follow","max-snippet":"max-snippet:-1","max-image-preview":"max-image-preview:large","max-video-preview":"max-video-preview:-1"},"canonical":"http:\/\/elregionalvm.com.ar\/noticias-villa-maria\/declararon-de-interes-municipal-la-clase-magistral-del-dr-hugo-pizzi\/","og_locale":"es_ES","og_type":"article","og_title":"Declararon de inter\u00e9s municipal la Clase Magistral del Dr. Hugo Pizzi - El Regional","og_description":"Concejales recibieron en la Casona Legislativa al doctor Hugo Pizzi a quien le entregaron la Declaraci\u00f3n de Inter\u00e9s Municipal de la Clase Magistral que el reconocido especialista brind\u00f3 en la Universidad Nacional de Villa Mar\u00eda. Hugo Pizzi es M\u00e9dico Infect\u00f3logo, Epidemi\u00f3logo, Magister en Salud P\u00fablica y Profesor de la Universidad Nacional de C\u00f3rdoba, adem\u00e1s de [&hellip;]","og_url":"http:\/\/elregionalvm.com.ar\/noticias-villa-maria\/declararon-de-interes-municipal-la-clase-magistral-del-dr-hugo-pizzi\/","og_site_name":"El Regional","article_publisher":"https:\/\/www.facebook.com\/elregionalvm","article_published_time":"2022-06-16T21:19:45+00:00","article_modified_time":"2022-06-16T21:19:47+00:00","og_image":[{"width":1600,"height":1200,"url":"http:\/\/elregionalvm.com.ar\/noticias-villa-maria\/wp-content\/uploads\/2022\/06\/WhatsApp-Image-2022-06-16-at-2.05.35-PM.jpeg","type":"image\/jpeg"}],"author":"Contenidos El Regional","twitter_card":"summary_large_image","twitter_creator":"@elregionalvm1","twitter_site":"@elregionalvm1","twitter_misc":{"Escrito por":"Contenidos El Regional","Tiempo de lectura":"1 minuto"},"schema":{"@context":"https:\/\/schema.org","@graph":[{"@type":"Article","@id":"http:\/\/elregionalvm.com.ar\/noticias-villa-maria\/declararon-de-interes-municipal-la-clase-magistral-del-dr-hugo-pizzi\/#article","isPartOf":{"@id":"http:\/\/elregionalvm.com.ar\/noticias-villa-maria\/declararon-de-interes-municipal-la-clase-magistral-del-dr-hugo-pizzi\/"},"author":{"name":"Contenidos El Regional","@id":"http:\/\/elregionalvm.com.ar\/noticias-villa-maria\/#\/schema\/person\/a0fb9c422317faca23d50163151bc354"},"headline":"Declararon de inter\u00e9s municipal la Clase Magistral del Dr. Hugo Pizzi","datePublished":"2022-06-16T21:19:45+00:00","dateModified":"2022-06-16T21:19:47+00:00","mainEntityOfPage":{"@id":"http:\/\/elregionalvm.com.ar\/noticias-villa-maria\/declararon-de-interes-municipal-la-clase-magistral-del-dr-hugo-pizzi\/"},"wordCount":182,"commentCount":0,"image":{"@id":"http:\/\/elregionalvm.com.ar\/noticias-villa-maria\/declararon-de-interes-municipal-la-clase-magistral-del-dr-hugo-pizzi\/#primaryimage"},"thumbnailUrl":"https:\/\/i0.wp.com\/elregionalvm.com.ar\/noticias-villa-maria\/wp-content\/uploads\/2022\/06\/WhatsApp-Image-2022-06-16-at-2.05.35-PM.jpeg?fit=1600%2C1200&ssl=1","keywords":["Clase Magistrall","Concejo Deliberante","de inter\u00e9s municipal","Dr. Hugo Pizzi","m\u00e9dico infect\u00f3logo","UNVM","Villa Mar\u00eda"],"articleSection":["destacado","Villa Mar\u00eda"],"inLanguage":"es","potentialAction":[{"@type":"CommentAction","name":"Comment","target":["http:\/\/elregionalvm.com.ar\/noticias-villa-maria\/declararon-de-interes-municipal-la-clase-magistral-del-dr-hugo-pizzi\/#respond"]}]},{"@type":"WebPage","@id":"http:\/\/elregionalvm.com.ar\/noticias-villa-maria\/declararon-de-interes-municipal-la-clase-magistral-del-dr-hugo-pizzi\/","url":"http:\/\/elregionalvm.com.ar\/noticias-villa-maria\/declararon-de-interes-municipal-la-clase-magistral-del-dr-hugo-pizzi\/","name":"Declararon de inter\u00e9s municipal la Clase Magistral del Dr. Hugo Pizzi - El Regional","isPartOf":{"@id":"http:\/\/elregionalvm.com.ar\/noticias-villa-maria\/#website"},"primaryImageOfPage":{"@id":"http:\/\/elregionalvm.com.ar\/noticias-villa-maria\/declararon-de-interes-municipal-la-clase-magistral-del-dr-hugo-pizzi\/#primaryimage"},"image":{"@id":"http:\/\/elregionalvm.com.ar\/noticias-villa-maria\/declararon-de-interes-municipal-la-clase-magistral-del-dr-hugo-pizzi\/#primaryimage"},"thumbnailUrl":"https:\/\/i0.wp.com\/elregionalvm.com.ar\/noticias-villa-maria\/wp-content\/uploads\/2022\/06\/WhatsApp-Image-2022-06-16-at-2.05.35-PM.jpeg?fit=1600%2C1200&ssl=1","datePublished":"2022-06-16T21:19:45+00:00","dateModified":"2022-06-16T21:19:47+00:00","author":{"@id":"http:\/\/elregionalvm.com.ar\/noticias-villa-maria\/#\/schema\/person\/a0fb9c422317faca23d50163151bc354"},"breadcrumb":{"@id":"http:\/\/elregionalvm.com.ar\/noticias-villa-maria\/declararon-de-interes-municipal-la-clase-magistral-del-dr-hugo-pizzi\/#breadcrumb"},"inLanguage":"es","potentialAction":[{"@type":"ReadAction","target":["http:\/\/elregionalvm.com.ar\/noticias-villa-maria\/declararon-de-interes-municipal-la-clase-magistral-del-dr-hugo-pizzi\/"]}]},{"@type":"ImageObject","inLanguage":"es","@id":"http:\/\/elregionalvm.com.ar\/noticias-villa-maria\/declararon-de-interes-municipal-la-clase-magistral-del-dr-hugo-pizzi\/#primaryimage","url":"https:\/\/i0.wp.com\/elregionalvm.com.ar\/noticias-villa-maria\/wp-content\/uploads\/2022\/06\/WhatsApp-Image-2022-06-16-at-2.05.35-PM.jpeg?fit=1600%2C1200&ssl=1","contentUrl":"https:\/\/i0.wp.com\/elregionalvm.com.ar\/noticias-villa-maria\/wp-content\/uploads\/2022\/06\/WhatsApp-Image-2022-06-16-at-2.05.35-PM.jpeg?fit=1600%2C1200&ssl=1","width":1600,"height":1200},{"@type":"BreadcrumbList","@id":"http:\/\/elregionalvm.com.ar\/noticias-villa-maria\/declararon-de-interes-municipal-la-clase-magistral-del-dr-hugo-pizzi\/#breadcrumb","itemListElement":[{"@type":"ListItem","position":1,"name":"Portada","item":"https:\/\/elregionalvm.com.ar\/noticias-villa-maria\/"},{"@type":"ListItem","position":2,"name":"Declararon de inter\u00e9s municipal la Clase Magistral del Dr. Hugo Pizzi"}]},{"@type":"WebSite","@id":"http:\/\/elregionalvm.com.ar\/noticias-villa-maria\/#website","url":"http:\/\/elregionalvm.com.ar\/noticias-villa-maria\/","name":"El Regional","description":"Mucho m\u00e1s que informaci\u00f3n","potentialAction":[{"@type":"SearchAction","target":{"@type":"EntryPoint","urlTemplate":"http:\/\/elregionalvm.com.ar\/noticias-villa-maria\/?s={search_term_string}"},"query-input":{"@type":"PropertyValueSpecification","valueRequired":true,"valueName":"search_term_string"}}],"inLanguage":"es"},{"@type":"Person","@id":"http:\/\/elregionalvm.com.ar\/noticias-villa-maria\/#\/schema\/person\/a0fb9c422317faca23d50163151bc354","name":"Contenidos El Regional","image":{"@type":"ImageObject","inLanguage":"es","@id":"http:\/\/elregionalvm.com.ar\/noticias-villa-maria\/#\/schema\/person\/image\/","url":"https:\/\/secure.gravatar.com\/avatar\/265b27cb2209af7bb3a1318f03305787d7981a5cc6e6cd08fe5a4ecdf99d4b48?s=96&d=mm&r=g","contentUrl":"https:\/\/secure.gravatar.com\/avatar\/265b27cb2209af7bb3a1318f03305787d7981a5cc6e6cd08fe5a4ecdf99d4b48?s=96&d=mm&r=g","caption":"Contenidos El Regional"},"url":"https:\/\/elregionalvm.com.ar\/noticias-villa-maria\/author\/contenido\/"}]}},"jetpack_featured_media_url":"https:\/\/i0.wp.com\/elregionalvm.com.ar\/noticias-villa-maria\/wp-content\/uploads\/2022\/06\/WhatsApp-Image-2022-06-16-at-2.05.35-PM.jpeg?fit=1600%2C1200&ssl=1","jetpack_sharing_enabled":true,"_links":{"self":[{"href":"https:\/\/elregionalvm.com.ar\/noticias-villa-maria\/wp-json\/wp\/v2\/posts\/59025","targetHints":{"allow":["GET"]}}],"collection":[{"href":"https:\/\/elregionalvm.com.ar\/noticias-villa-maria\/wp-json\/wp\/v2\/posts"}],"about":[{"href":"https:\/\/elregionalvm.com.ar\/noticias-villa-maria\/wp-json\/wp\/v2\/types\/post"}],"author":[{"embeddable":true,"href":"https:\/\/elregionalvm.com.ar\/noticias-villa-maria\/wp-json\/wp\/v2\/users\/4"}],"replies":[{"embeddable":true,"href":"https:\/\/elregionalvm.com.ar\/noticias-villa-maria\/wp-json\/wp\/v2\/comments?post=59025"}],"version-history":[{"count":1,"href":"https:\/\/elregionalvm.com.ar\/noticias-villa-maria\/wp-json\/wp\/v2\/posts\/59025\/revisions"}],"predecessor-version":[{"id":59028,"href":"https:\/\/elregionalvm.com.ar\/noticias-villa-maria\/wp-json\/wp\/v2\/posts\/59025\/revisions\/59028"}],"wp:featuredmedia":[{"embeddable":true,"href":"https:\/\/elregionalvm.com.ar\/noticias-villa-maria\/wp-json\/wp\/v2\/media\/59026"}],"wp:attachment":[{"href":"https:\/\/elregionalvm.com.ar\/noticias-villa-maria\/wp-json\/wp\/v2\/media?parent=59025"}],"wp:term":[{"taxonomy":"category","embeddable":true,"href":"https:\/\/elregionalvm.com.ar\/noticias-villa-maria\/wp-json\/wp\/v2\/categories?post=59025"},{"taxonomy":"post_tag","embeddable":true,"href":"https:\/\/elregionalvm.com.ar\/noticias-villa-maria\/wp-json\/wp\/v2\/tags?post=59025"}],"curies":[{"name":"wp","href":"https:\/\/api.w.org\/{rel}","templated":true}]}}