{"id":59053,"date":"2022-06-17T12:05:57","date_gmt":"2022-06-17T12:05:57","guid":{"rendered":"https:\/\/elregionalvm.com.ar\/noticias-villa-maria\/?p=59053"},"modified":"2022-06-19T12:33:44","modified_gmt":"2022-06-19T12:33:44","slug":"historias-el-primer-rascacielos-de-america-latina-que-se-construyo-en-argentina","status":"publish","type":"post","link":"https:\/\/elregionalvm.com.ar\/noticias-villa-maria\/historias-el-primer-rascacielos-de-america-latina-que-se-construyo-en-argentina\/","title":{"rendered":"[Historias] El primer rascacielos de Am\u00e9rica Latina que se construy\u00f3 en Argentina"},"content":{"rendered":"\n<h3 class=\"wp-block-heading\"><strong>Railway Building, el primer rascacielos de Am\u00e9rica Latina que se construy\u00f3 en Argentina<\/strong>.<\/h3>\n\n\n\n<p><\/p>\n\n\n\n<p><strong>E<\/strong>l Railway Building fue inaugurado en 1914. Est\u00e1 emplazado sobre Paseo Col\u00f3n y Alsina, a pocas cuadras de Plaza de Mayo. Su construcci\u00f3n comenz\u00f3 en 1910 pero abri\u00f3 sus puertas cuatro a\u00f1os despu\u00e9s porque su altura superaba la m\u00e1xima permitida.<\/p>\n\n\n\n<p><\/p>\n\n\n\n<figure class=\"wp-block-image size-full\"><img data-recalc-dims=\"1\" fetchpriority=\"high\" decoding=\"async\" width=\"666\" height=\"1024\" src=\"https:\/\/i0.wp.com\/elregionalvm.com.ar\/noticias-villa-maria\/wp-content\/uploads\/2022\/06\/ralway-123-666x1024-1.jpeg?resize=666%2C1024&#038;ssl=1\" alt=\"\" class=\"wp-image-59055\" srcset=\"https:\/\/i0.wp.com\/elregionalvm.com.ar\/noticias-villa-maria\/wp-content\/uploads\/2022\/06\/ralway-123-666x1024-1.jpeg?w=666&amp;ssl=1 666w, https:\/\/i0.wp.com\/elregionalvm.com.ar\/noticias-villa-maria\/wp-content\/uploads\/2022\/06\/ralway-123-666x1024-1.jpeg?resize=195%2C300&amp;ssl=1 195w\" sizes=\"(max-width: 666px) 100vw, 666px\" \/><\/figure>\n\n\n\n<p><\/p>\n\n\n\n<p>El libro Rascacielos Porte\u00f1os explica que, en ese entonces, se solicit\u00f3 una excepci\u00f3n para poder habilitarlo. Esta petici\u00f3n fue estudiada por la Comisi\u00f3n de Est\u00e9tica Edilicia y aprobada por el Concejo Deliberante junto al Intendente Carlos Torcuato de Alvear.<\/p>\n\n\n\n<p>Con sus 80 metros de altura, se convirti\u00f3 r\u00e1pidamente en el edificio m\u00e1s alto de Argentina y en el primer rascacielos de Am\u00e9rica Latina.<strong> <\/strong><\/p>\n\n\n\n<p>Sin embargo, en 1923 fue destronado por el Palacio Barolo que mide aproximadamente 100.<\/p>\n\n\n\n<p><\/p>\n\n\n\n<figure class=\"wp-block-image size-full\"><img data-recalc-dims=\"1\" decoding=\"async\" width=\"768\" height=\"1024\" src=\"https:\/\/i0.wp.com\/elregionalvm.com.ar\/noticias-villa-maria\/wp-content\/uploads\/2022\/06\/image-56-768x1024-1.png?resize=768%2C1024&#038;ssl=1\" alt=\"\" class=\"wp-image-59056\" srcset=\"https:\/\/i0.wp.com\/elregionalvm.com.ar\/noticias-villa-maria\/wp-content\/uploads\/2022\/06\/image-56-768x1024-1.png?w=768&amp;ssl=1 768w, https:\/\/i0.wp.com\/elregionalvm.com.ar\/noticias-villa-maria\/wp-content\/uploads\/2022\/06\/image-56-768x1024-1.png?resize=225%2C300&amp;ssl=1 225w\" sizes=\"(max-width: 768px) 100vw, 768px\" \/><\/figure>\n\n\n\n<p><\/p>\n\n\n\n<p>En un primer momento, all\u00ed funcionaron oficinas de empresas ferroviarias hasta que en 1955 pas\u00f3 a estar en manos de Aerol\u00edneas Argentinas. Ya en 1994 fue cedido al Ministerio de Econom\u00eda, entidad a la que a\u00fan le pertenece. <\/p>\n\n\n\n<p>Con el correr de los a\u00f1os, sus distintos usos hicieron que se fuera reformando su interior.<\/p>\n\n\n\n<p><\/p>\n\n\n\n<p><\/p>\n\n\n\n<figure class=\"wp-block-embed is-type-wp-embed is-provider-el-regional wp-block-embed-el-regional\"><div class=\"wp-block-embed__wrapper\">\n<blockquote class=\"wp-embedded-content\" data-secret=\"FQhCFpVr47\"><a href=\"https:\/\/elregionalvm.com.ar\/noticias-villa-maria\/historias-quien-fue-francisco-salamone-el-disenador-de-la-plaza-centenario-en-restauracion\/\">[Historias] Qui\u00e9n fue Francisco Salamone, el dise\u00f1ador de la Plaza Centenario en restauraci\u00f3n<\/a><\/blockquote><iframe class=\"wp-embedded-content\" sandbox=\"allow-scripts\" security=\"restricted\" style=\"position: absolute; visibility: hidden;\" title=\"\u00ab[Historias] Qui\u00e9n fue Francisco Salamone, el dise\u00f1ador de la Plaza Centenario en restauraci\u00f3n\u00bb \u2014 El Regional\" src=\"https:\/\/elregionalvm.com.ar\/noticias-villa-maria\/historias-quien-fue-francisco-salamone-el-disenador-de-la-plaza-centenario-en-restauracion\/embed\/#?secret=4UfkDQ6zi1#?secret=FQhCFpVr47\" data-secret=\"FQhCFpVr47\" width=\"500\" height=\"282\" frameborder=\"0\" marginwidth=\"0\" marginheight=\"0\" scrolling=\"no\"><\/iframe>\n<\/div><\/figure>\n\n\n\n<p><\/p>\n\n\n\n<p><em>Fuente: billiken.lat<\/em><\/p>\n","protected":false},"excerpt":{"rendered":"<p>Railway Building, el primer rascacielos de Am\u00e9rica Latina que se construy\u00f3 en Argentina. El Railway Building fue inaugurado en 1914. Est\u00e1 emplazado sobre Paseo Col\u00f3n y Alsina, a pocas cuadras de Plaza de Mayo. Su construcci\u00f3n comenz\u00f3 en 1910 pero abri\u00f3 sus puertas cuatro a\u00f1os despu\u00e9s porque su altura superaba la m\u00e1xima permitida. El libro [&hellip;]<\/p>\n","protected":false},"author":4,"featured_media":59054,"comment_status":"open","ping_status":"open","sticky":false,"template":"","format":"standard","meta":{"site-sidebar-layout":"default","site-content-layout":"","ast-site-content-layout":"default","site-content-style":"default","site-sidebar-style":"default","ast-global-header-display":"","ast-banner-title-visibility":"","ast-main-header-display":"","ast-hfb-above-header-display":"","ast-hfb-below-header-display":"","ast-hfb-mobile-header-display":"","site-post-title":"","ast-breadcrumbs-content":"","ast-featured-img":"","footer-sml-layout":"","ast-disable-related-posts":"","theme-transparent-header-meta":"","adv-header-id-meta":"","stick-header-meta":"","header-above-stick-meta":"","header-main-stick-meta":"","header-below-stick-meta":"","astra-migrate-meta-layouts":"default","ast-page-background-enabled":"default","ast-page-background-meta":{"desktop":{"background-color":"","background-image":"","background-repeat":"repeat","background-position":"center center","background-size":"auto","background-attachment":"scroll","background-type":"","background-media":"","overlay-type":"","overlay-color":"","overlay-opacity":"","overlay-gradient":""},"tablet":{"background-color":"","background-image":"","background-repeat":"repeat","background-position":"center center","background-size":"auto","background-attachment":"scroll","background-type":"","background-media":"","overlay-type":"","overlay-color":"","overlay-opacity":"","overlay-gradient":""},"mobile":{"background-color":"","background-image":"","background-repeat":"repeat","background-position":"center center","background-size":"auto","background-attachment":"scroll","background-type":"","background-media":"","overlay-type":"","overlay-color":"","overlay-opacity":"","overlay-gradient":""}},"ast-content-background-meta":{"desktop":{"background-color":"var(--ast-global-color-5)","background-image":"","background-repeat":"repeat","background-position":"center center","background-size":"auto","background-attachment":"scroll","background-type":"","background-media":"","overlay-type":"","overlay-color":"","overlay-opacity":"","overlay-gradient":""},"tablet":{"background-color":"var(--ast-global-color-5)","background-image":"","background-repeat":"repeat","background-position":"center center","background-size":"auto","background-attachment":"scroll","background-type":"","background-media":"","overlay-type":"","overlay-color":"","overlay-opacity":"","overlay-gradient":""},"mobile":{"background-color":"var(--ast-global-color-5)","background-image":"","background-repeat":"repeat","background-position":"center center","background-size":"auto","background-attachment":"scroll","background-type":"","background-media":"","overlay-type":"","overlay-color":"","overlay-opacity":"","overlay-gradient":""}},"_jetpack_memberships_contains_paid_content":false,"_joinchat":[],"footnotes":""},"categories":[2098,5],"tags":[4574,415,2135,15562,1386,16182,16180],"class_list":["post-59053","post","type-post","status-publish","format-standard","has-post-thumbnail","hentry","category-historias","category-sociedad","tag-america-latina","tag-argentina","tag-construccion","tag-edificio","tag-historias","tag-railway-building","tag-rascacielos"],"yoast_head":"<!-- This site is optimized with the Yoast SEO plugin v26.8 - https:\/\/yoast.com\/product\/yoast-seo-wordpress\/ -->\n<title>[Historias] El primer rascacielos de Am\u00e9rica Latina que se construy\u00f3 en Argentina - El Regional<\/title>\n<meta name=\"robots\" content=\"index, follow, max-snippet:-1, max-image-preview:large, max-video-preview:-1\" \/>\n<link rel=\"canonical\" href=\"http:\/\/elregionalvm.com.ar\/noticias-villa-maria\/historias-el-primer-rascacielos-de-america-latina-que-se-construyo-en-argentina\/\" \/>\n<meta property=\"og:locale\" content=\"es_ES\" \/>\n<meta property=\"og:type\" content=\"article\" \/>\n<meta property=\"og:title\" content=\"[Historias] El primer rascacielos de Am\u00e9rica Latina que se construy\u00f3 en Argentina - El Regional\" \/>\n<meta property=\"og:description\" content=\"Railway Building, el primer rascacielos de Am\u00e9rica Latina que se construy\u00f3 en Argentina. El Railway Building fue inaugurado en 1914. Est\u00e1 emplazado sobre Paseo Col\u00f3n y Alsina, a pocas cuadras de Plaza de Mayo. Su construcci\u00f3n comenz\u00f3 en 1910 pero abri\u00f3 sus puertas cuatro a\u00f1os despu\u00e9s porque su altura superaba la m\u00e1xima permitida. El libro [&hellip;]\" \/>\n<meta property=\"og:url\" content=\"http:\/\/elregionalvm.com.ar\/noticias-villa-maria\/historias-el-primer-rascacielos-de-america-latina-que-se-construyo-en-argentina\/\" \/>\n<meta property=\"og:site_name\" content=\"El Regional\" \/>\n<meta property=\"article:publisher\" content=\"https:\/\/www.facebook.com\/elregionalvm\" \/>\n<meta property=\"article:published_time\" content=\"2022-06-17T12:05:57+00:00\" \/>\n<meta property=\"article:modified_time\" content=\"2022-06-19T12:33:44+00:00\" \/>\n<meta property=\"og:image\" content=\"http:\/\/elregionalvm.com.ar\/noticias-villa-maria\/wp-content\/uploads\/2022\/06\/Edificio-railway-buenos-aires-paseo-colon-SITIO.jpg\" \/>\n\t<meta property=\"og:image:width\" content=\"828\" \/>\n\t<meta property=\"og:image:height\" content=\"621\" \/>\n\t<meta property=\"og:image:type\" content=\"image\/jpeg\" \/>\n<meta name=\"author\" content=\"Contenidos El Regional\" \/>\n<meta name=\"twitter:card\" content=\"summary_large_image\" \/>\n<meta name=\"twitter:creator\" content=\"@elregionalvm1\" \/>\n<meta name=\"twitter:site\" content=\"@elregionalvm1\" \/>\n<meta name=\"twitter:label1\" content=\"Escrito por\" \/>\n\t<meta name=\"twitter:data1\" content=\"Contenidos El Regional\" \/>\n\t<meta name=\"twitter:label2\" content=\"Tiempo de lectura\" \/>\n\t<meta name=\"twitter:data2\" content=\"2 minutos\" \/>\n<script type=\"application\/ld+json\" class=\"yoast-schema-graph\">{\"@context\":\"https:\/\/schema.org\",\"@graph\":[{\"@type\":\"Article\",\"@id\":\"http:\/\/elregionalvm.com.ar\/noticias-villa-maria\/historias-el-primer-rascacielos-de-america-latina-que-se-construyo-en-argentina\/#article\",\"isPartOf\":{\"@id\":\"http:\/\/elregionalvm.com.ar\/noticias-villa-maria\/historias-el-primer-rascacielos-de-america-latina-que-se-construyo-en-argentina\/\"},\"author\":{\"name\":\"Contenidos El Regional\",\"@id\":\"http:\/\/elregionalvm.com.ar\/noticias-villa-maria\/#\/schema\/person\/a0fb9c422317faca23d50163151bc354\"},\"headline\":\"[Historias] El primer rascacielos de Am\u00e9rica Latina que se construy\u00f3 en Argentina\",\"datePublished\":\"2022-06-17T12:05:57+00:00\",\"dateModified\":\"2022-06-19T12:33:44+00:00\",\"mainEntityOfPage\":{\"@id\":\"http:\/\/elregionalvm.com.ar\/noticias-villa-maria\/historias-el-primer-rascacielos-de-america-latina-que-se-construyo-en-argentina\/\"},\"wordCount\":217,\"commentCount\":0,\"image\":{\"@id\":\"http:\/\/elregionalvm.com.ar\/noticias-villa-maria\/historias-el-primer-rascacielos-de-america-latina-que-se-construyo-en-argentina\/#primaryimage\"},\"thumbnailUrl\":\"https:\/\/i0.wp.com\/elregionalvm.com.ar\/noticias-villa-maria\/wp-content\/uploads\/2022\/06\/Edificio-railway-buenos-aires-paseo-colon-SITIO.jpg?fit=828%2C621&ssl=1\",\"keywords\":[\"Am\u00e9rica Latina\",\"Argentina\",\"Construcci\u00f3n\",\"edificio\",\"historias\",\"Railway Building\",\"Rascacielos\"],\"articleSection\":[\"Historias\",\"Sociedad\"],\"inLanguage\":\"es\",\"potentialAction\":[{\"@type\":\"CommentAction\",\"name\":\"Comment\",\"target\":[\"http:\/\/elregionalvm.com.ar\/noticias-villa-maria\/historias-el-primer-rascacielos-de-america-latina-que-se-construyo-en-argentina\/#respond\"]}]},{\"@type\":\"WebPage\",\"@id\":\"http:\/\/elregionalvm.com.ar\/noticias-villa-maria\/historias-el-primer-rascacielos-de-america-latina-que-se-construyo-en-argentina\/\",\"url\":\"http:\/\/elregionalvm.com.ar\/noticias-villa-maria\/historias-el-primer-rascacielos-de-america-latina-que-se-construyo-en-argentina\/\",\"name\":\"[Historias] El primer rascacielos de Am\u00e9rica Latina que se construy\u00f3 en Argentina - El Regional\",\"isPartOf\":{\"@id\":\"http:\/\/elregionalvm.com.ar\/noticias-villa-maria\/#website\"},\"primaryImageOfPage\":{\"@id\":\"http:\/\/elregionalvm.com.ar\/noticias-villa-maria\/historias-el-primer-rascacielos-de-america-latina-que-se-construyo-en-argentina\/#primaryimage\"},\"image\":{\"@id\":\"http:\/\/elregionalvm.com.ar\/noticias-villa-maria\/historias-el-primer-rascacielos-de-america-latina-que-se-construyo-en-argentina\/#primaryimage\"},\"thumbnailUrl\":\"https:\/\/i0.wp.com\/elregionalvm.com.ar\/noticias-villa-maria\/wp-content\/uploads\/2022\/06\/Edificio-railway-buenos-aires-paseo-colon-SITIO.jpg?fit=828%2C621&ssl=1\",\"datePublished\":\"2022-06-17T12:05:57+00:00\",\"dateModified\":\"2022-06-19T12:33:44+00:00\",\"author\":{\"@id\":\"http:\/\/elregionalvm.com.ar\/noticias-villa-maria\/#\/schema\/person\/a0fb9c422317faca23d50163151bc354\"},\"breadcrumb\":{\"@id\":\"http:\/\/elregionalvm.com.ar\/noticias-villa-maria\/historias-el-primer-rascacielos-de-america-latina-que-se-construyo-en-argentina\/#breadcrumb\"},\"inLanguage\":\"es\",\"potentialAction\":[{\"@type\":\"ReadAction\",\"target\":[\"http:\/\/elregionalvm.com.ar\/noticias-villa-maria\/historias-el-primer-rascacielos-de-america-latina-que-se-construyo-en-argentina\/\"]}]},{\"@type\":\"ImageObject\",\"inLanguage\":\"es\",\"@id\":\"http:\/\/elregionalvm.com.ar\/noticias-villa-maria\/historias-el-primer-rascacielos-de-america-latina-que-se-construyo-en-argentina\/#primaryimage\",\"url\":\"https:\/\/i0.wp.com\/elregionalvm.com.ar\/noticias-villa-maria\/wp-content\/uploads\/2022\/06\/Edificio-railway-buenos-aires-paseo-colon-SITIO.jpg?fit=828%2C621&ssl=1\",\"contentUrl\":\"https:\/\/i0.wp.com\/elregionalvm.com.ar\/noticias-villa-maria\/wp-content\/uploads\/2022\/06\/Edificio-railway-buenos-aires-paseo-colon-SITIO.jpg?fit=828%2C621&ssl=1\",\"width\":828,\"height\":621},{\"@type\":\"BreadcrumbList\",\"@id\":\"http:\/\/elregionalvm.com.ar\/noticias-villa-maria\/historias-el-primer-rascacielos-de-america-latina-que-se-construyo-en-argentina\/#breadcrumb\",\"itemListElement\":[{\"@type\":\"ListItem\",\"position\":1,\"name\":\"Portada\",\"item\":\"https:\/\/elregionalvm.com.ar\/noticias-villa-maria\/\"},{\"@type\":\"ListItem\",\"position\":2,\"name\":\"[Historias] El primer rascacielos de Am\u00e9rica Latina que se construy\u00f3 en Argentina\"}]},{\"@type\":\"WebSite\",\"@id\":\"http:\/\/elregionalvm.com.ar\/noticias-villa-maria\/#website\",\"url\":\"http:\/\/elregionalvm.com.ar\/noticias-villa-maria\/\",\"name\":\"El Regional\",\"description\":\"Mucho m\u00e1s que informaci\u00f3n\",\"potentialAction\":[{\"@type\":\"SearchAction\",\"target\":{\"@type\":\"EntryPoint\",\"urlTemplate\":\"http:\/\/elregionalvm.com.ar\/noticias-villa-maria\/?s={search_term_string}\"},\"query-input\":{\"@type\":\"PropertyValueSpecification\",\"valueRequired\":true,\"valueName\":\"search_term_string\"}}],\"inLanguage\":\"es\"},{\"@type\":\"Person\",\"@id\":\"http:\/\/elregionalvm.com.ar\/noticias-villa-maria\/#\/schema\/person\/a0fb9c422317faca23d50163151bc354\",\"name\":\"Contenidos El Regional\",\"image\":{\"@type\":\"ImageObject\",\"inLanguage\":\"es\",\"@id\":\"http:\/\/elregionalvm.com.ar\/noticias-villa-maria\/#\/schema\/person\/image\/\",\"url\":\"https:\/\/secure.gravatar.com\/avatar\/265b27cb2209af7bb3a1318f03305787d7981a5cc6e6cd08fe5a4ecdf99d4b48?s=96&d=mm&r=g\",\"contentUrl\":\"https:\/\/secure.gravatar.com\/avatar\/265b27cb2209af7bb3a1318f03305787d7981a5cc6e6cd08fe5a4ecdf99d4b48?s=96&d=mm&r=g\",\"caption\":\"Contenidos El Regional\"},\"url\":\"https:\/\/elregionalvm.com.ar\/noticias-villa-maria\/author\/contenido\/\"}]}<\/script>\n<!-- \/ Yoast SEO plugin. -->","yoast_head_json":{"title":"[Historias] El primer rascacielos de Am\u00e9rica Latina que se construy\u00f3 en Argentina - El Regional","robots":{"index":"index","follow":"follow","max-snippet":"max-snippet:-1","max-image-preview":"max-image-preview:large","max-video-preview":"max-video-preview:-1"},"canonical":"http:\/\/elregionalvm.com.ar\/noticias-villa-maria\/historias-el-primer-rascacielos-de-america-latina-que-se-construyo-en-argentina\/","og_locale":"es_ES","og_type":"article","og_title":"[Historias] El primer rascacielos de Am\u00e9rica Latina que se construy\u00f3 en Argentina - El Regional","og_description":"Railway Building, el primer rascacielos de Am\u00e9rica Latina que se construy\u00f3 en Argentina. El Railway Building fue inaugurado en 1914. Est\u00e1 emplazado sobre Paseo Col\u00f3n y Alsina, a pocas cuadras de Plaza de Mayo. Su construcci\u00f3n comenz\u00f3 en 1910 pero abri\u00f3 sus puertas cuatro a\u00f1os despu\u00e9s porque su altura superaba la m\u00e1xima permitida. El libro [&hellip;]","og_url":"http:\/\/elregionalvm.com.ar\/noticias-villa-maria\/historias-el-primer-rascacielos-de-america-latina-que-se-construyo-en-argentina\/","og_site_name":"El Regional","article_publisher":"https:\/\/www.facebook.com\/elregionalvm","article_published_time":"2022-06-17T12:05:57+00:00","article_modified_time":"2022-06-19T12:33:44+00:00","og_image":[{"width":828,"height":621,"url":"http:\/\/elregionalvm.com.ar\/noticias-villa-maria\/wp-content\/uploads\/2022\/06\/Edificio-railway-buenos-aires-paseo-colon-SITIO.jpg","type":"image\/jpeg"}],"author":"Contenidos El Regional","twitter_card":"summary_large_image","twitter_creator":"@elregionalvm1","twitter_site":"@elregionalvm1","twitter_misc":{"Escrito por":"Contenidos El Regional","Tiempo de lectura":"2 minutos"},"schema":{"@context":"https:\/\/schema.org","@graph":[{"@type":"Article","@id":"http:\/\/elregionalvm.com.ar\/noticias-villa-maria\/historias-el-primer-rascacielos-de-america-latina-que-se-construyo-en-argentina\/#article","isPartOf":{"@id":"http:\/\/elregionalvm.com.ar\/noticias-villa-maria\/historias-el-primer-rascacielos-de-america-latina-que-se-construyo-en-argentina\/"},"author":{"name":"Contenidos El Regional","@id":"http:\/\/elregionalvm.com.ar\/noticias-villa-maria\/#\/schema\/person\/a0fb9c422317faca23d50163151bc354"},"headline":"[Historias] El primer rascacielos de Am\u00e9rica Latina que se construy\u00f3 en Argentina","datePublished":"2022-06-17T12:05:57+00:00","dateModified":"2022-06-19T12:33:44+00:00","mainEntityOfPage":{"@id":"http:\/\/elregionalvm.com.ar\/noticias-villa-maria\/historias-el-primer-rascacielos-de-america-latina-que-se-construyo-en-argentina\/"},"wordCount":217,"commentCount":0,"image":{"@id":"http:\/\/elregionalvm.com.ar\/noticias-villa-maria\/historias-el-primer-rascacielos-de-america-latina-que-se-construyo-en-argentina\/#primaryimage"},"thumbnailUrl":"https:\/\/i0.wp.com\/elregionalvm.com.ar\/noticias-villa-maria\/wp-content\/uploads\/2022\/06\/Edificio-railway-buenos-aires-paseo-colon-SITIO.jpg?fit=828%2C621&ssl=1","keywords":["Am\u00e9rica Latina","Argentina","Construcci\u00f3n","edificio","historias","Railway Building","Rascacielos"],"articleSection":["Historias","Sociedad"],"inLanguage":"es","potentialAction":[{"@type":"CommentAction","name":"Comment","target":["http:\/\/elregionalvm.com.ar\/noticias-villa-maria\/historias-el-primer-rascacielos-de-america-latina-que-se-construyo-en-argentina\/#respond"]}]},{"@type":"WebPage","@id":"http:\/\/elregionalvm.com.ar\/noticias-villa-maria\/historias-el-primer-rascacielos-de-america-latina-que-se-construyo-en-argentina\/","url":"http:\/\/elregionalvm.com.ar\/noticias-villa-maria\/historias-el-primer-rascacielos-de-america-latina-que-se-construyo-en-argentina\/","name":"[Historias] El primer rascacielos de Am\u00e9rica Latina que se construy\u00f3 en Argentina - El Regional","isPartOf":{"@id":"http:\/\/elregionalvm.com.ar\/noticias-villa-maria\/#website"},"primaryImageOfPage":{"@id":"http:\/\/elregionalvm.com.ar\/noticias-villa-maria\/historias-el-primer-rascacielos-de-america-latina-que-se-construyo-en-argentina\/#primaryimage"},"image":{"@id":"http:\/\/elregionalvm.com.ar\/noticias-villa-maria\/historias-el-primer-rascacielos-de-america-latina-que-se-construyo-en-argentina\/#primaryimage"},"thumbnailUrl":"https:\/\/i0.wp.com\/elregionalvm.com.ar\/noticias-villa-maria\/wp-content\/uploads\/2022\/06\/Edificio-railway-buenos-aires-paseo-colon-SITIO.jpg?fit=828%2C621&ssl=1","datePublished":"2022-06-17T12:05:57+00:00","dateModified":"2022-06-19T12:33:44+00:00","author":{"@id":"http:\/\/elregionalvm.com.ar\/noticias-villa-maria\/#\/schema\/person\/a0fb9c422317faca23d50163151bc354"},"breadcrumb":{"@id":"http:\/\/elregionalvm.com.ar\/noticias-villa-maria\/historias-el-primer-rascacielos-de-america-latina-que-se-construyo-en-argentina\/#breadcrumb"},"inLanguage":"es","potentialAction":[{"@type":"ReadAction","target":["http:\/\/elregionalvm.com.ar\/noticias-villa-maria\/historias-el-primer-rascacielos-de-america-latina-que-se-construyo-en-argentina\/"]}]},{"@type":"ImageObject","inLanguage":"es","@id":"http:\/\/elregionalvm.com.ar\/noticias-villa-maria\/historias-el-primer-rascacielos-de-america-latina-que-se-construyo-en-argentina\/#primaryimage","url":"https:\/\/i0.wp.com\/elregionalvm.com.ar\/noticias-villa-maria\/wp-content\/uploads\/2022\/06\/Edificio-railway-buenos-aires-paseo-colon-SITIO.jpg?fit=828%2C621&ssl=1","contentUrl":"https:\/\/i0.wp.com\/elregionalvm.com.ar\/noticias-villa-maria\/wp-content\/uploads\/2022\/06\/Edificio-railway-buenos-aires-paseo-colon-SITIO.jpg?fit=828%2C621&ssl=1","width":828,"height":621},{"@type":"BreadcrumbList","@id":"http:\/\/elregionalvm.com.ar\/noticias-villa-maria\/historias-el-primer-rascacielos-de-america-latina-que-se-construyo-en-argentina\/#breadcrumb","itemListElement":[{"@type":"ListItem","position":1,"name":"Portada","item":"https:\/\/elregionalvm.com.ar\/noticias-villa-maria\/"},{"@type":"ListItem","position":2,"name":"[Historias] El primer rascacielos de Am\u00e9rica Latina que se construy\u00f3 en Argentina"}]},{"@type":"WebSite","@id":"http:\/\/elregionalvm.com.ar\/noticias-villa-maria\/#website","url":"http:\/\/elregionalvm.com.ar\/noticias-villa-maria\/","name":"El Regional","description":"Mucho m\u00e1s que informaci\u00f3n","potentialAction":[{"@type":"SearchAction","target":{"@type":"EntryPoint","urlTemplate":"http:\/\/elregionalvm.com.ar\/noticias-villa-maria\/?s={search_term_string}"},"query-input":{"@type":"PropertyValueSpecification","valueRequired":true,"valueName":"search_term_string"}}],"inLanguage":"es"},{"@type":"Person","@id":"http:\/\/elregionalvm.com.ar\/noticias-villa-maria\/#\/schema\/person\/a0fb9c422317faca23d50163151bc354","name":"Contenidos El Regional","image":{"@type":"ImageObject","inLanguage":"es","@id":"http:\/\/elregionalvm.com.ar\/noticias-villa-maria\/#\/schema\/person\/image\/","url":"https:\/\/secure.gravatar.com\/avatar\/265b27cb2209af7bb3a1318f03305787d7981a5cc6e6cd08fe5a4ecdf99d4b48?s=96&d=mm&r=g","contentUrl":"https:\/\/secure.gravatar.com\/avatar\/265b27cb2209af7bb3a1318f03305787d7981a5cc6e6cd08fe5a4ecdf99d4b48?s=96&d=mm&r=g","caption":"Contenidos El Regional"},"url":"https:\/\/elregionalvm.com.ar\/noticias-villa-maria\/author\/contenido\/"}]}},"jetpack_featured_media_url":"https:\/\/i0.wp.com\/elregionalvm.com.ar\/noticias-villa-maria\/wp-content\/uploads\/2022\/06\/Edificio-railway-buenos-aires-paseo-colon-SITIO.jpg?fit=828%2C621&ssl=1","jetpack_sharing_enabled":true,"_links":{"self":[{"href":"https:\/\/elregionalvm.com.ar\/noticias-villa-maria\/wp-json\/wp\/v2\/posts\/59053","targetHints":{"allow":["GET"]}}],"collection":[{"href":"https:\/\/elregionalvm.com.ar\/noticias-villa-maria\/wp-json\/wp\/v2\/posts"}],"about":[{"href":"https:\/\/elregionalvm.com.ar\/noticias-villa-maria\/wp-json\/wp\/v2\/types\/post"}],"author":[{"embeddable":true,"href":"https:\/\/elregionalvm.com.ar\/noticias-villa-maria\/wp-json\/wp\/v2\/users\/4"}],"replies":[{"embeddable":true,"href":"https:\/\/elregionalvm.com.ar\/noticias-villa-maria\/wp-json\/wp\/v2\/comments?post=59053"}],"version-history":[{"count":2,"href":"https:\/\/elregionalvm.com.ar\/noticias-villa-maria\/wp-json\/wp\/v2\/posts\/59053\/revisions"}],"predecessor-version":[{"id":59091,"href":"https:\/\/elregionalvm.com.ar\/noticias-villa-maria\/wp-json\/wp\/v2\/posts\/59053\/revisions\/59091"}],"wp:featuredmedia":[{"embeddable":true,"href":"https:\/\/elregionalvm.com.ar\/noticias-villa-maria\/wp-json\/wp\/v2\/media\/59054"}],"wp:attachment":[{"href":"https:\/\/elregionalvm.com.ar\/noticias-villa-maria\/wp-json\/wp\/v2\/media?parent=59053"}],"wp:term":[{"taxonomy":"category","embeddable":true,"href":"https:\/\/elregionalvm.com.ar\/noticias-villa-maria\/wp-json\/wp\/v2\/categories?post=59053"},{"taxonomy":"post_tag","embeddable":true,"href":"https:\/\/elregionalvm.com.ar\/noticias-villa-maria\/wp-json\/wp\/v2\/tags?post=59053"}],"curies":[{"name":"wp","href":"https:\/\/api.w.org\/{rel}","templated":true}]}}