{"id":59059,"date":"2022-06-17T12:15:45","date_gmt":"2022-06-17T12:15:45","guid":{"rendered":"https:\/\/elregionalvm.com.ar\/noticias-villa-maria\/?p=59059"},"modified":"2022-06-20T13:36:08","modified_gmt":"2022-06-20T13:36:08","slug":"peliculas-con-mujeres-fuertes-a-la-cabeza","status":"publish","type":"post","link":"https:\/\/elregionalvm.com.ar\/noticias-villa-maria\/peliculas-con-mujeres-fuertes-a-la-cabeza\/","title":{"rendered":"Pel\u00edculas con mujeres fuertes a la cabeza"},"content":{"rendered":"\n<h3 class=\"wp-block-heading\">Recordamos aquellas pel\u00edculas que nos contaron historias protagonizadas por inolvidables mujeres. <\/h3>\n\n\n\n<p><\/p>\n\n\n\n<p>Aquellas que debieron enfrentarse al machismo, al abuso del poder; aquellas que debieron alzar sus voces para ser escuchadas, que lucharon para otorgarle derechos a otras generaciones de mujeres y que nos ense\u00f1aron sobre la sororidad. Nos enfocamos en ellas, porque el tiempo pasa, pero las mujeres continuamos luchando.<\/p>\n\n\n\n<p><strong>Mujeres empoderadas en el cine<\/strong><\/p>\n\n\n\n<h2 class=\"wp-block-heading\">Las sufragistas<\/h2>\n\n\n\n<p><\/p>\n\n\n\n<figure class=\"wp-block-image size-full\"><img data-recalc-dims=\"1\" fetchpriority=\"high\" decoding=\"async\" width=\"807\" height=\"616\" src=\"https:\/\/i0.wp.com\/elregionalvm.com.ar\/noticias-villa-maria\/wp-content\/uploads\/2022\/06\/las-sufragistas-peliculas-8m-dia-de-la-mujer.jpg?resize=807%2C616&#038;ssl=1\" alt=\"\" class=\"wp-image-59069\" srcset=\"https:\/\/i0.wp.com\/elregionalvm.com.ar\/noticias-villa-maria\/wp-content\/uploads\/2022\/06\/las-sufragistas-peliculas-8m-dia-de-la-mujer.jpg?w=807&amp;ssl=1 807w, https:\/\/i0.wp.com\/elregionalvm.com.ar\/noticias-villa-maria\/wp-content\/uploads\/2022\/06\/las-sufragistas-peliculas-8m-dia-de-la-mujer.jpg?resize=300%2C229&amp;ssl=1 300w, https:\/\/i0.wp.com\/elregionalvm.com.ar\/noticias-villa-maria\/wp-content\/uploads\/2022\/06\/las-sufragistas-peliculas-8m-dia-de-la-mujer.jpg?resize=768%2C586&amp;ssl=1 768w\" sizes=\"(max-width: 807px) 100vw, 807px\" \/><\/figure>\n\n\n\n<p><\/p>\n\n\n\n<p>El movimiento sufragista naci\u00f3 en Inglaterra en v\u00edsperas de la Primera Guerra Mundial. La mayor\u00eda de las sufragistas no proced\u00edan de las clases altas, sino que eran obreras que ve\u00edan impotentes c\u00f3mo sus pac\u00edficas protestas no serv\u00edan para nada. <\/p>\n\n\n\n<p>Entonces se radicalizaron y, en su incansable lucha por conseguir la igualdad, se arriesgaron a perderlo todo: su trabajo, su casa, sus hijos y su vida. La protagonista es Maud (Carey Mulligan), una mujer que reivindic\u00f3 denodadamente la dignidad de las mujeres.<\/p>\n\n\n\n<h2 class=\"wp-block-heading\">Erin Brockovich<\/h2>\n\n\n\n<p><\/p>\n\n\n\n<figure class=\"wp-block-image size-full\"><img data-recalc-dims=\"1\" decoding=\"async\" width=\"1024\" height=\"576\" src=\"https:\/\/i0.wp.com\/elregionalvm.com.ar\/noticias-villa-maria\/wp-content\/uploads\/2022\/06\/erin-brockovich-peliculas-8m-dia-de-la-mujer-1024x576-1.jpeg?resize=1024%2C576&#038;ssl=1\" alt=\"\" class=\"wp-image-59068\" srcset=\"https:\/\/i0.wp.com\/elregionalvm.com.ar\/noticias-villa-maria\/wp-content\/uploads\/2022\/06\/erin-brockovich-peliculas-8m-dia-de-la-mujer-1024x576-1.jpeg?w=1024&amp;ssl=1 1024w, https:\/\/i0.wp.com\/elregionalvm.com.ar\/noticias-villa-maria\/wp-content\/uploads\/2022\/06\/erin-brockovich-peliculas-8m-dia-de-la-mujer-1024x576-1.jpeg?resize=300%2C169&amp;ssl=1 300w, https:\/\/i0.wp.com\/elregionalvm.com.ar\/noticias-villa-maria\/wp-content\/uploads\/2022\/06\/erin-brockovich-peliculas-8m-dia-de-la-mujer-1024x576-1.jpeg?resize=768%2C432&amp;ssl=1 768w\" sizes=\"(max-width: 1000px) 100vw, 1000px\" \/><\/figure>\n\n\n\n<p><\/p>\n\n\n\n<p>Una madre soltera investiga el papel de una compa\u00f1\u00eda el\u00e9ctrica en los misteriosos problemas de salud de una comunidad.<\/p>\n\n\n\n<h2 class=\"wp-block-heading\">Little Women<\/h2>\n\n\n\n<p><\/p>\n\n\n\n<figure class=\"wp-block-image size-full\"><img data-recalc-dims=\"1\" decoding=\"async\" width=\"1000\" height=\"562\" src=\"https:\/\/i0.wp.com\/elregionalvm.com.ar\/noticias-villa-maria\/wp-content\/uploads\/2022\/06\/little-women-peliculas-8m-dia-de-la-mujer.jpg?resize=1000%2C562&#038;ssl=1\" alt=\"\" class=\"wp-image-59067\" srcset=\"https:\/\/i0.wp.com\/elregionalvm.com.ar\/noticias-villa-maria\/wp-content\/uploads\/2022\/06\/little-women-peliculas-8m-dia-de-la-mujer.jpg?w=1000&amp;ssl=1 1000w, https:\/\/i0.wp.com\/elregionalvm.com.ar\/noticias-villa-maria\/wp-content\/uploads\/2022\/06\/little-women-peliculas-8m-dia-de-la-mujer.jpg?resize=300%2C169&amp;ssl=1 300w, https:\/\/i0.wp.com\/elregionalvm.com.ar\/noticias-villa-maria\/wp-content\/uploads\/2022\/06\/little-women-peliculas-8m-dia-de-la-mujer.jpg?resize=768%2C432&amp;ssl=1 768w\" sizes=\"(max-width: 1000px) 100vw, 1000px\" \/><figcaption>Saoirse Ronan in Greta Gerwig&#8217;s LITTLE WOMEN.<\/figcaption><\/figure>\n\n\n\n<p>Amy, Jo, Beth y Meg son cuatro hermanas en plena adolescencia, que viven con su madre en una Norteam\u00e9rica que sufre lejanamente su Guerra Civil. Con sus variadas vocaciones art\u00edsticas y anhelos juveniles, descubrir\u00e1n el amor y la importancia de los lazos familiares.<\/p>\n\n\n\n<h2 class=\"wp-block-heading\">Hidden Figures<\/h2>\n\n\n\n<p><\/p>\n\n\n\n<figure class=\"wp-block-image size-full\"><img data-recalc-dims=\"1\" loading=\"lazy\" decoding=\"async\" width=\"1024\" height=\"577\" src=\"https:\/\/i0.wp.com\/elregionalvm.com.ar\/noticias-villa-maria\/wp-content\/uploads\/2022\/06\/hidden-figures-peliculas-8m-dia-de-la-mujer-1024x577-1.jpg?resize=1024%2C577&#038;ssl=1\" alt=\"\" class=\"wp-image-59066\" srcset=\"https:\/\/i0.wp.com\/elregionalvm.com.ar\/noticias-villa-maria\/wp-content\/uploads\/2022\/06\/hidden-figures-peliculas-8m-dia-de-la-mujer-1024x577-1.jpg?w=1024&amp;ssl=1 1024w, https:\/\/i0.wp.com\/elregionalvm.com.ar\/noticias-villa-maria\/wp-content\/uploads\/2022\/06\/hidden-figures-peliculas-8m-dia-de-la-mujer-1024x577-1.jpg?resize=300%2C169&amp;ssl=1 300w, https:\/\/i0.wp.com\/elregionalvm.com.ar\/noticias-villa-maria\/wp-content\/uploads\/2022\/06\/hidden-figures-peliculas-8m-dia-de-la-mujer-1024x577-1.jpg?resize=768%2C433&amp;ssl=1 768w\" sizes=\"(max-width: 1000px) 100vw, 1000px\" \/><\/figure>\n\n\n\n<p><\/p>\n\n\n\n<p>La historia, hasta ahora desconocida, de tres cient\u00edficas afroamericanas que trabajaron para la NASA a comienzos de la d\u00e9cada de 1960, colaborando en la operaci\u00f3n espacial con la que los EE. UU. le ganaron la partida a la URSS en la Guerra Fr\u00eda. Al mismo tiempo, estas brillantes mujeres lucharon por los derechos civiles de los afroamericanos.<\/p>\n\n\n\n<h2 class=\"wp-block-heading\">Bombshell<\/h2>\n\n\n\n<p><\/p>\n\n\n\n<figure class=\"wp-block-image size-full\"><img data-recalc-dims=\"1\" loading=\"lazy\" decoding=\"async\" width=\"1024\" height=\"682\" src=\"https:\/\/i0.wp.com\/elregionalvm.com.ar\/noticias-villa-maria\/wp-content\/uploads\/2022\/06\/bombshell-peliculas-8m-dia-de-la-mujer-1024x682-1.jpg?resize=1024%2C682&#038;ssl=1\" alt=\"\" class=\"wp-image-59065\" srcset=\"https:\/\/i0.wp.com\/elregionalvm.com.ar\/noticias-villa-maria\/wp-content\/uploads\/2022\/06\/bombshell-peliculas-8m-dia-de-la-mujer-1024x682-1.jpg?w=1024&amp;ssl=1 1024w, https:\/\/i0.wp.com\/elregionalvm.com.ar\/noticias-villa-maria\/wp-content\/uploads\/2022\/06\/bombshell-peliculas-8m-dia-de-la-mujer-1024x682-1.jpg?resize=300%2C200&amp;ssl=1 300w, https:\/\/i0.wp.com\/elregionalvm.com.ar\/noticias-villa-maria\/wp-content\/uploads\/2022\/06\/bombshell-peliculas-8m-dia-de-la-mujer-1024x682-1.jpg?resize=768%2C512&amp;ssl=1 768w\" sizes=\"(max-width: 1000px) 100vw, 1000px\" \/><\/figure>\n\n\n\n<p><\/p>\n\n\n\n<p>Cuando Gretchen Carlson golpea al fundador de Fox News, Roger Ailes, con una demanda alegando acoso sexual, nadie pod\u00eda predecir lo que suceder\u00eda despu\u00e9s. Su decisi\u00f3n lleva a la corresponsal de Fox News, Megyn Kelly, a presentar su propia historia, as\u00ed como a muchas otras mujeres, incitando a un movimiento que reverbera en todo el mundo.<\/p>\n\n\n\n<h2 class=\"wp-block-heading\">Pers\u00e9polis<\/h2>\n\n\n\n<p><\/p>\n\n\n\n<figure class=\"wp-block-image size-full\"><img data-recalc-dims=\"1\" loading=\"lazy\" decoding=\"async\" width=\"1024\" height=\"554\" src=\"https:\/\/i0.wp.com\/elregionalvm.com.ar\/noticias-villa-maria\/wp-content\/uploads\/2022\/06\/persepolis-peliculas-8m-dia-de-la-mujer-1024x554-1.jpg?resize=1024%2C554&#038;ssl=1\" alt=\"\" class=\"wp-image-59064\" srcset=\"https:\/\/i0.wp.com\/elregionalvm.com.ar\/noticias-villa-maria\/wp-content\/uploads\/2022\/06\/persepolis-peliculas-8m-dia-de-la-mujer-1024x554-1.jpg?w=1024&amp;ssl=1 1024w, https:\/\/i0.wp.com\/elregionalvm.com.ar\/noticias-villa-maria\/wp-content\/uploads\/2022\/06\/persepolis-peliculas-8m-dia-de-la-mujer-1024x554-1.jpg?resize=300%2C162&amp;ssl=1 300w, https:\/\/i0.wp.com\/elregionalvm.com.ar\/noticias-villa-maria\/wp-content\/uploads\/2022\/06\/persepolis-peliculas-8m-dia-de-la-mujer-1024x554-1.jpg?resize=768%2C416&amp;ssl=1 768w\" sizes=\"(max-width: 1000px) 100vw, 1000px\" \/><\/figure>\n\n\n\n<p><\/p>\n\n\n\n<p>Narra la conmovedora historia de una ni\u00f1a iran\u00ed desde la revoluci\u00f3n isl\u00e1mica hasta nuestros d\u00edas. Cuando los fundamentalistas toman el poder, forzando a las mujeres a llevar velo y encarcelando a miles de personas, y mientras tiene lugar la guerra entre Irak e Ir\u00e1n, Marjane descubre el punk, ABBA y Iron Maiden. Cuando llega a la adolescencia sus padres la env\u00edan a Europa, donde conoce otra cultura que nada tiene que ver con la de su pa\u00eds. La protagonista se adapta bien a su nueva vida, pero no soporta la soledad y vuelve con su familia, aunque eso signifique ponerse el velo y someterse a una sociedad tir\u00e1nica. Voces originales en franc\u00e9s de Catherine Deneuve y Chiara Mastroianni.<\/p>\n\n\n\n<h2 class=\"wp-block-heading\">Promising Young Woman<\/h2>\n\n\n\n<p><\/p>\n\n\n\n<figure class=\"wp-block-image size-full\"><img data-recalc-dims=\"1\" loading=\"lazy\" decoding=\"async\" width=\"1024\" height=\"576\" src=\"https:\/\/i0.wp.com\/elregionalvm.com.ar\/noticias-villa-maria\/wp-content\/uploads\/2022\/06\/promising-young-woman-peliculas-8m-dia-de-la-mujer-1024x576-1.jpg?resize=1024%2C576&#038;ssl=1\" alt=\"\" class=\"wp-image-59063\" srcset=\"https:\/\/i0.wp.com\/elregionalvm.com.ar\/noticias-villa-maria\/wp-content\/uploads\/2022\/06\/promising-young-woman-peliculas-8m-dia-de-la-mujer-1024x576-1.jpg?w=1024&amp;ssl=1 1024w, https:\/\/i0.wp.com\/elregionalvm.com.ar\/noticias-villa-maria\/wp-content\/uploads\/2022\/06\/promising-young-woman-peliculas-8m-dia-de-la-mujer-1024x576-1.jpg?resize=300%2C169&amp;ssl=1 300w, https:\/\/i0.wp.com\/elregionalvm.com.ar\/noticias-villa-maria\/wp-content\/uploads\/2022\/06\/promising-young-woman-peliculas-8m-dia-de-la-mujer-1024x576-1.jpg?resize=768%2C432&amp;ssl=1 768w\" sizes=\"(max-width: 1000px) 100vw, 1000px\" \/><\/figure>\n\n\n\n<p><\/p>\n\n\n\n<p>Cassie ten\u00eda un brillante futuro por delante hasta que un acontecimiento inesperado trunc\u00f3 su carrera. Ahora nada en su vida es lo que parece: es inteligente, audaz y vive una doble vida de noche. Cassie tiene la oportunidad de enmendar todo lo que no sali\u00f3 bien en su pasado, veng\u00e1ndose de los culpables.<\/p>\n\n\n\n<h2 class=\"wp-block-heading\">The Hours<\/h2>\n\n\n\n<p><\/p>\n\n\n\n<figure class=\"wp-block-image size-full\"><img data-recalc-dims=\"1\" loading=\"lazy\" decoding=\"async\" width=\"1024\" height=\"681\" src=\"https:\/\/i0.wp.com\/elregionalvm.com.ar\/noticias-villa-maria\/wp-content\/uploads\/2022\/06\/the-hours-peliculas-8m-dia-de-la-mujer-1024x681-1.jpg?resize=1024%2C681&#038;ssl=1\" alt=\"\" class=\"wp-image-59062\" srcset=\"https:\/\/i0.wp.com\/elregionalvm.com.ar\/noticias-villa-maria\/wp-content\/uploads\/2022\/06\/the-hours-peliculas-8m-dia-de-la-mujer-1024x681-1.jpg?w=1024&amp;ssl=1 1024w, https:\/\/i0.wp.com\/elregionalvm.com.ar\/noticias-villa-maria\/wp-content\/uploads\/2022\/06\/the-hours-peliculas-8m-dia-de-la-mujer-1024x681-1.jpg?resize=300%2C200&amp;ssl=1 300w, https:\/\/i0.wp.com\/elregionalvm.com.ar\/noticias-villa-maria\/wp-content\/uploads\/2022\/06\/the-hours-peliculas-8m-dia-de-la-mujer-1024x681-1.jpg?resize=768%2C511&amp;ssl=1 768w\" sizes=\"(max-width: 1000px) 100vw, 1000px\" \/><\/figure>\n\n\n\n<p><\/p>\n\n\n\n<p>Los escritos de Virginia Woolf afectan a una ama de casa y emulan la vida de una mujer neoyorquina que est\u00e1 enamorada de un poeta moribundo.<\/p>\n\n\n\n<p><em>Fuente: cinefilosoficial.com<\/em><\/p>\n","protected":false},"excerpt":{"rendered":"<p>Recordamos aquellas pel\u00edculas que nos contaron historias protagonizadas por inolvidables mujeres. Aquellas que debieron enfrentarse al machismo, al abuso del poder; aquellas que debieron alzar sus voces para ser escuchadas, que lucharon para otorgarle derechos a otras generaciones de mujeres y que nos ense\u00f1aron sobre la sororidad. Nos enfocamos en ellas, porque el tiempo pasa, [&hellip;]<\/p>\n","protected":false},"author":4,"featured_media":59070,"comment_status":"open","ping_status":"open","sticky":false,"template":"","format":"standard","meta":{"site-sidebar-layout":"default","site-content-layout":"","ast-site-content-layout":"default","site-content-style":"default","site-sidebar-style":"default","ast-global-header-display":"","ast-banner-title-visibility":"","ast-main-header-display":"","ast-hfb-above-header-display":"","ast-hfb-below-header-display":"","ast-hfb-mobile-header-display":"","site-post-title":"","ast-breadcrumbs-content":"","ast-featured-img":"","footer-sml-layout":"","ast-disable-related-posts":"","theme-transparent-header-meta":"","adv-header-id-meta":"","stick-header-meta":"","header-above-stick-meta":"","header-main-stick-meta":"","header-below-stick-meta":"","astra-migrate-meta-layouts":"default","ast-page-background-enabled":"default","ast-page-background-meta":{"desktop":{"background-color":"","background-image":"","background-repeat":"repeat","background-position":"center center","background-size":"auto","background-attachment":"scroll","background-type":"","background-media":"","overlay-type":"","overlay-color":"","overlay-opacity":"","overlay-gradient":""},"tablet":{"background-color":"","background-image":"","background-repeat":"repeat","background-position":"center center","background-size":"auto","background-attachment":"scroll","background-type":"","background-media":"","overlay-type":"","overlay-color":"","overlay-opacity":"","overlay-gradient":""},"mobile":{"background-color":"","background-image":"","background-repeat":"repeat","background-position":"center center","background-size":"auto","background-attachment":"scroll","background-type":"","background-media":"","overlay-type":"","overlay-color":"","overlay-opacity":"","overlay-gradient":""}},"ast-content-background-meta":{"desktop":{"background-color":"var(--ast-global-color-5)","background-image":"","background-repeat":"repeat","background-position":"center center","background-size":"auto","background-attachment":"scroll","background-type":"","background-media":"","overlay-type":"","overlay-color":"","overlay-opacity":"","overlay-gradient":""},"tablet":{"background-color":"var(--ast-global-color-5)","background-image":"","background-repeat":"repeat","background-position":"center center","background-size":"auto","background-attachment":"scroll","background-type":"","background-media":"","overlay-type":"","overlay-color":"","overlay-opacity":"","overlay-gradient":""},"mobile":{"background-color":"var(--ast-global-color-5)","background-image":"","background-repeat":"repeat","background-position":"center center","background-size":"auto","background-attachment":"scroll","background-type":"","background-media":"","overlay-type":"","overlay-color":"","overlay-opacity":"","overlay-gradient":""}},"_jetpack_memberships_contains_paid_content":false,"_joinchat":[],"footnotes":""},"categories":[2068,2323],"tags":[73,119],"class_list":["post-59059","post","type-post","status-publish","format-standard","has-post-thumbnail","hentry","category-cultura-deporte","category-notas-secundarias","tag-cine","tag-mujeres"],"yoast_head":"<!-- This site is optimized with the Yoast SEO plugin v26.8 - https:\/\/yoast.com\/product\/yoast-seo-wordpress\/ -->\n<title>Pel\u00edculas con mujeres fuertes a la cabeza - El Regional<\/title>\n<meta name=\"robots\" content=\"index, follow, max-snippet:-1, max-image-preview:large, max-video-preview:-1\" \/>\n<link rel=\"canonical\" href=\"http:\/\/elregionalvm.com.ar\/noticias-villa-maria\/peliculas-con-mujeres-fuertes-a-la-cabeza\/\" \/>\n<meta property=\"og:locale\" content=\"es_ES\" \/>\n<meta property=\"og:type\" content=\"article\" \/>\n<meta property=\"og:title\" content=\"Pel\u00edculas con mujeres fuertes a la cabeza - El Regional\" \/>\n<meta property=\"og:description\" content=\"Recordamos aquellas pel\u00edculas que nos contaron historias protagonizadas por inolvidables mujeres. Aquellas que debieron enfrentarse al machismo, al abuso del poder; aquellas que debieron alzar sus voces para ser escuchadas, que lucharon para otorgarle derechos a otras generaciones de mujeres y que nos ense\u00f1aron sobre la sororidad. Nos enfocamos en ellas, porque el tiempo pasa, [&hellip;]\" \/>\n<meta property=\"og:url\" content=\"http:\/\/elregionalvm.com.ar\/noticias-villa-maria\/peliculas-con-mujeres-fuertes-a-la-cabeza\/\" \/>\n<meta property=\"og:site_name\" content=\"El Regional\" \/>\n<meta property=\"article:publisher\" content=\"https:\/\/www.facebook.com\/elregionalvm\" \/>\n<meta property=\"article:published_time\" content=\"2022-06-17T12:15:45+00:00\" \/>\n<meta property=\"article:modified_time\" content=\"2022-06-20T13:36:08+00:00\" \/>\n<meta property=\"og:image\" content=\"http:\/\/elregionalvm.com.ar\/noticias-villa-maria\/wp-content\/uploads\/2022\/06\/peliculas-8m-dia-de-la-mujer.jpg\" \/>\n\t<meta property=\"og:image:width\" content=\"1200\" \/>\n\t<meta property=\"og:image:height\" content=\"675\" \/>\n\t<meta property=\"og:image:type\" content=\"image\/jpeg\" \/>\n<meta name=\"author\" content=\"Contenidos El Regional\" \/>\n<meta name=\"twitter:card\" content=\"summary_large_image\" \/>\n<meta name=\"twitter:creator\" content=\"@elregionalvm1\" \/>\n<meta name=\"twitter:site\" content=\"@elregionalvm1\" \/>\n<meta name=\"twitter:label1\" content=\"Escrito por\" \/>\n\t<meta name=\"twitter:data1\" content=\"Contenidos El Regional\" \/>\n\t<meta name=\"twitter:label2\" content=\"Tiempo de lectura\" \/>\n\t<meta name=\"twitter:data2\" content=\"5 minutos\" \/>\n<script type=\"application\/ld+json\" class=\"yoast-schema-graph\">{\"@context\":\"https:\/\/schema.org\",\"@graph\":[{\"@type\":\"Article\",\"@id\":\"http:\/\/elregionalvm.com.ar\/noticias-villa-maria\/peliculas-con-mujeres-fuertes-a-la-cabeza\/#article\",\"isPartOf\":{\"@id\":\"http:\/\/elregionalvm.com.ar\/noticias-villa-maria\/peliculas-con-mujeres-fuertes-a-la-cabeza\/\"},\"author\":{\"name\":\"Contenidos El Regional\",\"@id\":\"http:\/\/elregionalvm.com.ar\/noticias-villa-maria\/#\/schema\/person\/a0fb9c422317faca23d50163151bc354\"},\"headline\":\"Pel\u00edculas con mujeres fuertes a la cabeza\",\"datePublished\":\"2022-06-17T12:15:45+00:00\",\"dateModified\":\"2022-06-20T13:36:08+00:00\",\"mainEntityOfPage\":{\"@id\":\"http:\/\/elregionalvm.com.ar\/noticias-villa-maria\/peliculas-con-mujeres-fuertes-a-la-cabeza\/\"},\"wordCount\":585,\"commentCount\":0,\"image\":{\"@id\":\"http:\/\/elregionalvm.com.ar\/noticias-villa-maria\/peliculas-con-mujeres-fuertes-a-la-cabeza\/#primaryimage\"},\"thumbnailUrl\":\"https:\/\/i0.wp.com\/elregionalvm.com.ar\/noticias-villa-maria\/wp-content\/uploads\/2022\/06\/peliculas-8m-dia-de-la-mujer.jpg?fit=1200%2C675&ssl=1\",\"keywords\":[\"cine\",\"mujeres\"],\"articleSection\":[\"Cultura\",\"Notas\"],\"inLanguage\":\"es\",\"potentialAction\":[{\"@type\":\"CommentAction\",\"name\":\"Comment\",\"target\":[\"http:\/\/elregionalvm.com.ar\/noticias-villa-maria\/peliculas-con-mujeres-fuertes-a-la-cabeza\/#respond\"]}]},{\"@type\":\"WebPage\",\"@id\":\"http:\/\/elregionalvm.com.ar\/noticias-villa-maria\/peliculas-con-mujeres-fuertes-a-la-cabeza\/\",\"url\":\"http:\/\/elregionalvm.com.ar\/noticias-villa-maria\/peliculas-con-mujeres-fuertes-a-la-cabeza\/\",\"name\":\"Pel\u00edculas con mujeres fuertes a la cabeza - El Regional\",\"isPartOf\":{\"@id\":\"http:\/\/elregionalvm.com.ar\/noticias-villa-maria\/#website\"},\"primaryImageOfPage\":{\"@id\":\"http:\/\/elregionalvm.com.ar\/noticias-villa-maria\/peliculas-con-mujeres-fuertes-a-la-cabeza\/#primaryimage\"},\"image\":{\"@id\":\"http:\/\/elregionalvm.com.ar\/noticias-villa-maria\/peliculas-con-mujeres-fuertes-a-la-cabeza\/#primaryimage\"},\"thumbnailUrl\":\"https:\/\/i0.wp.com\/elregionalvm.com.ar\/noticias-villa-maria\/wp-content\/uploads\/2022\/06\/peliculas-8m-dia-de-la-mujer.jpg?fit=1200%2C675&ssl=1\",\"datePublished\":\"2022-06-17T12:15:45+00:00\",\"dateModified\":\"2022-06-20T13:36:08+00:00\",\"author\":{\"@id\":\"http:\/\/elregionalvm.com.ar\/noticias-villa-maria\/#\/schema\/person\/a0fb9c422317faca23d50163151bc354\"},\"breadcrumb\":{\"@id\":\"http:\/\/elregionalvm.com.ar\/noticias-villa-maria\/peliculas-con-mujeres-fuertes-a-la-cabeza\/#breadcrumb\"},\"inLanguage\":\"es\",\"potentialAction\":[{\"@type\":\"ReadAction\",\"target\":[\"http:\/\/elregionalvm.com.ar\/noticias-villa-maria\/peliculas-con-mujeres-fuertes-a-la-cabeza\/\"]}]},{\"@type\":\"ImageObject\",\"inLanguage\":\"es\",\"@id\":\"http:\/\/elregionalvm.com.ar\/noticias-villa-maria\/peliculas-con-mujeres-fuertes-a-la-cabeza\/#primaryimage\",\"url\":\"https:\/\/i0.wp.com\/elregionalvm.com.ar\/noticias-villa-maria\/wp-content\/uploads\/2022\/06\/peliculas-8m-dia-de-la-mujer.jpg?fit=1200%2C675&ssl=1\",\"contentUrl\":\"https:\/\/i0.wp.com\/elregionalvm.com.ar\/noticias-villa-maria\/wp-content\/uploads\/2022\/06\/peliculas-8m-dia-de-la-mujer.jpg?fit=1200%2C675&ssl=1\",\"width\":1200,\"height\":675},{\"@type\":\"BreadcrumbList\",\"@id\":\"http:\/\/elregionalvm.com.ar\/noticias-villa-maria\/peliculas-con-mujeres-fuertes-a-la-cabeza\/#breadcrumb\",\"itemListElement\":[{\"@type\":\"ListItem\",\"position\":1,\"name\":\"Portada\",\"item\":\"https:\/\/elregionalvm.com.ar\/noticias-villa-maria\/\"},{\"@type\":\"ListItem\",\"position\":2,\"name\":\"Pel\u00edculas con mujeres fuertes a la cabeza\"}]},{\"@type\":\"WebSite\",\"@id\":\"http:\/\/elregionalvm.com.ar\/noticias-villa-maria\/#website\",\"url\":\"http:\/\/elregionalvm.com.ar\/noticias-villa-maria\/\",\"name\":\"El Regional\",\"description\":\"Mucho m\u00e1s que informaci\u00f3n\",\"potentialAction\":[{\"@type\":\"SearchAction\",\"target\":{\"@type\":\"EntryPoint\",\"urlTemplate\":\"http:\/\/elregionalvm.com.ar\/noticias-villa-maria\/?s={search_term_string}\"},\"query-input\":{\"@type\":\"PropertyValueSpecification\",\"valueRequired\":true,\"valueName\":\"search_term_string\"}}],\"inLanguage\":\"es\"},{\"@type\":\"Person\",\"@id\":\"http:\/\/elregionalvm.com.ar\/noticias-villa-maria\/#\/schema\/person\/a0fb9c422317faca23d50163151bc354\",\"name\":\"Contenidos El Regional\",\"image\":{\"@type\":\"ImageObject\",\"inLanguage\":\"es\",\"@id\":\"http:\/\/elregionalvm.com.ar\/noticias-villa-maria\/#\/schema\/person\/image\/\",\"url\":\"https:\/\/secure.gravatar.com\/avatar\/265b27cb2209af7bb3a1318f03305787d7981a5cc6e6cd08fe5a4ecdf99d4b48?s=96&d=mm&r=g\",\"contentUrl\":\"https:\/\/secure.gravatar.com\/avatar\/265b27cb2209af7bb3a1318f03305787d7981a5cc6e6cd08fe5a4ecdf99d4b48?s=96&d=mm&r=g\",\"caption\":\"Contenidos El Regional\"},\"url\":\"https:\/\/elregionalvm.com.ar\/noticias-villa-maria\/author\/contenido\/\"}]}<\/script>\n<!-- \/ Yoast SEO plugin. -->","yoast_head_json":{"title":"Pel\u00edculas con mujeres fuertes a la cabeza - El Regional","robots":{"index":"index","follow":"follow","max-snippet":"max-snippet:-1","max-image-preview":"max-image-preview:large","max-video-preview":"max-video-preview:-1"},"canonical":"http:\/\/elregionalvm.com.ar\/noticias-villa-maria\/peliculas-con-mujeres-fuertes-a-la-cabeza\/","og_locale":"es_ES","og_type":"article","og_title":"Pel\u00edculas con mujeres fuertes a la cabeza - El Regional","og_description":"Recordamos aquellas pel\u00edculas que nos contaron historias protagonizadas por inolvidables mujeres. Aquellas que debieron enfrentarse al machismo, al abuso del poder; aquellas que debieron alzar sus voces para ser escuchadas, que lucharon para otorgarle derechos a otras generaciones de mujeres y que nos ense\u00f1aron sobre la sororidad. Nos enfocamos en ellas, porque el tiempo pasa, [&hellip;]","og_url":"http:\/\/elregionalvm.com.ar\/noticias-villa-maria\/peliculas-con-mujeres-fuertes-a-la-cabeza\/","og_site_name":"El Regional","article_publisher":"https:\/\/www.facebook.com\/elregionalvm","article_published_time":"2022-06-17T12:15:45+00:00","article_modified_time":"2022-06-20T13:36:08+00:00","og_image":[{"width":1200,"height":675,"url":"http:\/\/elregionalvm.com.ar\/noticias-villa-maria\/wp-content\/uploads\/2022\/06\/peliculas-8m-dia-de-la-mujer.jpg","type":"image\/jpeg"}],"author":"Contenidos El Regional","twitter_card":"summary_large_image","twitter_creator":"@elregionalvm1","twitter_site":"@elregionalvm1","twitter_misc":{"Escrito por":"Contenidos El Regional","Tiempo de lectura":"5 minutos"},"schema":{"@context":"https:\/\/schema.org","@graph":[{"@type":"Article","@id":"http:\/\/elregionalvm.com.ar\/noticias-villa-maria\/peliculas-con-mujeres-fuertes-a-la-cabeza\/#article","isPartOf":{"@id":"http:\/\/elregionalvm.com.ar\/noticias-villa-maria\/peliculas-con-mujeres-fuertes-a-la-cabeza\/"},"author":{"name":"Contenidos El Regional","@id":"http:\/\/elregionalvm.com.ar\/noticias-villa-maria\/#\/schema\/person\/a0fb9c422317faca23d50163151bc354"},"headline":"Pel\u00edculas con mujeres fuertes a la cabeza","datePublished":"2022-06-17T12:15:45+00:00","dateModified":"2022-06-20T13:36:08+00:00","mainEntityOfPage":{"@id":"http:\/\/elregionalvm.com.ar\/noticias-villa-maria\/peliculas-con-mujeres-fuertes-a-la-cabeza\/"},"wordCount":585,"commentCount":0,"image":{"@id":"http:\/\/elregionalvm.com.ar\/noticias-villa-maria\/peliculas-con-mujeres-fuertes-a-la-cabeza\/#primaryimage"},"thumbnailUrl":"https:\/\/i0.wp.com\/elregionalvm.com.ar\/noticias-villa-maria\/wp-content\/uploads\/2022\/06\/peliculas-8m-dia-de-la-mujer.jpg?fit=1200%2C675&ssl=1","keywords":["cine","mujeres"],"articleSection":["Cultura","Notas"],"inLanguage":"es","potentialAction":[{"@type":"CommentAction","name":"Comment","target":["http:\/\/elregionalvm.com.ar\/noticias-villa-maria\/peliculas-con-mujeres-fuertes-a-la-cabeza\/#respond"]}]},{"@type":"WebPage","@id":"http:\/\/elregionalvm.com.ar\/noticias-villa-maria\/peliculas-con-mujeres-fuertes-a-la-cabeza\/","url":"http:\/\/elregionalvm.com.ar\/noticias-villa-maria\/peliculas-con-mujeres-fuertes-a-la-cabeza\/","name":"Pel\u00edculas con mujeres fuertes a la cabeza - El Regional","isPartOf":{"@id":"http:\/\/elregionalvm.com.ar\/noticias-villa-maria\/#website"},"primaryImageOfPage":{"@id":"http:\/\/elregionalvm.com.ar\/noticias-villa-maria\/peliculas-con-mujeres-fuertes-a-la-cabeza\/#primaryimage"},"image":{"@id":"http:\/\/elregionalvm.com.ar\/noticias-villa-maria\/peliculas-con-mujeres-fuertes-a-la-cabeza\/#primaryimage"},"thumbnailUrl":"https:\/\/i0.wp.com\/elregionalvm.com.ar\/noticias-villa-maria\/wp-content\/uploads\/2022\/06\/peliculas-8m-dia-de-la-mujer.jpg?fit=1200%2C675&ssl=1","datePublished":"2022-06-17T12:15:45+00:00","dateModified":"2022-06-20T13:36:08+00:00","author":{"@id":"http:\/\/elregionalvm.com.ar\/noticias-villa-maria\/#\/schema\/person\/a0fb9c422317faca23d50163151bc354"},"breadcrumb":{"@id":"http:\/\/elregionalvm.com.ar\/noticias-villa-maria\/peliculas-con-mujeres-fuertes-a-la-cabeza\/#breadcrumb"},"inLanguage":"es","potentialAction":[{"@type":"ReadAction","target":["http:\/\/elregionalvm.com.ar\/noticias-villa-maria\/peliculas-con-mujeres-fuertes-a-la-cabeza\/"]}]},{"@type":"ImageObject","inLanguage":"es","@id":"http:\/\/elregionalvm.com.ar\/noticias-villa-maria\/peliculas-con-mujeres-fuertes-a-la-cabeza\/#primaryimage","url":"https:\/\/i0.wp.com\/elregionalvm.com.ar\/noticias-villa-maria\/wp-content\/uploads\/2022\/06\/peliculas-8m-dia-de-la-mujer.jpg?fit=1200%2C675&ssl=1","contentUrl":"https:\/\/i0.wp.com\/elregionalvm.com.ar\/noticias-villa-maria\/wp-content\/uploads\/2022\/06\/peliculas-8m-dia-de-la-mujer.jpg?fit=1200%2C675&ssl=1","width":1200,"height":675},{"@type":"BreadcrumbList","@id":"http:\/\/elregionalvm.com.ar\/noticias-villa-maria\/peliculas-con-mujeres-fuertes-a-la-cabeza\/#breadcrumb","itemListElement":[{"@type":"ListItem","position":1,"name":"Portada","item":"https:\/\/elregionalvm.com.ar\/noticias-villa-maria\/"},{"@type":"ListItem","position":2,"name":"Pel\u00edculas con mujeres fuertes a la cabeza"}]},{"@type":"WebSite","@id":"http:\/\/elregionalvm.com.ar\/noticias-villa-maria\/#website","url":"http:\/\/elregionalvm.com.ar\/noticias-villa-maria\/","name":"El Regional","description":"Mucho m\u00e1s que informaci\u00f3n","potentialAction":[{"@type":"SearchAction","target":{"@type":"EntryPoint","urlTemplate":"http:\/\/elregionalvm.com.ar\/noticias-villa-maria\/?s={search_term_string}"},"query-input":{"@type":"PropertyValueSpecification","valueRequired":true,"valueName":"search_term_string"}}],"inLanguage":"es"},{"@type":"Person","@id":"http:\/\/elregionalvm.com.ar\/noticias-villa-maria\/#\/schema\/person\/a0fb9c422317faca23d50163151bc354","name":"Contenidos El Regional","image":{"@type":"ImageObject","inLanguage":"es","@id":"http:\/\/elregionalvm.com.ar\/noticias-villa-maria\/#\/schema\/person\/image\/","url":"https:\/\/secure.gravatar.com\/avatar\/265b27cb2209af7bb3a1318f03305787d7981a5cc6e6cd08fe5a4ecdf99d4b48?s=96&d=mm&r=g","contentUrl":"https:\/\/secure.gravatar.com\/avatar\/265b27cb2209af7bb3a1318f03305787d7981a5cc6e6cd08fe5a4ecdf99d4b48?s=96&d=mm&r=g","caption":"Contenidos El Regional"},"url":"https:\/\/elregionalvm.com.ar\/noticias-villa-maria\/author\/contenido\/"}]}},"jetpack_featured_media_url":"https:\/\/i0.wp.com\/elregionalvm.com.ar\/noticias-villa-maria\/wp-content\/uploads\/2022\/06\/peliculas-8m-dia-de-la-mujer.jpg?fit=1200%2C675&ssl=1","jetpack_sharing_enabled":true,"_links":{"self":[{"href":"https:\/\/elregionalvm.com.ar\/noticias-villa-maria\/wp-json\/wp\/v2\/posts\/59059","targetHints":{"allow":["GET"]}}],"collection":[{"href":"https:\/\/elregionalvm.com.ar\/noticias-villa-maria\/wp-json\/wp\/v2\/posts"}],"about":[{"href":"https:\/\/elregionalvm.com.ar\/noticias-villa-maria\/wp-json\/wp\/v2\/types\/post"}],"author":[{"embeddable":true,"href":"https:\/\/elregionalvm.com.ar\/noticias-villa-maria\/wp-json\/wp\/v2\/users\/4"}],"replies":[{"embeddable":true,"href":"https:\/\/elregionalvm.com.ar\/noticias-villa-maria\/wp-json\/wp\/v2\/comments?post=59059"}],"version-history":[{"count":10,"href":"https:\/\/elregionalvm.com.ar\/noticias-villa-maria\/wp-json\/wp\/v2\/posts\/59059\/revisions"}],"predecessor-version":[{"id":59212,"href":"https:\/\/elregionalvm.com.ar\/noticias-villa-maria\/wp-json\/wp\/v2\/posts\/59059\/revisions\/59212"}],"wp:featuredmedia":[{"embeddable":true,"href":"https:\/\/elregionalvm.com.ar\/noticias-villa-maria\/wp-json\/wp\/v2\/media\/59070"}],"wp:attachment":[{"href":"https:\/\/elregionalvm.com.ar\/noticias-villa-maria\/wp-json\/wp\/v2\/media?parent=59059"}],"wp:term":[{"taxonomy":"category","embeddable":true,"href":"https:\/\/elregionalvm.com.ar\/noticias-villa-maria\/wp-json\/wp\/v2\/categories?post=59059"},{"taxonomy":"post_tag","embeddable":true,"href":"https:\/\/elregionalvm.com.ar\/noticias-villa-maria\/wp-json\/wp\/v2\/tags?post=59059"}],"curies":[{"name":"wp","href":"https:\/\/api.w.org\/{rel}","templated":true}]}}