{"id":59107,"date":"2022-06-17T22:24:51","date_gmt":"2022-06-17T22:24:51","guid":{"rendered":"https:\/\/elregionalvm.com.ar\/noticias-villa-maria\/?p=59107"},"modified":"2022-06-17T22:24:53","modified_gmt":"2022-06-17T22:24:53","slug":"mas-de-100-mil-personas-participaron-de-la-segunda-cumbre-de-economia-circular","status":"publish","type":"post","link":"https:\/\/elregionalvm.com.ar\/noticias-villa-maria\/mas-de-100-mil-personas-participaron-de-la-segunda-cumbre-de-economia-circular\/","title":{"rendered":"M\u00e1s de 100 mil personas participaron de la segunda cumbre de econom\u00eda circular"},"content":{"rendered":"\n<p><\/p>\n\n\n\n<p>La segunda Cumbre Mundial de Econom\u00eda Circular volvi\u00f3 a superar todas las expectativas y reuni\u00f3 en s\u00f3lo dos d\u00edas a m\u00e1s de 100.000 personas de todo el mundo para conversar, debatir e intercambiar ideas y experiencias sobre la tem\u00e1tica ambiental, la necesidad de dejar atr\u00e1s los viejos paradigmas de producci\u00f3n lineal y la consolidaci\u00f3n de la circularidad como oportunidad de desarrollo sostenible de las sociedades.&nbsp;<\/p>\n\n\n\n<p>El evento internacional, organizado por la Municipalidad de C\u00f3rdoba, a trav\u00e9s del ente BioC\u00f3rdoba, se llev\u00f3 a cabo de manera presencial y virtual, mediante paneles y conferencias realizados en el Predio Ferial que fueron transmitidas a trav\u00e9s de la p\u00e1gina web de la cumbre cumbremec.cordoba.gob.ar y el youtube del municipio.&nbsp;<\/p>\n\n\n\n<p>La apertura estuvo a cargo del intendente y anfitri\u00f3n, Mart\u00edn Llaryora, quien pronunci\u00f3 un discurso con conceptos claros sobre la situaci\u00f3n ambiental actual y un llamado a la acci\u00f3n para que los Estados, en todos sus niveles, trabajen junto al sector privado con el objetivo de revertir el grave cuadro de deterioro que evidencian los ecosistemas.\u00a0<\/p>\n\n\n\n<p><\/p>\n\n\n\n<figure class=\"wp-block-image size-large\"><img data-recalc-dims=\"1\" fetchpriority=\"high\" decoding=\"async\" width=\"1024\" height=\"682\" src=\"https:\/\/i0.wp.com\/elregionalvm.com.ar\/noticias-villa-maria\/wp-content\/uploads\/2022\/06\/WhatsApp-Image-2022-06-17-at-9.41.37-AM.jpeg?resize=1024%2C682&#038;ssl=1\" alt=\"\" class=\"wp-image-59111\" srcset=\"https:\/\/i0.wp.com\/elregionalvm.com.ar\/noticias-villa-maria\/wp-content\/uploads\/2022\/06\/WhatsApp-Image-2022-06-17-at-9.41.37-AM.jpeg?resize=1024%2C682&amp;ssl=1 1024w, https:\/\/i0.wp.com\/elregionalvm.com.ar\/noticias-villa-maria\/wp-content\/uploads\/2022\/06\/WhatsApp-Image-2022-06-17-at-9.41.37-AM.jpeg?resize=300%2C200&amp;ssl=1 300w, https:\/\/i0.wp.com\/elregionalvm.com.ar\/noticias-villa-maria\/wp-content\/uploads\/2022\/06\/WhatsApp-Image-2022-06-17-at-9.41.37-AM.jpeg?resize=768%2C512&amp;ssl=1 768w, https:\/\/i0.wp.com\/elregionalvm.com.ar\/noticias-villa-maria\/wp-content\/uploads\/2022\/06\/WhatsApp-Image-2022-06-17-at-9.41.37-AM.jpeg?w=1280&amp;ssl=1 1280w\" sizes=\"(max-width: 1000px) 100vw, 1000px\" \/><\/figure>\n\n\n\n<p><\/p>\n\n\n\n<p>\u201cDebemos actuar ya, no podemos esperar m\u00e1s\u201d, inst\u00f3 Llaryora a un auditorio conformado por intendentes, ministros y funcionarios encargados de ambiente de todo el mundo, adem\u00e1s de empresarios, referentes de organizaciones civiles y p\u00fablico en general.<\/p>\n\n\n\n<p>La segunda Cumbre Mundial de Econom\u00eda Circular se posiciona como uno de los grandes eventos ambientales a nivel internacional, siendo uno de los m\u00e1s importantes de Latinoam\u00e9rica.\u00a0<\/p>\n\n\n\n<p><strong>Expositores<\/strong><\/p>\n\n\n\n<p>Su envergadura est\u00e1 solventada, adem\u00e1s, por la calidad de m\u00e1s de 70 expositores, muchos de ellos de nivel internacional, que participaron del encuentro de manera presencial y virtual.\u00a0<\/p>\n\n\n\n<p><\/p>\n\n\n\n<figure class=\"wp-block-image size-large\"><img data-recalc-dims=\"1\" decoding=\"async\" width=\"1024\" height=\"520\" src=\"https:\/\/i0.wp.com\/elregionalvm.com.ar\/noticias-villa-maria\/wp-content\/uploads\/2022\/06\/WhatsApp-Image-2022-06-17-at-9.41.39-AM-1.jpeg?resize=1024%2C520&#038;ssl=1\" alt=\"\" class=\"wp-image-59112\" srcset=\"https:\/\/i0.wp.com\/elregionalvm.com.ar\/noticias-villa-maria\/wp-content\/uploads\/2022\/06\/WhatsApp-Image-2022-06-17-at-9.41.39-AM-1.jpeg?resize=1024%2C520&amp;ssl=1 1024w, https:\/\/i0.wp.com\/elregionalvm.com.ar\/noticias-villa-maria\/wp-content\/uploads\/2022\/06\/WhatsApp-Image-2022-06-17-at-9.41.39-AM-1.jpeg?resize=300%2C152&amp;ssl=1 300w, https:\/\/i0.wp.com\/elregionalvm.com.ar\/noticias-villa-maria\/wp-content\/uploads\/2022\/06\/WhatsApp-Image-2022-06-17-at-9.41.39-AM-1.jpeg?resize=768%2C390&amp;ssl=1 768w, https:\/\/i0.wp.com\/elregionalvm.com.ar\/noticias-villa-maria\/wp-content\/uploads\/2022\/06\/WhatsApp-Image-2022-06-17-at-9.41.39-AM-1.jpeg?w=1105&amp;ssl=1 1105w\" sizes=\"(max-width: 1000px) 100vw, 1000px\" \/><\/figure>\n\n\n\n<p><\/p>\n\n\n\n<p>Entre ellos, cabe mencionar a G\u00fcnter Pauli, autor del libre \u201cLa Econom\u00eda Azul\u201d, Rafael Garc\u00eda Molina, director de Postgrado de Liderazgo e Innovaci\u00f3n en Econom\u00eda Circular de la Universidad Polit\u00e9cnica de Madrid; Germ\u00e1n Sturzenegger, especialista en agua y saneamiento del BID; Frank Fragano, l\u00edder del programa de Desarrollo Sustentable para Argentina Paraguay y Uruguay del Banco Mundial y Juan Verde, estratega de empresas y gobierno, impulsor de la econom\u00eda verde, Takahiro Nakamae, embajador de Jap\u00f3n en Argentina y Jocelyn Landry Tsonang, de la Red Africana de Econom\u00eda Circular.\u00a0<\/p>\n\n\n\n<p><strong>Segunda cumbre, primera feria mundial<\/strong><\/p>\n\n\n\n<p>Este a\u00f1o, la Cumbre Mundial de Econom\u00eda Circular alumbr\u00f3 la realizaci\u00f3n de la primera Feria Mundial de la Econom\u00eda Circular, con m\u00e1s de 40 stands de empresas y emprendedores que mostraron y comercializaron entre el p\u00fablico asistente una amplia gama de productos y servicios.&nbsp;<\/p>\n\n\n\n<p>Adem\u00e1s, la Bienal de Dise\u00f1o 2022 se sum\u00f3 con stands en el marco de una propuesta conjunta de la Municipalidad de C\u00f3rdoba y la Agencia para el Desarrollo Econ\u00f3mico de la ciudad de C\u00f3rdoba (ADEC).<\/p>\n\n\n\n<p><strong>Una ideat\u00f3n circular<\/strong><\/p>\n\n\n\n<p>Pensada como una \u201cmarat\u00f3n de ideas circulares\u201d, este evento desarrollado en el marco de la Cumbre Mundial de Econom\u00eda Circular otorg\u00f3 500 mil pesos en premios que se destinaron a los cuatro proyectos ganadores.&nbsp;<\/p>\n\n\n\n<p>La actividad cont\u00f3 con m\u00e1s de 230 inscriptos y fue organizada por el Ente BioC\u00f3rdoba, la Universidad Nacional de C\u00f3rdoba y el Ministerio de Ciencia y Tecnolog\u00eda provincial, con el apoyo del Consejo Federal de Inversiones (CFI).<\/p>\n\n\n\n<p><\/p>\n\n\n\n<figure class=\"wp-block-image size-large\"><img data-recalc-dims=\"1\" decoding=\"async\" width=\"1024\" height=\"688\" src=\"https:\/\/i0.wp.com\/elregionalvm.com.ar\/noticias-villa-maria\/wp-content\/uploads\/2022\/06\/WhatsApp-Image-2022-06-17-at-9.41.39-AM.jpeg?resize=1024%2C688&#038;ssl=1\" alt=\"\" class=\"wp-image-59109\" srcset=\"https:\/\/i0.wp.com\/elregionalvm.com.ar\/noticias-villa-maria\/wp-content\/uploads\/2022\/06\/WhatsApp-Image-2022-06-17-at-9.41.39-AM.jpeg?resize=1024%2C688&amp;ssl=1 1024w, https:\/\/i0.wp.com\/elregionalvm.com.ar\/noticias-villa-maria\/wp-content\/uploads\/2022\/06\/WhatsApp-Image-2022-06-17-at-9.41.39-AM.jpeg?resize=300%2C202&amp;ssl=1 300w, https:\/\/i0.wp.com\/elregionalvm.com.ar\/noticias-villa-maria\/wp-content\/uploads\/2022\/06\/WhatsApp-Image-2022-06-17-at-9.41.39-AM.jpeg?resize=768%2C516&amp;ssl=1 768w, https:\/\/i0.wp.com\/elregionalvm.com.ar\/noticias-villa-maria\/wp-content\/uploads\/2022\/06\/WhatsApp-Image-2022-06-17-at-9.41.39-AM.jpeg?w=1204&amp;ssl=1 1204w\" sizes=\"(max-width: 1000px) 100vw, 1000px\" \/><\/figure>\n\n\n\n<p><\/p>\n\n\n\n<p><strong>Los chicos, protagonistas<\/strong><\/p>\n\n\n\n<p>M\u00e1s de 2.400 alumnos de escuelas municipales y colegios p\u00fablicos y privados recorrieron el Espacio Educativo especialmente montado para ellos conjuntamente entre el ente BioC\u00f3rdoba y la Secretar\u00eda de Educaci\u00f3n municipal. Adem\u00e1s, disfrutaron de otros espacios de la Cumbre Mundial de Econom\u00eda Circular.<\/p>\n\n\n\n<p>As\u00ed, los estudiantes pudieron interactuar y conocer instrumentos musicales hechos con elementos reciclados, bicicletas fijas que trituran pl\u00e1sticos, monopatines el\u00e9ctricos, autos que funcionan con energ\u00eda el\u00e9ctrica e hidr\u00f3geno, entre otros.<\/p>\n\n\n\n<p><strong>La Red Iberoamericana<\/strong><\/p>\n\n\n\n<p>Intendentes de ciudades que conforman la Red Iberoamericana de Gobiernos y Ciudades Circulares acompa\u00f1aron a Mart\u00edn Llaryora durante las actividades desarrolladas en el Predio Ferial.&nbsp;<\/p>\n\n\n\n<p>La Red Iberoamericana de Gobiernos y Ciudades Circulares es una iniciativa liderada por C\u00f3rdoba que une a las ciudades latinoamericanas preocupadas por implementar pol\u00edticas p\u00fablicas de econom\u00eda circular para una realidad m\u00e1s sostenible.<\/p>\n","protected":false},"excerpt":{"rendered":"<p>La segunda Cumbre Mundial de Econom\u00eda Circular volvi\u00f3 a superar todas las expectativas y reuni\u00f3 en s\u00f3lo dos d\u00edas a m\u00e1s de 100.000 personas de todo el mundo para conversar, debatir e intercambiar ideas y experiencias sobre la tem\u00e1tica ambiental, la necesidad de dejar atr\u00e1s los viejos paradigmas de producci\u00f3n lineal y la consolidaci\u00f3n de [&hellip;]<\/p>\n","protected":false},"author":4,"featured_media":59108,"comment_status":"open","ping_status":"open","sticky":false,"template":"","format":"standard","meta":{"site-sidebar-layout":"default","site-content-layout":"","ast-site-content-layout":"default","site-content-style":"default","site-sidebar-style":"default","ast-global-header-display":"","ast-banner-title-visibility":"","ast-main-header-display":"","ast-hfb-above-header-display":"","ast-hfb-below-header-display":"","ast-hfb-mobile-header-display":"","site-post-title":"","ast-breadcrumbs-content":"","ast-featured-img":"","footer-sml-layout":"","ast-disable-related-posts":"","theme-transparent-header-meta":"","adv-header-id-meta":"","stick-header-meta":"","header-above-stick-meta":"","header-main-stick-meta":"","header-below-stick-meta":"","astra-migrate-meta-layouts":"default","ast-page-background-enabled":"default","ast-page-background-meta":{"desktop":{"background-color":"","background-image":"","background-repeat":"repeat","background-position":"center center","background-size":"auto","background-attachment":"scroll","background-type":"","background-media":"","overlay-type":"","overlay-color":"","overlay-opacity":"","overlay-gradient":""},"tablet":{"background-color":"","background-image":"","background-repeat":"repeat","background-position":"center center","background-size":"auto","background-attachment":"scroll","background-type":"","background-media":"","overlay-type":"","overlay-color":"","overlay-opacity":"","overlay-gradient":""},"mobile":{"background-color":"","background-image":"","background-repeat":"repeat","background-position":"center center","background-size":"auto","background-attachment":"scroll","background-type":"","background-media":"","overlay-type":"","overlay-color":"","overlay-opacity":"","overlay-gradient":""}},"ast-content-background-meta":{"desktop":{"background-color":"var(--ast-global-color-5)","background-image":"","background-repeat":"repeat","background-position":"center center","background-size":"auto","background-attachment":"scroll","background-type":"","background-media":"","overlay-type":"","overlay-color":"","overlay-opacity":"","overlay-gradient":""},"tablet":{"background-color":"var(--ast-global-color-5)","background-image":"","background-repeat":"repeat","background-position":"center center","background-size":"auto","background-attachment":"scroll","background-type":"","background-media":"","overlay-type":"","overlay-color":"","overlay-opacity":"","overlay-gradient":""},"mobile":{"background-color":"var(--ast-global-color-5)","background-image":"","background-repeat":"repeat","background-position":"center center","background-size":"auto","background-attachment":"scroll","background-type":"","background-media":"","overlay-type":"","overlay-color":"","overlay-opacity":"","overlay-gradient":""}},"_jetpack_memberships_contains_paid_content":false,"_joinchat":[],"footnotes":""},"categories":[15302,16095],"tags":[3199,322,16027,11650,16026,4654,3266,16022,16071],"class_list":["post-59107","post","type-post","status-publish","format-standard","has-post-thumbnail","hentry","category-destacado","category-provinciales","tag-ambiente","tag-cordoba","tag-cumbre-mundial","tag-desarrollo-sostenible","tag-economia-circular","tag-feria","tag-ideaton","tag-martin-llaryora","tag-municipalidad-de-cordoba"],"yoast_head":"<!-- This site is optimized with the Yoast SEO plugin v26.8 - https:\/\/yoast.com\/product\/yoast-seo-wordpress\/ -->\n<title>M\u00e1s de 100 mil personas participaron de la segunda cumbre de econom\u00eda circular - El Regional<\/title>\n<meta name=\"robots\" content=\"index, follow, max-snippet:-1, max-image-preview:large, max-video-preview:-1\" \/>\n<link rel=\"canonical\" href=\"http:\/\/elregionalvm.com.ar\/noticias-villa-maria\/mas-de-100-mil-personas-participaron-de-la-segunda-cumbre-de-economia-circular\/\" \/>\n<meta property=\"og:locale\" content=\"es_ES\" \/>\n<meta property=\"og:type\" content=\"article\" \/>\n<meta property=\"og:title\" content=\"M\u00e1s de 100 mil personas participaron de la segunda cumbre de econom\u00eda circular - El Regional\" \/>\n<meta property=\"og:description\" content=\"La segunda Cumbre Mundial de Econom\u00eda Circular volvi\u00f3 a superar todas las expectativas y reuni\u00f3 en s\u00f3lo dos d\u00edas a m\u00e1s de 100.000 personas de todo el mundo para conversar, debatir e intercambiar ideas y experiencias sobre la tem\u00e1tica ambiental, la necesidad de dejar atr\u00e1s los viejos paradigmas de producci\u00f3n lineal y la consolidaci\u00f3n de [&hellip;]\" \/>\n<meta property=\"og:url\" content=\"http:\/\/elregionalvm.com.ar\/noticias-villa-maria\/mas-de-100-mil-personas-participaron-de-la-segunda-cumbre-de-economia-circular\/\" \/>\n<meta property=\"og:site_name\" content=\"El Regional\" \/>\n<meta property=\"article:publisher\" content=\"https:\/\/www.facebook.com\/elregionalvm\" \/>\n<meta property=\"article:published_time\" content=\"2022-06-17T22:24:51+00:00\" \/>\n<meta property=\"article:modified_time\" content=\"2022-06-17T22:24:53+00:00\" \/>\n<meta property=\"og:image\" content=\"http:\/\/elregionalvm.com.ar\/noticias-villa-maria\/wp-content\/uploads\/2022\/06\/WhatsApp-Image-2022-06-17-at-9.41.38-AM.jpeg\" \/>\n\t<meta property=\"og:image:width\" content=\"1280\" \/>\n\t<meta property=\"og:image:height\" content=\"851\" \/>\n\t<meta property=\"og:image:type\" content=\"image\/jpeg\" \/>\n<meta name=\"author\" content=\"Contenidos El Regional\" \/>\n<meta name=\"twitter:card\" content=\"summary_large_image\" \/>\n<meta name=\"twitter:creator\" content=\"@elregionalvm1\" \/>\n<meta name=\"twitter:site\" content=\"@elregionalvm1\" \/>\n<meta name=\"twitter:label1\" content=\"Escrito por\" \/>\n\t<meta name=\"twitter:data1\" content=\"Contenidos El Regional\" \/>\n\t<meta name=\"twitter:label2\" content=\"Tiempo de lectura\" \/>\n\t<meta name=\"twitter:data2\" content=\"4 minutos\" \/>\n<script type=\"application\/ld+json\" class=\"yoast-schema-graph\">{\"@context\":\"https:\/\/schema.org\",\"@graph\":[{\"@type\":\"Article\",\"@id\":\"http:\/\/elregionalvm.com.ar\/noticias-villa-maria\/mas-de-100-mil-personas-participaron-de-la-segunda-cumbre-de-economia-circular\/#article\",\"isPartOf\":{\"@id\":\"http:\/\/elregionalvm.com.ar\/noticias-villa-maria\/mas-de-100-mil-personas-participaron-de-la-segunda-cumbre-de-economia-circular\/\"},\"author\":{\"name\":\"Contenidos El Regional\",\"@id\":\"http:\/\/elregionalvm.com.ar\/noticias-villa-maria\/#\/schema\/person\/a0fb9c422317faca23d50163151bc354\"},\"headline\":\"M\u00e1s de 100 mil personas participaron de la segunda cumbre de econom\u00eda circular\",\"datePublished\":\"2022-06-17T22:24:51+00:00\",\"dateModified\":\"2022-06-17T22:24:53+00:00\",\"mainEntityOfPage\":{\"@id\":\"http:\/\/elregionalvm.com.ar\/noticias-villa-maria\/mas-de-100-mil-personas-participaron-de-la-segunda-cumbre-de-economia-circular\/\"},\"wordCount\":734,\"commentCount\":0,\"image\":{\"@id\":\"http:\/\/elregionalvm.com.ar\/noticias-villa-maria\/mas-de-100-mil-personas-participaron-de-la-segunda-cumbre-de-economia-circular\/#primaryimage\"},\"thumbnailUrl\":\"https:\/\/i0.wp.com\/elregionalvm.com.ar\/noticias-villa-maria\/wp-content\/uploads\/2022\/06\/WhatsApp-Image-2022-06-17-at-9.41.38-AM.jpeg?fit=1280%2C851&ssl=1\",\"keywords\":[\"Ambiente\",\"c\u00f3rdoba\",\"cumbre mundial\",\"desarrollo sostenible\",\"econom\u00eda circular\",\"feria\",\"Ideat\u00f3n\",\"Mart\u00edn Llaryora\",\"Municipalidad de C\u00f3rdoba\"],\"articleSection\":[\"destacado\",\"Provinciales\"],\"inLanguage\":\"es\",\"potentialAction\":[{\"@type\":\"CommentAction\",\"name\":\"Comment\",\"target\":[\"http:\/\/elregionalvm.com.ar\/noticias-villa-maria\/mas-de-100-mil-personas-participaron-de-la-segunda-cumbre-de-economia-circular\/#respond\"]}]},{\"@type\":\"WebPage\",\"@id\":\"http:\/\/elregionalvm.com.ar\/noticias-villa-maria\/mas-de-100-mil-personas-participaron-de-la-segunda-cumbre-de-economia-circular\/\",\"url\":\"http:\/\/elregionalvm.com.ar\/noticias-villa-maria\/mas-de-100-mil-personas-participaron-de-la-segunda-cumbre-de-economia-circular\/\",\"name\":\"M\u00e1s de 100 mil personas participaron de la segunda cumbre de econom\u00eda circular - El Regional\",\"isPartOf\":{\"@id\":\"http:\/\/elregionalvm.com.ar\/noticias-villa-maria\/#website\"},\"primaryImageOfPage\":{\"@id\":\"http:\/\/elregionalvm.com.ar\/noticias-villa-maria\/mas-de-100-mil-personas-participaron-de-la-segunda-cumbre-de-economia-circular\/#primaryimage\"},\"image\":{\"@id\":\"http:\/\/elregionalvm.com.ar\/noticias-villa-maria\/mas-de-100-mil-personas-participaron-de-la-segunda-cumbre-de-economia-circular\/#primaryimage\"},\"thumbnailUrl\":\"https:\/\/i0.wp.com\/elregionalvm.com.ar\/noticias-villa-maria\/wp-content\/uploads\/2022\/06\/WhatsApp-Image-2022-06-17-at-9.41.38-AM.jpeg?fit=1280%2C851&ssl=1\",\"datePublished\":\"2022-06-17T22:24:51+00:00\",\"dateModified\":\"2022-06-17T22:24:53+00:00\",\"author\":{\"@id\":\"http:\/\/elregionalvm.com.ar\/noticias-villa-maria\/#\/schema\/person\/a0fb9c422317faca23d50163151bc354\"},\"breadcrumb\":{\"@id\":\"http:\/\/elregionalvm.com.ar\/noticias-villa-maria\/mas-de-100-mil-personas-participaron-de-la-segunda-cumbre-de-economia-circular\/#breadcrumb\"},\"inLanguage\":\"es\",\"potentialAction\":[{\"@type\":\"ReadAction\",\"target\":[\"http:\/\/elregionalvm.com.ar\/noticias-villa-maria\/mas-de-100-mil-personas-participaron-de-la-segunda-cumbre-de-economia-circular\/\"]}]},{\"@type\":\"ImageObject\",\"inLanguage\":\"es\",\"@id\":\"http:\/\/elregionalvm.com.ar\/noticias-villa-maria\/mas-de-100-mil-personas-participaron-de-la-segunda-cumbre-de-economia-circular\/#primaryimage\",\"url\":\"https:\/\/i0.wp.com\/elregionalvm.com.ar\/noticias-villa-maria\/wp-content\/uploads\/2022\/06\/WhatsApp-Image-2022-06-17-at-9.41.38-AM.jpeg?fit=1280%2C851&ssl=1\",\"contentUrl\":\"https:\/\/i0.wp.com\/elregionalvm.com.ar\/noticias-villa-maria\/wp-content\/uploads\/2022\/06\/WhatsApp-Image-2022-06-17-at-9.41.38-AM.jpeg?fit=1280%2C851&ssl=1\",\"width\":1280,\"height\":851},{\"@type\":\"BreadcrumbList\",\"@id\":\"http:\/\/elregionalvm.com.ar\/noticias-villa-maria\/mas-de-100-mil-personas-participaron-de-la-segunda-cumbre-de-economia-circular\/#breadcrumb\",\"itemListElement\":[{\"@type\":\"ListItem\",\"position\":1,\"name\":\"Portada\",\"item\":\"https:\/\/elregionalvm.com.ar\/noticias-villa-maria\/\"},{\"@type\":\"ListItem\",\"position\":2,\"name\":\"M\u00e1s de 100 mil personas participaron de la segunda cumbre de econom\u00eda circular\"}]},{\"@type\":\"WebSite\",\"@id\":\"http:\/\/elregionalvm.com.ar\/noticias-villa-maria\/#website\",\"url\":\"http:\/\/elregionalvm.com.ar\/noticias-villa-maria\/\",\"name\":\"El Regional\",\"description\":\"Mucho m\u00e1s que informaci\u00f3n\",\"potentialAction\":[{\"@type\":\"SearchAction\",\"target\":{\"@type\":\"EntryPoint\",\"urlTemplate\":\"http:\/\/elregionalvm.com.ar\/noticias-villa-maria\/?s={search_term_string}\"},\"query-input\":{\"@type\":\"PropertyValueSpecification\",\"valueRequired\":true,\"valueName\":\"search_term_string\"}}],\"inLanguage\":\"es\"},{\"@type\":\"Person\",\"@id\":\"http:\/\/elregionalvm.com.ar\/noticias-villa-maria\/#\/schema\/person\/a0fb9c422317faca23d50163151bc354\",\"name\":\"Contenidos El Regional\",\"image\":{\"@type\":\"ImageObject\",\"inLanguage\":\"es\",\"@id\":\"http:\/\/elregionalvm.com.ar\/noticias-villa-maria\/#\/schema\/person\/image\/\",\"url\":\"https:\/\/secure.gravatar.com\/avatar\/265b27cb2209af7bb3a1318f03305787d7981a5cc6e6cd08fe5a4ecdf99d4b48?s=96&d=mm&r=g\",\"contentUrl\":\"https:\/\/secure.gravatar.com\/avatar\/265b27cb2209af7bb3a1318f03305787d7981a5cc6e6cd08fe5a4ecdf99d4b48?s=96&d=mm&r=g\",\"caption\":\"Contenidos El Regional\"},\"url\":\"https:\/\/elregionalvm.com.ar\/noticias-villa-maria\/author\/contenido\/\"}]}<\/script>\n<!-- \/ Yoast SEO plugin. -->","yoast_head_json":{"title":"M\u00e1s de 100 mil personas participaron de la segunda cumbre de econom\u00eda circular - El Regional","robots":{"index":"index","follow":"follow","max-snippet":"max-snippet:-1","max-image-preview":"max-image-preview:large","max-video-preview":"max-video-preview:-1"},"canonical":"http:\/\/elregionalvm.com.ar\/noticias-villa-maria\/mas-de-100-mil-personas-participaron-de-la-segunda-cumbre-de-economia-circular\/","og_locale":"es_ES","og_type":"article","og_title":"M\u00e1s de 100 mil personas participaron de la segunda cumbre de econom\u00eda circular - El Regional","og_description":"La segunda Cumbre Mundial de Econom\u00eda Circular volvi\u00f3 a superar todas las expectativas y reuni\u00f3 en s\u00f3lo dos d\u00edas a m\u00e1s de 100.000 personas de todo el mundo para conversar, debatir e intercambiar ideas y experiencias sobre la tem\u00e1tica ambiental, la necesidad de dejar atr\u00e1s los viejos paradigmas de producci\u00f3n lineal y la consolidaci\u00f3n de [&hellip;]","og_url":"http:\/\/elregionalvm.com.ar\/noticias-villa-maria\/mas-de-100-mil-personas-participaron-de-la-segunda-cumbre-de-economia-circular\/","og_site_name":"El Regional","article_publisher":"https:\/\/www.facebook.com\/elregionalvm","article_published_time":"2022-06-17T22:24:51+00:00","article_modified_time":"2022-06-17T22:24:53+00:00","og_image":[{"width":1280,"height":851,"url":"http:\/\/elregionalvm.com.ar\/noticias-villa-maria\/wp-content\/uploads\/2022\/06\/WhatsApp-Image-2022-06-17-at-9.41.38-AM.jpeg","type":"image\/jpeg"}],"author":"Contenidos El Regional","twitter_card":"summary_large_image","twitter_creator":"@elregionalvm1","twitter_site":"@elregionalvm1","twitter_misc":{"Escrito por":"Contenidos El Regional","Tiempo de lectura":"4 minutos"},"schema":{"@context":"https:\/\/schema.org","@graph":[{"@type":"Article","@id":"http:\/\/elregionalvm.com.ar\/noticias-villa-maria\/mas-de-100-mil-personas-participaron-de-la-segunda-cumbre-de-economia-circular\/#article","isPartOf":{"@id":"http:\/\/elregionalvm.com.ar\/noticias-villa-maria\/mas-de-100-mil-personas-participaron-de-la-segunda-cumbre-de-economia-circular\/"},"author":{"name":"Contenidos El Regional","@id":"http:\/\/elregionalvm.com.ar\/noticias-villa-maria\/#\/schema\/person\/a0fb9c422317faca23d50163151bc354"},"headline":"M\u00e1s de 100 mil personas participaron de la segunda cumbre de econom\u00eda circular","datePublished":"2022-06-17T22:24:51+00:00","dateModified":"2022-06-17T22:24:53+00:00","mainEntityOfPage":{"@id":"http:\/\/elregionalvm.com.ar\/noticias-villa-maria\/mas-de-100-mil-personas-participaron-de-la-segunda-cumbre-de-economia-circular\/"},"wordCount":734,"commentCount":0,"image":{"@id":"http:\/\/elregionalvm.com.ar\/noticias-villa-maria\/mas-de-100-mil-personas-participaron-de-la-segunda-cumbre-de-economia-circular\/#primaryimage"},"thumbnailUrl":"https:\/\/i0.wp.com\/elregionalvm.com.ar\/noticias-villa-maria\/wp-content\/uploads\/2022\/06\/WhatsApp-Image-2022-06-17-at-9.41.38-AM.jpeg?fit=1280%2C851&ssl=1","keywords":["Ambiente","c\u00f3rdoba","cumbre mundial","desarrollo sostenible","econom\u00eda circular","feria","Ideat\u00f3n","Mart\u00edn Llaryora","Municipalidad de C\u00f3rdoba"],"articleSection":["destacado","Provinciales"],"inLanguage":"es","potentialAction":[{"@type":"CommentAction","name":"Comment","target":["http:\/\/elregionalvm.com.ar\/noticias-villa-maria\/mas-de-100-mil-personas-participaron-de-la-segunda-cumbre-de-economia-circular\/#respond"]}]},{"@type":"WebPage","@id":"http:\/\/elregionalvm.com.ar\/noticias-villa-maria\/mas-de-100-mil-personas-participaron-de-la-segunda-cumbre-de-economia-circular\/","url":"http:\/\/elregionalvm.com.ar\/noticias-villa-maria\/mas-de-100-mil-personas-participaron-de-la-segunda-cumbre-de-economia-circular\/","name":"M\u00e1s de 100 mil personas participaron de la segunda cumbre de econom\u00eda circular - El Regional","isPartOf":{"@id":"http:\/\/elregionalvm.com.ar\/noticias-villa-maria\/#website"},"primaryImageOfPage":{"@id":"http:\/\/elregionalvm.com.ar\/noticias-villa-maria\/mas-de-100-mil-personas-participaron-de-la-segunda-cumbre-de-economia-circular\/#primaryimage"},"image":{"@id":"http:\/\/elregionalvm.com.ar\/noticias-villa-maria\/mas-de-100-mil-personas-participaron-de-la-segunda-cumbre-de-economia-circular\/#primaryimage"},"thumbnailUrl":"https:\/\/i0.wp.com\/elregionalvm.com.ar\/noticias-villa-maria\/wp-content\/uploads\/2022\/06\/WhatsApp-Image-2022-06-17-at-9.41.38-AM.jpeg?fit=1280%2C851&ssl=1","datePublished":"2022-06-17T22:24:51+00:00","dateModified":"2022-06-17T22:24:53+00:00","author":{"@id":"http:\/\/elregionalvm.com.ar\/noticias-villa-maria\/#\/schema\/person\/a0fb9c422317faca23d50163151bc354"},"breadcrumb":{"@id":"http:\/\/elregionalvm.com.ar\/noticias-villa-maria\/mas-de-100-mil-personas-participaron-de-la-segunda-cumbre-de-economia-circular\/#breadcrumb"},"inLanguage":"es","potentialAction":[{"@type":"ReadAction","target":["http:\/\/elregionalvm.com.ar\/noticias-villa-maria\/mas-de-100-mil-personas-participaron-de-la-segunda-cumbre-de-economia-circular\/"]}]},{"@type":"ImageObject","inLanguage":"es","@id":"http:\/\/elregionalvm.com.ar\/noticias-villa-maria\/mas-de-100-mil-personas-participaron-de-la-segunda-cumbre-de-economia-circular\/#primaryimage","url":"https:\/\/i0.wp.com\/elregionalvm.com.ar\/noticias-villa-maria\/wp-content\/uploads\/2022\/06\/WhatsApp-Image-2022-06-17-at-9.41.38-AM.jpeg?fit=1280%2C851&ssl=1","contentUrl":"https:\/\/i0.wp.com\/elregionalvm.com.ar\/noticias-villa-maria\/wp-content\/uploads\/2022\/06\/WhatsApp-Image-2022-06-17-at-9.41.38-AM.jpeg?fit=1280%2C851&ssl=1","width":1280,"height":851},{"@type":"BreadcrumbList","@id":"http:\/\/elregionalvm.com.ar\/noticias-villa-maria\/mas-de-100-mil-personas-participaron-de-la-segunda-cumbre-de-economia-circular\/#breadcrumb","itemListElement":[{"@type":"ListItem","position":1,"name":"Portada","item":"https:\/\/elregionalvm.com.ar\/noticias-villa-maria\/"},{"@type":"ListItem","position":2,"name":"M\u00e1s de 100 mil personas participaron de la segunda cumbre de econom\u00eda circular"}]},{"@type":"WebSite","@id":"http:\/\/elregionalvm.com.ar\/noticias-villa-maria\/#website","url":"http:\/\/elregionalvm.com.ar\/noticias-villa-maria\/","name":"El Regional","description":"Mucho m\u00e1s que informaci\u00f3n","potentialAction":[{"@type":"SearchAction","target":{"@type":"EntryPoint","urlTemplate":"http:\/\/elregionalvm.com.ar\/noticias-villa-maria\/?s={search_term_string}"},"query-input":{"@type":"PropertyValueSpecification","valueRequired":true,"valueName":"search_term_string"}}],"inLanguage":"es"},{"@type":"Person","@id":"http:\/\/elregionalvm.com.ar\/noticias-villa-maria\/#\/schema\/person\/a0fb9c422317faca23d50163151bc354","name":"Contenidos El Regional","image":{"@type":"ImageObject","inLanguage":"es","@id":"http:\/\/elregionalvm.com.ar\/noticias-villa-maria\/#\/schema\/person\/image\/","url":"https:\/\/secure.gravatar.com\/avatar\/265b27cb2209af7bb3a1318f03305787d7981a5cc6e6cd08fe5a4ecdf99d4b48?s=96&d=mm&r=g","contentUrl":"https:\/\/secure.gravatar.com\/avatar\/265b27cb2209af7bb3a1318f03305787d7981a5cc6e6cd08fe5a4ecdf99d4b48?s=96&d=mm&r=g","caption":"Contenidos El Regional"},"url":"https:\/\/elregionalvm.com.ar\/noticias-villa-maria\/author\/contenido\/"}]}},"jetpack_featured_media_url":"https:\/\/i0.wp.com\/elregionalvm.com.ar\/noticias-villa-maria\/wp-content\/uploads\/2022\/06\/WhatsApp-Image-2022-06-17-at-9.41.38-AM.jpeg?fit=1280%2C851&ssl=1","jetpack_sharing_enabled":true,"_links":{"self":[{"href":"https:\/\/elregionalvm.com.ar\/noticias-villa-maria\/wp-json\/wp\/v2\/posts\/59107","targetHints":{"allow":["GET"]}}],"collection":[{"href":"https:\/\/elregionalvm.com.ar\/noticias-villa-maria\/wp-json\/wp\/v2\/posts"}],"about":[{"href":"https:\/\/elregionalvm.com.ar\/noticias-villa-maria\/wp-json\/wp\/v2\/types\/post"}],"author":[{"embeddable":true,"href":"https:\/\/elregionalvm.com.ar\/noticias-villa-maria\/wp-json\/wp\/v2\/users\/4"}],"replies":[{"embeddable":true,"href":"https:\/\/elregionalvm.com.ar\/noticias-villa-maria\/wp-json\/wp\/v2\/comments?post=59107"}],"version-history":[{"count":1,"href":"https:\/\/elregionalvm.com.ar\/noticias-villa-maria\/wp-json\/wp\/v2\/posts\/59107\/revisions"}],"predecessor-version":[{"id":59113,"href":"https:\/\/elregionalvm.com.ar\/noticias-villa-maria\/wp-json\/wp\/v2\/posts\/59107\/revisions\/59113"}],"wp:featuredmedia":[{"embeddable":true,"href":"https:\/\/elregionalvm.com.ar\/noticias-villa-maria\/wp-json\/wp\/v2\/media\/59108"}],"wp:attachment":[{"href":"https:\/\/elregionalvm.com.ar\/noticias-villa-maria\/wp-json\/wp\/v2\/media?parent=59107"}],"wp:term":[{"taxonomy":"category","embeddable":true,"href":"https:\/\/elregionalvm.com.ar\/noticias-villa-maria\/wp-json\/wp\/v2\/categories?post=59107"},{"taxonomy":"post_tag","embeddable":true,"href":"https:\/\/elregionalvm.com.ar\/noticias-villa-maria\/wp-json\/wp\/v2\/tags?post=59107"}],"curies":[{"name":"wp","href":"https:\/\/api.w.org\/{rel}","templated":true}]}}