{"id":60071,"date":"2022-07-04T12:50:19","date_gmt":"2022-07-04T12:50:19","guid":{"rendered":"https:\/\/elregionalvm.com.ar\/noticias-villa-maria\/?p=60071"},"modified":"2022-07-06T03:33:34","modified_gmt":"2022-07-06T03:33:34","slug":"tiempo-loco-el-chalet-scopinaro-y-la-veleta-de-los-vientos","status":"publish","type":"post","link":"https:\/\/elregionalvm.com.ar\/noticias-villa-maria\/tiempo-loco-el-chalet-scopinaro-y-la-veleta-de-los-vientos\/","title":{"rendered":"[Tiempo Loco] El chalet Scopinaro y la veleta de los vientos"},"content":{"rendered":"\n<p><\/p>\n\n\n\n<p><strong>Escribe: Ing. Hern\u00e1n Allasia<\/strong><\/p>\n\n\n\n<p><\/p>\n\n\n\n<p>El primer detalle que he observado en el chalet Scopinaro fue la veleta de los vientos. Y me llev\u00f3 a indagar en el recuerdo de esta construcci\u00f3n y sus hallazgos.<\/p>\n\n\n\n<p>Es una gran residencia que fue regalo de bodas del reconocido empresario Juan Minetti en la d\u00e9cada de 1930&nbsp;para su hija Mar\u00eda, que se casaba con el m\u00e9dico Arturo Scopinaro.<\/p>\n\n\n\n<p>Lo que parec\u00eda la casa perfecta para&nbsp;una gran vida, se trunc\u00f3 por el destino de sus due\u00f1os. Cuatro a\u00f1os despu\u00e9s del casamiento, Scopinaro muri\u00f3&nbsp;en un accidente automovil\u00edstico.<\/p>\n\n\n\n<p>La joven viuda y sus dos peque\u00f1as hijas dejaron la ciudad,\u00a0y el chalet pas\u00f3 de vivienda a\u00a0sal\u00f3n de fiestas y a hotel luego. Con los a\u00f1os, la construcci\u00f3n de estilo normando qued\u00f3 en el olvido.<\/p>\n\n\n\n<p><\/p>\n\n\n\n<figure class=\"wp-block-embed is-type-wp-embed is-provider-el-regional wp-block-embed-el-regional\"><div class=\"wp-block-embed__wrapper\">\n<blockquote class=\"wp-embedded-content\" data-secret=\"GffXPFYwP9\"><a href=\"https:\/\/elregionalvm.com.ar\/noticias-villa-maria\/tiempo-loco-hace-frio-y-las-abejas-lo-saben\/\">Tiempo Loco: Hace fr\u00edo&#8230; y las abejas lo saben<\/a><\/blockquote><iframe class=\"wp-embedded-content\" sandbox=\"allow-scripts\" security=\"restricted\" style=\"position: absolute; clip: rect(1px, 1px, 1px, 1px);\" title=\"\u00abTiempo Loco: Hace fr\u00edo&#8230; y las abejas lo saben\u00bb \u2014 El Regional\" src=\"https:\/\/elregionalvm.com.ar\/noticias-villa-maria\/tiempo-loco-hace-frio-y-las-abejas-lo-saben\/embed\/#?secret=0T5O92aoZc#?secret=GffXPFYwP9\" data-secret=\"GffXPFYwP9\" width=\"500\" height=\"282\" frameborder=\"0\" marginwidth=\"0\" marginheight=\"0\" scrolling=\"no\"><\/iframe>\n<\/div><\/figure>\n\n\n\n<p><\/p>\n\n\n\n<p><strong>Hallazgos<\/strong><\/p>\n\n\n\n<p><\/p>\n\n\n\n<p>Por enero de 2020, el Colectivo Teatral \u201cTeatro de Herejes\u201d realizaba, desde hace varios meses, la restauraci\u00f3n del m\u00edtico Chalet Scopinaro y fueron hallazgos diarios que sorprend\u00edan a la compa\u00f1\u00eda.<\/p>\n\n\n\n<p>Entre los elementos encontrados pueden detallar un frasco de Glostora, un producto para el cabello y una Gomina Brancatto.<\/p>\n\n\n\n<p><\/p>\n\n\n\n<figure class=\"wp-block-gallery has-nested-images columns-default is-cropped wp-block-gallery-1 is-layout-flex wp-block-gallery-is-layout-flex\">\n<figure class=\"wp-block-image size-large\"><img data-recalc-dims=\"1\" fetchpriority=\"high\" decoding=\"async\" width=\"640\" height=\"960\" data-id=\"60077\" src=\"https:\/\/i0.wp.com\/elregionalvm.com.ar\/noticias-villa-maria\/wp-content\/uploads\/2022\/07\/Gomina-Brancato.jpg?resize=640%2C960&#038;ssl=1\" alt=\"\" class=\"wp-image-60077\" srcset=\"https:\/\/i0.wp.com\/elregionalvm.com.ar\/noticias-villa-maria\/wp-content\/uploads\/2022\/07\/Gomina-Brancato.jpg?w=640&amp;ssl=1 640w, https:\/\/i0.wp.com\/elregionalvm.com.ar\/noticias-villa-maria\/wp-content\/uploads\/2022\/07\/Gomina-Brancato.jpg?resize=200%2C300&amp;ssl=1 200w\" sizes=\"(max-width: 640px) 100vw, 640px\" \/><\/figure>\n\n\n\n<figure class=\"wp-block-image size-large\"><img data-recalc-dims=\"1\" decoding=\"async\" width=\"640\" height=\"960\" data-id=\"60078\" src=\"https:\/\/i0.wp.com\/elregionalvm.com.ar\/noticias-villa-maria\/wp-content\/uploads\/2022\/07\/Glostora.jpg?resize=640%2C960&#038;ssl=1\" alt=\"\" class=\"wp-image-60078\" srcset=\"https:\/\/i0.wp.com\/elregionalvm.com.ar\/noticias-villa-maria\/wp-content\/uploads\/2022\/07\/Glostora.jpg?w=640&amp;ssl=1 640w, https:\/\/i0.wp.com\/elregionalvm.com.ar\/noticias-villa-maria\/wp-content\/uploads\/2022\/07\/Glostora.jpg?resize=200%2C300&amp;ssl=1 200w\" sizes=\"(max-width: 640px) 100vw, 640px\" \/><\/figure>\n\n\n\n<figure class=\"wp-block-image size-large\"><img data-recalc-dims=\"1\" decoding=\"async\" width=\"960\" height=\"639\" data-id=\"60079\" src=\"https:\/\/i0.wp.com\/elregionalvm.com.ar\/noticias-villa-maria\/wp-content\/uploads\/2022\/07\/Casa-Aduriz.jpg?resize=960%2C639&#038;ssl=1\" alt=\"\" class=\"wp-image-60079\" srcset=\"https:\/\/i0.wp.com\/elregionalvm.com.ar\/noticias-villa-maria\/wp-content\/uploads\/2022\/07\/Casa-Aduriz.jpg?w=960&amp;ssl=1 960w, https:\/\/i0.wp.com\/elregionalvm.com.ar\/noticias-villa-maria\/wp-content\/uploads\/2022\/07\/Casa-Aduriz.jpg?resize=300%2C200&amp;ssl=1 300w, https:\/\/i0.wp.com\/elregionalvm.com.ar\/noticias-villa-maria\/wp-content\/uploads\/2022\/07\/Casa-Aduriz.jpg?resize=768%2C511&amp;ssl=1 768w\" sizes=\"(max-width: 960px) 100vw, 960px\" \/><\/figure>\n<figcaption class=\"blocks-gallery-caption\"><em>Algunos de los objetos hallados en el chalet. <\/em><\/figcaption><\/figure>\n\n\n\n<p><\/p>\n\n\n\n<p>Otro de los tesoros que aparecen d\u00eda tras d\u00eda en el chalet son una antigua lata de chapa, una pomada para calzado marca Tigre y zapatos de hombre y mujer. Adem\u00e1s, tambi\u00e9n encontraron un peri\u00f3dico editado en 1952 por La Naci\u00f3n, titulado \u201cNoticias gr\u00e1ficas\u201d.<\/p>\n\n\n\n<p>Es el deseo que soplen viento de no perder lo nuestro. El pasado es parte del presente y del futuro.<\/p>\n\n\n\n<p><\/p>\n\n\n\n<p><strong>Ahora s\u00ed, las veletas <\/strong><\/p>\n\n\n\n<p><\/p>\n\n\n\n<p>Partiendo de la veleta del c\u00e9lebre chalet, decimos que se trata de un instrumento que se emplea para medir la direcci\u00f3n del viento.<\/p>\n\n\n\n<p>Se coloca en lo m\u00e1s alto de los edificios o lugares altos para que pueda beneficiarse de las corrientes de viento sin ning\u00fan tipo de obst\u00e1culo. Ya que se coloca en lo alto de un edificio, se elaboran diferentes modelos y dise\u00f1os ya que sirve como ornamento arquitect\u00f3nico. El dise\u00f1o m\u00e1s tradicional es el de un gallo.<\/p>\n\n\n\n<p>Es un dispositivo que gira dependiendo de la velocidad y direcci\u00f3n que lleva el viento. Posee una cruz horizontal que indica los puntos cardinales. Tambi\u00e9n puedes encontrar otros dise\u00f1os de veletas como barcos, flechas, caballos o incluso figuras de personas. Son muchas las veletas que son consideradas verdaderas obras de arte por su dise\u00f1o sofisticado y detalle al m\u00ednimo.<\/p>\n\n\n\n<p>Se emplea desde hace mucho tiempo por la sencillez que tiene a la hora de interpretar sus datos. No proporciona realmente informaci\u00f3n acerca de la fuerza o intensidad que tiene el viento, pero al menos podemos saber su direcci\u00f3n para identificarlo entre los vientos predominantes.<\/p>\n\n\n\n<p><\/p>\n\n\n\n<figure class=\"wp-block-gallery has-nested-images columns-default is-cropped wp-block-gallery-2 is-layout-flex wp-block-gallery-is-layout-flex\">\n<figure class=\"wp-block-image size-large\"><img data-recalc-dims=\"1\" loading=\"lazy\" decoding=\"async\" width=\"830\" height=\"622\" data-id=\"60080\" src=\"https:\/\/i0.wp.com\/elregionalvm.com.ar\/noticias-villa-maria\/wp-content\/uploads\/2022\/07\/Veleta-sirena.webp?resize=830%2C622&#038;ssl=1\" alt=\"\" class=\"wp-image-60080\" srcset=\"https:\/\/i0.wp.com\/elregionalvm.com.ar\/noticias-villa-maria\/wp-content\/uploads\/2022\/07\/Veleta-sirena.webp?w=830&amp;ssl=1 830w, https:\/\/i0.wp.com\/elregionalvm.com.ar\/noticias-villa-maria\/wp-content\/uploads\/2022\/07\/Veleta-sirena.webp?resize=300%2C225&amp;ssl=1 300w, https:\/\/i0.wp.com\/elregionalvm.com.ar\/noticias-villa-maria\/wp-content\/uploads\/2022\/07\/Veleta-sirena.webp?resize=768%2C576&amp;ssl=1 768w\" sizes=\"(max-width: 830px) 100vw, 830px\" \/><\/figure>\n\n\n\n<figure class=\"wp-block-image size-large\"><img data-recalc-dims=\"1\" loading=\"lazy\" decoding=\"async\" width=\"830\" height=\"466\" data-id=\"60081\" src=\"https:\/\/i0.wp.com\/elregionalvm.com.ar\/noticias-villa-maria\/wp-content\/uploads\/2022\/07\/Veleta-gallo.webp?resize=830%2C466&#038;ssl=1\" alt=\"\" class=\"wp-image-60081\" srcset=\"https:\/\/i0.wp.com\/elregionalvm.com.ar\/noticias-villa-maria\/wp-content\/uploads\/2022\/07\/Veleta-gallo.webp?w=830&amp;ssl=1 830w, https:\/\/i0.wp.com\/elregionalvm.com.ar\/noticias-villa-maria\/wp-content\/uploads\/2022\/07\/Veleta-gallo.webp?resize=300%2C168&amp;ssl=1 300w, https:\/\/i0.wp.com\/elregionalvm.com.ar\/noticias-villa-maria\/wp-content\/uploads\/2022\/07\/Veleta-gallo.webp?resize=768%2C431&amp;ssl=1 768w\" sizes=\"(max-width: 830px) 100vw, 830px\" \/><\/figure>\n\n\n\n<figure class=\"wp-block-image size-large\"><img data-recalc-dims=\"1\" loading=\"lazy\" decoding=\"async\" width=\"830\" height=\"565\" data-id=\"60082\" src=\"https:\/\/i0.wp.com\/elregionalvm.com.ar\/noticias-villa-maria\/wp-content\/uploads\/2022\/07\/Veleta-ciervo.jpg?resize=830%2C565&#038;ssl=1\" alt=\"\" class=\"wp-image-60082\" srcset=\"https:\/\/i0.wp.com\/elregionalvm.com.ar\/noticias-villa-maria\/wp-content\/uploads\/2022\/07\/Veleta-ciervo.jpg?w=830&amp;ssl=1 830w, https:\/\/i0.wp.com\/elregionalvm.com.ar\/noticias-villa-maria\/wp-content\/uploads\/2022\/07\/Veleta-ciervo.jpg?resize=300%2C204&amp;ssl=1 300w, https:\/\/i0.wp.com\/elregionalvm.com.ar\/noticias-villa-maria\/wp-content\/uploads\/2022\/07\/Veleta-ciervo.jpg?resize=768%2C523&amp;ssl=1 768w\" sizes=\"(max-width: 830px) 100vw, 830px\" \/><\/figure>\n<figcaption class=\"blocks-gallery-caption\"><em>Distintos tipos de veleta, aunque la m\u00e1s com\u00fan es la de la figura del gallo. <\/em><\/figcaption><\/figure>\n\n\n\n<p><\/p>\n\n\n\n<p>Aunque que se piense que no tiene mucha repercusi\u00f3n, la ubicaci\u00f3n que tiene la veleta es totalmente determinante a la hora de tomar los datos. Si queremos que la lectura de la veleta sea fiable y correcta, la tenemos que colocar a la mayor altura del suelo que se pueda.<\/p>\n\n\n\n<p>Una veleta mal colocada puede tener a elaborar pron\u00f3sticos equivocados, ya que la direcci\u00f3n del viento puede hacer que el pron\u00f3stico sea muy diferente a corto plazo.<\/p>\n\n\n\n<p><\/p>\n\n\n\n<p><em><strong>Fuentes:<\/strong> meteorologiaenred.com, C24N y VMVivo<\/em><\/p>\n\n\n\n<p><\/p>\n","protected":false},"excerpt":{"rendered":"<p>Escribe: Ing. Hern\u00e1n Allasia El primer detalle que he observado en el chalet Scopinaro fue la veleta de los vientos. Y me llev\u00f3 a indagar en el recuerdo de esta construcci\u00f3n y sus hallazgos. Es una gran residencia que fue regalo de bodas del reconocido empresario Juan Minetti en la d\u00e9cada de 1930&nbsp;para su hija [&hellip;]<\/p>\n","protected":false},"author":4,"featured_media":60075,"comment_status":"open","ping_status":"open","sticky":false,"template":"","format":"standard","meta":{"site-sidebar-layout":"default","site-content-layout":"","ast-site-content-layout":"default","site-content-style":"default","site-sidebar-style":"default","ast-global-header-display":"","ast-banner-title-visibility":"","ast-main-header-display":"","ast-hfb-above-header-display":"","ast-hfb-below-header-display":"","ast-hfb-mobile-header-display":"","site-post-title":"","ast-breadcrumbs-content":"","ast-featured-img":"","footer-sml-layout":"","ast-disable-related-posts":"","theme-transparent-header-meta":"","adv-header-id-meta":"","stick-header-meta":"","header-above-stick-meta":"","header-main-stick-meta":"","header-below-stick-meta":"","astra-migrate-meta-layouts":"default","ast-page-background-enabled":"default","ast-page-background-meta":{"desktop":{"background-color":"","background-image":"","background-repeat":"repeat","background-position":"center center","background-size":"auto","background-attachment":"scroll","background-type":"","background-media":"","overlay-type":"","overlay-color":"","overlay-opacity":"","overlay-gradient":""},"tablet":{"background-color":"","background-image":"","background-repeat":"repeat","background-position":"center center","background-size":"auto","background-attachment":"scroll","background-type":"","background-media":"","overlay-type":"","overlay-color":"","overlay-opacity":"","overlay-gradient":""},"mobile":{"background-color":"","background-image":"","background-repeat":"repeat","background-position":"center center","background-size":"auto","background-attachment":"scroll","background-type":"","background-media":"","overlay-type":"","overlay-color":"","overlay-opacity":"","overlay-gradient":""}},"ast-content-background-meta":{"desktop":{"background-color":"var(--ast-global-color-5)","background-image":"","background-repeat":"repeat","background-position":"center center","background-size":"auto","background-attachment":"scroll","background-type":"","background-media":"","overlay-type":"","overlay-color":"","overlay-opacity":"","overlay-gradient":""},"tablet":{"background-color":"var(--ast-global-color-5)","background-image":"","background-repeat":"repeat","background-position":"center center","background-size":"auto","background-attachment":"scroll","background-type":"","background-media":"","overlay-type":"","overlay-color":"","overlay-opacity":"","overlay-gradient":""},"mobile":{"background-color":"var(--ast-global-color-5)","background-image":"","background-repeat":"repeat","background-position":"center center","background-size":"auto","background-attachment":"scroll","background-type":"","background-media":"","overlay-type":"","overlay-color":"","overlay-opacity":"","overlay-gradient":""}},"_jetpack_memberships_contains_paid_content":false,"_joinchat":[],"footnotes":""},"categories":[4777,3557],"tags":[3259,1035,10760,3382,1814,2166,3386,8700,16487,6805],"class_list":["post-60071","post","type-post","status-publish","format-standard","has-post-thumbnail","hentry","category-econotas","category-tercera","tag-chalet-scopinaro","tag-clima","tag-hernan-allasia","tag-juan-minetti","tag-meteorologia","tag-pronostico","tag-teatro-de-herejes","tag-tiempo-loco","tag-veleta","tag-viento"],"yoast_head":"<!-- This site is optimized with the Yoast SEO plugin v26.8 - https:\/\/yoast.com\/product\/yoast-seo-wordpress\/ -->\n<title>[Tiempo Loco] El chalet Scopinaro y la veleta de los vientos - El Regional<\/title>\n<meta name=\"robots\" content=\"index, follow, max-snippet:-1, max-image-preview:large, max-video-preview:-1\" \/>\n<link rel=\"canonical\" href=\"http:\/\/elregionalvm.com.ar\/noticias-villa-maria\/tiempo-loco-el-chalet-scopinaro-y-la-veleta-de-los-vientos\/\" \/>\n<meta property=\"og:locale\" content=\"es_ES\" \/>\n<meta property=\"og:type\" content=\"article\" \/>\n<meta property=\"og:title\" content=\"[Tiempo Loco] El chalet Scopinaro y la veleta de los vientos - El Regional\" \/>\n<meta property=\"og:description\" content=\"Escribe: Ing. Hern\u00e1n Allasia El primer detalle que he observado en el chalet Scopinaro fue la veleta de los vientos. Y me llev\u00f3 a indagar en el recuerdo de esta construcci\u00f3n y sus hallazgos. Es una gran residencia que fue regalo de bodas del reconocido empresario Juan Minetti en la d\u00e9cada de 1930&nbsp;para su hija [&hellip;]\" \/>\n<meta property=\"og:url\" content=\"http:\/\/elregionalvm.com.ar\/noticias-villa-maria\/tiempo-loco-el-chalet-scopinaro-y-la-veleta-de-los-vientos\/\" \/>\n<meta property=\"og:site_name\" content=\"El Regional\" \/>\n<meta property=\"article:publisher\" content=\"https:\/\/www.facebook.com\/elregionalvm\" \/>\n<meta property=\"article:published_time\" content=\"2022-07-04T12:50:19+00:00\" \/>\n<meta property=\"article:modified_time\" content=\"2022-07-06T03:33:34+00:00\" \/>\n<meta property=\"og:image\" content=\"http:\/\/elregionalvm.com.ar\/noticias-villa-maria\/wp-content\/uploads\/2022\/07\/Chale-Scopinaro-2000-color-recortada-scaled.jpg\" \/>\n\t<meta property=\"og:image:width\" content=\"2560\" \/>\n\t<meta property=\"og:image:height\" content=\"1564\" \/>\n\t<meta property=\"og:image:type\" content=\"image\/jpeg\" \/>\n<meta name=\"author\" content=\"Contenidos El Regional\" \/>\n<meta name=\"twitter:card\" content=\"summary_large_image\" \/>\n<meta name=\"twitter:creator\" content=\"@elregionalvm1\" \/>\n<meta name=\"twitter:site\" content=\"@elregionalvm1\" \/>\n<meta name=\"twitter:label1\" content=\"Escrito por\" \/>\n\t<meta name=\"twitter:data1\" content=\"Contenidos El Regional\" \/>\n\t<meta name=\"twitter:label2\" content=\"Tiempo de lectura\" \/>\n\t<meta name=\"twitter:data2\" content=\"4 minutos\" \/>\n<script type=\"application\/ld+json\" class=\"yoast-schema-graph\">{\"@context\":\"https:\/\/schema.org\",\"@graph\":[{\"@type\":\"Article\",\"@id\":\"http:\/\/elregionalvm.com.ar\/noticias-villa-maria\/tiempo-loco-el-chalet-scopinaro-y-la-veleta-de-los-vientos\/#article\",\"isPartOf\":{\"@id\":\"http:\/\/elregionalvm.com.ar\/noticias-villa-maria\/tiempo-loco-el-chalet-scopinaro-y-la-veleta-de-los-vientos\/\"},\"author\":{\"name\":\"Contenidos El Regional\",\"@id\":\"http:\/\/elregionalvm.com.ar\/noticias-villa-maria\/#\/schema\/person\/a0fb9c422317faca23d50163151bc354\"},\"headline\":\"[Tiempo Loco] El chalet Scopinaro y la veleta de los vientos\",\"datePublished\":\"2022-07-04T12:50:19+00:00\",\"dateModified\":\"2022-07-06T03:33:34+00:00\",\"mainEntityOfPage\":{\"@id\":\"http:\/\/elregionalvm.com.ar\/noticias-villa-maria\/tiempo-loco-el-chalet-scopinaro-y-la-veleta-de-los-vientos\/\"},\"wordCount\":605,\"commentCount\":0,\"image\":{\"@id\":\"http:\/\/elregionalvm.com.ar\/noticias-villa-maria\/tiempo-loco-el-chalet-scopinaro-y-la-veleta-de-los-vientos\/#primaryimage\"},\"thumbnailUrl\":\"https:\/\/i0.wp.com\/elregionalvm.com.ar\/noticias-villa-maria\/wp-content\/uploads\/2022\/07\/Chale-Scopinaro-2000-color-recortada-scaled.jpg?fit=2560%2C1564&ssl=1\",\"keywords\":[\"Chalet Scopinaro\",\"Clima\",\"Hern\u00e1n Allasia\",\"Juan Minetti\",\"meteorolog\u00eda\",\"Pron\u00f3stico\",\"Teatro de Herejes\",\"Tiempo loco\",\"veleta\",\"viento\"],\"articleSection\":[\"Econotas\",\"tercera\"],\"inLanguage\":\"es\",\"potentialAction\":[{\"@type\":\"CommentAction\",\"name\":\"Comment\",\"target\":[\"http:\/\/elregionalvm.com.ar\/noticias-villa-maria\/tiempo-loco-el-chalet-scopinaro-y-la-veleta-de-los-vientos\/#respond\"]}]},{\"@type\":\"WebPage\",\"@id\":\"http:\/\/elregionalvm.com.ar\/noticias-villa-maria\/tiempo-loco-el-chalet-scopinaro-y-la-veleta-de-los-vientos\/\",\"url\":\"http:\/\/elregionalvm.com.ar\/noticias-villa-maria\/tiempo-loco-el-chalet-scopinaro-y-la-veleta-de-los-vientos\/\",\"name\":\"[Tiempo Loco] El chalet Scopinaro y la veleta de los vientos - El Regional\",\"isPartOf\":{\"@id\":\"http:\/\/elregionalvm.com.ar\/noticias-villa-maria\/#website\"},\"primaryImageOfPage\":{\"@id\":\"http:\/\/elregionalvm.com.ar\/noticias-villa-maria\/tiempo-loco-el-chalet-scopinaro-y-la-veleta-de-los-vientos\/#primaryimage\"},\"image\":{\"@id\":\"http:\/\/elregionalvm.com.ar\/noticias-villa-maria\/tiempo-loco-el-chalet-scopinaro-y-la-veleta-de-los-vientos\/#primaryimage\"},\"thumbnailUrl\":\"https:\/\/i0.wp.com\/elregionalvm.com.ar\/noticias-villa-maria\/wp-content\/uploads\/2022\/07\/Chale-Scopinaro-2000-color-recortada-scaled.jpg?fit=2560%2C1564&ssl=1\",\"datePublished\":\"2022-07-04T12:50:19+00:00\",\"dateModified\":\"2022-07-06T03:33:34+00:00\",\"author\":{\"@id\":\"http:\/\/elregionalvm.com.ar\/noticias-villa-maria\/#\/schema\/person\/a0fb9c422317faca23d50163151bc354\"},\"breadcrumb\":{\"@id\":\"http:\/\/elregionalvm.com.ar\/noticias-villa-maria\/tiempo-loco-el-chalet-scopinaro-y-la-veleta-de-los-vientos\/#breadcrumb\"},\"inLanguage\":\"es\",\"potentialAction\":[{\"@type\":\"ReadAction\",\"target\":[\"http:\/\/elregionalvm.com.ar\/noticias-villa-maria\/tiempo-loco-el-chalet-scopinaro-y-la-veleta-de-los-vientos\/\"]}]},{\"@type\":\"ImageObject\",\"inLanguage\":\"es\",\"@id\":\"http:\/\/elregionalvm.com.ar\/noticias-villa-maria\/tiempo-loco-el-chalet-scopinaro-y-la-veleta-de-los-vientos\/#primaryimage\",\"url\":\"https:\/\/i0.wp.com\/elregionalvm.com.ar\/noticias-villa-maria\/wp-content\/uploads\/2022\/07\/Chale-Scopinaro-2000-color-recortada-scaled.jpg?fit=2560%2C1564&ssl=1\",\"contentUrl\":\"https:\/\/i0.wp.com\/elregionalvm.com.ar\/noticias-villa-maria\/wp-content\/uploads\/2022\/07\/Chale-Scopinaro-2000-color-recortada-scaled.jpg?fit=2560%2C1564&ssl=1\",\"width\":2560,\"height\":1564},{\"@type\":\"BreadcrumbList\",\"@id\":\"http:\/\/elregionalvm.com.ar\/noticias-villa-maria\/tiempo-loco-el-chalet-scopinaro-y-la-veleta-de-los-vientos\/#breadcrumb\",\"itemListElement\":[{\"@type\":\"ListItem\",\"position\":1,\"name\":\"Portada\",\"item\":\"https:\/\/elregionalvm.com.ar\/noticias-villa-maria\/\"},{\"@type\":\"ListItem\",\"position\":2,\"name\":\"[Tiempo Loco] El chalet Scopinaro y la veleta de los vientos\"}]},{\"@type\":\"WebSite\",\"@id\":\"http:\/\/elregionalvm.com.ar\/noticias-villa-maria\/#website\",\"url\":\"http:\/\/elregionalvm.com.ar\/noticias-villa-maria\/\",\"name\":\"El Regional\",\"description\":\"Mucho m\u00e1s que informaci\u00f3n\",\"potentialAction\":[{\"@type\":\"SearchAction\",\"target\":{\"@type\":\"EntryPoint\",\"urlTemplate\":\"http:\/\/elregionalvm.com.ar\/noticias-villa-maria\/?s={search_term_string}\"},\"query-input\":{\"@type\":\"PropertyValueSpecification\",\"valueRequired\":true,\"valueName\":\"search_term_string\"}}],\"inLanguage\":\"es\"},{\"@type\":\"Person\",\"@id\":\"http:\/\/elregionalvm.com.ar\/noticias-villa-maria\/#\/schema\/person\/a0fb9c422317faca23d50163151bc354\",\"name\":\"Contenidos El Regional\",\"image\":{\"@type\":\"ImageObject\",\"inLanguage\":\"es\",\"@id\":\"http:\/\/elregionalvm.com.ar\/noticias-villa-maria\/#\/schema\/person\/image\/\",\"url\":\"https:\/\/secure.gravatar.com\/avatar\/265b27cb2209af7bb3a1318f03305787d7981a5cc6e6cd08fe5a4ecdf99d4b48?s=96&d=mm&r=g\",\"contentUrl\":\"https:\/\/secure.gravatar.com\/avatar\/265b27cb2209af7bb3a1318f03305787d7981a5cc6e6cd08fe5a4ecdf99d4b48?s=96&d=mm&r=g\",\"caption\":\"Contenidos El Regional\"},\"url\":\"https:\/\/elregionalvm.com.ar\/noticias-villa-maria\/author\/contenido\/\"}]}<\/script>\n<!-- \/ Yoast SEO plugin. -->","yoast_head_json":{"title":"[Tiempo Loco] El chalet Scopinaro y la veleta de los vientos - El Regional","robots":{"index":"index","follow":"follow","max-snippet":"max-snippet:-1","max-image-preview":"max-image-preview:large","max-video-preview":"max-video-preview:-1"},"canonical":"http:\/\/elregionalvm.com.ar\/noticias-villa-maria\/tiempo-loco-el-chalet-scopinaro-y-la-veleta-de-los-vientos\/","og_locale":"es_ES","og_type":"article","og_title":"[Tiempo Loco] El chalet Scopinaro y la veleta de los vientos - El Regional","og_description":"Escribe: Ing. Hern\u00e1n Allasia El primer detalle que he observado en el chalet Scopinaro fue la veleta de los vientos. Y me llev\u00f3 a indagar en el recuerdo de esta construcci\u00f3n y sus hallazgos. Es una gran residencia que fue regalo de bodas del reconocido empresario Juan Minetti en la d\u00e9cada de 1930&nbsp;para su hija [&hellip;]","og_url":"http:\/\/elregionalvm.com.ar\/noticias-villa-maria\/tiempo-loco-el-chalet-scopinaro-y-la-veleta-de-los-vientos\/","og_site_name":"El Regional","article_publisher":"https:\/\/www.facebook.com\/elregionalvm","article_published_time":"2022-07-04T12:50:19+00:00","article_modified_time":"2022-07-06T03:33:34+00:00","og_image":[{"width":2560,"height":1564,"url":"http:\/\/elregionalvm.com.ar\/noticias-villa-maria\/wp-content\/uploads\/2022\/07\/Chale-Scopinaro-2000-color-recortada-scaled.jpg","type":"image\/jpeg"}],"author":"Contenidos El Regional","twitter_card":"summary_large_image","twitter_creator":"@elregionalvm1","twitter_site":"@elregionalvm1","twitter_misc":{"Escrito por":"Contenidos El Regional","Tiempo de lectura":"4 minutos"},"schema":{"@context":"https:\/\/schema.org","@graph":[{"@type":"Article","@id":"http:\/\/elregionalvm.com.ar\/noticias-villa-maria\/tiempo-loco-el-chalet-scopinaro-y-la-veleta-de-los-vientos\/#article","isPartOf":{"@id":"http:\/\/elregionalvm.com.ar\/noticias-villa-maria\/tiempo-loco-el-chalet-scopinaro-y-la-veleta-de-los-vientos\/"},"author":{"name":"Contenidos El Regional","@id":"http:\/\/elregionalvm.com.ar\/noticias-villa-maria\/#\/schema\/person\/a0fb9c422317faca23d50163151bc354"},"headline":"[Tiempo Loco] El chalet Scopinaro y la veleta de los vientos","datePublished":"2022-07-04T12:50:19+00:00","dateModified":"2022-07-06T03:33:34+00:00","mainEntityOfPage":{"@id":"http:\/\/elregionalvm.com.ar\/noticias-villa-maria\/tiempo-loco-el-chalet-scopinaro-y-la-veleta-de-los-vientos\/"},"wordCount":605,"commentCount":0,"image":{"@id":"http:\/\/elregionalvm.com.ar\/noticias-villa-maria\/tiempo-loco-el-chalet-scopinaro-y-la-veleta-de-los-vientos\/#primaryimage"},"thumbnailUrl":"https:\/\/i0.wp.com\/elregionalvm.com.ar\/noticias-villa-maria\/wp-content\/uploads\/2022\/07\/Chale-Scopinaro-2000-color-recortada-scaled.jpg?fit=2560%2C1564&ssl=1","keywords":["Chalet Scopinaro","Clima","Hern\u00e1n Allasia","Juan Minetti","meteorolog\u00eda","Pron\u00f3stico","Teatro de Herejes","Tiempo loco","veleta","viento"],"articleSection":["Econotas","tercera"],"inLanguage":"es","potentialAction":[{"@type":"CommentAction","name":"Comment","target":["http:\/\/elregionalvm.com.ar\/noticias-villa-maria\/tiempo-loco-el-chalet-scopinaro-y-la-veleta-de-los-vientos\/#respond"]}]},{"@type":"WebPage","@id":"http:\/\/elregionalvm.com.ar\/noticias-villa-maria\/tiempo-loco-el-chalet-scopinaro-y-la-veleta-de-los-vientos\/","url":"http:\/\/elregionalvm.com.ar\/noticias-villa-maria\/tiempo-loco-el-chalet-scopinaro-y-la-veleta-de-los-vientos\/","name":"[Tiempo Loco] El chalet Scopinaro y la veleta de los vientos - El Regional","isPartOf":{"@id":"http:\/\/elregionalvm.com.ar\/noticias-villa-maria\/#website"},"primaryImageOfPage":{"@id":"http:\/\/elregionalvm.com.ar\/noticias-villa-maria\/tiempo-loco-el-chalet-scopinaro-y-la-veleta-de-los-vientos\/#primaryimage"},"image":{"@id":"http:\/\/elregionalvm.com.ar\/noticias-villa-maria\/tiempo-loco-el-chalet-scopinaro-y-la-veleta-de-los-vientos\/#primaryimage"},"thumbnailUrl":"https:\/\/i0.wp.com\/elregionalvm.com.ar\/noticias-villa-maria\/wp-content\/uploads\/2022\/07\/Chale-Scopinaro-2000-color-recortada-scaled.jpg?fit=2560%2C1564&ssl=1","datePublished":"2022-07-04T12:50:19+00:00","dateModified":"2022-07-06T03:33:34+00:00","author":{"@id":"http:\/\/elregionalvm.com.ar\/noticias-villa-maria\/#\/schema\/person\/a0fb9c422317faca23d50163151bc354"},"breadcrumb":{"@id":"http:\/\/elregionalvm.com.ar\/noticias-villa-maria\/tiempo-loco-el-chalet-scopinaro-y-la-veleta-de-los-vientos\/#breadcrumb"},"inLanguage":"es","potentialAction":[{"@type":"ReadAction","target":["http:\/\/elregionalvm.com.ar\/noticias-villa-maria\/tiempo-loco-el-chalet-scopinaro-y-la-veleta-de-los-vientos\/"]}]},{"@type":"ImageObject","inLanguage":"es","@id":"http:\/\/elregionalvm.com.ar\/noticias-villa-maria\/tiempo-loco-el-chalet-scopinaro-y-la-veleta-de-los-vientos\/#primaryimage","url":"https:\/\/i0.wp.com\/elregionalvm.com.ar\/noticias-villa-maria\/wp-content\/uploads\/2022\/07\/Chale-Scopinaro-2000-color-recortada-scaled.jpg?fit=2560%2C1564&ssl=1","contentUrl":"https:\/\/i0.wp.com\/elregionalvm.com.ar\/noticias-villa-maria\/wp-content\/uploads\/2022\/07\/Chale-Scopinaro-2000-color-recortada-scaled.jpg?fit=2560%2C1564&ssl=1","width":2560,"height":1564},{"@type":"BreadcrumbList","@id":"http:\/\/elregionalvm.com.ar\/noticias-villa-maria\/tiempo-loco-el-chalet-scopinaro-y-la-veleta-de-los-vientos\/#breadcrumb","itemListElement":[{"@type":"ListItem","position":1,"name":"Portada","item":"https:\/\/elregionalvm.com.ar\/noticias-villa-maria\/"},{"@type":"ListItem","position":2,"name":"[Tiempo Loco] El chalet Scopinaro y la veleta de los vientos"}]},{"@type":"WebSite","@id":"http:\/\/elregionalvm.com.ar\/noticias-villa-maria\/#website","url":"http:\/\/elregionalvm.com.ar\/noticias-villa-maria\/","name":"El Regional","description":"Mucho m\u00e1s que informaci\u00f3n","potentialAction":[{"@type":"SearchAction","target":{"@type":"EntryPoint","urlTemplate":"http:\/\/elregionalvm.com.ar\/noticias-villa-maria\/?s={search_term_string}"},"query-input":{"@type":"PropertyValueSpecification","valueRequired":true,"valueName":"search_term_string"}}],"inLanguage":"es"},{"@type":"Person","@id":"http:\/\/elregionalvm.com.ar\/noticias-villa-maria\/#\/schema\/person\/a0fb9c422317faca23d50163151bc354","name":"Contenidos El Regional","image":{"@type":"ImageObject","inLanguage":"es","@id":"http:\/\/elregionalvm.com.ar\/noticias-villa-maria\/#\/schema\/person\/image\/","url":"https:\/\/secure.gravatar.com\/avatar\/265b27cb2209af7bb3a1318f03305787d7981a5cc6e6cd08fe5a4ecdf99d4b48?s=96&d=mm&r=g","contentUrl":"https:\/\/secure.gravatar.com\/avatar\/265b27cb2209af7bb3a1318f03305787d7981a5cc6e6cd08fe5a4ecdf99d4b48?s=96&d=mm&r=g","caption":"Contenidos El Regional"},"url":"https:\/\/elregionalvm.com.ar\/noticias-villa-maria\/author\/contenido\/"}]}},"jetpack_featured_media_url":"https:\/\/i0.wp.com\/elregionalvm.com.ar\/noticias-villa-maria\/wp-content\/uploads\/2022\/07\/Chale-Scopinaro-2000-color-recortada-scaled.jpg?fit=2560%2C1564&ssl=1","jetpack_sharing_enabled":true,"_links":{"self":[{"href":"https:\/\/elregionalvm.com.ar\/noticias-villa-maria\/wp-json\/wp\/v2\/posts\/60071","targetHints":{"allow":["GET"]}}],"collection":[{"href":"https:\/\/elregionalvm.com.ar\/noticias-villa-maria\/wp-json\/wp\/v2\/posts"}],"about":[{"href":"https:\/\/elregionalvm.com.ar\/noticias-villa-maria\/wp-json\/wp\/v2\/types\/post"}],"author":[{"embeddable":true,"href":"https:\/\/elregionalvm.com.ar\/noticias-villa-maria\/wp-json\/wp\/v2\/users\/4"}],"replies":[{"embeddable":true,"href":"https:\/\/elregionalvm.com.ar\/noticias-villa-maria\/wp-json\/wp\/v2\/comments?post=60071"}],"version-history":[{"count":5,"href":"https:\/\/elregionalvm.com.ar\/noticias-villa-maria\/wp-json\/wp\/v2\/posts\/60071\/revisions"}],"predecessor-version":[{"id":60085,"href":"https:\/\/elregionalvm.com.ar\/noticias-villa-maria\/wp-json\/wp\/v2\/posts\/60071\/revisions\/60085"}],"wp:featuredmedia":[{"embeddable":true,"href":"https:\/\/elregionalvm.com.ar\/noticias-villa-maria\/wp-json\/wp\/v2\/media\/60075"}],"wp:attachment":[{"href":"https:\/\/elregionalvm.com.ar\/noticias-villa-maria\/wp-json\/wp\/v2\/media?parent=60071"}],"wp:term":[{"taxonomy":"category","embeddable":true,"href":"https:\/\/elregionalvm.com.ar\/noticias-villa-maria\/wp-json\/wp\/v2\/categories?post=60071"},{"taxonomy":"post_tag","embeddable":true,"href":"https:\/\/elregionalvm.com.ar\/noticias-villa-maria\/wp-json\/wp\/v2\/tags?post=60071"}],"curies":[{"name":"wp","href":"https:\/\/api.w.org\/{rel}","templated":true}]}}