{"id":60428,"date":"2022-07-11T01:55:34","date_gmt":"2022-07-11T01:55:34","guid":{"rendered":"https:\/\/elregionalvm.com.ar\/noticias-villa-maria\/?p=60428"},"modified":"2022-07-11T02:57:41","modified_gmt":"2022-07-11T02:57:41","slug":"quienes-son-los-10-jovenes-argentinos-sobresalientes-reconocidos-en-villa-maria","status":"publish","type":"post","link":"https:\/\/elregionalvm.com.ar\/noticias-villa-maria\/quienes-son-los-10-jovenes-argentinos-sobresalientes-reconocidos-en-villa-maria\/","title":{"rendered":"Qui\u00e9nes son los 10 j\u00f3venes argentinos sobresalientes, reconocidos en Villa Mar\u00eda"},"content":{"rendered":"\n<p><\/p>\n\n\n\n<p>Diez j\u00f3venes de diferentes provincias de nuestro pa\u00eds recibieron en Villa Mar\u00eda el reconocimiento como \u201csobresalientes\u201d.<\/p>\n\n\n\n<p>La ciudad fue por primera vez sede de esta gran premiaci\u00f3n a nivel nacional y reconocida a nivel mundial, que ya tiene 20 a\u00f1os.<\/p>\n\n\n\n<p>La jornada se realiz\u00f3 porque durante el s\u00e1bado 9 y el domingo 10 se realiz\u00f3 el \u201cLider Up\u201d (evento reconocido a nivel nacional orientado al desarrollo de habilidades de liderazgo). La premiaci\u00f3n tuvo lugar en el sal\u00f3n de AERCA.<\/p>\n\n\n\n<p>Esta instancia fue realizada por la ONG JCI (JUNIOR CHAMBER INTERNATIONAL), que tambi\u00e9n posee una sede en Villa Mar\u00eda.<\/p>\n\n\n\n<p>\u00abDebemos entender que el futuro est\u00e1 en manos de los j\u00f3venes. Es primordial desarrollar instancias que permitan generar expertiz de la mano de los liderazgos para vislumbrar tiempos mejores. Apostamos por los proyectos de los j\u00f3venes para que impacten en la Argentina\u00bb, remarc\u00f3 el director ejecutivo de AERCA, Ignacio Tovo.<\/p>\n\n\n\n<figure class=\"wp-block-image size-large\"><img data-recalc-dims=\"1\" fetchpriority=\"high\" decoding=\"async\" width=\"1024\" height=\"576\" src=\"https:\/\/i0.wp.com\/elregionalvm.com.ar\/noticias-villa-maria\/wp-content\/uploads\/2022\/07\/10-jovenes-sobresalientes-con-autoridades.jpeg?resize=1024%2C576&#038;ssl=1\" alt=\"\" class=\"wp-image-60431\" srcset=\"https:\/\/i0.wp.com\/elregionalvm.com.ar\/noticias-villa-maria\/wp-content\/uploads\/2022\/07\/10-jovenes-sobresalientes-con-autoridades.jpeg?resize=1024%2C576&amp;ssl=1 1024w, https:\/\/i0.wp.com\/elregionalvm.com.ar\/noticias-villa-maria\/wp-content\/uploads\/2022\/07\/10-jovenes-sobresalientes-con-autoridades.jpeg?resize=300%2C169&amp;ssl=1 300w, https:\/\/i0.wp.com\/elregionalvm.com.ar\/noticias-villa-maria\/wp-content\/uploads\/2022\/07\/10-jovenes-sobresalientes-con-autoridades.jpeg?resize=768%2C432&amp;ssl=1 768w, https:\/\/i0.wp.com\/elregionalvm.com.ar\/noticias-villa-maria\/wp-content\/uploads\/2022\/07\/10-jovenes-sobresalientes-con-autoridades.jpeg?resize=1536%2C864&amp;ssl=1 1536w, https:\/\/i0.wp.com\/elregionalvm.com.ar\/noticias-villa-maria\/wp-content\/uploads\/2022\/07\/10-jovenes-sobresalientes-con-autoridades.jpeg?w=1600&amp;ssl=1 1600w\" sizes=\"(max-width: 1000px) 100vw, 1000px\" \/><figcaption><em>Los j\u00f3venes de la JCI Villa Mar\u00eda, junto al presidente de la JCI mundial, Argenis Angulo, y el presidente de la JCI Argentina, Cristian Yoel Ferreyra. Acompa\u00f1a el Director Ejecutivo de AERCA, Ignacio Tovo.<\/em><\/figcaption><\/figure>\n\n\n\n<p><\/p>\n\n\n\n<p><strong>Los premiados<\/strong><\/p>\n\n\n\n<p>&#x1f3c6; Federico Orsi en la categor\u00eda \u00abLogros comerciales, econ\u00f3micos y\/o empresariales\u00bb<\/p>\n\n\n\n<p>&#x1f3c6; Gabriela Mijal en la categor\u00eda \u00abDesarrollo cient\u00edfico y\/o tecnol\u00f3gico\u00bb.<\/p>\n\n\n\n<p>&#x1f3c6; Luciana Vanesa M\u00f3dica en la categor\u00eda \u00abLiderazgo y\/o logros acad\u00e9micos\u00bb. La joven oriunda de la provincia de Salta es polit\u00f3loga egresada de la Universidad Nacional de R\u00edo Cuarto y diplomada en Desarrollo Territorial de la Universidad Nacional de Villa Mar\u00eda. <\/p>\n\n\n\n<p>&#x1f3c6; Juan Cruz Zalazar en la categor\u00eda \u00abAsuntos Pol\u00edticos, Legales o Gubernamentales\u00bb<\/p>\n\n\n\n<p>&#x1f3c6; Julio Manuel Pereyra S\u00e1nchez en la categor\u00eda \u00abServicios Humanitario y\/o voluntario\u00bb<\/p>\n\n\n\n<p>&#x1f3c6; Nicol\u00e1s Allub en la categor\u00eda \u00abLogros comerciales, econ\u00f3micos y\/o empresariales\u00bb<\/p>\n\n\n\n<p>&#x1f3c6; Ornella Uberti en la categor\u00eda \u00abContribuci\u00f3n a la ni\u00f1ez, la paz mundial y los derechos humanos\u00bb<\/p>\n\n\n\n<p>&#x1f3c6; Guido Giuinti en la categor\u00eda \u00abInnovaci\u00f3n M\u00e9dica\u00bb<\/p>\n\n\n\n<p>&#x1f3c6; Mar\u00eda Paula Ceballos Mancini en la categor\u00eda \u00abDesarrollo Cient\u00edfico y\/o Tecnol\u00f3gico\u00bb<\/p>\n\n\n\n<p>&#x1f3c6; Kurt Ottosen en la categor\u00eda \u00abContribuci\u00f3n a la ni\u00f1ez, la paz mundial y los derechos humanos\u00bb<\/p>\n","protected":false},"excerpt":{"rendered":"<p>Diez j\u00f3venes de diferentes provincias de nuestro pa\u00eds recibieron en Villa Mar\u00eda el reconocimiento como \u201csobresalientes\u201d. La ciudad fue por primera vez sede de esta gran premiaci\u00f3n a nivel nacional y reconocida a nivel mundial, que ya tiene 20 a\u00f1os. La jornada se realiz\u00f3 porque durante el s\u00e1bado 9 y el domingo 10 se realiz\u00f3 [&hellip;]<\/p>\n","protected":false},"author":4,"featured_media":60430,"comment_status":"open","ping_status":"open","sticky":false,"template":"","format":"standard","meta":{"site-sidebar-layout":"default","site-content-layout":"","ast-site-content-layout":"default","site-content-style":"default","site-sidebar-style":"default","ast-global-header-display":"","ast-banner-title-visibility":"","ast-main-header-display":"","ast-hfb-above-header-display":"","ast-hfb-below-header-display":"","ast-hfb-mobile-header-display":"","site-post-title":"","ast-breadcrumbs-content":"","ast-featured-img":"","footer-sml-layout":"","ast-disable-related-posts":"","theme-transparent-header-meta":"","adv-header-id-meta":"","stick-header-meta":"","header-above-stick-meta":"","header-main-stick-meta":"","header-below-stick-meta":"","astra-migrate-meta-layouts":"default","ast-page-background-enabled":"default","ast-page-background-meta":{"desktop":{"background-color":"","background-image":"","background-repeat":"repeat","background-position":"center center","background-size":"auto","background-attachment":"scroll","background-type":"","background-media":"","overlay-type":"","overlay-color":"","overlay-opacity":"","overlay-gradient":""},"tablet":{"background-color":"","background-image":"","background-repeat":"repeat","background-position":"center center","background-size":"auto","background-attachment":"scroll","background-type":"","background-media":"","overlay-type":"","overlay-color":"","overlay-opacity":"","overlay-gradient":""},"mobile":{"background-color":"","background-image":"","background-repeat":"repeat","background-position":"center center","background-size":"auto","background-attachment":"scroll","background-type":"","background-media":"","overlay-type":"","overlay-color":"","overlay-opacity":"","overlay-gradient":""}},"ast-content-background-meta":{"desktop":{"background-color":"var(--ast-global-color-5)","background-image":"","background-repeat":"repeat","background-position":"center center","background-size":"auto","background-attachment":"scroll","background-type":"","background-media":"","overlay-type":"","overlay-color":"","overlay-opacity":"","overlay-gradient":""},"tablet":{"background-color":"var(--ast-global-color-5)","background-image":"","background-repeat":"repeat","background-position":"center center","background-size":"auto","background-attachment":"scroll","background-type":"","background-media":"","overlay-type":"","overlay-color":"","overlay-opacity":"","overlay-gradient":""},"mobile":{"background-color":"var(--ast-global-color-5)","background-image":"","background-repeat":"repeat","background-position":"center center","background-size":"auto","background-attachment":"scroll","background-type":"","background-media":"","overlay-type":"","overlay-color":"","overlay-opacity":"","overlay-gradient":""}},"_jetpack_memberships_contains_paid_content":false,"_joinchat":[],"footnotes":""},"categories":[15302,2],"tags":[2218,16612,1229,16562,16610,16609,16611,3321,4803],"class_list":["post-60428","post","type-post","status-publish","format-standard","has-post-thumbnail","hentry","category-destacado","category-villa-maria","tag-aerca","tag-expertiz","tag-futuro","tag-ignacio-tovo","tag-jci","tag-jovenes-sobresalientes","tag-lider-up","tag-proyectos","tag-reconocimiento"],"yoast_head":"<!-- This site is optimized with the Yoast SEO plugin v26.8 - https:\/\/yoast.com\/product\/yoast-seo-wordpress\/ -->\n<title>Qui\u00e9nes son los 10 j\u00f3venes argentinos sobresalientes, reconocidos en Villa Mar\u00eda - El Regional<\/title>\n<meta name=\"robots\" content=\"index, follow, max-snippet:-1, max-image-preview:large, max-video-preview:-1\" \/>\n<link rel=\"canonical\" href=\"http:\/\/elregionalvm.com.ar\/noticias-villa-maria\/quienes-son-los-10-jovenes-argentinos-sobresalientes-reconocidos-en-villa-maria\/\" \/>\n<meta property=\"og:locale\" content=\"es_ES\" \/>\n<meta property=\"og:type\" content=\"article\" \/>\n<meta property=\"og:title\" content=\"Qui\u00e9nes son los 10 j\u00f3venes argentinos sobresalientes, reconocidos en Villa Mar\u00eda - El Regional\" \/>\n<meta property=\"og:description\" content=\"Diez j\u00f3venes de diferentes provincias de nuestro pa\u00eds recibieron en Villa Mar\u00eda el reconocimiento como \u201csobresalientes\u201d. La ciudad fue por primera vez sede de esta gran premiaci\u00f3n a nivel nacional y reconocida a nivel mundial, que ya tiene 20 a\u00f1os. La jornada se realiz\u00f3 porque durante el s\u00e1bado 9 y el domingo 10 se realiz\u00f3 [&hellip;]\" \/>\n<meta property=\"og:url\" content=\"http:\/\/elregionalvm.com.ar\/noticias-villa-maria\/quienes-son-los-10-jovenes-argentinos-sobresalientes-reconocidos-en-villa-maria\/\" \/>\n<meta property=\"og:site_name\" content=\"El Regional\" \/>\n<meta property=\"article:publisher\" content=\"https:\/\/www.facebook.com\/elregionalvm\" \/>\n<meta property=\"article:published_time\" content=\"2022-07-11T01:55:34+00:00\" \/>\n<meta property=\"article:modified_time\" content=\"2022-07-11T02:57:41+00:00\" \/>\n<meta property=\"og:image\" content=\"http:\/\/elregionalvm.com.ar\/noticias-villa-maria\/wp-content\/uploads\/2022\/07\/10-jovenes-sobresalientes-2022.jpeg\" \/>\n\t<meta property=\"og:image:width\" content=\"1600\" \/>\n\t<meta property=\"og:image:height\" content=\"900\" \/>\n\t<meta property=\"og:image:type\" content=\"image\/jpeg\" \/>\n<meta name=\"author\" content=\"Contenidos El Regional\" \/>\n<meta name=\"twitter:card\" content=\"summary_large_image\" \/>\n<meta name=\"twitter:creator\" content=\"@elregionalvm1\" \/>\n<meta name=\"twitter:site\" content=\"@elregionalvm1\" \/>\n<meta name=\"twitter:label1\" content=\"Escrito por\" \/>\n\t<meta name=\"twitter:data1\" content=\"Contenidos El Regional\" \/>\n\t<meta name=\"twitter:label2\" content=\"Tiempo de lectura\" \/>\n\t<meta name=\"twitter:data2\" content=\"2 minutos\" \/>\n<script type=\"application\/ld+json\" class=\"yoast-schema-graph\">{\"@context\":\"https:\/\/schema.org\",\"@graph\":[{\"@type\":\"Article\",\"@id\":\"http:\/\/elregionalvm.com.ar\/noticias-villa-maria\/quienes-son-los-10-jovenes-argentinos-sobresalientes-reconocidos-en-villa-maria\/#article\",\"isPartOf\":{\"@id\":\"http:\/\/elregionalvm.com.ar\/noticias-villa-maria\/quienes-son-los-10-jovenes-argentinos-sobresalientes-reconocidos-en-villa-maria\/\"},\"author\":{\"name\":\"Contenidos El Regional\",\"@id\":\"http:\/\/elregionalvm.com.ar\/noticias-villa-maria\/#\/schema\/person\/a0fb9c422317faca23d50163151bc354\"},\"headline\":\"Qui\u00e9nes son los 10 j\u00f3venes argentinos sobresalientes, reconocidos en Villa Mar\u00eda\",\"datePublished\":\"2022-07-11T01:55:34+00:00\",\"dateModified\":\"2022-07-11T02:57:41+00:00\",\"mainEntityOfPage\":{\"@id\":\"http:\/\/elregionalvm.com.ar\/noticias-villa-maria\/quienes-son-los-10-jovenes-argentinos-sobresalientes-reconocidos-en-villa-maria\/\"},\"wordCount\":417,\"commentCount\":0,\"image\":{\"@id\":\"http:\/\/elregionalvm.com.ar\/noticias-villa-maria\/quienes-son-los-10-jovenes-argentinos-sobresalientes-reconocidos-en-villa-maria\/#primaryimage\"},\"thumbnailUrl\":\"https:\/\/i0.wp.com\/elregionalvm.com.ar\/noticias-villa-maria\/wp-content\/uploads\/2022\/07\/10-jovenes-sobresalientes-2022.jpeg?fit=1600%2C900&ssl=1\",\"keywords\":[\"Aerca\",\"expertiz\",\"futuro\",\"Ignacio Tovo\",\"JCI\",\"J\u00f3venes sobresalientes\",\"Lider Up\",\"Proyectos\",\"reconocimiento\"],\"articleSection\":[\"destacado\",\"Villa Mar\u00eda\"],\"inLanguage\":\"es\",\"potentialAction\":[{\"@type\":\"CommentAction\",\"name\":\"Comment\",\"target\":[\"http:\/\/elregionalvm.com.ar\/noticias-villa-maria\/quienes-son-los-10-jovenes-argentinos-sobresalientes-reconocidos-en-villa-maria\/#respond\"]}]},{\"@type\":\"WebPage\",\"@id\":\"http:\/\/elregionalvm.com.ar\/noticias-villa-maria\/quienes-son-los-10-jovenes-argentinos-sobresalientes-reconocidos-en-villa-maria\/\",\"url\":\"http:\/\/elregionalvm.com.ar\/noticias-villa-maria\/quienes-son-los-10-jovenes-argentinos-sobresalientes-reconocidos-en-villa-maria\/\",\"name\":\"Qui\u00e9nes son los 10 j\u00f3venes argentinos sobresalientes, reconocidos en Villa Mar\u00eda - El Regional\",\"isPartOf\":{\"@id\":\"http:\/\/elregionalvm.com.ar\/noticias-villa-maria\/#website\"},\"primaryImageOfPage\":{\"@id\":\"http:\/\/elregionalvm.com.ar\/noticias-villa-maria\/quienes-son-los-10-jovenes-argentinos-sobresalientes-reconocidos-en-villa-maria\/#primaryimage\"},\"image\":{\"@id\":\"http:\/\/elregionalvm.com.ar\/noticias-villa-maria\/quienes-son-los-10-jovenes-argentinos-sobresalientes-reconocidos-en-villa-maria\/#primaryimage\"},\"thumbnailUrl\":\"https:\/\/i0.wp.com\/elregionalvm.com.ar\/noticias-villa-maria\/wp-content\/uploads\/2022\/07\/10-jovenes-sobresalientes-2022.jpeg?fit=1600%2C900&ssl=1\",\"datePublished\":\"2022-07-11T01:55:34+00:00\",\"dateModified\":\"2022-07-11T02:57:41+00:00\",\"author\":{\"@id\":\"http:\/\/elregionalvm.com.ar\/noticias-villa-maria\/#\/schema\/person\/a0fb9c422317faca23d50163151bc354\"},\"breadcrumb\":{\"@id\":\"http:\/\/elregionalvm.com.ar\/noticias-villa-maria\/quienes-son-los-10-jovenes-argentinos-sobresalientes-reconocidos-en-villa-maria\/#breadcrumb\"},\"inLanguage\":\"es\",\"potentialAction\":[{\"@type\":\"ReadAction\",\"target\":[\"http:\/\/elregionalvm.com.ar\/noticias-villa-maria\/quienes-son-los-10-jovenes-argentinos-sobresalientes-reconocidos-en-villa-maria\/\"]}]},{\"@type\":\"ImageObject\",\"inLanguage\":\"es\",\"@id\":\"http:\/\/elregionalvm.com.ar\/noticias-villa-maria\/quienes-son-los-10-jovenes-argentinos-sobresalientes-reconocidos-en-villa-maria\/#primaryimage\",\"url\":\"https:\/\/i0.wp.com\/elregionalvm.com.ar\/noticias-villa-maria\/wp-content\/uploads\/2022\/07\/10-jovenes-sobresalientes-2022.jpeg?fit=1600%2C900&ssl=1\",\"contentUrl\":\"https:\/\/i0.wp.com\/elregionalvm.com.ar\/noticias-villa-maria\/wp-content\/uploads\/2022\/07\/10-jovenes-sobresalientes-2022.jpeg?fit=1600%2C900&ssl=1\",\"width\":1600,\"height\":900},{\"@type\":\"BreadcrumbList\",\"@id\":\"http:\/\/elregionalvm.com.ar\/noticias-villa-maria\/quienes-son-los-10-jovenes-argentinos-sobresalientes-reconocidos-en-villa-maria\/#breadcrumb\",\"itemListElement\":[{\"@type\":\"ListItem\",\"position\":1,\"name\":\"Portada\",\"item\":\"https:\/\/elregionalvm.com.ar\/noticias-villa-maria\/\"},{\"@type\":\"ListItem\",\"position\":2,\"name\":\"Qui\u00e9nes son los 10 j\u00f3venes argentinos sobresalientes, reconocidos en Villa Mar\u00eda\"}]},{\"@type\":\"WebSite\",\"@id\":\"http:\/\/elregionalvm.com.ar\/noticias-villa-maria\/#website\",\"url\":\"http:\/\/elregionalvm.com.ar\/noticias-villa-maria\/\",\"name\":\"El Regional\",\"description\":\"Mucho m\u00e1s que informaci\u00f3n\",\"potentialAction\":[{\"@type\":\"SearchAction\",\"target\":{\"@type\":\"EntryPoint\",\"urlTemplate\":\"http:\/\/elregionalvm.com.ar\/noticias-villa-maria\/?s={search_term_string}\"},\"query-input\":{\"@type\":\"PropertyValueSpecification\",\"valueRequired\":true,\"valueName\":\"search_term_string\"}}],\"inLanguage\":\"es\"},{\"@type\":\"Person\",\"@id\":\"http:\/\/elregionalvm.com.ar\/noticias-villa-maria\/#\/schema\/person\/a0fb9c422317faca23d50163151bc354\",\"name\":\"Contenidos El Regional\",\"image\":{\"@type\":\"ImageObject\",\"inLanguage\":\"es\",\"@id\":\"http:\/\/elregionalvm.com.ar\/noticias-villa-maria\/#\/schema\/person\/image\/\",\"url\":\"https:\/\/secure.gravatar.com\/avatar\/265b27cb2209af7bb3a1318f03305787d7981a5cc6e6cd08fe5a4ecdf99d4b48?s=96&d=mm&r=g\",\"contentUrl\":\"https:\/\/secure.gravatar.com\/avatar\/265b27cb2209af7bb3a1318f03305787d7981a5cc6e6cd08fe5a4ecdf99d4b48?s=96&d=mm&r=g\",\"caption\":\"Contenidos El Regional\"},\"url\":\"https:\/\/elregionalvm.com.ar\/noticias-villa-maria\/author\/contenido\/\"}]}<\/script>\n<!-- \/ Yoast SEO plugin. -->","yoast_head_json":{"title":"Qui\u00e9nes son los 10 j\u00f3venes argentinos sobresalientes, reconocidos en Villa Mar\u00eda - El Regional","robots":{"index":"index","follow":"follow","max-snippet":"max-snippet:-1","max-image-preview":"max-image-preview:large","max-video-preview":"max-video-preview:-1"},"canonical":"http:\/\/elregionalvm.com.ar\/noticias-villa-maria\/quienes-son-los-10-jovenes-argentinos-sobresalientes-reconocidos-en-villa-maria\/","og_locale":"es_ES","og_type":"article","og_title":"Qui\u00e9nes son los 10 j\u00f3venes argentinos sobresalientes, reconocidos en Villa Mar\u00eda - El Regional","og_description":"Diez j\u00f3venes de diferentes provincias de nuestro pa\u00eds recibieron en Villa Mar\u00eda el reconocimiento como \u201csobresalientes\u201d. La ciudad fue por primera vez sede de esta gran premiaci\u00f3n a nivel nacional y reconocida a nivel mundial, que ya tiene 20 a\u00f1os. La jornada se realiz\u00f3 porque durante el s\u00e1bado 9 y el domingo 10 se realiz\u00f3 [&hellip;]","og_url":"http:\/\/elregionalvm.com.ar\/noticias-villa-maria\/quienes-son-los-10-jovenes-argentinos-sobresalientes-reconocidos-en-villa-maria\/","og_site_name":"El Regional","article_publisher":"https:\/\/www.facebook.com\/elregionalvm","article_published_time":"2022-07-11T01:55:34+00:00","article_modified_time":"2022-07-11T02:57:41+00:00","og_image":[{"width":1600,"height":900,"url":"http:\/\/elregionalvm.com.ar\/noticias-villa-maria\/wp-content\/uploads\/2022\/07\/10-jovenes-sobresalientes-2022.jpeg","type":"image\/jpeg"}],"author":"Contenidos El Regional","twitter_card":"summary_large_image","twitter_creator":"@elregionalvm1","twitter_site":"@elregionalvm1","twitter_misc":{"Escrito por":"Contenidos El Regional","Tiempo de lectura":"2 minutos"},"schema":{"@context":"https:\/\/schema.org","@graph":[{"@type":"Article","@id":"http:\/\/elregionalvm.com.ar\/noticias-villa-maria\/quienes-son-los-10-jovenes-argentinos-sobresalientes-reconocidos-en-villa-maria\/#article","isPartOf":{"@id":"http:\/\/elregionalvm.com.ar\/noticias-villa-maria\/quienes-son-los-10-jovenes-argentinos-sobresalientes-reconocidos-en-villa-maria\/"},"author":{"name":"Contenidos El Regional","@id":"http:\/\/elregionalvm.com.ar\/noticias-villa-maria\/#\/schema\/person\/a0fb9c422317faca23d50163151bc354"},"headline":"Qui\u00e9nes son los 10 j\u00f3venes argentinos sobresalientes, reconocidos en Villa Mar\u00eda","datePublished":"2022-07-11T01:55:34+00:00","dateModified":"2022-07-11T02:57:41+00:00","mainEntityOfPage":{"@id":"http:\/\/elregionalvm.com.ar\/noticias-villa-maria\/quienes-son-los-10-jovenes-argentinos-sobresalientes-reconocidos-en-villa-maria\/"},"wordCount":417,"commentCount":0,"image":{"@id":"http:\/\/elregionalvm.com.ar\/noticias-villa-maria\/quienes-son-los-10-jovenes-argentinos-sobresalientes-reconocidos-en-villa-maria\/#primaryimage"},"thumbnailUrl":"https:\/\/i0.wp.com\/elregionalvm.com.ar\/noticias-villa-maria\/wp-content\/uploads\/2022\/07\/10-jovenes-sobresalientes-2022.jpeg?fit=1600%2C900&ssl=1","keywords":["Aerca","expertiz","futuro","Ignacio Tovo","JCI","J\u00f3venes sobresalientes","Lider Up","Proyectos","reconocimiento"],"articleSection":["destacado","Villa Mar\u00eda"],"inLanguage":"es","potentialAction":[{"@type":"CommentAction","name":"Comment","target":["http:\/\/elregionalvm.com.ar\/noticias-villa-maria\/quienes-son-los-10-jovenes-argentinos-sobresalientes-reconocidos-en-villa-maria\/#respond"]}]},{"@type":"WebPage","@id":"http:\/\/elregionalvm.com.ar\/noticias-villa-maria\/quienes-son-los-10-jovenes-argentinos-sobresalientes-reconocidos-en-villa-maria\/","url":"http:\/\/elregionalvm.com.ar\/noticias-villa-maria\/quienes-son-los-10-jovenes-argentinos-sobresalientes-reconocidos-en-villa-maria\/","name":"Qui\u00e9nes son los 10 j\u00f3venes argentinos sobresalientes, reconocidos en Villa Mar\u00eda - El Regional","isPartOf":{"@id":"http:\/\/elregionalvm.com.ar\/noticias-villa-maria\/#website"},"primaryImageOfPage":{"@id":"http:\/\/elregionalvm.com.ar\/noticias-villa-maria\/quienes-son-los-10-jovenes-argentinos-sobresalientes-reconocidos-en-villa-maria\/#primaryimage"},"image":{"@id":"http:\/\/elregionalvm.com.ar\/noticias-villa-maria\/quienes-son-los-10-jovenes-argentinos-sobresalientes-reconocidos-en-villa-maria\/#primaryimage"},"thumbnailUrl":"https:\/\/i0.wp.com\/elregionalvm.com.ar\/noticias-villa-maria\/wp-content\/uploads\/2022\/07\/10-jovenes-sobresalientes-2022.jpeg?fit=1600%2C900&ssl=1","datePublished":"2022-07-11T01:55:34+00:00","dateModified":"2022-07-11T02:57:41+00:00","author":{"@id":"http:\/\/elregionalvm.com.ar\/noticias-villa-maria\/#\/schema\/person\/a0fb9c422317faca23d50163151bc354"},"breadcrumb":{"@id":"http:\/\/elregionalvm.com.ar\/noticias-villa-maria\/quienes-son-los-10-jovenes-argentinos-sobresalientes-reconocidos-en-villa-maria\/#breadcrumb"},"inLanguage":"es","potentialAction":[{"@type":"ReadAction","target":["http:\/\/elregionalvm.com.ar\/noticias-villa-maria\/quienes-son-los-10-jovenes-argentinos-sobresalientes-reconocidos-en-villa-maria\/"]}]},{"@type":"ImageObject","inLanguage":"es","@id":"http:\/\/elregionalvm.com.ar\/noticias-villa-maria\/quienes-son-los-10-jovenes-argentinos-sobresalientes-reconocidos-en-villa-maria\/#primaryimage","url":"https:\/\/i0.wp.com\/elregionalvm.com.ar\/noticias-villa-maria\/wp-content\/uploads\/2022\/07\/10-jovenes-sobresalientes-2022.jpeg?fit=1600%2C900&ssl=1","contentUrl":"https:\/\/i0.wp.com\/elregionalvm.com.ar\/noticias-villa-maria\/wp-content\/uploads\/2022\/07\/10-jovenes-sobresalientes-2022.jpeg?fit=1600%2C900&ssl=1","width":1600,"height":900},{"@type":"BreadcrumbList","@id":"http:\/\/elregionalvm.com.ar\/noticias-villa-maria\/quienes-son-los-10-jovenes-argentinos-sobresalientes-reconocidos-en-villa-maria\/#breadcrumb","itemListElement":[{"@type":"ListItem","position":1,"name":"Portada","item":"https:\/\/elregionalvm.com.ar\/noticias-villa-maria\/"},{"@type":"ListItem","position":2,"name":"Qui\u00e9nes son los 10 j\u00f3venes argentinos sobresalientes, reconocidos en Villa Mar\u00eda"}]},{"@type":"WebSite","@id":"http:\/\/elregionalvm.com.ar\/noticias-villa-maria\/#website","url":"http:\/\/elregionalvm.com.ar\/noticias-villa-maria\/","name":"El Regional","description":"Mucho m\u00e1s que informaci\u00f3n","potentialAction":[{"@type":"SearchAction","target":{"@type":"EntryPoint","urlTemplate":"http:\/\/elregionalvm.com.ar\/noticias-villa-maria\/?s={search_term_string}"},"query-input":{"@type":"PropertyValueSpecification","valueRequired":true,"valueName":"search_term_string"}}],"inLanguage":"es"},{"@type":"Person","@id":"http:\/\/elregionalvm.com.ar\/noticias-villa-maria\/#\/schema\/person\/a0fb9c422317faca23d50163151bc354","name":"Contenidos El Regional","image":{"@type":"ImageObject","inLanguage":"es","@id":"http:\/\/elregionalvm.com.ar\/noticias-villa-maria\/#\/schema\/person\/image\/","url":"https:\/\/secure.gravatar.com\/avatar\/265b27cb2209af7bb3a1318f03305787d7981a5cc6e6cd08fe5a4ecdf99d4b48?s=96&d=mm&r=g","contentUrl":"https:\/\/secure.gravatar.com\/avatar\/265b27cb2209af7bb3a1318f03305787d7981a5cc6e6cd08fe5a4ecdf99d4b48?s=96&d=mm&r=g","caption":"Contenidos El Regional"},"url":"https:\/\/elregionalvm.com.ar\/noticias-villa-maria\/author\/contenido\/"}]}},"jetpack_featured_media_url":"https:\/\/i0.wp.com\/elregionalvm.com.ar\/noticias-villa-maria\/wp-content\/uploads\/2022\/07\/10-jovenes-sobresalientes-2022.jpeg?fit=1600%2C900&ssl=1","jetpack_sharing_enabled":true,"_links":{"self":[{"href":"https:\/\/elregionalvm.com.ar\/noticias-villa-maria\/wp-json\/wp\/v2\/posts\/60428","targetHints":{"allow":["GET"]}}],"collection":[{"href":"https:\/\/elregionalvm.com.ar\/noticias-villa-maria\/wp-json\/wp\/v2\/posts"}],"about":[{"href":"https:\/\/elregionalvm.com.ar\/noticias-villa-maria\/wp-json\/wp\/v2\/types\/post"}],"author":[{"embeddable":true,"href":"https:\/\/elregionalvm.com.ar\/noticias-villa-maria\/wp-json\/wp\/v2\/users\/4"}],"replies":[{"embeddable":true,"href":"https:\/\/elregionalvm.com.ar\/noticias-villa-maria\/wp-json\/wp\/v2\/comments?post=60428"}],"version-history":[{"count":3,"href":"https:\/\/elregionalvm.com.ar\/noticias-villa-maria\/wp-json\/wp\/v2\/posts\/60428\/revisions"}],"predecessor-version":[{"id":60446,"href":"https:\/\/elregionalvm.com.ar\/noticias-villa-maria\/wp-json\/wp\/v2\/posts\/60428\/revisions\/60446"}],"wp:featuredmedia":[{"embeddable":true,"href":"https:\/\/elregionalvm.com.ar\/noticias-villa-maria\/wp-json\/wp\/v2\/media\/60430"}],"wp:attachment":[{"href":"https:\/\/elregionalvm.com.ar\/noticias-villa-maria\/wp-json\/wp\/v2\/media?parent=60428"}],"wp:term":[{"taxonomy":"category","embeddable":true,"href":"https:\/\/elregionalvm.com.ar\/noticias-villa-maria\/wp-json\/wp\/v2\/categories?post=60428"},{"taxonomy":"post_tag","embeddable":true,"href":"https:\/\/elregionalvm.com.ar\/noticias-villa-maria\/wp-json\/wp\/v2\/tags?post=60428"}],"curies":[{"name":"wp","href":"https:\/\/api.w.org\/{rel}","templated":true}]}}