{"id":60433,"date":"2022-07-11T02:16:09","date_gmt":"2022-07-11T02:16:09","guid":{"rendered":"https:\/\/elregionalvm.com.ar\/noticias-villa-maria\/?p=60433"},"modified":"2022-07-12T21:23:56","modified_gmt":"2022-07-12T21:23:56","slug":"opinion-festival-de-leliqs-para-diferir-el-ordenamiento-del-estado","status":"publish","type":"post","link":"https:\/\/elregionalvm.com.ar\/noticias-villa-maria\/opinion-festival-de-leliqs-para-diferir-el-ordenamiento-del-estado\/","title":{"rendered":"[Opini\u00f3n] Festival de Leliqs para diferir el ordenamiento del Estado"},"content":{"rendered":"\n<p><\/p>\n\n\n\n<p><strong>La aceleraci\u00f3n inflacionaria que se avecina no es nueva. Es el resultado de apostar a posponer el ordenamiento del Estado, financiando el d\u00e9ficit con emisi\u00f3n y deuda. Ya le pas\u00f3 al gobierno de Cristina Kirchner y de Cambiemos. La duda ahora es si la oposici\u00f3n esta vez est\u00e1 preparada y dispuesta a ordenar el Estado.\u00a0<\/strong><\/p>\n\n\n\n<p>Las Leliqs es una palabra que ya se instal\u00f3 en boca de los ciudadanos comunes gracias a la crisis econ\u00f3mica.<\/p>\n\n\n\n<p>El desequilibrio en las cuentas p\u00fablicas puede ser financiado de dos maneras: con emisi\u00f3n de t\u00edtulos p\u00fablicos o con emisi\u00f3n de moneda. Como la emisi\u00f3n de moneda presiona sobre los precios, el Banco Central le vende Leliqs a los bancos comerciales.<\/p>\n\n\n\n<p>Los bancos, en lugar de prestar a las empresas o a las familias la plata que reciben de los dep\u00f3sitos de sus clientes, se la prestan al Banco Central con la compra de Leliqs.<\/p>\n\n\n\n<p>Esta operaci\u00f3n se denomina \u201cesterilizar\u201d porque saca del mercado la emisi\u00f3n monetaria excedente a los fines de evitar su impacto inflacionario.<\/p>\n\n\n\n<p><\/p>\n\n\n\n<figure class=\"wp-block-embed is-type-wp-embed is-provider-el-regional wp-block-embed-el-regional\"><div class=\"wp-block-embed__wrapper\">\n<blockquote class=\"wp-embedded-content\" data-secret=\"mYusAGsemu\"><a href=\"https:\/\/elregionalvm.com.ar\/noticias-villa-maria\/nuevo-esquema-de-tarifas-se-continuara-subsidiando-a-familias-de-altos-y-medios-ingresos\/\">Nuevo esquema de tarifas: Se continuar\u00e1 subsidiando a familias de altos y medios ingresos<\/a><\/blockquote><iframe class=\"wp-embedded-content\" sandbox=\"allow-scripts\" security=\"restricted\" style=\"position: absolute; visibility: hidden;\" title=\"\u00abNuevo esquema de tarifas: Se continuar\u00e1 subsidiando a familias de altos y medios ingresos\u00bb \u2014 El Regional\" src=\"https:\/\/elregionalvm.com.ar\/noticias-villa-maria\/nuevo-esquema-de-tarifas-se-continuara-subsidiando-a-familias-de-altos-y-medios-ingresos\/embed\/#?secret=63zTMJtQN6#?secret=mYusAGsemu\" data-secret=\"mYusAGsemu\" width=\"500\" height=\"282\" frameborder=\"0\" marginwidth=\"0\" marginheight=\"0\" scrolling=\"no\"><\/iframe>\n<\/div><\/figure>\n\n\n\n<p><\/p>\n\n\n\n<p><strong>\u201cEsterilizar\u201d con Leliqs no es gratuito.<\/strong><\/p>\n\n\n\n<p>El Central tiene que pagar intereses a los bancos comerciales. A medida que m\u00e1s Leliqs emite, mayores son los intereses. Esto se suma a la emisi\u00f3n monetaria que demanda el financiamiento del d\u00e9ficit fiscal.<\/p>\n\n\n\n<p>El resultado es m\u00e1s emisi\u00f3n de pesos y mayor necesidad de \u201cesterilizar\u201d. Cuando la expansi\u00f3n de emisi\u00f3n llega al punto de saturaci\u00f3n se produce una corrida cambiaria. Es decir, la gente huye de los pesos y corre a comprar d\u00f3lares.<\/p>\n\n\n\n<p><\/p>\n\n\n\n<figure class=\"wp-block-image size-full\"><img data-recalc-dims=\"1\" fetchpriority=\"high\" decoding=\"async\" width=\"870\" height=\"326\" src=\"https:\/\/i0.wp.com\/elregionalvm.com.ar\/noticias-villa-maria\/wp-content\/uploads\/2022\/07\/Captura-2.jpg?resize=870%2C326&#038;ssl=1\" alt=\"\" class=\"wp-image-60434\" srcset=\"https:\/\/i0.wp.com\/elregionalvm.com.ar\/noticias-villa-maria\/wp-content\/uploads\/2022\/07\/Captura-2.jpg?w=870&amp;ssl=1 870w, https:\/\/i0.wp.com\/elregionalvm.com.ar\/noticias-villa-maria\/wp-content\/uploads\/2022\/07\/Captura-2.jpg?resize=300%2C112&amp;ssl=1 300w, https:\/\/i0.wp.com\/elregionalvm.com.ar\/noticias-villa-maria\/wp-content\/uploads\/2022\/07\/Captura-2.jpg?resize=768%2C288&amp;ssl=1 768w\" sizes=\"(max-width: 870px) 100vw, 870px\" \/><\/figure>\n\n\n\n<p><\/p>\n\n\n\n<p><strong>\u00bfCu\u00e1n lejos se est\u00e1 del punto de saturaci\u00f3n?<\/strong><\/p>\n\n\n\n<p>Como referencia cercana sirve la crisis cambiaria en abril del 2018. En diciembre del 2017 las Leliqs (en esa \u00e9poca Lebacs) superaron el 10% del PBI. Haciendo un seguimiento en este sentido, con datos del Banco Central se observa que en los \u00faltimos 45 d\u00edas las Leliqs:<\/p>\n\n\n\n<ul class=\"wp-block-list\"><li>Al 31 de mayo del 2022 representaban el 7,4% del PBI<\/li><\/ul>\n\n\n\n<ul class=\"wp-block-list\"><li>Al 30 de junio del 2022 eran el 8,8% del PBI<\/li><\/ul>\n\n\n\n<ul class=\"wp-block-list\"><li>El 7 de julio del 2022 subieron a 9,1% del PBI<\/li><\/ul>\n\n\n\n<p>Estos datos muestran que el crecimiento de las Leliqs se ha acelerado en el \u00faltimo mes. Un factor clave es que el gobierno no pudo renovar de manera voluntaria la totalidad de los t\u00edtulos p\u00fablicos que venc\u00edan en junio.<\/p>\n\n\n\n<p>Ante la desconfianza de los privados, el Banco Central tuvo que emitir dinero extra \u2013al que ya tiene programado para financiar al Tesoro\u2013 para comprar t\u00edtulos p\u00fablicos del Tesoro. Esto delata que el financiamiento del d\u00e9ficit fiscal colocando t\u00edtulos p\u00fablicos a privados est\u00e1 saturado, quedando la emisi\u00f3n monetaria como \u00fanica fuente de financiamiento. El Banco Central no tuvo otra alternativa que salir a morigerar el impacto inflacionario de esta emisi\u00f3n adicional multiplicando las Leliqs.<\/p>\n\n\n\n<p><\/p>\n\n\n\n<figure class=\"wp-block-embed is-type-wp-embed is-provider-el-regional wp-block-embed-el-regional\"><div class=\"wp-block-embed__wrapper\">\n<blockquote class=\"wp-embedded-content\" data-secret=\"lCX1NJXDIP\"><a href=\"https:\/\/elregionalvm.com.ar\/noticias-villa-maria\/crisis-politica-y-economia-en-llamas-sobra-incertidumbre-y-falta-credibilidad-segun-analistas-locales\/\">[Crisis pol\u00edtica y econom\u00eda en llamas] Sobra incertidumbre y falta credibilidad seg\u00fan analistas locales<\/a><\/blockquote><iframe class=\"wp-embedded-content\" sandbox=\"allow-scripts\" security=\"restricted\" style=\"position: absolute; visibility: hidden;\" title=\"\u00ab[Crisis pol\u00edtica y econom\u00eda en llamas] Sobra incertidumbre y falta credibilidad seg\u00fan analistas locales\u00bb \u2014 El Regional\" src=\"https:\/\/elregionalvm.com.ar\/noticias-villa-maria\/crisis-politica-y-economia-en-llamas-sobra-incertidumbre-y-falta-credibilidad-segun-analistas-locales\/embed\/#?secret=0x8CR8srrr#?secret=lCX1NJXDIP\" data-secret=\"lCX1NJXDIP\" width=\"500\" height=\"282\" frameborder=\"0\" marginwidth=\"0\" marginheight=\"0\" scrolling=\"no\"><\/iframe>\n<\/div><\/figure>\n\n\n\n<p><\/p>\n\n\n\n<p><strong>Sin ordenamiento<\/strong><\/p>\n\n\n\n<p>El problema de fondo es que todos los gobiernos eluden el ordenamiento del Estado. Si las cuentas p\u00fablicas estuvieran en equilibrio no habr\u00eda necesidad de emitir Leliqs.<\/p>\n\n\n\n<p>El uso intenso de las Leliqs comenz\u00f3 en el 2013 para seguir financiando el creciente d\u00e9ficit fiscal, y fue determinante en el \u201cFabregazo\u201d del 2014.<\/p>\n\n\n\n<p>El gobierno de Cambiemos continu\u00f3 posponiendo el ordenamiento del Estado y apel\u00f3 a emitir masivamente Leliqs hasta la crisis cambiaria de abril del 2018.<\/p>\n\n\n\n<p>Se hace un tercer intento de posponer el ordenamiento del Estado, esta vez bajo la tutela del FMI y el compromiso de no emitir dinero para el d\u00e9ficit fiscal, que termin\u00f3 en agosto del 2019 con el \u201creperfilamiento\u201d de la deuda.<\/p>\n\n\n\n<p>El actual gobierno continu\u00f3 con la postergaci\u00f3n del ordenamiento del Estado llevando las Leliqs al actual nivel insostenible.<\/p>\n\n\n\n<p>El escenario a corto plazo es de mayor inestabilidad cambiaria y aceleraci\u00f3n inflacionaria. Mientras m\u00e1s d\u00e9bil sea la conducci\u00f3n pol\u00edtica y mayor la impericia t\u00e9cnica, mayores ser\u00e1n los traumas derivados de la saturaci\u00f3n de las Leliqs.<\/p>\n\n\n\n<p>Ayudar\u00eda mucho que se clarifique el liderazgo en la coalici\u00f3n de gobierno y que se asuma que es inviable seguir posponiendo el ordenamiento del Estado con la emisi\u00f3n de Leliqs. Particularmente cr\u00edtico y prioritario es cambiar la administraci\u00f3n tan irracional de las tarifas de energ\u00eda y transporte.<\/p>\n\n\n\n<p>Lo que haga el gobierno actual para salir de la encrucijada es muy importante. Pero m\u00e1s trascendente es c\u00f3mo se prepara el pr\u00f3ximo gobierno. Si sigue prevaleciendo la idea de que el ordenamiento del Estado se puede posponer con manejos monetarios, seguir\u00e1n las crisis.<\/p>\n\n\n\n<p>Por el contrario, si se aprovecha el tiempo que falta para el cambio de gobierno para preparar transformaciones disruptivas en la organizaci\u00f3n del Estado, a fin de ordenarlo integralmente, hay fundamentos para la esperanza.<\/p>\n\n\n\n<p><\/p>\n\n\n\n<p><strong>Informe: Idesa<\/strong><\/p>\n","protected":false},"excerpt":{"rendered":"<p>La aceleraci\u00f3n inflacionaria que se avecina no es nueva. Es el resultado de apostar a posponer el ordenamiento del Estado, financiando el d\u00e9ficit con emisi\u00f3n y deuda. Ya le pas\u00f3 al gobierno de Cristina Kirchner y de Cambiemos. La duda ahora es si la oposici\u00f3n esta vez est\u00e1 preparada y dispuesta a ordenar el Estado.\u00a0 [&hellip;]<\/p>\n","protected":false},"author":4,"featured_media":35473,"comment_status":"open","ping_status":"open","sticky":false,"template":"","format":"standard","meta":{"site-sidebar-layout":"default","site-content-layout":"","ast-site-content-layout":"default","site-content-style":"default","site-sidebar-style":"default","ast-global-header-display":"","ast-banner-title-visibility":"","ast-main-header-display":"","ast-hfb-above-header-display":"","ast-hfb-below-header-display":"","ast-hfb-mobile-header-display":"","site-post-title":"","ast-breadcrumbs-content":"","ast-featured-img":"","footer-sml-layout":"","ast-disable-related-posts":"","theme-transparent-header-meta":"","adv-header-id-meta":"","stick-header-meta":"","header-above-stick-meta":"","header-main-stick-meta":"","header-below-stick-meta":"","astra-migrate-meta-layouts":"default","ast-page-background-enabled":"default","ast-page-background-meta":{"desktop":{"background-color":"","background-image":"","background-repeat":"repeat","background-position":"center center","background-size":"auto","background-attachment":"scroll","background-type":"","background-media":"","overlay-type":"","overlay-color":"","overlay-opacity":"","overlay-gradient":""},"tablet":{"background-color":"","background-image":"","background-repeat":"repeat","background-position":"center center","background-size":"auto","background-attachment":"scroll","background-type":"","background-media":"","overlay-type":"","overlay-color":"","overlay-opacity":"","overlay-gradient":""},"mobile":{"background-color":"","background-image":"","background-repeat":"repeat","background-position":"center center","background-size":"auto","background-attachment":"scroll","background-type":"","background-media":"","overlay-type":"","overlay-color":"","overlay-opacity":"","overlay-gradient":""}},"ast-content-background-meta":{"desktop":{"background-color":"var(--ast-global-color-5)","background-image":"","background-repeat":"repeat","background-position":"center center","background-size":"auto","background-attachment":"scroll","background-type":"","background-media":"","overlay-type":"","overlay-color":"","overlay-opacity":"","overlay-gradient":""},"tablet":{"background-color":"var(--ast-global-color-5)","background-image":"","background-repeat":"repeat","background-position":"center center","background-size":"auto","background-attachment":"scroll","background-type":"","background-media":"","overlay-type":"","overlay-color":"","overlay-opacity":"","overlay-gradient":""},"mobile":{"background-color":"var(--ast-global-color-5)","background-image":"","background-repeat":"repeat","background-position":"center center","background-size":"auto","background-attachment":"scroll","background-type":"","background-media":"","overlay-type":"","overlay-color":"","overlay-opacity":"","overlay-gradient":""}},"_jetpack_memberships_contains_paid_content":false,"_joinchat":[],"footnotes":""},"categories":[365,3557],"tags":[1594,3280,814,546,505,13736,4606,1973,2467,11366,16613,2575],"class_list":["post-60433","post","type-post","status-publish","format-standard","has-post-thumbnail","hentry","category-opinion","category-tercera","tag-alberto-fernandez","tag-banco-central","tag-crisis","tag-cristina-fernandez","tag-economia","tag-emision","tag-festival","tag-idesa","tag-inflacion","tag-leliq","tag-ordenamiento-del-destado","tag-tesoro"],"yoast_head":"<!-- This site is optimized with the Yoast SEO plugin v26.8 - https:\/\/yoast.com\/product\/yoast-seo-wordpress\/ -->\n<title>[Opini\u00f3n] Festival de Leliqs para diferir el ordenamiento del Estado - El Regional<\/title>\n<meta name=\"robots\" content=\"index, follow, max-snippet:-1, max-image-preview:large, max-video-preview:-1\" \/>\n<link rel=\"canonical\" href=\"http:\/\/elregionalvm.com.ar\/noticias-villa-maria\/opinion-festival-de-leliqs-para-diferir-el-ordenamiento-del-estado\/\" \/>\n<meta property=\"og:locale\" content=\"es_ES\" \/>\n<meta property=\"og:type\" content=\"article\" \/>\n<meta property=\"og:title\" content=\"[Opini\u00f3n] Festival de Leliqs para diferir el ordenamiento del Estado - El Regional\" \/>\n<meta property=\"og:description\" content=\"La aceleraci\u00f3n inflacionaria que se avecina no es nueva. Es el resultado de apostar a posponer el ordenamiento del Estado, financiando el d\u00e9ficit con emisi\u00f3n y deuda. Ya le pas\u00f3 al gobierno de Cristina Kirchner y de Cambiemos. La duda ahora es si la oposici\u00f3n esta vez est\u00e1 preparada y dispuesta a ordenar el Estado.\u00a0 [&hellip;]\" \/>\n<meta property=\"og:url\" content=\"http:\/\/elregionalvm.com.ar\/noticias-villa-maria\/opinion-festival-de-leliqs-para-diferir-el-ordenamiento-del-estado\/\" \/>\n<meta property=\"og:site_name\" content=\"El Regional\" \/>\n<meta property=\"article:publisher\" content=\"https:\/\/www.facebook.com\/elregionalvm\" \/>\n<meta property=\"article:published_time\" content=\"2022-07-11T02:16:09+00:00\" \/>\n<meta property=\"article:modified_time\" content=\"2022-07-12T21:23:56+00:00\" \/>\n<meta property=\"og:image\" content=\"http:\/\/elregionalvm.com.ar\/noticias-villa-maria\/wp-content\/uploads\/2021\/04\/Banco-Central-de-la-Republica-Argentina.jpg\" \/>\n\t<meta property=\"og:image:width\" content=\"642\" \/>\n\t<meta property=\"og:image:height\" content=\"514\" \/>\n\t<meta property=\"og:image:type\" content=\"image\/jpeg\" \/>\n<meta name=\"author\" content=\"Contenidos El Regional\" \/>\n<meta name=\"twitter:card\" content=\"summary_large_image\" \/>\n<meta name=\"twitter:creator\" content=\"@elregionalvm1\" \/>\n<meta name=\"twitter:site\" content=\"@elregionalvm1\" \/>\n<meta name=\"twitter:label1\" content=\"Escrito por\" \/>\n\t<meta name=\"twitter:data1\" content=\"Contenidos El Regional\" \/>\n\t<meta name=\"twitter:label2\" content=\"Tiempo de lectura\" \/>\n\t<meta name=\"twitter:data2\" content=\"4 minutos\" \/>\n<script type=\"application\/ld+json\" class=\"yoast-schema-graph\">{\"@context\":\"https:\/\/schema.org\",\"@graph\":[{\"@type\":\"Article\",\"@id\":\"http:\/\/elregionalvm.com.ar\/noticias-villa-maria\/opinion-festival-de-leliqs-para-diferir-el-ordenamiento-del-estado\/#article\",\"isPartOf\":{\"@id\":\"http:\/\/elregionalvm.com.ar\/noticias-villa-maria\/opinion-festival-de-leliqs-para-diferir-el-ordenamiento-del-estado\/\"},\"author\":{\"name\":\"Contenidos El Regional\",\"@id\":\"http:\/\/elregionalvm.com.ar\/noticias-villa-maria\/#\/schema\/person\/a0fb9c422317faca23d50163151bc354\"},\"headline\":\"[Opini\u00f3n] Festival de Leliqs para diferir el ordenamiento del Estado\",\"datePublished\":\"2022-07-11T02:16:09+00:00\",\"dateModified\":\"2022-07-12T21:23:56+00:00\",\"mainEntityOfPage\":{\"@id\":\"http:\/\/elregionalvm.com.ar\/noticias-villa-maria\/opinion-festival-de-leliqs-para-diferir-el-ordenamiento-del-estado\/\"},\"wordCount\":818,\"commentCount\":0,\"image\":{\"@id\":\"http:\/\/elregionalvm.com.ar\/noticias-villa-maria\/opinion-festival-de-leliqs-para-diferir-el-ordenamiento-del-estado\/#primaryimage\"},\"thumbnailUrl\":\"https:\/\/i0.wp.com\/elregionalvm.com.ar\/noticias-villa-maria\/wp-content\/uploads\/2021\/04\/Banco-Central-de-la-Republica-Argentina.jpg?fit=642%2C514&ssl=1\",\"keywords\":[\"Alberto Fern\u00e1ndez\",\"Banco Central\",\"crisis\",\"Cristina Fern\u00e1ndez\",\"Econom\u00eda\",\"emisi\u00f3n\",\"Festival\",\"IDESA\",\"Inflaci\u00f3n\",\"Leliq\",\"ordenamiento del destado\",\"Tesoro\"],\"articleSection\":[\"Opini\u00f3n\",\"tercera\"],\"inLanguage\":\"es\",\"potentialAction\":[{\"@type\":\"CommentAction\",\"name\":\"Comment\",\"target\":[\"http:\/\/elregionalvm.com.ar\/noticias-villa-maria\/opinion-festival-de-leliqs-para-diferir-el-ordenamiento-del-estado\/#respond\"]}]},{\"@type\":\"WebPage\",\"@id\":\"http:\/\/elregionalvm.com.ar\/noticias-villa-maria\/opinion-festival-de-leliqs-para-diferir-el-ordenamiento-del-estado\/\",\"url\":\"http:\/\/elregionalvm.com.ar\/noticias-villa-maria\/opinion-festival-de-leliqs-para-diferir-el-ordenamiento-del-estado\/\",\"name\":\"[Opini\u00f3n] Festival de Leliqs para diferir el ordenamiento del Estado - El Regional\",\"isPartOf\":{\"@id\":\"http:\/\/elregionalvm.com.ar\/noticias-villa-maria\/#website\"},\"primaryImageOfPage\":{\"@id\":\"http:\/\/elregionalvm.com.ar\/noticias-villa-maria\/opinion-festival-de-leliqs-para-diferir-el-ordenamiento-del-estado\/#primaryimage\"},\"image\":{\"@id\":\"http:\/\/elregionalvm.com.ar\/noticias-villa-maria\/opinion-festival-de-leliqs-para-diferir-el-ordenamiento-del-estado\/#primaryimage\"},\"thumbnailUrl\":\"https:\/\/i0.wp.com\/elregionalvm.com.ar\/noticias-villa-maria\/wp-content\/uploads\/2021\/04\/Banco-Central-de-la-Republica-Argentina.jpg?fit=642%2C514&ssl=1\",\"datePublished\":\"2022-07-11T02:16:09+00:00\",\"dateModified\":\"2022-07-12T21:23:56+00:00\",\"author\":{\"@id\":\"http:\/\/elregionalvm.com.ar\/noticias-villa-maria\/#\/schema\/person\/a0fb9c422317faca23d50163151bc354\"},\"breadcrumb\":{\"@id\":\"http:\/\/elregionalvm.com.ar\/noticias-villa-maria\/opinion-festival-de-leliqs-para-diferir-el-ordenamiento-del-estado\/#breadcrumb\"},\"inLanguage\":\"es\",\"potentialAction\":[{\"@type\":\"ReadAction\",\"target\":[\"http:\/\/elregionalvm.com.ar\/noticias-villa-maria\/opinion-festival-de-leliqs-para-diferir-el-ordenamiento-del-estado\/\"]}]},{\"@type\":\"ImageObject\",\"inLanguage\":\"es\",\"@id\":\"http:\/\/elregionalvm.com.ar\/noticias-villa-maria\/opinion-festival-de-leliqs-para-diferir-el-ordenamiento-del-estado\/#primaryimage\",\"url\":\"https:\/\/i0.wp.com\/elregionalvm.com.ar\/noticias-villa-maria\/wp-content\/uploads\/2021\/04\/Banco-Central-de-la-Republica-Argentina.jpg?fit=642%2C514&ssl=1\",\"contentUrl\":\"https:\/\/i0.wp.com\/elregionalvm.com.ar\/noticias-villa-maria\/wp-content\/uploads\/2021\/04\/Banco-Central-de-la-Republica-Argentina.jpg?fit=642%2C514&ssl=1\",\"width\":642,\"height\":514},{\"@type\":\"BreadcrumbList\",\"@id\":\"http:\/\/elregionalvm.com.ar\/noticias-villa-maria\/opinion-festival-de-leliqs-para-diferir-el-ordenamiento-del-estado\/#breadcrumb\",\"itemListElement\":[{\"@type\":\"ListItem\",\"position\":1,\"name\":\"Portada\",\"item\":\"https:\/\/elregionalvm.com.ar\/noticias-villa-maria\/\"},{\"@type\":\"ListItem\",\"position\":2,\"name\":\"[Opini\u00f3n] Festival de Leliqs para diferir el ordenamiento del Estado\"}]},{\"@type\":\"WebSite\",\"@id\":\"http:\/\/elregionalvm.com.ar\/noticias-villa-maria\/#website\",\"url\":\"http:\/\/elregionalvm.com.ar\/noticias-villa-maria\/\",\"name\":\"El Regional\",\"description\":\"Mucho m\u00e1s que informaci\u00f3n\",\"potentialAction\":[{\"@type\":\"SearchAction\",\"target\":{\"@type\":\"EntryPoint\",\"urlTemplate\":\"http:\/\/elregionalvm.com.ar\/noticias-villa-maria\/?s={search_term_string}\"},\"query-input\":{\"@type\":\"PropertyValueSpecification\",\"valueRequired\":true,\"valueName\":\"search_term_string\"}}],\"inLanguage\":\"es\"},{\"@type\":\"Person\",\"@id\":\"http:\/\/elregionalvm.com.ar\/noticias-villa-maria\/#\/schema\/person\/a0fb9c422317faca23d50163151bc354\",\"name\":\"Contenidos El Regional\",\"image\":{\"@type\":\"ImageObject\",\"inLanguage\":\"es\",\"@id\":\"http:\/\/elregionalvm.com.ar\/noticias-villa-maria\/#\/schema\/person\/image\/\",\"url\":\"https:\/\/secure.gravatar.com\/avatar\/265b27cb2209af7bb3a1318f03305787d7981a5cc6e6cd08fe5a4ecdf99d4b48?s=96&d=mm&r=g\",\"contentUrl\":\"https:\/\/secure.gravatar.com\/avatar\/265b27cb2209af7bb3a1318f03305787d7981a5cc6e6cd08fe5a4ecdf99d4b48?s=96&d=mm&r=g\",\"caption\":\"Contenidos El Regional\"},\"url\":\"https:\/\/elregionalvm.com.ar\/noticias-villa-maria\/author\/contenido\/\"}]}<\/script>\n<!-- \/ Yoast SEO plugin. -->","yoast_head_json":{"title":"[Opini\u00f3n] Festival de Leliqs para diferir el ordenamiento del Estado - El Regional","robots":{"index":"index","follow":"follow","max-snippet":"max-snippet:-1","max-image-preview":"max-image-preview:large","max-video-preview":"max-video-preview:-1"},"canonical":"http:\/\/elregionalvm.com.ar\/noticias-villa-maria\/opinion-festival-de-leliqs-para-diferir-el-ordenamiento-del-estado\/","og_locale":"es_ES","og_type":"article","og_title":"[Opini\u00f3n] Festival de Leliqs para diferir el ordenamiento del Estado - El Regional","og_description":"La aceleraci\u00f3n inflacionaria que se avecina no es nueva. Es el resultado de apostar a posponer el ordenamiento del Estado, financiando el d\u00e9ficit con emisi\u00f3n y deuda. Ya le pas\u00f3 al gobierno de Cristina Kirchner y de Cambiemos. La duda ahora es si la oposici\u00f3n esta vez est\u00e1 preparada y dispuesta a ordenar el Estado.\u00a0 [&hellip;]","og_url":"http:\/\/elregionalvm.com.ar\/noticias-villa-maria\/opinion-festival-de-leliqs-para-diferir-el-ordenamiento-del-estado\/","og_site_name":"El Regional","article_publisher":"https:\/\/www.facebook.com\/elregionalvm","article_published_time":"2022-07-11T02:16:09+00:00","article_modified_time":"2022-07-12T21:23:56+00:00","og_image":[{"width":642,"height":514,"url":"http:\/\/elregionalvm.com.ar\/noticias-villa-maria\/wp-content\/uploads\/2021\/04\/Banco-Central-de-la-Republica-Argentina.jpg","type":"image\/jpeg"}],"author":"Contenidos El Regional","twitter_card":"summary_large_image","twitter_creator":"@elregionalvm1","twitter_site":"@elregionalvm1","twitter_misc":{"Escrito por":"Contenidos El Regional","Tiempo de lectura":"4 minutos"},"schema":{"@context":"https:\/\/schema.org","@graph":[{"@type":"Article","@id":"http:\/\/elregionalvm.com.ar\/noticias-villa-maria\/opinion-festival-de-leliqs-para-diferir-el-ordenamiento-del-estado\/#article","isPartOf":{"@id":"http:\/\/elregionalvm.com.ar\/noticias-villa-maria\/opinion-festival-de-leliqs-para-diferir-el-ordenamiento-del-estado\/"},"author":{"name":"Contenidos El Regional","@id":"http:\/\/elregionalvm.com.ar\/noticias-villa-maria\/#\/schema\/person\/a0fb9c422317faca23d50163151bc354"},"headline":"[Opini\u00f3n] Festival de Leliqs para diferir el ordenamiento del Estado","datePublished":"2022-07-11T02:16:09+00:00","dateModified":"2022-07-12T21:23:56+00:00","mainEntityOfPage":{"@id":"http:\/\/elregionalvm.com.ar\/noticias-villa-maria\/opinion-festival-de-leliqs-para-diferir-el-ordenamiento-del-estado\/"},"wordCount":818,"commentCount":0,"image":{"@id":"http:\/\/elregionalvm.com.ar\/noticias-villa-maria\/opinion-festival-de-leliqs-para-diferir-el-ordenamiento-del-estado\/#primaryimage"},"thumbnailUrl":"https:\/\/i0.wp.com\/elregionalvm.com.ar\/noticias-villa-maria\/wp-content\/uploads\/2021\/04\/Banco-Central-de-la-Republica-Argentina.jpg?fit=642%2C514&ssl=1","keywords":["Alberto Fern\u00e1ndez","Banco Central","crisis","Cristina Fern\u00e1ndez","Econom\u00eda","emisi\u00f3n","Festival","IDESA","Inflaci\u00f3n","Leliq","ordenamiento del destado","Tesoro"],"articleSection":["Opini\u00f3n","tercera"],"inLanguage":"es","potentialAction":[{"@type":"CommentAction","name":"Comment","target":["http:\/\/elregionalvm.com.ar\/noticias-villa-maria\/opinion-festival-de-leliqs-para-diferir-el-ordenamiento-del-estado\/#respond"]}]},{"@type":"WebPage","@id":"http:\/\/elregionalvm.com.ar\/noticias-villa-maria\/opinion-festival-de-leliqs-para-diferir-el-ordenamiento-del-estado\/","url":"http:\/\/elregionalvm.com.ar\/noticias-villa-maria\/opinion-festival-de-leliqs-para-diferir-el-ordenamiento-del-estado\/","name":"[Opini\u00f3n] Festival de Leliqs para diferir el ordenamiento del Estado - El Regional","isPartOf":{"@id":"http:\/\/elregionalvm.com.ar\/noticias-villa-maria\/#website"},"primaryImageOfPage":{"@id":"http:\/\/elregionalvm.com.ar\/noticias-villa-maria\/opinion-festival-de-leliqs-para-diferir-el-ordenamiento-del-estado\/#primaryimage"},"image":{"@id":"http:\/\/elregionalvm.com.ar\/noticias-villa-maria\/opinion-festival-de-leliqs-para-diferir-el-ordenamiento-del-estado\/#primaryimage"},"thumbnailUrl":"https:\/\/i0.wp.com\/elregionalvm.com.ar\/noticias-villa-maria\/wp-content\/uploads\/2021\/04\/Banco-Central-de-la-Republica-Argentina.jpg?fit=642%2C514&ssl=1","datePublished":"2022-07-11T02:16:09+00:00","dateModified":"2022-07-12T21:23:56+00:00","author":{"@id":"http:\/\/elregionalvm.com.ar\/noticias-villa-maria\/#\/schema\/person\/a0fb9c422317faca23d50163151bc354"},"breadcrumb":{"@id":"http:\/\/elregionalvm.com.ar\/noticias-villa-maria\/opinion-festival-de-leliqs-para-diferir-el-ordenamiento-del-estado\/#breadcrumb"},"inLanguage":"es","potentialAction":[{"@type":"ReadAction","target":["http:\/\/elregionalvm.com.ar\/noticias-villa-maria\/opinion-festival-de-leliqs-para-diferir-el-ordenamiento-del-estado\/"]}]},{"@type":"ImageObject","inLanguage":"es","@id":"http:\/\/elregionalvm.com.ar\/noticias-villa-maria\/opinion-festival-de-leliqs-para-diferir-el-ordenamiento-del-estado\/#primaryimage","url":"https:\/\/i0.wp.com\/elregionalvm.com.ar\/noticias-villa-maria\/wp-content\/uploads\/2021\/04\/Banco-Central-de-la-Republica-Argentina.jpg?fit=642%2C514&ssl=1","contentUrl":"https:\/\/i0.wp.com\/elregionalvm.com.ar\/noticias-villa-maria\/wp-content\/uploads\/2021\/04\/Banco-Central-de-la-Republica-Argentina.jpg?fit=642%2C514&ssl=1","width":642,"height":514},{"@type":"BreadcrumbList","@id":"http:\/\/elregionalvm.com.ar\/noticias-villa-maria\/opinion-festival-de-leliqs-para-diferir-el-ordenamiento-del-estado\/#breadcrumb","itemListElement":[{"@type":"ListItem","position":1,"name":"Portada","item":"https:\/\/elregionalvm.com.ar\/noticias-villa-maria\/"},{"@type":"ListItem","position":2,"name":"[Opini\u00f3n] Festival de Leliqs para diferir el ordenamiento del Estado"}]},{"@type":"WebSite","@id":"http:\/\/elregionalvm.com.ar\/noticias-villa-maria\/#website","url":"http:\/\/elregionalvm.com.ar\/noticias-villa-maria\/","name":"El Regional","description":"Mucho m\u00e1s que informaci\u00f3n","potentialAction":[{"@type":"SearchAction","target":{"@type":"EntryPoint","urlTemplate":"http:\/\/elregionalvm.com.ar\/noticias-villa-maria\/?s={search_term_string}"},"query-input":{"@type":"PropertyValueSpecification","valueRequired":true,"valueName":"search_term_string"}}],"inLanguage":"es"},{"@type":"Person","@id":"http:\/\/elregionalvm.com.ar\/noticias-villa-maria\/#\/schema\/person\/a0fb9c422317faca23d50163151bc354","name":"Contenidos El Regional","image":{"@type":"ImageObject","inLanguage":"es","@id":"http:\/\/elregionalvm.com.ar\/noticias-villa-maria\/#\/schema\/person\/image\/","url":"https:\/\/secure.gravatar.com\/avatar\/265b27cb2209af7bb3a1318f03305787d7981a5cc6e6cd08fe5a4ecdf99d4b48?s=96&d=mm&r=g","contentUrl":"https:\/\/secure.gravatar.com\/avatar\/265b27cb2209af7bb3a1318f03305787d7981a5cc6e6cd08fe5a4ecdf99d4b48?s=96&d=mm&r=g","caption":"Contenidos El Regional"},"url":"https:\/\/elregionalvm.com.ar\/noticias-villa-maria\/author\/contenido\/"}]}},"jetpack_featured_media_url":"https:\/\/i0.wp.com\/elregionalvm.com.ar\/noticias-villa-maria\/wp-content\/uploads\/2021\/04\/Banco-Central-de-la-Republica-Argentina.jpg?fit=642%2C514&ssl=1","jetpack_sharing_enabled":true,"_links":{"self":[{"href":"https:\/\/elregionalvm.com.ar\/noticias-villa-maria\/wp-json\/wp\/v2\/posts\/60433","targetHints":{"allow":["GET"]}}],"collection":[{"href":"https:\/\/elregionalvm.com.ar\/noticias-villa-maria\/wp-json\/wp\/v2\/posts"}],"about":[{"href":"https:\/\/elregionalvm.com.ar\/noticias-villa-maria\/wp-json\/wp\/v2\/types\/post"}],"author":[{"embeddable":true,"href":"https:\/\/elregionalvm.com.ar\/noticias-villa-maria\/wp-json\/wp\/v2\/users\/4"}],"replies":[{"embeddable":true,"href":"https:\/\/elregionalvm.com.ar\/noticias-villa-maria\/wp-json\/wp\/v2\/comments?post=60433"}],"version-history":[{"count":1,"href":"https:\/\/elregionalvm.com.ar\/noticias-villa-maria\/wp-json\/wp\/v2\/posts\/60433\/revisions"}],"predecessor-version":[{"id":60435,"href":"https:\/\/elregionalvm.com.ar\/noticias-villa-maria\/wp-json\/wp\/v2\/posts\/60433\/revisions\/60435"}],"wp:featuredmedia":[{"embeddable":true,"href":"https:\/\/elregionalvm.com.ar\/noticias-villa-maria\/wp-json\/wp\/v2\/media\/35473"}],"wp:attachment":[{"href":"https:\/\/elregionalvm.com.ar\/noticias-villa-maria\/wp-json\/wp\/v2\/media?parent=60433"}],"wp:term":[{"taxonomy":"category","embeddable":true,"href":"https:\/\/elregionalvm.com.ar\/noticias-villa-maria\/wp-json\/wp\/v2\/categories?post=60433"},{"taxonomy":"post_tag","embeddable":true,"href":"https:\/\/elregionalvm.com.ar\/noticias-villa-maria\/wp-json\/wp\/v2\/tags?post=60433"}],"curies":[{"name":"wp","href":"https:\/\/api.w.org\/{rel}","templated":true}]}}