{"id":60436,"date":"2022-07-11T02:46:38","date_gmt":"2022-07-11T02:46:38","guid":{"rendered":"https:\/\/elregionalvm.com.ar\/noticias-villa-maria\/?p=60436"},"modified":"2022-07-11T02:52:18","modified_gmt":"2022-07-11T02:52:18","slug":"final-a-puro-empate-el-campeon-de-la-liga-saldra-de-plaza-ocampo","status":"publish","type":"post","link":"https:\/\/elregionalvm.com.ar\/noticias-villa-maria\/final-a-puro-empate-el-campeon-de-la-liga-saldra-de-plaza-ocampo\/","title":{"rendered":"[Final a puro empate] El campe\u00f3n de la Liga saldr\u00e1 de Plaza Ocampo"},"content":{"rendered":"\n<p><\/p>\n\n\n\n<p>Tras un nuevo empate, el campe\u00f3n del torneo apertura de la Liga Villamariense de F\u00fatbol se definir\u00e1 en un tercer encuentro final en la Placita.<\/p>\n\n\n\n<p>Ricardo Guti\u00e9rrez de La Palestina empat\u00f3 en su campo 2 a 2 frente a Alem de Villa Nueva. En un partido parejo, no se sacaron ventaja y deber\u00e1n dirimir diferencias el pr\u00f3ximo domingo 17 de julio.<\/p>\n\n\n\n<p>Es que ya hab\u00edan igualado sin goles en La Leonera villanovense.<\/p>\n\n\n\n<p>M\u00e1s de dos mil espectadores se dieron cita este domingo, en un partido que tuvo como goleadores a Ramiro Giraudo, del club de La Palestina, y a Fabi\u00e1n Mart\u00ednez y Ramiro Llampayas, del conjunto de Villa Nueva.<\/p>\n\n\n\n<p>Giraudo, vale destacar, es el goleador del torneo apertura con 13 tantos hasta el momento.<\/p>\n\n\n\n<p><strong>Tejido roto<\/strong><\/p>\n\n\n\n<p>Aunque el encuentro transcurri\u00f3 sin incidentes, la dirigencia de Ricardo Guti\u00e9rrez reclamar\u00e1 ante la Liga por los destrozos ocasionados en el tejido colocado detr\u00e1s de uno de los arcos.<\/p>\n\n\n\n<p><\/p>\n\n\n\n<figure class=\"wp-block-image size-large\"><img data-recalc-dims=\"1\" fetchpriority=\"high\" decoding=\"async\" width=\"1024\" height=\"683\" src=\"https:\/\/i0.wp.com\/elregionalvm.com.ar\/noticias-villa-maria\/wp-content\/uploads\/2022\/07\/Tejido-roto-en-cancha-La-Palestina-final-Alem-2.jpg?resize=1024%2C683&#038;ssl=1\" alt=\"\" class=\"wp-image-60439\" srcset=\"https:\/\/i0.wp.com\/elregionalvm.com.ar\/noticias-villa-maria\/wp-content\/uploads\/2022\/07\/Tejido-roto-en-cancha-La-Palestina-final-Alem-2.jpg?resize=1024%2C683&amp;ssl=1 1024w, https:\/\/i0.wp.com\/elregionalvm.com.ar\/noticias-villa-maria\/wp-content\/uploads\/2022\/07\/Tejido-roto-en-cancha-La-Palestina-final-Alem-2.jpg?resize=300%2C200&amp;ssl=1 300w, https:\/\/i0.wp.com\/elregionalvm.com.ar\/noticias-villa-maria\/wp-content\/uploads\/2022\/07\/Tejido-roto-en-cancha-La-Palestina-final-Alem-2.jpg?resize=768%2C512&amp;ssl=1 768w, https:\/\/i0.wp.com\/elregionalvm.com.ar\/noticias-villa-maria\/wp-content\/uploads\/2022\/07\/Tejido-roto-en-cancha-La-Palestina-final-Alem-2.jpg?resize=1536%2C1024&amp;ssl=1 1536w, https:\/\/i0.wp.com\/elregionalvm.com.ar\/noticias-villa-maria\/wp-content\/uploads\/2022\/07\/Tejido-roto-en-cancha-La-Palestina-final-Alem-2.jpg?w=2048&amp;ssl=1 2048w\" sizes=\"(max-width: 1000px) 100vw, 1000px\" \/><\/figure>\n\n\n\n<p><\/p>\n\n\n\n<p>Ese per\u00edmetro hab\u00eda sido establecido durante la semana para ampliar la capacidad en la cancha.<\/p>\n\n\n\n<p><\/p>\n\n\n\n<h3 class=\"wp-block-heading\">Mir\u00e1 el video del partido completo: <\/h3>\n\n\n\n<p><\/p>\n\n\n\n<figure class=\"wp-block-embed is-type-video is-provider-youtube wp-block-embed-youtube wp-embed-aspect-16-9 wp-has-aspect-ratio\"><div class=\"wp-block-embed__wrapper\">\n<iframe title=\"R. Gutierrez (La Palestina) vs L. N. Alem (Villa Nueva)  Liga Villamariense de Futbol\" width=\"500\" height=\"281\" src=\"https:\/\/www.youtube.com\/embed\/flgAABvJNMg?feature=oembed\" frameborder=\"0\" allow=\"accelerometer; autoplay; clipboard-write; encrypted-media; gyroscope; picture-in-picture; web-share\" referrerpolicy=\"strict-origin-when-cross-origin\" allowfullscreen><\/iframe>\n<\/div><figcaption><em>(YouTube Liga Villamariense de F\u00fatbol). <\/em><\/figcaption><\/figure>\n\n\n\n<p><\/p>\n\n\n\n<p><strong>Yrigoyen, campe\u00f3n en la Reserva<\/strong><\/p>\n\n\n\n<p>En tanto, en la final de Reserva Hip\u00f3lito Yrigoyen de T\u00edo Pujio se consagr\u00f3 campe\u00f3n al igualar sin goles con Alem. En el partido de ida lo hab\u00eda vencido 2 a 1.<\/p>\n\n\n\n<p><\/p>\n\n\n\n<figure class=\"wp-block-image size-large\"><img data-recalc-dims=\"1\" decoding=\"async\" width=\"1024\" height=\"683\" src=\"https:\/\/i0.wp.com\/elregionalvm.com.ar\/noticias-villa-maria\/wp-content\/uploads\/2022\/07\/Yrigoyen-Tio-Pujio-campeon-reserva-2022-1.jpg?resize=1024%2C683&#038;ssl=1\" alt=\"\" class=\"wp-image-60441\" srcset=\"https:\/\/i0.wp.com\/elregionalvm.com.ar\/noticias-villa-maria\/wp-content\/uploads\/2022\/07\/Yrigoyen-Tio-Pujio-campeon-reserva-2022-1.jpg?resize=1024%2C683&amp;ssl=1 1024w, https:\/\/i0.wp.com\/elregionalvm.com.ar\/noticias-villa-maria\/wp-content\/uploads\/2022\/07\/Yrigoyen-Tio-Pujio-campeon-reserva-2022-1.jpg?resize=300%2C200&amp;ssl=1 300w, https:\/\/i0.wp.com\/elregionalvm.com.ar\/noticias-villa-maria\/wp-content\/uploads\/2022\/07\/Yrigoyen-Tio-Pujio-campeon-reserva-2022-1.jpg?resize=768%2C512&amp;ssl=1 768w, https:\/\/i0.wp.com\/elregionalvm.com.ar\/noticias-villa-maria\/wp-content\/uploads\/2022\/07\/Yrigoyen-Tio-Pujio-campeon-reserva-2022-1.jpg?resize=1536%2C1024&amp;ssl=1 1536w, https:\/\/i0.wp.com\/elregionalvm.com.ar\/noticias-villa-maria\/wp-content\/uploads\/2022\/07\/Yrigoyen-Tio-Pujio-campeon-reserva-2022-1.jpg?w=2048&amp;ssl=1 2048w\" sizes=\"(max-width: 1000px) 100vw, 1000px\" \/><\/figure>\n\n\n\n<p><\/p>\n\n\n\n<p><em>Fotos: Gentileza Villa Mar\u00eda Noticias <\/em><\/p>\n","protected":false},"excerpt":{"rendered":"<p>Tras un nuevo empate, el campe\u00f3n del torneo apertura de la Liga Villamariense de F\u00fatbol se definir\u00e1 en un tercer encuentro final en la Placita. Ricardo Guti\u00e9rrez de La Palestina empat\u00f3 en su campo 2 a 2 frente a Alem de Villa Nueva. En un partido parejo, no se sacaron ventaja y deber\u00e1n dirimir diferencias [&hellip;]<\/p>\n","protected":false},"author":4,"featured_media":60444,"comment_status":"open","ping_status":"open","sticky":false,"template":"","format":"standard","meta":{"site-sidebar-layout":"default","site-content-layout":"","ast-site-content-layout":"default","site-content-style":"default","site-sidebar-style":"default","ast-global-header-display":"","ast-banner-title-visibility":"","ast-main-header-display":"","ast-hfb-above-header-display":"","ast-hfb-below-header-display":"","ast-hfb-mobile-header-display":"","site-post-title":"","ast-breadcrumbs-content":"","ast-featured-img":"","footer-sml-layout":"","ast-disable-related-posts":"","theme-transparent-header-meta":"","adv-header-id-meta":"","stick-header-meta":"","header-above-stick-meta":"","header-main-stick-meta":"","header-below-stick-meta":"","astra-migrate-meta-layouts":"default","ast-page-background-enabled":"default","ast-page-background-meta":{"desktop":{"background-color":"","background-image":"","background-repeat":"repeat","background-position":"center center","background-size":"auto","background-attachment":"scroll","background-type":"","background-media":"","overlay-type":"","overlay-color":"","overlay-opacity":"","overlay-gradient":""},"tablet":{"background-color":"","background-image":"","background-repeat":"repeat","background-position":"center center","background-size":"auto","background-attachment":"scroll","background-type":"","background-media":"","overlay-type":"","overlay-color":"","overlay-opacity":"","overlay-gradient":""},"mobile":{"background-color":"","background-image":"","background-repeat":"repeat","background-position":"center center","background-size":"auto","background-attachment":"scroll","background-type":"","background-media":"","overlay-type":"","overlay-color":"","overlay-opacity":"","overlay-gradient":""}},"ast-content-background-meta":{"desktop":{"background-color":"var(--ast-global-color-5)","background-image":"","background-repeat":"repeat","background-position":"center center","background-size":"auto","background-attachment":"scroll","background-type":"","background-media":"","overlay-type":"","overlay-color":"","overlay-opacity":"","overlay-gradient":""},"tablet":{"background-color":"var(--ast-global-color-5)","background-image":"","background-repeat":"repeat","background-position":"center center","background-size":"auto","background-attachment":"scroll","background-type":"","background-media":"","overlay-type":"","overlay-color":"","overlay-opacity":"","overlay-gradient":""},"mobile":{"background-color":"var(--ast-global-color-5)","background-image":"","background-repeat":"repeat","background-position":"center center","background-size":"auto","background-attachment":"scroll","background-type":"","background-media":"","overlay-type":"","overlay-color":"","overlay-opacity":"","overlay-gradient":""}},"_jetpack_memberships_contains_paid_content":false,"_joinchat":[],"footnotes":""},"categories":[15158,15302,2091,2074],"tags":[728,149,1187,12027,131,6672,1761,16615,16614,232],"class_list":["post-60436","post","type-post","status-publish","format-standard","has-post-thumbnail","hentry","category-deporte","category-destacado","category-region","category-videos","tag-alem","tag-campeon","tag-final","tag-hipolito-yrigoyen","tag-la-palestina","tag-liga-villamariense-de-futbol","tag-plaza-manuel-anselmo-ocampo","tag-reserva","tag-tercer-partido","tag-villa-nueva"],"yoast_head":"<!-- This site is optimized with the Yoast SEO plugin v26.8 - https:\/\/yoast.com\/product\/yoast-seo-wordpress\/ -->\n<title>[Final a puro empate] El campe\u00f3n de la Liga saldr\u00e1 de Plaza Ocampo - El Regional<\/title>\n<meta name=\"robots\" content=\"index, follow, max-snippet:-1, max-image-preview:large, max-video-preview:-1\" \/>\n<link rel=\"canonical\" href=\"http:\/\/elregionalvm.com.ar\/noticias-villa-maria\/final-a-puro-empate-el-campeon-de-la-liga-saldra-de-plaza-ocampo\/\" \/>\n<meta property=\"og:locale\" content=\"es_ES\" \/>\n<meta property=\"og:type\" content=\"article\" \/>\n<meta property=\"og:title\" content=\"[Final a puro empate] El campe\u00f3n de la Liga saldr\u00e1 de Plaza Ocampo - El Regional\" \/>\n<meta property=\"og:description\" content=\"Tras un nuevo empate, el campe\u00f3n del torneo apertura de la Liga Villamariense de F\u00fatbol se definir\u00e1 en un tercer encuentro final en la Placita. Ricardo Guti\u00e9rrez de La Palestina empat\u00f3 en su campo 2 a 2 frente a Alem de Villa Nueva. En un partido parejo, no se sacaron ventaja y deber\u00e1n dirimir diferencias [&hellip;]\" \/>\n<meta property=\"og:url\" content=\"http:\/\/elregionalvm.com.ar\/noticias-villa-maria\/final-a-puro-empate-el-campeon-de-la-liga-saldra-de-plaza-ocampo\/\" \/>\n<meta property=\"og:site_name\" content=\"El Regional\" \/>\n<meta property=\"article:publisher\" content=\"https:\/\/www.facebook.com\/elregionalvm\" \/>\n<meta property=\"article:published_time\" content=\"2022-07-11T02:46:38+00:00\" \/>\n<meta property=\"article:modified_time\" content=\"2022-07-11T02:52:18+00:00\" \/>\n<meta property=\"og:image\" content=\"http:\/\/elregionalvm.com.ar\/noticias-villa-maria\/wp-content\/uploads\/2022\/07\/Ricardo-Gutierrez-y-Alem-segunda-final.jpg\" \/>\n\t<meta property=\"og:image:width\" content=\"1475\" \/>\n\t<meta property=\"og:image:height\" content=\"850\" \/>\n\t<meta property=\"og:image:type\" content=\"image\/jpeg\" \/>\n<meta name=\"author\" content=\"Contenidos El Regional\" \/>\n<meta name=\"twitter:card\" content=\"summary_large_image\" \/>\n<meta name=\"twitter:creator\" content=\"@elregionalvm1\" \/>\n<meta name=\"twitter:site\" content=\"@elregionalvm1\" \/>\n<meta name=\"twitter:label1\" content=\"Escrito por\" \/>\n\t<meta name=\"twitter:data1\" content=\"Contenidos El Regional\" \/>\n\t<meta name=\"twitter:label2\" content=\"Tiempo de lectura\" \/>\n\t<meta name=\"twitter:data2\" content=\"2 minutos\" \/>\n<script type=\"application\/ld+json\" class=\"yoast-schema-graph\">{\"@context\":\"https:\/\/schema.org\",\"@graph\":[{\"@type\":\"Article\",\"@id\":\"http:\/\/elregionalvm.com.ar\/noticias-villa-maria\/final-a-puro-empate-el-campeon-de-la-liga-saldra-de-plaza-ocampo\/#article\",\"isPartOf\":{\"@id\":\"http:\/\/elregionalvm.com.ar\/noticias-villa-maria\/final-a-puro-empate-el-campeon-de-la-liga-saldra-de-plaza-ocampo\/\"},\"author\":{\"name\":\"Contenidos El Regional\",\"@id\":\"http:\/\/elregionalvm.com.ar\/noticias-villa-maria\/#\/schema\/person\/a0fb9c422317faca23d50163151bc354\"},\"headline\":\"[Final a puro empate] El campe\u00f3n de la Liga saldr\u00e1 de Plaza Ocampo\",\"datePublished\":\"2022-07-11T02:46:38+00:00\",\"dateModified\":\"2022-07-11T02:52:18+00:00\",\"mainEntityOfPage\":{\"@id\":\"http:\/\/elregionalvm.com.ar\/noticias-villa-maria\/final-a-puro-empate-el-campeon-de-la-liga-saldra-de-plaza-ocampo\/\"},\"wordCount\":255,\"commentCount\":0,\"image\":{\"@id\":\"http:\/\/elregionalvm.com.ar\/noticias-villa-maria\/final-a-puro-empate-el-campeon-de-la-liga-saldra-de-plaza-ocampo\/#primaryimage\"},\"thumbnailUrl\":\"https:\/\/i0.wp.com\/elregionalvm.com.ar\/noticias-villa-maria\/wp-content\/uploads\/2022\/07\/Ricardo-Gutierrez-y-Alem-segunda-final.jpg?fit=1475%2C850&ssl=1\",\"keywords\":[\"Alem\",\"campe\u00f3n\",\"Final\",\"Hip\u00f3lito Yrigoyen\",\"La Palestina\",\"Liga Villamariense de F\u00fatbol\",\"Plaza Manuel Anselmo Ocampo\",\"Reserva\",\"tercer partido\",\"VILLA NUEVA\"],\"articleSection\":[\"Deporte\",\"destacado\",\"Regi\u00f3n\",\"Videos\"],\"inLanguage\":\"es\",\"potentialAction\":[{\"@type\":\"CommentAction\",\"name\":\"Comment\",\"target\":[\"http:\/\/elregionalvm.com.ar\/noticias-villa-maria\/final-a-puro-empate-el-campeon-de-la-liga-saldra-de-plaza-ocampo\/#respond\"]}]},{\"@type\":\"WebPage\",\"@id\":\"http:\/\/elregionalvm.com.ar\/noticias-villa-maria\/final-a-puro-empate-el-campeon-de-la-liga-saldra-de-plaza-ocampo\/\",\"url\":\"http:\/\/elregionalvm.com.ar\/noticias-villa-maria\/final-a-puro-empate-el-campeon-de-la-liga-saldra-de-plaza-ocampo\/\",\"name\":\"[Final a puro empate] El campe\u00f3n de la Liga saldr\u00e1 de Plaza Ocampo - El Regional\",\"isPartOf\":{\"@id\":\"http:\/\/elregionalvm.com.ar\/noticias-villa-maria\/#website\"},\"primaryImageOfPage\":{\"@id\":\"http:\/\/elregionalvm.com.ar\/noticias-villa-maria\/final-a-puro-empate-el-campeon-de-la-liga-saldra-de-plaza-ocampo\/#primaryimage\"},\"image\":{\"@id\":\"http:\/\/elregionalvm.com.ar\/noticias-villa-maria\/final-a-puro-empate-el-campeon-de-la-liga-saldra-de-plaza-ocampo\/#primaryimage\"},\"thumbnailUrl\":\"https:\/\/i0.wp.com\/elregionalvm.com.ar\/noticias-villa-maria\/wp-content\/uploads\/2022\/07\/Ricardo-Gutierrez-y-Alem-segunda-final.jpg?fit=1475%2C850&ssl=1\",\"datePublished\":\"2022-07-11T02:46:38+00:00\",\"dateModified\":\"2022-07-11T02:52:18+00:00\",\"author\":{\"@id\":\"http:\/\/elregionalvm.com.ar\/noticias-villa-maria\/#\/schema\/person\/a0fb9c422317faca23d50163151bc354\"},\"breadcrumb\":{\"@id\":\"http:\/\/elregionalvm.com.ar\/noticias-villa-maria\/final-a-puro-empate-el-campeon-de-la-liga-saldra-de-plaza-ocampo\/#breadcrumb\"},\"inLanguage\":\"es\",\"potentialAction\":[{\"@type\":\"ReadAction\",\"target\":[\"http:\/\/elregionalvm.com.ar\/noticias-villa-maria\/final-a-puro-empate-el-campeon-de-la-liga-saldra-de-plaza-ocampo\/\"]}]},{\"@type\":\"ImageObject\",\"inLanguage\":\"es\",\"@id\":\"http:\/\/elregionalvm.com.ar\/noticias-villa-maria\/final-a-puro-empate-el-campeon-de-la-liga-saldra-de-plaza-ocampo\/#primaryimage\",\"url\":\"https:\/\/i0.wp.com\/elregionalvm.com.ar\/noticias-villa-maria\/wp-content\/uploads\/2022\/07\/Ricardo-Gutierrez-y-Alem-segunda-final.jpg?fit=1475%2C850&ssl=1\",\"contentUrl\":\"https:\/\/i0.wp.com\/elregionalvm.com.ar\/noticias-villa-maria\/wp-content\/uploads\/2022\/07\/Ricardo-Gutierrez-y-Alem-segunda-final.jpg?fit=1475%2C850&ssl=1\",\"width\":1475,\"height\":850},{\"@type\":\"BreadcrumbList\",\"@id\":\"http:\/\/elregionalvm.com.ar\/noticias-villa-maria\/final-a-puro-empate-el-campeon-de-la-liga-saldra-de-plaza-ocampo\/#breadcrumb\",\"itemListElement\":[{\"@type\":\"ListItem\",\"position\":1,\"name\":\"Portada\",\"item\":\"https:\/\/elregionalvm.com.ar\/noticias-villa-maria\/\"},{\"@type\":\"ListItem\",\"position\":2,\"name\":\"[Final a puro empate] El campe\u00f3n de la Liga saldr\u00e1 de Plaza Ocampo\"}]},{\"@type\":\"WebSite\",\"@id\":\"http:\/\/elregionalvm.com.ar\/noticias-villa-maria\/#website\",\"url\":\"http:\/\/elregionalvm.com.ar\/noticias-villa-maria\/\",\"name\":\"El Regional\",\"description\":\"Mucho m\u00e1s que informaci\u00f3n\",\"potentialAction\":[{\"@type\":\"SearchAction\",\"target\":{\"@type\":\"EntryPoint\",\"urlTemplate\":\"http:\/\/elregionalvm.com.ar\/noticias-villa-maria\/?s={search_term_string}\"},\"query-input\":{\"@type\":\"PropertyValueSpecification\",\"valueRequired\":true,\"valueName\":\"search_term_string\"}}],\"inLanguage\":\"es\"},{\"@type\":\"Person\",\"@id\":\"http:\/\/elregionalvm.com.ar\/noticias-villa-maria\/#\/schema\/person\/a0fb9c422317faca23d50163151bc354\",\"name\":\"Contenidos El Regional\",\"image\":{\"@type\":\"ImageObject\",\"inLanguage\":\"es\",\"@id\":\"http:\/\/elregionalvm.com.ar\/noticias-villa-maria\/#\/schema\/person\/image\/\",\"url\":\"https:\/\/secure.gravatar.com\/avatar\/265b27cb2209af7bb3a1318f03305787d7981a5cc6e6cd08fe5a4ecdf99d4b48?s=96&d=mm&r=g\",\"contentUrl\":\"https:\/\/secure.gravatar.com\/avatar\/265b27cb2209af7bb3a1318f03305787d7981a5cc6e6cd08fe5a4ecdf99d4b48?s=96&d=mm&r=g\",\"caption\":\"Contenidos El Regional\"},\"url\":\"https:\/\/elregionalvm.com.ar\/noticias-villa-maria\/author\/contenido\/\"}]}<\/script>\n<!-- \/ Yoast SEO plugin. -->","yoast_head_json":{"title":"[Final a puro empate] El campe\u00f3n de la Liga saldr\u00e1 de Plaza Ocampo - El Regional","robots":{"index":"index","follow":"follow","max-snippet":"max-snippet:-1","max-image-preview":"max-image-preview:large","max-video-preview":"max-video-preview:-1"},"canonical":"http:\/\/elregionalvm.com.ar\/noticias-villa-maria\/final-a-puro-empate-el-campeon-de-la-liga-saldra-de-plaza-ocampo\/","og_locale":"es_ES","og_type":"article","og_title":"[Final a puro empate] El campe\u00f3n de la Liga saldr\u00e1 de Plaza Ocampo - El Regional","og_description":"Tras un nuevo empate, el campe\u00f3n del torneo apertura de la Liga Villamariense de F\u00fatbol se definir\u00e1 en un tercer encuentro final en la Placita. Ricardo Guti\u00e9rrez de La Palestina empat\u00f3 en su campo 2 a 2 frente a Alem de Villa Nueva. En un partido parejo, no se sacaron ventaja y deber\u00e1n dirimir diferencias [&hellip;]","og_url":"http:\/\/elregionalvm.com.ar\/noticias-villa-maria\/final-a-puro-empate-el-campeon-de-la-liga-saldra-de-plaza-ocampo\/","og_site_name":"El Regional","article_publisher":"https:\/\/www.facebook.com\/elregionalvm","article_published_time":"2022-07-11T02:46:38+00:00","article_modified_time":"2022-07-11T02:52:18+00:00","og_image":[{"width":1475,"height":850,"url":"http:\/\/elregionalvm.com.ar\/noticias-villa-maria\/wp-content\/uploads\/2022\/07\/Ricardo-Gutierrez-y-Alem-segunda-final.jpg","type":"image\/jpeg"}],"author":"Contenidos El Regional","twitter_card":"summary_large_image","twitter_creator":"@elregionalvm1","twitter_site":"@elregionalvm1","twitter_misc":{"Escrito por":"Contenidos El Regional","Tiempo de lectura":"2 minutos"},"schema":{"@context":"https:\/\/schema.org","@graph":[{"@type":"Article","@id":"http:\/\/elregionalvm.com.ar\/noticias-villa-maria\/final-a-puro-empate-el-campeon-de-la-liga-saldra-de-plaza-ocampo\/#article","isPartOf":{"@id":"http:\/\/elregionalvm.com.ar\/noticias-villa-maria\/final-a-puro-empate-el-campeon-de-la-liga-saldra-de-plaza-ocampo\/"},"author":{"name":"Contenidos El Regional","@id":"http:\/\/elregionalvm.com.ar\/noticias-villa-maria\/#\/schema\/person\/a0fb9c422317faca23d50163151bc354"},"headline":"[Final a puro empate] El campe\u00f3n de la Liga saldr\u00e1 de Plaza Ocampo","datePublished":"2022-07-11T02:46:38+00:00","dateModified":"2022-07-11T02:52:18+00:00","mainEntityOfPage":{"@id":"http:\/\/elregionalvm.com.ar\/noticias-villa-maria\/final-a-puro-empate-el-campeon-de-la-liga-saldra-de-plaza-ocampo\/"},"wordCount":255,"commentCount":0,"image":{"@id":"http:\/\/elregionalvm.com.ar\/noticias-villa-maria\/final-a-puro-empate-el-campeon-de-la-liga-saldra-de-plaza-ocampo\/#primaryimage"},"thumbnailUrl":"https:\/\/i0.wp.com\/elregionalvm.com.ar\/noticias-villa-maria\/wp-content\/uploads\/2022\/07\/Ricardo-Gutierrez-y-Alem-segunda-final.jpg?fit=1475%2C850&ssl=1","keywords":["Alem","campe\u00f3n","Final","Hip\u00f3lito Yrigoyen","La Palestina","Liga Villamariense de F\u00fatbol","Plaza Manuel Anselmo Ocampo","Reserva","tercer partido","VILLA NUEVA"],"articleSection":["Deporte","destacado","Regi\u00f3n","Videos"],"inLanguage":"es","potentialAction":[{"@type":"CommentAction","name":"Comment","target":["http:\/\/elregionalvm.com.ar\/noticias-villa-maria\/final-a-puro-empate-el-campeon-de-la-liga-saldra-de-plaza-ocampo\/#respond"]}]},{"@type":"WebPage","@id":"http:\/\/elregionalvm.com.ar\/noticias-villa-maria\/final-a-puro-empate-el-campeon-de-la-liga-saldra-de-plaza-ocampo\/","url":"http:\/\/elregionalvm.com.ar\/noticias-villa-maria\/final-a-puro-empate-el-campeon-de-la-liga-saldra-de-plaza-ocampo\/","name":"[Final a puro empate] El campe\u00f3n de la Liga saldr\u00e1 de Plaza Ocampo - El Regional","isPartOf":{"@id":"http:\/\/elregionalvm.com.ar\/noticias-villa-maria\/#website"},"primaryImageOfPage":{"@id":"http:\/\/elregionalvm.com.ar\/noticias-villa-maria\/final-a-puro-empate-el-campeon-de-la-liga-saldra-de-plaza-ocampo\/#primaryimage"},"image":{"@id":"http:\/\/elregionalvm.com.ar\/noticias-villa-maria\/final-a-puro-empate-el-campeon-de-la-liga-saldra-de-plaza-ocampo\/#primaryimage"},"thumbnailUrl":"https:\/\/i0.wp.com\/elregionalvm.com.ar\/noticias-villa-maria\/wp-content\/uploads\/2022\/07\/Ricardo-Gutierrez-y-Alem-segunda-final.jpg?fit=1475%2C850&ssl=1","datePublished":"2022-07-11T02:46:38+00:00","dateModified":"2022-07-11T02:52:18+00:00","author":{"@id":"http:\/\/elregionalvm.com.ar\/noticias-villa-maria\/#\/schema\/person\/a0fb9c422317faca23d50163151bc354"},"breadcrumb":{"@id":"http:\/\/elregionalvm.com.ar\/noticias-villa-maria\/final-a-puro-empate-el-campeon-de-la-liga-saldra-de-plaza-ocampo\/#breadcrumb"},"inLanguage":"es","potentialAction":[{"@type":"ReadAction","target":["http:\/\/elregionalvm.com.ar\/noticias-villa-maria\/final-a-puro-empate-el-campeon-de-la-liga-saldra-de-plaza-ocampo\/"]}]},{"@type":"ImageObject","inLanguage":"es","@id":"http:\/\/elregionalvm.com.ar\/noticias-villa-maria\/final-a-puro-empate-el-campeon-de-la-liga-saldra-de-plaza-ocampo\/#primaryimage","url":"https:\/\/i0.wp.com\/elregionalvm.com.ar\/noticias-villa-maria\/wp-content\/uploads\/2022\/07\/Ricardo-Gutierrez-y-Alem-segunda-final.jpg?fit=1475%2C850&ssl=1","contentUrl":"https:\/\/i0.wp.com\/elregionalvm.com.ar\/noticias-villa-maria\/wp-content\/uploads\/2022\/07\/Ricardo-Gutierrez-y-Alem-segunda-final.jpg?fit=1475%2C850&ssl=1","width":1475,"height":850},{"@type":"BreadcrumbList","@id":"http:\/\/elregionalvm.com.ar\/noticias-villa-maria\/final-a-puro-empate-el-campeon-de-la-liga-saldra-de-plaza-ocampo\/#breadcrumb","itemListElement":[{"@type":"ListItem","position":1,"name":"Portada","item":"https:\/\/elregionalvm.com.ar\/noticias-villa-maria\/"},{"@type":"ListItem","position":2,"name":"[Final a puro empate] El campe\u00f3n de la Liga saldr\u00e1 de Plaza Ocampo"}]},{"@type":"WebSite","@id":"http:\/\/elregionalvm.com.ar\/noticias-villa-maria\/#website","url":"http:\/\/elregionalvm.com.ar\/noticias-villa-maria\/","name":"El Regional","description":"Mucho m\u00e1s que informaci\u00f3n","potentialAction":[{"@type":"SearchAction","target":{"@type":"EntryPoint","urlTemplate":"http:\/\/elregionalvm.com.ar\/noticias-villa-maria\/?s={search_term_string}"},"query-input":{"@type":"PropertyValueSpecification","valueRequired":true,"valueName":"search_term_string"}}],"inLanguage":"es"},{"@type":"Person","@id":"http:\/\/elregionalvm.com.ar\/noticias-villa-maria\/#\/schema\/person\/a0fb9c422317faca23d50163151bc354","name":"Contenidos El Regional","image":{"@type":"ImageObject","inLanguage":"es","@id":"http:\/\/elregionalvm.com.ar\/noticias-villa-maria\/#\/schema\/person\/image\/","url":"https:\/\/secure.gravatar.com\/avatar\/265b27cb2209af7bb3a1318f03305787d7981a5cc6e6cd08fe5a4ecdf99d4b48?s=96&d=mm&r=g","contentUrl":"https:\/\/secure.gravatar.com\/avatar\/265b27cb2209af7bb3a1318f03305787d7981a5cc6e6cd08fe5a4ecdf99d4b48?s=96&d=mm&r=g","caption":"Contenidos El Regional"},"url":"https:\/\/elregionalvm.com.ar\/noticias-villa-maria\/author\/contenido\/"}]}},"jetpack_featured_media_url":"https:\/\/i0.wp.com\/elregionalvm.com.ar\/noticias-villa-maria\/wp-content\/uploads\/2022\/07\/Ricardo-Gutierrez-y-Alem-segunda-final.jpg?fit=1475%2C850&ssl=1","jetpack_sharing_enabled":true,"_links":{"self":[{"href":"https:\/\/elregionalvm.com.ar\/noticias-villa-maria\/wp-json\/wp\/v2\/posts\/60436","targetHints":{"allow":["GET"]}}],"collection":[{"href":"https:\/\/elregionalvm.com.ar\/noticias-villa-maria\/wp-json\/wp\/v2\/posts"}],"about":[{"href":"https:\/\/elregionalvm.com.ar\/noticias-villa-maria\/wp-json\/wp\/v2\/types\/post"}],"author":[{"embeddable":true,"href":"https:\/\/elregionalvm.com.ar\/noticias-villa-maria\/wp-json\/wp\/v2\/users\/4"}],"replies":[{"embeddable":true,"href":"https:\/\/elregionalvm.com.ar\/noticias-villa-maria\/wp-json\/wp\/v2\/comments?post=60436"}],"version-history":[{"count":1,"href":"https:\/\/elregionalvm.com.ar\/noticias-villa-maria\/wp-json\/wp\/v2\/posts\/60436\/revisions"}],"predecessor-version":[{"id":60442,"href":"https:\/\/elregionalvm.com.ar\/noticias-villa-maria\/wp-json\/wp\/v2\/posts\/60436\/revisions\/60442"}],"wp:featuredmedia":[{"embeddable":true,"href":"https:\/\/elregionalvm.com.ar\/noticias-villa-maria\/wp-json\/wp\/v2\/media\/60444"}],"wp:attachment":[{"href":"https:\/\/elregionalvm.com.ar\/noticias-villa-maria\/wp-json\/wp\/v2\/media?parent=60436"}],"wp:term":[{"taxonomy":"category","embeddable":true,"href":"https:\/\/elregionalvm.com.ar\/noticias-villa-maria\/wp-json\/wp\/v2\/categories?post=60436"},{"taxonomy":"post_tag","embeddable":true,"href":"https:\/\/elregionalvm.com.ar\/noticias-villa-maria\/wp-json\/wp\/v2\/tags?post=60436"}],"curies":[{"name":"wp","href":"https:\/\/api.w.org\/{rel}","templated":true}]}}