{"id":60462,"date":"2022-07-11T22:07:17","date_gmt":"2022-07-11T22:07:17","guid":{"rendered":"https:\/\/elregionalvm.com.ar\/noticias-villa-maria\/?p=60462"},"modified":"2022-07-11T22:07:18","modified_gmt":"2022-07-11T22:07:18","slug":"video-renovaran-los-pozos-para-la-captacion-de-agua-potable","status":"publish","type":"post","link":"https:\/\/elregionalvm.com.ar\/noticias-villa-maria\/video-renovaran-los-pozos-para-la-captacion-de-agua-potable\/","title":{"rendered":"[Video] &#8211; Renovar\u00e1n los pozos para la captaci\u00f3n de agua potable"},"content":{"rendered":"\n<p>A los fines de brindar un mejor servicio de agua potable para los vecinos y vecinas de la ciudad, tuvo lugar la firma de la no objeci\u00f3n t\u00e9cnica para el proyecto de perforaciones hidrogeol\u00f3gicas para la ciudad. A tal efecto, el intendente Mart\u00edn Gill, se reuni\u00f3 en Casa Rosada con el jefe de Gabinete de ministros, Juan Manzur, para la r\u00fabrica del documento.<\/p>\n\n\n\n<p>El plan de ejecuci\u00f3n fue presentado ante el Ente Nacional de Obras H\u00eddricas de Saneamiento (Enohsa), el cual verific\u00f3 que las formalidades fueran cumplidas para llevar adelante la evaluaci\u00f3n por la cual se otorg\u00f3 la no objeci\u00f3n t\u00e9cnica, la que habilita al gobierno local a realizar el proceso de contrataci\u00f3n correspondiente.<\/p>\n\n\n\n<figure class=\"wp-block-embed is-type-video is-provider-youtube wp-block-embed-youtube wp-embed-aspect-16-9 wp-has-aspect-ratio\"><div class=\"wp-block-embed__wrapper\">\n<iframe title=\"Martin Gill: renovar\u00e1n los pozos para la captaci\u00f3n de agua potable\" width=\"500\" height=\"281\" src=\"https:\/\/www.youtube.com\/embed\/-hoyz844EqE?feature=oembed\" frameborder=\"0\" allow=\"accelerometer; autoplay; clipboard-write; encrypted-media; gyroscope; picture-in-picture; web-share\" referrerpolicy=\"strict-origin-when-cross-origin\" allowfullscreen><\/iframe>\n<\/div><\/figure>\n\n\n\n<p>El proyecto, que contempla un presupuesto de alrededor de 400 millones de pesos, prev\u00e9 la renovaci\u00f3n en su totalidad de las perforaciones existentes, a fin de cuidar el recurso y brindar una mejor calidad de agua.<\/p>\n\n\n\n<p>Actualmente, los pozos que abastecen a la red de agua potable responden a una infraestructura que ya empieza a manifestar el paso del tiempo. Junto a esto se suman otros factores, como ser el crecimiento demogr\u00e1fico de la ciudad que exige una mayor demanda de la red del servicio y un incremento en el caudal del recurso.<\/p>\n\n\n\n<p>Por este motivo, desde el municipio se planific\u00f3 el proyecto en torno a una reestructuraci\u00f3n de todo el sistema por m\u00e9todos m\u00e1s eficientes, de menor consumo y mayor protecci\u00f3n contra el riesgo de contaminaci\u00f3n.<\/p>\n","protected":false},"excerpt":{"rendered":"<p>A los fines de brindar un mejor servicio de agua potable para los vecinos y vecinas de la ciudad, tuvo lugar la firma de la no objeci\u00f3n t\u00e9cnica para el proyecto de perforaciones hidrogeol\u00f3gicas para la ciudad. A tal efecto, el intendente Mart\u00edn Gill, se reuni\u00f3 en Casa Rosada con el jefe de Gabinete de [&hellip;]<\/p>\n","protected":false},"author":4,"featured_media":60471,"comment_status":"open","ping_status":"open","sticky":false,"template":"","format":"standard","meta":{"site-sidebar-layout":"default","site-content-layout":"","ast-site-content-layout":"default","site-content-style":"default","site-sidebar-style":"default","ast-global-header-display":"","ast-banner-title-visibility":"","ast-main-header-display":"","ast-hfb-above-header-display":"","ast-hfb-below-header-display":"","ast-hfb-mobile-header-display":"","site-post-title":"","ast-breadcrumbs-content":"","ast-featured-img":"","footer-sml-layout":"","ast-disable-related-posts":"","theme-transparent-header-meta":"","adv-header-id-meta":"","stick-header-meta":"","header-above-stick-meta":"","header-main-stick-meta":"","header-below-stick-meta":"","astra-migrate-meta-layouts":"default","ast-page-background-enabled":"default","ast-page-background-meta":{"desktop":{"background-color":"","background-image":"","background-repeat":"repeat","background-position":"center center","background-size":"auto","background-attachment":"scroll","background-type":"","background-media":"","overlay-type":"","overlay-color":"","overlay-opacity":"","overlay-gradient":""},"tablet":{"background-color":"","background-image":"","background-repeat":"repeat","background-position":"center center","background-size":"auto","background-attachment":"scroll","background-type":"","background-media":"","overlay-type":"","overlay-color":"","overlay-opacity":"","overlay-gradient":""},"mobile":{"background-color":"","background-image":"","background-repeat":"repeat","background-position":"center center","background-size":"auto","background-attachment":"scroll","background-type":"","background-media":"","overlay-type":"","overlay-color":"","overlay-opacity":"","overlay-gradient":""}},"ast-content-background-meta":{"desktop":{"background-color":"var(--ast-global-color-5)","background-image":"","background-repeat":"repeat","background-position":"center center","background-size":"auto","background-attachment":"scroll","background-type":"","background-media":"","overlay-type":"","overlay-color":"","overlay-opacity":"","overlay-gradient":""},"tablet":{"background-color":"var(--ast-global-color-5)","background-image":"","background-repeat":"repeat","background-position":"center center","background-size":"auto","background-attachment":"scroll","background-type":"","background-media":"","overlay-type":"","overlay-color":"","overlay-opacity":"","overlay-gradient":""},"mobile":{"background-color":"var(--ast-global-color-5)","background-image":"","background-repeat":"repeat","background-position":"center center","background-size":"auto","background-attachment":"scroll","background-type":"","background-media":"","overlay-type":"","overlay-color":"","overlay-opacity":"","overlay-gradient":""}},"_jetpack_memberships_contains_paid_content":false,"_joinchat":[],"footnotes":""},"categories":[15302,2],"tags":[13708,5607,16618,1125,3041,16616,16617,2075],"class_list":["post-60462","post","type-post","status-publish","format-standard","has-post-thumbnail","hentry","category-destacado","category-villa-maria","tag-agua-potable","tag-convenios","tag-enhosa","tag-martin-gill","tag-nacion","tag-nuevos-pozos","tag-perforaciones-hidrogeologicas","tag-video"],"yoast_head":"<!-- This site is optimized with the Yoast SEO plugin v26.8 - https:\/\/yoast.com\/product\/yoast-seo-wordpress\/ -->\n<title>[Video] - Renovar\u00e1n los pozos para la captaci\u00f3n de agua potable - El Regional<\/title>\n<meta name=\"robots\" content=\"index, follow, max-snippet:-1, max-image-preview:large, max-video-preview:-1\" \/>\n<link rel=\"canonical\" href=\"http:\/\/elregionalvm.com.ar\/noticias-villa-maria\/video-renovaran-los-pozos-para-la-captacion-de-agua-potable\/\" \/>\n<meta property=\"og:locale\" content=\"es_ES\" \/>\n<meta property=\"og:type\" content=\"article\" \/>\n<meta property=\"og:title\" content=\"[Video] - Renovar\u00e1n los pozos para la captaci\u00f3n de agua potable - El Regional\" \/>\n<meta property=\"og:description\" content=\"A los fines de brindar un mejor servicio de agua potable para los vecinos y vecinas de la ciudad, tuvo lugar la firma de la no objeci\u00f3n t\u00e9cnica para el proyecto de perforaciones hidrogeol\u00f3gicas para la ciudad. A tal efecto, el intendente Mart\u00edn Gill, se reuni\u00f3 en Casa Rosada con el jefe de Gabinete de [&hellip;]\" \/>\n<meta property=\"og:url\" content=\"http:\/\/elregionalvm.com.ar\/noticias-villa-maria\/video-renovaran-los-pozos-para-la-captacion-de-agua-potable\/\" \/>\n<meta property=\"og:site_name\" content=\"El Regional\" \/>\n<meta property=\"article:publisher\" content=\"https:\/\/www.facebook.com\/elregionalvm\" \/>\n<meta property=\"article:published_time\" content=\"2022-07-11T22:07:17+00:00\" \/>\n<meta property=\"article:modified_time\" content=\"2022-07-11T22:07:18+00:00\" \/>\n<meta property=\"og:image\" content=\"http:\/\/elregionalvm.com.ar\/noticias-villa-maria\/wp-content\/uploads\/2022\/07\/WhatsApp-Image-2022-07-11-at-2.48.22-PM.jpeg\" \/>\n\t<meta property=\"og:image:width\" content=\"1280\" \/>\n\t<meta property=\"og:image:height\" content=\"848\" \/>\n\t<meta property=\"og:image:type\" content=\"image\/jpeg\" \/>\n<meta name=\"author\" content=\"Contenidos El Regional\" \/>\n<meta name=\"twitter:card\" content=\"summary_large_image\" \/>\n<meta name=\"twitter:creator\" content=\"@elregionalvm1\" \/>\n<meta name=\"twitter:site\" content=\"@elregionalvm1\" \/>\n<meta name=\"twitter:label1\" content=\"Escrito por\" \/>\n\t<meta name=\"twitter:data1\" content=\"Contenidos El Regional\" \/>\n\t<meta name=\"twitter:label2\" content=\"Tiempo de lectura\" \/>\n\t<meta name=\"twitter:data2\" content=\"2 minutos\" \/>\n<script type=\"application\/ld+json\" class=\"yoast-schema-graph\">{\"@context\":\"https:\/\/schema.org\",\"@graph\":[{\"@type\":\"Article\",\"@id\":\"http:\/\/elregionalvm.com.ar\/noticias-villa-maria\/video-renovaran-los-pozos-para-la-captacion-de-agua-potable\/#article\",\"isPartOf\":{\"@id\":\"http:\/\/elregionalvm.com.ar\/noticias-villa-maria\/video-renovaran-los-pozos-para-la-captacion-de-agua-potable\/\"},\"author\":{\"name\":\"Contenidos El Regional\",\"@id\":\"http:\/\/elregionalvm.com.ar\/noticias-villa-maria\/#\/schema\/person\/a0fb9c422317faca23d50163151bc354\"},\"headline\":\"[Video] &#8211; Renovar\u00e1n los pozos para la captaci\u00f3n de agua potable\",\"datePublished\":\"2022-07-11T22:07:17+00:00\",\"dateModified\":\"2022-07-11T22:07:18+00:00\",\"mainEntityOfPage\":{\"@id\":\"http:\/\/elregionalvm.com.ar\/noticias-villa-maria\/video-renovaran-los-pozos-para-la-captacion-de-agua-potable\/\"},\"wordCount\":279,\"commentCount\":0,\"image\":{\"@id\":\"http:\/\/elregionalvm.com.ar\/noticias-villa-maria\/video-renovaran-los-pozos-para-la-captacion-de-agua-potable\/#primaryimage\"},\"thumbnailUrl\":\"https:\/\/i0.wp.com\/elregionalvm.com.ar\/noticias-villa-maria\/wp-content\/uploads\/2022\/07\/WhatsApp-Image-2022-07-11-at-2.48.22-PM.jpeg?fit=1280%2C848&ssl=1\",\"keywords\":[\"agua potable\",\"convenios\",\"Enhosa\",\"mart\u00edn gill\",\"Naci\u00f3n\",\"nuevos pozos\",\"perforaciones hidrogeol\u00f3gicas\",\"video\"],\"articleSection\":[\"destacado\",\"Villa Mar\u00eda\"],\"inLanguage\":\"es\",\"potentialAction\":[{\"@type\":\"CommentAction\",\"name\":\"Comment\",\"target\":[\"http:\/\/elregionalvm.com.ar\/noticias-villa-maria\/video-renovaran-los-pozos-para-la-captacion-de-agua-potable\/#respond\"]}]},{\"@type\":\"WebPage\",\"@id\":\"http:\/\/elregionalvm.com.ar\/noticias-villa-maria\/video-renovaran-los-pozos-para-la-captacion-de-agua-potable\/\",\"url\":\"http:\/\/elregionalvm.com.ar\/noticias-villa-maria\/video-renovaran-los-pozos-para-la-captacion-de-agua-potable\/\",\"name\":\"[Video] - Renovar\u00e1n los pozos para la captaci\u00f3n de agua potable - El Regional\",\"isPartOf\":{\"@id\":\"http:\/\/elregionalvm.com.ar\/noticias-villa-maria\/#website\"},\"primaryImageOfPage\":{\"@id\":\"http:\/\/elregionalvm.com.ar\/noticias-villa-maria\/video-renovaran-los-pozos-para-la-captacion-de-agua-potable\/#primaryimage\"},\"image\":{\"@id\":\"http:\/\/elregionalvm.com.ar\/noticias-villa-maria\/video-renovaran-los-pozos-para-la-captacion-de-agua-potable\/#primaryimage\"},\"thumbnailUrl\":\"https:\/\/i0.wp.com\/elregionalvm.com.ar\/noticias-villa-maria\/wp-content\/uploads\/2022\/07\/WhatsApp-Image-2022-07-11-at-2.48.22-PM.jpeg?fit=1280%2C848&ssl=1\",\"datePublished\":\"2022-07-11T22:07:17+00:00\",\"dateModified\":\"2022-07-11T22:07:18+00:00\",\"author\":{\"@id\":\"http:\/\/elregionalvm.com.ar\/noticias-villa-maria\/#\/schema\/person\/a0fb9c422317faca23d50163151bc354\"},\"breadcrumb\":{\"@id\":\"http:\/\/elregionalvm.com.ar\/noticias-villa-maria\/video-renovaran-los-pozos-para-la-captacion-de-agua-potable\/#breadcrumb\"},\"inLanguage\":\"es\",\"potentialAction\":[{\"@type\":\"ReadAction\",\"target\":[\"http:\/\/elregionalvm.com.ar\/noticias-villa-maria\/video-renovaran-los-pozos-para-la-captacion-de-agua-potable\/\"]}]},{\"@type\":\"ImageObject\",\"inLanguage\":\"es\",\"@id\":\"http:\/\/elregionalvm.com.ar\/noticias-villa-maria\/video-renovaran-los-pozos-para-la-captacion-de-agua-potable\/#primaryimage\",\"url\":\"https:\/\/i0.wp.com\/elregionalvm.com.ar\/noticias-villa-maria\/wp-content\/uploads\/2022\/07\/WhatsApp-Image-2022-07-11-at-2.48.22-PM.jpeg?fit=1280%2C848&ssl=1\",\"contentUrl\":\"https:\/\/i0.wp.com\/elregionalvm.com.ar\/noticias-villa-maria\/wp-content\/uploads\/2022\/07\/WhatsApp-Image-2022-07-11-at-2.48.22-PM.jpeg?fit=1280%2C848&ssl=1\",\"width\":1280,\"height\":848},{\"@type\":\"BreadcrumbList\",\"@id\":\"http:\/\/elregionalvm.com.ar\/noticias-villa-maria\/video-renovaran-los-pozos-para-la-captacion-de-agua-potable\/#breadcrumb\",\"itemListElement\":[{\"@type\":\"ListItem\",\"position\":1,\"name\":\"Portada\",\"item\":\"https:\/\/elregionalvm.com.ar\/noticias-villa-maria\/\"},{\"@type\":\"ListItem\",\"position\":2,\"name\":\"[Video] &#8211; Renovar\u00e1n los pozos para la captaci\u00f3n de agua potable\"}]},{\"@type\":\"WebSite\",\"@id\":\"http:\/\/elregionalvm.com.ar\/noticias-villa-maria\/#website\",\"url\":\"http:\/\/elregionalvm.com.ar\/noticias-villa-maria\/\",\"name\":\"El Regional\",\"description\":\"Mucho m\u00e1s que informaci\u00f3n\",\"potentialAction\":[{\"@type\":\"SearchAction\",\"target\":{\"@type\":\"EntryPoint\",\"urlTemplate\":\"http:\/\/elregionalvm.com.ar\/noticias-villa-maria\/?s={search_term_string}\"},\"query-input\":{\"@type\":\"PropertyValueSpecification\",\"valueRequired\":true,\"valueName\":\"search_term_string\"}}],\"inLanguage\":\"es\"},{\"@type\":\"Person\",\"@id\":\"http:\/\/elregionalvm.com.ar\/noticias-villa-maria\/#\/schema\/person\/a0fb9c422317faca23d50163151bc354\",\"name\":\"Contenidos El Regional\",\"image\":{\"@type\":\"ImageObject\",\"inLanguage\":\"es\",\"@id\":\"http:\/\/elregionalvm.com.ar\/noticias-villa-maria\/#\/schema\/person\/image\/\",\"url\":\"https:\/\/secure.gravatar.com\/avatar\/265b27cb2209af7bb3a1318f03305787d7981a5cc6e6cd08fe5a4ecdf99d4b48?s=96&d=mm&r=g\",\"contentUrl\":\"https:\/\/secure.gravatar.com\/avatar\/265b27cb2209af7bb3a1318f03305787d7981a5cc6e6cd08fe5a4ecdf99d4b48?s=96&d=mm&r=g\",\"caption\":\"Contenidos El Regional\"},\"url\":\"https:\/\/elregionalvm.com.ar\/noticias-villa-maria\/author\/contenido\/\"}]}<\/script>\n<!-- \/ Yoast SEO plugin. -->","yoast_head_json":{"title":"[Video] - Renovar\u00e1n los pozos para la captaci\u00f3n de agua potable - El Regional","robots":{"index":"index","follow":"follow","max-snippet":"max-snippet:-1","max-image-preview":"max-image-preview:large","max-video-preview":"max-video-preview:-1"},"canonical":"http:\/\/elregionalvm.com.ar\/noticias-villa-maria\/video-renovaran-los-pozos-para-la-captacion-de-agua-potable\/","og_locale":"es_ES","og_type":"article","og_title":"[Video] - Renovar\u00e1n los pozos para la captaci\u00f3n de agua potable - El Regional","og_description":"A los fines de brindar un mejor servicio de agua potable para los vecinos y vecinas de la ciudad, tuvo lugar la firma de la no objeci\u00f3n t\u00e9cnica para el proyecto de perforaciones hidrogeol\u00f3gicas para la ciudad. A tal efecto, el intendente Mart\u00edn Gill, se reuni\u00f3 en Casa Rosada con el jefe de Gabinete de [&hellip;]","og_url":"http:\/\/elregionalvm.com.ar\/noticias-villa-maria\/video-renovaran-los-pozos-para-la-captacion-de-agua-potable\/","og_site_name":"El Regional","article_publisher":"https:\/\/www.facebook.com\/elregionalvm","article_published_time":"2022-07-11T22:07:17+00:00","article_modified_time":"2022-07-11T22:07:18+00:00","og_image":[{"width":1280,"height":848,"url":"http:\/\/elregionalvm.com.ar\/noticias-villa-maria\/wp-content\/uploads\/2022\/07\/WhatsApp-Image-2022-07-11-at-2.48.22-PM.jpeg","type":"image\/jpeg"}],"author":"Contenidos El Regional","twitter_card":"summary_large_image","twitter_creator":"@elregionalvm1","twitter_site":"@elregionalvm1","twitter_misc":{"Escrito por":"Contenidos El Regional","Tiempo de lectura":"2 minutos"},"schema":{"@context":"https:\/\/schema.org","@graph":[{"@type":"Article","@id":"http:\/\/elregionalvm.com.ar\/noticias-villa-maria\/video-renovaran-los-pozos-para-la-captacion-de-agua-potable\/#article","isPartOf":{"@id":"http:\/\/elregionalvm.com.ar\/noticias-villa-maria\/video-renovaran-los-pozos-para-la-captacion-de-agua-potable\/"},"author":{"name":"Contenidos El Regional","@id":"http:\/\/elregionalvm.com.ar\/noticias-villa-maria\/#\/schema\/person\/a0fb9c422317faca23d50163151bc354"},"headline":"[Video] &#8211; Renovar\u00e1n los pozos para la captaci\u00f3n de agua potable","datePublished":"2022-07-11T22:07:17+00:00","dateModified":"2022-07-11T22:07:18+00:00","mainEntityOfPage":{"@id":"http:\/\/elregionalvm.com.ar\/noticias-villa-maria\/video-renovaran-los-pozos-para-la-captacion-de-agua-potable\/"},"wordCount":279,"commentCount":0,"image":{"@id":"http:\/\/elregionalvm.com.ar\/noticias-villa-maria\/video-renovaran-los-pozos-para-la-captacion-de-agua-potable\/#primaryimage"},"thumbnailUrl":"https:\/\/i0.wp.com\/elregionalvm.com.ar\/noticias-villa-maria\/wp-content\/uploads\/2022\/07\/WhatsApp-Image-2022-07-11-at-2.48.22-PM.jpeg?fit=1280%2C848&ssl=1","keywords":["agua potable","convenios","Enhosa","mart\u00edn gill","Naci\u00f3n","nuevos pozos","perforaciones hidrogeol\u00f3gicas","video"],"articleSection":["destacado","Villa Mar\u00eda"],"inLanguage":"es","potentialAction":[{"@type":"CommentAction","name":"Comment","target":["http:\/\/elregionalvm.com.ar\/noticias-villa-maria\/video-renovaran-los-pozos-para-la-captacion-de-agua-potable\/#respond"]}]},{"@type":"WebPage","@id":"http:\/\/elregionalvm.com.ar\/noticias-villa-maria\/video-renovaran-los-pozos-para-la-captacion-de-agua-potable\/","url":"http:\/\/elregionalvm.com.ar\/noticias-villa-maria\/video-renovaran-los-pozos-para-la-captacion-de-agua-potable\/","name":"[Video] - Renovar\u00e1n los pozos para la captaci\u00f3n de agua potable - El Regional","isPartOf":{"@id":"http:\/\/elregionalvm.com.ar\/noticias-villa-maria\/#website"},"primaryImageOfPage":{"@id":"http:\/\/elregionalvm.com.ar\/noticias-villa-maria\/video-renovaran-los-pozos-para-la-captacion-de-agua-potable\/#primaryimage"},"image":{"@id":"http:\/\/elregionalvm.com.ar\/noticias-villa-maria\/video-renovaran-los-pozos-para-la-captacion-de-agua-potable\/#primaryimage"},"thumbnailUrl":"https:\/\/i0.wp.com\/elregionalvm.com.ar\/noticias-villa-maria\/wp-content\/uploads\/2022\/07\/WhatsApp-Image-2022-07-11-at-2.48.22-PM.jpeg?fit=1280%2C848&ssl=1","datePublished":"2022-07-11T22:07:17+00:00","dateModified":"2022-07-11T22:07:18+00:00","author":{"@id":"http:\/\/elregionalvm.com.ar\/noticias-villa-maria\/#\/schema\/person\/a0fb9c422317faca23d50163151bc354"},"breadcrumb":{"@id":"http:\/\/elregionalvm.com.ar\/noticias-villa-maria\/video-renovaran-los-pozos-para-la-captacion-de-agua-potable\/#breadcrumb"},"inLanguage":"es","potentialAction":[{"@type":"ReadAction","target":["http:\/\/elregionalvm.com.ar\/noticias-villa-maria\/video-renovaran-los-pozos-para-la-captacion-de-agua-potable\/"]}]},{"@type":"ImageObject","inLanguage":"es","@id":"http:\/\/elregionalvm.com.ar\/noticias-villa-maria\/video-renovaran-los-pozos-para-la-captacion-de-agua-potable\/#primaryimage","url":"https:\/\/i0.wp.com\/elregionalvm.com.ar\/noticias-villa-maria\/wp-content\/uploads\/2022\/07\/WhatsApp-Image-2022-07-11-at-2.48.22-PM.jpeg?fit=1280%2C848&ssl=1","contentUrl":"https:\/\/i0.wp.com\/elregionalvm.com.ar\/noticias-villa-maria\/wp-content\/uploads\/2022\/07\/WhatsApp-Image-2022-07-11-at-2.48.22-PM.jpeg?fit=1280%2C848&ssl=1","width":1280,"height":848},{"@type":"BreadcrumbList","@id":"http:\/\/elregionalvm.com.ar\/noticias-villa-maria\/video-renovaran-los-pozos-para-la-captacion-de-agua-potable\/#breadcrumb","itemListElement":[{"@type":"ListItem","position":1,"name":"Portada","item":"https:\/\/elregionalvm.com.ar\/noticias-villa-maria\/"},{"@type":"ListItem","position":2,"name":"[Video] &#8211; Renovar\u00e1n los pozos para la captaci\u00f3n de agua potable"}]},{"@type":"WebSite","@id":"http:\/\/elregionalvm.com.ar\/noticias-villa-maria\/#website","url":"http:\/\/elregionalvm.com.ar\/noticias-villa-maria\/","name":"El Regional","description":"Mucho m\u00e1s que informaci\u00f3n","potentialAction":[{"@type":"SearchAction","target":{"@type":"EntryPoint","urlTemplate":"http:\/\/elregionalvm.com.ar\/noticias-villa-maria\/?s={search_term_string}"},"query-input":{"@type":"PropertyValueSpecification","valueRequired":true,"valueName":"search_term_string"}}],"inLanguage":"es"},{"@type":"Person","@id":"http:\/\/elregionalvm.com.ar\/noticias-villa-maria\/#\/schema\/person\/a0fb9c422317faca23d50163151bc354","name":"Contenidos El Regional","image":{"@type":"ImageObject","inLanguage":"es","@id":"http:\/\/elregionalvm.com.ar\/noticias-villa-maria\/#\/schema\/person\/image\/","url":"https:\/\/secure.gravatar.com\/avatar\/265b27cb2209af7bb3a1318f03305787d7981a5cc6e6cd08fe5a4ecdf99d4b48?s=96&d=mm&r=g","contentUrl":"https:\/\/secure.gravatar.com\/avatar\/265b27cb2209af7bb3a1318f03305787d7981a5cc6e6cd08fe5a4ecdf99d4b48?s=96&d=mm&r=g","caption":"Contenidos El Regional"},"url":"https:\/\/elregionalvm.com.ar\/noticias-villa-maria\/author\/contenido\/"}]}},"jetpack_featured_media_url":"https:\/\/i0.wp.com\/elregionalvm.com.ar\/noticias-villa-maria\/wp-content\/uploads\/2022\/07\/WhatsApp-Image-2022-07-11-at-2.48.22-PM.jpeg?fit=1280%2C848&ssl=1","jetpack_sharing_enabled":true,"_links":{"self":[{"href":"https:\/\/elregionalvm.com.ar\/noticias-villa-maria\/wp-json\/wp\/v2\/posts\/60462","targetHints":{"allow":["GET"]}}],"collection":[{"href":"https:\/\/elregionalvm.com.ar\/noticias-villa-maria\/wp-json\/wp\/v2\/posts"}],"about":[{"href":"https:\/\/elregionalvm.com.ar\/noticias-villa-maria\/wp-json\/wp\/v2\/types\/post"}],"author":[{"embeddable":true,"href":"https:\/\/elregionalvm.com.ar\/noticias-villa-maria\/wp-json\/wp\/v2\/users\/4"}],"replies":[{"embeddable":true,"href":"https:\/\/elregionalvm.com.ar\/noticias-villa-maria\/wp-json\/wp\/v2\/comments?post=60462"}],"version-history":[{"count":1,"href":"https:\/\/elregionalvm.com.ar\/noticias-villa-maria\/wp-json\/wp\/v2\/posts\/60462\/revisions"}],"predecessor-version":[{"id":60472,"href":"https:\/\/elregionalvm.com.ar\/noticias-villa-maria\/wp-json\/wp\/v2\/posts\/60462\/revisions\/60472"}],"wp:featuredmedia":[{"embeddable":true,"href":"https:\/\/elregionalvm.com.ar\/noticias-villa-maria\/wp-json\/wp\/v2\/media\/60471"}],"wp:attachment":[{"href":"https:\/\/elregionalvm.com.ar\/noticias-villa-maria\/wp-json\/wp\/v2\/media?parent=60462"}],"wp:term":[{"taxonomy":"category","embeddable":true,"href":"https:\/\/elregionalvm.com.ar\/noticias-villa-maria\/wp-json\/wp\/v2\/categories?post=60462"},{"taxonomy":"post_tag","embeddable":true,"href":"https:\/\/elregionalvm.com.ar\/noticias-villa-maria\/wp-json\/wp\/v2\/tags?post=60462"}],"curies":[{"name":"wp","href":"https:\/\/api.w.org\/{rel}","templated":true}]}}